{"id":8425,"date":"2026-09-06T00:45:32","date_gmt":"2026-09-05T22:45:32","guid":{"rendered":"https:\/\/starstory.fr\/blog\/celebrites-et-influence-en-france\/natalie-portman-maman-pour-la-3e-fois-qui-est-tanguy-destable-alias-tepr\/"},"modified":"2026-09-06T00:45:32","modified_gmt":"2026-09-05T22:45:32","slug":"natalie-portman-maman-pour-la-3e-fois-qui-est-tanguy-destable-alias-tepr","status":"publish","type":"post","link":"https:\/\/starstory.fr\/blog\/celebrites-et-influence-en-france\/natalie-portman-maman-pour-la-3e-fois-qui-est-tanguy-destable-alias-tepr\/","title":{"rendered":"Natalie Portman maman pour la 3e fois : qui est Tanguy Destable, alias Tepr ?"},"content":{"rendered":"<p><strong>Natalie Portman, 45 ans, est devenue maman pour la troisi\u00e8me fois : l\u2019actrice a donn\u00e9 naissance \u00e0 son premier enfant avec son compagnon, le musicien \u00e9lectro fran\u00e7ais Tanguy Destable, alias Tepr, une naissance confirm\u00e9e samedi 5 septembre 2026 par plusieurs m\u00e9dias am\u00e9ricains, dont TMZ, E! News et Just Jared.<\/strong> Ni le pr\u00e9nom ni le sexe du b\u00e9b\u00e9 n\u2019ont \u00e9t\u00e9 communiqu\u00e9s. En France, c\u2019est surtout le nom du p\u00e8re qui intrigue : qui est ce Breton discret qui partage la vie de la star oscaris\u00e9e ?<\/p>\n<div class=\"encart-bref\" style=\"background:#f7f3fa;border-left:4px solid #8e44ad;padding:16px 20px;margin:20px 0;border-radius:8px;\">\n<p style=\"margin:0 0 8px;\"><strong>En bref<\/strong><\/p>\n<ul style=\"margin:0;\">\n<li>Natalie Portman, <strong>45 ans<\/strong>, a accueilli son <strong>3e enfant<\/strong>, le premier avec Tanguy Destable, alias Tepr.<\/li>\n<li>Selon TMZ, l\u2019accouchement aurait eu lieu \u00e0 <strong>Paris<\/strong> \u00ab le mois dernier \u00bb, soit en ao\u00fbt ; les autres m\u00e9dias n\u2019ont pr\u00e9cis\u00e9 ni lieu ni date exacte.<\/li>\n<li>Ni le pr\u00e9nom ni le sexe du b\u00e9b\u00e9 n\u2019\u00e9taient annonc\u00e9s au moment de la confirmation, samedi <strong>5 septembre 2026<\/strong>.<\/li>\n<li>Le b\u00e9b\u00e9 rejoint Aleph, <strong>15 ans<\/strong>, et Amalia, <strong>9 ans<\/strong>, n\u00e9s du mariage de l\u2019actrice avec Benjamin Millepied.<\/li>\n<\/ul>\n<\/div>\n<h2>Une naissance confirm\u00e9e le 5 septembre, un flou entretenu sur les d\u00e9tails<\/h2>\n<p>L\u2019information a \u00e9t\u00e9 r\u00e9v\u00e9l\u00e9e samedi 5 septembre 2026 par la presse people am\u00e9ricaine. <a href=\"https:\/\/www.tmz.com\/2026\/09\/05\/natalie-portman-gives-birth-to-third-child\/\" rel=\"nofollow\">TMZ<\/a> affirme que l\u2019actrice a accouch\u00e9 \u00e0 Paris \u00ab le mois dernier \u00bb, donc en ao\u00fbt ; le site pr\u00e9cise que la repr\u00e9sentante de Natalie Portman n\u2019avait pas r\u00e9pondu \u00e0 ses sollicitations. <a href=\"https:\/\/www.eonline.com\/news\/1434968\/natalie-portman-gives-birth-to-baby-no-3-first-with-tanguy-destable\" rel=\"nofollow\">E! News<\/a> et <a href=\"https:\/\/www.justjared.com\/2026\/09\/05\/natalie-portman-gives-birth-to-third-child-her-first-with-partner-tanguy-destable\/\" rel=\"nofollow\">Just Jared<\/a> ont confirm\u00e9 la naissance le m\u00eame jour, sans indiquer ni le lieu ni la date pr\u00e9cise de l\u2019accouchement. Aucune d\u00e9claration officielle du couple n\u2019avait \u00e9t\u00e9 publi\u00e9e au moment de ces confirmations.<\/p>\n<p>Un point fait consensus : <strong>ni le pr\u00e9nom ni le sexe du nouveau-n\u00e9 n\u2019ont \u00e9t\u00e9 d\u00e9voil\u00e9s<\/strong>. Le couple, tr\u00e8s discret depuis le d\u00e9but de sa relation, ne semble pas press\u00e9 de changer de ligne de conduite.<\/p>\n<p>C\u2019est le troisi\u00e8me enfant de l\u2019actrice de <em>Black Swan<\/em>, r\u00e9cemment <a href=\"https:\/\/starstory.fr\/blog\/celebrites-et-influence-en-france\/natalie-portman-legion-honneur-decret-14-juillet-2026\/\">d\u00e9cor\u00e9e de la L\u00e9gion d\u2019honneur en France<\/a>, et son premier avec Tanguy Destable.<\/p>\n<h2>Qui est Tanguy Destable, alias Tepr ?<\/h2>\n<p>Depuis samedi soir, les recherches Google fran\u00e7aises sur \u00ab tanguy destable \u00bb s\u2019envolent : beaucoup d\u00e9couvrent le nom du compagnon de la star. Tanguy Destable, 46 ans, est pourtant loin d\u2019\u00eatre un inconnu dans la musique \u00e9lectronique fran\u00e7aise. Originaire de <strong>Morlaix, dans le Finist\u00e8re<\/strong>, ce Breton officie depuis le d\u00e9but des ann\u00e9es 2000 sous le pseudonyme <a href=\"https:\/\/fr.wikipedia.org\/wiki\/Tepr\" rel=\"nofollow\">Tepr<\/a>, d\u2019abord au sein du groupe Abstrackt Keal Agram, puis en solo.<\/p>\n<p>Le grand public l\u2019a surtout crois\u00e9 sans le savoir en 2007 : c\u2019est lui qui signe le remix du tube de Yelle \u00ab <strong>\u00c0 cause des gar\u00e7ons<\/strong> \u00bb, devenu un classique des dancefloors fran\u00e7ais. Il a ensuite accompagn\u00e9 Yelle sur plusieurs albums et tourn\u00e9es, et remix\u00e9 des artistes comme Calvin Harris, Martin Solveig ou David Guetta. Compositeur, producteur et directeur artistique, il travaille aussi pour le cin\u00e9ma et le jeu vid\u00e9o.<\/p>\n<p>C\u00f4t\u00e9 vie priv\u00e9e, Tanguy Destable est d\u00e9j\u00e0 p\u00e8re de deux gar\u00e7ons, \u00c9tienne, 10 ans, et Vadim, 6 ans, n\u00e9s de sa relation pass\u00e9e avec l\u2019actrice Louise Bourgoin, elle aussi originaire de Bretagne.<\/p>\n<h2>Portman-Destable : la chronologie d\u2019un couple ultra-discret<\/h2>\n<p>La relation entre Natalie Portman et Tanguy Destable a \u00e9t\u00e9 confirm\u00e9e par la presse am\u00e9ricaine en <strong>mars 2025<\/strong>, environ un an apr\u00e8s le divorce de l\u2019actrice d\u2019avec le chor\u00e9graphe Benjamin Millepied. Le couple s\u2019est montr\u00e9 tr\u00e8s rarement en public depuis.<\/p>\n<p>La grossesse a \u00e9t\u00e9 officialis\u00e9e en <strong>avril 2026<\/strong>, dans un entretien de l\u2019actrice au magazine Harper\u2019s Bazaar : Portman s\u2019y disait \u00ab tr\u00e8s enthousiaste \u00bb et \u00ab reconnaissante \u00bb. Quelques jours plus tard, interrog\u00e9 par le quotidien breton Le T\u00e9l\u00e9gramme dans son \u00e9dition du 20 avril, Tanguy Destable sortait de sa r\u00e9serve d\u2019une phrase, rapport\u00e9e par <a href=\"https:\/\/www.purepeople.com\/article\/nathalie-portman-enceinte-son-compagnon-le-musicien-tanguy-destable-sort-de-sa-reserve-et-evoque-lheureux-evenement_a549506\/1\" rel=\"nofollow\">Purepeople<\/a> : \u00ab Nous sommes tr\u00e8s heureux. \u00bb<\/p>\n<p>Mi-ao\u00fbt, quelques semaines avant l\u2019annonce de la naissance, le couple s\u2019\u00e9tait offert une rare sortie publique, film\u00e9e par E! News.<\/p>\n<figure style=\"margin:24px auto;max-width:560px;\">\n<div style=\"position:relative;padding-bottom:56.25%;height:0;max-width:560px;margin:0 auto;\"><iframe src=\"https:\/\/www.youtube-nocookie.com\/embed\/1S6rZEdUPqI\" style=\"position:absolute;top:0;left:0;width:100%;height:100%;border:none;border-radius:12px;\" loading=\"lazy\" title=\"Publication r\u00e9seau social\" allowfullscreen><\/iframe><\/div><figcaption style=\"text-align:center;font-size:13px;color:#666;margin-top:8px;\">Rare sortie publique de Natalie Portman, enceinte, avec Tanguy Destable, mi-ao\u00fbt 2026 (E! News, ~9 000 vues).<\/figcaption><\/figure>\n<h2>Aleph et Amalia, les a\u00een\u00e9s de la famille recompos\u00e9e<\/h2>\n<p>Le nouveau-n\u00e9 rejoint une fratrie d\u00e9j\u00e0 install\u00e9e : <strong>Aleph, 15 ans<\/strong>, et <strong>Amalia, 9 ans<\/strong>, les deux enfants que Natalie Portman a eus avec Benjamin Millepied, rencontr\u00e9 sur le tournage de <em>Black Swan<\/em> et \u00e9pous\u00e9 en 2012. L\u2019actrice, qui vit d\u00e9sormais principalement \u00e0 Paris, a toujours tenu ses enfants \u00e0 l\u2019\u00e9cart des projecteurs \u2014 une discr\u00e9tion que ce troisi\u00e8me b\u00e9b\u00e9, sans pr\u00e9nom public \u00e0 ce jour, semble d\u00e9j\u00e0 appel\u00e9 \u00e0 conna\u00eetre.<\/p>\n<p>Dans le reste de l\u2019actualit\u00e9 people et musique, <a href=\"https:\/\/starstory.fr\/blog\/musique-et-icones-musicales\/patrick-bruel-annule-sa-tournee-dautomne-les-conditions-ne-sont-plus-reunies\/\">Patrick Bruel a annul\u00e9 sa tourn\u00e9e d\u2019automne<\/a>, expliquant que \u00ab les conditions ne sont plus r\u00e9unies \u00bb.<\/p>\n<h2>Questions fr\u00e9quentes<\/h2>\n<details>\n<summary>O\u00f9 et quand le b\u00e9b\u00e9 de Natalie Portman est-il n\u00e9 ?<\/summary>\n<p>Selon TMZ, Natalie Portman aurait accouch\u00e9 \u00e0 Paris en ao\u00fbt 2026. Les autres m\u00e9dias qui ont confirm\u00e9 la naissance le 5 septembre 2026, comme E! News et Just Jared, n\u2019ont pr\u00e9cis\u00e9 ni le lieu ni la date exacte de l\u2019accouchement.<\/p>\n<\/details>\n<details>\n<summary>Qui est Tanguy Destable, le compagnon de Natalie Portman ?<\/summary>\n<p>Tanguy Destable, 46 ans, est un musicien, compositeur et producteur fran\u00e7ais originaire de Morlaix, dans le Finist\u00e8re. Connu sous le pseudonyme Tepr, il s\u2019est fait conna\u00eetre en 2007 avec son remix du titre de Yelle \u00ab \u00c0 cause des gar\u00e7ons \u00bb et a collabor\u00e9 avec Calvin Harris, Martin Solveig ou David Guetta.<\/p>\n<\/details>\n<details>\n<summary>Conna\u00eet-on le pr\u00e9nom et le sexe du b\u00e9b\u00e9 ?<\/summary>\n<p>Non. Au moment de la confirmation de la naissance, le 5 septembre 2026, ni le pr\u00e9nom ni le sexe du b\u00e9b\u00e9 n\u2019avaient \u00e9t\u00e9 communiqu\u00e9s par le couple ou son entourage.<\/p>\n<\/details>\n<div class=\"encart-retenir\" style=\"background:#fdf6ec;border-left:4px solid #e67e22;padding:16px 20px;margin:20px 0;border-radius:8px;\">\n<p style=\"margin:0 0 8px;\"><strong>\u00c0 retenir<\/strong><\/p>\n<p style=\"margin:0;\">Natalie Portman, 45 ans, a donn\u00e9 naissance \u00e0 son troisi\u00e8me enfant, le premier avec le musicien breton Tanguy Destable, alias Tepr. La naissance a \u00e9t\u00e9 confirm\u00e9e le 5 septembre 2026 ; selon TMZ, l\u2019accouchement aurait eu lieu \u00e0 Paris en ao\u00fbt. Pr\u00e9nom et sexe du b\u00e9b\u00e9 restent inconnus, et le remixeur de \u00ab \u00c0 cause des gar\u00e7ons \u00bb d\u00e9couvre la paternit\u00e9 d\u2019un troisi\u00e8me enfant, apr\u00e8s \u00c9tienne et Vadim, n\u00e9s de sa relation avec Louise Bourgoin.<\/p>\n<\/div>\n<p><script type=\"application\/ld+json\">{\"@context\":\"https:\/\/schema.org\",\"@type\":\"FAQPage\",\"mainEntity\":[{\"@type\":\"Question\",\"name\":\"O\u00f9 et quand le b\u00e9b\u00e9 de Natalie Portman est-il n\u00e9 ?\",\"acceptedAnswer\":{\"@type\":\"Answer\",\"text\":\"Selon TMZ, Natalie Portman aurait accouch\u00e9 \u00e0 Paris en ao\u00fbt 2026. Les autres m\u00e9dias qui ont confirm\u00e9 la naissance le 5 septembre 2026, comme E! News et Just Jared, n\u2019ont pr\u00e9cis\u00e9 ni le lieu ni la date exacte de l\u2019accouchement.\"}},{\"@type\":\"Question\",\"name\":\"Qui est Tanguy Destable, le compagnon de Natalie Portman ?\",\"acceptedAnswer\":{\"@type\":\"Answer\",\"text\":\"Tanguy Destable, 46 ans, est un musicien, compositeur et producteur fran\u00e7ais originaire de Morlaix, dans le Finist\u00e8re. Connu sous le pseudonyme Tepr, il s\u2019est fait conna\u00eetre en 2007 avec son remix du titre de Yelle \u00ab \u00c0 cause des gar\u00e7ons \u00bb et a collabor\u00e9 avec Calvin Harris, Martin Solveig ou David Guetta.\"}},{\"@type\":\"Question\",\"name\":\"Conna\u00eet-on le pr\u00e9nom et le sexe du b\u00e9b\u00e9 ?\",\"acceptedAnswer\":{\"@type\":\"Answer\",\"text\":\"Non. Au moment de la confirmation de la naissance, le 5 septembre 2026, ni le pr\u00e9nom ni le sexe du b\u00e9b\u00e9 n\u2019avaient \u00e9t\u00e9 communiqu\u00e9s par le couple ou son entourage.\"}}]}<\/script><\/p>\n","protected":false},"excerpt":{"rendered":"","protected":false},"author":34,"featured_media":8426,"comment_status":"open","ping_status":"open","sticky":false,"template":"","format":"standard","meta":{"_acf_changed":false,"manual_indexmenow":false,"indexmenow_id_project":0,"footnotes":""},"categories":[4524],"tags":[],"class_list":["post-8425","post","type-post","status-publish","format-standard","has-post-thumbnail","hentry","category-celebrites-et-influence-en-france","generate-columns","tablet-grid-50","mobile-grid-100","grid-parent","grid-25"],"acf":[],"yoast_head":"<!-- This site is optimized with the Yoast SEO Premium plugin v21.3 (Yoast SEO v26.5) - https:\/\/yoast.com\/wordpress\/plugins\/seo\/ -->\n<title>Natalie Portman maman : qui est Tanguy Destable (Tepr) ?<\/title>\n<meta name=\"description\" content=\"Natalie Portman a donn\u00e9 naissance \u00e0 son 3e enfant, le premier avec le musicien fran\u00e7ais Tanguy Destable, alias Tepr. Portrait et ce que l&#039;on sait du b\u00e9b\u00e9.\" \/>\n<meta name=\"robots\" content=\"index, follow, max-snippet:-1, max-image-preview:large, max-video-preview:-1\" \/>\n<link rel=\"canonical\" href=\"https:\/\/starstory.fr\/blog\/celebrites-et-influence-en-france\/natalie-portman-maman-pour-la-3e-fois-qui-est-tanguy-destable-alias-tepr\/\" \/>\n<meta property=\"og:locale\" content=\"fr_FR\" \/>\n<meta property=\"og:type\" content=\"article\" \/>\n<meta property=\"og:title\" content=\"Natalie Portman maman : qui est Tanguy Destable (Tepr) ?\" \/>\n<meta property=\"og:description\" content=\"Natalie Portman a donn\u00e9 naissance \u00e0 son 3e enfant, le premier avec le musicien fran\u00e7ais Tanguy Destable, alias Tepr. Portrait et ce que l&#039;on sait du b\u00e9b\u00e9.\" \/>\n<meta property=\"og:url\" content=\"https:\/\/starstory.fr\/blog\/celebrites-et-influence-en-france\/natalie-portman-maman-pour-la-3e-fois-qui-est-tanguy-destable-alias-tepr\/\" \/>\n<meta property=\"og:site_name\" content=\"starstory\" \/>\n<meta property=\"og:image\" content=\"https:\/\/starstory.fr\/blog\/wp-content\/uploads\/2026\/09\/feat_starstory_8425-scaled.jpg\" \/>\n\t<meta property=\"og:image:width\" content=\"1200\" \/>\n\t<meta property=\"og:image:height\" content=\"800\" \/>\n\t<meta property=\"og:image:type\" content=\"image\/jpeg\" \/>\n<meta name=\"author\" content=\"Rapha\u00ebl D.\" \/>\n<meta name=\"twitter:card\" content=\"summary_large_image\" \/>\n<script type=\"application\/ld+json\" class=\"yoast-schema-graph\">{\"@context\":\"https:\/\/schema.org\",\"@graph\":[{\"@type\":\"NewsArticle\",\"@id\":\"https:\/\/starstory.fr\/blog\/celebrites-et-influence-en-france\/natalie-portman-maman-pour-la-3e-fois-qui-est-tanguy-destable-alias-tepr\/#article\",\"isPartOf\":{\"@id\":\"https:\/\/starstory.fr\/blog\/celebrites-et-influence-en-france\/natalie-portman-maman-pour-la-3e-fois-qui-est-tanguy-destable-alias-tepr\/\"},\"author\":{\"name\":\"Rapha\u00ebl D.\",\"@id\":\"https:\/\/starstory.fr\/blog\/#\/schema\/person\/3c864cdc320801e3db34b663e7e3f816\"},\"headline\":\"Natalie Portman maman pour la 3e fois : qui est Tanguy Destable, alias Tepr ?\",\"datePublished\":\"2026-09-05T22:45:32+00:00\",\"mainEntityOfPage\":{\"@id\":\"https:\/\/starstory.fr\/blog\/celebrites-et-influence-en-france\/natalie-portman-maman-pour-la-3e-fois-qui-est-tanguy-destable-alias-tepr\/\"},\"wordCount\":1062,\"commentCount\":0,\"publisher\":{\"@id\":\"https:\/\/starstory.fr\/blog\/#organization\"},\"image\":{\"@id\":\"https:\/\/starstory.fr\/blog\/celebrites-et-influence-en-france\/natalie-portman-maman-pour-la-3e-fois-qui-est-tanguy-destable-alias-tepr\/#primaryimage\"},\"thumbnailUrl\":\"https:\/\/starstory.fr\/blog\/wp-content\/uploads\/2026\/09\/feat_starstory_8425-scaled.jpg\",\"articleSection\":[\"C\u00e9l\u00e9brit\u00e9s et Influence en France\"],\"inLanguage\":\"fr-FR\",\"potentialAction\":[{\"@type\":\"CommentAction\",\"name\":\"Comment\",\"target\":[\"https:\/\/starstory.fr\/blog\/celebrites-et-influence-en-france\/natalie-portman-maman-pour-la-3e-fois-qui-est-tanguy-destable-alias-tepr\/#respond\"]}]},{\"@type\":\"WebPage\",\"@id\":\"https:\/\/starstory.fr\/blog\/celebrites-et-influence-en-france\/natalie-portman-maman-pour-la-3e-fois-qui-est-tanguy-destable-alias-tepr\/\",\"url\":\"https:\/\/starstory.fr\/blog\/celebrites-et-influence-en-france\/natalie-portman-maman-pour-la-3e-fois-qui-est-tanguy-destable-alias-tepr\/\",\"name\":\"Natalie Portman maman : qui est Tanguy Destable (Tepr) ?\",\"isPartOf\":{\"@id\":\"https:\/\/starstory.fr\/blog\/#website\"},\"primaryImageOfPage\":{\"@id\":\"https:\/\/starstory.fr\/blog\/celebrites-et-influence-en-france\/natalie-portman-maman-pour-la-3e-fois-qui-est-tanguy-destable-alias-tepr\/#primaryimage\"},\"image\":{\"@id\":\"https:\/\/starstory.fr\/blog\/celebrites-et-influence-en-france\/natalie-portman-maman-pour-la-3e-fois-qui-est-tanguy-destable-alias-tepr\/#primaryimage\"},\"thumbnailUrl\":\"https:\/\/starstory.fr\/blog\/wp-content\/uploads\/2026\/09\/feat_starstory_8425-scaled.jpg\",\"datePublished\":\"2026-09-05T22:45:32+00:00\",\"description\":\"Natalie Portman a donn\u00e9 naissance \u00e0 son 3e enfant, le premier avec le musicien fran\u00e7ais Tanguy Destable, alias Tepr. Portrait et ce que l'on sait du b\u00e9b\u00e9.\",\"inLanguage\":\"fr-FR\",\"potentialAction\":[{\"@type\":\"ReadAction\",\"target\":[\"https:\/\/starstory.fr\/blog\/celebrites-et-influence-en-france\/natalie-portman-maman-pour-la-3e-fois-qui-est-tanguy-destable-alias-tepr\/\"]}]},{\"@type\":\"ImageObject\",\"inLanguage\":\"fr-FR\",\"@id\":\"https:\/\/starstory.fr\/blog\/celebrites-et-influence-en-france\/natalie-portman-maman-pour-la-3e-fois-qui-est-tanguy-destable-alias-tepr\/#primaryimage\",\"url\":\"https:\/\/starstory.fr\/blog\/wp-content\/uploads\/2026\/09\/feat_starstory_8425-scaled.jpg\",\"contentUrl\":\"https:\/\/starstory.fr\/blog\/wp-content\/uploads\/2026\/09\/feat_starstory_8425-scaled.jpg\",\"width\":1200,\"height\":800,\"caption\":\"Vue de Paris, ou Natalie Portman aurait accouche selon TMZ\"},{\"@type\":\"WebSite\",\"@id\":\"https:\/\/starstory.fr\/blog\/#website\",\"url\":\"https:\/\/starstory.fr\/blog\/\",\"name\":\"StarStory\",\"description\":\"StarStory, les \u00e9toiles racontent leur histoire\",\"publisher\":{\"@id\":\"https:\/\/starstory.fr\/blog\/#organization\"},\"alternateName\":\"StarStory, les \u00e9toiles racontent leur histoire\",\"potentialAction\":[{\"@type\":\"SearchAction\",\"target\":{\"@type\":\"EntryPoint\",\"urlTemplate\":\"https:\/\/starstory.fr\/blog\/?s={search_term_string}\"},\"query-input\":{\"@type\":\"PropertyValueSpecification\",\"valueRequired\":true,\"valueName\":\"search_term_string\"}}],\"inLanguage\":\"fr-FR\"},{\"@type\":\"Organization\",\"@id\":\"https:\/\/starstory.fr\/blog\/#organization\",\"name\":\"StarStory\",\"alternateName\":\"StarStory.fr\",\"url\":\"https:\/\/starstory.fr\/blog\/\",\"logo\":{\"@type\":\"ImageObject\",\"inLanguage\":\"fr-FR\",\"@id\":\"https:\/\/starstory.fr\/blog\/#\/schema\/logo\/image\/\",\"url\":\"https:\/\/starstory.fr\/blog\/wp-content\/uploads\/2024\/12\/38.png\",\"contentUrl\":\"https:\/\/starstory.fr\/blog\/wp-content\/uploads\/2024\/12\/38.png\",\"width\":500,\"height\":500,\"caption\":\"StarStory\"},\"image\":{\"@id\":\"https:\/\/starstory.fr\/blog\/#\/schema\/logo\/image\/\"}},{\"@type\":\"Person\",\"@id\":\"https:\/\/starstory.fr\/blog\/#\/schema\/person\/3c864cdc320801e3db34b663e7e3f816\",\"name\":\"Rapha\u00ebl D.\",\"image\":{\"@type\":\"ImageObject\",\"inLanguage\":\"fr-FR\",\"@id\":\"https:\/\/starstory.fr\/blog\/#\/schema\/person\/image\/\",\"url\":\"https:\/\/starstory.fr\/blog\/wp-content\/uploads\/2026\/06\/persona_raphael-d-96x96.jpg\",\"contentUrl\":\"https:\/\/starstory.fr\/blog\/wp-content\/uploads\/2026\/06\/persona_raphael-d-96x96.jpg\",\"caption\":\"Rapha\u00ebl D.\"},\"description\":\"La culture est mon terrain de jeu depuis une dizaine d'ann\u00e9es : arts visuels, s\u00e9ries, cr\u00e9ation et tout ce qui nourrit l'imaginaire. J'\u00e9cris aussi bien sur l'actualit\u00e9 des \u0153uvres que sur les coulisses de la cr\u00e9ation, avec l'envie de relier l'amateur curieux \u00e0 des univers parfois jug\u00e9s intimidants. J'aime analyser une s\u00e9rie ou une d\u00e9marche artistique sans p\u00e9dantisme, replacer une \u0153uvre dans son contexte et donner des cl\u00e9s de lecture accessibles. Avant de publier, je v\u00e9rifie mes r\u00e9f\u00e9rences, je recoupe les sources et je distingue clairement le fait de mon interpr\u00e9tation subjective. Je crois qu'une critique vaut surtout par les arguments qu'elle expose, pas par la sentence qu'elle rend. Mon angle : transmettre l'envie de d\u00e9couvrir, de regarder autrement et de se forger son propre go\u00fbt. La culture n'appartient pas qu'aux initi\u00e9s, et c'est tout l'enjeu de mon \u00e9criture.\",\"url\":\"https:\/\/starstory.fr\/blog\/auteur\/noname\/\",\"jobTitle\":\"R\u00e9dacteur en chef \u00b7 Culture & Cr\u00e9ation\",\"knowsAbout\":[\"Culture\",\"Cr\u00e9ation\"],\"email\":\"raphael.d@a-l-asso-de-l-art.fr\"}]}<\/script>\n<!-- \/ Yoast SEO Premium plugin. -->","yoast_head_json":{"title":"Natalie Portman maman : qui est Tanguy Destable (Tepr) ?","description":"Natalie Portman a donn\u00e9 naissance \u00e0 son 3e enfant, le premier avec le musicien fran\u00e7ais Tanguy Destable, alias Tepr. Portrait et ce que l'on sait du b\u00e9b\u00e9.","robots":{"index":"index","follow":"follow","max-snippet":"max-snippet:-1","max-image-preview":"max-image-preview:large","max-video-preview":"max-video-preview:-1"},"canonical":"https:\/\/starstory.fr\/blog\/celebrites-et-influence-en-france\/natalie-portman-maman-pour-la-3e-fois-qui-est-tanguy-destable-alias-tepr\/","og_locale":"fr_FR","og_type":"article","og_title":"Natalie Portman maman : qui est Tanguy Destable (Tepr) ?","og_description":"Natalie Portman a donn\u00e9 naissance \u00e0 son 3e enfant, le premier avec le musicien fran\u00e7ais Tanguy Destable, alias Tepr. Portrait et ce que l'on sait du b\u00e9b\u00e9.","og_url":"https:\/\/starstory.fr\/blog\/celebrites-et-influence-en-france\/natalie-portman-maman-pour-la-3e-fois-qui-est-tanguy-destable-alias-tepr\/","og_site_name":"starstory","og_image":[{"width":1200,"height":800,"url":"https:\/\/starstory.fr\/blog\/wp-content\/uploads\/2026\/09\/feat_starstory_8425-scaled.jpg","type":"image\/jpeg"}],"author":"Rapha\u00ebl D.","twitter_card":"summary_large_image","schema":{"@context":"https:\/\/schema.org","@graph":[{"@type":"NewsArticle","@id":"https:\/\/starstory.fr\/blog\/celebrites-et-influence-en-france\/natalie-portman-maman-pour-la-3e-fois-qui-est-tanguy-destable-alias-tepr\/#article","isPartOf":{"@id":"https:\/\/starstory.fr\/blog\/celebrites-et-influence-en-france\/natalie-portman-maman-pour-la-3e-fois-qui-est-tanguy-destable-alias-tepr\/"},"author":{"name":"Rapha\u00ebl D.","@id":"https:\/\/starstory.fr\/blog\/#\/schema\/person\/3c864cdc320801e3db34b663e7e3f816"},"headline":"Natalie Portman maman pour la 3e fois : qui est Tanguy Destable, alias Tepr ?","datePublished":"2026-09-05T22:45:32+00:00","mainEntityOfPage":{"@id":"https:\/\/starstory.fr\/blog\/celebrites-et-influence-en-france\/natalie-portman-maman-pour-la-3e-fois-qui-est-tanguy-destable-alias-tepr\/"},"wordCount":1062,"commentCount":0,"publisher":{"@id":"https:\/\/starstory.fr\/blog\/#organization"},"image":{"@id":"https:\/\/starstory.fr\/blog\/celebrites-et-influence-en-france\/natalie-portman-maman-pour-la-3e-fois-qui-est-tanguy-destable-alias-tepr\/#primaryimage"},"thumbnailUrl":"https:\/\/starstory.fr\/blog\/wp-content\/uploads\/2026\/09\/feat_starstory_8425-scaled.jpg","articleSection":["C\u00e9l\u00e9brit\u00e9s et Influence en France"],"inLanguage":"fr-FR","potentialAction":[{"@type":"CommentAction","name":"Comment","target":["https:\/\/starstory.fr\/blog\/celebrites-et-influence-en-france\/natalie-portman-maman-pour-la-3e-fois-qui-est-tanguy-destable-alias-tepr\/#respond"]}]},{"@type":"WebPage","@id":"https:\/\/starstory.fr\/blog\/celebrites-et-influence-en-france\/natalie-portman-maman-pour-la-3e-fois-qui-est-tanguy-destable-alias-tepr\/","url":"https:\/\/starstory.fr\/blog\/celebrites-et-influence-en-france\/natalie-portman-maman-pour-la-3e-fois-qui-est-tanguy-destable-alias-tepr\/","name":"Natalie Portman maman : qui est Tanguy Destable (Tepr) ?","isPartOf":{"@id":"https:\/\/starstory.fr\/blog\/#website"},"primaryImageOfPage":{"@id":"https:\/\/starstory.fr\/blog\/celebrites-et-influence-en-france\/natalie-portman-maman-pour-la-3e-fois-qui-est-tanguy-destable-alias-tepr\/#primaryimage"},"image":{"@id":"https:\/\/starstory.fr\/blog\/celebrites-et-influence-en-france\/natalie-portman-maman-pour-la-3e-fois-qui-est-tanguy-destable-alias-tepr\/#primaryimage"},"thumbnailUrl":"https:\/\/starstory.fr\/blog\/wp-content\/uploads\/2026\/09\/feat_starstory_8425-scaled.jpg","datePublished":"2026-09-05T22:45:32+00:00","description":"Natalie Portman a donn\u00e9 naissance \u00e0 son 3e enfant, le premier avec le musicien fran\u00e7ais Tanguy Destable, alias Tepr. Portrait et ce que l'on sait du b\u00e9b\u00e9.","inLanguage":"fr-FR","potentialAction":[{"@type":"ReadAction","target":["https:\/\/starstory.fr\/blog\/celebrites-et-influence-en-france\/natalie-portman-maman-pour-la-3e-fois-qui-est-tanguy-destable-alias-tepr\/"]}]},{"@type":"ImageObject","inLanguage":"fr-FR","@id":"https:\/\/starstory.fr\/blog\/celebrites-et-influence-en-france\/natalie-portman-maman-pour-la-3e-fois-qui-est-tanguy-destable-alias-tepr\/#primaryimage","url":"https:\/\/starstory.fr\/blog\/wp-content\/uploads\/2026\/09\/feat_starstory_8425-scaled.jpg","contentUrl":"https:\/\/starstory.fr\/blog\/wp-content\/uploads\/2026\/09\/feat_starstory_8425-scaled.jpg","width":1200,"height":800,"caption":"Vue de Paris, ou Natalie Portman aurait accouche selon TMZ"},{"@type":"WebSite","@id":"https:\/\/starstory.fr\/blog\/#website","url":"https:\/\/starstory.fr\/blog\/","name":"StarStory","description":"StarStory, les \u00e9toiles racontent leur histoire","publisher":{"@id":"https:\/\/starstory.fr\/blog\/#organization"},"alternateName":"StarStory, les \u00e9toiles racontent leur histoire","potentialAction":[{"@type":"SearchAction","target":{"@type":"EntryPoint","urlTemplate":"https:\/\/starstory.fr\/blog\/?s={search_term_string}"},"query-input":{"@type":"PropertyValueSpecification","valueRequired":true,"valueName":"search_term_string"}}],"inLanguage":"fr-FR"},{"@type":"Organization","@id":"https:\/\/starstory.fr\/blog\/#organization","name":"StarStory","alternateName":"StarStory.fr","url":"https:\/\/starstory.fr\/blog\/","logo":{"@type":"ImageObject","inLanguage":"fr-FR","@id":"https:\/\/starstory.fr\/blog\/#\/schema\/logo\/image\/","url":"https:\/\/starstory.fr\/blog\/wp-content\/uploads\/2024\/12\/38.png","contentUrl":"https:\/\/starstory.fr\/blog\/wp-content\/uploads\/2024\/12\/38.png","width":500,"height":500,"caption":"StarStory"},"image":{"@id":"https:\/\/starstory.fr\/blog\/#\/schema\/logo\/image\/"}},{"@type":"Person","@id":"https:\/\/starstory.fr\/blog\/#\/schema\/person\/3c864cdc320801e3db34b663e7e3f816","name":"Rapha\u00ebl D.","image":{"@type":"ImageObject","inLanguage":"fr-FR","@id":"https:\/\/starstory.fr\/blog\/#\/schema\/person\/image\/","url":"https:\/\/starstory.fr\/blog\/wp-content\/uploads\/2026\/06\/persona_raphael-d-96x96.jpg","contentUrl":"https:\/\/starstory.fr\/blog\/wp-content\/uploads\/2026\/06\/persona_raphael-d-96x96.jpg","caption":"Rapha\u00ebl D."},"description":"La culture est mon terrain de jeu depuis une dizaine d'ann\u00e9es : arts visuels, s\u00e9ries, cr\u00e9ation et tout ce qui nourrit l'imaginaire. J'\u00e9cris aussi bien sur l'actualit\u00e9 des \u0153uvres que sur les coulisses de la cr\u00e9ation, avec l'envie de relier l'amateur curieux \u00e0 des univers parfois jug\u00e9s intimidants. J'aime analyser une s\u00e9rie ou une d\u00e9marche artistique sans p\u00e9dantisme, replacer une \u0153uvre dans son contexte et donner des cl\u00e9s de lecture accessibles. Avant de publier, je v\u00e9rifie mes r\u00e9f\u00e9rences, je recoupe les sources et je distingue clairement le fait de mon interpr\u00e9tation subjective. Je crois qu'une critique vaut surtout par les arguments qu'elle expose, pas par la sentence qu'elle rend. Mon angle : transmettre l'envie de d\u00e9couvrir, de regarder autrement et de se forger son propre go\u00fbt. La culture n'appartient pas qu'aux initi\u00e9s, et c'est tout l'enjeu de mon \u00e9criture.","url":"https:\/\/starstory.fr\/blog\/auteur\/noname\/","jobTitle":"R\u00e9dacteur en chef \u00b7 Culture & Cr\u00e9ation","knowsAbout":["Culture","Cr\u00e9ation"],"email":"raphael.d@a-l-asso-de-l-art.fr"}]}},"_links":{"self":[{"href":"https:\/\/starstory.fr\/blog\/wp-json\/wp\/v2\/posts\/8425","targetHints":{"allow":["GET"]}}],"collection":[{"href":"https:\/\/starstory.fr\/blog\/wp-json\/wp\/v2\/posts"}],"about":[{"href":"https:\/\/starstory.fr\/blog\/wp-json\/wp\/v2\/types\/post"}],"author":[{"embeddable":true,"href":"https:\/\/starstory.fr\/blog\/wp-json\/wp\/v2\/users\/34"}],"replies":[{"embeddable":true,"href":"https:\/\/starstory.fr\/blog\/wp-json\/wp\/v2\/comments?post=8425"}],"version-history":[{"count":0,"href":"https:\/\/starstory.fr\/blog\/wp-json\/wp\/v2\/posts\/8425\/revisions"}],"wp:featuredmedia":[{"embeddable":true,"href":"https:\/\/starstory.fr\/blog\/wp-json\/wp\/v2\/media\/8426"}],"wp:attachment":[{"href":"https:\/\/starstory.fr\/blog\/wp-json\/wp\/v2\/media?parent=8425"}],"wp:term":[{"taxonomy":"category","embeddable":true,"href":"https:\/\/starstory.fr\/blog\/wp-json\/wp\/v2\/categories?post=8425"},{"taxonomy":"post_tag","embeddable":true,"href":"https:\/\/starstory.fr\/blog\/wp-json\/wp\/v2\/tags?post=8425"}],"curies":[{"name":"wp","href":"https:\/\/api.w.org\/{rel}","templated":true}]}}