{"id":8423,"date":"2026-09-05T23:57:34","date_gmt":"2026-09-05T21:57:34","guid":{"rendered":"https:\/\/starstory.fr\/blog\/cinema-et-television\/star-academy-qui-va-remplacer-michael-goldman-les-indices-de-nikos-aliagas\/"},"modified":"2026-09-05T23:57:34","modified_gmt":"2026-09-05T21:57:34","slug":"star-academy-qui-va-remplacer-michael-goldman-les-indices-de-nikos-aliagas","status":"publish","type":"post","link":"https:\/\/starstory.fr\/blog\/cinema-et-television\/star-academy-qui-va-remplacer-michael-goldman-les-indices-de-nikos-aliagas\/","title":{"rendered":"Star Academy : qui va remplacer Michael Goldman ? Les indices de Nikos Aliagas"},"content":{"rendered":"<p><strong>Le nom du nouveau directeur de la Star Academy n&rsquo;a pas encore \u00e9t\u00e9 annonc\u00e9, mais Nikos Aliagas a confirm\u00e9 le conna\u00eetre et a livr\u00e9 trois indices : c&rsquo;est un homme, \u00ab tr\u00e8s concern\u00e9 par la musique \u00bb, qui conna\u00eet bien l&rsquo;\u00e9mission \u2014 et qui le conna\u00eet bien, lui.<\/strong> \u00c0 quelques semaines du lancement de la saison 14, attendu courant octobre 2026 sur TF1, TF1 et Endemol n&rsquo;ont toujours rien officialis\u00e9.<\/p>\n<div class=\"ss-encart ss-enbref\">\n<p><strong>En bref<\/strong><\/p>\n<ul>\n<li>Michael Goldman, fils de Jean-Jacques Goldman, quitte la direction apr\u00e8s <strong>quatre saisons<\/strong>, un poste qu&rsquo;il occupait depuis le retour de l&rsquo;\u00e9mission sur TF1 en <strong>2022<\/strong>.<\/li>\n<li>Nikos Aliagas, dans le podcast <em>Censur\u00e9s<\/em> : \u00ab Je connais l&rsquo;identit\u00e9 du nouveau directeur [\u2026] je n&rsquo;ai pas encore le droit de dire qui c&rsquo;est \u00bb.<\/li>\n<li>Quentin Mosimann a <strong>d\u00e9menti<\/strong> d\u00e8s le 24 juin sur France Inter ; Laurent Ruquier se dit int\u00e9ress\u00e9\u2026 mais indisponible cette saison.<\/li>\n<li>Le grand m\u00e9nage ne s&rsquo;arr\u00eate pas l\u00e0 : Marl\u00e8ne Schaff et la r\u00e9p\u00e9titrice Lucie Bernardoni quittent aussi le ch\u00e2teau.<\/li>\n<\/ul>\n<\/div>\n<h2>Le ch\u00e2teau de Dammarie-les-Lys change de patron<\/h2>\n<p>Directeur de la Star Academy depuis la relance de l&rsquo;\u00e9mission sur TF1 en 2022, <strong>Michael Goldman<\/strong> a confirm\u00e9 son d\u00e9part apr\u00e8s quatre saisons \u00e0 la t\u00eate du ch\u00e2teau de Dammarie-les-Lys. La saison 14, attendue <strong>courant octobre 2026<\/strong>, accueillera donc une nouvelle promotion\u2026 et un nouveau visage pour diriger les \u00e9l\u00e8ves, apr\u00e8s <a href=\"https:\/\/starstory.fr\/blog\/celebrites-et-influence-en-france\/star-academy-ambre-gagnante-de-la-saison-13-et-le-star-ac-tour-2026\/\">le sacre d&rsquo;Ambre lors de la saison 13<\/a>.<\/p>\n<p>Le d\u00e9part du fils de Jean-Jacques Goldman n&rsquo;est pas le seul : <strong>Marl\u00e8ne Schaff<\/strong> ne fera pas partie de la nouvelle saison \u2014 elle a expliqu\u00e9 que les messages de haine re\u00e7us en ligne ont pes\u00e9 dans sa d\u00e9cision (\u00ab Je n&rsquo;ai pas accept\u00e9 ce poste pour souffrir \u00bb, propos rapport\u00e9s par M Radio et Paris Match Belgique) \u2014 et la r\u00e9p\u00e9titrice <strong>Lucie Bernardoni<\/strong> a officialis\u00e9 le 3 septembre son d\u00e9part, elle aussi apr\u00e8s quatre saisons. C&rsquo;est donc une \u00e9quipe p\u00e9dagogique largement renouvel\u00e9e qui attend la promo 2026.<\/p>\n<h2>Les indices de Nikos Aliagas : un homme, la musique, et une vieille connaissance<\/h2>\n<p>C&rsquo;est l&rsquo;animateur historique du programme qui en a dit le plus. Interrog\u00e9 dans le podcast <em>Censur\u00e9s<\/em> de David Barbet, dont les propos ont \u00e9t\u00e9 relay\u00e9s le 4 septembre, <strong>Nikos Aliagas<\/strong> a confirm\u00e9 que le choix \u00e9tait fait :<\/p>\n<blockquote>\n<p>\u00ab Je connais l&rsquo;identit\u00e9 du nouveau directeur. Je lui ai m\u00eame parl\u00e9, mais je n&rsquo;ai pas encore le droit de dire qui c&rsquo;est. [\u2026] Je suis tr\u00e8s content du choix, je peux vous dire que c&rsquo;est un homme. C&rsquo;est un gar\u00e7on qui est tr\u00e8s concern\u00e9 par la musique et qui conna\u00eet bien l&rsquo;\u00e9mission. Il me conna\u00eet bien aussi. \u00bb<\/p>\n<\/blockquote>\n<p>Trois indices, donc : un <strong>homme<\/strong>, un profil <strong>ancr\u00e9 dans la musique<\/strong>, et quelqu&rsquo;un de <strong>familier de la Star Academy<\/strong> comme de son pr\u00e9sentateur. De quoi relancer toutes les sp\u00e9culations \u2014 d&rsquo;autant que le pic de recherches autour de Nikos ce week-end montre que le sujet passionne bien au-del\u00e0 des fid\u00e8les du ch\u00e2teau.<\/p>\n<h2>Mosimann, Ruquier, Ycare\u2026 l&rsquo;\u00e9tat r\u00e9el des pistes<\/h2>\n<p>Le nom qui revenait avec le plus d&rsquo;insistance \u00e9tait celui de <strong>Quentin Mosimann<\/strong>, vainqueur de la saison 7 en 2008 devenu DJ et producteur : Le Parisien \u00e9voquait d\u00e9but juin des contacts pris par la production. Mais l&rsquo;int\u00e9ress\u00e9 a ferm\u00e9 la porte d\u00e8s le 24 juin, au micro de France Inter : <em>\u00ab Mais pas du tout ! Je trouve \u00e7a fou. Les gens se sont emball\u00e9s sur ce truc-l\u00e0 \u00bb<\/em>. Un retour d&rsquo;ancien \u00e9l\u00e8ve au ch\u00e2teau aurait pourtant eu de l&rsquo;allure \u2014 on vous racontait justement <a href=\"https:\/\/starstory.fr\/blog\/celebrites-et-influence-en-france\/star-academy-que-sont-devenus-les-anciens-eleves-les-plus-marquants\/\">ce que sont devenus les anciens \u00e9l\u00e8ves les plus marquants<\/a>.<\/p>\n<p><strong>Laurent Ruquier<\/strong>, lui, ne s&rsquo;est pas cach\u00e9 : \u00ab C&rsquo;est le genre de travail qui m&rsquo;aurait plu\u2026 Mais peut-\u00eatre les ann\u00e9es suivantes. C&rsquo;est quelque chose qui me plairait \u00bb, a-t-il confi\u00e9 \u00e0 T\u00e9l\u00e9pro. Engag\u00e9 cette saison au th\u00e9\u00e2tre dans <em>Chante et tais-toi<\/em> avec Vincent Niclo \u00e0 la Com\u00e9die des Champs-\u00c9lys\u00e9es, il s&rsquo;est mis lui-m\u00eame hors course pour 2026. Restent les noms d&rsquo;<strong>Ycare<\/strong> et de <strong>Maud Brooke<\/strong>, cit\u00e9s par Le Parisien d\u00e9but juin \u2014 de simples pistes de presse, jamais confirm\u00e9es par TF1 ni Endemol.<\/p>\n<p>Le poste de <strong>professeur de th\u00e9\u00e2tre<\/strong> est lui aussi \u00e0 pourvoir, et l\u00e0 encore un nom a circul\u00e9 pour rien : <strong>Jarry<\/strong> a d\u00e9menti le 24 ao\u00fbt sur Instagram (\u00ab je ne serai pas le nouveau prof de th\u00e9\u00e2tre de la Star Academy \u00bb), n&rsquo;excluant qu&rsquo;une \u00e9ventuelle masterclass. C\u00f4t\u00e9 parrainage enfin, la piste d&rsquo;une <strong>C\u00e9line Dion marraine<\/strong> de la promo a \u00e9t\u00e9 \u00e9cart\u00e9e par la presse (Gala, T\u00e9l\u00e9-Loisirs), tandis que <strong>Vianney<\/strong> serait pressenti comme parrain \u2014 au conditionnel, rien n&rsquo;\u00e9tant officialis\u00e9.<\/p>\n<h2>D\u00e9parts, d\u00e9mentis, pistes : le tableau r\u00e9capitulatif<\/h2>\n<table>\n<tr>\n<th>Nom<\/th>\n<th>R\u00f4le<\/th>\n<th>Situation pour la saison 14<\/th>\n<\/tr>\n<tr>\n<td><strong>Michael Goldman<\/strong><\/td>\n<td>Directeur depuis 2022<\/td>\n<td>D\u00e9part confirm\u00e9 apr\u00e8s 4 saisons<\/td>\n<\/tr>\n<tr>\n<td>Marl\u00e8ne Schaff<\/td>\n<td>\u00c9quipe p\u00e9dagogique<\/td>\n<td>D\u00e9part officialis\u00e9 (messages de haine \u00e9voqu\u00e9s)<\/td>\n<\/tr>\n<tr>\n<td>Lucie Bernardoni<\/td>\n<td>R\u00e9p\u00e9titrice<\/td>\n<td>D\u00e9part officialis\u00e9 le 3 septembre, apr\u00e8s 4 saisons<\/td>\n<\/tr>\n<tr>\n<td>Quentin Mosimann<\/td>\n<td>Vainqueur saison 7 (2008), DJ<\/td>\n<td>A d\u00e9menti le 24 juin sur France Inter<\/td>\n<\/tr>\n<tr>\n<td>Laurent Ruquier<\/td>\n<td>Animateur<\/td>\n<td>Int\u00e9ress\u00e9 \u00ab les ann\u00e9es suivantes \u00bb, indisponible cette saison<\/td>\n<\/tr>\n<tr>\n<td>Ycare, Maud Brooke<\/td>\n<td>Cit\u00e9s par Le Parisien<\/td>\n<td>Pistes de presse, aucune confirmation<\/td>\n<\/tr>\n<tr>\n<td>Jarry<\/td>\n<td>Pressenti prof de th\u00e9\u00e2tre<\/td>\n<td>A d\u00e9menti le 24 ao\u00fbt sur Instagram<\/td>\n<\/tr>\n<tr>\n<td>Vianney<\/td>\n<td>Pressenti parrain<\/td>\n<td>Non officialis\u00e9, au conditionnel<\/td>\n<\/tr>\n<tr>\n<td>C\u00e9line Dion<\/td>\n<td>\u00c9voqu\u00e9e comme marraine<\/td>\n<td>Piste \u00e9cart\u00e9e selon Gala et T\u00e9l\u00e9-Loisirs<\/td>\n<\/tr>\n<\/table>\n<h2>Ce qu&rsquo;il faut surveiller maintenant<\/h2>\n<p>Avec un lancement attendu courant octobre, l&rsquo;annonce officielle du nouveau directeur ne devrait plus tarder : TF1 et Endemol gardent le nom pour eux, et les d\u00e9clarations de Nikos ressemblent \u00e0 un teasing parfaitement assum\u00e9. Le jour venu, il suffira de superposer le nom au portrait-robot \u2014 un homme, tr\u00e8s concern\u00e9 par la musique, familier de l&rsquo;\u00e9mission et proche de Nikos \u2014 pour v\u00e9rifier si l&rsquo;animateur avait bien balis\u00e9 le terrain.<\/p>\n<div class=\"ss-encart ss-aretenir\">\n<p><strong>\u00c0 retenir<\/strong><\/p>\n<ul>\n<li>Le successeur de Michael Goldman est <strong>choisi mais pas annonc\u00e9<\/strong> ; Nikos Aliagas le conna\u00eet et s&rsquo;en dit \u00ab tr\u00e8s content \u00bb.<\/li>\n<li>Mosimann et Jarry ont <strong>d\u00e9menti<\/strong>, Ruquier s&rsquo;est d\u00e9clar\u00e9 indisponible cette saison, C\u00e9line Dion ne sera pas marraine.<\/li>\n<li>La saison 14 est attendue <strong>courant octobre 2026<\/strong>, avec une \u00e9quipe p\u00e9dagogique largement renouvel\u00e9e.<\/li>\n<\/ul>\n<\/div>\n<h2>FAQ<\/h2>\n<details>\n<summary>Qui va remplacer Michael Goldman \u00e0 la direction de la Star Academy ?<\/summary>\n<p>Le nom n&rsquo;a pas \u00e9t\u00e9 annonc\u00e9 officiellement par TF1 ni Endemol. Nikos Aliagas affirme conna\u00eetre l&rsquo;identit\u00e9 du nouveau directeur mais dit ne \u00ab pas encore avoir le droit \u00bb de la d\u00e9voiler.<\/p>\n<\/details>\n<details>\n<summary>Quels indices Nikos Aliagas a-t-il donn\u00e9s sur le nouveau directeur ?<\/summary>\n<p>Dans le podcast Censur\u00e9s, il d\u00e9crit un homme \u00ab tr\u00e8s concern\u00e9 par la musique \u00bb, qui \u00ab conna\u00eet bien l&rsquo;\u00e9mission \u00bb et qui le conna\u00eet bien personnellement. Ce sont les seuls \u00e9l\u00e9ments confirm\u00e9s \u00e0 ce jour.<\/p>\n<\/details>\n<details>\n<summary>Quentin Mosimann sera-t-il le nouveau directeur ?<\/summary>\n<p>Non selon l&rsquo;int\u00e9ress\u00e9 : le vainqueur de la saison 7, dont le nom circulait avec insistance, a d\u00e9menti le 24 juin 2026 sur France Inter (\u00ab Mais pas du tout ! Je trouve \u00e7a fou \u00bb).<\/p>\n<\/details>\n<p><script type=\"application\/ld+json\">{\"@context\":\"https:\/\/schema.org\",\"@type\":\"FAQPage\",\"mainEntity\":[{\"@type\":\"Question\",\"name\":\"Qui va remplacer Michael Goldman \u00e0 la direction de la Star Academy ?\",\"acceptedAnswer\":{\"@type\":\"Answer\",\"text\":\"Le nom n'a pas \u00e9t\u00e9 annonc\u00e9 officiellement par TF1 ni Endemol. Nikos Aliagas affirme conna\u00eetre l'identit\u00e9 du nouveau directeur mais dit ne \u00ab pas encore avoir le droit \u00bb de la d\u00e9voiler.\"}},{\"@type\":\"Question\",\"name\":\"Quels indices Nikos Aliagas a-t-il donn\u00e9s sur le nouveau directeur ?\",\"acceptedAnswer\":{\"@type\":\"Answer\",\"text\":\"Dans le podcast Censur\u00e9s, il d\u00e9crit un homme \u00ab tr\u00e8s concern\u00e9 par la musique \u00bb, qui \u00ab conna\u00eet bien l'\u00e9mission \u00bb et qui le conna\u00eet bien personnellement. Ce sont les seuls \u00e9l\u00e9ments confirm\u00e9s \u00e0 ce jour.\"}},{\"@type\":\"Question\",\"name\":\"Quentin Mosimann sera-t-il le nouveau directeur ?\",\"acceptedAnswer\":{\"@type\":\"Answer\",\"text\":\"Non selon l'int\u00e9ress\u00e9 : le vainqueur de la saison 7, dont le nom circulait avec insistance, a d\u00e9menti le 24 juin 2026 sur France Inter.\"}}]}<\/script><\/p>\n<p class=\"ss-sources\"><em>Sources : <a href=\"https:\/\/www.parismatch.be\/culture\/medias\/2026\/09\/04\/nikos-aliagas-en-dit-plus-sur-le-nouveau-directeur-de-la-star-academy-je-suis-tres-content-du-choix-BGEQQILY4ZDZDJH334NGLV37AI\/\" rel=\"nofollow\">Paris Match Belgique (04\/09\/2026)<\/a>, <a href=\"https:\/\/mradio.fr\/news\/coulisses\/57467\/star-academy-nikos-seme-des-indices-sur-le-remplacant-de-michael-goldman\" rel=\"nofollow\">M Radio (05\/09\/2026)<\/a>, <a href=\"https:\/\/www.allocine.fr\/tvactu\/articles\/article-1000220563.html\" rel=\"nofollow\">AlloCin\u00e9 (05\/09\/2026)<\/a>, <a href=\"https:\/\/www.ozap.com\/actu\/mais-pas-du-tout-mosimann-dement-etre-le-nouveau-directeur-de-la-star-academy-sur-tf1\/655739\" rel=\"nofollow\">Purem\u00e9dias (24\/06\/2026)<\/a>.<\/em><\/p>\n","protected":false},"excerpt":{"rendered":"","protected":false},"author":34,"featured_media":8424,"comment_status":"open","ping_status":"open","sticky":false,"template":"","format":"standard","meta":{"_acf_changed":false,"manual_indexmenow":false,"indexmenow_id_project":0,"footnotes":""},"categories":[4521],"tags":[],"class_list":["post-8423","post","type-post","status-publish","format-standard","has-post-thumbnail","hentry","category-cinema-et-television","generate-columns","tablet-grid-50","mobile-grid-100","grid-parent","grid-25"],"acf":[],"yoast_head":"<!-- This site is optimized with the Yoast SEO Premium plugin v21.3 (Yoast SEO v26.5) - https:\/\/yoast.com\/wordpress\/plugins\/seo\/ -->\n<title>Star Academy : qui remplacera Goldman ? Les indices de Nikos<\/title>\n<meta name=\"description\" content=\"Nikos Aliagas conna\u00eet le successeur de Michael Goldman : un homme, tr\u00e8s concern\u00e9 par la musique, qui conna\u00eet bien l&#039;\u00e9mission. Mosimann, lui, a d\u00e9menti.\" \/>\n<meta name=\"robots\" content=\"index, follow, max-snippet:-1, max-image-preview:large, max-video-preview:-1\" \/>\n<link rel=\"canonical\" href=\"https:\/\/starstory.fr\/blog\/cinema-et-television\/star-academy-qui-va-remplacer-michael-goldman-les-indices-de-nikos-aliagas\/\" \/>\n<meta property=\"og:locale\" content=\"fr_FR\" \/>\n<meta property=\"og:type\" content=\"article\" \/>\n<meta property=\"og:title\" content=\"Star Academy : qui remplacera Goldman ? Les indices de Nikos\" \/>\n<meta property=\"og:description\" content=\"Nikos Aliagas conna\u00eet le successeur de Michael Goldman : un homme, tr\u00e8s concern\u00e9 par la musique, qui conna\u00eet bien l&#039;\u00e9mission. Mosimann, lui, a d\u00e9menti.\" \/>\n<meta property=\"og:url\" content=\"https:\/\/starstory.fr\/blog\/cinema-et-television\/star-academy-qui-va-remplacer-michael-goldman-les-indices-de-nikos-aliagas\/\" \/>\n<meta property=\"og:site_name\" content=\"starstory\" \/>\n<meta name=\"author\" content=\"Rapha\u00ebl D.\" \/>\n<meta name=\"twitter:card\" content=\"summary_large_image\" \/>\n<script type=\"application\/ld+json\" class=\"yoast-schema-graph\">{\"@context\":\"https:\/\/schema.org\",\"@graph\":[{\"@type\":\"NewsArticle\",\"@id\":\"https:\/\/starstory.fr\/blog\/cinema-et-television\/star-academy-qui-va-remplacer-michael-goldman-les-indices-de-nikos-aliagas\/#article\",\"isPartOf\":{\"@id\":\"https:\/\/starstory.fr\/blog\/cinema-et-television\/star-academy-qui-va-remplacer-michael-goldman-les-indices-de-nikos-aliagas\/\"},\"author\":{\"name\":\"Rapha\u00ebl D.\",\"@id\":\"https:\/\/starstory.fr\/blog\/#\/schema\/person\/3c864cdc320801e3db34b663e7e3f816\"},\"headline\":\"Star Academy : qui va remplacer Michael Goldman ? Les indices de Nikos Aliagas\",\"datePublished\":\"2026-09-05T21:57:34+00:00\",\"mainEntityOfPage\":{\"@id\":\"https:\/\/starstory.fr\/blog\/cinema-et-television\/star-academy-qui-va-remplacer-michael-goldman-les-indices-de-nikos-aliagas\/\"},\"wordCount\":1227,\"commentCount\":0,\"publisher\":{\"@id\":\"https:\/\/starstory.fr\/blog\/#organization\"},\"image\":{\"@id\":\"https:\/\/starstory.fr\/blog\/cinema-et-television\/star-academy-qui-va-remplacer-michael-goldman-les-indices-de-nikos-aliagas\/#primaryimage\"},\"thumbnailUrl\":\"https:\/\/starstory.fr\/blog\/wp-content\/uploads\/2026\/09\/pf8423-scaled.jpg\",\"articleSection\":[\"Cin\u00e9ma et T\u00e9l\u00e9vision\"],\"inLanguage\":\"fr-FR\",\"potentialAction\":[{\"@type\":\"CommentAction\",\"name\":\"Comment\",\"target\":[\"https:\/\/starstory.fr\/blog\/cinema-et-television\/star-academy-qui-va-remplacer-michael-goldman-les-indices-de-nikos-aliagas\/#respond\"]}]},{\"@type\":\"WebPage\",\"@id\":\"https:\/\/starstory.fr\/blog\/cinema-et-television\/star-academy-qui-va-remplacer-michael-goldman-les-indices-de-nikos-aliagas\/\",\"url\":\"https:\/\/starstory.fr\/blog\/cinema-et-television\/star-academy-qui-va-remplacer-michael-goldman-les-indices-de-nikos-aliagas\/\",\"name\":\"Star Academy : qui remplacera Goldman ? Les indices de Nikos\",\"isPartOf\":{\"@id\":\"https:\/\/starstory.fr\/blog\/#website\"},\"primaryImageOfPage\":{\"@id\":\"https:\/\/starstory.fr\/blog\/cinema-et-television\/star-academy-qui-va-remplacer-michael-goldman-les-indices-de-nikos-aliagas\/#primaryimage\"},\"image\":{\"@id\":\"https:\/\/starstory.fr\/blog\/cinema-et-television\/star-academy-qui-va-remplacer-michael-goldman-les-indices-de-nikos-aliagas\/#primaryimage\"},\"thumbnailUrl\":\"https:\/\/starstory.fr\/blog\/wp-content\/uploads\/2026\/09\/pf8423-scaled.jpg\",\"datePublished\":\"2026-09-05T21:57:34+00:00\",\"description\":\"Nikos Aliagas conna\u00eet le successeur de Michael Goldman : un homme, tr\u00e8s concern\u00e9 par la musique, qui conna\u00eet bien l'\u00e9mission. Mosimann, lui, a d\u00e9menti.\",\"inLanguage\":\"fr-FR\",\"potentialAction\":[{\"@type\":\"ReadAction\",\"target\":[\"https:\/\/starstory.fr\/blog\/cinema-et-television\/star-academy-qui-va-remplacer-michael-goldman-les-indices-de-nikos-aliagas\/\"]}]},{\"@type\":\"ImageObject\",\"inLanguage\":\"fr-FR\",\"@id\":\"https:\/\/starstory.fr\/blog\/cinema-et-television\/star-academy-qui-va-remplacer-michael-goldman-les-indices-de-nikos-aliagas\/#primaryimage\",\"url\":\"https:\/\/starstory.fr\/blog\/wp-content\/uploads\/2026\/09\/pf8423-scaled.jpg\",\"contentUrl\":\"https:\/\/starstory.fr\/blog\/wp-content\/uploads\/2026\/09\/pf8423-scaled.jpg\",\"width\":1200,\"height\":800},{\"@type\":\"WebSite\",\"@id\":\"https:\/\/starstory.fr\/blog\/#website\",\"url\":\"https:\/\/starstory.fr\/blog\/\",\"name\":\"StarStory\",\"description\":\"StarStory, les \u00e9toiles racontent leur histoire\",\"publisher\":{\"@id\":\"https:\/\/starstory.fr\/blog\/#organization\"},\"alternateName\":\"StarStory, les \u00e9toiles racontent leur histoire\",\"potentialAction\":[{\"@type\":\"SearchAction\",\"target\":{\"@type\":\"EntryPoint\",\"urlTemplate\":\"https:\/\/starstory.fr\/blog\/?s={search_term_string}\"},\"query-input\":{\"@type\":\"PropertyValueSpecification\",\"valueRequired\":true,\"valueName\":\"search_term_string\"}}],\"inLanguage\":\"fr-FR\"},{\"@type\":\"Organization\",\"@id\":\"https:\/\/starstory.fr\/blog\/#organization\",\"name\":\"StarStory\",\"alternateName\":\"StarStory.fr\",\"url\":\"https:\/\/starstory.fr\/blog\/\",\"logo\":{\"@type\":\"ImageObject\",\"inLanguage\":\"fr-FR\",\"@id\":\"https:\/\/starstory.fr\/blog\/#\/schema\/logo\/image\/\",\"url\":\"https:\/\/starstory.fr\/blog\/wp-content\/uploads\/2024\/12\/38.png\",\"contentUrl\":\"https:\/\/starstory.fr\/blog\/wp-content\/uploads\/2024\/12\/38.png\",\"width\":500,\"height\":500,\"caption\":\"StarStory\"},\"image\":{\"@id\":\"https:\/\/starstory.fr\/blog\/#\/schema\/logo\/image\/\"}},{\"@type\":\"Person\",\"@id\":\"https:\/\/starstory.fr\/blog\/#\/schema\/person\/3c864cdc320801e3db34b663e7e3f816\",\"name\":\"Rapha\u00ebl D.\",\"image\":{\"@type\":\"ImageObject\",\"inLanguage\":\"fr-FR\",\"@id\":\"https:\/\/starstory.fr\/blog\/#\/schema\/person\/image\/\",\"url\":\"https:\/\/starstory.fr\/blog\/wp-content\/uploads\/2026\/06\/persona_raphael-d-96x96.jpg\",\"contentUrl\":\"https:\/\/starstory.fr\/blog\/wp-content\/uploads\/2026\/06\/persona_raphael-d-96x96.jpg\",\"caption\":\"Rapha\u00ebl D.\"},\"description\":\"La culture est mon terrain de jeu depuis une dizaine d'ann\u00e9es : arts visuels, s\u00e9ries, cr\u00e9ation et tout ce qui nourrit l'imaginaire. J'\u00e9cris aussi bien sur l'actualit\u00e9 des \u0153uvres que sur les coulisses de la cr\u00e9ation, avec l'envie de relier l'amateur curieux \u00e0 des univers parfois jug\u00e9s intimidants. J'aime analyser une s\u00e9rie ou une d\u00e9marche artistique sans p\u00e9dantisme, replacer une \u0153uvre dans son contexte et donner des cl\u00e9s de lecture accessibles. Avant de publier, je v\u00e9rifie mes r\u00e9f\u00e9rences, je recoupe les sources et je distingue clairement le fait de mon interpr\u00e9tation subjective. Je crois qu'une critique vaut surtout par les arguments qu'elle expose, pas par la sentence qu'elle rend. Mon angle : transmettre l'envie de d\u00e9couvrir, de regarder autrement et de se forger son propre go\u00fbt. La culture n'appartient pas qu'aux initi\u00e9s, et c'est tout l'enjeu de mon \u00e9criture.\",\"url\":\"https:\/\/starstory.fr\/blog\/auteur\/noname\/\",\"jobTitle\":\"R\u00e9dacteur en chef \u00b7 Culture & Cr\u00e9ation\",\"knowsAbout\":[\"Culture\",\"Cr\u00e9ation\"],\"email\":\"raphael.d@a-l-asso-de-l-art.fr\"}]}<\/script>\n<!-- \/ Yoast SEO Premium plugin. -->","yoast_head_json":{"title":"Star Academy : qui remplacera Goldman ? Les indices de Nikos","description":"Nikos Aliagas conna\u00eet le successeur de Michael Goldman : un homme, tr\u00e8s concern\u00e9 par la musique, qui conna\u00eet bien l'\u00e9mission. Mosimann, lui, a d\u00e9menti.","robots":{"index":"index","follow":"follow","max-snippet":"max-snippet:-1","max-image-preview":"max-image-preview:large","max-video-preview":"max-video-preview:-1"},"canonical":"https:\/\/starstory.fr\/blog\/cinema-et-television\/star-academy-qui-va-remplacer-michael-goldman-les-indices-de-nikos-aliagas\/","og_locale":"fr_FR","og_type":"article","og_title":"Star Academy : qui remplacera Goldman ? Les indices de Nikos","og_description":"Nikos Aliagas conna\u00eet le successeur de Michael Goldman : un homme, tr\u00e8s concern\u00e9 par la musique, qui conna\u00eet bien l'\u00e9mission. Mosimann, lui, a d\u00e9menti.","og_url":"https:\/\/starstory.fr\/blog\/cinema-et-television\/star-academy-qui-va-remplacer-michael-goldman-les-indices-de-nikos-aliagas\/","og_site_name":"starstory","author":"Rapha\u00ebl D.","twitter_card":"summary_large_image","schema":{"@context":"https:\/\/schema.org","@graph":[{"@type":"NewsArticle","@id":"https:\/\/starstory.fr\/blog\/cinema-et-television\/star-academy-qui-va-remplacer-michael-goldman-les-indices-de-nikos-aliagas\/#article","isPartOf":{"@id":"https:\/\/starstory.fr\/blog\/cinema-et-television\/star-academy-qui-va-remplacer-michael-goldman-les-indices-de-nikos-aliagas\/"},"author":{"name":"Rapha\u00ebl D.","@id":"https:\/\/starstory.fr\/blog\/#\/schema\/person\/3c864cdc320801e3db34b663e7e3f816"},"headline":"Star Academy : qui va remplacer Michael Goldman ? Les indices de Nikos Aliagas","datePublished":"2026-09-05T21:57:34+00:00","mainEntityOfPage":{"@id":"https:\/\/starstory.fr\/blog\/cinema-et-television\/star-academy-qui-va-remplacer-michael-goldman-les-indices-de-nikos-aliagas\/"},"wordCount":1227,"commentCount":0,"publisher":{"@id":"https:\/\/starstory.fr\/blog\/#organization"},"image":{"@id":"https:\/\/starstory.fr\/blog\/cinema-et-television\/star-academy-qui-va-remplacer-michael-goldman-les-indices-de-nikos-aliagas\/#primaryimage"},"thumbnailUrl":"https:\/\/starstory.fr\/blog\/wp-content\/uploads\/2026\/09\/pf8423-scaled.jpg","articleSection":["Cin\u00e9ma et T\u00e9l\u00e9vision"],"inLanguage":"fr-FR","potentialAction":[{"@type":"CommentAction","name":"Comment","target":["https:\/\/starstory.fr\/blog\/cinema-et-television\/star-academy-qui-va-remplacer-michael-goldman-les-indices-de-nikos-aliagas\/#respond"]}]},{"@type":"WebPage","@id":"https:\/\/starstory.fr\/blog\/cinema-et-television\/star-academy-qui-va-remplacer-michael-goldman-les-indices-de-nikos-aliagas\/","url":"https:\/\/starstory.fr\/blog\/cinema-et-television\/star-academy-qui-va-remplacer-michael-goldman-les-indices-de-nikos-aliagas\/","name":"Star Academy : qui remplacera Goldman ? Les indices de Nikos","isPartOf":{"@id":"https:\/\/starstory.fr\/blog\/#website"},"primaryImageOfPage":{"@id":"https:\/\/starstory.fr\/blog\/cinema-et-television\/star-academy-qui-va-remplacer-michael-goldman-les-indices-de-nikos-aliagas\/#primaryimage"},"image":{"@id":"https:\/\/starstory.fr\/blog\/cinema-et-television\/star-academy-qui-va-remplacer-michael-goldman-les-indices-de-nikos-aliagas\/#primaryimage"},"thumbnailUrl":"https:\/\/starstory.fr\/blog\/wp-content\/uploads\/2026\/09\/pf8423-scaled.jpg","datePublished":"2026-09-05T21:57:34+00:00","description":"Nikos Aliagas conna\u00eet le successeur de Michael Goldman : un homme, tr\u00e8s concern\u00e9 par la musique, qui conna\u00eet bien l'\u00e9mission. Mosimann, lui, a d\u00e9menti.","inLanguage":"fr-FR","potentialAction":[{"@type":"ReadAction","target":["https:\/\/starstory.fr\/blog\/cinema-et-television\/star-academy-qui-va-remplacer-michael-goldman-les-indices-de-nikos-aliagas\/"]}]},{"@type":"ImageObject","inLanguage":"fr-FR","@id":"https:\/\/starstory.fr\/blog\/cinema-et-television\/star-academy-qui-va-remplacer-michael-goldman-les-indices-de-nikos-aliagas\/#primaryimage","url":"https:\/\/starstory.fr\/blog\/wp-content\/uploads\/2026\/09\/pf8423-scaled.jpg","contentUrl":"https:\/\/starstory.fr\/blog\/wp-content\/uploads\/2026\/09\/pf8423-scaled.jpg","width":1200,"height":800},{"@type":"WebSite","@id":"https:\/\/starstory.fr\/blog\/#website","url":"https:\/\/starstory.fr\/blog\/","name":"StarStory","description":"StarStory, les \u00e9toiles racontent leur histoire","publisher":{"@id":"https:\/\/starstory.fr\/blog\/#organization"},"alternateName":"StarStory, les \u00e9toiles racontent leur histoire","potentialAction":[{"@type":"SearchAction","target":{"@type":"EntryPoint","urlTemplate":"https:\/\/starstory.fr\/blog\/?s={search_term_string}"},"query-input":{"@type":"PropertyValueSpecification","valueRequired":true,"valueName":"search_term_string"}}],"inLanguage":"fr-FR"},{"@type":"Organization","@id":"https:\/\/starstory.fr\/blog\/#organization","name":"StarStory","alternateName":"StarStory.fr","url":"https:\/\/starstory.fr\/blog\/","logo":{"@type":"ImageObject","inLanguage":"fr-FR","@id":"https:\/\/starstory.fr\/blog\/#\/schema\/logo\/image\/","url":"https:\/\/starstory.fr\/blog\/wp-content\/uploads\/2024\/12\/38.png","contentUrl":"https:\/\/starstory.fr\/blog\/wp-content\/uploads\/2024\/12\/38.png","width":500,"height":500,"caption":"StarStory"},"image":{"@id":"https:\/\/starstory.fr\/blog\/#\/schema\/logo\/image\/"}},{"@type":"Person","@id":"https:\/\/starstory.fr\/blog\/#\/schema\/person\/3c864cdc320801e3db34b663e7e3f816","name":"Rapha\u00ebl D.","image":{"@type":"ImageObject","inLanguage":"fr-FR","@id":"https:\/\/starstory.fr\/blog\/#\/schema\/person\/image\/","url":"https:\/\/starstory.fr\/blog\/wp-content\/uploads\/2026\/06\/persona_raphael-d-96x96.jpg","contentUrl":"https:\/\/starstory.fr\/blog\/wp-content\/uploads\/2026\/06\/persona_raphael-d-96x96.jpg","caption":"Rapha\u00ebl D."},"description":"La culture est mon terrain de jeu depuis une dizaine d'ann\u00e9es : arts visuels, s\u00e9ries, cr\u00e9ation et tout ce qui nourrit l'imaginaire. J'\u00e9cris aussi bien sur l'actualit\u00e9 des \u0153uvres que sur les coulisses de la cr\u00e9ation, avec l'envie de relier l'amateur curieux \u00e0 des univers parfois jug\u00e9s intimidants. J'aime analyser une s\u00e9rie ou une d\u00e9marche artistique sans p\u00e9dantisme, replacer une \u0153uvre dans son contexte et donner des cl\u00e9s de lecture accessibles. Avant de publier, je v\u00e9rifie mes r\u00e9f\u00e9rences, je recoupe les sources et je distingue clairement le fait de mon interpr\u00e9tation subjective. Je crois qu'une critique vaut surtout par les arguments qu'elle expose, pas par la sentence qu'elle rend. Mon angle : transmettre l'envie de d\u00e9couvrir, de regarder autrement et de se forger son propre go\u00fbt. La culture n'appartient pas qu'aux initi\u00e9s, et c'est tout l'enjeu de mon \u00e9criture.","url":"https:\/\/starstory.fr\/blog\/auteur\/noname\/","jobTitle":"R\u00e9dacteur en chef \u00b7 Culture & Cr\u00e9ation","knowsAbout":["Culture","Cr\u00e9ation"],"email":"raphael.d@a-l-asso-de-l-art.fr"}]}},"_links":{"self":[{"href":"https:\/\/starstory.fr\/blog\/wp-json\/wp\/v2\/posts\/8423","targetHints":{"allow":["GET"]}}],"collection":[{"href":"https:\/\/starstory.fr\/blog\/wp-json\/wp\/v2\/posts"}],"about":[{"href":"https:\/\/starstory.fr\/blog\/wp-json\/wp\/v2\/types\/post"}],"author":[{"embeddable":true,"href":"https:\/\/starstory.fr\/blog\/wp-json\/wp\/v2\/users\/34"}],"replies":[{"embeddable":true,"href":"https:\/\/starstory.fr\/blog\/wp-json\/wp\/v2\/comments?post=8423"}],"version-history":[{"count":0,"href":"https:\/\/starstory.fr\/blog\/wp-json\/wp\/v2\/posts\/8423\/revisions"}],"wp:featuredmedia":[{"embeddable":true,"href":"https:\/\/starstory.fr\/blog\/wp-json\/wp\/v2\/media\/8424"}],"wp:attachment":[{"href":"https:\/\/starstory.fr\/blog\/wp-json\/wp\/v2\/media?parent=8423"}],"wp:term":[{"taxonomy":"category","embeddable":true,"href":"https:\/\/starstory.fr\/blog\/wp-json\/wp\/v2\/categories?post=8423"},{"taxonomy":"post_tag","embeddable":true,"href":"https:\/\/starstory.fr\/blog\/wp-json\/wp\/v2\/tags?post=8423"}],"curies":[{"name":"wp","href":"https:\/\/api.w.org\/{rel}","templated":true}]}}