{"id":8421,"date":"2026-09-04T17:16:13","date_gmt":"2026-09-04T15:16:13","guid":{"rendered":"https:\/\/starstory.fr\/blog\/celebrites-et-influence-en-france\/christophe-licata-sort-du-silence-sur-sa-separation-davec-coralie-ce-quil-a-dit\/"},"modified":"2026-09-04T17:16:13","modified_gmt":"2026-09-04T15:16:13","slug":"christophe-licata-sort-du-silence-sur-sa-separation-davec-coralie-ce-quil-a-dit","status":"publish","type":"post","link":"https:\/\/starstory.fr\/blog\/celebrites-et-influence-en-france\/christophe-licata-sort-du-silence-sur-sa-separation-davec-coralie-ce-quil-a-dit\/","title":{"rendered":"Christophe Licata sort du silence sur sa s\u00e9paration d&rsquo;avec Coralie : ce qu&rsquo;il a dit"},"content":{"rendered":"<p><strong>Le vendredi 4 septembre 2026, Christophe Licata a pris la parole pour la premi\u00e8re fois sur sa s\u00e9paration d&rsquo;avec son \u00e9pouse Coralie, dans une story publi\u00e9e sur son compte Instagram officiel : \u00ab Je n&rsquo;ai pas quitt\u00e9 Coralie pour la personne avec laquelle je partage d\u00e9sormais ma vie \u00bb. Le danseur, pr\u00e9sent sur les quinze saisons de \u00ab Danse avec les stars \u00bb, reste bien \u00e0 l&rsquo;antenne de TF1 : il fait partie des douze candidats de la saison 2 de \u00ab Qui sera le plus nul ? \u00bb, lanc\u00e9e le soir m\u00eame \u00e0 21h10.<\/strong><\/p>\n<h2>En bref<\/h2>\n<ul>\n<li><strong>Ce qu&rsquo;il a dit :<\/strong> Christophe Licata confirme sa s\u00e9paration d&rsquo;avec Coralie Licata et dit ne pas l&rsquo;avoir quitt\u00e9e pour sa nouvelle compagne, qu&rsquo;il ne nomme pas.<\/li>\n<li><strong>Ce qu&rsquo;il ne dit pas :<\/strong> il ne confirme aucune relation avec Lucie Bernardoni. Il demande au contraire qu&rsquo;elle soit laiss\u00e9e \u00ab en dehors de cette histoire \u00bb.<\/li>\n<li><strong>Qui l&rsquo;a r\u00e9v\u00e9l\u00e9 :<\/strong> la s\u00e9paration n&rsquo;a jamais \u00e9t\u00e9 annonc\u00e9e par le couple. Elle a \u00e9t\u00e9 publi\u00e9e par le magazine <em>Voici<\/em> le 26 juin 2026.<\/li>\n<li><strong>O\u00f9 le voir :<\/strong> dans \u00ab Qui sera le plus nul ? \u00bb saison 2 sur TF1 et TF1+. Aucune saison de \u00ab Danse avec les stars \u00bb n&rsquo;est programm\u00e9e cet automne.<\/li>\n<\/ul>\n<p><em>Note de la r\u00e9daction : Christophe Licata et Coralie Licata sont parents d&rsquo;un enfant mineur. Plusieurs m\u00e9dias ont consacr\u00e9 le 4 septembre des articles entiers \u00e0 sa situation. Cet article n&rsquo;aborde pas ce sujet.<\/em><\/p>\n<h2>Ce que Christophe Licata a dit, mot pour mot<\/h2>\n<p>Le danseur explique qu&rsquo;il ne pensait \u00ab pas devoir prendre la parole \u00bb sur sa vie personnelle, et justifie sa sortie par une publication de <em>Voici<\/em> qui, selon lui, diffuse \u00ab certains propos qui sont faux \u00bb. Les extraits ci-dessous ont \u00e9t\u00e9 retranscrits le 4 septembre 2026 par <a href=\"https:\/\/www.telestar.fr\/people\/je-nai-pas-quitte-coralie-pour-christophe-licata-retablit-la-verite-sur-sa-rupture-avec-coralie-et-prend-la-defense-de-lucie-bernardoni-1780907\" rel=\"nofollow noopener\" target=\"_blank\">T\u00e9l\u00e9 Star<\/a>, qui publie deux captures de la story cr\u00e9dit\u00e9es Instagram.<\/p>\n<blockquote>\n<p><strong>Ce que Christophe Licata a dit<\/strong> \u2014 story Instagram du 4 septembre 2026, retranscrite par <em>T\u00e9l\u00e9 Star<\/em> le m\u00eame jour.<\/p>\n<ul>\n<li>\u00ab J&rsquo;ai v\u00e9cu une magnifique histoire avec Coralie \u00bb, dont il se dit \u00ab reconnaissant \u00bb.<\/li>\n<li>\u00ab Je n&rsquo;ai pas quitt\u00e9 Coralie pour la personne avec laquelle je partage d\u00e9sormais ma vie. \u00bb<\/li>\n<li>\u00ab Les couples traversent parfois des crises durant un mariage qui ne peuvent pas \u00eatre surmont\u00e9es \u00bb, et c&rsquo;est \u00ab malheureusement le cas ici \u00bb.<\/li>\n<li>\u00ab Une s\u00e9paration est toujours douloureuse pour tout le monde. \u00bb<\/li>\n<li>\u00ab Merci de laisser Lucie Bernardoni en dehors de cette histoire qui n&rsquo;est absolument pas responsable des d\u00e9cisions que j&rsquo;ai prise. \u00bb<\/li>\n<li>\u00ab Notre histoire avec Coralie nous appartient \u00bb, en demandant que leur vie priv\u00e9e soit respect\u00e9e \u00ab dans cette p\u00e9riode compliqu\u00e9e \u00bb.<\/li>\n<\/ul>\n<\/blockquote>\n<p>Un d\u00e9tail change le sens de la d\u00e9claration : le titre de <em>T\u00e9l\u00e9 Star<\/em> \u00e9crit \u00ab celle avec qui je partage ma vie \u00bb, quand le corps de l&rsquo;article cite une formulation neutre, \u00ab la personne avec laquelle je partage d\u00e9sormais ma vie \u00bb. C&rsquo;est celle du corps que nous reprenons.<\/p>\n<h2>Ce que cette prise de parole ne confirme pas<\/h2>\n<p>Christophe Licata confirme deux choses : sa s\u00e9paration d&rsquo;avec Coralie Licata, et le fait qu&rsquo;il partage aujourd&rsquo;hui sa vie avec quelqu&rsquo;un. Il ne nomme jamais cette personne, et sa seule mention de Lucie Bernardoni sert \u00e0 la mettre hors de cause, pas \u00e0 officialiser une relation.<\/p>\n<p>Au 4 septembre 2026, <strong>aucun des deux int\u00e9ress\u00e9s n&rsquo;a confirm\u00e9 publiquement \u00eatre en couple<\/strong>. Le rapprochement entre eux est une information de presse, publi\u00e9e en exclusivit\u00e9 par <em>Voici<\/em> le 26 juin 2026. Lucie Bernardoni, qui s&rsquo;est exprim\u00e9e sur Instagram le 16 ao\u00fbt 2026, l&rsquo;a fait au sujet des messages hostiles qu&rsquo;elle dit recevoir, sans jamais \u00e9voquer Christophe Licata.<\/p>\n<h2>Qui est Christophe Licata : quinze saisons, jamais vainqueur<\/h2>\n<p>Christophe Licata est danseur et chor\u00e9graphe. Selon la liste des danseurs professionnels de <a href=\"https:\/\/fr.wikipedia.org\/wiki\/Danse_avec_les_stars\" rel=\"nofollow noopener\" target=\"_blank\">Danse avec les stars<\/a>, il est le seul danseur professionnel pr\u00e9sent sur les quinze saisons de l&rsquo;\u00e9mission, de 2011 \u00e0 2026 ; Candice Pascal, deuxi\u00e8me de ce classement d&rsquo;assiduit\u00e9, en compte quatorze.<\/p>\n<p>Cette long\u00e9vit\u00e9 ne s&rsquo;est jamais traduite par une victoire. <strong>Christophe Licata n&rsquo;a jamais remport\u00e9 \u00ab Danse avec les stars \u00bb.<\/strong> Son meilleur r\u00e9sultat est la deuxi\u00e8me place, obtenue \u00e0 trois reprises.<\/p>\n<table>\n<thead>\n<tr>\n<th>Saison<\/th>\n<th>Partenaire<\/th>\n<th>R\u00e9sultat<\/th>\n<\/tr>\n<\/thead>\n<tbody>\n<tr>\n<td>Saison 3 (2012)<\/td>\n<td>Amel Bent<\/td>\n<td>2<sup>e<\/sup><\/td>\n<\/tr>\n<tr>\n<td>Saison 4 (2013)<\/td>\n<td>La\u00ebtitia Milot<\/td>\n<td>3<sup>e<\/sup><\/td>\n<\/tr>\n<tr>\n<td>Saison 5 (2014)<\/td>\n<td>Nathalie P\u00e9chalat (reprise en cours de saison)<\/td>\n<td>2<sup>e<\/sup><\/td>\n<\/tr>\n<tr>\n<td>Saison 6 (2015)<\/td>\n<td>Priscilla Betti<\/td>\n<td>2<sup>e<\/sup><\/td>\n<\/tr>\n<tr>\n<td>Saison 8 (2017)<\/td>\n<td>Tatiana Silva<\/td>\n<td>3<sup>e<\/sup><\/td>\n<\/tr>\n<tr>\n<td>Saison 13 (2024)<\/td>\n<td>In\u00e8s Reg<\/td>\n<td>3<sup>e<\/sup><\/td>\n<\/tr>\n<tr>\n<td>Saison 15 (2026)<\/td>\n<td>Lucie Bernardoni<\/td>\n<td>4<sup>e<\/sup><\/td>\n<\/tr>\n<\/tbody>\n<\/table>\n<p>Il a aussi dans\u00e9 avec Rossy de Palma, N\u00e2diya, Oph\u00e9lie Winter, Sylvie Tellier, H\u00e9lo\u00efse Martin, Linda Hardy, Dita von Teese, L\u00e9a Elui et Mayane. D\u00e9tail rarement rappel\u00e9 : Coralie Licata est elle aussi danseuse professionnelle et a particip\u00e9 \u00e0 la saison 11, en 2021. Nous \u00e9tions revenus sur <a href=\"https:\/\/weekndanse.fr\/actualites-8606-christophe-licata-quinze-saisons-de-danse-avec-les-stars-un-album-solo-et-une-soiree-sur-tf1\">ses quinze saisons de \u00ab Danse avec les stars \u00bb<\/a> fin ao\u00fbt.<\/p>\n<h2>Qui est Lucie Bernardoni<\/h2>\n<p>Lucie Bernardoni est auteure-compositrice-interpr\u00e8te, n\u00e9e le 4 f\u00e9vrier 1987 \u00e0 Nice. Le grand public l&rsquo;a d\u00e9couverte en 2004 dans la saison 4 de \u00ab Star Academy \u00bb sur TF1, dont elle a \u00e9t\u00e9 <strong>finaliste et non laur\u00e9ate<\/strong> : la finale a \u00e9t\u00e9 remport\u00e9e par Gr\u00e9gory Lemarchal.<\/p>\n<p>Elle est revenue dans l&rsquo;\u00e9mission comme r\u00e9p\u00e9titrice \u00e0 partir de 2022, puis comme coach vocale sur les tourn\u00e9es. Le 3 septembre 2026, elle a annonc\u00e9 elle-m\u00eame sur Instagram qu&rsquo;elle ne serait pas de la nouvelle saison : \u00ab Ce ne sera pas le cas, mais je suivrai la nouvelle promotion avec attention et enthousiasme. \u00bb En 2026, elle \u00e9tait candidate de \u00ab Danse avec les stars \u00bb aux c\u00f4t\u00e9s de Christophe Licata, le duo terminant 4<sup>e<\/sup>.<\/p>\n<h2>O\u00f9 voir Christophe Licata en ce moment<\/h2>\n<p>Il est \u00e0 l&rsquo;antenne de TF1. Christophe Licata fait partie des douze personnalit\u00e9s de la saison 2 de \u00ab Qui sera le plus nul ? \u00bb, lanc\u00e9e le <strong>vendredi 4 septembre 2026 \u00e0 21h10 sur TF1 et en streaming sur TF1+<\/strong>. Il l&rsquo;avait annonc\u00e9 lui-m\u00eame sur son compte Instagram cet \u00e9t\u00e9 : \u00ab Je vous donne rendez-vous d\u00e8s le 4 Septembre \u00e0 21h10 sur TF1 et TF1+ \u00bb.<\/p>\n<p><a href=\"https:\/\/www.tf1info.fr\/culture\/melanie-da-cruz-gradur-kelly-massol-qui-sont-les-candidats-de-la-saison-2-de-qui-sera-le-plus-nul-2462162.html\" rel=\"nofollow noopener\" target=\"_blank\">TF1 Info<\/a> le cite dans le casting le 4 septembre 2026, aux c\u00f4t\u00e9s notamment de Samuel Etienne, Christine Bravo, Bruno Sanches, Gradur, Rim&rsquo;K et Philippe Katerine. Le jeu est anim\u00e9 par Camille Combal, qui pr\u00e9sente aussi \u00ab Danse avec les stars \u00bb. Le principe est invers\u00e9 : les meilleurs \u00e9l\u00e8ves sortent en premier, et le dernier en lice est d\u00e9clar\u00e9 \u00ab le plus nul \u00bb. Selon <a href=\"https:\/\/tvmag.lefigaro.fr\/programme-tv\/actu-tele\/le-format-televise-le-plus-absurde-au-monde-qui-sera-le-plus-nul-histoire-d-un-succes-venu-de-norvege-20260904\" rel=\"nofollow noopener\" target=\"_blank\">Le Figaro TV Magazine<\/a>, la premi\u00e8re saison, diffus\u00e9e en janvier 2026, avait r\u00e9uni 4,6 millions de t\u00e9l\u00e9spectateurs \u00e0 son lancement \u2014 un score qui place le programme parmi <a href=\"https:\/\/starstory.fr\/blog\/cinema-et-television\/koh-lanta-all-stars-tf1-fete-les-25-ans-avec-18-legendes-au-panama\/\">les grands rendez-vous de divertissement de TF1<\/a>.<\/p>\n<h2>Y aura-t-il \u00ab Danse avec les stars \u00bb cet automne ?<\/h2>\n<p>Non. La quinzi\u00e8me saison a \u00e9t\u00e9 diffus\u00e9e du 23 janvier au 17 avril 2026 et remport\u00e9e par Samuel Bambi : l&rsquo;\u00e9mission est d\u00e9sormais install\u00e9e en hiver et au printemps. <strong>Aucune saison n&rsquo;est programm\u00e9e pour l&rsquo;automne 2026<\/strong> et la prochaine \u00e9dition est attendue en 2027, sans casting de danseurs officialis\u00e9 \u00e0 ce jour. Rien ne permet donc d&rsquo;affirmer que Christophe Licata y participera, ni le contraire.<\/p>\n<h2>La chronologie des annonces<\/h2>\n<ul>\n<li><strong>23 janvier \u2013 17 avril 2026<\/strong> \u2014 Saison 15 de \u00ab Danse avec les stars \u00bb. Licata fait \u00e9quipe avec Lucie Bernardoni ; le duo termine 4<sup>e<\/sup>.<\/li>\n<li><strong>26 juin 2026<\/strong> \u2014 <em>Voici<\/em> publie en exclusivit\u00e9 la s\u00e9paration du couple. L&rsquo;information vient de la presse : le couple ne l&rsquo;a jamais annonc\u00e9e.<\/li>\n<li><strong>13 juillet 2026<\/strong> \u2014 Coralie Licata publie sur Instagram un message qui ne nomme personne : \u00ab Un jour, je regarderai cette p\u00e9riode avec fiert\u00e9 et respect envers la femme que j&rsquo;\u00e9tais. \u00bb<\/li>\n<li><strong>16 ao\u00fbt 2026<\/strong> \u2014 Lucie Bernardoni s&rsquo;exprime sur les messages hostiles re\u00e7us \u00ab depuis des mois \u00bb : \u00ab Trop c&rsquo;est trop. \u00bb Elle n&rsquo;\u00e9voque pas Christophe Licata.<\/li>\n<li><strong>3 septembre 2026<\/strong> \u2014 Lucie Bernardoni annonce qu&rsquo;elle ne sera pas de la nouvelle saison de \u00ab Star Academy \u00bb.<\/li>\n<li><strong>4 septembre 2026<\/strong> \u2014 <em>Voici<\/em> publie un nouvel article appuy\u00e9 sur un proche anonyme. Quelques heures plus tard, Christophe Licata r\u00e9pond en story Instagram, visant des \u00ab propos qui sont faux \u00bb.<\/li>\n<li><strong>4 septembre 2026, 21h10<\/strong> \u2014 Lancement de \u00ab Qui sera le plus nul ? \u00bb saison 2 sur TF1, avec Licata parmi les douze candidats.<\/li>\n<\/ul>\n<p>Le danseur a gard\u00e9 le silence plus de deux mois, puis a choisi de parler le jour m\u00eame de son retour \u00e0 l&rsquo;antenne, en r\u00e9action \u00e0 un article pr\u00e9cis \u2014 comme lorsque <a href=\"https:\/\/starstory.fr\/blog\/musique-et-icones-musicales\/patrick-bruel-annule-sa-tournee-dautomne-les-conditions-ne-sont-plus-reunies\/\">Patrick Bruel avait annonc\u00e9 lui-m\u00eame l&rsquo;annulation de sa tourn\u00e9e d&rsquo;automne<\/a> plut\u00f4t que de laisser les magazines le raconter.<\/p>\n<h2>Questions fr\u00e9quentes<\/h2>\n<details>\n<summary>Christophe Licata est-il en couple avec Lucie Bernardoni ?<\/summary>\n<p>Ni l&rsquo;un ni l&rsquo;autre ne l&rsquo;a confirm\u00e9 publiquement. Le 4 septembre 2026, le danseur a confirm\u00e9 partager sa vie avec quelqu&rsquo;un sans nommer cette personne, et a demand\u00e9 que Lucie Bernardoni soit laiss\u00e9e \u00ab en dehors de cette histoire \u00bb. Le rapprochement entre eux est une information publi\u00e9e par <em>Voici<\/em> le 26 juin 2026.<\/p>\n<\/details>\n<details>\n<summary>Christophe Licata a-t-il d\u00e9j\u00e0 gagn\u00e9 \u00ab Danse avec les stars \u00bb ?<\/summary>\n<p>Non. Apr\u00e8s quinze saisons dans l&rsquo;\u00e9mission, son meilleur r\u00e9sultat reste la deuxi\u00e8me place, obtenue trois fois : avec Amel Bent en 2012, avec Nathalie P\u00e9chalat en 2014 et avec Priscilla Betti en 2015.<\/p>\n<\/details>\n<details>\n<summary>O\u00f9 peut-on voir Christophe Licata \u00e0 la t\u00e9l\u00e9vision en septembre 2026 ?<\/summary>\n<p>Dans \u00ab Qui sera le plus nul ? \u00bb saison 2, le jeu anim\u00e9 par Camille Combal, lanc\u00e9 le vendredi 4 septembre 2026 \u00e0 21h10 sur TF1 et en streaming sur TF1+. Aucune saison de \u00ab Danse avec les stars \u00bb n&rsquo;est diffus\u00e9e \u00e0 l&rsquo;automne 2026.<\/p>\n<\/details>\n<p><script type=\"application\/ld+json\">{\"@context\":\"https:\/\/schema.org\",\"@type\":\"FAQPage\",\"mainEntity\":[{\"@type\":\"Question\",\"name\":\"Christophe Licata est-il en couple avec Lucie Bernardoni ?\",\"acceptedAnswer\":{\"@type\":\"Answer\",\"text\":\"Ni l'un ni l'autre ne l'a confirm\u00e9 publiquement. Le 4 septembre 2026, Christophe Licata a confirm\u00e9 partager sa vie avec quelqu'un, sans nommer cette personne, et a demand\u00e9 que Lucie Bernardoni soit laiss\u00e9e en dehors de cette histoire. Le rapprochement entre eux est une information publi\u00e9e par le magazine Voici le 26 juin 2026, que les int\u00e9ress\u00e9s n'ont pas confirm\u00e9e.\"}},{\"@type\":\"Question\",\"name\":\"Christophe Licata a-t-il d\u00e9j\u00e0 gagn\u00e9 Danse avec les stars ?\",\"acceptedAnswer\":{\"@type\":\"Answer\",\"text\":\"Non. Apr\u00e8s quinze saisons dans l'\u00e9mission, son meilleur r\u00e9sultat reste la deuxi\u00e8me place, obtenue trois fois : avec Amel Bent en 2012, avec Nathalie P\u00e9chalat en 2014 et avec Priscilla Betti en 2015.\"}},{\"@type\":\"Question\",\"name\":\"O\u00f9 peut-on voir Christophe Licata \u00e0 la t\u00e9l\u00e9vision en septembre 2026 ?\",\"acceptedAnswer\":{\"@type\":\"Answer\",\"text\":\"Dans la saison 2 de Qui sera le plus nul ?, le jeu anim\u00e9 par Camille Combal, lanc\u00e9 le vendredi 4 septembre 2026 \u00e0 21h10 sur TF1 et disponible en streaming sur TF1+. Aucune saison de Danse avec les stars n'est diffus\u00e9e \u00e0 l'automne 2026.\"}}]}<\/script><\/p>\n<h2>\u00c0 retenir<\/h2>\n<ul>\n<li>Christophe Licata a confirm\u00e9 sa s\u00e9paration le 4 septembre 2026 sur Instagram, et dit ne pas avoir quitt\u00e9 Coralie pour sa nouvelle compagne, qu&rsquo;il ne nomme pas.<\/li>\n<li>Aucune relation avec Lucie Bernardoni n&rsquo;est confirm\u00e9e par les int\u00e9ress\u00e9s : c&rsquo;est une information de presse, publi\u00e9e par <em>Voici<\/em> le 26 juin 2026.<\/li>\n<li>Il est le seul danseur professionnel des quinze saisons de \u00ab Danse avec les stars \u00bb, sans jamais l&rsquo;avoir remport\u00e9e.<\/li>\n<li>Il est \u00e0 l&rsquo;antenne de TF1 dans \u00ab Qui sera le plus nul ? \u00bb depuis le 4 septembre 2026 ; aucune saison de \u00ab Danse avec les stars \u00bb n&rsquo;est pr\u00e9vue cet automne.<\/li>\n<\/ul>\n","protected":false},"excerpt":{"rendered":"","protected":false},"author":41,"featured_media":8422,"comment_status":"open","ping_status":"open","sticky":false,"template":"","format":"standard","meta":{"_acf_changed":false,"manual_indexmenow":false,"indexmenow_id_project":0,"footnotes":""},"categories":[4524],"tags":[],"class_list":["post-8421","post","type-post","status-publish","format-standard","has-post-thumbnail","hentry","category-celebrites-et-influence-en-france","generate-columns","tablet-grid-50","mobile-grid-100","grid-parent","grid-25"],"acf":[],"yoast_head":"<!-- This site is optimized with the Yoast SEO Premium plugin v21.3 (Yoast SEO v26.5) - https:\/\/yoast.com\/wordpress\/plugins\/seo\/ -->\n<title>Christophe Licata : ce qu&#039;il a dit de sa s\u00e9paration<\/title>\n<meta name=\"description\" content=\"Christophe Licata a rompu le silence sur sa s\u00e9paration d&#039;avec Coralie le 4 septembre 2026. Ses mots exacts, son palmar\u00e8s \u00e0 DALS et ce qui reste non confirm\u00e9.\" \/>\n<meta name=\"robots\" content=\"index, follow, max-snippet:-1, max-image-preview:large, max-video-preview:-1\" \/>\n<link rel=\"canonical\" href=\"https:\/\/starstory.fr\/blog\/celebrites-et-influence-en-france\/christophe-licata-sort-du-silence-sur-sa-separation-davec-coralie-ce-quil-a-dit\/\" \/>\n<meta property=\"og:locale\" content=\"fr_FR\" \/>\n<meta property=\"og:type\" content=\"article\" \/>\n<meta property=\"og:title\" content=\"Christophe Licata : ce qu&#039;il a dit de sa s\u00e9paration\" \/>\n<meta property=\"og:description\" content=\"Christophe Licata a rompu le silence sur sa s\u00e9paration d&#039;avec Coralie le 4 septembre 2026. Ses mots exacts, son palmar\u00e8s \u00e0 DALS et ce qui reste non confirm\u00e9.\" \/>\n<meta property=\"og:url\" content=\"https:\/\/starstory.fr\/blog\/celebrites-et-influence-en-france\/christophe-licata-sort-du-silence-sur-sa-separation-davec-coralie-ce-quil-a-dit\/\" \/>\n<meta property=\"og:site_name\" content=\"starstory\" \/>\n<meta property=\"og:image\" content=\"https:\/\/starstory.fr\/blog\/wp-content\/uploads\/2026\/09\/pf8421-scaled.jpg\" \/>\n\t<meta property=\"og:image:width\" content=\"1200\" \/>\n\t<meta property=\"og:image:height\" content=\"801\" \/>\n\t<meta property=\"og:image:type\" content=\"image\/jpeg\" \/>\n<meta name=\"author\" content=\"Sophie Moreau\" \/>\n<meta name=\"twitter:card\" content=\"summary_large_image\" \/>\n<script type=\"application\/ld+json\" class=\"yoast-schema-graph\">{\"@context\":\"https:\/\/schema.org\",\"@graph\":[{\"@type\":\"NewsArticle\",\"@id\":\"https:\/\/starstory.fr\/blog\/celebrites-et-influence-en-france\/christophe-licata-sort-du-silence-sur-sa-separation-davec-coralie-ce-quil-a-dit\/#article\",\"isPartOf\":{\"@id\":\"https:\/\/starstory.fr\/blog\/celebrites-et-influence-en-france\/christophe-licata-sort-du-silence-sur-sa-separation-davec-coralie-ce-quil-a-dit\/\"},\"author\":{\"name\":\"Sophie Moreau\",\"@id\":\"https:\/\/starstory.fr\/blog\/#\/schema\/person\/2cb6361ad79e679e2b744281310c1e3b\"},\"headline\":\"Christophe Licata sort du silence sur sa s\u00e9paration d&rsquo;avec Coralie : ce qu&rsquo;il a dit\",\"datePublished\":\"2026-09-04T15:16:13+00:00\",\"mainEntityOfPage\":{\"@id\":\"https:\/\/starstory.fr\/blog\/celebrites-et-influence-en-france\/christophe-licata-sort-du-silence-sur-sa-separation-davec-coralie-ce-quil-a-dit\/\"},\"wordCount\":1660,\"commentCount\":0,\"publisher\":{\"@id\":\"https:\/\/starstory.fr\/blog\/#organization\"},\"image\":{\"@id\":\"https:\/\/starstory.fr\/blog\/celebrites-et-influence-en-france\/christophe-licata-sort-du-silence-sur-sa-separation-davec-coralie-ce-quil-a-dit\/#primaryimage\"},\"thumbnailUrl\":\"https:\/\/starstory.fr\/blog\/wp-content\/uploads\/2026\/09\/pf8421-scaled.jpg\",\"articleSection\":[\"C\u00e9l\u00e9brit\u00e9s et Influence en France\"],\"inLanguage\":\"fr-FR\",\"potentialAction\":[{\"@type\":\"CommentAction\",\"name\":\"Comment\",\"target\":[\"https:\/\/starstory.fr\/blog\/celebrites-et-influence-en-france\/christophe-licata-sort-du-silence-sur-sa-separation-davec-coralie-ce-quil-a-dit\/#respond\"]}]},{\"@type\":\"WebPage\",\"@id\":\"https:\/\/starstory.fr\/blog\/celebrites-et-influence-en-france\/christophe-licata-sort-du-silence-sur-sa-separation-davec-coralie-ce-quil-a-dit\/\",\"url\":\"https:\/\/starstory.fr\/blog\/celebrites-et-influence-en-france\/christophe-licata-sort-du-silence-sur-sa-separation-davec-coralie-ce-quil-a-dit\/\",\"name\":\"Christophe Licata : ce qu'il a dit de sa s\u00e9paration\",\"isPartOf\":{\"@id\":\"https:\/\/starstory.fr\/blog\/#website\"},\"primaryImageOfPage\":{\"@id\":\"https:\/\/starstory.fr\/blog\/celebrites-et-influence-en-france\/christophe-licata-sort-du-silence-sur-sa-separation-davec-coralie-ce-quil-a-dit\/#primaryimage\"},\"image\":{\"@id\":\"https:\/\/starstory.fr\/blog\/celebrites-et-influence-en-france\/christophe-licata-sort-du-silence-sur-sa-separation-davec-coralie-ce-quil-a-dit\/#primaryimage\"},\"thumbnailUrl\":\"https:\/\/starstory.fr\/blog\/wp-content\/uploads\/2026\/09\/pf8421-scaled.jpg\",\"datePublished\":\"2026-09-04T15:16:13+00:00\",\"description\":\"Christophe Licata a rompu le silence sur sa s\u00e9paration d'avec Coralie le 4 septembre 2026. Ses mots exacts, son palmar\u00e8s \u00e0 DALS et ce qui reste non confirm\u00e9.\",\"inLanguage\":\"fr-FR\",\"potentialAction\":[{\"@type\":\"ReadAction\",\"target\":[\"https:\/\/starstory.fr\/blog\/celebrites-et-influence-en-france\/christophe-licata-sort-du-silence-sur-sa-separation-davec-coralie-ce-quil-a-dit\/\"]}]},{\"@type\":\"ImageObject\",\"inLanguage\":\"fr-FR\",\"@id\":\"https:\/\/starstory.fr\/blog\/celebrites-et-influence-en-france\/christophe-licata-sort-du-silence-sur-sa-separation-davec-coralie-ce-quil-a-dit\/#primaryimage\",\"url\":\"https:\/\/starstory.fr\/blog\/wp-content\/uploads\/2026\/09\/pf8421-scaled.jpg\",\"contentUrl\":\"https:\/\/starstory.fr\/blog\/wp-content\/uploads\/2026\/09\/pf8421-scaled.jpg\",\"width\":1200,\"height\":801},{\"@type\":\"WebSite\",\"@id\":\"https:\/\/starstory.fr\/blog\/#website\",\"url\":\"https:\/\/starstory.fr\/blog\/\",\"name\":\"StarStory\",\"description\":\"StarStory, les \u00e9toiles racontent leur histoire\",\"publisher\":{\"@id\":\"https:\/\/starstory.fr\/blog\/#organization\"},\"alternateName\":\"StarStory, les \u00e9toiles racontent leur histoire\",\"potentialAction\":[{\"@type\":\"SearchAction\",\"target\":{\"@type\":\"EntryPoint\",\"urlTemplate\":\"https:\/\/starstory.fr\/blog\/?s={search_term_string}\"},\"query-input\":{\"@type\":\"PropertyValueSpecification\",\"valueRequired\":true,\"valueName\":\"search_term_string\"}}],\"inLanguage\":\"fr-FR\"},{\"@type\":\"Organization\",\"@id\":\"https:\/\/starstory.fr\/blog\/#organization\",\"name\":\"StarStory\",\"alternateName\":\"StarStory.fr\",\"url\":\"https:\/\/starstory.fr\/blog\/\",\"logo\":{\"@type\":\"ImageObject\",\"inLanguage\":\"fr-FR\",\"@id\":\"https:\/\/starstory.fr\/blog\/#\/schema\/logo\/image\/\",\"url\":\"https:\/\/starstory.fr\/blog\/wp-content\/uploads\/2024\/12\/38.png\",\"contentUrl\":\"https:\/\/starstory.fr\/blog\/wp-content\/uploads\/2024\/12\/38.png\",\"width\":500,\"height\":500,\"caption\":\"StarStory\"},\"image\":{\"@id\":\"https:\/\/starstory.fr\/blog\/#\/schema\/logo\/image\/\"}},{\"@type\":\"Person\",\"@id\":\"https:\/\/starstory.fr\/blog\/#\/schema\/person\/2cb6361ad79e679e2b744281310c1e3b\",\"name\":\"Sophie Moreau\",\"image\":{\"@type\":\"ImageObject\",\"inLanguage\":\"fr-FR\",\"@id\":\"https:\/\/starstory.fr\/blog\/#\/schema\/person\/image\/\",\"url\":\"https:\/\/secure.gravatar.com\/avatar\/?s=96&d=mm&r=g\",\"contentUrl\":\"https:\/\/secure.gravatar.com\/avatar\/?s=96&d=mm&r=g\",\"caption\":\"Sophie Moreau\"},\"description\":\"Sophie partage des articles sur les stars musicales de chaque d\u00e9cennie et leur impact sur la sc\u00e8ne fran\u00e7aise et internationale.\",\"url\":\"https:\/\/starstory.fr\/blog\/auteur\/sophie-moreau\/\",\"jobTitle\":\"Contributrice maison & d\u00e9co\",\"email\":\"sophie.moreau@starstory.fr\"}]}<\/script>\n<!-- \/ Yoast SEO Premium plugin. -->","yoast_head_json":{"title":"Christophe Licata : ce qu'il a dit de sa s\u00e9paration","description":"Christophe Licata a rompu le silence sur sa s\u00e9paration d'avec Coralie le 4 septembre 2026. Ses mots exacts, son palmar\u00e8s \u00e0 DALS et ce qui reste non confirm\u00e9.","robots":{"index":"index","follow":"follow","max-snippet":"max-snippet:-1","max-image-preview":"max-image-preview:large","max-video-preview":"max-video-preview:-1"},"canonical":"https:\/\/starstory.fr\/blog\/celebrites-et-influence-en-france\/christophe-licata-sort-du-silence-sur-sa-separation-davec-coralie-ce-quil-a-dit\/","og_locale":"fr_FR","og_type":"article","og_title":"Christophe Licata : ce qu'il a dit de sa s\u00e9paration","og_description":"Christophe Licata a rompu le silence sur sa s\u00e9paration d'avec Coralie le 4 septembre 2026. Ses mots exacts, son palmar\u00e8s \u00e0 DALS et ce qui reste non confirm\u00e9.","og_url":"https:\/\/starstory.fr\/blog\/celebrites-et-influence-en-france\/christophe-licata-sort-du-silence-sur-sa-separation-davec-coralie-ce-quil-a-dit\/","og_site_name":"starstory","og_image":[{"width":1200,"height":801,"url":"https:\/\/starstory.fr\/blog\/wp-content\/uploads\/2026\/09\/pf8421-scaled.jpg","type":"image\/jpeg"}],"author":"Sophie Moreau","twitter_card":"summary_large_image","schema":{"@context":"https:\/\/schema.org","@graph":[{"@type":"NewsArticle","@id":"https:\/\/starstory.fr\/blog\/celebrites-et-influence-en-france\/christophe-licata-sort-du-silence-sur-sa-separation-davec-coralie-ce-quil-a-dit\/#article","isPartOf":{"@id":"https:\/\/starstory.fr\/blog\/celebrites-et-influence-en-france\/christophe-licata-sort-du-silence-sur-sa-separation-davec-coralie-ce-quil-a-dit\/"},"author":{"name":"Sophie Moreau","@id":"https:\/\/starstory.fr\/blog\/#\/schema\/person\/2cb6361ad79e679e2b744281310c1e3b"},"headline":"Christophe Licata sort du silence sur sa s\u00e9paration d&rsquo;avec Coralie : ce qu&rsquo;il a dit","datePublished":"2026-09-04T15:16:13+00:00","mainEntityOfPage":{"@id":"https:\/\/starstory.fr\/blog\/celebrites-et-influence-en-france\/christophe-licata-sort-du-silence-sur-sa-separation-davec-coralie-ce-quil-a-dit\/"},"wordCount":1660,"commentCount":0,"publisher":{"@id":"https:\/\/starstory.fr\/blog\/#organization"},"image":{"@id":"https:\/\/starstory.fr\/blog\/celebrites-et-influence-en-france\/christophe-licata-sort-du-silence-sur-sa-separation-davec-coralie-ce-quil-a-dit\/#primaryimage"},"thumbnailUrl":"https:\/\/starstory.fr\/blog\/wp-content\/uploads\/2026\/09\/pf8421-scaled.jpg","articleSection":["C\u00e9l\u00e9brit\u00e9s et Influence en France"],"inLanguage":"fr-FR","potentialAction":[{"@type":"CommentAction","name":"Comment","target":["https:\/\/starstory.fr\/blog\/celebrites-et-influence-en-france\/christophe-licata-sort-du-silence-sur-sa-separation-davec-coralie-ce-quil-a-dit\/#respond"]}]},{"@type":"WebPage","@id":"https:\/\/starstory.fr\/blog\/celebrites-et-influence-en-france\/christophe-licata-sort-du-silence-sur-sa-separation-davec-coralie-ce-quil-a-dit\/","url":"https:\/\/starstory.fr\/blog\/celebrites-et-influence-en-france\/christophe-licata-sort-du-silence-sur-sa-separation-davec-coralie-ce-quil-a-dit\/","name":"Christophe Licata : ce qu'il a dit de sa s\u00e9paration","isPartOf":{"@id":"https:\/\/starstory.fr\/blog\/#website"},"primaryImageOfPage":{"@id":"https:\/\/starstory.fr\/blog\/celebrites-et-influence-en-france\/christophe-licata-sort-du-silence-sur-sa-separation-davec-coralie-ce-quil-a-dit\/#primaryimage"},"image":{"@id":"https:\/\/starstory.fr\/blog\/celebrites-et-influence-en-france\/christophe-licata-sort-du-silence-sur-sa-separation-davec-coralie-ce-quil-a-dit\/#primaryimage"},"thumbnailUrl":"https:\/\/starstory.fr\/blog\/wp-content\/uploads\/2026\/09\/pf8421-scaled.jpg","datePublished":"2026-09-04T15:16:13+00:00","description":"Christophe Licata a rompu le silence sur sa s\u00e9paration d'avec Coralie le 4 septembre 2026. Ses mots exacts, son palmar\u00e8s \u00e0 DALS et ce qui reste non confirm\u00e9.","inLanguage":"fr-FR","potentialAction":[{"@type":"ReadAction","target":["https:\/\/starstory.fr\/blog\/celebrites-et-influence-en-france\/christophe-licata-sort-du-silence-sur-sa-separation-davec-coralie-ce-quil-a-dit\/"]}]},{"@type":"ImageObject","inLanguage":"fr-FR","@id":"https:\/\/starstory.fr\/blog\/celebrites-et-influence-en-france\/christophe-licata-sort-du-silence-sur-sa-separation-davec-coralie-ce-quil-a-dit\/#primaryimage","url":"https:\/\/starstory.fr\/blog\/wp-content\/uploads\/2026\/09\/pf8421-scaled.jpg","contentUrl":"https:\/\/starstory.fr\/blog\/wp-content\/uploads\/2026\/09\/pf8421-scaled.jpg","width":1200,"height":801},{"@type":"WebSite","@id":"https:\/\/starstory.fr\/blog\/#website","url":"https:\/\/starstory.fr\/blog\/","name":"StarStory","description":"StarStory, les \u00e9toiles racontent leur histoire","publisher":{"@id":"https:\/\/starstory.fr\/blog\/#organization"},"alternateName":"StarStory, les \u00e9toiles racontent leur histoire","potentialAction":[{"@type":"SearchAction","target":{"@type":"EntryPoint","urlTemplate":"https:\/\/starstory.fr\/blog\/?s={search_term_string}"},"query-input":{"@type":"PropertyValueSpecification","valueRequired":true,"valueName":"search_term_string"}}],"inLanguage":"fr-FR"},{"@type":"Organization","@id":"https:\/\/starstory.fr\/blog\/#organization","name":"StarStory","alternateName":"StarStory.fr","url":"https:\/\/starstory.fr\/blog\/","logo":{"@type":"ImageObject","inLanguage":"fr-FR","@id":"https:\/\/starstory.fr\/blog\/#\/schema\/logo\/image\/","url":"https:\/\/starstory.fr\/blog\/wp-content\/uploads\/2024\/12\/38.png","contentUrl":"https:\/\/starstory.fr\/blog\/wp-content\/uploads\/2024\/12\/38.png","width":500,"height":500,"caption":"StarStory"},"image":{"@id":"https:\/\/starstory.fr\/blog\/#\/schema\/logo\/image\/"}},{"@type":"Person","@id":"https:\/\/starstory.fr\/blog\/#\/schema\/person\/2cb6361ad79e679e2b744281310c1e3b","name":"Sophie Moreau","image":{"@type":"ImageObject","inLanguage":"fr-FR","@id":"https:\/\/starstory.fr\/blog\/#\/schema\/person\/image\/","url":"https:\/\/secure.gravatar.com\/avatar\/?s=96&d=mm&r=g","contentUrl":"https:\/\/secure.gravatar.com\/avatar\/?s=96&d=mm&r=g","caption":"Sophie Moreau"},"description":"Sophie partage des articles sur les stars musicales de chaque d\u00e9cennie et leur impact sur la sc\u00e8ne fran\u00e7aise et internationale.","url":"https:\/\/starstory.fr\/blog\/auteur\/sophie-moreau\/","jobTitle":"Contributrice maison & d\u00e9co","email":"sophie.moreau@starstory.fr"}]}},"_links":{"self":[{"href":"https:\/\/starstory.fr\/blog\/wp-json\/wp\/v2\/posts\/8421","targetHints":{"allow":["GET"]}}],"collection":[{"href":"https:\/\/starstory.fr\/blog\/wp-json\/wp\/v2\/posts"}],"about":[{"href":"https:\/\/starstory.fr\/blog\/wp-json\/wp\/v2\/types\/post"}],"author":[{"embeddable":true,"href":"https:\/\/starstory.fr\/blog\/wp-json\/wp\/v2\/users\/41"}],"replies":[{"embeddable":true,"href":"https:\/\/starstory.fr\/blog\/wp-json\/wp\/v2\/comments?post=8421"}],"version-history":[{"count":0,"href":"https:\/\/starstory.fr\/blog\/wp-json\/wp\/v2\/posts\/8421\/revisions"}],"wp:featuredmedia":[{"embeddable":true,"href":"https:\/\/starstory.fr\/blog\/wp-json\/wp\/v2\/media\/8422"}],"wp:attachment":[{"href":"https:\/\/starstory.fr\/blog\/wp-json\/wp\/v2\/media?parent=8421"}],"wp:term":[{"taxonomy":"category","embeddable":true,"href":"https:\/\/starstory.fr\/blog\/wp-json\/wp\/v2\/categories?post=8421"},{"taxonomy":"post_tag","embeddable":true,"href":"https:\/\/starstory.fr\/blog\/wp-json\/wp\/v2\/tags?post=8421"}],"curies":[{"name":"wp","href":"https:\/\/api.w.org\/{rel}","templated":true}]}}