{"id":8418,"date":"2026-09-01T20:25:12","date_gmt":"2026-09-01T18:25:12","guid":{"rendered":"https:\/\/starstory.fr\/blog\/musique-et-icones-musicales\/patrick-bruel-annule-sa-tournee-dautomne-les-conditions-ne-sont-plus-reunies\/"},"modified":"2026-09-01T20:25:12","modified_gmt":"2026-09-01T18:25:12","slug":"patrick-bruel-annule-sa-tournee-dautomne-les-conditions-ne-sont-plus-reunies","status":"publish","type":"post","link":"https:\/\/starstory.fr\/blog\/musique-et-icones-musicales\/patrick-bruel-annule-sa-tournee-dautomne-les-conditions-ne-sont-plus-reunies\/","title":{"rendered":"Patrick Bruel annule sa tourn\u00e9e d&rsquo;automne : \u00ab les conditions ne sont plus r\u00e9unies \u00bb"},"content":{"rendered":"<p style=\"font-size:18px;line-height:1.65;color:#1a1a1a;\"><strong>Patrick Bruel a annonc\u00e9, mardi 1<sup>er<\/sup> septembre 2026 dans un long message publi\u00e9 sur Instagram, l&rsquo;annulation des 35 concerts de sa tourn\u00e9e d&rsquo;automne, qui devait se d\u00e9rouler du 2 octobre au 21 novembre.<\/strong> Le chanteur, mis en examen dans plusieurs dossiers de violences sexuelles \u2014 des faits qu&rsquo;il conteste et pour lesquels il reste pr\u00e9sum\u00e9 innocent \u2014, explique que \u00ab les conditions ne sont tout simplement plus r\u00e9unies \u00bb pour maintenir ces dates.<\/p>\n<div style=\"background:#F8F9FB;border-left:4px solid #E7548F;border-radius:8px;padding:18px 22px;margin:22px 0;\">\n<p style=\"margin:0 0 10px;font-weight:800;font-size:15px;letter-spacing:.05em;text-transform:uppercase;color:#1a1a1a;\">En bref<\/p>\n<ul style=\"margin:0;padding-left:20px;font-size:16px;line-height:1.6;color:#1a1a1a;\">\n<li>L&rsquo;annulation concerne <strong>35 concerts<\/strong>, programm\u00e9s du <strong>2 octobre au 21 novembre 2026<\/strong> \u00e0 travers la France.<\/li>\n<li>Plus de <strong>150 000 spectateurs<\/strong> attendaient ces dates, selon Paris Match Belgique et Stars Actu.<\/li>\n<li>Le chanteur dit prendre cette d\u00e9cision \u00ab librement \u00bb : \u00ab la justice ne m&rsquo;y oblige en rien \u00bb.<\/li>\n<li>Il avait d\u00e9j\u00e0 renonc\u00e9 \u00e0 ses concerts de l&rsquo;\u00e9t\u00e9 ; plusieurs maires avaient demand\u00e9 la d\u00e9programmation de dates dans leur ville.<\/li>\n<\/ul>\n<\/div>\n<h2 style=\"font-size:24px;line-height:1.25;margin:36px 0 14px;letter-spacing:-.01em;color:#1a1a1a;font-weight:800;\">Ce que Patrick Bruel a annonc\u00e9 mardi soir<\/h2>\n<p>C&rsquo;est par un long message publi\u00e9 en fin d&rsquo;apr\u00e8s-midi sur son compte Instagram que le chanteur de 67 ans a officialis\u00e9 sa d\u00e9cision. Il y assure que le maintien de la tourn\u00e9e, d\u00e9fendu jusqu&rsquo;ici, \u00ab n&rsquo;\u00e9tait ni un d\u00e9fi, ni une provocation \u00bb. \u00ab Mais je constate qu&rsquo;aujourd&rsquo;hui, cette tourn\u00e9e est devenue autre chose. Elle est devenue l&rsquo;incarnation d&rsquo;un d\u00e9bat qui la d\u00e9passe. J&rsquo;ai donc pris la d\u00e9cision d&rsquo;annuler ces concerts \u00bb, \u00e9crit-il.<\/p>\n<p>Le passage le plus comment\u00e9 de son message porte sur le caract\u00e8re volontaire de cette annulation :<\/p>\n<blockquote style=\"background:#fff;border:1px solid #E5E7EB;border-left:4px solid #1a1a1a;border-radius:8px;padding:18px 22px;margin:22px 0;font-size:17px;line-height:1.6;color:#1a1a1a;font-style:italic;\"><p>\n\u00ab Cette d\u00e9cision ne signifie en aucun cas que je renonce \u00e0 me d\u00e9fendre. Je la prends librement. La justice ne m&rsquo;y oblige en rien. [&#8230;] Mais les conditions ne sont tout simplement plus r\u00e9unies pour que ces concerts restent ce qu&rsquo;ils auraient d\u00fb \u00eatre : des moments de musique et de partage. \u00bb<br \/>\n<span style=\"display:block;font-style:normal;font-size:13.5px;color:#667085;margin-top:8px;\">Patrick Bruel, message publi\u00e9 sur Instagram le 1er septembre 2026, cit\u00e9 par franceinfo<\/span>\n<\/p><\/blockquote>\n<p>Dans le m\u00eame texte, cit\u00e9 par Stars Actu, il ajoute : \u00ab Je refuse que le public et les \u00e9quipes soient pris \u00e0 partie [&#8230;] Et surtout, je refuse de leur faire courir le moindre risque \u00bb, avant de conclure : \u00ab Alors je fais le choix de l&rsquo;apaisement. \u00bb Aupr\u00e8s de ses fans, il affirme enfin, selon Paris Match Belgique : \u00ab je ne suis pas l&rsquo;homme que certains imaginent ou d\u00e9crivent aujourd&rsquo;hui \u00bb.<\/p>\n<figure style=\"margin:24px auto;max-width:560px;\"><iframe src=\"https:\/\/www.instagram.com\/p\/DcwEXXMjKQG\/embed\/\" style=\"width:100%;max-width:560px;height:640px;border:none;display:block;margin:0 auto;background:#fff;border-radius:12px;\" loading=\"lazy\" scrolling=\"no\" title=\"Publication r\u00e9seau social\"><\/iframe><figcaption style=\"text-align:center;font-size:13px;color:#666;margin-top:8px;\">Le message publi\u00e9 par Patrick Bruel sur son compte Instagram, mardi 1er septembre 2026 (13 586 mentions \u00ab J&rsquo;aime \u00bb en d\u00e9but de soir\u00e9e).<\/figcaption><\/figure>\n<h2 style=\"font-size:24px;line-height:1.25;margin:36px 0 14px;letter-spacing:-.01em;color:#1a1a1a;font-weight:800;\">Une tourn\u00e9e fragilis\u00e9e depuis le d\u00e9but de l&rsquo;\u00e9t\u00e9<\/h2>\n<p>Cette tourn\u00e9e devait marquer le retour sur sc\u00e8ne du chanteur : <strong>35 dates du 2 octobre au 21 novembre<\/strong>, dans des salles et Z\u00e9niths de tout le pays, avec <strong>plus de 150 000 billets<\/strong> d\u00e9j\u00e0 \u00e9coul\u00e9s selon Paris Match Belgique \u2014 qui pr\u00e9cise qu&rsquo;environ <strong>une centaine de personnes<\/strong> travaillaient \u00e0 la production du spectacle. L&rsquo;interpr\u00e8te d&rsquo;\u00ab Alors regarde \u00bb et de \u00ab Casser la voix \u00bb, figure de la chanson fran\u00e7aise depuis la fin des ann\u00e9es 1980, n&rsquo;\u00e9tait plus remont\u00e9 sur sc\u00e8ne depuis le d\u00e9but des proc\u00e9dures le visant.<\/p>\n<p>Le fil des derniers mois raconte une tourn\u00e9e qui se r\u00e9tr\u00e9cissait d\u00e9j\u00e0 : au printemps, le chanteur avait renonc\u00e9 \u00e0 ses concerts et festivals de l&rsquo;\u00e9t\u00e9. Fin ao\u00fbt, plusieurs maires ont publiquement demand\u00e9 la d\u00e9programmation des dates pr\u00e9vues dans leur ville, un mouvement suffisamment large pour que BFMTV y consacre un long format. C&rsquo;est dans ce climat \u2014 \u00ab un d\u00e9bat qui la d\u00e9passe \u00bb, selon ses mots \u2014 que la tourn\u00e9e d&rsquo;automne a fini par tomber.<\/p>\n<table style=\"width:100%;border-collapse:collapse;margin:22px 0;font-size:15.5px;\">\n<thead>\n<tr style=\"background:#1a1a1a;color:#fff;\">\n<th style=\"padding:10px 12px;text-align:left;\">Date (2026)<\/th>\n<th style=\"padding:10px 12px;text-align:left;\">\u00c9tape<\/th>\n<\/tr>\n<\/thead>\n<tbody>\n<tr style=\"border-bottom:1px solid #E5E7EB;\">\n<td style=\"padding:10px 12px;\"><strong>Juin<\/strong><\/td>\n<td style=\"padding:10px 12px;\">Mise en examen dans plusieurs dossiers de violences sexuelles ; il conteste les faits<\/td>\n<\/tr>\n<tr style=\"border-bottom:1px solid #E5E7EB;background:#F8F9FB;\">\n<td style=\"padding:10px 12px;\"><strong>\u00c9t\u00e9<\/strong><\/td>\n<td style=\"padding:10px 12px;\">Annulation des concerts et festivals de l&rsquo;\u00e9t\u00e9<\/td>\n<\/tr>\n<tr style=\"border-bottom:1px solid #E5E7EB;\">\n<td style=\"padding:10px 12px;\"><strong>Fin ao\u00fbt<\/strong><\/td>\n<td style=\"padding:10px 12px;\">Plusieurs maires demandent la d\u00e9programmation de dates dans leur ville<\/td>\n<\/tr>\n<tr style=\"border-bottom:1px solid #E5E7EB;background:#F8F9FB;\">\n<td style=\"padding:10px 12px;\"><strong>1<sup>er<\/sup> septembre<\/strong><\/td>\n<td style=\"padding:10px 12px;\">Annonce de l&rsquo;annulation des 35 concerts d&rsquo;automne sur Instagram<\/td>\n<\/tr>\n<tr>\n<td style=\"padding:10px 12px;\"><strong>2 octobre &#8211; 21 novembre<\/strong><\/td>\n<td style=\"padding:10px 12px;\">P\u00e9riode o\u00f9 la tourn\u00e9e devait se tenir<\/td>\n<\/tr>\n<\/tbody>\n<\/table>\n<h2 style=\"font-size:24px;line-height:1.25;margin:36px 0 14px;letter-spacing:-.01em;color:#1a1a1a;font-weight:800;\">Et concr\u00e8tement, pour les spectateurs ?<\/h2>\n<p>Ni l&rsquo;artiste ni la production n&rsquo;avaient d\u00e9taill\u00e9, mardi soir, les modalit\u00e9s pratiques pour les d\u00e9tenteurs de billets. En r\u00e8gle g\u00e9n\u00e9rale, lorsqu&rsquo;un concert est annul\u00e9, <strong>le remboursement s&rsquo;effectue aupr\u00e8s du point de vente<\/strong> o\u00f9 le billet a \u00e9t\u00e9 achet\u00e9 (billetterie en ligne, grande surface culturelle ou salle), sans d\u00e9marche particuli\u00e8re au-del\u00e0 de la demande. Les spectateurs concern\u00e9s ont donc int\u00e9r\u00eat \u00e0 surveiller les communications de leur billetterie dans les prochains jours.<\/p>\n<h2 style=\"font-size:24px;line-height:1.25;margin:36px 0 14px;letter-spacing:-.01em;color:#1a1a1a;font-weight:800;\">Le volet judiciaire, en l&rsquo;\u00e9tat<\/h2>\n<p>Sur le fond des affaires, les \u00e9l\u00e9ments publics restent limit\u00e9s et appellent la prudence. Patrick Bruel est <strong>mis en examen dans plusieurs dossiers de violences sexuelles<\/strong>, rappelle franceinfo, qui souligne par ailleurs que la justice a d\u00e9cid\u00e9 de ne pas le placer en d\u00e9tention provisoire. Le chanteur <strong>conteste l&rsquo;ensemble des faits qui lui sont reproch\u00e9s<\/strong> et affirme, selon Paris Match Belgique, que \u00ab seule la justice conna\u00eet la v\u00e9rit\u00e9 \u00bb. Le nombre de plaintes \u00e9voqu\u00e9 varie d&rsquo;un m\u00e9dia \u00e0 l&rsquo;autre : en l&rsquo;absence de d\u00e9compte consolid\u00e9 par une source judiciaire, nous ne le publions pas.<\/p>\n<p>Un point de droit que ce dossier illustre bien : <strong>une mise en examen n&rsquo;est pas une condamnation<\/strong>. Elle signifie qu&rsquo;un juge d&rsquo;instruction estime qu&rsquo;il existe des indices graves ou concordants justifiant une enqu\u00eate approfondie. Tant qu&rsquo;aucun jugement d\u00e9finitif n&rsquo;est rendu, la pr\u00e9somption d&rsquo;innocence s&rsquo;applique pleinement.<\/p>\n<h2 style=\"font-size:24px;line-height:1.25;margin:36px 0 14px;letter-spacing:-.01em;color:#1a1a1a;font-weight:800;\">Questions fr\u00e9quentes<\/h2>\n<details style=\"border:1px solid #E5E7EB;border-radius:8px;padding:14px 18px;margin:10px 0;\">\n<summary style=\"font-weight:800;cursor:pointer;\">Pourquoi Patrick Bruel annule-t-il sa tourn\u00e9e ?<\/summary>\n<p style=\"margin:10px 0 0;\">Il explique que la tourn\u00e9e est devenue \u00ab l&rsquo;incarnation d&rsquo;un d\u00e9bat qui la d\u00e9passe \u00bb et que les conditions n&rsquo;\u00e9taient plus r\u00e9unies pour offrir \u00ab des moments de musique et de partage \u00bb. Il pr\u00e9cise prendre cette d\u00e9cision librement, sans y \u00eatre contraint par la justice.<\/p>\n<\/details>\n<details style=\"border:1px solid #E5E7EB;border-radius:8px;padding:14px 18px;margin:10px 0;\">\n<summary style=\"font-weight:800;cursor:pointer;\">Les billets des 35 concerts seront-ils rembours\u00e9s ?<\/summary>\n<p style=\"margin:10px 0 0;\">Aucune modalit\u00e9 n&rsquo;avait \u00e9t\u00e9 communiqu\u00e9e mardi soir. En r\u00e8gle g\u00e9n\u00e9rale, un concert annul\u00e9 est rembours\u00e9 par le point de vente o\u00f9 le billet a \u00e9t\u00e9 achet\u00e9 ; surveillez les messages de votre billetterie.<\/p>\n<\/details>\n<details style=\"border:1px solid #E5E7EB;border-radius:8px;padding:14px 18px;margin:10px 0;\">\n<summary style=\"font-weight:800;cursor:pointer;\">Patrick Bruel a-t-il \u00e9t\u00e9 condamn\u00e9 ?<\/summary>\n<p style=\"margin:10px 0 0;\">Non. Il est mis en examen, ce qui n&rsquo;est pas une condamnation : c&rsquo;est une \u00e9tape de l&rsquo;instruction. Il conteste les faits et b\u00e9n\u00e9ficie de la pr\u00e9somption d&rsquo;innocence tant qu&rsquo;aucun jugement d\u00e9finitif n&rsquo;est rendu.<\/p>\n<\/details>\n<div style=\"background:#1a1a1a;color:#fff;border-radius:8px;padding:18px 22px;margin:26px 0;\">\n<p style=\"margin:0 0 10px;font-weight:800;font-size:15px;letter-spacing:.05em;text-transform:uppercase;\">\u00c0 retenir<\/p>\n<ul style=\"margin:0;padding-left:20px;font-size:16px;line-height:1.6;\">\n<li>Les 35 concerts pr\u00e9vus du 2 octobre au 21 novembre 2026 sont annul\u00e9s, une d\u00e9cision annonc\u00e9e le 1<sup>er<\/sup> septembre sur Instagram.<\/li>\n<li>Plus de 150 000 spectateurs \u00e9taient attendus ; le remboursement passera en principe par les points de vente.<\/li>\n<li>Le chanteur dit annuler \u00ab librement \u00bb et ne pas renoncer \u00e0 se d\u00e9fendre ; il conteste les faits qui lui sont reproch\u00e9s et reste pr\u00e9sum\u00e9 innocent.<\/li>\n<\/ul>\n<\/div>\n<p style=\"font-size:14px;color:#667085;\">Pour situer l&rsquo;artiste, notre <a href=\"https:\/\/starstory.fr\/blog\/celebrites-et-influence-en-france\/patrick-bruel-taille-age-vrai-nom-couple-et-fortune-la-fiche-complete\/\">fiche compl\u00e8te Patrick Bruel<\/a> retrace son parcours, et notre panorama de <a href=\"https:\/\/telemusic.fr\/blog\/guides-et-conseils-musique\/chanson-francaise-histoire-courants-titres-cultes\/\">l&rsquo;histoire de la chanson fran\u00e7aise<\/a> replace sa g\u00e9n\u00e9ration d&rsquo;artistes dans son \u00e9poque.<\/p>\n<p style=\"font-size:13.5px;color:#667085;\">Sources : <a href=\"https:\/\/www.franceinfo.fr\/culture\/musique\/patrick-bruel\/le-chanteur-patrick-bruel-mis-en-examen-pour-violences-sexuelles-annonce-l-annulationde-sa-tournee-prevue-a-l-automne_8172527.html\" rel=\"nofollow\">franceinfo (1er septembre 2026, 18h28)<\/a> &middot; <a href=\"https:\/\/www.parismatch.be\/culture\/musique\/2026\/09\/01\/patrick-bruel-annule-sa-tournee-RP6ZPBYOTBHFBCLZB7XCQXPHLU\/\" rel=\"nofollow\">Paris Match Belgique (1er septembre 2026)<\/a> &middot; <a href=\"https:\/\/www.stars-actu.fr\/2026\/09\/patrick-bruel-annonce-lannulation-de-sa-tournee-je-fais-le-choix-de-lapaisement\/\" rel=\"nofollow\">Stars Actu (1er septembre 2026)<\/a><\/p>\n<p><script type=\"application\/ld+json\">{\"@context\":\"https:\/\/schema.org\",\"@type\":\"FAQPage\",\"mainEntity\":[{\"@type\":\"Question\",\"name\":\"Pourquoi Patrick Bruel annule-t-il sa tourn\u00e9e ?\",\"acceptedAnswer\":{\"@type\":\"Answer\",\"text\":\"Il explique que la tourn\u00e9e est devenue \u00ab l'incarnation d'un d\u00e9bat qui la d\u00e9passe \u00bb et que les conditions n'\u00e9taient plus r\u00e9unies pour offrir \u00ab des moments de musique et de partage \u00bb. Il pr\u00e9cise prendre cette d\u00e9cision librement, sans y \u00eatre contraint par la justice.\"}},{\"@type\":\"Question\",\"name\":\"Les billets des 35 concerts seront-ils rembours\u00e9s ?\",\"acceptedAnswer\":{\"@type\":\"Answer\",\"text\":\"Aucune modalit\u00e9 n'avait \u00e9t\u00e9 communiqu\u00e9e mardi soir. En r\u00e8gle g\u00e9n\u00e9rale, un concert annul\u00e9 est rembours\u00e9 par le point de vente o\u00f9 le billet a \u00e9t\u00e9 achet\u00e9.\"}},{\"@type\":\"Question\",\"name\":\"Patrick Bruel a-t-il \u00e9t\u00e9 condamn\u00e9 ?\",\"acceptedAnswer\":{\"@type\":\"Answer\",\"text\":\"Non. Il est mis en examen, ce qui n'est pas une condamnation : c'est une \u00e9tape de l'instruction. Il conteste les faits et b\u00e9n\u00e9ficie de la pr\u00e9somption d'innocence tant qu'aucun jugement d\u00e9finitif n'est rendu.\"}}]}<\/script><\/p>\n","protected":false},"excerpt":{"rendered":"","protected":false},"author":34,"featured_media":8419,"comment_status":"open","ping_status":"open","sticky":false,"template":"","format":"standard","meta":{"_acf_changed":false,"manual_indexmenow":false,"indexmenow_id_project":0,"footnotes":""},"categories":[4522],"tags":[],"class_list":["post-8418","post","type-post","status-publish","format-standard","has-post-thumbnail","hentry","category-musique-et-icones-musicales","generate-columns","tablet-grid-50","mobile-grid-100","grid-parent","grid-25"],"acf":[],"yoast_head":"<!-- This site is optimized with the Yoast SEO Premium plugin v21.3 (Yoast SEO v26.5) - https:\/\/yoast.com\/wordpress\/plugins\/seo\/ -->\n<title>Patrick Bruel annule sa tourn\u00e9e : ce que l&#039;on sait<\/title>\n<meta name=\"description\" content=\"Patrick Bruel a annonc\u00e9 le 1er septembre l&#039;annulation des 35 concerts pr\u00e9vus du 2 octobre au 21 novembre. Son message, le contexte judiciaire et les remboursements.\" \/>\n<meta name=\"robots\" content=\"index, follow, max-snippet:-1, max-image-preview:large, max-video-preview:-1\" \/>\n<link rel=\"canonical\" href=\"https:\/\/starstory.fr\/blog\/musique-et-icones-musicales\/patrick-bruel-annule-sa-tournee-dautomne-les-conditions-ne-sont-plus-reunies\/\" \/>\n<meta property=\"og:locale\" content=\"fr_FR\" \/>\n<meta property=\"og:type\" content=\"article\" \/>\n<meta property=\"og:title\" content=\"Patrick Bruel annule sa tourn\u00e9e : ce que l&#039;on sait\" \/>\n<meta property=\"og:description\" content=\"Patrick Bruel a annonc\u00e9 le 1er septembre l&#039;annulation des 35 concerts pr\u00e9vus du 2 octobre au 21 novembre. Son message, le contexte judiciaire et les remboursements.\" \/>\n<meta property=\"og:url\" content=\"https:\/\/starstory.fr\/blog\/musique-et-icones-musicales\/patrick-bruel-annule-sa-tournee-dautomne-les-conditions-ne-sont-plus-reunies\/\" \/>\n<meta property=\"og:site_name\" content=\"starstory\" \/>\n<meta property=\"og:image\" content=\"https:\/\/starstory.fr\/blog\/wp-content\/uploads\/2026\/09\/pf8418-scaled.jpg\" \/>\n\t<meta property=\"og:image:width\" content=\"1200\" \/>\n\t<meta property=\"og:image:height\" content=\"800\" \/>\n\t<meta property=\"og:image:type\" content=\"image\/jpeg\" \/>\n<meta name=\"author\" content=\"Rapha\u00ebl D.\" \/>\n<meta name=\"twitter:card\" content=\"summary_large_image\" \/>\n<script type=\"application\/ld+json\" class=\"yoast-schema-graph\">{\"@context\":\"https:\/\/schema.org\",\"@graph\":[{\"@type\":\"NewsArticle\",\"@id\":\"https:\/\/starstory.fr\/blog\/musique-et-icones-musicales\/patrick-bruel-annule-sa-tournee-dautomne-les-conditions-ne-sont-plus-reunies\/#article\",\"isPartOf\":{\"@id\":\"https:\/\/starstory.fr\/blog\/musique-et-icones-musicales\/patrick-bruel-annule-sa-tournee-dautomne-les-conditions-ne-sont-plus-reunies\/\"},\"author\":{\"name\":\"Rapha\u00ebl D.\",\"@id\":\"https:\/\/starstory.fr\/blog\/#\/schema\/person\/3c864cdc320801e3db34b663e7e3f816\"},\"headline\":\"Patrick Bruel annule sa tourn\u00e9e d&rsquo;automne : \u00ab les conditions ne sont plus r\u00e9unies \u00bb\",\"datePublished\":\"2026-09-01T18:25:12+00:00\",\"mainEntityOfPage\":{\"@id\":\"https:\/\/starstory.fr\/blog\/musique-et-icones-musicales\/patrick-bruel-annule-sa-tournee-dautomne-les-conditions-ne-sont-plus-reunies\/\"},\"wordCount\":1196,\"commentCount\":0,\"publisher\":{\"@id\":\"https:\/\/starstory.fr\/blog\/#organization\"},\"image\":{\"@id\":\"https:\/\/starstory.fr\/blog\/musique-et-icones-musicales\/patrick-bruel-annule-sa-tournee-dautomne-les-conditions-ne-sont-plus-reunies\/#primaryimage\"},\"thumbnailUrl\":\"https:\/\/starstory.fr\/blog\/wp-content\/uploads\/2026\/09\/pf8418-scaled.jpg\",\"articleSection\":[\"Musique et Ic\u00f4nes Musicales\"],\"inLanguage\":\"fr-FR\",\"potentialAction\":[{\"@type\":\"CommentAction\",\"name\":\"Comment\",\"target\":[\"https:\/\/starstory.fr\/blog\/musique-et-icones-musicales\/patrick-bruel-annule-sa-tournee-dautomne-les-conditions-ne-sont-plus-reunies\/#respond\"]}]},{\"@type\":\"WebPage\",\"@id\":\"https:\/\/starstory.fr\/blog\/musique-et-icones-musicales\/patrick-bruel-annule-sa-tournee-dautomne-les-conditions-ne-sont-plus-reunies\/\",\"url\":\"https:\/\/starstory.fr\/blog\/musique-et-icones-musicales\/patrick-bruel-annule-sa-tournee-dautomne-les-conditions-ne-sont-plus-reunies\/\",\"name\":\"Patrick Bruel annule sa tourn\u00e9e : ce que l'on sait\",\"isPartOf\":{\"@id\":\"https:\/\/starstory.fr\/blog\/#website\"},\"primaryImageOfPage\":{\"@id\":\"https:\/\/starstory.fr\/blog\/musique-et-icones-musicales\/patrick-bruel-annule-sa-tournee-dautomne-les-conditions-ne-sont-plus-reunies\/#primaryimage\"},\"image\":{\"@id\":\"https:\/\/starstory.fr\/blog\/musique-et-icones-musicales\/patrick-bruel-annule-sa-tournee-dautomne-les-conditions-ne-sont-plus-reunies\/#primaryimage\"},\"thumbnailUrl\":\"https:\/\/starstory.fr\/blog\/wp-content\/uploads\/2026\/09\/pf8418-scaled.jpg\",\"datePublished\":\"2026-09-01T18:25:12+00:00\",\"description\":\"Patrick Bruel a annonc\u00e9 le 1er septembre l'annulation des 35 concerts pr\u00e9vus du 2 octobre au 21 novembre. Son message, le contexte judiciaire et les remboursements.\",\"inLanguage\":\"fr-FR\",\"potentialAction\":[{\"@type\":\"ReadAction\",\"target\":[\"https:\/\/starstory.fr\/blog\/musique-et-icones-musicales\/patrick-bruel-annule-sa-tournee-dautomne-les-conditions-ne-sont-plus-reunies\/\"]}]},{\"@type\":\"ImageObject\",\"inLanguage\":\"fr-FR\",\"@id\":\"https:\/\/starstory.fr\/blog\/musique-et-icones-musicales\/patrick-bruel-annule-sa-tournee-dautomne-les-conditions-ne-sont-plus-reunies\/#primaryimage\",\"url\":\"https:\/\/starstory.fr\/blog\/wp-content\/uploads\/2026\/09\/pf8418-scaled.jpg\",\"contentUrl\":\"https:\/\/starstory.fr\/blog\/wp-content\/uploads\/2026\/09\/pf8418-scaled.jpg\",\"width\":1200,\"height\":800},{\"@type\":\"WebSite\",\"@id\":\"https:\/\/starstory.fr\/blog\/#website\",\"url\":\"https:\/\/starstory.fr\/blog\/\",\"name\":\"StarStory\",\"description\":\"StarStory, les \u00e9toiles racontent leur histoire\",\"publisher\":{\"@id\":\"https:\/\/starstory.fr\/blog\/#organization\"},\"alternateName\":\"StarStory, les \u00e9toiles racontent leur histoire\",\"potentialAction\":[{\"@type\":\"SearchAction\",\"target\":{\"@type\":\"EntryPoint\",\"urlTemplate\":\"https:\/\/starstory.fr\/blog\/?s={search_term_string}\"},\"query-input\":{\"@type\":\"PropertyValueSpecification\",\"valueRequired\":true,\"valueName\":\"search_term_string\"}}],\"inLanguage\":\"fr-FR\"},{\"@type\":\"Organization\",\"@id\":\"https:\/\/starstory.fr\/blog\/#organization\",\"name\":\"StarStory\",\"alternateName\":\"StarStory.fr\",\"url\":\"https:\/\/starstory.fr\/blog\/\",\"logo\":{\"@type\":\"ImageObject\",\"inLanguage\":\"fr-FR\",\"@id\":\"https:\/\/starstory.fr\/blog\/#\/schema\/logo\/image\/\",\"url\":\"https:\/\/starstory.fr\/blog\/wp-content\/uploads\/2024\/12\/38.png\",\"contentUrl\":\"https:\/\/starstory.fr\/blog\/wp-content\/uploads\/2024\/12\/38.png\",\"width\":500,\"height\":500,\"caption\":\"StarStory\"},\"image\":{\"@id\":\"https:\/\/starstory.fr\/blog\/#\/schema\/logo\/image\/\"}},{\"@type\":\"Person\",\"@id\":\"https:\/\/starstory.fr\/blog\/#\/schema\/person\/3c864cdc320801e3db34b663e7e3f816\",\"name\":\"Rapha\u00ebl D.\",\"image\":{\"@type\":\"ImageObject\",\"inLanguage\":\"fr-FR\",\"@id\":\"https:\/\/starstory.fr\/blog\/#\/schema\/person\/image\/\",\"url\":\"https:\/\/starstory.fr\/blog\/wp-content\/uploads\/2026\/06\/persona_raphael-d-96x96.jpg\",\"contentUrl\":\"https:\/\/starstory.fr\/blog\/wp-content\/uploads\/2026\/06\/persona_raphael-d-96x96.jpg\",\"caption\":\"Rapha\u00ebl D.\"},\"description\":\"La culture est mon terrain de jeu depuis une dizaine d'ann\u00e9es : arts visuels, s\u00e9ries, cr\u00e9ation et tout ce qui nourrit l'imaginaire. J'\u00e9cris aussi bien sur l'actualit\u00e9 des \u0153uvres que sur les coulisses de la cr\u00e9ation, avec l'envie de relier l'amateur curieux \u00e0 des univers parfois jug\u00e9s intimidants. J'aime analyser une s\u00e9rie ou une d\u00e9marche artistique sans p\u00e9dantisme, replacer une \u0153uvre dans son contexte et donner des cl\u00e9s de lecture accessibles. Avant de publier, je v\u00e9rifie mes r\u00e9f\u00e9rences, je recoupe les sources et je distingue clairement le fait de mon interpr\u00e9tation subjective. Je crois qu'une critique vaut surtout par les arguments qu'elle expose, pas par la sentence qu'elle rend. Mon angle : transmettre l'envie de d\u00e9couvrir, de regarder autrement et de se forger son propre go\u00fbt. La culture n'appartient pas qu'aux initi\u00e9s, et c'est tout l'enjeu de mon \u00e9criture.\",\"url\":\"https:\/\/starstory.fr\/blog\/auteur\/noname\/\",\"jobTitle\":\"R\u00e9dacteur en chef \u00b7 Culture & Cr\u00e9ation\",\"knowsAbout\":[\"Culture\",\"Cr\u00e9ation\"],\"email\":\"raphael.d@a-l-asso-de-l-art.fr\"}]}<\/script>\n<!-- \/ Yoast SEO Premium plugin. -->","yoast_head_json":{"title":"Patrick Bruel annule sa tourn\u00e9e : ce que l'on sait","description":"Patrick Bruel a annonc\u00e9 le 1er septembre l'annulation des 35 concerts pr\u00e9vus du 2 octobre au 21 novembre. Son message, le contexte judiciaire et les remboursements.","robots":{"index":"index","follow":"follow","max-snippet":"max-snippet:-1","max-image-preview":"max-image-preview:large","max-video-preview":"max-video-preview:-1"},"canonical":"https:\/\/starstory.fr\/blog\/musique-et-icones-musicales\/patrick-bruel-annule-sa-tournee-dautomne-les-conditions-ne-sont-plus-reunies\/","og_locale":"fr_FR","og_type":"article","og_title":"Patrick Bruel annule sa tourn\u00e9e : ce que l'on sait","og_description":"Patrick Bruel a annonc\u00e9 le 1er septembre l'annulation des 35 concerts pr\u00e9vus du 2 octobre au 21 novembre. Son message, le contexte judiciaire et les remboursements.","og_url":"https:\/\/starstory.fr\/blog\/musique-et-icones-musicales\/patrick-bruel-annule-sa-tournee-dautomne-les-conditions-ne-sont-plus-reunies\/","og_site_name":"starstory","og_image":[{"width":1200,"height":800,"url":"https:\/\/starstory.fr\/blog\/wp-content\/uploads\/2026\/09\/pf8418-scaled.jpg","type":"image\/jpeg"}],"author":"Rapha\u00ebl D.","twitter_card":"summary_large_image","schema":{"@context":"https:\/\/schema.org","@graph":[{"@type":"NewsArticle","@id":"https:\/\/starstory.fr\/blog\/musique-et-icones-musicales\/patrick-bruel-annule-sa-tournee-dautomne-les-conditions-ne-sont-plus-reunies\/#article","isPartOf":{"@id":"https:\/\/starstory.fr\/blog\/musique-et-icones-musicales\/patrick-bruel-annule-sa-tournee-dautomne-les-conditions-ne-sont-plus-reunies\/"},"author":{"name":"Rapha\u00ebl D.","@id":"https:\/\/starstory.fr\/blog\/#\/schema\/person\/3c864cdc320801e3db34b663e7e3f816"},"headline":"Patrick Bruel annule sa tourn\u00e9e d&rsquo;automne : \u00ab les conditions ne sont plus r\u00e9unies \u00bb","datePublished":"2026-09-01T18:25:12+00:00","mainEntityOfPage":{"@id":"https:\/\/starstory.fr\/blog\/musique-et-icones-musicales\/patrick-bruel-annule-sa-tournee-dautomne-les-conditions-ne-sont-plus-reunies\/"},"wordCount":1196,"commentCount":0,"publisher":{"@id":"https:\/\/starstory.fr\/blog\/#organization"},"image":{"@id":"https:\/\/starstory.fr\/blog\/musique-et-icones-musicales\/patrick-bruel-annule-sa-tournee-dautomne-les-conditions-ne-sont-plus-reunies\/#primaryimage"},"thumbnailUrl":"https:\/\/starstory.fr\/blog\/wp-content\/uploads\/2026\/09\/pf8418-scaled.jpg","articleSection":["Musique et Ic\u00f4nes Musicales"],"inLanguage":"fr-FR","potentialAction":[{"@type":"CommentAction","name":"Comment","target":["https:\/\/starstory.fr\/blog\/musique-et-icones-musicales\/patrick-bruel-annule-sa-tournee-dautomne-les-conditions-ne-sont-plus-reunies\/#respond"]}]},{"@type":"WebPage","@id":"https:\/\/starstory.fr\/blog\/musique-et-icones-musicales\/patrick-bruel-annule-sa-tournee-dautomne-les-conditions-ne-sont-plus-reunies\/","url":"https:\/\/starstory.fr\/blog\/musique-et-icones-musicales\/patrick-bruel-annule-sa-tournee-dautomne-les-conditions-ne-sont-plus-reunies\/","name":"Patrick Bruel annule sa tourn\u00e9e : ce que l'on sait","isPartOf":{"@id":"https:\/\/starstory.fr\/blog\/#website"},"primaryImageOfPage":{"@id":"https:\/\/starstory.fr\/blog\/musique-et-icones-musicales\/patrick-bruel-annule-sa-tournee-dautomne-les-conditions-ne-sont-plus-reunies\/#primaryimage"},"image":{"@id":"https:\/\/starstory.fr\/blog\/musique-et-icones-musicales\/patrick-bruel-annule-sa-tournee-dautomne-les-conditions-ne-sont-plus-reunies\/#primaryimage"},"thumbnailUrl":"https:\/\/starstory.fr\/blog\/wp-content\/uploads\/2026\/09\/pf8418-scaled.jpg","datePublished":"2026-09-01T18:25:12+00:00","description":"Patrick Bruel a annonc\u00e9 le 1er septembre l'annulation des 35 concerts pr\u00e9vus du 2 octobre au 21 novembre. Son message, le contexte judiciaire et les remboursements.","inLanguage":"fr-FR","potentialAction":[{"@type":"ReadAction","target":["https:\/\/starstory.fr\/blog\/musique-et-icones-musicales\/patrick-bruel-annule-sa-tournee-dautomne-les-conditions-ne-sont-plus-reunies\/"]}]},{"@type":"ImageObject","inLanguage":"fr-FR","@id":"https:\/\/starstory.fr\/blog\/musique-et-icones-musicales\/patrick-bruel-annule-sa-tournee-dautomne-les-conditions-ne-sont-plus-reunies\/#primaryimage","url":"https:\/\/starstory.fr\/blog\/wp-content\/uploads\/2026\/09\/pf8418-scaled.jpg","contentUrl":"https:\/\/starstory.fr\/blog\/wp-content\/uploads\/2026\/09\/pf8418-scaled.jpg","width":1200,"height":800},{"@type":"WebSite","@id":"https:\/\/starstory.fr\/blog\/#website","url":"https:\/\/starstory.fr\/blog\/","name":"StarStory","description":"StarStory, les \u00e9toiles racontent leur histoire","publisher":{"@id":"https:\/\/starstory.fr\/blog\/#organization"},"alternateName":"StarStory, les \u00e9toiles racontent leur histoire","potentialAction":[{"@type":"SearchAction","target":{"@type":"EntryPoint","urlTemplate":"https:\/\/starstory.fr\/blog\/?s={search_term_string}"},"query-input":{"@type":"PropertyValueSpecification","valueRequired":true,"valueName":"search_term_string"}}],"inLanguage":"fr-FR"},{"@type":"Organization","@id":"https:\/\/starstory.fr\/blog\/#organization","name":"StarStory","alternateName":"StarStory.fr","url":"https:\/\/starstory.fr\/blog\/","logo":{"@type":"ImageObject","inLanguage":"fr-FR","@id":"https:\/\/starstory.fr\/blog\/#\/schema\/logo\/image\/","url":"https:\/\/starstory.fr\/blog\/wp-content\/uploads\/2024\/12\/38.png","contentUrl":"https:\/\/starstory.fr\/blog\/wp-content\/uploads\/2024\/12\/38.png","width":500,"height":500,"caption":"StarStory"},"image":{"@id":"https:\/\/starstory.fr\/blog\/#\/schema\/logo\/image\/"}},{"@type":"Person","@id":"https:\/\/starstory.fr\/blog\/#\/schema\/person\/3c864cdc320801e3db34b663e7e3f816","name":"Rapha\u00ebl D.","image":{"@type":"ImageObject","inLanguage":"fr-FR","@id":"https:\/\/starstory.fr\/blog\/#\/schema\/person\/image\/","url":"https:\/\/starstory.fr\/blog\/wp-content\/uploads\/2026\/06\/persona_raphael-d-96x96.jpg","contentUrl":"https:\/\/starstory.fr\/blog\/wp-content\/uploads\/2026\/06\/persona_raphael-d-96x96.jpg","caption":"Rapha\u00ebl D."},"description":"La culture est mon terrain de jeu depuis une dizaine d'ann\u00e9es : arts visuels, s\u00e9ries, cr\u00e9ation et tout ce qui nourrit l'imaginaire. J'\u00e9cris aussi bien sur l'actualit\u00e9 des \u0153uvres que sur les coulisses de la cr\u00e9ation, avec l'envie de relier l'amateur curieux \u00e0 des univers parfois jug\u00e9s intimidants. J'aime analyser une s\u00e9rie ou une d\u00e9marche artistique sans p\u00e9dantisme, replacer une \u0153uvre dans son contexte et donner des cl\u00e9s de lecture accessibles. Avant de publier, je v\u00e9rifie mes r\u00e9f\u00e9rences, je recoupe les sources et je distingue clairement le fait de mon interpr\u00e9tation subjective. Je crois qu'une critique vaut surtout par les arguments qu'elle expose, pas par la sentence qu'elle rend. Mon angle : transmettre l'envie de d\u00e9couvrir, de regarder autrement et de se forger son propre go\u00fbt. La culture n'appartient pas qu'aux initi\u00e9s, et c'est tout l'enjeu de mon \u00e9criture.","url":"https:\/\/starstory.fr\/blog\/auteur\/noname\/","jobTitle":"R\u00e9dacteur en chef \u00b7 Culture & Cr\u00e9ation","knowsAbout":["Culture","Cr\u00e9ation"],"email":"raphael.d@a-l-asso-de-l-art.fr"}]}},"_links":{"self":[{"href":"https:\/\/starstory.fr\/blog\/wp-json\/wp\/v2\/posts\/8418","targetHints":{"allow":["GET"]}}],"collection":[{"href":"https:\/\/starstory.fr\/blog\/wp-json\/wp\/v2\/posts"}],"about":[{"href":"https:\/\/starstory.fr\/blog\/wp-json\/wp\/v2\/types\/post"}],"author":[{"embeddable":true,"href":"https:\/\/starstory.fr\/blog\/wp-json\/wp\/v2\/users\/34"}],"replies":[{"embeddable":true,"href":"https:\/\/starstory.fr\/blog\/wp-json\/wp\/v2\/comments?post=8418"}],"version-history":[{"count":0,"href":"https:\/\/starstory.fr\/blog\/wp-json\/wp\/v2\/posts\/8418\/revisions"}],"wp:featuredmedia":[{"embeddable":true,"href":"https:\/\/starstory.fr\/blog\/wp-json\/wp\/v2\/media\/8419"}],"wp:attachment":[{"href":"https:\/\/starstory.fr\/blog\/wp-json\/wp\/v2\/media?parent=8418"}],"wp:term":[{"taxonomy":"category","embeddable":true,"href":"https:\/\/starstory.fr\/blog\/wp-json\/wp\/v2\/categories?post=8418"},{"taxonomy":"post_tag","embeddable":true,"href":"https:\/\/starstory.fr\/blog\/wp-json\/wp\/v2\/tags?post=8418"}],"curies":[{"name":"wp","href":"https:\/\/api.w.org\/{rel}","templated":true}]}}