{"id":8368,"date":"2026-08-30T22:48:48","date_gmt":"2026-08-30T20:48:48","guid":{"rendered":"https:\/\/starstory.fr\/blog\/celebrites-et-influence-en-france\/geraldine-nakache-maman-a-46-ans-ses-confidences-sur-sa-grossesse-miracle\/"},"modified":"2026-08-30T22:48:48","modified_gmt":"2026-08-30T20:48:48","slug":"geraldine-nakache-maman-a-46-ans-ses-confidences-sur-sa-grossesse-miracle","status":"publish","type":"post","link":"https:\/\/starstory.fr\/blog\/celebrites-et-influence-en-france\/geraldine-nakache-maman-a-46-ans-ses-confidences-sur-sa-grossesse-miracle\/","title":{"rendered":"G\u00e9raldine Nakache maman \u00e0 46 ans : ses confidences sur sa grossesse \u00ab miracle \u00bb"},"content":{"rendered":"<p><strong>G\u00e9raldine Nakache est maman pour la troisi\u00e8me fois \u00e0 46 ans<\/strong> : l&rsquo;actrice et r\u00e9alisatrice s&rsquo;est confi\u00e9e sur cette grossesse qu&rsquo;elle qualifie de \u00ab miracle \u00bb dans le magazine <em>ELLE<\/em>, num\u00e9ro paru le <strong>jeudi 27 ao\u00fbt 2026<\/strong>. Des propos repris depuis par <em>Cosmopolitan<\/em> (28 ao\u00fbt) et <em>Gala<\/em> (29 ao\u00fbt), qui referment une s\u00e9quence entam\u00e9e \u00e0 Cannes en mai dernier, quand elle avait elle-m\u00eame annonc\u00e9 la naissance au d\u00e9tour d&rsquo;une interview mode.<\/p>\n<div class=\"encart-enbref\">\n<h2>En bref<\/h2>\n<ul>\n<li><strong>Ce qui vient de sortir<\/strong> : une interview de G\u00e9raldine Nakache dans <em>ELLE<\/em> dat\u00e9 du <strong>27 ao\u00fbt 2026<\/strong>, o\u00f9 elle revient sur sa troisi\u00e8me maternit\u00e9 \u00e0 <strong>46 ans<\/strong>.<\/li>\n<li><strong>Ses mots<\/strong> : \u00ab on ne s&rsquo;y attendait vraiment pas \u00bb, apr\u00e8s un parcours m\u00e9dical qu&rsquo;elle d\u00e9crit comme \u00ab jalonn\u00e9 de nombreux deuils \u00bb.<\/li>\n<li><strong>Le d\u00e9tail qui l&rsquo;a boulevers\u00e9e<\/strong> : son fils est n\u00e9 \u00ab le m\u00eame jour \u00bb que son fr\u00e8re, le r\u00e9alisateur <strong>Olivier Nakache<\/strong>.<\/li>\n<li><strong>C\u00f4t\u00e9 travail<\/strong> : son quatri\u00e8me long m\u00e9trage, <em>Si tu penses bien<\/em>, sort en salles le <strong>16 septembre 2026<\/strong> \u2014 et vient de d\u00e9crocher un prix \u00e0 Angoul\u00eame.<\/li>\n<\/ul>\n<\/div>\n<h2>Ce qu&rsquo;elle a dit, et o\u00f9 elle l&rsquo;a dit<\/h2>\n<p>L&rsquo;information n&rsquo;est pas une rumeur de plateau : c&rsquo;est G\u00e9raldine Nakache elle-m\u00eame qui parle, dans les colonnes de <em>ELLE<\/em>. Le magazine, sorti le <strong>27 ao\u00fbt 2026<\/strong>, publie un entretien dans lequel la com\u00e9dienne accepte pour la premi\u00e8re fois de d\u00e9tailler le chemin qui a men\u00e9 \u00e0 cette troisi\u00e8me naissance. <em>Cosmopolitan<\/em> et <em>Gala<\/em> ont repris l&rsquo;entretien dans les heures qui ont suivi, en citant tous deux le m\u00eame passage, mot pour mot.<\/p>\n<blockquote class=\"encart-citation\">\n<p>\u00ab Quand j&rsquo;ai voulu un deuxi\u00e8me enfant, on m&rsquo;a dit que \u00e7a ne marcherait plus. J&rsquo;ai fait tout un parcours, jalonn\u00e9 de nombreux deuils, et puis ce deuxi\u00e8me b\u00e9b\u00e9 est arriv\u00e9. Alors le troisi\u00e8me, \u00e0 46 ans, on ne s&rsquo;y attendait vraiment pas ! \u00bb<\/p>\n<p><cite>G\u00e9raldine Nakache, propos recueillis par <em>ELLE<\/em>, num\u00e9ro du 27 ao\u00fbt 2026 \u2014 cit\u00e9s par <a href=\"https:\/\/www.gala.fr\/l_actu\/news_de_stars\/geraldine-nakache-maman-pour-la-troisieme-fois-a-46-ans-mon-fils-est-ne-avec-un-mois-d-avance-le-meme-jour-que-mon-frere-20260829\" rel=\"nofollow\" target=\"_blank\">Gala<\/a> et <a href=\"https:\/\/www.cosmopolitan.fr\/geraldine-nakache-grossesse-miracle-46-ans,2163785.asp\" rel=\"nofollow\" target=\"_blank\">Cosmopolitan<\/a>.<\/cite>\n<\/p><\/blockquote>\n<p>Dans le m\u00eame entretien, elle s&rsquo;arr\u00eate sur une co\u00efncidence de calendrier qui l&rsquo;a marqu\u00e9e. Son fils, explique-t-elle, <strong>\u00ab est n\u00e9 avec un mois d&rsquo;avance \u00bb<\/strong>, et surtout <strong>\u00ab le m\u00eame jour que mon fr\u00e8re \u00bb<\/strong> \u2014 <a href=\"https:\/\/fr.wikipedia.org\/wiki\/Olivier_Nakache\" rel=\"nofollow\" target=\"_blank\">Olivier Nakache<\/a>, cor\u00e9alisateur d&rsquo;<em>Intouchables<\/em>, qu&rsquo;elle d\u00e9crit comme \u00ab l&rsquo;homme que j&rsquo;aime le plus au monde \u00bb. G\u00e9raldine Nakache a perdu son p\u00e8re, et dit avoir vu dans cette date \u00ab un signe \u00bb. C&rsquo;est le seul \u00e9l\u00e9ment qu&rsquo;elle livre sur cette naissance : ni pr\u00e9nom, ni date, ni photo. <strong>Nous nous en tenons strictement \u00e0 ce p\u00e9rim\u00e8tre<\/strong> : il s&rsquo;agit d&rsquo;un nouveau-n\u00e9, et rien de ce qui pourrait l&rsquo;identifier n&rsquo;a sa place ici.<\/p>\n<h2>L&rsquo;annonce, c&rsquo;\u00e9tait \u00e0 Cannes \u2014 et par elle<\/h2>\n<p>Le premier mot \u00e9tait tomb\u00e9 trois mois plus t\u00f4t, et il n&rsquo;\u00e9tait m\u00eame pas destin\u00e9 \u00e0 faire une actualit\u00e9. Le <strong>22 mai 2026<\/strong>, en marge du Festival de Cannes o\u00f9 elle pr\u00e9sentait <em>Si tu penses bien<\/em>, G\u00e9raldine Nakache se pr\u00eate au format \u00ab Minute Mode \u00bb de <em>ELLE<\/em>. Interrog\u00e9e sur son dernier achat, elle glisse, sans emphase :<\/p>\n<blockquote class=\"encart-citation\">\n<p>\u00ab Je suis maman \u00e0 nouveau depuis peu de temps, du coup je ne rentre pas forc\u00e9ment dans les v\u00eatements qui pourraient m&rsquo;aller \u00e0 nouveau. J&rsquo;avais envie de me sentir un peu jolie donc j&rsquo;ai achet\u00e9 une paire de slingback Chanel. \u00bb<\/p>\n<p><cite>G\u00e9raldine Nakache, interview \u00ab Minute Mode \u00bb, <a href=\"https:\/\/www.elle.fr\/Mode\/La-mode-des-stars\/Je-suis-maman-a-nouveau-la-Minute-Mode-de-Geraldine-Nakache-a-Cannes-4470472\" rel=\"nofollow\" target=\"_blank\">elle.fr<\/a>, publi\u00e9e le 22 mai 2026.<\/cite>\n<\/p><\/blockquote>\n<p>Pr\u00e9cision utile, parce que la phrase a beaucoup circul\u00e9 sous des formes raccourcies : dans l&rsquo;entretien d&rsquo;origine, elle ne dit pas \u00ab je ne rentre plus dans mes v\u00eatements \u00bb. Elle dit qu&rsquo;elle ne rentre <em>\u00ab pas forc\u00e9ment dans les v\u00eatements qui pourraient m&rsquo;aller \u00e0 nouveau \u00bb<\/em>. La nuance a disparu au fil des reprises.<\/p>\n<h2>Le contexte, en une seule donn\u00e9e officielle<\/h2>\n<p>Une maternit\u00e9 \u00e0 46 ans reste statistiquement rare en France, sans \u00eatre un cas isol\u00e9. Selon le <a href=\"https:\/\/www.insee.fr\/fr\/statistiques\/8719824\" rel=\"nofollow\" target=\"_blank\">Bilan d\u00e9mographique 2025<\/a> de l&rsquo;Insee (<em>Insee Premi\u00e8re<\/em> n\u00b0 2087), l&rsquo;\u00e2ge moyen \u00e0 l&rsquo;accouchement s&rsquo;\u00e9tablit \u00e0 <strong>31,2 ans en 2025<\/strong> pour les femmes, contre <strong>29,6 ans en 2005<\/strong> \u2014 une hausse continue sur vingt ans. C&rsquo;est un rep\u00e8re de cadrage, rien de plus : G\u00e9raldine Nakache ne livre aucun d\u00e9tail m\u00e9dical, et il n&rsquo;y a ici ni conseil ni g\u00e9n\u00e9ralisation \u00e0 en tirer.<\/p>\n<h2>Ce que les reprises people n&rsquo;ont pas dit : son film vient d&rsquo;\u00eatre prim\u00e9<\/h2>\n<p>Pendant que la s\u00e9quence \u00ab b\u00e9b\u00e9 miracle \u00bb tournait en boucle, l&rsquo;actualit\u00e9 professionnelle de G\u00e9raldine Nakache avan\u00e7ait \u00e0 Angoul\u00eame. Son quatri\u00e8me long m\u00e9trage en tant que r\u00e9alisatrice, <strong><em>Si tu penses bien<\/em><\/strong>, \u00e9tait en comp\u00e9tition au <strong>19<sup>e<\/sup> Festival du film francophone<\/strong>. Et le palmar\u00e8s, proclam\u00e9 le <strong>samedi 29 ao\u00fbt 2026<\/strong>, l&rsquo;a distingu\u00e9e : <strong>Monia Chokri a remport\u00e9 le Valois de l&rsquo;actrice<\/strong> pour son r\u00f4le dans le film \u2014 une r\u00e9compense confirm\u00e9e par <a href=\"https:\/\/www.allocine.fr\/article\/fichearticle_gen_carticle=1000216629.html\" rel=\"nofollow\" target=\"_blank\">AlloCin\u00e9<\/a> et par <a href=\"https:\/\/www.charentelibre.fr\/culture-et-loisirs\/gustave-kervern-sacre-au-ffa-voila-c-est-fini-remporte-le-valois-de-diamant-decouvrez-le-palmares-30411353.php\" rel=\"nofollow\" target=\"_blank\">Charente Libre<\/a>. Le Valois de diamant, lui, est all\u00e9 \u00e0 <em>Voil\u00e0, c&rsquo;est fini<\/em> de Gustave Kervern.<\/p>\n<p><em>Si tu penses bien<\/em> est un <strong>drame franco-belge de 94 minutes<\/strong> sur l&#8217;emprise dans le couple, co\u00e9crit avec David Lambert, avec <strong>Monia Chokri<\/strong>, <strong>Niels Schneider<\/strong> et <strong>Cl\u00e9mentine C\u00e9lari\u00e9<\/strong>. Il avait \u00e9t\u00e9 pr\u00e9sent\u00e9 <strong>hors comp\u00e9tition \u00e0 Cannes 2026<\/strong>, dans la section Cannes Premi\u00e8res, le 15 mai. <strong>Sortie en salles : le 16 septembre 2026.<\/strong> C&rsquo;est un virage net pour une cin\u00e9aste identifi\u00e9e \u00e0 la com\u00e9die depuis quinze ans.<\/p>\n<h2>Sa filmographie de r\u00e9alisatrice, remise en ordre<\/h2>\n<p>On lui attribue r\u00e9guli\u00e8rement des films qu&rsquo;elle n&rsquo;a pas sign\u00e9s. Voici les quatre longs m\u00e9trages qu&rsquo;elle a r\u00e9ellement r\u00e9alis\u00e9s :<\/p>\n<table>\n<thead>\n<tr>\n<th>Ann\u00e9e<\/th>\n<th>Film<\/th>\n<th>Pr\u00e9cision<\/th>\n<\/tr>\n<\/thead>\n<tbody>\n<tr>\n<td><strong>2010<\/strong><\/td>\n<td><em>Tout ce qui brille<\/em><\/td>\n<td>Cor\u00e9alis\u00e9 avec <strong>Herv\u00e9 Mimran<\/strong> \u2014 nomm\u00e9 au <strong>C\u00e9sar du meilleur premier film<\/strong> en 2011<\/td>\n<\/tr>\n<tr>\n<td><strong>2012<\/strong><\/td>\n<td><em>Nous York<\/em><\/td>\n<td>\u00c9galement cor\u00e9alis\u00e9 avec Herv\u00e9 Mimran<\/td>\n<\/tr>\n<tr>\n<td><strong>2019<\/strong><\/td>\n<td><em>J&rsquo;irai o\u00f9 tu iras<\/em><\/td>\n<td>Sa premi\u00e8re r\u00e9alisation en solo<\/td>\n<\/tr>\n<tr>\n<td><strong>2026<\/strong><\/td>\n<td><em>Si tu penses bien<\/em><\/td>\n<td>Drame, <strong>en salles le 16 septembre 2026<\/strong><\/td>\n<\/tr>\n<\/tbody>\n<\/table>\n<p>Deux rep\u00e8res \u00e0 retenir sur ce tableau. D&rsquo;abord, <em>Tout ce qui brille<\/em> et <em>Nous York<\/em> sont des <strong>cor\u00e9alisations<\/strong> avec Herv\u00e9 Mimran, pas des films solo : c&rsquo;est l&rsquo;erreur la plus fr\u00e9quente. Ensuite, la nomination de 2011 porte bien sur le <strong>C\u00e9sar du meilleur premier film<\/strong>, partag\u00e9e avec Herv\u00e9 Mimran \u2014 pas sur un C\u00e9sar de la r\u00e9alisation.<\/p>\n<p>C\u00f4t\u00e9 jeu, sa filmographie d&rsquo;actrice est plus fournie : <em>Sur la piste du Marsupilami<\/em> (2012), <em>Les Infid\u00e8les<\/em> (2012), <em>Kaamelott : Premier Volet<\/em> (2021) ou la s\u00e9rie <em>Hippocrate<\/em>.<\/p>\n<h2>Le film, expliqu\u00e9 par elle et son \u00e9quipe<\/h2>\n<p>Sur France 24, le 29 ao\u00fbt 2026, l&rsquo;\u00e9quipe revient sur ce changement de registre et sur le sujet du film :<\/p>\n<div class=\"embed-video\"><iframe width=\"560\" height=\"315\" src=\"https:\/\/www.youtube.com\/embed\/S5b5JzYsSaY\" title=\"&laquo; Si tu penses bien &raquo; de G&eacute;raldine Nakache : un drame sur l&rsquo;emprise - FRANCE 24\" frameborder=\"0\" allow=\"accelerometer; autoplay; clipboard-write; encrypted-media; gyroscope; picture-in-picture\" allowfullscreen loading=\"lazy\"><\/iframe><\/p>\n<p class=\"embed-credit\">Source : <a href=\"https:\/\/www.youtube.com\/watch?v=S5b5JzYsSaY\" rel=\"nofollow\" target=\"_blank\">FRANCE 24<\/a> &mdash; mise en ligne le 29 ao&ucirc;t 2026.<\/p>\n<\/div>\n<h2>Les 4 dates \u00e0 retenir<\/h2>\n<ul>\n<li><strong>15 mai 2026<\/strong> \u2014 pr\u00e9sentation de <em>Si tu penses bien<\/em> \u00e0 Cannes, section Cannes Premi\u00e8res, hors comp\u00e9tition.<\/li>\n<li><strong>22 mai 2026<\/strong> \u2014 G\u00e9raldine Nakache annonce sa maternit\u00e9 dans l&rsquo;interview \u00ab Minute Mode \u00bb de <em>ELLE<\/em>.<\/li>\n<li><strong>27 ao\u00fbt 2026<\/strong> \u2014 parution du num\u00e9ro de <em>ELLE<\/em> contenant ses confidences sur sa grossesse \u00ab miracle \u00bb.<\/li>\n<li><strong>29 ao\u00fbt 2026<\/strong> \u2014 palmar\u00e8s du 19<sup>e<\/sup> FFA d&rsquo;Angoul\u00eame : <strong>Valois de l&rsquo;actrice<\/strong> pour Monia Chokri dans son film.<\/li>\n<\/ul>\n<h2>Ce que nous ne publions pas<\/h2>\n<p>Trois \u00e9l\u00e9ments circulent et n&rsquo;apparaissent pas ici : <strong>tout d\u00e9tail concernant l&rsquo;enfant<\/strong> (pr\u00e9nom, date, image), parce qu&rsquo;il s&rsquo;agit d&rsquo;un nouveau-n\u00e9 ; <strong>la vie priv\u00e9e de son compagnon<\/strong>, que l&rsquo;actrice ne commente pas ; et les <strong>lectures m\u00e9dicales<\/strong> de sa grossesse, sur lesquelles elle n&rsquo;a rien dit.<\/p>\n<h2>Questions fr\u00e9quentes<\/h2>\n<details>\n<summary>Quel \u00e2ge a G\u00e9raldine Nakache ?<\/summary>\n<p>N\u00e9e le <strong>16 f\u00e9vrier 1980<\/strong>, G\u00e9raldine Nakache a <strong>46 ans<\/strong>. C&rsquo;est \u00e0 cet \u00e2ge qu&rsquo;elle est devenue m\u00e8re pour la troisi\u00e8me fois, comme elle l&rsquo;a confi\u00e9 \u00e0 <em>ELLE<\/em> dans le num\u00e9ro du 27 ao\u00fbt 2026.<\/p>\n<\/details>\n<details>\n<summary>Quel est le lien entre G\u00e9raldine et Olivier Nakache ?<\/summary>\n<p>Olivier Nakache est son <strong>fr\u00e8re<\/strong>. R\u00e9alisateur, il a notamment cosign\u00e9 <em>Intouchables<\/em> avec \u00c9ric Toledano. Dans son interview \u00e0 <em>ELLE<\/em>, G\u00e9raldine Nakache raconte que son fils est n\u00e9 \u00ab le m\u00eame jour \u00bb que lui, et le d\u00e9crit comme \u00ab l&rsquo;homme que j&rsquo;aime le plus au monde \u00bb.<\/p>\n<\/details>\n<details>\n<summary>Quand sort le nouveau film de G\u00e9raldine Nakache ?<\/summary>\n<p><em>Si tu penses bien<\/em>, son quatri\u00e8me long m\u00e9trage en tant que r\u00e9alisatrice, sort en salles le <strong>16 septembre 2026<\/strong>. Ce drame de 94 minutes sur l&#8217;emprise amoureuse r\u00e9unit Monia Chokri, Niels Schneider et Cl\u00e9mentine C\u00e9lari\u00e9. Il a \u00e9t\u00e9 pr\u00e9sent\u00e9 \u00e0 Cannes en mai 2026 et a valu \u00e0 Monia Chokri le <strong>Valois de l&rsquo;actrice<\/strong> au Festival du film francophone d&rsquo;Angoul\u00eame, le 29 ao\u00fbt 2026.<\/p>\n<\/details>\n<h2>\u00c0 retenir<\/h2>\n<p>G\u00e9raldine Nakache a choisi de raconter, dans <em>ELLE<\/em> du <strong>27 ao\u00fbt 2026<\/strong>, une troisi\u00e8me maternit\u00e9 \u00e0 <strong>46 ans<\/strong> qu&rsquo;elle n&rsquo;attendait plus \u2014 sans rien livrer sur l&rsquo;enfant lui-m\u00eame. En parall\u00e8le, sa carri\u00e8re de r\u00e9alisatrice franchit une \u00e9tape : <em>Si tu penses bien<\/em>, son premier drame apr\u00e8s trois com\u00e9dies, arrive en salles le <strong>16 septembre 2026<\/strong> et a d\u00e9j\u00e0 d\u00e9croch\u00e9 un Valois \u00e0 Angoul\u00eame. Pour prolonger, vous pouvez lire notre panorama des <a href=\"https:\/\/starstory.fr\/blog\/cinema-et-television\/les-actrices-francaises-les-plus-connues-icones-du-cinema-hexagonal\/\">actrices fran\u00e7aises les plus connues<\/a>, notre r\u00e9capitulatif du <a href=\"https:\/\/starstory.fr\/blog\/cinema-et-television\/festival-de-cannes-2026-palmares-palme-d-or-et-stars-de-la-croisette\/\">palmar\u00e8s du Festival de Cannes 2026<\/a> et notre s\u00e9lection des <a href=\"https:\/\/starstory.fr\/blog\/cinema-et-television\/cinema-les-films-les-plus-attendus-de-l-ete-2026\/\">films les plus attendus de 2026<\/a>.<\/p>\n<p><script type=\"application\/ld+json\">{\"@context\": \"https:\/\/schema.org\", \"@type\": \"FAQPage\", \"mainEntity\": [{\"@type\": \"Question\", \"name\": \"Quel \u00e2ge a G\u00e9raldine Nakache ?\", \"acceptedAnswer\": {\"@type\": \"Answer\", \"text\": \"N\u00e9e le 16 f\u00e9vrier 1980, G\u00e9raldine Nakache a 46 ans. C'est \u00e0 cet \u00e2ge qu'elle est devenue m\u00e8re pour la troisi\u00e8me fois, comme elle l'a confi\u00e9 \u00e0 ELLE dans le num\u00e9ro du 27 ao\u00fbt 2026.\"}}, {\"@type\": \"Question\", \"name\": \"Quel est le lien entre G\u00e9raldine et Olivier Nakache ?\", \"acceptedAnswer\": {\"@type\": \"Answer\", \"text\": \"Olivier Nakache est son fr\u00e8re. R\u00e9alisateur, il a notamment cosign\u00e9 Intouchables avec \u00c9ric Toledano. Dans son interview \u00e0 ELLE, G\u00e9raldine Nakache raconte que son fils est n\u00e9 \u00ab le m\u00eame jour \u00bb que lui, et le d\u00e9crit comme \u00ab l'homme que j'aime le plus au monde \u00bb.\"}}, {\"@type\": \"Question\", \"name\": \"Quand sort le nouveau film de G\u00e9raldine Nakache ?\", \"acceptedAnswer\": {\"@type\": \"Answer\", \"text\": \"Si tu penses bien, son quatri\u00e8me long m\u00e9trage en tant que r\u00e9alisatrice, sort en salles le 16 septembre 2026. Ce drame de 94 minutes sur l'emprise amoureuse r\u00e9unit Monia Chokri, Niels Schneider et Cl\u00e9mentine C\u00e9lari\u00e9. Il a \u00e9t\u00e9 pr\u00e9sent\u00e9 \u00e0 Cannes en mai 2026 et a valu \u00e0 Monia Chokri le Valois de l'actrice au Festival du film francophone d'Angoul\u00eame, le 29 ao\u00fbt 2026.\"}}]}<\/script><\/p>\n","protected":false},"excerpt":{"rendered":"","protected":false},"author":41,"featured_media":8369,"comment_status":"open","ping_status":"open","sticky":false,"template":"","format":"standard","meta":{"_acf_changed":false,"manual_indexmenow":false,"indexmenow_id_project":0,"footnotes":""},"categories":[4524],"tags":[],"class_list":["post-8368","post","type-post","status-publish","format-standard","has-post-thumbnail","hentry","category-celebrites-et-influence-en-france","generate-columns","tablet-grid-50","mobile-grid-100","grid-parent","grid-25"],"acf":[],"yoast_head":"<!-- This site is optimized with the Yoast SEO Premium plugin v21.3 (Yoast SEO v26.5) - https:\/\/yoast.com\/wordpress\/plugins\/seo\/ -->\n<title>G\u00e9raldine Nakache maman \u00e0 46 ans : ses confidences<\/title>\n<meta name=\"description\" content=\"G\u00e9raldine Nakache s&#039;est confi\u00e9e dans ELLE du 27 ao\u00fbt 2026 sur sa 3e maternit\u00e9 \u00e0 46 ans. Ses mots exacts, et son film \u00ab Si tu penses bien \u00bb prim\u00e9 \u00e0 Angoul\u00eame.\" \/>\n<meta name=\"robots\" content=\"index, follow, max-snippet:-1, max-image-preview:large, max-video-preview:-1\" \/>\n<link rel=\"canonical\" href=\"https:\/\/starstory.fr\/blog\/celebrites-et-influence-en-france\/geraldine-nakache-maman-a-46-ans-ses-confidences-sur-sa-grossesse-miracle\/\" \/>\n<meta property=\"og:locale\" content=\"fr_FR\" \/>\n<meta property=\"og:type\" content=\"article\" \/>\n<meta property=\"og:title\" content=\"G\u00e9raldine Nakache maman \u00e0 46 ans : ses confidences\" \/>\n<meta property=\"og:description\" content=\"G\u00e9raldine Nakache s&#039;est confi\u00e9e dans ELLE du 27 ao\u00fbt 2026 sur sa 3e maternit\u00e9 \u00e0 46 ans. Ses mots exacts, et son film \u00ab Si tu penses bien \u00bb prim\u00e9 \u00e0 Angoul\u00eame.\" \/>\n<meta property=\"og:url\" content=\"https:\/\/starstory.fr\/blog\/celebrites-et-influence-en-france\/geraldine-nakache-maman-a-46-ans-ses-confidences-sur-sa-grossesse-miracle\/\" \/>\n<meta property=\"og:site_name\" content=\"starstory\" \/>\n<meta property=\"og:image\" content=\"https:\/\/starstory.fr\/blog\/wp-content\/uploads\/2026\/08\/pf8368-scaled.jpg\" \/>\n\t<meta property=\"og:image:width\" content=\"1200\" \/>\n\t<meta property=\"og:image:height\" content=\"801\" \/>\n\t<meta property=\"og:image:type\" content=\"image\/jpeg\" \/>\n<meta name=\"author\" content=\"Sophie Moreau\" \/>\n<meta name=\"twitter:card\" content=\"summary_large_image\" \/>\n<script type=\"application\/ld+json\" class=\"yoast-schema-graph\">{\"@context\":\"https:\/\/schema.org\",\"@graph\":[{\"@type\":\"NewsArticle\",\"@id\":\"https:\/\/starstory.fr\/blog\/celebrites-et-influence-en-france\/geraldine-nakache-maman-a-46-ans-ses-confidences-sur-sa-grossesse-miracle\/#article\",\"isPartOf\":{\"@id\":\"https:\/\/starstory.fr\/blog\/celebrites-et-influence-en-france\/geraldine-nakache-maman-a-46-ans-ses-confidences-sur-sa-grossesse-miracle\/\"},\"author\":{\"name\":\"Sophie Moreau\",\"@id\":\"https:\/\/starstory.fr\/blog\/#\/schema\/person\/2cb6361ad79e679e2b744281310c1e3b\"},\"headline\":\"G\u00e9raldine Nakache maman \u00e0 46 ans : ses confidences sur sa grossesse \u00ab miracle \u00bb\",\"datePublished\":\"2026-08-30T20:48:48+00:00\",\"mainEntityOfPage\":{\"@id\":\"https:\/\/starstory.fr\/blog\/celebrites-et-influence-en-france\/geraldine-nakache-maman-a-46-ans-ses-confidences-sur-sa-grossesse-miracle\/\"},\"wordCount\":1556,\"commentCount\":0,\"publisher\":{\"@id\":\"https:\/\/starstory.fr\/blog\/#organization\"},\"image\":{\"@id\":\"https:\/\/starstory.fr\/blog\/celebrites-et-influence-en-france\/geraldine-nakache-maman-a-46-ans-ses-confidences-sur-sa-grossesse-miracle\/#primaryimage\"},\"thumbnailUrl\":\"https:\/\/starstory.fr\/blog\/wp-content\/uploads\/2026\/08\/pf8368-scaled.jpg\",\"articleSection\":[\"C\u00e9l\u00e9brit\u00e9s et Influence en France\"],\"inLanguage\":\"fr-FR\",\"potentialAction\":[{\"@type\":\"CommentAction\",\"name\":\"Comment\",\"target\":[\"https:\/\/starstory.fr\/blog\/celebrites-et-influence-en-france\/geraldine-nakache-maman-a-46-ans-ses-confidences-sur-sa-grossesse-miracle\/#respond\"]}]},{\"@type\":\"WebPage\",\"@id\":\"https:\/\/starstory.fr\/blog\/celebrites-et-influence-en-france\/geraldine-nakache-maman-a-46-ans-ses-confidences-sur-sa-grossesse-miracle\/\",\"url\":\"https:\/\/starstory.fr\/blog\/celebrites-et-influence-en-france\/geraldine-nakache-maman-a-46-ans-ses-confidences-sur-sa-grossesse-miracle\/\",\"name\":\"G\u00e9raldine Nakache maman \u00e0 46 ans : ses confidences\",\"isPartOf\":{\"@id\":\"https:\/\/starstory.fr\/blog\/#website\"},\"primaryImageOfPage\":{\"@id\":\"https:\/\/starstory.fr\/blog\/celebrites-et-influence-en-france\/geraldine-nakache-maman-a-46-ans-ses-confidences-sur-sa-grossesse-miracle\/#primaryimage\"},\"image\":{\"@id\":\"https:\/\/starstory.fr\/blog\/celebrites-et-influence-en-france\/geraldine-nakache-maman-a-46-ans-ses-confidences-sur-sa-grossesse-miracle\/#primaryimage\"},\"thumbnailUrl\":\"https:\/\/starstory.fr\/blog\/wp-content\/uploads\/2026\/08\/pf8368-scaled.jpg\",\"datePublished\":\"2026-08-30T20:48:48+00:00\",\"description\":\"G\u00e9raldine Nakache s'est confi\u00e9e dans ELLE du 27 ao\u00fbt 2026 sur sa 3e maternit\u00e9 \u00e0 46 ans. Ses mots exacts, et son film \u00ab Si tu penses bien \u00bb prim\u00e9 \u00e0 Angoul\u00eame.\",\"inLanguage\":\"fr-FR\",\"potentialAction\":[{\"@type\":\"ReadAction\",\"target\":[\"https:\/\/starstory.fr\/blog\/celebrites-et-influence-en-france\/geraldine-nakache-maman-a-46-ans-ses-confidences-sur-sa-grossesse-miracle\/\"]}]},{\"@type\":\"ImageObject\",\"inLanguage\":\"fr-FR\",\"@id\":\"https:\/\/starstory.fr\/blog\/celebrites-et-influence-en-france\/geraldine-nakache-maman-a-46-ans-ses-confidences-sur-sa-grossesse-miracle\/#primaryimage\",\"url\":\"https:\/\/starstory.fr\/blog\/wp-content\/uploads\/2026\/08\/pf8368-scaled.jpg\",\"contentUrl\":\"https:\/\/starstory.fr\/blog\/wp-content\/uploads\/2026\/08\/pf8368-scaled.jpg\",\"width\":1200,\"height\":801},{\"@type\":\"WebSite\",\"@id\":\"https:\/\/starstory.fr\/blog\/#website\",\"url\":\"https:\/\/starstory.fr\/blog\/\",\"name\":\"StarStory\",\"description\":\"StarStory, les \u00e9toiles racontent leur histoire\",\"publisher\":{\"@id\":\"https:\/\/starstory.fr\/blog\/#organization\"},\"alternateName\":\"StarStory, les \u00e9toiles racontent leur histoire\",\"potentialAction\":[{\"@type\":\"SearchAction\",\"target\":{\"@type\":\"EntryPoint\",\"urlTemplate\":\"https:\/\/starstory.fr\/blog\/?s={search_term_string}\"},\"query-input\":{\"@type\":\"PropertyValueSpecification\",\"valueRequired\":true,\"valueName\":\"search_term_string\"}}],\"inLanguage\":\"fr-FR\"},{\"@type\":\"Organization\",\"@id\":\"https:\/\/starstory.fr\/blog\/#organization\",\"name\":\"StarStory\",\"alternateName\":\"StarStory.fr\",\"url\":\"https:\/\/starstory.fr\/blog\/\",\"logo\":{\"@type\":\"ImageObject\",\"inLanguage\":\"fr-FR\",\"@id\":\"https:\/\/starstory.fr\/blog\/#\/schema\/logo\/image\/\",\"url\":\"https:\/\/starstory.fr\/blog\/wp-content\/uploads\/2024\/12\/38.png\",\"contentUrl\":\"https:\/\/starstory.fr\/blog\/wp-content\/uploads\/2024\/12\/38.png\",\"width\":500,\"height\":500,\"caption\":\"StarStory\"},\"image\":{\"@id\":\"https:\/\/starstory.fr\/blog\/#\/schema\/logo\/image\/\"}},{\"@type\":\"Person\",\"@id\":\"https:\/\/starstory.fr\/blog\/#\/schema\/person\/2cb6361ad79e679e2b744281310c1e3b\",\"name\":\"Sophie Moreau\",\"image\":{\"@type\":\"ImageObject\",\"inLanguage\":\"fr-FR\",\"@id\":\"https:\/\/starstory.fr\/blog\/#\/schema\/person\/image\/\",\"url\":\"https:\/\/secure.gravatar.com\/avatar\/?s=96&d=mm&r=g\",\"contentUrl\":\"https:\/\/secure.gravatar.com\/avatar\/?s=96&d=mm&r=g\",\"caption\":\"Sophie Moreau\"},\"description\":\"Sophie partage des articles sur les stars musicales de chaque d\u00e9cennie et leur impact sur la sc\u00e8ne fran\u00e7aise et internationale.\",\"url\":\"https:\/\/starstory.fr\/blog\/auteur\/sophie-moreau\/\",\"jobTitle\":\"Contributrice maison & d\u00e9co\",\"email\":\"sophie.moreau@starstory.fr\"}]}<\/script>\n<!-- \/ Yoast SEO Premium plugin. -->","yoast_head_json":{"title":"G\u00e9raldine Nakache maman \u00e0 46 ans : ses confidences","description":"G\u00e9raldine Nakache s'est confi\u00e9e dans ELLE du 27 ao\u00fbt 2026 sur sa 3e maternit\u00e9 \u00e0 46 ans. Ses mots exacts, et son film \u00ab Si tu penses bien \u00bb prim\u00e9 \u00e0 Angoul\u00eame.","robots":{"index":"index","follow":"follow","max-snippet":"max-snippet:-1","max-image-preview":"max-image-preview:large","max-video-preview":"max-video-preview:-1"},"canonical":"https:\/\/starstory.fr\/blog\/celebrites-et-influence-en-france\/geraldine-nakache-maman-a-46-ans-ses-confidences-sur-sa-grossesse-miracle\/","og_locale":"fr_FR","og_type":"article","og_title":"G\u00e9raldine Nakache maman \u00e0 46 ans : ses confidences","og_description":"G\u00e9raldine Nakache s'est confi\u00e9e dans ELLE du 27 ao\u00fbt 2026 sur sa 3e maternit\u00e9 \u00e0 46 ans. Ses mots exacts, et son film \u00ab Si tu penses bien \u00bb prim\u00e9 \u00e0 Angoul\u00eame.","og_url":"https:\/\/starstory.fr\/blog\/celebrites-et-influence-en-france\/geraldine-nakache-maman-a-46-ans-ses-confidences-sur-sa-grossesse-miracle\/","og_site_name":"starstory","og_image":[{"width":1200,"height":801,"url":"https:\/\/starstory.fr\/blog\/wp-content\/uploads\/2026\/08\/pf8368-scaled.jpg","type":"image\/jpeg"}],"author":"Sophie Moreau","twitter_card":"summary_large_image","schema":{"@context":"https:\/\/schema.org","@graph":[{"@type":"NewsArticle","@id":"https:\/\/starstory.fr\/blog\/celebrites-et-influence-en-france\/geraldine-nakache-maman-a-46-ans-ses-confidences-sur-sa-grossesse-miracle\/#article","isPartOf":{"@id":"https:\/\/starstory.fr\/blog\/celebrites-et-influence-en-france\/geraldine-nakache-maman-a-46-ans-ses-confidences-sur-sa-grossesse-miracle\/"},"author":{"name":"Sophie Moreau","@id":"https:\/\/starstory.fr\/blog\/#\/schema\/person\/2cb6361ad79e679e2b744281310c1e3b"},"headline":"G\u00e9raldine Nakache maman \u00e0 46 ans : ses confidences sur sa grossesse \u00ab miracle \u00bb","datePublished":"2026-08-30T20:48:48+00:00","mainEntityOfPage":{"@id":"https:\/\/starstory.fr\/blog\/celebrites-et-influence-en-france\/geraldine-nakache-maman-a-46-ans-ses-confidences-sur-sa-grossesse-miracle\/"},"wordCount":1556,"commentCount":0,"publisher":{"@id":"https:\/\/starstory.fr\/blog\/#organization"},"image":{"@id":"https:\/\/starstory.fr\/blog\/celebrites-et-influence-en-france\/geraldine-nakache-maman-a-46-ans-ses-confidences-sur-sa-grossesse-miracle\/#primaryimage"},"thumbnailUrl":"https:\/\/starstory.fr\/blog\/wp-content\/uploads\/2026\/08\/pf8368-scaled.jpg","articleSection":["C\u00e9l\u00e9brit\u00e9s et Influence en France"],"inLanguage":"fr-FR","potentialAction":[{"@type":"CommentAction","name":"Comment","target":["https:\/\/starstory.fr\/blog\/celebrites-et-influence-en-france\/geraldine-nakache-maman-a-46-ans-ses-confidences-sur-sa-grossesse-miracle\/#respond"]}]},{"@type":"WebPage","@id":"https:\/\/starstory.fr\/blog\/celebrites-et-influence-en-france\/geraldine-nakache-maman-a-46-ans-ses-confidences-sur-sa-grossesse-miracle\/","url":"https:\/\/starstory.fr\/blog\/celebrites-et-influence-en-france\/geraldine-nakache-maman-a-46-ans-ses-confidences-sur-sa-grossesse-miracle\/","name":"G\u00e9raldine Nakache maman \u00e0 46 ans : ses confidences","isPartOf":{"@id":"https:\/\/starstory.fr\/blog\/#website"},"primaryImageOfPage":{"@id":"https:\/\/starstory.fr\/blog\/celebrites-et-influence-en-france\/geraldine-nakache-maman-a-46-ans-ses-confidences-sur-sa-grossesse-miracle\/#primaryimage"},"image":{"@id":"https:\/\/starstory.fr\/blog\/celebrites-et-influence-en-france\/geraldine-nakache-maman-a-46-ans-ses-confidences-sur-sa-grossesse-miracle\/#primaryimage"},"thumbnailUrl":"https:\/\/starstory.fr\/blog\/wp-content\/uploads\/2026\/08\/pf8368-scaled.jpg","datePublished":"2026-08-30T20:48:48+00:00","description":"G\u00e9raldine Nakache s'est confi\u00e9e dans ELLE du 27 ao\u00fbt 2026 sur sa 3e maternit\u00e9 \u00e0 46 ans. Ses mots exacts, et son film \u00ab Si tu penses bien \u00bb prim\u00e9 \u00e0 Angoul\u00eame.","inLanguage":"fr-FR","potentialAction":[{"@type":"ReadAction","target":["https:\/\/starstory.fr\/blog\/celebrites-et-influence-en-france\/geraldine-nakache-maman-a-46-ans-ses-confidences-sur-sa-grossesse-miracle\/"]}]},{"@type":"ImageObject","inLanguage":"fr-FR","@id":"https:\/\/starstory.fr\/blog\/celebrites-et-influence-en-france\/geraldine-nakache-maman-a-46-ans-ses-confidences-sur-sa-grossesse-miracle\/#primaryimage","url":"https:\/\/starstory.fr\/blog\/wp-content\/uploads\/2026\/08\/pf8368-scaled.jpg","contentUrl":"https:\/\/starstory.fr\/blog\/wp-content\/uploads\/2026\/08\/pf8368-scaled.jpg","width":1200,"height":801},{"@type":"WebSite","@id":"https:\/\/starstory.fr\/blog\/#website","url":"https:\/\/starstory.fr\/blog\/","name":"StarStory","description":"StarStory, les \u00e9toiles racontent leur histoire","publisher":{"@id":"https:\/\/starstory.fr\/blog\/#organization"},"alternateName":"StarStory, les \u00e9toiles racontent leur histoire","potentialAction":[{"@type":"SearchAction","target":{"@type":"EntryPoint","urlTemplate":"https:\/\/starstory.fr\/blog\/?s={search_term_string}"},"query-input":{"@type":"PropertyValueSpecification","valueRequired":true,"valueName":"search_term_string"}}],"inLanguage":"fr-FR"},{"@type":"Organization","@id":"https:\/\/starstory.fr\/blog\/#organization","name":"StarStory","alternateName":"StarStory.fr","url":"https:\/\/starstory.fr\/blog\/","logo":{"@type":"ImageObject","inLanguage":"fr-FR","@id":"https:\/\/starstory.fr\/blog\/#\/schema\/logo\/image\/","url":"https:\/\/starstory.fr\/blog\/wp-content\/uploads\/2024\/12\/38.png","contentUrl":"https:\/\/starstory.fr\/blog\/wp-content\/uploads\/2024\/12\/38.png","width":500,"height":500,"caption":"StarStory"},"image":{"@id":"https:\/\/starstory.fr\/blog\/#\/schema\/logo\/image\/"}},{"@type":"Person","@id":"https:\/\/starstory.fr\/blog\/#\/schema\/person\/2cb6361ad79e679e2b744281310c1e3b","name":"Sophie Moreau","image":{"@type":"ImageObject","inLanguage":"fr-FR","@id":"https:\/\/starstory.fr\/blog\/#\/schema\/person\/image\/","url":"https:\/\/secure.gravatar.com\/avatar\/?s=96&d=mm&r=g","contentUrl":"https:\/\/secure.gravatar.com\/avatar\/?s=96&d=mm&r=g","caption":"Sophie Moreau"},"description":"Sophie partage des articles sur les stars musicales de chaque d\u00e9cennie et leur impact sur la sc\u00e8ne fran\u00e7aise et internationale.","url":"https:\/\/starstory.fr\/blog\/auteur\/sophie-moreau\/","jobTitle":"Contributrice maison & d\u00e9co","email":"sophie.moreau@starstory.fr"}]}},"_links":{"self":[{"href":"https:\/\/starstory.fr\/blog\/wp-json\/wp\/v2\/posts\/8368","targetHints":{"allow":["GET"]}}],"collection":[{"href":"https:\/\/starstory.fr\/blog\/wp-json\/wp\/v2\/posts"}],"about":[{"href":"https:\/\/starstory.fr\/blog\/wp-json\/wp\/v2\/types\/post"}],"author":[{"embeddable":true,"href":"https:\/\/starstory.fr\/blog\/wp-json\/wp\/v2\/users\/41"}],"replies":[{"embeddable":true,"href":"https:\/\/starstory.fr\/blog\/wp-json\/wp\/v2\/comments?post=8368"}],"version-history":[{"count":0,"href":"https:\/\/starstory.fr\/blog\/wp-json\/wp\/v2\/posts\/8368\/revisions"}],"wp:featuredmedia":[{"embeddable":true,"href":"https:\/\/starstory.fr\/blog\/wp-json\/wp\/v2\/media\/8369"}],"wp:attachment":[{"href":"https:\/\/starstory.fr\/blog\/wp-json\/wp\/v2\/media?parent=8368"}],"wp:term":[{"taxonomy":"category","embeddable":true,"href":"https:\/\/starstory.fr\/blog\/wp-json\/wp\/v2\/categories?post=8368"},{"taxonomy":"post_tag","embeddable":true,"href":"https:\/\/starstory.fr\/blog\/wp-json\/wp\/v2\/tags?post=8368"}],"curies":[{"name":"wp","href":"https:\/\/api.w.org\/{rel}","templated":true}]}}