{"id":8364,"date":"2026-08-29T10:00:00","date_gmt":"2026-08-29T08:00:00","guid":{"rendered":"https:\/\/starstory.fr\/blog\/?p=8364"},"modified":"2026-08-29T22:44:40","modified_gmt":"2026-08-29T20:44:40","slug":"celine-dion-ajoute-six-dates-a-sa-residence-parisienne-face-a-la-demande","status":"publish","type":"post","link":"https:\/\/starstory.fr\/blog\/celebrites-et-influence-en-france\/celine-dion-ajoute-six-dates-a-sa-residence-parisienne-face-a-la-demande\/","title":{"rendered":"C\u00e9line Dion ajoute six dates \u00e0 sa r\u00e9sidence parisienne face \u00e0 la demande"},"content":{"rendered":"<p><strong>Face \u00e0 une demande qualifi\u00e9e de ph\u00e9nom\u00e9nale, C\u00e9line Dion annonce six dates suppl\u00e9mentaires pour sa r\u00e9sidence parisienne \u00ab Celine Dion Paris 2026 \u00bb, portant \u00e0 douze le nombre de concerts programm\u00e9s en septembre et octobre \u00e0 Paris La D\u00e9fense Arena.<\/strong> Plus de neuf millions de fans s&rsquo;\u00e9taient inscrits \u00e0 la loterie d&rsquo;acc\u00e8s anticip\u00e9 aux billets, et toutes les dates initiales s&rsquo;\u00e9taient vendues en quelques heures.<\/p>\n<div class=\"encart-bref\">\n<p><strong>En bref<\/strong><\/p>\n<ul>\n<li><strong>Six dates suppl\u00e9mentaires<\/strong> annonc\u00e9es : <strong>12 concerts<\/strong> d\u00e9sormais programm\u00e9s en septembre-octobre.<\/li>\n<li>R\u00e9sidence du <strong>12 septembre 2026 au 29 mai 2027<\/strong> \u00e0 Paris La D\u00e9fense Arena.<\/li>\n<li><strong>Plus de 9 millions de fans<\/strong> inscrits \u00e0 la loterie d&rsquo;acc\u00e8s anticip\u00e9 ; premi\u00e8res dates <strong>compl\u00e8tes en quelques heures<\/strong>.<\/li>\n<li>Un show con\u00e7u par <strong>Willo Perron<\/strong>, avec les plus grands succ\u00e8s en fran\u00e7ais et en anglais.<\/li>\n<\/ul>\n<\/div>\n<figure style=\"margin:24px auto;max-width:560px;\">\n<div style=\"position:relative;padding-bottom:56.25%;height:0;max-width:560px;margin:0 auto;\"><iframe src=\"https:\/\/www.youtube-nocookie.com\/embed\/oT7x2pmdfJc\" style=\"position:absolute;top:0;left:0;width:100%;height:100%;border:none;border-radius:12px;\" loading=\"lazy\" title=\"Celine Dion Arrives in Paris Ahead of Comeback Concerts\" allowfullscreen><\/iframe><\/div><figcaption style=\"text-align:center;font-size:13px;color:#666;margin-top:8px;\">\u00ab Celine Dion Arrives in Paris Ahead of Comeback Concerts \u00bb \u2014 Entertainment Tonight (32 000 de vues sur YouTube au 29\/08\/2026)<\/figcaption><\/figure>\n<h2>Le grand retour, chapitre parisien<\/h2>\n<p>Apr\u00e8s des ann\u00e9es marqu\u00e9es par le combat contre le syndrome de la personne raide, qui l&rsquo;avait \u00e9loign\u00e9e de la sc\u00e8ne, et une r\u00e9apparition mondiale grav\u00e9e dans les m\u00e9moires lors des Jeux de Paris, C\u00e9line Dion a choisi la capitale fran\u00e7aise pour son retour au concert : une <strong>r\u00e9sidence longue dur\u00e9e<\/strong>, du 12 septembre 2026 au 29 mai 2027, \u00e0 Paris La D\u00e9fense Arena. Le spectacle, dont la direction cr\u00e9ative est sign\u00e9e <strong>Willo Perron<\/strong>, promet un voyage \u00e0 travers ses plus grands succ\u00e8s, <strong>en fran\u00e7ais comme en anglais<\/strong>.<\/p>\n<h2>Une demande hors norme<\/h2>\n<p>Les chiffres donnent la mesure de l&rsquo;\u00e9v\u00e9nement : <strong>plus de neuf millions de fans<\/strong> se sont inscrits \u00e0 la loterie donnant un acc\u00e8s anticip\u00e9 \u00e0 la billetterie, et l&rsquo;int\u00e9gralit\u00e9 des premi\u00e8res dates s&rsquo;est \u00e9coul\u00e9e <strong>en quelques heures<\/strong>. C&rsquo;est cette pression sur la billetterie qui a conduit la production \u00e0 ouvrir <strong>six concerts suppl\u00e9mentaires<\/strong> sur les mois de septembre et octobre \u2014 et rien ne dit que la s\u00e9rie s&rsquo;arr\u00eatera l\u00e0, la r\u00e9sidence courant jusqu&rsquo;au printemps 2027.<\/p>\n<h2>Ce que l&rsquo;on sait de la r\u00e9sidence<\/h2>\n<table>\n<thead>\n<tr>\n<th>Info<\/th>\n<th>D\u00e9tail<\/th>\n<\/tr>\n<\/thead>\n<tbody>\n<tr>\n<td>Lieu<\/td>\n<td>Paris La D\u00e9fense Arena<\/td>\n<\/tr>\n<tr>\n<td>P\u00e9riode<\/td>\n<td>12 septembre 2026 &#8211; 29 mai 2027<\/td>\n<\/tr>\n<tr>\n<td>Dates sept.-oct.<\/td>\n<td>12 concerts (6 nouvelles dates annonc\u00e9es)<\/td>\n<\/tr>\n<tr>\n<td>Direction cr\u00e9ative<\/td>\n<td>Willo Perron<\/td>\n<\/tr>\n<tr>\n<td>R\u00e9pertoire<\/td>\n<td>Grands succ\u00e8s en fran\u00e7ais et en anglais<\/td>\n<\/tr>\n<\/tbody>\n<\/table>\n<p>Conseil pratique pour les fans : les nouvelles dates suivent le m\u00eame circuit de billetterie officielle que les premi\u00e8res \u2014 m\u00e9fiez-vous des plateformes de revente non officielles, o\u00f9 les prix s&rsquo;envolent d\u00e8s l&rsquo;annonce et o\u00f9 les billets ne sont pas garantis.<\/p>\n<blockquote>\n<p>Neuf millions d&rsquo;inscrits pour une salle de 40 000 places : la r\u00e9sidence parisienne de C\u00e9line Dion s&rsquo;annonce comme l&rsquo;\u00e9v\u00e9nement sc\u00e9nique francophone de la d\u00e9cennie.<\/p>\n<\/blockquote>\n<h2>FAQ<\/h2>\n<details>\n<summary>Combien de dates compte la r\u00e9sidence de C\u00e9line Dion \u00e0 Paris ?<\/summary>\n<p>Douze concerts sont d\u00e9sormais programm\u00e9s en septembre-octobre 2026 apr\u00e8s l&rsquo;ajout de six dates, et la r\u00e9sidence court jusqu&rsquo;au 29 mai 2027 \u00e0 Paris La D\u00e9fense Arena.<\/p>\n<\/details>\n<details>\n<summary>Quand commence Celine Dion Paris 2026 ?<\/summary>\n<p>Le 12 septembre 2026, \u00e0 Paris La D\u00e9fense Arena.<\/p>\n<\/details>\n<details>\n<summary>Pourquoi de nouvelles dates ont-elles \u00e9t\u00e9 ajout\u00e9es ?<\/summary>\n<p>Plus de neuf millions de fans s&rsquo;\u00e9taient inscrits \u00e0 la loterie de billetterie et les premi\u00e8res dates se sont vendues en quelques heures : six concerts ont \u00e9t\u00e9 ajout\u00e9s face \u00e0 la demande.<\/p>\n<\/details>\n<h2>\u00c0 retenir<\/h2>\n<p>Douze dates parisiennes d\u00e8s septembre, une r\u00e9sidence jusqu&rsquo;en mai 2027 et une billetterie prise d&rsquo;assaut par neuf millions de fans : le retour de <strong>C\u00e9line Dion<\/strong> sur sc\u00e8ne s&rsquo;\u00e9crit \u00e0 Paris \u2014 et chaque nouvelle salve de dates partira aussi vite que la premi\u00e8re.<\/p>\n<p><em>Sources : <a href=\"https:\/\/www.celinedion.com\/news\/celine-dion-annonce-six-dates-supplementaires-face-a-la-demande-phenomenale\/\" rel=\"nofollow\">CelineDion.com (officiel)<\/a>, <a href=\"https:\/\/ca.billboard.com\/celine-dion-signe-son-grand-retour-une-residence-parisienne-en-2026-et-une-artiste-qui-se-releve-plus-forte\" rel=\"nofollow\">Billboard<\/a>, <a href=\"https:\/\/www.plenitudearena.com\/en\/event\/celine-dion-paris-2026\/\" rel=\"nofollow\">Paris La D\u00e9fense Arena<\/a>.<\/em><\/p>\n<p><script type=\"application\/ld+json\">{\"@context\":\"https:\/\/schema.org\",\"@type\":\"FAQPage\",\"mainEntity\":[{\"@type\":\"Question\",\"name\":\"Combien de dates compte la r\u00e9sidence de C\u00e9line Dion \u00e0 Paris ?\",\"acceptedAnswer\":{\"@type\":\"Answer\",\"text\":\"Douze concerts sont d\u00e9sormais programm\u00e9s en septembre-octobre 2026 apr\u00e8s l'ajout de six dates, et la r\u00e9sidence court jusqu'au 29 mai 2027 \u00e0 Paris La D\u00e9fense Arena.\"}},{\"@type\":\"Question\",\"name\":\"Quand commence Celine Dion Paris 2026 ?\",\"acceptedAnswer\":{\"@type\":\"Answer\",\"text\":\"Le 12 septembre 2026, \u00e0 Paris La D\u00e9fense Arena.\"}},{\"@type\":\"Question\",\"name\":\"Pourquoi de nouvelles dates ont-elles \u00e9t\u00e9 ajout\u00e9es ?\",\"acceptedAnswer\":{\"@type\":\"Answer\",\"text\":\"Plus de neuf millions de fans s'\u00e9taient inscrits \u00e0 la loterie de billetterie et les premi\u00e8res dates se sont vendues en quelques heures : six concerts ont \u00e9t\u00e9 ajout\u00e9s face \u00e0 la demande.\"}}]}<\/script><\/p>\n","protected":false},"excerpt":{"rendered":"","protected":false},"author":39,"featured_media":999999999,"comment_status":"open","ping_status":"open","sticky":false,"template":"","format":"standard","meta":{"_acf_changed":false,"manual_indexmenow":false,"indexmenow_id_project":0,"footnotes":""},"categories":[4524],"tags":[],"class_list":["post-8364","post","type-post","status-publish","format-standard","has-post-thumbnail","hentry","category-celebrites-et-influence-en-france","generate-columns","tablet-grid-50","mobile-grid-100","grid-parent","grid-25"],"acf":[],"yoast_head":"<!-- This site is optimized with the Yoast SEO Premium plugin v21.3 (Yoast SEO v26.5) - https:\/\/yoast.com\/wordpress\/plugins\/seo\/ -->\n<title>C\u00e9line Dion \u00e0 Paris : 6 dates ajout\u00e9es, 12 concerts en 2026<\/title>\n<meta name=\"description\" content=\"9 millions de fans en loterie, tout vendu en quelques heures : C\u00e9line Dion ajoute 6 dates \u00e0 sa r\u00e9sidence Paris La D\u00e9fense Arena, du 12 septembre au 29 mai 2027.\" \/>\n<meta name=\"robots\" content=\"index, follow, max-snippet:-1, max-image-preview:large, max-video-preview:-1\" \/>\n<link rel=\"canonical\" href=\"https:\/\/starstory.fr\/blog\/celebrites-et-influence-en-france\/celine-dion-ajoute-six-dates-a-sa-residence-parisienne-face-a-la-demande\/\" \/>\n<meta property=\"og:locale\" content=\"fr_FR\" \/>\n<meta property=\"og:type\" content=\"article\" \/>\n<meta property=\"og:title\" content=\"C\u00e9line Dion \u00e0 Paris : 6 dates ajout\u00e9es, 12 concerts en 2026\" \/>\n<meta property=\"og:description\" content=\"9 millions de fans en loterie, tout vendu en quelques heures : C\u00e9line Dion ajoute 6 dates \u00e0 sa r\u00e9sidence Paris La D\u00e9fense Arena, du 12 septembre au 29 mai 2027.\" \/>\n<meta property=\"og:url\" content=\"https:\/\/starstory.fr\/blog\/celebrites-et-influence-en-france\/celine-dion-ajoute-six-dates-a-sa-residence-parisienne-face-a-la-demande\/\" \/>\n<meta property=\"og:site_name\" content=\"starstory\" \/>\n<meta name=\"author\" content=\"Claire Lefevre\" \/>\n<meta name=\"twitter:card\" content=\"summary_large_image\" \/>\n<script type=\"application\/ld+json\" class=\"yoast-schema-graph\">{\"@context\":\"https:\/\/schema.org\",\"@graph\":[{\"@type\":\"NewsArticle\",\"@id\":\"https:\/\/starstory.fr\/blog\/celebrites-et-influence-en-france\/celine-dion-ajoute-six-dates-a-sa-residence-parisienne-face-a-la-demande\/#article\",\"isPartOf\":{\"@id\":\"https:\/\/starstory.fr\/blog\/celebrites-et-influence-en-france\/celine-dion-ajoute-six-dates-a-sa-residence-parisienne-face-a-la-demande\/\"},\"author\":{\"name\":\"Claire Lefevre\",\"@id\":\"https:\/\/starstory.fr\/blog\/#\/schema\/person\/432b46949d2a452f85568b160103039e\"},\"headline\":\"C\u00e9line Dion ajoute six dates \u00e0 sa r\u00e9sidence parisienne face \u00e0 la demande\",\"datePublished\":\"2026-08-29T08:00:00+00:00\",\"dateModified\":\"2026-08-29T20:44:40+00:00\",\"mainEntityOfPage\":{\"@id\":\"https:\/\/starstory.fr\/blog\/celebrites-et-influence-en-france\/celine-dion-ajoute-six-dates-a-sa-residence-parisienne-face-a-la-demande\/\"},\"wordCount\":632,\"commentCount\":0,\"publisher\":{\"@id\":\"https:\/\/starstory.fr\/blog\/#organization\"},\"image\":{\"@id\":\"https:\/\/starstory.fr\/blog\/celebrites-et-influence-en-france\/celine-dion-ajoute-six-dates-a-sa-residence-parisienne-face-a-la-demande\/#primaryimage\"},\"thumbnailUrl\":\"https:\/\/images.pexels.com\/photos\/20649525\/pexels-photo-20649525.jpeg?auto=compress&cs=tinysrgb&fit=crop&h=627&w=1200\",\"articleSection\":[\"C\u00e9l\u00e9brit\u00e9s et Influence en France\"],\"inLanguage\":\"fr-FR\",\"potentialAction\":[{\"@type\":\"CommentAction\",\"name\":\"Comment\",\"target\":[\"https:\/\/starstory.fr\/blog\/celebrites-et-influence-en-france\/celine-dion-ajoute-six-dates-a-sa-residence-parisienne-face-a-la-demande\/#respond\"]}]},{\"@type\":\"WebPage\",\"@id\":\"https:\/\/starstory.fr\/blog\/celebrites-et-influence-en-france\/celine-dion-ajoute-six-dates-a-sa-residence-parisienne-face-a-la-demande\/\",\"url\":\"https:\/\/starstory.fr\/blog\/celebrites-et-influence-en-france\/celine-dion-ajoute-six-dates-a-sa-residence-parisienne-face-a-la-demande\/\",\"name\":\"C\u00e9line Dion \u00e0 Paris : 6 dates ajout\u00e9es, 12 concerts en 2026\",\"isPartOf\":{\"@id\":\"https:\/\/starstory.fr\/blog\/#website\"},\"primaryImageOfPage\":{\"@id\":\"https:\/\/starstory.fr\/blog\/celebrites-et-influence-en-france\/celine-dion-ajoute-six-dates-a-sa-residence-parisienne-face-a-la-demande\/#primaryimage\"},\"image\":{\"@id\":\"https:\/\/starstory.fr\/blog\/celebrites-et-influence-en-france\/celine-dion-ajoute-six-dates-a-sa-residence-parisienne-face-a-la-demande\/#primaryimage\"},\"thumbnailUrl\":\"https:\/\/images.pexels.com\/photos\/20649525\/pexels-photo-20649525.jpeg?auto=compress&cs=tinysrgb&fit=crop&h=627&w=1200\",\"datePublished\":\"2026-08-29T08:00:00+00:00\",\"dateModified\":\"2026-08-29T20:44:40+00:00\",\"description\":\"9 millions de fans en loterie, tout vendu en quelques heures : C\u00e9line Dion ajoute 6 dates \u00e0 sa r\u00e9sidence Paris La D\u00e9fense Arena, du 12 septembre au 29 mai 2027.\",\"inLanguage\":\"fr-FR\",\"potentialAction\":[{\"@type\":\"ReadAction\",\"target\":[\"https:\/\/starstory.fr\/blog\/celebrites-et-influence-en-france\/celine-dion-ajoute-six-dates-a-sa-residence-parisienne-face-a-la-demande\/\"]}]},{\"@type\":\"ImageObject\",\"inLanguage\":\"fr-FR\",\"@id\":\"https:\/\/starstory.fr\/blog\/celebrites-et-influence-en-france\/celine-dion-ajoute-six-dates-a-sa-residence-parisienne-face-a-la-demande\/#primaryimage\",\"url\":\"https:\/\/images.pexels.com\/photos\/20649525\/pexels-photo-20649525.jpeg?auto=compress&cs=tinysrgb&fit=crop&h=627&w=1200\",\"contentUrl\":\"https:\/\/images.pexels.com\/photos\/20649525\/pexels-photo-20649525.jpeg?auto=compress&cs=tinysrgb&fit=crop&h=627&w=1200\"},{\"@type\":\"WebSite\",\"@id\":\"https:\/\/starstory.fr\/blog\/#website\",\"url\":\"https:\/\/starstory.fr\/blog\/\",\"name\":\"StarStory\",\"description\":\"StarStory, les \u00e9toiles racontent leur histoire\",\"publisher\":{\"@id\":\"https:\/\/starstory.fr\/blog\/#organization\"},\"alternateName\":\"StarStory, les \u00e9toiles racontent leur histoire\",\"potentialAction\":[{\"@type\":\"SearchAction\",\"target\":{\"@type\":\"EntryPoint\",\"urlTemplate\":\"https:\/\/starstory.fr\/blog\/?s={search_term_string}\"},\"query-input\":{\"@type\":\"PropertyValueSpecification\",\"valueRequired\":true,\"valueName\":\"search_term_string\"}}],\"inLanguage\":\"fr-FR\"},{\"@type\":\"Organization\",\"@id\":\"https:\/\/starstory.fr\/blog\/#organization\",\"name\":\"StarStory\",\"alternateName\":\"StarStory.fr\",\"url\":\"https:\/\/starstory.fr\/blog\/\",\"logo\":{\"@type\":\"ImageObject\",\"inLanguage\":\"fr-FR\",\"@id\":\"https:\/\/starstory.fr\/blog\/#\/schema\/logo\/image\/\",\"url\":\"https:\/\/starstory.fr\/blog\/wp-content\/uploads\/2024\/12\/38.png\",\"contentUrl\":\"https:\/\/starstory.fr\/blog\/wp-content\/uploads\/2024\/12\/38.png\",\"width\":500,\"height\":500,\"caption\":\"StarStory\"},\"image\":{\"@id\":\"https:\/\/starstory.fr\/blog\/#\/schema\/logo\/image\/\"}},{\"@type\":\"Person\",\"@id\":\"https:\/\/starstory.fr\/blog\/#\/schema\/person\/432b46949d2a452f85568b160103039e\",\"name\":\"Claire Lefevre\",\"image\":{\"@type\":\"ImageObject\",\"inLanguage\":\"fr-FR\",\"@id\":\"https:\/\/starstory.fr\/blog\/#\/schema\/person\/image\/\",\"url\":\"https:\/\/secure.gravatar.com\/avatar\/?s=96&d=mm&r=g\",\"contentUrl\":\"https:\/\/secure.gravatar.com\/avatar\/?s=96&d=mm&r=g\",\"caption\":\"Claire Lefevre\"},\"description\":\"Claire raconte l\u2019\u00e9volution des c\u00e9l\u00e9brit\u00e9s et leur influence socioculturelle \u00e0 travers les d\u00e9cennies.\",\"url\":\"https:\/\/starstory.fr\/blog\/auteur\/claire-lefevre\/\",\"jobTitle\":\"Contributrice mutuelle sant\u00e9\",\"email\":\"claire.lefevre@starstory.fr\"}]}<\/script>\n<!-- \/ Yoast SEO Premium plugin. -->","yoast_head_json":{"title":"C\u00e9line Dion \u00e0 Paris : 6 dates ajout\u00e9es, 12 concerts en 2026","description":"9 millions de fans en loterie, tout vendu en quelques heures : C\u00e9line Dion ajoute 6 dates \u00e0 sa r\u00e9sidence Paris La D\u00e9fense Arena, du 12 septembre au 29 mai 2027.","robots":{"index":"index","follow":"follow","max-snippet":"max-snippet:-1","max-image-preview":"max-image-preview:large","max-video-preview":"max-video-preview:-1"},"canonical":"https:\/\/starstory.fr\/blog\/celebrites-et-influence-en-france\/celine-dion-ajoute-six-dates-a-sa-residence-parisienne-face-a-la-demande\/","og_locale":"fr_FR","og_type":"article","og_title":"C\u00e9line Dion \u00e0 Paris : 6 dates ajout\u00e9es, 12 concerts en 2026","og_description":"9 millions de fans en loterie, tout vendu en quelques heures : C\u00e9line Dion ajoute 6 dates \u00e0 sa r\u00e9sidence Paris La D\u00e9fense Arena, du 12 septembre au 29 mai 2027.","og_url":"https:\/\/starstory.fr\/blog\/celebrites-et-influence-en-france\/celine-dion-ajoute-six-dates-a-sa-residence-parisienne-face-a-la-demande\/","og_site_name":"starstory","author":"Claire Lefevre","twitter_card":"summary_large_image","schema":{"@context":"https:\/\/schema.org","@graph":[{"@type":"NewsArticle","@id":"https:\/\/starstory.fr\/blog\/celebrites-et-influence-en-france\/celine-dion-ajoute-six-dates-a-sa-residence-parisienne-face-a-la-demande\/#article","isPartOf":{"@id":"https:\/\/starstory.fr\/blog\/celebrites-et-influence-en-france\/celine-dion-ajoute-six-dates-a-sa-residence-parisienne-face-a-la-demande\/"},"author":{"name":"Claire Lefevre","@id":"https:\/\/starstory.fr\/blog\/#\/schema\/person\/432b46949d2a452f85568b160103039e"},"headline":"C\u00e9line Dion ajoute six dates \u00e0 sa r\u00e9sidence parisienne face \u00e0 la demande","datePublished":"2026-08-29T08:00:00+00:00","dateModified":"2026-08-29T20:44:40+00:00","mainEntityOfPage":{"@id":"https:\/\/starstory.fr\/blog\/celebrites-et-influence-en-france\/celine-dion-ajoute-six-dates-a-sa-residence-parisienne-face-a-la-demande\/"},"wordCount":632,"commentCount":0,"publisher":{"@id":"https:\/\/starstory.fr\/blog\/#organization"},"image":{"@id":"https:\/\/starstory.fr\/blog\/celebrites-et-influence-en-france\/celine-dion-ajoute-six-dates-a-sa-residence-parisienne-face-a-la-demande\/#primaryimage"},"thumbnailUrl":"https:\/\/images.pexels.com\/photos\/20649525\/pexels-photo-20649525.jpeg?auto=compress&cs=tinysrgb&fit=crop&h=627&w=1200","articleSection":["C\u00e9l\u00e9brit\u00e9s et Influence en France"],"inLanguage":"fr-FR","potentialAction":[{"@type":"CommentAction","name":"Comment","target":["https:\/\/starstory.fr\/blog\/celebrites-et-influence-en-france\/celine-dion-ajoute-six-dates-a-sa-residence-parisienne-face-a-la-demande\/#respond"]}]},{"@type":"WebPage","@id":"https:\/\/starstory.fr\/blog\/celebrites-et-influence-en-france\/celine-dion-ajoute-six-dates-a-sa-residence-parisienne-face-a-la-demande\/","url":"https:\/\/starstory.fr\/blog\/celebrites-et-influence-en-france\/celine-dion-ajoute-six-dates-a-sa-residence-parisienne-face-a-la-demande\/","name":"C\u00e9line Dion \u00e0 Paris : 6 dates ajout\u00e9es, 12 concerts en 2026","isPartOf":{"@id":"https:\/\/starstory.fr\/blog\/#website"},"primaryImageOfPage":{"@id":"https:\/\/starstory.fr\/blog\/celebrites-et-influence-en-france\/celine-dion-ajoute-six-dates-a-sa-residence-parisienne-face-a-la-demande\/#primaryimage"},"image":{"@id":"https:\/\/starstory.fr\/blog\/celebrites-et-influence-en-france\/celine-dion-ajoute-six-dates-a-sa-residence-parisienne-face-a-la-demande\/#primaryimage"},"thumbnailUrl":"https:\/\/images.pexels.com\/photos\/20649525\/pexels-photo-20649525.jpeg?auto=compress&cs=tinysrgb&fit=crop&h=627&w=1200","datePublished":"2026-08-29T08:00:00+00:00","dateModified":"2026-08-29T20:44:40+00:00","description":"9 millions de fans en loterie, tout vendu en quelques heures : C\u00e9line Dion ajoute 6 dates \u00e0 sa r\u00e9sidence Paris La D\u00e9fense Arena, du 12 septembre au 29 mai 2027.","inLanguage":"fr-FR","potentialAction":[{"@type":"ReadAction","target":["https:\/\/starstory.fr\/blog\/celebrites-et-influence-en-france\/celine-dion-ajoute-six-dates-a-sa-residence-parisienne-face-a-la-demande\/"]}]},{"@type":"ImageObject","inLanguage":"fr-FR","@id":"https:\/\/starstory.fr\/blog\/celebrites-et-influence-en-france\/celine-dion-ajoute-six-dates-a-sa-residence-parisienne-face-a-la-demande\/#primaryimage","url":"https:\/\/images.pexels.com\/photos\/20649525\/pexels-photo-20649525.jpeg?auto=compress&cs=tinysrgb&fit=crop&h=627&w=1200","contentUrl":"https:\/\/images.pexels.com\/photos\/20649525\/pexels-photo-20649525.jpeg?auto=compress&cs=tinysrgb&fit=crop&h=627&w=1200"},{"@type":"WebSite","@id":"https:\/\/starstory.fr\/blog\/#website","url":"https:\/\/starstory.fr\/blog\/","name":"StarStory","description":"StarStory, les \u00e9toiles racontent leur histoire","publisher":{"@id":"https:\/\/starstory.fr\/blog\/#organization"},"alternateName":"StarStory, les \u00e9toiles racontent leur histoire","potentialAction":[{"@type":"SearchAction","target":{"@type":"EntryPoint","urlTemplate":"https:\/\/starstory.fr\/blog\/?s={search_term_string}"},"query-input":{"@type":"PropertyValueSpecification","valueRequired":true,"valueName":"search_term_string"}}],"inLanguage":"fr-FR"},{"@type":"Organization","@id":"https:\/\/starstory.fr\/blog\/#organization","name":"StarStory","alternateName":"StarStory.fr","url":"https:\/\/starstory.fr\/blog\/","logo":{"@type":"ImageObject","inLanguage":"fr-FR","@id":"https:\/\/starstory.fr\/blog\/#\/schema\/logo\/image\/","url":"https:\/\/starstory.fr\/blog\/wp-content\/uploads\/2024\/12\/38.png","contentUrl":"https:\/\/starstory.fr\/blog\/wp-content\/uploads\/2024\/12\/38.png","width":500,"height":500,"caption":"StarStory"},"image":{"@id":"https:\/\/starstory.fr\/blog\/#\/schema\/logo\/image\/"}},{"@type":"Person","@id":"https:\/\/starstory.fr\/blog\/#\/schema\/person\/432b46949d2a452f85568b160103039e","name":"Claire Lefevre","image":{"@type":"ImageObject","inLanguage":"fr-FR","@id":"https:\/\/starstory.fr\/blog\/#\/schema\/person\/image\/","url":"https:\/\/secure.gravatar.com\/avatar\/?s=96&d=mm&r=g","contentUrl":"https:\/\/secure.gravatar.com\/avatar\/?s=96&d=mm&r=g","caption":"Claire Lefevre"},"description":"Claire raconte l\u2019\u00e9volution des c\u00e9l\u00e9brit\u00e9s et leur influence socioculturelle \u00e0 travers les d\u00e9cennies.","url":"https:\/\/starstory.fr\/blog\/auteur\/claire-lefevre\/","jobTitle":"Contributrice mutuelle sant\u00e9","email":"claire.lefevre@starstory.fr"}]}},"_links":{"self":[{"href":"https:\/\/starstory.fr\/blog\/wp-json\/wp\/v2\/posts\/8364","targetHints":{"allow":["GET"]}}],"collection":[{"href":"https:\/\/starstory.fr\/blog\/wp-json\/wp\/v2\/posts"}],"about":[{"href":"https:\/\/starstory.fr\/blog\/wp-json\/wp\/v2\/types\/post"}],"author":[{"embeddable":true,"href":"https:\/\/starstory.fr\/blog\/wp-json\/wp\/v2\/users\/39"}],"replies":[{"embeddable":true,"href":"https:\/\/starstory.fr\/blog\/wp-json\/wp\/v2\/comments?post=8364"}],"version-history":[{"count":2,"href":"https:\/\/starstory.fr\/blog\/wp-json\/wp\/v2\/posts\/8364\/revisions"}],"predecessor-version":[{"id":8366,"href":"https:\/\/starstory.fr\/blog\/wp-json\/wp\/v2\/posts\/8364\/revisions\/8366"}],"wp:attachment":[{"href":"https:\/\/starstory.fr\/blog\/wp-json\/wp\/v2\/media?parent=8364"}],"wp:term":[{"taxonomy":"category","embeddable":true,"href":"https:\/\/starstory.fr\/blog\/wp-json\/wp\/v2\/categories?post=8364"},{"taxonomy":"post_tag","embeddable":true,"href":"https:\/\/starstory.fr\/blog\/wp-json\/wp\/v2\/tags?post=8364"}],"curies":[{"name":"wp","href":"https:\/\/api.w.org\/{rel}","templated":true}]}}