{"id":8362,"date":"2026-08-28T13:44:28","date_gmt":"2026-08-28T11:44:28","guid":{"rendered":"https:\/\/starstory.fr\/blog\/cinema-et-television\/koh-lanta-all-stars-tf1-fete-les-25-ans-avec-18-legendes-au-panama\/"},"modified":"2026-08-28T13:44:28","modified_gmt":"2026-08-28T11:44:28","slug":"koh-lanta-all-stars-tf1-fete-les-25-ans-avec-18-legendes-au-panama","status":"publish","type":"post","link":"https:\/\/starstory.fr\/blog\/cinema-et-television\/koh-lanta-all-stars-tf1-fete-les-25-ans-avec-18-legendes-au-panama\/","title":{"rendered":"Koh-Lanta All Stars : TF1 f\u00eate les 25 ans avec 18 l\u00e9gendes au Panama"},"content":{"rendered":"<p><strong>Koh-Lanta f\u00eate ses 25 ans avec une \u00e9dition All Stars \u00e9v\u00e9nement, diffus\u00e9e sur TF1 tous les mardis \u00e0 21h10 depuis le 25 ao\u00fbt 2026 : 18 anciens aventuriers s&rsquo;affrontent dans l&rsquo;archipel des Perles, au Panama, sous l&rsquo;\u0153il de Denis Brogniart.<\/strong> Huiti\u00e8me \u00e9dition sp\u00e9ciale de l&rsquo;histoire du programme, elle marque notamment le grand retour de Freddy, l&rsquo;un des candidats les plus marquants de la saga.<\/p>\n<div class=\"encart-bref\">\n<p><strong>En bref<\/strong><\/p>\n<ul>\n<li>Diffusion <strong>tous les mardis \u00e0 21h10 sur TF1<\/strong>, depuis le 25 ao\u00fbt 2026.<\/li>\n<li><strong>18 aventuriers embl\u00e9matiques<\/strong>, dont le retour de <strong>Freddy<\/strong> et la Belge <strong>Charlotte<\/strong>.<\/li>\n<li>Tournage dans <strong>l&rsquo;archipel des Perles, au Panama<\/strong>.<\/li>\n<li>Une \u00e9dition anniversaire pour les <strong>25 ans<\/strong> du jeu, lanc\u00e9 en 2001.<\/li>\n<\/ul>\n<\/div>\n<h2>Une \u00e9dition anniversaire pens\u00e9e comme un best-of<\/h2>\n<p>Vingt-cinq ans apr\u00e8s la premi\u00e8re saison de 2001, TF1 sort le grand jeu : cette <strong>huiti\u00e8me \u00e9dition sp\u00e9ciale \u00ab All Stars \u00bb<\/strong> r\u00e9unit des figures qui ont marqu\u00e9 l&rsquo;histoire du programme. La production promet une saison palpitante avec \u00ab les meilleurs candidats \u00bb et <strong>un d\u00e9but totalement in\u00e9dit<\/strong> \u2014 une m\u00e9canique d&rsquo;ouverture jamais vue dans le jeu, dont le premier \u00e9pisode du 25 ao\u00fbt a donn\u00e9 le ton.<\/p>\n<p>Parmi les 18 aventuriers, le nom qui fait le plus parler est celui de <strong>Freddy<\/strong>, strat\u00e8ge et chasseur hors pair, dont le retour \u00e9tait r\u00e9clam\u00e9 par les fans depuis des ann\u00e9es. La pr\u00e9sence de la Belge <strong>Charlotte<\/strong> confirme aussi l&rsquo;ouverture du casting aux visages des saisons diffus\u00e9es c\u00f4t\u00e9 francophone.<\/p>\n<h2>Le Panama, nouveau terrain de jeu<\/h2>\n<p>Apr\u00e8s les Philippines et la Polyn\u00e9sie des saisons r\u00e9centes, direction <strong>l&rsquo;archipel des Perles, au large du Panama<\/strong> \u2014 un d\u00e9cor de tournage que la production conna\u00eet bien pour l&rsquo;avoir utilis\u00e9 par le pass\u00e9, et qui offre ce m\u00e9lange d&rsquo;\u00eeles sauvages et de courants exigeants dont raffolent les \u00e9preuves d&rsquo;immunit\u00e9.<\/p>\n<h2>L&rsquo;essentiel pour suivre la saison<\/h2>\n<table>\n<thead>\n<tr>\n<th>Info<\/th>\n<th>D\u00e9tail<\/th>\n<\/tr>\n<\/thead>\n<tbody>\n<tr>\n<td>Cha\u00eene \/ horaire<\/td>\n<td>TF1, le mardi \u00e0 21h10 (replay sur TF1+)<\/td>\n<\/tr>\n<tr>\n<td>Lancement<\/td>\n<td>25 ao\u00fbt 2026<\/td>\n<\/tr>\n<tr>\n<td>Animateur<\/td>\n<td>Denis Brogniart<\/td>\n<\/tr>\n<tr>\n<td>Candidats<\/td>\n<td>18 anciens aventuriers<\/td>\n<\/tr>\n<tr>\n<td>Lieu<\/td>\n<td>Archipel des Perles, Panama<\/td>\n<\/tr>\n<\/tbody>\n<\/table>\n<blockquote>\n<p>Un All Stars ne se gagne pas comme une saison classique : tout le monde conna\u00eet les strat\u00e9gies de tout le monde \u2014 c&rsquo;est pr\u00e9cis\u00e9ment ce qui rend ces \u00e9ditions impr\u00e9visibles.<\/p>\n<\/blockquote>\n<h2>FAQ<\/h2>\n<details>\n<summary>Quand est diffus\u00e9 Koh-Lanta All Stars 2026 ?<\/summary>\n<p>Tous les mardis \u00e0 21h10 sur TF1, depuis le 25 ao\u00fbt 2026, avec le replay disponible sur TF1+.<\/p>\n<\/details>\n<details>\n<summary>O\u00f9 a \u00e9t\u00e9 tourn\u00e9 Koh-Lanta All Stars ?<\/summary>\n<p>Dans l&rsquo;archipel des Perles, au Panama.<\/p>\n<\/details>\n<details>\n<summary>Combien de candidats participent ?<\/summary>\n<p>18 anciens aventuriers, dont Freddy, de retour, et la Belge Charlotte.<\/p>\n<\/details>\n<h2>\u00c0 retenir<\/h2>\n<p>Un quart de si\u00e8cle, 18 l\u00e9gendes du jeu, le Panama en d\u00e9cor et un lancement in\u00e9dit : ce <strong>Koh-Lanta All Stars<\/strong> s&rsquo;annonce comme l&rsquo;\u00e9v\u00e9nement TV de la rentr\u00e9e \u2014 rendez-vous chaque mardi \u00e0 21h10 sur TF1, et sur cette page pour suivre les \u00e9liminations de la saison.<\/p>\n<p><em>Sources : <a href=\"https:\/\/fr.wikipedia.org\/wiki\/Koh-Lanta_All_Stars\" rel=\"nofollow\">Wikip\u00e9dia<\/a>, <a href=\"https:\/\/www.lavenir.net\/actu\/discover\/2026\/08\/25\/koh-lanta-all-stars-promet-une-saison-palpitante-avec-les-meilleurs-candidats-le-debut-sera-totalement-inedit-D5TNEXRLTVGARJN54XH5FXGR24\/\" rel=\"nofollow\">L&rsquo;Avenir<\/a>.<\/em><\/p>\n<p><script type=\"application\/ld+json\">{\"@context\":\"https:\/\/schema.org\",\"@type\":\"FAQPage\",\"mainEntity\":[{\"@type\":\"Question\",\"name\":\"Quand est diffus\u00e9 Koh-Lanta All Stars 2026 ?\",\"acceptedAnswer\":{\"@type\":\"Answer\",\"text\":\"Tous les mardis \u00e0 21h10 sur TF1, depuis le 25 ao\u00fbt 2026, avec le replay disponible sur TF1+.\"}},{\"@type\":\"Question\",\"name\":\"O\u00f9 a \u00e9t\u00e9 tourn\u00e9 Koh-Lanta All Stars ?\",\"acceptedAnswer\":{\"@type\":\"Answer\",\"text\":\"Dans l'archipel des Perles, au Panama.\"}},{\"@type\":\"Question\",\"name\":\"Combien de candidats participent ?\",\"acceptedAnswer\":{\"@type\":\"Answer\",\"text\":\"18 anciens aventuriers, dont Freddy, de retour, et la Belge Charlotte.\"}}]}<\/script><\/p>\n","protected":false},"excerpt":{"rendered":"","protected":false},"author":42,"featured_media":8363,"comment_status":"open","ping_status":"open","sticky":false,"template":"","format":"standard","meta":{"_acf_changed":false,"manual_indexmenow":false,"indexmenow_id_project":0,"footnotes":""},"categories":[4521],"tags":[],"class_list":["post-8362","post","type-post","status-publish","format-standard","has-post-thumbnail","hentry","category-cinema-et-television","generate-columns","tablet-grid-50","mobile-grid-100","grid-parent","grid-25"],"acf":[],"yoast_head":"<!-- This site is optimized with the Yoast SEO Premium plugin v21.3 (Yoast SEO v26.5) - https:\/\/yoast.com\/wordpress\/plugins\/seo\/ -->\n<title>Koh-Lanta All Stars 2026 : 18 l\u00e9gendes, 25 ans, Panama<\/title>\n<meta name=\"description\" content=\"Depuis le 25 ao\u00fbt sur TF1, 18 anciens aventuriers dont Freddy s&#039;affrontent dans l&#039;archipel des Perles pour les 25 ans de Koh-Lanta. Diffusion, casting, lieu.\" \/>\n<meta name=\"robots\" content=\"index, follow, max-snippet:-1, max-image-preview:large, max-video-preview:-1\" \/>\n<link rel=\"canonical\" href=\"https:\/\/starstory.fr\/blog\/cinema-et-television\/koh-lanta-all-stars-tf1-fete-les-25-ans-avec-18-legendes-au-panama\/\" \/>\n<meta property=\"og:locale\" content=\"fr_FR\" \/>\n<meta property=\"og:type\" content=\"article\" \/>\n<meta property=\"og:title\" content=\"Koh-Lanta All Stars 2026 : 18 l\u00e9gendes, 25 ans, Panama\" \/>\n<meta property=\"og:description\" content=\"Depuis le 25 ao\u00fbt sur TF1, 18 anciens aventuriers dont Freddy s&#039;affrontent dans l&#039;archipel des Perles pour les 25 ans de Koh-Lanta. Diffusion, casting, lieu.\" \/>\n<meta property=\"og:url\" content=\"https:\/\/starstory.fr\/blog\/cinema-et-television\/koh-lanta-all-stars-tf1-fete-les-25-ans-avec-18-legendes-au-panama\/\" \/>\n<meta property=\"og:site_name\" content=\"starstory\" \/>\n<meta name=\"author\" content=\"Antoine Ferrand\" \/>\n<meta name=\"twitter:card\" content=\"summary_large_image\" \/>\n<script type=\"application\/ld+json\" class=\"yoast-schema-graph\">{\"@context\":\"https:\/\/schema.org\",\"@graph\":[{\"@type\":\"NewsArticle\",\"@id\":\"https:\/\/starstory.fr\/blog\/cinema-et-television\/koh-lanta-all-stars-tf1-fete-les-25-ans-avec-18-legendes-au-panama\/#article\",\"isPartOf\":{\"@id\":\"https:\/\/starstory.fr\/blog\/cinema-et-television\/koh-lanta-all-stars-tf1-fete-les-25-ans-avec-18-legendes-au-panama\/\"},\"author\":{\"name\":\"Antoine Ferrand\",\"@id\":\"https:\/\/starstory.fr\/blog\/#\/schema\/person\/2d9dd3a73cf4dcbc428e866589dd5882\"},\"headline\":\"Koh-Lanta All Stars : TF1 f\u00eate les 25 ans avec 18 l\u00e9gendes au Panama\",\"datePublished\":\"2026-08-28T11:44:28+00:00\",\"mainEntityOfPage\":{\"@id\":\"https:\/\/starstory.fr\/blog\/cinema-et-television\/koh-lanta-all-stars-tf1-fete-les-25-ans-avec-18-legendes-au-panama\/\"},\"wordCount\":499,\"commentCount\":0,\"publisher\":{\"@id\":\"https:\/\/starstory.fr\/blog\/#organization\"},\"image\":{\"@id\":\"https:\/\/starstory.fr\/blog\/cinema-et-television\/koh-lanta-all-stars-tf1-fete-les-25-ans-avec-18-legendes-au-panama\/#primaryimage\"},\"thumbnailUrl\":\"https:\/\/starstory.fr\/blog\/wp-content\/uploads\/2026\/08\/img8362-scaled.jpg\",\"articleSection\":[\"Cin\u00e9ma et T\u00e9l\u00e9vision\"],\"inLanguage\":\"fr-FR\",\"potentialAction\":[{\"@type\":\"CommentAction\",\"name\":\"Comment\",\"target\":[\"https:\/\/starstory.fr\/blog\/cinema-et-television\/koh-lanta-all-stars-tf1-fete-les-25-ans-avec-18-legendes-au-panama\/#respond\"]}]},{\"@type\":\"WebPage\",\"@id\":\"https:\/\/starstory.fr\/blog\/cinema-et-television\/koh-lanta-all-stars-tf1-fete-les-25-ans-avec-18-legendes-au-panama\/\",\"url\":\"https:\/\/starstory.fr\/blog\/cinema-et-television\/koh-lanta-all-stars-tf1-fete-les-25-ans-avec-18-legendes-au-panama\/\",\"name\":\"Koh-Lanta All Stars 2026 : 18 l\u00e9gendes, 25 ans, Panama\",\"isPartOf\":{\"@id\":\"https:\/\/starstory.fr\/blog\/#website\"},\"primaryImageOfPage\":{\"@id\":\"https:\/\/starstory.fr\/blog\/cinema-et-television\/koh-lanta-all-stars-tf1-fete-les-25-ans-avec-18-legendes-au-panama\/#primaryimage\"},\"image\":{\"@id\":\"https:\/\/starstory.fr\/blog\/cinema-et-television\/koh-lanta-all-stars-tf1-fete-les-25-ans-avec-18-legendes-au-panama\/#primaryimage\"},\"thumbnailUrl\":\"https:\/\/starstory.fr\/blog\/wp-content\/uploads\/2026\/08\/img8362-scaled.jpg\",\"datePublished\":\"2026-08-28T11:44:28+00:00\",\"description\":\"Depuis le 25 ao\u00fbt sur TF1, 18 anciens aventuriers dont Freddy s'affrontent dans l'archipel des Perles pour les 25 ans de Koh-Lanta. Diffusion, casting, lieu.\",\"inLanguage\":\"fr-FR\",\"potentialAction\":[{\"@type\":\"ReadAction\",\"target\":[\"https:\/\/starstory.fr\/blog\/cinema-et-television\/koh-lanta-all-stars-tf1-fete-les-25-ans-avec-18-legendes-au-panama\/\"]}]},{\"@type\":\"ImageObject\",\"inLanguage\":\"fr-FR\",\"@id\":\"https:\/\/starstory.fr\/blog\/cinema-et-television\/koh-lanta-all-stars-tf1-fete-les-25-ans-avec-18-legendes-au-panama\/#primaryimage\",\"url\":\"https:\/\/starstory.fr\/blog\/wp-content\/uploads\/2026\/08\/img8362-scaled.jpg\",\"contentUrl\":\"https:\/\/starstory.fr\/blog\/wp-content\/uploads\/2026\/08\/img8362-scaled.jpg\",\"width\":1200,\"height\":798},{\"@type\":\"WebSite\",\"@id\":\"https:\/\/starstory.fr\/blog\/#website\",\"url\":\"https:\/\/starstory.fr\/blog\/\",\"name\":\"StarStory\",\"description\":\"StarStory, les \u00e9toiles racontent leur histoire\",\"publisher\":{\"@id\":\"https:\/\/starstory.fr\/blog\/#organization\"},\"alternateName\":\"StarStory, les \u00e9toiles racontent leur histoire\",\"potentialAction\":[{\"@type\":\"SearchAction\",\"target\":{\"@type\":\"EntryPoint\",\"urlTemplate\":\"https:\/\/starstory.fr\/blog\/?s={search_term_string}\"},\"query-input\":{\"@type\":\"PropertyValueSpecification\",\"valueRequired\":true,\"valueName\":\"search_term_string\"}}],\"inLanguage\":\"fr-FR\"},{\"@type\":\"Organization\",\"@id\":\"https:\/\/starstory.fr\/blog\/#organization\",\"name\":\"StarStory\",\"alternateName\":\"StarStory.fr\",\"url\":\"https:\/\/starstory.fr\/blog\/\",\"logo\":{\"@type\":\"ImageObject\",\"inLanguage\":\"fr-FR\",\"@id\":\"https:\/\/starstory.fr\/blog\/#\/schema\/logo\/image\/\",\"url\":\"https:\/\/starstory.fr\/blog\/wp-content\/uploads\/2024\/12\/38.png\",\"contentUrl\":\"https:\/\/starstory.fr\/blog\/wp-content\/uploads\/2024\/12\/38.png\",\"width\":500,\"height\":500,\"caption\":\"StarStory\"},\"image\":{\"@id\":\"https:\/\/starstory.fr\/blog\/#\/schema\/logo\/image\/\"}},{\"@type\":\"Person\",\"@id\":\"https:\/\/starstory.fr\/blog\/#\/schema\/person\/2d9dd3a73cf4dcbc428e866589dd5882\",\"name\":\"Antoine Ferrand\",\"image\":{\"@type\":\"ImageObject\",\"inLanguage\":\"fr-FR\",\"@id\":\"https:\/\/starstory.fr\/blog\/#\/schema\/person\/image\/\",\"url\":\"https:\/\/secure.gravatar.com\/avatar\/?s=96&d=mm&r=g\",\"contentUrl\":\"https:\/\/secure.gravatar.com\/avatar\/?s=96&d=mm&r=g\",\"caption\":\"Antoine Ferrand\"},\"description\":\"Antoine analyse les figures politiques et m\u00e9diatiques, ainsi que leur influence en France au fil des ann\u00e9es.\",\"url\":\"https:\/\/starstory.fr\/blog\/auteur\/antoine-dupont\/\"}]}<\/script>\n<!-- \/ Yoast SEO Premium plugin. -->","yoast_head_json":{"title":"Koh-Lanta All Stars 2026 : 18 l\u00e9gendes, 25 ans, Panama","description":"Depuis le 25 ao\u00fbt sur TF1, 18 anciens aventuriers dont Freddy s'affrontent dans l'archipel des Perles pour les 25 ans de Koh-Lanta. Diffusion, casting, lieu.","robots":{"index":"index","follow":"follow","max-snippet":"max-snippet:-1","max-image-preview":"max-image-preview:large","max-video-preview":"max-video-preview:-1"},"canonical":"https:\/\/starstory.fr\/blog\/cinema-et-television\/koh-lanta-all-stars-tf1-fete-les-25-ans-avec-18-legendes-au-panama\/","og_locale":"fr_FR","og_type":"article","og_title":"Koh-Lanta All Stars 2026 : 18 l\u00e9gendes, 25 ans, Panama","og_description":"Depuis le 25 ao\u00fbt sur TF1, 18 anciens aventuriers dont Freddy s'affrontent dans l'archipel des Perles pour les 25 ans de Koh-Lanta. Diffusion, casting, lieu.","og_url":"https:\/\/starstory.fr\/blog\/cinema-et-television\/koh-lanta-all-stars-tf1-fete-les-25-ans-avec-18-legendes-au-panama\/","og_site_name":"starstory","author":"Antoine Ferrand","twitter_card":"summary_large_image","schema":{"@context":"https:\/\/schema.org","@graph":[{"@type":"NewsArticle","@id":"https:\/\/starstory.fr\/blog\/cinema-et-television\/koh-lanta-all-stars-tf1-fete-les-25-ans-avec-18-legendes-au-panama\/#article","isPartOf":{"@id":"https:\/\/starstory.fr\/blog\/cinema-et-television\/koh-lanta-all-stars-tf1-fete-les-25-ans-avec-18-legendes-au-panama\/"},"author":{"name":"Antoine Ferrand","@id":"https:\/\/starstory.fr\/blog\/#\/schema\/person\/2d9dd3a73cf4dcbc428e866589dd5882"},"headline":"Koh-Lanta All Stars : TF1 f\u00eate les 25 ans avec 18 l\u00e9gendes au Panama","datePublished":"2026-08-28T11:44:28+00:00","mainEntityOfPage":{"@id":"https:\/\/starstory.fr\/blog\/cinema-et-television\/koh-lanta-all-stars-tf1-fete-les-25-ans-avec-18-legendes-au-panama\/"},"wordCount":499,"commentCount":0,"publisher":{"@id":"https:\/\/starstory.fr\/blog\/#organization"},"image":{"@id":"https:\/\/starstory.fr\/blog\/cinema-et-television\/koh-lanta-all-stars-tf1-fete-les-25-ans-avec-18-legendes-au-panama\/#primaryimage"},"thumbnailUrl":"https:\/\/starstory.fr\/blog\/wp-content\/uploads\/2026\/08\/img8362-scaled.jpg","articleSection":["Cin\u00e9ma et T\u00e9l\u00e9vision"],"inLanguage":"fr-FR","potentialAction":[{"@type":"CommentAction","name":"Comment","target":["https:\/\/starstory.fr\/blog\/cinema-et-television\/koh-lanta-all-stars-tf1-fete-les-25-ans-avec-18-legendes-au-panama\/#respond"]}]},{"@type":"WebPage","@id":"https:\/\/starstory.fr\/blog\/cinema-et-television\/koh-lanta-all-stars-tf1-fete-les-25-ans-avec-18-legendes-au-panama\/","url":"https:\/\/starstory.fr\/blog\/cinema-et-television\/koh-lanta-all-stars-tf1-fete-les-25-ans-avec-18-legendes-au-panama\/","name":"Koh-Lanta All Stars 2026 : 18 l\u00e9gendes, 25 ans, Panama","isPartOf":{"@id":"https:\/\/starstory.fr\/blog\/#website"},"primaryImageOfPage":{"@id":"https:\/\/starstory.fr\/blog\/cinema-et-television\/koh-lanta-all-stars-tf1-fete-les-25-ans-avec-18-legendes-au-panama\/#primaryimage"},"image":{"@id":"https:\/\/starstory.fr\/blog\/cinema-et-television\/koh-lanta-all-stars-tf1-fete-les-25-ans-avec-18-legendes-au-panama\/#primaryimage"},"thumbnailUrl":"https:\/\/starstory.fr\/blog\/wp-content\/uploads\/2026\/08\/img8362-scaled.jpg","datePublished":"2026-08-28T11:44:28+00:00","description":"Depuis le 25 ao\u00fbt sur TF1, 18 anciens aventuriers dont Freddy s'affrontent dans l'archipel des Perles pour les 25 ans de Koh-Lanta. Diffusion, casting, lieu.","inLanguage":"fr-FR","potentialAction":[{"@type":"ReadAction","target":["https:\/\/starstory.fr\/blog\/cinema-et-television\/koh-lanta-all-stars-tf1-fete-les-25-ans-avec-18-legendes-au-panama\/"]}]},{"@type":"ImageObject","inLanguage":"fr-FR","@id":"https:\/\/starstory.fr\/blog\/cinema-et-television\/koh-lanta-all-stars-tf1-fete-les-25-ans-avec-18-legendes-au-panama\/#primaryimage","url":"https:\/\/starstory.fr\/blog\/wp-content\/uploads\/2026\/08\/img8362-scaled.jpg","contentUrl":"https:\/\/starstory.fr\/blog\/wp-content\/uploads\/2026\/08\/img8362-scaled.jpg","width":1200,"height":798},{"@type":"WebSite","@id":"https:\/\/starstory.fr\/blog\/#website","url":"https:\/\/starstory.fr\/blog\/","name":"StarStory","description":"StarStory, les \u00e9toiles racontent leur histoire","publisher":{"@id":"https:\/\/starstory.fr\/blog\/#organization"},"alternateName":"StarStory, les \u00e9toiles racontent leur histoire","potentialAction":[{"@type":"SearchAction","target":{"@type":"EntryPoint","urlTemplate":"https:\/\/starstory.fr\/blog\/?s={search_term_string}"},"query-input":{"@type":"PropertyValueSpecification","valueRequired":true,"valueName":"search_term_string"}}],"inLanguage":"fr-FR"},{"@type":"Organization","@id":"https:\/\/starstory.fr\/blog\/#organization","name":"StarStory","alternateName":"StarStory.fr","url":"https:\/\/starstory.fr\/blog\/","logo":{"@type":"ImageObject","inLanguage":"fr-FR","@id":"https:\/\/starstory.fr\/blog\/#\/schema\/logo\/image\/","url":"https:\/\/starstory.fr\/blog\/wp-content\/uploads\/2024\/12\/38.png","contentUrl":"https:\/\/starstory.fr\/blog\/wp-content\/uploads\/2024\/12\/38.png","width":500,"height":500,"caption":"StarStory"},"image":{"@id":"https:\/\/starstory.fr\/blog\/#\/schema\/logo\/image\/"}},{"@type":"Person","@id":"https:\/\/starstory.fr\/blog\/#\/schema\/person\/2d9dd3a73cf4dcbc428e866589dd5882","name":"Antoine Ferrand","image":{"@type":"ImageObject","inLanguage":"fr-FR","@id":"https:\/\/starstory.fr\/blog\/#\/schema\/person\/image\/","url":"https:\/\/secure.gravatar.com\/avatar\/?s=96&d=mm&r=g","contentUrl":"https:\/\/secure.gravatar.com\/avatar\/?s=96&d=mm&r=g","caption":"Antoine Ferrand"},"description":"Antoine analyse les figures politiques et m\u00e9diatiques, ainsi que leur influence en France au fil des ann\u00e9es.","url":"https:\/\/starstory.fr\/blog\/auteur\/antoine-dupont\/"}]}},"_links":{"self":[{"href":"https:\/\/starstory.fr\/blog\/wp-json\/wp\/v2\/posts\/8362","targetHints":{"allow":["GET"]}}],"collection":[{"href":"https:\/\/starstory.fr\/blog\/wp-json\/wp\/v2\/posts"}],"about":[{"href":"https:\/\/starstory.fr\/blog\/wp-json\/wp\/v2\/types\/post"}],"author":[{"embeddable":true,"href":"https:\/\/starstory.fr\/blog\/wp-json\/wp\/v2\/users\/42"}],"replies":[{"embeddable":true,"href":"https:\/\/starstory.fr\/blog\/wp-json\/wp\/v2\/comments?post=8362"}],"version-history":[{"count":0,"href":"https:\/\/starstory.fr\/blog\/wp-json\/wp\/v2\/posts\/8362\/revisions"}],"wp:featuredmedia":[{"embeddable":true,"href":"https:\/\/starstory.fr\/blog\/wp-json\/wp\/v2\/media\/8363"}],"wp:attachment":[{"href":"https:\/\/starstory.fr\/blog\/wp-json\/wp\/v2\/media?parent=8362"}],"wp:term":[{"taxonomy":"category","embeddable":true,"href":"https:\/\/starstory.fr\/blog\/wp-json\/wp\/v2\/categories?post=8362"},{"taxonomy":"post_tag","embeddable":true,"href":"https:\/\/starstory.fr\/blog\/wp-json\/wp\/v2\/tags?post=8362"}],"curies":[{"name":"wp","href":"https:\/\/api.w.org\/{rel}","templated":true}]}}