{"id":8355,"date":"2026-08-16T22:46:20","date_gmt":"2026-08-16T20:46:20","guid":{"rendered":"https:\/\/starstory.fr\/blog\/celebrites-et-influence-en-france\/alice-taglioni-sur-la-mort-de-jocelyn-quivrin-ce-nest-pas-possible-que-jaie-survecu\/"},"modified":"2026-08-16T22:46:20","modified_gmt":"2026-08-16T20:46:20","slug":"alice-taglioni-sur-la-mort-de-jocelyn-quivrin-ce-nest-pas-possible-que-jaie-survecu","status":"publish","type":"post","link":"https:\/\/starstory.fr\/blog\/celebrites-et-influence-en-france\/alice-taglioni-sur-la-mort-de-jocelyn-quivrin-ce-nest-pas-possible-que-jaie-survecu\/","title":{"rendered":"Alice Taglioni sur la mort de Jocelyn Quivrin : \u00ab Ce n&rsquo;est pas possible que j&rsquo;aie surv\u00e9cu \u00bb"},"content":{"rendered":"<p><strong>Invit\u00e9e du podcast \u00ab Les Lueurs \u00bb, Alice Taglioni, 50 ans, revient sur la mort de Jocelyn Quivrin, le p\u00e8re de son fils, tu\u00e9 dans un accident de la route en novembre 2009 : \u00ab Quand j&rsquo;y repense, je me dis que ce n&rsquo;est pas possible que j&rsquo;aie v\u00e9cu \u00e7a et ce n&rsquo;est pas possible que j&rsquo;aie surv\u00e9cu \u00bb.<\/strong><\/p>\n<p>Dix-sept ans apr\u00e8s le drame, l&rsquo;actrice n&rsquo;avait jamais racont\u00e9 cette p\u00e9riode avec autant de pr\u00e9cision. Au micro de Jonathan Langlois, elle d\u00e9crit sans d\u00e9tour ce que \u00ab survivre \u00bb a voulu dire : un compagnon disparu brutalement, un b\u00e9b\u00e9 de quelques mois \u00e0 \u00e9lever, et une reconstruction qui ne s&rsquo;est jamais faite en ligne droite. Ses confidences, mises en ligne ce week-end, ont \u00e9t\u00e9 reprises par plusieurs m\u00e9dias, dont Gala et Purepeople.<\/p>\n<div class=\"ss-enbref\">\n<h2>En bref<\/h2>\n<ul>\n<li>Alice Taglioni s&rsquo;est confi\u00e9e dans le podcast <strong>\u00ab Les Lueurs \u00bb<\/strong> sur la mort de <strong>Jocelyn Quivrin<\/strong>, acteur disparu \u00e0 <strong>30 ans<\/strong> en novembre 2009.<\/li>\n<li>Elle circulait <strong>sur la m\u00eame route, dans un autre v\u00e9hicule<\/strong>, au moment de l&rsquo;accident survenu dans le tunnel de Saint-Cloud, sur l&rsquo;A13.<\/li>\n<li>Leur fils, Charlie, <strong>n&rsquo;avait pas un an<\/strong> : \u00ab La seule chose qui m&rsquo;a tenue en vie, c&rsquo;est vraiment la maternit\u00e9 \u00bb.<\/li>\n<li>Elle en a tir\u00e9 un livre, <strong>\u00ab Un papa vivant \u00bb<\/strong> (2023), et partage aujourd&rsquo;hui la vie de <strong>Laurent Delahousse<\/strong> : \u00ab On ne refait pas sa vie, mais on la continue \u00bb.<\/li>\n<\/ul>\n<\/div>\n<h2>\u00ab Ce n&rsquo;est pas possible que j&rsquo;aie surv\u00e9cu \u00bb : le r\u00e9cit d&rsquo;une nuit de novembre 2009<\/h2>\n<p>En novembre 2009, Jocelyn Quivrin, com\u00e9dien de 30 ans consid\u00e9r\u00e9 comme l&rsquo;un des espoirs du cin\u00e9ma fran\u00e7ais, perd le contr\u00f4le de son v\u00e9hicule, une Ariel Atom, dans le tunnel de Saint-Cloud, sur l&rsquo;autoroute A13. D\u00e9tail vertigineux, rappel\u00e9 dans le podcast : Alice Taglioni roulait au m\u00eame moment sur cette route, dans une autre voiture.<\/p>\n<p>C&rsquo;est ce souvenir qui fait dire \u00e0 l&rsquo;actrice, au micro des \u00ab Lueurs \u00bb : \u00ab Quand j&rsquo;y repense, je me dis que ce n&rsquo;est pas possible que j&rsquo;aie v\u00e9cu \u00e7a et ce n&rsquo;est pas possible que j&rsquo;aie surv\u00e9cu \u00bb. Elle ne met pas en sc\u00e8ne une \u00ab belle histoire de r\u00e9silience \u00bb : elle d\u00e9crit une survie brute, celle d&rsquo;une jeune m\u00e8re devenue veuve du jour au lendemain.<\/p>\n<h2>La maternit\u00e9 comme bou\u00e9e : \u00ab La seule chose qui m&rsquo;a tenue en vie \u00bb<\/h2>\n<p>Au moment du drame, leur fils Charlie n&rsquo;a pas encore un an. C&rsquo;est lui, explique-t-elle, qui l&rsquo;a maintenue debout : \u00ab La seule chose qui m&rsquo;a tenue en vie, c&rsquo;est vraiment la maternit\u00e9 \u00bb. Il faut continuer \u00e0 nourrir, \u00e0 rassurer, \u00e0 s&rsquo;occuper d&rsquo;un enfant alors qu&rsquo;on ne sait pas soi-m\u00eame comment tenir \u2014 c&rsquo;est dans ce quotidien-l\u00e0, dit-elle en substance, que la reconstruction a commenc\u00e9.<\/p>\n<p>Selon Gala, l&rsquo;actrice raconte aussi avoir demand\u00e9 \u00e0 sa meilleure amie de venir vivre avec elle apr\u00e8s le drame, pour ne pas rester seule avec son b\u00e9b\u00e9. Sur le sens de l&rsquo;\u00e9preuve, elle refuse toute le\u00e7on toute faite : \u00ab Les \u00e9preuves, je ne sais pas ce qu&rsquo;elles viennent raconter, mais en tout cas il faut les vivre \u00bb.<\/p>\n<h2>\u00ab On ne refait pas sa vie, mais on la continue \u00bb<\/h2>\n<p>Depuis, Alice Taglioni a poursuivi sa carri\u00e8re au cin\u00e9ma et \u00e0 la t\u00e9l\u00e9vision, et reconstruit une vie de famille aupr\u00e8s du journaliste Laurent Delahousse, avec qui elle a eu deux enfants, \u00e9lev\u00e9s loin des projecteurs. En 2023, elle a publi\u00e9 \u00ab Un papa vivant \u00bb (Robert Laffont), un r\u00e9cit directement inspir\u00e9 de son histoire : comment faire exister un p\u00e8re disparu aupr\u00e8s d&rsquo;un enfant qui ne l&rsquo;a pas connu.<\/p>\n<p>Sa formule r\u00e9sume l&rsquo;esprit de ses confidences : \u00ab On ne refait pas sa vie, mais on la continue \u00bb. Un t\u00e9moignage rare chez une actrice plut\u00f4t discr\u00e8te sur sa vie priv\u00e9e, et qui explique sans doute l&rsquo;\u00e9cho rencontr\u00e9 ce week-end par l&rsquo;\u00e9pisode des \u00ab Lueurs \u00bb, repris par <a href=\"https:\/\/www.gala.fr\/l_actu\/news_de_stars\/alice-taglioni-revient-sur-la-mort-de-jocelyn-quivrin-le-pere-de-son-premier-fils-jai-demande-a-ma-meilleure-amie-de-vivre-avec-moi_561849\" rel=\"noopener nofollow\">Gala<\/a> et <a href=\"https:\/\/www.purepeople.com\/article\/alice-taglioni-ce-nest-pas-possible-que-jaie-survecu-15-ans-apres-la-disparition-du-pere-de-son-fils-elle-revient-sur-lepreuve-qui-a-change-sa-vie_a553263\/1\" rel=\"noopener nofollow\">Purepeople<\/a>.<\/p>\n<p>Sur StarStory, retrouvez aussi nos derniers portraits : <a href=\"https:\/\/starstory.fr\/blog\/cinema-et-television\/virginie-efira-soudain-salles-cancel-disney-plus\/\">Virginie Efira, entre \u00ab Soudain \u00bb et \u00ab Cancel \u00bb<\/a> et <a href=\"https:\/\/starstory.fr\/blog\/sport-et-legendes-sportives\/kevin-mayer-pourquoi-le-double-champion-du-monde-est-absent-des-championnats-deurope-2026\/\">Kevin Mayer, absent des championnats d&rsquo;Europe 2026<\/a>.<\/p>\n<h2>Questions fr\u00e9quentes<\/h2>\n<details>\n<summary>De quoi est mort Jocelyn Quivrin ?<\/summary>\n<p>Jocelyn Quivrin est mort en novembre 2009, \u00e0 30 ans, dans un accident de la route : il a perdu le contr\u00f4le de son v\u00e9hicule, une Ariel Atom, dans le tunnel de Saint-Cloud, sur l&rsquo;autoroute A13, pr\u00e8s de Paris.<\/p>\n<\/details>\n<details>\n<summary>Que r\u00e9v\u00e8le Alice Taglioni dans le podcast \u00ab Les Lueurs \u00bb ?<\/summary>\n<p>Elle raconte qu&rsquo;elle circulait sur la m\u00eame route au moment de l&rsquo;accident, et confie : \u00ab Quand j&rsquo;y repense, je me dis que ce n&rsquo;est pas possible que j&rsquo;aie v\u00e9cu \u00e7a et ce n&rsquo;est pas possible que j&rsquo;aie surv\u00e9cu \u00bb. Elle explique que la maternit\u00e9 est \u00ab la seule chose \u00bb qui l&rsquo;a \u00ab tenue en vie \u00bb.<\/p>\n<\/details>\n<details>\n<summary>Alice Taglioni a-t-elle refait sa vie depuis ?<\/summary>\n<p>\u00ab On ne refait pas sa vie, mais on la continue \u00bb, r\u00e9pond-elle. Elle partage depuis plusieurs ann\u00e9es la vie du journaliste Laurent Delahousse, avec qui elle a deux enfants, et a publi\u00e9 en 2023 le livre \u00ab Un papa vivant \u00bb, inspir\u00e9 de son histoire avec Jocelyn Quivrin et leur fils Charlie.<\/p>\n<\/details>\n<p><script type=\"application\/ld+json\">{\"@context\":\"https:\/\/schema.org\",\"@type\":\"FAQPage\",\"mainEntity\":[{\"@type\":\"Question\",\"name\":\"De quoi est mort Jocelyn Quivrin ?\",\"acceptedAnswer\":{\"@type\":\"Answer\",\"text\":\"Jocelyn Quivrin est mort en novembre 2009, \u00e0 30 ans, dans un accident de la route : il a perdu le contr\u00f4le de son v\u00e9hicule, une Ariel Atom, dans le tunnel de Saint-Cloud, sur l'autoroute A13, pr\u00e8s de Paris.\"}},{\"@type\":\"Question\",\"name\":\"Que r\u00e9v\u00e8le Alice Taglioni dans le podcast \u00ab Les Lueurs \u00bb ?\",\"acceptedAnswer\":{\"@type\":\"Answer\",\"text\":\"Elle raconte qu'elle circulait sur la m\u00eame route au moment de l'accident et confie que la maternit\u00e9 est \u00ab la seule chose \u00bb qui l'a \u00ab tenue en vie \u00bb.\"}},{\"@type\":\"Question\",\"name\":\"Alice Taglioni a-t-elle refait sa vie depuis ?\",\"acceptedAnswer\":{\"@type\":\"Answer\",\"text\":\"\u00ab On ne refait pas sa vie, mais on la continue \u00bb, r\u00e9pond-elle. Elle partage la vie de Laurent Delahousse, avec qui elle a deux enfants, et a publi\u00e9 en 2023 le livre \u00ab Un papa vivant \u00bb.\"}}]}<\/script><\/p>\n<h2>\u00c0 retenir<\/h2>\n<p>Dans \u00ab Les Lueurs \u00bb, Alice Taglioni livre son t\u00e9moignage le plus intime sur la mort de Jocelyn Quivrin : la sid\u00e9ration d&rsquo;avoir \u00e9t\u00e9 sur la m\u00eame route cette nuit de novembre 2009, la maternit\u00e9 comme unique point d&rsquo;ancrage, et une vie qui s&rsquo;est \u00ab continu\u00e9e \u00bb plut\u00f4t que refaite \u2014 jusqu&rsquo;au livre \u00ab Un papa vivant \u00bb, \u00e9crit pour leur fils.<\/p>\n","protected":false},"excerpt":{"rendered":"","protected":false},"author":39,"featured_media":8356,"comment_status":"open","ping_status":"open","sticky":false,"template":"","format":"standard","meta":{"_acf_changed":false,"manual_indexmenow":false,"indexmenow_id_project":0,"footnotes":""},"categories":[4524],"tags":[],"class_list":["post-8355","post","type-post","status-publish","format-standard","has-post-thumbnail","hentry","category-celebrites-et-influence-en-france","generate-columns","tablet-grid-50","mobile-grid-100","grid-parent","grid-25"],"acf":[],"yoast_head":"<!-- This site is optimized with the Yoast SEO Premium plugin v21.3 (Yoast SEO v26.5) - https:\/\/yoast.com\/wordpress\/plugins\/seo\/ -->\n<title>Alice Taglioni se confie sur la mort de Jocelyn Quivrin<\/title>\n<meta name=\"description\" content=\"Dans le podcast \u00ab Les Lueurs \u00bb, Alice Taglioni revient sur la mort de Jocelyn Quivrin en 2009 : ses mots, la maternit\u00e9 qui l&#039;a tenue en vie, sa reconstruction.\" \/>\n<meta name=\"robots\" content=\"index, follow, max-snippet:-1, max-image-preview:large, max-video-preview:-1\" \/>\n<link rel=\"canonical\" href=\"https:\/\/starstory.fr\/blog\/celebrites-et-influence-en-france\/alice-taglioni-sur-la-mort-de-jocelyn-quivrin-ce-nest-pas-possible-que-jaie-survecu\/\" \/>\n<meta property=\"og:locale\" content=\"fr_FR\" \/>\n<meta property=\"og:type\" content=\"article\" \/>\n<meta property=\"og:title\" content=\"Alice Taglioni se confie sur la mort de Jocelyn Quivrin\" \/>\n<meta property=\"og:description\" content=\"Dans le podcast \u00ab Les Lueurs \u00bb, Alice Taglioni revient sur la mort de Jocelyn Quivrin en 2009 : ses mots, la maternit\u00e9 qui l&#039;a tenue en vie, sa reconstruction.\" \/>\n<meta property=\"og:url\" content=\"https:\/\/starstory.fr\/blog\/celebrites-et-influence-en-france\/alice-taglioni-sur-la-mort-de-jocelyn-quivrin-ce-nest-pas-possible-que-jaie-survecu\/\" \/>\n<meta property=\"og:site_name\" content=\"starstory\" \/>\n<meta name=\"author\" content=\"Claire Lefevre\" \/>\n<meta name=\"twitter:card\" content=\"summary_large_image\" \/>\n<script type=\"application\/ld+json\" class=\"yoast-schema-graph\">{\"@context\":\"https:\/\/schema.org\",\"@graph\":[{\"@type\":\"NewsArticle\",\"@id\":\"https:\/\/starstory.fr\/blog\/celebrites-et-influence-en-france\/alice-taglioni-sur-la-mort-de-jocelyn-quivrin-ce-nest-pas-possible-que-jaie-survecu\/#article\",\"isPartOf\":{\"@id\":\"https:\/\/starstory.fr\/blog\/celebrites-et-influence-en-france\/alice-taglioni-sur-la-mort-de-jocelyn-quivrin-ce-nest-pas-possible-que-jaie-survecu\/\"},\"author\":{\"name\":\"Claire Lefevre\",\"@id\":\"https:\/\/starstory.fr\/blog\/#\/schema\/person\/432b46949d2a452f85568b160103039e\"},\"headline\":\"Alice Taglioni sur la mort de Jocelyn Quivrin : \u00ab Ce n&rsquo;est pas possible que j&rsquo;aie surv\u00e9cu \u00bb\",\"datePublished\":\"2026-08-16T20:46:20+00:00\",\"mainEntityOfPage\":{\"@id\":\"https:\/\/starstory.fr\/blog\/celebrites-et-influence-en-france\/alice-taglioni-sur-la-mort-de-jocelyn-quivrin-ce-nest-pas-possible-que-jaie-survecu\/\"},\"wordCount\":956,\"commentCount\":0,\"publisher\":{\"@id\":\"https:\/\/starstory.fr\/blog\/#organization\"},\"image\":{\"@id\":\"https:\/\/starstory.fr\/blog\/celebrites-et-influence-en-france\/alice-taglioni-sur-la-mort-de-jocelyn-quivrin-ce-nest-pas-possible-que-jaie-survecu\/#primaryimage\"},\"thumbnailUrl\":\"https:\/\/starstory.fr\/blog\/wp-content\/uploads\/2026\/08\/pexels_starstory_fr_8355_31213674-scaled.jpg\",\"articleSection\":[\"C\u00e9l\u00e9brit\u00e9s et Influence en France\"],\"inLanguage\":\"fr-FR\",\"potentialAction\":[{\"@type\":\"CommentAction\",\"name\":\"Comment\",\"target\":[\"https:\/\/starstory.fr\/blog\/celebrites-et-influence-en-france\/alice-taglioni-sur-la-mort-de-jocelyn-quivrin-ce-nest-pas-possible-que-jaie-survecu\/#respond\"]}]},{\"@type\":\"WebPage\",\"@id\":\"https:\/\/starstory.fr\/blog\/celebrites-et-influence-en-france\/alice-taglioni-sur-la-mort-de-jocelyn-quivrin-ce-nest-pas-possible-que-jaie-survecu\/\",\"url\":\"https:\/\/starstory.fr\/blog\/celebrites-et-influence-en-france\/alice-taglioni-sur-la-mort-de-jocelyn-quivrin-ce-nest-pas-possible-que-jaie-survecu\/\",\"name\":\"Alice Taglioni se confie sur la mort de Jocelyn Quivrin\",\"isPartOf\":{\"@id\":\"https:\/\/starstory.fr\/blog\/#website\"},\"primaryImageOfPage\":{\"@id\":\"https:\/\/starstory.fr\/blog\/celebrites-et-influence-en-france\/alice-taglioni-sur-la-mort-de-jocelyn-quivrin-ce-nest-pas-possible-que-jaie-survecu\/#primaryimage\"},\"image\":{\"@id\":\"https:\/\/starstory.fr\/blog\/celebrites-et-influence-en-france\/alice-taglioni-sur-la-mort-de-jocelyn-quivrin-ce-nest-pas-possible-que-jaie-survecu\/#primaryimage\"},\"thumbnailUrl\":\"https:\/\/starstory.fr\/blog\/wp-content\/uploads\/2026\/08\/pexels_starstory_fr_8355_31213674-scaled.jpg\",\"datePublished\":\"2026-08-16T20:46:20+00:00\",\"description\":\"Dans le podcast \u00ab Les Lueurs \u00bb, Alice Taglioni revient sur la mort de Jocelyn Quivrin en 2009 : ses mots, la maternit\u00e9 qui l'a tenue en vie, sa reconstruction.\",\"inLanguage\":\"fr-FR\",\"potentialAction\":[{\"@type\":\"ReadAction\",\"target\":[\"https:\/\/starstory.fr\/blog\/celebrites-et-influence-en-france\/alice-taglioni-sur-la-mort-de-jocelyn-quivrin-ce-nest-pas-possible-que-jaie-survecu\/\"]}]},{\"@type\":\"ImageObject\",\"inLanguage\":\"fr-FR\",\"@id\":\"https:\/\/starstory.fr\/blog\/celebrites-et-influence-en-france\/alice-taglioni-sur-la-mort-de-jocelyn-quivrin-ce-nest-pas-possible-que-jaie-survecu\/#primaryimage\",\"url\":\"https:\/\/starstory.fr\/blog\/wp-content\/uploads\/2026\/08\/pexels_starstory_fr_8355_31213674-scaled.jpg\",\"contentUrl\":\"https:\/\/starstory.fr\/blog\/wp-content\/uploads\/2026\/08\/pexels_starstory_fr_8355_31213674-scaled.jpg\",\"width\":1200,\"height\":800,\"caption\":\"A sleek professional microphone on a boom arm in a minimalist studio.\"},{\"@type\":\"WebSite\",\"@id\":\"https:\/\/starstory.fr\/blog\/#website\",\"url\":\"https:\/\/starstory.fr\/blog\/\",\"name\":\"StarStory\",\"description\":\"StarStory, les \u00e9toiles racontent leur histoire\",\"publisher\":{\"@id\":\"https:\/\/starstory.fr\/blog\/#organization\"},\"alternateName\":\"StarStory, les \u00e9toiles racontent leur histoire\",\"potentialAction\":[{\"@type\":\"SearchAction\",\"target\":{\"@type\":\"EntryPoint\",\"urlTemplate\":\"https:\/\/starstory.fr\/blog\/?s={search_term_string}\"},\"query-input\":{\"@type\":\"PropertyValueSpecification\",\"valueRequired\":true,\"valueName\":\"search_term_string\"}}],\"inLanguage\":\"fr-FR\"},{\"@type\":\"Organization\",\"@id\":\"https:\/\/starstory.fr\/blog\/#organization\",\"name\":\"StarStory\",\"alternateName\":\"StarStory.fr\",\"url\":\"https:\/\/starstory.fr\/blog\/\",\"logo\":{\"@type\":\"ImageObject\",\"inLanguage\":\"fr-FR\",\"@id\":\"https:\/\/starstory.fr\/blog\/#\/schema\/logo\/image\/\",\"url\":\"https:\/\/starstory.fr\/blog\/wp-content\/uploads\/2024\/12\/38.png\",\"contentUrl\":\"https:\/\/starstory.fr\/blog\/wp-content\/uploads\/2024\/12\/38.png\",\"width\":500,\"height\":500,\"caption\":\"StarStory\"},\"image\":{\"@id\":\"https:\/\/starstory.fr\/blog\/#\/schema\/logo\/image\/\"}},{\"@type\":\"Person\",\"@id\":\"https:\/\/starstory.fr\/blog\/#\/schema\/person\/432b46949d2a452f85568b160103039e\",\"name\":\"Claire Lefevre\",\"image\":{\"@type\":\"ImageObject\",\"inLanguage\":\"fr-FR\",\"@id\":\"https:\/\/starstory.fr\/blog\/#\/schema\/person\/image\/\",\"url\":\"https:\/\/secure.gravatar.com\/avatar\/?s=96&d=mm&r=g\",\"contentUrl\":\"https:\/\/secure.gravatar.com\/avatar\/?s=96&d=mm&r=g\",\"caption\":\"Claire Lefevre\"},\"description\":\"Claire raconte l\u2019\u00e9volution des c\u00e9l\u00e9brit\u00e9s et leur influence socioculturelle \u00e0 travers les d\u00e9cennies.\",\"url\":\"https:\/\/starstory.fr\/blog\/auteur\/claire-lefevre\/\",\"jobTitle\":\"Contributrice mutuelle sant\u00e9\",\"email\":\"claire.lefevre@starstory.fr\"}]}<\/script>\n<!-- \/ Yoast SEO Premium plugin. -->","yoast_head_json":{"title":"Alice Taglioni se confie sur la mort de Jocelyn Quivrin","description":"Dans le podcast \u00ab Les Lueurs \u00bb, Alice Taglioni revient sur la mort de Jocelyn Quivrin en 2009 : ses mots, la maternit\u00e9 qui l'a tenue en vie, sa reconstruction.","robots":{"index":"index","follow":"follow","max-snippet":"max-snippet:-1","max-image-preview":"max-image-preview:large","max-video-preview":"max-video-preview:-1"},"canonical":"https:\/\/starstory.fr\/blog\/celebrites-et-influence-en-france\/alice-taglioni-sur-la-mort-de-jocelyn-quivrin-ce-nest-pas-possible-que-jaie-survecu\/","og_locale":"fr_FR","og_type":"article","og_title":"Alice Taglioni se confie sur la mort de Jocelyn Quivrin","og_description":"Dans le podcast \u00ab Les Lueurs \u00bb, Alice Taglioni revient sur la mort de Jocelyn Quivrin en 2009 : ses mots, la maternit\u00e9 qui l'a tenue en vie, sa reconstruction.","og_url":"https:\/\/starstory.fr\/blog\/celebrites-et-influence-en-france\/alice-taglioni-sur-la-mort-de-jocelyn-quivrin-ce-nest-pas-possible-que-jaie-survecu\/","og_site_name":"starstory","author":"Claire Lefevre","twitter_card":"summary_large_image","schema":{"@context":"https:\/\/schema.org","@graph":[{"@type":"NewsArticle","@id":"https:\/\/starstory.fr\/blog\/celebrites-et-influence-en-france\/alice-taglioni-sur-la-mort-de-jocelyn-quivrin-ce-nest-pas-possible-que-jaie-survecu\/#article","isPartOf":{"@id":"https:\/\/starstory.fr\/blog\/celebrites-et-influence-en-france\/alice-taglioni-sur-la-mort-de-jocelyn-quivrin-ce-nest-pas-possible-que-jaie-survecu\/"},"author":{"name":"Claire Lefevre","@id":"https:\/\/starstory.fr\/blog\/#\/schema\/person\/432b46949d2a452f85568b160103039e"},"headline":"Alice Taglioni sur la mort de Jocelyn Quivrin : \u00ab Ce n&rsquo;est pas possible que j&rsquo;aie surv\u00e9cu \u00bb","datePublished":"2026-08-16T20:46:20+00:00","mainEntityOfPage":{"@id":"https:\/\/starstory.fr\/blog\/celebrites-et-influence-en-france\/alice-taglioni-sur-la-mort-de-jocelyn-quivrin-ce-nest-pas-possible-que-jaie-survecu\/"},"wordCount":956,"commentCount":0,"publisher":{"@id":"https:\/\/starstory.fr\/blog\/#organization"},"image":{"@id":"https:\/\/starstory.fr\/blog\/celebrites-et-influence-en-france\/alice-taglioni-sur-la-mort-de-jocelyn-quivrin-ce-nest-pas-possible-que-jaie-survecu\/#primaryimage"},"thumbnailUrl":"https:\/\/starstory.fr\/blog\/wp-content\/uploads\/2026\/08\/pexels_starstory_fr_8355_31213674-scaled.jpg","articleSection":["C\u00e9l\u00e9brit\u00e9s et Influence en France"],"inLanguage":"fr-FR","potentialAction":[{"@type":"CommentAction","name":"Comment","target":["https:\/\/starstory.fr\/blog\/celebrites-et-influence-en-france\/alice-taglioni-sur-la-mort-de-jocelyn-quivrin-ce-nest-pas-possible-que-jaie-survecu\/#respond"]}]},{"@type":"WebPage","@id":"https:\/\/starstory.fr\/blog\/celebrites-et-influence-en-france\/alice-taglioni-sur-la-mort-de-jocelyn-quivrin-ce-nest-pas-possible-que-jaie-survecu\/","url":"https:\/\/starstory.fr\/blog\/celebrites-et-influence-en-france\/alice-taglioni-sur-la-mort-de-jocelyn-quivrin-ce-nest-pas-possible-que-jaie-survecu\/","name":"Alice Taglioni se confie sur la mort de Jocelyn Quivrin","isPartOf":{"@id":"https:\/\/starstory.fr\/blog\/#website"},"primaryImageOfPage":{"@id":"https:\/\/starstory.fr\/blog\/celebrites-et-influence-en-france\/alice-taglioni-sur-la-mort-de-jocelyn-quivrin-ce-nest-pas-possible-que-jaie-survecu\/#primaryimage"},"image":{"@id":"https:\/\/starstory.fr\/blog\/celebrites-et-influence-en-france\/alice-taglioni-sur-la-mort-de-jocelyn-quivrin-ce-nest-pas-possible-que-jaie-survecu\/#primaryimage"},"thumbnailUrl":"https:\/\/starstory.fr\/blog\/wp-content\/uploads\/2026\/08\/pexels_starstory_fr_8355_31213674-scaled.jpg","datePublished":"2026-08-16T20:46:20+00:00","description":"Dans le podcast \u00ab Les Lueurs \u00bb, Alice Taglioni revient sur la mort de Jocelyn Quivrin en 2009 : ses mots, la maternit\u00e9 qui l'a tenue en vie, sa reconstruction.","inLanguage":"fr-FR","potentialAction":[{"@type":"ReadAction","target":["https:\/\/starstory.fr\/blog\/celebrites-et-influence-en-france\/alice-taglioni-sur-la-mort-de-jocelyn-quivrin-ce-nest-pas-possible-que-jaie-survecu\/"]}]},{"@type":"ImageObject","inLanguage":"fr-FR","@id":"https:\/\/starstory.fr\/blog\/celebrites-et-influence-en-france\/alice-taglioni-sur-la-mort-de-jocelyn-quivrin-ce-nest-pas-possible-que-jaie-survecu\/#primaryimage","url":"https:\/\/starstory.fr\/blog\/wp-content\/uploads\/2026\/08\/pexels_starstory_fr_8355_31213674-scaled.jpg","contentUrl":"https:\/\/starstory.fr\/blog\/wp-content\/uploads\/2026\/08\/pexels_starstory_fr_8355_31213674-scaled.jpg","width":1200,"height":800,"caption":"A sleek professional microphone on a boom arm in a minimalist studio."},{"@type":"WebSite","@id":"https:\/\/starstory.fr\/blog\/#website","url":"https:\/\/starstory.fr\/blog\/","name":"StarStory","description":"StarStory, les \u00e9toiles racontent leur histoire","publisher":{"@id":"https:\/\/starstory.fr\/blog\/#organization"},"alternateName":"StarStory, les \u00e9toiles racontent leur histoire","potentialAction":[{"@type":"SearchAction","target":{"@type":"EntryPoint","urlTemplate":"https:\/\/starstory.fr\/blog\/?s={search_term_string}"},"query-input":{"@type":"PropertyValueSpecification","valueRequired":true,"valueName":"search_term_string"}}],"inLanguage":"fr-FR"},{"@type":"Organization","@id":"https:\/\/starstory.fr\/blog\/#organization","name":"StarStory","alternateName":"StarStory.fr","url":"https:\/\/starstory.fr\/blog\/","logo":{"@type":"ImageObject","inLanguage":"fr-FR","@id":"https:\/\/starstory.fr\/blog\/#\/schema\/logo\/image\/","url":"https:\/\/starstory.fr\/blog\/wp-content\/uploads\/2024\/12\/38.png","contentUrl":"https:\/\/starstory.fr\/blog\/wp-content\/uploads\/2024\/12\/38.png","width":500,"height":500,"caption":"StarStory"},"image":{"@id":"https:\/\/starstory.fr\/blog\/#\/schema\/logo\/image\/"}},{"@type":"Person","@id":"https:\/\/starstory.fr\/blog\/#\/schema\/person\/432b46949d2a452f85568b160103039e","name":"Claire Lefevre","image":{"@type":"ImageObject","inLanguage":"fr-FR","@id":"https:\/\/starstory.fr\/blog\/#\/schema\/person\/image\/","url":"https:\/\/secure.gravatar.com\/avatar\/?s=96&d=mm&r=g","contentUrl":"https:\/\/secure.gravatar.com\/avatar\/?s=96&d=mm&r=g","caption":"Claire Lefevre"},"description":"Claire raconte l\u2019\u00e9volution des c\u00e9l\u00e9brit\u00e9s et leur influence socioculturelle \u00e0 travers les d\u00e9cennies.","url":"https:\/\/starstory.fr\/blog\/auteur\/claire-lefevre\/","jobTitle":"Contributrice mutuelle sant\u00e9","email":"claire.lefevre@starstory.fr"}]}},"_links":{"self":[{"href":"https:\/\/starstory.fr\/blog\/wp-json\/wp\/v2\/posts\/8355","targetHints":{"allow":["GET"]}}],"collection":[{"href":"https:\/\/starstory.fr\/blog\/wp-json\/wp\/v2\/posts"}],"about":[{"href":"https:\/\/starstory.fr\/blog\/wp-json\/wp\/v2\/types\/post"}],"author":[{"embeddable":true,"href":"https:\/\/starstory.fr\/blog\/wp-json\/wp\/v2\/users\/39"}],"replies":[{"embeddable":true,"href":"https:\/\/starstory.fr\/blog\/wp-json\/wp\/v2\/comments?post=8355"}],"version-history":[{"count":0,"href":"https:\/\/starstory.fr\/blog\/wp-json\/wp\/v2\/posts\/8355\/revisions"}],"wp:featuredmedia":[{"embeddable":true,"href":"https:\/\/starstory.fr\/blog\/wp-json\/wp\/v2\/media\/8356"}],"wp:attachment":[{"href":"https:\/\/starstory.fr\/blog\/wp-json\/wp\/v2\/media?parent=8355"}],"wp:term":[{"taxonomy":"category","embeddable":true,"href":"https:\/\/starstory.fr\/blog\/wp-json\/wp\/v2\/categories?post=8355"},{"taxonomy":"post_tag","embeddable":true,"href":"https:\/\/starstory.fr\/blog\/wp-json\/wp\/v2\/tags?post=8355"}],"curies":[{"name":"wp","href":"https:\/\/api.w.org\/{rel}","templated":true}]}}