{"id":8353,"date":"2026-08-15T20:01:56","date_gmt":"2026-08-15T18:01:56","guid":{"rendered":"https:\/\/starstory.fr\/blog\/sport-et-legendes-sportives\/kevin-mayer-pourquoi-le-double-champion-du-monde-est-absent-des-championnats-deurope-2026\/"},"modified":"2026-08-15T20:01:56","modified_gmt":"2026-08-15T18:01:56","slug":"kevin-mayer-pourquoi-le-double-champion-du-monde-est-absent-des-championnats-deurope-2026","status":"publish","type":"post","link":"https:\/\/starstory.fr\/blog\/sport-et-legendes-sportives\/kevin-mayer-pourquoi-le-double-champion-du-monde-est-absent-des-championnats-deurope-2026\/","title":{"rendered":"Kevin Mayer : pourquoi le double champion du monde est absent des championnats d&rsquo;Europe 2026"},"content":{"rendered":"<p><strong>Kevin Mayer est absent des championnats d&rsquo;Europe d&rsquo;athl\u00e9tisme de Birmingham (10-16 ao\u00fbt 2026) parce que son retour de blessure est encore trop r\u00e9cent : revenu \u00e0 la comp\u00e9tition en mai 2026 apr\u00e8s 664 jours d&rsquo;arr\u00eat \u00e0 cause d&rsquo;une grave l\u00e9sion de l&rsquo;ischio-jambier gauche, le double champion du monde du d\u00e9cathlon n&rsquo;a repris que des \u00e9preuves isol\u00e9es, a de nouveau \u00e9t\u00e9 frein\u00e9 d\u00e9but juillet par une g\u00eane musculaire et pr\u00e9pare son retour avec un seul cap, les Jeux olympiques de Los Angeles 2028 \u2014 aucun motif officiel d\u00e9taill\u00e9 n&rsquo;a par ailleurs \u00e9t\u00e9 communiqu\u00e9 par la F\u00e9d\u00e9ration.<\/strong> Pendant que l&rsquo;\u00e9quipe de France dispute l&rsquo;Euro sur France 2, France 3 et Eurosport, le recordman du monde poursuit donc sa reconstruction, loin des pistes\u2026 mais pas loin des projecteurs, puisque la presse people vient de c\u00e9l\u00e9brer son premier anniversaire de mariage avec Delphine.<\/p>\n<div class=\"ss-encart\" style=\"background:#f5f2ea;border-left:4px solid #b8924a;padding:18px 22px;margin:22px 0;\">\n<p><strong>En bref<\/strong><\/p>\n<ul>\n<li>L&rsquo;\u00e9quipe de France dispute l&rsquo;Euro de Birmingham (<strong>10-16 ao\u00fbt 2026<\/strong>) sans Kevin Mayer, comme l&rsquo;ont soulign\u00e9 Midi Libre et Orange Sports le 10 ao\u00fbt.<\/li>\n<li>Le d\u00e9cathlonien est revenu \u00e0 la comp\u00e9tition d\u00e9but mai 2026, apr\u00e8s <strong>664 jours<\/strong> sans le moindre dossard, cons\u00e9quence d&rsquo;une rupture quasi totale de l&rsquo;ischio-jambier gauche en juillet 2024.<\/li>\n<li>Son objectif assum\u00e9 n&rsquo;est pas Birmingham mais les <strong>JO de Los Angeles 2028<\/strong> : \u00ab Je ne vois pas la ligne d&rsquo;arriv\u00e9e de ma carri\u00e8re \u00bb, confiait-il \u00e0 L&rsquo;\u00c9quipe en mai.<\/li>\n<li>C\u00f4t\u00e9 c\u0153ur, il a f\u00eat\u00e9 le 1er anniversaire de son mariage avec <strong>Delphine Jariel<\/strong>, c\u00e9l\u00e9br\u00e9 \u00e0 Montpellier en ao\u00fbt 2025.<\/li>\n<\/ul>\n<\/div>\n<h2>Un Euro \u00e0 Birmingham sans sa plus grande star des \u00e9preuves combin\u00e9es<\/h2>\n<p>Les championnats d&rsquo;Europe d&rsquo;athl\u00e9tisme 2026 se tiennent du <strong>10 au 16 ao\u00fbt<\/strong> \u00e0 Birmingham, avec une large diffusion sur France 2, France 3, la plateforme france.tv et Eurosport. Mais au moment de pr\u00e9senter l&rsquo;\u00e9quipe de France, le constat s&rsquo;est impos\u00e9 : Midi Libre titrait le 10 ao\u00fbt sur des Bleus qui \u00ab entrent en piste sans Mayer \u00bb, et <a href=\"https:\/\/sports.orange.fr\/plus-de-sport\/athletisme\/article\/tout-savoir-sur-les-championnats-d-europe-2026-exclu-CNT000002rd9AX.html\" rel=\"nofollow\">Orange Sports<\/a> d\u00e9plorait le m\u00eame jour les absences de Kevin Mayer, Cyr\u00e9na Samba-Mayela ou encore Sasha Zhoya.<\/p>\n<p>Ni la F\u00e9d\u00e9ration fran\u00e7aise d&rsquo;athl\u00e9tisme ni l&rsquo;int\u00e9ress\u00e9 n&rsquo;ont publi\u00e9 de motif officiel d\u00e9taill\u00e9 pour expliquer cette absence. Ce que l&rsquo;on sait, en revanche, suffit largement \u00e0 la comprendre : \u00e0 <strong>34 ans<\/strong>, Kevin Mayer sort \u00e0 peine de deux saisons perdues, et une g\u00eane \u00e0 l&rsquo;ischio-jambier gauche, signal\u00e9e par la F\u00e9d\u00e9ration et trait\u00e9e d\u00e9but juillet en pleine pr\u00e9paration, est venue rappeler la fragilit\u00e9 de la zone. Sa participation \u00e9tait rest\u00e9e incertaine jusqu&rsquo;\u00e0 la s\u00e9lection ; il n&rsquo;y figure finalement pas.<\/p>\n<h2>Que devient Kevin Mayer ? Deux ans de tunnel, puis un retour pas \u00e0 pas<\/h2>\n<h3>Juillet 2024 : la blessure qui a tout arr\u00eat\u00e9<\/h3>\n<p>Tout bascule en <strong>juillet 2024<\/strong> : une rupture quasi totale de l&rsquo;ischio-jambier gauche (le muscle semi-membraneux) prive le champion du d\u00e9cathlon des JO de Paris, \u00e0 domicile. La saison suivante n&rsquo;offre aucune \u00e9claircie : le 16 juillet 2025, il annonce renoncer \u00e0 toute l&rsquo;ann\u00e9e 2025, r\u00e9sumant la situation d&rsquo;une formule rest\u00e9e c\u00e9l\u00e8bre dans L&rsquo;\u00c9quipe : \u00ab C&rsquo;est une \u00e9norme gal\u00e8re \u00bb. Son espoir de rejouer les Jeux, lui, n&rsquo;a jamais boug\u00e9.<\/p>\n<h3>Mai 2026 : 664 jours apr\u00e8s, le dossard est de retour<\/h3>\n<p>Le retour a finalement eu lieu d\u00e9but <strong>mai 2026<\/strong>, lors des Interclubs, apr\u00e8s <strong>664 jours<\/strong> sans comp\u00e9tition \u2014 un chiffre relev\u00e9 par Le Dauphin\u00e9 Lib\u00e9r\u00e9, tandis que Ouest-France saluait ce retour \u00ab apr\u00e8s deux ans d&rsquo;arr\u00eat \u00bb. Pas question pour autant d&rsquo;encha\u00eener dix \u00e9preuves : le Montpelli\u00e9rain s&rsquo;est align\u00e9 sur des \u00e9preuves isol\u00e9es, notamment le saut \u00e0 la perche, o\u00f9 L&rsquo;\u00c9quipe notait mi-mai qu&rsquo;il \u00ab grattait encore des centim\u00e8tres \u00bb. Une reprise volontairement progressive, sans d\u00e9cathlon complet \u00e0 ce stade.<\/p>\n<h3>\u00ab Arr\u00eatez de me dire que je suis fini \u00bb<\/h3>\n<p>Sur le fond, le discours du champion est limpide. \u00ab <strong>Arr\u00eatez de me dire que je suis fini. J&rsquo;arr\u00eaterai quand moi j&rsquo;aurai d\u00e9cid\u00e9<\/strong> \u00bb, lan\u00e7ait-il \u00e0 ses d\u00e9tracteurs le 20 mai 2026, dans des propos tenus \u00e0 RMC Sport et <a href=\"https:\/\/sports.orange.fr\/plus-de-sport\/athletisme\/article\/decathlon-mayer-a-bosse-comme-un-chien-exclu-CNT000002ptEHL.html\" rel=\"nofollow\">repris par Orange Sports<\/a>, o\u00f9 il savourait aussi son retour : \u00ab J&rsquo;ai vraiment mis les chances de mon c\u00f4t\u00e9, j&rsquo;ai boss\u00e9 comme un chien et je suis trop content car \u00e7a marche \u00bb. Quelques jours plus t\u00f4t, il confiait \u00e0 L&rsquo;\u00c9quipe : \u00ab <strong>Je ne vois pas la ligne d&rsquo;arriv\u00e9e de ma carri\u00e8re<\/strong> \u00bb. Et il assume viser les <strong>JO de Los Angeles 2028<\/strong>, o\u00f9 il aurait 36 ans \u2014 un horizon qu&rsquo;il \u00e9voquait d\u00e9j\u00e0 dans Ouest-France en mai.<\/p>\n<h2>De Paris 2024 \u00e0 Birmingham 2026 : la chronologie<\/h2>\n<table>\n<thead>\n<tr>\n<th>Date<\/th>\n<th>\u00c9v\u00e9nement<\/th>\n<th>Cons\u00e9quence<\/th>\n<\/tr>\n<\/thead>\n<tbody>\n<tr>\n<td>Juillet 2024<\/td>\n<td>Rupture quasi totale de l&rsquo;ischio-jambier gauche<\/td>\n<td>Forfait pour le d\u00e9cathlon des JO de Paris 2024<\/td>\n<\/tr>\n<tr>\n<td>16 juillet 2025<\/td>\n<td>\u00ab C&rsquo;est une \u00e9norme gal\u00e8re \u00bb (L&rsquo;\u00c9quipe)<\/td>\n<td>Renonce \u00e0 toute la saison 2025<\/td>\n<\/tr>\n<tr>\n<td>Ao\u00fbt 2025<\/td>\n<td>Mariage avec Delphine Jariel \u00e0 Montpellier<\/td>\n<td>Un an de vie commune c\u00e9l\u00e9br\u00e9 par Gala en ao\u00fbt 2026<\/td>\n<\/tr>\n<tr>\n<td>D\u00e9but mai 2026<\/td>\n<td>Retour aux Interclubs apr\u00e8s <strong>664 jours<\/strong><\/td>\n<td>Reprise sur des \u00e9preuves isol\u00e9es (dont la perche)<\/td>\n<\/tr>\n<tr>\n<td>D\u00e9but juillet 2026<\/td>\n<td>G\u00eane \u00e0 l&rsquo;ischio-jambier gauche signal\u00e9e par la FFA<\/td>\n<td>Participation \u00e0 l&rsquo;Euro incertaine, puis absence<\/td>\n<\/tr>\n<tr>\n<td>10-16 ao\u00fbt 2026<\/td>\n<td>Championnats d&rsquo;Europe de Birmingham<\/td>\n<td>L&rsquo;\u00e9quipe de France concourt sans lui<\/td>\n<\/tr>\n<\/tbody>\n<\/table>\n<h2>Un palmar\u00e8s que personne ne conteste<\/h2>\n<p>Si son absence fait autant parler, c&rsquo;est que Kevin Mayer reste l&rsquo;un des plus grands athl\u00e8tes fran\u00e7ais de l&rsquo;histoire :<\/p>\n<ul>\n<li><strong>Double champion du monde<\/strong> du d\u00e9cathlon (Londres 2017, Eugene 2022) ;<\/li>\n<li><strong>Recordman du monde<\/strong> avec <strong>9 126 points<\/strong>, \u00e9tablis \u00e0 Talence en septembre 2018 ;<\/li>\n<li><strong>Double vice-champion olympique<\/strong> (Rio 2016, Tokyo 2021) ;<\/li>\n<li>Champion du monde en salle de l&rsquo;heptathlon en 2018\u2026 d\u00e9j\u00e0 \u00e0 <strong>Birmingham<\/strong>, clin d&rsquo;\u0153il cruel du calendrier ;<\/li>\n<li>Vice-champion d&rsquo;Europe du d\u00e9cathlon en 2014 \u00e0 Zurich.<\/li>\n<\/ul>\n<p>Un CV qui le place tout en haut de la hi\u00e9rarchie des sportifs tricolores \u2014 on vous en parlait d&rsquo;ailleurs dans notre classement des <a href=\"https:\/\/starstory.fr\/blog\/sport-et-legendes-sportives\/les-sportifs-les-mieux-payes-du-monde-le-classement-des-plus-gros-reve\/\">sportifs les mieux pay\u00e9s du monde<\/a>.<\/p>\n<h2>Mari\u00e9 \u00e0 Delphine depuis un an : la parenth\u00e8se heureuse<\/h2>\n<p>Pendant que Birmingham vibre, la presse people, elle, a pr\u00e9f\u00e9r\u00e9 souffler une bougie. Le 11 ao\u00fbt, Gala revenait sur le <strong>premier anniversaire de mariage<\/strong> de Kevin Mayer et de Delphine Jariel, c\u00e9l\u00e9br\u00e9 en <strong>ao\u00fbt 2025 \u00e0 Montpellier<\/strong>. Une union largement couverte \u00e0 l&rsquo;\u00e9poque par Paris Match, CNews, ELLE ou La D\u00e9p\u00eache : le d\u00e9cathlonien \u00e9pousait sa compagne de longue date, qui est aussi\u2026 sa kin\u00e9sith\u00e9rapeute attitr\u00e9e, un duo que la presse r\u00e9gionale avait qualifi\u00e9 de \u00ab mariage de grands champions \u00bb.<\/p>\n<p>Un \u00e9quilibre personnel pr\u00e9cieux au moment o\u00f9 la carri\u00e8re traverse sa zone la plus d\u00e9licate \u2014 et un sujet people qui n&rsquo;a pas fini d&rsquo;alimenter les gazettes, comme toutes les histoires qui m\u00ealent sport et t\u00e9l\u00e9vision, \u00e0 l&rsquo;image de la <a href=\"https:\/\/starstory.fr\/blog\/sport-et-legendes-sportives\/nelson-monfort-polemique-pompiers-footballeurs-cnews\/\">r\u00e9cente sortie de Nelson Monfort sur CNews<\/a>.<\/p>\n<h2>Cap sur Los Angeles 2028<\/h2>\n<p>La suite ? Aucune date n&rsquo;est annonc\u00e9e pour son prochain d\u00e9cathlon complet, et le champion se garde bien d&rsquo;en fixer une publiquement. Les certitudes tiennent en trois points : le tunnel 2024-2025 est referm\u00e9, la reprise de 2026 s&rsquo;est faite par \u00e9tapes, et l&rsquo;objectif affich\u00e9 reste <strong>Los Angeles 2028<\/strong>. L&rsquo;Euro de Birmingham, qui s&rsquo;ach\u00e8ve le 16 ao\u00fbt, se sera donc \u00e9crit sans lui \u2014 mais rien, dans les d\u00e9clarations de l&rsquo;int\u00e9ress\u00e9, ne ressemble \u00e0 un adieu.<\/p>\n<h2>Questions fr\u00e9quentes<\/h2>\n<details>\n<summary><strong>Kevin Mayer participe-t-il aux championnats d&rsquo;Europe 2026 ?<\/strong><\/summary>\n<p>Non. L&rsquo;\u00e9quipe de France dispute l&rsquo;Euro de Birmingham (10-16 ao\u00fbt 2026) sans lui, comme l&rsquo;ont relev\u00e9 Midi Libre et Orange Sports. Aucun motif officiel d\u00e9taill\u00e9 n&rsquo;a \u00e9t\u00e9 communiqu\u00e9, mais son retour de blessure est encore r\u00e9cent et une g\u00eane \u00e0 l&rsquo;ischio-jambier gauche a \u00e9t\u00e9 signal\u00e9e d\u00e9but juillet.<\/p>\n<\/details>\n<details>\n<summary><strong>Quand Kevin Mayer reviendra-t-il sur un d\u00e9cathlon ?<\/strong><\/summary>\n<p>Aucune date n&rsquo;a \u00e9t\u00e9 annonc\u00e9e. Revenu \u00e0 la comp\u00e9tition en mai 2026 sur des \u00e9preuves isol\u00e9es apr\u00e8s 664 jours d&rsquo;arr\u00eat, il affiche un objectif clair : les Jeux olympiques de Los Angeles en 2028.<\/p>\n<\/details>\n<details>\n<summary><strong>Avec qui Kevin Mayer est-il mari\u00e9 ?<\/strong><\/summary>\n<p>Kevin Mayer a \u00e9pous\u00e9 Delphine Jariel, sa compagne de longue date et kin\u00e9sith\u00e9rapeute, en ao\u00fbt 2025 \u00e0 Montpellier. Gala a consacr\u00e9 un article au premier anniversaire de leur mariage le 11 ao\u00fbt 2026.<\/p>\n<\/details>\n<div class=\"ss-encart\" style=\"background:#f5f2ea;border-left:4px solid #16252a;padding:18px 22px;margin:22px 0;\">\n<p><strong>\u00c0 retenir<\/strong><\/p>\n<p>L&rsquo;absence de Kevin Mayer \u00e0 l&rsquo;Euro 2026 n&rsquo;est pas un myst\u00e8re mais la suite logique d&rsquo;un long parcours de soins : bless\u00e9 en juillet 2024, absent toute l&rsquo;ann\u00e9e 2025, revenu par petites touches en mai 2026 puis frein\u00e9 par une nouvelle g\u00eane musculaire, le double champion du monde (9 126 points de record du monde) a choisi la patience. Son vrai rendez-vous s&rsquo;appelle Los Angeles 2028 \u2014 et en attendant, c&rsquo;est sa vie d&rsquo;homme mari\u00e9 qui fait la une des magazines.<\/p>\n<\/div>\n<p><script type=\"application\/ld+json\">{\"@context\":\"https:\/\/schema.org\",\"@type\":\"FAQPage\",\"mainEntity\":[{\"@type\":\"Question\",\"name\":\"Kevin Mayer participe-t-il aux championnats d'Europe 2026 ?\",\"acceptedAnswer\":{\"@type\":\"Answer\",\"text\":\"Non. L'\u00e9quipe de France dispute l'Euro de Birmingham (10-16 ao\u00fbt 2026) sans lui. Aucun motif officiel d\u00e9taill\u00e9 n'a \u00e9t\u00e9 communiqu\u00e9, mais son retour de blessure est r\u00e9cent et une g\u00eane \u00e0 l'ischio-jambier gauche a \u00e9t\u00e9 signal\u00e9e d\u00e9but juillet 2026.\"}},{\"@type\":\"Question\",\"name\":\"Quand Kevin Mayer reviendra-t-il sur un d\u00e9cathlon ?\",\"acceptedAnswer\":{\"@type\":\"Answer\",\"text\":\"Aucune date n'a \u00e9t\u00e9 annonc\u00e9e. Revenu \u00e0 la comp\u00e9tition en mai 2026 sur des \u00e9preuves isol\u00e9es apr\u00e8s 664 jours d'arr\u00eat, il vise les Jeux olympiques de Los Angeles 2028.\"}},{\"@type\":\"Question\",\"name\":\"Avec qui Kevin Mayer est-il mari\u00e9 ?\",\"acceptedAnswer\":{\"@type\":\"Answer\",\"text\":\"Kevin Mayer a \u00e9pous\u00e9 Delphine Jariel, sa compagne de longue date et kin\u00e9sith\u00e9rapeute, en ao\u00fbt 2025 \u00e0 Montpellier. Gala a consacr\u00e9 un article au premier anniversaire de leur mariage le 11 ao\u00fbt 2026.\"}}]}<\/script><\/p>\n","protected":false},"excerpt":{"rendered":"","protected":false},"author":42,"featured_media":8354,"comment_status":"open","ping_status":"open","sticky":false,"template":"","format":"standard","meta":{"_acf_changed":false,"manual_indexmenow":false,"indexmenow_id_project":0,"footnotes":""},"categories":[4523],"tags":[],"class_list":["post-8353","post","type-post","status-publish","format-standard","has-post-thumbnail","hentry","category-sport-et-legendes-sportives","generate-columns","tablet-grid-50","mobile-grid-100","grid-parent","grid-25"],"acf":[],"yoast_head":"<!-- This site is optimized with the Yoast SEO Premium plugin v21.3 (Yoast SEO v26.5) - https:\/\/yoast.com\/wordpress\/plugins\/seo\/ -->\n<title>Kevin Mayer absent de l&#039;Euro 2026 : les vraies raisons<\/title>\n<meta name=\"description\" content=\"Bless\u00e9 \u00e0 l&#039;ischio-jambier et de retour depuis mai seulement, Kevin Mayer manque l&#039;Euro de Birmingham. Sa situation, son palmar\u00e8s, son mariage avec Delphine.\" \/>\n<meta name=\"robots\" content=\"index, follow, max-snippet:-1, max-image-preview:large, max-video-preview:-1\" \/>\n<link rel=\"canonical\" href=\"https:\/\/starstory.fr\/blog\/sport-et-legendes-sportives\/kevin-mayer-pourquoi-le-double-champion-du-monde-est-absent-des-championnats-deurope-2026\/\" \/>\n<meta property=\"og:locale\" content=\"fr_FR\" \/>\n<meta property=\"og:type\" content=\"article\" \/>\n<meta property=\"og:title\" content=\"Kevin Mayer absent de l&#039;Euro 2026 : les vraies raisons\" \/>\n<meta property=\"og:description\" content=\"Bless\u00e9 \u00e0 l&#039;ischio-jambier et de retour depuis mai seulement, Kevin Mayer manque l&#039;Euro de Birmingham. Sa situation, son palmar\u00e8s, son mariage avec Delphine.\" \/>\n<meta property=\"og:url\" content=\"https:\/\/starstory.fr\/blog\/sport-et-legendes-sportives\/kevin-mayer-pourquoi-le-double-champion-du-monde-est-absent-des-championnats-deurope-2026\/\" \/>\n<meta property=\"og:site_name\" content=\"starstory\" \/>\n<meta property=\"og:image\" content=\"https:\/\/starstory.fr\/blog\/wp-content\/uploads\/2026\/08\/pexels-photo-20357034-scaled.jpeg\" \/>\n<meta name=\"author\" content=\"Antoine Ferrand\" \/>\n<meta name=\"twitter:card\" content=\"summary_large_image\" \/>\n<script type=\"application\/ld+json\" class=\"yoast-schema-graph\">{\"@context\":\"https:\/\/schema.org\",\"@graph\":[{\"@type\":\"NewsArticle\",\"@id\":\"https:\/\/starstory.fr\/blog\/sport-et-legendes-sportives\/kevin-mayer-pourquoi-le-double-champion-du-monde-est-absent-des-championnats-deurope-2026\/#article\",\"isPartOf\":{\"@id\":\"https:\/\/starstory.fr\/blog\/sport-et-legendes-sportives\/kevin-mayer-pourquoi-le-double-champion-du-monde-est-absent-des-championnats-deurope-2026\/\"},\"author\":{\"name\":\"Antoine Ferrand\",\"@id\":\"https:\/\/starstory.fr\/blog\/#\/schema\/person\/2d9dd3a73cf4dcbc428e866589dd5882\"},\"headline\":\"Kevin Mayer : pourquoi le double champion du monde est absent des championnats d&rsquo;Europe 2026\",\"datePublished\":\"2026-08-15T18:01:56+00:00\",\"mainEntityOfPage\":{\"@id\":\"https:\/\/starstory.fr\/blog\/sport-et-legendes-sportives\/kevin-mayer-pourquoi-le-double-champion-du-monde-est-absent-des-championnats-deurope-2026\/\"},\"wordCount\":1482,\"commentCount\":0,\"publisher\":{\"@id\":\"https:\/\/starstory.fr\/blog\/#organization\"},\"image\":{\"@id\":\"https:\/\/starstory.fr\/blog\/sport-et-legendes-sportives\/kevin-mayer-pourquoi-le-double-champion-du-monde-est-absent-des-championnats-deurope-2026\/#primaryimage\"},\"thumbnailUrl\":\"https:\/\/starstory.fr\/blog\/wp-content\/uploads\/2026\/08\/pexels-photo-20357034-scaled.jpeg\",\"articleSection\":[\"Sport et L\u00e9gendes Sportives\"],\"inLanguage\":\"fr-FR\",\"potentialAction\":[{\"@type\":\"CommentAction\",\"name\":\"Comment\",\"target\":[\"https:\/\/starstory.fr\/blog\/sport-et-legendes-sportives\/kevin-mayer-pourquoi-le-double-champion-du-monde-est-absent-des-championnats-deurope-2026\/#respond\"]}]},{\"@type\":\"WebPage\",\"@id\":\"https:\/\/starstory.fr\/blog\/sport-et-legendes-sportives\/kevin-mayer-pourquoi-le-double-champion-du-monde-est-absent-des-championnats-deurope-2026\/\",\"url\":\"https:\/\/starstory.fr\/blog\/sport-et-legendes-sportives\/kevin-mayer-pourquoi-le-double-champion-du-monde-est-absent-des-championnats-deurope-2026\/\",\"name\":\"Kevin Mayer absent de l'Euro 2026 : les vraies raisons\",\"isPartOf\":{\"@id\":\"https:\/\/starstory.fr\/blog\/#website\"},\"primaryImageOfPage\":{\"@id\":\"https:\/\/starstory.fr\/blog\/sport-et-legendes-sportives\/kevin-mayer-pourquoi-le-double-champion-du-monde-est-absent-des-championnats-deurope-2026\/#primaryimage\"},\"image\":{\"@id\":\"https:\/\/starstory.fr\/blog\/sport-et-legendes-sportives\/kevin-mayer-pourquoi-le-double-champion-du-monde-est-absent-des-championnats-deurope-2026\/#primaryimage\"},\"thumbnailUrl\":\"https:\/\/starstory.fr\/blog\/wp-content\/uploads\/2026\/08\/pexels-photo-20357034-scaled.jpeg\",\"datePublished\":\"2026-08-15T18:01:56+00:00\",\"description\":\"Bless\u00e9 \u00e0 l'ischio-jambier et de retour depuis mai seulement, Kevin Mayer manque l'Euro de Birmingham. Sa situation, son palmar\u00e8s, son mariage avec Delphine.\",\"inLanguage\":\"fr-FR\",\"potentialAction\":[{\"@type\":\"ReadAction\",\"target\":[\"https:\/\/starstory.fr\/blog\/sport-et-legendes-sportives\/kevin-mayer-pourquoi-le-double-champion-du-monde-est-absent-des-championnats-deurope-2026\/\"]}]},{\"@type\":\"ImageObject\",\"inLanguage\":\"fr-FR\",\"@id\":\"https:\/\/starstory.fr\/blog\/sport-et-legendes-sportives\/kevin-mayer-pourquoi-le-double-champion-du-monde-est-absent-des-championnats-deurope-2026\/#primaryimage\",\"url\":\"https:\/\/starstory.fr\/blog\/wp-content\/uploads\/2026\/08\/pexels-photo-20357034-scaled.jpeg\",\"contentUrl\":\"https:\/\/starstory.fr\/blog\/wp-content\/uploads\/2026\/08\/pexels-photo-20357034-scaled.jpeg\",\"width\":1200,\"height\":800},{\"@type\":\"WebSite\",\"@id\":\"https:\/\/starstory.fr\/blog\/#website\",\"url\":\"https:\/\/starstory.fr\/blog\/\",\"name\":\"StarStory\",\"description\":\"StarStory, les \u00e9toiles racontent leur histoire\",\"publisher\":{\"@id\":\"https:\/\/starstory.fr\/blog\/#organization\"},\"alternateName\":\"StarStory, les \u00e9toiles racontent leur histoire\",\"potentialAction\":[{\"@type\":\"SearchAction\",\"target\":{\"@type\":\"EntryPoint\",\"urlTemplate\":\"https:\/\/starstory.fr\/blog\/?s={search_term_string}\"},\"query-input\":{\"@type\":\"PropertyValueSpecification\",\"valueRequired\":true,\"valueName\":\"search_term_string\"}}],\"inLanguage\":\"fr-FR\"},{\"@type\":\"Organization\",\"@id\":\"https:\/\/starstory.fr\/blog\/#organization\",\"name\":\"StarStory\",\"alternateName\":\"StarStory.fr\",\"url\":\"https:\/\/starstory.fr\/blog\/\",\"logo\":{\"@type\":\"ImageObject\",\"inLanguage\":\"fr-FR\",\"@id\":\"https:\/\/starstory.fr\/blog\/#\/schema\/logo\/image\/\",\"url\":\"https:\/\/starstory.fr\/blog\/wp-content\/uploads\/2024\/12\/38.png\",\"contentUrl\":\"https:\/\/starstory.fr\/blog\/wp-content\/uploads\/2024\/12\/38.png\",\"width\":500,\"height\":500,\"caption\":\"StarStory\"},\"image\":{\"@id\":\"https:\/\/starstory.fr\/blog\/#\/schema\/logo\/image\/\"}},{\"@type\":\"Person\",\"@id\":\"https:\/\/starstory.fr\/blog\/#\/schema\/person\/2d9dd3a73cf4dcbc428e866589dd5882\",\"name\":\"Antoine Ferrand\",\"image\":{\"@type\":\"ImageObject\",\"inLanguage\":\"fr-FR\",\"@id\":\"https:\/\/starstory.fr\/blog\/#\/schema\/person\/image\/\",\"url\":\"https:\/\/secure.gravatar.com\/avatar\/?s=96&d=mm&r=g\",\"contentUrl\":\"https:\/\/secure.gravatar.com\/avatar\/?s=96&d=mm&r=g\",\"caption\":\"Antoine Ferrand\"},\"description\":\"Antoine analyse les figures politiques et m\u00e9diatiques, ainsi que leur influence en France au fil des ann\u00e9es.\",\"url\":\"https:\/\/starstory.fr\/blog\/auteur\/antoine-dupont\/\"}]}<\/script>\n<!-- \/ Yoast SEO Premium plugin. -->","yoast_head_json":{"title":"Kevin Mayer absent de l'Euro 2026 : les vraies raisons","description":"Bless\u00e9 \u00e0 l'ischio-jambier et de retour depuis mai seulement, Kevin Mayer manque l'Euro de Birmingham. Sa situation, son palmar\u00e8s, son mariage avec Delphine.","robots":{"index":"index","follow":"follow","max-snippet":"max-snippet:-1","max-image-preview":"max-image-preview:large","max-video-preview":"max-video-preview:-1"},"canonical":"https:\/\/starstory.fr\/blog\/sport-et-legendes-sportives\/kevin-mayer-pourquoi-le-double-champion-du-monde-est-absent-des-championnats-deurope-2026\/","og_locale":"fr_FR","og_type":"article","og_title":"Kevin Mayer absent de l'Euro 2026 : les vraies raisons","og_description":"Bless\u00e9 \u00e0 l'ischio-jambier et de retour depuis mai seulement, Kevin Mayer manque l'Euro de Birmingham. Sa situation, son palmar\u00e8s, son mariage avec Delphine.","og_url":"https:\/\/starstory.fr\/blog\/sport-et-legendes-sportives\/kevin-mayer-pourquoi-le-double-champion-du-monde-est-absent-des-championnats-deurope-2026\/","og_site_name":"starstory","og_image":[{"url":"https:\/\/starstory.fr\/blog\/wp-content\/uploads\/2026\/08\/pexels-photo-20357034-scaled.jpeg","type":"","width":"","height":""}],"author":"Antoine Ferrand","twitter_card":"summary_large_image","schema":{"@context":"https:\/\/schema.org","@graph":[{"@type":"NewsArticle","@id":"https:\/\/starstory.fr\/blog\/sport-et-legendes-sportives\/kevin-mayer-pourquoi-le-double-champion-du-monde-est-absent-des-championnats-deurope-2026\/#article","isPartOf":{"@id":"https:\/\/starstory.fr\/blog\/sport-et-legendes-sportives\/kevin-mayer-pourquoi-le-double-champion-du-monde-est-absent-des-championnats-deurope-2026\/"},"author":{"name":"Antoine Ferrand","@id":"https:\/\/starstory.fr\/blog\/#\/schema\/person\/2d9dd3a73cf4dcbc428e866589dd5882"},"headline":"Kevin Mayer : pourquoi le double champion du monde est absent des championnats d&rsquo;Europe 2026","datePublished":"2026-08-15T18:01:56+00:00","mainEntityOfPage":{"@id":"https:\/\/starstory.fr\/blog\/sport-et-legendes-sportives\/kevin-mayer-pourquoi-le-double-champion-du-monde-est-absent-des-championnats-deurope-2026\/"},"wordCount":1482,"commentCount":0,"publisher":{"@id":"https:\/\/starstory.fr\/blog\/#organization"},"image":{"@id":"https:\/\/starstory.fr\/blog\/sport-et-legendes-sportives\/kevin-mayer-pourquoi-le-double-champion-du-monde-est-absent-des-championnats-deurope-2026\/#primaryimage"},"thumbnailUrl":"https:\/\/starstory.fr\/blog\/wp-content\/uploads\/2026\/08\/pexels-photo-20357034-scaled.jpeg","articleSection":["Sport et L\u00e9gendes Sportives"],"inLanguage":"fr-FR","potentialAction":[{"@type":"CommentAction","name":"Comment","target":["https:\/\/starstory.fr\/blog\/sport-et-legendes-sportives\/kevin-mayer-pourquoi-le-double-champion-du-monde-est-absent-des-championnats-deurope-2026\/#respond"]}]},{"@type":"WebPage","@id":"https:\/\/starstory.fr\/blog\/sport-et-legendes-sportives\/kevin-mayer-pourquoi-le-double-champion-du-monde-est-absent-des-championnats-deurope-2026\/","url":"https:\/\/starstory.fr\/blog\/sport-et-legendes-sportives\/kevin-mayer-pourquoi-le-double-champion-du-monde-est-absent-des-championnats-deurope-2026\/","name":"Kevin Mayer absent de l'Euro 2026 : les vraies raisons","isPartOf":{"@id":"https:\/\/starstory.fr\/blog\/#website"},"primaryImageOfPage":{"@id":"https:\/\/starstory.fr\/blog\/sport-et-legendes-sportives\/kevin-mayer-pourquoi-le-double-champion-du-monde-est-absent-des-championnats-deurope-2026\/#primaryimage"},"image":{"@id":"https:\/\/starstory.fr\/blog\/sport-et-legendes-sportives\/kevin-mayer-pourquoi-le-double-champion-du-monde-est-absent-des-championnats-deurope-2026\/#primaryimage"},"thumbnailUrl":"https:\/\/starstory.fr\/blog\/wp-content\/uploads\/2026\/08\/pexels-photo-20357034-scaled.jpeg","datePublished":"2026-08-15T18:01:56+00:00","description":"Bless\u00e9 \u00e0 l'ischio-jambier et de retour depuis mai seulement, Kevin Mayer manque l'Euro de Birmingham. Sa situation, son palmar\u00e8s, son mariage avec Delphine.","inLanguage":"fr-FR","potentialAction":[{"@type":"ReadAction","target":["https:\/\/starstory.fr\/blog\/sport-et-legendes-sportives\/kevin-mayer-pourquoi-le-double-champion-du-monde-est-absent-des-championnats-deurope-2026\/"]}]},{"@type":"ImageObject","inLanguage":"fr-FR","@id":"https:\/\/starstory.fr\/blog\/sport-et-legendes-sportives\/kevin-mayer-pourquoi-le-double-champion-du-monde-est-absent-des-championnats-deurope-2026\/#primaryimage","url":"https:\/\/starstory.fr\/blog\/wp-content\/uploads\/2026\/08\/pexels-photo-20357034-scaled.jpeg","contentUrl":"https:\/\/starstory.fr\/blog\/wp-content\/uploads\/2026\/08\/pexels-photo-20357034-scaled.jpeg","width":1200,"height":800},{"@type":"WebSite","@id":"https:\/\/starstory.fr\/blog\/#website","url":"https:\/\/starstory.fr\/blog\/","name":"StarStory","description":"StarStory, les \u00e9toiles racontent leur histoire","publisher":{"@id":"https:\/\/starstory.fr\/blog\/#organization"},"alternateName":"StarStory, les \u00e9toiles racontent leur histoire","potentialAction":[{"@type":"SearchAction","target":{"@type":"EntryPoint","urlTemplate":"https:\/\/starstory.fr\/blog\/?s={search_term_string}"},"query-input":{"@type":"PropertyValueSpecification","valueRequired":true,"valueName":"search_term_string"}}],"inLanguage":"fr-FR"},{"@type":"Organization","@id":"https:\/\/starstory.fr\/blog\/#organization","name":"StarStory","alternateName":"StarStory.fr","url":"https:\/\/starstory.fr\/blog\/","logo":{"@type":"ImageObject","inLanguage":"fr-FR","@id":"https:\/\/starstory.fr\/blog\/#\/schema\/logo\/image\/","url":"https:\/\/starstory.fr\/blog\/wp-content\/uploads\/2024\/12\/38.png","contentUrl":"https:\/\/starstory.fr\/blog\/wp-content\/uploads\/2024\/12\/38.png","width":500,"height":500,"caption":"StarStory"},"image":{"@id":"https:\/\/starstory.fr\/blog\/#\/schema\/logo\/image\/"}},{"@type":"Person","@id":"https:\/\/starstory.fr\/blog\/#\/schema\/person\/2d9dd3a73cf4dcbc428e866589dd5882","name":"Antoine Ferrand","image":{"@type":"ImageObject","inLanguage":"fr-FR","@id":"https:\/\/starstory.fr\/blog\/#\/schema\/person\/image\/","url":"https:\/\/secure.gravatar.com\/avatar\/?s=96&d=mm&r=g","contentUrl":"https:\/\/secure.gravatar.com\/avatar\/?s=96&d=mm&r=g","caption":"Antoine Ferrand"},"description":"Antoine analyse les figures politiques et m\u00e9diatiques, ainsi que leur influence en France au fil des ann\u00e9es.","url":"https:\/\/starstory.fr\/blog\/auteur\/antoine-dupont\/"}]}},"_links":{"self":[{"href":"https:\/\/starstory.fr\/blog\/wp-json\/wp\/v2\/posts\/8353","targetHints":{"allow":["GET"]}}],"collection":[{"href":"https:\/\/starstory.fr\/blog\/wp-json\/wp\/v2\/posts"}],"about":[{"href":"https:\/\/starstory.fr\/blog\/wp-json\/wp\/v2\/types\/post"}],"author":[{"embeddable":true,"href":"https:\/\/starstory.fr\/blog\/wp-json\/wp\/v2\/users\/42"}],"replies":[{"embeddable":true,"href":"https:\/\/starstory.fr\/blog\/wp-json\/wp\/v2\/comments?post=8353"}],"version-history":[{"count":0,"href":"https:\/\/starstory.fr\/blog\/wp-json\/wp\/v2\/posts\/8353\/revisions"}],"wp:featuredmedia":[{"embeddable":true,"href":"https:\/\/starstory.fr\/blog\/wp-json\/wp\/v2\/media\/8354"}],"wp:attachment":[{"href":"https:\/\/starstory.fr\/blog\/wp-json\/wp\/v2\/media?parent=8353"}],"wp:term":[{"taxonomy":"category","embeddable":true,"href":"https:\/\/starstory.fr\/blog\/wp-json\/wp\/v2\/categories?post=8353"},{"taxonomy":"post_tag","embeddable":true,"href":"https:\/\/starstory.fr\/blog\/wp-json\/wp\/v2\/tags?post=8353"}],"curies":[{"name":"wp","href":"https:\/\/api.w.org\/{rel}","templated":true}]}}