{"id":8287,"date":"2026-07-12T21:57:40","date_gmt":"2026-07-12T19:57:40","guid":{"rendered":"https:\/\/starstory.fr\/blog\/celebrites-et-influence-en-france\/taille-des-stars\/quelle-taille-fait-tom-hardy\/"},"modified":"2026-07-12T21:57:40","modified_gmt":"2026-07-12T19:57:40","slug":"quelle-taille-fait-tom-hardy","status":"publish","type":"post","link":"https:\/\/starstory.fr\/blog\/celebrites-et-influence-en-france\/taille-des-stars\/quelle-taille-fait-tom-hardy\/","title":{"rendered":"Quelle taille fait Tom Hardy ?"},"content":{"rendered":"<aside style=\"background:#FBEAF2;border-left:5px solid #B11E6A;padding:22px 28px;margin:24px 0;font-family:-apple-system,BlinkMacSystemFont,'Segoe UI',Roboto,sans-serif;\">\n<div style=\"margin:0;font-size:19px;line-height:1.55;color:#2a2a2a;font-weight:500;letter-spacing:-0.005em;\">\n    Tom Hardy mesure <strong>environ 1,75 m<\/strong> \u2014 CelebHeights le fixe \u00e0 5 ft 9 et l&rsquo;acteur lui-m\u00eame l&rsquo;assume sans d\u00e9tour : \u00ab je fais 1,75 m \u00bb. Longtemps affich\u00e9 \u00e0 5 ft 11 (1,80 m) par son CV d&rsquo;agence, l&rsquo;interpr\u00e8te de Bane et de Venom est le cas d&rsquo;\u00e9cole de l&rsquo;acteur que le cin\u00e9ma \u00ab grandit \u00bb.\n  <\/div>\n<\/aside>\n<figure style=\"margin:32px 0;font-family:-apple-system,BlinkMacSystemFont,'Segoe UI',Roboto,sans-serif;\">\n<div style=\"overflow-x:auto;border:1px solid #e5e5e0;border-radius:8px;\">\n<table style=\"width:100%;border-collapse:collapse;font-size:14px;color:#2a2a2a;min-width:500px;\">\n<thead>\n<tr style=\"background:#1a1a1a;color:#fff;\">\n<th style=\"text-align:left;padding:14px 18px;font-weight:700;font-size:12px;text-transform:uppercase;letter-spacing:1.5px;\">Fiche mensurations<\/th>\n<th style=\"text-align:left;padding:14px 18px;font-weight:700;font-size:12px;text-transform:uppercase;letter-spacing:1.5px;\">D\u00e9tail<\/th>\n<\/tr>\n<\/thead>\n<tbody>\n<tr style=\"background:#fff;border-bottom:1px solid #f0ede5;\">\n<td style=\"padding:14px 18px;font-weight:600;\">Nom complet<\/td>\n<td style=\"padding:14px 18px;color:#4a4a4a;\">Edward Thomas Hardy<\/td>\n<\/tr>\n<tr style=\"background:#fafaf7;border-bottom:1px solid #f0ede5;\">\n<td style=\"padding:14px 18px;font-weight:600;\">Naissance<\/td>\n<td style=\"padding:14px 18px;color:#4a4a4a;\">15 septembre 1977, Hammersmith (Londres)<\/td>\n<\/tr>\n<tr style=\"background:#fff;border-bottom:1px solid #f0ede5;\">\n<td style=\"padding:14px 18px;font-weight:600;\">Taille<\/td>\n<td style=\"padding:14px 18px;color:#4a4a4a;\"><strong>\u2248 1,75 m<\/strong> (5 ft 9, auto-d\u00e9clar\u00e9 et confirm\u00e9 par CelebHeights \u2014 son CV d&rsquo;agence a longtemps affich\u00e9 5 ft 11, soit 1,80 m)<\/td>\n<\/tr>\n<tr style=\"background:#fafaf7;border-bottom:1px solid #f0ede5;\">\n<td style=\"padding:14px 18px;font-weight:600;\">Poids<\/td>\n<td style=\"padding:14px 18px;color:#4a4a4a;\">\u2248 84 kg auto-d\u00e9clar\u00e9s, tr\u00e8s variable selon les r\u00f4les (prises de masse pour Bronson et Bane)<\/td>\n<\/tr>\n<tr style=\"background:#fff;border-bottom:1px solid #f0ede5;\">\n<td style=\"padding:14px 18px;font-weight:600;\">Nationalit\u00e9<\/td>\n<td style=\"padding:14px 18px;color:#4a4a4a;\">Britannique<\/td>\n<\/tr>\n<tr style=\"background:#fafaf7;\">\n<td style=\"padding:14px 18px;font-weight:600;\">Activit\u00e9<\/td>\n<td style=\"padding:14px 18px;color:#4a4a4a;\">Acteur, producteur (Inception, Mad Max: Fury Road, Venom, MobLand)<\/td>\n<\/tr>\n<\/tbody>\n<\/table><\/div>\n<\/figure>\n<h2>1,75 m : le chiffre que Tom Hardy assume lui-m\u00eame<\/h2>\n<p>Rare franchise \u00e0 Hollywood : Tom Hardy a lui-m\u00eame corrig\u00e9 sa fiche. Alors que son CV d&rsquo;agence l&rsquo;annon\u00e7ait \u00e0 5 ft 11 (1,80 m), il a d\u00e9clar\u00e9 \u00e0 Empire : \u00ab J&rsquo;assume : je fais <strong>1,75 m<\/strong> (5 ft 9) et 84 kilos tremp\u00e9, avec des briques dans les poches \u00bb. Il a aussi lanc\u00e9, \u00e0 propos d&rsquo;un r\u00f4le Marvel un temps \u00e9voqu\u00e9 : \u00ab Je ne suis pas assez costaud pour \u00eatre le Punisher, je fais 1,75 m ! \u00bb. CelebHeights retient exactement cette valeur de 5 ft 9 (175 cm), quand quelques pages non officielles montent encore \u00e0 1,78 m \u2014 un reliquat des anciens arrondis.<\/p>\n<p>Ce gabarit le place quelques centim\u00e8tres sous <a href=\"https:\/\/starstory.fr\/blog\/celebrites-et-influence-en-france\/taille-des-stars\/quelle-taille-fait-leonardo-dicaprio\/\">Leonardo DiCaprio (1,81 m)<\/a>, son partenaire d&rsquo;Inception puis de The Revenant, et exactement au niveau de <a href=\"https:\/\/starstory.fr\/blog\/celebrites-et-influence-en-france\/taille-des-stars\/quelle-taille-fait-jason-statham\/\">Jason Statham (1,75 m)<\/a>, l&rsquo;autre dur \u00e0 cuire du cin\u00e9ma d&rsquo;action britannique : la preuve que 1,75 m suffit largement pour incarner la menace \u00e0 l&rsquo;\u00e9cran.<\/p>\n<h2>Pourquoi l&rsquo;\u00e9cran le grandit : masse, semelles et cadrages<\/h2>\n<p>Si tant de spectateurs le croient au-dessus d&rsquo;1,80 m, c&rsquo;est que Hardy compense la hauteur par la densit\u00e9 : pr\u00e8s de 20 kg de muscle pris pour Bronson, une carrure encore gonfl\u00e9e pour incarner Bane dans The Dark Knight Rises \u2014 tournage sur lequel des chaussures rehauss\u00e9es ont d&rsquo;ailleurs \u00e9t\u00e9 signal\u00e9es pour accentuer sa stature face \u00e0 Batman. Ajoutez les contre-plong\u00e9es, les cous \u00e9pais et la posture ramass\u00e9e de Warrior ou Mad Max: Fury Road, et la perception grimpe m\u00e9caniquement de plusieurs centim\u00e8tres. Beaucoup de spectateurs d&rsquo;Inception ou de Dunkerque seraient surpris d&rsquo;apprendre qu&rsquo;il mesure exactement la taille moyenne d&rsquo;un homme fran\u00e7ais.<\/p>\n<p>C\u00f4t\u00e9 actualit\u00e9, l&rsquo;ann\u00e9e 2026 est charg\u00e9e : apr\u00e8s le polar d&rsquo;action Havoc (Netflix, 2025), la saison 2 de <strong>MobLand<\/strong> arrive le <strong>18 septembre 2026 sur Paramount+<\/strong>. Les rumeurs de brouille avec les producteurs, qui annon\u00e7aient son d\u00e9part au printemps, ont \u00e9t\u00e9 enterr\u00e9es fin juin : Hardy reprend son r\u00f4le de fixeur Harry Da Souza \u00e0 plein temps, et son retour pour une saison 3 est d\u00e9j\u00e0 act\u00e9.<\/p>\n<aside style=\"background:#FBEAF2;border-left:4px solid #B11E6A;padding:14px 18px;margin:18px 0;border-radius:0 4px 4px 0;font-family:-apple-system,BlinkMacSystemFont,'Segoe UI',Roboto,sans-serif;\">\n  <strong style=\"display:inline-block;color:#8a1450;font-size:12px;text-transform:uppercase;letter-spacing:1.5px;margin-right:8px;\">&#128161; Bon \u00e0 savoir<\/strong><br \/>\n  <span style=\"font-size:14.5px;line-height:1.55;color:#3a3a3a;\">Sur Instagram, Tom Hardy a pouss\u00e9 l&rsquo;autod\u00e9rision encore plus loin en se pr\u00e9sentant \u00e0 \u00ab 5 ft 8\u00be \u00bb \u2014 soit un quart de pouce sous son propre 5 ft 9 officiel. Difficile de faire plus transparent.<\/span><br \/>\n<\/aside>\n<h2>Signes distinctifs<\/h2>\n<p>M\u00e2choire marqu\u00e9e, l\u00e8vres charnues, regard fixe, tatouages nombreux et carrure dense : Tom Hardy se reconna\u00eet \u00e0 cette silhouette compacte qui donne plus d&rsquo;impact que de hauteur pure. \u00c9paules larges, cou \u00e9pais et gestuelle ramass\u00e9e font le reste \u2014 un socle physique qui nourrit son image d&rsquo;acteur \u00ab taill\u00e9 pour les r\u00f4les \u00bb de brutes et d&rsquo;hommes caboss\u00e9s.<\/p>\n<h2>Traits de caract\u00e8re<\/h2>\n<p>Discret sur sa vie priv\u00e9e, intense au travail, il est d\u00e9crit comme totalement engag\u00e9 dans ses transformations physiques \u2014 dont il reconna\u00eet lui-m\u00eame qu&rsquo;elles laissent des traces sur son corps. Pratiquant assidu de jiu-jitsu br\u00e9silien, il a m\u00eame remport\u00e9 des tournois amateurs en Angleterre, confirmant que le physique n&rsquo;est pas qu&rsquo;un costume de cin\u00e9ma.<\/p>\n<p>Pour situer Tom Hardy face aux autres c\u00e9l\u00e9brit\u00e9s, consultez notre <a href=\"https:\/\/starstory.fr\/blog\/celebrites-et-influence-en-france\/taille-des-stars\/quelle-taille-font-les-stars\/\">guide complet des tailles des stars<\/a>, qui r\u00e9capitule les mensurations v\u00e9rifi\u00e9es de dizaines de personnalit\u00e9s.<\/p>\n<h2>Questions fr\u00e9quentes<\/h2>\n<details style=\"border:1px solid #e5e5e0;border-radius:8px;padding:14px 18px;margin:12px 0;font-family:-apple-system,BlinkMacSystemFont,'Segoe UI',Roboto,sans-serif;\">\n<summary style=\"font-weight:700;font-size:15.5px;color:#1a1a1a;cursor:pointer;\">Tom Hardy fait-il vraiment 1,75 m ?<\/summary>\n<p style=\"margin:12px 0 0;font-size:15px;line-height:1.6;color:#3a3a3a;\">Oui : c&rsquo;est <strong>l&rsquo;acteur lui-m\u00eame<\/strong> qui a donn\u00e9 ce chiffre (\u00ab je fais 1,75 m et 84 kilos \u00bb, \u00e0 Empire), et CelebHeights confirme 5 ft 9 (175 cm). Les mentions \u00e0 1,78-1,80 m viennent d&rsquo;anciennes fiches d&rsquo;agence gonfl\u00e9es.<\/p>\n<\/details>\n<details style=\"border:1px solid #e5e5e0;border-radius:8px;padding:14px 18px;margin:12px 0;font-family:-apple-system,BlinkMacSystemFont,'Segoe UI',Roboto,sans-serif;\">\n<summary style=\"font-weight:700;font-size:15.5px;color:#1a1a1a;cursor:pointer;\">Pourquoi Tom Hardy para\u00eet-il plus grand \u00e0 l&rsquo;\u00e9cran ?<\/summary>\n<p style=\"margin:12px 0 0;font-size:15px;line-height:1.6;color:#3a3a3a;\">Gr\u00e2ce \u00e0 sa masse musculaire (pr\u00e8s de <strong>20 kg pris pour Bronson<\/strong>, davantage pour Bane), aux contre-plong\u00e9es, et aux chaussures rehauss\u00e9es signal\u00e9es sur The Dark Knight Rises : sa densit\u00e9 compacte fait grimper la perception de plusieurs centim\u00e8tres.<\/p>\n<\/details>\n<details style=\"border:1px solid #e5e5e0;border-radius:8px;padding:14px 18px;margin:12px 0;font-family:-apple-system,BlinkMacSystemFont,'Segoe UI',Roboto,sans-serif;\">\n<summary style=\"font-weight:700;font-size:15.5px;color:#1a1a1a;cursor:pointer;\">Tom Hardy revient-il dans MobLand ?<\/summary>\n<p style=\"margin:12px 0 0;font-size:15px;line-height:1.6;color:#3a3a3a;\">Oui : la <strong>saison 2 de MobLand arrive le 18 septembre 2026<\/strong> sur Paramount+. Les rumeurs de d\u00e9part apr\u00e8s une brouille avec la production ont \u00e9t\u00e9 d\u00e9menties fin juin 2026, et son retour en saison 3 est d\u00e9j\u00e0 confirm\u00e9.<\/p>\n<\/details>\n<p style=\"font-size:13px;color:#6a6a6a;margin-top:28px;\">Sources : CelebHeights (5 ft 9), d\u00e9clarations de l&rsquo;acteur (Empire Magazine, Instagram), presse s\u00e9ries (MobLand saison 2, Paramount+, 2026).<\/p>\n<p><script type=\"application\/ld+json\">{\"@context\": \"https:\/\/schema.org\", \"@type\": \"FAQPage\", \"mainEntity\": [{\"@type\": \"Question\", \"name\": \"Tom Hardy fait-il vraiment 1,75 m ?\", \"acceptedAnswer\": {\"@type\": \"Answer\", \"text\": \"Oui : c'est l'acteur lui-m\u00eame qui a donn\u00e9 ce chiffre (\u00ab je fais 1,75 m et 84 kilos \u00bb, \u00e0 Empire), et CelebHeights confirme 5 ft 9 (175 cm). Les mentions \u00e0 1,78-1,80 m viennent d'anciennes fiches d'agence gonfl\u00e9es.\"}}, {\"@type\": \"Question\", \"name\": \"Pourquoi Tom Hardy para\u00eet-il plus grand \u00e0 l'\u00e9cran ?\", \"acceptedAnswer\": {\"@type\": \"Answer\", \"text\": \"Gr\u00e2ce \u00e0 sa masse musculaire (pr\u00e8s de 20 kg pris pour Bronson, davantage pour Bane), aux contre-plong\u00e9es, et aux chaussures rehauss\u00e9es signal\u00e9es sur The Dark Knight Rises : sa densit\u00e9 compacte fait grimper la perception de plusieurs centim\u00e8tres.\"}}, {\"@type\": \"Question\", \"name\": \"Tom Hardy revient-il dans MobLand ?\", \"acceptedAnswer\": {\"@type\": \"Answer\", \"text\": \"Oui : la saison 2 de MobLand arrive le 18 septembre 2026 sur Paramount+. Les rumeurs de d\u00e9part apr\u00e8s une brouille avec la production ont \u00e9t\u00e9 d\u00e9menties fin juin 2026, et son retour en saison 3 est d\u00e9j\u00e0 confirm\u00e9.\"}}]}<\/script><\/p>\n","protected":false},"excerpt":{"rendered":"","protected":false},"author":43,"featured_media":999999999,"comment_status":"open","ping_status":"open","sticky":false,"template":"","format":"standard","meta":{"_acf_changed":false,"manual_indexmenow":false,"indexmenow_id_project":0,"footnotes":""},"categories":[4839],"tags":[],"class_list":["post-8287","post","type-post","status-publish","format-standard","has-post-thumbnail","hentry","category-taille-des-stars","generate-columns","tablet-grid-50","mobile-grid-100","grid-parent","grid-25"],"acf":[],"yoast_head":"<!-- This site is optimized with the Yoast SEO Premium plugin v21.3 (Yoast SEO v26.5) - https:\/\/yoast.com\/wordpress\/plugins\/seo\/ -->\n<title>Quelle taille fait Tom Hardy ? 1,75 m, le vrai chiffre<\/title>\n<meta name=\"description\" content=\"Tom Hardy mesure environ 1,75 m (5 ft 9), un chiffre qu&#039;il assume lui-m\u00eame en interview. Pourquoi l&#039;\u00e9cran le grandit, plus MobLand saison 2 en 2026.\" \/>\n<meta name=\"robots\" content=\"index, follow, max-snippet:-1, max-image-preview:large, max-video-preview:-1\" \/>\n<link rel=\"canonical\" href=\"https:\/\/starstory.fr\/blog\/celebrites-et-influence-en-france\/taille-des-stars\/quelle-taille-fait-tom-hardy\/\" \/>\n<meta property=\"og:locale\" content=\"fr_FR\" \/>\n<meta property=\"og:type\" content=\"article\" \/>\n<meta property=\"og:title\" content=\"Quelle taille fait Tom Hardy ? 1,75 m, le vrai chiffre\" \/>\n<meta property=\"og:description\" content=\"Tom Hardy mesure environ 1,75 m (5 ft 9), un chiffre qu&#039;il assume lui-m\u00eame en interview. Pourquoi l&#039;\u00e9cran le grandit, plus MobLand saison 2 en 2026.\" \/>\n<meta property=\"og:url\" content=\"https:\/\/starstory.fr\/blog\/celebrites-et-influence-en-france\/taille-des-stars\/quelle-taille-fait-tom-hardy\/\" \/>\n<meta property=\"og:site_name\" content=\"starstory\" \/>\n<meta property=\"og:image\" content=\"https:\/\/images.pexels.com\/photos\/12351359\/pexels-photo-12351359.jpeg?auto=compress&cs=tinysrgb&fit=crop&h=627&w=1200\" \/>\n<meta name=\"author\" content=\"Lucas Martin\" \/>\n<meta name=\"twitter:card\" content=\"summary_large_image\" \/>\n<script type=\"application\/ld+json\" class=\"yoast-schema-graph\">{\"@context\":\"https:\/\/schema.org\",\"@graph\":[{\"@type\":\"NewsArticle\",\"@id\":\"https:\/\/starstory.fr\/blog\/celebrites-et-influence-en-france\/taille-des-stars\/quelle-taille-fait-tom-hardy\/#article\",\"isPartOf\":{\"@id\":\"https:\/\/starstory.fr\/blog\/celebrites-et-influence-en-france\/taille-des-stars\/quelle-taille-fait-tom-hardy\/\"},\"author\":{\"name\":\"Lucas Martin\",\"@id\":\"https:\/\/starstory.fr\/blog\/#\/schema\/person\/7460f07f6b55c3d1c9b0d5788b27d15e\"},\"headline\":\"Quelle taille fait Tom Hardy ?\",\"datePublished\":\"2026-07-12T19:57:40+00:00\",\"mainEntityOfPage\":{\"@id\":\"https:\/\/starstory.fr\/blog\/celebrites-et-influence-en-france\/taille-des-stars\/quelle-taille-fait-tom-hardy\/\"},\"wordCount\":846,\"commentCount\":0,\"publisher\":{\"@id\":\"https:\/\/starstory.fr\/blog\/#organization\"},\"image\":{\"@id\":\"https:\/\/starstory.fr\/blog\/celebrites-et-influence-en-france\/taille-des-stars\/quelle-taille-fait-tom-hardy\/#primaryimage\"},\"thumbnailUrl\":\"https:\/\/images.pexels.com\/photos\/12351359\/pexels-photo-12351359.jpeg?auto=compress&cs=tinysrgb&fit=crop&h=627&w=1200\",\"articleSection\":[\"Taille et mensurations des stars\"],\"inLanguage\":\"fr-FR\",\"potentialAction\":[{\"@type\":\"CommentAction\",\"name\":\"Comment\",\"target\":[\"https:\/\/starstory.fr\/blog\/celebrites-et-influence-en-france\/taille-des-stars\/quelle-taille-fait-tom-hardy\/#respond\"]}]},{\"@type\":\"WebPage\",\"@id\":\"https:\/\/starstory.fr\/blog\/celebrites-et-influence-en-france\/taille-des-stars\/quelle-taille-fait-tom-hardy\/\",\"url\":\"https:\/\/starstory.fr\/blog\/celebrites-et-influence-en-france\/taille-des-stars\/quelle-taille-fait-tom-hardy\/\",\"name\":\"Quelle taille fait Tom Hardy ? 1,75 m, le vrai chiffre\",\"isPartOf\":{\"@id\":\"https:\/\/starstory.fr\/blog\/#website\"},\"primaryImageOfPage\":{\"@id\":\"https:\/\/starstory.fr\/blog\/celebrites-et-influence-en-france\/taille-des-stars\/quelle-taille-fait-tom-hardy\/#primaryimage\"},\"image\":{\"@id\":\"https:\/\/starstory.fr\/blog\/celebrites-et-influence-en-france\/taille-des-stars\/quelle-taille-fait-tom-hardy\/#primaryimage\"},\"thumbnailUrl\":\"https:\/\/images.pexels.com\/photos\/12351359\/pexels-photo-12351359.jpeg?auto=compress&cs=tinysrgb&fit=crop&h=627&w=1200\",\"datePublished\":\"2026-07-12T19:57:40+00:00\",\"description\":\"Tom Hardy mesure environ 1,75 m (5 ft 9), un chiffre qu'il assume lui-m\u00eame en interview. Pourquoi l'\u00e9cran le grandit, plus MobLand saison 2 en 2026.\",\"inLanguage\":\"fr-FR\",\"potentialAction\":[{\"@type\":\"ReadAction\",\"target\":[\"https:\/\/starstory.fr\/blog\/celebrites-et-influence-en-france\/taille-des-stars\/quelle-taille-fait-tom-hardy\/\"]}]},{\"@type\":\"ImageObject\",\"inLanguage\":\"fr-FR\",\"@id\":\"https:\/\/starstory.fr\/blog\/celebrites-et-influence-en-france\/taille-des-stars\/quelle-taille-fait-tom-hardy\/#primaryimage\",\"url\":\"https:\/\/images.pexels.com\/photos\/12351359\/pexels-photo-12351359.jpeg?auto=compress&cs=tinysrgb&fit=crop&h=627&w=1200\",\"contentUrl\":\"https:\/\/images.pexels.com\/photos\/12351359\/pexels-photo-12351359.jpeg?auto=compress&cs=tinysrgb&fit=crop&h=627&w=1200\"},{\"@type\":\"WebSite\",\"@id\":\"https:\/\/starstory.fr\/blog\/#website\",\"url\":\"https:\/\/starstory.fr\/blog\/\",\"name\":\"StarStory\",\"description\":\"StarStory, les \u00e9toiles racontent leur histoire\",\"publisher\":{\"@id\":\"https:\/\/starstory.fr\/blog\/#organization\"},\"alternateName\":\"StarStory, les \u00e9toiles racontent leur histoire\",\"potentialAction\":[{\"@type\":\"SearchAction\",\"target\":{\"@type\":\"EntryPoint\",\"urlTemplate\":\"https:\/\/starstory.fr\/blog\/?s={search_term_string}\"},\"query-input\":{\"@type\":\"PropertyValueSpecification\",\"valueRequired\":true,\"valueName\":\"search_term_string\"}}],\"inLanguage\":\"fr-FR\"},{\"@type\":\"Organization\",\"@id\":\"https:\/\/starstory.fr\/blog\/#organization\",\"name\":\"StarStory\",\"alternateName\":\"StarStory.fr\",\"url\":\"https:\/\/starstory.fr\/blog\/\",\"logo\":{\"@type\":\"ImageObject\",\"inLanguage\":\"fr-FR\",\"@id\":\"https:\/\/starstory.fr\/blog\/#\/schema\/logo\/image\/\",\"url\":\"https:\/\/starstory.fr\/blog\/wp-content\/uploads\/2024\/12\/38.png\",\"contentUrl\":\"https:\/\/starstory.fr\/blog\/wp-content\/uploads\/2024\/12\/38.png\",\"width\":500,\"height\":500,\"caption\":\"StarStory\"},\"image\":{\"@id\":\"https:\/\/starstory.fr\/blog\/#\/schema\/logo\/image\/\"}},{\"@type\":\"Person\",\"@id\":\"https:\/\/starstory.fr\/blog\/#\/schema\/person\/7460f07f6b55c3d1c9b0d5788b27d15e\",\"name\":\"Lucas Martin\",\"image\":{\"@type\":\"ImageObject\",\"inLanguage\":\"fr-FR\",\"@id\":\"https:\/\/starstory.fr\/blog\/#\/schema\/person\/image\/\",\"url\":\"https:\/\/secure.gravatar.com\/avatar\/?s=96&d=mm&r=g\",\"contentUrl\":\"https:\/\/secure.gravatar.com\/avatar\/?s=96&d=mm&r=g\",\"caption\":\"Lucas Martin\"},\"description\":\"Lucas dresse le portrait des stars sportives qui ont marqu\u00e9 les diff\u00e9rentes \u00e9poques.\",\"url\":\"https:\/\/starstory.fr\/blog\/auteur\/lucas-martin\/\",\"jobTitle\":\"Contributeur high-tech\",\"email\":\"lucas.martin@lemacenligne.com\"}]}<\/script>\n<!-- \/ Yoast SEO Premium plugin. -->","yoast_head_json":{"title":"Quelle taille fait Tom Hardy ? 1,75 m, le vrai chiffre","description":"Tom Hardy mesure environ 1,75 m (5 ft 9), un chiffre qu'il assume lui-m\u00eame en interview. Pourquoi l'\u00e9cran le grandit, plus MobLand saison 2 en 2026.","robots":{"index":"index","follow":"follow","max-snippet":"max-snippet:-1","max-image-preview":"max-image-preview:large","max-video-preview":"max-video-preview:-1"},"canonical":"https:\/\/starstory.fr\/blog\/celebrites-et-influence-en-france\/taille-des-stars\/quelle-taille-fait-tom-hardy\/","og_locale":"fr_FR","og_type":"article","og_title":"Quelle taille fait Tom Hardy ? 1,75 m, le vrai chiffre","og_description":"Tom Hardy mesure environ 1,75 m (5 ft 9), un chiffre qu'il assume lui-m\u00eame en interview. Pourquoi l'\u00e9cran le grandit, plus MobLand saison 2 en 2026.","og_url":"https:\/\/starstory.fr\/blog\/celebrites-et-influence-en-france\/taille-des-stars\/quelle-taille-fait-tom-hardy\/","og_site_name":"starstory","og_image":[{"url":"https:\/\/images.pexels.com\/photos\/12351359\/pexels-photo-12351359.jpeg?auto=compress&cs=tinysrgb&fit=crop&h=627&w=1200","type":"","width":"","height":""}],"author":"Lucas Martin","twitter_card":"summary_large_image","schema":{"@context":"https:\/\/schema.org","@graph":[{"@type":"NewsArticle","@id":"https:\/\/starstory.fr\/blog\/celebrites-et-influence-en-france\/taille-des-stars\/quelle-taille-fait-tom-hardy\/#article","isPartOf":{"@id":"https:\/\/starstory.fr\/blog\/celebrites-et-influence-en-france\/taille-des-stars\/quelle-taille-fait-tom-hardy\/"},"author":{"name":"Lucas Martin","@id":"https:\/\/starstory.fr\/blog\/#\/schema\/person\/7460f07f6b55c3d1c9b0d5788b27d15e"},"headline":"Quelle taille fait Tom Hardy ?","datePublished":"2026-07-12T19:57:40+00:00","mainEntityOfPage":{"@id":"https:\/\/starstory.fr\/blog\/celebrites-et-influence-en-france\/taille-des-stars\/quelle-taille-fait-tom-hardy\/"},"wordCount":846,"commentCount":0,"publisher":{"@id":"https:\/\/starstory.fr\/blog\/#organization"},"image":{"@id":"https:\/\/starstory.fr\/blog\/celebrites-et-influence-en-france\/taille-des-stars\/quelle-taille-fait-tom-hardy\/#primaryimage"},"thumbnailUrl":"https:\/\/images.pexels.com\/photos\/12351359\/pexels-photo-12351359.jpeg?auto=compress&cs=tinysrgb&fit=crop&h=627&w=1200","articleSection":["Taille et mensurations des stars"],"inLanguage":"fr-FR","potentialAction":[{"@type":"CommentAction","name":"Comment","target":["https:\/\/starstory.fr\/blog\/celebrites-et-influence-en-france\/taille-des-stars\/quelle-taille-fait-tom-hardy\/#respond"]}]},{"@type":"WebPage","@id":"https:\/\/starstory.fr\/blog\/celebrites-et-influence-en-france\/taille-des-stars\/quelle-taille-fait-tom-hardy\/","url":"https:\/\/starstory.fr\/blog\/celebrites-et-influence-en-france\/taille-des-stars\/quelle-taille-fait-tom-hardy\/","name":"Quelle taille fait Tom Hardy ? 1,75 m, le vrai chiffre","isPartOf":{"@id":"https:\/\/starstory.fr\/blog\/#website"},"primaryImageOfPage":{"@id":"https:\/\/starstory.fr\/blog\/celebrites-et-influence-en-france\/taille-des-stars\/quelle-taille-fait-tom-hardy\/#primaryimage"},"image":{"@id":"https:\/\/starstory.fr\/blog\/celebrites-et-influence-en-france\/taille-des-stars\/quelle-taille-fait-tom-hardy\/#primaryimage"},"thumbnailUrl":"https:\/\/images.pexels.com\/photos\/12351359\/pexels-photo-12351359.jpeg?auto=compress&cs=tinysrgb&fit=crop&h=627&w=1200","datePublished":"2026-07-12T19:57:40+00:00","description":"Tom Hardy mesure environ 1,75 m (5 ft 9), un chiffre qu'il assume lui-m\u00eame en interview. Pourquoi l'\u00e9cran le grandit, plus MobLand saison 2 en 2026.","inLanguage":"fr-FR","potentialAction":[{"@type":"ReadAction","target":["https:\/\/starstory.fr\/blog\/celebrites-et-influence-en-france\/taille-des-stars\/quelle-taille-fait-tom-hardy\/"]}]},{"@type":"ImageObject","inLanguage":"fr-FR","@id":"https:\/\/starstory.fr\/blog\/celebrites-et-influence-en-france\/taille-des-stars\/quelle-taille-fait-tom-hardy\/#primaryimage","url":"https:\/\/images.pexels.com\/photos\/12351359\/pexels-photo-12351359.jpeg?auto=compress&cs=tinysrgb&fit=crop&h=627&w=1200","contentUrl":"https:\/\/images.pexels.com\/photos\/12351359\/pexels-photo-12351359.jpeg?auto=compress&cs=tinysrgb&fit=crop&h=627&w=1200"},{"@type":"WebSite","@id":"https:\/\/starstory.fr\/blog\/#website","url":"https:\/\/starstory.fr\/blog\/","name":"StarStory","description":"StarStory, les \u00e9toiles racontent leur histoire","publisher":{"@id":"https:\/\/starstory.fr\/blog\/#organization"},"alternateName":"StarStory, les \u00e9toiles racontent leur histoire","potentialAction":[{"@type":"SearchAction","target":{"@type":"EntryPoint","urlTemplate":"https:\/\/starstory.fr\/blog\/?s={search_term_string}"},"query-input":{"@type":"PropertyValueSpecification","valueRequired":true,"valueName":"search_term_string"}}],"inLanguage":"fr-FR"},{"@type":"Organization","@id":"https:\/\/starstory.fr\/blog\/#organization","name":"StarStory","alternateName":"StarStory.fr","url":"https:\/\/starstory.fr\/blog\/","logo":{"@type":"ImageObject","inLanguage":"fr-FR","@id":"https:\/\/starstory.fr\/blog\/#\/schema\/logo\/image\/","url":"https:\/\/starstory.fr\/blog\/wp-content\/uploads\/2024\/12\/38.png","contentUrl":"https:\/\/starstory.fr\/blog\/wp-content\/uploads\/2024\/12\/38.png","width":500,"height":500,"caption":"StarStory"},"image":{"@id":"https:\/\/starstory.fr\/blog\/#\/schema\/logo\/image\/"}},{"@type":"Person","@id":"https:\/\/starstory.fr\/blog\/#\/schema\/person\/7460f07f6b55c3d1c9b0d5788b27d15e","name":"Lucas Martin","image":{"@type":"ImageObject","inLanguage":"fr-FR","@id":"https:\/\/starstory.fr\/blog\/#\/schema\/person\/image\/","url":"https:\/\/secure.gravatar.com\/avatar\/?s=96&d=mm&r=g","contentUrl":"https:\/\/secure.gravatar.com\/avatar\/?s=96&d=mm&r=g","caption":"Lucas Martin"},"description":"Lucas dresse le portrait des stars sportives qui ont marqu\u00e9 les diff\u00e9rentes \u00e9poques.","url":"https:\/\/starstory.fr\/blog\/auteur\/lucas-martin\/","jobTitle":"Contributeur high-tech","email":"lucas.martin@lemacenligne.com"}]}},"_links":{"self":[{"href":"https:\/\/starstory.fr\/blog\/wp-json\/wp\/v2\/posts\/8287","targetHints":{"allow":["GET"]}}],"collection":[{"href":"https:\/\/starstory.fr\/blog\/wp-json\/wp\/v2\/posts"}],"about":[{"href":"https:\/\/starstory.fr\/blog\/wp-json\/wp\/v2\/types\/post"}],"author":[{"embeddable":true,"href":"https:\/\/starstory.fr\/blog\/wp-json\/wp\/v2\/users\/43"}],"replies":[{"embeddable":true,"href":"https:\/\/starstory.fr\/blog\/wp-json\/wp\/v2\/comments?post=8287"}],"version-history":[{"count":0,"href":"https:\/\/starstory.fr\/blog\/wp-json\/wp\/v2\/posts\/8287\/revisions"}],"wp:attachment":[{"href":"https:\/\/starstory.fr\/blog\/wp-json\/wp\/v2\/media?parent=8287"}],"wp:term":[{"taxonomy":"category","embeddable":true,"href":"https:\/\/starstory.fr\/blog\/wp-json\/wp\/v2\/categories?post=8287"},{"taxonomy":"post_tag","embeddable":true,"href":"https:\/\/starstory.fr\/blog\/wp-json\/wp\/v2\/tags?post=8287"}],"curies":[{"name":"wp","href":"https:\/\/api.w.org\/{rel}","templated":true}]}}