{"id":8286,"date":"2026-07-12T21:57:37","date_gmt":"2026-07-12T19:57:37","guid":{"rendered":"https:\/\/starstory.fr\/blog\/celebrites-et-influence-en-france\/taille-des-stars\/quelle-taille-fait-pedro-pascal\/"},"modified":"2026-07-12T21:57:37","modified_gmt":"2026-07-12T19:57:37","slug":"quelle-taille-fait-pedro-pascal","status":"publish","type":"post","link":"https:\/\/starstory.fr\/blog\/celebrites-et-influence-en-france\/taille-des-stars\/quelle-taille-fait-pedro-pascal\/","title":{"rendered":"Quelle taille fait Pedro Pascal ?"},"content":{"rendered":"<aside style=\"background:#FBEAF2;border-left:5px solid #B11E6A;padding:22px 28px;margin:24px 0;font-family:-apple-system,BlinkMacSystemFont,'Segoe UI',Roboto,sans-serif;\">\n<div style=\"margin:0;font-size:19px;line-height:1.55;color:#2a2a2a;font-weight:500;letter-spacing:-0.005em;\">\n    Pedro Pascal mesure <strong>environ 1,80 m<\/strong> \u2014 CelebHeights le cr\u00e9dite de 5 ft 10\u00be (soit 1,79-1,80 m) et l&rsquo;acteur lui-m\u00eame plaisante en interview : \u00ab je fais 5&rsquo;11 tout nu, six pieds avec de bonnes chaussures \u00bb. La star de The Last of Us et du Mandalorien assume une taille \u00ab moyenne \u00bb devenue l&rsquo;une des plus scrut\u00e9es d&rsquo;Internet.\n  <\/div>\n<\/aside>\n<figure style=\"margin:32px 0;font-family:-apple-system,BlinkMacSystemFont,'Segoe UI',Roboto,sans-serif;\">\n<div style=\"overflow-x:auto;border:1px solid #e5e5e0;border-radius:8px;\">\n<table style=\"width:100%;border-collapse:collapse;font-size:14px;color:#2a2a2a;min-width:500px;\">\n<thead>\n<tr style=\"background:#1a1a1a;color:#fff;\">\n<th style=\"text-align:left;padding:14px 18px;font-weight:700;font-size:12px;text-transform:uppercase;letter-spacing:1.5px;\">Fiche mensurations<\/th>\n<th style=\"text-align:left;padding:14px 18px;font-weight:700;font-size:12px;text-transform:uppercase;letter-spacing:1.5px;\">D\u00e9tail<\/th>\n<\/tr>\n<\/thead>\n<tbody>\n<tr style=\"background:#fff;border-bottom:1px solid #f0ede5;\">\n<td style=\"padding:14px 18px;font-weight:600;\">Nom complet<\/td>\n<td style=\"padding:14px 18px;color:#4a4a4a;\">Jos\u00e9 Pedro Balmaceda Pascal<\/td>\n<\/tr>\n<tr style=\"background:#fafaf7;border-bottom:1px solid #f0ede5;\">\n<td style=\"padding:14px 18px;font-weight:600;\">Naissance<\/td>\n<td style=\"padding:14px 18px;color:#4a4a4a;\">2 avril 1975, Santiago (Chili)<\/td>\n<\/tr>\n<tr style=\"background:#fff;border-bottom:1px solid #f0ede5;\">\n<td style=\"padding:14px 18px;font-weight:600;\">Taille<\/td>\n<td style=\"padding:14px 18px;color:#4a4a4a;\"><strong>\u2248 1,80 m<\/strong> (CelebHeights : 5 ft 10\u00be \u2014 il se d\u00e9clare lui-m\u00eame \u00ab 5&rsquo;11 \u00bb, soit 1,80 m)<\/td>\n<\/tr>\n<tr style=\"background:#fafaf7;border-bottom:1px solid #f0ede5;\">\n<td style=\"padding:14px 18px;font-weight:600;\">Poids<\/td>\n<td style=\"padding:14px 18px;color:#4a4a4a;\">Non communiqu\u00e9<\/td>\n<\/tr>\n<tr style=\"background:#fff;border-bottom:1px solid #f0ede5;\">\n<td style=\"padding:14px 18px;font-weight:600;\">Nationalit\u00e9<\/td>\n<td style=\"padding:14px 18px;color:#4a4a4a;\">Chilienne et am\u00e9ricaine<\/td>\n<\/tr>\n<tr style=\"background:#fafaf7;\">\n<td style=\"padding:14px 18px;font-weight:600;\">Activit\u00e9<\/td>\n<td style=\"padding:14px 18px;color:#4a4a4a;\">Acteur (Game of Thrones, Narcos, The Mandalorian, The Last of Us, Marvel)<\/td>\n<\/tr>\n<\/tbody>\n<\/table><\/div>\n<\/figure>\n<h2>1,80 m : la taille \u00ab moyenne \u00bb la plus comment\u00e9e d&rsquo;Hollywood<\/h2>\n<p>Les fiches s\u00e9rieuses s&rsquo;accordent sur une fourchette \u00e9troite : CelebHeights liste Pedro Pascal \u00e0 <strong>5 ft 10\u00be, soit environ 1,80 m<\/strong>, quand IMDb affiche 1,79 m. La source en or reste l&rsquo;int\u00e9ress\u00e9 lui-m\u00eame : interrog\u00e9 par Vanity Fair, il a r\u00e9pondu avec son autod\u00e9rision habituelle qu&rsquo;il faisait \u00ab 5&rsquo;11 tout nu, six pieds avec de bonnes chaussures \u00bb, avant de se dire simplement \u00ab de taille moyenne \u00bb. Dans une interview WIRED face \u00e0 Oscar Isaac, il confirmait le m\u00eame \u00ab 5&rsquo;11 \u00bb. Autrement dit : 1,79-1,80 m, sans myst\u00e8re.<\/p>\n<p>Face aux gabarits que les fans lui opposent volontiers, il rend quelques centim\u00e8tres \u00e0 <a href=\"https:\/\/starstory.fr\/blog\/celebrites-et-influence-en-france\/taille-des-stars\/quelle-taille-fait-keanu-reeves\/\">Keanu Reeves (1,86 m)<\/a> comme \u00e0 <a href=\"https:\/\/starstory.fr\/blog\/celebrites-et-influence-en-france\/taille-des-stars\/quelle-taille-fait-henry-cavill\/\">Henry Cavill (1,85 m)<\/a>, mais l&rsquo;\u00e9cran raconte autre chose : aux c\u00f4t\u00e9s de Bella Ramsey (environ 1,56 m) dans The Last of Us, sa stature de protecteur para\u00eet bien plus imposante que le chiffre brut.<\/p>\n<h2>D&rsquo;Oberyn Martell \u00e0 Reed Richards : la cons\u00e9cration tardive<\/h2>\n<p>R\u00e9v\u00e9l\u00e9 \u00e0 presque 40 ans par Game of Thrones puis Narcos, Pedro Pascal est devenu incontournable avec The Mandalorian et le r\u00f4le de Joel dans The Last of Us \u2014 au point d&rsquo;\u00eatre sacr\u00e9 \u00ab daddy d&rsquo;Internet \u00bb. Sa silhouette compacte et athl\u00e9tique, entretenue par un entra\u00eenement ax\u00e9 endurance et mobilit\u00e9, sert des personnages de mentor us\u00e9 mais solide, o\u00f9 la pr\u00e9sence compte plus que les centim\u00e8tres. Hollywood ne s&rsquo;y est pas tromp\u00e9 : entre Gladiator II, Materialists et le lancement du nouveau Fantastic Four, il a encha\u00een\u00e9 en deux ans plus de premiers r\u00f4les que dans les vingt ann\u00e9es pr\u00e9c\u00e9dentes.<\/p>\n<p>Son ann\u00e9e 2026 est monumentale : <strong>The Mandalorian and Grogu<\/strong> est sorti au cin\u00e9ma le 22 mai 2026, et il incarnera Reed Richards dans <strong>Avengers: Doomsday<\/strong>, attendu le 18 d\u00e9cembre 2026 \u2014 un r\u00f4le annonc\u00e9 comme majeur face au Docteur Fatalis de Robert Downey Jr., dont il a d\u00e9j\u00e0 boucl\u00e9 le tournage apr\u00e8s le succ\u00e8s de The Fantastic Four: First Steps (plus de 380 millions de dollars au box-office mondial).<\/p>\n<aside style=\"background:#FBEAF2;border-left:4px solid #B11E6A;padding:14px 18px;margin:18px 0;border-radius:0 4px 4px 0;font-family:-apple-system,BlinkMacSystemFont,'Segoe UI',Roboto,sans-serif;\">\n  <strong style=\"display:inline-block;color:#8a1450;font-size:12px;text-transform:uppercase;letter-spacing:1.5px;margin-right:8px;\">&#128161; Bon \u00e0 savoir<\/strong><br \/>\n  <span style=\"font-size:14.5px;line-height:1.55;color:#3a3a3a;\">Dans la com\u00e9die romantique Materialists (2025), le cin\u00e9ma joue ouvertement avec cette obsession : une sc\u00e8ne culte tourne pr\u00e9cis\u00e9ment autour de la taille de son personnage \u2014 clin d&rsquo;&oelig;il assum\u00e9 aux d\u00e9bats d&rsquo;Internet sur les centim\u00e8tres de l&rsquo;acteur.<\/span><br \/>\n<\/aside>\n<h2>Signes distinctifs<\/h2>\n<p>Moustache devenue signature, regard sombre et expressif, sourire imm\u00e9diat : Pedro Pascal se reconna\u00eet aussi \u00e0 sa posture, \u00e9paules l\u00e9g\u00e8rement en avant, qui donne cette impression d&rsquo;homme pr\u00eat \u00e0 encaisser. Sur tapis rouge, ses bottes \u00e0 semelles g\u00e9n\u00e9reuses et ses silhouettes tailleur soign\u00e9es entretiennent gentiment le d\u00e9bat entre 1,79 et 1,83 m.<\/p>\n<h2>Traits de caract\u00e8re<\/h2>\n<p>Chaleureux, tactile, volontiers blagueur en interview, il est d\u00e9crit par ses partenaires comme l&rsquo;un des acteurs les plus g\u00e9n\u00e9reux de sa g\u00e9n\u00e9ration. Son autod\u00e9rision \u2014 sur sa taille, son \u00e2ge, son statut de \u00ab daddy \u00bb \u2014 contraste avec un parcours marqu\u00e9 par l&rsquo;exil : sa famille a fui la dictature chilienne quand il \u00e9tait b\u00e9b\u00e9, une histoire qu&rsquo;il \u00e9voque r\u00e9guli\u00e8rement avec \u00e9motion.<\/p>\n<p>Pour situer Pedro Pascal face aux autres c\u00e9l\u00e9brit\u00e9s, consultez notre <a href=\"https:\/\/starstory.fr\/blog\/celebrites-et-influence-en-france\/taille-des-stars\/quelle-taille-font-les-stars\/\">guide complet des tailles des stars<\/a>, qui r\u00e9capitule les mensurations v\u00e9rifi\u00e9es de dizaines de personnalit\u00e9s.<\/p>\n<h2>Questions fr\u00e9quentes<\/h2>\n<details style=\"border:1px solid #e5e5e0;border-radius:8px;padding:14px 18px;margin:12px 0;font-family:-apple-system,BlinkMacSystemFont,'Segoe UI',Roboto,sans-serif;\">\n<summary style=\"font-weight:700;font-size:15.5px;color:#1a1a1a;cursor:pointer;\">Quelle est la taille exacte de Pedro Pascal ?<\/summary>\n<p style=\"margin:12px 0 0;font-size:15px;line-height:1.6;color:#3a3a3a;\">Environ <strong>1,80 m<\/strong> : CelebHeights le liste \u00e0 5 ft 10\u00be (1,79-1,80 m), IMDb \u00e0 1,79 m, et lui-m\u00eame se d\u00e9clare \u00ab 5&rsquo;11 \u00bb (1,80 m).<\/p>\n<\/details>\n<details style=\"border:1px solid #e5e5e0;border-radius:8px;padding:14px 18px;margin:12px 0;font-family:-apple-system,BlinkMacSystemFont,'Segoe UI',Roboto,sans-serif;\">\n<summary style=\"font-weight:700;font-size:15.5px;color:#1a1a1a;cursor:pointer;\">Que dit Pedro Pascal de sa propre taille ?<\/summary>\n<p style=\"margin:12px 0 0;font-size:15px;line-height:1.6;color:#3a3a3a;\">Il en plaisante : \u00e0 Vanity Fair, il a l\u00e2ch\u00e9 \u00ab je fais <strong>5&rsquo;11 tout nu, six pieds avec de bonnes chaussures<\/strong> \u00bb, se d\u00e9crivant comme un homme \u00ab de taille moyenne \u00bb \u2014 un rare cas de star qui minimise plut\u00f4t qu&rsquo;elle ne gonfle.<\/p>\n<\/details>\n<details style=\"border:1px solid #e5e5e0;border-radius:8px;padding:14px 18px;margin:12px 0;font-family:-apple-system,BlinkMacSystemFont,'Segoe UI',Roboto,sans-serif;\">\n<summary style=\"font-weight:700;font-size:15.5px;color:#1a1a1a;cursor:pointer;\">O\u00f9 voir Pedro Pascal en 2026 ?<\/summary>\n<p style=\"margin:12px 0 0;font-size:15px;line-height:1.6;color:#3a3a3a;\">Au cin\u00e9ma dans <strong>The Mandalorian and Grogu<\/strong> (sorti le 22 mai 2026), puis en Reed Richards dans <strong>Avengers: Doomsday<\/strong>, attendu le 18 d\u00e9cembre 2026.<\/p>\n<\/details>\n<p style=\"font-size:13px;color:#6a6a6a;margin-top:28px;\">Sources : fiches de tailles sp\u00e9cialis\u00e9es (CelebHeights 5 ft 10\u00be, IMDb 1,79 m), d\u00e9clarations de l&rsquo;acteur (Vanity Fair, WIRED), presse cin\u00e9ma (Lucasfilm mai 2026, Marvel d\u00e9cembre 2026).<\/p>\n<p><script type=\"application\/ld+json\">{\"@context\": \"https:\/\/schema.org\", \"@type\": \"FAQPage\", \"mainEntity\": [{\"@type\": \"Question\", \"name\": \"Quelle est la taille exacte de Pedro Pascal ?\", \"acceptedAnswer\": {\"@type\": \"Answer\", \"text\": \"Environ 1,80 m : CelebHeights le liste \u00e0 5 ft 10\u00be (1,79-1,80 m), IMDb \u00e0 1,79 m, et lui-m\u00eame se d\u00e9clare \u00ab 5'11 \u00bb (1,80 m).\"}}, {\"@type\": \"Question\", \"name\": \"Que dit Pedro Pascal de sa propre taille ?\", \"acceptedAnswer\": {\"@type\": \"Answer\", \"text\": \"Il en plaisante : \u00e0 Vanity Fair, il a l\u00e2ch\u00e9 \u00ab je fais 5'11 tout nu, six pieds avec de bonnes chaussures \u00bb, se d\u00e9crivant comme un homme \u00ab de taille moyenne \u00bb \u2014 un rare cas de star qui minimise plut\u00f4t qu'elle ne gonfle.\"}}, {\"@type\": \"Question\", \"name\": \"O\u00f9 voir Pedro Pascal en 2026 ?\", \"acceptedAnswer\": {\"@type\": \"Answer\", \"text\": \"Au cin\u00e9ma dans The Mandalorian and Grogu (sorti le 22 mai 2026), puis en Reed Richards dans Avengers: Doomsday, attendu le 18 d\u00e9cembre 2026.\"}}]}<\/script><\/p>\n","protected":false},"excerpt":{"rendered":"","protected":false},"author":42,"featured_media":999999999,"comment_status":"open","ping_status":"open","sticky":false,"template":"","format":"standard","meta":{"_acf_changed":false,"manual_indexmenow":false,"indexmenow_id_project":0,"footnotes":""},"categories":[4839],"tags":[],"class_list":["post-8286","post","type-post","status-publish","format-standard","has-post-thumbnail","hentry","category-taille-des-stars","generate-columns","tablet-grid-50","mobile-grid-100","grid-parent","grid-25"],"acf":[],"yoast_head":"<!-- This site is optimized with the Yoast SEO Premium plugin v21.3 (Yoast SEO v26.5) - https:\/\/yoast.com\/wordpress\/plugins\/seo\/ -->\n<title>Quelle taille fait Pedro Pascal ? 1,80 m v\u00e9rifi\u00e9<\/title>\n<meta name=\"description\" content=\"Pedro Pascal mesure environ 1,80 m (CelebHeights 5 ft 10\u00be). Il plaisante : \u00ab 5&#039;11 tout nu \u00bb. Taille v\u00e9rifi\u00e9e, plus ses r\u00f4les Marvel et Star Wars en 2026.\" \/>\n<meta name=\"robots\" content=\"index, follow, max-snippet:-1, max-image-preview:large, max-video-preview:-1\" \/>\n<link rel=\"canonical\" href=\"https:\/\/starstory.fr\/blog\/celebrites-et-influence-en-france\/taille-des-stars\/quelle-taille-fait-pedro-pascal\/\" \/>\n<meta property=\"og:locale\" content=\"fr_FR\" \/>\n<meta property=\"og:type\" content=\"article\" \/>\n<meta property=\"og:title\" content=\"Quelle taille fait Pedro Pascal ? 1,80 m v\u00e9rifi\u00e9\" \/>\n<meta property=\"og:description\" content=\"Pedro Pascal mesure environ 1,80 m (CelebHeights 5 ft 10\u00be). Il plaisante : \u00ab 5&#039;11 tout nu \u00bb. Taille v\u00e9rifi\u00e9e, plus ses r\u00f4les Marvel et Star Wars en 2026.\" \/>\n<meta property=\"og:url\" content=\"https:\/\/starstory.fr\/blog\/celebrites-et-influence-en-france\/taille-des-stars\/quelle-taille-fait-pedro-pascal\/\" \/>\n<meta property=\"og:site_name\" content=\"starstory\" \/>\n<meta property=\"og:image\" content=\"https:\/\/images.pexels.com\/photos\/15272016\/pexels-photo-15272016.jpeg?auto=compress&cs=tinysrgb&fit=crop&h=627&w=1200\" \/>\n<meta name=\"author\" content=\"Antoine Ferrand\" \/>\n<meta name=\"twitter:card\" content=\"summary_large_image\" \/>\n<script type=\"application\/ld+json\" class=\"yoast-schema-graph\">{\"@context\":\"https:\/\/schema.org\",\"@graph\":[{\"@type\":\"NewsArticle\",\"@id\":\"https:\/\/starstory.fr\/blog\/celebrites-et-influence-en-france\/taille-des-stars\/quelle-taille-fait-pedro-pascal\/#article\",\"isPartOf\":{\"@id\":\"https:\/\/starstory.fr\/blog\/celebrites-et-influence-en-france\/taille-des-stars\/quelle-taille-fait-pedro-pascal\/\"},\"author\":{\"name\":\"Antoine Ferrand\",\"@id\":\"https:\/\/starstory.fr\/blog\/#\/schema\/person\/2d9dd3a73cf4dcbc428e866589dd5882\"},\"headline\":\"Quelle taille fait Pedro Pascal ?\",\"datePublished\":\"2026-07-12T19:57:37+00:00\",\"mainEntityOfPage\":{\"@id\":\"https:\/\/starstory.fr\/blog\/celebrites-et-influence-en-france\/taille-des-stars\/quelle-taille-fait-pedro-pascal\/\"},\"wordCount\":812,\"commentCount\":0,\"publisher\":{\"@id\":\"https:\/\/starstory.fr\/blog\/#organization\"},\"image\":{\"@id\":\"https:\/\/starstory.fr\/blog\/celebrites-et-influence-en-france\/taille-des-stars\/quelle-taille-fait-pedro-pascal\/#primaryimage\"},\"thumbnailUrl\":\"https:\/\/images.pexels.com\/photos\/15272016\/pexels-photo-15272016.jpeg?auto=compress&cs=tinysrgb&fit=crop&h=627&w=1200\",\"articleSection\":[\"Taille et mensurations des stars\"],\"inLanguage\":\"fr-FR\",\"potentialAction\":[{\"@type\":\"CommentAction\",\"name\":\"Comment\",\"target\":[\"https:\/\/starstory.fr\/blog\/celebrites-et-influence-en-france\/taille-des-stars\/quelle-taille-fait-pedro-pascal\/#respond\"]}]},{\"@type\":\"WebPage\",\"@id\":\"https:\/\/starstory.fr\/blog\/celebrites-et-influence-en-france\/taille-des-stars\/quelle-taille-fait-pedro-pascal\/\",\"url\":\"https:\/\/starstory.fr\/blog\/celebrites-et-influence-en-france\/taille-des-stars\/quelle-taille-fait-pedro-pascal\/\",\"name\":\"Quelle taille fait Pedro Pascal ? 1,80 m v\u00e9rifi\u00e9\",\"isPartOf\":{\"@id\":\"https:\/\/starstory.fr\/blog\/#website\"},\"primaryImageOfPage\":{\"@id\":\"https:\/\/starstory.fr\/blog\/celebrites-et-influence-en-france\/taille-des-stars\/quelle-taille-fait-pedro-pascal\/#primaryimage\"},\"image\":{\"@id\":\"https:\/\/starstory.fr\/blog\/celebrites-et-influence-en-france\/taille-des-stars\/quelle-taille-fait-pedro-pascal\/#primaryimage\"},\"thumbnailUrl\":\"https:\/\/images.pexels.com\/photos\/15272016\/pexels-photo-15272016.jpeg?auto=compress&cs=tinysrgb&fit=crop&h=627&w=1200\",\"datePublished\":\"2026-07-12T19:57:37+00:00\",\"description\":\"Pedro Pascal mesure environ 1,80 m (CelebHeights 5 ft 10\u00be). Il plaisante : \u00ab 5'11 tout nu \u00bb. Taille v\u00e9rifi\u00e9e, plus ses r\u00f4les Marvel et Star Wars en 2026.\",\"inLanguage\":\"fr-FR\",\"potentialAction\":[{\"@type\":\"ReadAction\",\"target\":[\"https:\/\/starstory.fr\/blog\/celebrites-et-influence-en-france\/taille-des-stars\/quelle-taille-fait-pedro-pascal\/\"]}]},{\"@type\":\"ImageObject\",\"inLanguage\":\"fr-FR\",\"@id\":\"https:\/\/starstory.fr\/blog\/celebrites-et-influence-en-france\/taille-des-stars\/quelle-taille-fait-pedro-pascal\/#primaryimage\",\"url\":\"https:\/\/images.pexels.com\/photos\/15272016\/pexels-photo-15272016.jpeg?auto=compress&cs=tinysrgb&fit=crop&h=627&w=1200\",\"contentUrl\":\"https:\/\/images.pexels.com\/photos\/15272016\/pexels-photo-15272016.jpeg?auto=compress&cs=tinysrgb&fit=crop&h=627&w=1200\"},{\"@type\":\"WebSite\",\"@id\":\"https:\/\/starstory.fr\/blog\/#website\",\"url\":\"https:\/\/starstory.fr\/blog\/\",\"name\":\"StarStory\",\"description\":\"StarStory, les \u00e9toiles racontent leur histoire\",\"publisher\":{\"@id\":\"https:\/\/starstory.fr\/blog\/#organization\"},\"alternateName\":\"StarStory, les \u00e9toiles racontent leur histoire\",\"potentialAction\":[{\"@type\":\"SearchAction\",\"target\":{\"@type\":\"EntryPoint\",\"urlTemplate\":\"https:\/\/starstory.fr\/blog\/?s={search_term_string}\"},\"query-input\":{\"@type\":\"PropertyValueSpecification\",\"valueRequired\":true,\"valueName\":\"search_term_string\"}}],\"inLanguage\":\"fr-FR\"},{\"@type\":\"Organization\",\"@id\":\"https:\/\/starstory.fr\/blog\/#organization\",\"name\":\"StarStory\",\"alternateName\":\"StarStory.fr\",\"url\":\"https:\/\/starstory.fr\/blog\/\",\"logo\":{\"@type\":\"ImageObject\",\"inLanguage\":\"fr-FR\",\"@id\":\"https:\/\/starstory.fr\/blog\/#\/schema\/logo\/image\/\",\"url\":\"https:\/\/starstory.fr\/blog\/wp-content\/uploads\/2024\/12\/38.png\",\"contentUrl\":\"https:\/\/starstory.fr\/blog\/wp-content\/uploads\/2024\/12\/38.png\",\"width\":500,\"height\":500,\"caption\":\"StarStory\"},\"image\":{\"@id\":\"https:\/\/starstory.fr\/blog\/#\/schema\/logo\/image\/\"}},{\"@type\":\"Person\",\"@id\":\"https:\/\/starstory.fr\/blog\/#\/schema\/person\/2d9dd3a73cf4dcbc428e866589dd5882\",\"name\":\"Antoine Ferrand\",\"image\":{\"@type\":\"ImageObject\",\"inLanguage\":\"fr-FR\",\"@id\":\"https:\/\/starstory.fr\/blog\/#\/schema\/person\/image\/\",\"url\":\"https:\/\/secure.gravatar.com\/avatar\/?s=96&d=mm&r=g\",\"contentUrl\":\"https:\/\/secure.gravatar.com\/avatar\/?s=96&d=mm&r=g\",\"caption\":\"Antoine Ferrand\"},\"description\":\"Antoine analyse les figures politiques et m\u00e9diatiques, ainsi que leur influence en France au fil des ann\u00e9es.\",\"url\":\"https:\/\/starstory.fr\/blog\/auteur\/antoine-dupont\/\"}]}<\/script>\n<!-- \/ Yoast SEO Premium plugin. -->","yoast_head_json":{"title":"Quelle taille fait Pedro Pascal ? 1,80 m v\u00e9rifi\u00e9","description":"Pedro Pascal mesure environ 1,80 m (CelebHeights 5 ft 10\u00be). Il plaisante : \u00ab 5'11 tout nu \u00bb. Taille v\u00e9rifi\u00e9e, plus ses r\u00f4les Marvel et Star Wars en 2026.","robots":{"index":"index","follow":"follow","max-snippet":"max-snippet:-1","max-image-preview":"max-image-preview:large","max-video-preview":"max-video-preview:-1"},"canonical":"https:\/\/starstory.fr\/blog\/celebrites-et-influence-en-france\/taille-des-stars\/quelle-taille-fait-pedro-pascal\/","og_locale":"fr_FR","og_type":"article","og_title":"Quelle taille fait Pedro Pascal ? 1,80 m v\u00e9rifi\u00e9","og_description":"Pedro Pascal mesure environ 1,80 m (CelebHeights 5 ft 10\u00be). Il plaisante : \u00ab 5'11 tout nu \u00bb. Taille v\u00e9rifi\u00e9e, plus ses r\u00f4les Marvel et Star Wars en 2026.","og_url":"https:\/\/starstory.fr\/blog\/celebrites-et-influence-en-france\/taille-des-stars\/quelle-taille-fait-pedro-pascal\/","og_site_name":"starstory","og_image":[{"url":"https:\/\/images.pexels.com\/photos\/15272016\/pexels-photo-15272016.jpeg?auto=compress&cs=tinysrgb&fit=crop&h=627&w=1200","type":"","width":"","height":""}],"author":"Antoine Ferrand","twitter_card":"summary_large_image","schema":{"@context":"https:\/\/schema.org","@graph":[{"@type":"NewsArticle","@id":"https:\/\/starstory.fr\/blog\/celebrites-et-influence-en-france\/taille-des-stars\/quelle-taille-fait-pedro-pascal\/#article","isPartOf":{"@id":"https:\/\/starstory.fr\/blog\/celebrites-et-influence-en-france\/taille-des-stars\/quelle-taille-fait-pedro-pascal\/"},"author":{"name":"Antoine Ferrand","@id":"https:\/\/starstory.fr\/blog\/#\/schema\/person\/2d9dd3a73cf4dcbc428e866589dd5882"},"headline":"Quelle taille fait Pedro Pascal ?","datePublished":"2026-07-12T19:57:37+00:00","mainEntityOfPage":{"@id":"https:\/\/starstory.fr\/blog\/celebrites-et-influence-en-france\/taille-des-stars\/quelle-taille-fait-pedro-pascal\/"},"wordCount":812,"commentCount":0,"publisher":{"@id":"https:\/\/starstory.fr\/blog\/#organization"},"image":{"@id":"https:\/\/starstory.fr\/blog\/celebrites-et-influence-en-france\/taille-des-stars\/quelle-taille-fait-pedro-pascal\/#primaryimage"},"thumbnailUrl":"https:\/\/images.pexels.com\/photos\/15272016\/pexels-photo-15272016.jpeg?auto=compress&cs=tinysrgb&fit=crop&h=627&w=1200","articleSection":["Taille et mensurations des stars"],"inLanguage":"fr-FR","potentialAction":[{"@type":"CommentAction","name":"Comment","target":["https:\/\/starstory.fr\/blog\/celebrites-et-influence-en-france\/taille-des-stars\/quelle-taille-fait-pedro-pascal\/#respond"]}]},{"@type":"WebPage","@id":"https:\/\/starstory.fr\/blog\/celebrites-et-influence-en-france\/taille-des-stars\/quelle-taille-fait-pedro-pascal\/","url":"https:\/\/starstory.fr\/blog\/celebrites-et-influence-en-france\/taille-des-stars\/quelle-taille-fait-pedro-pascal\/","name":"Quelle taille fait Pedro Pascal ? 1,80 m v\u00e9rifi\u00e9","isPartOf":{"@id":"https:\/\/starstory.fr\/blog\/#website"},"primaryImageOfPage":{"@id":"https:\/\/starstory.fr\/blog\/celebrites-et-influence-en-france\/taille-des-stars\/quelle-taille-fait-pedro-pascal\/#primaryimage"},"image":{"@id":"https:\/\/starstory.fr\/blog\/celebrites-et-influence-en-france\/taille-des-stars\/quelle-taille-fait-pedro-pascal\/#primaryimage"},"thumbnailUrl":"https:\/\/images.pexels.com\/photos\/15272016\/pexels-photo-15272016.jpeg?auto=compress&cs=tinysrgb&fit=crop&h=627&w=1200","datePublished":"2026-07-12T19:57:37+00:00","description":"Pedro Pascal mesure environ 1,80 m (CelebHeights 5 ft 10\u00be). Il plaisante : \u00ab 5'11 tout nu \u00bb. Taille v\u00e9rifi\u00e9e, plus ses r\u00f4les Marvel et Star Wars en 2026.","inLanguage":"fr-FR","potentialAction":[{"@type":"ReadAction","target":["https:\/\/starstory.fr\/blog\/celebrites-et-influence-en-france\/taille-des-stars\/quelle-taille-fait-pedro-pascal\/"]}]},{"@type":"ImageObject","inLanguage":"fr-FR","@id":"https:\/\/starstory.fr\/blog\/celebrites-et-influence-en-france\/taille-des-stars\/quelle-taille-fait-pedro-pascal\/#primaryimage","url":"https:\/\/images.pexels.com\/photos\/15272016\/pexels-photo-15272016.jpeg?auto=compress&cs=tinysrgb&fit=crop&h=627&w=1200","contentUrl":"https:\/\/images.pexels.com\/photos\/15272016\/pexels-photo-15272016.jpeg?auto=compress&cs=tinysrgb&fit=crop&h=627&w=1200"},{"@type":"WebSite","@id":"https:\/\/starstory.fr\/blog\/#website","url":"https:\/\/starstory.fr\/blog\/","name":"StarStory","description":"StarStory, les \u00e9toiles racontent leur histoire","publisher":{"@id":"https:\/\/starstory.fr\/blog\/#organization"},"alternateName":"StarStory, les \u00e9toiles racontent leur histoire","potentialAction":[{"@type":"SearchAction","target":{"@type":"EntryPoint","urlTemplate":"https:\/\/starstory.fr\/blog\/?s={search_term_string}"},"query-input":{"@type":"PropertyValueSpecification","valueRequired":true,"valueName":"search_term_string"}}],"inLanguage":"fr-FR"},{"@type":"Organization","@id":"https:\/\/starstory.fr\/blog\/#organization","name":"StarStory","alternateName":"StarStory.fr","url":"https:\/\/starstory.fr\/blog\/","logo":{"@type":"ImageObject","inLanguage":"fr-FR","@id":"https:\/\/starstory.fr\/blog\/#\/schema\/logo\/image\/","url":"https:\/\/starstory.fr\/blog\/wp-content\/uploads\/2024\/12\/38.png","contentUrl":"https:\/\/starstory.fr\/blog\/wp-content\/uploads\/2024\/12\/38.png","width":500,"height":500,"caption":"StarStory"},"image":{"@id":"https:\/\/starstory.fr\/blog\/#\/schema\/logo\/image\/"}},{"@type":"Person","@id":"https:\/\/starstory.fr\/blog\/#\/schema\/person\/2d9dd3a73cf4dcbc428e866589dd5882","name":"Antoine Ferrand","image":{"@type":"ImageObject","inLanguage":"fr-FR","@id":"https:\/\/starstory.fr\/blog\/#\/schema\/person\/image\/","url":"https:\/\/secure.gravatar.com\/avatar\/?s=96&d=mm&r=g","contentUrl":"https:\/\/secure.gravatar.com\/avatar\/?s=96&d=mm&r=g","caption":"Antoine Ferrand"},"description":"Antoine analyse les figures politiques et m\u00e9diatiques, ainsi que leur influence en France au fil des ann\u00e9es.","url":"https:\/\/starstory.fr\/blog\/auteur\/antoine-dupont\/"}]}},"_links":{"self":[{"href":"https:\/\/starstory.fr\/blog\/wp-json\/wp\/v2\/posts\/8286","targetHints":{"allow":["GET"]}}],"collection":[{"href":"https:\/\/starstory.fr\/blog\/wp-json\/wp\/v2\/posts"}],"about":[{"href":"https:\/\/starstory.fr\/blog\/wp-json\/wp\/v2\/types\/post"}],"author":[{"embeddable":true,"href":"https:\/\/starstory.fr\/blog\/wp-json\/wp\/v2\/users\/42"}],"replies":[{"embeddable":true,"href":"https:\/\/starstory.fr\/blog\/wp-json\/wp\/v2\/comments?post=8286"}],"version-history":[{"count":0,"href":"https:\/\/starstory.fr\/blog\/wp-json\/wp\/v2\/posts\/8286\/revisions"}],"wp:attachment":[{"href":"https:\/\/starstory.fr\/blog\/wp-json\/wp\/v2\/media?parent=8286"}],"wp:term":[{"taxonomy":"category","embeddable":true,"href":"https:\/\/starstory.fr\/blog\/wp-json\/wp\/v2\/categories?post=8286"},{"taxonomy":"post_tag","embeddable":true,"href":"https:\/\/starstory.fr\/blog\/wp-json\/wp\/v2\/tags?post=8286"}],"curies":[{"name":"wp","href":"https:\/\/api.w.org\/{rel}","templated":true}]}}