{"id":8274,"date":"2026-07-12T20:28:48","date_gmt":"2026-07-12T18:28:48","guid":{"rendered":"https:\/\/starstory.fr\/blog\/celebrites-et-influence-en-france\/taille-des-stars\/quelle-taille-fait-stephane-plaza\/"},"modified":"2026-07-12T20:28:48","modified_gmt":"2026-07-12T18:28:48","slug":"quelle-taille-fait-stephane-plaza","status":"publish","type":"post","link":"https:\/\/starstory.fr\/blog\/celebrites-et-influence-en-france\/taille-des-stars\/quelle-taille-fait-stephane-plaza\/","title":{"rendered":"Quelle taille fait St\u00e9phane Plaza ?"},"content":{"rendered":"<aside style=\"background:#FBEAF2;border-left:5px solid #B11E6A;padding:22px 28px;margin:24px 0;font-family:-apple-system,BlinkMacSystemFont,'Segoe UI',Roboto,sans-serif;\">\n<div style=\"margin:0;font-size:19px;line-height:1.55;color:#2a2a2a;font-weight:500;letter-spacing:-0.005em;\">\n    St\u00e9phane Plaza mesurerait <strong>environ 1,75 m<\/strong> \u2014 les fiches oscillent entre 1,73 et 1,76 m, sans donn\u00e9e officielle. L&rsquo;ex-animateur vedette des \u00e9missions immobili\u00e8res de M6, aujourd&rsquo;hui retir\u00e9 de l&rsquo;antenne, reste l&rsquo;un des visages les plus recherch\u00e9s du web immobilier.\n  <\/div>\n<\/aside>\n<figure style=\"margin:32px 0;font-family:-apple-system,BlinkMacSystemFont,'Segoe UI',Roboto,sans-serif;\">\n<div style=\"overflow-x:auto;border:1px solid #e5e5e0;border-radius:8px;\">\n<table style=\"width:100%;border-collapse:collapse;font-size:14px;color:#2a2a2a;min-width:500px;\">\n<thead>\n<tr style=\"background:#1a1a1a;color:#fff;\">\n<th style=\"text-align:left;padding:14px 18px;font-weight:700;font-size:12px;text-transform:uppercase;letter-spacing:1.5px;\">Fiche mensurations<\/th>\n<th style=\"text-align:left;padding:14px 18px;font-weight:700;font-size:12px;text-transform:uppercase;letter-spacing:1.5px;\">D\u00e9tail<\/th>\n<\/tr>\n<\/thead>\n<tbody>\n<tr style=\"background:#fff;border-bottom:1px solid #f0ede5;\">\n<td style=\"padding:14px 18px;font-weight:600;\">Nom complet<\/td>\n<td style=\"padding:14px 18px;color:#4a4a4a;\">St\u00e9phane Plaza<\/td>\n<\/tr>\n<tr style=\"background:#fafaf7;border-bottom:1px solid #f0ede5;\">\n<td style=\"padding:14px 18px;font-weight:600;\">Naissance<\/td>\n<td style=\"padding:14px 18px;color:#4a4a4a;\">9 juin 1970, Suresnes (Hauts-de-Seine)<\/td>\n<\/tr>\n<tr style=\"background:#fff;border-bottom:1px solid #f0ede5;\">\n<td style=\"padding:14px 18px;font-weight:600;\">Taille<\/td>\n<td style=\"padding:14px 18px;color:#4a4a4a;\"><strong>\u2248 1,75 m<\/strong> (estimation, aucune donn\u00e9e officielle \u2014 fourchette 1,73 \u00e0 1,76 m selon les fiches)<\/td>\n<\/tr>\n<tr style=\"background:#fafaf7;border-bottom:1px solid #f0ede5;\">\n<td style=\"padding:14px 18px;font-weight:600;\">Poids<\/td>\n<td style=\"padding:14px 18px;color:#4a4a4a;\">Non communiqu\u00e9<\/td>\n<\/tr>\n<tr style=\"background:#fff;border-bottom:1px solid #f0ede5;\">\n<td style=\"padding:14px 18px;font-weight:600;\">Nationalit\u00e9<\/td>\n<td style=\"padding:14px 18px;color:#4a4a4a;\">Fran\u00e7aise<\/td>\n<\/tr>\n<tr style=\"background:#fafaf7;\">\n<td style=\"padding:14px 18px;font-weight:600;\">Activit\u00e9<\/td>\n<td style=\"padding:14px 18px;color:#4a4a4a;\">Agent immobilier, fondateur du r\u00e9seau St\u00e9phane Plaza Immobilier, ex-animateur M6<\/td>\n<\/tr>\n<\/tbody>\n<\/table><\/div>\n<\/figure>\n<h2>Environ 1,75 m : une estimation, pas un compromis de vente<\/h2>\n<p>Aucune donn\u00e9e officielle n&rsquo;existe sur la taille de St\u00e9phane Plaza : les fiches sp\u00e9cialis\u00e9es oscillent entre <strong>1,73 et 1,76 m<\/strong>, la valeur la plus reprise \u00e9tant 1,75 m \u2014 pile la moyenne masculine fran\u00e7aise. \u00c0 l&rsquo;\u00e9cran, sa gestuelle expansive et ses gags physiques le faisaient souvent para\u00eetre plus grand qu&rsquo;il ne l&rsquo;est.<\/p>\n<p>Dans la galaxie M6, il se situe ainsi juste sous <a href=\"https:\/\/starstory.fr\/blog\/celebrites-et-influence-en-france\/taille-des-stars\/quelle-taille-fait-karine-le-marchand\/\">Karine Le Marchand (\u2248 1,75 m)<\/a>, sa complice historique \u00e0 l&rsquo;antenne, et nettement sous le chef <a href=\"https:\/\/starstory.fr\/blog\/celebrites-et-influence-en-france\/taille-des-stars\/quelle-taille-fait-philippe-etchebest\/\">Philippe Etchebest (\u2248 1,80 m)<\/a>.<\/p>\n<h2>De l&rsquo;animateur star au retrait de l&rsquo;antenne<\/h2>\n<p>Pendant pr\u00e8s de vingt ans, St\u00e9phane Plaza a incarn\u00e9 l&rsquo;immobilier \u00e0 la t\u00e9l\u00e9vision : Recherche appartement ou maison, Maison \u00e0 vendre, Chasseurs d&rsquo;appart&rsquo;\u2026 jusqu&rsquo;\u00e0 la d\u00e9programmation d\u00e9finitive de ses \u00e9missions par M6 en 2025. Cette rupture fait suite \u00e0 sa <strong>condamnation en f\u00e9vrier 2025 \u00e0 douze mois de prison avec sursis pour violences conjugales<\/strong>, des faits commis entre 2018 et 2022 sur une ex-compagne. Son proc\u00e8s en appel s&rsquo;est tenu le 26 juin 2026 ; la d\u00e9cision est attendue le 18 septembre 2026.<\/p>\n<p>C\u00f4t\u00e9 business, la page se tourne aussi : d\u00e9but juillet 2026, le groupe M6 a officialis\u00e9 sa <strong>sortie du capital de St\u00e9phane Plaza Immobilier<\/strong>. Le r\u00e9seau d&rsquo;environ 500 agences, d\u00e9sormais d\u00e9tenu par Plaza, est en pleine restructuration.<\/p>\n<aside style=\"background:#FBEAF2;border-left:4px solid #B11E6A;padding:14px 18px;margin:18px 0;border-radius:0 4px 4px 0;font-family:-apple-system,BlinkMacSystemFont,'Segoe UI',Roboto,sans-serif;\">\n  <strong style=\"display:inline-block;color:#8a1450;font-size:12px;text-transform:uppercase;letter-spacing:1.5px;margin-right:8px;\">&#128161; Bon \u00e0 savoir<\/strong><br \/>\n  <span style=\"font-size:14.5px;line-height:1.55;color:#3a3a3a;\">Avant la t\u00e9l\u00e9vision, St\u00e9phane Plaza a \u00e9t\u00e9 agent immobilier \u00ab de terrain \u00bb pendant plus de quinze ans en r\u00e9gion parisienne \u2014 c&rsquo;est M6 qui l&rsquo;a rep\u00e9r\u00e9 en 2006 pour incarner ses nouveaux formats immo.<\/span><br \/>\n<\/aside>\n<h2>Signes distinctifs<\/h2>\n<p>M\u00e8che poivre et sel, lunettes rondes, costume-baskets et maladresse mise en sc\u00e8ne (chutes, gaffes, jeux de mots) : le personnage t\u00e9l\u00e9 de Plaza reposait sur un burlesque calibr\u00e9. Un capital sympathie construit \u00e0 l&rsquo;\u00e9cran pendant deux d\u00e9cennies, aujourd&rsquo;hui profond\u00e9ment \u00e9corn\u00e9 par sa condamnation.<\/p>\n<h2>Traits de caract\u00e8re<\/h2>\n<p>D\u00e9crit \u00e0 l&rsquo;\u00e9poque par ses \u00e9quipes comme chaleureux et hyperactif, amateur de canulars, il a aussi r\u00e9v\u00e9l\u00e9 un tout autre visage dans le cadre judiciaire \u2014 le tribunal ayant retenu en premi\u00e8re instance des violences psychologiques et physiques r\u00e9p\u00e9t\u00e9es. L&rsquo;affaire, tr\u00e8s m\u00e9diatis\u00e9e, a fait de lui un cas d&rsquo;\u00e9cole du divorce entre image publique et vie priv\u00e9e.<\/p>\n<p>Pour situer St\u00e9phane Plaza face aux autres c\u00e9l\u00e9brit\u00e9s, consultez notre <a href=\"https:\/\/starstory.fr\/blog\/celebrites-et-influence-en-france\/taille-des-stars\/quelle-taille-font-les-stars\/\">guide complet des tailles des stars<\/a>, qui r\u00e9capitule les mensurations v\u00e9rifi\u00e9es de dizaines de personnalit\u00e9s.<\/p>\n<h2>Questions fr\u00e9quentes<\/h2>\n<details style=\"border:1px solid #e5e5e0;border-radius:8px;padding:14px 18px;margin:12px 0;font-family:-apple-system,BlinkMacSystemFont,'Segoe UI',Roboto,sans-serif;\">\n<summary style=\"font-weight:700;font-size:15.5px;color:#1a1a1a;cursor:pointer;\">Quelle est la taille exacte de St\u00e9phane Plaza ?<\/summary>\n<p style=\"margin:12px 0 0;font-size:15px;line-height:1.6;color:#3a3a3a;\">Aucune donn\u00e9e officielle n&rsquo;existe. Les fiches oscillent entre <strong>1,73 et 1,76 m<\/strong>, la valeur la plus reprise \u00e9tant 1,75 m.<\/p>\n<\/details>\n<details style=\"border:1px solid #e5e5e0;border-radius:8px;padding:14px 18px;margin:12px 0;font-family:-apple-system,BlinkMacSystemFont,'Segoe UI',Roboto,sans-serif;\">\n<summary style=\"font-weight:700;font-size:15.5px;color:#1a1a1a;cursor:pointer;\">St\u00e9phane Plaza est-il toujours sur M6 ?<\/summary>\n<p style=\"margin:12px 0 0;font-size:15px;line-height:1.6;color:#3a3a3a;\">Non : ses \u00e9missions ont \u00e9t\u00e9 <strong>d\u00e9finitivement d\u00e9programm\u00e9es en 2025<\/strong> apr\u00e8s sa condamnation pour violences conjugales, et M6 s&rsquo;est retir\u00e9 du capital de son r\u00e9seau immobilier en juillet 2026.<\/p>\n<\/details>\n<details style=\"border:1px solid #e5e5e0;border-radius:8px;padding:14px 18px;margin:12px 0;font-family:-apple-system,BlinkMacSystemFont,'Segoe UI',Roboto,sans-serif;\">\n<summary style=\"font-weight:700;font-size:15.5px;color:#1a1a1a;cursor:pointer;\">O\u00f9 en est la proc\u00e9dure judiciaire de St\u00e9phane Plaza ?<\/summary>\n<p style=\"margin:12px 0 0;font-size:15px;line-height:1.6;color:#3a3a3a;\">Condamn\u00e9 en premi\u00e8re instance en f\u00e9vrier 2025 (12 mois avec sursis pour violences conjugales), il a fait appel : l&rsquo;audience s&rsquo;est tenue le 26 juin 2026 et la d\u00e9cision est attendue le <strong>18 septembre 2026<\/strong>.<\/p>\n<\/details>\n<p style=\"font-size:13px;color:#6a6a6a;margin-top:28px;\">Sources : fiches de tailles sp\u00e9cialis\u00e9es (estimations crois\u00e9es, aucune donn\u00e9e officielle), presse judiciaire (condamnation f\u00e9vrier 2025, appel juin 2026), presse \u00e9conomique (retrait de M6 du capital de St\u00e9phane Plaza Immobilier, juillet 2026).<\/p>\n<p><script type=\"application\/ld+json\">{\"@context\": \"https:\/\/schema.org\", \"@type\": \"FAQPage\", \"mainEntity\": [{\"@type\": \"Question\", \"name\": \"Quelle est la taille exacte de St\u00e9phane Plaza ?\", \"acceptedAnswer\": {\"@type\": \"Answer\", \"text\": \"Aucune donn\u00e9e officielle n'existe. Les fiches oscillent entre 1,73 et 1,76 m, la valeur la plus reprise \u00e9tant 1,75 m.\"}}, {\"@type\": \"Question\", \"name\": \"St\u00e9phane Plaza est-il toujours sur M6 ?\", \"acceptedAnswer\": {\"@type\": \"Answer\", \"text\": \"Non : ses \u00e9missions ont \u00e9t\u00e9 d\u00e9finitivement d\u00e9programm\u00e9es en 2025 apr\u00e8s sa condamnation pour violences conjugales, et M6 s'est retir\u00e9 du capital de son r\u00e9seau immobilier en juillet 2026.\"}}, {\"@type\": \"Question\", \"name\": \"O\u00f9 en est la proc\u00e9dure judiciaire de St\u00e9phane Plaza ?\", \"acceptedAnswer\": {\"@type\": \"Answer\", \"text\": \"Condamn\u00e9 en premi\u00e8re instance en f\u00e9vrier 2025 (12 mois avec sursis pour violences conjugales), il a fait appel : l'audience s'est tenue le 26 juin 2026 et la d\u00e9cision est attendue le 18 septembre 2026.\"}}]}<\/script><\/p>\n","protected":false},"excerpt":{"rendered":"","protected":false},"author":43,"featured_media":999999999,"comment_status":"open","ping_status":"open","sticky":false,"template":"","format":"standard","meta":{"_acf_changed":false,"manual_indexmenow":false,"indexmenow_id_project":0,"footnotes":""},"categories":[4839],"tags":[],"class_list":["post-8274","post","type-post","status-publish","format-standard","has-post-thumbnail","hentry","category-taille-des-stars","generate-columns","tablet-grid-50","mobile-grid-100","grid-parent","grid-25"],"acf":[],"yoast_head":"<!-- This site is optimized with the Yoast SEO Premium plugin v21.3 (Yoast SEO v26.5) - https:\/\/yoast.com\/wordpress\/plugins\/seo\/ -->\n<title>Quelle taille fait St\u00e9phane Plaza ? (taille, fiche)<\/title>\n<meta name=\"description\" content=\"St\u00e9phane Plaza mesurerait environ 1,75 m (fourchette 1,73-1,76 m, aucune donn\u00e9e officielle). Retrait de M6, situation judiciaire 2026 : la fiche factuelle.\" \/>\n<meta name=\"robots\" content=\"index, follow, max-snippet:-1, max-image-preview:large, max-video-preview:-1\" \/>\n<link rel=\"canonical\" href=\"https:\/\/starstory.fr\/blog\/celebrites-et-influence-en-france\/taille-des-stars\/quelle-taille-fait-stephane-plaza\/\" \/>\n<meta property=\"og:locale\" content=\"fr_FR\" \/>\n<meta property=\"og:type\" content=\"article\" \/>\n<meta property=\"og:title\" content=\"Quelle taille fait St\u00e9phane Plaza ? (taille, fiche)\" \/>\n<meta property=\"og:description\" content=\"St\u00e9phane Plaza mesurerait environ 1,75 m (fourchette 1,73-1,76 m, aucune donn\u00e9e officielle). Retrait de M6, situation judiciaire 2026 : la fiche factuelle.\" \/>\n<meta property=\"og:url\" content=\"https:\/\/starstory.fr\/blog\/celebrites-et-influence-en-france\/taille-des-stars\/quelle-taille-fait-stephane-plaza\/\" \/>\n<meta property=\"og:site_name\" content=\"starstory\" \/>\n<meta property=\"og:image\" content=\"https:\/\/images.pexels.com\/photos\/31989061\/pexels-photo-31989061.jpeg?auto=compress&cs=tinysrgb&fit=crop&h=627&w=1200\" \/>\n<meta name=\"author\" content=\"Lucas Martin\" \/>\n<meta name=\"twitter:card\" content=\"summary_large_image\" \/>\n<script type=\"application\/ld+json\" class=\"yoast-schema-graph\">{\"@context\":\"https:\/\/schema.org\",\"@graph\":[{\"@type\":\"NewsArticle\",\"@id\":\"https:\/\/starstory.fr\/blog\/celebrites-et-influence-en-france\/taille-des-stars\/quelle-taille-fait-stephane-plaza\/#article\",\"isPartOf\":{\"@id\":\"https:\/\/starstory.fr\/blog\/celebrites-et-influence-en-france\/taille-des-stars\/quelle-taille-fait-stephane-plaza\/\"},\"author\":{\"name\":\"Lucas Martin\",\"@id\":\"https:\/\/starstory.fr\/blog\/#\/schema\/person\/7460f07f6b55c3d1c9b0d5788b27d15e\"},\"headline\":\"Quelle taille fait St\u00e9phane Plaza ?\",\"datePublished\":\"2026-07-12T18:28:48+00:00\",\"mainEntityOfPage\":{\"@id\":\"https:\/\/starstory.fr\/blog\/celebrites-et-influence-en-france\/taille-des-stars\/quelle-taille-fait-stephane-plaza\/\"},\"wordCount\":688,\"commentCount\":0,\"publisher\":{\"@id\":\"https:\/\/starstory.fr\/blog\/#organization\"},\"image\":{\"@id\":\"https:\/\/starstory.fr\/blog\/celebrites-et-influence-en-france\/taille-des-stars\/quelle-taille-fait-stephane-plaza\/#primaryimage\"},\"thumbnailUrl\":\"https:\/\/images.pexels.com\/photos\/31989061\/pexels-photo-31989061.jpeg?auto=compress&cs=tinysrgb&fit=crop&h=627&w=1200\",\"articleSection\":[\"Taille et mensurations des stars\"],\"inLanguage\":\"fr-FR\",\"potentialAction\":[{\"@type\":\"CommentAction\",\"name\":\"Comment\",\"target\":[\"https:\/\/starstory.fr\/blog\/celebrites-et-influence-en-france\/taille-des-stars\/quelle-taille-fait-stephane-plaza\/#respond\"]}]},{\"@type\":\"WebPage\",\"@id\":\"https:\/\/starstory.fr\/blog\/celebrites-et-influence-en-france\/taille-des-stars\/quelle-taille-fait-stephane-plaza\/\",\"url\":\"https:\/\/starstory.fr\/blog\/celebrites-et-influence-en-france\/taille-des-stars\/quelle-taille-fait-stephane-plaza\/\",\"name\":\"Quelle taille fait St\u00e9phane Plaza ? (taille, fiche)\",\"isPartOf\":{\"@id\":\"https:\/\/starstory.fr\/blog\/#website\"},\"primaryImageOfPage\":{\"@id\":\"https:\/\/starstory.fr\/blog\/celebrites-et-influence-en-france\/taille-des-stars\/quelle-taille-fait-stephane-plaza\/#primaryimage\"},\"image\":{\"@id\":\"https:\/\/starstory.fr\/blog\/celebrites-et-influence-en-france\/taille-des-stars\/quelle-taille-fait-stephane-plaza\/#primaryimage\"},\"thumbnailUrl\":\"https:\/\/images.pexels.com\/photos\/31989061\/pexels-photo-31989061.jpeg?auto=compress&cs=tinysrgb&fit=crop&h=627&w=1200\",\"datePublished\":\"2026-07-12T18:28:48+00:00\",\"description\":\"St\u00e9phane Plaza mesurerait environ 1,75 m (fourchette 1,73-1,76 m, aucune donn\u00e9e officielle). Retrait de M6, situation judiciaire 2026 : la fiche factuelle.\",\"inLanguage\":\"fr-FR\",\"potentialAction\":[{\"@type\":\"ReadAction\",\"target\":[\"https:\/\/starstory.fr\/blog\/celebrites-et-influence-en-france\/taille-des-stars\/quelle-taille-fait-stephane-plaza\/\"]}]},{\"@type\":\"ImageObject\",\"inLanguage\":\"fr-FR\",\"@id\":\"https:\/\/starstory.fr\/blog\/celebrites-et-influence-en-france\/taille-des-stars\/quelle-taille-fait-stephane-plaza\/#primaryimage\",\"url\":\"https:\/\/images.pexels.com\/photos\/31989061\/pexels-photo-31989061.jpeg?auto=compress&cs=tinysrgb&fit=crop&h=627&w=1200\",\"contentUrl\":\"https:\/\/images.pexels.com\/photos\/31989061\/pexels-photo-31989061.jpeg?auto=compress&cs=tinysrgb&fit=crop&h=627&w=1200\"},{\"@type\":\"WebSite\",\"@id\":\"https:\/\/starstory.fr\/blog\/#website\",\"url\":\"https:\/\/starstory.fr\/blog\/\",\"name\":\"StarStory\",\"description\":\"StarStory, les \u00e9toiles racontent leur histoire\",\"publisher\":{\"@id\":\"https:\/\/starstory.fr\/blog\/#organization\"},\"alternateName\":\"StarStory, les \u00e9toiles racontent leur histoire\",\"potentialAction\":[{\"@type\":\"SearchAction\",\"target\":{\"@type\":\"EntryPoint\",\"urlTemplate\":\"https:\/\/starstory.fr\/blog\/?s={search_term_string}\"},\"query-input\":{\"@type\":\"PropertyValueSpecification\",\"valueRequired\":true,\"valueName\":\"search_term_string\"}}],\"inLanguage\":\"fr-FR\"},{\"@type\":\"Organization\",\"@id\":\"https:\/\/starstory.fr\/blog\/#organization\",\"name\":\"StarStory\",\"alternateName\":\"StarStory.fr\",\"url\":\"https:\/\/starstory.fr\/blog\/\",\"logo\":{\"@type\":\"ImageObject\",\"inLanguage\":\"fr-FR\",\"@id\":\"https:\/\/starstory.fr\/blog\/#\/schema\/logo\/image\/\",\"url\":\"https:\/\/starstory.fr\/blog\/wp-content\/uploads\/2024\/12\/38.png\",\"contentUrl\":\"https:\/\/starstory.fr\/blog\/wp-content\/uploads\/2024\/12\/38.png\",\"width\":500,\"height\":500,\"caption\":\"StarStory\"},\"image\":{\"@id\":\"https:\/\/starstory.fr\/blog\/#\/schema\/logo\/image\/\"}},{\"@type\":\"Person\",\"@id\":\"https:\/\/starstory.fr\/blog\/#\/schema\/person\/7460f07f6b55c3d1c9b0d5788b27d15e\",\"name\":\"Lucas Martin\",\"image\":{\"@type\":\"ImageObject\",\"inLanguage\":\"fr-FR\",\"@id\":\"https:\/\/starstory.fr\/blog\/#\/schema\/person\/image\/\",\"url\":\"https:\/\/secure.gravatar.com\/avatar\/?s=96&d=mm&r=g\",\"contentUrl\":\"https:\/\/secure.gravatar.com\/avatar\/?s=96&d=mm&r=g\",\"caption\":\"Lucas Martin\"},\"description\":\"Lucas dresse le portrait des stars sportives qui ont marqu\u00e9 les diff\u00e9rentes \u00e9poques.\",\"url\":\"https:\/\/starstory.fr\/blog\/auteur\/lucas-martin\/\",\"jobTitle\":\"Contributeur high-tech\",\"email\":\"lucas.martin@lemacenligne.com\"}]}<\/script>\n<!-- \/ Yoast SEO Premium plugin. -->","yoast_head_json":{"title":"Quelle taille fait St\u00e9phane Plaza ? (taille, fiche)","description":"St\u00e9phane Plaza mesurerait environ 1,75 m (fourchette 1,73-1,76 m, aucune donn\u00e9e officielle). Retrait de M6, situation judiciaire 2026 : la fiche factuelle.","robots":{"index":"index","follow":"follow","max-snippet":"max-snippet:-1","max-image-preview":"max-image-preview:large","max-video-preview":"max-video-preview:-1"},"canonical":"https:\/\/starstory.fr\/blog\/celebrites-et-influence-en-france\/taille-des-stars\/quelle-taille-fait-stephane-plaza\/","og_locale":"fr_FR","og_type":"article","og_title":"Quelle taille fait St\u00e9phane Plaza ? (taille, fiche)","og_description":"St\u00e9phane Plaza mesurerait environ 1,75 m (fourchette 1,73-1,76 m, aucune donn\u00e9e officielle). Retrait de M6, situation judiciaire 2026 : la fiche factuelle.","og_url":"https:\/\/starstory.fr\/blog\/celebrites-et-influence-en-france\/taille-des-stars\/quelle-taille-fait-stephane-plaza\/","og_site_name":"starstory","og_image":[{"url":"https:\/\/images.pexels.com\/photos\/31989061\/pexels-photo-31989061.jpeg?auto=compress&cs=tinysrgb&fit=crop&h=627&w=1200","type":"","width":"","height":""}],"author":"Lucas Martin","twitter_card":"summary_large_image","schema":{"@context":"https:\/\/schema.org","@graph":[{"@type":"NewsArticle","@id":"https:\/\/starstory.fr\/blog\/celebrites-et-influence-en-france\/taille-des-stars\/quelle-taille-fait-stephane-plaza\/#article","isPartOf":{"@id":"https:\/\/starstory.fr\/blog\/celebrites-et-influence-en-france\/taille-des-stars\/quelle-taille-fait-stephane-plaza\/"},"author":{"name":"Lucas Martin","@id":"https:\/\/starstory.fr\/blog\/#\/schema\/person\/7460f07f6b55c3d1c9b0d5788b27d15e"},"headline":"Quelle taille fait St\u00e9phane Plaza ?","datePublished":"2026-07-12T18:28:48+00:00","mainEntityOfPage":{"@id":"https:\/\/starstory.fr\/blog\/celebrites-et-influence-en-france\/taille-des-stars\/quelle-taille-fait-stephane-plaza\/"},"wordCount":688,"commentCount":0,"publisher":{"@id":"https:\/\/starstory.fr\/blog\/#organization"},"image":{"@id":"https:\/\/starstory.fr\/blog\/celebrites-et-influence-en-france\/taille-des-stars\/quelle-taille-fait-stephane-plaza\/#primaryimage"},"thumbnailUrl":"https:\/\/images.pexels.com\/photos\/31989061\/pexels-photo-31989061.jpeg?auto=compress&cs=tinysrgb&fit=crop&h=627&w=1200","articleSection":["Taille et mensurations des stars"],"inLanguage":"fr-FR","potentialAction":[{"@type":"CommentAction","name":"Comment","target":["https:\/\/starstory.fr\/blog\/celebrites-et-influence-en-france\/taille-des-stars\/quelle-taille-fait-stephane-plaza\/#respond"]}]},{"@type":"WebPage","@id":"https:\/\/starstory.fr\/blog\/celebrites-et-influence-en-france\/taille-des-stars\/quelle-taille-fait-stephane-plaza\/","url":"https:\/\/starstory.fr\/blog\/celebrites-et-influence-en-france\/taille-des-stars\/quelle-taille-fait-stephane-plaza\/","name":"Quelle taille fait St\u00e9phane Plaza ? (taille, fiche)","isPartOf":{"@id":"https:\/\/starstory.fr\/blog\/#website"},"primaryImageOfPage":{"@id":"https:\/\/starstory.fr\/blog\/celebrites-et-influence-en-france\/taille-des-stars\/quelle-taille-fait-stephane-plaza\/#primaryimage"},"image":{"@id":"https:\/\/starstory.fr\/blog\/celebrites-et-influence-en-france\/taille-des-stars\/quelle-taille-fait-stephane-plaza\/#primaryimage"},"thumbnailUrl":"https:\/\/images.pexels.com\/photos\/31989061\/pexels-photo-31989061.jpeg?auto=compress&cs=tinysrgb&fit=crop&h=627&w=1200","datePublished":"2026-07-12T18:28:48+00:00","description":"St\u00e9phane Plaza mesurerait environ 1,75 m (fourchette 1,73-1,76 m, aucune donn\u00e9e officielle). Retrait de M6, situation judiciaire 2026 : la fiche factuelle.","inLanguage":"fr-FR","potentialAction":[{"@type":"ReadAction","target":["https:\/\/starstory.fr\/blog\/celebrites-et-influence-en-france\/taille-des-stars\/quelle-taille-fait-stephane-plaza\/"]}]},{"@type":"ImageObject","inLanguage":"fr-FR","@id":"https:\/\/starstory.fr\/blog\/celebrites-et-influence-en-france\/taille-des-stars\/quelle-taille-fait-stephane-plaza\/#primaryimage","url":"https:\/\/images.pexels.com\/photos\/31989061\/pexels-photo-31989061.jpeg?auto=compress&cs=tinysrgb&fit=crop&h=627&w=1200","contentUrl":"https:\/\/images.pexels.com\/photos\/31989061\/pexels-photo-31989061.jpeg?auto=compress&cs=tinysrgb&fit=crop&h=627&w=1200"},{"@type":"WebSite","@id":"https:\/\/starstory.fr\/blog\/#website","url":"https:\/\/starstory.fr\/blog\/","name":"StarStory","description":"StarStory, les \u00e9toiles racontent leur histoire","publisher":{"@id":"https:\/\/starstory.fr\/blog\/#organization"},"alternateName":"StarStory, les \u00e9toiles racontent leur histoire","potentialAction":[{"@type":"SearchAction","target":{"@type":"EntryPoint","urlTemplate":"https:\/\/starstory.fr\/blog\/?s={search_term_string}"},"query-input":{"@type":"PropertyValueSpecification","valueRequired":true,"valueName":"search_term_string"}}],"inLanguage":"fr-FR"},{"@type":"Organization","@id":"https:\/\/starstory.fr\/blog\/#organization","name":"StarStory","alternateName":"StarStory.fr","url":"https:\/\/starstory.fr\/blog\/","logo":{"@type":"ImageObject","inLanguage":"fr-FR","@id":"https:\/\/starstory.fr\/blog\/#\/schema\/logo\/image\/","url":"https:\/\/starstory.fr\/blog\/wp-content\/uploads\/2024\/12\/38.png","contentUrl":"https:\/\/starstory.fr\/blog\/wp-content\/uploads\/2024\/12\/38.png","width":500,"height":500,"caption":"StarStory"},"image":{"@id":"https:\/\/starstory.fr\/blog\/#\/schema\/logo\/image\/"}},{"@type":"Person","@id":"https:\/\/starstory.fr\/blog\/#\/schema\/person\/7460f07f6b55c3d1c9b0d5788b27d15e","name":"Lucas Martin","image":{"@type":"ImageObject","inLanguage":"fr-FR","@id":"https:\/\/starstory.fr\/blog\/#\/schema\/person\/image\/","url":"https:\/\/secure.gravatar.com\/avatar\/?s=96&d=mm&r=g","contentUrl":"https:\/\/secure.gravatar.com\/avatar\/?s=96&d=mm&r=g","caption":"Lucas Martin"},"description":"Lucas dresse le portrait des stars sportives qui ont marqu\u00e9 les diff\u00e9rentes \u00e9poques.","url":"https:\/\/starstory.fr\/blog\/auteur\/lucas-martin\/","jobTitle":"Contributeur high-tech","email":"lucas.martin@lemacenligne.com"}]}},"_links":{"self":[{"href":"https:\/\/starstory.fr\/blog\/wp-json\/wp\/v2\/posts\/8274","targetHints":{"allow":["GET"]}}],"collection":[{"href":"https:\/\/starstory.fr\/blog\/wp-json\/wp\/v2\/posts"}],"about":[{"href":"https:\/\/starstory.fr\/blog\/wp-json\/wp\/v2\/types\/post"}],"author":[{"embeddable":true,"href":"https:\/\/starstory.fr\/blog\/wp-json\/wp\/v2\/users\/43"}],"replies":[{"embeddable":true,"href":"https:\/\/starstory.fr\/blog\/wp-json\/wp\/v2\/comments?post=8274"}],"version-history":[{"count":0,"href":"https:\/\/starstory.fr\/blog\/wp-json\/wp\/v2\/posts\/8274\/revisions"}],"wp:attachment":[{"href":"https:\/\/starstory.fr\/blog\/wp-json\/wp\/v2\/media?parent=8274"}],"wp:term":[{"taxonomy":"category","embeddable":true,"href":"https:\/\/starstory.fr\/blog\/wp-json\/wp\/v2\/categories?post=8274"},{"taxonomy":"post_tag","embeddable":true,"href":"https:\/\/starstory.fr\/blog\/wp-json\/wp\/v2\/tags?post=8274"}],"curies":[{"name":"wp","href":"https:\/\/api.w.org\/{rel}","templated":true}]}}