{"id":8273,"date":"2026-07-12T20:28:44","date_gmt":"2026-07-12T18:28:44","guid":{"rendered":"https:\/\/starstory.fr\/blog\/celebrites-et-influence-en-france\/taille-des-stars\/quelle-taille-fait-cyril-lignac\/"},"modified":"2026-07-12T20:28:44","modified_gmt":"2026-07-12T18:28:44","slug":"quelle-taille-fait-cyril-lignac","status":"publish","type":"post","link":"https:\/\/starstory.fr\/blog\/celebrites-et-influence-en-france\/taille-des-stars\/quelle-taille-fait-cyril-lignac\/","title":{"rendered":"Quelle taille fait Cyril Lignac ?"},"content":{"rendered":"<aside style=\"background:#FBEAF2;border-left:5px solid #B11E6A;padding:22px 28px;margin:24px 0;font-family:-apple-system,BlinkMacSystemFont,'Segoe UI',Roboto,sans-serif;\">\n<div style=\"margin:0;font-size:19px;line-height:1.55;color:#2a2a2a;font-weight:500;letter-spacing:-0.005em;\">\n    Cyril Lignac mesurerait <strong>environ 1,84 m<\/strong> selon les fiches les plus reprises \u2014 un chiffre convergent mais jamais confirm\u00e9 par le chef lui-m\u00eame. Le cuisinier pr\u00e9f\u00e9r\u00e9 des Fran\u00e7ais est plus grand qu&rsquo;on ne l&rsquo;imagine derri\u00e8re son piano.\n  <\/div>\n<\/aside>\n<figure style=\"margin:32px 0;font-family:-apple-system,BlinkMacSystemFont,'Segoe UI',Roboto,sans-serif;\">\n<div style=\"overflow-x:auto;border:1px solid #e5e5e0;border-radius:8px;\">\n<table style=\"width:100%;border-collapse:collapse;font-size:14px;color:#2a2a2a;min-width:500px;\">\n<thead>\n<tr style=\"background:#1a1a1a;color:#fff;\">\n<th style=\"text-align:left;padding:14px 18px;font-weight:700;font-size:12px;text-transform:uppercase;letter-spacing:1.5px;\">Fiche mensurations<\/th>\n<th style=\"text-align:left;padding:14px 18px;font-weight:700;font-size:12px;text-transform:uppercase;letter-spacing:1.5px;\">D\u00e9tail<\/th>\n<\/tr>\n<\/thead>\n<tbody>\n<tr style=\"background:#fff;border-bottom:1px solid #f0ede5;\">\n<td style=\"padding:14px 18px;font-weight:600;\">Nom complet<\/td>\n<td style=\"padding:14px 18px;color:#4a4a4a;\">Cyril Lignac<\/td>\n<\/tr>\n<tr style=\"background:#fafaf7;border-bottom:1px solid #f0ede5;\">\n<td style=\"padding:14px 18px;font-weight:600;\">Naissance<\/td>\n<td style=\"padding:14px 18px;color:#4a4a4a;\">5 novembre 1977, Rodez (Aveyron)<\/td>\n<\/tr>\n<tr style=\"background:#fff;border-bottom:1px solid #f0ede5;\">\n<td style=\"padding:14px 18px;font-weight:600;\">Taille<\/td>\n<td style=\"padding:14px 18px;color:#4a4a4a;\"><strong>\u2248 1,84 m<\/strong> (estimation convergente des fiches \u2014 non confirm\u00e9e par l&rsquo;int\u00e9ress\u00e9)<\/td>\n<\/tr>\n<tr style=\"background:#fafaf7;border-bottom:1px solid #f0ede5;\">\n<td style=\"padding:14px 18px;font-weight:600;\">Poids<\/td>\n<td style=\"padding:14px 18px;color:#4a4a4a;\">Non communiqu\u00e9<\/td>\n<\/tr>\n<tr style=\"background:#fff;border-bottom:1px solid #f0ede5;\">\n<td style=\"padding:14px 18px;font-weight:600;\">Nationalit\u00e9<\/td>\n<td style=\"padding:14px 18px;color:#4a4a4a;\">Fran\u00e7aise<\/td>\n<\/tr>\n<tr style=\"background:#fafaf7;\">\n<td style=\"padding:14px 18px;font-weight:600;\">Activit\u00e9<\/td>\n<td style=\"padding:14px 18px;color:#4a4a4a;\">Chef et p\u00e2tissier \u2014 restaurants parisiens, Tous en cuisine et Le Meilleur P\u00e2tissier (M6)<\/td>\n<\/tr>\n<\/tbody>\n<\/table><\/div>\n<\/figure>\n<h2>Environ 1,84 m : le grand discret de la cuisine t\u00e9l\u00e9<\/h2>\n<p>Les fiches people convergent vers <strong>1,84 m<\/strong> pour Cyril Lignac \u2014 un chiffre raisonnablement fiable tant il est stable d&rsquo;une source \u00e0 l&rsquo;autre, mais jamais certifi\u00e9 par l&rsquo;int\u00e9ress\u00e9. En plateau, sa silhouette \u00e9lanc\u00e9e passe presque inaper\u00e7ue \u00e0 c\u00f4t\u00e9 de carrures plus massives : c&rsquo;est en le voyant debout \u00e0 c\u00f4t\u00e9 de ses invit\u00e9s qu&rsquo;on r\u00e9alise qu&rsquo;il d\u00e9passe la moyenne fran\u00e7aise d&rsquo;une bonne t\u00eate.<\/p>\n<p>Il devancerait ainsi l\u00e9g\u00e8rement <a href=\"https:\/\/starstory.fr\/blog\/celebrites-et-influence-en-france\/taille-des-stars\/quelle-taille-fait-philippe-etchebest\/\">Philippe Etchebest (\u2248 1,80 m)<\/a>, son comp\u00e8re du paysage culinaire M6, et nettement <a href=\"https:\/\/starstory.fr\/blog\/celebrites-et-influence-en-france\/taille-des-stars\/quelle-taille-fait-karine-le-marchand\/\">Karine Le Marchand (\u2248 1,75 m)<\/a>, sa complice d&rsquo;antenne historique.<\/p>\n<h2>2026 : Tous en cuisine sp\u00e9cial Coupe du monde et un Meilleur P\u00e2tissier sans Mercotte<\/h2>\n<p>L&rsquo;ann\u00e9e 2026 est charg\u00e9e pour le chef aveyronnais : M6 a relanc\u00e9 <strong>Tous en cuisine en juin 2026<\/strong> dans un format sp\u00e9cial Coupe du monde de football \u2014 recettes aux couleurs des nations qualifi\u00e9es, toujours en direct avec J\u00e9r\u00f4me Anthony. Et \u00e0 la rentr\u00e9e, il rempile comme jur\u00e9 pilier du <strong>Meilleur P\u00e2tissier saison 15<\/strong>, tourn\u00e9 au printemps : une saison charni\u00e8re, la premi\u00e8re sans Mercotte, remplac\u00e9e par Norbert Tarayre et Roxane, avec Olivier Minne \u00e0 l&rsquo;animation.<\/p>\n<p>En coulisses, son groupe parisien tourne \u00e0 plein r\u00e9gime : Le Chardenoux, Aux Pr\u00e9s, Dragon, Bar des Pr\u00e9s, Ischia, Caf\u00e9 Lignac, plus ses p\u00e2tisseries et chocolateries.<\/p>\n<aside style=\"background:#FBEAF2;border-left:4px solid #B11E6A;padding:14px 18px;margin:18px 0;border-radius:0 4px 4px 0;font-family:-apple-system,BlinkMacSystemFont,'Segoe UI',Roboto,sans-serif;\">\n  <strong style=\"display:inline-block;color:#8a1450;font-size:12px;text-transform:uppercase;letter-spacing:1.5px;margin-right:8px;\">&#128161; Bon \u00e0 savoir<\/strong><br \/>\n  <span style=\"font-size:14.5px;line-height:1.55;color:#3a3a3a;\">Form\u00e9 notamment aupr\u00e8s d&rsquo;Alain Passard et de Pierre Herm\u00e9, Cyril Lignac a \u00e9t\u00e9 r\u00e9v\u00e9l\u00e9 au grand public \u00e0 28 ans par \u00ab Oui Chef ! \u00bb (M6, 2005) \u2014 vingt ans de t\u00e9l\u00e9vision culinaire sans interruption depuis.<\/span><br \/>\n<\/aside>\n<h2>Signes distinctifs<\/h2>\n<p>Sourire permanent, accent aveyronnais adouci mais jamais effac\u00e9, chemise impeccable sous le tablier : Lignac cultive une \u00e9l\u00e9gance d\u00e9contract\u00e9e devenue image de marque. Sa gestuelle pr\u00e9cise de p\u00e2tissier et son \u00ab c&rsquo;est tr\u00e8s gourmand \u00bb sont entr\u00e9s dans le langage courant des cuisines fran\u00e7aises.<\/p>\n<h2>Traits de caract\u00e8re<\/h2>\n<p>Pudique sur sa vie priv\u00e9e, travailleur acharn\u00e9 parti de Rodez avec un CAP en poche, il est d\u00e9crit par ses \u00e9quipes comme un patron exigeant mais loyal. Sa proximit\u00e9 chaleureuse \u00e0 l&rsquo;\u00e9cran \u2014 jamais un mot plus haut que l&rsquo;autre \u2014 explique une popularit\u00e9 qui ne se d\u00e9ment pas depuis vingt ans.<\/p>\n<p>Pour situer Cyril Lignac face aux autres c\u00e9l\u00e9brit\u00e9s, consultez notre <a href=\"https:\/\/starstory.fr\/blog\/celebrites-et-influence-en-france\/taille-des-stars\/quelle-taille-font-les-stars\/\">guide complet des tailles des stars<\/a>, qui r\u00e9capitule les mensurations v\u00e9rifi\u00e9es de dizaines de personnalit\u00e9s.<\/p>\n<h2>Questions fr\u00e9quentes<\/h2>\n<details style=\"border:1px solid #e5e5e0;border-radius:8px;padding:14px 18px;margin:12px 0;font-family:-apple-system,BlinkMacSystemFont,'Segoe UI',Roboto,sans-serif;\">\n<summary style=\"font-weight:700;font-size:15.5px;color:#1a1a1a;cursor:pointer;\">Quelle est la taille exacte de Cyril Lignac ?<\/summary>\n<p style=\"margin:12px 0 0;font-size:15px;line-height:1.6;color:#3a3a3a;\">Les fiches convergent vers <strong>1,84 m<\/strong>, sans confirmation directe du chef. C&rsquo;est une estimation stable et coh\u00e9rente entre les sources.<\/p>\n<\/details>\n<details style=\"border:1px solid #e5e5e0;border-radius:8px;padding:14px 18px;margin:12px 0;font-family:-apple-system,BlinkMacSystemFont,'Segoe UI',Roboto,sans-serif;\">\n<summary style=\"font-weight:700;font-size:15.5px;color:#1a1a1a;cursor:pointer;\">Quelles \u00e9missions anime Cyril Lignac en 2026 ?<\/summary>\n<p style=\"margin:12px 0 0;font-size:15px;line-height:1.6;color:#3a3a3a;\"><strong>Tous en cuisine<\/strong>, relanc\u00e9 en juin 2026 en format sp\u00e9cial Coupe du monde, et <strong>Le Meilleur P\u00e2tissier<\/strong> (saison 15, diffusion \u00e0 la rentr\u00e9e), o\u00f9 il reste jur\u00e9 aux c\u00f4t\u00e9s des rempla\u00e7ants de Mercotte.<\/p>\n<\/details>\n<details style=\"border:1px solid #e5e5e0;border-radius:8px;padding:14px 18px;margin:12px 0;font-family:-apple-system,BlinkMacSystemFont,'Segoe UI',Roboto,sans-serif;\">\n<summary style=\"font-weight:700;font-size:15.5px;color:#1a1a1a;cursor:pointer;\">Quels sont les restaurants de Cyril Lignac ?<\/summary>\n<p style=\"margin:12px 0 0;font-size:15px;line-height:1.6;color:#3a3a3a;\">Principalement \u00e0 Paris : <strong>Le Chardenoux, Aux Pr\u00e9s, Dragon, Bar des Pr\u00e9s, Ischia et Caf\u00e9 Lignac<\/strong>, compl\u00e9t\u00e9s par ses p\u00e2tisseries et chocolateries.<\/p>\n<\/details>\n<p style=\"font-size:13px;color:#6a6a6a;margin-top:28px;\">Sources : fiches people et presse (1,84 m \u2014 estimation convergente, non confirm\u00e9e), M6\/Purem\u00e9dias (retour de Tous en cuisine juin 2026, Le Meilleur P\u00e2tissier saison 15), site officiel cyrillignac.com (restaurants).<\/p>\n<p><script type=\"application\/ld+json\">{\"@context\": \"https:\/\/schema.org\", \"@type\": \"FAQPage\", \"mainEntity\": [{\"@type\": \"Question\", \"name\": \"Quelle est la taille exacte de Cyril Lignac ?\", \"acceptedAnswer\": {\"@type\": \"Answer\", \"text\": \"Les fiches convergent vers 1,84 m, sans confirmation directe du chef. C'est une estimation stable et coh\u00e9rente entre les sources.\"}}, {\"@type\": \"Question\", \"name\": \"Quelles \u00e9missions anime Cyril Lignac en 2026 ?\", \"acceptedAnswer\": {\"@type\": \"Answer\", \"text\": \"Tous en cuisine, relanc\u00e9 en juin 2026 en format sp\u00e9cial Coupe du monde, et Le Meilleur P\u00e2tissier (saison 15, diffusion \u00e0 la rentr\u00e9e), o\u00f9 il reste jur\u00e9 aux c\u00f4t\u00e9s des rempla\u00e7ants de Mercotte.\"}}, {\"@type\": \"Question\", \"name\": \"Quels sont les restaurants de Cyril Lignac ?\", \"acceptedAnswer\": {\"@type\": \"Answer\", \"text\": \"Principalement \u00e0 Paris : Le Chardenoux, Aux Pr\u00e9s, Dragon, Bar des Pr\u00e9s, Ischia et Caf\u00e9 Lignac, compl\u00e9t\u00e9s par ses p\u00e2tisseries et chocolateries.\"}}]}<\/script><\/p>\n","protected":false},"excerpt":{"rendered":"","protected":false},"author":42,"featured_media":999999999,"comment_status":"open","ping_status":"open","sticky":false,"template":"","format":"standard","meta":{"_acf_changed":false,"manual_indexmenow":false,"indexmenow_id_project":0,"footnotes":""},"categories":[4839],"tags":[],"class_list":["post-8273","post","type-post","status-publish","format-standard","has-post-thumbnail","hentry","category-taille-des-stars","generate-columns","tablet-grid-50","mobile-grid-100","grid-parent","grid-25"],"acf":[],"yoast_head":"<!-- This site is optimized with the Yoast SEO Premium plugin v21.3 (Yoast SEO v26.5) - https:\/\/yoast.com\/wordpress\/plugins\/seo\/ -->\n<title>Quelle taille fait Cyril Lignac ? (taille, \u00e2ge, fiche)<\/title>\n<meta name=\"description\" content=\"Cyril Lignac mesurerait environ 1,84 m (estimation convergente, non confirm\u00e9e). Tous en cuisine 2026, Le Meilleur P\u00e2tissier, restaurants : la fiche.\" \/>\n<meta name=\"robots\" content=\"index, follow, max-snippet:-1, max-image-preview:large, max-video-preview:-1\" \/>\n<link rel=\"canonical\" href=\"https:\/\/starstory.fr\/blog\/celebrites-et-influence-en-france\/taille-des-stars\/quelle-taille-fait-cyril-lignac\/\" \/>\n<meta property=\"og:locale\" content=\"fr_FR\" \/>\n<meta property=\"og:type\" content=\"article\" \/>\n<meta property=\"og:title\" content=\"Quelle taille fait Cyril Lignac ? (taille, \u00e2ge, fiche)\" \/>\n<meta property=\"og:description\" content=\"Cyril Lignac mesurerait environ 1,84 m (estimation convergente, non confirm\u00e9e). Tous en cuisine 2026, Le Meilleur P\u00e2tissier, restaurants : la fiche.\" \/>\n<meta property=\"og:url\" content=\"https:\/\/starstory.fr\/blog\/celebrites-et-influence-en-france\/taille-des-stars\/quelle-taille-fait-cyril-lignac\/\" \/>\n<meta property=\"og:site_name\" content=\"starstory\" \/>\n<meta property=\"og:image\" content=\"https:\/\/images.pexels.com\/photos\/15487466\/pexels-photo-15487466.jpeg?auto=compress&cs=tinysrgb&fit=crop&h=627&w=1200\" \/>\n<meta name=\"author\" content=\"Antoine Ferrand\" \/>\n<meta name=\"twitter:card\" content=\"summary_large_image\" \/>\n<script type=\"application\/ld+json\" class=\"yoast-schema-graph\">{\"@context\":\"https:\/\/schema.org\",\"@graph\":[{\"@type\":\"NewsArticle\",\"@id\":\"https:\/\/starstory.fr\/blog\/celebrites-et-influence-en-france\/taille-des-stars\/quelle-taille-fait-cyril-lignac\/#article\",\"isPartOf\":{\"@id\":\"https:\/\/starstory.fr\/blog\/celebrites-et-influence-en-france\/taille-des-stars\/quelle-taille-fait-cyril-lignac\/\"},\"author\":{\"name\":\"Antoine Ferrand\",\"@id\":\"https:\/\/starstory.fr\/blog\/#\/schema\/person\/2d9dd3a73cf4dcbc428e866589dd5882\"},\"headline\":\"Quelle taille fait Cyril Lignac ?\",\"datePublished\":\"2026-07-12T18:28:44+00:00\",\"mainEntityOfPage\":{\"@id\":\"https:\/\/starstory.fr\/blog\/celebrites-et-influence-en-france\/taille-des-stars\/quelle-taille-fait-cyril-lignac\/\"},\"wordCount\":663,\"commentCount\":0,\"publisher\":{\"@id\":\"https:\/\/starstory.fr\/blog\/#organization\"},\"image\":{\"@id\":\"https:\/\/starstory.fr\/blog\/celebrites-et-influence-en-france\/taille-des-stars\/quelle-taille-fait-cyril-lignac\/#primaryimage\"},\"thumbnailUrl\":\"https:\/\/images.pexels.com\/photos\/15487466\/pexels-photo-15487466.jpeg?auto=compress&cs=tinysrgb&fit=crop&h=627&w=1200\",\"articleSection\":[\"Taille et mensurations des stars\"],\"inLanguage\":\"fr-FR\",\"potentialAction\":[{\"@type\":\"CommentAction\",\"name\":\"Comment\",\"target\":[\"https:\/\/starstory.fr\/blog\/celebrites-et-influence-en-france\/taille-des-stars\/quelle-taille-fait-cyril-lignac\/#respond\"]}]},{\"@type\":\"WebPage\",\"@id\":\"https:\/\/starstory.fr\/blog\/celebrites-et-influence-en-france\/taille-des-stars\/quelle-taille-fait-cyril-lignac\/\",\"url\":\"https:\/\/starstory.fr\/blog\/celebrites-et-influence-en-france\/taille-des-stars\/quelle-taille-fait-cyril-lignac\/\",\"name\":\"Quelle taille fait Cyril Lignac ? (taille, \u00e2ge, fiche)\",\"isPartOf\":{\"@id\":\"https:\/\/starstory.fr\/blog\/#website\"},\"primaryImageOfPage\":{\"@id\":\"https:\/\/starstory.fr\/blog\/celebrites-et-influence-en-france\/taille-des-stars\/quelle-taille-fait-cyril-lignac\/#primaryimage\"},\"image\":{\"@id\":\"https:\/\/starstory.fr\/blog\/celebrites-et-influence-en-france\/taille-des-stars\/quelle-taille-fait-cyril-lignac\/#primaryimage\"},\"thumbnailUrl\":\"https:\/\/images.pexels.com\/photos\/15487466\/pexels-photo-15487466.jpeg?auto=compress&cs=tinysrgb&fit=crop&h=627&w=1200\",\"datePublished\":\"2026-07-12T18:28:44+00:00\",\"description\":\"Cyril Lignac mesurerait environ 1,84 m (estimation convergente, non confirm\u00e9e). Tous en cuisine 2026, Le Meilleur P\u00e2tissier, restaurants : la fiche.\",\"inLanguage\":\"fr-FR\",\"potentialAction\":[{\"@type\":\"ReadAction\",\"target\":[\"https:\/\/starstory.fr\/blog\/celebrites-et-influence-en-france\/taille-des-stars\/quelle-taille-fait-cyril-lignac\/\"]}]},{\"@type\":\"ImageObject\",\"inLanguage\":\"fr-FR\",\"@id\":\"https:\/\/starstory.fr\/blog\/celebrites-et-influence-en-france\/taille-des-stars\/quelle-taille-fait-cyril-lignac\/#primaryimage\",\"url\":\"https:\/\/images.pexels.com\/photos\/15487466\/pexels-photo-15487466.jpeg?auto=compress&cs=tinysrgb&fit=crop&h=627&w=1200\",\"contentUrl\":\"https:\/\/images.pexels.com\/photos\/15487466\/pexels-photo-15487466.jpeg?auto=compress&cs=tinysrgb&fit=crop&h=627&w=1200\"},{\"@type\":\"WebSite\",\"@id\":\"https:\/\/starstory.fr\/blog\/#website\",\"url\":\"https:\/\/starstory.fr\/blog\/\",\"name\":\"StarStory\",\"description\":\"StarStory, les \u00e9toiles racontent leur histoire\",\"publisher\":{\"@id\":\"https:\/\/starstory.fr\/blog\/#organization\"},\"alternateName\":\"StarStory, les \u00e9toiles racontent leur histoire\",\"potentialAction\":[{\"@type\":\"SearchAction\",\"target\":{\"@type\":\"EntryPoint\",\"urlTemplate\":\"https:\/\/starstory.fr\/blog\/?s={search_term_string}\"},\"query-input\":{\"@type\":\"PropertyValueSpecification\",\"valueRequired\":true,\"valueName\":\"search_term_string\"}}],\"inLanguage\":\"fr-FR\"},{\"@type\":\"Organization\",\"@id\":\"https:\/\/starstory.fr\/blog\/#organization\",\"name\":\"StarStory\",\"alternateName\":\"StarStory.fr\",\"url\":\"https:\/\/starstory.fr\/blog\/\",\"logo\":{\"@type\":\"ImageObject\",\"inLanguage\":\"fr-FR\",\"@id\":\"https:\/\/starstory.fr\/blog\/#\/schema\/logo\/image\/\",\"url\":\"https:\/\/starstory.fr\/blog\/wp-content\/uploads\/2024\/12\/38.png\",\"contentUrl\":\"https:\/\/starstory.fr\/blog\/wp-content\/uploads\/2024\/12\/38.png\",\"width\":500,\"height\":500,\"caption\":\"StarStory\"},\"image\":{\"@id\":\"https:\/\/starstory.fr\/blog\/#\/schema\/logo\/image\/\"}},{\"@type\":\"Person\",\"@id\":\"https:\/\/starstory.fr\/blog\/#\/schema\/person\/2d9dd3a73cf4dcbc428e866589dd5882\",\"name\":\"Antoine Ferrand\",\"image\":{\"@type\":\"ImageObject\",\"inLanguage\":\"fr-FR\",\"@id\":\"https:\/\/starstory.fr\/blog\/#\/schema\/person\/image\/\",\"url\":\"https:\/\/secure.gravatar.com\/avatar\/?s=96&d=mm&r=g\",\"contentUrl\":\"https:\/\/secure.gravatar.com\/avatar\/?s=96&d=mm&r=g\",\"caption\":\"Antoine Ferrand\"},\"description\":\"Antoine analyse les figures politiques et m\u00e9diatiques, ainsi que leur influence en France au fil des ann\u00e9es.\",\"url\":\"https:\/\/starstory.fr\/blog\/auteur\/antoine-dupont\/\"}]}<\/script>\n<!-- \/ Yoast SEO Premium plugin. -->","yoast_head_json":{"title":"Quelle taille fait Cyril Lignac ? (taille, \u00e2ge, fiche)","description":"Cyril Lignac mesurerait environ 1,84 m (estimation convergente, non confirm\u00e9e). Tous en cuisine 2026, Le Meilleur P\u00e2tissier, restaurants : la fiche.","robots":{"index":"index","follow":"follow","max-snippet":"max-snippet:-1","max-image-preview":"max-image-preview:large","max-video-preview":"max-video-preview:-1"},"canonical":"https:\/\/starstory.fr\/blog\/celebrites-et-influence-en-france\/taille-des-stars\/quelle-taille-fait-cyril-lignac\/","og_locale":"fr_FR","og_type":"article","og_title":"Quelle taille fait Cyril Lignac ? (taille, \u00e2ge, fiche)","og_description":"Cyril Lignac mesurerait environ 1,84 m (estimation convergente, non confirm\u00e9e). Tous en cuisine 2026, Le Meilleur P\u00e2tissier, restaurants : la fiche.","og_url":"https:\/\/starstory.fr\/blog\/celebrites-et-influence-en-france\/taille-des-stars\/quelle-taille-fait-cyril-lignac\/","og_site_name":"starstory","og_image":[{"url":"https:\/\/images.pexels.com\/photos\/15487466\/pexels-photo-15487466.jpeg?auto=compress&cs=tinysrgb&fit=crop&h=627&w=1200","type":"","width":"","height":""}],"author":"Antoine Ferrand","twitter_card":"summary_large_image","schema":{"@context":"https:\/\/schema.org","@graph":[{"@type":"NewsArticle","@id":"https:\/\/starstory.fr\/blog\/celebrites-et-influence-en-france\/taille-des-stars\/quelle-taille-fait-cyril-lignac\/#article","isPartOf":{"@id":"https:\/\/starstory.fr\/blog\/celebrites-et-influence-en-france\/taille-des-stars\/quelle-taille-fait-cyril-lignac\/"},"author":{"name":"Antoine Ferrand","@id":"https:\/\/starstory.fr\/blog\/#\/schema\/person\/2d9dd3a73cf4dcbc428e866589dd5882"},"headline":"Quelle taille fait Cyril Lignac ?","datePublished":"2026-07-12T18:28:44+00:00","mainEntityOfPage":{"@id":"https:\/\/starstory.fr\/blog\/celebrites-et-influence-en-france\/taille-des-stars\/quelle-taille-fait-cyril-lignac\/"},"wordCount":663,"commentCount":0,"publisher":{"@id":"https:\/\/starstory.fr\/blog\/#organization"},"image":{"@id":"https:\/\/starstory.fr\/blog\/celebrites-et-influence-en-france\/taille-des-stars\/quelle-taille-fait-cyril-lignac\/#primaryimage"},"thumbnailUrl":"https:\/\/images.pexels.com\/photos\/15487466\/pexels-photo-15487466.jpeg?auto=compress&cs=tinysrgb&fit=crop&h=627&w=1200","articleSection":["Taille et mensurations des stars"],"inLanguage":"fr-FR","potentialAction":[{"@type":"CommentAction","name":"Comment","target":["https:\/\/starstory.fr\/blog\/celebrites-et-influence-en-france\/taille-des-stars\/quelle-taille-fait-cyril-lignac\/#respond"]}]},{"@type":"WebPage","@id":"https:\/\/starstory.fr\/blog\/celebrites-et-influence-en-france\/taille-des-stars\/quelle-taille-fait-cyril-lignac\/","url":"https:\/\/starstory.fr\/blog\/celebrites-et-influence-en-france\/taille-des-stars\/quelle-taille-fait-cyril-lignac\/","name":"Quelle taille fait Cyril Lignac ? (taille, \u00e2ge, fiche)","isPartOf":{"@id":"https:\/\/starstory.fr\/blog\/#website"},"primaryImageOfPage":{"@id":"https:\/\/starstory.fr\/blog\/celebrites-et-influence-en-france\/taille-des-stars\/quelle-taille-fait-cyril-lignac\/#primaryimage"},"image":{"@id":"https:\/\/starstory.fr\/blog\/celebrites-et-influence-en-france\/taille-des-stars\/quelle-taille-fait-cyril-lignac\/#primaryimage"},"thumbnailUrl":"https:\/\/images.pexels.com\/photos\/15487466\/pexels-photo-15487466.jpeg?auto=compress&cs=tinysrgb&fit=crop&h=627&w=1200","datePublished":"2026-07-12T18:28:44+00:00","description":"Cyril Lignac mesurerait environ 1,84 m (estimation convergente, non confirm\u00e9e). Tous en cuisine 2026, Le Meilleur P\u00e2tissier, restaurants : la fiche.","inLanguage":"fr-FR","potentialAction":[{"@type":"ReadAction","target":["https:\/\/starstory.fr\/blog\/celebrites-et-influence-en-france\/taille-des-stars\/quelle-taille-fait-cyril-lignac\/"]}]},{"@type":"ImageObject","inLanguage":"fr-FR","@id":"https:\/\/starstory.fr\/blog\/celebrites-et-influence-en-france\/taille-des-stars\/quelle-taille-fait-cyril-lignac\/#primaryimage","url":"https:\/\/images.pexels.com\/photos\/15487466\/pexels-photo-15487466.jpeg?auto=compress&cs=tinysrgb&fit=crop&h=627&w=1200","contentUrl":"https:\/\/images.pexels.com\/photos\/15487466\/pexels-photo-15487466.jpeg?auto=compress&cs=tinysrgb&fit=crop&h=627&w=1200"},{"@type":"WebSite","@id":"https:\/\/starstory.fr\/blog\/#website","url":"https:\/\/starstory.fr\/blog\/","name":"StarStory","description":"StarStory, les \u00e9toiles racontent leur histoire","publisher":{"@id":"https:\/\/starstory.fr\/blog\/#organization"},"alternateName":"StarStory, les \u00e9toiles racontent leur histoire","potentialAction":[{"@type":"SearchAction","target":{"@type":"EntryPoint","urlTemplate":"https:\/\/starstory.fr\/blog\/?s={search_term_string}"},"query-input":{"@type":"PropertyValueSpecification","valueRequired":true,"valueName":"search_term_string"}}],"inLanguage":"fr-FR"},{"@type":"Organization","@id":"https:\/\/starstory.fr\/blog\/#organization","name":"StarStory","alternateName":"StarStory.fr","url":"https:\/\/starstory.fr\/blog\/","logo":{"@type":"ImageObject","inLanguage":"fr-FR","@id":"https:\/\/starstory.fr\/blog\/#\/schema\/logo\/image\/","url":"https:\/\/starstory.fr\/blog\/wp-content\/uploads\/2024\/12\/38.png","contentUrl":"https:\/\/starstory.fr\/blog\/wp-content\/uploads\/2024\/12\/38.png","width":500,"height":500,"caption":"StarStory"},"image":{"@id":"https:\/\/starstory.fr\/blog\/#\/schema\/logo\/image\/"}},{"@type":"Person","@id":"https:\/\/starstory.fr\/blog\/#\/schema\/person\/2d9dd3a73cf4dcbc428e866589dd5882","name":"Antoine Ferrand","image":{"@type":"ImageObject","inLanguage":"fr-FR","@id":"https:\/\/starstory.fr\/blog\/#\/schema\/person\/image\/","url":"https:\/\/secure.gravatar.com\/avatar\/?s=96&d=mm&r=g","contentUrl":"https:\/\/secure.gravatar.com\/avatar\/?s=96&d=mm&r=g","caption":"Antoine Ferrand"},"description":"Antoine analyse les figures politiques et m\u00e9diatiques, ainsi que leur influence en France au fil des ann\u00e9es.","url":"https:\/\/starstory.fr\/blog\/auteur\/antoine-dupont\/"}]}},"_links":{"self":[{"href":"https:\/\/starstory.fr\/blog\/wp-json\/wp\/v2\/posts\/8273","targetHints":{"allow":["GET"]}}],"collection":[{"href":"https:\/\/starstory.fr\/blog\/wp-json\/wp\/v2\/posts"}],"about":[{"href":"https:\/\/starstory.fr\/blog\/wp-json\/wp\/v2\/types\/post"}],"author":[{"embeddable":true,"href":"https:\/\/starstory.fr\/blog\/wp-json\/wp\/v2\/users\/42"}],"replies":[{"embeddable":true,"href":"https:\/\/starstory.fr\/blog\/wp-json\/wp\/v2\/comments?post=8273"}],"version-history":[{"count":0,"href":"https:\/\/starstory.fr\/blog\/wp-json\/wp\/v2\/posts\/8273\/revisions"}],"wp:attachment":[{"href":"https:\/\/starstory.fr\/blog\/wp-json\/wp\/v2\/media?parent=8273"}],"wp:term":[{"taxonomy":"category","embeddable":true,"href":"https:\/\/starstory.fr\/blog\/wp-json\/wp\/v2\/categories?post=8273"},{"taxonomy":"post_tag","embeddable":true,"href":"https:\/\/starstory.fr\/blog\/wp-json\/wp\/v2\/tags?post=8273"}],"curies":[{"name":"wp","href":"https:\/\/api.w.org\/{rel}","templated":true}]}}