{"id":8271,"date":"2026-07-12T20:28:36","date_gmt":"2026-07-12T18:28:36","guid":{"rendered":"https:\/\/starstory.fr\/blog\/celebrites-et-influence-en-france\/taille-des-stars\/quelle-taille-fait-lea-salame\/"},"modified":"2026-07-12T20:28:36","modified_gmt":"2026-07-12T18:28:36","slug":"quelle-taille-fait-lea-salame","status":"publish","type":"post","link":"https:\/\/starstory.fr\/blog\/celebrites-et-influence-en-france\/taille-des-stars\/quelle-taille-fait-lea-salame\/","title":{"rendered":"Quelle taille fait L\u00e9a Salam\u00e9 ?"},"content":{"rendered":"<aside style=\"background:#FBEAF2;border-left:5px solid #B11E6A;padding:22px 28px;margin:24px 0;font-family:-apple-system,BlinkMacSystemFont,'Segoe UI',Roboto,sans-serif;\">\n<div style=\"margin:0;font-size:19px;line-height:1.55;color:#2a2a2a;font-weight:500;letter-spacing:-0.005em;\">\n    L\u00e9a Salam\u00e9 mesurerait <strong>environ 1,70 m<\/strong> \u2014 les estimations vont de 1,66 \u00e0 1,73 m et aucune donn\u00e9e officielle n&rsquo;existe. La journaliste star de France 2, qui a pris le 20H en septembre 2025, n&rsquo;a jamais communiqu\u00e9 ses mensurations.\n  <\/div>\n<\/aside>\n<figure style=\"margin:32px 0;font-family:-apple-system,BlinkMacSystemFont,'Segoe UI',Roboto,sans-serif;\">\n<div style=\"overflow-x:auto;border:1px solid #e5e5e0;border-radius:8px;\">\n<table style=\"width:100%;border-collapse:collapse;font-size:14px;color:#2a2a2a;min-width:500px;\">\n<thead>\n<tr style=\"background:#1a1a1a;color:#fff;\">\n<th style=\"text-align:left;padding:14px 18px;font-weight:700;font-size:12px;text-transform:uppercase;letter-spacing:1.5px;\">Fiche mensurations<\/th>\n<th style=\"text-align:left;padding:14px 18px;font-weight:700;font-size:12px;text-transform:uppercase;letter-spacing:1.5px;\">D\u00e9tail<\/th>\n<\/tr>\n<\/thead>\n<tbody>\n<tr style=\"background:#fff;border-bottom:1px solid #f0ede5;\">\n<td style=\"padding:14px 18px;font-weight:600;\">Nom complet<\/td>\n<td style=\"padding:14px 18px;color:#4a4a4a;\">Hala Salam\u00e9, dite L\u00e9a Salam\u00e9<\/td>\n<\/tr>\n<tr style=\"background:#fafaf7;border-bottom:1px solid #f0ede5;\">\n<td style=\"padding:14px 18px;font-weight:600;\">Naissance<\/td>\n<td style=\"padding:14px 18px;color:#4a4a4a;\">27 octobre 1979, Beyrouth (Liban) \u2014 naturalis\u00e9e fran\u00e7aise enfant<\/td>\n<\/tr>\n<tr style=\"background:#fff;border-bottom:1px solid #f0ede5;\">\n<td style=\"padding:14px 18px;font-weight:600;\">Taille<\/td>\n<td style=\"padding:14px 18px;color:#4a4a4a;\"><strong>\u2248 1,70 m<\/strong> (estimation, aucune donn\u00e9e officielle \u2014 fourchette 1,66 \u00e0 1,73 m selon les fiches)<\/td>\n<\/tr>\n<tr style=\"background:#fafaf7;border-bottom:1px solid #f0ede5;\">\n<td style=\"padding:14px 18px;font-weight:600;\">Poids<\/td>\n<td style=\"padding:14px 18px;color:#4a4a4a;\">Non communiqu\u00e9<\/td>\n<\/tr>\n<tr style=\"background:#fff;border-bottom:1px solid #f0ede5;\">\n<td style=\"padding:14px 18px;font-weight:600;\">Nationalit\u00e9<\/td>\n<td style=\"padding:14px 18px;color:#4a4a4a;\">Fran\u00e7aise (d&rsquo;origine libanaise)<\/td>\n<\/tr>\n<tr style=\"background:#fafaf7;\">\n<td style=\"padding:14px 18px;font-weight:600;\">Activit\u00e9<\/td>\n<td style=\"padding:14px 18px;color:#4a4a4a;\">Journaliste \u2014 pr\u00e9sentatrice du 20H de France 2 (2025-2026), Quelle \u00c9poque !<\/td>\n<\/tr>\n<\/tbody>\n<\/table><\/div>\n<\/figure>\n<h2>Entre 1,66 et 1,73 m : le flou classique des journalistes TV<\/h2>\n<p>Contrairement aux sportifs, les journalistes n&rsquo;ont pas de fiche m\u00e9dicale publique \u2014 et L\u00e9a Salam\u00e9 n&rsquo;a jamais donn\u00e9 le moindre chiffre. Les fiches people oscillent entre <strong>1,66 et 1,73 m<\/strong>, la valeur la plus reprise tournant autour de 1,70 m. \u00c0 l&rsquo;\u00e9cran, ses talons et sa posture tr\u00e8s droite brouillent encore les pistes : la seule r\u00e9ponse honn\u00eate est une fourchette.<\/p>\n<p>Face aux figures de la t\u00e9l\u00e9 fran\u00e7aise, elle se situe dans les m\u00eames eaux que <a href=\"https:\/\/starstory.fr\/blog\/celebrites-et-influence-en-france\/taille-des-stars\/quelle-taille-fait-karine-le-marchand\/\">Karine Le Marchand (\u2248 1,75 m)<\/a>, et une dizaine de centim\u00e8tres sous <a href=\"https:\/\/starstory.fr\/blog\/celebrites-et-influence-en-france\/taille-des-stars\/quelle-taille-fait-nagui\/\">Nagui (\u2248 1,74 m)<\/a> question stature\u2026 m\u00e9diatique uniquement.<\/p>\n<h2>Du 20H de France 2 au retrait de juillet 2026<\/h2>\n<p>Devenue en <strong>septembre 2025<\/strong> la pr\u00e9sentatrice du journal de 20 heures de France 2 (du lundi au jeudi), L\u00e9a Salam\u00e9 a v\u00e9cu une saison sous tr\u00e8s haute exposition. En <strong>juillet 2026<\/strong>, elle s&rsquo;est mise en retrait du JT : son compagnon Rapha\u00ebl Glucksmann s&rsquo;appr\u00eatant \u00e0 d\u00e9clarer sa candidature \u00e0 l&rsquo;\u00e9lection pr\u00e9sidentielle de 2027, la journaliste avait elle-m\u00eame conditionn\u00e9 son maintien \u00e0 l&rsquo;absence de candidature \u2014 une question de d\u00e9ontologie qu&rsquo;elle avait assum\u00e9e publiquement. La pr\u00e9sentation du 20H est confi\u00e9e dans l&rsquo;intervalle \u00e0 Jean-Baptiste Marteau.<\/p>\n<p>Avant le JT, elle s&rsquo;\u00e9tait impos\u00e9e partout : matinale de France Inter, On n&rsquo;est pas couch\u00e9, L&rsquo;\u00c9mission politique, puis son talk-show du samedi soir <strong>Quelle \u00c9poque !<\/strong>.<\/p>\n<aside style=\"background:#FBEAF2;border-left:4px solid #B11E6A;padding:14px 18px;margin:18px 0;border-radius:0 4px 4px 0;font-family:-apple-system,BlinkMacSystemFont,'Segoe UI',Roboto,sans-serif;\">\n  <strong style=\"display:inline-block;color:#8a1450;font-size:12px;text-transform:uppercase;letter-spacing:1.5px;margin-right:8px;\">&#128161; Bon \u00e0 savoir<\/strong><br \/>\n  <span style=\"font-size:14.5px;line-height:1.55;color:#3a3a3a;\">N\u00e9e Hala Salam\u00e9 \u00e0 Beyrouth, elle est la fille de Ghassan Salam\u00e9, ancien ministre libanais de la Culture et diplomate. Arriv\u00e9e en France \u00e0 l&rsquo;\u00e2ge de 5 ans, elle a francis\u00e9 son pr\u00e9nom en L\u00e9a.<\/span><br \/>\n<\/aside>\n<h2>Signes distinctifs<\/h2>\n<p>Longue chevelure brune, regard sombre appuy\u00e9, diction rapide et coupante en interview : L\u00e9a Salam\u00e9 impose une pr\u00e9sence qui doit peu aux centim\u00e8tres. Ses joutes avec les politiques \u2014 sourcil lev\u00e9, relance s\u00e8che \u2014 sont devenues sa marque de fabrique.<\/p>\n<h2>Traits de caract\u00e8re<\/h2>\n<p>D\u00e9crite par ses pairs comme une bosseuse insatiable et une comp\u00e9titrice, elle assume un temp\u00e9rament passionn\u00e9, parfois clivant. Son retrait du 20H en 2026, choix rare dans le m\u00e9tier, a \u00e9t\u00e9 salu\u00e9 comme un geste de rigueur d\u00e9ontologique \u2014 la carri\u00e8re mise en pause au profit de la cr\u00e9dibilit\u00e9.<\/p>\n<p>Pour situer L\u00e9a Salam\u00e9 face aux autres c\u00e9l\u00e9brit\u00e9s, consultez notre <a href=\"https:\/\/starstory.fr\/blog\/celebrites-et-influence-en-france\/taille-des-stars\/quelle-taille-font-les-stars\/\">guide complet des tailles des stars<\/a>, qui r\u00e9capitule les mensurations v\u00e9rifi\u00e9es de dizaines de personnalit\u00e9s.<\/p>\n<h2>Questions fr\u00e9quentes<\/h2>\n<details style=\"border:1px solid #e5e5e0;border-radius:8px;padding:14px 18px;margin:12px 0;font-family:-apple-system,BlinkMacSystemFont,'Segoe UI',Roboto,sans-serif;\">\n<summary style=\"font-weight:700;font-size:15.5px;color:#1a1a1a;cursor:pointer;\">Quelle est la taille exacte de L\u00e9a Salam\u00e9 ?<\/summary>\n<p style=\"margin:12px 0 0;font-size:15px;line-height:1.6;color:#3a3a3a;\">Aucune donn\u00e9e officielle n&rsquo;existe. Les estimations vont de <strong>1,66 \u00e0 1,73 m<\/strong>, la valeur la plus cit\u00e9e \u00e9tant environ 1,70 m.<\/p>\n<\/details>\n<details style=\"border:1px solid #e5e5e0;border-radius:8px;padding:14px 18px;margin:12px 0;font-family:-apple-system,BlinkMacSystemFont,'Segoe UI',Roboto,sans-serif;\">\n<summary style=\"font-weight:700;font-size:15.5px;color:#1a1a1a;cursor:pointer;\">Quel est le vrai nom de L\u00e9a Salam\u00e9 ?<\/summary>\n<p style=\"margin:12px 0 0;font-size:15px;line-height:1.6;color:#3a3a3a;\">Son pr\u00e9nom de naissance est <strong>Hala<\/strong> : n\u00e9e Hala Salam\u00e9 le 27 octobre 1979 \u00e0 Beyrouth, elle a adopt\u00e9 \u00ab L\u00e9a \u00bb apr\u00e8s son arriv\u00e9e en France.<\/p>\n<\/details>\n<details style=\"border:1px solid #e5e5e0;border-radius:8px;padding:14px 18px;margin:12px 0;font-family:-apple-system,BlinkMacSystemFont,'Segoe UI',Roboto,sans-serif;\">\n<summary style=\"font-weight:700;font-size:15.5px;color:#1a1a1a;cursor:pointer;\">Pourquoi L\u00e9a Salam\u00e9 a-t-elle quitt\u00e9 le 20H de France 2 ?<\/summary>\n<p style=\"margin:12px 0 0;font-size:15px;line-height:1.6;color:#3a3a3a;\">Elle s&rsquo;est mise en retrait en <strong>juillet 2026<\/strong>, au moment o\u00f9 son compagnon Rapha\u00ebl Glucksmann pr\u00e9parait sa candidature \u00e0 la pr\u00e9sidentielle 2027 \u2014 un retrait qu&rsquo;elle avait elle-m\u00eame annonc\u00e9 comme condition d\u00e9ontologique.<\/p>\n<\/details>\n<p style=\"font-size:13px;color:#6a6a6a;margin-top:28px;\">Sources : fiches people (estimations de taille \u2014 aucune donn\u00e9e officielle), France T\u00e9l\u00e9visions (prise du 20H en septembre 2025), presse m\u00e9dias (retrait du JT, juillet 2026 \u2014 candidature de Rapha\u00ebl Glucksmann).<\/p>\n<p><script type=\"application\/ld+json\">{\"@context\": \"https:\/\/schema.org\", \"@type\": \"FAQPage\", \"mainEntity\": [{\"@type\": \"Question\", \"name\": \"Quelle est la taille exacte de L\u00e9a Salam\u00e9 ?\", \"acceptedAnswer\": {\"@type\": \"Answer\", \"text\": \"Aucune donn\u00e9e officielle n'existe. Les estimations vont de 1,66 \u00e0 1,73 m, la valeur la plus cit\u00e9e \u00e9tant environ 1,70 m.\"}}, {\"@type\": \"Question\", \"name\": \"Quel est le vrai nom de L\u00e9a Salam\u00e9 ?\", \"acceptedAnswer\": {\"@type\": \"Answer\", \"text\": \"Son pr\u00e9nom de naissance est Hala : n\u00e9e Hala Salam\u00e9 le 27 octobre 1979 \u00e0 Beyrouth, elle a adopt\u00e9 \u00ab L\u00e9a \u00bb apr\u00e8s son arriv\u00e9e en France.\"}}, {\"@type\": \"Question\", \"name\": \"Pourquoi L\u00e9a Salam\u00e9 a-t-elle quitt\u00e9 le 20H de France 2 ?\", \"acceptedAnswer\": {\"@type\": \"Answer\", \"text\": \"Elle s'est mise en retrait en juillet 2026, au moment o\u00f9 son compagnon Rapha\u00ebl Glucksmann pr\u00e9parait sa candidature \u00e0 la pr\u00e9sidentielle 2027 \u2014 un retrait qu'elle avait elle-m\u00eame annonc\u00e9 comme condition d\u00e9ontologique.\"}}]}<\/script><\/p>\n","protected":false},"excerpt":{"rendered":"","protected":false},"author":40,"featured_media":999999999,"comment_status":"open","ping_status":"open","sticky":false,"template":"","format":"standard","meta":{"_acf_changed":false,"manual_indexmenow":false,"indexmenow_id_project":0,"footnotes":""},"categories":[4839],"tags":[],"class_list":["post-8271","post","type-post","status-publish","format-standard","has-post-thumbnail","hentry","category-taille-des-stars","generate-columns","tablet-grid-50","mobile-grid-100","grid-parent","grid-25"],"acf":[],"yoast_head":"<!-- This site is optimized with the Yoast SEO Premium plugin v21.3 (Yoast SEO v26.5) - https:\/\/yoast.com\/wordpress\/plugins\/seo\/ -->\n<title>Quelle taille fait L\u00e9a Salam\u00e9 ? (taille, \u00e2ge, fiche)<\/title>\n<meta name=\"description\" content=\"L\u00e9a Salam\u00e9 mesurerait environ 1,70 m (fourchette 1,66-1,73 m, aucune donn\u00e9e officielle). Vrai pr\u00e9nom Hala, 20H de France 2, retrait 2026 : la fiche.\" \/>\n<meta name=\"robots\" content=\"index, follow, max-snippet:-1, max-image-preview:large, max-video-preview:-1\" \/>\n<link rel=\"canonical\" href=\"https:\/\/starstory.fr\/blog\/celebrites-et-influence-en-france\/taille-des-stars\/quelle-taille-fait-lea-salame\/\" \/>\n<meta property=\"og:locale\" content=\"fr_FR\" \/>\n<meta property=\"og:type\" content=\"article\" \/>\n<meta property=\"og:title\" content=\"Quelle taille fait L\u00e9a Salam\u00e9 ? (taille, \u00e2ge, fiche)\" \/>\n<meta property=\"og:description\" content=\"L\u00e9a Salam\u00e9 mesurerait environ 1,70 m (fourchette 1,66-1,73 m, aucune donn\u00e9e officielle). Vrai pr\u00e9nom Hala, 20H de France 2, retrait 2026 : la fiche.\" \/>\n<meta property=\"og:url\" content=\"https:\/\/starstory.fr\/blog\/celebrites-et-influence-en-france\/taille-des-stars\/quelle-taille-fait-lea-salame\/\" \/>\n<meta property=\"og:site_name\" content=\"starstory\" \/>\n<meta property=\"og:image\" content=\"https:\/\/images.pexels.com\/photos\/31213674\/pexels-photo-31213674.jpeg?auto=compress&cs=tinysrgb&fit=crop&h=627&w=1200\" \/>\n<meta name=\"author\" content=\"Julien Vaillant\" \/>\n<meta name=\"twitter:card\" content=\"summary_large_image\" \/>\n<script type=\"application\/ld+json\" class=\"yoast-schema-graph\">{\"@context\":\"https:\/\/schema.org\",\"@graph\":[{\"@type\":\"NewsArticle\",\"@id\":\"https:\/\/starstory.fr\/blog\/celebrites-et-influence-en-france\/taille-des-stars\/quelle-taille-fait-lea-salame\/#article\",\"isPartOf\":{\"@id\":\"https:\/\/starstory.fr\/blog\/celebrites-et-influence-en-france\/taille-des-stars\/quelle-taille-fait-lea-salame\/\"},\"author\":{\"name\":\"Julien Vaillant\",\"@id\":\"https:\/\/starstory.fr\/blog\/#\/schema\/person\/62af054f7df7ce17580aee7a5c41b89c\"},\"headline\":\"Quelle taille fait L\u00e9a Salam\u00e9 ?\",\"datePublished\":\"2026-07-12T18:28:36+00:00\",\"mainEntityOfPage\":{\"@id\":\"https:\/\/starstory.fr\/blog\/celebrites-et-influence-en-france\/taille-des-stars\/quelle-taille-fait-lea-salame\/\"},\"wordCount\":667,\"commentCount\":0,\"publisher\":{\"@id\":\"https:\/\/starstory.fr\/blog\/#organization\"},\"image\":{\"@id\":\"https:\/\/starstory.fr\/blog\/celebrites-et-influence-en-france\/taille-des-stars\/quelle-taille-fait-lea-salame\/#primaryimage\"},\"thumbnailUrl\":\"https:\/\/images.pexels.com\/photos\/31213674\/pexels-photo-31213674.jpeg?auto=compress&cs=tinysrgb&fit=crop&h=627&w=1200\",\"articleSection\":[\"Taille et mensurations des stars\"],\"inLanguage\":\"fr-FR\",\"potentialAction\":[{\"@type\":\"CommentAction\",\"name\":\"Comment\",\"target\":[\"https:\/\/starstory.fr\/blog\/celebrites-et-influence-en-france\/taille-des-stars\/quelle-taille-fait-lea-salame\/#respond\"]}]},{\"@type\":\"WebPage\",\"@id\":\"https:\/\/starstory.fr\/blog\/celebrites-et-influence-en-france\/taille-des-stars\/quelle-taille-fait-lea-salame\/\",\"url\":\"https:\/\/starstory.fr\/blog\/celebrites-et-influence-en-france\/taille-des-stars\/quelle-taille-fait-lea-salame\/\",\"name\":\"Quelle taille fait L\u00e9a Salam\u00e9 ? (taille, \u00e2ge, fiche)\",\"isPartOf\":{\"@id\":\"https:\/\/starstory.fr\/blog\/#website\"},\"primaryImageOfPage\":{\"@id\":\"https:\/\/starstory.fr\/blog\/celebrites-et-influence-en-france\/taille-des-stars\/quelle-taille-fait-lea-salame\/#primaryimage\"},\"image\":{\"@id\":\"https:\/\/starstory.fr\/blog\/celebrites-et-influence-en-france\/taille-des-stars\/quelle-taille-fait-lea-salame\/#primaryimage\"},\"thumbnailUrl\":\"https:\/\/images.pexels.com\/photos\/31213674\/pexels-photo-31213674.jpeg?auto=compress&cs=tinysrgb&fit=crop&h=627&w=1200\",\"datePublished\":\"2026-07-12T18:28:36+00:00\",\"description\":\"L\u00e9a Salam\u00e9 mesurerait environ 1,70 m (fourchette 1,66-1,73 m, aucune donn\u00e9e officielle). Vrai pr\u00e9nom Hala, 20H de France 2, retrait 2026 : la fiche.\",\"inLanguage\":\"fr-FR\",\"potentialAction\":[{\"@type\":\"ReadAction\",\"target\":[\"https:\/\/starstory.fr\/blog\/celebrites-et-influence-en-france\/taille-des-stars\/quelle-taille-fait-lea-salame\/\"]}]},{\"@type\":\"ImageObject\",\"inLanguage\":\"fr-FR\",\"@id\":\"https:\/\/starstory.fr\/blog\/celebrites-et-influence-en-france\/taille-des-stars\/quelle-taille-fait-lea-salame\/#primaryimage\",\"url\":\"https:\/\/images.pexels.com\/photos\/31213674\/pexels-photo-31213674.jpeg?auto=compress&cs=tinysrgb&fit=crop&h=627&w=1200\",\"contentUrl\":\"https:\/\/images.pexels.com\/photos\/31213674\/pexels-photo-31213674.jpeg?auto=compress&cs=tinysrgb&fit=crop&h=627&w=1200\"},{\"@type\":\"WebSite\",\"@id\":\"https:\/\/starstory.fr\/blog\/#website\",\"url\":\"https:\/\/starstory.fr\/blog\/\",\"name\":\"StarStory\",\"description\":\"StarStory, les \u00e9toiles racontent leur histoire\",\"publisher\":{\"@id\":\"https:\/\/starstory.fr\/blog\/#organization\"},\"alternateName\":\"StarStory, les \u00e9toiles racontent leur histoire\",\"potentialAction\":[{\"@type\":\"SearchAction\",\"target\":{\"@type\":\"EntryPoint\",\"urlTemplate\":\"https:\/\/starstory.fr\/blog\/?s={search_term_string}\"},\"query-input\":{\"@type\":\"PropertyValueSpecification\",\"valueRequired\":true,\"valueName\":\"search_term_string\"}}],\"inLanguage\":\"fr-FR\"},{\"@type\":\"Organization\",\"@id\":\"https:\/\/starstory.fr\/blog\/#organization\",\"name\":\"StarStory\",\"alternateName\":\"StarStory.fr\",\"url\":\"https:\/\/starstory.fr\/blog\/\",\"logo\":{\"@type\":\"ImageObject\",\"inLanguage\":\"fr-FR\",\"@id\":\"https:\/\/starstory.fr\/blog\/#\/schema\/logo\/image\/\",\"url\":\"https:\/\/starstory.fr\/blog\/wp-content\/uploads\/2024\/12\/38.png\",\"contentUrl\":\"https:\/\/starstory.fr\/blog\/wp-content\/uploads\/2024\/12\/38.png\",\"width\":500,\"height\":500,\"caption\":\"StarStory\"},\"image\":{\"@id\":\"https:\/\/starstory.fr\/blog\/#\/schema\/logo\/image\/\"}},{\"@type\":\"Person\",\"@id\":\"https:\/\/starstory.fr\/blog\/#\/schema\/person\/62af054f7df7ce17580aee7a5c41b89c\",\"name\":\"Julien Vaillant\",\"image\":{\"@type\":\"ImageObject\",\"inLanguage\":\"fr-FR\",\"@id\":\"https:\/\/starstory.fr\/blog\/#\/schema\/person\/image\/\",\"url\":\"https:\/\/secure.gravatar.com\/avatar\/?s=96&d=mm&r=g\",\"contentUrl\":\"https:\/\/secure.gravatar.com\/avatar\/?s=96&d=mm&r=g\",\"caption\":\"Julien Vaillant\"},\"description\":\"Julien met en lumi\u00e8re les acteurs, r\u00e9alisateurs et r\u00f4les embl\u00e9matiques qui ont marqu\u00e9 les \u00e9poques.\",\"url\":\"https:\/\/starstory.fr\/blog\/auteur\/julien-bernard\/\"}]}<\/script>\n<!-- \/ Yoast SEO Premium plugin. -->","yoast_head_json":{"title":"Quelle taille fait L\u00e9a Salam\u00e9 ? (taille, \u00e2ge, fiche)","description":"L\u00e9a Salam\u00e9 mesurerait environ 1,70 m (fourchette 1,66-1,73 m, aucune donn\u00e9e officielle). Vrai pr\u00e9nom Hala, 20H de France 2, retrait 2026 : la fiche.","robots":{"index":"index","follow":"follow","max-snippet":"max-snippet:-1","max-image-preview":"max-image-preview:large","max-video-preview":"max-video-preview:-1"},"canonical":"https:\/\/starstory.fr\/blog\/celebrites-et-influence-en-france\/taille-des-stars\/quelle-taille-fait-lea-salame\/","og_locale":"fr_FR","og_type":"article","og_title":"Quelle taille fait L\u00e9a Salam\u00e9 ? (taille, \u00e2ge, fiche)","og_description":"L\u00e9a Salam\u00e9 mesurerait environ 1,70 m (fourchette 1,66-1,73 m, aucune donn\u00e9e officielle). Vrai pr\u00e9nom Hala, 20H de France 2, retrait 2026 : la fiche.","og_url":"https:\/\/starstory.fr\/blog\/celebrites-et-influence-en-france\/taille-des-stars\/quelle-taille-fait-lea-salame\/","og_site_name":"starstory","og_image":[{"url":"https:\/\/images.pexels.com\/photos\/31213674\/pexels-photo-31213674.jpeg?auto=compress&cs=tinysrgb&fit=crop&h=627&w=1200","type":"","width":"","height":""}],"author":"Julien Vaillant","twitter_card":"summary_large_image","schema":{"@context":"https:\/\/schema.org","@graph":[{"@type":"NewsArticle","@id":"https:\/\/starstory.fr\/blog\/celebrites-et-influence-en-france\/taille-des-stars\/quelle-taille-fait-lea-salame\/#article","isPartOf":{"@id":"https:\/\/starstory.fr\/blog\/celebrites-et-influence-en-france\/taille-des-stars\/quelle-taille-fait-lea-salame\/"},"author":{"name":"Julien Vaillant","@id":"https:\/\/starstory.fr\/blog\/#\/schema\/person\/62af054f7df7ce17580aee7a5c41b89c"},"headline":"Quelle taille fait L\u00e9a Salam\u00e9 ?","datePublished":"2026-07-12T18:28:36+00:00","mainEntityOfPage":{"@id":"https:\/\/starstory.fr\/blog\/celebrites-et-influence-en-france\/taille-des-stars\/quelle-taille-fait-lea-salame\/"},"wordCount":667,"commentCount":0,"publisher":{"@id":"https:\/\/starstory.fr\/blog\/#organization"},"image":{"@id":"https:\/\/starstory.fr\/blog\/celebrites-et-influence-en-france\/taille-des-stars\/quelle-taille-fait-lea-salame\/#primaryimage"},"thumbnailUrl":"https:\/\/images.pexels.com\/photos\/31213674\/pexels-photo-31213674.jpeg?auto=compress&cs=tinysrgb&fit=crop&h=627&w=1200","articleSection":["Taille et mensurations des stars"],"inLanguage":"fr-FR","potentialAction":[{"@type":"CommentAction","name":"Comment","target":["https:\/\/starstory.fr\/blog\/celebrites-et-influence-en-france\/taille-des-stars\/quelle-taille-fait-lea-salame\/#respond"]}]},{"@type":"WebPage","@id":"https:\/\/starstory.fr\/blog\/celebrites-et-influence-en-france\/taille-des-stars\/quelle-taille-fait-lea-salame\/","url":"https:\/\/starstory.fr\/blog\/celebrites-et-influence-en-france\/taille-des-stars\/quelle-taille-fait-lea-salame\/","name":"Quelle taille fait L\u00e9a Salam\u00e9 ? (taille, \u00e2ge, fiche)","isPartOf":{"@id":"https:\/\/starstory.fr\/blog\/#website"},"primaryImageOfPage":{"@id":"https:\/\/starstory.fr\/blog\/celebrites-et-influence-en-france\/taille-des-stars\/quelle-taille-fait-lea-salame\/#primaryimage"},"image":{"@id":"https:\/\/starstory.fr\/blog\/celebrites-et-influence-en-france\/taille-des-stars\/quelle-taille-fait-lea-salame\/#primaryimage"},"thumbnailUrl":"https:\/\/images.pexels.com\/photos\/31213674\/pexels-photo-31213674.jpeg?auto=compress&cs=tinysrgb&fit=crop&h=627&w=1200","datePublished":"2026-07-12T18:28:36+00:00","description":"L\u00e9a Salam\u00e9 mesurerait environ 1,70 m (fourchette 1,66-1,73 m, aucune donn\u00e9e officielle). Vrai pr\u00e9nom Hala, 20H de France 2, retrait 2026 : la fiche.","inLanguage":"fr-FR","potentialAction":[{"@type":"ReadAction","target":["https:\/\/starstory.fr\/blog\/celebrites-et-influence-en-france\/taille-des-stars\/quelle-taille-fait-lea-salame\/"]}]},{"@type":"ImageObject","inLanguage":"fr-FR","@id":"https:\/\/starstory.fr\/blog\/celebrites-et-influence-en-france\/taille-des-stars\/quelle-taille-fait-lea-salame\/#primaryimage","url":"https:\/\/images.pexels.com\/photos\/31213674\/pexels-photo-31213674.jpeg?auto=compress&cs=tinysrgb&fit=crop&h=627&w=1200","contentUrl":"https:\/\/images.pexels.com\/photos\/31213674\/pexels-photo-31213674.jpeg?auto=compress&cs=tinysrgb&fit=crop&h=627&w=1200"},{"@type":"WebSite","@id":"https:\/\/starstory.fr\/blog\/#website","url":"https:\/\/starstory.fr\/blog\/","name":"StarStory","description":"StarStory, les \u00e9toiles racontent leur histoire","publisher":{"@id":"https:\/\/starstory.fr\/blog\/#organization"},"alternateName":"StarStory, les \u00e9toiles racontent leur histoire","potentialAction":[{"@type":"SearchAction","target":{"@type":"EntryPoint","urlTemplate":"https:\/\/starstory.fr\/blog\/?s={search_term_string}"},"query-input":{"@type":"PropertyValueSpecification","valueRequired":true,"valueName":"search_term_string"}}],"inLanguage":"fr-FR"},{"@type":"Organization","@id":"https:\/\/starstory.fr\/blog\/#organization","name":"StarStory","alternateName":"StarStory.fr","url":"https:\/\/starstory.fr\/blog\/","logo":{"@type":"ImageObject","inLanguage":"fr-FR","@id":"https:\/\/starstory.fr\/blog\/#\/schema\/logo\/image\/","url":"https:\/\/starstory.fr\/blog\/wp-content\/uploads\/2024\/12\/38.png","contentUrl":"https:\/\/starstory.fr\/blog\/wp-content\/uploads\/2024\/12\/38.png","width":500,"height":500,"caption":"StarStory"},"image":{"@id":"https:\/\/starstory.fr\/blog\/#\/schema\/logo\/image\/"}},{"@type":"Person","@id":"https:\/\/starstory.fr\/blog\/#\/schema\/person\/62af054f7df7ce17580aee7a5c41b89c","name":"Julien Vaillant","image":{"@type":"ImageObject","inLanguage":"fr-FR","@id":"https:\/\/starstory.fr\/blog\/#\/schema\/person\/image\/","url":"https:\/\/secure.gravatar.com\/avatar\/?s=96&d=mm&r=g","contentUrl":"https:\/\/secure.gravatar.com\/avatar\/?s=96&d=mm&r=g","caption":"Julien Vaillant"},"description":"Julien met en lumi\u00e8re les acteurs, r\u00e9alisateurs et r\u00f4les embl\u00e9matiques qui ont marqu\u00e9 les \u00e9poques.","url":"https:\/\/starstory.fr\/blog\/auteur\/julien-bernard\/"}]}},"_links":{"self":[{"href":"https:\/\/starstory.fr\/blog\/wp-json\/wp\/v2\/posts\/8271","targetHints":{"allow":["GET"]}}],"collection":[{"href":"https:\/\/starstory.fr\/blog\/wp-json\/wp\/v2\/posts"}],"about":[{"href":"https:\/\/starstory.fr\/blog\/wp-json\/wp\/v2\/types\/post"}],"author":[{"embeddable":true,"href":"https:\/\/starstory.fr\/blog\/wp-json\/wp\/v2\/users\/40"}],"replies":[{"embeddable":true,"href":"https:\/\/starstory.fr\/blog\/wp-json\/wp\/v2\/comments?post=8271"}],"version-history":[{"count":0,"href":"https:\/\/starstory.fr\/blog\/wp-json\/wp\/v2\/posts\/8271\/revisions"}],"wp:attachment":[{"href":"https:\/\/starstory.fr\/blog\/wp-json\/wp\/v2\/media?parent=8271"}],"wp:term":[{"taxonomy":"category","embeddable":true,"href":"https:\/\/starstory.fr\/blog\/wp-json\/wp\/v2\/categories?post=8271"},{"taxonomy":"post_tag","embeddable":true,"href":"https:\/\/starstory.fr\/blog\/wp-json\/wp\/v2\/tags?post=8271"}],"curies":[{"name":"wp","href":"https:\/\/api.w.org\/{rel}","templated":true}]}}