{"id":8270,"date":"2026-07-12T20:28:32","date_gmt":"2026-07-12T18:28:32","guid":{"rendered":"https:\/\/starstory.fr\/blog\/celebrites-et-influence-en-france\/taille-des-stars\/quelle-taille-fait-jean-luc-reichmann\/"},"modified":"2026-07-12T20:28:32","modified_gmt":"2026-07-12T18:28:32","slug":"quelle-taille-fait-jean-luc-reichmann","status":"publish","type":"post","link":"https:\/\/starstory.fr\/blog\/celebrites-et-influence-en-france\/taille-des-stars\/quelle-taille-fait-jean-luc-reichmann\/","title":{"rendered":"Quelle taille fait Jean-Luc Reichmann ?"},"content":{"rendered":"<aside style=\"background:#FBEAF2;border-left:5px solid #B11E6A;padding:22px 28px;margin:24px 0;font-family:-apple-system,BlinkMacSystemFont,'Segoe UI',Roboto,sans-serif;\">\n<div style=\"margin:0;font-size:19px;line-height:1.55;color:#2a2a2a;font-weight:500;letter-spacing:-0.005em;\">\n    Jean-Luc Reichmann mesure <strong>1,86 m<\/strong> \u2014 un chiffre confirm\u00e9 \u00e0 l&rsquo;antenne des 12 Coups de midi et repris par la presse t\u00e9l\u00e9. L&rsquo;animateur star de TF1 fait bien partie des grands gabarits du PAF, n&rsquo;en d\u00e9plaise aux fiches fantaisistes qui circulent.\n  <\/div>\n<\/aside>\n<figure style=\"margin:32px 0;font-family:-apple-system,BlinkMacSystemFont,'Segoe UI',Roboto,sans-serif;\">\n<div style=\"overflow-x:auto;border:1px solid #e5e5e0;border-radius:8px;\">\n<table style=\"width:100%;border-collapse:collapse;font-size:14px;color:#2a2a2a;min-width:500px;\">\n<thead>\n<tr style=\"background:#1a1a1a;color:#fff;\">\n<th style=\"text-align:left;padding:14px 18px;font-weight:700;font-size:12px;text-transform:uppercase;letter-spacing:1.5px;\">Fiche mensurations<\/th>\n<th style=\"text-align:left;padding:14px 18px;font-weight:700;font-size:12px;text-transform:uppercase;letter-spacing:1.5px;\">D\u00e9tail<\/th>\n<\/tr>\n<\/thead>\n<tbody>\n<tr style=\"background:#fff;border-bottom:1px solid #f0ede5;\">\n<td style=\"padding:14px 18px;font-weight:600;\">Nom complet<\/td>\n<td style=\"padding:14px 18px;color:#4a4a4a;\">Jean-Luc Reichmann<\/td>\n<\/tr>\n<tr style=\"background:#fafaf7;border-bottom:1px solid #f0ede5;\">\n<td style=\"padding:14px 18px;font-weight:600;\">Naissance<\/td>\n<td style=\"padding:14px 18px;color:#4a4a4a;\">2 novembre 1960, Fontainebleau (a grandi pr\u00e8s de Toulouse)<\/td>\n<\/tr>\n<tr style=\"background:#fff;border-bottom:1px solid #f0ede5;\">\n<td style=\"padding:14px 18px;font-weight:600;\">Taille<\/td>\n<td style=\"padding:14px 18px;color:#4a4a4a;\"><strong>1,86 m<\/strong> (confirm\u00e9e \u00e0 l&rsquo;antenne des 12 Coups de midi)<\/td>\n<\/tr>\n<tr style=\"background:#fafaf7;border-bottom:1px solid #f0ede5;\">\n<td style=\"padding:14px 18px;font-weight:600;\">Poids<\/td>\n<td style=\"padding:14px 18px;color:#4a4a4a;\">Non communiqu\u00e9<\/td>\n<\/tr>\n<tr style=\"background:#fff;border-bottom:1px solid #f0ede5;\">\n<td style=\"padding:14px 18px;font-weight:600;\">Nationalit\u00e9<\/td>\n<td style=\"padding:14px 18px;color:#4a4a4a;\">Fran\u00e7aise<\/td>\n<\/tr>\n<tr style=\"background:#fafaf7;\">\n<td style=\"padding:14px 18px;font-weight:600;\">Activit\u00e9<\/td>\n<td style=\"padding:14px 18px;color:#4a4a4a;\">Animateur (Les 12 Coups de midi, TF1), acteur-producteur (L\u00e9o Matte\u00ef)<\/td>\n<\/tr>\n<\/tbody>\n<\/table><\/div>\n<\/figure>\n<h2>1,86 m : une taille valid\u00e9e en plein midi<\/h2>\n<p>Le cas Reichmann est plus solide que la moyenne des c\u00e9l\u00e9brit\u00e9s TV : son <strong>1,86 m<\/strong> a \u00e9t\u00e9 \u00e9voqu\u00e9 et confirm\u00e9 \u00e0 l&rsquo;antenne m\u00eame des 12 Coups de midi, lors d&rsquo;une s\u00e9quence avec son champion embl\u00e9matique Paul \u2014 \u00ab 186 centim\u00e8tres \u00bb, repris ensuite par la presse t\u00e9l\u00e9. Les variantes qui circulent (1,78 m, 1,89 m) ne reposent sur rien de s\u00e9rieux.<\/p>\n<p>Dans le paysage des animateurs, il domine ainsi <a href=\"https:\/\/starstory.fr\/blog\/celebrites-et-influence-en-france\/taille-des-stars\/quelle-taille-fait-nagui\/\">Nagui (\u2248 1,74 m)<\/a> d&rsquo;une bonne dizaine de centim\u00e8tres et rend une t\u00eate \u00e0 <a href=\"https:\/\/starstory.fr\/blog\/celebrites-et-influence-en-france\/taille-des-stars\/quelle-taille-fait-cyril-hanouna\/\">Cyril Hanouna (\u2248 1,76 m)<\/a> \u2014 les duels d&rsquo;audience de l&rsquo;access ont donc un grand favori, au sens propre.<\/p>\n<h2>Seize ans de 12 Coups de midi \u2014 et du changement annonc\u00e9<\/h2>\n<p>Intronis\u00e9 en 2010, <strong>Jean-Luc Reichmann anime toujours Les 12 Coups de midi en 2026<\/strong> : le jeu a f\u00eat\u00e9 ses seize ans et \u00e9crase la case m\u00e9ridienne de TF1. Fin juin 2026, l&rsquo;animateur a annonc\u00e9 un \u00ab grand changement \u00bb valid\u00e9 par la cha\u00eene \u2014 des s\u00e9lections de candidats organis\u00e9es dans toute la France \u2014 tout en pr\u00e9cisant \u00eatre encore sous contrat pour un an.<\/p>\n<p>En parall\u00e8le, il poursuit sa carri\u00e8re de com\u00e9dien-producteur avec la s\u00e9rie <strong>L\u00e9o Matte\u00ef, Brigade des mineurs<\/strong>, dont il tient le r\u00f4le-titre depuis 2013.<\/p>\n<aside style=\"background:#FBEAF2;border-left:4px solid #B11E6A;padding:14px 18px;margin:18px 0;border-radius:0 4px 4px 0;font-family:-apple-system,BlinkMacSystemFont,'Segoe UI',Roboto,sans-serif;\">\n  <strong style=\"display:inline-block;color:#8a1450;font-size:12px;text-transform:uppercase;letter-spacing:1.5px;margin-right:8px;\">&#128161; Bon \u00e0 savoir<\/strong><br \/>\n  <span style=\"font-size:14.5px;line-height:1.55;color:#3a3a3a;\">Son signe le plus distinctif n&rsquo;est pas sa taille : Jean-Luc Reichmann porte un angiome (tache de vin) sur le nez, longtemps maquill\u00e9 \u00e0 ses d\u00e9buts, qu&rsquo;il assume publiquement depuis des ann\u00e9es \u2014 un message r\u00e9p\u00e9t\u00e9 d&rsquo;acceptation de soi.<\/span><br \/>\n<\/aside>\n<h2>Signes distinctifs<\/h2>\n<p>Cr\u00e2ne ras\u00e9, lunettes design, voix grave de com\u00e9dien de doublage (il fut une voix off r\u00e9put\u00e9e avant la lumi\u00e8re) et cet angiome assum\u00e9 devenu sa signature : Reichmann est l&rsquo;une des silhouettes les plus identifiables de TF1. Son 1,86 m fait le reste \u2014 dans les c\u00e2lins qu&rsquo;il distribue aux candidats, c&rsquo;est toujours lui qui enveloppe.<\/p>\n<h2>Traits de caract\u00e8re<\/h2>\n<p>Tactile, exub\u00e9rant, fid\u00e8le en amiti\u00e9 comme en \u00e9quipe \u2014 plusieurs de ses collaborateurs le suivent depuis vingt ans \u2014, il est d\u00e9crit comme un hypersensible qui pleure facilement \u00e0 l&rsquo;antenne. Un capital affectif qui explique la long\u00e9vit\u00e9 record de son jeu de midi.<\/p>\n<p>Pour situer Jean-Luc Reichmann face aux autres c\u00e9l\u00e9brit\u00e9s, consultez notre <a href=\"https:\/\/starstory.fr\/blog\/celebrites-et-influence-en-france\/taille-des-stars\/quelle-taille-font-les-stars\/\">guide complet des tailles des stars<\/a>, qui r\u00e9capitule les mensurations v\u00e9rifi\u00e9es de dizaines de personnalit\u00e9s.<\/p>\n<h2>Questions fr\u00e9quentes<\/h2>\n<details style=\"border:1px solid #e5e5e0;border-radius:8px;padding:14px 18px;margin:12px 0;font-family:-apple-system,BlinkMacSystemFont,'Segoe UI',Roboto,sans-serif;\">\n<summary style=\"font-weight:700;font-size:15.5px;color:#1a1a1a;cursor:pointer;\">Quelle est la taille exacte de Jean-Luc Reichmann ?<\/summary>\n<p style=\"margin:12px 0 0;font-size:15px;line-height:1.6;color:#3a3a3a;\">Jean-Luc Reichmann mesure <strong>1,86 m<\/strong> \u2014 un chiffre confirm\u00e9 \u00e0 l&rsquo;antenne des 12 Coups de midi et repris par la presse t\u00e9l\u00e9.<\/p>\n<\/details>\n<details style=\"border:1px solid #e5e5e0;border-radius:8px;padding:14px 18px;margin:12px 0;font-family:-apple-system,BlinkMacSystemFont,'Segoe UI',Roboto,sans-serif;\">\n<summary style=\"font-weight:700;font-size:15.5px;color:#1a1a1a;cursor:pointer;\">Jean-Luc Reichmann anime-t-il toujours Les 12 Coups de midi en 2026 ?<\/summary>\n<p style=\"margin:12px 0 0;font-size:15px;line-height:1.6;color:#3a3a3a;\">Oui : le jeu a f\u00eat\u00e9 ses <strong>seize ans<\/strong> et l&rsquo;animateur, encore sous contrat, a m\u00eame annonc\u00e9 fin juin 2026 un \u00ab grand changement \u00bb avec des s\u00e9lections de candidats dans toute la France.<\/p>\n<\/details>\n<details style=\"border:1px solid #e5e5e0;border-radius:8px;padding:14px 18px;margin:12px 0;font-family:-apple-system,BlinkMacSystemFont,'Segoe UI',Roboto,sans-serif;\">\n<summary style=\"font-weight:700;font-size:15.5px;color:#1a1a1a;cursor:pointer;\">Quelle est la particularit\u00e9 physique de Jean-Luc Reichmann ?<\/summary>\n<p style=\"margin:12px 0 0;font-size:15px;line-height:1.6;color:#3a3a3a;\">Outre son 1,86 m, il porte un <strong>angiome sur le nez<\/strong> \u2014 longtemps maquill\u00e9 \u00e0 la t\u00e9l\u00e9vision, il l&rsquo;assume publiquement et en a fait un symbole d&rsquo;acceptation de soi.<\/p>\n<\/details>\n<p style=\"font-size:13px;color:#6a6a6a;margin-top:28px;\">Sources : s\u00e9quence des 12 Coups de midi (confirmation du 1,86 m), presse t\u00e9l\u00e9 (16 ans de l&rsquo;\u00e9mission, annonces de juin 2026), TF1 (L\u00e9o Matte\u00ef).<\/p>\n<p><script type=\"application\/ld+json\">{\"@context\": \"https:\/\/schema.org\", \"@type\": \"FAQPage\", \"mainEntity\": [{\"@type\": \"Question\", \"name\": \"Quelle est la taille exacte de Jean-Luc Reichmann ?\", \"acceptedAnswer\": {\"@type\": \"Answer\", \"text\": \"Jean-Luc Reichmann mesure 1,86 m \u2014 un chiffre confirm\u00e9 \u00e0 l'antenne des 12 Coups de midi et repris par la presse t\u00e9l\u00e9.\"}}, {\"@type\": \"Question\", \"name\": \"Jean-Luc Reichmann anime-t-il toujours Les 12 Coups de midi en 2026 ?\", \"acceptedAnswer\": {\"@type\": \"Answer\", \"text\": \"Oui : le jeu a f\u00eat\u00e9 ses seize ans et l'animateur, encore sous contrat, a m\u00eame annonc\u00e9 fin juin 2026 un \u00ab grand changement \u00bb avec des s\u00e9lections de candidats dans toute la France.\"}}, {\"@type\": \"Question\", \"name\": \"Quelle est la particularit\u00e9 physique de Jean-Luc Reichmann ?\", \"acceptedAnswer\": {\"@type\": \"Answer\", \"text\": \"Outre son 1,86 m, il porte un angiome sur le nez \u2014 longtemps maquill\u00e9 \u00e0 la t\u00e9l\u00e9vision, il l'assume publiquement et en a fait un symbole d'acceptation de soi.\"}}]}<\/script><\/p>\n","protected":false},"excerpt":{"rendered":"","protected":false},"author":39,"featured_media":999999999,"comment_status":"open","ping_status":"open","sticky":false,"template":"","format":"standard","meta":{"_acf_changed":false,"manual_indexmenow":false,"indexmenow_id_project":0,"footnotes":""},"categories":[4839],"tags":[],"class_list":["post-8270","post","type-post","status-publish","format-standard","has-post-thumbnail","hentry","category-taille-des-stars","generate-columns","tablet-grid-50","mobile-grid-100","grid-parent","grid-25"],"acf":[],"yoast_head":"<!-- This site is optimized with the Yoast SEO Premium plugin v21.3 (Yoast SEO v26.5) - https:\/\/yoast.com\/wordpress\/plugins\/seo\/ -->\n<title>Quelle taille fait Jean-Luc Reichmann ? (taille, fiche)<\/title>\n<meta name=\"description\" content=\"Jean-Luc Reichmann mesure 1,86 m, un chiffre confirm\u00e9 \u00e0 l&#039;antenne des 12 Coups de midi. \u00c2ge, L\u00e9o Matte\u00ef, angiome : la fiche compl\u00e8te de l&#039;animateur TF1.\" \/>\n<meta name=\"robots\" content=\"index, follow, max-snippet:-1, max-image-preview:large, max-video-preview:-1\" \/>\n<link rel=\"canonical\" href=\"https:\/\/starstory.fr\/blog\/celebrites-et-influence-en-france\/taille-des-stars\/quelle-taille-fait-jean-luc-reichmann\/\" \/>\n<meta property=\"og:locale\" content=\"fr_FR\" \/>\n<meta property=\"og:type\" content=\"article\" \/>\n<meta property=\"og:title\" content=\"Quelle taille fait Jean-Luc Reichmann ? (taille, fiche)\" \/>\n<meta property=\"og:description\" content=\"Jean-Luc Reichmann mesure 1,86 m, un chiffre confirm\u00e9 \u00e0 l&#039;antenne des 12 Coups de midi. \u00c2ge, L\u00e9o Matte\u00ef, angiome : la fiche compl\u00e8te de l&#039;animateur TF1.\" \/>\n<meta property=\"og:url\" content=\"https:\/\/starstory.fr\/blog\/celebrites-et-influence-en-france\/taille-des-stars\/quelle-taille-fait-jean-luc-reichmann\/\" \/>\n<meta property=\"og:site_name\" content=\"starstory\" \/>\n<meta property=\"og:image\" content=\"https:\/\/images.pexels.com\/photos\/7709678\/pexels-photo-7709678.jpeg?auto=compress&cs=tinysrgb&fit=crop&h=627&w=1200\" \/>\n<meta name=\"author\" content=\"Claire Lefevre\" \/>\n<meta name=\"twitter:card\" content=\"summary_large_image\" \/>\n<script type=\"application\/ld+json\" class=\"yoast-schema-graph\">{\"@context\":\"https:\/\/schema.org\",\"@graph\":[{\"@type\":\"NewsArticle\",\"@id\":\"https:\/\/starstory.fr\/blog\/celebrites-et-influence-en-france\/taille-des-stars\/quelle-taille-fait-jean-luc-reichmann\/#article\",\"isPartOf\":{\"@id\":\"https:\/\/starstory.fr\/blog\/celebrites-et-influence-en-france\/taille-des-stars\/quelle-taille-fait-jean-luc-reichmann\/\"},\"author\":{\"name\":\"Claire Lefevre\",\"@id\":\"https:\/\/starstory.fr\/blog\/#\/schema\/person\/432b46949d2a452f85568b160103039e\"},\"headline\":\"Quelle taille fait Jean-Luc Reichmann ?\",\"datePublished\":\"2026-07-12T18:28:32+00:00\",\"mainEntityOfPage\":{\"@id\":\"https:\/\/starstory.fr\/blog\/celebrites-et-influence-en-france\/taille-des-stars\/quelle-taille-fait-jean-luc-reichmann\/\"},\"wordCount\":651,\"commentCount\":0,\"publisher\":{\"@id\":\"https:\/\/starstory.fr\/blog\/#organization\"},\"image\":{\"@id\":\"https:\/\/starstory.fr\/blog\/celebrites-et-influence-en-france\/taille-des-stars\/quelle-taille-fait-jean-luc-reichmann\/#primaryimage\"},\"thumbnailUrl\":\"https:\/\/images.pexels.com\/photos\/7709678\/pexels-photo-7709678.jpeg?auto=compress&cs=tinysrgb&fit=crop&h=627&w=1200\",\"articleSection\":[\"Taille et mensurations des stars\"],\"inLanguage\":\"fr-FR\",\"potentialAction\":[{\"@type\":\"CommentAction\",\"name\":\"Comment\",\"target\":[\"https:\/\/starstory.fr\/blog\/celebrites-et-influence-en-france\/taille-des-stars\/quelle-taille-fait-jean-luc-reichmann\/#respond\"]}]},{\"@type\":\"WebPage\",\"@id\":\"https:\/\/starstory.fr\/blog\/celebrites-et-influence-en-france\/taille-des-stars\/quelle-taille-fait-jean-luc-reichmann\/\",\"url\":\"https:\/\/starstory.fr\/blog\/celebrites-et-influence-en-france\/taille-des-stars\/quelle-taille-fait-jean-luc-reichmann\/\",\"name\":\"Quelle taille fait Jean-Luc Reichmann ? (taille, fiche)\",\"isPartOf\":{\"@id\":\"https:\/\/starstory.fr\/blog\/#website\"},\"primaryImageOfPage\":{\"@id\":\"https:\/\/starstory.fr\/blog\/celebrites-et-influence-en-france\/taille-des-stars\/quelle-taille-fait-jean-luc-reichmann\/#primaryimage\"},\"image\":{\"@id\":\"https:\/\/starstory.fr\/blog\/celebrites-et-influence-en-france\/taille-des-stars\/quelle-taille-fait-jean-luc-reichmann\/#primaryimage\"},\"thumbnailUrl\":\"https:\/\/images.pexels.com\/photos\/7709678\/pexels-photo-7709678.jpeg?auto=compress&cs=tinysrgb&fit=crop&h=627&w=1200\",\"datePublished\":\"2026-07-12T18:28:32+00:00\",\"description\":\"Jean-Luc Reichmann mesure 1,86 m, un chiffre confirm\u00e9 \u00e0 l'antenne des 12 Coups de midi. \u00c2ge, L\u00e9o Matte\u00ef, angiome : la fiche compl\u00e8te de l'animateur TF1.\",\"inLanguage\":\"fr-FR\",\"potentialAction\":[{\"@type\":\"ReadAction\",\"target\":[\"https:\/\/starstory.fr\/blog\/celebrites-et-influence-en-france\/taille-des-stars\/quelle-taille-fait-jean-luc-reichmann\/\"]}]},{\"@type\":\"ImageObject\",\"inLanguage\":\"fr-FR\",\"@id\":\"https:\/\/starstory.fr\/blog\/celebrites-et-influence-en-france\/taille-des-stars\/quelle-taille-fait-jean-luc-reichmann\/#primaryimage\",\"url\":\"https:\/\/images.pexels.com\/photos\/7709678\/pexels-photo-7709678.jpeg?auto=compress&cs=tinysrgb&fit=crop&h=627&w=1200\",\"contentUrl\":\"https:\/\/images.pexels.com\/photos\/7709678\/pexels-photo-7709678.jpeg?auto=compress&cs=tinysrgb&fit=crop&h=627&w=1200\"},{\"@type\":\"WebSite\",\"@id\":\"https:\/\/starstory.fr\/blog\/#website\",\"url\":\"https:\/\/starstory.fr\/blog\/\",\"name\":\"StarStory\",\"description\":\"StarStory, les \u00e9toiles racontent leur histoire\",\"publisher\":{\"@id\":\"https:\/\/starstory.fr\/blog\/#organization\"},\"alternateName\":\"StarStory, les \u00e9toiles racontent leur histoire\",\"potentialAction\":[{\"@type\":\"SearchAction\",\"target\":{\"@type\":\"EntryPoint\",\"urlTemplate\":\"https:\/\/starstory.fr\/blog\/?s={search_term_string}\"},\"query-input\":{\"@type\":\"PropertyValueSpecification\",\"valueRequired\":true,\"valueName\":\"search_term_string\"}}],\"inLanguage\":\"fr-FR\"},{\"@type\":\"Organization\",\"@id\":\"https:\/\/starstory.fr\/blog\/#organization\",\"name\":\"StarStory\",\"alternateName\":\"StarStory.fr\",\"url\":\"https:\/\/starstory.fr\/blog\/\",\"logo\":{\"@type\":\"ImageObject\",\"inLanguage\":\"fr-FR\",\"@id\":\"https:\/\/starstory.fr\/blog\/#\/schema\/logo\/image\/\",\"url\":\"https:\/\/starstory.fr\/blog\/wp-content\/uploads\/2024\/12\/38.png\",\"contentUrl\":\"https:\/\/starstory.fr\/blog\/wp-content\/uploads\/2024\/12\/38.png\",\"width\":500,\"height\":500,\"caption\":\"StarStory\"},\"image\":{\"@id\":\"https:\/\/starstory.fr\/blog\/#\/schema\/logo\/image\/\"}},{\"@type\":\"Person\",\"@id\":\"https:\/\/starstory.fr\/blog\/#\/schema\/person\/432b46949d2a452f85568b160103039e\",\"name\":\"Claire Lefevre\",\"image\":{\"@type\":\"ImageObject\",\"inLanguage\":\"fr-FR\",\"@id\":\"https:\/\/starstory.fr\/blog\/#\/schema\/person\/image\/\",\"url\":\"https:\/\/secure.gravatar.com\/avatar\/?s=96&d=mm&r=g\",\"contentUrl\":\"https:\/\/secure.gravatar.com\/avatar\/?s=96&d=mm&r=g\",\"caption\":\"Claire Lefevre\"},\"description\":\"Claire raconte l\u2019\u00e9volution des c\u00e9l\u00e9brit\u00e9s et leur influence socioculturelle \u00e0 travers les d\u00e9cennies.\",\"url\":\"https:\/\/starstory.fr\/blog\/auteur\/claire-lefevre\/\",\"jobTitle\":\"Contributrice mutuelle sant\u00e9\",\"email\":\"claire.lefevre@starstory.fr\"}]}<\/script>\n<!-- \/ Yoast SEO Premium plugin. -->","yoast_head_json":{"title":"Quelle taille fait Jean-Luc Reichmann ? (taille, fiche)","description":"Jean-Luc Reichmann mesure 1,86 m, un chiffre confirm\u00e9 \u00e0 l'antenne des 12 Coups de midi. \u00c2ge, L\u00e9o Matte\u00ef, angiome : la fiche compl\u00e8te de l'animateur TF1.","robots":{"index":"index","follow":"follow","max-snippet":"max-snippet:-1","max-image-preview":"max-image-preview:large","max-video-preview":"max-video-preview:-1"},"canonical":"https:\/\/starstory.fr\/blog\/celebrites-et-influence-en-france\/taille-des-stars\/quelle-taille-fait-jean-luc-reichmann\/","og_locale":"fr_FR","og_type":"article","og_title":"Quelle taille fait Jean-Luc Reichmann ? (taille, fiche)","og_description":"Jean-Luc Reichmann mesure 1,86 m, un chiffre confirm\u00e9 \u00e0 l'antenne des 12 Coups de midi. \u00c2ge, L\u00e9o Matte\u00ef, angiome : la fiche compl\u00e8te de l'animateur TF1.","og_url":"https:\/\/starstory.fr\/blog\/celebrites-et-influence-en-france\/taille-des-stars\/quelle-taille-fait-jean-luc-reichmann\/","og_site_name":"starstory","og_image":[{"url":"https:\/\/images.pexels.com\/photos\/7709678\/pexels-photo-7709678.jpeg?auto=compress&cs=tinysrgb&fit=crop&h=627&w=1200","type":"","width":"","height":""}],"author":"Claire Lefevre","twitter_card":"summary_large_image","schema":{"@context":"https:\/\/schema.org","@graph":[{"@type":"NewsArticle","@id":"https:\/\/starstory.fr\/blog\/celebrites-et-influence-en-france\/taille-des-stars\/quelle-taille-fait-jean-luc-reichmann\/#article","isPartOf":{"@id":"https:\/\/starstory.fr\/blog\/celebrites-et-influence-en-france\/taille-des-stars\/quelle-taille-fait-jean-luc-reichmann\/"},"author":{"name":"Claire Lefevre","@id":"https:\/\/starstory.fr\/blog\/#\/schema\/person\/432b46949d2a452f85568b160103039e"},"headline":"Quelle taille fait Jean-Luc Reichmann ?","datePublished":"2026-07-12T18:28:32+00:00","mainEntityOfPage":{"@id":"https:\/\/starstory.fr\/blog\/celebrites-et-influence-en-france\/taille-des-stars\/quelle-taille-fait-jean-luc-reichmann\/"},"wordCount":651,"commentCount":0,"publisher":{"@id":"https:\/\/starstory.fr\/blog\/#organization"},"image":{"@id":"https:\/\/starstory.fr\/blog\/celebrites-et-influence-en-france\/taille-des-stars\/quelle-taille-fait-jean-luc-reichmann\/#primaryimage"},"thumbnailUrl":"https:\/\/images.pexels.com\/photos\/7709678\/pexels-photo-7709678.jpeg?auto=compress&cs=tinysrgb&fit=crop&h=627&w=1200","articleSection":["Taille et mensurations des stars"],"inLanguage":"fr-FR","potentialAction":[{"@type":"CommentAction","name":"Comment","target":["https:\/\/starstory.fr\/blog\/celebrites-et-influence-en-france\/taille-des-stars\/quelle-taille-fait-jean-luc-reichmann\/#respond"]}]},{"@type":"WebPage","@id":"https:\/\/starstory.fr\/blog\/celebrites-et-influence-en-france\/taille-des-stars\/quelle-taille-fait-jean-luc-reichmann\/","url":"https:\/\/starstory.fr\/blog\/celebrites-et-influence-en-france\/taille-des-stars\/quelle-taille-fait-jean-luc-reichmann\/","name":"Quelle taille fait Jean-Luc Reichmann ? (taille, fiche)","isPartOf":{"@id":"https:\/\/starstory.fr\/blog\/#website"},"primaryImageOfPage":{"@id":"https:\/\/starstory.fr\/blog\/celebrites-et-influence-en-france\/taille-des-stars\/quelle-taille-fait-jean-luc-reichmann\/#primaryimage"},"image":{"@id":"https:\/\/starstory.fr\/blog\/celebrites-et-influence-en-france\/taille-des-stars\/quelle-taille-fait-jean-luc-reichmann\/#primaryimage"},"thumbnailUrl":"https:\/\/images.pexels.com\/photos\/7709678\/pexels-photo-7709678.jpeg?auto=compress&cs=tinysrgb&fit=crop&h=627&w=1200","datePublished":"2026-07-12T18:28:32+00:00","description":"Jean-Luc Reichmann mesure 1,86 m, un chiffre confirm\u00e9 \u00e0 l'antenne des 12 Coups de midi. \u00c2ge, L\u00e9o Matte\u00ef, angiome : la fiche compl\u00e8te de l'animateur TF1.","inLanguage":"fr-FR","potentialAction":[{"@type":"ReadAction","target":["https:\/\/starstory.fr\/blog\/celebrites-et-influence-en-france\/taille-des-stars\/quelle-taille-fait-jean-luc-reichmann\/"]}]},{"@type":"ImageObject","inLanguage":"fr-FR","@id":"https:\/\/starstory.fr\/blog\/celebrites-et-influence-en-france\/taille-des-stars\/quelle-taille-fait-jean-luc-reichmann\/#primaryimage","url":"https:\/\/images.pexels.com\/photos\/7709678\/pexels-photo-7709678.jpeg?auto=compress&cs=tinysrgb&fit=crop&h=627&w=1200","contentUrl":"https:\/\/images.pexels.com\/photos\/7709678\/pexels-photo-7709678.jpeg?auto=compress&cs=tinysrgb&fit=crop&h=627&w=1200"},{"@type":"WebSite","@id":"https:\/\/starstory.fr\/blog\/#website","url":"https:\/\/starstory.fr\/blog\/","name":"StarStory","description":"StarStory, les \u00e9toiles racontent leur histoire","publisher":{"@id":"https:\/\/starstory.fr\/blog\/#organization"},"alternateName":"StarStory, les \u00e9toiles racontent leur histoire","potentialAction":[{"@type":"SearchAction","target":{"@type":"EntryPoint","urlTemplate":"https:\/\/starstory.fr\/blog\/?s={search_term_string}"},"query-input":{"@type":"PropertyValueSpecification","valueRequired":true,"valueName":"search_term_string"}}],"inLanguage":"fr-FR"},{"@type":"Organization","@id":"https:\/\/starstory.fr\/blog\/#organization","name":"StarStory","alternateName":"StarStory.fr","url":"https:\/\/starstory.fr\/blog\/","logo":{"@type":"ImageObject","inLanguage":"fr-FR","@id":"https:\/\/starstory.fr\/blog\/#\/schema\/logo\/image\/","url":"https:\/\/starstory.fr\/blog\/wp-content\/uploads\/2024\/12\/38.png","contentUrl":"https:\/\/starstory.fr\/blog\/wp-content\/uploads\/2024\/12\/38.png","width":500,"height":500,"caption":"StarStory"},"image":{"@id":"https:\/\/starstory.fr\/blog\/#\/schema\/logo\/image\/"}},{"@type":"Person","@id":"https:\/\/starstory.fr\/blog\/#\/schema\/person\/432b46949d2a452f85568b160103039e","name":"Claire Lefevre","image":{"@type":"ImageObject","inLanguage":"fr-FR","@id":"https:\/\/starstory.fr\/blog\/#\/schema\/person\/image\/","url":"https:\/\/secure.gravatar.com\/avatar\/?s=96&d=mm&r=g","contentUrl":"https:\/\/secure.gravatar.com\/avatar\/?s=96&d=mm&r=g","caption":"Claire Lefevre"},"description":"Claire raconte l\u2019\u00e9volution des c\u00e9l\u00e9brit\u00e9s et leur influence socioculturelle \u00e0 travers les d\u00e9cennies.","url":"https:\/\/starstory.fr\/blog\/auteur\/claire-lefevre\/","jobTitle":"Contributrice mutuelle sant\u00e9","email":"claire.lefevre@starstory.fr"}]}},"_links":{"self":[{"href":"https:\/\/starstory.fr\/blog\/wp-json\/wp\/v2\/posts\/8270","targetHints":{"allow":["GET"]}}],"collection":[{"href":"https:\/\/starstory.fr\/blog\/wp-json\/wp\/v2\/posts"}],"about":[{"href":"https:\/\/starstory.fr\/blog\/wp-json\/wp\/v2\/types\/post"}],"author":[{"embeddable":true,"href":"https:\/\/starstory.fr\/blog\/wp-json\/wp\/v2\/users\/39"}],"replies":[{"embeddable":true,"href":"https:\/\/starstory.fr\/blog\/wp-json\/wp\/v2\/comments?post=8270"}],"version-history":[{"count":0,"href":"https:\/\/starstory.fr\/blog\/wp-json\/wp\/v2\/posts\/8270\/revisions"}],"wp:attachment":[{"href":"https:\/\/starstory.fr\/blog\/wp-json\/wp\/v2\/media?parent=8270"}],"wp:term":[{"taxonomy":"category","embeddable":true,"href":"https:\/\/starstory.fr\/blog\/wp-json\/wp\/v2\/categories?post=8270"},{"taxonomy":"post_tag","embeddable":true,"href":"https:\/\/starstory.fr\/blog\/wp-json\/wp\/v2\/tags?post=8270"}],"curies":[{"name":"wp","href":"https:\/\/api.w.org\/{rel}","templated":true}]}}