{"id":8265,"date":"2026-07-12T20:28:12","date_gmt":"2026-07-12T18:28:12","guid":{"rendered":"https:\/\/starstory.fr\/blog\/celebrites-et-influence-en-france\/taille-des-stars\/quelle-taille-fait-mcfly\/"},"modified":"2026-07-12T20:28:12","modified_gmt":"2026-07-12T18:28:12","slug":"quelle-taille-fait-mcfly","status":"publish","type":"post","link":"https:\/\/starstory.fr\/blog\/celebrites-et-influence-en-france\/taille-des-stars\/quelle-taille-fait-mcfly\/","title":{"rendered":"Quelle taille fait Mcfly ?"},"content":{"rendered":"<aside style=\"background:#FBEAF2;border-left:5px solid #B11E6A;padding:22px 28px;margin:24px 0;font-family:-apple-system,BlinkMacSystemFont,'Segoe UI',Roboto,sans-serif;\">\n<div style=\"margin:0;font-size:19px;line-height:1.55;color:#2a2a2a;font-weight:500;letter-spacing:-0.005em;\">\n    Mcfly mesurerait <strong>environ 1,73 m<\/strong> selon les estimations communautaires \u2014 aucune donn\u00e9e officielle n&rsquo;existe. Un chiffre devenu culte \u00e0 cause du running gag avec Carlito, son bin\u00f4me d&rsquo;environ 1,91 m : pr\u00e8s de 18 centim\u00e8tres d&rsquo;\u00e9cart \u00e0 l&rsquo;\u00e9cran.\n  <\/div>\n<\/aside>\n<figure style=\"margin:32px 0;font-family:-apple-system,BlinkMacSystemFont,'Segoe UI',Roboto,sans-serif;\">\n<div style=\"overflow-x:auto;border:1px solid #e5e5e0;border-radius:8px;\">\n<table style=\"width:100%;border-collapse:collapse;font-size:14px;color:#2a2a2a;min-width:500px;\">\n<thead>\n<tr style=\"background:#1a1a1a;color:#fff;\">\n<th style=\"text-align:left;padding:14px 18px;font-weight:700;font-size:12px;text-transform:uppercase;letter-spacing:1.5px;\">Fiche mensurations<\/th>\n<th style=\"text-align:left;padding:14px 18px;font-weight:700;font-size:12px;text-transform:uppercase;letter-spacing:1.5px;\">D\u00e9tail<\/th>\n<\/tr>\n<\/thead>\n<tbody>\n<tr style=\"background:#fff;border-bottom:1px solid #f0ede5;\">\n<td style=\"padding:14px 18px;font-weight:600;\">Nom complet<\/td>\n<td style=\"padding:14px 18px;color:#4a4a4a;\">David Coscas, dit Mcfly<\/td>\n<\/tr>\n<tr style=\"background:#fafaf7;border-bottom:1px solid #f0ede5;\">\n<td style=\"padding:14px 18px;font-weight:600;\">Naissance<\/td>\n<td style=\"padding:14px 18px;color:#4a4a4a;\">7 juillet 1986, Gennevilliers (Hauts-de-Seine)<\/td>\n<\/tr>\n<tr style=\"background:#fff;border-bottom:1px solid #f0ede5;\">\n<td style=\"padding:14px 18px;font-weight:600;\">Taille<\/td>\n<td style=\"padding:14px 18px;color:#4a4a4a;\"><strong>\u2248 1,73 m<\/strong> (estimation communautaire, aucune donn\u00e9e officielle)<\/td>\n<\/tr>\n<tr style=\"background:#fafaf7;border-bottom:1px solid #f0ede5;\">\n<td style=\"padding:14px 18px;font-weight:600;\">Poids<\/td>\n<td style=\"padding:14px 18px;color:#4a4a4a;\">Non communiqu\u00e9 (il a \u00e9voqu\u00e9 publiquement sa perte de poids)<\/td>\n<\/tr>\n<tr style=\"background:#fff;border-bottom:1px solid #f0ede5;\">\n<td style=\"padding:14px 18px;font-weight:600;\">Nationalit\u00e9<\/td>\n<td style=\"padding:14px 18px;color:#4a4a4a;\">Fran\u00e7aise<\/td>\n<\/tr>\n<tr style=\"background:#fafaf7;\">\n<td style=\"padding:14px 18px;font-weight:600;\">Activit\u00e9<\/td>\n<td style=\"padding:14px 18px;color:#4a4a4a;\">Vid\u00e9aste \u2014 cha\u00eene \u00ab Mcfly et Carlito \u00bb (~7,7 M d&rsquo;abonn\u00e9s), musicien<\/td>\n<\/tr>\n<\/tbody>\n<\/table><\/div>\n<\/figure>\n<h2>Environ 1,73 m : le \u00ab petit \u00bb du duo le plus c\u00e9l\u00e8bre de YouTube France<\/h2>\n<p>Aucune fiche officielle n&rsquo;existe, mais les wikis communautaires et les sites de mensurations s&rsquo;accordent sur <strong>\u2248 1,73 m<\/strong> pour David Coscas. Le chiffre n&rsquo;aurait jamais autant tourn\u00e9 sans le running gag fondateur du duo : \u00e0 c\u00f4t\u00e9 de <a href=\"https:\/\/starstory.fr\/blog\/celebrites-et-influence-en-france\/taille-des-stars\/quelle-taille-fait-carlito\/\">Carlito (\u2248 1,91 m)<\/a>, Mcfly para\u00eet minuscule, et les deux comp\u00e8res en jouent depuis plus de dix ans \u2014 cadrages truqu\u00e9s, vannes r\u00e9currentes, miniatures exag\u00e9r\u00e9es.<\/p>\n<p>Dans l&rsquo;absolu, 1,73 m reste simplement un peu sous la moyenne fran\u00e7aise, au niveau d&rsquo;un <a href=\"https:\/\/starstory.fr\/blog\/celebrites-et-influence-en-france\/taille-des-stars\/quelle-taille-fait-squeezie\/\">Squeezie (\u2248 1,73 m)<\/a> : c&rsquo;est le contraste, pas la taille, qui fait le gag.<\/p>\n<h2>2026 : chips, Enfoir\u00e9s et une cha\u00eene toujours au sommet<\/h2>\n<p>Vingt ans apr\u00e8s leurs d\u00e9buts sur internet, Mcfly et Carlito restent des poids lourds : leur cha\u00eene principale \u2014 pass\u00e9e sous le nom \u00ab Le Fat Show \u00bb c\u00f4t\u00e9 identifiant \u2014 fr\u00f4le les 7,7 millions d&rsquo;abonn\u00e9s, et leurs formats longs d\u00e9passent r\u00e9guli\u00e8rement le million de vues en quelques jours, comme leur classement de friandises de cin\u00e9ma avec Florent Bernard publi\u00e9 d\u00e9but juillet 2026 :<\/p>\n<div style=\"border:1px solid #e5e5e0;border-radius:10px;padding:16px 20px;margin:18px 0;background:#fafaf7;font-family:-apple-system,BlinkMacSystemFont,'Segoe UI',Roboto,sans-serif;\">\n  <strong style=\"display:block;font-size:12px;text-transform:uppercase;letter-spacing:1.5px;color:#8a1450;margin-bottom:6px;\">&#127909; Sur YouTube<\/strong><br \/>\n  <span style=\"font-size:15px;line-height:1.6;color:#2a2a2a;\">\u00ab On classe 32 friandises de cin\u00e9ma avec Florent Bernard &amp; Seb Vani\u010dek (Mcfly n&rsquo;aime pas le popcorn &#127871;) \u00bb \u2014 <a href=\"https:\/\/www.youtube.com\/watch?v=Vr9kBC8rG3A\" rel=\"nofollow noopener\" target=\"_blank\">voir la vid\u00e9o de Mcfly et Carlito<\/a> (7,66 M d&rsquo;abonn\u00e9s)<\/span><br \/>\n  <span style=\"display:block;font-size:13px;color:#6a6a6a;margin-top:6px;\">1,11 M de vues \u00b7 35 900 likes \u00b7 9 juillet 2026<\/span>\n<\/div>\n<p>C\u00f4t\u00e9 actus 2025-2026 : David a sorti en mars 2025 un album rock sous le nom de sc\u00e8ne <strong>DaviD<\/strong> (\u00ab Le but du je \u00bb), le duo a lanc\u00e9 en juin 2026 sa marque de chips <strong>Brosti<\/strong> en grande distribution, et les deux comp\u00e8res ont rejoint la troupe des Enfoir\u00e9s 2026.<\/p>\n<aside style=\"background:#FBEAF2;border-left:4px solid #B11E6A;padding:14px 18px;margin:18px 0;border-radius:0 4px 4px 0;font-family:-apple-system,BlinkMacSystemFont,'Segoe UI',Roboto,sans-serif;\">\n  <strong style=\"display:inline-block;color:#8a1450;font-size:12px;text-transform:uppercase;letter-spacing:1.5px;margin-right:8px;\">&#128161; Bon \u00e0 savoir<\/strong><br \/>\n  <span style=\"font-size:14.5px;line-height:1.55;color:#3a3a3a;\">Mcfly a racont\u00e9 publiquement avoir pes\u00e9 plus de 100 kg avant de transformer son hygi\u00e8ne de vie \u2014 sa perte de poids spectaculaire a \u00e9t\u00e9 suivie en direct par sa communaut\u00e9.<\/span><br \/>\n<\/aside>\n<h2>Signes distinctifs<\/h2>\n<p>Cheveux en bataille, barbe rousse, \u00e9nergie de gamin survolt\u00e9 : Mcfly est le moteur comique du duo, celui qui hurle, chante et part en vrille pendant que Carlito tient le cadre. Sa silhouette affin\u00e9e ces derni\u00e8res ann\u00e9es a d&rsquo;ailleurs nourri de nouvelles vannes du bin\u00f4me.<\/p>\n<h2>Traits de caract\u00e8re<\/h2>\n<p>Spontan\u00e9, sentimental, passionn\u00e9 de rock et de catch, David Coscas est d\u00e9crit comme l&rsquo;affectif du duo \u2014 celui qui pleure aux surprises et s&rsquo;emballe pour tout. Un capital sympathie qui a men\u00e9 le tandem jusqu&rsquo;\u00e0 l&rsquo;\u00c9lys\u00e9e et aux concerts complets.<\/p>\n<p>Pour situer Mcfly face aux autres c\u00e9l\u00e9brit\u00e9s, consultez notre <a href=\"https:\/\/starstory.fr\/blog\/celebrites-et-influence-en-france\/taille-des-stars\/quelle-taille-font-les-stars\/\">guide complet des tailles des stars<\/a>, qui r\u00e9capitule les mensurations v\u00e9rifi\u00e9es de dizaines de personnalit\u00e9s.<\/p>\n<h2>Questions fr\u00e9quentes<\/h2>\n<details style=\"border:1px solid #e5e5e0;border-radius:8px;padding:14px 18px;margin:12px 0;font-family:-apple-system,BlinkMacSystemFont,'Segoe UI',Roboto,sans-serif;\">\n<summary style=\"font-weight:700;font-size:15.5px;color:#1a1a1a;cursor:pointer;\">Quelle est la taille exacte de Mcfly ?<\/summary>\n<p style=\"margin:12px 0 0;font-size:15px;line-height:1.6;color:#3a3a3a;\">Aucune taille officielle n&rsquo;existe. L&rsquo;estimation la plus reprise est <strong>1,73 m<\/strong> \u2014 soit environ 18 cm de moins que son bin\u00f4me Carlito.<\/p>\n<\/details>\n<details style=\"border:1px solid #e5e5e0;border-radius:8px;padding:14px 18px;margin:12px 0;font-family:-apple-system,BlinkMacSystemFont,'Segoe UI',Roboto,sans-serif;\">\n<summary style=\"font-weight:700;font-size:15.5px;color:#1a1a1a;cursor:pointer;\">Quel est le vrai nom de Mcfly ?<\/summary>\n<p style=\"margin:12px 0 0;font-size:15px;line-height:1.6;color:#3a3a3a;\">Mcfly s&rsquo;appelle <strong>David Coscas<\/strong>. Il est n\u00e9 le 7 juillet 1986 \u00e0 Gennevilliers, dans les Hauts-de-Seine.<\/p>\n<\/details>\n<details style=\"border:1px solid #e5e5e0;border-radius:8px;padding:14px 18px;margin:12px 0;font-family:-apple-system,BlinkMacSystemFont,'Segoe UI',Roboto,sans-serif;\">\n<summary style=\"font-weight:700;font-size:15.5px;color:#1a1a1a;cursor:pointer;\">Que font Mcfly et Carlito en 2026 ?<\/summary>\n<p style=\"margin:12px 0 0;font-size:15px;line-height:1.6;color:#3a3a3a;\">Leur cha\u00eene (~7,7 M d&rsquo;abonn\u00e9s) tourne toujours \u00e0 plein r\u00e9gime ; ils ont lanc\u00e9 la marque de chips <strong>Brosti<\/strong> en juin 2026 et particip\u00e9 aux Enfoir\u00e9s 2026. En solo, David a sorti l&rsquo;album \u00ab Le but du je \u00bb sous le nom DaviD en 2025.<\/p>\n<\/details>\n<p style=\"font-size:13px;color:#6a6a6a;margin-top:28px;\">Sources : wikis communautaires et bases de tailles (estimations crois\u00e9es, aucune mesure officielle), cha\u00eene YouTube officielle Mcfly et Carlito (m\u00e9triques relev\u00e9es le 12 juillet 2026), presse (album DaviD 2025, lancement Brosti juin 2026).<\/p>\n<p><script type=\"application\/ld+json\">{\"@context\": \"https:\/\/schema.org\", \"@type\": \"FAQPage\", \"mainEntity\": [{\"@type\": \"Question\", \"name\": \"Quelle est la taille exacte de Mcfly ?\", \"acceptedAnswer\": {\"@type\": \"Answer\", \"text\": \"Aucune taille officielle n'existe. L'estimation la plus reprise est 1,73 m \u2014 soit environ 18 cm de moins que son bin\u00f4me Carlito.\"}}, {\"@type\": \"Question\", \"name\": \"Quel est le vrai nom de Mcfly ?\", \"acceptedAnswer\": {\"@type\": \"Answer\", \"text\": \"Mcfly s'appelle David Coscas. Il est n\u00e9 le 7 juillet 1986 \u00e0 Gennevilliers, dans les Hauts-de-Seine.\"}}, {\"@type\": \"Question\", \"name\": \"Que font Mcfly et Carlito en 2026 ?\", \"acceptedAnswer\": {\"@type\": \"Answer\", \"text\": \"Leur cha\u00eene (~7,7 M d'abonn\u00e9s) tourne toujours \u00e0 plein r\u00e9gime ; ils ont lanc\u00e9 la marque de chips Brosti en juin 2026 et particip\u00e9 aux Enfoir\u00e9s 2026. En solo, David a sorti l'album \u00ab Le but du je \u00bb sous le nom DaviD en 2025.\"}}]}<\/script><\/p>\n","protected":false},"excerpt":{"rendered":"","protected":false},"author":40,"featured_media":999999999,"comment_status":"open","ping_status":"open","sticky":false,"template":"","format":"standard","meta":{"_acf_changed":false,"manual_indexmenow":false,"indexmenow_id_project":0,"footnotes":""},"categories":[4839],"tags":[],"class_list":["post-8265","post","type-post","status-publish","format-standard","has-post-thumbnail","hentry","category-taille-des-stars","generate-columns","tablet-grid-50","mobile-grid-100","grid-parent","grid-25"],"acf":[],"yoast_head":"<!-- This site is optimized with the Yoast SEO Premium plugin v21.3 (Yoast SEO v26.5) - https:\/\/yoast.com\/wordpress\/plugins\/seo\/ -->\n<title>Quelle taille fait Mcfly ? (taille, vrai nom, fiche)<\/title>\n<meta name=\"description\" content=\"Mcfly mesurerait environ 1,73 m (estimation, aucune donn\u00e9e officielle) \u2014 18 cm de moins que Carlito. Vrai nom, duo YouTube, Brosti : la fiche compl\u00e8te.\" \/>\n<meta name=\"robots\" content=\"index, follow, max-snippet:-1, max-image-preview:large, max-video-preview:-1\" \/>\n<link rel=\"canonical\" href=\"https:\/\/starstory.fr\/blog\/celebrites-et-influence-en-france\/taille-des-stars\/quelle-taille-fait-mcfly\/\" \/>\n<meta property=\"og:locale\" content=\"fr_FR\" \/>\n<meta property=\"og:type\" content=\"article\" \/>\n<meta property=\"og:title\" content=\"Quelle taille fait Mcfly ? (taille, vrai nom, fiche)\" \/>\n<meta property=\"og:description\" content=\"Mcfly mesurerait environ 1,73 m (estimation, aucune donn\u00e9e officielle) \u2014 18 cm de moins que Carlito. Vrai nom, duo YouTube, Brosti : la fiche compl\u00e8te.\" \/>\n<meta property=\"og:url\" content=\"https:\/\/starstory.fr\/blog\/celebrites-et-influence-en-france\/taille-des-stars\/quelle-taille-fait-mcfly\/\" \/>\n<meta property=\"og:site_name\" content=\"starstory\" \/>\n<meta property=\"og:image\" content=\"https:\/\/images.pexels.com\/photos\/28336275\/pexels-photo-28336275.jpeg?auto=compress&cs=tinysrgb&fit=crop&h=627&w=1200\" \/>\n<meta name=\"author\" content=\"Julien Vaillant\" \/>\n<meta name=\"twitter:card\" content=\"summary_large_image\" \/>\n<script type=\"application\/ld+json\" class=\"yoast-schema-graph\">{\"@context\":\"https:\/\/schema.org\",\"@graph\":[{\"@type\":\"NewsArticle\",\"@id\":\"https:\/\/starstory.fr\/blog\/celebrites-et-influence-en-france\/taille-des-stars\/quelle-taille-fait-mcfly\/#article\",\"isPartOf\":{\"@id\":\"https:\/\/starstory.fr\/blog\/celebrites-et-influence-en-france\/taille-des-stars\/quelle-taille-fait-mcfly\/\"},\"author\":{\"name\":\"Julien Vaillant\",\"@id\":\"https:\/\/starstory.fr\/blog\/#\/schema\/person\/62af054f7df7ce17580aee7a5c41b89c\"},\"headline\":\"Quelle taille fait Mcfly ?\",\"datePublished\":\"2026-07-12T18:28:12+00:00\",\"mainEntityOfPage\":{\"@id\":\"https:\/\/starstory.fr\/blog\/celebrites-et-influence-en-france\/taille-des-stars\/quelle-taille-fait-mcfly\/\"},\"wordCount\":688,\"commentCount\":0,\"publisher\":{\"@id\":\"https:\/\/starstory.fr\/blog\/#organization\"},\"image\":{\"@id\":\"https:\/\/starstory.fr\/blog\/celebrites-et-influence-en-france\/taille-des-stars\/quelle-taille-fait-mcfly\/#primaryimage\"},\"thumbnailUrl\":\"https:\/\/images.pexels.com\/photos\/28336275\/pexels-photo-28336275.jpeg?auto=compress&cs=tinysrgb&fit=crop&h=627&w=1200\",\"articleSection\":[\"Taille et mensurations des stars\"],\"inLanguage\":\"fr-FR\",\"potentialAction\":[{\"@type\":\"CommentAction\",\"name\":\"Comment\",\"target\":[\"https:\/\/starstory.fr\/blog\/celebrites-et-influence-en-france\/taille-des-stars\/quelle-taille-fait-mcfly\/#respond\"]}]},{\"@type\":\"WebPage\",\"@id\":\"https:\/\/starstory.fr\/blog\/celebrites-et-influence-en-france\/taille-des-stars\/quelle-taille-fait-mcfly\/\",\"url\":\"https:\/\/starstory.fr\/blog\/celebrites-et-influence-en-france\/taille-des-stars\/quelle-taille-fait-mcfly\/\",\"name\":\"Quelle taille fait Mcfly ? (taille, vrai nom, fiche)\",\"isPartOf\":{\"@id\":\"https:\/\/starstory.fr\/blog\/#website\"},\"primaryImageOfPage\":{\"@id\":\"https:\/\/starstory.fr\/blog\/celebrites-et-influence-en-france\/taille-des-stars\/quelle-taille-fait-mcfly\/#primaryimage\"},\"image\":{\"@id\":\"https:\/\/starstory.fr\/blog\/celebrites-et-influence-en-france\/taille-des-stars\/quelle-taille-fait-mcfly\/#primaryimage\"},\"thumbnailUrl\":\"https:\/\/images.pexels.com\/photos\/28336275\/pexels-photo-28336275.jpeg?auto=compress&cs=tinysrgb&fit=crop&h=627&w=1200\",\"datePublished\":\"2026-07-12T18:28:12+00:00\",\"description\":\"Mcfly mesurerait environ 1,73 m (estimation, aucune donn\u00e9e officielle) \u2014 18 cm de moins que Carlito. Vrai nom, duo YouTube, Brosti : la fiche compl\u00e8te.\",\"inLanguage\":\"fr-FR\",\"potentialAction\":[{\"@type\":\"ReadAction\",\"target\":[\"https:\/\/starstory.fr\/blog\/celebrites-et-influence-en-france\/taille-des-stars\/quelle-taille-fait-mcfly\/\"]}]},{\"@type\":\"ImageObject\",\"inLanguage\":\"fr-FR\",\"@id\":\"https:\/\/starstory.fr\/blog\/celebrites-et-influence-en-france\/taille-des-stars\/quelle-taille-fait-mcfly\/#primaryimage\",\"url\":\"https:\/\/images.pexels.com\/photos\/28336275\/pexels-photo-28336275.jpeg?auto=compress&cs=tinysrgb&fit=crop&h=627&w=1200\",\"contentUrl\":\"https:\/\/images.pexels.com\/photos\/28336275\/pexels-photo-28336275.jpeg?auto=compress&cs=tinysrgb&fit=crop&h=627&w=1200\"},{\"@type\":\"WebSite\",\"@id\":\"https:\/\/starstory.fr\/blog\/#website\",\"url\":\"https:\/\/starstory.fr\/blog\/\",\"name\":\"StarStory\",\"description\":\"StarStory, les \u00e9toiles racontent leur histoire\",\"publisher\":{\"@id\":\"https:\/\/starstory.fr\/blog\/#organization\"},\"alternateName\":\"StarStory, les \u00e9toiles racontent leur histoire\",\"potentialAction\":[{\"@type\":\"SearchAction\",\"target\":{\"@type\":\"EntryPoint\",\"urlTemplate\":\"https:\/\/starstory.fr\/blog\/?s={search_term_string}\"},\"query-input\":{\"@type\":\"PropertyValueSpecification\",\"valueRequired\":true,\"valueName\":\"search_term_string\"}}],\"inLanguage\":\"fr-FR\"},{\"@type\":\"Organization\",\"@id\":\"https:\/\/starstory.fr\/blog\/#organization\",\"name\":\"StarStory\",\"alternateName\":\"StarStory.fr\",\"url\":\"https:\/\/starstory.fr\/blog\/\",\"logo\":{\"@type\":\"ImageObject\",\"inLanguage\":\"fr-FR\",\"@id\":\"https:\/\/starstory.fr\/blog\/#\/schema\/logo\/image\/\",\"url\":\"https:\/\/starstory.fr\/blog\/wp-content\/uploads\/2024\/12\/38.png\",\"contentUrl\":\"https:\/\/starstory.fr\/blog\/wp-content\/uploads\/2024\/12\/38.png\",\"width\":500,\"height\":500,\"caption\":\"StarStory\"},\"image\":{\"@id\":\"https:\/\/starstory.fr\/blog\/#\/schema\/logo\/image\/\"}},{\"@type\":\"Person\",\"@id\":\"https:\/\/starstory.fr\/blog\/#\/schema\/person\/62af054f7df7ce17580aee7a5c41b89c\",\"name\":\"Julien Vaillant\",\"image\":{\"@type\":\"ImageObject\",\"inLanguage\":\"fr-FR\",\"@id\":\"https:\/\/starstory.fr\/blog\/#\/schema\/person\/image\/\",\"url\":\"https:\/\/secure.gravatar.com\/avatar\/?s=96&d=mm&r=g\",\"contentUrl\":\"https:\/\/secure.gravatar.com\/avatar\/?s=96&d=mm&r=g\",\"caption\":\"Julien Vaillant\"},\"description\":\"Julien met en lumi\u00e8re les acteurs, r\u00e9alisateurs et r\u00f4les embl\u00e9matiques qui ont marqu\u00e9 les \u00e9poques.\",\"url\":\"https:\/\/starstory.fr\/blog\/auteur\/julien-bernard\/\"}]}<\/script>\n<!-- \/ Yoast SEO Premium plugin. -->","yoast_head_json":{"title":"Quelle taille fait Mcfly ? (taille, vrai nom, fiche)","description":"Mcfly mesurerait environ 1,73 m (estimation, aucune donn\u00e9e officielle) \u2014 18 cm de moins que Carlito. Vrai nom, duo YouTube, Brosti : la fiche compl\u00e8te.","robots":{"index":"index","follow":"follow","max-snippet":"max-snippet:-1","max-image-preview":"max-image-preview:large","max-video-preview":"max-video-preview:-1"},"canonical":"https:\/\/starstory.fr\/blog\/celebrites-et-influence-en-france\/taille-des-stars\/quelle-taille-fait-mcfly\/","og_locale":"fr_FR","og_type":"article","og_title":"Quelle taille fait Mcfly ? (taille, vrai nom, fiche)","og_description":"Mcfly mesurerait environ 1,73 m (estimation, aucune donn\u00e9e officielle) \u2014 18 cm de moins que Carlito. Vrai nom, duo YouTube, Brosti : la fiche compl\u00e8te.","og_url":"https:\/\/starstory.fr\/blog\/celebrites-et-influence-en-france\/taille-des-stars\/quelle-taille-fait-mcfly\/","og_site_name":"starstory","og_image":[{"url":"https:\/\/images.pexels.com\/photos\/28336275\/pexels-photo-28336275.jpeg?auto=compress&cs=tinysrgb&fit=crop&h=627&w=1200","type":"","width":"","height":""}],"author":"Julien Vaillant","twitter_card":"summary_large_image","schema":{"@context":"https:\/\/schema.org","@graph":[{"@type":"NewsArticle","@id":"https:\/\/starstory.fr\/blog\/celebrites-et-influence-en-france\/taille-des-stars\/quelle-taille-fait-mcfly\/#article","isPartOf":{"@id":"https:\/\/starstory.fr\/blog\/celebrites-et-influence-en-france\/taille-des-stars\/quelle-taille-fait-mcfly\/"},"author":{"name":"Julien Vaillant","@id":"https:\/\/starstory.fr\/blog\/#\/schema\/person\/62af054f7df7ce17580aee7a5c41b89c"},"headline":"Quelle taille fait Mcfly ?","datePublished":"2026-07-12T18:28:12+00:00","mainEntityOfPage":{"@id":"https:\/\/starstory.fr\/blog\/celebrites-et-influence-en-france\/taille-des-stars\/quelle-taille-fait-mcfly\/"},"wordCount":688,"commentCount":0,"publisher":{"@id":"https:\/\/starstory.fr\/blog\/#organization"},"image":{"@id":"https:\/\/starstory.fr\/blog\/celebrites-et-influence-en-france\/taille-des-stars\/quelle-taille-fait-mcfly\/#primaryimage"},"thumbnailUrl":"https:\/\/images.pexels.com\/photos\/28336275\/pexels-photo-28336275.jpeg?auto=compress&cs=tinysrgb&fit=crop&h=627&w=1200","articleSection":["Taille et mensurations des stars"],"inLanguage":"fr-FR","potentialAction":[{"@type":"CommentAction","name":"Comment","target":["https:\/\/starstory.fr\/blog\/celebrites-et-influence-en-france\/taille-des-stars\/quelle-taille-fait-mcfly\/#respond"]}]},{"@type":"WebPage","@id":"https:\/\/starstory.fr\/blog\/celebrites-et-influence-en-france\/taille-des-stars\/quelle-taille-fait-mcfly\/","url":"https:\/\/starstory.fr\/blog\/celebrites-et-influence-en-france\/taille-des-stars\/quelle-taille-fait-mcfly\/","name":"Quelle taille fait Mcfly ? (taille, vrai nom, fiche)","isPartOf":{"@id":"https:\/\/starstory.fr\/blog\/#website"},"primaryImageOfPage":{"@id":"https:\/\/starstory.fr\/blog\/celebrites-et-influence-en-france\/taille-des-stars\/quelle-taille-fait-mcfly\/#primaryimage"},"image":{"@id":"https:\/\/starstory.fr\/blog\/celebrites-et-influence-en-france\/taille-des-stars\/quelle-taille-fait-mcfly\/#primaryimage"},"thumbnailUrl":"https:\/\/images.pexels.com\/photos\/28336275\/pexels-photo-28336275.jpeg?auto=compress&cs=tinysrgb&fit=crop&h=627&w=1200","datePublished":"2026-07-12T18:28:12+00:00","description":"Mcfly mesurerait environ 1,73 m (estimation, aucune donn\u00e9e officielle) \u2014 18 cm de moins que Carlito. Vrai nom, duo YouTube, Brosti : la fiche compl\u00e8te.","inLanguage":"fr-FR","potentialAction":[{"@type":"ReadAction","target":["https:\/\/starstory.fr\/blog\/celebrites-et-influence-en-france\/taille-des-stars\/quelle-taille-fait-mcfly\/"]}]},{"@type":"ImageObject","inLanguage":"fr-FR","@id":"https:\/\/starstory.fr\/blog\/celebrites-et-influence-en-france\/taille-des-stars\/quelle-taille-fait-mcfly\/#primaryimage","url":"https:\/\/images.pexels.com\/photos\/28336275\/pexels-photo-28336275.jpeg?auto=compress&cs=tinysrgb&fit=crop&h=627&w=1200","contentUrl":"https:\/\/images.pexels.com\/photos\/28336275\/pexels-photo-28336275.jpeg?auto=compress&cs=tinysrgb&fit=crop&h=627&w=1200"},{"@type":"WebSite","@id":"https:\/\/starstory.fr\/blog\/#website","url":"https:\/\/starstory.fr\/blog\/","name":"StarStory","description":"StarStory, les \u00e9toiles racontent leur histoire","publisher":{"@id":"https:\/\/starstory.fr\/blog\/#organization"},"alternateName":"StarStory, les \u00e9toiles racontent leur histoire","potentialAction":[{"@type":"SearchAction","target":{"@type":"EntryPoint","urlTemplate":"https:\/\/starstory.fr\/blog\/?s={search_term_string}"},"query-input":{"@type":"PropertyValueSpecification","valueRequired":true,"valueName":"search_term_string"}}],"inLanguage":"fr-FR"},{"@type":"Organization","@id":"https:\/\/starstory.fr\/blog\/#organization","name":"StarStory","alternateName":"StarStory.fr","url":"https:\/\/starstory.fr\/blog\/","logo":{"@type":"ImageObject","inLanguage":"fr-FR","@id":"https:\/\/starstory.fr\/blog\/#\/schema\/logo\/image\/","url":"https:\/\/starstory.fr\/blog\/wp-content\/uploads\/2024\/12\/38.png","contentUrl":"https:\/\/starstory.fr\/blog\/wp-content\/uploads\/2024\/12\/38.png","width":500,"height":500,"caption":"StarStory"},"image":{"@id":"https:\/\/starstory.fr\/blog\/#\/schema\/logo\/image\/"}},{"@type":"Person","@id":"https:\/\/starstory.fr\/blog\/#\/schema\/person\/62af054f7df7ce17580aee7a5c41b89c","name":"Julien Vaillant","image":{"@type":"ImageObject","inLanguage":"fr-FR","@id":"https:\/\/starstory.fr\/blog\/#\/schema\/person\/image\/","url":"https:\/\/secure.gravatar.com\/avatar\/?s=96&d=mm&r=g","contentUrl":"https:\/\/secure.gravatar.com\/avatar\/?s=96&d=mm&r=g","caption":"Julien Vaillant"},"description":"Julien met en lumi\u00e8re les acteurs, r\u00e9alisateurs et r\u00f4les embl\u00e9matiques qui ont marqu\u00e9 les \u00e9poques.","url":"https:\/\/starstory.fr\/blog\/auteur\/julien-bernard\/"}]}},"_links":{"self":[{"href":"https:\/\/starstory.fr\/blog\/wp-json\/wp\/v2\/posts\/8265","targetHints":{"allow":["GET"]}}],"collection":[{"href":"https:\/\/starstory.fr\/blog\/wp-json\/wp\/v2\/posts"}],"about":[{"href":"https:\/\/starstory.fr\/blog\/wp-json\/wp\/v2\/types\/post"}],"author":[{"embeddable":true,"href":"https:\/\/starstory.fr\/blog\/wp-json\/wp\/v2\/users\/40"}],"replies":[{"embeddable":true,"href":"https:\/\/starstory.fr\/blog\/wp-json\/wp\/v2\/comments?post=8265"}],"version-history":[{"count":0,"href":"https:\/\/starstory.fr\/blog\/wp-json\/wp\/v2\/posts\/8265\/revisions"}],"wp:attachment":[{"href":"https:\/\/starstory.fr\/blog\/wp-json\/wp\/v2\/media?parent=8265"}],"wp:term":[{"taxonomy":"category","embeddable":true,"href":"https:\/\/starstory.fr\/blog\/wp-json\/wp\/v2\/categories?post=8265"},{"taxonomy":"post_tag","embeddable":true,"href":"https:\/\/starstory.fr\/blog\/wp-json\/wp\/v2\/tags?post=8265"}],"curies":[{"name":"wp","href":"https:\/\/api.w.org\/{rel}","templated":true}]}}