{"id":8256,"date":"2026-07-12T20:00:46","date_gmt":"2026-07-12T18:00:46","guid":{"rendered":"https:\/\/starstory.fr\/blog\/celebrites-et-influence-en-france\/taille-des-stars\/quelle-taille-fait-angele\/"},"modified":"2026-07-12T20:00:46","modified_gmt":"2026-07-12T18:00:46","slug":"quelle-taille-fait-angele","status":"publish","type":"post","link":"https:\/\/starstory.fr\/blog\/celebrites-et-influence-en-france\/taille-des-stars\/quelle-taille-fait-angele\/","title":{"rendered":"Quelle taille fait Ang\u00e8le ?"},"content":{"rendered":"<aside style=\"background:#FBEAF2;border-left:5px solid #B11E6A;padding:22px 28px;margin:24px 0;font-family:-apple-system,BlinkMacSystemFont,'Segoe UI',Roboto,sans-serif;\">\n<div style=\"margin:0;font-size:19px;line-height:1.55;color:#2a2a2a;font-weight:500;letter-spacing:-0.005em;\">\n    Ang\u00e8le mesure <strong>environ 1,70 m<\/strong> selon la moyenne des estimations \u2014 les sources divergent fortement, de 1,65 m \u00e0 1,74 m, et la chanteuse belge n&rsquo;a jamais communiqu\u00e9 de taille officielle.\n  <\/div>\n<\/aside>\n<figure style=\"margin:32px 0;font-family:-apple-system,BlinkMacSystemFont,'Segoe UI',Roboto,sans-serif;\">\n<div style=\"overflow-x:auto;border:1px solid #e5e5e0;border-radius:8px;\">\n<table style=\"width:100%;border-collapse:collapse;font-size:14px;color:#2a2a2a;min-width:500px;\">\n<thead>\n<tr style=\"background:#1a1a1a;color:#fff;\">\n<th style=\"text-align:left;padding:14px 18px;font-weight:700;font-size:12px;text-transform:uppercase;letter-spacing:1.5px;\">Fiche mensurations<\/th>\n<th style=\"text-align:left;padding:14px 18px;font-weight:700;font-size:12px;text-transform:uppercase;letter-spacing:1.5px;\">D\u00e9tail<\/th>\n<\/tr>\n<\/thead>\n<tbody>\n<tr style=\"background:#fff;border-bottom:1px solid #f0ede5;\">\n<td style=\"padding:14px 18px;font-weight:600;\">Nom complet<\/td>\n<td style=\"padding:14px 18px;color:#4a4a4a;\">Ang\u00e8le Van Laeken<\/td>\n<\/tr>\n<tr style=\"background:#fafaf7;border-bottom:1px solid #f0ede5;\">\n<td style=\"padding:14px 18px;font-weight:600;\">Naissance<\/td>\n<td style=\"padding:14px 18px;color:#4a4a4a;\">3 d\u00e9cembre 1995, Uccle (Bruxelles, Belgique)<\/td>\n<\/tr>\n<tr style=\"background:#fff;border-bottom:1px solid #f0ede5;\">\n<td style=\"padding:14px 18px;font-weight:600;\">Taille<\/td>\n<td style=\"padding:14px 18px;color:#4a4a4a;\"><strong>\u2248 1,70 m<\/strong> (estimation m\u00e9diane \u2014 fourchette 1,65 \u00e0 1,74 m selon les sources)<\/td>\n<\/tr>\n<tr style=\"background:#fafaf7;border-bottom:1px solid #f0ede5;\">\n<td style=\"padding:14px 18px;font-weight:600;\">Poids<\/td>\n<td style=\"padding:14px 18px;color:#4a4a4a;\">Non communiqu\u00e9<\/td>\n<\/tr>\n<tr style=\"background:#fff;border-bottom:1px solid #f0ede5;\">\n<td style=\"padding:14px 18px;font-weight:600;\">Nationalit\u00e9<\/td>\n<td style=\"padding:14px 18px;color:#4a4a4a;\">Belge<\/td>\n<\/tr>\n<tr style=\"background:#fafaf7;\">\n<td style=\"padding:14px 18px;font-weight:600;\">Discipline<\/td>\n<td style=\"padding:14px 18px;color:#4a4a4a;\">Pop \u2014 \u00ab Brol \u00bb (2018), \u00ab Nonante-Cinq \u00bb (2021), nouvelle \u00e8re \u00ab Instinct \u00bb lanc\u00e9e en 2026<\/td>\n<\/tr>\n<\/tbody>\n<\/table><\/div>\n<\/figure>\n<h2>1,65, 1,70 ou 1,74 m : la fourchette la plus large du dossier musique<\/h2>\n<p>Peu de stars affichent un tel \u00e9cart entre les sources : IMDb donne Ang\u00e8le \u00e0 1,70 m, plusieurs bases people \u00e0 1,65 m, la presse f\u00e9minine jusqu&rsquo;\u00e0 1,74 m. Faute de d\u00e9claration de l&rsquo;int\u00e9ress\u00e9e, on retient la valeur m\u00e9diane \u2014 <strong>\u2248 1,70 m<\/strong> \u2014 en gardant en t\u00eate que la fourchette document\u00e9e s&rsquo;\u00e9tale sur pr\u00e8s de dix centim\u00e8tres. Une chose est s\u00fbre : ni petite ni grande, la Bruxelloise joue dans la moyenne.<\/p>\n<p>Elle \u00e9volue ainsi quelques centim\u00e8tres sous <a href=\"https:\/\/starstory.fr\/blog\/celebrites-et-influence-en-france\/taille-des-stars\/quelle-taille-fait-aya-nakamura\/\">Aya Nakamura (\u2248 1,73 m)<\/a>, l&rsquo;autre grande voix f\u00e9minine francophone de sa g\u00e9n\u00e9ration, et nettement sous <a href=\"https:\/\/starstory.fr\/blog\/celebrites-et-influence-en-france\/taille-des-stars\/quelle-taille-fait-clara-luciani\/\">Clara Luciani (1,82 m)<\/a>.<\/p>\n<h2>2026, l&rsquo;ann\u00e9e \u00ab Instinct \u00bb<\/h2>\n<p>Apr\u00e8s \u00ab Brol \u00bb (2018) et \u00ab Nonante-Cinq \u00bb (2021), Ang\u00e8le a lanc\u00e9 en 2026 sa nouvelle \u00e8re artistique baptis\u00e9e \u00ab Instinct \u00bb, annonc\u00e9e \u00e0 ses millions d&rsquo;abonn\u00e9s par un post devenu viral :<\/p>\n<div style=\"border:1px solid #e5e5e0;border-radius:10px;padding:16px 20px;margin:18px 0;background:#fafaf7;font-family:-apple-system,BlinkMacSystemFont,'Segoe UI',Roboto,sans-serif;\">\n  <strong style=\"display:block;font-size:12px;text-transform:uppercase;letter-spacing:1.5px;color:#8a1450;margin-bottom:6px;\">&#128247; Sur Instagram<\/strong><br \/>\n  <span style=\"font-size:15px;line-height:1.6;color:#2a2a2a;\">\u00ab INSTINCT, 2026. \u00bb \u2014 <a href=\"https:\/\/www.instagram.com\/p\/DZ5OVUYoDCc\/\" rel=\"nofollow noopener\" target=\"_blank\">voir le post de @angele_vl<\/a> (3,9 M d&rsquo;abonn\u00e9s)<\/span><br \/>\n  <span style=\"display:block;font-size:13px;color:#6a6a6a;margin-top:6px;\">80 300 likes \u00b7 1 500 commentaires \u00b7 22 juin 2026<\/span>\n<\/div>\n<aside style=\"background:#FBEAF2;border-left:4px solid #B11E6A;padding:14px 18px;margin:18px 0;border-radius:0 4px 4px 0;font-family:-apple-system,BlinkMacSystemFont,'Segoe UI',Roboto,sans-serif;\">\n  <strong style=\"display:inline-block;color:#8a1450;font-size:12px;text-transform:uppercase;letter-spacing:1.5px;margin-right:8px;\">&#128161; Bon \u00e0 savoir<\/strong><br \/>\n  <span style=\"font-size:14.5px;line-height:1.55;color:#3a3a3a;\">La musique est une affaire de famille chez les Van Laeken : Ang\u00e8le est la s\u0153ur du rappeur Rom\u00e9o Elvis et la fille du chanteur Marka.<\/span><br \/>\n<\/aside>\n<h2>Signes distinctifs<\/h2>\n<p>Blond signature (souvent revisit\u00e9 selon les \u00e8res), sourire malicieux et esth\u00e9tique pastel devenue marque d\u00e9pos\u00e9e : Ang\u00e8le a impos\u00e9 une identit\u00e9 visuelle aussi reconnaissable que ses m\u00e9lodies au piano. Sur sc\u00e8ne, chor\u00e9graphies millim\u00e9tr\u00e9es et autod\u00e9rision cohabitent \u2014 l&rsquo;h\u00e9ritage d&rsquo;une famille d&rsquo;artistes complets.<\/p>\n<h2>Traits de caract\u00e8re<\/h2>\n<p>F\u00e9ministe engag\u00e9e (\u00ab Balance ton quoi \u00bb), perfectionniste anxieuse selon ses propres mots dans le documentaire Netflix qui lui est consacr\u00e9, Ang\u00e8le manie l&rsquo;ironie douce en interview et prot\u00e8ge fermement sa vie priv\u00e9e. Son m\u00e9lange de fragilit\u00e9 assum\u00e9e et d&rsquo;ambition tranquille a red\u00e9fini la pop francophone.<\/p>\n<p>Pour situer Ang\u00e8le face aux autres c\u00e9l\u00e9brit\u00e9s, consultez notre <a href=\"https:\/\/starstory.fr\/blog\/celebrites-et-influence-en-france\/taille-des-stars\/quelle-taille-font-les-stars\/\">guide complet des tailles des stars<\/a>, qui r\u00e9capitule les mensurations v\u00e9rifi\u00e9es de dizaines de personnalit\u00e9s.<\/p>\n<h2>Questions fr\u00e9quentes<\/h2>\n<details style=\"border:1px solid #e5e5e0;border-radius:8px;padding:14px 18px;margin:12px 0;font-family:-apple-system,BlinkMacSystemFont,'Segoe UI',Roboto,sans-serif;\">\n<summary style=\"font-weight:700;font-size:15.5px;color:#1a1a1a;cursor:pointer;\">Quelle taille fait Ang\u00e8le ?<\/summary>\n<p style=\"margin:12px 0 0;font-size:15px;line-height:1.6;color:#3a3a3a;\">Aucune taille officielle n&rsquo;existe. Les estimations vont de 1,65 m \u00e0 1,74 m selon les sources \u2014 la valeur m\u00e9diane retenue est <strong>\u2248 1,70 m<\/strong>.<\/p>\n<\/details>\n<details style=\"border:1px solid #e5e5e0;border-radius:8px;padding:14px 18px;margin:12px 0;font-family:-apple-system,BlinkMacSystemFont,'Segoe UI',Roboto,sans-serif;\">\n<summary style=\"font-weight:700;font-size:15.5px;color:#1a1a1a;cursor:pointer;\">Quel est le vrai nom d&rsquo;Ang\u00e8le ?<\/summary>\n<p style=\"margin:12px 0 0;font-size:15px;line-height:1.6;color:#3a3a3a;\"><strong>Ang\u00e8le Van Laeken<\/strong>, n\u00e9e le 3 d\u00e9cembre 1995 \u00e0 Uccle, en Belgique \u2014 s\u0153ur du rappeur Rom\u00e9o Elvis et fille du chanteur Marka.<\/p>\n<\/details>\n<details style=\"border:1px solid #e5e5e0;border-radius:8px;padding:14px 18px;margin:12px 0;font-family:-apple-system,BlinkMacSystemFont,'Segoe UI',Roboto,sans-serif;\">\n<summary style=\"font-weight:700;font-size:15.5px;color:#1a1a1a;cursor:pointer;\">Quel est le prochain projet d&rsquo;Ang\u00e8le ?<\/summary>\n<p style=\"margin:12px 0 0;font-size:15px;line-height:1.6;color:#3a3a3a;\">Sa nouvelle \u00e8re \u00ab <strong>Instinct<\/strong> \u00bb, officialis\u00e9e en juin 2026 sur ses r\u00e9seaux avec un premier single et un clip \u2014 la suite de \u00ab Nonante-Cinq \u00bb (2021).<\/p>\n<\/details>\n<p style=\"font-size:13px;color:#6a6a6a;margin-top:28px;\">Sources : IMDb et bases people (estimations divergentes 1,65-1,74 m, aucune donn\u00e9e officielle), Instagram officiel @angele_vl (m\u00e9triques relev\u00e9es le 12 juillet 2026).<\/p>\n<p><script type=\"application\/ld+json\">{\"@context\": \"https:\/\/schema.org\", \"@type\": \"FAQPage\", \"mainEntity\": [{\"@type\": \"Question\", \"name\": \"Quelle taille fait Ang\u00e8le ?\", \"acceptedAnswer\": {\"@type\": \"Answer\", \"text\": \"Aucune taille officielle n'existe. Les estimations vont de 1,65 m \u00e0 1,74 m selon les sources \u2014 la valeur m\u00e9diane retenue est \u2248 1,70 m.\"}}, {\"@type\": \"Question\", \"name\": \"Quel est le vrai nom d'Ang\u00e8le ?\", \"acceptedAnswer\": {\"@type\": \"Answer\", \"text\": \"Ang\u00e8le Van Laeken, n\u00e9e le 3 d\u00e9cembre 1995 \u00e0 Uccle, en Belgique \u2014 s\u0153ur du rappeur Rom\u00e9o Elvis et fille du chanteur Marka.\"}}, {\"@type\": \"Question\", \"name\": \"Quel est le prochain projet d'Ang\u00e8le ?\", \"acceptedAnswer\": {\"@type\": \"Answer\", \"text\": \"Sa nouvelle \u00e8re \u00ab Instinct \u00bb, officialis\u00e9e en juin 2026 sur ses r\u00e9seaux avec un premier single et un clip \u2014 la suite de \u00ab Nonante-Cinq \u00bb (2021).\"}}]}<\/script><\/p>\n","protected":false},"excerpt":{"rendered":"","protected":false},"author":34,"featured_media":999999999,"comment_status":"open","ping_status":"open","sticky":false,"template":"","format":"standard","meta":{"_acf_changed":false,"manual_indexmenow":false,"indexmenow_id_project":0,"footnotes":""},"categories":[4839],"tags":[],"class_list":["post-8256","post","type-post","status-publish","format-standard","has-post-thumbnail","hentry","category-taille-des-stars","generate-columns","tablet-grid-50","mobile-grid-100","grid-parent","grid-25"],"acf":[],"yoast_head":"<!-- This site is optimized with the Yoast SEO Premium plugin v21.3 (Yoast SEO v26.5) - https:\/\/yoast.com\/wordpress\/plugins\/seo\/ -->\n<title>Quelle taille fait Ang\u00e8le ? (taille, fiche v\u00e9rifi\u00e9e)<\/title>\n<meta name=\"description\" content=\"Ang\u00e8le mesure environ 1,70 m \u2014 les sources divergent de 1,65 \u00e0 1,74 m, aucune taille officielle. Fiche compl\u00e8te et nouvelle \u00e8re Instinct 2026.\" \/>\n<meta name=\"robots\" content=\"index, follow, max-snippet:-1, max-image-preview:large, max-video-preview:-1\" \/>\n<link rel=\"canonical\" href=\"https:\/\/starstory.fr\/blog\/celebrites-et-influence-en-france\/taille-des-stars\/quelle-taille-fait-angele\/\" \/>\n<meta property=\"og:locale\" content=\"fr_FR\" \/>\n<meta property=\"og:type\" content=\"article\" \/>\n<meta property=\"og:title\" content=\"Quelle taille fait Ang\u00e8le ? (taille, fiche v\u00e9rifi\u00e9e)\" \/>\n<meta property=\"og:description\" content=\"Ang\u00e8le mesure environ 1,70 m \u2014 les sources divergent de 1,65 \u00e0 1,74 m, aucune taille officielle. Fiche compl\u00e8te et nouvelle \u00e8re Instinct 2026.\" \/>\n<meta property=\"og:url\" content=\"https:\/\/starstory.fr\/blog\/celebrites-et-influence-en-france\/taille-des-stars\/quelle-taille-fait-angele\/\" \/>\n<meta property=\"og:site_name\" content=\"starstory\" \/>\n<meta property=\"og:image\" content=\"https:\/\/images.pexels.com\/photos\/7715781\/pexels-photo-7715781.jpeg?auto=compress&cs=tinysrgb&fit=crop&h=627&w=1200\" \/>\n<meta name=\"author\" content=\"Rapha\u00ebl D.\" \/>\n<meta name=\"twitter:card\" content=\"summary_large_image\" \/>\n<script type=\"application\/ld+json\" class=\"yoast-schema-graph\">{\"@context\":\"https:\/\/schema.org\",\"@graph\":[{\"@type\":\"NewsArticle\",\"@id\":\"https:\/\/starstory.fr\/blog\/celebrites-et-influence-en-france\/taille-des-stars\/quelle-taille-fait-angele\/#article\",\"isPartOf\":{\"@id\":\"https:\/\/starstory.fr\/blog\/celebrites-et-influence-en-france\/taille-des-stars\/quelle-taille-fait-angele\/\"},\"author\":{\"name\":\"Rapha\u00ebl D.\",\"@id\":\"https:\/\/starstory.fr\/blog\/#\/schema\/person\/3c864cdc320801e3db34b663e7e3f816\"},\"headline\":\"Quelle taille fait Ang\u00e8le ?\",\"datePublished\":\"2026-07-12T18:00:46+00:00\",\"mainEntityOfPage\":{\"@id\":\"https:\/\/starstory.fr\/blog\/celebrites-et-influence-en-france\/taille-des-stars\/quelle-taille-fait-angele\/\"},\"wordCount\":543,\"commentCount\":0,\"publisher\":{\"@id\":\"https:\/\/starstory.fr\/blog\/#organization\"},\"image\":{\"@id\":\"https:\/\/starstory.fr\/blog\/celebrites-et-influence-en-france\/taille-des-stars\/quelle-taille-fait-angele\/#primaryimage\"},\"thumbnailUrl\":\"https:\/\/images.pexels.com\/photos\/7715781\/pexels-photo-7715781.jpeg?auto=compress&cs=tinysrgb&fit=crop&h=627&w=1200\",\"articleSection\":[\"Taille et mensurations des stars\"],\"inLanguage\":\"fr-FR\",\"potentialAction\":[{\"@type\":\"CommentAction\",\"name\":\"Comment\",\"target\":[\"https:\/\/starstory.fr\/blog\/celebrites-et-influence-en-france\/taille-des-stars\/quelle-taille-fait-angele\/#respond\"]}]},{\"@type\":\"WebPage\",\"@id\":\"https:\/\/starstory.fr\/blog\/celebrites-et-influence-en-france\/taille-des-stars\/quelle-taille-fait-angele\/\",\"url\":\"https:\/\/starstory.fr\/blog\/celebrites-et-influence-en-france\/taille-des-stars\/quelle-taille-fait-angele\/\",\"name\":\"Quelle taille fait Ang\u00e8le ? (taille, fiche v\u00e9rifi\u00e9e)\",\"isPartOf\":{\"@id\":\"https:\/\/starstory.fr\/blog\/#website\"},\"primaryImageOfPage\":{\"@id\":\"https:\/\/starstory.fr\/blog\/celebrites-et-influence-en-france\/taille-des-stars\/quelle-taille-fait-angele\/#primaryimage\"},\"image\":{\"@id\":\"https:\/\/starstory.fr\/blog\/celebrites-et-influence-en-france\/taille-des-stars\/quelle-taille-fait-angele\/#primaryimage\"},\"thumbnailUrl\":\"https:\/\/images.pexels.com\/photos\/7715781\/pexels-photo-7715781.jpeg?auto=compress&cs=tinysrgb&fit=crop&h=627&w=1200\",\"datePublished\":\"2026-07-12T18:00:46+00:00\",\"description\":\"Ang\u00e8le mesure environ 1,70 m \u2014 les sources divergent de 1,65 \u00e0 1,74 m, aucune taille officielle. Fiche compl\u00e8te et nouvelle \u00e8re Instinct 2026.\",\"inLanguage\":\"fr-FR\",\"potentialAction\":[{\"@type\":\"ReadAction\",\"target\":[\"https:\/\/starstory.fr\/blog\/celebrites-et-influence-en-france\/taille-des-stars\/quelle-taille-fait-angele\/\"]}]},{\"@type\":\"ImageObject\",\"inLanguage\":\"fr-FR\",\"@id\":\"https:\/\/starstory.fr\/blog\/celebrites-et-influence-en-france\/taille-des-stars\/quelle-taille-fait-angele\/#primaryimage\",\"url\":\"https:\/\/images.pexels.com\/photos\/7715781\/pexels-photo-7715781.jpeg?auto=compress&cs=tinysrgb&fit=crop&h=627&w=1200\",\"contentUrl\":\"https:\/\/images.pexels.com\/photos\/7715781\/pexels-photo-7715781.jpeg?auto=compress&cs=tinysrgb&fit=crop&h=627&w=1200\"},{\"@type\":\"WebSite\",\"@id\":\"https:\/\/starstory.fr\/blog\/#website\",\"url\":\"https:\/\/starstory.fr\/blog\/\",\"name\":\"StarStory\",\"description\":\"StarStory, les \u00e9toiles racontent leur histoire\",\"publisher\":{\"@id\":\"https:\/\/starstory.fr\/blog\/#organization\"},\"alternateName\":\"StarStory, les \u00e9toiles racontent leur histoire\",\"potentialAction\":[{\"@type\":\"SearchAction\",\"target\":{\"@type\":\"EntryPoint\",\"urlTemplate\":\"https:\/\/starstory.fr\/blog\/?s={search_term_string}\"},\"query-input\":{\"@type\":\"PropertyValueSpecification\",\"valueRequired\":true,\"valueName\":\"search_term_string\"}}],\"inLanguage\":\"fr-FR\"},{\"@type\":\"Organization\",\"@id\":\"https:\/\/starstory.fr\/blog\/#organization\",\"name\":\"StarStory\",\"alternateName\":\"StarStory.fr\",\"url\":\"https:\/\/starstory.fr\/blog\/\",\"logo\":{\"@type\":\"ImageObject\",\"inLanguage\":\"fr-FR\",\"@id\":\"https:\/\/starstory.fr\/blog\/#\/schema\/logo\/image\/\",\"url\":\"https:\/\/starstory.fr\/blog\/wp-content\/uploads\/2024\/12\/38.png\",\"contentUrl\":\"https:\/\/starstory.fr\/blog\/wp-content\/uploads\/2024\/12\/38.png\",\"width\":500,\"height\":500,\"caption\":\"StarStory\"},\"image\":{\"@id\":\"https:\/\/starstory.fr\/blog\/#\/schema\/logo\/image\/\"}},{\"@type\":\"Person\",\"@id\":\"https:\/\/starstory.fr\/blog\/#\/schema\/person\/3c864cdc320801e3db34b663e7e3f816\",\"name\":\"Rapha\u00ebl D.\",\"image\":{\"@type\":\"ImageObject\",\"inLanguage\":\"fr-FR\",\"@id\":\"https:\/\/starstory.fr\/blog\/#\/schema\/person\/image\/\",\"url\":\"https:\/\/starstory.fr\/blog\/wp-content\/uploads\/2026\/06\/persona_raphael-d-96x96.jpg\",\"contentUrl\":\"https:\/\/starstory.fr\/blog\/wp-content\/uploads\/2026\/06\/persona_raphael-d-96x96.jpg\",\"caption\":\"Rapha\u00ebl D.\"},\"description\":\"La culture est mon terrain de jeu depuis une dizaine d'ann\u00e9es : arts visuels, s\u00e9ries, cr\u00e9ation et tout ce qui nourrit l'imaginaire. J'\u00e9cris aussi bien sur l'actualit\u00e9 des \u0153uvres que sur les coulisses de la cr\u00e9ation, avec l'envie de relier l'amateur curieux \u00e0 des univers parfois jug\u00e9s intimidants. J'aime analyser une s\u00e9rie ou une d\u00e9marche artistique sans p\u00e9dantisme, replacer une \u0153uvre dans son contexte et donner des cl\u00e9s de lecture accessibles. Avant de publier, je v\u00e9rifie mes r\u00e9f\u00e9rences, je recoupe les sources et je distingue clairement le fait de mon interpr\u00e9tation subjective. Je crois qu'une critique vaut surtout par les arguments qu'elle expose, pas par la sentence qu'elle rend. Mon angle : transmettre l'envie de d\u00e9couvrir, de regarder autrement et de se forger son propre go\u00fbt. La culture n'appartient pas qu'aux initi\u00e9s, et c'est tout l'enjeu de mon \u00e9criture.\",\"url\":\"https:\/\/starstory.fr\/blog\/auteur\/noname\/\",\"jobTitle\":\"R\u00e9dacteur en chef \u00b7 Culture & Cr\u00e9ation\",\"knowsAbout\":[\"Culture\",\"Cr\u00e9ation\"],\"email\":\"raphael.d@a-l-asso-de-l-art.fr\"}]}<\/script>\n<!-- \/ Yoast SEO Premium plugin. -->","yoast_head_json":{"title":"Quelle taille fait Ang\u00e8le ? (taille, fiche v\u00e9rifi\u00e9e)","description":"Ang\u00e8le mesure environ 1,70 m \u2014 les sources divergent de 1,65 \u00e0 1,74 m, aucune taille officielle. Fiche compl\u00e8te et nouvelle \u00e8re Instinct 2026.","robots":{"index":"index","follow":"follow","max-snippet":"max-snippet:-1","max-image-preview":"max-image-preview:large","max-video-preview":"max-video-preview:-1"},"canonical":"https:\/\/starstory.fr\/blog\/celebrites-et-influence-en-france\/taille-des-stars\/quelle-taille-fait-angele\/","og_locale":"fr_FR","og_type":"article","og_title":"Quelle taille fait Ang\u00e8le ? (taille, fiche v\u00e9rifi\u00e9e)","og_description":"Ang\u00e8le mesure environ 1,70 m \u2014 les sources divergent de 1,65 \u00e0 1,74 m, aucune taille officielle. Fiche compl\u00e8te et nouvelle \u00e8re Instinct 2026.","og_url":"https:\/\/starstory.fr\/blog\/celebrites-et-influence-en-france\/taille-des-stars\/quelle-taille-fait-angele\/","og_site_name":"starstory","og_image":[{"url":"https:\/\/images.pexels.com\/photos\/7715781\/pexels-photo-7715781.jpeg?auto=compress&cs=tinysrgb&fit=crop&h=627&w=1200","type":"","width":"","height":""}],"author":"Rapha\u00ebl D.","twitter_card":"summary_large_image","schema":{"@context":"https:\/\/schema.org","@graph":[{"@type":"NewsArticle","@id":"https:\/\/starstory.fr\/blog\/celebrites-et-influence-en-france\/taille-des-stars\/quelle-taille-fait-angele\/#article","isPartOf":{"@id":"https:\/\/starstory.fr\/blog\/celebrites-et-influence-en-france\/taille-des-stars\/quelle-taille-fait-angele\/"},"author":{"name":"Rapha\u00ebl D.","@id":"https:\/\/starstory.fr\/blog\/#\/schema\/person\/3c864cdc320801e3db34b663e7e3f816"},"headline":"Quelle taille fait Ang\u00e8le ?","datePublished":"2026-07-12T18:00:46+00:00","mainEntityOfPage":{"@id":"https:\/\/starstory.fr\/blog\/celebrites-et-influence-en-france\/taille-des-stars\/quelle-taille-fait-angele\/"},"wordCount":543,"commentCount":0,"publisher":{"@id":"https:\/\/starstory.fr\/blog\/#organization"},"image":{"@id":"https:\/\/starstory.fr\/blog\/celebrites-et-influence-en-france\/taille-des-stars\/quelle-taille-fait-angele\/#primaryimage"},"thumbnailUrl":"https:\/\/images.pexels.com\/photos\/7715781\/pexels-photo-7715781.jpeg?auto=compress&cs=tinysrgb&fit=crop&h=627&w=1200","articleSection":["Taille et mensurations des stars"],"inLanguage":"fr-FR","potentialAction":[{"@type":"CommentAction","name":"Comment","target":["https:\/\/starstory.fr\/blog\/celebrites-et-influence-en-france\/taille-des-stars\/quelle-taille-fait-angele\/#respond"]}]},{"@type":"WebPage","@id":"https:\/\/starstory.fr\/blog\/celebrites-et-influence-en-france\/taille-des-stars\/quelle-taille-fait-angele\/","url":"https:\/\/starstory.fr\/blog\/celebrites-et-influence-en-france\/taille-des-stars\/quelle-taille-fait-angele\/","name":"Quelle taille fait Ang\u00e8le ? (taille, fiche v\u00e9rifi\u00e9e)","isPartOf":{"@id":"https:\/\/starstory.fr\/blog\/#website"},"primaryImageOfPage":{"@id":"https:\/\/starstory.fr\/blog\/celebrites-et-influence-en-france\/taille-des-stars\/quelle-taille-fait-angele\/#primaryimage"},"image":{"@id":"https:\/\/starstory.fr\/blog\/celebrites-et-influence-en-france\/taille-des-stars\/quelle-taille-fait-angele\/#primaryimage"},"thumbnailUrl":"https:\/\/images.pexels.com\/photos\/7715781\/pexels-photo-7715781.jpeg?auto=compress&cs=tinysrgb&fit=crop&h=627&w=1200","datePublished":"2026-07-12T18:00:46+00:00","description":"Ang\u00e8le mesure environ 1,70 m \u2014 les sources divergent de 1,65 \u00e0 1,74 m, aucune taille officielle. Fiche compl\u00e8te et nouvelle \u00e8re Instinct 2026.","inLanguage":"fr-FR","potentialAction":[{"@type":"ReadAction","target":["https:\/\/starstory.fr\/blog\/celebrites-et-influence-en-france\/taille-des-stars\/quelle-taille-fait-angele\/"]}]},{"@type":"ImageObject","inLanguage":"fr-FR","@id":"https:\/\/starstory.fr\/blog\/celebrites-et-influence-en-france\/taille-des-stars\/quelle-taille-fait-angele\/#primaryimage","url":"https:\/\/images.pexels.com\/photos\/7715781\/pexels-photo-7715781.jpeg?auto=compress&cs=tinysrgb&fit=crop&h=627&w=1200","contentUrl":"https:\/\/images.pexels.com\/photos\/7715781\/pexels-photo-7715781.jpeg?auto=compress&cs=tinysrgb&fit=crop&h=627&w=1200"},{"@type":"WebSite","@id":"https:\/\/starstory.fr\/blog\/#website","url":"https:\/\/starstory.fr\/blog\/","name":"StarStory","description":"StarStory, les \u00e9toiles racontent leur histoire","publisher":{"@id":"https:\/\/starstory.fr\/blog\/#organization"},"alternateName":"StarStory, les \u00e9toiles racontent leur histoire","potentialAction":[{"@type":"SearchAction","target":{"@type":"EntryPoint","urlTemplate":"https:\/\/starstory.fr\/blog\/?s={search_term_string}"},"query-input":{"@type":"PropertyValueSpecification","valueRequired":true,"valueName":"search_term_string"}}],"inLanguage":"fr-FR"},{"@type":"Organization","@id":"https:\/\/starstory.fr\/blog\/#organization","name":"StarStory","alternateName":"StarStory.fr","url":"https:\/\/starstory.fr\/blog\/","logo":{"@type":"ImageObject","inLanguage":"fr-FR","@id":"https:\/\/starstory.fr\/blog\/#\/schema\/logo\/image\/","url":"https:\/\/starstory.fr\/blog\/wp-content\/uploads\/2024\/12\/38.png","contentUrl":"https:\/\/starstory.fr\/blog\/wp-content\/uploads\/2024\/12\/38.png","width":500,"height":500,"caption":"StarStory"},"image":{"@id":"https:\/\/starstory.fr\/blog\/#\/schema\/logo\/image\/"}},{"@type":"Person","@id":"https:\/\/starstory.fr\/blog\/#\/schema\/person\/3c864cdc320801e3db34b663e7e3f816","name":"Rapha\u00ebl D.","image":{"@type":"ImageObject","inLanguage":"fr-FR","@id":"https:\/\/starstory.fr\/blog\/#\/schema\/person\/image\/","url":"https:\/\/starstory.fr\/blog\/wp-content\/uploads\/2026\/06\/persona_raphael-d-96x96.jpg","contentUrl":"https:\/\/starstory.fr\/blog\/wp-content\/uploads\/2026\/06\/persona_raphael-d-96x96.jpg","caption":"Rapha\u00ebl D."},"description":"La culture est mon terrain de jeu depuis une dizaine d'ann\u00e9es : arts visuels, s\u00e9ries, cr\u00e9ation et tout ce qui nourrit l'imaginaire. J'\u00e9cris aussi bien sur l'actualit\u00e9 des \u0153uvres que sur les coulisses de la cr\u00e9ation, avec l'envie de relier l'amateur curieux \u00e0 des univers parfois jug\u00e9s intimidants. J'aime analyser une s\u00e9rie ou une d\u00e9marche artistique sans p\u00e9dantisme, replacer une \u0153uvre dans son contexte et donner des cl\u00e9s de lecture accessibles. Avant de publier, je v\u00e9rifie mes r\u00e9f\u00e9rences, je recoupe les sources et je distingue clairement le fait de mon interpr\u00e9tation subjective. Je crois qu'une critique vaut surtout par les arguments qu'elle expose, pas par la sentence qu'elle rend. Mon angle : transmettre l'envie de d\u00e9couvrir, de regarder autrement et de se forger son propre go\u00fbt. La culture n'appartient pas qu'aux initi\u00e9s, et c'est tout l'enjeu de mon \u00e9criture.","url":"https:\/\/starstory.fr\/blog\/auteur\/noname\/","jobTitle":"R\u00e9dacteur en chef \u00b7 Culture & Cr\u00e9ation","knowsAbout":["Culture","Cr\u00e9ation"],"email":"raphael.d@a-l-asso-de-l-art.fr"}]}},"_links":{"self":[{"href":"https:\/\/starstory.fr\/blog\/wp-json\/wp\/v2\/posts\/8256","targetHints":{"allow":["GET"]}}],"collection":[{"href":"https:\/\/starstory.fr\/blog\/wp-json\/wp\/v2\/posts"}],"about":[{"href":"https:\/\/starstory.fr\/blog\/wp-json\/wp\/v2\/types\/post"}],"author":[{"embeddable":true,"href":"https:\/\/starstory.fr\/blog\/wp-json\/wp\/v2\/users\/34"}],"replies":[{"embeddable":true,"href":"https:\/\/starstory.fr\/blog\/wp-json\/wp\/v2\/comments?post=8256"}],"version-history":[{"count":0,"href":"https:\/\/starstory.fr\/blog\/wp-json\/wp\/v2\/posts\/8256\/revisions"}],"wp:attachment":[{"href":"https:\/\/starstory.fr\/blog\/wp-json\/wp\/v2\/media?parent=8256"}],"wp:term":[{"taxonomy":"category","embeddable":true,"href":"https:\/\/starstory.fr\/blog\/wp-json\/wp\/v2\/categories?post=8256"},{"taxonomy":"post_tag","embeddable":true,"href":"https:\/\/starstory.fr\/blog\/wp-json\/wp\/v2\/tags?post=8256"}],"curies":[{"name":"wp","href":"https:\/\/api.w.org\/{rel}","templated":true}]}}