{"id":8253,"date":"2026-07-12T20:00:36","date_gmt":"2026-07-12T18:00:36","guid":{"rendered":"https:\/\/starstory.fr\/blog\/celebrites-et-influence-en-france\/taille-des-stars\/quelle-taille-fait-vald\/"},"modified":"2026-07-12T20:00:36","modified_gmt":"2026-07-12T18:00:36","slug":"quelle-taille-fait-vald","status":"publish","type":"post","link":"https:\/\/starstory.fr\/blog\/celebrites-et-influence-en-france\/taille-des-stars\/quelle-taille-fait-vald\/","title":{"rendered":"Quelle taille fait Vald ?"},"content":{"rendered":"<aside style=\"background:#FBEAF2;border-left:5px solid #B11E6A;padding:22px 28px;margin:24px 0;font-family:-apple-system,BlinkMacSystemFont,'Segoe UI',Roboto,sans-serif;\">\n<div style=\"margin:0;font-size:19px;line-height:1.55;color:#2a2a2a;font-weight:500;letter-spacing:-0.005em;\">\n    Vald mesure <strong>environ 1,80 m<\/strong> selon les estimations les plus reprises \u2014 certaines fiches montent \u00e0 1,85 m, aucune donn\u00e9e officielle n&rsquo;existe. Le gabarit passe-partout du rappeur le plus insaisissable d&rsquo;Aulnay.\n  <\/div>\n<\/aside>\n<figure style=\"margin:32px 0;font-family:-apple-system,BlinkMacSystemFont,'Segoe UI',Roboto,sans-serif;\">\n<div style=\"overflow-x:auto;border:1px solid #e5e5e0;border-radius:8px;\">\n<table style=\"width:100%;border-collapse:collapse;font-size:14px;color:#2a2a2a;min-width:500px;\">\n<thead>\n<tr style=\"background:#1a1a1a;color:#fff;\">\n<th style=\"text-align:left;padding:14px 18px;font-weight:700;font-size:12px;text-transform:uppercase;letter-spacing:1.5px;\">Fiche mensurations<\/th>\n<th style=\"text-align:left;padding:14px 18px;font-weight:700;font-size:12px;text-transform:uppercase;letter-spacing:1.5px;\">D\u00e9tail<\/th>\n<\/tr>\n<\/thead>\n<tbody>\n<tr style=\"background:#fff;border-bottom:1px solid #f0ede5;\">\n<td style=\"padding:14px 18px;font-weight:600;\">Nom complet<\/td>\n<td style=\"padding:14px 18px;color:#4a4a4a;\">Valentin Le Du, dit Vald<\/td>\n<\/tr>\n<tr style=\"background:#fafaf7;border-bottom:1px solid #f0ede5;\">\n<td style=\"padding:14px 18px;font-weight:600;\">Naissance<\/td>\n<td style=\"padding:14px 18px;color:#4a4a4a;\">15 juillet 1992, Le Blanc-Mesnil \u2014 grandi \u00e0 Aulnay-sous-Bois (Seine-Saint-Denis)<\/td>\n<\/tr>\n<tr style=\"background:#fff;border-bottom:1px solid #f0ede5;\">\n<td style=\"padding:14px 18px;font-weight:600;\">Taille<\/td>\n<td style=\"padding:14px 18px;color:#4a4a4a;\"><strong>\u2248 1,80 m<\/strong> (estimation la plus reprise \u2014 certaines fiches indiquent 1,85 m)<\/td>\n<\/tr>\n<tr style=\"background:#fafaf7;border-bottom:1px solid #f0ede5;\">\n<td style=\"padding:14px 18px;font-weight:600;\">Poids<\/td>\n<td style=\"padding:14px 18px;color:#4a4a4a;\">Non communiqu\u00e9<\/td>\n<\/tr>\n<tr style=\"background:#fff;border-bottom:1px solid #f0ede5;\">\n<td style=\"padding:14px 18px;font-weight:600;\">Nationalit\u00e9<\/td>\n<td style=\"padding:14px 18px;color:#4a4a4a;\">Fran\u00e7aise<\/td>\n<\/tr>\n<tr style=\"background:#fafaf7;\">\n<td style=\"padding:14px 18px;font-weight:600;\">Discipline<\/td>\n<td style=\"padding:14px 18px;color:#4a4a4a;\">Rap \u2014 \u00ab Agartha \u00bb, \u00ab XEU \u00bb, \u00ab Ce monde est cruel \u00bb, \u00ab V \u00bb : quatre albums majeurs certifi\u00e9s<\/td>\n<\/tr>\n<\/tbody>\n<\/table><\/div>\n<\/figure>\n<h2>1,80 m : l&rsquo;estimation qui fait consensus<\/h2>\n<p>Vald n&rsquo;a jamais confirm\u00e9 sa taille, fid\u00e8le \u00e0 sa ligne : brouiller les pistes. Les sites sp\u00e9cialis\u00e9s retiennent majoritairement <strong>1,80 m<\/strong>, quelques-uns 1,85 m \u2014 une fourchette qui le place au-dessus de la moyenne fran\u00e7aise, ce que confirment ses apparitions aux c\u00f4t\u00e9s d&rsquo;autres rappeurs. Retenez 1,80 m comme ordre de grandeur, pas comme un relev\u00e9 m\u00e9dical.<\/p>\n<p>Il domine ainsi l\u00e9g\u00e8rement <a href=\"https:\/\/starstory.fr\/blog\/celebrites-et-influence-en-france\/taille-des-stars\/quelle-taille-fait-orelsan\/\">Orelsan (\u2248 1,77 m)<\/a>, l&rsquo;autre grand ironiste du rap fran\u00e7ais, et reste sous <a href=\"https:\/\/starstory.fr\/blog\/celebrites-et-influence-en-france\/taille-des-stars\/quelle-taille-fait-damso\/\">Damso (\u2248 1,85 m)<\/a>, avec qui il partage le go\u00fbt des textes \u00e0 double fond.<\/p>\n<h2>Le corps comme accessoire de mise en sc\u00e8ne<\/h2>\n<p>Silhouette longiligne, d\u00e9gaine volontairement quelconque, surv\u00eatement ou costume selon le concept du moment : Vald utilise son physique comme un \u00e9l\u00e9ment de ses personnages \u2014 du \u00ab NQNT \u00bb lunaire aux clips dystopiques de \u00ab XEU \u00bb. Sur sc\u00e8ne, il alterne nonchalance calcul\u00e9e et explosions d&rsquo;\u00e9nergie, sans jamais jouer la carte du gabarit.<\/p>\n<aside style=\"background:#FBEAF2;border-left:4px solid #B11E6A;padding:14px 18px;margin:18px 0;border-radius:0 4px 4px 0;font-family:-apple-system,BlinkMacSystemFont,'Segoe UI',Roboto,sans-serif;\">\n  <strong style=\"display:inline-block;color:#8a1450;font-size:12px;text-transform:uppercase;letter-spacing:1.5px;margin-right:8px;\">&#128161; Bon \u00e0 savoir<\/strong><br \/>\n  <span style=\"font-size:14.5px;line-height:1.55;color:#3a3a3a;\">Pionnier du rap \u00ab absurde \u00bb fran\u00e7ais avec \u00ab NQNT \u00bb d\u00e8s 2014, Vald a r\u00e9ussi la transition vers les stades : ses albums \u00ab XEU \u00bb et \u00ab Ce monde est cruel \u00bb sont certifi\u00e9s diamant et platine.<\/span><br \/>\n<\/aside>\n<h2>Signes distinctifs<\/h2>\n<p>Cheveux blonds coup\u00e9s court, regard bleu d\u00e9lav\u00e9 souvent moqueur, et une garde-robe qui va du surv\u00eatement au costume trois-pi\u00e8ces selon l&rsquo;\u00e9poque promotionnelle : Vald change d&rsquo;apparence comme de flow. Constante unique : l&rsquo;ironie, dans la posture comme dans le texte.<\/p>\n<h2>Traits de caract\u00e8re<\/h2>\n<p>Insaisissable en interview \u2014 mi-provocateur, mi-philosophe \u2014, Vald est d\u00e9crit comme un hyper-lucide qui met de la distance avec tout, c\u00e9l\u00e9brit\u00e9 comprise. Derri\u00e8re le troll de g\u00e9nie, ses collaborateurs racontent un perfectionniste du texte, obs\u00e9d\u00e9 par la densit\u00e9 des rimes.<\/p>\n<p>Pour situer Vald face aux autres c\u00e9l\u00e9brit\u00e9s, consultez notre <a href=\"https:\/\/starstory.fr\/blog\/celebrites-et-influence-en-france\/taille-des-stars\/quelle-taille-font-les-stars\/\">guide complet des tailles des stars<\/a>, qui r\u00e9capitule les mensurations v\u00e9rifi\u00e9es de dizaines de personnalit\u00e9s.<\/p>\n<h2>Questions fr\u00e9quentes<\/h2>\n<details style=\"border:1px solid #e5e5e0;border-radius:8px;padding:14px 18px;margin:12px 0;font-family:-apple-system,BlinkMacSystemFont,'Segoe UI',Roboto,sans-serif;\">\n<summary style=\"font-weight:700;font-size:15.5px;color:#1a1a1a;cursor:pointer;\">Quelle est la taille de Vald ?<\/summary>\n<p style=\"margin:12px 0 0;font-size:15px;line-height:1.6;color:#3a3a3a;\">L&rsquo;estimation la plus reprise est <strong>1,80 m<\/strong>, certaines fiches allant jusqu&rsquo;\u00e0 1,85 m. Aucune donn\u00e9e officielle n&rsquo;a jamais \u00e9t\u00e9 communiqu\u00e9e par le rappeur.<\/p>\n<\/details>\n<details style=\"border:1px solid #e5e5e0;border-radius:8px;padding:14px 18px;margin:12px 0;font-family:-apple-system,BlinkMacSystemFont,'Segoe UI',Roboto,sans-serif;\">\n<summary style=\"font-weight:700;font-size:15.5px;color:#1a1a1a;cursor:pointer;\">Quel est le vrai nom de Vald ?<\/summary>\n<p style=\"margin:12px 0 0;font-size:15px;line-height:1.6;color:#3a3a3a;\"><strong>Valentin Le Du<\/strong>, n\u00e9 le 15 juillet 1992 au Blanc-Mesnil et \u00e9lev\u00e9 \u00e0 Aulnay-sous-Bois, en Seine-Saint-Denis \u2014 le \u00ab V \u00bb de son cinqui\u00e8me album.<\/p>\n<\/details>\n<details style=\"border:1px solid #e5e5e0;border-radius:8px;padding:14px 18px;margin:12px 0;font-family:-apple-system,BlinkMacSystemFont,'Segoe UI',Roboto,sans-serif;\">\n<summary style=\"font-weight:700;font-size:15.5px;color:#1a1a1a;cursor:pointer;\">Vald est-il plus grand qu&rsquo;Orelsan ?<\/summary>\n<p style=\"margin:12px 0 0;font-size:15px;line-height:1.6;color:#3a3a3a;\">Selon les estimations, oui, de peu : \u2248 1,80 m contre \u2248 1,77 m pour Orelsan. Les deux chiffres restent non officiels.<\/p>\n<\/details>\n<p style=\"font-size:13px;color:#6a6a6a;margin-top:28px;\">Sources : sites de mensurations sp\u00e9cialis\u00e9s (estimations crois\u00e9es, aucune donn\u00e9e officielle), biographies presse.<\/p>\n<p><script type=\"application\/ld+json\">{\"@context\": \"https:\/\/schema.org\", \"@type\": \"FAQPage\", \"mainEntity\": [{\"@type\": \"Question\", \"name\": \"Quelle est la taille de Vald ?\", \"acceptedAnswer\": {\"@type\": \"Answer\", \"text\": \"L'estimation la plus reprise est 1,80 m, certaines fiches allant jusqu'\u00e0 1,85 m. Aucune donn\u00e9e officielle n'a jamais \u00e9t\u00e9 communiqu\u00e9e par le rappeur.\"}}, {\"@type\": \"Question\", \"name\": \"Quel est le vrai nom de Vald ?\", \"acceptedAnswer\": {\"@type\": \"Answer\", \"text\": \"Valentin Le Du, n\u00e9 le 15 juillet 1992 au Blanc-Mesnil et \u00e9lev\u00e9 \u00e0 Aulnay-sous-Bois, en Seine-Saint-Denis \u2014 le \u00ab V \u00bb de son cinqui\u00e8me album.\"}}, {\"@type\": \"Question\", \"name\": \"Vald est-il plus grand qu'Orelsan ?\", \"acceptedAnswer\": {\"@type\": \"Answer\", \"text\": \"Selon les estimations, oui, de peu : \u2248 1,80 m contre \u2248 1,77 m pour Orelsan. Les deux chiffres restent non officiels.\"}}]}<\/script><\/p>\n","protected":false},"excerpt":{"rendered":"","protected":false},"author":41,"featured_media":999999999,"comment_status":"open","ping_status":"open","sticky":false,"template":"","format":"standard","meta":{"_acf_changed":false,"manual_indexmenow":false,"indexmenow_id_project":0,"footnotes":""},"categories":[4839],"tags":[],"class_list":["post-8253","post","type-post","status-publish","format-standard","has-post-thumbnail","hentry","category-taille-des-stars","generate-columns","tablet-grid-50","mobile-grid-100","grid-parent","grid-25"],"acf":[],"yoast_head":"<!-- This site is optimized with the Yoast SEO Premium plugin v21.3 (Yoast SEO v26.5) - https:\/\/yoast.com\/wordpress\/plugins\/seo\/ -->\n<title>Quelle taille fait Vald ? (taille, fiche v\u00e9rifi\u00e9e)<\/title>\n<meta name=\"description\" content=\"Vald mesure environ 1,80 m selon les estimations (parfois 1,85 m) \u2014 aucune donn\u00e9e officielle. Taille, vrai nom Valentin Le Du : la fiche compl\u00e8te.\" \/>\n<meta name=\"robots\" content=\"index, follow, max-snippet:-1, max-image-preview:large, max-video-preview:-1\" \/>\n<link rel=\"canonical\" href=\"https:\/\/starstory.fr\/blog\/celebrites-et-influence-en-france\/taille-des-stars\/quelle-taille-fait-vald\/\" \/>\n<meta property=\"og:locale\" content=\"fr_FR\" \/>\n<meta property=\"og:type\" content=\"article\" \/>\n<meta property=\"og:title\" content=\"Quelle taille fait Vald ? (taille, fiche v\u00e9rifi\u00e9e)\" \/>\n<meta property=\"og:description\" content=\"Vald mesure environ 1,80 m selon les estimations (parfois 1,85 m) \u2014 aucune donn\u00e9e officielle. Taille, vrai nom Valentin Le Du : la fiche compl\u00e8te.\" \/>\n<meta property=\"og:url\" content=\"https:\/\/starstory.fr\/blog\/celebrites-et-influence-en-france\/taille-des-stars\/quelle-taille-fait-vald\/\" \/>\n<meta property=\"og:site_name\" content=\"starstory\" \/>\n<meta property=\"og:image\" content=\"https:\/\/images.pexels.com\/photos\/8186273\/pexels-photo-8186273.jpeg?auto=compress&cs=tinysrgb&fit=crop&h=627&w=1200\" \/>\n<meta name=\"author\" content=\"Sophie Moreau\" \/>\n<meta name=\"twitter:card\" content=\"summary_large_image\" \/>\n<script type=\"application\/ld+json\" class=\"yoast-schema-graph\">{\"@context\":\"https:\/\/schema.org\",\"@graph\":[{\"@type\":\"NewsArticle\",\"@id\":\"https:\/\/starstory.fr\/blog\/celebrites-et-influence-en-france\/taille-des-stars\/quelle-taille-fait-vald\/#article\",\"isPartOf\":{\"@id\":\"https:\/\/starstory.fr\/blog\/celebrites-et-influence-en-france\/taille-des-stars\/quelle-taille-fait-vald\/\"},\"author\":{\"name\":\"Sophie Moreau\",\"@id\":\"https:\/\/starstory.fr\/blog\/#\/schema\/person\/2cb6361ad79e679e2b744281310c1e3b\"},\"headline\":\"Quelle taille fait Vald ?\",\"datePublished\":\"2026-07-12T18:00:36+00:00\",\"mainEntityOfPage\":{\"@id\":\"https:\/\/starstory.fr\/blog\/celebrites-et-influence-en-france\/taille-des-stars\/quelle-taille-fait-vald\/\"},\"wordCount\":516,\"commentCount\":0,\"publisher\":{\"@id\":\"https:\/\/starstory.fr\/blog\/#organization\"},\"image\":{\"@id\":\"https:\/\/starstory.fr\/blog\/celebrites-et-influence-en-france\/taille-des-stars\/quelle-taille-fait-vald\/#primaryimage\"},\"thumbnailUrl\":\"https:\/\/images.pexels.com\/photos\/8186273\/pexels-photo-8186273.jpeg?auto=compress&cs=tinysrgb&fit=crop&h=627&w=1200\",\"articleSection\":[\"Taille et mensurations des stars\"],\"inLanguage\":\"fr-FR\",\"potentialAction\":[{\"@type\":\"CommentAction\",\"name\":\"Comment\",\"target\":[\"https:\/\/starstory.fr\/blog\/celebrites-et-influence-en-france\/taille-des-stars\/quelle-taille-fait-vald\/#respond\"]}]},{\"@type\":\"WebPage\",\"@id\":\"https:\/\/starstory.fr\/blog\/celebrites-et-influence-en-france\/taille-des-stars\/quelle-taille-fait-vald\/\",\"url\":\"https:\/\/starstory.fr\/blog\/celebrites-et-influence-en-france\/taille-des-stars\/quelle-taille-fait-vald\/\",\"name\":\"Quelle taille fait Vald ? (taille, fiche v\u00e9rifi\u00e9e)\",\"isPartOf\":{\"@id\":\"https:\/\/starstory.fr\/blog\/#website\"},\"primaryImageOfPage\":{\"@id\":\"https:\/\/starstory.fr\/blog\/celebrites-et-influence-en-france\/taille-des-stars\/quelle-taille-fait-vald\/#primaryimage\"},\"image\":{\"@id\":\"https:\/\/starstory.fr\/blog\/celebrites-et-influence-en-france\/taille-des-stars\/quelle-taille-fait-vald\/#primaryimage\"},\"thumbnailUrl\":\"https:\/\/images.pexels.com\/photos\/8186273\/pexels-photo-8186273.jpeg?auto=compress&cs=tinysrgb&fit=crop&h=627&w=1200\",\"datePublished\":\"2026-07-12T18:00:36+00:00\",\"description\":\"Vald mesure environ 1,80 m selon les estimations (parfois 1,85 m) \u2014 aucune donn\u00e9e officielle. Taille, vrai nom Valentin Le Du : la fiche compl\u00e8te.\",\"inLanguage\":\"fr-FR\",\"potentialAction\":[{\"@type\":\"ReadAction\",\"target\":[\"https:\/\/starstory.fr\/blog\/celebrites-et-influence-en-france\/taille-des-stars\/quelle-taille-fait-vald\/\"]}]},{\"@type\":\"ImageObject\",\"inLanguage\":\"fr-FR\",\"@id\":\"https:\/\/starstory.fr\/blog\/celebrites-et-influence-en-france\/taille-des-stars\/quelle-taille-fait-vald\/#primaryimage\",\"url\":\"https:\/\/images.pexels.com\/photos\/8186273\/pexels-photo-8186273.jpeg?auto=compress&cs=tinysrgb&fit=crop&h=627&w=1200\",\"contentUrl\":\"https:\/\/images.pexels.com\/photos\/8186273\/pexels-photo-8186273.jpeg?auto=compress&cs=tinysrgb&fit=crop&h=627&w=1200\"},{\"@type\":\"WebSite\",\"@id\":\"https:\/\/starstory.fr\/blog\/#website\",\"url\":\"https:\/\/starstory.fr\/blog\/\",\"name\":\"StarStory\",\"description\":\"StarStory, les \u00e9toiles racontent leur histoire\",\"publisher\":{\"@id\":\"https:\/\/starstory.fr\/blog\/#organization\"},\"alternateName\":\"StarStory, les \u00e9toiles racontent leur histoire\",\"potentialAction\":[{\"@type\":\"SearchAction\",\"target\":{\"@type\":\"EntryPoint\",\"urlTemplate\":\"https:\/\/starstory.fr\/blog\/?s={search_term_string}\"},\"query-input\":{\"@type\":\"PropertyValueSpecification\",\"valueRequired\":true,\"valueName\":\"search_term_string\"}}],\"inLanguage\":\"fr-FR\"},{\"@type\":\"Organization\",\"@id\":\"https:\/\/starstory.fr\/blog\/#organization\",\"name\":\"StarStory\",\"alternateName\":\"StarStory.fr\",\"url\":\"https:\/\/starstory.fr\/blog\/\",\"logo\":{\"@type\":\"ImageObject\",\"inLanguage\":\"fr-FR\",\"@id\":\"https:\/\/starstory.fr\/blog\/#\/schema\/logo\/image\/\",\"url\":\"https:\/\/starstory.fr\/blog\/wp-content\/uploads\/2024\/12\/38.png\",\"contentUrl\":\"https:\/\/starstory.fr\/blog\/wp-content\/uploads\/2024\/12\/38.png\",\"width\":500,\"height\":500,\"caption\":\"StarStory\"},\"image\":{\"@id\":\"https:\/\/starstory.fr\/blog\/#\/schema\/logo\/image\/\"}},{\"@type\":\"Person\",\"@id\":\"https:\/\/starstory.fr\/blog\/#\/schema\/person\/2cb6361ad79e679e2b744281310c1e3b\",\"name\":\"Sophie Moreau\",\"image\":{\"@type\":\"ImageObject\",\"inLanguage\":\"fr-FR\",\"@id\":\"https:\/\/starstory.fr\/blog\/#\/schema\/person\/image\/\",\"url\":\"https:\/\/secure.gravatar.com\/avatar\/?s=96&d=mm&r=g\",\"contentUrl\":\"https:\/\/secure.gravatar.com\/avatar\/?s=96&d=mm&r=g\",\"caption\":\"Sophie Moreau\"},\"description\":\"Sophie partage des articles sur les stars musicales de chaque d\u00e9cennie et leur impact sur la sc\u00e8ne fran\u00e7aise et internationale.\",\"url\":\"https:\/\/starstory.fr\/blog\/auteur\/sophie-moreau\/\",\"jobTitle\":\"Contributrice maison & d\u00e9co\",\"email\":\"sophie.moreau@starstory.fr\"}]}<\/script>\n<!-- \/ Yoast SEO Premium plugin. -->","yoast_head_json":{"title":"Quelle taille fait Vald ? (taille, fiche v\u00e9rifi\u00e9e)","description":"Vald mesure environ 1,80 m selon les estimations (parfois 1,85 m) \u2014 aucune donn\u00e9e officielle. Taille, vrai nom Valentin Le Du : la fiche compl\u00e8te.","robots":{"index":"index","follow":"follow","max-snippet":"max-snippet:-1","max-image-preview":"max-image-preview:large","max-video-preview":"max-video-preview:-1"},"canonical":"https:\/\/starstory.fr\/blog\/celebrites-et-influence-en-france\/taille-des-stars\/quelle-taille-fait-vald\/","og_locale":"fr_FR","og_type":"article","og_title":"Quelle taille fait Vald ? (taille, fiche v\u00e9rifi\u00e9e)","og_description":"Vald mesure environ 1,80 m selon les estimations (parfois 1,85 m) \u2014 aucune donn\u00e9e officielle. Taille, vrai nom Valentin Le Du : la fiche compl\u00e8te.","og_url":"https:\/\/starstory.fr\/blog\/celebrites-et-influence-en-france\/taille-des-stars\/quelle-taille-fait-vald\/","og_site_name":"starstory","og_image":[{"url":"https:\/\/images.pexels.com\/photos\/8186273\/pexels-photo-8186273.jpeg?auto=compress&cs=tinysrgb&fit=crop&h=627&w=1200","type":"","width":"","height":""}],"author":"Sophie Moreau","twitter_card":"summary_large_image","schema":{"@context":"https:\/\/schema.org","@graph":[{"@type":"NewsArticle","@id":"https:\/\/starstory.fr\/blog\/celebrites-et-influence-en-france\/taille-des-stars\/quelle-taille-fait-vald\/#article","isPartOf":{"@id":"https:\/\/starstory.fr\/blog\/celebrites-et-influence-en-france\/taille-des-stars\/quelle-taille-fait-vald\/"},"author":{"name":"Sophie Moreau","@id":"https:\/\/starstory.fr\/blog\/#\/schema\/person\/2cb6361ad79e679e2b744281310c1e3b"},"headline":"Quelle taille fait Vald ?","datePublished":"2026-07-12T18:00:36+00:00","mainEntityOfPage":{"@id":"https:\/\/starstory.fr\/blog\/celebrites-et-influence-en-france\/taille-des-stars\/quelle-taille-fait-vald\/"},"wordCount":516,"commentCount":0,"publisher":{"@id":"https:\/\/starstory.fr\/blog\/#organization"},"image":{"@id":"https:\/\/starstory.fr\/blog\/celebrites-et-influence-en-france\/taille-des-stars\/quelle-taille-fait-vald\/#primaryimage"},"thumbnailUrl":"https:\/\/images.pexels.com\/photos\/8186273\/pexels-photo-8186273.jpeg?auto=compress&cs=tinysrgb&fit=crop&h=627&w=1200","articleSection":["Taille et mensurations des stars"],"inLanguage":"fr-FR","potentialAction":[{"@type":"CommentAction","name":"Comment","target":["https:\/\/starstory.fr\/blog\/celebrites-et-influence-en-france\/taille-des-stars\/quelle-taille-fait-vald\/#respond"]}]},{"@type":"WebPage","@id":"https:\/\/starstory.fr\/blog\/celebrites-et-influence-en-france\/taille-des-stars\/quelle-taille-fait-vald\/","url":"https:\/\/starstory.fr\/blog\/celebrites-et-influence-en-france\/taille-des-stars\/quelle-taille-fait-vald\/","name":"Quelle taille fait Vald ? (taille, fiche v\u00e9rifi\u00e9e)","isPartOf":{"@id":"https:\/\/starstory.fr\/blog\/#website"},"primaryImageOfPage":{"@id":"https:\/\/starstory.fr\/blog\/celebrites-et-influence-en-france\/taille-des-stars\/quelle-taille-fait-vald\/#primaryimage"},"image":{"@id":"https:\/\/starstory.fr\/blog\/celebrites-et-influence-en-france\/taille-des-stars\/quelle-taille-fait-vald\/#primaryimage"},"thumbnailUrl":"https:\/\/images.pexels.com\/photos\/8186273\/pexels-photo-8186273.jpeg?auto=compress&cs=tinysrgb&fit=crop&h=627&w=1200","datePublished":"2026-07-12T18:00:36+00:00","description":"Vald mesure environ 1,80 m selon les estimations (parfois 1,85 m) \u2014 aucune donn\u00e9e officielle. Taille, vrai nom Valentin Le Du : la fiche compl\u00e8te.","inLanguage":"fr-FR","potentialAction":[{"@type":"ReadAction","target":["https:\/\/starstory.fr\/blog\/celebrites-et-influence-en-france\/taille-des-stars\/quelle-taille-fait-vald\/"]}]},{"@type":"ImageObject","inLanguage":"fr-FR","@id":"https:\/\/starstory.fr\/blog\/celebrites-et-influence-en-france\/taille-des-stars\/quelle-taille-fait-vald\/#primaryimage","url":"https:\/\/images.pexels.com\/photos\/8186273\/pexels-photo-8186273.jpeg?auto=compress&cs=tinysrgb&fit=crop&h=627&w=1200","contentUrl":"https:\/\/images.pexels.com\/photos\/8186273\/pexels-photo-8186273.jpeg?auto=compress&cs=tinysrgb&fit=crop&h=627&w=1200"},{"@type":"WebSite","@id":"https:\/\/starstory.fr\/blog\/#website","url":"https:\/\/starstory.fr\/blog\/","name":"StarStory","description":"StarStory, les \u00e9toiles racontent leur histoire","publisher":{"@id":"https:\/\/starstory.fr\/blog\/#organization"},"alternateName":"StarStory, les \u00e9toiles racontent leur histoire","potentialAction":[{"@type":"SearchAction","target":{"@type":"EntryPoint","urlTemplate":"https:\/\/starstory.fr\/blog\/?s={search_term_string}"},"query-input":{"@type":"PropertyValueSpecification","valueRequired":true,"valueName":"search_term_string"}}],"inLanguage":"fr-FR"},{"@type":"Organization","@id":"https:\/\/starstory.fr\/blog\/#organization","name":"StarStory","alternateName":"StarStory.fr","url":"https:\/\/starstory.fr\/blog\/","logo":{"@type":"ImageObject","inLanguage":"fr-FR","@id":"https:\/\/starstory.fr\/blog\/#\/schema\/logo\/image\/","url":"https:\/\/starstory.fr\/blog\/wp-content\/uploads\/2024\/12\/38.png","contentUrl":"https:\/\/starstory.fr\/blog\/wp-content\/uploads\/2024\/12\/38.png","width":500,"height":500,"caption":"StarStory"},"image":{"@id":"https:\/\/starstory.fr\/blog\/#\/schema\/logo\/image\/"}},{"@type":"Person","@id":"https:\/\/starstory.fr\/blog\/#\/schema\/person\/2cb6361ad79e679e2b744281310c1e3b","name":"Sophie Moreau","image":{"@type":"ImageObject","inLanguage":"fr-FR","@id":"https:\/\/starstory.fr\/blog\/#\/schema\/person\/image\/","url":"https:\/\/secure.gravatar.com\/avatar\/?s=96&d=mm&r=g","contentUrl":"https:\/\/secure.gravatar.com\/avatar\/?s=96&d=mm&r=g","caption":"Sophie Moreau"},"description":"Sophie partage des articles sur les stars musicales de chaque d\u00e9cennie et leur impact sur la sc\u00e8ne fran\u00e7aise et internationale.","url":"https:\/\/starstory.fr\/blog\/auteur\/sophie-moreau\/","jobTitle":"Contributrice maison & d\u00e9co","email":"sophie.moreau@starstory.fr"}]}},"_links":{"self":[{"href":"https:\/\/starstory.fr\/blog\/wp-json\/wp\/v2\/posts\/8253","targetHints":{"allow":["GET"]}}],"collection":[{"href":"https:\/\/starstory.fr\/blog\/wp-json\/wp\/v2\/posts"}],"about":[{"href":"https:\/\/starstory.fr\/blog\/wp-json\/wp\/v2\/types\/post"}],"author":[{"embeddable":true,"href":"https:\/\/starstory.fr\/blog\/wp-json\/wp\/v2\/users\/41"}],"replies":[{"embeddable":true,"href":"https:\/\/starstory.fr\/blog\/wp-json\/wp\/v2\/comments?post=8253"}],"version-history":[{"count":0,"href":"https:\/\/starstory.fr\/blog\/wp-json\/wp\/v2\/posts\/8253\/revisions"}],"wp:attachment":[{"href":"https:\/\/starstory.fr\/blog\/wp-json\/wp\/v2\/media?parent=8253"}],"wp:term":[{"taxonomy":"category","embeddable":true,"href":"https:\/\/starstory.fr\/blog\/wp-json\/wp\/v2\/categories?post=8253"},{"taxonomy":"post_tag","embeddable":true,"href":"https:\/\/starstory.fr\/blog\/wp-json\/wp\/v2\/tags?post=8253"}],"curies":[{"name":"wp","href":"https:\/\/api.w.org\/{rel}","templated":true}]}}