{"id":8252,"date":"2026-07-12T20:00:32","date_gmt":"2026-07-12T18:00:32","guid":{"rendered":"https:\/\/starstory.fr\/blog\/celebrites-et-influence-en-france\/taille-des-stars\/quelle-taille-fait-soso-maness\/"},"modified":"2026-07-12T20:00:32","modified_gmt":"2026-07-12T18:00:32","slug":"quelle-taille-fait-soso-maness","status":"publish","type":"post","link":"https:\/\/starstory.fr\/blog\/celebrites-et-influence-en-france\/taille-des-stars\/quelle-taille-fait-soso-maness\/","title":{"rendered":"Quelle taille fait Soso Maness ?"},"content":{"rendered":"<aside style=\"background:#FBEAF2;border-left:5px solid #B11E6A;padding:22px 28px;margin:24px 0;font-family:-apple-system,BlinkMacSystemFont,'Segoe UI',Roboto,sans-serif;\">\n<div style=\"margin:0;font-size:19px;line-height:1.55;color:#2a2a2a;font-weight:500;letter-spacing:-0.005em;\">\n    Soso Maness mesure <strong>environ 1,69 m<\/strong> selon la fiche biographique la plus d\u00e9taill\u00e9e \u2014 estimation, aucune donn\u00e9e officielle. L&rsquo;un des plus petits gabarits du rap marseillais, et l&rsquo;une de ses plus grandes gueules, au bon sens du terme.\n  <\/div>\n<\/aside>\n<figure style=\"margin:32px 0;font-family:-apple-system,BlinkMacSystemFont,'Segoe UI',Roboto,sans-serif;\">\n<div style=\"overflow-x:auto;border:1px solid #e5e5e0;border-radius:8px;\">\n<table style=\"width:100%;border-collapse:collapse;font-size:14px;color:#2a2a2a;min-width:500px;\">\n<thead>\n<tr style=\"background:#1a1a1a;color:#fff;\">\n<th style=\"text-align:left;padding:14px 18px;font-weight:700;font-size:12px;text-transform:uppercase;letter-spacing:1.5px;\">Fiche mensurations<\/th>\n<th style=\"text-align:left;padding:14px 18px;font-weight:700;font-size:12px;text-transform:uppercase;letter-spacing:1.5px;\">D\u00e9tail<\/th>\n<\/tr>\n<\/thead>\n<tbody>\n<tr style=\"background:#fff;border-bottom:1px solid #f0ede5;\">\n<td style=\"padding:14px 18px;font-weight:600;\">Nom complet<\/td>\n<td style=\"padding:14px 18px;color:#4a4a4a;\">Sofien Manessour, dit Soso Maness<\/td>\n<\/tr>\n<tr style=\"background:#fafaf7;border-bottom:1px solid #f0ede5;\">\n<td style=\"padding:14px 18px;font-weight:600;\">Naissance<\/td>\n<td style=\"padding:14px 18px;color:#4a4a4a;\">Marseille \u2014 21 mars 1987 (Wikip\u00e9dia) ou 23 mars 1988 selon les sources<\/td>\n<\/tr>\n<tr style=\"background:#fff;border-bottom:1px solid #f0ede5;\">\n<td style=\"padding:14px 18px;font-weight:600;\">Taille<\/td>\n<td style=\"padding:14px 18px;color:#4a4a4a;\"><strong>\u2248 1,69 m<\/strong> (fiche biographique d\u00e9taill\u00e9e, non officielle)<\/td>\n<\/tr>\n<tr style=\"background:#fafaf7;border-bottom:1px solid #f0ede5;\">\n<td style=\"padding:14px 18px;font-weight:600;\">Poids<\/td>\n<td style=\"padding:14px 18px;color:#4a4a4a;\">Non communiqu\u00e9<\/td>\n<\/tr>\n<tr style=\"background:#fff;border-bottom:1px solid #f0ede5;\">\n<td style=\"padding:14px 18px;font-weight:600;\">Nationalit\u00e9<\/td>\n<td style=\"padding:14px 18px;color:#4a4a4a;\">Fran\u00e7aise, d&rsquo;origine alg\u00e9rienne \u2014 quartiers nord de Marseille (Font-Vert)<\/td>\n<\/tr>\n<tr style=\"background:#fafaf7;\">\n<td style=\"padding:14px 18px;font-weight:600;\">Discipline<\/td>\n<td style=\"padding:14px 18px;color:#4a4a4a;\">Rap marseillais \u2014 \u00ab Petrouchka \u00bb (avec PLK), albums \u00ab Mistral \u00bb et \u00ab Avec le temps \u00bb<\/td>\n<\/tr>\n<\/tbody>\n<\/table><\/div>\n<\/figure>\n<h2>1,69 m : petite taille, grande pr\u00e9sence<\/h2>\n<p>Le <strong>1,69 m<\/strong> de Soso Maness provient d&rsquo;une biographie d\u00e9taill\u00e9e reprise par plusieurs sites \u2014 pas d&rsquo;une mesure officielle, mais le chiffre est coh\u00e9rent avec ses apparitions publiques, o\u00f9 il rend visiblement quelques centim\u00e8tres \u00e0 la plupart de ses invit\u00e9s. Sous la moyenne fran\u00e7aise (\u2248 1,75 m), le Marseillais compense par un charisme de tribun et un sens de la punchline h\u00e9rit\u00e9 de ses ann\u00e9es de gal\u00e8re.<\/p>\n<p>Le contraste est saisissant avec <a href=\"https:\/\/starstory.fr\/blog\/celebrites-et-influence-en-france\/taille-des-stars\/quelle-taille-fait-sch\/\">SCH (\u2248 1,88 m)<\/a>, l&rsquo;autre visage du rap marseillais, qui le d\u00e9passe d&rsquo;une vingtaine de centim\u00e8tres \u2014 et m\u00eame avec <a href=\"https:\/\/starstory.fr\/blog\/celebrites-et-influence-en-france\/taille-des-stars\/quelle-taille-fait-plk\/\">PLK (\u2248 1,75-1,80 m estim\u00e9)<\/a>, son partenaire sur le tube \u00ab Petrouchka \u00bb.<\/p>\n<h2>Des quartiers nord aux festivals : l&rsquo;ascension tardive<\/h2>\n<p>Pass\u00e9 par la prison avant la musique \u2014 un parcours qu&rsquo;il raconte sans fard \u2014, Sofien Manessour a explos\u00e9 sur le tard, \u00e0 plus de trente ans, avec \u00ab Mistral \u00bb puis le ph\u00e9nom\u00e8ne \u00ab Petrouchka \u00bb et ses dizaines de millions de streams. Sur sc\u00e8ne, l&rsquo;\u00e9nergie est celle d&rsquo;un supporter du V\u00e9lodrome : fumig\u00e8nes, chants, communion totale avec le public.<\/p>\n<aside style=\"background:#FBEAF2;border-left:4px solid #B11E6A;padding:14px 18px;margin:18px 0;border-radius:0 4px 4px 0;font-family:-apple-system,BlinkMacSystemFont,'Segoe UI',Roboto,sans-serif;\">\n  <strong style=\"display:inline-block;color:#8a1450;font-size:12px;text-transform:uppercase;letter-spacing:1.5px;margin-right:8px;\">&#128161; Bon \u00e0 savoir<\/strong><br \/>\n  <span style=\"font-size:14.5px;line-height:1.55;color:#3a3a3a;\">Comme pour Naps, l&rsquo;\u00e9tat civil de Soso Maness varie selon les sources : Wikip\u00e9dia le fait na\u00eetre le 21 mars 1987, d&rsquo;autres bases le 23 mars 1988 \u2014 le flou fait partie du personnage marseillais.<\/span><br \/>\n<\/aside>\n<h2>Signes distinctifs<\/h2>\n<p>Cr\u00e2ne ras\u00e9, barbe fournie, surv\u00eatement OM ou chemise ouverte selon l&rsquo;humeur : Soso Maness assume un look de \u00ab grand fr\u00e8re \u00bb des quartiers nord. Sa voix rocailleuse et son accent marseillais \u00e0 couper au couteau restent ses marqueurs les plus imm\u00e9diats.<\/p>\n<h2>Traits de caract\u00e8re<\/h2>\n<p>Franc-parler l\u00e9gendaire, humour de comptoir assum\u00e9 et fid\u00e9lit\u00e9 revendiqu\u00e9e \u00e0 Font-Vert : les portraits d\u00e9crivent un homme entier, cash en interview, capable d&rsquo;autod\u00e9rision sur son parcours comme sur son gabarit. Un conteur n\u00e9, dans la plus pure tradition phoc\u00e9enne.<\/p>\n<p>Pour situer Soso Maness face aux autres c\u00e9l\u00e9brit\u00e9s, consultez notre <a href=\"https:\/\/starstory.fr\/blog\/celebrites-et-influence-en-france\/taille-des-stars\/quelle-taille-font-les-stars\/\">guide complet des tailles des stars<\/a>, qui r\u00e9capitule les mensurations v\u00e9rifi\u00e9es de dizaines de personnalit\u00e9s.<\/p>\n<h2>Questions fr\u00e9quentes<\/h2>\n<details style=\"border:1px solid #e5e5e0;border-radius:8px;padding:14px 18px;margin:12px 0;font-family:-apple-system,BlinkMacSystemFont,'Segoe UI',Roboto,sans-serif;\">\n<summary style=\"font-weight:700;font-size:15.5px;color:#1a1a1a;cursor:pointer;\">Quelle taille fait Soso Maness ?<\/summary>\n<p style=\"margin:12px 0 0;font-size:15px;line-height:1.6;color:#3a3a3a;\">Environ <strong>1,69 m<\/strong> selon la fiche biographique la plus d\u00e9taill\u00e9e. Ce n&rsquo;est pas une mesure officielle, mais elle est coh\u00e9rente avec ses apparitions publiques.<\/p>\n<\/details>\n<details style=\"border:1px solid #e5e5e0;border-radius:8px;padding:14px 18px;margin:12px 0;font-family:-apple-system,BlinkMacSystemFont,'Segoe UI',Roboto,sans-serif;\">\n<summary style=\"font-weight:700;font-size:15.5px;color:#1a1a1a;cursor:pointer;\">Quel est le vrai nom de Soso Maness ?<\/summary>\n<p style=\"margin:12px 0 0;font-size:15px;line-height:1.6;color:#3a3a3a;\"><strong>Sofien Manessour<\/strong>, n\u00e9 \u00e0 Marseille \u2014 le 21 mars 1987 selon Wikip\u00e9dia, le 23 mars 1988 selon d&rsquo;autres bases \u2014 et \u00e9lev\u00e9 dans les quartiers nord, \u00e0 Font-Vert.<\/p>\n<\/details>\n<details style=\"border:1px solid #e5e5e0;border-radius:8px;padding:14px 18px;margin:12px 0;font-family:-apple-system,BlinkMacSystemFont,'Segoe UI',Roboto,sans-serif;\">\n<summary style=\"font-weight:700;font-size:15.5px;color:#1a1a1a;cursor:pointer;\">Soso Maness est-il plus petit que PLK ?<\/summary>\n<p style=\"margin:12px 0 0;font-size:15px;line-height:1.6;color:#3a3a3a;\">Selon les estimations, oui : \u2248 1,69 m contre 1,75-1,80 m pour PLK. Sur les images de \u00ab Petrouchka \u00bb, l&rsquo;\u00e9cart de quelques centim\u00e8tres est visible.<\/p>\n<\/details>\n<p style=\"font-size:13px;color:#6a6a6a;margin-top:28px;\">Sources : biographie d\u00e9taill\u00e9e (estimation, non officielle), Wikip\u00e9dia \/ bases musicales (\u00e9tat civil divergent signal\u00e9), portraits presse.<\/p>\n<p><script type=\"application\/ld+json\">{\"@context\": \"https:\/\/schema.org\", \"@type\": \"FAQPage\", \"mainEntity\": [{\"@type\": \"Question\", \"name\": \"Quelle taille fait Soso Maness ?\", \"acceptedAnswer\": {\"@type\": \"Answer\", \"text\": \"Environ 1,69 m selon la fiche biographique la plus d\u00e9taill\u00e9e. Ce n'est pas une mesure officielle, mais elle est coh\u00e9rente avec ses apparitions publiques.\"}}, {\"@type\": \"Question\", \"name\": \"Quel est le vrai nom de Soso Maness ?\", \"acceptedAnswer\": {\"@type\": \"Answer\", \"text\": \"Sofien Manessour, n\u00e9 \u00e0 Marseille \u2014 le 21 mars 1987 selon Wikip\u00e9dia, le 23 mars 1988 selon d'autres bases \u2014 et \u00e9lev\u00e9 dans les quartiers nord, \u00e0 Font-Vert.\"}}, {\"@type\": \"Question\", \"name\": \"Soso Maness est-il plus petit que PLK ?\", \"acceptedAnswer\": {\"@type\": \"Answer\", \"text\": \"Selon les estimations, oui : \u2248 1,69 m contre 1,75-1,80 m pour PLK. Sur les images de \u00ab Petrouchka \u00bb, l'\u00e9cart de quelques centim\u00e8tres est visible.\"}}]}<\/script><\/p>\n","protected":false},"excerpt":{"rendered":"","protected":false},"author":40,"featured_media":999999999,"comment_status":"open","ping_status":"open","sticky":false,"template":"","format":"standard","meta":{"_acf_changed":false,"manual_indexmenow":false,"indexmenow_id_project":0,"footnotes":""},"categories":[4839],"tags":[],"class_list":["post-8252","post","type-post","status-publish","format-standard","has-post-thumbnail","hentry","category-taille-des-stars","generate-columns","tablet-grid-50","mobile-grid-100","grid-parent","grid-25"],"acf":[],"yoast_head":"<!-- This site is optimized with the Yoast SEO Premium plugin v21.3 (Yoast SEO v26.5) - https:\/\/yoast.com\/wordpress\/plugins\/seo\/ -->\n<title>Quelle taille fait Soso Maness ? (taille, fiche)<\/title>\n<meta name=\"description\" content=\"Soso Maness mesure environ 1,69 m selon la biographie la plus d\u00e9taill\u00e9e \u2014 estimation non officielle. Taille, vrai nom, Petrouchka : la fiche v\u00e9rifi\u00e9e.\" \/>\n<meta name=\"robots\" content=\"index, follow, max-snippet:-1, max-image-preview:large, max-video-preview:-1\" \/>\n<link rel=\"canonical\" href=\"https:\/\/starstory.fr\/blog\/celebrites-et-influence-en-france\/taille-des-stars\/quelle-taille-fait-soso-maness\/\" \/>\n<meta property=\"og:locale\" content=\"fr_FR\" \/>\n<meta property=\"og:type\" content=\"article\" \/>\n<meta property=\"og:title\" content=\"Quelle taille fait Soso Maness ? (taille, fiche)\" \/>\n<meta property=\"og:description\" content=\"Soso Maness mesure environ 1,69 m selon la biographie la plus d\u00e9taill\u00e9e \u2014 estimation non officielle. Taille, vrai nom, Petrouchka : la fiche v\u00e9rifi\u00e9e.\" \/>\n<meta property=\"og:url\" content=\"https:\/\/starstory.fr\/blog\/celebrites-et-influence-en-france\/taille-des-stars\/quelle-taille-fait-soso-maness\/\" \/>\n<meta property=\"og:site_name\" content=\"starstory\" \/>\n<meta property=\"og:image\" content=\"https:\/\/images.pexels.com\/photos\/12657546\/pexels-photo-12657546.jpeg?auto=compress&cs=tinysrgb&fit=crop&h=627&w=1200\" \/>\n<meta name=\"author\" content=\"Julien Vaillant\" \/>\n<meta name=\"twitter:card\" content=\"summary_large_image\" \/>\n<script type=\"application\/ld+json\" class=\"yoast-schema-graph\">{\"@context\":\"https:\/\/schema.org\",\"@graph\":[{\"@type\":\"NewsArticle\",\"@id\":\"https:\/\/starstory.fr\/blog\/celebrites-et-influence-en-france\/taille-des-stars\/quelle-taille-fait-soso-maness\/#article\",\"isPartOf\":{\"@id\":\"https:\/\/starstory.fr\/blog\/celebrites-et-influence-en-france\/taille-des-stars\/quelle-taille-fait-soso-maness\/\"},\"author\":{\"name\":\"Julien Vaillant\",\"@id\":\"https:\/\/starstory.fr\/blog\/#\/schema\/person\/62af054f7df7ce17580aee7a5c41b89c\"},\"headline\":\"Quelle taille fait Soso Maness ?\",\"datePublished\":\"2026-07-12T18:00:32+00:00\",\"mainEntityOfPage\":{\"@id\":\"https:\/\/starstory.fr\/blog\/celebrites-et-influence-en-france\/taille-des-stars\/quelle-taille-fait-soso-maness\/\"},\"wordCount\":579,\"commentCount\":0,\"publisher\":{\"@id\":\"https:\/\/starstory.fr\/blog\/#organization\"},\"image\":{\"@id\":\"https:\/\/starstory.fr\/blog\/celebrites-et-influence-en-france\/taille-des-stars\/quelle-taille-fait-soso-maness\/#primaryimage\"},\"thumbnailUrl\":\"https:\/\/images.pexels.com\/photos\/12657546\/pexels-photo-12657546.jpeg?auto=compress&cs=tinysrgb&fit=crop&h=627&w=1200\",\"articleSection\":[\"Taille et mensurations des stars\"],\"inLanguage\":\"fr-FR\",\"potentialAction\":[{\"@type\":\"CommentAction\",\"name\":\"Comment\",\"target\":[\"https:\/\/starstory.fr\/blog\/celebrites-et-influence-en-france\/taille-des-stars\/quelle-taille-fait-soso-maness\/#respond\"]}]},{\"@type\":\"WebPage\",\"@id\":\"https:\/\/starstory.fr\/blog\/celebrites-et-influence-en-france\/taille-des-stars\/quelle-taille-fait-soso-maness\/\",\"url\":\"https:\/\/starstory.fr\/blog\/celebrites-et-influence-en-france\/taille-des-stars\/quelle-taille-fait-soso-maness\/\",\"name\":\"Quelle taille fait Soso Maness ? (taille, fiche)\",\"isPartOf\":{\"@id\":\"https:\/\/starstory.fr\/blog\/#website\"},\"primaryImageOfPage\":{\"@id\":\"https:\/\/starstory.fr\/blog\/celebrites-et-influence-en-france\/taille-des-stars\/quelle-taille-fait-soso-maness\/#primaryimage\"},\"image\":{\"@id\":\"https:\/\/starstory.fr\/blog\/celebrites-et-influence-en-france\/taille-des-stars\/quelle-taille-fait-soso-maness\/#primaryimage\"},\"thumbnailUrl\":\"https:\/\/images.pexels.com\/photos\/12657546\/pexels-photo-12657546.jpeg?auto=compress&cs=tinysrgb&fit=crop&h=627&w=1200\",\"datePublished\":\"2026-07-12T18:00:32+00:00\",\"description\":\"Soso Maness mesure environ 1,69 m selon la biographie la plus d\u00e9taill\u00e9e \u2014 estimation non officielle. Taille, vrai nom, Petrouchka : la fiche v\u00e9rifi\u00e9e.\",\"inLanguage\":\"fr-FR\",\"potentialAction\":[{\"@type\":\"ReadAction\",\"target\":[\"https:\/\/starstory.fr\/blog\/celebrites-et-influence-en-france\/taille-des-stars\/quelle-taille-fait-soso-maness\/\"]}]},{\"@type\":\"ImageObject\",\"inLanguage\":\"fr-FR\",\"@id\":\"https:\/\/starstory.fr\/blog\/celebrites-et-influence-en-france\/taille-des-stars\/quelle-taille-fait-soso-maness\/#primaryimage\",\"url\":\"https:\/\/images.pexels.com\/photos\/12657546\/pexels-photo-12657546.jpeg?auto=compress&cs=tinysrgb&fit=crop&h=627&w=1200\",\"contentUrl\":\"https:\/\/images.pexels.com\/photos\/12657546\/pexels-photo-12657546.jpeg?auto=compress&cs=tinysrgb&fit=crop&h=627&w=1200\"},{\"@type\":\"WebSite\",\"@id\":\"https:\/\/starstory.fr\/blog\/#website\",\"url\":\"https:\/\/starstory.fr\/blog\/\",\"name\":\"StarStory\",\"description\":\"StarStory, les \u00e9toiles racontent leur histoire\",\"publisher\":{\"@id\":\"https:\/\/starstory.fr\/blog\/#organization\"},\"alternateName\":\"StarStory, les \u00e9toiles racontent leur histoire\",\"potentialAction\":[{\"@type\":\"SearchAction\",\"target\":{\"@type\":\"EntryPoint\",\"urlTemplate\":\"https:\/\/starstory.fr\/blog\/?s={search_term_string}\"},\"query-input\":{\"@type\":\"PropertyValueSpecification\",\"valueRequired\":true,\"valueName\":\"search_term_string\"}}],\"inLanguage\":\"fr-FR\"},{\"@type\":\"Organization\",\"@id\":\"https:\/\/starstory.fr\/blog\/#organization\",\"name\":\"StarStory\",\"alternateName\":\"StarStory.fr\",\"url\":\"https:\/\/starstory.fr\/blog\/\",\"logo\":{\"@type\":\"ImageObject\",\"inLanguage\":\"fr-FR\",\"@id\":\"https:\/\/starstory.fr\/blog\/#\/schema\/logo\/image\/\",\"url\":\"https:\/\/starstory.fr\/blog\/wp-content\/uploads\/2024\/12\/38.png\",\"contentUrl\":\"https:\/\/starstory.fr\/blog\/wp-content\/uploads\/2024\/12\/38.png\",\"width\":500,\"height\":500,\"caption\":\"StarStory\"},\"image\":{\"@id\":\"https:\/\/starstory.fr\/blog\/#\/schema\/logo\/image\/\"}},{\"@type\":\"Person\",\"@id\":\"https:\/\/starstory.fr\/blog\/#\/schema\/person\/62af054f7df7ce17580aee7a5c41b89c\",\"name\":\"Julien Vaillant\",\"image\":{\"@type\":\"ImageObject\",\"inLanguage\":\"fr-FR\",\"@id\":\"https:\/\/starstory.fr\/blog\/#\/schema\/person\/image\/\",\"url\":\"https:\/\/secure.gravatar.com\/avatar\/?s=96&d=mm&r=g\",\"contentUrl\":\"https:\/\/secure.gravatar.com\/avatar\/?s=96&d=mm&r=g\",\"caption\":\"Julien Vaillant\"},\"description\":\"Julien met en lumi\u00e8re les acteurs, r\u00e9alisateurs et r\u00f4les embl\u00e9matiques qui ont marqu\u00e9 les \u00e9poques.\",\"url\":\"https:\/\/starstory.fr\/blog\/auteur\/julien-bernard\/\"}]}<\/script>\n<!-- \/ Yoast SEO Premium plugin. -->","yoast_head_json":{"title":"Quelle taille fait Soso Maness ? (taille, fiche)","description":"Soso Maness mesure environ 1,69 m selon la biographie la plus d\u00e9taill\u00e9e \u2014 estimation non officielle. Taille, vrai nom, Petrouchka : la fiche v\u00e9rifi\u00e9e.","robots":{"index":"index","follow":"follow","max-snippet":"max-snippet:-1","max-image-preview":"max-image-preview:large","max-video-preview":"max-video-preview:-1"},"canonical":"https:\/\/starstory.fr\/blog\/celebrites-et-influence-en-france\/taille-des-stars\/quelle-taille-fait-soso-maness\/","og_locale":"fr_FR","og_type":"article","og_title":"Quelle taille fait Soso Maness ? (taille, fiche)","og_description":"Soso Maness mesure environ 1,69 m selon la biographie la plus d\u00e9taill\u00e9e \u2014 estimation non officielle. Taille, vrai nom, Petrouchka : la fiche v\u00e9rifi\u00e9e.","og_url":"https:\/\/starstory.fr\/blog\/celebrites-et-influence-en-france\/taille-des-stars\/quelle-taille-fait-soso-maness\/","og_site_name":"starstory","og_image":[{"url":"https:\/\/images.pexels.com\/photos\/12657546\/pexels-photo-12657546.jpeg?auto=compress&cs=tinysrgb&fit=crop&h=627&w=1200","type":"","width":"","height":""}],"author":"Julien Vaillant","twitter_card":"summary_large_image","schema":{"@context":"https:\/\/schema.org","@graph":[{"@type":"NewsArticle","@id":"https:\/\/starstory.fr\/blog\/celebrites-et-influence-en-france\/taille-des-stars\/quelle-taille-fait-soso-maness\/#article","isPartOf":{"@id":"https:\/\/starstory.fr\/blog\/celebrites-et-influence-en-france\/taille-des-stars\/quelle-taille-fait-soso-maness\/"},"author":{"name":"Julien Vaillant","@id":"https:\/\/starstory.fr\/blog\/#\/schema\/person\/62af054f7df7ce17580aee7a5c41b89c"},"headline":"Quelle taille fait Soso Maness ?","datePublished":"2026-07-12T18:00:32+00:00","mainEntityOfPage":{"@id":"https:\/\/starstory.fr\/blog\/celebrites-et-influence-en-france\/taille-des-stars\/quelle-taille-fait-soso-maness\/"},"wordCount":579,"commentCount":0,"publisher":{"@id":"https:\/\/starstory.fr\/blog\/#organization"},"image":{"@id":"https:\/\/starstory.fr\/blog\/celebrites-et-influence-en-france\/taille-des-stars\/quelle-taille-fait-soso-maness\/#primaryimage"},"thumbnailUrl":"https:\/\/images.pexels.com\/photos\/12657546\/pexels-photo-12657546.jpeg?auto=compress&cs=tinysrgb&fit=crop&h=627&w=1200","articleSection":["Taille et mensurations des stars"],"inLanguage":"fr-FR","potentialAction":[{"@type":"CommentAction","name":"Comment","target":["https:\/\/starstory.fr\/blog\/celebrites-et-influence-en-france\/taille-des-stars\/quelle-taille-fait-soso-maness\/#respond"]}]},{"@type":"WebPage","@id":"https:\/\/starstory.fr\/blog\/celebrites-et-influence-en-france\/taille-des-stars\/quelle-taille-fait-soso-maness\/","url":"https:\/\/starstory.fr\/blog\/celebrites-et-influence-en-france\/taille-des-stars\/quelle-taille-fait-soso-maness\/","name":"Quelle taille fait Soso Maness ? (taille, fiche)","isPartOf":{"@id":"https:\/\/starstory.fr\/blog\/#website"},"primaryImageOfPage":{"@id":"https:\/\/starstory.fr\/blog\/celebrites-et-influence-en-france\/taille-des-stars\/quelle-taille-fait-soso-maness\/#primaryimage"},"image":{"@id":"https:\/\/starstory.fr\/blog\/celebrites-et-influence-en-france\/taille-des-stars\/quelle-taille-fait-soso-maness\/#primaryimage"},"thumbnailUrl":"https:\/\/images.pexels.com\/photos\/12657546\/pexels-photo-12657546.jpeg?auto=compress&cs=tinysrgb&fit=crop&h=627&w=1200","datePublished":"2026-07-12T18:00:32+00:00","description":"Soso Maness mesure environ 1,69 m selon la biographie la plus d\u00e9taill\u00e9e \u2014 estimation non officielle. Taille, vrai nom, Petrouchka : la fiche v\u00e9rifi\u00e9e.","inLanguage":"fr-FR","potentialAction":[{"@type":"ReadAction","target":["https:\/\/starstory.fr\/blog\/celebrites-et-influence-en-france\/taille-des-stars\/quelle-taille-fait-soso-maness\/"]}]},{"@type":"ImageObject","inLanguage":"fr-FR","@id":"https:\/\/starstory.fr\/blog\/celebrites-et-influence-en-france\/taille-des-stars\/quelle-taille-fait-soso-maness\/#primaryimage","url":"https:\/\/images.pexels.com\/photos\/12657546\/pexels-photo-12657546.jpeg?auto=compress&cs=tinysrgb&fit=crop&h=627&w=1200","contentUrl":"https:\/\/images.pexels.com\/photos\/12657546\/pexels-photo-12657546.jpeg?auto=compress&cs=tinysrgb&fit=crop&h=627&w=1200"},{"@type":"WebSite","@id":"https:\/\/starstory.fr\/blog\/#website","url":"https:\/\/starstory.fr\/blog\/","name":"StarStory","description":"StarStory, les \u00e9toiles racontent leur histoire","publisher":{"@id":"https:\/\/starstory.fr\/blog\/#organization"},"alternateName":"StarStory, les \u00e9toiles racontent leur histoire","potentialAction":[{"@type":"SearchAction","target":{"@type":"EntryPoint","urlTemplate":"https:\/\/starstory.fr\/blog\/?s={search_term_string}"},"query-input":{"@type":"PropertyValueSpecification","valueRequired":true,"valueName":"search_term_string"}}],"inLanguage":"fr-FR"},{"@type":"Organization","@id":"https:\/\/starstory.fr\/blog\/#organization","name":"StarStory","alternateName":"StarStory.fr","url":"https:\/\/starstory.fr\/blog\/","logo":{"@type":"ImageObject","inLanguage":"fr-FR","@id":"https:\/\/starstory.fr\/blog\/#\/schema\/logo\/image\/","url":"https:\/\/starstory.fr\/blog\/wp-content\/uploads\/2024\/12\/38.png","contentUrl":"https:\/\/starstory.fr\/blog\/wp-content\/uploads\/2024\/12\/38.png","width":500,"height":500,"caption":"StarStory"},"image":{"@id":"https:\/\/starstory.fr\/blog\/#\/schema\/logo\/image\/"}},{"@type":"Person","@id":"https:\/\/starstory.fr\/blog\/#\/schema\/person\/62af054f7df7ce17580aee7a5c41b89c","name":"Julien Vaillant","image":{"@type":"ImageObject","inLanguage":"fr-FR","@id":"https:\/\/starstory.fr\/blog\/#\/schema\/person\/image\/","url":"https:\/\/secure.gravatar.com\/avatar\/?s=96&d=mm&r=g","contentUrl":"https:\/\/secure.gravatar.com\/avatar\/?s=96&d=mm&r=g","caption":"Julien Vaillant"},"description":"Julien met en lumi\u00e8re les acteurs, r\u00e9alisateurs et r\u00f4les embl\u00e9matiques qui ont marqu\u00e9 les \u00e9poques.","url":"https:\/\/starstory.fr\/blog\/auteur\/julien-bernard\/"}]}},"_links":{"self":[{"href":"https:\/\/starstory.fr\/blog\/wp-json\/wp\/v2\/posts\/8252","targetHints":{"allow":["GET"]}}],"collection":[{"href":"https:\/\/starstory.fr\/blog\/wp-json\/wp\/v2\/posts"}],"about":[{"href":"https:\/\/starstory.fr\/blog\/wp-json\/wp\/v2\/types\/post"}],"author":[{"embeddable":true,"href":"https:\/\/starstory.fr\/blog\/wp-json\/wp\/v2\/users\/40"}],"replies":[{"embeddable":true,"href":"https:\/\/starstory.fr\/blog\/wp-json\/wp\/v2\/comments?post=8252"}],"version-history":[{"count":0,"href":"https:\/\/starstory.fr\/blog\/wp-json\/wp\/v2\/posts\/8252\/revisions"}],"wp:attachment":[{"href":"https:\/\/starstory.fr\/blog\/wp-json\/wp\/v2\/media?parent=8252"}],"wp:term":[{"taxonomy":"category","embeddable":true,"href":"https:\/\/starstory.fr\/blog\/wp-json\/wp\/v2\/categories?post=8252"},{"taxonomy":"post_tag","embeddable":true,"href":"https:\/\/starstory.fr\/blog\/wp-json\/wp\/v2\/tags?post=8252"}],"curies":[{"name":"wp","href":"https:\/\/api.w.org\/{rel}","templated":true}]}}