{"id":8251,"date":"2026-07-12T20:00:28","date_gmt":"2026-07-12T18:00:28","guid":{"rendered":"https:\/\/starstory.fr\/blog\/celebrites-et-influence-en-france\/taille-des-stars\/quelle-taille-fait-naps\/"},"modified":"2026-07-12T20:00:28","modified_gmt":"2026-07-12T18:00:28","slug":"quelle-taille-fait-naps","status":"publish","type":"post","link":"https:\/\/starstory.fr\/blog\/celebrites-et-influence-en-france\/taille-des-stars\/quelle-taille-fait-naps\/","title":{"rendered":"Quelle taille fait Naps ?"},"content":{"rendered":"<aside style=\"background:#FBEAF2;border-left:5px solid #B11E6A;padding:22px 28px;margin:24px 0;font-family:-apple-system,BlinkMacSystemFont,'Segoe UI',Roboto,sans-serif;\">\n<div style=\"margin:0;font-size:19px;line-height:1.55;color:#2a2a2a;font-weight:500;letter-spacing:-0.005em;\">\n    Naps mesurerait <strong>entre 1,70 et 1,75 m<\/strong> selon les estimations de fans \u2014 la rumeur la plus fr\u00e9quente dit \u00ab 1m73 \u00bb, mais aucune taille officielle n&rsquo;a jamais \u00e9t\u00e9 confirm\u00e9e. M\u00eame son \u00e9tat civil fait d\u00e9bat selon les sources.\n  <\/div>\n<\/aside>\n<figure style=\"margin:32px 0;font-family:-apple-system,BlinkMacSystemFont,'Segoe UI',Roboto,sans-serif;\">\n<div style=\"overflow-x:auto;border:1px solid #e5e5e0;border-radius:8px;\">\n<table style=\"width:100%;border-collapse:collapse;font-size:14px;color:#2a2a2a;min-width:500px;\">\n<thead>\n<tr style=\"background:#1a1a1a;color:#fff;\">\n<th style=\"text-align:left;padding:14px 18px;font-weight:700;font-size:12px;text-transform:uppercase;letter-spacing:1.5px;\">Fiche mensurations<\/th>\n<th style=\"text-align:left;padding:14px 18px;font-weight:700;font-size:12px;text-transform:uppercase;letter-spacing:1.5px;\">D\u00e9tail<\/th>\n<\/tr>\n<\/thead>\n<tbody>\n<tr style=\"background:#fff;border-bottom:1px solid #f0ede5;\">\n<td style=\"padding:14px 18px;font-weight:600;\">Nom<\/td>\n<td style=\"padding:14px 18px;color:#4a4a4a;\">Naps \u2014 \u00e9tat civil flou : les sources divergent jusque sur son nom et sa date de naissance<\/td>\n<\/tr>\n<tr style=\"background:#fafaf7;border-bottom:1px solid #f0ede5;\">\n<td style=\"padding:14px 18px;font-weight:600;\">Naissance<\/td>\n<td style=\"padding:14px 18px;color:#4a4a4a;\">Marseille \u2014 15 f\u00e9vrier 1986 (Wikip\u00e9dia) ou 27 juillet 1991 (NRJ), selon les sources<\/td>\n<\/tr>\n<tr style=\"background:#fff;border-bottom:1px solid #f0ede5;\">\n<td style=\"padding:14px 18px;font-weight:600;\">Taille<\/td>\n<td style=\"padding:14px 18px;color:#4a4a4a;\"><strong>\u2248 1,70-1,75 m<\/strong> (rumeurs de fans autour de \u00ab 1m73 \u00bb, aucune donn\u00e9e officielle)<\/td>\n<\/tr>\n<tr style=\"background:#fafaf7;border-bottom:1px solid #f0ede5;\">\n<td style=\"padding:14px 18px;font-weight:600;\">Poids<\/td>\n<td style=\"padding:14px 18px;color:#4a4a4a;\">Non communiqu\u00e9<\/td>\n<\/tr>\n<tr style=\"background:#fff;border-bottom:1px solid #f0ede5;\">\n<td style=\"padding:14px 18px;font-weight:600;\">Nationalit\u00e9<\/td>\n<td style=\"padding:14px 18px;color:#4a4a4a;\">Fran\u00e7aise, d&rsquo;origine alg\u00e9rienne \u2014 cit\u00e9 d&rsquo;Air Bel, quartier de La Pomme (Marseille)<\/td>\n<\/tr>\n<tr style=\"background:#fafaf7;\">\n<td style=\"padding:14px 18px;font-weight:600;\">Discipline<\/td>\n<td style=\"padding:14px 18px;color:#4a4a4a;\">Rap marseillais \u2014 \u00ab La kiffance \u00bb, \u00ab Best Life \u00bb, albums multi-certifi\u00e9s<\/td>\n<\/tr>\n<\/tbody>\n<\/table><\/div>\n<\/figure>\n<h2>\u00ab 1m73 \u00bb : une rumeur, pas une mesure<\/h2>\n<p>La taille de Naps n&rsquo;appara\u00eet nulle part officiellement. Le chiffre qui circule le plus sur les forums et TikTok est \u00ab 1m73 \u00bb, parfois un peu plus, parfois un peu moins \u2014 d&rsquo;o\u00f9 notre fourchette <strong>1,70-1,75 m<\/strong>, coh\u00e9rente avec ses apparitions en clip et en festival. Le rappeur ne s&rsquo;est jamais exprim\u00e9 sur le sujet, et c&rsquo;est loin d&rsquo;\u00eatre le seul flou de sa fiche.<\/p>\n<p>Ses estimations le placent dans la m\u00eame zone que <a href=\"https:\/\/starstory.fr\/blog\/celebrites-et-influence-en-france\/taille-des-stars\/quelle-taille-fait-jul\/\">Jul (donn\u00e9 entre 1,75 et 1,83 m selon les sources)<\/a>, son comp\u00e8re marseillais, et bien en dessous de <a href=\"https:\/\/starstory.fr\/blog\/celebrites-et-influence-en-france\/taille-des-stars\/quelle-taille-fait-sch\/\">SCH (\u2248 1,88 m)<\/a>, l&rsquo;autre poids lourd de la ville.<\/p>\n<h2>Un \u00e9tat civil aussi discut\u00e9 que sa taille<\/h2>\n<p>Cas unique dans ce dossier : m\u00eame la date de naissance de Naps varie selon les sources \u2014 Wikip\u00e9dia et plusieurs m\u00e9dias indiquent le <strong>15 f\u00e9vrier 1986<\/strong> \u00e0 Marseille, quand NRJ \u00e9voque un 27 juillet 1991 et un autre patronyme. Ce brouillard d&rsquo;\u00e9tat civil, entretenu par un artiste avare de confidences, explique qu&rsquo;aucune donn\u00e9e physique fiable n&rsquo;existe. Ce qui est document\u00e9, en revanche : l&rsquo;enfance \u00e0 la cit\u00e9 d&rsquo;Air Bel, l&rsquo;explosion avec \u00ab La kiffance \u00bb et une s\u00e9rie d&rsquo;albums certifi\u00e9s qui ont install\u00e9 sa \u00ab best life \u00bb tout en haut des charts.<\/p>\n<aside style=\"background:#FBEAF2;border-left:4px solid #B11E6A;padding:14px 18px;margin:18px 0;border-radius:0 4px 4px 0;font-family:-apple-system,BlinkMacSystemFont,'Segoe UI',Roboto,sans-serif;\">\n  <strong style=\"display:inline-block;color:#8a1450;font-size:12px;text-transform:uppercase;letter-spacing:1.5px;margin-right:8px;\">&#128161; Bon \u00e0 savoir<\/strong><br \/>\n  <span style=\"font-size:14.5px;line-height:1.55;color:#3a3a3a;\">\u00ab Faut que j&rsquo;me taille \u00bb, l&rsquo;un de ses titres connus, n&rsquo;a \u00e9videmment rien \u00e0 voir avec ses centim\u00e8tres \u2014 mais il alimente r\u00e9guli\u00e8rement les jeux de mots des fans sur le sujet.<\/span><br \/>\n<\/aside>\n<h2>Signes distinctifs<\/h2>\n<p>Lunettes de soleil quasi permanentes, sourire en coin, surv\u00eatements et maillots de l&rsquo;OM : Naps incarne l&rsquo;insouciance marseillaise. Son flow chantant et ses refrains f\u00e9d\u00e9rateurs \u2014 taill\u00e9s pour l&rsquo;\u00e9t\u00e9 et les stades \u2014 sont sa vraie carte d&rsquo;identit\u00e9.<\/p>\n<h2>Traits de caract\u00e8re<\/h2>\n<p>Jovial et proche de son public en apparence, Naps reste en r\u00e9alit\u00e9 tr\u00e8s secret sur sa vie priv\u00e9e. Les portraits presse d\u00e9crivent un bosseur r\u00e9gulier, attach\u00e9 \u00e0 son quartier et \u00e0 sa famille, qui pr\u00e9f\u00e8re la f\u00eate en musique aux confessions m\u00e9diatiques.<\/p>\n<p>Pour situer Naps face aux autres c\u00e9l\u00e9brit\u00e9s, consultez notre <a href=\"https:\/\/starstory.fr\/blog\/celebrites-et-influence-en-france\/taille-des-stars\/quelle-taille-font-les-stars\/\">guide complet des tailles des stars<\/a>, qui r\u00e9capitule les mensurations v\u00e9rifi\u00e9es de dizaines de personnalit\u00e9s.<\/p>\n<h2>Questions fr\u00e9quentes<\/h2>\n<details style=\"border:1px solid #e5e5e0;border-radius:8px;padding:14px 18px;margin:12px 0;font-family:-apple-system,BlinkMacSystemFont,'Segoe UI',Roboto,sans-serif;\">\n<summary style=\"font-weight:700;font-size:15.5px;color:#1a1a1a;cursor:pointer;\">Quelle taille fait Naps ?<\/summary>\n<p style=\"margin:12px 0 0;font-size:15px;line-height:1.6;color:#3a3a3a;\">Aucune taille officielle n&rsquo;existe. Les rumeurs de fans convergent vers \u00ab 1m73 \u00bb, d&rsquo;o\u00f9 une fourchette raisonnable de <strong>1,70 \u00e0 1,75 m<\/strong> \u2014 \u00e0 prendre comme une simple estimation.<\/p>\n<\/details>\n<details style=\"border:1px solid #e5e5e0;border-radius:8px;padding:14px 18px;margin:12px 0;font-family:-apple-system,BlinkMacSystemFont,'Segoe UI',Roboto,sans-serif;\">\n<summary style=\"font-weight:700;font-size:15.5px;color:#1a1a1a;cursor:pointer;\">Quel \u00e2ge a Naps ?<\/summary>\n<p style=\"margin:12px 0 0;font-size:15px;line-height:1.6;color:#3a3a3a;\">M\u00eame sa date de naissance diverge selon les sources : <strong>15 f\u00e9vrier 1986<\/strong> pour Wikip\u00e9dia, 27 juillet 1991 pour NRJ. L&rsquo;artiste n&rsquo;a jamais tranch\u00e9 publiquement.<\/p>\n<\/details>\n<details style=\"border:1px solid #e5e5e0;border-radius:8px;padding:14px 18px;margin:12px 0;font-family:-apple-system,BlinkMacSystemFont,'Segoe UI',Roboto,sans-serif;\">\n<summary style=\"font-weight:700;font-size:15.5px;color:#1a1a1a;cursor:pointer;\">D&rsquo;o\u00f9 vient Naps ?<\/summary>\n<p style=\"margin:12px 0 0;font-size:15px;line-height:1.6;color:#3a3a3a;\">De Marseille : Naps a grandi \u00e0 la cit\u00e9 d&rsquo;Air Bel, dans le quartier de La Pomme (11e arrondissement), qu&rsquo;il cite abondamment dans ses textes.<\/p>\n<\/details>\n<p style=\"font-size:13px;color:#6a6a6a;margin-top:28px;\">Sources : rumeurs communautaires crois\u00e9es (aucune donn\u00e9e officielle), Wikip\u00e9dia et NRJ (\u00e9tat civil divergent signal\u00e9), biographies presse.<\/p>\n<p><script type=\"application\/ld+json\">{\"@context\": \"https:\/\/schema.org\", \"@type\": \"FAQPage\", \"mainEntity\": [{\"@type\": \"Question\", \"name\": \"Quelle taille fait Naps ?\", \"acceptedAnswer\": {\"@type\": \"Answer\", \"text\": \"Aucune taille officielle n'existe. Les rumeurs de fans convergent vers \u00ab 1m73 \u00bb, d'o\u00f9 une fourchette raisonnable de 1,70 \u00e0 1,75 m \u2014 \u00e0 prendre comme une simple estimation.\"}}, {\"@type\": \"Question\", \"name\": \"Quel \u00e2ge a Naps ?\", \"acceptedAnswer\": {\"@type\": \"Answer\", \"text\": \"M\u00eame sa date de naissance diverge selon les sources : 15 f\u00e9vrier 1986 pour Wikip\u00e9dia, 27 juillet 1991 pour NRJ. L'artiste n'a jamais tranch\u00e9 publiquement.\"}}, {\"@type\": \"Question\", \"name\": \"D'o\u00f9 vient Naps ?\", \"acceptedAnswer\": {\"@type\": \"Answer\", \"text\": \"De Marseille : Naps a grandi \u00e0 la cit\u00e9 d'Air Bel, dans le quartier de La Pomme (11e arrondissement), qu'il cite abondamment dans ses textes.\"}}]}<\/script><\/p>\n","protected":false},"excerpt":{"rendered":"","protected":false},"author":39,"featured_media":999999999,"comment_status":"open","ping_status":"open","sticky":false,"template":"","format":"standard","meta":{"_acf_changed":false,"manual_indexmenow":false,"indexmenow_id_project":0,"footnotes":""},"categories":[4839],"tags":[],"class_list":["post-8251","post","type-post","status-publish","format-standard","has-post-thumbnail","hentry","category-taille-des-stars","generate-columns","tablet-grid-50","mobile-grid-100","grid-parent","grid-25"],"acf":[],"yoast_head":"<!-- This site is optimized with the Yoast SEO Premium plugin v21.3 (Yoast SEO v26.5) - https:\/\/yoast.com\/wordpress\/plugins\/seo\/ -->\n<title>Quelle taille fait Naps ? (taille, fiche v\u00e9rifi\u00e9e)<\/title>\n<meta name=\"description\" content=\"Naps mesurerait entre 1,70 et 1,75 m (rumeur \u00ab 1m73 \u00bb, rien d&#039;officiel). Taille, \u00e9tat civil flou, parcours marseillais : la fiche compl\u00e8te.\" \/>\n<meta name=\"robots\" content=\"index, follow, max-snippet:-1, max-image-preview:large, max-video-preview:-1\" \/>\n<link rel=\"canonical\" href=\"https:\/\/starstory.fr\/blog\/celebrites-et-influence-en-france\/taille-des-stars\/quelle-taille-fait-naps\/\" \/>\n<meta property=\"og:locale\" content=\"fr_FR\" \/>\n<meta property=\"og:type\" content=\"article\" \/>\n<meta property=\"og:title\" content=\"Quelle taille fait Naps ? (taille, fiche v\u00e9rifi\u00e9e)\" \/>\n<meta property=\"og:description\" content=\"Naps mesurerait entre 1,70 et 1,75 m (rumeur \u00ab 1m73 \u00bb, rien d&#039;officiel). Taille, \u00e9tat civil flou, parcours marseillais : la fiche compl\u00e8te.\" \/>\n<meta property=\"og:url\" content=\"https:\/\/starstory.fr\/blog\/celebrites-et-influence-en-france\/taille-des-stars\/quelle-taille-fait-naps\/\" \/>\n<meta property=\"og:site_name\" content=\"starstory\" \/>\n<meta property=\"og:image\" content=\"https:\/\/images.pexels.com\/photos\/3122799\/pexels-photo-3122799.jpeg?auto=compress&cs=tinysrgb&fit=crop&h=627&w=1200\" \/>\n<meta name=\"author\" content=\"Claire Lefevre\" \/>\n<meta name=\"twitter:card\" content=\"summary_large_image\" \/>\n<script type=\"application\/ld+json\" class=\"yoast-schema-graph\">{\"@context\":\"https:\/\/schema.org\",\"@graph\":[{\"@type\":\"NewsArticle\",\"@id\":\"https:\/\/starstory.fr\/blog\/celebrites-et-influence-en-france\/taille-des-stars\/quelle-taille-fait-naps\/#article\",\"isPartOf\":{\"@id\":\"https:\/\/starstory.fr\/blog\/celebrites-et-influence-en-france\/taille-des-stars\/quelle-taille-fait-naps\/\"},\"author\":{\"name\":\"Claire Lefevre\",\"@id\":\"https:\/\/starstory.fr\/blog\/#\/schema\/person\/432b46949d2a452f85568b160103039e\"},\"headline\":\"Quelle taille fait Naps ?\",\"datePublished\":\"2026-07-12T18:00:28+00:00\",\"mainEntityOfPage\":{\"@id\":\"https:\/\/starstory.fr\/blog\/celebrites-et-influence-en-france\/taille-des-stars\/quelle-taille-fait-naps\/\"},\"wordCount\":636,\"commentCount\":0,\"publisher\":{\"@id\":\"https:\/\/starstory.fr\/blog\/#organization\"},\"image\":{\"@id\":\"https:\/\/starstory.fr\/blog\/celebrites-et-influence-en-france\/taille-des-stars\/quelle-taille-fait-naps\/#primaryimage\"},\"thumbnailUrl\":\"https:\/\/images.pexels.com\/photos\/3122799\/pexels-photo-3122799.jpeg?auto=compress&cs=tinysrgb&fit=crop&h=627&w=1200\",\"articleSection\":[\"Taille et mensurations des stars\"],\"inLanguage\":\"fr-FR\",\"potentialAction\":[{\"@type\":\"CommentAction\",\"name\":\"Comment\",\"target\":[\"https:\/\/starstory.fr\/blog\/celebrites-et-influence-en-france\/taille-des-stars\/quelle-taille-fait-naps\/#respond\"]}]},{\"@type\":\"WebPage\",\"@id\":\"https:\/\/starstory.fr\/blog\/celebrites-et-influence-en-france\/taille-des-stars\/quelle-taille-fait-naps\/\",\"url\":\"https:\/\/starstory.fr\/blog\/celebrites-et-influence-en-france\/taille-des-stars\/quelle-taille-fait-naps\/\",\"name\":\"Quelle taille fait Naps ? (taille, fiche v\u00e9rifi\u00e9e)\",\"isPartOf\":{\"@id\":\"https:\/\/starstory.fr\/blog\/#website\"},\"primaryImageOfPage\":{\"@id\":\"https:\/\/starstory.fr\/blog\/celebrites-et-influence-en-france\/taille-des-stars\/quelle-taille-fait-naps\/#primaryimage\"},\"image\":{\"@id\":\"https:\/\/starstory.fr\/blog\/celebrites-et-influence-en-france\/taille-des-stars\/quelle-taille-fait-naps\/#primaryimage\"},\"thumbnailUrl\":\"https:\/\/images.pexels.com\/photos\/3122799\/pexels-photo-3122799.jpeg?auto=compress&cs=tinysrgb&fit=crop&h=627&w=1200\",\"datePublished\":\"2026-07-12T18:00:28+00:00\",\"description\":\"Naps mesurerait entre 1,70 et 1,75 m (rumeur \u00ab 1m73 \u00bb, rien d'officiel). Taille, \u00e9tat civil flou, parcours marseillais : la fiche compl\u00e8te.\",\"inLanguage\":\"fr-FR\",\"potentialAction\":[{\"@type\":\"ReadAction\",\"target\":[\"https:\/\/starstory.fr\/blog\/celebrites-et-influence-en-france\/taille-des-stars\/quelle-taille-fait-naps\/\"]}]},{\"@type\":\"ImageObject\",\"inLanguage\":\"fr-FR\",\"@id\":\"https:\/\/starstory.fr\/blog\/celebrites-et-influence-en-france\/taille-des-stars\/quelle-taille-fait-naps\/#primaryimage\",\"url\":\"https:\/\/images.pexels.com\/photos\/3122799\/pexels-photo-3122799.jpeg?auto=compress&cs=tinysrgb&fit=crop&h=627&w=1200\",\"contentUrl\":\"https:\/\/images.pexels.com\/photos\/3122799\/pexels-photo-3122799.jpeg?auto=compress&cs=tinysrgb&fit=crop&h=627&w=1200\"},{\"@type\":\"WebSite\",\"@id\":\"https:\/\/starstory.fr\/blog\/#website\",\"url\":\"https:\/\/starstory.fr\/blog\/\",\"name\":\"StarStory\",\"description\":\"StarStory, les \u00e9toiles racontent leur histoire\",\"publisher\":{\"@id\":\"https:\/\/starstory.fr\/blog\/#organization\"},\"alternateName\":\"StarStory, les \u00e9toiles racontent leur histoire\",\"potentialAction\":[{\"@type\":\"SearchAction\",\"target\":{\"@type\":\"EntryPoint\",\"urlTemplate\":\"https:\/\/starstory.fr\/blog\/?s={search_term_string}\"},\"query-input\":{\"@type\":\"PropertyValueSpecification\",\"valueRequired\":true,\"valueName\":\"search_term_string\"}}],\"inLanguage\":\"fr-FR\"},{\"@type\":\"Organization\",\"@id\":\"https:\/\/starstory.fr\/blog\/#organization\",\"name\":\"StarStory\",\"alternateName\":\"StarStory.fr\",\"url\":\"https:\/\/starstory.fr\/blog\/\",\"logo\":{\"@type\":\"ImageObject\",\"inLanguage\":\"fr-FR\",\"@id\":\"https:\/\/starstory.fr\/blog\/#\/schema\/logo\/image\/\",\"url\":\"https:\/\/starstory.fr\/blog\/wp-content\/uploads\/2024\/12\/38.png\",\"contentUrl\":\"https:\/\/starstory.fr\/blog\/wp-content\/uploads\/2024\/12\/38.png\",\"width\":500,\"height\":500,\"caption\":\"StarStory\"},\"image\":{\"@id\":\"https:\/\/starstory.fr\/blog\/#\/schema\/logo\/image\/\"}},{\"@type\":\"Person\",\"@id\":\"https:\/\/starstory.fr\/blog\/#\/schema\/person\/432b46949d2a452f85568b160103039e\",\"name\":\"Claire Lefevre\",\"image\":{\"@type\":\"ImageObject\",\"inLanguage\":\"fr-FR\",\"@id\":\"https:\/\/starstory.fr\/blog\/#\/schema\/person\/image\/\",\"url\":\"https:\/\/secure.gravatar.com\/avatar\/?s=96&d=mm&r=g\",\"contentUrl\":\"https:\/\/secure.gravatar.com\/avatar\/?s=96&d=mm&r=g\",\"caption\":\"Claire Lefevre\"},\"description\":\"Claire raconte l\u2019\u00e9volution des c\u00e9l\u00e9brit\u00e9s et leur influence socioculturelle \u00e0 travers les d\u00e9cennies.\",\"url\":\"https:\/\/starstory.fr\/blog\/auteur\/claire-lefevre\/\",\"jobTitle\":\"Contributrice mutuelle sant\u00e9\",\"email\":\"claire.lefevre@starstory.fr\"}]}<\/script>\n<!-- \/ Yoast SEO Premium plugin. -->","yoast_head_json":{"title":"Quelle taille fait Naps ? (taille, fiche v\u00e9rifi\u00e9e)","description":"Naps mesurerait entre 1,70 et 1,75 m (rumeur \u00ab 1m73 \u00bb, rien d'officiel). Taille, \u00e9tat civil flou, parcours marseillais : la fiche compl\u00e8te.","robots":{"index":"index","follow":"follow","max-snippet":"max-snippet:-1","max-image-preview":"max-image-preview:large","max-video-preview":"max-video-preview:-1"},"canonical":"https:\/\/starstory.fr\/blog\/celebrites-et-influence-en-france\/taille-des-stars\/quelle-taille-fait-naps\/","og_locale":"fr_FR","og_type":"article","og_title":"Quelle taille fait Naps ? (taille, fiche v\u00e9rifi\u00e9e)","og_description":"Naps mesurerait entre 1,70 et 1,75 m (rumeur \u00ab 1m73 \u00bb, rien d'officiel). Taille, \u00e9tat civil flou, parcours marseillais : la fiche compl\u00e8te.","og_url":"https:\/\/starstory.fr\/blog\/celebrites-et-influence-en-france\/taille-des-stars\/quelle-taille-fait-naps\/","og_site_name":"starstory","og_image":[{"url":"https:\/\/images.pexels.com\/photos\/3122799\/pexels-photo-3122799.jpeg?auto=compress&cs=tinysrgb&fit=crop&h=627&w=1200","type":"","width":"","height":""}],"author":"Claire Lefevre","twitter_card":"summary_large_image","schema":{"@context":"https:\/\/schema.org","@graph":[{"@type":"NewsArticle","@id":"https:\/\/starstory.fr\/blog\/celebrites-et-influence-en-france\/taille-des-stars\/quelle-taille-fait-naps\/#article","isPartOf":{"@id":"https:\/\/starstory.fr\/blog\/celebrites-et-influence-en-france\/taille-des-stars\/quelle-taille-fait-naps\/"},"author":{"name":"Claire Lefevre","@id":"https:\/\/starstory.fr\/blog\/#\/schema\/person\/432b46949d2a452f85568b160103039e"},"headline":"Quelle taille fait Naps ?","datePublished":"2026-07-12T18:00:28+00:00","mainEntityOfPage":{"@id":"https:\/\/starstory.fr\/blog\/celebrites-et-influence-en-france\/taille-des-stars\/quelle-taille-fait-naps\/"},"wordCount":636,"commentCount":0,"publisher":{"@id":"https:\/\/starstory.fr\/blog\/#organization"},"image":{"@id":"https:\/\/starstory.fr\/blog\/celebrites-et-influence-en-france\/taille-des-stars\/quelle-taille-fait-naps\/#primaryimage"},"thumbnailUrl":"https:\/\/images.pexels.com\/photos\/3122799\/pexels-photo-3122799.jpeg?auto=compress&cs=tinysrgb&fit=crop&h=627&w=1200","articleSection":["Taille et mensurations des stars"],"inLanguage":"fr-FR","potentialAction":[{"@type":"CommentAction","name":"Comment","target":["https:\/\/starstory.fr\/blog\/celebrites-et-influence-en-france\/taille-des-stars\/quelle-taille-fait-naps\/#respond"]}]},{"@type":"WebPage","@id":"https:\/\/starstory.fr\/blog\/celebrites-et-influence-en-france\/taille-des-stars\/quelle-taille-fait-naps\/","url":"https:\/\/starstory.fr\/blog\/celebrites-et-influence-en-france\/taille-des-stars\/quelle-taille-fait-naps\/","name":"Quelle taille fait Naps ? (taille, fiche v\u00e9rifi\u00e9e)","isPartOf":{"@id":"https:\/\/starstory.fr\/blog\/#website"},"primaryImageOfPage":{"@id":"https:\/\/starstory.fr\/blog\/celebrites-et-influence-en-france\/taille-des-stars\/quelle-taille-fait-naps\/#primaryimage"},"image":{"@id":"https:\/\/starstory.fr\/blog\/celebrites-et-influence-en-france\/taille-des-stars\/quelle-taille-fait-naps\/#primaryimage"},"thumbnailUrl":"https:\/\/images.pexels.com\/photos\/3122799\/pexels-photo-3122799.jpeg?auto=compress&cs=tinysrgb&fit=crop&h=627&w=1200","datePublished":"2026-07-12T18:00:28+00:00","description":"Naps mesurerait entre 1,70 et 1,75 m (rumeur \u00ab 1m73 \u00bb, rien d'officiel). Taille, \u00e9tat civil flou, parcours marseillais : la fiche compl\u00e8te.","inLanguage":"fr-FR","potentialAction":[{"@type":"ReadAction","target":["https:\/\/starstory.fr\/blog\/celebrites-et-influence-en-france\/taille-des-stars\/quelle-taille-fait-naps\/"]}]},{"@type":"ImageObject","inLanguage":"fr-FR","@id":"https:\/\/starstory.fr\/blog\/celebrites-et-influence-en-france\/taille-des-stars\/quelle-taille-fait-naps\/#primaryimage","url":"https:\/\/images.pexels.com\/photos\/3122799\/pexels-photo-3122799.jpeg?auto=compress&cs=tinysrgb&fit=crop&h=627&w=1200","contentUrl":"https:\/\/images.pexels.com\/photos\/3122799\/pexels-photo-3122799.jpeg?auto=compress&cs=tinysrgb&fit=crop&h=627&w=1200"},{"@type":"WebSite","@id":"https:\/\/starstory.fr\/blog\/#website","url":"https:\/\/starstory.fr\/blog\/","name":"StarStory","description":"StarStory, les \u00e9toiles racontent leur histoire","publisher":{"@id":"https:\/\/starstory.fr\/blog\/#organization"},"alternateName":"StarStory, les \u00e9toiles racontent leur histoire","potentialAction":[{"@type":"SearchAction","target":{"@type":"EntryPoint","urlTemplate":"https:\/\/starstory.fr\/blog\/?s={search_term_string}"},"query-input":{"@type":"PropertyValueSpecification","valueRequired":true,"valueName":"search_term_string"}}],"inLanguage":"fr-FR"},{"@type":"Organization","@id":"https:\/\/starstory.fr\/blog\/#organization","name":"StarStory","alternateName":"StarStory.fr","url":"https:\/\/starstory.fr\/blog\/","logo":{"@type":"ImageObject","inLanguage":"fr-FR","@id":"https:\/\/starstory.fr\/blog\/#\/schema\/logo\/image\/","url":"https:\/\/starstory.fr\/blog\/wp-content\/uploads\/2024\/12\/38.png","contentUrl":"https:\/\/starstory.fr\/blog\/wp-content\/uploads\/2024\/12\/38.png","width":500,"height":500,"caption":"StarStory"},"image":{"@id":"https:\/\/starstory.fr\/blog\/#\/schema\/logo\/image\/"}},{"@type":"Person","@id":"https:\/\/starstory.fr\/blog\/#\/schema\/person\/432b46949d2a452f85568b160103039e","name":"Claire Lefevre","image":{"@type":"ImageObject","inLanguage":"fr-FR","@id":"https:\/\/starstory.fr\/blog\/#\/schema\/person\/image\/","url":"https:\/\/secure.gravatar.com\/avatar\/?s=96&d=mm&r=g","contentUrl":"https:\/\/secure.gravatar.com\/avatar\/?s=96&d=mm&r=g","caption":"Claire Lefevre"},"description":"Claire raconte l\u2019\u00e9volution des c\u00e9l\u00e9brit\u00e9s et leur influence socioculturelle \u00e0 travers les d\u00e9cennies.","url":"https:\/\/starstory.fr\/blog\/auteur\/claire-lefevre\/","jobTitle":"Contributrice mutuelle sant\u00e9","email":"claire.lefevre@starstory.fr"}]}},"_links":{"self":[{"href":"https:\/\/starstory.fr\/blog\/wp-json\/wp\/v2\/posts\/8251","targetHints":{"allow":["GET"]}}],"collection":[{"href":"https:\/\/starstory.fr\/blog\/wp-json\/wp\/v2\/posts"}],"about":[{"href":"https:\/\/starstory.fr\/blog\/wp-json\/wp\/v2\/types\/post"}],"author":[{"embeddable":true,"href":"https:\/\/starstory.fr\/blog\/wp-json\/wp\/v2\/users\/39"}],"replies":[{"embeddable":true,"href":"https:\/\/starstory.fr\/blog\/wp-json\/wp\/v2\/comments?post=8251"}],"version-history":[{"count":0,"href":"https:\/\/starstory.fr\/blog\/wp-json\/wp\/v2\/posts\/8251\/revisions"}],"wp:attachment":[{"href":"https:\/\/starstory.fr\/blog\/wp-json\/wp\/v2\/media?parent=8251"}],"wp:term":[{"taxonomy":"category","embeddable":true,"href":"https:\/\/starstory.fr\/blog\/wp-json\/wp\/v2\/categories?post=8251"},{"taxonomy":"post_tag","embeddable":true,"href":"https:\/\/starstory.fr\/blog\/wp-json\/wp\/v2\/tags?post=8251"}],"curies":[{"name":"wp","href":"https:\/\/api.w.org\/{rel}","templated":true}]}}