{"id":8249,"date":"2026-07-12T20:00:21","date_gmt":"2026-07-12T18:00:21","guid":{"rendered":"https:\/\/starstory.fr\/blog\/celebrites-et-influence-en-france\/taille-des-stars\/quelle-taille-faisait-werenoi\/"},"modified":"2026-07-12T20:00:21","modified_gmt":"2026-07-12T18:00:21","slug":"quelle-taille-faisait-werenoi","status":"publish","type":"post","link":"https:\/\/starstory.fr\/blog\/celebrites-et-influence-en-france\/taille-des-stars\/quelle-taille-faisait-werenoi\/","title":{"rendered":"Quelle taille faisait Werenoi ?"},"content":{"rendered":"<aside style=\"background:#FBEAF2;border-left:5px solid #B11E6A;padding:22px 28px;margin:24px 0;font-family:-apple-system,BlinkMacSystemFont,'Segoe UI',Roboto,sans-serif;\">\n<div style=\"margin:0;font-size:19px;line-height:1.55;color:#2a2a2a;font-weight:500;letter-spacing:-0.005em;\">\n    Werenoi mesurait <strong>entre 1,75 et 1,80 m<\/strong> selon les estimations \u2014 aucune taille officielle n&rsquo;a jamais \u00e9t\u00e9 publi\u00e9e. Le rappeur au double sacre des ventes 2023-2024 est d\u00e9c\u00e9d\u00e9 brutalement le 17 mai 2025, \u00e0 31 ans.\n  <\/div>\n<\/aside>\n<figure style=\"margin:32px 0;font-family:-apple-system,BlinkMacSystemFont,'Segoe UI',Roboto,sans-serif;\">\n<div style=\"overflow-x:auto;border:1px solid #e5e5e0;border-radius:8px;\">\n<table style=\"width:100%;border-collapse:collapse;font-size:14px;color:#2a2a2a;min-width:500px;\">\n<thead>\n<tr style=\"background:#1a1a1a;color:#fff;\">\n<th style=\"text-align:left;padding:14px 18px;font-weight:700;font-size:12px;text-transform:uppercase;letter-spacing:1.5px;\">Fiche mensurations<\/th>\n<th style=\"text-align:left;padding:14px 18px;font-weight:700;font-size:12px;text-transform:uppercase;letter-spacing:1.5px;\">D\u00e9tail<\/th>\n<\/tr>\n<\/thead>\n<tbody>\n<tr style=\"background:#fff;border-bottom:1px solid #f0ede5;\">\n<td style=\"padding:14px 18px;font-weight:600;\">Nom complet<\/td>\n<td style=\"padding:14px 18px;color:#4a4a4a;\">J\u00e9r\u00e9my Bana Owona, dit Werenoi<\/td>\n<\/tr>\n<tr style=\"background:#fafaf7;border-bottom:1px solid #f0ede5;\">\n<td style=\"padding:14px 18px;font-weight:600;\">Naissance \/ d\u00e9c\u00e8s<\/td>\n<td style=\"padding:14px 18px;color:#4a4a4a;\">30 janvier 1994, Melun \u2014 d\u00e9c\u00e9d\u00e9 le 17 mai 2025 \u00e0 Paris, \u00e0 31 ans<\/td>\n<\/tr>\n<tr style=\"background:#fff;border-bottom:1px solid #f0ede5;\">\n<td style=\"padding:14px 18px;font-weight:600;\">Taille<\/td>\n<td style=\"padding:14px 18px;color:#4a4a4a;\"><strong>\u2248 1,75-1,80 m<\/strong> (fourchette d&rsquo;estimations, aucune mesure officielle)<\/td>\n<\/tr>\n<tr style=\"background:#fafaf7;border-bottom:1px solid #f0ede5;\">\n<td style=\"padding:14px 18px;font-weight:600;\">Poids<\/td>\n<td style=\"padding:14px 18px;color:#4a4a4a;\">\u2248 72 kg selon certaines fiches (non confirm\u00e9)<\/td>\n<\/tr>\n<tr style=\"background:#fff;border-bottom:1px solid #f0ede5;\">\n<td style=\"padding:14px 18px;font-weight:600;\">Nationalit\u00e9<\/td>\n<td style=\"padding:14px 18px;color:#4a4a4a;\">Fran\u00e7aise, famille d&rsquo;origine camerounaise \u2014 grandi \u00e0 Montreuil<\/td>\n<\/tr>\n<tr style=\"background:#fafaf7;\">\n<td style=\"padding:14px 18px;font-weight:600;\">Discipline<\/td>\n<td style=\"padding:14px 18px;color:#4a4a4a;\">Rap \u2014 \u00ab Carr\u00e9 \u00bb (2023), \u00ab Pyramide \u00bb (2024), n\u00b01 des ventes d&rsquo;albums en France en 2023 et 2024<\/td>\n<\/tr>\n<\/tbody>\n<\/table><\/div>\n<\/figure>\n<h2>1,75-1,80 m : la fourchette d&rsquo;un artiste qui cachait tout<\/h2>\n<p>Werenoi n&rsquo;a jamais donn\u00e9 sa taille \u2014 il ne donnait d&rsquo;ailleurs presque rien : pas d&rsquo;interviews, un visage souvent dissimul\u00e9, une vie priv\u00e9e verrouill\u00e9e. Les biographies s\u00e9rieuses s&rsquo;accordent sur une fourchette de <strong>1,75 \u00e0 1,80 m<\/strong>, certaines vid\u00e9os avan\u00e7ant 178 cm, sans preuve. Ce myst\u00e8re physique faisait partie du personnage : la musique d&rsquo;abord, l&rsquo;homme jamais.<\/p>\n<p>Un profil \u00e0 l&rsquo;oppos\u00e9 de <a href=\"https:\/\/starstory.fr\/blog\/celebrites-et-influence-en-france\/taille-des-stars\/quelle-taille-fait-damso\/\">Damso (\u2248 1,85 m)<\/a>, avec qui il partageait le go\u00fbt des textes sombres, et proche du gabarit estim\u00e9 de <a href=\"https:\/\/starstory.fr\/blog\/celebrites-et-influence-en-france\/taille-des-stars\/quelle-taille-fait-ninho\/\">Ninho (\u2248 1,68-1,70 m)<\/a>, son partenaire de plusieurs succ\u00e8s.<\/p>\n<h2>Deux ans au sommet, une sortie de sc\u00e8ne brutale<\/h2>\n<p>R\u00e9v\u00e9lation masculine aux Flammes 2023, Werenoi a r\u00e9ussi l&rsquo;exploit de finir <strong>meilleur vendeur d&rsquo;albums en France deux ann\u00e9es de suite<\/strong>, 2023 et 2024, avec \u00ab Carr\u00e9 \u00bb puis \u00ab Pyramide \u00bb \u2014 tout en restant quasi invisible m\u00e9diatiquement. Sa mort soudaine, le 17 mai 2025 \u00e0 l&rsquo;h\u00f4pital de la Piti\u00e9-Salp\u00eatri\u00e8re, a sid\u00e9r\u00e9 le rap fran\u00e7ais ; les causes exactes n&rsquo;ont pas \u00e9t\u00e9 communiqu\u00e9es officiellement.<\/p>\n<aside style=\"background:#FBEAF2;border-left:4px solid #B11E6A;padding:14px 18px;margin:18px 0;border-radius:0 4px 4px 0;font-family:-apple-system,BlinkMacSystemFont,'Segoe UI',Roboto,sans-serif;\">\n  <strong style=\"display:inline-block;color:#8a1450;font-size:12px;text-transform:uppercase;letter-spacing:1.5px;margin-right:8px;\">&#128161; Bon \u00e0 savoir<\/strong><br \/>\n  <span style=\"font-size:14.5px;line-height:1.55;color:#3a3a3a;\">Werenoi reste l&rsquo;un des tr\u00e8s rares artistes fran\u00e7ais \u00e0 avoir \u00e9t\u00e9 n\u00b01 des ventes annuelles d&rsquo;albums deux ann\u00e9es cons\u00e9cutives sans jamais accorder d&rsquo;interview t\u00e9l\u00e9vis\u00e9e.<\/span><br \/>\n<\/aside>\n<h2>Signes distinctifs<\/h2>\n<p>Capuche, lunettes, cagoule ou simple p\u00e9nombre : Werenoi soignait l&rsquo;anonymat comme d&rsquo;autres soignent leur image. Voix grave, flow lancinant, textes de rue m\u00e9lancoliques \u2014 son identit\u00e9 \u00e9tait sonore avant d&rsquo;\u00eatre visuelle, et c&rsquo;est pr\u00e9cis\u00e9ment ce qui rendait le personnage fascinant.<\/p>\n<h2>Traits de caract\u00e8re<\/h2>\n<p>D\u00e9crit par ses proches et collaborateurs comme pudique, m\u00e9thodique et fid\u00e8le \u00e0 son entourage de Montreuil, Werenoi avait construit son ascension sur la discr\u00e9tion absolue et un rythme de sortie effr\u00e9n\u00e9. Son d\u00e9c\u00e8s a d\u00e9clench\u00e9 un hommage unanime de toute la sc\u00e8ne, de Ninho \u00e0 SDM.<\/p>\n<p>Pour situer Werenoi face aux autres c\u00e9l\u00e9brit\u00e9s, consultez notre <a href=\"https:\/\/starstory.fr\/blog\/celebrites-et-influence-en-france\/taille-des-stars\/quelle-taille-font-les-stars\/\">guide complet des tailles des stars<\/a>, qui r\u00e9capitule les mensurations v\u00e9rifi\u00e9es de dizaines de personnalit\u00e9s.<\/p>\n<h2>Questions fr\u00e9quentes<\/h2>\n<details style=\"border:1px solid #e5e5e0;border-radius:8px;padding:14px 18px;margin:12px 0;font-family:-apple-system,BlinkMacSystemFont,'Segoe UI',Roboto,sans-serif;\">\n<summary style=\"font-weight:700;font-size:15.5px;color:#1a1a1a;cursor:pointer;\">Quelle taille faisait Werenoi ?<\/summary>\n<p style=\"margin:12px 0 0;font-size:15px;line-height:1.6;color:#3a3a3a;\">Aucune taille officielle n&rsquo;a jamais \u00e9t\u00e9 publi\u00e9e. Les estimations s\u00e9rieuses le situaient <strong>entre 1,75 et 1,80 m<\/strong>, certaines sources avan\u00e7ant 178 cm sans confirmation.<\/p>\n<\/details>\n<details style=\"border:1px solid #e5e5e0;border-radius:8px;padding:14px 18px;margin:12px 0;font-family:-apple-system,BlinkMacSystemFont,'Segoe UI',Roboto,sans-serif;\">\n<summary style=\"font-weight:700;font-size:15.5px;color:#1a1a1a;cursor:pointer;\">De quoi est mort Werenoi ?<\/summary>\n<p style=\"margin:12px 0 0;font-size:15px;line-height:1.6;color:#3a3a3a;\">Werenoi est d\u00e9c\u00e9d\u00e9 brutalement le <strong>17 mai 2025<\/strong> \u00e0 Paris, \u00e0 31 ans. Les causes exactes de sa mort n&rsquo;ont pas \u00e9t\u00e9 communiqu\u00e9es officiellement par sa famille ou son label.<\/p>\n<\/details>\n<details style=\"border:1px solid #e5e5e0;border-radius:8px;padding:14px 18px;margin:12px 0;font-family:-apple-system,BlinkMacSystemFont,'Segoe UI',Roboto,sans-serif;\">\n<summary style=\"font-weight:700;font-size:15.5px;color:#1a1a1a;cursor:pointer;\">Quel est le vrai nom de Werenoi ?<\/summary>\n<p style=\"margin:12px 0 0;font-size:15px;line-height:1.6;color:#3a3a3a;\"><strong>J\u00e9r\u00e9my Bana Owona<\/strong>, n\u00e9 le 30 janvier 1994 \u00e0 Melun dans une famille d&rsquo;origine camerounaise, et \u00e9lev\u00e9 \u00e0 Montreuil (Seine-Saint-Denis).<\/p>\n<\/details>\n<p style=\"font-size:13px;color:#6a6a6a;margin-top:28px;\">Sources : biographies sp\u00e9cialis\u00e9es (estimations, aucune mesure officielle), presse nationale (mai 2025), palmar\u00e8s SNEP 2023-2024.<\/p>\n<p><script type=\"application\/ld+json\">{\"@context\": \"https:\/\/schema.org\", \"@type\": \"FAQPage\", \"mainEntity\": [{\"@type\": \"Question\", \"name\": \"Quelle taille faisait Werenoi ?\", \"acceptedAnswer\": {\"@type\": \"Answer\", \"text\": \"Aucune taille officielle n'a jamais \u00e9t\u00e9 publi\u00e9e. Les estimations s\u00e9rieuses le situaient entre 1,75 et 1,80 m, certaines sources avan\u00e7ant 178 cm sans confirmation.\"}}, {\"@type\": \"Question\", \"name\": \"De quoi est mort Werenoi ?\", \"acceptedAnswer\": {\"@type\": \"Answer\", \"text\": \"Werenoi est d\u00e9c\u00e9d\u00e9 brutalement le 17 mai 2025 \u00e0 Paris, \u00e0 31 ans. Les causes exactes de sa mort n'ont pas \u00e9t\u00e9 communiqu\u00e9es officiellement par sa famille ou son label.\"}}, {\"@type\": \"Question\", \"name\": \"Quel est le vrai nom de Werenoi ?\", \"acceptedAnswer\": {\"@type\": \"Answer\", \"text\": \"J\u00e9r\u00e9my Bana Owona, n\u00e9 le 30 janvier 1994 \u00e0 Melun dans une famille d'origine camerounaise, et \u00e9lev\u00e9 \u00e0 Montreuil (Seine-Saint-Denis).\"}}]}<\/script><\/p>\n","protected":false},"excerpt":{"rendered":"","protected":false},"author":43,"featured_media":999999999,"comment_status":"open","ping_status":"open","sticky":false,"template":"","format":"standard","meta":{"_acf_changed":false,"manual_indexmenow":false,"indexmenow_id_project":0,"footnotes":""},"categories":[4839],"tags":[],"class_list":["post-8249","post","type-post","status-publish","format-standard","has-post-thumbnail","hentry","category-taille-des-stars","generate-columns","tablet-grid-50","mobile-grid-100","grid-parent","grid-25"],"acf":[],"yoast_head":"<!-- This site is optimized with the Yoast SEO Premium plugin v21.3 (Yoast SEO v26.5) - https:\/\/yoast.com\/wordpress\/plugins\/seo\/ -->\n<title>Quelle taille faisait Werenoi ? (fiche v\u00e9rifi\u00e9e)<\/title>\n<meta name=\"description\" content=\"Werenoi mesurait entre 1,75 et 1,80 m selon les estimations \u2014 aucune taille officielle. Fiche du rappeur n\u00b01 des ventes 2023-2024, d\u00e9c\u00e9d\u00e9 le 17 mai 2025.\" \/>\n<meta name=\"robots\" content=\"index, follow, max-snippet:-1, max-image-preview:large, max-video-preview:-1\" \/>\n<link rel=\"canonical\" href=\"https:\/\/starstory.fr\/blog\/celebrites-et-influence-en-france\/taille-des-stars\/quelle-taille-faisait-werenoi\/\" \/>\n<meta property=\"og:locale\" content=\"fr_FR\" \/>\n<meta property=\"og:type\" content=\"article\" \/>\n<meta property=\"og:title\" content=\"Quelle taille faisait Werenoi ? (fiche v\u00e9rifi\u00e9e)\" \/>\n<meta property=\"og:description\" content=\"Werenoi mesurait entre 1,75 et 1,80 m selon les estimations \u2014 aucune taille officielle. Fiche du rappeur n\u00b01 des ventes 2023-2024, d\u00e9c\u00e9d\u00e9 le 17 mai 2025.\" \/>\n<meta property=\"og:url\" content=\"https:\/\/starstory.fr\/blog\/celebrites-et-influence-en-france\/taille-des-stars\/quelle-taille-faisait-werenoi\/\" \/>\n<meta property=\"og:site_name\" content=\"starstory\" \/>\n<meta property=\"og:image\" content=\"https:\/\/images.pexels.com\/photos\/5847498\/pexels-photo-5847498.jpeg?auto=compress&cs=tinysrgb&fit=crop&h=627&w=1200\" \/>\n<meta name=\"author\" content=\"Lucas Martin\" \/>\n<meta name=\"twitter:card\" content=\"summary_large_image\" \/>\n<script type=\"application\/ld+json\" class=\"yoast-schema-graph\">{\"@context\":\"https:\/\/schema.org\",\"@graph\":[{\"@type\":\"NewsArticle\",\"@id\":\"https:\/\/starstory.fr\/blog\/celebrites-et-influence-en-france\/taille-des-stars\/quelle-taille-faisait-werenoi\/#article\",\"isPartOf\":{\"@id\":\"https:\/\/starstory.fr\/blog\/celebrites-et-influence-en-france\/taille-des-stars\/quelle-taille-faisait-werenoi\/\"},\"author\":{\"name\":\"Lucas Martin\",\"@id\":\"https:\/\/starstory.fr\/blog\/#\/schema\/person\/7460f07f6b55c3d1c9b0d5788b27d15e\"},\"headline\":\"Quelle taille faisait Werenoi ?\",\"datePublished\":\"2026-07-12T18:00:21+00:00\",\"mainEntityOfPage\":{\"@id\":\"https:\/\/starstory.fr\/blog\/celebrites-et-influence-en-france\/taille-des-stars\/quelle-taille-faisait-werenoi\/\"},\"wordCount\":587,\"commentCount\":0,\"publisher\":{\"@id\":\"https:\/\/starstory.fr\/blog\/#organization\"},\"image\":{\"@id\":\"https:\/\/starstory.fr\/blog\/celebrites-et-influence-en-france\/taille-des-stars\/quelle-taille-faisait-werenoi\/#primaryimage\"},\"thumbnailUrl\":\"https:\/\/images.pexels.com\/photos\/5847498\/pexels-photo-5847498.jpeg?auto=compress&cs=tinysrgb&fit=crop&h=627&w=1200\",\"articleSection\":[\"Taille et mensurations des stars\"],\"inLanguage\":\"fr-FR\",\"potentialAction\":[{\"@type\":\"CommentAction\",\"name\":\"Comment\",\"target\":[\"https:\/\/starstory.fr\/blog\/celebrites-et-influence-en-france\/taille-des-stars\/quelle-taille-faisait-werenoi\/#respond\"]}]},{\"@type\":\"WebPage\",\"@id\":\"https:\/\/starstory.fr\/blog\/celebrites-et-influence-en-france\/taille-des-stars\/quelle-taille-faisait-werenoi\/\",\"url\":\"https:\/\/starstory.fr\/blog\/celebrites-et-influence-en-france\/taille-des-stars\/quelle-taille-faisait-werenoi\/\",\"name\":\"Quelle taille faisait Werenoi ? (fiche v\u00e9rifi\u00e9e)\",\"isPartOf\":{\"@id\":\"https:\/\/starstory.fr\/blog\/#website\"},\"primaryImageOfPage\":{\"@id\":\"https:\/\/starstory.fr\/blog\/celebrites-et-influence-en-france\/taille-des-stars\/quelle-taille-faisait-werenoi\/#primaryimage\"},\"image\":{\"@id\":\"https:\/\/starstory.fr\/blog\/celebrites-et-influence-en-france\/taille-des-stars\/quelle-taille-faisait-werenoi\/#primaryimage\"},\"thumbnailUrl\":\"https:\/\/images.pexels.com\/photos\/5847498\/pexels-photo-5847498.jpeg?auto=compress&cs=tinysrgb&fit=crop&h=627&w=1200\",\"datePublished\":\"2026-07-12T18:00:21+00:00\",\"description\":\"Werenoi mesurait entre 1,75 et 1,80 m selon les estimations \u2014 aucune taille officielle. Fiche du rappeur n\u00b01 des ventes 2023-2024, d\u00e9c\u00e9d\u00e9 le 17 mai 2025.\",\"inLanguage\":\"fr-FR\",\"potentialAction\":[{\"@type\":\"ReadAction\",\"target\":[\"https:\/\/starstory.fr\/blog\/celebrites-et-influence-en-france\/taille-des-stars\/quelle-taille-faisait-werenoi\/\"]}]},{\"@type\":\"ImageObject\",\"inLanguage\":\"fr-FR\",\"@id\":\"https:\/\/starstory.fr\/blog\/celebrites-et-influence-en-france\/taille-des-stars\/quelle-taille-faisait-werenoi\/#primaryimage\",\"url\":\"https:\/\/images.pexels.com\/photos\/5847498\/pexels-photo-5847498.jpeg?auto=compress&cs=tinysrgb&fit=crop&h=627&w=1200\",\"contentUrl\":\"https:\/\/images.pexels.com\/photos\/5847498\/pexels-photo-5847498.jpeg?auto=compress&cs=tinysrgb&fit=crop&h=627&w=1200\"},{\"@type\":\"WebSite\",\"@id\":\"https:\/\/starstory.fr\/blog\/#website\",\"url\":\"https:\/\/starstory.fr\/blog\/\",\"name\":\"StarStory\",\"description\":\"StarStory, les \u00e9toiles racontent leur histoire\",\"publisher\":{\"@id\":\"https:\/\/starstory.fr\/blog\/#organization\"},\"alternateName\":\"StarStory, les \u00e9toiles racontent leur histoire\",\"potentialAction\":[{\"@type\":\"SearchAction\",\"target\":{\"@type\":\"EntryPoint\",\"urlTemplate\":\"https:\/\/starstory.fr\/blog\/?s={search_term_string}\"},\"query-input\":{\"@type\":\"PropertyValueSpecification\",\"valueRequired\":true,\"valueName\":\"search_term_string\"}}],\"inLanguage\":\"fr-FR\"},{\"@type\":\"Organization\",\"@id\":\"https:\/\/starstory.fr\/blog\/#organization\",\"name\":\"StarStory\",\"alternateName\":\"StarStory.fr\",\"url\":\"https:\/\/starstory.fr\/blog\/\",\"logo\":{\"@type\":\"ImageObject\",\"inLanguage\":\"fr-FR\",\"@id\":\"https:\/\/starstory.fr\/blog\/#\/schema\/logo\/image\/\",\"url\":\"https:\/\/starstory.fr\/blog\/wp-content\/uploads\/2024\/12\/38.png\",\"contentUrl\":\"https:\/\/starstory.fr\/blog\/wp-content\/uploads\/2024\/12\/38.png\",\"width\":500,\"height\":500,\"caption\":\"StarStory\"},\"image\":{\"@id\":\"https:\/\/starstory.fr\/blog\/#\/schema\/logo\/image\/\"}},{\"@type\":\"Person\",\"@id\":\"https:\/\/starstory.fr\/blog\/#\/schema\/person\/7460f07f6b55c3d1c9b0d5788b27d15e\",\"name\":\"Lucas Martin\",\"image\":{\"@type\":\"ImageObject\",\"inLanguage\":\"fr-FR\",\"@id\":\"https:\/\/starstory.fr\/blog\/#\/schema\/person\/image\/\",\"url\":\"https:\/\/secure.gravatar.com\/avatar\/?s=96&d=mm&r=g\",\"contentUrl\":\"https:\/\/secure.gravatar.com\/avatar\/?s=96&d=mm&r=g\",\"caption\":\"Lucas Martin\"},\"description\":\"Lucas dresse le portrait des stars sportives qui ont marqu\u00e9 les diff\u00e9rentes \u00e9poques.\",\"url\":\"https:\/\/starstory.fr\/blog\/auteur\/lucas-martin\/\",\"jobTitle\":\"Contributeur high-tech\",\"email\":\"lucas.martin@lemacenligne.com\"}]}<\/script>\n<!-- \/ Yoast SEO Premium plugin. -->","yoast_head_json":{"title":"Quelle taille faisait Werenoi ? (fiche v\u00e9rifi\u00e9e)","description":"Werenoi mesurait entre 1,75 et 1,80 m selon les estimations \u2014 aucune taille officielle. Fiche du rappeur n\u00b01 des ventes 2023-2024, d\u00e9c\u00e9d\u00e9 le 17 mai 2025.","robots":{"index":"index","follow":"follow","max-snippet":"max-snippet:-1","max-image-preview":"max-image-preview:large","max-video-preview":"max-video-preview:-1"},"canonical":"https:\/\/starstory.fr\/blog\/celebrites-et-influence-en-france\/taille-des-stars\/quelle-taille-faisait-werenoi\/","og_locale":"fr_FR","og_type":"article","og_title":"Quelle taille faisait Werenoi ? (fiche v\u00e9rifi\u00e9e)","og_description":"Werenoi mesurait entre 1,75 et 1,80 m selon les estimations \u2014 aucune taille officielle. Fiche du rappeur n\u00b01 des ventes 2023-2024, d\u00e9c\u00e9d\u00e9 le 17 mai 2025.","og_url":"https:\/\/starstory.fr\/blog\/celebrites-et-influence-en-france\/taille-des-stars\/quelle-taille-faisait-werenoi\/","og_site_name":"starstory","og_image":[{"url":"https:\/\/images.pexels.com\/photos\/5847498\/pexels-photo-5847498.jpeg?auto=compress&cs=tinysrgb&fit=crop&h=627&w=1200","type":"","width":"","height":""}],"author":"Lucas Martin","twitter_card":"summary_large_image","schema":{"@context":"https:\/\/schema.org","@graph":[{"@type":"NewsArticle","@id":"https:\/\/starstory.fr\/blog\/celebrites-et-influence-en-france\/taille-des-stars\/quelle-taille-faisait-werenoi\/#article","isPartOf":{"@id":"https:\/\/starstory.fr\/blog\/celebrites-et-influence-en-france\/taille-des-stars\/quelle-taille-faisait-werenoi\/"},"author":{"name":"Lucas Martin","@id":"https:\/\/starstory.fr\/blog\/#\/schema\/person\/7460f07f6b55c3d1c9b0d5788b27d15e"},"headline":"Quelle taille faisait Werenoi ?","datePublished":"2026-07-12T18:00:21+00:00","mainEntityOfPage":{"@id":"https:\/\/starstory.fr\/blog\/celebrites-et-influence-en-france\/taille-des-stars\/quelle-taille-faisait-werenoi\/"},"wordCount":587,"commentCount":0,"publisher":{"@id":"https:\/\/starstory.fr\/blog\/#organization"},"image":{"@id":"https:\/\/starstory.fr\/blog\/celebrites-et-influence-en-france\/taille-des-stars\/quelle-taille-faisait-werenoi\/#primaryimage"},"thumbnailUrl":"https:\/\/images.pexels.com\/photos\/5847498\/pexels-photo-5847498.jpeg?auto=compress&cs=tinysrgb&fit=crop&h=627&w=1200","articleSection":["Taille et mensurations des stars"],"inLanguage":"fr-FR","potentialAction":[{"@type":"CommentAction","name":"Comment","target":["https:\/\/starstory.fr\/blog\/celebrites-et-influence-en-france\/taille-des-stars\/quelle-taille-faisait-werenoi\/#respond"]}]},{"@type":"WebPage","@id":"https:\/\/starstory.fr\/blog\/celebrites-et-influence-en-france\/taille-des-stars\/quelle-taille-faisait-werenoi\/","url":"https:\/\/starstory.fr\/blog\/celebrites-et-influence-en-france\/taille-des-stars\/quelle-taille-faisait-werenoi\/","name":"Quelle taille faisait Werenoi ? (fiche v\u00e9rifi\u00e9e)","isPartOf":{"@id":"https:\/\/starstory.fr\/blog\/#website"},"primaryImageOfPage":{"@id":"https:\/\/starstory.fr\/blog\/celebrites-et-influence-en-france\/taille-des-stars\/quelle-taille-faisait-werenoi\/#primaryimage"},"image":{"@id":"https:\/\/starstory.fr\/blog\/celebrites-et-influence-en-france\/taille-des-stars\/quelle-taille-faisait-werenoi\/#primaryimage"},"thumbnailUrl":"https:\/\/images.pexels.com\/photos\/5847498\/pexels-photo-5847498.jpeg?auto=compress&cs=tinysrgb&fit=crop&h=627&w=1200","datePublished":"2026-07-12T18:00:21+00:00","description":"Werenoi mesurait entre 1,75 et 1,80 m selon les estimations \u2014 aucune taille officielle. Fiche du rappeur n\u00b01 des ventes 2023-2024, d\u00e9c\u00e9d\u00e9 le 17 mai 2025.","inLanguage":"fr-FR","potentialAction":[{"@type":"ReadAction","target":["https:\/\/starstory.fr\/blog\/celebrites-et-influence-en-france\/taille-des-stars\/quelle-taille-faisait-werenoi\/"]}]},{"@type":"ImageObject","inLanguage":"fr-FR","@id":"https:\/\/starstory.fr\/blog\/celebrites-et-influence-en-france\/taille-des-stars\/quelle-taille-faisait-werenoi\/#primaryimage","url":"https:\/\/images.pexels.com\/photos\/5847498\/pexels-photo-5847498.jpeg?auto=compress&cs=tinysrgb&fit=crop&h=627&w=1200","contentUrl":"https:\/\/images.pexels.com\/photos\/5847498\/pexels-photo-5847498.jpeg?auto=compress&cs=tinysrgb&fit=crop&h=627&w=1200"},{"@type":"WebSite","@id":"https:\/\/starstory.fr\/blog\/#website","url":"https:\/\/starstory.fr\/blog\/","name":"StarStory","description":"StarStory, les \u00e9toiles racontent leur histoire","publisher":{"@id":"https:\/\/starstory.fr\/blog\/#organization"},"alternateName":"StarStory, les \u00e9toiles racontent leur histoire","potentialAction":[{"@type":"SearchAction","target":{"@type":"EntryPoint","urlTemplate":"https:\/\/starstory.fr\/blog\/?s={search_term_string}"},"query-input":{"@type":"PropertyValueSpecification","valueRequired":true,"valueName":"search_term_string"}}],"inLanguage":"fr-FR"},{"@type":"Organization","@id":"https:\/\/starstory.fr\/blog\/#organization","name":"StarStory","alternateName":"StarStory.fr","url":"https:\/\/starstory.fr\/blog\/","logo":{"@type":"ImageObject","inLanguage":"fr-FR","@id":"https:\/\/starstory.fr\/blog\/#\/schema\/logo\/image\/","url":"https:\/\/starstory.fr\/blog\/wp-content\/uploads\/2024\/12\/38.png","contentUrl":"https:\/\/starstory.fr\/blog\/wp-content\/uploads\/2024\/12\/38.png","width":500,"height":500,"caption":"StarStory"},"image":{"@id":"https:\/\/starstory.fr\/blog\/#\/schema\/logo\/image\/"}},{"@type":"Person","@id":"https:\/\/starstory.fr\/blog\/#\/schema\/person\/7460f07f6b55c3d1c9b0d5788b27d15e","name":"Lucas Martin","image":{"@type":"ImageObject","inLanguage":"fr-FR","@id":"https:\/\/starstory.fr\/blog\/#\/schema\/person\/image\/","url":"https:\/\/secure.gravatar.com\/avatar\/?s=96&d=mm&r=g","contentUrl":"https:\/\/secure.gravatar.com\/avatar\/?s=96&d=mm&r=g","caption":"Lucas Martin"},"description":"Lucas dresse le portrait des stars sportives qui ont marqu\u00e9 les diff\u00e9rentes \u00e9poques.","url":"https:\/\/starstory.fr\/blog\/auteur\/lucas-martin\/","jobTitle":"Contributeur high-tech","email":"lucas.martin@lemacenligne.com"}]}},"_links":{"self":[{"href":"https:\/\/starstory.fr\/blog\/wp-json\/wp\/v2\/posts\/8249","targetHints":{"allow":["GET"]}}],"collection":[{"href":"https:\/\/starstory.fr\/blog\/wp-json\/wp\/v2\/posts"}],"about":[{"href":"https:\/\/starstory.fr\/blog\/wp-json\/wp\/v2\/types\/post"}],"author":[{"embeddable":true,"href":"https:\/\/starstory.fr\/blog\/wp-json\/wp\/v2\/users\/43"}],"replies":[{"embeddable":true,"href":"https:\/\/starstory.fr\/blog\/wp-json\/wp\/v2\/comments?post=8249"}],"version-history":[{"count":0,"href":"https:\/\/starstory.fr\/blog\/wp-json\/wp\/v2\/posts\/8249\/revisions"}],"wp:attachment":[{"href":"https:\/\/starstory.fr\/blog\/wp-json\/wp\/v2\/media?parent=8249"}],"wp:term":[{"taxonomy":"category","embeddable":true,"href":"https:\/\/starstory.fr\/blog\/wp-json\/wp\/v2\/categories?post=8249"},{"taxonomy":"post_tag","embeddable":true,"href":"https:\/\/starstory.fr\/blog\/wp-json\/wp\/v2\/tags?post=8249"}],"curies":[{"name":"wp","href":"https:\/\/api.w.org\/{rel}","templated":true}]}}