{"id":8244,"date":"2026-07-12T20:00:02","date_gmt":"2026-07-12T18:00:02","guid":{"rendered":"https:\/\/starstory.fr\/blog\/celebrites-et-influence-en-france\/taille-des-stars\/quelle-taille-fait-orelsan\/"},"modified":"2026-07-12T20:00:02","modified_gmt":"2026-07-12T18:00:02","slug":"quelle-taille-fait-orelsan","status":"publish","type":"post","link":"https:\/\/starstory.fr\/blog\/celebrites-et-influence-en-france\/taille-des-stars\/quelle-taille-fait-orelsan\/","title":{"rendered":"Quelle taille fait Orelsan ?"},"content":{"rendered":"<aside style=\"background:#FBEAF2;border-left:5px solid #B11E6A;padding:22px 28px;margin:24px 0;font-family:-apple-system,BlinkMacSystemFont,'Segoe UI',Roboto,sans-serif;\">\n<div style=\"margin:0;font-size:19px;line-height:1.55;color:#2a2a2a;font-weight:500;letter-spacing:-0.005em;\">\n    Orelsan mesure <strong>environ 1,77 m<\/strong> selon les estimations les plus reprises \u2014 aucune taille officielle n&rsquo;existe, et les bases sp\u00e9cialis\u00e9es oscillent entre 1,76 et 1,82 m. Le gabarit moyen-haut d&rsquo;un rappeur qui n&rsquo;a jamais jou\u00e9 de sa stature.\n  <\/div>\n<\/aside>\n<figure style=\"margin:32px 0;font-family:-apple-system,BlinkMacSystemFont,'Segoe UI',Roboto,sans-serif;\">\n<div style=\"overflow-x:auto;border:1px solid #e5e5e0;border-radius:8px;\">\n<table style=\"width:100%;border-collapse:collapse;font-size:14px;color:#2a2a2a;min-width:500px;\">\n<thead>\n<tr style=\"background:#1a1a1a;color:#fff;\">\n<th style=\"text-align:left;padding:14px 18px;font-weight:700;font-size:12px;text-transform:uppercase;letter-spacing:1.5px;\">Fiche mensurations<\/th>\n<th style=\"text-align:left;padding:14px 18px;font-weight:700;font-size:12px;text-transform:uppercase;letter-spacing:1.5px;\">D\u00e9tail<\/th>\n<\/tr>\n<\/thead>\n<tbody>\n<tr style=\"background:#fff;border-bottom:1px solid #f0ede5;\">\n<td style=\"padding:14px 18px;font-weight:600;\">Nom complet<\/td>\n<td style=\"padding:14px 18px;color:#4a4a4a;\">Aur\u00e9lien Cotentin, dit Orelsan<\/td>\n<\/tr>\n<tr style=\"background:#fafaf7;border-bottom:1px solid #f0ede5;\">\n<td style=\"padding:14px 18px;font-weight:600;\">Naissance<\/td>\n<td style=\"padding:14px 18px;color:#4a4a4a;\">1er ao\u00fbt 1982, Alen\u00e7on (Orne)<\/td>\n<\/tr>\n<tr style=\"background:#fff;border-bottom:1px solid #f0ede5;\">\n<td style=\"padding:14px 18px;font-weight:600;\">Taille<\/td>\n<td style=\"padding:14px 18px;color:#4a4a4a;\"><strong>\u2248 1,77 m<\/strong> (estimation, aucune donn\u00e9e officielle \u2014 fourchette 1,76 \u00e0 1,82 m selon les bases)<\/td>\n<\/tr>\n<tr style=\"background:#fafaf7;border-bottom:1px solid #f0ede5;\">\n<td style=\"padding:14px 18px;font-weight:600;\">Poids<\/td>\n<td style=\"padding:14px 18px;color:#4a4a4a;\">Non communiqu\u00e9<\/td>\n<\/tr>\n<tr style=\"background:#fff;border-bottom:1px solid #f0ede5;\">\n<td style=\"padding:14px 18px;font-weight:600;\">Nationalit\u00e9<\/td>\n<td style=\"padding:14px 18px;color:#4a4a4a;\">Fran\u00e7aise<\/td>\n<\/tr>\n<tr style=\"background:#fafaf7;\">\n<td style=\"padding:14px 18px;font-weight:600;\">Discipline<\/td>\n<td style=\"padding:14px 18px;color:#4a4a4a;\">Rap \u2014 cinq albums studio, dont \u00ab La fuite en avant \u00bb (2025), multi-r\u00e9compens\u00e9 aux Victoires de la musique<\/td>\n<\/tr>\n<\/tbody>\n<\/table><\/div>\n<\/figure>\n<h2>1,77 m : une estimation consensuelle, pas une mesure officielle<\/h2>\n<p>Contrairement \u00e0 un footballeur pass\u00e9 par la visite m\u00e9dicale, Orelsan n&rsquo;a jamais communiqu\u00e9 sa taille. Les bases sp\u00e9cialis\u00e9es convergent vers <strong>1,77 m<\/strong>, mais certaines fiches montent \u00e0 1,82 m : la fourchette document\u00e9e va de 1,76 \u00e0 1,82 m, et il faut la lire comme ce qu&rsquo;elle est \u2014 une estimation crois\u00e9e \u00e0 partir de photos et d&rsquo;apparitions publiques, pas un relev\u00e9 m\u00e9dical.<\/p>\n<p>Ce 1,77 m le place dans la moyenne haute du rap fran\u00e7ais : au niveau de <a href=\"https:\/\/starstory.fr\/blog\/celebrites-et-influence-en-france\/taille-des-stars\/quelle-taille-fait-nekfeu\/\">Nekfeu (\u2248 1,74 m)<\/a>, et une dizaine de centim\u00e8tres sous <a href=\"https:\/\/starstory.fr\/blog\/celebrites-et-influence-en-france\/taille-des-stars\/quelle-taille-fait-sch\/\">SCH (\u2248 1,88 m)<\/a>.<\/p>\n<h2>Une silhouette de \u00ab mec normal \u00bb devenue marque de fabrique<\/h2>\n<p>Longiligne sans \u00eatre fr\u00eale, jean-sweat-casquette en toute circonstance : la stature d&rsquo;Orelsan participe de son personnage d&rsquo;anti-h\u00e9ros normand, celui du documentaire \u00ab Montre jamais \u00e7a \u00e0 personne \u00bb. Sur sc\u00e8ne, il occupe l&rsquo;espace par le texte et la marche tranquille plut\u00f4t que par la performance physique \u2014 un contraste total avec les gabarits body-build\u00e9s de la sc\u00e8ne trap.<\/p>\n<p>Depuis la sortie de son cinqui\u00e8me album \u00ab La fuite en avant \u00bb fin 2025, il remplit les salles : la tourn\u00e9e 2026 a d\u00fb ajouter des dates suppl\u00e9mentaires, annonc\u00e9es par l&rsquo;int\u00e9ress\u00e9 sur ses r\u00e9seaux :<\/p>\n<div style=\"border:1px solid #e5e5e0;border-radius:10px;padding:16px 20px;margin:18px 0;background:#fafaf7;font-family:-apple-system,BlinkMacSystemFont,'Segoe UI',Roboto,sans-serif;\">\n  <strong style=\"display:block;font-size:12px;text-transform:uppercase;letter-spacing:1.5px;color:#8a1450;margin-bottom:6px;\">&#128247; Sur Instagram<\/strong><br \/>\n  <span style=\"font-size:15px;line-height:1.6;color:#2a2a2a;\">\u00ab Je vous pr\u00e9sente les dates suppl\u00e9mentaires de la tourn\u00e9e &#127926; \u00bb \u2014 <a href=\"https:\/\/www.instagram.com\/p\/DVeCgPKiPAs\/\" rel=\"nofollow noopener\" target=\"_blank\">voir le post de @orelsan<\/a> (2 M d&rsquo;abonn\u00e9s)<\/span><br \/>\n  <span style=\"display:block;font-size:13px;color:#6a6a6a;margin-top:6px;\">27 200 likes \u00b7 620 commentaires \u00b7 4 mars 2026<\/span>\n<\/div>\n<aside style=\"background:#FBEAF2;border-left:4px solid #B11E6A;padding:14px 18px;margin:18px 0;border-radius:0 4px 4px 0;font-family:-apple-system,BlinkMacSystemFont,'Segoe UI',Roboto,sans-serif;\">\n  <strong style=\"display:inline-block;color:#8a1450;font-size:12px;text-transform:uppercase;letter-spacing:1.5px;margin-right:8px;\">&#128161; Bon \u00e0 savoir<\/strong><br \/>\n  <span style=\"font-size:14.5px;line-height:1.55;color:#3a3a3a;\">Avant le rap, Aur\u00e9lien Cotentin est pass\u00e9 par l&rsquo;\u00c9cole de Management de Normandie \u2014 le fameux \u00ab bac +5 \u00bb autod\u00e9risoire de ses textes, \u00e9crits depuis Caen.<\/span><br \/>\n<\/aside>\n<h2>Signes distinctifs<\/h2>\n<p>La casquette ou le bonnet viss\u00e9 sur la t\u00eate, les hoodies larges, la barbe courte irr\u00e9guli\u00e8re : aucun bling, aucun tatouage m\u00e9diatis\u00e9. C&rsquo;est le rappeur le plus \u00ab identifiable au voisin de palier \u00bb du paysage fran\u00e7ais \u2014 une normalit\u00e9 soigneusement entretenue qui fait toute la force de son \u00e9criture d&rsquo;observateur.<\/p>\n<h2>Traits de caract\u00e8re<\/h2>\n<p>R\u00e9serv\u00e9, presque timide en interview, Orelsan est d\u00e9crit par ses proches comme un perfectionniste qui doute : le documentaire de son fr\u00e8re Cl\u00e9ment le montre retravaillant ses morceaux jusqu&rsquo;\u00e0 l&rsquo;obsession. Loin des clashs, il a construit vingt ans de carri\u00e8re sur l&rsquo;autod\u00e9rision et la pr\u00e9cision d&rsquo;\u00e9criture.<\/p>\n<p>Pour situer Orelsan face aux autres c\u00e9l\u00e9brit\u00e9s, consultez notre <a href=\"https:\/\/starstory.fr\/blog\/celebrites-et-influence-en-france\/taille-des-stars\/quelle-taille-font-les-stars\/\">guide complet des tailles des stars<\/a>, qui r\u00e9capitule les mensurations v\u00e9rifi\u00e9es de dizaines de personnalit\u00e9s.<\/p>\n<h2>Questions fr\u00e9quentes<\/h2>\n<details style=\"border:1px solid #e5e5e0;border-radius:8px;padding:14px 18px;margin:12px 0;font-family:-apple-system,BlinkMacSystemFont,'Segoe UI',Roboto,sans-serif;\">\n<summary style=\"font-weight:700;font-size:15.5px;color:#1a1a1a;cursor:pointer;\">Quelle est la taille exacte d&rsquo;Orelsan ?<\/summary>\n<p style=\"margin:12px 0 0;font-size:15px;line-height:1.6;color:#3a3a3a;\">Aucune taille officielle n&rsquo;existe. L&rsquo;estimation la plus reprise est <strong>1,77 m<\/strong>, avec une fourchette document\u00e9e de 1,76 \u00e0 1,82 m selon les bases sp\u00e9cialis\u00e9es.<\/p>\n<\/details>\n<details style=\"border:1px solid #e5e5e0;border-radius:8px;padding:14px 18px;margin:12px 0;font-family:-apple-system,BlinkMacSystemFont,'Segoe UI',Roboto,sans-serif;\">\n<summary style=\"font-weight:700;font-size:15.5px;color:#1a1a1a;cursor:pointer;\">Quel est le vrai nom d&rsquo;Orelsan ?<\/summary>\n<p style=\"margin:12px 0 0;font-size:15px;line-height:1.6;color:#3a3a3a;\">Orelsan s&rsquo;appelle <strong>Aur\u00e9lien Cotentin<\/strong>. Il est n\u00e9 le 1er ao\u00fbt 1982 \u00e0 Alen\u00e7on et a construit sa carri\u00e8re depuis Caen.<\/p>\n<\/details>\n<details style=\"border:1px solid #e5e5e0;border-radius:8px;padding:14px 18px;margin:12px 0;font-family:-apple-system,BlinkMacSystemFont,'Segoe UI',Roboto,sans-serif;\">\n<summary style=\"font-weight:700;font-size:15.5px;color:#1a1a1a;cursor:pointer;\">Quel est le dernier album d&rsquo;Orelsan ?<\/summary>\n<p style=\"margin:12px 0 0;font-size:15px;line-height:1.6;color:#3a3a3a;\">\u00ab <strong>La fuite en avant<\/strong> \u00bb, son cinqui\u00e8me album studio, sorti fin 2025 \u2014 suivi d&rsquo;une tourn\u00e9e 2026 avec dates suppl\u00e9mentaires tant la demande \u00e9tait forte.<\/p>\n<\/details>\n<p style=\"font-size:13px;color:#6a6a6a;margin-top:28px;\">Sources : bases de tailles sp\u00e9cialis\u00e9es (estimations crois\u00e9es, aucune mesure officielle), biographies presse, Instagram officiel @orelsan (m\u00e9triques relev\u00e9es le 12 juillet 2026).<\/p>\n<p><script type=\"application\/ld+json\">{\"@context\": \"https:\/\/schema.org\", \"@type\": \"FAQPage\", \"mainEntity\": [{\"@type\": \"Question\", \"name\": \"Quelle est la taille exacte d'Orelsan ?\", \"acceptedAnswer\": {\"@type\": \"Answer\", \"text\": \"Aucune taille officielle n'existe. L'estimation la plus reprise est 1,77 m, avec une fourchette document\u00e9e de 1,76 \u00e0 1,82 m selon les bases sp\u00e9cialis\u00e9es.\"}}, {\"@type\": \"Question\", \"name\": \"Quel est le vrai nom d'Orelsan ?\", \"acceptedAnswer\": {\"@type\": \"Answer\", \"text\": \"Orelsan s'appelle Aur\u00e9lien Cotentin. Il est n\u00e9 le 1er ao\u00fbt 1982 \u00e0 Alen\u00e7on et a construit sa carri\u00e8re depuis Caen.\"}}, {\"@type\": \"Question\", \"name\": \"Quel est le dernier album d'Orelsan ?\", \"acceptedAnswer\": {\"@type\": \"Answer\", \"text\": \"\u00ab La fuite en avant \u00bb, son cinqui\u00e8me album studio, sorti fin 2025 \u2014 suivi d'une tourn\u00e9e 2026 avec dates suppl\u00e9mentaires tant la demande \u00e9tait forte.\"}}]}<\/script><\/p>\n","protected":false},"excerpt":{"rendered":"","protected":false},"author":34,"featured_media":999999999,"comment_status":"open","ping_status":"open","sticky":false,"template":"","format":"standard","meta":{"_acf_changed":false,"manual_indexmenow":false,"indexmenow_id_project":0,"footnotes":""},"categories":[4839],"tags":[],"class_list":["post-8244","post","type-post","status-publish","format-standard","has-post-thumbnail","hentry","category-taille-des-stars","generate-columns","tablet-grid-50","mobile-grid-100","grid-parent","grid-25"],"acf":[],"yoast_head":"<!-- This site is optimized with the Yoast SEO Premium plugin v21.3 (Yoast SEO v26.5) - https:\/\/yoast.com\/wordpress\/plugins\/seo\/ -->\n<title>Quelle taille fait Orelsan ? (taille, poids, fiche)<\/title>\n<meta name=\"description\" content=\"Orelsan mesurerait environ 1,77 m (fourchette 1,76-1,82 m, aucune taille officielle). Vrai nom, album \u00ab La fuite en avant \u00bb, tourn\u00e9e 2026 : la fiche compl\u00e8te.\" \/>\n<meta name=\"robots\" content=\"index, follow, max-snippet:-1, max-image-preview:large, max-video-preview:-1\" \/>\n<link rel=\"canonical\" href=\"https:\/\/starstory.fr\/blog\/celebrites-et-influence-en-france\/taille-des-stars\/quelle-taille-fait-orelsan\/\" \/>\n<meta property=\"og:locale\" content=\"fr_FR\" \/>\n<meta property=\"og:type\" content=\"article\" \/>\n<meta property=\"og:title\" content=\"Quelle taille fait Orelsan ? (taille, poids, fiche)\" \/>\n<meta property=\"og:description\" content=\"Orelsan mesurerait environ 1,77 m (fourchette 1,76-1,82 m, aucune taille officielle). Vrai nom, album \u00ab La fuite en avant \u00bb, tourn\u00e9e 2026 : la fiche compl\u00e8te.\" \/>\n<meta property=\"og:url\" content=\"https:\/\/starstory.fr\/blog\/celebrites-et-influence-en-france\/taille-des-stars\/quelle-taille-fait-orelsan\/\" \/>\n<meta property=\"og:site_name\" content=\"starstory\" \/>\n<meta property=\"og:image\" content=\"https:\/\/images.pexels.com\/photos\/3807278\/pexels-photo-3807278.jpeg?auto=compress&cs=tinysrgb&fit=crop&h=627&w=1200\" \/>\n<meta name=\"author\" content=\"Rapha\u00ebl D.\" \/>\n<meta name=\"twitter:card\" content=\"summary_large_image\" \/>\n<script type=\"application\/ld+json\" class=\"yoast-schema-graph\">{\"@context\":\"https:\/\/schema.org\",\"@graph\":[{\"@type\":\"NewsArticle\",\"@id\":\"https:\/\/starstory.fr\/blog\/celebrites-et-influence-en-france\/taille-des-stars\/quelle-taille-fait-orelsan\/#article\",\"isPartOf\":{\"@id\":\"https:\/\/starstory.fr\/blog\/celebrites-et-influence-en-france\/taille-des-stars\/quelle-taille-fait-orelsan\/\"},\"author\":{\"name\":\"Rapha\u00ebl D.\",\"@id\":\"https:\/\/starstory.fr\/blog\/#\/schema\/person\/3c864cdc320801e3db34b663e7e3f816\"},\"headline\":\"Quelle taille fait Orelsan ?\",\"datePublished\":\"2026-07-12T18:00:02+00:00\",\"mainEntityOfPage\":{\"@id\":\"https:\/\/starstory.fr\/blog\/celebrites-et-influence-en-france\/taille-des-stars\/quelle-taille-fait-orelsan\/\"},\"wordCount\":646,\"commentCount\":0,\"publisher\":{\"@id\":\"https:\/\/starstory.fr\/blog\/#organization\"},\"image\":{\"@id\":\"https:\/\/starstory.fr\/blog\/celebrites-et-influence-en-france\/taille-des-stars\/quelle-taille-fait-orelsan\/#primaryimage\"},\"thumbnailUrl\":\"https:\/\/images.pexels.com\/photos\/3807278\/pexels-photo-3807278.jpeg?auto=compress&cs=tinysrgb&fit=crop&h=627&w=1200\",\"articleSection\":[\"Taille et mensurations des stars\"],\"inLanguage\":\"fr-FR\",\"potentialAction\":[{\"@type\":\"CommentAction\",\"name\":\"Comment\",\"target\":[\"https:\/\/starstory.fr\/blog\/celebrites-et-influence-en-france\/taille-des-stars\/quelle-taille-fait-orelsan\/#respond\"]}]},{\"@type\":\"WebPage\",\"@id\":\"https:\/\/starstory.fr\/blog\/celebrites-et-influence-en-france\/taille-des-stars\/quelle-taille-fait-orelsan\/\",\"url\":\"https:\/\/starstory.fr\/blog\/celebrites-et-influence-en-france\/taille-des-stars\/quelle-taille-fait-orelsan\/\",\"name\":\"Quelle taille fait Orelsan ? (taille, poids, fiche)\",\"isPartOf\":{\"@id\":\"https:\/\/starstory.fr\/blog\/#website\"},\"primaryImageOfPage\":{\"@id\":\"https:\/\/starstory.fr\/blog\/celebrites-et-influence-en-france\/taille-des-stars\/quelle-taille-fait-orelsan\/#primaryimage\"},\"image\":{\"@id\":\"https:\/\/starstory.fr\/blog\/celebrites-et-influence-en-france\/taille-des-stars\/quelle-taille-fait-orelsan\/#primaryimage\"},\"thumbnailUrl\":\"https:\/\/images.pexels.com\/photos\/3807278\/pexels-photo-3807278.jpeg?auto=compress&cs=tinysrgb&fit=crop&h=627&w=1200\",\"datePublished\":\"2026-07-12T18:00:02+00:00\",\"description\":\"Orelsan mesurerait environ 1,77 m (fourchette 1,76-1,82 m, aucune taille officielle). Vrai nom, album \u00ab La fuite en avant \u00bb, tourn\u00e9e 2026 : la fiche compl\u00e8te.\",\"inLanguage\":\"fr-FR\",\"potentialAction\":[{\"@type\":\"ReadAction\",\"target\":[\"https:\/\/starstory.fr\/blog\/celebrites-et-influence-en-france\/taille-des-stars\/quelle-taille-fait-orelsan\/\"]}]},{\"@type\":\"ImageObject\",\"inLanguage\":\"fr-FR\",\"@id\":\"https:\/\/starstory.fr\/blog\/celebrites-et-influence-en-france\/taille-des-stars\/quelle-taille-fait-orelsan\/#primaryimage\",\"url\":\"https:\/\/images.pexels.com\/photos\/3807278\/pexels-photo-3807278.jpeg?auto=compress&cs=tinysrgb&fit=crop&h=627&w=1200\",\"contentUrl\":\"https:\/\/images.pexels.com\/photos\/3807278\/pexels-photo-3807278.jpeg?auto=compress&cs=tinysrgb&fit=crop&h=627&w=1200\"},{\"@type\":\"WebSite\",\"@id\":\"https:\/\/starstory.fr\/blog\/#website\",\"url\":\"https:\/\/starstory.fr\/blog\/\",\"name\":\"StarStory\",\"description\":\"StarStory, les \u00e9toiles racontent leur histoire\",\"publisher\":{\"@id\":\"https:\/\/starstory.fr\/blog\/#organization\"},\"alternateName\":\"StarStory, les \u00e9toiles racontent leur histoire\",\"potentialAction\":[{\"@type\":\"SearchAction\",\"target\":{\"@type\":\"EntryPoint\",\"urlTemplate\":\"https:\/\/starstory.fr\/blog\/?s={search_term_string}\"},\"query-input\":{\"@type\":\"PropertyValueSpecification\",\"valueRequired\":true,\"valueName\":\"search_term_string\"}}],\"inLanguage\":\"fr-FR\"},{\"@type\":\"Organization\",\"@id\":\"https:\/\/starstory.fr\/blog\/#organization\",\"name\":\"StarStory\",\"alternateName\":\"StarStory.fr\",\"url\":\"https:\/\/starstory.fr\/blog\/\",\"logo\":{\"@type\":\"ImageObject\",\"inLanguage\":\"fr-FR\",\"@id\":\"https:\/\/starstory.fr\/blog\/#\/schema\/logo\/image\/\",\"url\":\"https:\/\/starstory.fr\/blog\/wp-content\/uploads\/2024\/12\/38.png\",\"contentUrl\":\"https:\/\/starstory.fr\/blog\/wp-content\/uploads\/2024\/12\/38.png\",\"width\":500,\"height\":500,\"caption\":\"StarStory\"},\"image\":{\"@id\":\"https:\/\/starstory.fr\/blog\/#\/schema\/logo\/image\/\"}},{\"@type\":\"Person\",\"@id\":\"https:\/\/starstory.fr\/blog\/#\/schema\/person\/3c864cdc320801e3db34b663e7e3f816\",\"name\":\"Rapha\u00ebl D.\",\"image\":{\"@type\":\"ImageObject\",\"inLanguage\":\"fr-FR\",\"@id\":\"https:\/\/starstory.fr\/blog\/#\/schema\/person\/image\/\",\"url\":\"https:\/\/starstory.fr\/blog\/wp-content\/uploads\/2026\/06\/persona_raphael-d-96x96.jpg\",\"contentUrl\":\"https:\/\/starstory.fr\/blog\/wp-content\/uploads\/2026\/06\/persona_raphael-d-96x96.jpg\",\"caption\":\"Rapha\u00ebl D.\"},\"description\":\"La culture est mon terrain de jeu depuis une dizaine d'ann\u00e9es : arts visuels, s\u00e9ries, cr\u00e9ation et tout ce qui nourrit l'imaginaire. J'\u00e9cris aussi bien sur l'actualit\u00e9 des \u0153uvres que sur les coulisses de la cr\u00e9ation, avec l'envie de relier l'amateur curieux \u00e0 des univers parfois jug\u00e9s intimidants. J'aime analyser une s\u00e9rie ou une d\u00e9marche artistique sans p\u00e9dantisme, replacer une \u0153uvre dans son contexte et donner des cl\u00e9s de lecture accessibles. Avant de publier, je v\u00e9rifie mes r\u00e9f\u00e9rences, je recoupe les sources et je distingue clairement le fait de mon interpr\u00e9tation subjective. Je crois qu'une critique vaut surtout par les arguments qu'elle expose, pas par la sentence qu'elle rend. Mon angle : transmettre l'envie de d\u00e9couvrir, de regarder autrement et de se forger son propre go\u00fbt. La culture n'appartient pas qu'aux initi\u00e9s, et c'est tout l'enjeu de mon \u00e9criture.\",\"url\":\"https:\/\/starstory.fr\/blog\/auteur\/noname\/\",\"jobTitle\":\"R\u00e9dacteur en chef \u00b7 Culture & Cr\u00e9ation\",\"knowsAbout\":[\"Culture\",\"Cr\u00e9ation\"],\"email\":\"raphael.d@a-l-asso-de-l-art.fr\"}]}<\/script>\n<!-- \/ Yoast SEO Premium plugin. -->","yoast_head_json":{"title":"Quelle taille fait Orelsan ? (taille, poids, fiche)","description":"Orelsan mesurerait environ 1,77 m (fourchette 1,76-1,82 m, aucune taille officielle). Vrai nom, album \u00ab La fuite en avant \u00bb, tourn\u00e9e 2026 : la fiche compl\u00e8te.","robots":{"index":"index","follow":"follow","max-snippet":"max-snippet:-1","max-image-preview":"max-image-preview:large","max-video-preview":"max-video-preview:-1"},"canonical":"https:\/\/starstory.fr\/blog\/celebrites-et-influence-en-france\/taille-des-stars\/quelle-taille-fait-orelsan\/","og_locale":"fr_FR","og_type":"article","og_title":"Quelle taille fait Orelsan ? (taille, poids, fiche)","og_description":"Orelsan mesurerait environ 1,77 m (fourchette 1,76-1,82 m, aucune taille officielle). Vrai nom, album \u00ab La fuite en avant \u00bb, tourn\u00e9e 2026 : la fiche compl\u00e8te.","og_url":"https:\/\/starstory.fr\/blog\/celebrites-et-influence-en-france\/taille-des-stars\/quelle-taille-fait-orelsan\/","og_site_name":"starstory","og_image":[{"url":"https:\/\/images.pexels.com\/photos\/3807278\/pexels-photo-3807278.jpeg?auto=compress&cs=tinysrgb&fit=crop&h=627&w=1200","type":"","width":"","height":""}],"author":"Rapha\u00ebl D.","twitter_card":"summary_large_image","schema":{"@context":"https:\/\/schema.org","@graph":[{"@type":"NewsArticle","@id":"https:\/\/starstory.fr\/blog\/celebrites-et-influence-en-france\/taille-des-stars\/quelle-taille-fait-orelsan\/#article","isPartOf":{"@id":"https:\/\/starstory.fr\/blog\/celebrites-et-influence-en-france\/taille-des-stars\/quelle-taille-fait-orelsan\/"},"author":{"name":"Rapha\u00ebl D.","@id":"https:\/\/starstory.fr\/blog\/#\/schema\/person\/3c864cdc320801e3db34b663e7e3f816"},"headline":"Quelle taille fait Orelsan ?","datePublished":"2026-07-12T18:00:02+00:00","mainEntityOfPage":{"@id":"https:\/\/starstory.fr\/blog\/celebrites-et-influence-en-france\/taille-des-stars\/quelle-taille-fait-orelsan\/"},"wordCount":646,"commentCount":0,"publisher":{"@id":"https:\/\/starstory.fr\/blog\/#organization"},"image":{"@id":"https:\/\/starstory.fr\/blog\/celebrites-et-influence-en-france\/taille-des-stars\/quelle-taille-fait-orelsan\/#primaryimage"},"thumbnailUrl":"https:\/\/images.pexels.com\/photos\/3807278\/pexels-photo-3807278.jpeg?auto=compress&cs=tinysrgb&fit=crop&h=627&w=1200","articleSection":["Taille et mensurations des stars"],"inLanguage":"fr-FR","potentialAction":[{"@type":"CommentAction","name":"Comment","target":["https:\/\/starstory.fr\/blog\/celebrites-et-influence-en-france\/taille-des-stars\/quelle-taille-fait-orelsan\/#respond"]}]},{"@type":"WebPage","@id":"https:\/\/starstory.fr\/blog\/celebrites-et-influence-en-france\/taille-des-stars\/quelle-taille-fait-orelsan\/","url":"https:\/\/starstory.fr\/blog\/celebrites-et-influence-en-france\/taille-des-stars\/quelle-taille-fait-orelsan\/","name":"Quelle taille fait Orelsan ? (taille, poids, fiche)","isPartOf":{"@id":"https:\/\/starstory.fr\/blog\/#website"},"primaryImageOfPage":{"@id":"https:\/\/starstory.fr\/blog\/celebrites-et-influence-en-france\/taille-des-stars\/quelle-taille-fait-orelsan\/#primaryimage"},"image":{"@id":"https:\/\/starstory.fr\/blog\/celebrites-et-influence-en-france\/taille-des-stars\/quelle-taille-fait-orelsan\/#primaryimage"},"thumbnailUrl":"https:\/\/images.pexels.com\/photos\/3807278\/pexels-photo-3807278.jpeg?auto=compress&cs=tinysrgb&fit=crop&h=627&w=1200","datePublished":"2026-07-12T18:00:02+00:00","description":"Orelsan mesurerait environ 1,77 m (fourchette 1,76-1,82 m, aucune taille officielle). Vrai nom, album \u00ab La fuite en avant \u00bb, tourn\u00e9e 2026 : la fiche compl\u00e8te.","inLanguage":"fr-FR","potentialAction":[{"@type":"ReadAction","target":["https:\/\/starstory.fr\/blog\/celebrites-et-influence-en-france\/taille-des-stars\/quelle-taille-fait-orelsan\/"]}]},{"@type":"ImageObject","inLanguage":"fr-FR","@id":"https:\/\/starstory.fr\/blog\/celebrites-et-influence-en-france\/taille-des-stars\/quelle-taille-fait-orelsan\/#primaryimage","url":"https:\/\/images.pexels.com\/photos\/3807278\/pexels-photo-3807278.jpeg?auto=compress&cs=tinysrgb&fit=crop&h=627&w=1200","contentUrl":"https:\/\/images.pexels.com\/photos\/3807278\/pexels-photo-3807278.jpeg?auto=compress&cs=tinysrgb&fit=crop&h=627&w=1200"},{"@type":"WebSite","@id":"https:\/\/starstory.fr\/blog\/#website","url":"https:\/\/starstory.fr\/blog\/","name":"StarStory","description":"StarStory, les \u00e9toiles racontent leur histoire","publisher":{"@id":"https:\/\/starstory.fr\/blog\/#organization"},"alternateName":"StarStory, les \u00e9toiles racontent leur histoire","potentialAction":[{"@type":"SearchAction","target":{"@type":"EntryPoint","urlTemplate":"https:\/\/starstory.fr\/blog\/?s={search_term_string}"},"query-input":{"@type":"PropertyValueSpecification","valueRequired":true,"valueName":"search_term_string"}}],"inLanguage":"fr-FR"},{"@type":"Organization","@id":"https:\/\/starstory.fr\/blog\/#organization","name":"StarStory","alternateName":"StarStory.fr","url":"https:\/\/starstory.fr\/blog\/","logo":{"@type":"ImageObject","inLanguage":"fr-FR","@id":"https:\/\/starstory.fr\/blog\/#\/schema\/logo\/image\/","url":"https:\/\/starstory.fr\/blog\/wp-content\/uploads\/2024\/12\/38.png","contentUrl":"https:\/\/starstory.fr\/blog\/wp-content\/uploads\/2024\/12\/38.png","width":500,"height":500,"caption":"StarStory"},"image":{"@id":"https:\/\/starstory.fr\/blog\/#\/schema\/logo\/image\/"}},{"@type":"Person","@id":"https:\/\/starstory.fr\/blog\/#\/schema\/person\/3c864cdc320801e3db34b663e7e3f816","name":"Rapha\u00ebl D.","image":{"@type":"ImageObject","inLanguage":"fr-FR","@id":"https:\/\/starstory.fr\/blog\/#\/schema\/person\/image\/","url":"https:\/\/starstory.fr\/blog\/wp-content\/uploads\/2026\/06\/persona_raphael-d-96x96.jpg","contentUrl":"https:\/\/starstory.fr\/blog\/wp-content\/uploads\/2026\/06\/persona_raphael-d-96x96.jpg","caption":"Rapha\u00ebl D."},"description":"La culture est mon terrain de jeu depuis une dizaine d'ann\u00e9es : arts visuels, s\u00e9ries, cr\u00e9ation et tout ce qui nourrit l'imaginaire. J'\u00e9cris aussi bien sur l'actualit\u00e9 des \u0153uvres que sur les coulisses de la cr\u00e9ation, avec l'envie de relier l'amateur curieux \u00e0 des univers parfois jug\u00e9s intimidants. J'aime analyser une s\u00e9rie ou une d\u00e9marche artistique sans p\u00e9dantisme, replacer une \u0153uvre dans son contexte et donner des cl\u00e9s de lecture accessibles. Avant de publier, je v\u00e9rifie mes r\u00e9f\u00e9rences, je recoupe les sources et je distingue clairement le fait de mon interpr\u00e9tation subjective. Je crois qu'une critique vaut surtout par les arguments qu'elle expose, pas par la sentence qu'elle rend. Mon angle : transmettre l'envie de d\u00e9couvrir, de regarder autrement et de se forger son propre go\u00fbt. La culture n'appartient pas qu'aux initi\u00e9s, et c'est tout l'enjeu de mon \u00e9criture.","url":"https:\/\/starstory.fr\/blog\/auteur\/noname\/","jobTitle":"R\u00e9dacteur en chef \u00b7 Culture & Cr\u00e9ation","knowsAbout":["Culture","Cr\u00e9ation"],"email":"raphael.d@a-l-asso-de-l-art.fr"}]}},"_links":{"self":[{"href":"https:\/\/starstory.fr\/blog\/wp-json\/wp\/v2\/posts\/8244","targetHints":{"allow":["GET"]}}],"collection":[{"href":"https:\/\/starstory.fr\/blog\/wp-json\/wp\/v2\/posts"}],"about":[{"href":"https:\/\/starstory.fr\/blog\/wp-json\/wp\/v2\/types\/post"}],"author":[{"embeddable":true,"href":"https:\/\/starstory.fr\/blog\/wp-json\/wp\/v2\/users\/34"}],"replies":[{"embeddable":true,"href":"https:\/\/starstory.fr\/blog\/wp-json\/wp\/v2\/comments?post=8244"}],"version-history":[{"count":0,"href":"https:\/\/starstory.fr\/blog\/wp-json\/wp\/v2\/posts\/8244\/revisions"}],"wp:attachment":[{"href":"https:\/\/starstory.fr\/blog\/wp-json\/wp\/v2\/media?parent=8244"}],"wp:term":[{"taxonomy":"category","embeddable":true,"href":"https:\/\/starstory.fr\/blog\/wp-json\/wp\/v2\/categories?post=8244"},{"taxonomy":"post_tag","embeddable":true,"href":"https:\/\/starstory.fr\/blog\/wp-json\/wp\/v2\/tags?post=8244"}],"curies":[{"name":"wp","href":"https:\/\/api.w.org\/{rel}","templated":true}]}}