{"id":8241,"date":"2026-07-12T19:32:17","date_gmt":"2026-07-12T17:32:17","guid":{"rendered":"https:\/\/starstory.fr\/blog\/celebrites-et-influence-en-france\/taille-des-stars\/quelle-taille-fait-jannik-sinner\/"},"modified":"2026-07-12T19:32:17","modified_gmt":"2026-07-12T17:32:17","slug":"quelle-taille-fait-jannik-sinner","status":"publish","type":"post","link":"https:\/\/starstory.fr\/blog\/celebrites-et-influence-en-france\/taille-des-stars\/quelle-taille-fait-jannik-sinner\/","title":{"rendered":"Quelle taille fait Jannik Sinner ?"},"content":{"rendered":"<aside style=\"background:#FBEAF2;border-left:5px solid #B11E6A;padding:22px 28px;margin:24px 0;font-family:-apple-system,BlinkMacSystemFont,'Segoe UI',Roboto,sans-serif;\">\n<div style=\"margin:0;font-size:19px;line-height:1.55;color:#2a2a2a;font-weight:500;letter-spacing:-0.005em;\">\n    Jannik Sinner mesure <strong>1,91 m<\/strong>, pour un poids d\u2019environ <strong>77 kg<\/strong> selon sa fiche officielle ATP. Le gabarit longiligne du n\u00b01 mondial, taill\u00e9 pour la puissance de fond de court.\n  <\/div>\n<\/aside>\n<figure style=\"margin:32px 0;font-family:-apple-system,BlinkMacSystemFont,'Segoe UI',Roboto,sans-serif;\">\n<div style=\"overflow-x:auto;border:1px solid #e5e5e0;border-radius:8px;\">\n<table style=\"width:100%;border-collapse:collapse;font-size:14px;color:#2a2a2a;min-width:500px;\">\n<thead>\n<tr style=\"background:#1a1a1a;color:#fff;\">\n<th style=\"text-align:left;padding:14px 18px;font-weight:700;font-size:12px;text-transform:uppercase;letter-spacing:1.5px;\">Fiche mensurations<\/th>\n<th style=\"text-align:left;padding:14px 18px;font-weight:700;font-size:12px;text-transform:uppercase;letter-spacing:1.5px;\">D\u00e9tail<\/th>\n<\/tr>\n<\/thead>\n<tbody>\n<tr style=\"background:#fff;border-bottom:1px solid #f0ede5;\">\n<td style=\"padding:14px 18px;font-weight:600;\">Nom complet<\/td>\n<td style=\"padding:14px 18px;color:#4a4a4a;\">Jannik Sinner<\/td>\n<\/tr>\n<tr style=\"background:#fafaf7;border-bottom:1px solid #f0ede5;\">\n<td style=\"padding:14px 18px;font-weight:600;\">Naissance<\/td>\n<td style=\"padding:14px 18px;color:#4a4a4a;\">16 ao\u00fbt 2001, San Candido, Haut-Adige (Italie)<\/td>\n<\/tr>\n<tr style=\"background:#fff;border-bottom:1px solid #f0ede5;\">\n<td style=\"padding:14px 18px;font-weight:600;\">Taille<\/td>\n<td style=\"padding:14px 18px;color:#4a4a4a;\"><strong>1,91 m<\/strong> (fiche ATP) \u2014 1,88\/1,90 m sur d\u2019anciennes fiches<\/td>\n<\/tr>\n<tr style=\"background:#fafaf7;border-bottom:1px solid #f0ede5;\">\n<td style=\"padding:14px 18px;font-weight:600;\">Poids<\/td>\n<td style=\"padding:14px 18px;color:#4a4a4a;\">76 \u00e0 77 kg selon les fiches<\/td>\n<\/tr>\n<tr style=\"background:#fff;border-bottom:1px solid #f0ede5;\">\n<td style=\"padding:14px 18px;font-weight:600;\">Nationalit\u00e9<\/td>\n<td style=\"padding:14px 18px;color:#4a4a4a;\">Italienne<\/td>\n<\/tr>\n<tr style=\"background:#fafaf7;\">\n<td style=\"padding:14px 18px;font-weight:600;\">Discipline<\/td>\n<td style=\"padding:14px 18px;color:#4a4a4a;\">Tennis, circuit ATP (n\u00b01 mondial mi-2026)<\/td>\n<\/tr>\n<\/tbody>\n<\/table><\/div>\n<\/figure>\n<h2>1,91 m : la fiche ATP, contre les 1,88 m des vieilles fiches<\/h2>\n<p>La fiche officielle ATP affiche Jannik Sinner \u00e0 <strong>1,91 m<\/strong> (6\u20323\u2033), la valeur reprise par les grands tournois. L\u2019\u00c9quipe ou Tennis Actu ont longtemps gard\u00e9 1,88 m, et Roland-Garros 1,90 m \u2014 des mesures de d\u00e9but de carri\u00e8re, saisies avant la fin de sa croissance. La fourchette document\u00e9e : <strong>1,88 \u2013 1,91 m<\/strong>, avec 1,91 m comme r\u00e9f\u00e9rence actuelle.<\/p>\n<p>Il domine ainsi ses deux rivaux du \u00ab Big 3 \u00bb nouvelle g\u00e9n\u00e9ration : 8 cm de plus que <a href=\"https:\/\/starstory.fr\/blog\/celebrites-et-influence-en-france\/taille-des-stars\/quelle-taille-fait-carlos-alcaraz\/\">Carlos Alcaraz (1,83 m)<\/a>, 3 cm de plus que <a href=\"https:\/\/starstory.fr\/blog\/celebrites-et-influence-en-france\/taille-des-stars\/quelle-taille-fait-novak-djokovic\/\">Novak Djokovic (1,88 m)<\/a>, qu\u2019il vient d\u2019\u00e9carter en demi-finale de Wimbledon 2026.<\/p>\n<h2>Un longiligne b\u00e2ti pour frapper t\u00f4t et lourd<\/h2>\n<p>1,91 m pour 77 kg : le profil sec et long du frappeur moderne. Ses bras interminables lui offrent une zone d\u2019impact tr\u00e8s haute \u2014 d\u2019o\u00f9 ces frappes tendues prises t\u00f4t qui \u00ab d\u00e9bordent \u00bb l\u2019adversaire par la seule vitesse de balle. En 2026, ce corps-machine a align\u00e9 une s\u00e9rie record de cinq Masters 1000 cons\u00e9cutifs et boucl\u00e9, \u00e0 24 ans, le \u00ab Golden Masters \u00bb le plus pr\u00e9coce de l\u2019histoire, en reprenant au passage la place de n\u00b01 mondial \u00e0 Monte-Carlo.<\/p>\n<aside style=\"background:#FBEAF2;border-left:4px solid #B11E6A;padding:14px 18px;margin:18px 0;border-radius:0 4px 4px 0;font-family:-apple-system,BlinkMacSystemFont,'Segoe UI',Roboto,sans-serif;\">\n  <strong style=\"display:inline-block;color:#8a1450;font-size:12px;text-transform:uppercase;letter-spacing:1.5px;margin-right:8px;\">&#128161; Bon \u00e0 savoir<\/strong><br \/>\n  <span style=\"font-size:14.5px;line-height:1.55;color:#3a3a3a;\">Avant le tennis, Sinner \u00e9tait champion d\u2019Italie junior de ski (slalom g\u00e9ant) \u2014 il n\u2019a choisi la raquette qu\u2019\u00e0 13 ans, en quittant ses montagnes du Haut-Adige pour la Riviera.<\/span><br \/>\n<\/aside>\n<h2>Signes distinctifs<\/h2>\n<p>La chevelure rousse \u2014 \u00ab The Fox \u00bb pour les fans italiens \u2014, une pr\u00e9paration de frappe tr\u00e8s compacte et un calme de m\u00e9tronome dans les moments chauds. Sa rivalit\u00e9 avec Alcaraz, dont chaque \u00e9pisode se joue en finale de Grand Chelem ou de Masters 1000, est d\u00e9j\u00e0 compar\u00e9e aux grandes heures Federer-Nadal.<\/p>\n<h2>Traits de caract\u00e8re<\/h2>\n<p>Les portraits convergent : m\u00e9thodique, poli, presque aust\u00e8re en conf\u00e9rence de presse, avec une froideur de gestion des points chauds h\u00e9rit\u00e9e du ski de comp\u00e9tition. Ses coachs d\u00e9crivent une discipline de travail quasi obsessionnelle \u2014 l\u2019explication, selon eux, de sa progression continue vers le sommet du classement.<\/p>\n<p>Pour situer Jannik Sinner face aux autres c\u00e9l\u00e9brit\u00e9s, consultez notre <a href=\"https:\/\/starstory.fr\/blog\/celebrites-et-influence-en-france\/taille-des-stars\/quelle-taille-font-les-stars\/\">guide complet des tailles des stars<\/a>, qui r\u00e9capitule les mensurations v\u00e9rifi\u00e9es de dizaines de personnalit\u00e9s.<\/p>\n<h2>Questions fr\u00e9quentes<\/h2>\n<details style=\"border:1px solid #e5e5e0;border-radius:8px;padding:14px 18px;margin:12px 0;font-family:-apple-system,BlinkMacSystemFont,'Segoe UI',Roboto,sans-serif;\">\n<summary style=\"font-weight:700;font-size:15.5px;color:#1a1a1a;cursor:pointer;\">Quelle est la taille exacte de Jannik Sinner ?<\/summary>\n<p style=\"margin:12px 0 0;font-size:15px;line-height:1.6;color:#3a3a3a;\">Jannik Sinner mesure <strong>1,91 m<\/strong> selon sa fiche officielle ATP. Les 1,88 m encore visibles \u00e7\u00e0 et l\u00e0 datent de fiches de d\u00e9but de carri\u00e8re.<\/p>\n<\/details>\n<details style=\"border:1px solid #e5e5e0;border-radius:8px;padding:14px 18px;margin:12px 0;font-family:-apple-system,BlinkMacSystemFont,'Segoe UI',Roboto,sans-serif;\">\n<summary style=\"font-weight:700;font-size:15.5px;color:#1a1a1a;cursor:pointer;\">Combien p\u00e8se Jannik Sinner ?<\/summary>\n<p style=\"margin:12px 0 0;font-size:15px;line-height:1.6;color:#3a3a3a;\">Son poids se situe entre <strong>76 et 77 kg<\/strong> selon les fiches \u2014 un gabarit tr\u00e8s longiligne pour 1,91 m.<\/p>\n<\/details>\n<details style=\"border:1px solid #e5e5e0;border-radius:8px;padding:14px 18px;margin:12px 0;font-family:-apple-system,BlinkMacSystemFont,'Segoe UI',Roboto,sans-serif;\">\n<summary style=\"font-weight:700;font-size:15.5px;color:#1a1a1a;cursor:pointer;\">Sinner est-il plus grand que Djokovic ?<\/summary>\n<p style=\"margin:12px 0 0;font-size:15px;line-height:1.6;color:#3a3a3a;\">Oui : avec 1,91 m, Sinner mesure <strong>3 cm de plus<\/strong> que Novak Djokovic (1,88 m), qu\u2019il a battu en demi-finale de Wimbledon 2026.<\/p>\n<\/details>\n<p style=\"font-size:13px;color:#6a6a6a;margin-top:28px;\">Sources : fiche joueur ATP Tour (atptour.com), fiches Roland-Garros et Wimbledon.<\/p>\n<p><script type=\"application\/ld+json\">{\"@context\": \"https:\/\/schema.org\", \"@type\": \"FAQPage\", \"mainEntity\": [{\"@type\": \"Question\", \"name\": \"Quelle est la taille exacte de Jannik Sinner ?\", \"acceptedAnswer\": {\"@type\": \"Answer\", \"text\": \"Jannik Sinner mesure 1,91 m selon sa fiche officielle ATP. Les 1,88 m encore visibles \u00e7\u00e0 et l\u00e0 datent de fiches de d\u00e9but de carri\u00e8re.\"}}, {\"@type\": \"Question\", \"name\": \"Combien p\u00e8se Jannik Sinner ?\", \"acceptedAnswer\": {\"@type\": \"Answer\", \"text\": \"Son poids se situe entre 76 et 77 kg selon les fiches \u2014 un gabarit tr\u00e8s longiligne pour 1,91 m.\"}}, {\"@type\": \"Question\", \"name\": \"Sinner est-il plus grand que Djokovic ?\", \"acceptedAnswer\": {\"@type\": \"Answer\", \"text\": \"Oui : avec 1,91 m, Sinner mesure 3 cm de plus que Novak Djokovic (1,88 m), qu\u2019il a battu en demi-finale de Wimbledon 2026.\"}}]}<\/script><\/p>\n","protected":false},"excerpt":{"rendered":"","protected":false},"author":42,"featured_media":999999999,"comment_status":"open","ping_status":"open","sticky":false,"template":"","format":"standard","meta":{"_acf_changed":false,"manual_indexmenow":false,"indexmenow_id_project":0,"footnotes":""},"categories":[4839],"tags":[],"class_list":["post-8241","post","type-post","status-publish","format-standard","has-post-thumbnail","hentry","category-taille-des-stars","generate-columns","tablet-grid-50","mobile-grid-100","grid-parent","grid-25"],"acf":[],"yoast_head":"<!-- This site is optimized with the Yoast SEO Premium plugin v21.3 (Yoast SEO v26.5) - https:\/\/yoast.com\/wordpress\/plugins\/seo\/ -->\n<title>Quelle taille fait Jannik Sinner ? (poids, fiche)<\/title>\n<meta name=\"description\" content=\"Jannik Sinner mesure 1,91 m pour environ 77 kg selon sa fiche ATP. Taille, poids, comparaisons avec Alcaraz et Djokovic : la fiche v\u00e9rifi\u00e9e.\" \/>\n<meta name=\"robots\" content=\"index, follow, max-snippet:-1, max-image-preview:large, max-video-preview:-1\" \/>\n<link rel=\"canonical\" href=\"https:\/\/starstory.fr\/blog\/celebrites-et-influence-en-france\/taille-des-stars\/quelle-taille-fait-jannik-sinner\/\" \/>\n<meta property=\"og:locale\" content=\"fr_FR\" \/>\n<meta property=\"og:type\" content=\"article\" \/>\n<meta property=\"og:title\" content=\"Quelle taille fait Jannik Sinner ? (poids, fiche)\" \/>\n<meta property=\"og:description\" content=\"Jannik Sinner mesure 1,91 m pour environ 77 kg selon sa fiche ATP. Taille, poids, comparaisons avec Alcaraz et Djokovic : la fiche v\u00e9rifi\u00e9e.\" \/>\n<meta property=\"og:url\" content=\"https:\/\/starstory.fr\/blog\/celebrites-et-influence-en-france\/taille-des-stars\/quelle-taille-fait-jannik-sinner\/\" \/>\n<meta property=\"og:site_name\" content=\"starstory\" \/>\n<meta property=\"og:image\" content=\"https:\/\/images.pexels.com\/photos\/27151849\/pexels-photo-27151849.jpeg?auto=compress&cs=tinysrgb&fit=crop&h=627&w=1200\" \/>\n<meta name=\"author\" content=\"Antoine Ferrand\" \/>\n<meta name=\"twitter:card\" content=\"summary_large_image\" \/>\n<script type=\"application\/ld+json\" class=\"yoast-schema-graph\">{\"@context\":\"https:\/\/schema.org\",\"@graph\":[{\"@type\":\"NewsArticle\",\"@id\":\"https:\/\/starstory.fr\/blog\/celebrites-et-influence-en-france\/taille-des-stars\/quelle-taille-fait-jannik-sinner\/#article\",\"isPartOf\":{\"@id\":\"https:\/\/starstory.fr\/blog\/celebrites-et-influence-en-france\/taille-des-stars\/quelle-taille-fait-jannik-sinner\/\"},\"author\":{\"name\":\"Antoine Ferrand\",\"@id\":\"https:\/\/starstory.fr\/blog\/#\/schema\/person\/2d9dd3a73cf4dcbc428e866589dd5882\"},\"headline\":\"Quelle taille fait Jannik Sinner ?\",\"datePublished\":\"2026-07-12T17:32:17+00:00\",\"mainEntityOfPage\":{\"@id\":\"https:\/\/starstory.fr\/blog\/celebrites-et-influence-en-france\/taille-des-stars\/quelle-taille-fait-jannik-sinner\/\"},\"wordCount\":531,\"commentCount\":0,\"publisher\":{\"@id\":\"https:\/\/starstory.fr\/blog\/#organization\"},\"image\":{\"@id\":\"https:\/\/starstory.fr\/blog\/celebrites-et-influence-en-france\/taille-des-stars\/quelle-taille-fait-jannik-sinner\/#primaryimage\"},\"thumbnailUrl\":\"https:\/\/images.pexels.com\/photos\/27151849\/pexels-photo-27151849.jpeg?auto=compress&cs=tinysrgb&fit=crop&h=627&w=1200\",\"articleSection\":[\"Taille et mensurations des stars\"],\"inLanguage\":\"fr-FR\",\"potentialAction\":[{\"@type\":\"CommentAction\",\"name\":\"Comment\",\"target\":[\"https:\/\/starstory.fr\/blog\/celebrites-et-influence-en-france\/taille-des-stars\/quelle-taille-fait-jannik-sinner\/#respond\"]}]},{\"@type\":\"WebPage\",\"@id\":\"https:\/\/starstory.fr\/blog\/celebrites-et-influence-en-france\/taille-des-stars\/quelle-taille-fait-jannik-sinner\/\",\"url\":\"https:\/\/starstory.fr\/blog\/celebrites-et-influence-en-france\/taille-des-stars\/quelle-taille-fait-jannik-sinner\/\",\"name\":\"Quelle taille fait Jannik Sinner ? (poids, fiche)\",\"isPartOf\":{\"@id\":\"https:\/\/starstory.fr\/blog\/#website\"},\"primaryImageOfPage\":{\"@id\":\"https:\/\/starstory.fr\/blog\/celebrites-et-influence-en-france\/taille-des-stars\/quelle-taille-fait-jannik-sinner\/#primaryimage\"},\"image\":{\"@id\":\"https:\/\/starstory.fr\/blog\/celebrites-et-influence-en-france\/taille-des-stars\/quelle-taille-fait-jannik-sinner\/#primaryimage\"},\"thumbnailUrl\":\"https:\/\/images.pexels.com\/photos\/27151849\/pexels-photo-27151849.jpeg?auto=compress&cs=tinysrgb&fit=crop&h=627&w=1200\",\"datePublished\":\"2026-07-12T17:32:17+00:00\",\"description\":\"Jannik Sinner mesure 1,91 m pour environ 77 kg selon sa fiche ATP. Taille, poids, comparaisons avec Alcaraz et Djokovic : la fiche v\u00e9rifi\u00e9e.\",\"inLanguage\":\"fr-FR\",\"potentialAction\":[{\"@type\":\"ReadAction\",\"target\":[\"https:\/\/starstory.fr\/blog\/celebrites-et-influence-en-france\/taille-des-stars\/quelle-taille-fait-jannik-sinner\/\"]}]},{\"@type\":\"ImageObject\",\"inLanguage\":\"fr-FR\",\"@id\":\"https:\/\/starstory.fr\/blog\/celebrites-et-influence-en-france\/taille-des-stars\/quelle-taille-fait-jannik-sinner\/#primaryimage\",\"url\":\"https:\/\/images.pexels.com\/photos\/27151849\/pexels-photo-27151849.jpeg?auto=compress&cs=tinysrgb&fit=crop&h=627&w=1200\",\"contentUrl\":\"https:\/\/images.pexels.com\/photos\/27151849\/pexels-photo-27151849.jpeg?auto=compress&cs=tinysrgb&fit=crop&h=627&w=1200\"},{\"@type\":\"WebSite\",\"@id\":\"https:\/\/starstory.fr\/blog\/#website\",\"url\":\"https:\/\/starstory.fr\/blog\/\",\"name\":\"StarStory\",\"description\":\"StarStory, les \u00e9toiles racontent leur histoire\",\"publisher\":{\"@id\":\"https:\/\/starstory.fr\/blog\/#organization\"},\"alternateName\":\"StarStory, les \u00e9toiles racontent leur histoire\",\"potentialAction\":[{\"@type\":\"SearchAction\",\"target\":{\"@type\":\"EntryPoint\",\"urlTemplate\":\"https:\/\/starstory.fr\/blog\/?s={search_term_string}\"},\"query-input\":{\"@type\":\"PropertyValueSpecification\",\"valueRequired\":true,\"valueName\":\"search_term_string\"}}],\"inLanguage\":\"fr-FR\"},{\"@type\":\"Organization\",\"@id\":\"https:\/\/starstory.fr\/blog\/#organization\",\"name\":\"StarStory\",\"alternateName\":\"StarStory.fr\",\"url\":\"https:\/\/starstory.fr\/blog\/\",\"logo\":{\"@type\":\"ImageObject\",\"inLanguage\":\"fr-FR\",\"@id\":\"https:\/\/starstory.fr\/blog\/#\/schema\/logo\/image\/\",\"url\":\"https:\/\/starstory.fr\/blog\/wp-content\/uploads\/2024\/12\/38.png\",\"contentUrl\":\"https:\/\/starstory.fr\/blog\/wp-content\/uploads\/2024\/12\/38.png\",\"width\":500,\"height\":500,\"caption\":\"StarStory\"},\"image\":{\"@id\":\"https:\/\/starstory.fr\/blog\/#\/schema\/logo\/image\/\"}},{\"@type\":\"Person\",\"@id\":\"https:\/\/starstory.fr\/blog\/#\/schema\/person\/2d9dd3a73cf4dcbc428e866589dd5882\",\"name\":\"Antoine Ferrand\",\"image\":{\"@type\":\"ImageObject\",\"inLanguage\":\"fr-FR\",\"@id\":\"https:\/\/starstory.fr\/blog\/#\/schema\/person\/image\/\",\"url\":\"https:\/\/secure.gravatar.com\/avatar\/?s=96&d=mm&r=g\",\"contentUrl\":\"https:\/\/secure.gravatar.com\/avatar\/?s=96&d=mm&r=g\",\"caption\":\"Antoine Ferrand\"},\"description\":\"Antoine analyse les figures politiques et m\u00e9diatiques, ainsi que leur influence en France au fil des ann\u00e9es.\",\"url\":\"https:\/\/starstory.fr\/blog\/auteur\/antoine-dupont\/\"}]}<\/script>\n<!-- \/ Yoast SEO Premium plugin. -->","yoast_head_json":{"title":"Quelle taille fait Jannik Sinner ? (poids, fiche)","description":"Jannik Sinner mesure 1,91 m pour environ 77 kg selon sa fiche ATP. Taille, poids, comparaisons avec Alcaraz et Djokovic : la fiche v\u00e9rifi\u00e9e.","robots":{"index":"index","follow":"follow","max-snippet":"max-snippet:-1","max-image-preview":"max-image-preview:large","max-video-preview":"max-video-preview:-1"},"canonical":"https:\/\/starstory.fr\/blog\/celebrites-et-influence-en-france\/taille-des-stars\/quelle-taille-fait-jannik-sinner\/","og_locale":"fr_FR","og_type":"article","og_title":"Quelle taille fait Jannik Sinner ? (poids, fiche)","og_description":"Jannik Sinner mesure 1,91 m pour environ 77 kg selon sa fiche ATP. Taille, poids, comparaisons avec Alcaraz et Djokovic : la fiche v\u00e9rifi\u00e9e.","og_url":"https:\/\/starstory.fr\/blog\/celebrites-et-influence-en-france\/taille-des-stars\/quelle-taille-fait-jannik-sinner\/","og_site_name":"starstory","og_image":[{"url":"https:\/\/images.pexels.com\/photos\/27151849\/pexels-photo-27151849.jpeg?auto=compress&cs=tinysrgb&fit=crop&h=627&w=1200","type":"","width":"","height":""}],"author":"Antoine Ferrand","twitter_card":"summary_large_image","schema":{"@context":"https:\/\/schema.org","@graph":[{"@type":"NewsArticle","@id":"https:\/\/starstory.fr\/blog\/celebrites-et-influence-en-france\/taille-des-stars\/quelle-taille-fait-jannik-sinner\/#article","isPartOf":{"@id":"https:\/\/starstory.fr\/blog\/celebrites-et-influence-en-france\/taille-des-stars\/quelle-taille-fait-jannik-sinner\/"},"author":{"name":"Antoine Ferrand","@id":"https:\/\/starstory.fr\/blog\/#\/schema\/person\/2d9dd3a73cf4dcbc428e866589dd5882"},"headline":"Quelle taille fait Jannik Sinner ?","datePublished":"2026-07-12T17:32:17+00:00","mainEntityOfPage":{"@id":"https:\/\/starstory.fr\/blog\/celebrites-et-influence-en-france\/taille-des-stars\/quelle-taille-fait-jannik-sinner\/"},"wordCount":531,"commentCount":0,"publisher":{"@id":"https:\/\/starstory.fr\/blog\/#organization"},"image":{"@id":"https:\/\/starstory.fr\/blog\/celebrites-et-influence-en-france\/taille-des-stars\/quelle-taille-fait-jannik-sinner\/#primaryimage"},"thumbnailUrl":"https:\/\/images.pexels.com\/photos\/27151849\/pexels-photo-27151849.jpeg?auto=compress&cs=tinysrgb&fit=crop&h=627&w=1200","articleSection":["Taille et mensurations des stars"],"inLanguage":"fr-FR","potentialAction":[{"@type":"CommentAction","name":"Comment","target":["https:\/\/starstory.fr\/blog\/celebrites-et-influence-en-france\/taille-des-stars\/quelle-taille-fait-jannik-sinner\/#respond"]}]},{"@type":"WebPage","@id":"https:\/\/starstory.fr\/blog\/celebrites-et-influence-en-france\/taille-des-stars\/quelle-taille-fait-jannik-sinner\/","url":"https:\/\/starstory.fr\/blog\/celebrites-et-influence-en-france\/taille-des-stars\/quelle-taille-fait-jannik-sinner\/","name":"Quelle taille fait Jannik Sinner ? (poids, fiche)","isPartOf":{"@id":"https:\/\/starstory.fr\/blog\/#website"},"primaryImageOfPage":{"@id":"https:\/\/starstory.fr\/blog\/celebrites-et-influence-en-france\/taille-des-stars\/quelle-taille-fait-jannik-sinner\/#primaryimage"},"image":{"@id":"https:\/\/starstory.fr\/blog\/celebrites-et-influence-en-france\/taille-des-stars\/quelle-taille-fait-jannik-sinner\/#primaryimage"},"thumbnailUrl":"https:\/\/images.pexels.com\/photos\/27151849\/pexels-photo-27151849.jpeg?auto=compress&cs=tinysrgb&fit=crop&h=627&w=1200","datePublished":"2026-07-12T17:32:17+00:00","description":"Jannik Sinner mesure 1,91 m pour environ 77 kg selon sa fiche ATP. Taille, poids, comparaisons avec Alcaraz et Djokovic : la fiche v\u00e9rifi\u00e9e.","inLanguage":"fr-FR","potentialAction":[{"@type":"ReadAction","target":["https:\/\/starstory.fr\/blog\/celebrites-et-influence-en-france\/taille-des-stars\/quelle-taille-fait-jannik-sinner\/"]}]},{"@type":"ImageObject","inLanguage":"fr-FR","@id":"https:\/\/starstory.fr\/blog\/celebrites-et-influence-en-france\/taille-des-stars\/quelle-taille-fait-jannik-sinner\/#primaryimage","url":"https:\/\/images.pexels.com\/photos\/27151849\/pexels-photo-27151849.jpeg?auto=compress&cs=tinysrgb&fit=crop&h=627&w=1200","contentUrl":"https:\/\/images.pexels.com\/photos\/27151849\/pexels-photo-27151849.jpeg?auto=compress&cs=tinysrgb&fit=crop&h=627&w=1200"},{"@type":"WebSite","@id":"https:\/\/starstory.fr\/blog\/#website","url":"https:\/\/starstory.fr\/blog\/","name":"StarStory","description":"StarStory, les \u00e9toiles racontent leur histoire","publisher":{"@id":"https:\/\/starstory.fr\/blog\/#organization"},"alternateName":"StarStory, les \u00e9toiles racontent leur histoire","potentialAction":[{"@type":"SearchAction","target":{"@type":"EntryPoint","urlTemplate":"https:\/\/starstory.fr\/blog\/?s={search_term_string}"},"query-input":{"@type":"PropertyValueSpecification","valueRequired":true,"valueName":"search_term_string"}}],"inLanguage":"fr-FR"},{"@type":"Organization","@id":"https:\/\/starstory.fr\/blog\/#organization","name":"StarStory","alternateName":"StarStory.fr","url":"https:\/\/starstory.fr\/blog\/","logo":{"@type":"ImageObject","inLanguage":"fr-FR","@id":"https:\/\/starstory.fr\/blog\/#\/schema\/logo\/image\/","url":"https:\/\/starstory.fr\/blog\/wp-content\/uploads\/2024\/12\/38.png","contentUrl":"https:\/\/starstory.fr\/blog\/wp-content\/uploads\/2024\/12\/38.png","width":500,"height":500,"caption":"StarStory"},"image":{"@id":"https:\/\/starstory.fr\/blog\/#\/schema\/logo\/image\/"}},{"@type":"Person","@id":"https:\/\/starstory.fr\/blog\/#\/schema\/person\/2d9dd3a73cf4dcbc428e866589dd5882","name":"Antoine Ferrand","image":{"@type":"ImageObject","inLanguage":"fr-FR","@id":"https:\/\/starstory.fr\/blog\/#\/schema\/person\/image\/","url":"https:\/\/secure.gravatar.com\/avatar\/?s=96&d=mm&r=g","contentUrl":"https:\/\/secure.gravatar.com\/avatar\/?s=96&d=mm&r=g","caption":"Antoine Ferrand"},"description":"Antoine analyse les figures politiques et m\u00e9diatiques, ainsi que leur influence en France au fil des ann\u00e9es.","url":"https:\/\/starstory.fr\/blog\/auteur\/antoine-dupont\/"}]}},"_links":{"self":[{"href":"https:\/\/starstory.fr\/blog\/wp-json\/wp\/v2\/posts\/8241","targetHints":{"allow":["GET"]}}],"collection":[{"href":"https:\/\/starstory.fr\/blog\/wp-json\/wp\/v2\/posts"}],"about":[{"href":"https:\/\/starstory.fr\/blog\/wp-json\/wp\/v2\/types\/post"}],"author":[{"embeddable":true,"href":"https:\/\/starstory.fr\/blog\/wp-json\/wp\/v2\/users\/42"}],"replies":[{"embeddable":true,"href":"https:\/\/starstory.fr\/blog\/wp-json\/wp\/v2\/comments?post=8241"}],"version-history":[{"count":0,"href":"https:\/\/starstory.fr\/blog\/wp-json\/wp\/v2\/posts\/8241\/revisions"}],"wp:attachment":[{"href":"https:\/\/starstory.fr\/blog\/wp-json\/wp\/v2\/media?parent=8241"}],"wp:term":[{"taxonomy":"category","embeddable":true,"href":"https:\/\/starstory.fr\/blog\/wp-json\/wp\/v2\/categories?post=8241"},{"taxonomy":"post_tag","embeddable":true,"href":"https:\/\/starstory.fr\/blog\/wp-json\/wp\/v2\/tags?post=8241"}],"curies":[{"name":"wp","href":"https:\/\/api.w.org\/{rel}","templated":true}]}}