{"id":8239,"date":"2026-07-12T19:32:09","date_gmt":"2026-07-12T17:32:09","guid":{"rendered":"https:\/\/starstory.fr\/blog\/celebrites-et-influence-en-france\/taille-des-stars\/quelle-taille-fait-leon-marchand\/"},"modified":"2026-07-12T19:32:09","modified_gmt":"2026-07-12T17:32:09","slug":"quelle-taille-fait-leon-marchand","status":"publish","type":"post","link":"https:\/\/starstory.fr\/blog\/celebrites-et-influence-en-france\/taille-des-stars\/quelle-taille-fait-leon-marchand\/","title":{"rendered":"Quelle taille fait L\u00e9on Marchand ?"},"content":{"rendered":"<aside style=\"background:#FBEAF2;border-left:5px solid #B11E6A;padding:22px 28px;margin:24px 0;font-family:-apple-system,BlinkMacSystemFont,'Segoe UI',Roboto,sans-serif;\">\n<div style=\"margin:0;font-size:19px;line-height:1.55;color:#2a2a2a;font-weight:500;letter-spacing:-0.005em;\">\n    L\u00e9on Marchand mesure <strong>1,87 m<\/strong> pour environ <strong>77 kg<\/strong> selon les fiches r\u00e9centes \u2014 d\u2019anciennes fiches f\u00e9d\u00e9rales affichent encore 1,83 m. Le gabarit long et fin du quadruple champion olympique de Paris 2024.\n  <\/div>\n<\/aside>\n<figure style=\"margin:32px 0;font-family:-apple-system,BlinkMacSystemFont,'Segoe UI',Roboto,sans-serif;\">\n<div style=\"overflow-x:auto;border:1px solid #e5e5e0;border-radius:8px;\">\n<table style=\"width:100%;border-collapse:collapse;font-size:14px;color:#2a2a2a;min-width:500px;\">\n<thead>\n<tr style=\"background:#1a1a1a;color:#fff;\">\n<th style=\"text-align:left;padding:14px 18px;font-weight:700;font-size:12px;text-transform:uppercase;letter-spacing:1.5px;\">Fiche mensurations<\/th>\n<th style=\"text-align:left;padding:14px 18px;font-weight:700;font-size:12px;text-transform:uppercase;letter-spacing:1.5px;\">D\u00e9tail<\/th>\n<\/tr>\n<\/thead>\n<tbody>\n<tr style=\"background:#fff;border-bottom:1px solid #f0ede5;\">\n<td style=\"padding:14px 18px;font-weight:600;\">Nom complet<\/td>\n<td style=\"padding:14px 18px;color:#4a4a4a;\">L\u00e9on Marchand<\/td>\n<\/tr>\n<tr style=\"background:#fafaf7;border-bottom:1px solid #f0ede5;\">\n<td style=\"padding:14px 18px;font-weight:600;\">Naissance<\/td>\n<td style=\"padding:14px 18px;color:#4a4a4a;\">17 mai 2002, Toulouse (Haute-Garonne)<\/td>\n<\/tr>\n<tr style=\"background:#fff;border-bottom:1px solid #f0ede5;\">\n<td style=\"padding:14px 18px;font-weight:600;\">Taille<\/td>\n<td style=\"padding:14px 18px;color:#4a4a4a;\"><strong>1,87 m<\/strong> (fiches r\u00e9centes) \u2014 1,83 m sur d\u2019anciennes fiches f\u00e9d\u00e9rales<\/td>\n<\/tr>\n<tr style=\"background:#fafaf7;border-bottom:1px solid #f0ede5;\">\n<td style=\"padding:14px 18px;font-weight:600;\">Poids<\/td>\n<td style=\"padding:14px 18px;color:#4a4a4a;\">Environ 77 kg (66 kg sur les fiches anciennes)<\/td>\n<\/tr>\n<tr style=\"background:#fff;border-bottom:1px solid #f0ede5;\">\n<td style=\"padding:14px 18px;font-weight:600;\">Nationalit\u00e9<\/td>\n<td style=\"padding:14px 18px;color:#4a4a4a;\">Fran\u00e7aise<\/td>\n<\/tr>\n<tr style=\"background:#fafaf7;\">\n<td style=\"padding:14px 18px;font-weight:600;\">Discipline<\/td>\n<td style=\"padding:14px 18px;color:#4a4a4a;\">Natation \u2014 4 nages, papillon, brasse (Dauphins du TOEC \/ \u00c9quipe de France)<\/td>\n<\/tr>\n<\/tbody>\n<\/table><\/div>\n<\/figure>\n<h2>1,83 m ou 1,87 m : des fiches qui n\u2019ont pas suivi sa croissance<\/h2>\n<p>Les portraits r\u00e9cents \u2014 publi\u00e9s depuis ses records du monde et ses quatre titres olympiques de Paris 2024 \u2014 donnent L\u00e9on Marchand \u00e0 <strong>1,87 m pour 77 kg<\/strong>. Mais certaines fiches f\u00e9d\u00e9rales encore en ligne affichent 1,83 m et 66 kg : des donn\u00e9es saisies \u00e0 ses d\u00e9buts, jamais actualis\u00e9es. Le nageur a grandi et s\u2019est \u00e9toff\u00e9 entre ses 18 et ses 22 ans ; la valeur la plus reprise aujourd\u2019hui est bien 1,87 m.<\/p>\n<p>Face \u00e0 Michael Phelps (1,93 m), son illustre pr\u00e9d\u00e9cesseur \u2014 dont il a battu le dernier record du monde individuel, celui du 400 m 4 nages \u2014, Marchand rend 6 cm. La comparaison s\u2019arr\u00eate l\u00e0 : dans les bassins comme dans notre panel, il prouve qu\u2019un gabarit \u00ab raisonnable \u00bb peut dominer une discipline de g\u00e9ants.<\/p>\n<h2>Une morphologie de nageur parfait, plus qu\u2019un physique de g\u00e9ant<\/h2>\n<p>Buste long, bras longs, mains fines, bassin compact : le profil de Marchand est celui du nageur \u00ab hydrodynamique \u00bb, pas du colosse. Son arme absolue reste la coul\u00e9e \u2014 ces m\u00e8tres parcourus sous l\u2019eau apr\u00e8s chaque virage, r\u00e9guli\u00e8rement chronom\u00e9tr\u00e9s comme les plus rapides du circuit. Combin\u00e9e au travail de Bob Bowman, l\u2019ancien coach de Phelps, cette efficacit\u00e9 sous-marine a fait de lui le roi du 200 et du 400 m 4 nages.<\/p>\n<aside style=\"background:#FBEAF2;border-left:4px solid #B11E6A;padding:14px 18px;margin:18px 0;border-radius:0 4px 4px 0;font-family:-apple-system,BlinkMacSystemFont,'Segoe UI',Roboto,sans-serif;\">\n  <strong style=\"display:inline-block;color:#8a1450;font-size:12px;text-transform:uppercase;letter-spacing:1.5px;margin-right:8px;\">&#128161; Bon \u00e0 savoir<\/strong><br \/>\n  <span style=\"font-size:14.5px;line-height:1.55;color:#3a3a3a;\">Aux JO de Paris 2024, Marchand a remport\u00e9 4 titres individuels en une seule \u00e9dition \u2014 dont un doubl\u00e9 200 m papillon \/ 200 m brasse le m\u00eame soir, \u00e0 moins de deux heures d\u2019intervalle, du jamais-vu.<\/span><br \/>\n<\/aside>\n<h2>Signes distinctifs<\/h2>\n<p>Les lunettes remont\u00e9es sur le bonnet dans les instants d\u2019attente, une d\u00e9contraction d\u2019\u00e9tudiant \u2014 il a poursuivi son cursus d\u2019ing\u00e9nierie aux \u00c9tats-Unis, \u00e0 Arizona State \u2014 et cette coul\u00e9e interminable qui laisse les adversaires en surface. Fils de deux nageurs olympiques (Xavier Marchand et C\u00e9line Bonnet), il est n\u00e9 dans le chlore toulousain.<\/p>\n<h2>Traits de caract\u00e8re<\/h2>\n<p>La presse le d\u00e9crit comme discret, analytique et \u00e9tonnamment d\u00e9tendu avant les grandes finales \u2014 un temp\u00e9rament d\u2019ing\u00e9nieur appliqu\u00e9 \u00e0 la nage. Bob Bowman souligne r\u00e9guli\u00e8rement sa capacit\u00e9 \u00e0 encaisser des volumes d\u2019entra\u00eenement \u00e9normes sans perdre sa fra\u00eecheur mentale, l\u2019h\u00e9ritage d\u2019une passion intacte pour la course.<\/p>\n<p>Pour situer L\u00e9on Marchand face aux autres c\u00e9l\u00e9brit\u00e9s, consultez notre <a href=\"https:\/\/starstory.fr\/blog\/celebrites-et-influence-en-france\/taille-des-stars\/quelle-taille-font-les-stars\/\">guide complet des tailles des stars<\/a>, qui r\u00e9capitule les mensurations v\u00e9rifi\u00e9es de dizaines de personnalit\u00e9s \u2014 dont l\u2019autre monument olympique fran\u00e7ais, <a href=\"https:\/\/starstory.fr\/blog\/celebrites-et-influence-en-france\/taille-des-stars\/quelle-taille-fait-teddy-riner\/\">Teddy Riner (2,04 m)<\/a>.<\/p>\n<h2>Questions fr\u00e9quentes<\/h2>\n<details style=\"border:1px solid #e5e5e0;border-radius:8px;padding:14px 18px;margin:12px 0;font-family:-apple-system,BlinkMacSystemFont,'Segoe UI',Roboto,sans-serif;\">\n<summary style=\"font-weight:700;font-size:15.5px;color:#1a1a1a;cursor:pointer;\">Quelle est la taille exacte de L\u00e9on Marchand ?<\/summary>\n<p style=\"margin:12px 0 0;font-size:15px;line-height:1.6;color:#3a3a3a;\">L\u00e9on Marchand mesure <strong>1,87 m<\/strong> selon les fiches r\u00e9centes. Les 1,83 m qu\u2019on croise encore proviennent d\u2019anciennes fiches f\u00e9d\u00e9rales non actualis\u00e9es.<\/p>\n<\/details>\n<details style=\"border:1px solid #e5e5e0;border-radius:8px;padding:14px 18px;margin:12px 0;font-family:-apple-system,BlinkMacSystemFont,'Segoe UI',Roboto,sans-serif;\">\n<summary style=\"font-weight:700;font-size:15.5px;color:#1a1a1a;cursor:pointer;\">Combien p\u00e8se L\u00e9on Marchand ?<\/summary>\n<p style=\"margin:12px 0 0;font-size:15px;line-height:1.6;color:#3a3a3a;\">Son poids est d\u2019environ <strong>77 kg<\/strong> selon les sources r\u00e9centes \u2014 les 66 kg encore affich\u00e9s \u00e7\u00e0 et l\u00e0 datent de ses ann\u00e9es juniors.<\/p>\n<\/details>\n<details style=\"border:1px solid #e5e5e0;border-radius:8px;padding:14px 18px;margin:12px 0;font-family:-apple-system,BlinkMacSystemFont,'Segoe UI',Roboto,sans-serif;\">\n<summary style=\"font-weight:700;font-size:15.5px;color:#1a1a1a;cursor:pointer;\">Marchand est-il plus petit que Michael Phelps ?<\/summary>\n<p style=\"margin:12px 0 0;font-size:15px;line-height:1.6;color:#3a3a3a;\">Oui : avec 1,87 m, Marchand mesure <strong>6 cm de moins<\/strong> que Michael Phelps (1,93 m), dont il a pourtant effac\u00e9 le record du monde du 400 m 4 nages.<\/p>\n<\/details>\n<p style=\"font-size:13px;color:#6a6a6a;margin-top:28px;\">Sources : World Aquatics, equipe-france.fr (FFN), portraits presse r\u00e9cents (Le Monde, L\u2019Obs).<\/p>\n<p><script type=\"application\/ld+json\">{\"@context\": \"https:\/\/schema.org\", \"@type\": \"FAQPage\", \"mainEntity\": [{\"@type\": \"Question\", \"name\": \"Quelle est la taille exacte de L\u00e9on Marchand ?\", \"acceptedAnswer\": {\"@type\": \"Answer\", \"text\": \"L\u00e9on Marchand mesure 1,87 m selon les fiches r\u00e9centes. Les 1,83 m qu\u2019on croise encore proviennent d\u2019anciennes fiches f\u00e9d\u00e9rales non actualis\u00e9es.\"}}, {\"@type\": \"Question\", \"name\": \"Combien p\u00e8se L\u00e9on Marchand ?\", \"acceptedAnswer\": {\"@type\": \"Answer\", \"text\": \"Son poids est d\u2019environ 77 kg selon les sources r\u00e9centes \u2014 les 66 kg encore affich\u00e9s \u00e7\u00e0 et l\u00e0 datent de ses ann\u00e9es juniors.\"}}, {\"@type\": \"Question\", \"name\": \"Marchand est-il plus petit que Michael Phelps ?\", \"acceptedAnswer\": {\"@type\": \"Answer\", \"text\": \"Oui : avec 1,87 m, Marchand mesure 6 cm de moins que Michael Phelps (1,93 m), dont il a pourtant effac\u00e9 le record du monde du 400 m 4 nages.\"}}]}<\/script><\/p>\n","protected":false},"excerpt":{"rendered":"","protected":false},"author":40,"featured_media":999999999,"comment_status":"open","ping_status":"open","sticky":false,"template":"","format":"standard","meta":{"_acf_changed":false,"manual_indexmenow":false,"indexmenow_id_project":0,"footnotes":""},"categories":[4839],"tags":[],"class_list":["post-8239","post","type-post","status-publish","format-standard","has-post-thumbnail","hentry","category-taille-des-stars","generate-columns","tablet-grid-50","mobile-grid-100","grid-parent","grid-25"],"acf":[],"yoast_head":"<!-- This site is optimized with the Yoast SEO Premium plugin v21.3 (Yoast SEO v26.5) - https:\/\/yoast.com\/wordpress\/plugins\/seo\/ -->\n<title>Quelle taille fait L\u00e9on Marchand ? (poids, fiche)<\/title>\n<meta name=\"description\" content=\"L\u00e9on Marchand mesure 1,87 m pour environ 77 kg selon les fiches r\u00e9centes. Taille, poids, comparaison avec Phelps : la fiche v\u00e9rifi\u00e9e.\" \/>\n<meta name=\"robots\" content=\"index, follow, max-snippet:-1, max-image-preview:large, max-video-preview:-1\" \/>\n<link rel=\"canonical\" href=\"https:\/\/starstory.fr\/blog\/celebrites-et-influence-en-france\/taille-des-stars\/quelle-taille-fait-leon-marchand\/\" \/>\n<meta property=\"og:locale\" content=\"fr_FR\" \/>\n<meta property=\"og:type\" content=\"article\" \/>\n<meta property=\"og:title\" content=\"Quelle taille fait L\u00e9on Marchand ? (poids, fiche)\" \/>\n<meta property=\"og:description\" content=\"L\u00e9on Marchand mesure 1,87 m pour environ 77 kg selon les fiches r\u00e9centes. Taille, poids, comparaison avec Phelps : la fiche v\u00e9rifi\u00e9e.\" \/>\n<meta property=\"og:url\" content=\"https:\/\/starstory.fr\/blog\/celebrites-et-influence-en-france\/taille-des-stars\/quelle-taille-fait-leon-marchand\/\" \/>\n<meta property=\"og:site_name\" content=\"starstory\" \/>\n<meta property=\"og:image\" content=\"https:\/\/images.pexels.com\/photos\/34676889\/pexels-photo-34676889.jpeg?auto=compress&cs=tinysrgb&fit=crop&h=627&w=1200\" \/>\n<meta name=\"author\" content=\"Julien Vaillant\" \/>\n<meta name=\"twitter:card\" content=\"summary_large_image\" \/>\n<script type=\"application\/ld+json\" class=\"yoast-schema-graph\">{\"@context\":\"https:\/\/schema.org\",\"@graph\":[{\"@type\":\"NewsArticle\",\"@id\":\"https:\/\/starstory.fr\/blog\/celebrites-et-influence-en-france\/taille-des-stars\/quelle-taille-fait-leon-marchand\/#article\",\"isPartOf\":{\"@id\":\"https:\/\/starstory.fr\/blog\/celebrites-et-influence-en-france\/taille-des-stars\/quelle-taille-fait-leon-marchand\/\"},\"author\":{\"name\":\"Julien Vaillant\",\"@id\":\"https:\/\/starstory.fr\/blog\/#\/schema\/person\/62af054f7df7ce17580aee7a5c41b89c\"},\"headline\":\"Quelle taille fait L\u00e9on Marchand ?\",\"datePublished\":\"2026-07-12T17:32:09+00:00\",\"mainEntityOfPage\":{\"@id\":\"https:\/\/starstory.fr\/blog\/celebrites-et-influence-en-france\/taille-des-stars\/quelle-taille-fait-leon-marchand\/\"},\"wordCount\":620,\"commentCount\":0,\"publisher\":{\"@id\":\"https:\/\/starstory.fr\/blog\/#organization\"},\"image\":{\"@id\":\"https:\/\/starstory.fr\/blog\/celebrites-et-influence-en-france\/taille-des-stars\/quelle-taille-fait-leon-marchand\/#primaryimage\"},\"thumbnailUrl\":\"https:\/\/images.pexels.com\/photos\/34676889\/pexels-photo-34676889.jpeg?auto=compress&cs=tinysrgb&fit=crop&h=627&w=1200\",\"articleSection\":[\"Taille et mensurations des stars\"],\"inLanguage\":\"fr-FR\",\"potentialAction\":[{\"@type\":\"CommentAction\",\"name\":\"Comment\",\"target\":[\"https:\/\/starstory.fr\/blog\/celebrites-et-influence-en-france\/taille-des-stars\/quelle-taille-fait-leon-marchand\/#respond\"]}]},{\"@type\":\"WebPage\",\"@id\":\"https:\/\/starstory.fr\/blog\/celebrites-et-influence-en-france\/taille-des-stars\/quelle-taille-fait-leon-marchand\/\",\"url\":\"https:\/\/starstory.fr\/blog\/celebrites-et-influence-en-france\/taille-des-stars\/quelle-taille-fait-leon-marchand\/\",\"name\":\"Quelle taille fait L\u00e9on Marchand ? (poids, fiche)\",\"isPartOf\":{\"@id\":\"https:\/\/starstory.fr\/blog\/#website\"},\"primaryImageOfPage\":{\"@id\":\"https:\/\/starstory.fr\/blog\/celebrites-et-influence-en-france\/taille-des-stars\/quelle-taille-fait-leon-marchand\/#primaryimage\"},\"image\":{\"@id\":\"https:\/\/starstory.fr\/blog\/celebrites-et-influence-en-france\/taille-des-stars\/quelle-taille-fait-leon-marchand\/#primaryimage\"},\"thumbnailUrl\":\"https:\/\/images.pexels.com\/photos\/34676889\/pexels-photo-34676889.jpeg?auto=compress&cs=tinysrgb&fit=crop&h=627&w=1200\",\"datePublished\":\"2026-07-12T17:32:09+00:00\",\"description\":\"L\u00e9on Marchand mesure 1,87 m pour environ 77 kg selon les fiches r\u00e9centes. Taille, poids, comparaison avec Phelps : la fiche v\u00e9rifi\u00e9e.\",\"inLanguage\":\"fr-FR\",\"potentialAction\":[{\"@type\":\"ReadAction\",\"target\":[\"https:\/\/starstory.fr\/blog\/celebrites-et-influence-en-france\/taille-des-stars\/quelle-taille-fait-leon-marchand\/\"]}]},{\"@type\":\"ImageObject\",\"inLanguage\":\"fr-FR\",\"@id\":\"https:\/\/starstory.fr\/blog\/celebrites-et-influence-en-france\/taille-des-stars\/quelle-taille-fait-leon-marchand\/#primaryimage\",\"url\":\"https:\/\/images.pexels.com\/photos\/34676889\/pexels-photo-34676889.jpeg?auto=compress&cs=tinysrgb&fit=crop&h=627&w=1200\",\"contentUrl\":\"https:\/\/images.pexels.com\/photos\/34676889\/pexels-photo-34676889.jpeg?auto=compress&cs=tinysrgb&fit=crop&h=627&w=1200\"},{\"@type\":\"WebSite\",\"@id\":\"https:\/\/starstory.fr\/blog\/#website\",\"url\":\"https:\/\/starstory.fr\/blog\/\",\"name\":\"StarStory\",\"description\":\"StarStory, les \u00e9toiles racontent leur histoire\",\"publisher\":{\"@id\":\"https:\/\/starstory.fr\/blog\/#organization\"},\"alternateName\":\"StarStory, les \u00e9toiles racontent leur histoire\",\"potentialAction\":[{\"@type\":\"SearchAction\",\"target\":{\"@type\":\"EntryPoint\",\"urlTemplate\":\"https:\/\/starstory.fr\/blog\/?s={search_term_string}\"},\"query-input\":{\"@type\":\"PropertyValueSpecification\",\"valueRequired\":true,\"valueName\":\"search_term_string\"}}],\"inLanguage\":\"fr-FR\"},{\"@type\":\"Organization\",\"@id\":\"https:\/\/starstory.fr\/blog\/#organization\",\"name\":\"StarStory\",\"alternateName\":\"StarStory.fr\",\"url\":\"https:\/\/starstory.fr\/blog\/\",\"logo\":{\"@type\":\"ImageObject\",\"inLanguage\":\"fr-FR\",\"@id\":\"https:\/\/starstory.fr\/blog\/#\/schema\/logo\/image\/\",\"url\":\"https:\/\/starstory.fr\/blog\/wp-content\/uploads\/2024\/12\/38.png\",\"contentUrl\":\"https:\/\/starstory.fr\/blog\/wp-content\/uploads\/2024\/12\/38.png\",\"width\":500,\"height\":500,\"caption\":\"StarStory\"},\"image\":{\"@id\":\"https:\/\/starstory.fr\/blog\/#\/schema\/logo\/image\/\"}},{\"@type\":\"Person\",\"@id\":\"https:\/\/starstory.fr\/blog\/#\/schema\/person\/62af054f7df7ce17580aee7a5c41b89c\",\"name\":\"Julien Vaillant\",\"image\":{\"@type\":\"ImageObject\",\"inLanguage\":\"fr-FR\",\"@id\":\"https:\/\/starstory.fr\/blog\/#\/schema\/person\/image\/\",\"url\":\"https:\/\/secure.gravatar.com\/avatar\/?s=96&d=mm&r=g\",\"contentUrl\":\"https:\/\/secure.gravatar.com\/avatar\/?s=96&d=mm&r=g\",\"caption\":\"Julien Vaillant\"},\"description\":\"Julien met en lumi\u00e8re les acteurs, r\u00e9alisateurs et r\u00f4les embl\u00e9matiques qui ont marqu\u00e9 les \u00e9poques.\",\"url\":\"https:\/\/starstory.fr\/blog\/auteur\/julien-bernard\/\"}]}<\/script>\n<!-- \/ Yoast SEO Premium plugin. -->","yoast_head_json":{"title":"Quelle taille fait L\u00e9on Marchand ? (poids, fiche)","description":"L\u00e9on Marchand mesure 1,87 m pour environ 77 kg selon les fiches r\u00e9centes. Taille, poids, comparaison avec Phelps : la fiche v\u00e9rifi\u00e9e.","robots":{"index":"index","follow":"follow","max-snippet":"max-snippet:-1","max-image-preview":"max-image-preview:large","max-video-preview":"max-video-preview:-1"},"canonical":"https:\/\/starstory.fr\/blog\/celebrites-et-influence-en-france\/taille-des-stars\/quelle-taille-fait-leon-marchand\/","og_locale":"fr_FR","og_type":"article","og_title":"Quelle taille fait L\u00e9on Marchand ? (poids, fiche)","og_description":"L\u00e9on Marchand mesure 1,87 m pour environ 77 kg selon les fiches r\u00e9centes. Taille, poids, comparaison avec Phelps : la fiche v\u00e9rifi\u00e9e.","og_url":"https:\/\/starstory.fr\/blog\/celebrites-et-influence-en-france\/taille-des-stars\/quelle-taille-fait-leon-marchand\/","og_site_name":"starstory","og_image":[{"url":"https:\/\/images.pexels.com\/photos\/34676889\/pexels-photo-34676889.jpeg?auto=compress&cs=tinysrgb&fit=crop&h=627&w=1200","type":"","width":"","height":""}],"author":"Julien Vaillant","twitter_card":"summary_large_image","schema":{"@context":"https:\/\/schema.org","@graph":[{"@type":"NewsArticle","@id":"https:\/\/starstory.fr\/blog\/celebrites-et-influence-en-france\/taille-des-stars\/quelle-taille-fait-leon-marchand\/#article","isPartOf":{"@id":"https:\/\/starstory.fr\/blog\/celebrites-et-influence-en-france\/taille-des-stars\/quelle-taille-fait-leon-marchand\/"},"author":{"name":"Julien Vaillant","@id":"https:\/\/starstory.fr\/blog\/#\/schema\/person\/62af054f7df7ce17580aee7a5c41b89c"},"headline":"Quelle taille fait L\u00e9on Marchand ?","datePublished":"2026-07-12T17:32:09+00:00","mainEntityOfPage":{"@id":"https:\/\/starstory.fr\/blog\/celebrites-et-influence-en-france\/taille-des-stars\/quelle-taille-fait-leon-marchand\/"},"wordCount":620,"commentCount":0,"publisher":{"@id":"https:\/\/starstory.fr\/blog\/#organization"},"image":{"@id":"https:\/\/starstory.fr\/blog\/celebrites-et-influence-en-france\/taille-des-stars\/quelle-taille-fait-leon-marchand\/#primaryimage"},"thumbnailUrl":"https:\/\/images.pexels.com\/photos\/34676889\/pexels-photo-34676889.jpeg?auto=compress&cs=tinysrgb&fit=crop&h=627&w=1200","articleSection":["Taille et mensurations des stars"],"inLanguage":"fr-FR","potentialAction":[{"@type":"CommentAction","name":"Comment","target":["https:\/\/starstory.fr\/blog\/celebrites-et-influence-en-france\/taille-des-stars\/quelle-taille-fait-leon-marchand\/#respond"]}]},{"@type":"WebPage","@id":"https:\/\/starstory.fr\/blog\/celebrites-et-influence-en-france\/taille-des-stars\/quelle-taille-fait-leon-marchand\/","url":"https:\/\/starstory.fr\/blog\/celebrites-et-influence-en-france\/taille-des-stars\/quelle-taille-fait-leon-marchand\/","name":"Quelle taille fait L\u00e9on Marchand ? (poids, fiche)","isPartOf":{"@id":"https:\/\/starstory.fr\/blog\/#website"},"primaryImageOfPage":{"@id":"https:\/\/starstory.fr\/blog\/celebrites-et-influence-en-france\/taille-des-stars\/quelle-taille-fait-leon-marchand\/#primaryimage"},"image":{"@id":"https:\/\/starstory.fr\/blog\/celebrites-et-influence-en-france\/taille-des-stars\/quelle-taille-fait-leon-marchand\/#primaryimage"},"thumbnailUrl":"https:\/\/images.pexels.com\/photos\/34676889\/pexels-photo-34676889.jpeg?auto=compress&cs=tinysrgb&fit=crop&h=627&w=1200","datePublished":"2026-07-12T17:32:09+00:00","description":"L\u00e9on Marchand mesure 1,87 m pour environ 77 kg selon les fiches r\u00e9centes. Taille, poids, comparaison avec Phelps : la fiche v\u00e9rifi\u00e9e.","inLanguage":"fr-FR","potentialAction":[{"@type":"ReadAction","target":["https:\/\/starstory.fr\/blog\/celebrites-et-influence-en-france\/taille-des-stars\/quelle-taille-fait-leon-marchand\/"]}]},{"@type":"ImageObject","inLanguage":"fr-FR","@id":"https:\/\/starstory.fr\/blog\/celebrites-et-influence-en-france\/taille-des-stars\/quelle-taille-fait-leon-marchand\/#primaryimage","url":"https:\/\/images.pexels.com\/photos\/34676889\/pexels-photo-34676889.jpeg?auto=compress&cs=tinysrgb&fit=crop&h=627&w=1200","contentUrl":"https:\/\/images.pexels.com\/photos\/34676889\/pexels-photo-34676889.jpeg?auto=compress&cs=tinysrgb&fit=crop&h=627&w=1200"},{"@type":"WebSite","@id":"https:\/\/starstory.fr\/blog\/#website","url":"https:\/\/starstory.fr\/blog\/","name":"StarStory","description":"StarStory, les \u00e9toiles racontent leur histoire","publisher":{"@id":"https:\/\/starstory.fr\/blog\/#organization"},"alternateName":"StarStory, les \u00e9toiles racontent leur histoire","potentialAction":[{"@type":"SearchAction","target":{"@type":"EntryPoint","urlTemplate":"https:\/\/starstory.fr\/blog\/?s={search_term_string}"},"query-input":{"@type":"PropertyValueSpecification","valueRequired":true,"valueName":"search_term_string"}}],"inLanguage":"fr-FR"},{"@type":"Organization","@id":"https:\/\/starstory.fr\/blog\/#organization","name":"StarStory","alternateName":"StarStory.fr","url":"https:\/\/starstory.fr\/blog\/","logo":{"@type":"ImageObject","inLanguage":"fr-FR","@id":"https:\/\/starstory.fr\/blog\/#\/schema\/logo\/image\/","url":"https:\/\/starstory.fr\/blog\/wp-content\/uploads\/2024\/12\/38.png","contentUrl":"https:\/\/starstory.fr\/blog\/wp-content\/uploads\/2024\/12\/38.png","width":500,"height":500,"caption":"StarStory"},"image":{"@id":"https:\/\/starstory.fr\/blog\/#\/schema\/logo\/image\/"}},{"@type":"Person","@id":"https:\/\/starstory.fr\/blog\/#\/schema\/person\/62af054f7df7ce17580aee7a5c41b89c","name":"Julien Vaillant","image":{"@type":"ImageObject","inLanguage":"fr-FR","@id":"https:\/\/starstory.fr\/blog\/#\/schema\/person\/image\/","url":"https:\/\/secure.gravatar.com\/avatar\/?s=96&d=mm&r=g","contentUrl":"https:\/\/secure.gravatar.com\/avatar\/?s=96&d=mm&r=g","caption":"Julien Vaillant"},"description":"Julien met en lumi\u00e8re les acteurs, r\u00e9alisateurs et r\u00f4les embl\u00e9matiques qui ont marqu\u00e9 les \u00e9poques.","url":"https:\/\/starstory.fr\/blog\/auteur\/julien-bernard\/"}]}},"_links":{"self":[{"href":"https:\/\/starstory.fr\/blog\/wp-json\/wp\/v2\/posts\/8239","targetHints":{"allow":["GET"]}}],"collection":[{"href":"https:\/\/starstory.fr\/blog\/wp-json\/wp\/v2\/posts"}],"about":[{"href":"https:\/\/starstory.fr\/blog\/wp-json\/wp\/v2\/types\/post"}],"author":[{"embeddable":true,"href":"https:\/\/starstory.fr\/blog\/wp-json\/wp\/v2\/users\/40"}],"replies":[{"embeddable":true,"href":"https:\/\/starstory.fr\/blog\/wp-json\/wp\/v2\/comments?post=8239"}],"version-history":[{"count":0,"href":"https:\/\/starstory.fr\/blog\/wp-json\/wp\/v2\/posts\/8239\/revisions"}],"wp:attachment":[{"href":"https:\/\/starstory.fr\/blog\/wp-json\/wp\/v2\/media?parent=8239"}],"wp:term":[{"taxonomy":"category","embeddable":true,"href":"https:\/\/starstory.fr\/blog\/wp-json\/wp\/v2\/categories?post=8239"},{"taxonomy":"post_tag","embeddable":true,"href":"https:\/\/starstory.fr\/blog\/wp-json\/wp\/v2\/tags?post=8239"}],"curies":[{"name":"wp","href":"https:\/\/api.w.org\/{rel}","templated":true}]}}