{"id":8226,"date":"2026-07-12T19:07:55","date_gmt":"2026-07-12T17:07:55","guid":{"rendered":"https:\/\/starstory.fr\/blog\/celebrites-et-influence-en-france\/taille-des-stars\/quelle-taille-fait-karim-benzema\/"},"modified":"2026-07-12T19:07:55","modified_gmt":"2026-07-12T17:07:55","slug":"quelle-taille-fait-karim-benzema","status":"publish","type":"post","link":"https:\/\/starstory.fr\/blog\/celebrites-et-influence-en-france\/taille-des-stars\/quelle-taille-fait-karim-benzema\/","title":{"rendered":"Quelle taille fait Karim Benzema ?"},"content":{"rendered":"<aside style=\"background:#FBEAF2;border-left:5px solid #B11E6A;padding:22px 28px;margin:24px 0;font-family:-apple-system,BlinkMacSystemFont,'Segoe UI',Roboto,sans-serif;\">\n<div style=\"margin:0;font-size:19px;line-height:1.55;color:#2a2a2a;font-weight:500;letter-spacing:-0.005em;\">\n    Karim Benzema mesure <strong>1,85 m<\/strong> pour environ <strong>81 kg<\/strong> selon Transfermarkt, Foot Mercato et Sorare. Le gabarit classique de l\u2019avant-centre complet, Ballon d\u2019Or 2022, aujourd\u2019hui \u00e0 Al-Hilal.\n  <\/div>\n<\/aside>\n<figure style=\"margin:32px 0;font-family:-apple-system,BlinkMacSystemFont,'Segoe UI',Roboto,sans-serif;\">\n<div style=\"overflow-x:auto;border:1px solid #e5e5e0;border-radius:8px;\">\n<table style=\"width:100%;border-collapse:collapse;font-size:14px;color:#2a2a2a;min-width:500px;\">\n<thead>\n<tr style=\"background:#1a1a1a;color:#fff;\">\n<th style=\"text-align:left;padding:14px 18px;font-weight:700;font-size:12px;text-transform:uppercase;letter-spacing:1.5px;\">Fiche mensurations<\/th>\n<th style=\"text-align:left;padding:14px 18px;font-weight:700;font-size:12px;text-transform:uppercase;letter-spacing:1.5px;\">D\u00e9tail<\/th>\n<\/tr>\n<\/thead>\n<tbody>\n<tr style=\"background:#fff;border-bottom:1px solid #f0ede5;\">\n<td style=\"padding:14px 18px;font-weight:600;\">Nom complet<\/td>\n<td style=\"padding:14px 18px;color:#4a4a4a;\">Karim Mostafa Benzema<\/td>\n<\/tr>\n<tr style=\"background:#fafaf7;border-bottom:1px solid #f0ede5;\">\n<td style=\"padding:14px 18px;font-weight:600;\">Naissance<\/td>\n<td style=\"padding:14px 18px;color:#4a4a4a;\">19 d\u00e9cembre 1987, Lyon (Rh\u00f4ne)<\/td>\n<\/tr>\n<tr style=\"background:#fff;border-bottom:1px solid #f0ede5;\">\n<td style=\"padding:14px 18px;font-weight:600;\">Taille<\/td>\n<td style=\"padding:14px 18px;color:#4a4a4a;\"><strong>1,85 m<\/strong> (Transfermarkt, Foot Mercato, Sorare) \u2014 1,84 m sur Wikip\u00e9dia, 1,82 m chez L\u2019\u00c9quipe<\/td>\n<\/tr>\n<tr style=\"background:#fafaf7;border-bottom:1px solid #f0ede5;\">\n<td style=\"padding:14px 18px;font-weight:600;\">Poids<\/td>\n<td style=\"padding:14px 18px;color:#4a4a4a;\">environ 81 kg (74 \u00e0 81 kg selon les bases)<\/td>\n<\/tr>\n<tr style=\"background:#fff;border-bottom:1px solid #f0ede5;\">\n<td style=\"padding:14px 18px;font-weight:600;\">Nationalit\u00e9<\/td>\n<td style=\"padding:14px 18px;color:#4a4a4a;\">Fran\u00e7aise<\/td>\n<\/tr>\n<tr style=\"background:#fafaf7;\">\n<td style=\"padding:14px 18px;font-weight:600;\">Poste<\/td>\n<td style=\"padding:14px 18px;color:#4a4a4a;\">Avant-centre (Al-Hilal, Arabie saoudite)<\/td>\n<\/tr>\n<\/tbody>\n<\/table><\/div>\n<\/figure>\n<h2>1,85 m : le consensus des fiches sp\u00e9cialis\u00e9es<\/h2>\n<p>Transfermarkt, Foot Mercato, Sorare et Match en Direct affichent tous <strong>1,85 m<\/strong> pour Karim Benzema. Wikip\u00e9dia retient 1,84 m, L\u2019\u00c9quipe descend \u00e0 1,82 m, SoccerWiki monte \u00e0 1,87 m \u2014 l\u2019\u00e9ventail classique des bases non synchronis\u00e9es. La fourchette la plus coh\u00e9rente : 1,84-1,85 m.<\/p>\n<p>C\u2019est le format type de l\u2019avant-centre complet : la m\u00eame taille que Robert Lewandowski, 7 cm de plus que <a href=\"https:\/\/starstory.fr\/blog\/celebrites-et-influence-en-france\/taille-des-stars\/quelle-taille-fait-kylian-mbappe\/\">Kylian Mbapp\u00e9 (1,78 m)<\/a>, son ancien partenaire chez les Bleus, et 2 cm de moins que <a href=\"https:\/\/starstory.fr\/blog\/celebrites-et-influence-en-france\/taille-des-stars\/quelle-taille-fait-cristiano-ronaldo\/\">Cristiano Ronaldo (1,87 m)<\/a>, son alter ego de la grande \u00e9poque madril\u00e8ne.<\/p>\n<p>Apr\u00e8s quatorze saisons au Real Madrid puis deux ans et demi \u00e0 Al-Ittihad, Benzema a rejoint <strong>Al-Hilal<\/strong> en f\u00e9vrier 2026, libre de contrat.<\/p>\n<h2>Un gabarit d\u2019\u00e9quilibriste entre puissance et toucher<\/h2>\n<p>Ses 1,85 m pour environ 81 kg lui ont permis de tenir tous les registres : pivot dos au but, remises dans les combinaisons courtes, duels a\u00e9riens en Ligue des champions. Mais sa signature reste la coordination \u2014 un toucher de balle et une souplesse de gymnaste dans un corps d\u2019avant-centre, la combinaison qui a fait de lui le Ballon d\u2019Or 2022.<\/p>\n<p>Toujours tr\u00e8s suivi \u2014 pr\u00e8s de 74 millions d\u2019abonn\u00e9s Instagram \u2014, Benzema a publi\u00e9 le 10 juillet 2026 un clich\u00e9 sobrement l\u00e9gend\u00e9 \u00ab Ambitionz Az A Ridah \u00bb, d\u00e9j\u00e0 \u00e0 plus de 131 000 mentions J\u2019aime :<\/p>\n<figure style=\"margin:28px auto;max-width:540px;\">\n  <iframe src=\"https:\/\/www.instagram.com\/p\/DanA-wLovCB\/embed\/captioned\/\" width=\"100%\" height=\"640\" frameborder=\"0\" scrolling=\"no\" allowtransparency=\"true\" style=\"border:1px solid #e5e5e0;border-radius:8px;background:#fff;\" loading=\"lazy\" title=\"Publication Instagram\"><\/iframe><br \/>\n<\/figure>\n<aside style=\"background:#FBEAF2;border-left:4px solid #B11E6A;padding:14px 18px;margin:18px 0;border-radius:0 4px 4px 0;font-family:-apple-system,BlinkMacSystemFont,'Segoe UI',Roboto,sans-serif;\">\n  <strong style=\"display:inline-block;color:#8a1450;font-size:12px;text-transform:uppercase;letter-spacing:1.5px;margin-right:8px;\">&#128161; Bon \u00e0 savoir<\/strong><br \/>\n  <span style=\"font-size:14.5px;line-height:1.55;color:#3a3a3a;\">Benzema a quitt\u00e9 le Real Madrid en 2023 en deuxi\u00e8me meilleur buteur de l\u2019histoire du club (354 buts), derri\u00e8re Cristiano Ronaldo \u2014 et avec un Ballon d\u2019Or 2022 quasi unanime.<\/span><br \/>\n<\/aside>\n<h2>Signes distinctifs<\/h2>\n<p>Bandage permanent \u00e0 la main droite (s\u00e9quelle d\u2019une fracture jamais op\u00e9r\u00e9e), tatouages, barbe taill\u00e9e : les marqueurs visuels de Benzema sont connus de tous les fans. Sa c\u00e9l\u00e9bration sobre, index lev\u00e9 apr\u00e8s ses buts, tranche avec l\u2019exub\u00e9rance de beaucoup d\u2019attaquants de sa g\u00e9n\u00e9ration.<\/p>\n<h2>Traits de caract\u00e8re<\/h2>\n<p>Les portraits de presse d\u00e9crivent un joueur <strong>discret<\/strong> et perfectionniste, peu bavard en interview, obs\u00e9d\u00e9 par la pr\u00e9paration physique \u2014 sa transformation athl\u00e9tique apr\u00e8s 2019 est r\u00e9guli\u00e8rement cit\u00e9e en exemple dans le milieu. Ses co\u00e9quipiers madril\u00e8nes ont souvent lou\u00e9 son intelligence de jeu et sa g\u00e9n\u00e9rosit\u00e9 dans les combinaisons.<\/p>\n<p>Pour situer Karim Benzema face aux autres c\u00e9l\u00e9brit\u00e9s, notre <a href=\"https:\/\/starstory.fr\/blog\/celebrites-et-influence-en-france\/taille-des-stars\/quelle-taille-font-les-stars\/\">guide complet des tailles des stars<\/a> r\u00e9capitule les mensurations v\u00e9rifi\u00e9es.<\/p>\n<h2>Questions fr\u00e9quentes<\/h2>\n<details style=\"border:1px solid #e5e5e0;border-radius:8px;padding:14px 18px;margin:12px 0;font-family:-apple-system,BlinkMacSystemFont,'Segoe UI',Roboto,sans-serif;\">\n<summary style=\"font-weight:700;font-size:15.5px;color:#1a1a1a;cursor:pointer;\">Quelle est la taille exacte de Karim Benzema ?<\/summary>\n<p style=\"margin:12px 0 0;font-size:15px;line-height:1.6;color:#3a3a3a;\">Karim Benzema mesure <strong>1,85 m<\/strong> selon Transfermarkt, Foot Mercato et Sorare ; Wikip\u00e9dia affiche 1,84 m et L\u2019\u00c9quipe 1,82 m.<\/p>\n<\/details>\n<details style=\"border:1px solid #e5e5e0;border-radius:8px;padding:14px 18px;margin:12px 0;font-family:-apple-system,BlinkMacSystemFont,'Segoe UI',Roboto,sans-serif;\">\n<summary style=\"font-weight:700;font-size:15.5px;color:#1a1a1a;cursor:pointer;\">Combien p\u00e8se Karim Benzema ?<\/summary>\n<p style=\"margin:12px 0 0;font-size:15px;line-height:1.6;color:#3a3a3a;\">Les fiches sp\u00e9cialis\u00e9es indiquent environ <strong>81 kg<\/strong>, avec des variations de 74 \u00e0 81 kg selon les bases et les p\u00e9riodes.<\/p>\n<\/details>\n<details style=\"border:1px solid #e5e5e0;border-radius:8px;padding:14px 18px;margin:12px 0;font-family:-apple-system,BlinkMacSystemFont,'Segoe UI',Roboto,sans-serif;\">\n<summary style=\"font-weight:700;font-size:15.5px;color:#1a1a1a;cursor:pointer;\">Dans quel club joue Karim Benzema en 2026 ?<\/summary>\n<p style=\"margin:12px 0 0;font-size:15px;line-height:1.6;color:#3a3a3a;\">Benzema joue \u00e0 <strong>Al-Hilal<\/strong> (Arabie saoudite), qu\u2019il a rejoint libre en f\u00e9vrier 2026 apr\u00e8s deux saisons et demie \u00e0 Al-Ittihad.<\/p>\n<\/details>\n<p style=\"font-size:13px;color:#6a6a6a;margin-top:28px;\">Sources : fiche joueur Transfermarkt, Foot Mercato, Wikip\u00e9dia, Instagram @karimbenzema.<\/p>\n<p><script type=\"application\/ld+json\">{\"@context\": \"https:\/\/schema.org\", \"@type\": \"FAQPage\", \"mainEntity\": [{\"@type\": \"Question\", \"name\": \"Quelle est la taille exacte de Karim Benzema ?\", \"acceptedAnswer\": {\"@type\": \"Answer\", \"text\": \"Karim Benzema mesure 1,85 m selon Transfermarkt, Foot Mercato et Sorare ; Wikip\u00e9dia affiche 1,84 m et L\u2019\u00c9quipe 1,82 m.\"}}, {\"@type\": \"Question\", \"name\": \"Combien p\u00e8se Karim Benzema ?\", \"acceptedAnswer\": {\"@type\": \"Answer\", \"text\": \"Les fiches sp\u00e9cialis\u00e9es indiquent environ 81 kg, avec des variations de 74 \u00e0 81 kg selon les bases et les p\u00e9riodes.\"}}, {\"@type\": \"Question\", \"name\": \"Dans quel club joue Karim Benzema en 2026 ?\", \"acceptedAnswer\": {\"@type\": \"Answer\", \"text\": \"Benzema joue \u00e0 Al-Hilal (Arabie saoudite), qu\u2019il a rejoint libre en f\u00e9vrier 2026 apr\u00e8s deux saisons et demie \u00e0 Al-Ittihad.\"}}]}<\/script><\/p>\n","protected":false},"excerpt":{"rendered":"","protected":false},"author":39,"featured_media":999999999,"comment_status":"open","ping_status":"open","sticky":false,"template":"","format":"standard","meta":{"_acf_changed":false,"manual_indexmenow":false,"indexmenow_id_project":0,"footnotes":""},"categories":[4839],"tags":[],"class_list":["post-8226","post","type-post","status-publish","format-standard","has-post-thumbnail","hentry","category-taille-des-stars","generate-columns","tablet-grid-50","mobile-grid-100","grid-parent","grid-25"],"acf":[],"yoast_head":"<!-- This site is optimized with the Yoast SEO Premium plugin v21.3 (Yoast SEO v26.5) - https:\/\/yoast.com\/wordpress\/plugins\/seo\/ -->\n<title>Quelle taille fait Karim Benzema ? (poids, fiche)<\/title>\n<meta name=\"description\" content=\"Karim Benzema mesure 1,85 m pour environ 81 kg selon Transfermarkt et Foot Mercato. Taille, poids et gabarit du Ballon d&#039;Or 2022, aujourd&#039;hui \u00e0 Al-Hilal : fiche v\u00e9rifi\u00e9e.\" \/>\n<meta name=\"robots\" content=\"index, follow, max-snippet:-1, max-image-preview:large, max-video-preview:-1\" \/>\n<link rel=\"canonical\" href=\"https:\/\/starstory.fr\/blog\/celebrites-et-influence-en-france\/taille-des-stars\/quelle-taille-fait-karim-benzema\/\" \/>\n<meta property=\"og:locale\" content=\"fr_FR\" \/>\n<meta property=\"og:type\" content=\"article\" \/>\n<meta property=\"og:title\" content=\"Quelle taille fait Karim Benzema ? (poids, fiche)\" \/>\n<meta property=\"og:description\" content=\"Karim Benzema mesure 1,85 m pour environ 81 kg selon Transfermarkt et Foot Mercato. Taille, poids et gabarit du Ballon d&#039;Or 2022, aujourd&#039;hui \u00e0 Al-Hilal : fiche v\u00e9rifi\u00e9e.\" \/>\n<meta property=\"og:url\" content=\"https:\/\/starstory.fr\/blog\/celebrites-et-influence-en-france\/taille-des-stars\/quelle-taille-fait-karim-benzema\/\" \/>\n<meta property=\"og:site_name\" content=\"starstory\" \/>\n<meta property=\"og:image\" content=\"https:\/\/images.pexels.com\/photos\/26694125\/pexels-photo-26694125.jpeg?auto=compress&cs=tinysrgb&fit=crop&h=627&w=1200\" \/>\n<meta name=\"author\" content=\"Claire Lefevre\" \/>\n<meta name=\"twitter:card\" content=\"summary_large_image\" \/>\n<script type=\"application\/ld+json\" class=\"yoast-schema-graph\">{\"@context\":\"https:\/\/schema.org\",\"@graph\":[{\"@type\":\"NewsArticle\",\"@id\":\"https:\/\/starstory.fr\/blog\/celebrites-et-influence-en-france\/taille-des-stars\/quelle-taille-fait-karim-benzema\/#article\",\"isPartOf\":{\"@id\":\"https:\/\/starstory.fr\/blog\/celebrites-et-influence-en-france\/taille-des-stars\/quelle-taille-fait-karim-benzema\/\"},\"author\":{\"name\":\"Claire Lefevre\",\"@id\":\"https:\/\/starstory.fr\/blog\/#\/schema\/person\/432b46949d2a452f85568b160103039e\"},\"headline\":\"Quelle taille fait Karim Benzema ?\",\"datePublished\":\"2026-07-12T17:07:55+00:00\",\"mainEntityOfPage\":{\"@id\":\"https:\/\/starstory.fr\/blog\/celebrites-et-influence-en-france\/taille-des-stars\/quelle-taille-fait-karim-benzema\/\"},\"wordCount\":561,\"commentCount\":0,\"publisher\":{\"@id\":\"https:\/\/starstory.fr\/blog\/#organization\"},\"image\":{\"@id\":\"https:\/\/starstory.fr\/blog\/celebrites-et-influence-en-france\/taille-des-stars\/quelle-taille-fait-karim-benzema\/#primaryimage\"},\"thumbnailUrl\":\"https:\/\/images.pexels.com\/photos\/26694125\/pexels-photo-26694125.jpeg?auto=compress&cs=tinysrgb&fit=crop&h=627&w=1200\",\"articleSection\":[\"Taille et mensurations des stars\"],\"inLanguage\":\"fr-FR\",\"potentialAction\":[{\"@type\":\"CommentAction\",\"name\":\"Comment\",\"target\":[\"https:\/\/starstory.fr\/blog\/celebrites-et-influence-en-france\/taille-des-stars\/quelle-taille-fait-karim-benzema\/#respond\"]}]},{\"@type\":\"WebPage\",\"@id\":\"https:\/\/starstory.fr\/blog\/celebrites-et-influence-en-france\/taille-des-stars\/quelle-taille-fait-karim-benzema\/\",\"url\":\"https:\/\/starstory.fr\/blog\/celebrites-et-influence-en-france\/taille-des-stars\/quelle-taille-fait-karim-benzema\/\",\"name\":\"Quelle taille fait Karim Benzema ? (poids, fiche)\",\"isPartOf\":{\"@id\":\"https:\/\/starstory.fr\/blog\/#website\"},\"primaryImageOfPage\":{\"@id\":\"https:\/\/starstory.fr\/blog\/celebrites-et-influence-en-france\/taille-des-stars\/quelle-taille-fait-karim-benzema\/#primaryimage\"},\"image\":{\"@id\":\"https:\/\/starstory.fr\/blog\/celebrites-et-influence-en-france\/taille-des-stars\/quelle-taille-fait-karim-benzema\/#primaryimage\"},\"thumbnailUrl\":\"https:\/\/images.pexels.com\/photos\/26694125\/pexels-photo-26694125.jpeg?auto=compress&cs=tinysrgb&fit=crop&h=627&w=1200\",\"datePublished\":\"2026-07-12T17:07:55+00:00\",\"description\":\"Karim Benzema mesure 1,85 m pour environ 81 kg selon Transfermarkt et Foot Mercato. Taille, poids et gabarit du Ballon d'Or 2022, aujourd'hui \u00e0 Al-Hilal : fiche v\u00e9rifi\u00e9e.\",\"inLanguage\":\"fr-FR\",\"potentialAction\":[{\"@type\":\"ReadAction\",\"target\":[\"https:\/\/starstory.fr\/blog\/celebrites-et-influence-en-france\/taille-des-stars\/quelle-taille-fait-karim-benzema\/\"]}]},{\"@type\":\"ImageObject\",\"inLanguage\":\"fr-FR\",\"@id\":\"https:\/\/starstory.fr\/blog\/celebrites-et-influence-en-france\/taille-des-stars\/quelle-taille-fait-karim-benzema\/#primaryimage\",\"url\":\"https:\/\/images.pexels.com\/photos\/26694125\/pexels-photo-26694125.jpeg?auto=compress&cs=tinysrgb&fit=crop&h=627&w=1200\",\"contentUrl\":\"https:\/\/images.pexels.com\/photos\/26694125\/pexels-photo-26694125.jpeg?auto=compress&cs=tinysrgb&fit=crop&h=627&w=1200\"},{\"@type\":\"WebSite\",\"@id\":\"https:\/\/starstory.fr\/blog\/#website\",\"url\":\"https:\/\/starstory.fr\/blog\/\",\"name\":\"StarStory\",\"description\":\"StarStory, les \u00e9toiles racontent leur histoire\",\"publisher\":{\"@id\":\"https:\/\/starstory.fr\/blog\/#organization\"},\"alternateName\":\"StarStory, les \u00e9toiles racontent leur histoire\",\"potentialAction\":[{\"@type\":\"SearchAction\",\"target\":{\"@type\":\"EntryPoint\",\"urlTemplate\":\"https:\/\/starstory.fr\/blog\/?s={search_term_string}\"},\"query-input\":{\"@type\":\"PropertyValueSpecification\",\"valueRequired\":true,\"valueName\":\"search_term_string\"}}],\"inLanguage\":\"fr-FR\"},{\"@type\":\"Organization\",\"@id\":\"https:\/\/starstory.fr\/blog\/#organization\",\"name\":\"StarStory\",\"alternateName\":\"StarStory.fr\",\"url\":\"https:\/\/starstory.fr\/blog\/\",\"logo\":{\"@type\":\"ImageObject\",\"inLanguage\":\"fr-FR\",\"@id\":\"https:\/\/starstory.fr\/blog\/#\/schema\/logo\/image\/\",\"url\":\"https:\/\/starstory.fr\/blog\/wp-content\/uploads\/2024\/12\/38.png\",\"contentUrl\":\"https:\/\/starstory.fr\/blog\/wp-content\/uploads\/2024\/12\/38.png\",\"width\":500,\"height\":500,\"caption\":\"StarStory\"},\"image\":{\"@id\":\"https:\/\/starstory.fr\/blog\/#\/schema\/logo\/image\/\"}},{\"@type\":\"Person\",\"@id\":\"https:\/\/starstory.fr\/blog\/#\/schema\/person\/432b46949d2a452f85568b160103039e\",\"name\":\"Claire Lefevre\",\"image\":{\"@type\":\"ImageObject\",\"inLanguage\":\"fr-FR\",\"@id\":\"https:\/\/starstory.fr\/blog\/#\/schema\/person\/image\/\",\"url\":\"https:\/\/secure.gravatar.com\/avatar\/?s=96&d=mm&r=g\",\"contentUrl\":\"https:\/\/secure.gravatar.com\/avatar\/?s=96&d=mm&r=g\",\"caption\":\"Claire Lefevre\"},\"description\":\"Claire raconte l\u2019\u00e9volution des c\u00e9l\u00e9brit\u00e9s et leur influence socioculturelle \u00e0 travers les d\u00e9cennies.\",\"url\":\"https:\/\/starstory.fr\/blog\/auteur\/claire-lefevre\/\",\"jobTitle\":\"Contributrice mutuelle sant\u00e9\",\"email\":\"claire.lefevre@starstory.fr\"}]}<\/script>\n<!-- \/ Yoast SEO Premium plugin. -->","yoast_head_json":{"title":"Quelle taille fait Karim Benzema ? (poids, fiche)","description":"Karim Benzema mesure 1,85 m pour environ 81 kg selon Transfermarkt et Foot Mercato. Taille, poids et gabarit du Ballon d'Or 2022, aujourd'hui \u00e0 Al-Hilal : fiche v\u00e9rifi\u00e9e.","robots":{"index":"index","follow":"follow","max-snippet":"max-snippet:-1","max-image-preview":"max-image-preview:large","max-video-preview":"max-video-preview:-1"},"canonical":"https:\/\/starstory.fr\/blog\/celebrites-et-influence-en-france\/taille-des-stars\/quelle-taille-fait-karim-benzema\/","og_locale":"fr_FR","og_type":"article","og_title":"Quelle taille fait Karim Benzema ? (poids, fiche)","og_description":"Karim Benzema mesure 1,85 m pour environ 81 kg selon Transfermarkt et Foot Mercato. Taille, poids et gabarit du Ballon d'Or 2022, aujourd'hui \u00e0 Al-Hilal : fiche v\u00e9rifi\u00e9e.","og_url":"https:\/\/starstory.fr\/blog\/celebrites-et-influence-en-france\/taille-des-stars\/quelle-taille-fait-karim-benzema\/","og_site_name":"starstory","og_image":[{"url":"https:\/\/images.pexels.com\/photos\/26694125\/pexels-photo-26694125.jpeg?auto=compress&cs=tinysrgb&fit=crop&h=627&w=1200","type":"","width":"","height":""}],"author":"Claire Lefevre","twitter_card":"summary_large_image","schema":{"@context":"https:\/\/schema.org","@graph":[{"@type":"NewsArticle","@id":"https:\/\/starstory.fr\/blog\/celebrites-et-influence-en-france\/taille-des-stars\/quelle-taille-fait-karim-benzema\/#article","isPartOf":{"@id":"https:\/\/starstory.fr\/blog\/celebrites-et-influence-en-france\/taille-des-stars\/quelle-taille-fait-karim-benzema\/"},"author":{"name":"Claire Lefevre","@id":"https:\/\/starstory.fr\/blog\/#\/schema\/person\/432b46949d2a452f85568b160103039e"},"headline":"Quelle taille fait Karim Benzema ?","datePublished":"2026-07-12T17:07:55+00:00","mainEntityOfPage":{"@id":"https:\/\/starstory.fr\/blog\/celebrites-et-influence-en-france\/taille-des-stars\/quelle-taille-fait-karim-benzema\/"},"wordCount":561,"commentCount":0,"publisher":{"@id":"https:\/\/starstory.fr\/blog\/#organization"},"image":{"@id":"https:\/\/starstory.fr\/blog\/celebrites-et-influence-en-france\/taille-des-stars\/quelle-taille-fait-karim-benzema\/#primaryimage"},"thumbnailUrl":"https:\/\/images.pexels.com\/photos\/26694125\/pexels-photo-26694125.jpeg?auto=compress&cs=tinysrgb&fit=crop&h=627&w=1200","articleSection":["Taille et mensurations des stars"],"inLanguage":"fr-FR","potentialAction":[{"@type":"CommentAction","name":"Comment","target":["https:\/\/starstory.fr\/blog\/celebrites-et-influence-en-france\/taille-des-stars\/quelle-taille-fait-karim-benzema\/#respond"]}]},{"@type":"WebPage","@id":"https:\/\/starstory.fr\/blog\/celebrites-et-influence-en-france\/taille-des-stars\/quelle-taille-fait-karim-benzema\/","url":"https:\/\/starstory.fr\/blog\/celebrites-et-influence-en-france\/taille-des-stars\/quelle-taille-fait-karim-benzema\/","name":"Quelle taille fait Karim Benzema ? (poids, fiche)","isPartOf":{"@id":"https:\/\/starstory.fr\/blog\/#website"},"primaryImageOfPage":{"@id":"https:\/\/starstory.fr\/blog\/celebrites-et-influence-en-france\/taille-des-stars\/quelle-taille-fait-karim-benzema\/#primaryimage"},"image":{"@id":"https:\/\/starstory.fr\/blog\/celebrites-et-influence-en-france\/taille-des-stars\/quelle-taille-fait-karim-benzema\/#primaryimage"},"thumbnailUrl":"https:\/\/images.pexels.com\/photos\/26694125\/pexels-photo-26694125.jpeg?auto=compress&cs=tinysrgb&fit=crop&h=627&w=1200","datePublished":"2026-07-12T17:07:55+00:00","description":"Karim Benzema mesure 1,85 m pour environ 81 kg selon Transfermarkt et Foot Mercato. Taille, poids et gabarit du Ballon d'Or 2022, aujourd'hui \u00e0 Al-Hilal : fiche v\u00e9rifi\u00e9e.","inLanguage":"fr-FR","potentialAction":[{"@type":"ReadAction","target":["https:\/\/starstory.fr\/blog\/celebrites-et-influence-en-france\/taille-des-stars\/quelle-taille-fait-karim-benzema\/"]}]},{"@type":"ImageObject","inLanguage":"fr-FR","@id":"https:\/\/starstory.fr\/blog\/celebrites-et-influence-en-france\/taille-des-stars\/quelle-taille-fait-karim-benzema\/#primaryimage","url":"https:\/\/images.pexels.com\/photos\/26694125\/pexels-photo-26694125.jpeg?auto=compress&cs=tinysrgb&fit=crop&h=627&w=1200","contentUrl":"https:\/\/images.pexels.com\/photos\/26694125\/pexels-photo-26694125.jpeg?auto=compress&cs=tinysrgb&fit=crop&h=627&w=1200"},{"@type":"WebSite","@id":"https:\/\/starstory.fr\/blog\/#website","url":"https:\/\/starstory.fr\/blog\/","name":"StarStory","description":"StarStory, les \u00e9toiles racontent leur histoire","publisher":{"@id":"https:\/\/starstory.fr\/blog\/#organization"},"alternateName":"StarStory, les \u00e9toiles racontent leur histoire","potentialAction":[{"@type":"SearchAction","target":{"@type":"EntryPoint","urlTemplate":"https:\/\/starstory.fr\/blog\/?s={search_term_string}"},"query-input":{"@type":"PropertyValueSpecification","valueRequired":true,"valueName":"search_term_string"}}],"inLanguage":"fr-FR"},{"@type":"Organization","@id":"https:\/\/starstory.fr\/blog\/#organization","name":"StarStory","alternateName":"StarStory.fr","url":"https:\/\/starstory.fr\/blog\/","logo":{"@type":"ImageObject","inLanguage":"fr-FR","@id":"https:\/\/starstory.fr\/blog\/#\/schema\/logo\/image\/","url":"https:\/\/starstory.fr\/blog\/wp-content\/uploads\/2024\/12\/38.png","contentUrl":"https:\/\/starstory.fr\/blog\/wp-content\/uploads\/2024\/12\/38.png","width":500,"height":500,"caption":"StarStory"},"image":{"@id":"https:\/\/starstory.fr\/blog\/#\/schema\/logo\/image\/"}},{"@type":"Person","@id":"https:\/\/starstory.fr\/blog\/#\/schema\/person\/432b46949d2a452f85568b160103039e","name":"Claire Lefevre","image":{"@type":"ImageObject","inLanguage":"fr-FR","@id":"https:\/\/starstory.fr\/blog\/#\/schema\/person\/image\/","url":"https:\/\/secure.gravatar.com\/avatar\/?s=96&d=mm&r=g","contentUrl":"https:\/\/secure.gravatar.com\/avatar\/?s=96&d=mm&r=g","caption":"Claire Lefevre"},"description":"Claire raconte l\u2019\u00e9volution des c\u00e9l\u00e9brit\u00e9s et leur influence socioculturelle \u00e0 travers les d\u00e9cennies.","url":"https:\/\/starstory.fr\/blog\/auteur\/claire-lefevre\/","jobTitle":"Contributrice mutuelle sant\u00e9","email":"claire.lefevre@starstory.fr"}]}},"_links":{"self":[{"href":"https:\/\/starstory.fr\/blog\/wp-json\/wp\/v2\/posts\/8226","targetHints":{"allow":["GET"]}}],"collection":[{"href":"https:\/\/starstory.fr\/blog\/wp-json\/wp\/v2\/posts"}],"about":[{"href":"https:\/\/starstory.fr\/blog\/wp-json\/wp\/v2\/types\/post"}],"author":[{"embeddable":true,"href":"https:\/\/starstory.fr\/blog\/wp-json\/wp\/v2\/users\/39"}],"replies":[{"embeddable":true,"href":"https:\/\/starstory.fr\/blog\/wp-json\/wp\/v2\/comments?post=8226"}],"version-history":[{"count":0,"href":"https:\/\/starstory.fr\/blog\/wp-json\/wp\/v2\/posts\/8226\/revisions"}],"wp:attachment":[{"href":"https:\/\/starstory.fr\/blog\/wp-json\/wp\/v2\/media?parent=8226"}],"wp:term":[{"taxonomy":"category","embeddable":true,"href":"https:\/\/starstory.fr\/blog\/wp-json\/wp\/v2\/categories?post=8226"},{"taxonomy":"post_tag","embeddable":true,"href":"https:\/\/starstory.fr\/blog\/wp-json\/wp\/v2\/tags?post=8226"}],"curies":[{"name":"wp","href":"https:\/\/api.w.org\/{rel}","templated":true}]}}