{"id":8225,"date":"2026-07-12T19:07:52","date_gmt":"2026-07-12T17:07:52","guid":{"rendered":"https:\/\/starstory.fr\/blog\/celebrites-et-influence-en-france\/taille-des-stars\/quelle-taille-fait-olivier-giroud\/"},"modified":"2026-07-12T19:07:52","modified_gmt":"2026-07-12T17:07:52","slug":"quelle-taille-fait-olivier-giroud","status":"publish","type":"post","link":"https:\/\/starstory.fr\/blog\/celebrites-et-influence-en-france\/taille-des-stars\/quelle-taille-fait-olivier-giroud\/","title":{"rendered":"Quelle taille fait Olivier Giroud ?"},"content":{"rendered":"<aside style=\"background:#FBEAF2;border-left:5px solid #B11E6A;padding:22px 28px;margin:24px 0;font-family:-apple-system,BlinkMacSystemFont,'Segoe UI',Roboto,sans-serif;\">\n<div style=\"margin:0;font-size:19px;line-height:1.55;color:#2a2a2a;font-weight:500;letter-spacing:-0.005em;\">\n    Olivier Giroud mesure <strong>1,93 m<\/strong> pour <strong>91 \u00e0 92 kg<\/strong> selon la FFF et Transfermarkt. Le prototype du grand avant-centre pivot, aujourd\u2019hui au LOSC Lille apr\u00e8s Milan et Los Angeles.\n  <\/div>\n<\/aside>\n<figure style=\"margin:32px 0;font-family:-apple-system,BlinkMacSystemFont,'Segoe UI',Roboto,sans-serif;\">\n<div style=\"overflow-x:auto;border:1px solid #e5e5e0;border-radius:8px;\">\n<table style=\"width:100%;border-collapse:collapse;font-size:14px;color:#2a2a2a;min-width:500px;\">\n<thead>\n<tr style=\"background:#1a1a1a;color:#fff;\">\n<th style=\"text-align:left;padding:14px 18px;font-weight:700;font-size:12px;text-transform:uppercase;letter-spacing:1.5px;\">Fiche mensurations<\/th>\n<th style=\"text-align:left;padding:14px 18px;font-weight:700;font-size:12px;text-transform:uppercase;letter-spacing:1.5px;\">D\u00e9tail<\/th>\n<\/tr>\n<\/thead>\n<tbody>\n<tr style=\"background:#fff;border-bottom:1px solid #f0ede5;\">\n<td style=\"padding:14px 18px;font-weight:600;\">Nom complet<\/td>\n<td style=\"padding:14px 18px;color:#4a4a4a;\">Olivier Jonathan Giroud<\/td>\n<\/tr>\n<tr style=\"background:#fafaf7;border-bottom:1px solid #f0ede5;\">\n<td style=\"padding:14px 18px;font-weight:600;\">Naissance<\/td>\n<td style=\"padding:14px 18px;color:#4a4a4a;\">30 septembre 1986, Chamb\u00e9ry (Savoie)<\/td>\n<\/tr>\n<tr style=\"background:#fff;border-bottom:1px solid #f0ede5;\">\n<td style=\"padding:14px 18px;font-weight:600;\">Taille<\/td>\n<td style=\"padding:14px 18px;color:#4a4a4a;\"><strong>1,93 m<\/strong> (FFF, Wikip\u00e9dia, Foot Mercato) \u2014 1,92 m sur certains contenus FFF<\/td>\n<\/tr>\n<tr style=\"background:#fafaf7;border-bottom:1px solid #f0ede5;\">\n<td style=\"padding:14px 18px;font-weight:600;\">Poids<\/td>\n<td style=\"padding:14px 18px;color:#4a4a4a;\">91 \u00e0 92 kg selon les sources<\/td>\n<\/tr>\n<tr style=\"background:#fff;border-bottom:1px solid #f0ede5;\">\n<td style=\"padding:14px 18px;font-weight:600;\">Nationalit\u00e9<\/td>\n<td style=\"padding:14px 18px;color:#4a4a4a;\">Fran\u00e7aise<\/td>\n<\/tr>\n<tr style=\"background:#fafaf7;\">\n<td style=\"padding:14px 18px;font-weight:600;\">Poste<\/td>\n<td style=\"padding:14px 18px;color:#4a4a4a;\">Avant-centre (LOSC Lille)<\/td>\n<\/tr>\n<\/tbody>\n<\/table><\/div>\n<\/figure>\n<h2>1,93 m : la mesure qui fait foi<\/h2>\n<p>La FFF le recense \u00e0 <strong>193 cm<\/strong>, comme Wikip\u00e9dia, Foot Mercato et les fiches am\u00e9ricaines de la MLS (\u00ab 6\u20194\u201d \u00bb) datant de son passage au LAFC. Seuls quelques contenus mentionnent 1,92 m \u2014 un centim\u00e8tre de flottement classique. La r\u00e9f\u00e9rence : 1,93 m.<\/p>\n<p>Ce gabarit le place tout en haut de la hi\u00e9rarchie des attaquants fran\u00e7ais : 15 cm de plus que <a href=\"https:\/\/starstory.fr\/blog\/celebrites-et-influence-en-france\/taille-des-stars\/quelle-taille-fait-kylian-mbappe\/\">Kylian Mbapp\u00e9 (1,78 m)<\/a>, 17 de plus que <a href=\"https:\/\/starstory.fr\/blog\/celebrites-et-influence-en-france\/taille-des-stars\/quelle-taille-fait-antoine-griezmann\/\">Antoine Griezmann (1,76 m)<\/a>, ses anciens comp\u00e8res d\u2019attaque chez les Bleus. Seuls les g\u00e9ants type Haaland (1,95 m) le d\u00e9passent dans le paysage actuel.<\/p>\n<p>Revenu en Ligue 1 \u00e0 l\u2019\u00e9t\u00e9 2025 apr\u00e8s Milan et Los Angeles, Giroud a prolong\u00e9 au LOSC en juin 2026, \u00e0 bient\u00f4t 40 ans, apr\u00e8s une saison \u00e0 11 buts et une qualification directe en Ligue des champions.<\/p>\n<h2>Le dernier grand pivot du football fran\u00e7ais<\/h2>\n<p>Ses 1,93 m et ses 91-92 kg structurent tout son registre : remises de la t\u00eate, d\u00e9viations, \u00e9crans dans la surface, pr\u00e9sence sur coups de pied arr\u00eat\u00e9s. La FFF elle-m\u00eame a longtemps d\u00e9crit son profil comme celui du point de fixation parfait, capable de faire jouer les autres \u2014 le r\u00f4le qu\u2019il a tenu lors du sacre mondial de 2018.<\/p>\n<p>\u00c0 bient\u00f4t 40 ans, Giroud documente toujours sa pr\u00e9paration physique aupr\u00e8s de ses 3,4 millions d\u2019abonn\u00e9s Instagram \u2014 son post de reprise \u00ab Back to work \u00bb du 8 juillet 2026 a d\u00e9pass\u00e9 les 32 000 mentions J\u2019aime :<\/p>\n<figure style=\"margin:28px auto;max-width:540px;\">\n  <iframe src=\"https:\/\/www.instagram.com\/p\/DaigmInjd5F\/embed\/captioned\/\" width=\"100%\" height=\"640\" frameborder=\"0\" scrolling=\"no\" allowtransparency=\"true\" style=\"border:1px solid #e5e5e0;border-radius:8px;background:#fff;\" loading=\"lazy\" title=\"Publication Instagram\"><\/iframe><br \/>\n<\/figure>\n<aside style=\"background:#FBEAF2;border-left:4px solid #B11E6A;padding:14px 18px;margin:18px 0;border-radius:0 4px 4px 0;font-family:-apple-system,BlinkMacSystemFont,'Segoe UI',Roboto,sans-serif;\">\n  <strong style=\"display:inline-block;color:#8a1450;font-size:12px;text-transform:uppercase;letter-spacing:1.5px;margin-right:8px;\">&#128161; Bon \u00e0 savoir<\/strong><br \/>\n  <span style=\"font-size:14.5px;line-height:1.55;color:#3a3a3a;\">Champion du monde 2018 sans avoir marqu\u00e9 un seul but du tournoi, Giroud a ensuite d\u00e9tenu le record de buts en \u00e9quipe de France (57), avant d\u2019\u00eatre d\u00e9pass\u00e9 par Kylian Mbapp\u00e9.<\/span><br \/>\n<\/aside>\n<h2>Signes distinctifs<\/h2>\n<p>Coiffure travaill\u00e9e, barbe entretenue, allure de gentleman relev\u00e9e jusque dans la presse people : Giroud est l\u2019un des visages les plus identifiables du sport fran\u00e7ais. Ses c\u00e9l\u00e9brations, sobres mais intenses \u2014 bras \u00e9cart\u00e9s, regard vers le ciel \u2014 ont accompagn\u00e9 quelques-uns des buts les plus spectaculaires des Bleus, dont son retourn\u00e9 prim\u00e9 face \u00e0 Crystal Palace en 2017 (prix Pusk\u00e1s).<\/p>\n<h2>Traits de caract\u00e8re<\/h2>\n<p>D\u00e9crit par ses entra\u00eeneurs comme <strong>travailleur<\/strong> et r\u00e9silient, Giroud a construit sa l\u00e9gende sur la capacit\u00e9 \u00e0 revenir : \u00e9cart\u00e9, critiqu\u00e9, puis syst\u00e9matiquement d\u00e9cisif. La presse sportive et ses co\u00e9quipiers le pr\u00e9sentent comme un cadre positif du vestiaire, un r\u00f4le qu\u2019il assume aujourd\u2019hui aupr\u00e8s des jeunes attaquants lillois.<\/p>\n<p>Pour situer Olivier Giroud face aux autres c\u00e9l\u00e9brit\u00e9s, consultez notre <a href=\"https:\/\/starstory.fr\/blog\/celebrites-et-influence-en-france\/taille-des-stars\/quelle-taille-font-les-stars\/\">guide complet des tailles des stars<\/a>.<\/p>\n<h2>Questions fr\u00e9quentes<\/h2>\n<details style=\"border:1px solid #e5e5e0;border-radius:8px;padding:14px 18px;margin:12px 0;font-family:-apple-system,BlinkMacSystemFont,'Segoe UI',Roboto,sans-serif;\">\n<summary style=\"font-weight:700;font-size:15.5px;color:#1a1a1a;cursor:pointer;\">Quelle est la taille exacte d\u2019Olivier Giroud ?<\/summary>\n<p style=\"margin:12px 0 0;font-size:15px;line-height:1.6;color:#3a3a3a;\">Olivier Giroud mesure <strong>1,93 m<\/strong> (193 cm) selon la FFF, Wikip\u00e9dia et Foot Mercato ; quelques contenus mentionnent 1,92 m.<\/p>\n<\/details>\n<details style=\"border:1px solid #e5e5e0;border-radius:8px;padding:14px 18px;margin:12px 0;font-family:-apple-system,BlinkMacSystemFont,'Segoe UI',Roboto,sans-serif;\">\n<summary style=\"font-weight:700;font-size:15.5px;color:#1a1a1a;cursor:pointer;\">Combien p\u00e8se Olivier Giroud ?<\/summary>\n<p style=\"margin:12px 0 0;font-size:15px;line-height:1.6;color:#3a3a3a;\">Son poids officiel se situe entre <strong>91 et 92 kg<\/strong> selon les fiches FFF et des sites sp\u00e9cialis\u00e9s.<\/p>\n<\/details>\n<details style=\"border:1px solid #e5e5e0;border-radius:8px;padding:14px 18px;margin:12px 0;font-family:-apple-system,BlinkMacSystemFont,'Segoe UI',Roboto,sans-serif;\">\n<summary style=\"font-weight:700;font-size:15.5px;color:#1a1a1a;cursor:pointer;\">Dans quel club joue Olivier Giroud en 2026 ?<\/summary>\n<p style=\"margin:12px 0 0;font-size:15px;line-height:1.6;color:#3a3a3a;\">Giroud joue au <strong>LOSC Lille<\/strong>, o\u00f9 il a prolong\u00e9 d\u2019une saison en juin 2026 apr\u00e8s une ann\u00e9e \u00e0 11 buts.<\/p>\n<\/details>\n<p style=\"font-size:13px;color:#6a6a6a;margin-top:28px;\">Sources : fiche joueur FFF (fff.fr), fiche joueur Transfermarkt, LOSC.fr (juin 2026), Instagram @oliviergiroud.<\/p>\n<p><script type=\"application\/ld+json\">{\"@context\": \"https:\/\/schema.org\", \"@type\": \"FAQPage\", \"mainEntity\": [{\"@type\": \"Question\", \"name\": \"Quelle est la taille exacte d\u2019Olivier Giroud ?\", \"acceptedAnswer\": {\"@type\": \"Answer\", \"text\": \"Olivier Giroud mesure 1,93 m (193 cm) selon la FFF, Wikip\u00e9dia et Foot Mercato ; quelques contenus mentionnent 1,92 m.\"}}, {\"@type\": \"Question\", \"name\": \"Combien p\u00e8se Olivier Giroud ?\", \"acceptedAnswer\": {\"@type\": \"Answer\", \"text\": \"Son poids officiel se situe entre 91 et 92 kg selon les fiches FFF et des sites sp\u00e9cialis\u00e9s.\"}}, {\"@type\": \"Question\", \"name\": \"Dans quel club joue Olivier Giroud en 2026 ?\", \"acceptedAnswer\": {\"@type\": \"Answer\", \"text\": \"Giroud joue au LOSC Lille, o\u00f9 il a prolong\u00e9 d\u2019une saison en juin 2026 apr\u00e8s une ann\u00e9e \u00e0 11 buts.\"}}]}<\/script><\/p>\n","protected":false},"excerpt":{"rendered":"","protected":false},"author":34,"featured_media":999999999,"comment_status":"open","ping_status":"open","sticky":false,"template":"","format":"standard","meta":{"_acf_changed":false,"manual_indexmenow":false,"indexmenow_id_project":0,"footnotes":""},"categories":[4839],"tags":[],"class_list":["post-8225","post","type-post","status-publish","format-standard","has-post-thumbnail","hentry","category-taille-des-stars","generate-columns","tablet-grid-50","mobile-grid-100","grid-parent","grid-25"],"acf":[],"yoast_head":"<!-- This site is optimized with the Yoast SEO Premium plugin v21.3 (Yoast SEO v26.5) - https:\/\/yoast.com\/wordpress\/plugins\/seo\/ -->\n<title>Quelle taille fait Olivier Giroud ? (poids, fiche)<\/title>\n<meta name=\"description\" content=\"Olivier Giroud mesure 1,93 m pour 91-92 kg selon la FFF et Transfermarkt. La taille de l&#039;attaquant du LOSC, son jeu de t\u00eate et ses records chez les Bleus : fiche v\u00e9rifi\u00e9e.\" \/>\n<meta name=\"robots\" content=\"index, follow, max-snippet:-1, max-image-preview:large, max-video-preview:-1\" \/>\n<link rel=\"canonical\" href=\"https:\/\/starstory.fr\/blog\/celebrites-et-influence-en-france\/taille-des-stars\/quelle-taille-fait-olivier-giroud\/\" \/>\n<meta property=\"og:locale\" content=\"fr_FR\" \/>\n<meta property=\"og:type\" content=\"article\" \/>\n<meta property=\"og:title\" content=\"Quelle taille fait Olivier Giroud ? (poids, fiche)\" \/>\n<meta property=\"og:description\" content=\"Olivier Giroud mesure 1,93 m pour 91-92 kg selon la FFF et Transfermarkt. La taille de l&#039;attaquant du LOSC, son jeu de t\u00eate et ses records chez les Bleus : fiche v\u00e9rifi\u00e9e.\" \/>\n<meta property=\"og:url\" content=\"https:\/\/starstory.fr\/blog\/celebrites-et-influence-en-france\/taille-des-stars\/quelle-taille-fait-olivier-giroud\/\" \/>\n<meta property=\"og:site_name\" content=\"starstory\" \/>\n<meta property=\"og:image\" content=\"https:\/\/images.pexels.com\/photos\/15362139\/pexels-photo-15362139.jpeg?auto=compress&cs=tinysrgb&fit=crop&h=627&w=1200\" \/>\n<meta name=\"author\" content=\"Rapha\u00ebl D.\" \/>\n<meta name=\"twitter:card\" content=\"summary_large_image\" \/>\n<script type=\"application\/ld+json\" class=\"yoast-schema-graph\">{\"@context\":\"https:\/\/schema.org\",\"@graph\":[{\"@type\":\"NewsArticle\",\"@id\":\"https:\/\/starstory.fr\/blog\/celebrites-et-influence-en-france\/taille-des-stars\/quelle-taille-fait-olivier-giroud\/#article\",\"isPartOf\":{\"@id\":\"https:\/\/starstory.fr\/blog\/celebrites-et-influence-en-france\/taille-des-stars\/quelle-taille-fait-olivier-giroud\/\"},\"author\":{\"name\":\"Rapha\u00ebl D.\",\"@id\":\"https:\/\/starstory.fr\/blog\/#\/schema\/person\/3c864cdc320801e3db34b663e7e3f816\"},\"headline\":\"Quelle taille fait Olivier Giroud ?\",\"datePublished\":\"2026-07-12T17:07:52+00:00\",\"mainEntityOfPage\":{\"@id\":\"https:\/\/starstory.fr\/blog\/celebrites-et-influence-en-france\/taille-des-stars\/quelle-taille-fait-olivier-giroud\/\"},\"wordCount\":582,\"commentCount\":0,\"publisher\":{\"@id\":\"https:\/\/starstory.fr\/blog\/#organization\"},\"image\":{\"@id\":\"https:\/\/starstory.fr\/blog\/celebrites-et-influence-en-france\/taille-des-stars\/quelle-taille-fait-olivier-giroud\/#primaryimage\"},\"thumbnailUrl\":\"https:\/\/images.pexels.com\/photos\/15362139\/pexels-photo-15362139.jpeg?auto=compress&cs=tinysrgb&fit=crop&h=627&w=1200\",\"articleSection\":[\"Taille et mensurations des stars\"],\"inLanguage\":\"fr-FR\",\"potentialAction\":[{\"@type\":\"CommentAction\",\"name\":\"Comment\",\"target\":[\"https:\/\/starstory.fr\/blog\/celebrites-et-influence-en-france\/taille-des-stars\/quelle-taille-fait-olivier-giroud\/#respond\"]}]},{\"@type\":\"WebPage\",\"@id\":\"https:\/\/starstory.fr\/blog\/celebrites-et-influence-en-france\/taille-des-stars\/quelle-taille-fait-olivier-giroud\/\",\"url\":\"https:\/\/starstory.fr\/blog\/celebrites-et-influence-en-france\/taille-des-stars\/quelle-taille-fait-olivier-giroud\/\",\"name\":\"Quelle taille fait Olivier Giroud ? (poids, fiche)\",\"isPartOf\":{\"@id\":\"https:\/\/starstory.fr\/blog\/#website\"},\"primaryImageOfPage\":{\"@id\":\"https:\/\/starstory.fr\/blog\/celebrites-et-influence-en-france\/taille-des-stars\/quelle-taille-fait-olivier-giroud\/#primaryimage\"},\"image\":{\"@id\":\"https:\/\/starstory.fr\/blog\/celebrites-et-influence-en-france\/taille-des-stars\/quelle-taille-fait-olivier-giroud\/#primaryimage\"},\"thumbnailUrl\":\"https:\/\/images.pexels.com\/photos\/15362139\/pexels-photo-15362139.jpeg?auto=compress&cs=tinysrgb&fit=crop&h=627&w=1200\",\"datePublished\":\"2026-07-12T17:07:52+00:00\",\"description\":\"Olivier Giroud mesure 1,93 m pour 91-92 kg selon la FFF et Transfermarkt. La taille de l'attaquant du LOSC, son jeu de t\u00eate et ses records chez les Bleus : fiche v\u00e9rifi\u00e9e.\",\"inLanguage\":\"fr-FR\",\"potentialAction\":[{\"@type\":\"ReadAction\",\"target\":[\"https:\/\/starstory.fr\/blog\/celebrites-et-influence-en-france\/taille-des-stars\/quelle-taille-fait-olivier-giroud\/\"]}]},{\"@type\":\"ImageObject\",\"inLanguage\":\"fr-FR\",\"@id\":\"https:\/\/starstory.fr\/blog\/celebrites-et-influence-en-france\/taille-des-stars\/quelle-taille-fait-olivier-giroud\/#primaryimage\",\"url\":\"https:\/\/images.pexels.com\/photos\/15362139\/pexels-photo-15362139.jpeg?auto=compress&cs=tinysrgb&fit=crop&h=627&w=1200\",\"contentUrl\":\"https:\/\/images.pexels.com\/photos\/15362139\/pexels-photo-15362139.jpeg?auto=compress&cs=tinysrgb&fit=crop&h=627&w=1200\"},{\"@type\":\"WebSite\",\"@id\":\"https:\/\/starstory.fr\/blog\/#website\",\"url\":\"https:\/\/starstory.fr\/blog\/\",\"name\":\"StarStory\",\"description\":\"StarStory, les \u00e9toiles racontent leur histoire\",\"publisher\":{\"@id\":\"https:\/\/starstory.fr\/blog\/#organization\"},\"alternateName\":\"StarStory, les \u00e9toiles racontent leur histoire\",\"potentialAction\":[{\"@type\":\"SearchAction\",\"target\":{\"@type\":\"EntryPoint\",\"urlTemplate\":\"https:\/\/starstory.fr\/blog\/?s={search_term_string}\"},\"query-input\":{\"@type\":\"PropertyValueSpecification\",\"valueRequired\":true,\"valueName\":\"search_term_string\"}}],\"inLanguage\":\"fr-FR\"},{\"@type\":\"Organization\",\"@id\":\"https:\/\/starstory.fr\/blog\/#organization\",\"name\":\"StarStory\",\"alternateName\":\"StarStory.fr\",\"url\":\"https:\/\/starstory.fr\/blog\/\",\"logo\":{\"@type\":\"ImageObject\",\"inLanguage\":\"fr-FR\",\"@id\":\"https:\/\/starstory.fr\/blog\/#\/schema\/logo\/image\/\",\"url\":\"https:\/\/starstory.fr\/blog\/wp-content\/uploads\/2024\/12\/38.png\",\"contentUrl\":\"https:\/\/starstory.fr\/blog\/wp-content\/uploads\/2024\/12\/38.png\",\"width\":500,\"height\":500,\"caption\":\"StarStory\"},\"image\":{\"@id\":\"https:\/\/starstory.fr\/blog\/#\/schema\/logo\/image\/\"}},{\"@type\":\"Person\",\"@id\":\"https:\/\/starstory.fr\/blog\/#\/schema\/person\/3c864cdc320801e3db34b663e7e3f816\",\"name\":\"Rapha\u00ebl D.\",\"image\":{\"@type\":\"ImageObject\",\"inLanguage\":\"fr-FR\",\"@id\":\"https:\/\/starstory.fr\/blog\/#\/schema\/person\/image\/\",\"url\":\"https:\/\/starstory.fr\/blog\/wp-content\/uploads\/2026\/06\/persona_raphael-d-96x96.jpg\",\"contentUrl\":\"https:\/\/starstory.fr\/blog\/wp-content\/uploads\/2026\/06\/persona_raphael-d-96x96.jpg\",\"caption\":\"Rapha\u00ebl D.\"},\"description\":\"La culture est mon terrain de jeu depuis une dizaine d'ann\u00e9es : arts visuels, s\u00e9ries, cr\u00e9ation et tout ce qui nourrit l'imaginaire. J'\u00e9cris aussi bien sur l'actualit\u00e9 des \u0153uvres que sur les coulisses de la cr\u00e9ation, avec l'envie de relier l'amateur curieux \u00e0 des univers parfois jug\u00e9s intimidants. J'aime analyser une s\u00e9rie ou une d\u00e9marche artistique sans p\u00e9dantisme, replacer une \u0153uvre dans son contexte et donner des cl\u00e9s de lecture accessibles. Avant de publier, je v\u00e9rifie mes r\u00e9f\u00e9rences, je recoupe les sources et je distingue clairement le fait de mon interpr\u00e9tation subjective. Je crois qu'une critique vaut surtout par les arguments qu'elle expose, pas par la sentence qu'elle rend. Mon angle : transmettre l'envie de d\u00e9couvrir, de regarder autrement et de se forger son propre go\u00fbt. La culture n'appartient pas qu'aux initi\u00e9s, et c'est tout l'enjeu de mon \u00e9criture.\",\"url\":\"https:\/\/starstory.fr\/blog\/auteur\/noname\/\",\"jobTitle\":\"R\u00e9dacteur en chef \u00b7 Culture & Cr\u00e9ation\",\"knowsAbout\":[\"Culture\",\"Cr\u00e9ation\"],\"email\":\"raphael.d@a-l-asso-de-l-art.fr\"}]}<\/script>\n<!-- \/ Yoast SEO Premium plugin. -->","yoast_head_json":{"title":"Quelle taille fait Olivier Giroud ? (poids, fiche)","description":"Olivier Giroud mesure 1,93 m pour 91-92 kg selon la FFF et Transfermarkt. La taille de l'attaquant du LOSC, son jeu de t\u00eate et ses records chez les Bleus : fiche v\u00e9rifi\u00e9e.","robots":{"index":"index","follow":"follow","max-snippet":"max-snippet:-1","max-image-preview":"max-image-preview:large","max-video-preview":"max-video-preview:-1"},"canonical":"https:\/\/starstory.fr\/blog\/celebrites-et-influence-en-france\/taille-des-stars\/quelle-taille-fait-olivier-giroud\/","og_locale":"fr_FR","og_type":"article","og_title":"Quelle taille fait Olivier Giroud ? (poids, fiche)","og_description":"Olivier Giroud mesure 1,93 m pour 91-92 kg selon la FFF et Transfermarkt. La taille de l'attaquant du LOSC, son jeu de t\u00eate et ses records chez les Bleus : fiche v\u00e9rifi\u00e9e.","og_url":"https:\/\/starstory.fr\/blog\/celebrites-et-influence-en-france\/taille-des-stars\/quelle-taille-fait-olivier-giroud\/","og_site_name":"starstory","og_image":[{"url":"https:\/\/images.pexels.com\/photos\/15362139\/pexels-photo-15362139.jpeg?auto=compress&cs=tinysrgb&fit=crop&h=627&w=1200","type":"","width":"","height":""}],"author":"Rapha\u00ebl D.","twitter_card":"summary_large_image","schema":{"@context":"https:\/\/schema.org","@graph":[{"@type":"NewsArticle","@id":"https:\/\/starstory.fr\/blog\/celebrites-et-influence-en-france\/taille-des-stars\/quelle-taille-fait-olivier-giroud\/#article","isPartOf":{"@id":"https:\/\/starstory.fr\/blog\/celebrites-et-influence-en-france\/taille-des-stars\/quelle-taille-fait-olivier-giroud\/"},"author":{"name":"Rapha\u00ebl D.","@id":"https:\/\/starstory.fr\/blog\/#\/schema\/person\/3c864cdc320801e3db34b663e7e3f816"},"headline":"Quelle taille fait Olivier Giroud ?","datePublished":"2026-07-12T17:07:52+00:00","mainEntityOfPage":{"@id":"https:\/\/starstory.fr\/blog\/celebrites-et-influence-en-france\/taille-des-stars\/quelle-taille-fait-olivier-giroud\/"},"wordCount":582,"commentCount":0,"publisher":{"@id":"https:\/\/starstory.fr\/blog\/#organization"},"image":{"@id":"https:\/\/starstory.fr\/blog\/celebrites-et-influence-en-france\/taille-des-stars\/quelle-taille-fait-olivier-giroud\/#primaryimage"},"thumbnailUrl":"https:\/\/images.pexels.com\/photos\/15362139\/pexels-photo-15362139.jpeg?auto=compress&cs=tinysrgb&fit=crop&h=627&w=1200","articleSection":["Taille et mensurations des stars"],"inLanguage":"fr-FR","potentialAction":[{"@type":"CommentAction","name":"Comment","target":["https:\/\/starstory.fr\/blog\/celebrites-et-influence-en-france\/taille-des-stars\/quelle-taille-fait-olivier-giroud\/#respond"]}]},{"@type":"WebPage","@id":"https:\/\/starstory.fr\/blog\/celebrites-et-influence-en-france\/taille-des-stars\/quelle-taille-fait-olivier-giroud\/","url":"https:\/\/starstory.fr\/blog\/celebrites-et-influence-en-france\/taille-des-stars\/quelle-taille-fait-olivier-giroud\/","name":"Quelle taille fait Olivier Giroud ? (poids, fiche)","isPartOf":{"@id":"https:\/\/starstory.fr\/blog\/#website"},"primaryImageOfPage":{"@id":"https:\/\/starstory.fr\/blog\/celebrites-et-influence-en-france\/taille-des-stars\/quelle-taille-fait-olivier-giroud\/#primaryimage"},"image":{"@id":"https:\/\/starstory.fr\/blog\/celebrites-et-influence-en-france\/taille-des-stars\/quelle-taille-fait-olivier-giroud\/#primaryimage"},"thumbnailUrl":"https:\/\/images.pexels.com\/photos\/15362139\/pexels-photo-15362139.jpeg?auto=compress&cs=tinysrgb&fit=crop&h=627&w=1200","datePublished":"2026-07-12T17:07:52+00:00","description":"Olivier Giroud mesure 1,93 m pour 91-92 kg selon la FFF et Transfermarkt. La taille de l'attaquant du LOSC, son jeu de t\u00eate et ses records chez les Bleus : fiche v\u00e9rifi\u00e9e.","inLanguage":"fr-FR","potentialAction":[{"@type":"ReadAction","target":["https:\/\/starstory.fr\/blog\/celebrites-et-influence-en-france\/taille-des-stars\/quelle-taille-fait-olivier-giroud\/"]}]},{"@type":"ImageObject","inLanguage":"fr-FR","@id":"https:\/\/starstory.fr\/blog\/celebrites-et-influence-en-france\/taille-des-stars\/quelle-taille-fait-olivier-giroud\/#primaryimage","url":"https:\/\/images.pexels.com\/photos\/15362139\/pexels-photo-15362139.jpeg?auto=compress&cs=tinysrgb&fit=crop&h=627&w=1200","contentUrl":"https:\/\/images.pexels.com\/photos\/15362139\/pexels-photo-15362139.jpeg?auto=compress&cs=tinysrgb&fit=crop&h=627&w=1200"},{"@type":"WebSite","@id":"https:\/\/starstory.fr\/blog\/#website","url":"https:\/\/starstory.fr\/blog\/","name":"StarStory","description":"StarStory, les \u00e9toiles racontent leur histoire","publisher":{"@id":"https:\/\/starstory.fr\/blog\/#organization"},"alternateName":"StarStory, les \u00e9toiles racontent leur histoire","potentialAction":[{"@type":"SearchAction","target":{"@type":"EntryPoint","urlTemplate":"https:\/\/starstory.fr\/blog\/?s={search_term_string}"},"query-input":{"@type":"PropertyValueSpecification","valueRequired":true,"valueName":"search_term_string"}}],"inLanguage":"fr-FR"},{"@type":"Organization","@id":"https:\/\/starstory.fr\/blog\/#organization","name":"StarStory","alternateName":"StarStory.fr","url":"https:\/\/starstory.fr\/blog\/","logo":{"@type":"ImageObject","inLanguage":"fr-FR","@id":"https:\/\/starstory.fr\/blog\/#\/schema\/logo\/image\/","url":"https:\/\/starstory.fr\/blog\/wp-content\/uploads\/2024\/12\/38.png","contentUrl":"https:\/\/starstory.fr\/blog\/wp-content\/uploads\/2024\/12\/38.png","width":500,"height":500,"caption":"StarStory"},"image":{"@id":"https:\/\/starstory.fr\/blog\/#\/schema\/logo\/image\/"}},{"@type":"Person","@id":"https:\/\/starstory.fr\/blog\/#\/schema\/person\/3c864cdc320801e3db34b663e7e3f816","name":"Rapha\u00ebl D.","image":{"@type":"ImageObject","inLanguage":"fr-FR","@id":"https:\/\/starstory.fr\/blog\/#\/schema\/person\/image\/","url":"https:\/\/starstory.fr\/blog\/wp-content\/uploads\/2026\/06\/persona_raphael-d-96x96.jpg","contentUrl":"https:\/\/starstory.fr\/blog\/wp-content\/uploads\/2026\/06\/persona_raphael-d-96x96.jpg","caption":"Rapha\u00ebl D."},"description":"La culture est mon terrain de jeu depuis une dizaine d'ann\u00e9es : arts visuels, s\u00e9ries, cr\u00e9ation et tout ce qui nourrit l'imaginaire. J'\u00e9cris aussi bien sur l'actualit\u00e9 des \u0153uvres que sur les coulisses de la cr\u00e9ation, avec l'envie de relier l'amateur curieux \u00e0 des univers parfois jug\u00e9s intimidants. J'aime analyser une s\u00e9rie ou une d\u00e9marche artistique sans p\u00e9dantisme, replacer une \u0153uvre dans son contexte et donner des cl\u00e9s de lecture accessibles. Avant de publier, je v\u00e9rifie mes r\u00e9f\u00e9rences, je recoupe les sources et je distingue clairement le fait de mon interpr\u00e9tation subjective. Je crois qu'une critique vaut surtout par les arguments qu'elle expose, pas par la sentence qu'elle rend. Mon angle : transmettre l'envie de d\u00e9couvrir, de regarder autrement et de se forger son propre go\u00fbt. La culture n'appartient pas qu'aux initi\u00e9s, et c'est tout l'enjeu de mon \u00e9criture.","url":"https:\/\/starstory.fr\/blog\/auteur\/noname\/","jobTitle":"R\u00e9dacteur en chef \u00b7 Culture & Cr\u00e9ation","knowsAbout":["Culture","Cr\u00e9ation"],"email":"raphael.d@a-l-asso-de-l-art.fr"}]}},"_links":{"self":[{"href":"https:\/\/starstory.fr\/blog\/wp-json\/wp\/v2\/posts\/8225","targetHints":{"allow":["GET"]}}],"collection":[{"href":"https:\/\/starstory.fr\/blog\/wp-json\/wp\/v2\/posts"}],"about":[{"href":"https:\/\/starstory.fr\/blog\/wp-json\/wp\/v2\/types\/post"}],"author":[{"embeddable":true,"href":"https:\/\/starstory.fr\/blog\/wp-json\/wp\/v2\/users\/34"}],"replies":[{"embeddable":true,"href":"https:\/\/starstory.fr\/blog\/wp-json\/wp\/v2\/comments?post=8225"}],"version-history":[{"count":0,"href":"https:\/\/starstory.fr\/blog\/wp-json\/wp\/v2\/posts\/8225\/revisions"}],"wp:attachment":[{"href":"https:\/\/starstory.fr\/blog\/wp-json\/wp\/v2\/media?parent=8225"}],"wp:term":[{"taxonomy":"category","embeddable":true,"href":"https:\/\/starstory.fr\/blog\/wp-json\/wp\/v2\/categories?post=8225"},{"taxonomy":"post_tag","embeddable":true,"href":"https:\/\/starstory.fr\/blog\/wp-json\/wp\/v2\/tags?post=8225"}],"curies":[{"name":"wp","href":"https:\/\/api.w.org\/{rel}","templated":true}]}}