{"id":8224,"date":"2026-07-12T19:07:48","date_gmt":"2026-07-12T17:07:48","guid":{"rendered":"https:\/\/starstory.fr\/blog\/celebrites-et-influence-en-france\/taille-des-stars\/quelle-taille-fait-adrien-rabiot\/"},"modified":"2026-07-12T19:07:48","modified_gmt":"2026-07-12T17:07:48","slug":"quelle-taille-fait-adrien-rabiot","status":"publish","type":"post","link":"https:\/\/starstory.fr\/blog\/celebrites-et-influence-en-france\/taille-des-stars\/quelle-taille-fait-adrien-rabiot\/","title":{"rendered":"Quelle taille fait Adrien Rabiot ?"},"content":{"rendered":"<aside style=\"background:#FBEAF2;border-left:5px solid #B11E6A;padding:22px 28px;margin:24px 0;font-family:-apple-system,BlinkMacSystemFont,'Segoe UI',Roboto,sans-serif;\">\n<div style=\"margin:0;font-size:19px;line-height:1.55;color:#2a2a2a;font-weight:500;letter-spacing:-0.005em;\">\n    Adrien Rabiot mesure <strong>1,91 m<\/strong> selon Transfermarkt, Wikip\u00e9dia et Wikidata, la FFF le listant \u00e0 <strong>1,88 m<\/strong>, pour un poids d\u2019environ 72 kg. Un des plus grands milieux de l\u2019histoire r\u00e9cente des Bleus.\n  <\/div>\n<\/aside>\n<figure style=\"margin:32px 0;font-family:-apple-system,BlinkMacSystemFont,'Segoe UI',Roboto,sans-serif;\">\n<div style=\"overflow-x:auto;border:1px solid #e5e5e0;border-radius:8px;\">\n<table style=\"width:100%;border-collapse:collapse;font-size:14px;color:#2a2a2a;min-width:500px;\">\n<thead>\n<tr style=\"background:#1a1a1a;color:#fff;\">\n<th style=\"text-align:left;padding:14px 18px;font-weight:700;font-size:12px;text-transform:uppercase;letter-spacing:1.5px;\">Fiche mensurations<\/th>\n<th style=\"text-align:left;padding:14px 18px;font-weight:700;font-size:12px;text-transform:uppercase;letter-spacing:1.5px;\">D\u00e9tail<\/th>\n<\/tr>\n<\/thead>\n<tbody>\n<tr style=\"background:#fff;border-bottom:1px solid #f0ede5;\">\n<td style=\"padding:14px 18px;font-weight:600;\">Nom complet<\/td>\n<td style=\"padding:14px 18px;color:#4a4a4a;\">Adrien Thibault Marie Rabiot<\/td>\n<\/tr>\n<tr style=\"background:#fafaf7;border-bottom:1px solid #f0ede5;\">\n<td style=\"padding:14px 18px;font-weight:600;\">Naissance<\/td>\n<td style=\"padding:14px 18px;color:#4a4a4a;\">3 avril 1995, Saint-Maurice (Val-de-Marne)<\/td>\n<\/tr>\n<tr style=\"background:#fff;border-bottom:1px solid #f0ede5;\">\n<td style=\"padding:14px 18px;font-weight:600;\">Taille<\/td>\n<td style=\"padding:14px 18px;color:#4a4a4a;\"><strong>1,91 m<\/strong> (Transfermarkt, Wikip\u00e9dia) \u2014 1,88 m selon la FFF<\/td>\n<\/tr>\n<tr style=\"background:#fafaf7;border-bottom:1px solid #f0ede5;\">\n<td style=\"padding:14px 18px;font-weight:600;\">Poids<\/td>\n<td style=\"padding:14px 18px;color:#4a4a4a;\">72 kg selon la FFF et Wikidata<\/td>\n<\/tr>\n<tr style=\"background:#fff;border-bottom:1px solid #f0ede5;\">\n<td style=\"padding:14px 18px;font-weight:600;\">Nationalit\u00e9<\/td>\n<td style=\"padding:14px 18px;color:#4a4a4a;\">Fran\u00e7aise<\/td>\n<\/tr>\n<tr style=\"background:#fafaf7;\">\n<td style=\"padding:14px 18px;font-weight:600;\">Poste<\/td>\n<td style=\"padding:14px 18px;color:#4a4a4a;\">Milieu relayeur, gaucher (AC Milan)<\/td>\n<\/tr>\n<\/tbody>\n<\/table><\/div>\n<\/figure>\n<h2>1,88 ou 1,91 m : trois centim\u00e8tres de d\u00e9bat<\/h2>\n<p>Deux camps se partagent les fiches : la FFF et Foot Mercato affichent <strong>188 cm<\/strong>, quand Transfermarkt, Wikip\u00e9dia et Wikidata retiennent <strong>191 cm<\/strong>. La tendance des bases r\u00e9centes penche nettement vers 1,91 m \u2014 c\u2019est la valeur \u00e0 retenir, en signalant la mesure f\u00e9d\u00e9rale plus basse.<\/p>\n<p>Quelle que soit la version, Rabiot domine l\u2019entrejeu fran\u00e7ais : il rend plus de 20 cm \u00e0 <a href=\"https:\/\/starstory.fr\/blog\/celebrites-et-influence-en-france\/taille-des-stars\/quelle-taille-fait-ngolo-kante\/\">N\u2019Golo Kant\u00e9 (1,68 m)<\/a> et d\u00e9passe <a href=\"https:\/\/starstory.fr\/blog\/celebrites-et-influence-en-france\/taille-des-stars\/quelle-taille-fait-zinedine-zidane\/\">Zin\u00e9dine Zidane (1,85 m)<\/a> de plusieurs centim\u00e8tres. Associ\u00e9 \u00e0 un poids de 72 kg seulement, ce format dessine un joueur longiligne \u00e0 tr\u00e8s grandes foul\u00e9es, taill\u00e9 pour couvrir le terrain de surface \u00e0 surface.<\/p>\n<p>Form\u00e9 au PSG, pass\u00e9 par la Juventus puis l\u2019OM, il a rejoint l\u2019AC Milan en septembre 2025, dans les derni\u00e8res heures du mercato.<\/p>\n<h2>Un relayeur a\u00e9rien dans un corps de sprinteur<\/h2>\n<p>Sa hauteur fait de lui une arme sur coups de pied arr\u00eat\u00e9s, au premier comme au second poteau, et un recours pr\u00e9cieux sur les seconds ballons. D\u00e9fensivement, ses interventions de la t\u00eate dans sa propre surface soulagent r\u00e9guli\u00e8rement ses gardiens \u2014 un profil de milieu \u00ab total \u00bb que Didier Deschamps a longtemps utilis\u00e9 comme r\u00e9\u00e9quilibreur des Bleus.<\/p>\n<aside style=\"background:#FBEAF2;border-left:4px solid #B11E6A;padding:14px 18px;margin:18px 0;border-radius:0 4px 4px 0;font-family:-apple-system,BlinkMacSystemFont,'Segoe UI',Roboto,sans-serif;\">\n  <strong style=\"display:inline-block;color:#8a1450;font-size:12px;text-transform:uppercase;letter-spacing:1.5px;margin-right:8px;\">&#128161; Bon \u00e0 savoir<\/strong><br \/>\n  <span style=\"font-size:14.5px;line-height:1.55;color:#3a3a3a;\">Transf\u00e9r\u00e9 de l\u2019OM \u00e0 l\u2019AC Milan le 1er septembre 2025, dans les toutes derni\u00e8res heures du mercato, Rabiot y a retrouv\u00e9 Massimiliano Allegri, son ancien entra\u00eeneur \u00e0 la Juventus.<\/span><br \/>\n<\/aside>\n<h2>Signes distinctifs<\/h2>\n<p>Queue de cheval ch\u00e2tain, barbe courte, silhouette longiligne de gaucher : Rabiot est l\u2019une des silhouettes les plus reconnaissables du milieu europ\u00e9en. Ses c\u00e9l\u00e9brations restent sobres \u2014 poings serr\u00e9s, regard vers le banc \u2014 \u00e0 rebours de sa r\u00e9putation de forte t\u00eate.<\/p>\n<h2>Traits de caract\u00e8re<\/h2>\n<p>La presse le d\u00e9crit comme <strong>d\u00e9termin\u00e9<\/strong> et entier, au temp\u00e9rament affirm\u00e9 \u2014 ses bras de fer contractuels au PSG ont marqu\u00e9 ses d\u00e9buts, avant que la Juventus puis Milan ne saluent son professionnalisme. Ses entra\u00eeneurs successifs, Allegri en t\u00eate, louent un joueur exigeant avec lui-m\u00eame et taiseux dans le travail.<\/p>\n<p>Pour situer Adrien Rabiot face aux autres c\u00e9l\u00e9brit\u00e9s, consultez notre <a href=\"https:\/\/starstory.fr\/blog\/celebrites-et-influence-en-france\/taille-des-stars\/quelle-taille-font-les-stars\/\">guide complet des tailles des stars<\/a>.<\/p>\n<h2>Questions fr\u00e9quentes<\/h2>\n<details style=\"border:1px solid #e5e5e0;border-radius:8px;padding:14px 18px;margin:12px 0;font-family:-apple-system,BlinkMacSystemFont,'Segoe UI',Roboto,sans-serif;\">\n<summary style=\"font-weight:700;font-size:15.5px;color:#1a1a1a;cursor:pointer;\">Quelle est la taille exacte d\u2019Adrien Rabiot ?<\/summary>\n<p style=\"margin:12px 0 0;font-size:15px;line-height:1.6;color:#3a3a3a;\">Les bases r\u00e9centes (Transfermarkt, Wikip\u00e9dia, Wikidata) affichent <strong>1,91 m<\/strong> ; la FFF le liste \u00e0 1,88 m. La fourchette document\u00e9e est 1,88-1,91 m.<\/p>\n<\/details>\n<details style=\"border:1px solid #e5e5e0;border-radius:8px;padding:14px 18px;margin:12px 0;font-family:-apple-system,BlinkMacSystemFont,'Segoe UI',Roboto,sans-serif;\">\n<summary style=\"font-weight:700;font-size:15.5px;color:#1a1a1a;cursor:pointer;\">Combien p\u00e8se Adrien Rabiot ?<\/summary>\n<p style=\"margin:12px 0 0;font-size:15px;line-height:1.6;color:#3a3a3a;\">La valeur la plus document\u00e9e est <strong>72 kg<\/strong>, indiqu\u00e9e par la FFF et Wikidata \u2014 un poids l\u00e9ger pour sa taille.<\/p>\n<\/details>\n<details style=\"border:1px solid #e5e5e0;border-radius:8px;padding:14px 18px;margin:12px 0;font-family:-apple-system,BlinkMacSystemFont,'Segoe UI',Roboto,sans-serif;\">\n<summary style=\"font-weight:700;font-size:15.5px;color:#1a1a1a;cursor:pointer;\">Rabiot est-il le plus grand milieu de l\u2019\u00e9quipe de France ?<\/summary>\n<p style=\"margin:12px 0 0;font-size:15px;line-height:1.6;color:#3a3a3a;\">Il fait partie des plus grands : autour de 1,91 m, il d\u00e9passe Aur\u00e9lien Tchouam\u00e9ni (1,87-1,88 m) et domine largement N\u2019Golo Kant\u00e9 (1,68 m).<\/p>\n<\/details>\n<p style=\"font-size:13px;color:#6a6a6a;margin-top:28px;\">Sources : fiche joueur Transfermarkt, fiche joueur FFF (fff.fr), Wikidata.<\/p>\n<p><script type=\"application\/ld+json\">{\"@context\": \"https:\/\/schema.org\", \"@type\": \"FAQPage\", \"mainEntity\": [{\"@type\": \"Question\", \"name\": \"Quelle est la taille exacte d\u2019Adrien Rabiot ?\", \"acceptedAnswer\": {\"@type\": \"Answer\", \"text\": \"Les bases r\u00e9centes (Transfermarkt, Wikip\u00e9dia, Wikidata) affichent 1,91 m ; la FFF le liste \u00e0 1,88 m. La fourchette document\u00e9e est 1,88-1,91 m.\"}}, {\"@type\": \"Question\", \"name\": \"Combien p\u00e8se Adrien Rabiot ?\", \"acceptedAnswer\": {\"@type\": \"Answer\", \"text\": \"La valeur la plus document\u00e9e est 72 kg, indiqu\u00e9e par la FFF et Wikidata \u2014 un poids l\u00e9ger pour sa taille.\"}}, {\"@type\": \"Question\", \"name\": \"Rabiot est-il le plus grand milieu de l\u2019\u00e9quipe de France ?\", \"acceptedAnswer\": {\"@type\": \"Answer\", \"text\": \"Il fait partie des plus grands : autour de 1,91 m, il d\u00e9passe Aur\u00e9lien Tchouam\u00e9ni (1,87-1,88 m) et domine largement N\u2019Golo Kant\u00e9 (1,68 m).\"}}]}<\/script><\/p>\n","protected":false},"excerpt":{"rendered":"","protected":false},"author":43,"featured_media":999999999,"comment_status":"open","ping_status":"open","sticky":false,"template":"","format":"standard","meta":{"_acf_changed":false,"manual_indexmenow":false,"indexmenow_id_project":0,"footnotes":""},"categories":[4839],"tags":[],"class_list":["post-8224","post","type-post","status-publish","format-standard","has-post-thumbnail","hentry","category-taille-des-stars","generate-columns","tablet-grid-50","mobile-grid-100","grid-parent","grid-25"],"acf":[],"yoast_head":"<!-- This site is optimized with the Yoast SEO Premium plugin v21.3 (Yoast SEO v26.5) - https:\/\/yoast.com\/wordpress\/plugins\/seo\/ -->\n<title>Quelle taille fait Adrien Rabiot ? (poids, fiche)<\/title>\n<meta name=\"description\" content=\"Adrien Rabiot mesure 1,91 m selon Transfermarkt et Wikip\u00e9dia (1,88 m pour la FFF) pour 72 kg. Taille, poids et gabarit du milieu de l&#039;AC Milan : fiche v\u00e9rifi\u00e9e.\" \/>\n<meta name=\"robots\" content=\"index, follow, max-snippet:-1, max-image-preview:large, max-video-preview:-1\" \/>\n<link rel=\"canonical\" href=\"https:\/\/starstory.fr\/blog\/celebrites-et-influence-en-france\/taille-des-stars\/quelle-taille-fait-adrien-rabiot\/\" \/>\n<meta property=\"og:locale\" content=\"fr_FR\" \/>\n<meta property=\"og:type\" content=\"article\" \/>\n<meta property=\"og:title\" content=\"Quelle taille fait Adrien Rabiot ? (poids, fiche)\" \/>\n<meta property=\"og:description\" content=\"Adrien Rabiot mesure 1,91 m selon Transfermarkt et Wikip\u00e9dia (1,88 m pour la FFF) pour 72 kg. Taille, poids et gabarit du milieu de l&#039;AC Milan : fiche v\u00e9rifi\u00e9e.\" \/>\n<meta property=\"og:url\" content=\"https:\/\/starstory.fr\/blog\/celebrites-et-influence-en-france\/taille-des-stars\/quelle-taille-fait-adrien-rabiot\/\" \/>\n<meta property=\"og:site_name\" content=\"starstory\" \/>\n<meta property=\"og:image\" content=\"https:\/\/images.pexels.com\/photos\/29920213\/pexels-photo-29920213.jpeg?auto=compress&cs=tinysrgb&fit=crop&h=627&w=1200\" \/>\n<meta name=\"author\" content=\"Lucas Martin\" \/>\n<meta name=\"twitter:card\" content=\"summary_large_image\" \/>\n<script type=\"application\/ld+json\" class=\"yoast-schema-graph\">{\"@context\":\"https:\/\/schema.org\",\"@graph\":[{\"@type\":\"NewsArticle\",\"@id\":\"https:\/\/starstory.fr\/blog\/celebrites-et-influence-en-france\/taille-des-stars\/quelle-taille-fait-adrien-rabiot\/#article\",\"isPartOf\":{\"@id\":\"https:\/\/starstory.fr\/blog\/celebrites-et-influence-en-france\/taille-des-stars\/quelle-taille-fait-adrien-rabiot\/\"},\"author\":{\"name\":\"Lucas Martin\",\"@id\":\"https:\/\/starstory.fr\/blog\/#\/schema\/person\/7460f07f6b55c3d1c9b0d5788b27d15e\"},\"headline\":\"Quelle taille fait Adrien Rabiot ?\",\"datePublished\":\"2026-07-12T17:07:48+00:00\",\"mainEntityOfPage\":{\"@id\":\"https:\/\/starstory.fr\/blog\/celebrites-et-influence-en-france\/taille-des-stars\/quelle-taille-fait-adrien-rabiot\/\"},\"wordCount\":549,\"commentCount\":0,\"publisher\":{\"@id\":\"https:\/\/starstory.fr\/blog\/#organization\"},\"image\":{\"@id\":\"https:\/\/starstory.fr\/blog\/celebrites-et-influence-en-france\/taille-des-stars\/quelle-taille-fait-adrien-rabiot\/#primaryimage\"},\"thumbnailUrl\":\"https:\/\/images.pexels.com\/photos\/29920213\/pexels-photo-29920213.jpeg?auto=compress&cs=tinysrgb&fit=crop&h=627&w=1200\",\"articleSection\":[\"Taille et mensurations des stars\"],\"inLanguage\":\"fr-FR\",\"potentialAction\":[{\"@type\":\"CommentAction\",\"name\":\"Comment\",\"target\":[\"https:\/\/starstory.fr\/blog\/celebrites-et-influence-en-france\/taille-des-stars\/quelle-taille-fait-adrien-rabiot\/#respond\"]}]},{\"@type\":\"WebPage\",\"@id\":\"https:\/\/starstory.fr\/blog\/celebrites-et-influence-en-france\/taille-des-stars\/quelle-taille-fait-adrien-rabiot\/\",\"url\":\"https:\/\/starstory.fr\/blog\/celebrites-et-influence-en-france\/taille-des-stars\/quelle-taille-fait-adrien-rabiot\/\",\"name\":\"Quelle taille fait Adrien Rabiot ? (poids, fiche)\",\"isPartOf\":{\"@id\":\"https:\/\/starstory.fr\/blog\/#website\"},\"primaryImageOfPage\":{\"@id\":\"https:\/\/starstory.fr\/blog\/celebrites-et-influence-en-france\/taille-des-stars\/quelle-taille-fait-adrien-rabiot\/#primaryimage\"},\"image\":{\"@id\":\"https:\/\/starstory.fr\/blog\/celebrites-et-influence-en-france\/taille-des-stars\/quelle-taille-fait-adrien-rabiot\/#primaryimage\"},\"thumbnailUrl\":\"https:\/\/images.pexels.com\/photos\/29920213\/pexels-photo-29920213.jpeg?auto=compress&cs=tinysrgb&fit=crop&h=627&w=1200\",\"datePublished\":\"2026-07-12T17:07:48+00:00\",\"description\":\"Adrien Rabiot mesure 1,91 m selon Transfermarkt et Wikip\u00e9dia (1,88 m pour la FFF) pour 72 kg. Taille, poids et gabarit du milieu de l'AC Milan : fiche v\u00e9rifi\u00e9e.\",\"inLanguage\":\"fr-FR\",\"potentialAction\":[{\"@type\":\"ReadAction\",\"target\":[\"https:\/\/starstory.fr\/blog\/celebrites-et-influence-en-france\/taille-des-stars\/quelle-taille-fait-adrien-rabiot\/\"]}]},{\"@type\":\"ImageObject\",\"inLanguage\":\"fr-FR\",\"@id\":\"https:\/\/starstory.fr\/blog\/celebrites-et-influence-en-france\/taille-des-stars\/quelle-taille-fait-adrien-rabiot\/#primaryimage\",\"url\":\"https:\/\/images.pexels.com\/photos\/29920213\/pexels-photo-29920213.jpeg?auto=compress&cs=tinysrgb&fit=crop&h=627&w=1200\",\"contentUrl\":\"https:\/\/images.pexels.com\/photos\/29920213\/pexels-photo-29920213.jpeg?auto=compress&cs=tinysrgb&fit=crop&h=627&w=1200\"},{\"@type\":\"WebSite\",\"@id\":\"https:\/\/starstory.fr\/blog\/#website\",\"url\":\"https:\/\/starstory.fr\/blog\/\",\"name\":\"StarStory\",\"description\":\"StarStory, les \u00e9toiles racontent leur histoire\",\"publisher\":{\"@id\":\"https:\/\/starstory.fr\/blog\/#organization\"},\"alternateName\":\"StarStory, les \u00e9toiles racontent leur histoire\",\"potentialAction\":[{\"@type\":\"SearchAction\",\"target\":{\"@type\":\"EntryPoint\",\"urlTemplate\":\"https:\/\/starstory.fr\/blog\/?s={search_term_string}\"},\"query-input\":{\"@type\":\"PropertyValueSpecification\",\"valueRequired\":true,\"valueName\":\"search_term_string\"}}],\"inLanguage\":\"fr-FR\"},{\"@type\":\"Organization\",\"@id\":\"https:\/\/starstory.fr\/blog\/#organization\",\"name\":\"StarStory\",\"alternateName\":\"StarStory.fr\",\"url\":\"https:\/\/starstory.fr\/blog\/\",\"logo\":{\"@type\":\"ImageObject\",\"inLanguage\":\"fr-FR\",\"@id\":\"https:\/\/starstory.fr\/blog\/#\/schema\/logo\/image\/\",\"url\":\"https:\/\/starstory.fr\/blog\/wp-content\/uploads\/2024\/12\/38.png\",\"contentUrl\":\"https:\/\/starstory.fr\/blog\/wp-content\/uploads\/2024\/12\/38.png\",\"width\":500,\"height\":500,\"caption\":\"StarStory\"},\"image\":{\"@id\":\"https:\/\/starstory.fr\/blog\/#\/schema\/logo\/image\/\"}},{\"@type\":\"Person\",\"@id\":\"https:\/\/starstory.fr\/blog\/#\/schema\/person\/7460f07f6b55c3d1c9b0d5788b27d15e\",\"name\":\"Lucas Martin\",\"image\":{\"@type\":\"ImageObject\",\"inLanguage\":\"fr-FR\",\"@id\":\"https:\/\/starstory.fr\/blog\/#\/schema\/person\/image\/\",\"url\":\"https:\/\/secure.gravatar.com\/avatar\/?s=96&d=mm&r=g\",\"contentUrl\":\"https:\/\/secure.gravatar.com\/avatar\/?s=96&d=mm&r=g\",\"caption\":\"Lucas Martin\"},\"description\":\"Lucas dresse le portrait des stars sportives qui ont marqu\u00e9 les diff\u00e9rentes \u00e9poques.\",\"url\":\"https:\/\/starstory.fr\/blog\/auteur\/lucas-martin\/\",\"jobTitle\":\"Contributeur high-tech\",\"email\":\"lucas.martin@lemacenligne.com\"}]}<\/script>\n<!-- \/ Yoast SEO Premium plugin. -->","yoast_head_json":{"title":"Quelle taille fait Adrien Rabiot ? (poids, fiche)","description":"Adrien Rabiot mesure 1,91 m selon Transfermarkt et Wikip\u00e9dia (1,88 m pour la FFF) pour 72 kg. Taille, poids et gabarit du milieu de l'AC Milan : fiche v\u00e9rifi\u00e9e.","robots":{"index":"index","follow":"follow","max-snippet":"max-snippet:-1","max-image-preview":"max-image-preview:large","max-video-preview":"max-video-preview:-1"},"canonical":"https:\/\/starstory.fr\/blog\/celebrites-et-influence-en-france\/taille-des-stars\/quelle-taille-fait-adrien-rabiot\/","og_locale":"fr_FR","og_type":"article","og_title":"Quelle taille fait Adrien Rabiot ? (poids, fiche)","og_description":"Adrien Rabiot mesure 1,91 m selon Transfermarkt et Wikip\u00e9dia (1,88 m pour la FFF) pour 72 kg. Taille, poids et gabarit du milieu de l'AC Milan : fiche v\u00e9rifi\u00e9e.","og_url":"https:\/\/starstory.fr\/blog\/celebrites-et-influence-en-france\/taille-des-stars\/quelle-taille-fait-adrien-rabiot\/","og_site_name":"starstory","og_image":[{"url":"https:\/\/images.pexels.com\/photos\/29920213\/pexels-photo-29920213.jpeg?auto=compress&cs=tinysrgb&fit=crop&h=627&w=1200","type":"","width":"","height":""}],"author":"Lucas Martin","twitter_card":"summary_large_image","schema":{"@context":"https:\/\/schema.org","@graph":[{"@type":"NewsArticle","@id":"https:\/\/starstory.fr\/blog\/celebrites-et-influence-en-france\/taille-des-stars\/quelle-taille-fait-adrien-rabiot\/#article","isPartOf":{"@id":"https:\/\/starstory.fr\/blog\/celebrites-et-influence-en-france\/taille-des-stars\/quelle-taille-fait-adrien-rabiot\/"},"author":{"name":"Lucas Martin","@id":"https:\/\/starstory.fr\/blog\/#\/schema\/person\/7460f07f6b55c3d1c9b0d5788b27d15e"},"headline":"Quelle taille fait Adrien Rabiot ?","datePublished":"2026-07-12T17:07:48+00:00","mainEntityOfPage":{"@id":"https:\/\/starstory.fr\/blog\/celebrites-et-influence-en-france\/taille-des-stars\/quelle-taille-fait-adrien-rabiot\/"},"wordCount":549,"commentCount":0,"publisher":{"@id":"https:\/\/starstory.fr\/blog\/#organization"},"image":{"@id":"https:\/\/starstory.fr\/blog\/celebrites-et-influence-en-france\/taille-des-stars\/quelle-taille-fait-adrien-rabiot\/#primaryimage"},"thumbnailUrl":"https:\/\/images.pexels.com\/photos\/29920213\/pexels-photo-29920213.jpeg?auto=compress&cs=tinysrgb&fit=crop&h=627&w=1200","articleSection":["Taille et mensurations des stars"],"inLanguage":"fr-FR","potentialAction":[{"@type":"CommentAction","name":"Comment","target":["https:\/\/starstory.fr\/blog\/celebrites-et-influence-en-france\/taille-des-stars\/quelle-taille-fait-adrien-rabiot\/#respond"]}]},{"@type":"WebPage","@id":"https:\/\/starstory.fr\/blog\/celebrites-et-influence-en-france\/taille-des-stars\/quelle-taille-fait-adrien-rabiot\/","url":"https:\/\/starstory.fr\/blog\/celebrites-et-influence-en-france\/taille-des-stars\/quelle-taille-fait-adrien-rabiot\/","name":"Quelle taille fait Adrien Rabiot ? (poids, fiche)","isPartOf":{"@id":"https:\/\/starstory.fr\/blog\/#website"},"primaryImageOfPage":{"@id":"https:\/\/starstory.fr\/blog\/celebrites-et-influence-en-france\/taille-des-stars\/quelle-taille-fait-adrien-rabiot\/#primaryimage"},"image":{"@id":"https:\/\/starstory.fr\/blog\/celebrites-et-influence-en-france\/taille-des-stars\/quelle-taille-fait-adrien-rabiot\/#primaryimage"},"thumbnailUrl":"https:\/\/images.pexels.com\/photos\/29920213\/pexels-photo-29920213.jpeg?auto=compress&cs=tinysrgb&fit=crop&h=627&w=1200","datePublished":"2026-07-12T17:07:48+00:00","description":"Adrien Rabiot mesure 1,91 m selon Transfermarkt et Wikip\u00e9dia (1,88 m pour la FFF) pour 72 kg. Taille, poids et gabarit du milieu de l'AC Milan : fiche v\u00e9rifi\u00e9e.","inLanguage":"fr-FR","potentialAction":[{"@type":"ReadAction","target":["https:\/\/starstory.fr\/blog\/celebrites-et-influence-en-france\/taille-des-stars\/quelle-taille-fait-adrien-rabiot\/"]}]},{"@type":"ImageObject","inLanguage":"fr-FR","@id":"https:\/\/starstory.fr\/blog\/celebrites-et-influence-en-france\/taille-des-stars\/quelle-taille-fait-adrien-rabiot\/#primaryimage","url":"https:\/\/images.pexels.com\/photos\/29920213\/pexels-photo-29920213.jpeg?auto=compress&cs=tinysrgb&fit=crop&h=627&w=1200","contentUrl":"https:\/\/images.pexels.com\/photos\/29920213\/pexels-photo-29920213.jpeg?auto=compress&cs=tinysrgb&fit=crop&h=627&w=1200"},{"@type":"WebSite","@id":"https:\/\/starstory.fr\/blog\/#website","url":"https:\/\/starstory.fr\/blog\/","name":"StarStory","description":"StarStory, les \u00e9toiles racontent leur histoire","publisher":{"@id":"https:\/\/starstory.fr\/blog\/#organization"},"alternateName":"StarStory, les \u00e9toiles racontent leur histoire","potentialAction":[{"@type":"SearchAction","target":{"@type":"EntryPoint","urlTemplate":"https:\/\/starstory.fr\/blog\/?s={search_term_string}"},"query-input":{"@type":"PropertyValueSpecification","valueRequired":true,"valueName":"search_term_string"}}],"inLanguage":"fr-FR"},{"@type":"Organization","@id":"https:\/\/starstory.fr\/blog\/#organization","name":"StarStory","alternateName":"StarStory.fr","url":"https:\/\/starstory.fr\/blog\/","logo":{"@type":"ImageObject","inLanguage":"fr-FR","@id":"https:\/\/starstory.fr\/blog\/#\/schema\/logo\/image\/","url":"https:\/\/starstory.fr\/blog\/wp-content\/uploads\/2024\/12\/38.png","contentUrl":"https:\/\/starstory.fr\/blog\/wp-content\/uploads\/2024\/12\/38.png","width":500,"height":500,"caption":"StarStory"},"image":{"@id":"https:\/\/starstory.fr\/blog\/#\/schema\/logo\/image\/"}},{"@type":"Person","@id":"https:\/\/starstory.fr\/blog\/#\/schema\/person\/7460f07f6b55c3d1c9b0d5788b27d15e","name":"Lucas Martin","image":{"@type":"ImageObject","inLanguage":"fr-FR","@id":"https:\/\/starstory.fr\/blog\/#\/schema\/person\/image\/","url":"https:\/\/secure.gravatar.com\/avatar\/?s=96&d=mm&r=g","contentUrl":"https:\/\/secure.gravatar.com\/avatar\/?s=96&d=mm&r=g","caption":"Lucas Martin"},"description":"Lucas dresse le portrait des stars sportives qui ont marqu\u00e9 les diff\u00e9rentes \u00e9poques.","url":"https:\/\/starstory.fr\/blog\/auteur\/lucas-martin\/","jobTitle":"Contributeur high-tech","email":"lucas.martin@lemacenligne.com"}]}},"_links":{"self":[{"href":"https:\/\/starstory.fr\/blog\/wp-json\/wp\/v2\/posts\/8224","targetHints":{"allow":["GET"]}}],"collection":[{"href":"https:\/\/starstory.fr\/blog\/wp-json\/wp\/v2\/posts"}],"about":[{"href":"https:\/\/starstory.fr\/blog\/wp-json\/wp\/v2\/types\/post"}],"author":[{"embeddable":true,"href":"https:\/\/starstory.fr\/blog\/wp-json\/wp\/v2\/users\/43"}],"replies":[{"embeddable":true,"href":"https:\/\/starstory.fr\/blog\/wp-json\/wp\/v2\/comments?post=8224"}],"version-history":[{"count":0,"href":"https:\/\/starstory.fr\/blog\/wp-json\/wp\/v2\/posts\/8224\/revisions"}],"wp:attachment":[{"href":"https:\/\/starstory.fr\/blog\/wp-json\/wp\/v2\/media?parent=8224"}],"wp:term":[{"taxonomy":"category","embeddable":true,"href":"https:\/\/starstory.fr\/blog\/wp-json\/wp\/v2\/categories?post=8224"},{"taxonomy":"post_tag","embeddable":true,"href":"https:\/\/starstory.fr\/blog\/wp-json\/wp\/v2\/tags?post=8224"}],"curies":[{"name":"wp","href":"https:\/\/api.w.org\/{rel}","templated":true}]}}