{"id":8223,"date":"2026-07-12T19:07:44","date_gmt":"2026-07-12T17:07:44","guid":{"rendered":"https:\/\/starstory.fr\/blog\/celebrites-et-influence-en-france\/taille-des-stars\/quelle-taille-fait-jules-kounde\/"},"modified":"2026-07-12T19:07:44","modified_gmt":"2026-07-12T17:07:44","slug":"quelle-taille-fait-jules-kounde","status":"publish","type":"post","link":"https:\/\/starstory.fr\/blog\/celebrites-et-influence-en-france\/taille-des-stars\/quelle-taille-fait-jules-kounde\/","title":{"rendered":"Quelle taille fait Jules Kound\u00e9 ?"},"content":{"rendered":"<aside style=\"background:#FBEAF2;border-left:5px solid #B11E6A;padding:22px 28px;margin:24px 0;font-family:-apple-system,BlinkMacSystemFont,'Segoe UI',Roboto,sans-serif;\">\n<div style=\"margin:0;font-size:19px;line-height:1.55;color:#2a2a2a;font-weight:500;letter-spacing:-0.005em;\">\n    Jules Kound\u00e9 mesure <strong>1,80 m<\/strong> selon la FFF, le FC Barcelone l\u2019affichant \u00e0 <strong>1,81 m<\/strong>, pour un poids d\u2019environ 75 kg. Un format compact, atypique pour un d\u00e9fenseur central de tr\u00e8s haut niveau.\n  <\/div>\n<\/aside>\n<figure style=\"margin:32px 0;font-family:-apple-system,BlinkMacSystemFont,'Segoe UI',Roboto,sans-serif;\">\n<div style=\"overflow-x:auto;border:1px solid #e5e5e0;border-radius:8px;\">\n<table style=\"width:100%;border-collapse:collapse;font-size:14px;color:#2a2a2a;min-width:500px;\">\n<thead>\n<tr style=\"background:#1a1a1a;color:#fff;\">\n<th style=\"text-align:left;padding:14px 18px;font-weight:700;font-size:12px;text-transform:uppercase;letter-spacing:1.5px;\">Fiche mensurations<\/th>\n<th style=\"text-align:left;padding:14px 18px;font-weight:700;font-size:12px;text-transform:uppercase;letter-spacing:1.5px;\">D\u00e9tail<\/th>\n<\/tr>\n<\/thead>\n<tbody>\n<tr style=\"background:#fff;border-bottom:1px solid #f0ede5;\">\n<td style=\"padding:14px 18px;font-weight:600;\">Nom complet<\/td>\n<td style=\"padding:14px 18px;color:#4a4a4a;\">Jules Olivier Kound\u00e9<\/td>\n<\/tr>\n<tr style=\"background:#fafaf7;border-bottom:1px solid #f0ede5;\">\n<td style=\"padding:14px 18px;font-weight:600;\">Naissance<\/td>\n<td style=\"padding:14px 18px;color:#4a4a4a;\">12 novembre 1998, Paris<\/td>\n<\/tr>\n<tr style=\"background:#fff;border-bottom:1px solid #f0ede5;\">\n<td style=\"padding:14px 18px;font-weight:600;\">Taille<\/td>\n<td style=\"padding:14px 18px;color:#4a4a4a;\"><strong>1,80 m<\/strong> (FFF, Foot Mercato) \u2014 1,81 m selon le FC Barcelone et Transfermarkt<\/td>\n<\/tr>\n<tr style=\"background:#fafaf7;border-bottom:1px solid #f0ede5;\">\n<td style=\"padding:14px 18px;font-weight:600;\">Poids<\/td>\n<td style=\"padding:14px 18px;color:#4a4a4a;\">75 kg selon la FFF (le Bar\u00e7a a affich\u00e9 jusqu\u2019\u00e0 84 kg)<\/td>\n<\/tr>\n<tr style=\"background:#fff;border-bottom:1px solid #f0ede5;\">\n<td style=\"padding:14px 18px;font-weight:600;\">Nationalit\u00e9<\/td>\n<td style=\"padding:14px 18px;color:#4a4a4a;\">Fran\u00e7aise<\/td>\n<\/tr>\n<tr style=\"background:#fafaf7;\">\n<td style=\"padding:14px 18px;font-weight:600;\">Poste<\/td>\n<td style=\"padding:14px 18px;color:#4a4a4a;\">Arri\u00e8re droit \/ d\u00e9fenseur central (FC Barcelone)<\/td>\n<\/tr>\n<\/tbody>\n<\/table><\/div>\n<\/figure>\n<h2>1,80 \u2013 1,81 m : le chiffre \u00e0 retenir<\/h2>\n<p>La FFF et Foot Mercato listent Jules Kound\u00e9 \u00e0 <strong>180 cm<\/strong>, le FC Barcelone et Transfermarkt \u00e0 181 cm. Quelques bases s\u2019\u00e9cartent (1,78 m chez SoccerWiki, 1,84 m chez L\u2019\u00c9quipe), mais la fourchette coh\u00e9rente reste 1,80-1,81 m.<\/p>\n<p>Pour un d\u00e9fenseur central, c\u2019est un format modeste : la plupart des titulaires du poste d\u00e9passent 1,85 m. C\u2019est exactement ce qui rend son cas int\u00e9ressant \u2014 au Bar\u00e7a comme chez les Bleus, Kound\u00e9 prouve qu\u2019on peut dominer l\u2019axe par le timing et la lecture plut\u00f4t que par les centim\u00e8tres. Il partage d\u2019ailleurs quasiment le m\u00eame gabarit que <a href=\"https:\/\/starstory.fr\/blog\/celebrites-et-influence-en-france\/taille-des-stars\/quelle-taille-fait-achraf-hakimi\/\">Achraf Hakimi (1,81 m)<\/a>, la r\u00e9f\u00e9rence des lat\u00e9raux modernes, et d\u00e9passe de 4 cm <a href=\"https:\/\/starstory.fr\/blog\/celebrites-et-influence-en-france\/taille-des-stars\/quelle-taille-fait-antoine-griezmann\/\">Antoine Griezmann (1,76 m)<\/a>.<\/p>\n<p>Form\u00e9 aux Girondins de Bordeaux, confirm\u00e9 au FC S\u00e9ville, il a rejoint Barcelone en 2022, o\u00f9 il alterne entre le couloir droit et l\u2019axe.<\/p>\n<h2>Compenser les centim\u00e8tres par le timing<\/h2>\n<p>Dans les duels a\u00e9riens, Kound\u00e9 s\u2019appuie sur une d\u00e9tente s\u00e8che et un timing travaill\u00e9 ; au sol, ses appuis vifs et sa vitesse en font l\u2019un des d\u00e9fenseurs les plus difficiles \u00e0 \u00e9liminer d\u2019Europe. Sa polyvalence droite\/axe est directement li\u00e9e \u00e0 ce gabarit hybride : assez dense pour l\u2019axe, assez mobile pour le couloir.<\/p>\n<aside style=\"background:#FBEAF2;border-left:4px solid #B11E6A;padding:14px 18px;margin:18px 0;border-radius:0 4px 4px 0;font-family:-apple-system,BlinkMacSystemFont,'Segoe UI',Roboto,sans-serif;\">\n  <strong style=\"display:inline-block;color:#8a1450;font-size:12px;text-transform:uppercase;letter-spacing:1.5px;margin-right:8px;\">&#128161; Bon \u00e0 savoir<\/strong><br \/>\n  <span style=\"font-size:14.5px;line-height:1.55;color:#3a3a3a;\">En avril 2025, Kound\u00e9 a marqu\u00e9 \u00e0 la 116e minute le but victorieux de la finale de Copa del Rey contre le Real Madrid (3-2) \u2014 l\u2019un des buts les plus c\u00e9l\u00e9br\u00e9s de la saison catalane.<\/span><br \/>\n<\/aside>\n<h2>Signes distinctifs<\/h2>\n<p>Lunettes fines hors des terrains, garde-robe pointue r\u00e9guli\u00e8rement relay\u00e9e par la presse mode, expression impassible en match : Kound\u00e9 cultive une image singuli\u00e8re dans le football fran\u00e7ais, \u00e0 la crois\u00e9e du sport et du style. Il est l\u2019un des joueurs fran\u00e7ais les plus suivis sur les questions d\u2019\u00e9l\u00e9gance.<\/p>\n<h2>Traits de caract\u00e8re<\/h2>\n<p>Les portraits m\u00e9diatiques le d\u00e9crivent comme <strong>r\u00e9fl\u00e9chi<\/strong> et engag\u00e9 : lecteur revendiqu\u00e9, il prend r\u00e9guli\u00e8rement position sur des sujets de soci\u00e9t\u00e9, un positionnement rare dans le vestiaire des Bleus. Ses entra\u00eeneurs saluent son professionnalisme et sa constance.<\/p>\n<p>Pour situer Jules Kound\u00e9 face aux autres c\u00e9l\u00e9brit\u00e9s, notre <a href=\"https:\/\/starstory.fr\/blog\/celebrites-et-influence-en-france\/taille-des-stars\/quelle-taille-font-les-stars\/\">guide complet des tailles des stars<\/a> r\u00e9capitule les mensurations v\u00e9rifi\u00e9es.<\/p>\n<h2>Questions fr\u00e9quentes<\/h2>\n<details style=\"border:1px solid #e5e5e0;border-radius:8px;padding:14px 18px;margin:12px 0;font-family:-apple-system,BlinkMacSystemFont,'Segoe UI',Roboto,sans-serif;\">\n<summary style=\"font-weight:700;font-size:15.5px;color:#1a1a1a;cursor:pointer;\">Quelle est la taille exacte de Jules Kound\u00e9 ?<\/summary>\n<p style=\"margin:12px 0 0;font-size:15px;line-height:1.6;color:#3a3a3a;\">Jules Kound\u00e9 mesure <strong>1,80 m<\/strong> selon la FFF et Foot Mercato ; le FC Barcelone et Transfermarkt l\u2019affichent \u00e0 1,81 m.<\/p>\n<\/details>\n<details style=\"border:1px solid #e5e5e0;border-radius:8px;padding:14px 18px;margin:12px 0;font-family:-apple-system,BlinkMacSystemFont,'Segoe UI',Roboto,sans-serif;\">\n<summary style=\"font-weight:700;font-size:15.5px;color:#1a1a1a;cursor:pointer;\">Combien p\u00e8se Jules Kound\u00e9 ?<\/summary>\n<p style=\"margin:12px 0 0;font-size:15px;line-height:1.6;color:#3a3a3a;\">La FFF et Foot Mercato indiquent <strong>75 kg<\/strong> ; la fiche du FC Barcelone a affich\u00e9 jusqu\u2019\u00e0 84 kg, un \u00e9cart inhabituel entre bases.<\/p>\n<\/details>\n<details style=\"border:1px solid #e5e5e0;border-radius:8px;padding:14px 18px;margin:12px 0;font-family:-apple-system,BlinkMacSystemFont,'Segoe UI',Roboto,sans-serif;\">\n<summary style=\"font-weight:700;font-size:15.5px;color:#1a1a1a;cursor:pointer;\">Kound\u00e9 est-il petit pour un d\u00e9fenseur central ?<\/summary>\n<p style=\"margin:12px 0 0;font-size:15px;line-height:1.6;color:#3a3a3a;\">Avec 1,80-1,81 m, il est en dessous de la moyenne des d\u00e9fenseurs centraux (souvent 1,85 m et plus), mais compense par son timing, sa vitesse et sa lecture du jeu.<\/p>\n<\/details>\n<p style=\"font-size:13px;color:#6a6a6a;margin-top:28px;\">Sources : fiche joueur FFF (fff.fr), site officiel du FC Barcelone, fiche joueur Transfermarkt.<\/p>\n<p><script type=\"application\/ld+json\">{\"@context\": \"https:\/\/schema.org\", \"@type\": \"FAQPage\", \"mainEntity\": [{\"@type\": \"Question\", \"name\": \"Quelle est la taille exacte de Jules Kound\u00e9 ?\", \"acceptedAnswer\": {\"@type\": \"Answer\", \"text\": \"Jules Kound\u00e9 mesure 1,80 m selon la FFF et Foot Mercato ; le FC Barcelone et Transfermarkt l\u2019affichent \u00e0 1,81 m.\"}}, {\"@type\": \"Question\", \"name\": \"Combien p\u00e8se Jules Kound\u00e9 ?\", \"acceptedAnswer\": {\"@type\": \"Answer\", \"text\": \"La FFF et Foot Mercato indiquent 75 kg ; la fiche du FC Barcelone a affich\u00e9 jusqu\u2019\u00e0 84 kg, un \u00e9cart inhabituel entre bases.\"}}, {\"@type\": \"Question\", \"name\": \"Kound\u00e9 est-il petit pour un d\u00e9fenseur central ?\", \"acceptedAnswer\": {\"@type\": \"Answer\", \"text\": \"Avec 1,80-1,81 m, il est en dessous de la moyenne des d\u00e9fenseurs centraux (souvent 1,85 m et plus), mais compense par son timing, sa vitesse et sa lecture du jeu.\"}}]}<\/script><\/p>\n","protected":false},"excerpt":{"rendered":"","protected":false},"author":42,"featured_media":999999999,"comment_status":"open","ping_status":"open","sticky":false,"template":"","format":"standard","meta":{"_acf_changed":false,"manual_indexmenow":false,"indexmenow_id_project":0,"footnotes":""},"categories":[4839],"tags":[],"class_list":["post-8223","post","type-post","status-publish","format-standard","has-post-thumbnail","hentry","category-taille-des-stars","generate-columns","tablet-grid-50","mobile-grid-100","grid-parent","grid-25"],"acf":[],"yoast_head":"<!-- This site is optimized with the Yoast SEO Premium plugin v21.3 (Yoast SEO v26.5) - https:\/\/yoast.com\/wordpress\/plugins\/seo\/ -->\n<title>Quelle taille fait Jules Kound\u00e9 ? (poids, fiche)<\/title>\n<meta name=\"description\" content=\"Jules Kound\u00e9 mesure 1,80 m selon la FFF (1,81 m pour le FC Barcelone) pour environ 75 kg. La taille du d\u00e9fenseur du Bar\u00e7a et son profil : la fiche v\u00e9rifi\u00e9e.\" \/>\n<meta name=\"robots\" content=\"index, follow, max-snippet:-1, max-image-preview:large, max-video-preview:-1\" \/>\n<link rel=\"canonical\" href=\"https:\/\/starstory.fr\/blog\/celebrites-et-influence-en-france\/taille-des-stars\/quelle-taille-fait-jules-kounde\/\" \/>\n<meta property=\"og:locale\" content=\"fr_FR\" \/>\n<meta property=\"og:type\" content=\"article\" \/>\n<meta property=\"og:title\" content=\"Quelle taille fait Jules Kound\u00e9 ? (poids, fiche)\" \/>\n<meta property=\"og:description\" content=\"Jules Kound\u00e9 mesure 1,80 m selon la FFF (1,81 m pour le FC Barcelone) pour environ 75 kg. La taille du d\u00e9fenseur du Bar\u00e7a et son profil : la fiche v\u00e9rifi\u00e9e.\" \/>\n<meta property=\"og:url\" content=\"https:\/\/starstory.fr\/blog\/celebrites-et-influence-en-france\/taille-des-stars\/quelle-taille-fait-jules-kounde\/\" \/>\n<meta property=\"og:site_name\" content=\"starstory\" \/>\n<meta property=\"og:image\" content=\"https:\/\/images.pexels.com\/photos\/12313588\/pexels-photo-12313588.jpeg?auto=compress&cs=tinysrgb&fit=crop&h=627&w=1200\" \/>\n<meta name=\"author\" content=\"Antoine Ferrand\" \/>\n<meta name=\"twitter:card\" content=\"summary_large_image\" \/>\n<script type=\"application\/ld+json\" class=\"yoast-schema-graph\">{\"@context\":\"https:\/\/schema.org\",\"@graph\":[{\"@type\":\"NewsArticle\",\"@id\":\"https:\/\/starstory.fr\/blog\/celebrites-et-influence-en-france\/taille-des-stars\/quelle-taille-fait-jules-kounde\/#article\",\"isPartOf\":{\"@id\":\"https:\/\/starstory.fr\/blog\/celebrites-et-influence-en-france\/taille-des-stars\/quelle-taille-fait-jules-kounde\/\"},\"author\":{\"name\":\"Antoine Ferrand\",\"@id\":\"https:\/\/starstory.fr\/blog\/#\/schema\/person\/2d9dd3a73cf4dcbc428e866589dd5882\"},\"headline\":\"Quelle taille fait Jules Kound\u00e9 ?\",\"datePublished\":\"2026-07-12T17:07:44+00:00\",\"mainEntityOfPage\":{\"@id\":\"https:\/\/starstory.fr\/blog\/celebrites-et-influence-en-france\/taille-des-stars\/quelle-taille-fait-jules-kounde\/\"},\"wordCount\":579,\"commentCount\":0,\"publisher\":{\"@id\":\"https:\/\/starstory.fr\/blog\/#organization\"},\"image\":{\"@id\":\"https:\/\/starstory.fr\/blog\/celebrites-et-influence-en-france\/taille-des-stars\/quelle-taille-fait-jules-kounde\/#primaryimage\"},\"thumbnailUrl\":\"https:\/\/images.pexels.com\/photos\/12313588\/pexels-photo-12313588.jpeg?auto=compress&cs=tinysrgb&fit=crop&h=627&w=1200\",\"articleSection\":[\"Taille et mensurations des stars\"],\"inLanguage\":\"fr-FR\",\"potentialAction\":[{\"@type\":\"CommentAction\",\"name\":\"Comment\",\"target\":[\"https:\/\/starstory.fr\/blog\/celebrites-et-influence-en-france\/taille-des-stars\/quelle-taille-fait-jules-kounde\/#respond\"]}]},{\"@type\":\"WebPage\",\"@id\":\"https:\/\/starstory.fr\/blog\/celebrites-et-influence-en-france\/taille-des-stars\/quelle-taille-fait-jules-kounde\/\",\"url\":\"https:\/\/starstory.fr\/blog\/celebrites-et-influence-en-france\/taille-des-stars\/quelle-taille-fait-jules-kounde\/\",\"name\":\"Quelle taille fait Jules Kound\u00e9 ? (poids, fiche)\",\"isPartOf\":{\"@id\":\"https:\/\/starstory.fr\/blog\/#website\"},\"primaryImageOfPage\":{\"@id\":\"https:\/\/starstory.fr\/blog\/celebrites-et-influence-en-france\/taille-des-stars\/quelle-taille-fait-jules-kounde\/#primaryimage\"},\"image\":{\"@id\":\"https:\/\/starstory.fr\/blog\/celebrites-et-influence-en-france\/taille-des-stars\/quelle-taille-fait-jules-kounde\/#primaryimage\"},\"thumbnailUrl\":\"https:\/\/images.pexels.com\/photos\/12313588\/pexels-photo-12313588.jpeg?auto=compress&cs=tinysrgb&fit=crop&h=627&w=1200\",\"datePublished\":\"2026-07-12T17:07:44+00:00\",\"description\":\"Jules Kound\u00e9 mesure 1,80 m selon la FFF (1,81 m pour le FC Barcelone) pour environ 75 kg. La taille du d\u00e9fenseur du Bar\u00e7a et son profil : la fiche v\u00e9rifi\u00e9e.\",\"inLanguage\":\"fr-FR\",\"potentialAction\":[{\"@type\":\"ReadAction\",\"target\":[\"https:\/\/starstory.fr\/blog\/celebrites-et-influence-en-france\/taille-des-stars\/quelle-taille-fait-jules-kounde\/\"]}]},{\"@type\":\"ImageObject\",\"inLanguage\":\"fr-FR\",\"@id\":\"https:\/\/starstory.fr\/blog\/celebrites-et-influence-en-france\/taille-des-stars\/quelle-taille-fait-jules-kounde\/#primaryimage\",\"url\":\"https:\/\/images.pexels.com\/photos\/12313588\/pexels-photo-12313588.jpeg?auto=compress&cs=tinysrgb&fit=crop&h=627&w=1200\",\"contentUrl\":\"https:\/\/images.pexels.com\/photos\/12313588\/pexels-photo-12313588.jpeg?auto=compress&cs=tinysrgb&fit=crop&h=627&w=1200\"},{\"@type\":\"WebSite\",\"@id\":\"https:\/\/starstory.fr\/blog\/#website\",\"url\":\"https:\/\/starstory.fr\/blog\/\",\"name\":\"StarStory\",\"description\":\"StarStory, les \u00e9toiles racontent leur histoire\",\"publisher\":{\"@id\":\"https:\/\/starstory.fr\/blog\/#organization\"},\"alternateName\":\"StarStory, les \u00e9toiles racontent leur histoire\",\"potentialAction\":[{\"@type\":\"SearchAction\",\"target\":{\"@type\":\"EntryPoint\",\"urlTemplate\":\"https:\/\/starstory.fr\/blog\/?s={search_term_string}\"},\"query-input\":{\"@type\":\"PropertyValueSpecification\",\"valueRequired\":true,\"valueName\":\"search_term_string\"}}],\"inLanguage\":\"fr-FR\"},{\"@type\":\"Organization\",\"@id\":\"https:\/\/starstory.fr\/blog\/#organization\",\"name\":\"StarStory\",\"alternateName\":\"StarStory.fr\",\"url\":\"https:\/\/starstory.fr\/blog\/\",\"logo\":{\"@type\":\"ImageObject\",\"inLanguage\":\"fr-FR\",\"@id\":\"https:\/\/starstory.fr\/blog\/#\/schema\/logo\/image\/\",\"url\":\"https:\/\/starstory.fr\/blog\/wp-content\/uploads\/2024\/12\/38.png\",\"contentUrl\":\"https:\/\/starstory.fr\/blog\/wp-content\/uploads\/2024\/12\/38.png\",\"width\":500,\"height\":500,\"caption\":\"StarStory\"},\"image\":{\"@id\":\"https:\/\/starstory.fr\/blog\/#\/schema\/logo\/image\/\"}},{\"@type\":\"Person\",\"@id\":\"https:\/\/starstory.fr\/blog\/#\/schema\/person\/2d9dd3a73cf4dcbc428e866589dd5882\",\"name\":\"Antoine Ferrand\",\"image\":{\"@type\":\"ImageObject\",\"inLanguage\":\"fr-FR\",\"@id\":\"https:\/\/starstory.fr\/blog\/#\/schema\/person\/image\/\",\"url\":\"https:\/\/secure.gravatar.com\/avatar\/?s=96&d=mm&r=g\",\"contentUrl\":\"https:\/\/secure.gravatar.com\/avatar\/?s=96&d=mm&r=g\",\"caption\":\"Antoine Ferrand\"},\"description\":\"Antoine analyse les figures politiques et m\u00e9diatiques, ainsi que leur influence en France au fil des ann\u00e9es.\",\"url\":\"https:\/\/starstory.fr\/blog\/auteur\/antoine-dupont\/\"}]}<\/script>\n<!-- \/ Yoast SEO Premium plugin. -->","yoast_head_json":{"title":"Quelle taille fait Jules Kound\u00e9 ? (poids, fiche)","description":"Jules Kound\u00e9 mesure 1,80 m selon la FFF (1,81 m pour le FC Barcelone) pour environ 75 kg. La taille du d\u00e9fenseur du Bar\u00e7a et son profil : la fiche v\u00e9rifi\u00e9e.","robots":{"index":"index","follow":"follow","max-snippet":"max-snippet:-1","max-image-preview":"max-image-preview:large","max-video-preview":"max-video-preview:-1"},"canonical":"https:\/\/starstory.fr\/blog\/celebrites-et-influence-en-france\/taille-des-stars\/quelle-taille-fait-jules-kounde\/","og_locale":"fr_FR","og_type":"article","og_title":"Quelle taille fait Jules Kound\u00e9 ? (poids, fiche)","og_description":"Jules Kound\u00e9 mesure 1,80 m selon la FFF (1,81 m pour le FC Barcelone) pour environ 75 kg. La taille du d\u00e9fenseur du Bar\u00e7a et son profil : la fiche v\u00e9rifi\u00e9e.","og_url":"https:\/\/starstory.fr\/blog\/celebrites-et-influence-en-france\/taille-des-stars\/quelle-taille-fait-jules-kounde\/","og_site_name":"starstory","og_image":[{"url":"https:\/\/images.pexels.com\/photos\/12313588\/pexels-photo-12313588.jpeg?auto=compress&cs=tinysrgb&fit=crop&h=627&w=1200","type":"","width":"","height":""}],"author":"Antoine Ferrand","twitter_card":"summary_large_image","schema":{"@context":"https:\/\/schema.org","@graph":[{"@type":"NewsArticle","@id":"https:\/\/starstory.fr\/blog\/celebrites-et-influence-en-france\/taille-des-stars\/quelle-taille-fait-jules-kounde\/#article","isPartOf":{"@id":"https:\/\/starstory.fr\/blog\/celebrites-et-influence-en-france\/taille-des-stars\/quelle-taille-fait-jules-kounde\/"},"author":{"name":"Antoine Ferrand","@id":"https:\/\/starstory.fr\/blog\/#\/schema\/person\/2d9dd3a73cf4dcbc428e866589dd5882"},"headline":"Quelle taille fait Jules Kound\u00e9 ?","datePublished":"2026-07-12T17:07:44+00:00","mainEntityOfPage":{"@id":"https:\/\/starstory.fr\/blog\/celebrites-et-influence-en-france\/taille-des-stars\/quelle-taille-fait-jules-kounde\/"},"wordCount":579,"commentCount":0,"publisher":{"@id":"https:\/\/starstory.fr\/blog\/#organization"},"image":{"@id":"https:\/\/starstory.fr\/blog\/celebrites-et-influence-en-france\/taille-des-stars\/quelle-taille-fait-jules-kounde\/#primaryimage"},"thumbnailUrl":"https:\/\/images.pexels.com\/photos\/12313588\/pexels-photo-12313588.jpeg?auto=compress&cs=tinysrgb&fit=crop&h=627&w=1200","articleSection":["Taille et mensurations des stars"],"inLanguage":"fr-FR","potentialAction":[{"@type":"CommentAction","name":"Comment","target":["https:\/\/starstory.fr\/blog\/celebrites-et-influence-en-france\/taille-des-stars\/quelle-taille-fait-jules-kounde\/#respond"]}]},{"@type":"WebPage","@id":"https:\/\/starstory.fr\/blog\/celebrites-et-influence-en-france\/taille-des-stars\/quelle-taille-fait-jules-kounde\/","url":"https:\/\/starstory.fr\/blog\/celebrites-et-influence-en-france\/taille-des-stars\/quelle-taille-fait-jules-kounde\/","name":"Quelle taille fait Jules Kound\u00e9 ? (poids, fiche)","isPartOf":{"@id":"https:\/\/starstory.fr\/blog\/#website"},"primaryImageOfPage":{"@id":"https:\/\/starstory.fr\/blog\/celebrites-et-influence-en-france\/taille-des-stars\/quelle-taille-fait-jules-kounde\/#primaryimage"},"image":{"@id":"https:\/\/starstory.fr\/blog\/celebrites-et-influence-en-france\/taille-des-stars\/quelle-taille-fait-jules-kounde\/#primaryimage"},"thumbnailUrl":"https:\/\/images.pexels.com\/photos\/12313588\/pexels-photo-12313588.jpeg?auto=compress&cs=tinysrgb&fit=crop&h=627&w=1200","datePublished":"2026-07-12T17:07:44+00:00","description":"Jules Kound\u00e9 mesure 1,80 m selon la FFF (1,81 m pour le FC Barcelone) pour environ 75 kg. La taille du d\u00e9fenseur du Bar\u00e7a et son profil : la fiche v\u00e9rifi\u00e9e.","inLanguage":"fr-FR","potentialAction":[{"@type":"ReadAction","target":["https:\/\/starstory.fr\/blog\/celebrites-et-influence-en-france\/taille-des-stars\/quelle-taille-fait-jules-kounde\/"]}]},{"@type":"ImageObject","inLanguage":"fr-FR","@id":"https:\/\/starstory.fr\/blog\/celebrites-et-influence-en-france\/taille-des-stars\/quelle-taille-fait-jules-kounde\/#primaryimage","url":"https:\/\/images.pexels.com\/photos\/12313588\/pexels-photo-12313588.jpeg?auto=compress&cs=tinysrgb&fit=crop&h=627&w=1200","contentUrl":"https:\/\/images.pexels.com\/photos\/12313588\/pexels-photo-12313588.jpeg?auto=compress&cs=tinysrgb&fit=crop&h=627&w=1200"},{"@type":"WebSite","@id":"https:\/\/starstory.fr\/blog\/#website","url":"https:\/\/starstory.fr\/blog\/","name":"StarStory","description":"StarStory, les \u00e9toiles racontent leur histoire","publisher":{"@id":"https:\/\/starstory.fr\/blog\/#organization"},"alternateName":"StarStory, les \u00e9toiles racontent leur histoire","potentialAction":[{"@type":"SearchAction","target":{"@type":"EntryPoint","urlTemplate":"https:\/\/starstory.fr\/blog\/?s={search_term_string}"},"query-input":{"@type":"PropertyValueSpecification","valueRequired":true,"valueName":"search_term_string"}}],"inLanguage":"fr-FR"},{"@type":"Organization","@id":"https:\/\/starstory.fr\/blog\/#organization","name":"StarStory","alternateName":"StarStory.fr","url":"https:\/\/starstory.fr\/blog\/","logo":{"@type":"ImageObject","inLanguage":"fr-FR","@id":"https:\/\/starstory.fr\/blog\/#\/schema\/logo\/image\/","url":"https:\/\/starstory.fr\/blog\/wp-content\/uploads\/2024\/12\/38.png","contentUrl":"https:\/\/starstory.fr\/blog\/wp-content\/uploads\/2024\/12\/38.png","width":500,"height":500,"caption":"StarStory"},"image":{"@id":"https:\/\/starstory.fr\/blog\/#\/schema\/logo\/image\/"}},{"@type":"Person","@id":"https:\/\/starstory.fr\/blog\/#\/schema\/person\/2d9dd3a73cf4dcbc428e866589dd5882","name":"Antoine Ferrand","image":{"@type":"ImageObject","inLanguage":"fr-FR","@id":"https:\/\/starstory.fr\/blog\/#\/schema\/person\/image\/","url":"https:\/\/secure.gravatar.com\/avatar\/?s=96&d=mm&r=g","contentUrl":"https:\/\/secure.gravatar.com\/avatar\/?s=96&d=mm&r=g","caption":"Antoine Ferrand"},"description":"Antoine analyse les figures politiques et m\u00e9diatiques, ainsi que leur influence en France au fil des ann\u00e9es.","url":"https:\/\/starstory.fr\/blog\/auteur\/antoine-dupont\/"}]}},"_links":{"self":[{"href":"https:\/\/starstory.fr\/blog\/wp-json\/wp\/v2\/posts\/8223","targetHints":{"allow":["GET"]}}],"collection":[{"href":"https:\/\/starstory.fr\/blog\/wp-json\/wp\/v2\/posts"}],"about":[{"href":"https:\/\/starstory.fr\/blog\/wp-json\/wp\/v2\/types\/post"}],"author":[{"embeddable":true,"href":"https:\/\/starstory.fr\/blog\/wp-json\/wp\/v2\/users\/42"}],"replies":[{"embeddable":true,"href":"https:\/\/starstory.fr\/blog\/wp-json\/wp\/v2\/comments?post=8223"}],"version-history":[{"count":0,"href":"https:\/\/starstory.fr\/blog\/wp-json\/wp\/v2\/posts\/8223\/revisions"}],"wp:attachment":[{"href":"https:\/\/starstory.fr\/blog\/wp-json\/wp\/v2\/media?parent=8223"}],"wp:term":[{"taxonomy":"category","embeddable":true,"href":"https:\/\/starstory.fr\/blog\/wp-json\/wp\/v2\/categories?post=8223"},{"taxonomy":"post_tag","embeddable":true,"href":"https:\/\/starstory.fr\/blog\/wp-json\/wp\/v2\/tags?post=8223"}],"curies":[{"name":"wp","href":"https:\/\/api.w.org\/{rel}","templated":true}]}}