{"id":8220,"date":"2026-07-12T19:07:34","date_gmt":"2026-07-12T17:07:34","guid":{"rendered":"https:\/\/starstory.fr\/blog\/celebrites-et-influence-en-france\/taille-des-stars\/quelle-taille-fait-warren-zaire-emery\/"},"modified":"2026-07-12T19:07:34","modified_gmt":"2026-07-12T17:07:34","slug":"quelle-taille-fait-warren-zaire-emery","status":"publish","type":"post","link":"https:\/\/starstory.fr\/blog\/celebrites-et-influence-en-france\/taille-des-stars\/quelle-taille-fait-warren-zaire-emery\/","title":{"rendered":"Quelle taille fait Warren Za\u00efre-Emery ?"},"content":{"rendered":"<aside style=\"background:#FBEAF2;border-left:5px solid #B11E6A;padding:22px 28px;margin:24px 0;font-family:-apple-system,BlinkMacSystemFont,'Segoe UI',Roboto,sans-serif;\">\n<div style=\"margin:0;font-size:19px;line-height:1.55;color:#2a2a2a;font-weight:500;letter-spacing:-0.005em;\">\n    Warren Za\u00efre-Emery mesure <strong>1,78 m<\/strong> pour <strong>68 kg<\/strong>, des chiffres identiques sur les fiches de la FFF, du PSG et de L\u2019\u00c9quipe. Un gabarit compact de milieu box-to-box moderne.\n  <\/div>\n<\/aside>\n<figure style=\"margin:32px 0;font-family:-apple-system,BlinkMacSystemFont,'Segoe UI',Roboto,sans-serif;\">\n<div style=\"overflow-x:auto;border:1px solid #e5e5e0;border-radius:8px;\">\n<table style=\"width:100%;border-collapse:collapse;font-size:14px;color:#2a2a2a;min-width:500px;\">\n<thead>\n<tr style=\"background:#1a1a1a;color:#fff;\">\n<th style=\"text-align:left;padding:14px 18px;font-weight:700;font-size:12px;text-transform:uppercase;letter-spacing:1.5px;\">Fiche mensurations<\/th>\n<th style=\"text-align:left;padding:14px 18px;font-weight:700;font-size:12px;text-transform:uppercase;letter-spacing:1.5px;\">D\u00e9tail<\/th>\n<\/tr>\n<\/thead>\n<tbody>\n<tr style=\"background:#fff;border-bottom:1px solid #f0ede5;\">\n<td style=\"padding:14px 18px;font-weight:600;\">Nom complet<\/td>\n<td style=\"padding:14px 18px;color:#4a4a4a;\">Warren Za\u00efre-Emery<\/td>\n<\/tr>\n<tr style=\"background:#fafaf7;border-bottom:1px solid #f0ede5;\">\n<td style=\"padding:14px 18px;font-weight:600;\">Naissance<\/td>\n<td style=\"padding:14px 18px;color:#4a4a4a;\">8 mars 2006, Montreuil (Seine-Saint-Denis)<\/td>\n<\/tr>\n<tr style=\"background:#fff;border-bottom:1px solid #f0ede5;\">\n<td style=\"padding:14px 18px;font-weight:600;\">Taille<\/td>\n<td style=\"padding:14px 18px;color:#4a4a4a;\"><strong>1,78 m<\/strong> (FFF, PSG, L\u2019\u00c9quipe) \u2014 1,76 m sur certaines versions de Transfermarkt<\/td>\n<\/tr>\n<tr style=\"background:#fafaf7;border-bottom:1px solid #f0ede5;\">\n<td style=\"padding:14px 18px;font-weight:600;\">Poids<\/td>\n<td style=\"padding:14px 18px;color:#4a4a4a;\">68 kg selon les fiches officielles<\/td>\n<\/tr>\n<tr style=\"background:#fff;border-bottom:1px solid #f0ede5;\">\n<td style=\"padding:14px 18px;font-weight:600;\">Nationalit\u00e9<\/td>\n<td style=\"padding:14px 18px;color:#4a4a4a;\">Fran\u00e7aise<\/td>\n<\/tr>\n<tr style=\"background:#fafaf7;\">\n<td style=\"padding:14px 18px;font-weight:600;\">Poste<\/td>\n<td style=\"padding:14px 18px;color:#4a4a4a;\">Milieu central (Paris Saint-Germain)<\/td>\n<\/tr>\n<\/tbody>\n<\/table><\/div>\n<\/figure>\n<h2>1,78 m : le format du milieu polyvalent<\/h2>\n<p>FFF, PSG, L\u2019\u00c9quipe, FotMob : toutes les fiches institutionnelles listent Warren Za\u00efre-Emery \u00e0 <strong>178 cm<\/strong>. Transfermarkt a parfois affich\u00e9 1,76 m \u2014 un \u00e9cart mineur qui ne change rien au constat : on est sur un gabarit standard de milieu de terrain de haut niveau, dans la fourchette 1,75-1,83 m o\u00f9 \u00e9volue la majorit\u00e9 du poste.<\/p>\n<p>La comparaison avec ses partenaires du milieu est parlante : il domine nettement <a href=\"https:\/\/starstory.fr\/blog\/celebrites-et-influence-en-france\/taille-des-stars\/quelle-taille-fait-ngolo-kante\/\">N\u2019Golo Kant\u00e9 (1,68 m)<\/a> (1,68 m), la r\u00e9f\u00e9rence historique du poste chez les Bleus, et reste loin des grands relayeurs comme Adrien Rabiot (1,91 m). Ce format interm\u00e9diaire, combin\u00e9 \u00e0 ses 68 kg, lui donne ce profil compact capable de changer de direction tr\u00e8s vite.<\/p>\n<p>C\u2019est pr\u00e9cis\u00e9ment ce qu\u2019on voit au PSG : pressing haut, ballons gratt\u00e9s dans les pieds, projections incessantes entre les deux surfaces.<\/p>\n<h2>La pr\u00e9cocit\u00e9 comme marqueur<\/h2>\n<p>Za\u00efre-Emery est devenu en 2022, \u00e0 16 ans et 5 mois, le plus jeune joueur de l\u2019histoire du PSG en professionnel, avant d\u2019encha\u00eener les records de pr\u00e9cocit\u00e9 en Ligue des champions puis en \u00e9quipe de France. Son physique n\u2019a jamais \u00e9t\u00e9 l\u2019argument : c\u2019est son volume de course, sa lucidit\u00e9 technique et sa maturit\u00e9 qui ont convaincu ses entra\u00eeneurs successifs.<\/p>\n<aside style=\"background:#FBEAF2;border-left:4px solid #B11E6A;padding:14px 18px;margin:18px 0;border-radius:0 4px 4px 0;font-family:-apple-system,BlinkMacSystemFont,'Segoe UI',Roboto,sans-serif;\">\n  <strong style=\"display:inline-block;color:#8a1450;font-size:12px;text-transform:uppercase;letter-spacing:1.5px;margin-right:8px;\">&#128161; Bon \u00e0 savoir<\/strong><br \/>\n  <span style=\"font-size:14.5px;line-height:1.55;color:#3a3a3a;\">Pour sa premi\u00e8re s\u00e9lection en novembre 2023, \u00e0 17 ans, Za\u00efre-Emery a marqu\u00e9 contre Gibraltar (14-0) avant de sortir sur blessure \u2014 plus jeune buteur des Bleus depuis 1914.<\/span><br \/>\n<\/aside>\n<h2>Signes distinctifs<\/h2>\n<p>Visage juv\u00e9nile, jeu sobre, c\u00e9l\u00e9brations mesur\u00e9es : \u00ab WZE \u00bb se distingue moins par son apparence que par une r\u00e9gularit\u00e9 inhabituelle pour son \u00e2ge. Les cam\u00e9ras le montrent souvent en train de replacer ses partenaires \u2014 un r\u00f4le de patron pr\u00e9coce dans l\u2019entrejeu parisien.<\/p>\n<h2>Traits de caract\u00e8re<\/h2>\n<p>Ses entra\u00eeneurs, de Christophe Galtier \u00e0 Luis Enrique, ont tous soulign\u00e9 publiquement sa <strong>maturit\u00e9<\/strong> exceptionnelle et son s\u00e9rieux \u00e0 l\u2019entra\u00eenement. Capitaine des \u00e9quipes de jeunes du PSG d\u00e8s l\u2019adolescence, il est d\u00e9crit par la presse comme un leader silencieux, respect\u00e9 du vestiaire malgr\u00e9 son \u00e2ge.<\/p>\n<p>Pour situer Warren Za\u00efre-Emery face aux autres c\u00e9l\u00e9brit\u00e9s, consultez notre <a href=\"https:\/\/starstory.fr\/blog\/celebrites-et-influence-en-france\/taille-des-stars\/quelle-taille-font-les-stars\/\">guide complet des tailles des stars<\/a>.<\/p>\n<h2>Questions fr\u00e9quentes<\/h2>\n<details style=\"border:1px solid #e5e5e0;border-radius:8px;padding:14px 18px;margin:12px 0;font-family:-apple-system,BlinkMacSystemFont,'Segoe UI',Roboto,sans-serif;\">\n<summary style=\"font-weight:700;font-size:15.5px;color:#1a1a1a;cursor:pointer;\">Quelle est la taille exacte de Warren Za\u00efre-Emery ?<\/summary>\n<p style=\"margin:12px 0 0;font-size:15px;line-height:1.6;color:#3a3a3a;\">Warren Za\u00efre-Emery mesure <strong>1,78 m<\/strong> selon la FFF, le PSG et L\u2019\u00c9quipe ; Transfermarkt a parfois affich\u00e9 1,76 m.<\/p>\n<\/details>\n<details style=\"border:1px solid #e5e5e0;border-radius:8px;padding:14px 18px;margin:12px 0;font-family:-apple-system,BlinkMacSystemFont,'Segoe UI',Roboto,sans-serif;\">\n<summary style=\"font-weight:700;font-size:15.5px;color:#1a1a1a;cursor:pointer;\">Combien p\u00e8se Warren Za\u00efre-Emery ?<\/summary>\n<p style=\"margin:12px 0 0;font-size:15px;line-height:1.6;color:#3a3a3a;\">Son poids officiel est de <strong>68 kg<\/strong>, identique sur les fiches FFF, PSG et L\u2019\u00c9quipe.<\/p>\n<\/details>\n<details style=\"border:1px solid #e5e5e0;border-radius:8px;padding:14px 18px;margin:12px 0;font-family:-apple-system,BlinkMacSystemFont,'Segoe UI',Roboto,sans-serif;\">\n<summary style=\"font-weight:700;font-size:15.5px;color:#1a1a1a;cursor:pointer;\">Za\u00efre-Emery est-il grand pour un milieu de terrain ?<\/summary>\n<p style=\"margin:12px 0 0;font-size:15px;line-height:1.6;color:#3a3a3a;\">Il se situe dans la moyenne du poste : la majorit\u00e9 des milieux professionnels mesurent entre 1,75 m et 1,83 m. Il domine en revanche N\u2019Golo Kant\u00e9 (1,68 m) de 10 cm.<\/p>\n<\/details>\n<p style=\"font-size:13px;color:#6a6a6a;margin-top:28px;\">Sources : fiche joueur FFF (fff.fr), site officiel du PSG, fiche joueur L\u2019\u00c9quipe.<\/p>\n<p><script type=\"application\/ld+json\">{\"@context\": \"https:\/\/schema.org\", \"@type\": \"FAQPage\", \"mainEntity\": [{\"@type\": \"Question\", \"name\": \"Quelle est la taille exacte de Warren Za\u00efre-Emery ?\", \"acceptedAnswer\": {\"@type\": \"Answer\", \"text\": \"Warren Za\u00efre-Emery mesure 1,78 m selon la FFF, le PSG et L\u2019\u00c9quipe ; Transfermarkt a parfois affich\u00e9 1,76 m.\"}}, {\"@type\": \"Question\", \"name\": \"Combien p\u00e8se Warren Za\u00efre-Emery ?\", \"acceptedAnswer\": {\"@type\": \"Answer\", \"text\": \"Son poids officiel est de 68 kg, identique sur les fiches FFF, PSG et L\u2019\u00c9quipe.\"}}, {\"@type\": \"Question\", \"name\": \"Za\u00efre-Emery est-il grand pour un milieu de terrain ?\", \"acceptedAnswer\": {\"@type\": \"Answer\", \"text\": \"Il se situe dans la moyenne du poste : la majorit\u00e9 des milieux professionnels mesurent entre 1,75 m et 1,83 m. Il domine en revanche N\u2019Golo Kant\u00e9 (1,68 m) de 10 cm.\"}}]}<\/script><\/p>\n","protected":false},"excerpt":{"rendered":"","protected":false},"author":39,"featured_media":999999999,"comment_status":"open","ping_status":"open","sticky":false,"template":"","format":"standard","meta":{"_acf_changed":false,"manual_indexmenow":false,"indexmenow_id_project":0,"footnotes":""},"categories":[4839],"tags":[],"class_list":["post-8220","post","type-post","status-publish","format-standard","has-post-thumbnail","hentry","category-taille-des-stars","generate-columns","tablet-grid-50","mobile-grid-100","grid-parent","grid-25"],"acf":[],"yoast_head":"<!-- This site is optimized with the Yoast SEO Premium plugin v21.3 (Yoast SEO v26.5) - https:\/\/yoast.com\/wordpress\/plugins\/seo\/ -->\n<title>Quelle taille fait Warren Za\u00efre-Emery ? (poids, fiche)<\/title>\n<meta name=\"description\" content=\"Warren Za\u00efre-Emery mesure 1,78 m pour 68 kg selon la FFF et le PSG. Taille, poids et gabarit du plus jeune titulaire de l&#039;histoire du PSG : la fiche v\u00e9rifi\u00e9e.\" \/>\n<meta name=\"robots\" content=\"index, follow, max-snippet:-1, max-image-preview:large, max-video-preview:-1\" \/>\n<link rel=\"canonical\" href=\"https:\/\/starstory.fr\/blog\/celebrites-et-influence-en-france\/taille-des-stars\/quelle-taille-fait-warren-zaire-emery\/\" \/>\n<meta property=\"og:locale\" content=\"fr_FR\" \/>\n<meta property=\"og:type\" content=\"article\" \/>\n<meta property=\"og:title\" content=\"Quelle taille fait Warren Za\u00efre-Emery ? (poids, fiche)\" \/>\n<meta property=\"og:description\" content=\"Warren Za\u00efre-Emery mesure 1,78 m pour 68 kg selon la FFF et le PSG. Taille, poids et gabarit du plus jeune titulaire de l&#039;histoire du PSG : la fiche v\u00e9rifi\u00e9e.\" \/>\n<meta property=\"og:url\" content=\"https:\/\/starstory.fr\/blog\/celebrites-et-influence-en-france\/taille-des-stars\/quelle-taille-fait-warren-zaire-emery\/\" \/>\n<meta property=\"og:site_name\" content=\"starstory\" \/>\n<meta property=\"og:image\" content=\"https:\/\/images.pexels.com\/photos\/19582958\/pexels-photo-19582958.jpeg?auto=compress&cs=tinysrgb&fit=crop&h=627&w=1200\" \/>\n<meta name=\"author\" content=\"Claire Lefevre\" \/>\n<meta name=\"twitter:card\" content=\"summary_large_image\" \/>\n<script type=\"application\/ld+json\" class=\"yoast-schema-graph\">{\"@context\":\"https:\/\/schema.org\",\"@graph\":[{\"@type\":\"NewsArticle\",\"@id\":\"https:\/\/starstory.fr\/blog\/celebrites-et-influence-en-france\/taille-des-stars\/quelle-taille-fait-warren-zaire-emery\/#article\",\"isPartOf\":{\"@id\":\"https:\/\/starstory.fr\/blog\/celebrites-et-influence-en-france\/taille-des-stars\/quelle-taille-fait-warren-zaire-emery\/\"},\"author\":{\"name\":\"Claire Lefevre\",\"@id\":\"https:\/\/starstory.fr\/blog\/#\/schema\/person\/432b46949d2a452f85568b160103039e\"},\"headline\":\"Quelle taille fait Warren Za\u00efre-Emery ?\",\"datePublished\":\"2026-07-12T17:07:34+00:00\",\"mainEntityOfPage\":{\"@id\":\"https:\/\/starstory.fr\/blog\/celebrites-et-influence-en-france\/taille-des-stars\/quelle-taille-fait-warren-zaire-emery\/\"},\"wordCount\":539,\"commentCount\":0,\"publisher\":{\"@id\":\"https:\/\/starstory.fr\/blog\/#organization\"},\"image\":{\"@id\":\"https:\/\/starstory.fr\/blog\/celebrites-et-influence-en-france\/taille-des-stars\/quelle-taille-fait-warren-zaire-emery\/#primaryimage\"},\"thumbnailUrl\":\"https:\/\/images.pexels.com\/photos\/19582958\/pexels-photo-19582958.jpeg?auto=compress&cs=tinysrgb&fit=crop&h=627&w=1200\",\"articleSection\":[\"Taille et mensurations des stars\"],\"inLanguage\":\"fr-FR\",\"potentialAction\":[{\"@type\":\"CommentAction\",\"name\":\"Comment\",\"target\":[\"https:\/\/starstory.fr\/blog\/celebrites-et-influence-en-france\/taille-des-stars\/quelle-taille-fait-warren-zaire-emery\/#respond\"]}]},{\"@type\":\"WebPage\",\"@id\":\"https:\/\/starstory.fr\/blog\/celebrites-et-influence-en-france\/taille-des-stars\/quelle-taille-fait-warren-zaire-emery\/\",\"url\":\"https:\/\/starstory.fr\/blog\/celebrites-et-influence-en-france\/taille-des-stars\/quelle-taille-fait-warren-zaire-emery\/\",\"name\":\"Quelle taille fait Warren Za\u00efre-Emery ? (poids, fiche)\",\"isPartOf\":{\"@id\":\"https:\/\/starstory.fr\/blog\/#website\"},\"primaryImageOfPage\":{\"@id\":\"https:\/\/starstory.fr\/blog\/celebrites-et-influence-en-france\/taille-des-stars\/quelle-taille-fait-warren-zaire-emery\/#primaryimage\"},\"image\":{\"@id\":\"https:\/\/starstory.fr\/blog\/celebrites-et-influence-en-france\/taille-des-stars\/quelle-taille-fait-warren-zaire-emery\/#primaryimage\"},\"thumbnailUrl\":\"https:\/\/images.pexels.com\/photos\/19582958\/pexels-photo-19582958.jpeg?auto=compress&cs=tinysrgb&fit=crop&h=627&w=1200\",\"datePublished\":\"2026-07-12T17:07:34+00:00\",\"description\":\"Warren Za\u00efre-Emery mesure 1,78 m pour 68 kg selon la FFF et le PSG. Taille, poids et gabarit du plus jeune titulaire de l'histoire du PSG : la fiche v\u00e9rifi\u00e9e.\",\"inLanguage\":\"fr-FR\",\"potentialAction\":[{\"@type\":\"ReadAction\",\"target\":[\"https:\/\/starstory.fr\/blog\/celebrites-et-influence-en-france\/taille-des-stars\/quelle-taille-fait-warren-zaire-emery\/\"]}]},{\"@type\":\"ImageObject\",\"inLanguage\":\"fr-FR\",\"@id\":\"https:\/\/starstory.fr\/blog\/celebrites-et-influence-en-france\/taille-des-stars\/quelle-taille-fait-warren-zaire-emery\/#primaryimage\",\"url\":\"https:\/\/images.pexels.com\/photos\/19582958\/pexels-photo-19582958.jpeg?auto=compress&cs=tinysrgb&fit=crop&h=627&w=1200\",\"contentUrl\":\"https:\/\/images.pexels.com\/photos\/19582958\/pexels-photo-19582958.jpeg?auto=compress&cs=tinysrgb&fit=crop&h=627&w=1200\"},{\"@type\":\"WebSite\",\"@id\":\"https:\/\/starstory.fr\/blog\/#website\",\"url\":\"https:\/\/starstory.fr\/blog\/\",\"name\":\"StarStory\",\"description\":\"StarStory, les \u00e9toiles racontent leur histoire\",\"publisher\":{\"@id\":\"https:\/\/starstory.fr\/blog\/#organization\"},\"alternateName\":\"StarStory, les \u00e9toiles racontent leur histoire\",\"potentialAction\":[{\"@type\":\"SearchAction\",\"target\":{\"@type\":\"EntryPoint\",\"urlTemplate\":\"https:\/\/starstory.fr\/blog\/?s={search_term_string}\"},\"query-input\":{\"@type\":\"PropertyValueSpecification\",\"valueRequired\":true,\"valueName\":\"search_term_string\"}}],\"inLanguage\":\"fr-FR\"},{\"@type\":\"Organization\",\"@id\":\"https:\/\/starstory.fr\/blog\/#organization\",\"name\":\"StarStory\",\"alternateName\":\"StarStory.fr\",\"url\":\"https:\/\/starstory.fr\/blog\/\",\"logo\":{\"@type\":\"ImageObject\",\"inLanguage\":\"fr-FR\",\"@id\":\"https:\/\/starstory.fr\/blog\/#\/schema\/logo\/image\/\",\"url\":\"https:\/\/starstory.fr\/blog\/wp-content\/uploads\/2024\/12\/38.png\",\"contentUrl\":\"https:\/\/starstory.fr\/blog\/wp-content\/uploads\/2024\/12\/38.png\",\"width\":500,\"height\":500,\"caption\":\"StarStory\"},\"image\":{\"@id\":\"https:\/\/starstory.fr\/blog\/#\/schema\/logo\/image\/\"}},{\"@type\":\"Person\",\"@id\":\"https:\/\/starstory.fr\/blog\/#\/schema\/person\/432b46949d2a452f85568b160103039e\",\"name\":\"Claire Lefevre\",\"image\":{\"@type\":\"ImageObject\",\"inLanguage\":\"fr-FR\",\"@id\":\"https:\/\/starstory.fr\/blog\/#\/schema\/person\/image\/\",\"url\":\"https:\/\/secure.gravatar.com\/avatar\/?s=96&d=mm&r=g\",\"contentUrl\":\"https:\/\/secure.gravatar.com\/avatar\/?s=96&d=mm&r=g\",\"caption\":\"Claire Lefevre\"},\"description\":\"Claire raconte l\u2019\u00e9volution des c\u00e9l\u00e9brit\u00e9s et leur influence socioculturelle \u00e0 travers les d\u00e9cennies.\",\"url\":\"https:\/\/starstory.fr\/blog\/auteur\/claire-lefevre\/\",\"jobTitle\":\"Contributrice mutuelle sant\u00e9\",\"email\":\"claire.lefevre@starstory.fr\"}]}<\/script>\n<!-- \/ Yoast SEO Premium plugin. -->","yoast_head_json":{"title":"Quelle taille fait Warren Za\u00efre-Emery ? (poids, fiche)","description":"Warren Za\u00efre-Emery mesure 1,78 m pour 68 kg selon la FFF et le PSG. Taille, poids et gabarit du plus jeune titulaire de l'histoire du PSG : la fiche v\u00e9rifi\u00e9e.","robots":{"index":"index","follow":"follow","max-snippet":"max-snippet:-1","max-image-preview":"max-image-preview:large","max-video-preview":"max-video-preview:-1"},"canonical":"https:\/\/starstory.fr\/blog\/celebrites-et-influence-en-france\/taille-des-stars\/quelle-taille-fait-warren-zaire-emery\/","og_locale":"fr_FR","og_type":"article","og_title":"Quelle taille fait Warren Za\u00efre-Emery ? (poids, fiche)","og_description":"Warren Za\u00efre-Emery mesure 1,78 m pour 68 kg selon la FFF et le PSG. Taille, poids et gabarit du plus jeune titulaire de l'histoire du PSG : la fiche v\u00e9rifi\u00e9e.","og_url":"https:\/\/starstory.fr\/blog\/celebrites-et-influence-en-france\/taille-des-stars\/quelle-taille-fait-warren-zaire-emery\/","og_site_name":"starstory","og_image":[{"url":"https:\/\/images.pexels.com\/photos\/19582958\/pexels-photo-19582958.jpeg?auto=compress&cs=tinysrgb&fit=crop&h=627&w=1200","type":"","width":"","height":""}],"author":"Claire Lefevre","twitter_card":"summary_large_image","schema":{"@context":"https:\/\/schema.org","@graph":[{"@type":"NewsArticle","@id":"https:\/\/starstory.fr\/blog\/celebrites-et-influence-en-france\/taille-des-stars\/quelle-taille-fait-warren-zaire-emery\/#article","isPartOf":{"@id":"https:\/\/starstory.fr\/blog\/celebrites-et-influence-en-france\/taille-des-stars\/quelle-taille-fait-warren-zaire-emery\/"},"author":{"name":"Claire Lefevre","@id":"https:\/\/starstory.fr\/blog\/#\/schema\/person\/432b46949d2a452f85568b160103039e"},"headline":"Quelle taille fait Warren Za\u00efre-Emery ?","datePublished":"2026-07-12T17:07:34+00:00","mainEntityOfPage":{"@id":"https:\/\/starstory.fr\/blog\/celebrites-et-influence-en-france\/taille-des-stars\/quelle-taille-fait-warren-zaire-emery\/"},"wordCount":539,"commentCount":0,"publisher":{"@id":"https:\/\/starstory.fr\/blog\/#organization"},"image":{"@id":"https:\/\/starstory.fr\/blog\/celebrites-et-influence-en-france\/taille-des-stars\/quelle-taille-fait-warren-zaire-emery\/#primaryimage"},"thumbnailUrl":"https:\/\/images.pexels.com\/photos\/19582958\/pexels-photo-19582958.jpeg?auto=compress&cs=tinysrgb&fit=crop&h=627&w=1200","articleSection":["Taille et mensurations des stars"],"inLanguage":"fr-FR","potentialAction":[{"@type":"CommentAction","name":"Comment","target":["https:\/\/starstory.fr\/blog\/celebrites-et-influence-en-france\/taille-des-stars\/quelle-taille-fait-warren-zaire-emery\/#respond"]}]},{"@type":"WebPage","@id":"https:\/\/starstory.fr\/blog\/celebrites-et-influence-en-france\/taille-des-stars\/quelle-taille-fait-warren-zaire-emery\/","url":"https:\/\/starstory.fr\/blog\/celebrites-et-influence-en-france\/taille-des-stars\/quelle-taille-fait-warren-zaire-emery\/","name":"Quelle taille fait Warren Za\u00efre-Emery ? (poids, fiche)","isPartOf":{"@id":"https:\/\/starstory.fr\/blog\/#website"},"primaryImageOfPage":{"@id":"https:\/\/starstory.fr\/blog\/celebrites-et-influence-en-france\/taille-des-stars\/quelle-taille-fait-warren-zaire-emery\/#primaryimage"},"image":{"@id":"https:\/\/starstory.fr\/blog\/celebrites-et-influence-en-france\/taille-des-stars\/quelle-taille-fait-warren-zaire-emery\/#primaryimage"},"thumbnailUrl":"https:\/\/images.pexels.com\/photos\/19582958\/pexels-photo-19582958.jpeg?auto=compress&cs=tinysrgb&fit=crop&h=627&w=1200","datePublished":"2026-07-12T17:07:34+00:00","description":"Warren Za\u00efre-Emery mesure 1,78 m pour 68 kg selon la FFF et le PSG. Taille, poids et gabarit du plus jeune titulaire de l'histoire du PSG : la fiche v\u00e9rifi\u00e9e.","inLanguage":"fr-FR","potentialAction":[{"@type":"ReadAction","target":["https:\/\/starstory.fr\/blog\/celebrites-et-influence-en-france\/taille-des-stars\/quelle-taille-fait-warren-zaire-emery\/"]}]},{"@type":"ImageObject","inLanguage":"fr-FR","@id":"https:\/\/starstory.fr\/blog\/celebrites-et-influence-en-france\/taille-des-stars\/quelle-taille-fait-warren-zaire-emery\/#primaryimage","url":"https:\/\/images.pexels.com\/photos\/19582958\/pexels-photo-19582958.jpeg?auto=compress&cs=tinysrgb&fit=crop&h=627&w=1200","contentUrl":"https:\/\/images.pexels.com\/photos\/19582958\/pexels-photo-19582958.jpeg?auto=compress&cs=tinysrgb&fit=crop&h=627&w=1200"},{"@type":"WebSite","@id":"https:\/\/starstory.fr\/blog\/#website","url":"https:\/\/starstory.fr\/blog\/","name":"StarStory","description":"StarStory, les \u00e9toiles racontent leur histoire","publisher":{"@id":"https:\/\/starstory.fr\/blog\/#organization"},"alternateName":"StarStory, les \u00e9toiles racontent leur histoire","potentialAction":[{"@type":"SearchAction","target":{"@type":"EntryPoint","urlTemplate":"https:\/\/starstory.fr\/blog\/?s={search_term_string}"},"query-input":{"@type":"PropertyValueSpecification","valueRequired":true,"valueName":"search_term_string"}}],"inLanguage":"fr-FR"},{"@type":"Organization","@id":"https:\/\/starstory.fr\/blog\/#organization","name":"StarStory","alternateName":"StarStory.fr","url":"https:\/\/starstory.fr\/blog\/","logo":{"@type":"ImageObject","inLanguage":"fr-FR","@id":"https:\/\/starstory.fr\/blog\/#\/schema\/logo\/image\/","url":"https:\/\/starstory.fr\/blog\/wp-content\/uploads\/2024\/12\/38.png","contentUrl":"https:\/\/starstory.fr\/blog\/wp-content\/uploads\/2024\/12\/38.png","width":500,"height":500,"caption":"StarStory"},"image":{"@id":"https:\/\/starstory.fr\/blog\/#\/schema\/logo\/image\/"}},{"@type":"Person","@id":"https:\/\/starstory.fr\/blog\/#\/schema\/person\/432b46949d2a452f85568b160103039e","name":"Claire Lefevre","image":{"@type":"ImageObject","inLanguage":"fr-FR","@id":"https:\/\/starstory.fr\/blog\/#\/schema\/person\/image\/","url":"https:\/\/secure.gravatar.com\/avatar\/?s=96&d=mm&r=g","contentUrl":"https:\/\/secure.gravatar.com\/avatar\/?s=96&d=mm&r=g","caption":"Claire Lefevre"},"description":"Claire raconte l\u2019\u00e9volution des c\u00e9l\u00e9brit\u00e9s et leur influence socioculturelle \u00e0 travers les d\u00e9cennies.","url":"https:\/\/starstory.fr\/blog\/auteur\/claire-lefevre\/","jobTitle":"Contributrice mutuelle sant\u00e9","email":"claire.lefevre@starstory.fr"}]}},"_links":{"self":[{"href":"https:\/\/starstory.fr\/blog\/wp-json\/wp\/v2\/posts\/8220","targetHints":{"allow":["GET"]}}],"collection":[{"href":"https:\/\/starstory.fr\/blog\/wp-json\/wp\/v2\/posts"}],"about":[{"href":"https:\/\/starstory.fr\/blog\/wp-json\/wp\/v2\/types\/post"}],"author":[{"embeddable":true,"href":"https:\/\/starstory.fr\/blog\/wp-json\/wp\/v2\/users\/39"}],"replies":[{"embeddable":true,"href":"https:\/\/starstory.fr\/blog\/wp-json\/wp\/v2\/comments?post=8220"}],"version-history":[{"count":0,"href":"https:\/\/starstory.fr\/blog\/wp-json\/wp\/v2\/posts\/8220\/revisions"}],"wp:attachment":[{"href":"https:\/\/starstory.fr\/blog\/wp-json\/wp\/v2\/media?parent=8220"}],"wp:term":[{"taxonomy":"category","embeddable":true,"href":"https:\/\/starstory.fr\/blog\/wp-json\/wp\/v2\/categories?post=8220"},{"taxonomy":"post_tag","embeddable":true,"href":"https:\/\/starstory.fr\/blog\/wp-json\/wp\/v2\/tags?post=8220"}],"curies":[{"name":"wp","href":"https:\/\/api.w.org\/{rel}","templated":true}]}}