{"id":8216,"date":"2026-07-12T19:07:19","date_gmt":"2026-07-12T17:07:19","guid":{"rendered":"https:\/\/starstory.fr\/blog\/celebrites-et-influence-en-france\/taille-des-stars\/quelle-taille-fait-ibrahima-konate\/"},"modified":"2026-07-12T19:07:19","modified_gmt":"2026-07-12T17:07:19","slug":"quelle-taille-fait-ibrahima-konate","status":"publish","type":"post","link":"https:\/\/starstory.fr\/blog\/celebrites-et-influence-en-france\/taille-des-stars\/quelle-taille-fait-ibrahima-konate\/","title":{"rendered":"Quelle taille fait Ibrahima Konat\u00e9 ?"},"content":{"rendered":"<aside style=\"background:#FBEAF2;border-left:5px solid #B11E6A;padding:22px 28px;margin:24px 0;font-family:-apple-system,BlinkMacSystemFont,'Segoe UI',Roboto,sans-serif;\">\n<div style=\"margin:0;font-size:19px;line-height:1.55;color:#2a2a2a;font-weight:500;letter-spacing:-0.005em;\">\n    Ibrahima Konat\u00e9 mesure <strong>1,94 m<\/strong> pour environ <strong>95 kg<\/strong> selon la FFF et Transfermarkt. L\u2019un des tout plus grands gabarits de l\u2019\u00e9quipe de France, d\u00e9sormais d\u00e9fenseur central du Real Madrid.\n  <\/div>\n<\/aside>\n<figure style=\"margin:32px 0;font-family:-apple-system,BlinkMacSystemFont,'Segoe UI',Roboto,sans-serif;\">\n<div style=\"overflow-x:auto;border:1px solid #e5e5e0;border-radius:8px;\">\n<table style=\"width:100%;border-collapse:collapse;font-size:14px;color:#2a2a2a;min-width:500px;\">\n<thead>\n<tr style=\"background:#1a1a1a;color:#fff;\">\n<th style=\"text-align:left;padding:14px 18px;font-weight:700;font-size:12px;text-transform:uppercase;letter-spacing:1.5px;\">Fiche mensurations<\/th>\n<th style=\"text-align:left;padding:14px 18px;font-weight:700;font-size:12px;text-transform:uppercase;letter-spacing:1.5px;\">D\u00e9tail<\/th>\n<\/tr>\n<\/thead>\n<tbody>\n<tr style=\"background:#fff;border-bottom:1px solid #f0ede5;\">\n<td style=\"padding:14px 18px;font-weight:600;\">Nom complet<\/td>\n<td style=\"padding:14px 18px;color:#4a4a4a;\">Ibrahima Konat\u00e9<\/td>\n<\/tr>\n<tr style=\"background:#fafaf7;border-bottom:1px solid #f0ede5;\">\n<td style=\"padding:14px 18px;font-weight:600;\">Naissance<\/td>\n<td style=\"padding:14px 18px;color:#4a4a4a;\">25 mai 1999, Paris<\/td>\n<\/tr>\n<tr style=\"background:#fff;border-bottom:1px solid #f0ede5;\">\n<td style=\"padding:14px 18px;font-weight:600;\">Taille<\/td>\n<td style=\"padding:14px 18px;color:#4a4a4a;\"><strong>1,94 m<\/strong> (FFF, Transfermarkt, Foot Mercato)<\/td>\n<\/tr>\n<tr style=\"background:#fafaf7;border-bottom:1px solid #f0ede5;\">\n<td style=\"padding:14px 18px;font-weight:600;\">Poids<\/td>\n<td style=\"padding:14px 18px;color:#4a4a4a;\">95 kg selon les fiches officielles<\/td>\n<\/tr>\n<tr style=\"background:#fff;border-bottom:1px solid #f0ede5;\">\n<td style=\"padding:14px 18px;font-weight:600;\">Nationalit\u00e9<\/td>\n<td style=\"padding:14px 18px;color:#4a4a4a;\">Fran\u00e7aise<\/td>\n<\/tr>\n<tr style=\"background:#fafaf7;\">\n<td style=\"padding:14px 18px;font-weight:600;\">Poste<\/td>\n<td style=\"padding:14px 18px;color:#4a4a4a;\">D\u00e9fenseur central, pied droit (Real Madrid depuis juin 2026)<\/td>\n<\/tr>\n<\/tbody>\n<\/table><\/div>\n<\/figure>\n<h2>1,94 m : la convergence est totale<\/h2>\n<p>FFF, Transfermarkt, Foot Mercato, Wikip\u00e9dia : toutes les grandes bases listent Ibrahima Konat\u00e9 \u00e0 <strong>194 cm<\/strong>, soit environ 6\u20194\u201d. Les rares mentions \u00e0 1,92 ou 1,93 m rel\u00e8vent d\u2019arrondis isol\u00e9s. Associ\u00e9 \u00e0 ses 95 kg, ce format en fait l\u2019un des d\u00e9fenseurs les plus massifs du tr\u00e8s haut niveau europ\u00e9en.<\/p>\n<p>Dans la hi\u00e9rarchie des g\u00e9ants du poste, Konat\u00e9 d\u00e9passe Virgil van Dijk (1,93 m), son ancien partenaire \u00e0 Liverpool, et se rapproche de <a href=\"https:\/\/starstory.fr\/blog\/celebrites-et-influence-en-france\/taille-des-stars\/quelle-taille-fait-erling-haaland\/\">Erling Haaland (1,95 m)<\/a>, le seul attaquant qu\u2019il croise r\u00e9guli\u00e8rement \u00e0 hauteur d\u2019yeux. Il rend en revanche l\u2019avantage de la vitesse \u00e0 peu de monde : sa couverture de la profondeur reste son atout signature.<\/p>\n<p>Apr\u00e8s cinq saisons \u00e0 Liverpool, Konat\u00e9 a rejoint le <strong>Real Madrid<\/strong> en juin 2026, libre de contrat, pour quatre saisons. Il y retrouve d\u2019anciens co\u00e9quipiers en s\u00e9lection et un poste de choix dans l\u2019axe.<\/p>\n<h2>Un physique hors norme, utilis\u00e9 de fa\u00e7on moderne<\/h2>\n<p>Sur coups de pied arr\u00eat\u00e9s, ses 1,94 m font de lui une cible offensive et un mur d\u00e9fensif. Mais ce qui distingue Konat\u00e9 des grands stoppeurs classiques, c\u2019est l\u2019association taille-vitesse : il peut suivre un attaquant lanc\u00e9 sur 40 m\u00e8tres, chose rare pour un joueur de ce format. Form\u00e9 au Paris FC comme attaquant avant d\u2019\u00eatre repositionn\u00e9, il a gard\u00e9 de cette \u00e9poque une vraie qualit\u00e9 de relance.<\/p>\n<aside style=\"background:#FBEAF2;border-left:4px solid #B11E6A;padding:14px 18px;margin:18px 0;border-radius:0 4px 4px 0;font-family:-apple-system,BlinkMacSystemFont,'Segoe UI',Roboto,sans-serif;\">\n  <strong style=\"display:inline-block;color:#8a1450;font-size:12px;text-transform:uppercase;letter-spacing:1.5px;margin-right:8px;\">&#128161; Bon \u00e0 savoir<\/strong><br \/>\n  <span style=\"font-size:14.5px;line-height:1.55;color:#3a3a3a;\">Form\u00e9 au Paris FC puis pass\u00e9 par le RB Leipzig et Liverpool, Konat\u00e9 a sign\u00e9 libre au Real Madrid le 18 juin 2026 \u2014 l\u2019un des transferts gratuits les plus comment\u00e9s de l\u2019\u00e9t\u00e9.<\/span><br \/>\n<\/aside>\n<h2>Signes distinctifs<\/h2>\n<p>Carrure massive, \u00e9paules larges, sourire permanent en zone mixte : Konat\u00e9 est aussi connu pour son humour sur les r\u00e9seaux sociaux, o\u00f9 ses \u00e9changes avec ses co\u00e9quipiers de s\u00e9lection sont r\u00e9guli\u00e8rement repris. Sur le terrain, sa pr\u00e9sence physique se voit avant m\u00eame le premier duel.<\/p>\n<h2>Traits de caract\u00e8re<\/h2>\n<p>Les portraits de presse le d\u00e9crivent comme un joueur <strong>jovial<\/strong> et f\u00e9d\u00e9rateur dans les vestiaires, tout en \u00e9tant extr\u00eamement exigeant dans la pr\u00e9paration physique. Ses formateurs parisiens ont souvent racont\u00e9 sa bascule pr\u00e9coce d\u2019attaquant vers la d\u00e9fense centrale, accept\u00e9e avec un pragmatisme rare chez un adolescent.<\/p>\n<p>Pour situer Ibrahima Konat\u00e9 face aux autres c\u00e9l\u00e9brit\u00e9s, notre <a href=\"https:\/\/starstory.fr\/blog\/celebrites-et-influence-en-france\/taille-des-stars\/quelle-taille-font-les-stars\/\">guide complet des tailles des stars<\/a> r\u00e9capitule toutes les mensurations v\u00e9rifi\u00e9es.<\/p>\n<h2>Questions fr\u00e9quentes<\/h2>\n<details style=\"border:1px solid #e5e5e0;border-radius:8px;padding:14px 18px;margin:12px 0;font-family:-apple-system,BlinkMacSystemFont,'Segoe UI',Roboto,sans-serif;\">\n<summary style=\"font-weight:700;font-size:15.5px;color:#1a1a1a;cursor:pointer;\">Quelle est la taille exacte d\u2019Ibrahima Konat\u00e9 ?<\/summary>\n<p style=\"margin:12px 0 0;font-size:15px;line-height:1.6;color:#3a3a3a;\">Ibrahima Konat\u00e9 mesure <strong>1,94 m<\/strong> (194 cm), une valeur identique sur les fiches FFF, Transfermarkt et Foot Mercato.<\/p>\n<\/details>\n<details style=\"border:1px solid #e5e5e0;border-radius:8px;padding:14px 18px;margin:12px 0;font-family:-apple-system,BlinkMacSystemFont,'Segoe UI',Roboto,sans-serif;\">\n<summary style=\"font-weight:700;font-size:15.5px;color:#1a1a1a;cursor:pointer;\">Combien p\u00e8se Ibrahima Konat\u00e9 ?<\/summary>\n<p style=\"margin:12px 0 0;font-size:15px;line-height:1.6;color:#3a3a3a;\">Les fiches officielles indiquent un poids d\u2019environ <strong>95 kg<\/strong>, coh\u00e9rent avec son gabarit de grand d\u00e9fenseur central.<\/p>\n<\/details>\n<details style=\"border:1px solid #e5e5e0;border-radius:8px;padding:14px 18px;margin:12px 0;font-family:-apple-system,BlinkMacSystemFont,'Segoe UI',Roboto,sans-serif;\">\n<summary style=\"font-weight:700;font-size:15.5px;color:#1a1a1a;cursor:pointer;\">Dans quel club joue Ibrahima Konat\u00e9 en 2026 ?<\/summary>\n<p style=\"margin:12px 0 0;font-size:15px;line-height:1.6;color:#3a3a3a;\">Konat\u00e9 a rejoint le <strong>Real Madrid<\/strong> en juin 2026, libre de contrat apr\u00e8s cinq saisons \u00e0 Liverpool, pour un bail de quatre ans.<\/p>\n<\/details>\n<p style=\"font-size:13px;color:#6a6a6a;margin-top:28px;\">Sources : fiche joueur FFF (fff.fr), fiche joueur Transfermarkt, communiqu\u00e9 Real Madrid (juin 2026).<\/p>\n<p><script type=\"application\/ld+json\">{\"@context\": \"https:\/\/schema.org\", \"@type\": \"FAQPage\", \"mainEntity\": [{\"@type\": \"Question\", \"name\": \"Quelle est la taille exacte d\u2019Ibrahima Konat\u00e9 ?\", \"acceptedAnswer\": {\"@type\": \"Answer\", \"text\": \"Ibrahima Konat\u00e9 mesure 1,94 m (194 cm), une valeur identique sur les fiches FFF, Transfermarkt et Foot Mercato.\"}}, {\"@type\": \"Question\", \"name\": \"Combien p\u00e8se Ibrahima Konat\u00e9 ?\", \"acceptedAnswer\": {\"@type\": \"Answer\", \"text\": \"Les fiches officielles indiquent un poids d\u2019environ 95 kg, coh\u00e9rent avec son gabarit de grand d\u00e9fenseur central.\"}}, {\"@type\": \"Question\", \"name\": \"Dans quel club joue Ibrahima Konat\u00e9 en 2026 ?\", \"acceptedAnswer\": {\"@type\": \"Answer\", \"text\": \"Konat\u00e9 a rejoint le Real Madrid en juin 2026, libre de contrat apr\u00e8s cinq saisons \u00e0 Liverpool, pour un bail de quatre ans.\"}}]}<\/script><\/p>\n","protected":false},"excerpt":{"rendered":"","protected":false},"author":41,"featured_media":999999999,"comment_status":"open","ping_status":"open","sticky":false,"template":"","format":"standard","meta":{"_acf_changed":false,"manual_indexmenow":false,"indexmenow_id_project":0,"footnotes":""},"categories":[4839],"tags":[],"class_list":["post-8216","post","type-post","status-publish","format-standard","has-post-thumbnail","hentry","category-taille-des-stars","generate-columns","tablet-grid-50","mobile-grid-100","grid-parent","grid-25"],"acf":[],"yoast_head":"<!-- This site is optimized with the Yoast SEO Premium plugin v21.3 (Yoast SEO v26.5) - https:\/\/yoast.com\/wordpress\/plugins\/seo\/ -->\n<title>Quelle taille fait Ibrahima Konat\u00e9 ? (poids, fiche)<\/title>\n<meta name=\"description\" content=\"Ibrahima Konat\u00e9 mesure 1,94 m pour environ 95 kg selon la FFF et Transfermarkt. La taille du d\u00e9fenseur du Real Madrid compar\u00e9e \u00e0 Van Dijk et Haaland : fiche v\u00e9rifi\u00e9e.\" \/>\n<meta name=\"robots\" content=\"index, follow, max-snippet:-1, max-image-preview:large, max-video-preview:-1\" \/>\n<link rel=\"canonical\" href=\"https:\/\/starstory.fr\/blog\/celebrites-et-influence-en-france\/taille-des-stars\/quelle-taille-fait-ibrahima-konate\/\" \/>\n<meta property=\"og:locale\" content=\"fr_FR\" \/>\n<meta property=\"og:type\" content=\"article\" \/>\n<meta property=\"og:title\" content=\"Quelle taille fait Ibrahima Konat\u00e9 ? (poids, fiche)\" \/>\n<meta property=\"og:description\" content=\"Ibrahima Konat\u00e9 mesure 1,94 m pour environ 95 kg selon la FFF et Transfermarkt. La taille du d\u00e9fenseur du Real Madrid compar\u00e9e \u00e0 Van Dijk et Haaland : fiche v\u00e9rifi\u00e9e.\" \/>\n<meta property=\"og:url\" content=\"https:\/\/starstory.fr\/blog\/celebrites-et-influence-en-france\/taille-des-stars\/quelle-taille-fait-ibrahima-konate\/\" \/>\n<meta property=\"og:site_name\" content=\"starstory\" \/>\n<meta property=\"og:image\" content=\"https:\/\/images.pexels.com\/photos\/28827841\/pexels-photo-28827841.jpeg?auto=compress&cs=tinysrgb&fit=crop&h=627&w=1200\" \/>\n<meta name=\"author\" content=\"Sophie Moreau\" \/>\n<meta name=\"twitter:card\" content=\"summary_large_image\" \/>\n<script type=\"application\/ld+json\" class=\"yoast-schema-graph\">{\"@context\":\"https:\/\/schema.org\",\"@graph\":[{\"@type\":\"NewsArticle\",\"@id\":\"https:\/\/starstory.fr\/blog\/celebrites-et-influence-en-france\/taille-des-stars\/quelle-taille-fait-ibrahima-konate\/#article\",\"isPartOf\":{\"@id\":\"https:\/\/starstory.fr\/blog\/celebrites-et-influence-en-france\/taille-des-stars\/quelle-taille-fait-ibrahima-konate\/\"},\"author\":{\"name\":\"Sophie Moreau\",\"@id\":\"https:\/\/starstory.fr\/blog\/#\/schema\/person\/2cb6361ad79e679e2b744281310c1e3b\"},\"headline\":\"Quelle taille fait Ibrahima Konat\u00e9 ?\",\"datePublished\":\"2026-07-12T17:07:19+00:00\",\"mainEntityOfPage\":{\"@id\":\"https:\/\/starstory.fr\/blog\/celebrites-et-influence-en-france\/taille-des-stars\/quelle-taille-fait-ibrahima-konate\/\"},\"wordCount\":571,\"commentCount\":0,\"publisher\":{\"@id\":\"https:\/\/starstory.fr\/blog\/#organization\"},\"image\":{\"@id\":\"https:\/\/starstory.fr\/blog\/celebrites-et-influence-en-france\/taille-des-stars\/quelle-taille-fait-ibrahima-konate\/#primaryimage\"},\"thumbnailUrl\":\"https:\/\/images.pexels.com\/photos\/28827841\/pexels-photo-28827841.jpeg?auto=compress&cs=tinysrgb&fit=crop&h=627&w=1200\",\"articleSection\":[\"Taille et mensurations des stars\"],\"inLanguage\":\"fr-FR\",\"potentialAction\":[{\"@type\":\"CommentAction\",\"name\":\"Comment\",\"target\":[\"https:\/\/starstory.fr\/blog\/celebrites-et-influence-en-france\/taille-des-stars\/quelle-taille-fait-ibrahima-konate\/#respond\"]}]},{\"@type\":\"WebPage\",\"@id\":\"https:\/\/starstory.fr\/blog\/celebrites-et-influence-en-france\/taille-des-stars\/quelle-taille-fait-ibrahima-konate\/\",\"url\":\"https:\/\/starstory.fr\/blog\/celebrites-et-influence-en-france\/taille-des-stars\/quelle-taille-fait-ibrahima-konate\/\",\"name\":\"Quelle taille fait Ibrahima Konat\u00e9 ? (poids, fiche)\",\"isPartOf\":{\"@id\":\"https:\/\/starstory.fr\/blog\/#website\"},\"primaryImageOfPage\":{\"@id\":\"https:\/\/starstory.fr\/blog\/celebrites-et-influence-en-france\/taille-des-stars\/quelle-taille-fait-ibrahima-konate\/#primaryimage\"},\"image\":{\"@id\":\"https:\/\/starstory.fr\/blog\/celebrites-et-influence-en-france\/taille-des-stars\/quelle-taille-fait-ibrahima-konate\/#primaryimage\"},\"thumbnailUrl\":\"https:\/\/images.pexels.com\/photos\/28827841\/pexels-photo-28827841.jpeg?auto=compress&cs=tinysrgb&fit=crop&h=627&w=1200\",\"datePublished\":\"2026-07-12T17:07:19+00:00\",\"description\":\"Ibrahima Konat\u00e9 mesure 1,94 m pour environ 95 kg selon la FFF et Transfermarkt. La taille du d\u00e9fenseur du Real Madrid compar\u00e9e \u00e0 Van Dijk et Haaland : fiche v\u00e9rifi\u00e9e.\",\"inLanguage\":\"fr-FR\",\"potentialAction\":[{\"@type\":\"ReadAction\",\"target\":[\"https:\/\/starstory.fr\/blog\/celebrites-et-influence-en-france\/taille-des-stars\/quelle-taille-fait-ibrahima-konate\/\"]}]},{\"@type\":\"ImageObject\",\"inLanguage\":\"fr-FR\",\"@id\":\"https:\/\/starstory.fr\/blog\/celebrites-et-influence-en-france\/taille-des-stars\/quelle-taille-fait-ibrahima-konate\/#primaryimage\",\"url\":\"https:\/\/images.pexels.com\/photos\/28827841\/pexels-photo-28827841.jpeg?auto=compress&cs=tinysrgb&fit=crop&h=627&w=1200\",\"contentUrl\":\"https:\/\/images.pexels.com\/photos\/28827841\/pexels-photo-28827841.jpeg?auto=compress&cs=tinysrgb&fit=crop&h=627&w=1200\"},{\"@type\":\"WebSite\",\"@id\":\"https:\/\/starstory.fr\/blog\/#website\",\"url\":\"https:\/\/starstory.fr\/blog\/\",\"name\":\"StarStory\",\"description\":\"StarStory, les \u00e9toiles racontent leur histoire\",\"publisher\":{\"@id\":\"https:\/\/starstory.fr\/blog\/#organization\"},\"alternateName\":\"StarStory, les \u00e9toiles racontent leur histoire\",\"potentialAction\":[{\"@type\":\"SearchAction\",\"target\":{\"@type\":\"EntryPoint\",\"urlTemplate\":\"https:\/\/starstory.fr\/blog\/?s={search_term_string}\"},\"query-input\":{\"@type\":\"PropertyValueSpecification\",\"valueRequired\":true,\"valueName\":\"search_term_string\"}}],\"inLanguage\":\"fr-FR\"},{\"@type\":\"Organization\",\"@id\":\"https:\/\/starstory.fr\/blog\/#organization\",\"name\":\"StarStory\",\"alternateName\":\"StarStory.fr\",\"url\":\"https:\/\/starstory.fr\/blog\/\",\"logo\":{\"@type\":\"ImageObject\",\"inLanguage\":\"fr-FR\",\"@id\":\"https:\/\/starstory.fr\/blog\/#\/schema\/logo\/image\/\",\"url\":\"https:\/\/starstory.fr\/blog\/wp-content\/uploads\/2024\/12\/38.png\",\"contentUrl\":\"https:\/\/starstory.fr\/blog\/wp-content\/uploads\/2024\/12\/38.png\",\"width\":500,\"height\":500,\"caption\":\"StarStory\"},\"image\":{\"@id\":\"https:\/\/starstory.fr\/blog\/#\/schema\/logo\/image\/\"}},{\"@type\":\"Person\",\"@id\":\"https:\/\/starstory.fr\/blog\/#\/schema\/person\/2cb6361ad79e679e2b744281310c1e3b\",\"name\":\"Sophie Moreau\",\"image\":{\"@type\":\"ImageObject\",\"inLanguage\":\"fr-FR\",\"@id\":\"https:\/\/starstory.fr\/blog\/#\/schema\/person\/image\/\",\"url\":\"https:\/\/secure.gravatar.com\/avatar\/?s=96&d=mm&r=g\",\"contentUrl\":\"https:\/\/secure.gravatar.com\/avatar\/?s=96&d=mm&r=g\",\"caption\":\"Sophie Moreau\"},\"description\":\"Sophie partage des articles sur les stars musicales de chaque d\u00e9cennie et leur impact sur la sc\u00e8ne fran\u00e7aise et internationale.\",\"url\":\"https:\/\/starstory.fr\/blog\/auteur\/sophie-moreau\/\",\"jobTitle\":\"Contributrice maison & d\u00e9co\",\"email\":\"sophie.moreau@starstory.fr\"}]}<\/script>\n<!-- \/ Yoast SEO Premium plugin. -->","yoast_head_json":{"title":"Quelle taille fait Ibrahima Konat\u00e9 ? (poids, fiche)","description":"Ibrahima Konat\u00e9 mesure 1,94 m pour environ 95 kg selon la FFF et Transfermarkt. La taille du d\u00e9fenseur du Real Madrid compar\u00e9e \u00e0 Van Dijk et Haaland : fiche v\u00e9rifi\u00e9e.","robots":{"index":"index","follow":"follow","max-snippet":"max-snippet:-1","max-image-preview":"max-image-preview:large","max-video-preview":"max-video-preview:-1"},"canonical":"https:\/\/starstory.fr\/blog\/celebrites-et-influence-en-france\/taille-des-stars\/quelle-taille-fait-ibrahima-konate\/","og_locale":"fr_FR","og_type":"article","og_title":"Quelle taille fait Ibrahima Konat\u00e9 ? (poids, fiche)","og_description":"Ibrahima Konat\u00e9 mesure 1,94 m pour environ 95 kg selon la FFF et Transfermarkt. La taille du d\u00e9fenseur du Real Madrid compar\u00e9e \u00e0 Van Dijk et Haaland : fiche v\u00e9rifi\u00e9e.","og_url":"https:\/\/starstory.fr\/blog\/celebrites-et-influence-en-france\/taille-des-stars\/quelle-taille-fait-ibrahima-konate\/","og_site_name":"starstory","og_image":[{"url":"https:\/\/images.pexels.com\/photos\/28827841\/pexels-photo-28827841.jpeg?auto=compress&cs=tinysrgb&fit=crop&h=627&w=1200","type":"","width":"","height":""}],"author":"Sophie Moreau","twitter_card":"summary_large_image","schema":{"@context":"https:\/\/schema.org","@graph":[{"@type":"NewsArticle","@id":"https:\/\/starstory.fr\/blog\/celebrites-et-influence-en-france\/taille-des-stars\/quelle-taille-fait-ibrahima-konate\/#article","isPartOf":{"@id":"https:\/\/starstory.fr\/blog\/celebrites-et-influence-en-france\/taille-des-stars\/quelle-taille-fait-ibrahima-konate\/"},"author":{"name":"Sophie Moreau","@id":"https:\/\/starstory.fr\/blog\/#\/schema\/person\/2cb6361ad79e679e2b744281310c1e3b"},"headline":"Quelle taille fait Ibrahima Konat\u00e9 ?","datePublished":"2026-07-12T17:07:19+00:00","mainEntityOfPage":{"@id":"https:\/\/starstory.fr\/blog\/celebrites-et-influence-en-france\/taille-des-stars\/quelle-taille-fait-ibrahima-konate\/"},"wordCount":571,"commentCount":0,"publisher":{"@id":"https:\/\/starstory.fr\/blog\/#organization"},"image":{"@id":"https:\/\/starstory.fr\/blog\/celebrites-et-influence-en-france\/taille-des-stars\/quelle-taille-fait-ibrahima-konate\/#primaryimage"},"thumbnailUrl":"https:\/\/images.pexels.com\/photos\/28827841\/pexels-photo-28827841.jpeg?auto=compress&cs=tinysrgb&fit=crop&h=627&w=1200","articleSection":["Taille et mensurations des stars"],"inLanguage":"fr-FR","potentialAction":[{"@type":"CommentAction","name":"Comment","target":["https:\/\/starstory.fr\/blog\/celebrites-et-influence-en-france\/taille-des-stars\/quelle-taille-fait-ibrahima-konate\/#respond"]}]},{"@type":"WebPage","@id":"https:\/\/starstory.fr\/blog\/celebrites-et-influence-en-france\/taille-des-stars\/quelle-taille-fait-ibrahima-konate\/","url":"https:\/\/starstory.fr\/blog\/celebrites-et-influence-en-france\/taille-des-stars\/quelle-taille-fait-ibrahima-konate\/","name":"Quelle taille fait Ibrahima Konat\u00e9 ? (poids, fiche)","isPartOf":{"@id":"https:\/\/starstory.fr\/blog\/#website"},"primaryImageOfPage":{"@id":"https:\/\/starstory.fr\/blog\/celebrites-et-influence-en-france\/taille-des-stars\/quelle-taille-fait-ibrahima-konate\/#primaryimage"},"image":{"@id":"https:\/\/starstory.fr\/blog\/celebrites-et-influence-en-france\/taille-des-stars\/quelle-taille-fait-ibrahima-konate\/#primaryimage"},"thumbnailUrl":"https:\/\/images.pexels.com\/photos\/28827841\/pexels-photo-28827841.jpeg?auto=compress&cs=tinysrgb&fit=crop&h=627&w=1200","datePublished":"2026-07-12T17:07:19+00:00","description":"Ibrahima Konat\u00e9 mesure 1,94 m pour environ 95 kg selon la FFF et Transfermarkt. La taille du d\u00e9fenseur du Real Madrid compar\u00e9e \u00e0 Van Dijk et Haaland : fiche v\u00e9rifi\u00e9e.","inLanguage":"fr-FR","potentialAction":[{"@type":"ReadAction","target":["https:\/\/starstory.fr\/blog\/celebrites-et-influence-en-france\/taille-des-stars\/quelle-taille-fait-ibrahima-konate\/"]}]},{"@type":"ImageObject","inLanguage":"fr-FR","@id":"https:\/\/starstory.fr\/blog\/celebrites-et-influence-en-france\/taille-des-stars\/quelle-taille-fait-ibrahima-konate\/#primaryimage","url":"https:\/\/images.pexels.com\/photos\/28827841\/pexels-photo-28827841.jpeg?auto=compress&cs=tinysrgb&fit=crop&h=627&w=1200","contentUrl":"https:\/\/images.pexels.com\/photos\/28827841\/pexels-photo-28827841.jpeg?auto=compress&cs=tinysrgb&fit=crop&h=627&w=1200"},{"@type":"WebSite","@id":"https:\/\/starstory.fr\/blog\/#website","url":"https:\/\/starstory.fr\/blog\/","name":"StarStory","description":"StarStory, les \u00e9toiles racontent leur histoire","publisher":{"@id":"https:\/\/starstory.fr\/blog\/#organization"},"alternateName":"StarStory, les \u00e9toiles racontent leur histoire","potentialAction":[{"@type":"SearchAction","target":{"@type":"EntryPoint","urlTemplate":"https:\/\/starstory.fr\/blog\/?s={search_term_string}"},"query-input":{"@type":"PropertyValueSpecification","valueRequired":true,"valueName":"search_term_string"}}],"inLanguage":"fr-FR"},{"@type":"Organization","@id":"https:\/\/starstory.fr\/blog\/#organization","name":"StarStory","alternateName":"StarStory.fr","url":"https:\/\/starstory.fr\/blog\/","logo":{"@type":"ImageObject","inLanguage":"fr-FR","@id":"https:\/\/starstory.fr\/blog\/#\/schema\/logo\/image\/","url":"https:\/\/starstory.fr\/blog\/wp-content\/uploads\/2024\/12\/38.png","contentUrl":"https:\/\/starstory.fr\/blog\/wp-content\/uploads\/2024\/12\/38.png","width":500,"height":500,"caption":"StarStory"},"image":{"@id":"https:\/\/starstory.fr\/blog\/#\/schema\/logo\/image\/"}},{"@type":"Person","@id":"https:\/\/starstory.fr\/blog\/#\/schema\/person\/2cb6361ad79e679e2b744281310c1e3b","name":"Sophie Moreau","image":{"@type":"ImageObject","inLanguage":"fr-FR","@id":"https:\/\/starstory.fr\/blog\/#\/schema\/person\/image\/","url":"https:\/\/secure.gravatar.com\/avatar\/?s=96&d=mm&r=g","contentUrl":"https:\/\/secure.gravatar.com\/avatar\/?s=96&d=mm&r=g","caption":"Sophie Moreau"},"description":"Sophie partage des articles sur les stars musicales de chaque d\u00e9cennie et leur impact sur la sc\u00e8ne fran\u00e7aise et internationale.","url":"https:\/\/starstory.fr\/blog\/auteur\/sophie-moreau\/","jobTitle":"Contributrice maison & d\u00e9co","email":"sophie.moreau@starstory.fr"}]}},"_links":{"self":[{"href":"https:\/\/starstory.fr\/blog\/wp-json\/wp\/v2\/posts\/8216","targetHints":{"allow":["GET"]}}],"collection":[{"href":"https:\/\/starstory.fr\/blog\/wp-json\/wp\/v2\/posts"}],"about":[{"href":"https:\/\/starstory.fr\/blog\/wp-json\/wp\/v2\/types\/post"}],"author":[{"embeddable":true,"href":"https:\/\/starstory.fr\/blog\/wp-json\/wp\/v2\/users\/41"}],"replies":[{"embeddable":true,"href":"https:\/\/starstory.fr\/blog\/wp-json\/wp\/v2\/comments?post=8216"}],"version-history":[{"count":0,"href":"https:\/\/starstory.fr\/blog\/wp-json\/wp\/v2\/posts\/8216\/revisions"}],"wp:attachment":[{"href":"https:\/\/starstory.fr\/blog\/wp-json\/wp\/v2\/media?parent=8216"}],"wp:term":[{"taxonomy":"category","embeddable":true,"href":"https:\/\/starstory.fr\/blog\/wp-json\/wp\/v2\/categories?post=8216"},{"taxonomy":"post_tag","embeddable":true,"href":"https:\/\/starstory.fr\/blog\/wp-json\/wp\/v2\/tags?post=8216"}],"curies":[{"name":"wp","href":"https:\/\/api.w.org\/{rel}","templated":true}]}}