{"id":8189,"date":"2026-07-12T18:43:14","date_gmt":"2026-07-12T16:43:14","guid":{"rendered":"https:\/\/starstory.fr\/blog\/celebrites-et-influence-en-france\/taille-des-stars\/quelle-taille-fait-arthur\/"},"modified":"2026-07-12T18:45:19","modified_gmt":"2026-07-12T16:45:19","slug":"quelle-taille-fait-arthur","status":"publish","type":"post","link":"https:\/\/starstory.fr\/blog\/celebrites-et-influence-en-france\/taille-des-stars\/quelle-taille-fait-arthur\/","title":{"rendered":"Quelle taille fait Arthur ? La vraie taille de l&rsquo;animateur"},"content":{"rendered":"<aside style=\"background:#FBEAF2;border-left:5px solid #B11E6A;padding:22px 28px;margin:24px 0;font-family:-apple-system,BlinkMacSystemFont,'Segoe UI',Roboto,sans-serif;\">\n<div style=\"margin:0;font-size:19px;line-height:1.55;color:#2a2a2a;font-weight:500;letter-spacing:-0.005em;\">\n    Arthur mesure <strong>environ 1,76 m<\/strong> selon les fiches fran\u00e7aises \u2014 mais les bases anglophones le listent \u00e0 6\u20190\u201d (1,83 m), un \u00e9cart de 7 cm qui illustre la fragilit\u00e9 des donn\u00e9es sur les animateurs. Aucun chiffre officiel n\u2019existe pour Jacques Essebag.\n  <\/div>\n<\/aside>\n<figure style=\"margin:32px 0;font-family:-apple-system,BlinkMacSystemFont,'Segoe UI',Roboto,sans-serif;\">\n<div style=\"overflow-x:auto;border:1px solid #e5e5e0;border-radius:8px;\">\n<table style=\"width:100%;border-collapse:collapse;font-size:14px;color:#2a2a2a;min-width:500px;\">\n<thead>\n<tr style=\"background:#1a1a1a;color:#fff;\">\n<th style=\"text-align:left;padding:14px 18px;font-weight:700;font-size:12px;text-transform:uppercase;letter-spacing:1.5px;\">Fiche mensurations<\/th>\n<th style=\"text-align:left;padding:14px 18px;font-weight:700;font-size:12px;text-transform:uppercase;letter-spacing:1.5px;\">D\u00e9tail<\/th>\n<\/tr>\n<\/thead>\n<tbody>\n<tr style=\"background:#fff;border-bottom:1px solid #f0ede5;\">\n<td style=\"padding:14px 18px;font-weight:600;\">Nom complet<\/td>\n<td style=\"padding:14px 18px;color:#4a4a4a;\">Jacques Essebag, dit Arthur<\/td>\n<\/tr>\n<tr style=\"background:#fafaf7;border-bottom:1px solid #f0ede5;\">\n<td style=\"padding:14px 18px;font-weight:600;\">Naissance<\/td>\n<td style=\"padding:14px 18px;color:#4a4a4a;\">10 mars 1966, Casablanca (Maroc)<\/td>\n<\/tr>\n<tr style=\"background:#fff;border-bottom:1px solid #f0ede5;\">\n<td style=\"padding:14px 18px;font-weight:600;\">Taille<\/td>\n<td style=\"padding:14px 18px;color:#4a4a4a;\"><strong>Environ 1,76 m<\/strong> (fiches FR) ; 1,83 m selon des bases anglophones \u2014 divergence notable<\/td>\n<\/tr>\n<tr style=\"background:#fafaf7;border-bottom:1px solid #f0ede5;\">\n<td style=\"padding:14px 18px;font-weight:600;\">Poids<\/td>\n<td style=\"padding:14px 18px;color:#4a4a4a;\">Non communiqu\u00e9 officiellement<\/td>\n<\/tr>\n<tr style=\"background:#fff;border-bottom:1px solid #f0ede5;\">\n<td style=\"padding:14px 18px;font-weight:600;\">Nationalit\u00e9<\/td>\n<td style=\"padding:14px 18px;color:#4a4a4a;\">Fran\u00e7aise<\/td>\n<\/tr>\n<tr style=\"background:#fafaf7;\">\n<td style=\"padding:14px 18px;font-weight:600;\">Profession<\/td>\n<td style=\"padding:14px 18px;color:#4a4a4a;\">Animateur et producteur TV (Vendredi tout est permis, TF1)<\/td>\n<\/tr>\n<\/tbody>\n<\/table><\/div>\n<\/figure>\n<h2>1,76 m ou 1,83 m ? Une divergence de 7 centim\u00e8tres<\/h2>\n<p>Le cas Arthur est un parfait exemple de donn\u00e9es contradictoires : les fiches fran\u00e7aises (lataille.fr, fortune-celebrites) le cr\u00e9ditent d\u2019<strong>environ 1,76 m<\/strong>, quand des bases anglophones d\u00e9riv\u00e9es de Wikip\u00e9dia affichent 6\u20190\u201d, soit 1,83 m. Sept centim\u00e8tres d\u2019\u00e9cart sans aucune mesure officielle pour trancher. Les comparaisons de plateau avec ses invit\u00e9s penchent plut\u00f4t vers la fourchette basse : nous retenons <strong>environ 1,76 m<\/strong>, en signalant le d\u00e9bat.<\/p>\n<p>Cette taille le place au coude \u00e0 coude avec <a href=\"https:\/\/starstory.fr\/blog\/celebrites-et-influence-en-france\/taille-des-stars\/quelle-taille-fait-cyril-hanouna\/\">Cyril Hanouna (1,76\u20131,77 m)<\/a> \u2014 les deux hommes forts de l\u2019animation-production fran\u00e7aise ont donc, ironie du sort, le m\u00eame gabarit estim\u00e9 \u2014 et dans la m\u00eame zone que <a href=\"https:\/\/starstory.fr\/blog\/celebrites-et-influence-en-france\/taille-des-stars\/quelle-taille-fait-karine-le-marchand\/\">Karine Le Marchand (1,74\u20131,77 m)<\/a>.<\/p>\n<h2>Signes distinctifs<\/h2>\n<p>Ses <strong>lunettes \u00e0 monture noire<\/strong> sont sa signature visuelle depuis les ann\u00e9es 2000 \u2014 rarissimes sont ses apparitions sans \u2014, associ\u00e9es \u00e0 un uniforme costume sombre\/chemise ouverte en prime time. Cr\u00e2ne d\u00e9garni assum\u00e9, sourire en coin et d\u00e9bit de mitraillette h\u00e9rit\u00e9 de la radio : le personnage est identifiable en une silhouette.<\/p>\n<aside style=\"background:#FBEAF2;border-left:4px solid #B11E6A;padding:14px 18px;margin:18px 0;border-radius:0 4px 4px 0;font-family:-apple-system,BlinkMacSystemFont,'Segoe UI',Roboto,sans-serif;\">\n  <strong style=\"display:inline-block;color:#8a1450;font-size:12px;text-transform:uppercase;letter-spacing:1.5px;margin-right:8px;\">&#128161; Bon \u00e0 savoir<\/strong><br \/>\n  <span style=\"font-size:14.5px;line-height:1.55;color:#3a3a3a;\">Arthur est l\u2019un des rares animateurs fran\u00e7ais dont la taille varie de 7 cm selon les bases de donn\u00e9es \u2014 un flou comparable \u00e0 celui qui entoure les rappeurs et vid\u00e9astes, faute de fiche officielle.<\/span><br \/>\n<\/aside>\n<h2>Traits de caract\u00e8re<\/h2>\n<p>Les portraits de presse convergent sur le <strong>temp\u00e9rament de b\u00e2tisseur<\/strong> : derri\u00e8re l\u2019animateur, Jacques Essebag est d\u00e9crit comme un homme d\u2019affaires redoutable, fondateur de soci\u00e9t\u00e9s de production (ASP, Satisfaction) qui ont fourni des dizaines de formats au PAF. Ses pairs soulignent en interview une capacit\u00e9 de travail et un flair \u00e9conomique hors normes.<\/p>\n<p>Autre trait document\u00e9 : le <strong>collectionneur passionn\u00e9<\/strong>. Grand amateur d\u2019art contemporain \u2014 ses acquisitions et sa collection sont r\u00e9guli\u00e8rement cit\u00e9es par la presse sp\u00e9cialis\u00e9e \u2014, il a aussi racont\u00e9 dans plusieurs interviews son attachement \u00e0 ses racines marocaines et \u00e0 la culture juive s\u00e9farade, th\u00e8me de son spectacle Arthur in love.<\/p>\n<p>Pour situer Arthur face aux autres personnalit\u00e9s du petit \u00e9cran et d\u2019ailleurs, parcourez notre <a href=\"https:\/\/starstory.fr\/blog\/celebrites-et-influence-en-france\/taille-des-stars\/quelle-taille-font-les-stars\/\">guide complet des tailles des stars<\/a>.<\/p>\n<h2>Questions fr\u00e9quentes<\/h2>\n<h3>Quelle est la taille exacte d\u2019Arthur ?<\/h3>\n<p>Aucun chiffre officiel : les fiches fran\u00e7aises retiennent <strong>environ 1,76 m<\/strong>, des bases anglophones 1,83 m. Nous privil\u00e9gions la fourchette basse, coh\u00e9rente avec les images de plateau.<\/p>\n<h3>Combien p\u00e8se Arthur ?<\/h3>\n<p>Son poids n\u2019est pas communiqu\u00e9 officiellement et aucune source fiable ne le documente : nous ne reprenons pas les chiffres fantaisistes.<\/p>\n<h3>Arthur et Cyril Hanouna font-ils la m\u00eame taille ?<\/h3>\n<p>Vraisemblablement oui, \u00e0 un centim\u00e8tre pr\u00e8s : tous deux sont estim\u00e9s autour de <strong>1,76\u20131,77 m<\/strong>, sans mesure officielle ni pour l\u2019un ni pour l\u2019autre.<\/p>\n<p style=\"font-size:13px;color:#6a6a6a;margin-top:28px;\">Sources : lataille.fr et fortune-celebrites.fr (\u22481,76 m), bases anglophones type celebsagewiki (1,83 m) \u2014 divergence de 7 cm signal\u00e9e comme telle.<\/p>\n<p><script type=\"application\/ld+json\">{\"@context\": \"https:\/\/schema.org\", \"@type\": \"FAQPage\", \"mainEntity\": [{\"@type\": \"Question\", \"name\": \"Quelle est la taille exacte d\u2019Arthur ?\", \"acceptedAnswer\": {\"@type\": \"Answer\", \"text\": \"Aucun chiffre officiel : les fiches fran\u00e7aises retiennent environ 1,76 m, des bases anglophones 1,83 m. Nous privil\u00e9gions la fourchette basse, coh\u00e9rente avec les images de plateau.\"}}, {\"@type\": \"Question\", \"name\": \"Combien p\u00e8se Arthur ?\", \"acceptedAnswer\": {\"@type\": \"Answer\", \"text\": \"Son poids n'est pas communiqu\u00e9 officiellement et aucune source fiable ne le documente : nous ne reprenons pas les chiffres fantaisistes.\"}}, {\"@type\": \"Question\", \"name\": \"Arthur et Cyril Hanouna font-ils la m\u00eame taille ?\", \"acceptedAnswer\": {\"@type\": \"Answer\", \"text\": \"Vraisemblablement oui, \u00e0 un centim\u00e8tre pr\u00e8s : tous deux sont estim\u00e9s autour de 1,76\u20131,77 m, sans mesure officielle ni pour l'un ni pour l'autre.\"}}]}<\/script><\/p>\n","protected":false},"excerpt":{"rendered":"","protected":false},"author":39,"featured_media":999999999,"comment_status":"open","ping_status":"open","sticky":false,"template":"","format":"standard","meta":{"_acf_changed":false,"manual_indexmenow":false,"indexmenow_id_project":0,"footnotes":""},"categories":[4839],"tags":[],"class_list":["post-8189","post","type-post","status-publish","format-standard","has-post-thumbnail","hentry","category-taille-des-stars","generate-columns","tablet-grid-50","mobile-grid-100","grid-parent","grid-25"],"acf":[],"yoast_head":"<!-- This site is optimized with the Yoast SEO Premium plugin v21.3 (Yoast SEO v26.5) - https:\/\/yoast.com\/wordpress\/plugins\/seo\/ -->\n<title>Quelle taille fait Arthur ? La taille de l&#039;animateur<\/title>\n<meta name=\"description\" content=\"Arthur mesure environ 1,76 m selon les fiches fran\u00e7aises \u2014 1,83 m selon des bases anglophones. 7 cm d&#039;\u00e9cart : la fiche honn\u00eate de l&#039;animateur TF1.\" \/>\n<meta name=\"robots\" content=\"index, follow, max-snippet:-1, max-image-preview:large, max-video-preview:-1\" \/>\n<link rel=\"canonical\" href=\"https:\/\/starstory.fr\/blog\/celebrites-et-influence-en-france\/taille-des-stars\/quelle-taille-fait-arthur\/\" \/>\n<meta property=\"og:locale\" content=\"fr_FR\" \/>\n<meta property=\"og:type\" content=\"article\" \/>\n<meta property=\"og:title\" content=\"Quelle taille fait Arthur ? La taille de l&#039;animateur\" \/>\n<meta property=\"og:description\" content=\"Arthur mesure environ 1,76 m selon les fiches fran\u00e7aises \u2014 1,83 m selon des bases anglophones. 7 cm d&#039;\u00e9cart : la fiche honn\u00eate de l&#039;animateur TF1.\" \/>\n<meta property=\"og:url\" content=\"https:\/\/starstory.fr\/blog\/celebrites-et-influence-en-france\/taille-des-stars\/quelle-taille-fait-arthur\/\" \/>\n<meta property=\"og:site_name\" content=\"starstory\" \/>\n<meta property=\"og:image\" content=\"https:\/\/images.pexels.com\/photos\/6883810\/pexels-photo-6883810.jpeg?auto=compress&cs=tinysrgb&fit=crop&h=627&w=1200\" \/>\n<meta name=\"author\" content=\"Claire Lefevre\" \/>\n<meta name=\"twitter:card\" content=\"summary_large_image\" \/>\n<script type=\"application\/ld+json\" class=\"yoast-schema-graph\">{\"@context\":\"https:\/\/schema.org\",\"@graph\":[{\"@type\":\"NewsArticle\",\"@id\":\"https:\/\/starstory.fr\/blog\/celebrites-et-influence-en-france\/taille-des-stars\/quelle-taille-fait-arthur\/#article\",\"isPartOf\":{\"@id\":\"https:\/\/starstory.fr\/blog\/celebrites-et-influence-en-france\/taille-des-stars\/quelle-taille-fait-arthur\/\"},\"author\":{\"name\":\"Claire Lefevre\",\"@id\":\"https:\/\/starstory.fr\/blog\/#\/schema\/person\/432b46949d2a452f85568b160103039e\"},\"headline\":\"Quelle taille fait Arthur ? La vraie taille de l&rsquo;animateur\",\"datePublished\":\"2026-07-12T16:43:14+00:00\",\"dateModified\":\"2026-07-12T16:45:19+00:00\",\"mainEntityOfPage\":{\"@id\":\"https:\/\/starstory.fr\/blog\/celebrites-et-influence-en-france\/taille-des-stars\/quelle-taille-fait-arthur\/\"},\"wordCount\":561,\"commentCount\":0,\"publisher\":{\"@id\":\"https:\/\/starstory.fr\/blog\/#organization\"},\"image\":{\"@id\":\"https:\/\/starstory.fr\/blog\/celebrites-et-influence-en-france\/taille-des-stars\/quelle-taille-fait-arthur\/#primaryimage\"},\"thumbnailUrl\":\"https:\/\/images.pexels.com\/photos\/6883810\/pexels-photo-6883810.jpeg?auto=compress&cs=tinysrgb&fit=crop&h=627&w=1200\",\"articleSection\":[\"Taille et mensurations des stars\"],\"inLanguage\":\"fr-FR\",\"potentialAction\":[{\"@type\":\"CommentAction\",\"name\":\"Comment\",\"target\":[\"https:\/\/starstory.fr\/blog\/celebrites-et-influence-en-france\/taille-des-stars\/quelle-taille-fait-arthur\/#respond\"]}]},{\"@type\":\"WebPage\",\"@id\":\"https:\/\/starstory.fr\/blog\/celebrites-et-influence-en-france\/taille-des-stars\/quelle-taille-fait-arthur\/\",\"url\":\"https:\/\/starstory.fr\/blog\/celebrites-et-influence-en-france\/taille-des-stars\/quelle-taille-fait-arthur\/\",\"name\":\"Quelle taille fait Arthur ? La taille de l'animateur\",\"isPartOf\":{\"@id\":\"https:\/\/starstory.fr\/blog\/#website\"},\"primaryImageOfPage\":{\"@id\":\"https:\/\/starstory.fr\/blog\/celebrites-et-influence-en-france\/taille-des-stars\/quelle-taille-fait-arthur\/#primaryimage\"},\"image\":{\"@id\":\"https:\/\/starstory.fr\/blog\/celebrites-et-influence-en-france\/taille-des-stars\/quelle-taille-fait-arthur\/#primaryimage\"},\"thumbnailUrl\":\"https:\/\/images.pexels.com\/photos\/6883810\/pexels-photo-6883810.jpeg?auto=compress&cs=tinysrgb&fit=crop&h=627&w=1200\",\"datePublished\":\"2026-07-12T16:43:14+00:00\",\"dateModified\":\"2026-07-12T16:45:19+00:00\",\"description\":\"Arthur mesure environ 1,76 m selon les fiches fran\u00e7aises \u2014 1,83 m selon des bases anglophones. 7 cm d'\u00e9cart : la fiche honn\u00eate de l'animateur TF1.\",\"inLanguage\":\"fr-FR\",\"potentialAction\":[{\"@type\":\"ReadAction\",\"target\":[\"https:\/\/starstory.fr\/blog\/celebrites-et-influence-en-france\/taille-des-stars\/quelle-taille-fait-arthur\/\"]}]},{\"@type\":\"ImageObject\",\"inLanguage\":\"fr-FR\",\"@id\":\"https:\/\/starstory.fr\/blog\/celebrites-et-influence-en-france\/taille-des-stars\/quelle-taille-fait-arthur\/#primaryimage\",\"url\":\"https:\/\/images.pexels.com\/photos\/6883810\/pexels-photo-6883810.jpeg?auto=compress&cs=tinysrgb&fit=crop&h=627&w=1200\",\"contentUrl\":\"https:\/\/images.pexels.com\/photos\/6883810\/pexels-photo-6883810.jpeg?auto=compress&cs=tinysrgb&fit=crop&h=627&w=1200\"},{\"@type\":\"WebSite\",\"@id\":\"https:\/\/starstory.fr\/blog\/#website\",\"url\":\"https:\/\/starstory.fr\/blog\/\",\"name\":\"StarStory\",\"description\":\"StarStory, les \u00e9toiles racontent leur histoire\",\"publisher\":{\"@id\":\"https:\/\/starstory.fr\/blog\/#organization\"},\"alternateName\":\"StarStory, les \u00e9toiles racontent leur histoire\",\"potentialAction\":[{\"@type\":\"SearchAction\",\"target\":{\"@type\":\"EntryPoint\",\"urlTemplate\":\"https:\/\/starstory.fr\/blog\/?s={search_term_string}\"},\"query-input\":{\"@type\":\"PropertyValueSpecification\",\"valueRequired\":true,\"valueName\":\"search_term_string\"}}],\"inLanguage\":\"fr-FR\"},{\"@type\":\"Organization\",\"@id\":\"https:\/\/starstory.fr\/blog\/#organization\",\"name\":\"StarStory\",\"alternateName\":\"StarStory.fr\",\"url\":\"https:\/\/starstory.fr\/blog\/\",\"logo\":{\"@type\":\"ImageObject\",\"inLanguage\":\"fr-FR\",\"@id\":\"https:\/\/starstory.fr\/blog\/#\/schema\/logo\/image\/\",\"url\":\"https:\/\/starstory.fr\/blog\/wp-content\/uploads\/2024\/12\/38.png\",\"contentUrl\":\"https:\/\/starstory.fr\/blog\/wp-content\/uploads\/2024\/12\/38.png\",\"width\":500,\"height\":500,\"caption\":\"StarStory\"},\"image\":{\"@id\":\"https:\/\/starstory.fr\/blog\/#\/schema\/logo\/image\/\"}},{\"@type\":\"Person\",\"@id\":\"https:\/\/starstory.fr\/blog\/#\/schema\/person\/432b46949d2a452f85568b160103039e\",\"name\":\"Claire Lefevre\",\"image\":{\"@type\":\"ImageObject\",\"inLanguage\":\"fr-FR\",\"@id\":\"https:\/\/starstory.fr\/blog\/#\/schema\/person\/image\/\",\"url\":\"https:\/\/secure.gravatar.com\/avatar\/?s=96&d=mm&r=g\",\"contentUrl\":\"https:\/\/secure.gravatar.com\/avatar\/?s=96&d=mm&r=g\",\"caption\":\"Claire Lefevre\"},\"description\":\"Claire raconte l\u2019\u00e9volution des c\u00e9l\u00e9brit\u00e9s et leur influence socioculturelle \u00e0 travers les d\u00e9cennies.\",\"url\":\"https:\/\/starstory.fr\/blog\/auteur\/claire-lefevre\/\",\"jobTitle\":\"Contributrice mutuelle sant\u00e9\",\"email\":\"claire.lefevre@starstory.fr\"}]}<\/script>\n<!-- \/ Yoast SEO Premium plugin. -->","yoast_head_json":{"title":"Quelle taille fait Arthur ? La taille de l'animateur","description":"Arthur mesure environ 1,76 m selon les fiches fran\u00e7aises \u2014 1,83 m selon des bases anglophones. 7 cm d'\u00e9cart : la fiche honn\u00eate de l'animateur TF1.","robots":{"index":"index","follow":"follow","max-snippet":"max-snippet:-1","max-image-preview":"max-image-preview:large","max-video-preview":"max-video-preview:-1"},"canonical":"https:\/\/starstory.fr\/blog\/celebrites-et-influence-en-france\/taille-des-stars\/quelle-taille-fait-arthur\/","og_locale":"fr_FR","og_type":"article","og_title":"Quelle taille fait Arthur ? La taille de l'animateur","og_description":"Arthur mesure environ 1,76 m selon les fiches fran\u00e7aises \u2014 1,83 m selon des bases anglophones. 7 cm d'\u00e9cart : la fiche honn\u00eate de l'animateur TF1.","og_url":"https:\/\/starstory.fr\/blog\/celebrites-et-influence-en-france\/taille-des-stars\/quelle-taille-fait-arthur\/","og_site_name":"starstory","og_image":[{"url":"https:\/\/images.pexels.com\/photos\/6883810\/pexels-photo-6883810.jpeg?auto=compress&cs=tinysrgb&fit=crop&h=627&w=1200","type":"","width":"","height":""}],"author":"Claire Lefevre","twitter_card":"summary_large_image","schema":{"@context":"https:\/\/schema.org","@graph":[{"@type":"NewsArticle","@id":"https:\/\/starstory.fr\/blog\/celebrites-et-influence-en-france\/taille-des-stars\/quelle-taille-fait-arthur\/#article","isPartOf":{"@id":"https:\/\/starstory.fr\/blog\/celebrites-et-influence-en-france\/taille-des-stars\/quelle-taille-fait-arthur\/"},"author":{"name":"Claire Lefevre","@id":"https:\/\/starstory.fr\/blog\/#\/schema\/person\/432b46949d2a452f85568b160103039e"},"headline":"Quelle taille fait Arthur ? La vraie taille de l&rsquo;animateur","datePublished":"2026-07-12T16:43:14+00:00","dateModified":"2026-07-12T16:45:19+00:00","mainEntityOfPage":{"@id":"https:\/\/starstory.fr\/blog\/celebrites-et-influence-en-france\/taille-des-stars\/quelle-taille-fait-arthur\/"},"wordCount":561,"commentCount":0,"publisher":{"@id":"https:\/\/starstory.fr\/blog\/#organization"},"image":{"@id":"https:\/\/starstory.fr\/blog\/celebrites-et-influence-en-france\/taille-des-stars\/quelle-taille-fait-arthur\/#primaryimage"},"thumbnailUrl":"https:\/\/images.pexels.com\/photos\/6883810\/pexels-photo-6883810.jpeg?auto=compress&cs=tinysrgb&fit=crop&h=627&w=1200","articleSection":["Taille et mensurations des stars"],"inLanguage":"fr-FR","potentialAction":[{"@type":"CommentAction","name":"Comment","target":["https:\/\/starstory.fr\/blog\/celebrites-et-influence-en-france\/taille-des-stars\/quelle-taille-fait-arthur\/#respond"]}]},{"@type":"WebPage","@id":"https:\/\/starstory.fr\/blog\/celebrites-et-influence-en-france\/taille-des-stars\/quelle-taille-fait-arthur\/","url":"https:\/\/starstory.fr\/blog\/celebrites-et-influence-en-france\/taille-des-stars\/quelle-taille-fait-arthur\/","name":"Quelle taille fait Arthur ? La taille de l'animateur","isPartOf":{"@id":"https:\/\/starstory.fr\/blog\/#website"},"primaryImageOfPage":{"@id":"https:\/\/starstory.fr\/blog\/celebrites-et-influence-en-france\/taille-des-stars\/quelle-taille-fait-arthur\/#primaryimage"},"image":{"@id":"https:\/\/starstory.fr\/blog\/celebrites-et-influence-en-france\/taille-des-stars\/quelle-taille-fait-arthur\/#primaryimage"},"thumbnailUrl":"https:\/\/images.pexels.com\/photos\/6883810\/pexels-photo-6883810.jpeg?auto=compress&cs=tinysrgb&fit=crop&h=627&w=1200","datePublished":"2026-07-12T16:43:14+00:00","dateModified":"2026-07-12T16:45:19+00:00","description":"Arthur mesure environ 1,76 m selon les fiches fran\u00e7aises \u2014 1,83 m selon des bases anglophones. 7 cm d'\u00e9cart : la fiche honn\u00eate de l'animateur TF1.","inLanguage":"fr-FR","potentialAction":[{"@type":"ReadAction","target":["https:\/\/starstory.fr\/blog\/celebrites-et-influence-en-france\/taille-des-stars\/quelle-taille-fait-arthur\/"]}]},{"@type":"ImageObject","inLanguage":"fr-FR","@id":"https:\/\/starstory.fr\/blog\/celebrites-et-influence-en-france\/taille-des-stars\/quelle-taille-fait-arthur\/#primaryimage","url":"https:\/\/images.pexels.com\/photos\/6883810\/pexels-photo-6883810.jpeg?auto=compress&cs=tinysrgb&fit=crop&h=627&w=1200","contentUrl":"https:\/\/images.pexels.com\/photos\/6883810\/pexels-photo-6883810.jpeg?auto=compress&cs=tinysrgb&fit=crop&h=627&w=1200"},{"@type":"WebSite","@id":"https:\/\/starstory.fr\/blog\/#website","url":"https:\/\/starstory.fr\/blog\/","name":"StarStory","description":"StarStory, les \u00e9toiles racontent leur histoire","publisher":{"@id":"https:\/\/starstory.fr\/blog\/#organization"},"alternateName":"StarStory, les \u00e9toiles racontent leur histoire","potentialAction":[{"@type":"SearchAction","target":{"@type":"EntryPoint","urlTemplate":"https:\/\/starstory.fr\/blog\/?s={search_term_string}"},"query-input":{"@type":"PropertyValueSpecification","valueRequired":true,"valueName":"search_term_string"}}],"inLanguage":"fr-FR"},{"@type":"Organization","@id":"https:\/\/starstory.fr\/blog\/#organization","name":"StarStory","alternateName":"StarStory.fr","url":"https:\/\/starstory.fr\/blog\/","logo":{"@type":"ImageObject","inLanguage":"fr-FR","@id":"https:\/\/starstory.fr\/blog\/#\/schema\/logo\/image\/","url":"https:\/\/starstory.fr\/blog\/wp-content\/uploads\/2024\/12\/38.png","contentUrl":"https:\/\/starstory.fr\/blog\/wp-content\/uploads\/2024\/12\/38.png","width":500,"height":500,"caption":"StarStory"},"image":{"@id":"https:\/\/starstory.fr\/blog\/#\/schema\/logo\/image\/"}},{"@type":"Person","@id":"https:\/\/starstory.fr\/blog\/#\/schema\/person\/432b46949d2a452f85568b160103039e","name":"Claire Lefevre","image":{"@type":"ImageObject","inLanguage":"fr-FR","@id":"https:\/\/starstory.fr\/blog\/#\/schema\/person\/image\/","url":"https:\/\/secure.gravatar.com\/avatar\/?s=96&d=mm&r=g","contentUrl":"https:\/\/secure.gravatar.com\/avatar\/?s=96&d=mm&r=g","caption":"Claire Lefevre"},"description":"Claire raconte l\u2019\u00e9volution des c\u00e9l\u00e9brit\u00e9s et leur influence socioculturelle \u00e0 travers les d\u00e9cennies.","url":"https:\/\/starstory.fr\/blog\/auteur\/claire-lefevre\/","jobTitle":"Contributrice mutuelle sant\u00e9","email":"claire.lefevre@starstory.fr"}]}},"_links":{"self":[{"href":"https:\/\/starstory.fr\/blog\/wp-json\/wp\/v2\/posts\/8189","targetHints":{"allow":["GET"]}}],"collection":[{"href":"https:\/\/starstory.fr\/blog\/wp-json\/wp\/v2\/posts"}],"about":[{"href":"https:\/\/starstory.fr\/blog\/wp-json\/wp\/v2\/types\/post"}],"author":[{"embeddable":true,"href":"https:\/\/starstory.fr\/blog\/wp-json\/wp\/v2\/users\/39"}],"replies":[{"embeddable":true,"href":"https:\/\/starstory.fr\/blog\/wp-json\/wp\/v2\/comments?post=8189"}],"version-history":[{"count":1,"href":"https:\/\/starstory.fr\/blog\/wp-json\/wp\/v2\/posts\/8189\/revisions"}],"predecessor-version":[{"id":8204,"href":"https:\/\/starstory.fr\/blog\/wp-json\/wp\/v2\/posts\/8189\/revisions\/8204"}],"wp:attachment":[{"href":"https:\/\/starstory.fr\/blog\/wp-json\/wp\/v2\/media?parent=8189"}],"wp:term":[{"taxonomy":"category","embeddable":true,"href":"https:\/\/starstory.fr\/blog\/wp-json\/wp\/v2\/categories?post=8189"},{"taxonomy":"post_tag","embeddable":true,"href":"https:\/\/starstory.fr\/blog\/wp-json\/wp\/v2\/tags?post=8189"}],"curies":[{"name":"wp","href":"https:\/\/api.w.org\/{rel}","templated":true}]}}