{"id":8188,"date":"2026-07-12T18:43:11","date_gmt":"2026-07-12T16:43:11","guid":{"rendered":"https:\/\/starstory.fr\/blog\/celebrites-et-influence-en-france\/taille-des-stars\/quelle-taille-fait-karine-le-marchand\/"},"modified":"2026-07-12T18:45:16","modified_gmt":"2026-07-12T16:45:16","slug":"quelle-taille-fait-karine-le-marchand","status":"publish","type":"post","link":"https:\/\/starstory.fr\/blog\/celebrites-et-influence-en-france\/taille-des-stars\/quelle-taille-fait-karine-le-marchand\/","title":{"rendered":"Quelle taille fait Karine Le Marchand ?"},"content":{"rendered":"<aside style=\"background:#FBEAF2;border-left:5px solid #B11E6A;padding:22px 28px;margin:24px 0;font-family:-apple-system,BlinkMacSystemFont,'Segoe UI',Roboto,sans-serif;\">\n<div style=\"margin:0;font-size:19px;line-height:1.55;color:#2a2a2a;font-weight:500;letter-spacing:-0.005em;\">\n    Karine Le Marchand mesure <strong>environ 1,74 \u00e0 1,77 m<\/strong> : elle a elle-m\u00eame \u00e9voqu\u00e9 1,77 m en interview (Gala), quand les fiches sp\u00e9cialis\u00e9es retiennent 1,73 \u00e0 1,75 m. Une grande taille pour la t\u00e9l\u00e9vision fran\u00e7aise, qu\u2019elle assume talons aux pieds.\n  <\/div>\n<\/aside>\n<figure style=\"margin:32px 0;font-family:-apple-system,BlinkMacSystemFont,'Segoe UI',Roboto,sans-serif;\">\n<div style=\"overflow-x:auto;border:1px solid #e5e5e0;border-radius:8px;\">\n<table style=\"width:100%;border-collapse:collapse;font-size:14px;color:#2a2a2a;min-width:500px;\">\n<thead>\n<tr style=\"background:#1a1a1a;color:#fff;\">\n<th style=\"text-align:left;padding:14px 18px;font-weight:700;font-size:12px;text-transform:uppercase;letter-spacing:1.5px;\">Fiche mensurations<\/th>\n<th style=\"text-align:left;padding:14px 18px;font-weight:700;font-size:12px;text-transform:uppercase;letter-spacing:1.5px;\">D\u00e9tail<\/th>\n<\/tr>\n<\/thead>\n<tbody>\n<tr style=\"background:#fff;border-bottom:1px solid #f0ede5;\">\n<td style=\"padding:14px 18px;font-weight:600;\">Nom complet<\/td>\n<td style=\"padding:14px 18px;color:#4a4a4a;\">Karine Mfayokurera, dite Karine Le Marchand<\/td>\n<\/tr>\n<tr style=\"background:#fafaf7;border-bottom:1px solid #f0ede5;\">\n<td style=\"padding:14px 18px;font-weight:600;\">Naissance<\/td>\n<td style=\"padding:14px 18px;color:#4a4a4a;\">16 ao\u00fbt 1968, Nancy (Meurthe-et-Moselle)<\/td>\n<\/tr>\n<tr style=\"background:#fff;border-bottom:1px solid #f0ede5;\">\n<td style=\"padding:14px 18px;font-weight:600;\">Taille<\/td>\n<td style=\"padding:14px 18px;color:#4a4a4a;\"><strong>Environ 1,74\u20131,77 m<\/strong> (1,77 m selon ses d\u00e9clarations, 1,73\u20131,75 m selon les fiches)<\/td>\n<\/tr>\n<tr style=\"background:#fafaf7;border-bottom:1px solid #f0ede5;\">\n<td style=\"padding:14px 18px;font-weight:600;\">Poids<\/td>\n<td style=\"padding:14px 18px;color:#4a4a4a;\">Non communiqu\u00e9 officiellement<\/td>\n<\/tr>\n<tr style=\"background:#fff;border-bottom:1px solid #f0ede5;\">\n<td style=\"padding:14px 18px;font-weight:600;\">Nationalit\u00e9<\/td>\n<td style=\"padding:14px 18px;color:#4a4a4a;\">Fran\u00e7aise (p\u00e8re burundais)<\/td>\n<\/tr>\n<tr style=\"background:#fafaf7;\">\n<td style=\"padding:14px 18px;font-weight:600;\">Profession<\/td>\n<td style=\"padding:14px 18px;color:#4a4a4a;\">Animatrice TV (L\u2019Amour est dans le pr\u00e9, M6)<\/td>\n<\/tr>\n<\/tbody>\n<\/table><\/div>\n<\/figure>\n<h2>1,73 m, 1,75 m ou 1,77 m ? Sa d\u00e9claration contre les fiches<\/h2>\n<p>Cas d\u2019\u00e9cole : l\u2019animatrice a d\u00e9clar\u00e9 mesurer <strong>1,77 m<\/strong> dans la presse people (Gala), mais les bases sp\u00e9cialis\u00e9es la cr\u00e9ditent plut\u00f4t de 1,73 \u00e0 1,75 m. L\u2019\u00e9cart est modeste et classique \u2014 les int\u00e9ress\u00e9s arrondissent volontiers vers le haut, les sites mesurent sur photos. La fourchette fiable : <strong>1,74\u20131,77 m<\/strong>, nettement au-dessus de la moyenne des Fran\u00e7aises (1,63 m).<\/p>\n<p>Sur les plateaux, elle regarde ainsi <a href=\"https:\/\/starstory.fr\/blog\/celebrites-et-influence-en-france\/taille-des-stars\/quelle-taille-fait-cyril-hanouna\/\">Cyril Hanouna (environ 1,76\u20131,77 m)<\/a> quasiment dans les yeux, et d\u00e9passe d\u2019une t\u00eate la plupart de ses invit\u00e9s f\u00e9minines. Face \u00e0 <a href=\"https:\/\/starstory.fr\/blog\/celebrites-et-influence-en-france\/taille-des-stars\/quelle-taille-fait-arthur\/\">Arthur<\/a>, l\u2019autre pilier de l\u2019animation fran\u00e7aise, l\u2019\u00e9cart d\u00e9pend de la source que l\u2019on retient pour lui \u2014 les deux se tiennent en tout cas dans un mouchoir.<\/p>\n<h2>Signes distinctifs<\/h2>\n<p>Brune au carr\u00e9 long, sourire permanent et \u00e9l\u00e9gance sobre \u2014 jean et chemise dans les fermes de L\u2019Amour est dans le pr\u00e9, robes structur\u00e9es en prime time : la presse t\u00e9l\u00e9 souligne r\u00e9guli\u00e8rement cette double garde-robe devenue un marqueur de l\u2019\u00e9mission. Sa silhouette \u00e9lanc\u00e9e de 1,75 m environ la distingue imm\u00e9diatement dans les photos de groupe des animateurs M6.<\/p>\n<aside style=\"background:#FBEAF2;border-left:4px solid #B11E6A;padding:14px 18px;margin:18px 0;border-radius:0 4px 4px 0;font-family:-apple-system,BlinkMacSystemFont,'Segoe UI',Roboto,sans-serif;\">\n  <strong style=\"display:inline-block;color:#8a1450;font-size:12px;text-transform:uppercase;letter-spacing:1.5px;margin-right:8px;\">&#128161; Bon \u00e0 savoir<\/strong><br \/>\n  <span style=\"font-size:14.5px;line-height:1.55;color:#3a3a3a;\">Avec environ 1,74\u20131,77 m, Karine Le Marchand fait partie des plus grandes animatrices du PAF \u2014 proche du gabarit de <a href=\"https:\/\/starstory.fr\/blog\/celebrites-et-influence-en-france\/taille-des-stars\/quelle-taille-fait-taylor-swift\/\">Taylor Swift (1,78 m)<\/a>, r\u00e9f\u00e9rence des grandes tailles du divertissement mondial.<\/span><br \/>\n<\/aside>\n<h2>Traits de caract\u00e8re<\/h2>\n<p>Le trait unanimement document\u00e9 est son <strong>franc-parler<\/strong> : ses passages en interview et ses clashs m\u00e9diatis\u00e9s (avec des chroniqueurs, des politiques ou d\u2019anciens coll\u00e8gues) sont abondamment relay\u00e9s, et elle assume publiquement \u00ab dire ce qu\u2019elle pense \u00bb \u2014 quitte \u00e0 s\u2019attirer des proc\u00e9dures largement couvertes par la presse.<\/p>\n<p>L\u2019autre facette, soulign\u00e9e par les candidats de L\u2019Amour est dans le pr\u00e9 comme par ses portraits, est l\u2019<strong>empathie<\/strong> : les agriculteurs de l\u2019\u00e9mission d\u00e9crivent depuis quinze saisons une confidente attentive, r\u00f4le qu\u2019elle a prolong\u00e9 en interviewant les politiques sur le registre intime (Une ambition intime, M6).<\/p>\n<p>Toutes les tailles v\u00e9rifi\u00e9es des visages du PAF et des stars internationales sont compil\u00e9es dans notre <a href=\"https:\/\/starstory.fr\/blog\/celebrites-et-influence-en-france\/taille-des-stars\/quelle-taille-font-les-stars\/\">guide des mensurations des stars<\/a>.<\/p>\n<h2>Questions fr\u00e9quentes<\/h2>\n<h3>Quelle est la taille exacte de Karine Le Marchand ?<\/h3>\n<p>Elle a d\u00e9clar\u00e9 <strong>1,77 m<\/strong> (Gala) ; les fiches sp\u00e9cialis\u00e9es retiennent 1,73\u20131,75 m. Fourchette fiable : 1,74\u20131,77 m.<\/p>\n<h3>Combien p\u00e8se Karine Le Marchand ?<\/h3>\n<p>Son poids n\u2019est pas communiqu\u00e9 officiellement ; les chiffres avanc\u00e9s par certains sites people ne reposent sur aucune source v\u00e9rifiable.<\/p>\n<h3>Karine Le Marchand est-elle grande ?<\/h3>\n<p>Oui : avec 1,74\u20131,77 m, elle d\u00e9passe la moyenne f\u00e9minine fran\u00e7aise d\u2019une dizaine de centim\u00e8tres et compte parmi les grandes animatrices du PAF.<\/p>\n<p style=\"font-size:13px;color:#6a6a6a;margin-top:28px;\">Sources : interview Gala (1,77 m d\u00e9clar\u00e9s), quelletaille.fr, lenotix.fr, taille-age-celebrites.com \u2014 divergences signal\u00e9es.<\/p>\n<p><script type=\"application\/ld+json\">{\"@context\": \"https:\/\/schema.org\", \"@type\": \"FAQPage\", \"mainEntity\": [{\"@type\": \"Question\", \"name\": \"Quelle est la taille exacte de Karine Le Marchand ?\", \"acceptedAnswer\": {\"@type\": \"Answer\", \"text\": \"Elle a d\u00e9clar\u00e9 1,77 m (Gala) ; les fiches sp\u00e9cialis\u00e9es retiennent 1,73\u20131,75 m. Fourchette fiable : 1,74\u20131,77 m.\"}}, {\"@type\": \"Question\", \"name\": \"Combien p\u00e8se Karine Le Marchand ?\", \"acceptedAnswer\": {\"@type\": \"Answer\", \"text\": \"Son poids n'est pas communiqu\u00e9 officiellement ; les chiffres avanc\u00e9s par certains sites people ne reposent sur aucune source v\u00e9rifiable.\"}}, {\"@type\": \"Question\", \"name\": \"Karine Le Marchand est-elle grande ?\", \"acceptedAnswer\": {\"@type\": \"Answer\", \"text\": \"Oui : avec 1,74\u20131,77 m, elle d\u00e9passe la moyenne f\u00e9minine fran\u00e7aise d'une dizaine de centim\u00e8tres et compte parmi les grandes animatrices du PAF.\"}}]}<\/script><\/p>\n","protected":false},"excerpt":{"rendered":"","protected":false},"author":34,"featured_media":999999999,"comment_status":"open","ping_status":"open","sticky":false,"template":"","format":"standard","meta":{"_acf_changed":false,"manual_indexmenow":false,"indexmenow_id_project":0,"footnotes":""},"categories":[4839],"tags":[],"class_list":["post-8188","post","type-post","status-publish","format-standard","has-post-thumbnail","hentry","category-taille-des-stars","generate-columns","tablet-grid-50","mobile-grid-100","grid-parent","grid-25"],"acf":[],"yoast_head":"<!-- This site is optimized with the Yoast SEO Premium plugin v21.3 (Yoast SEO v26.5) - https:\/\/yoast.com\/wordpress\/plugins\/seo\/ -->\n<title>Quelle taille fait Karine Le Marchand ? Taille r\u00e9elle<\/title>\n<meta name=\"description\" content=\"Karine Le Marchand mesure 1,74-1,77 m \u2014 elle a d\u00e9clar\u00e9 1,77 m dans Gala. Taille, style, franc-parler : la fiche v\u00e9rifi\u00e9e de l&#039;animatrice de M6.\" \/>\n<meta name=\"robots\" content=\"index, follow, max-snippet:-1, max-image-preview:large, max-video-preview:-1\" \/>\n<link rel=\"canonical\" href=\"https:\/\/starstory.fr\/blog\/celebrites-et-influence-en-france\/taille-des-stars\/quelle-taille-fait-karine-le-marchand\/\" \/>\n<meta property=\"og:locale\" content=\"fr_FR\" \/>\n<meta property=\"og:type\" content=\"article\" \/>\n<meta property=\"og:title\" content=\"Quelle taille fait Karine Le Marchand ? Taille r\u00e9elle\" \/>\n<meta property=\"og:description\" content=\"Karine Le Marchand mesure 1,74-1,77 m \u2014 elle a d\u00e9clar\u00e9 1,77 m dans Gala. Taille, style, franc-parler : la fiche v\u00e9rifi\u00e9e de l&#039;animatrice de M6.\" \/>\n<meta property=\"og:url\" content=\"https:\/\/starstory.fr\/blog\/celebrites-et-influence-en-france\/taille-des-stars\/quelle-taille-fait-karine-le-marchand\/\" \/>\n<meta property=\"og:site_name\" content=\"starstory\" \/>\n<meta property=\"og:image\" content=\"https:\/\/images.pexels.com\/photos\/16494114\/pexels-photo-16494114.jpeg?auto=compress&cs=tinysrgb&fit=crop&h=627&w=1200\" \/>\n<meta name=\"author\" content=\"Rapha\u00ebl D.\" \/>\n<meta name=\"twitter:card\" content=\"summary_large_image\" \/>\n<script type=\"application\/ld+json\" class=\"yoast-schema-graph\">{\"@context\":\"https:\/\/schema.org\",\"@graph\":[{\"@type\":\"NewsArticle\",\"@id\":\"https:\/\/starstory.fr\/blog\/celebrites-et-influence-en-france\/taille-des-stars\/quelle-taille-fait-karine-le-marchand\/#article\",\"isPartOf\":{\"@id\":\"https:\/\/starstory.fr\/blog\/celebrites-et-influence-en-france\/taille-des-stars\/quelle-taille-fait-karine-le-marchand\/\"},\"author\":{\"name\":\"Rapha\u00ebl D.\",\"@id\":\"https:\/\/starstory.fr\/blog\/#\/schema\/person\/3c864cdc320801e3db34b663e7e3f816\"},\"headline\":\"Quelle taille fait Karine Le Marchand ?\",\"datePublished\":\"2026-07-12T16:43:11+00:00\",\"dateModified\":\"2026-07-12T16:45:16+00:00\",\"mainEntityOfPage\":{\"@id\":\"https:\/\/starstory.fr\/blog\/celebrites-et-influence-en-france\/taille-des-stars\/quelle-taille-fait-karine-le-marchand\/\"},\"wordCount\":561,\"commentCount\":0,\"publisher\":{\"@id\":\"https:\/\/starstory.fr\/blog\/#organization\"},\"image\":{\"@id\":\"https:\/\/starstory.fr\/blog\/celebrites-et-influence-en-france\/taille-des-stars\/quelle-taille-fait-karine-le-marchand\/#primaryimage\"},\"thumbnailUrl\":\"https:\/\/images.pexels.com\/photos\/16494114\/pexels-photo-16494114.jpeg?auto=compress&cs=tinysrgb&fit=crop&h=627&w=1200\",\"articleSection\":[\"Taille et mensurations des stars\"],\"inLanguage\":\"fr-FR\",\"potentialAction\":[{\"@type\":\"CommentAction\",\"name\":\"Comment\",\"target\":[\"https:\/\/starstory.fr\/blog\/celebrites-et-influence-en-france\/taille-des-stars\/quelle-taille-fait-karine-le-marchand\/#respond\"]}]},{\"@type\":\"WebPage\",\"@id\":\"https:\/\/starstory.fr\/blog\/celebrites-et-influence-en-france\/taille-des-stars\/quelle-taille-fait-karine-le-marchand\/\",\"url\":\"https:\/\/starstory.fr\/blog\/celebrites-et-influence-en-france\/taille-des-stars\/quelle-taille-fait-karine-le-marchand\/\",\"name\":\"Quelle taille fait Karine Le Marchand ? Taille r\u00e9elle\",\"isPartOf\":{\"@id\":\"https:\/\/starstory.fr\/blog\/#website\"},\"primaryImageOfPage\":{\"@id\":\"https:\/\/starstory.fr\/blog\/celebrites-et-influence-en-france\/taille-des-stars\/quelle-taille-fait-karine-le-marchand\/#primaryimage\"},\"image\":{\"@id\":\"https:\/\/starstory.fr\/blog\/celebrites-et-influence-en-france\/taille-des-stars\/quelle-taille-fait-karine-le-marchand\/#primaryimage\"},\"thumbnailUrl\":\"https:\/\/images.pexels.com\/photos\/16494114\/pexels-photo-16494114.jpeg?auto=compress&cs=tinysrgb&fit=crop&h=627&w=1200\",\"datePublished\":\"2026-07-12T16:43:11+00:00\",\"dateModified\":\"2026-07-12T16:45:16+00:00\",\"description\":\"Karine Le Marchand mesure 1,74-1,77 m \u2014 elle a d\u00e9clar\u00e9 1,77 m dans Gala. Taille, style, franc-parler : la fiche v\u00e9rifi\u00e9e de l'animatrice de M6.\",\"inLanguage\":\"fr-FR\",\"potentialAction\":[{\"@type\":\"ReadAction\",\"target\":[\"https:\/\/starstory.fr\/blog\/celebrites-et-influence-en-france\/taille-des-stars\/quelle-taille-fait-karine-le-marchand\/\"]}]},{\"@type\":\"ImageObject\",\"inLanguage\":\"fr-FR\",\"@id\":\"https:\/\/starstory.fr\/blog\/celebrites-et-influence-en-france\/taille-des-stars\/quelle-taille-fait-karine-le-marchand\/#primaryimage\",\"url\":\"https:\/\/images.pexels.com\/photos\/16494114\/pexels-photo-16494114.jpeg?auto=compress&cs=tinysrgb&fit=crop&h=627&w=1200\",\"contentUrl\":\"https:\/\/images.pexels.com\/photos\/16494114\/pexels-photo-16494114.jpeg?auto=compress&cs=tinysrgb&fit=crop&h=627&w=1200\"},{\"@type\":\"WebSite\",\"@id\":\"https:\/\/starstory.fr\/blog\/#website\",\"url\":\"https:\/\/starstory.fr\/blog\/\",\"name\":\"StarStory\",\"description\":\"StarStory, les \u00e9toiles racontent leur histoire\",\"publisher\":{\"@id\":\"https:\/\/starstory.fr\/blog\/#organization\"},\"alternateName\":\"StarStory, les \u00e9toiles racontent leur histoire\",\"potentialAction\":[{\"@type\":\"SearchAction\",\"target\":{\"@type\":\"EntryPoint\",\"urlTemplate\":\"https:\/\/starstory.fr\/blog\/?s={search_term_string}\"},\"query-input\":{\"@type\":\"PropertyValueSpecification\",\"valueRequired\":true,\"valueName\":\"search_term_string\"}}],\"inLanguage\":\"fr-FR\"},{\"@type\":\"Organization\",\"@id\":\"https:\/\/starstory.fr\/blog\/#organization\",\"name\":\"StarStory\",\"alternateName\":\"StarStory.fr\",\"url\":\"https:\/\/starstory.fr\/blog\/\",\"logo\":{\"@type\":\"ImageObject\",\"inLanguage\":\"fr-FR\",\"@id\":\"https:\/\/starstory.fr\/blog\/#\/schema\/logo\/image\/\",\"url\":\"https:\/\/starstory.fr\/blog\/wp-content\/uploads\/2024\/12\/38.png\",\"contentUrl\":\"https:\/\/starstory.fr\/blog\/wp-content\/uploads\/2024\/12\/38.png\",\"width\":500,\"height\":500,\"caption\":\"StarStory\"},\"image\":{\"@id\":\"https:\/\/starstory.fr\/blog\/#\/schema\/logo\/image\/\"}},{\"@type\":\"Person\",\"@id\":\"https:\/\/starstory.fr\/blog\/#\/schema\/person\/3c864cdc320801e3db34b663e7e3f816\",\"name\":\"Rapha\u00ebl D.\",\"image\":{\"@type\":\"ImageObject\",\"inLanguage\":\"fr-FR\",\"@id\":\"https:\/\/starstory.fr\/blog\/#\/schema\/person\/image\/\",\"url\":\"https:\/\/starstory.fr\/blog\/wp-content\/uploads\/2026\/06\/persona_raphael-d-96x96.jpg\",\"contentUrl\":\"https:\/\/starstory.fr\/blog\/wp-content\/uploads\/2026\/06\/persona_raphael-d-96x96.jpg\",\"caption\":\"Rapha\u00ebl D.\"},\"description\":\"La culture est mon terrain de jeu depuis une dizaine d'ann\u00e9es : arts visuels, s\u00e9ries, cr\u00e9ation et tout ce qui nourrit l'imaginaire. J'\u00e9cris aussi bien sur l'actualit\u00e9 des \u0153uvres que sur les coulisses de la cr\u00e9ation, avec l'envie de relier l'amateur curieux \u00e0 des univers parfois jug\u00e9s intimidants. J'aime analyser une s\u00e9rie ou une d\u00e9marche artistique sans p\u00e9dantisme, replacer une \u0153uvre dans son contexte et donner des cl\u00e9s de lecture accessibles. Avant de publier, je v\u00e9rifie mes r\u00e9f\u00e9rences, je recoupe les sources et je distingue clairement le fait de mon interpr\u00e9tation subjective. Je crois qu'une critique vaut surtout par les arguments qu'elle expose, pas par la sentence qu'elle rend. Mon angle : transmettre l'envie de d\u00e9couvrir, de regarder autrement et de se forger son propre go\u00fbt. La culture n'appartient pas qu'aux initi\u00e9s, et c'est tout l'enjeu de mon \u00e9criture.\",\"url\":\"https:\/\/starstory.fr\/blog\/auteur\/noname\/\",\"jobTitle\":\"R\u00e9dacteur en chef \u00b7 Culture & Cr\u00e9ation\",\"knowsAbout\":[\"Culture\",\"Cr\u00e9ation\"],\"email\":\"raphael.d@a-l-asso-de-l-art.fr\"}]}<\/script>\n<!-- \/ Yoast SEO Premium plugin. -->","yoast_head_json":{"title":"Quelle taille fait Karine Le Marchand ? Taille r\u00e9elle","description":"Karine Le Marchand mesure 1,74-1,77 m \u2014 elle a d\u00e9clar\u00e9 1,77 m dans Gala. Taille, style, franc-parler : la fiche v\u00e9rifi\u00e9e de l'animatrice de M6.","robots":{"index":"index","follow":"follow","max-snippet":"max-snippet:-1","max-image-preview":"max-image-preview:large","max-video-preview":"max-video-preview:-1"},"canonical":"https:\/\/starstory.fr\/blog\/celebrites-et-influence-en-france\/taille-des-stars\/quelle-taille-fait-karine-le-marchand\/","og_locale":"fr_FR","og_type":"article","og_title":"Quelle taille fait Karine Le Marchand ? Taille r\u00e9elle","og_description":"Karine Le Marchand mesure 1,74-1,77 m \u2014 elle a d\u00e9clar\u00e9 1,77 m dans Gala. Taille, style, franc-parler : la fiche v\u00e9rifi\u00e9e de l'animatrice de M6.","og_url":"https:\/\/starstory.fr\/blog\/celebrites-et-influence-en-france\/taille-des-stars\/quelle-taille-fait-karine-le-marchand\/","og_site_name":"starstory","og_image":[{"url":"https:\/\/images.pexels.com\/photos\/16494114\/pexels-photo-16494114.jpeg?auto=compress&cs=tinysrgb&fit=crop&h=627&w=1200","type":"","width":"","height":""}],"author":"Rapha\u00ebl D.","twitter_card":"summary_large_image","schema":{"@context":"https:\/\/schema.org","@graph":[{"@type":"NewsArticle","@id":"https:\/\/starstory.fr\/blog\/celebrites-et-influence-en-france\/taille-des-stars\/quelle-taille-fait-karine-le-marchand\/#article","isPartOf":{"@id":"https:\/\/starstory.fr\/blog\/celebrites-et-influence-en-france\/taille-des-stars\/quelle-taille-fait-karine-le-marchand\/"},"author":{"name":"Rapha\u00ebl D.","@id":"https:\/\/starstory.fr\/blog\/#\/schema\/person\/3c864cdc320801e3db34b663e7e3f816"},"headline":"Quelle taille fait Karine Le Marchand ?","datePublished":"2026-07-12T16:43:11+00:00","dateModified":"2026-07-12T16:45:16+00:00","mainEntityOfPage":{"@id":"https:\/\/starstory.fr\/blog\/celebrites-et-influence-en-france\/taille-des-stars\/quelle-taille-fait-karine-le-marchand\/"},"wordCount":561,"commentCount":0,"publisher":{"@id":"https:\/\/starstory.fr\/blog\/#organization"},"image":{"@id":"https:\/\/starstory.fr\/blog\/celebrites-et-influence-en-france\/taille-des-stars\/quelle-taille-fait-karine-le-marchand\/#primaryimage"},"thumbnailUrl":"https:\/\/images.pexels.com\/photos\/16494114\/pexels-photo-16494114.jpeg?auto=compress&cs=tinysrgb&fit=crop&h=627&w=1200","articleSection":["Taille et mensurations des stars"],"inLanguage":"fr-FR","potentialAction":[{"@type":"CommentAction","name":"Comment","target":["https:\/\/starstory.fr\/blog\/celebrites-et-influence-en-france\/taille-des-stars\/quelle-taille-fait-karine-le-marchand\/#respond"]}]},{"@type":"WebPage","@id":"https:\/\/starstory.fr\/blog\/celebrites-et-influence-en-france\/taille-des-stars\/quelle-taille-fait-karine-le-marchand\/","url":"https:\/\/starstory.fr\/blog\/celebrites-et-influence-en-france\/taille-des-stars\/quelle-taille-fait-karine-le-marchand\/","name":"Quelle taille fait Karine Le Marchand ? Taille r\u00e9elle","isPartOf":{"@id":"https:\/\/starstory.fr\/blog\/#website"},"primaryImageOfPage":{"@id":"https:\/\/starstory.fr\/blog\/celebrites-et-influence-en-france\/taille-des-stars\/quelle-taille-fait-karine-le-marchand\/#primaryimage"},"image":{"@id":"https:\/\/starstory.fr\/blog\/celebrites-et-influence-en-france\/taille-des-stars\/quelle-taille-fait-karine-le-marchand\/#primaryimage"},"thumbnailUrl":"https:\/\/images.pexels.com\/photos\/16494114\/pexels-photo-16494114.jpeg?auto=compress&cs=tinysrgb&fit=crop&h=627&w=1200","datePublished":"2026-07-12T16:43:11+00:00","dateModified":"2026-07-12T16:45:16+00:00","description":"Karine Le Marchand mesure 1,74-1,77 m \u2014 elle a d\u00e9clar\u00e9 1,77 m dans Gala. Taille, style, franc-parler : la fiche v\u00e9rifi\u00e9e de l'animatrice de M6.","inLanguage":"fr-FR","potentialAction":[{"@type":"ReadAction","target":["https:\/\/starstory.fr\/blog\/celebrites-et-influence-en-france\/taille-des-stars\/quelle-taille-fait-karine-le-marchand\/"]}]},{"@type":"ImageObject","inLanguage":"fr-FR","@id":"https:\/\/starstory.fr\/blog\/celebrites-et-influence-en-france\/taille-des-stars\/quelle-taille-fait-karine-le-marchand\/#primaryimage","url":"https:\/\/images.pexels.com\/photos\/16494114\/pexels-photo-16494114.jpeg?auto=compress&cs=tinysrgb&fit=crop&h=627&w=1200","contentUrl":"https:\/\/images.pexels.com\/photos\/16494114\/pexels-photo-16494114.jpeg?auto=compress&cs=tinysrgb&fit=crop&h=627&w=1200"},{"@type":"WebSite","@id":"https:\/\/starstory.fr\/blog\/#website","url":"https:\/\/starstory.fr\/blog\/","name":"StarStory","description":"StarStory, les \u00e9toiles racontent leur histoire","publisher":{"@id":"https:\/\/starstory.fr\/blog\/#organization"},"alternateName":"StarStory, les \u00e9toiles racontent leur histoire","potentialAction":[{"@type":"SearchAction","target":{"@type":"EntryPoint","urlTemplate":"https:\/\/starstory.fr\/blog\/?s={search_term_string}"},"query-input":{"@type":"PropertyValueSpecification","valueRequired":true,"valueName":"search_term_string"}}],"inLanguage":"fr-FR"},{"@type":"Organization","@id":"https:\/\/starstory.fr\/blog\/#organization","name":"StarStory","alternateName":"StarStory.fr","url":"https:\/\/starstory.fr\/blog\/","logo":{"@type":"ImageObject","inLanguage":"fr-FR","@id":"https:\/\/starstory.fr\/blog\/#\/schema\/logo\/image\/","url":"https:\/\/starstory.fr\/blog\/wp-content\/uploads\/2024\/12\/38.png","contentUrl":"https:\/\/starstory.fr\/blog\/wp-content\/uploads\/2024\/12\/38.png","width":500,"height":500,"caption":"StarStory"},"image":{"@id":"https:\/\/starstory.fr\/blog\/#\/schema\/logo\/image\/"}},{"@type":"Person","@id":"https:\/\/starstory.fr\/blog\/#\/schema\/person\/3c864cdc320801e3db34b663e7e3f816","name":"Rapha\u00ebl D.","image":{"@type":"ImageObject","inLanguage":"fr-FR","@id":"https:\/\/starstory.fr\/blog\/#\/schema\/person\/image\/","url":"https:\/\/starstory.fr\/blog\/wp-content\/uploads\/2026\/06\/persona_raphael-d-96x96.jpg","contentUrl":"https:\/\/starstory.fr\/blog\/wp-content\/uploads\/2026\/06\/persona_raphael-d-96x96.jpg","caption":"Rapha\u00ebl D."},"description":"La culture est mon terrain de jeu depuis une dizaine d'ann\u00e9es : arts visuels, s\u00e9ries, cr\u00e9ation et tout ce qui nourrit l'imaginaire. J'\u00e9cris aussi bien sur l'actualit\u00e9 des \u0153uvres que sur les coulisses de la cr\u00e9ation, avec l'envie de relier l'amateur curieux \u00e0 des univers parfois jug\u00e9s intimidants. J'aime analyser une s\u00e9rie ou une d\u00e9marche artistique sans p\u00e9dantisme, replacer une \u0153uvre dans son contexte et donner des cl\u00e9s de lecture accessibles. Avant de publier, je v\u00e9rifie mes r\u00e9f\u00e9rences, je recoupe les sources et je distingue clairement le fait de mon interpr\u00e9tation subjective. Je crois qu'une critique vaut surtout par les arguments qu'elle expose, pas par la sentence qu'elle rend. Mon angle : transmettre l'envie de d\u00e9couvrir, de regarder autrement et de se forger son propre go\u00fbt. La culture n'appartient pas qu'aux initi\u00e9s, et c'est tout l'enjeu de mon \u00e9criture.","url":"https:\/\/starstory.fr\/blog\/auteur\/noname\/","jobTitle":"R\u00e9dacteur en chef \u00b7 Culture & Cr\u00e9ation","knowsAbout":["Culture","Cr\u00e9ation"],"email":"raphael.d@a-l-asso-de-l-art.fr"}]}},"_links":{"self":[{"href":"https:\/\/starstory.fr\/blog\/wp-json\/wp\/v2\/posts\/8188","targetHints":{"allow":["GET"]}}],"collection":[{"href":"https:\/\/starstory.fr\/blog\/wp-json\/wp\/v2\/posts"}],"about":[{"href":"https:\/\/starstory.fr\/blog\/wp-json\/wp\/v2\/types\/post"}],"author":[{"embeddable":true,"href":"https:\/\/starstory.fr\/blog\/wp-json\/wp\/v2\/users\/34"}],"replies":[{"embeddable":true,"href":"https:\/\/starstory.fr\/blog\/wp-json\/wp\/v2\/comments?post=8188"}],"version-history":[{"count":1,"href":"https:\/\/starstory.fr\/blog\/wp-json\/wp\/v2\/posts\/8188\/revisions"}],"predecessor-version":[{"id":8203,"href":"https:\/\/starstory.fr\/blog\/wp-json\/wp\/v2\/posts\/8188\/revisions\/8203"}],"wp:attachment":[{"href":"https:\/\/starstory.fr\/blog\/wp-json\/wp\/v2\/media?parent=8188"}],"wp:term":[{"taxonomy":"category","embeddable":true,"href":"https:\/\/starstory.fr\/blog\/wp-json\/wp\/v2\/categories?post=8188"},{"taxonomy":"post_tag","embeddable":true,"href":"https:\/\/starstory.fr\/blog\/wp-json\/wp\/v2\/tags?post=8188"}],"curies":[{"name":"wp","href":"https:\/\/api.w.org\/{rel}","templated":true}]}}