{"id":8185,"date":"2026-07-12T18:43:00","date_gmt":"2026-07-12T16:43:00","guid":{"rendered":"https:\/\/starstory.fr\/blog\/celebrites-et-influence-en-france\/taille-des-stars\/quelle-taille-fait-gerard-depardieu\/"},"modified":"2026-07-12T18:45:07","modified_gmt":"2026-07-12T16:45:07","slug":"quelle-taille-fait-gerard-depardieu","status":"publish","type":"post","link":"https:\/\/starstory.fr\/blog\/celebrites-et-influence-en-france\/taille-des-stars\/quelle-taille-fait-gerard-depardieu\/","title":{"rendered":"Quelle taille fait G\u00e9rard Depardieu ? Sa taille r\u00e9elle"},"content":{"rendered":"<aside style=\"background:#FBEAF2;border-left:5px solid #B11E6A;padding:22px 28px;margin:24px 0;font-family:-apple-system,BlinkMacSystemFont,'Segoe UI',Roboto,sans-serif;\">\n<div style=\"margin:0;font-size:19px;line-height:1.55;color:#2a2a2a;font-weight:500;letter-spacing:-0.005em;\">\n    G\u00e9rard Depardieu mesure <strong>environ 1,78 \u00e0 1,80 m<\/strong> \u00e0 son pic selon les sources \u2014 CelebHeights le cr\u00e9dite de 5\u201910\u00be\u201d (1,80 m) jeune et d\u2019environ 1,75 m aujourd\u2019hui, le tassement li\u00e9 \u00e0 l\u2019\u00e2ge \u00e9tant normal apr\u00e8s 75 ans. Sa carrure massive a toujours fait para\u00eetre le chiffre plus grand.\n  <\/div>\n<\/aside>\n<figure style=\"margin:32px 0;font-family:-apple-system,BlinkMacSystemFont,'Segoe UI',Roboto,sans-serif;\">\n<div style=\"overflow-x:auto;border:1px solid #e5e5e0;border-radius:8px;\">\n<table style=\"width:100%;border-collapse:collapse;font-size:14px;color:#2a2a2a;min-width:500px;\">\n<thead>\n<tr style=\"background:#1a1a1a;color:#fff;\">\n<th style=\"text-align:left;padding:14px 18px;font-weight:700;font-size:12px;text-transform:uppercase;letter-spacing:1.5px;\">Fiche mensurations<\/th>\n<th style=\"text-align:left;padding:14px 18px;font-weight:700;font-size:12px;text-transform:uppercase;letter-spacing:1.5px;\">D\u00e9tail<\/th>\n<\/tr>\n<\/thead>\n<tbody>\n<tr style=\"background:#fff;border-bottom:1px solid #f0ede5;\">\n<td style=\"padding:14px 18px;font-weight:600;\">Nom complet<\/td>\n<td style=\"padding:14px 18px;color:#4a4a4a;\">G\u00e9rard Xavier Marcel Depardieu<\/td>\n<\/tr>\n<tr style=\"background:#fafaf7;border-bottom:1px solid #f0ede5;\">\n<td style=\"padding:14px 18px;font-weight:600;\">Naissance<\/td>\n<td style=\"padding:14px 18px;color:#4a4a4a;\">27 d\u00e9cembre 1948, Ch\u00e2teauroux (Indre)<\/td>\n<\/tr>\n<tr style=\"background:#fff;border-bottom:1px solid #f0ede5;\">\n<td style=\"padding:14px 18px;font-weight:600;\">Taille<\/td>\n<td style=\"padding:14px 18px;color:#4a4a4a;\"><strong>1,78\u20131,80 m au pic<\/strong> ; environ 1,75 m aujourd\u2019hui (CelebHeights)<\/td>\n<\/tr>\n<tr style=\"background:#fafaf7;border-bottom:1px solid #f0ede5;\">\n<td style=\"padding:14px 18px;font-weight:600;\">Poids<\/td>\n<td style=\"padding:14px 18px;color:#4a4a4a;\">Non communiqu\u00e9 officiellement (fortes variations document\u00e9es)<\/td>\n<\/tr>\n<tr style=\"background:#fff;border-bottom:1px solid #f0ede5;\">\n<td style=\"padding:14px 18px;font-weight:600;\">Nationalit\u00e9<\/td>\n<td style=\"padding:14px 18px;color:#4a4a4a;\">Fran\u00e7aise (naturalis\u00e9 russe en 2013)<\/td>\n<\/tr>\n<tr style=\"background:#fafaf7;\">\n<td style=\"padding:14px 18px;font-weight:600;\">Profession<\/td>\n<td style=\"padding:14px 18px;color:#4a4a4a;\">Acteur \u2014 plus de 200 films, C\u00e9sar 1981 et 1991<\/td>\n<\/tr>\n<\/tbody>\n<\/table><\/div>\n<\/figure>\n<h2>1,80 m jeune, 1,75 m aujourd\u2019hui : l\u2019\u00e9volution d\u2019une stature<\/h2>\n<p>Les fiches divergent l\u00e9g\u00e8rement : howtallis et KnowSize listent <strong>1,80 m<\/strong>, bodysize.org 1,78 m, et CelebHeights distingue un pic \u00e0 5\u201910\u00be\u201d (1,80 m) d\u2019une taille actuelle d\u2019environ <strong>1,75 m<\/strong> \u2014 la colonne vert\u00e9brale se tasse naturellement avec l\u2019\u00e2ge. La fourchette honn\u00eate pour le Depardieu des grandes ann\u00e9es : 1,78\u20131,80 m.<\/p>\n<p>Ce qui frappe, c\u2019est l\u2019\u00e9cart entre le chiffre et la perception : sa masse corporelle et sa pr\u00e9sence physique \u00e9crasante ont toujours fait passer \u00ab G\u00e9g\u00e9 \u00bb pour un g\u00e9ant. Il reste pourtant plus petit que <a href=\"https:\/\/starstory.fr\/blog\/celebrites-et-influence-en-france\/taille-des-stars\/quelle-taille-fait-jean-dujardin\/\">Jean Dujardin (1,82 m)<\/a> et loin derri\u00e8re <a href=\"https:\/\/starstory.fr\/blog\/celebrites-et-influence-en-france\/taille-des-stars\/quelle-taille-fait-omar-sy\/\">Omar Sy (1,90 m)<\/a>, les deux autres monstres sacr\u00e9s de notre comparatif fran\u00e7ais.<\/p>\n<h2>Signes distinctifs<\/h2>\n<p>Le <strong>nez cass\u00e9<\/strong> \u2014 plusieurs fois, dont des accidents de moto document\u00e9s par la presse depuis les ann\u00e9es 1970 \u2014, la tignasse en bataille et une corpulence devenue partie int\u00e9grante du personnage : le physique de Depardieu est l\u2019un des plus identifiables du cin\u00e9ma mondial. Sa voix caverneuse, immortalis\u00e9e de Cyrano de Bergerac \u00e0 Ast\u00e9rix, compl\u00e8te la panoplie.<\/p>\n<aside style=\"background:#FBEAF2;border-left:4px solid #B11E6A;padding:14px 18px;margin:18px 0;border-radius:0 4px 4px 0;font-family:-apple-system,BlinkMacSystemFont,'Segoe UI',Roboto,sans-serif;\">\n  <strong style=\"display:inline-block;color:#8a1450;font-size:12px;text-transform:uppercase;letter-spacing:1.5px;margin-right:8px;\">&#128161; Bon \u00e0 savoir<\/strong><br \/>\n  <span style=\"font-size:14.5px;line-height:1.55;color:#3a3a3a;\">Dans les ann\u00e9es 1990, Hollywood l\u2019affichait volontiers face \u00e0 des partenaires plus compactes : son 1,78\u20131,80 m \u00e9quivaut \u00e0 celui de <a href=\"https:\/\/starstory.fr\/blog\/celebrites-et-influence-en-france\/taille-des-stars\/quelle-taille-fait-brad-pitt\/\">Brad Pitt<\/a>, mais la carrure change radicalement la perception du gabarit.<\/span><br \/>\n<\/aside>\n<h2>Traits de caract\u00e8re<\/h2>\n<p>Le mot qui revient dans tous ses portraits de presse depuis quarante ans est <strong>d\u00e9mesure<\/strong> : app\u00e9tit, col\u00e8res, g\u00e9n\u00e9rosit\u00e9, prises de position \u2014 les biographes d\u00e9crivent un temp\u00e9rament excessif en tout, que l\u2019int\u00e9ress\u00e9 revendique lui-m\u00eame dans ses m\u00e9moires (\u00ab \u00c7a s\u2019est fait comme \u00e7a \u00bb, 2014).<\/p>\n<p>Autre trait document\u00e9 : l\u2019<strong>\u00e9picurisme<\/strong>. Vigneron propri\u00e9taire en Anjou puis dans le monde entier, restaurateur, auteur d\u2019ouvrages sur la cuisine, il a construit une seconde vie m\u00e9diatique autour de la table et du vin, largement couverte par la presse gastronomique.<\/p>\n<p>Retrouvez toutes les mensurations v\u00e9rifi\u00e9es des monstres sacr\u00e9s du cin\u00e9ma et des autres c\u00e9l\u00e9brit\u00e9s dans notre <a href=\"https:\/\/starstory.fr\/blog\/celebrites-et-influence-en-france\/taille-des-stars\/quelle-taille-font-les-stars\/\">guide des tailles des stars<\/a>.<\/p>\n<h2>Questions fr\u00e9quentes<\/h2>\n<h3>Quelle est la taille exacte de G\u00e9rard Depardieu ?<\/h3>\n<p><strong>1,78 \u00e0 1,80 m<\/strong> \u00e0 son pic selon les sources ; CelebHeights estime sa taille actuelle \u00e0 environ 1,75 m, tassement de l\u2019\u00e2ge oblige.<\/p>\n<h3>Combien p\u00e8se G\u00e9rard Depardieu ?<\/h3>\n<p>Aucun chiffre officiel n\u2019existe et son poids a fortement vari\u00e9 au fil des d\u00e9cennies, comme la presse l\u2019a abondamment document\u00e9 : nous ne retenons pas de valeur unique.<\/p>\n<h3>Pourquoi Depardieu para\u00eet-il plus grand que sa taille r\u00e9elle ?<\/h3>\n<p>\u00c0 cause de sa carrure et de sa pr\u00e9sence : avec 1,78\u20131,80 m, il est dans la moyenne haute, mais sa masse physique et sa voix cr\u00e9ent une impression de g\u00e9ant.<\/p>\n<p style=\"font-size:13px;color:#6a6a6a;margin-top:28px;\">Sources : CelebHeights.com (pic 1,80 m \/ actuel 1,75 m), howtallis.org, bodysize.org \u2014 divergences signal\u00e9es.<\/p>\n<p><script type=\"application\/ld+json\">{\"@context\": \"https:\/\/schema.org\", \"@type\": \"FAQPage\", \"mainEntity\": [{\"@type\": \"Question\", \"name\": \"Quelle est la taille exacte de G\u00e9rard Depardieu ?\", \"acceptedAnswer\": {\"@type\": \"Answer\", \"text\": \"1,78 \u00e0 1,80 m \u00e0 son pic selon les sources ; CelebHeights estime sa taille actuelle \u00e0 environ 1,75 m, tassement de l'\u00e2ge oblige.\"}}, {\"@type\": \"Question\", \"name\": \"Combien p\u00e8se G\u00e9rard Depardieu ?\", \"acceptedAnswer\": {\"@type\": \"Answer\", \"text\": \"Aucun chiffre officiel n'existe et son poids a fortement vari\u00e9 au fil des d\u00e9cennies, comme la presse l'a abondamment document\u00e9 : nous ne retenons pas de valeur unique.\"}}, {\"@type\": \"Question\", \"name\": \"Pourquoi Depardieu para\u00eet-il plus grand que sa taille r\u00e9elle ?\", \"acceptedAnswer\": {\"@type\": \"Answer\", \"text\": \"\u00c0 cause de sa carrure et de sa pr\u00e9sence : avec 1,78\u20131,80 m, il est dans la moyenne haute, mais sa masse physique et sa voix cr\u00e9ent une impression de g\u00e9ant.\"}}]}<\/script><\/p>\n","protected":false},"excerpt":{"rendered":"","protected":false},"author":41,"featured_media":999999999,"comment_status":"open","ping_status":"open","sticky":false,"template":"","format":"standard","meta":{"_acf_changed":false,"manual_indexmenow":false,"indexmenow_id_project":0,"footnotes":""},"categories":[4839],"tags":[],"class_list":["post-8185","post","type-post","status-publish","format-standard","has-post-thumbnail","hentry","category-taille-des-stars","generate-columns","tablet-grid-50","mobile-grid-100","grid-parent","grid-25"],"acf":[],"yoast_head":"<!-- This site is optimized with the Yoast SEO Premium plugin v21.3 (Yoast SEO v26.5) - https:\/\/yoast.com\/wordpress\/plugins\/seo\/ -->\n<title>Quelle taille fait G\u00e9rard Depardieu ? Taille r\u00e9elle<\/title>\n<meta name=\"description\" content=\"G\u00e9rard Depardieu mesure 1,78-1,80 m \u00e0 son pic, environ 1,75 m aujourd&#039;hui selon CelebHeights. Carrure, caract\u00e8re : la fiche mensurations v\u00e9rifi\u00e9e.\" \/>\n<meta name=\"robots\" content=\"index, follow, max-snippet:-1, max-image-preview:large, max-video-preview:-1\" \/>\n<link rel=\"canonical\" href=\"https:\/\/starstory.fr\/blog\/celebrites-et-influence-en-france\/taille-des-stars\/quelle-taille-fait-gerard-depardieu\/\" \/>\n<meta property=\"og:locale\" content=\"fr_FR\" \/>\n<meta property=\"og:type\" content=\"article\" \/>\n<meta property=\"og:title\" content=\"Quelle taille fait G\u00e9rard Depardieu ? Taille r\u00e9elle\" \/>\n<meta property=\"og:description\" content=\"G\u00e9rard Depardieu mesure 1,78-1,80 m \u00e0 son pic, environ 1,75 m aujourd&#039;hui selon CelebHeights. Carrure, caract\u00e8re : la fiche mensurations v\u00e9rifi\u00e9e.\" \/>\n<meta property=\"og:url\" content=\"https:\/\/starstory.fr\/blog\/celebrites-et-influence-en-france\/taille-des-stars\/quelle-taille-fait-gerard-depardieu\/\" \/>\n<meta property=\"og:site_name\" content=\"starstory\" \/>\n<meta property=\"og:image\" content=\"https:\/\/images.pexels.com\/photos\/30838766\/pexels-photo-30838766.jpeg?auto=compress&cs=tinysrgb&fit=crop&h=627&w=1200\" \/>\n<meta name=\"author\" content=\"Sophie Moreau\" \/>\n<meta name=\"twitter:card\" content=\"summary_large_image\" \/>\n<script type=\"application\/ld+json\" class=\"yoast-schema-graph\">{\"@context\":\"https:\/\/schema.org\",\"@graph\":[{\"@type\":\"NewsArticle\",\"@id\":\"https:\/\/starstory.fr\/blog\/celebrites-et-influence-en-france\/taille-des-stars\/quelle-taille-fait-gerard-depardieu\/#article\",\"isPartOf\":{\"@id\":\"https:\/\/starstory.fr\/blog\/celebrites-et-influence-en-france\/taille-des-stars\/quelle-taille-fait-gerard-depardieu\/\"},\"author\":{\"name\":\"Sophie Moreau\",\"@id\":\"https:\/\/starstory.fr\/blog\/#\/schema\/person\/2cb6361ad79e679e2b744281310c1e3b\"},\"headline\":\"Quelle taille fait G\u00e9rard Depardieu ? Sa taille r\u00e9elle\",\"datePublished\":\"2026-07-12T16:43:00+00:00\",\"dateModified\":\"2026-07-12T16:45:07+00:00\",\"mainEntityOfPage\":{\"@id\":\"https:\/\/starstory.fr\/blog\/celebrites-et-influence-en-france\/taille-des-stars\/quelle-taille-fait-gerard-depardieu\/\"},\"wordCount\":566,\"commentCount\":0,\"publisher\":{\"@id\":\"https:\/\/starstory.fr\/blog\/#organization\"},\"image\":{\"@id\":\"https:\/\/starstory.fr\/blog\/celebrites-et-influence-en-france\/taille-des-stars\/quelle-taille-fait-gerard-depardieu\/#primaryimage\"},\"thumbnailUrl\":\"https:\/\/images.pexels.com\/photos\/30838766\/pexels-photo-30838766.jpeg?auto=compress&cs=tinysrgb&fit=crop&h=627&w=1200\",\"articleSection\":[\"Taille et mensurations des stars\"],\"inLanguage\":\"fr-FR\",\"potentialAction\":[{\"@type\":\"CommentAction\",\"name\":\"Comment\",\"target\":[\"https:\/\/starstory.fr\/blog\/celebrites-et-influence-en-france\/taille-des-stars\/quelle-taille-fait-gerard-depardieu\/#respond\"]}]},{\"@type\":\"WebPage\",\"@id\":\"https:\/\/starstory.fr\/blog\/celebrites-et-influence-en-france\/taille-des-stars\/quelle-taille-fait-gerard-depardieu\/\",\"url\":\"https:\/\/starstory.fr\/blog\/celebrites-et-influence-en-france\/taille-des-stars\/quelle-taille-fait-gerard-depardieu\/\",\"name\":\"Quelle taille fait G\u00e9rard Depardieu ? Taille r\u00e9elle\",\"isPartOf\":{\"@id\":\"https:\/\/starstory.fr\/blog\/#website\"},\"primaryImageOfPage\":{\"@id\":\"https:\/\/starstory.fr\/blog\/celebrites-et-influence-en-france\/taille-des-stars\/quelle-taille-fait-gerard-depardieu\/#primaryimage\"},\"image\":{\"@id\":\"https:\/\/starstory.fr\/blog\/celebrites-et-influence-en-france\/taille-des-stars\/quelle-taille-fait-gerard-depardieu\/#primaryimage\"},\"thumbnailUrl\":\"https:\/\/images.pexels.com\/photos\/30838766\/pexels-photo-30838766.jpeg?auto=compress&cs=tinysrgb&fit=crop&h=627&w=1200\",\"datePublished\":\"2026-07-12T16:43:00+00:00\",\"dateModified\":\"2026-07-12T16:45:07+00:00\",\"description\":\"G\u00e9rard Depardieu mesure 1,78-1,80 m \u00e0 son pic, environ 1,75 m aujourd'hui selon CelebHeights. Carrure, caract\u00e8re : la fiche mensurations v\u00e9rifi\u00e9e.\",\"inLanguage\":\"fr-FR\",\"potentialAction\":[{\"@type\":\"ReadAction\",\"target\":[\"https:\/\/starstory.fr\/blog\/celebrites-et-influence-en-france\/taille-des-stars\/quelle-taille-fait-gerard-depardieu\/\"]}]},{\"@type\":\"ImageObject\",\"inLanguage\":\"fr-FR\",\"@id\":\"https:\/\/starstory.fr\/blog\/celebrites-et-influence-en-france\/taille-des-stars\/quelle-taille-fait-gerard-depardieu\/#primaryimage\",\"url\":\"https:\/\/images.pexels.com\/photos\/30838766\/pexels-photo-30838766.jpeg?auto=compress&cs=tinysrgb&fit=crop&h=627&w=1200\",\"contentUrl\":\"https:\/\/images.pexels.com\/photos\/30838766\/pexels-photo-30838766.jpeg?auto=compress&cs=tinysrgb&fit=crop&h=627&w=1200\"},{\"@type\":\"WebSite\",\"@id\":\"https:\/\/starstory.fr\/blog\/#website\",\"url\":\"https:\/\/starstory.fr\/blog\/\",\"name\":\"StarStory\",\"description\":\"StarStory, les \u00e9toiles racontent leur histoire\",\"publisher\":{\"@id\":\"https:\/\/starstory.fr\/blog\/#organization\"},\"alternateName\":\"StarStory, les \u00e9toiles racontent leur histoire\",\"potentialAction\":[{\"@type\":\"SearchAction\",\"target\":{\"@type\":\"EntryPoint\",\"urlTemplate\":\"https:\/\/starstory.fr\/blog\/?s={search_term_string}\"},\"query-input\":{\"@type\":\"PropertyValueSpecification\",\"valueRequired\":true,\"valueName\":\"search_term_string\"}}],\"inLanguage\":\"fr-FR\"},{\"@type\":\"Organization\",\"@id\":\"https:\/\/starstory.fr\/blog\/#organization\",\"name\":\"StarStory\",\"alternateName\":\"StarStory.fr\",\"url\":\"https:\/\/starstory.fr\/blog\/\",\"logo\":{\"@type\":\"ImageObject\",\"inLanguage\":\"fr-FR\",\"@id\":\"https:\/\/starstory.fr\/blog\/#\/schema\/logo\/image\/\",\"url\":\"https:\/\/starstory.fr\/blog\/wp-content\/uploads\/2024\/12\/38.png\",\"contentUrl\":\"https:\/\/starstory.fr\/blog\/wp-content\/uploads\/2024\/12\/38.png\",\"width\":500,\"height\":500,\"caption\":\"StarStory\"},\"image\":{\"@id\":\"https:\/\/starstory.fr\/blog\/#\/schema\/logo\/image\/\"}},{\"@type\":\"Person\",\"@id\":\"https:\/\/starstory.fr\/blog\/#\/schema\/person\/2cb6361ad79e679e2b744281310c1e3b\",\"name\":\"Sophie Moreau\",\"image\":{\"@type\":\"ImageObject\",\"inLanguage\":\"fr-FR\",\"@id\":\"https:\/\/starstory.fr\/blog\/#\/schema\/person\/image\/\",\"url\":\"https:\/\/secure.gravatar.com\/avatar\/?s=96&d=mm&r=g\",\"contentUrl\":\"https:\/\/secure.gravatar.com\/avatar\/?s=96&d=mm&r=g\",\"caption\":\"Sophie Moreau\"},\"description\":\"Sophie partage des articles sur les stars musicales de chaque d\u00e9cennie et leur impact sur la sc\u00e8ne fran\u00e7aise et internationale.\",\"url\":\"https:\/\/starstory.fr\/blog\/auteur\/sophie-moreau\/\",\"jobTitle\":\"Contributrice maison & d\u00e9co\",\"email\":\"sophie.moreau@starstory.fr\"}]}<\/script>\n<!-- \/ Yoast SEO Premium plugin. -->","yoast_head_json":{"title":"Quelle taille fait G\u00e9rard Depardieu ? Taille r\u00e9elle","description":"G\u00e9rard Depardieu mesure 1,78-1,80 m \u00e0 son pic, environ 1,75 m aujourd'hui selon CelebHeights. Carrure, caract\u00e8re : la fiche mensurations v\u00e9rifi\u00e9e.","robots":{"index":"index","follow":"follow","max-snippet":"max-snippet:-1","max-image-preview":"max-image-preview:large","max-video-preview":"max-video-preview:-1"},"canonical":"https:\/\/starstory.fr\/blog\/celebrites-et-influence-en-france\/taille-des-stars\/quelle-taille-fait-gerard-depardieu\/","og_locale":"fr_FR","og_type":"article","og_title":"Quelle taille fait G\u00e9rard Depardieu ? Taille r\u00e9elle","og_description":"G\u00e9rard Depardieu mesure 1,78-1,80 m \u00e0 son pic, environ 1,75 m aujourd'hui selon CelebHeights. Carrure, caract\u00e8re : la fiche mensurations v\u00e9rifi\u00e9e.","og_url":"https:\/\/starstory.fr\/blog\/celebrites-et-influence-en-france\/taille-des-stars\/quelle-taille-fait-gerard-depardieu\/","og_site_name":"starstory","og_image":[{"url":"https:\/\/images.pexels.com\/photos\/30838766\/pexels-photo-30838766.jpeg?auto=compress&cs=tinysrgb&fit=crop&h=627&w=1200","type":"","width":"","height":""}],"author":"Sophie Moreau","twitter_card":"summary_large_image","schema":{"@context":"https:\/\/schema.org","@graph":[{"@type":"NewsArticle","@id":"https:\/\/starstory.fr\/blog\/celebrites-et-influence-en-france\/taille-des-stars\/quelle-taille-fait-gerard-depardieu\/#article","isPartOf":{"@id":"https:\/\/starstory.fr\/blog\/celebrites-et-influence-en-france\/taille-des-stars\/quelle-taille-fait-gerard-depardieu\/"},"author":{"name":"Sophie Moreau","@id":"https:\/\/starstory.fr\/blog\/#\/schema\/person\/2cb6361ad79e679e2b744281310c1e3b"},"headline":"Quelle taille fait G\u00e9rard Depardieu ? Sa taille r\u00e9elle","datePublished":"2026-07-12T16:43:00+00:00","dateModified":"2026-07-12T16:45:07+00:00","mainEntityOfPage":{"@id":"https:\/\/starstory.fr\/blog\/celebrites-et-influence-en-france\/taille-des-stars\/quelle-taille-fait-gerard-depardieu\/"},"wordCount":566,"commentCount":0,"publisher":{"@id":"https:\/\/starstory.fr\/blog\/#organization"},"image":{"@id":"https:\/\/starstory.fr\/blog\/celebrites-et-influence-en-france\/taille-des-stars\/quelle-taille-fait-gerard-depardieu\/#primaryimage"},"thumbnailUrl":"https:\/\/images.pexels.com\/photos\/30838766\/pexels-photo-30838766.jpeg?auto=compress&cs=tinysrgb&fit=crop&h=627&w=1200","articleSection":["Taille et mensurations des stars"],"inLanguage":"fr-FR","potentialAction":[{"@type":"CommentAction","name":"Comment","target":["https:\/\/starstory.fr\/blog\/celebrites-et-influence-en-france\/taille-des-stars\/quelle-taille-fait-gerard-depardieu\/#respond"]}]},{"@type":"WebPage","@id":"https:\/\/starstory.fr\/blog\/celebrites-et-influence-en-france\/taille-des-stars\/quelle-taille-fait-gerard-depardieu\/","url":"https:\/\/starstory.fr\/blog\/celebrites-et-influence-en-france\/taille-des-stars\/quelle-taille-fait-gerard-depardieu\/","name":"Quelle taille fait G\u00e9rard Depardieu ? Taille r\u00e9elle","isPartOf":{"@id":"https:\/\/starstory.fr\/blog\/#website"},"primaryImageOfPage":{"@id":"https:\/\/starstory.fr\/blog\/celebrites-et-influence-en-france\/taille-des-stars\/quelle-taille-fait-gerard-depardieu\/#primaryimage"},"image":{"@id":"https:\/\/starstory.fr\/blog\/celebrites-et-influence-en-france\/taille-des-stars\/quelle-taille-fait-gerard-depardieu\/#primaryimage"},"thumbnailUrl":"https:\/\/images.pexels.com\/photos\/30838766\/pexels-photo-30838766.jpeg?auto=compress&cs=tinysrgb&fit=crop&h=627&w=1200","datePublished":"2026-07-12T16:43:00+00:00","dateModified":"2026-07-12T16:45:07+00:00","description":"G\u00e9rard Depardieu mesure 1,78-1,80 m \u00e0 son pic, environ 1,75 m aujourd'hui selon CelebHeights. Carrure, caract\u00e8re : la fiche mensurations v\u00e9rifi\u00e9e.","inLanguage":"fr-FR","potentialAction":[{"@type":"ReadAction","target":["https:\/\/starstory.fr\/blog\/celebrites-et-influence-en-france\/taille-des-stars\/quelle-taille-fait-gerard-depardieu\/"]}]},{"@type":"ImageObject","inLanguage":"fr-FR","@id":"https:\/\/starstory.fr\/blog\/celebrites-et-influence-en-france\/taille-des-stars\/quelle-taille-fait-gerard-depardieu\/#primaryimage","url":"https:\/\/images.pexels.com\/photos\/30838766\/pexels-photo-30838766.jpeg?auto=compress&cs=tinysrgb&fit=crop&h=627&w=1200","contentUrl":"https:\/\/images.pexels.com\/photos\/30838766\/pexels-photo-30838766.jpeg?auto=compress&cs=tinysrgb&fit=crop&h=627&w=1200"},{"@type":"WebSite","@id":"https:\/\/starstory.fr\/blog\/#website","url":"https:\/\/starstory.fr\/blog\/","name":"StarStory","description":"StarStory, les \u00e9toiles racontent leur histoire","publisher":{"@id":"https:\/\/starstory.fr\/blog\/#organization"},"alternateName":"StarStory, les \u00e9toiles racontent leur histoire","potentialAction":[{"@type":"SearchAction","target":{"@type":"EntryPoint","urlTemplate":"https:\/\/starstory.fr\/blog\/?s={search_term_string}"},"query-input":{"@type":"PropertyValueSpecification","valueRequired":true,"valueName":"search_term_string"}}],"inLanguage":"fr-FR"},{"@type":"Organization","@id":"https:\/\/starstory.fr\/blog\/#organization","name":"StarStory","alternateName":"StarStory.fr","url":"https:\/\/starstory.fr\/blog\/","logo":{"@type":"ImageObject","inLanguage":"fr-FR","@id":"https:\/\/starstory.fr\/blog\/#\/schema\/logo\/image\/","url":"https:\/\/starstory.fr\/blog\/wp-content\/uploads\/2024\/12\/38.png","contentUrl":"https:\/\/starstory.fr\/blog\/wp-content\/uploads\/2024\/12\/38.png","width":500,"height":500,"caption":"StarStory"},"image":{"@id":"https:\/\/starstory.fr\/blog\/#\/schema\/logo\/image\/"}},{"@type":"Person","@id":"https:\/\/starstory.fr\/blog\/#\/schema\/person\/2cb6361ad79e679e2b744281310c1e3b","name":"Sophie Moreau","image":{"@type":"ImageObject","inLanguage":"fr-FR","@id":"https:\/\/starstory.fr\/blog\/#\/schema\/person\/image\/","url":"https:\/\/secure.gravatar.com\/avatar\/?s=96&d=mm&r=g","contentUrl":"https:\/\/secure.gravatar.com\/avatar\/?s=96&d=mm&r=g","caption":"Sophie Moreau"},"description":"Sophie partage des articles sur les stars musicales de chaque d\u00e9cennie et leur impact sur la sc\u00e8ne fran\u00e7aise et internationale.","url":"https:\/\/starstory.fr\/blog\/auteur\/sophie-moreau\/","jobTitle":"Contributrice maison & d\u00e9co","email":"sophie.moreau@starstory.fr"}]}},"_links":{"self":[{"href":"https:\/\/starstory.fr\/blog\/wp-json\/wp\/v2\/posts\/8185","targetHints":{"allow":["GET"]}}],"collection":[{"href":"https:\/\/starstory.fr\/blog\/wp-json\/wp\/v2\/posts"}],"about":[{"href":"https:\/\/starstory.fr\/blog\/wp-json\/wp\/v2\/types\/post"}],"author":[{"embeddable":true,"href":"https:\/\/starstory.fr\/blog\/wp-json\/wp\/v2\/users\/41"}],"replies":[{"embeddable":true,"href":"https:\/\/starstory.fr\/blog\/wp-json\/wp\/v2\/comments?post=8185"}],"version-history":[{"count":1,"href":"https:\/\/starstory.fr\/blog\/wp-json\/wp\/v2\/posts\/8185\/revisions"}],"predecessor-version":[{"id":8200,"href":"https:\/\/starstory.fr\/blog\/wp-json\/wp\/v2\/posts\/8185\/revisions\/8200"}],"wp:attachment":[{"href":"https:\/\/starstory.fr\/blog\/wp-json\/wp\/v2\/media?parent=8185"}],"wp:term":[{"taxonomy":"category","embeddable":true,"href":"https:\/\/starstory.fr\/blog\/wp-json\/wp\/v2\/categories?post=8185"},{"taxonomy":"post_tag","embeddable":true,"href":"https:\/\/starstory.fr\/blog\/wp-json\/wp\/v2\/tags?post=8185"}],"curies":[{"name":"wp","href":"https:\/\/api.w.org\/{rel}","templated":true}]}}