{"id":8184,"date":"2026-07-12T18:42:57","date_gmt":"2026-07-12T16:42:57","guid":{"rendered":"https:\/\/starstory.fr\/blog\/celebrites-et-influence-en-france\/taille-des-stars\/quelle-taille-fait-michou\/"},"modified":"2026-07-12T18:42:57","modified_gmt":"2026-07-12T16:42:57","slug":"quelle-taille-fait-michou","status":"publish","type":"post","link":"https:\/\/starstory.fr\/blog\/celebrites-et-influence-en-france\/taille-des-stars\/quelle-taille-fait-michou\/","title":{"rendered":"Quelle taille fait Michou ?"},"content":{"rendered":"<aside style=\"background:#FBEAF2;border-left:5px solid #B11E6A;padding:22px 28px;margin:24px 0;font-family:-apple-system,BlinkMacSystemFont,'Segoe UI',Roboto,sans-serif;\">\n<div style=\"margin:0;font-size:19px;line-height:1.55;color:#2a2a2a;font-weight:500;letter-spacing:-0.005em;\">\n    Michou mesure <strong>1,66 m<\/strong> \u2014 et c\u2019est l\u2019int\u00e9ress\u00e9 lui-m\u00eame qui l\u2019a confirm\u00e9 sur Twitter d\u2019un laconique \u00ab 1m66 &#128077; \u00bb, coupant court aux estimations qui circulaient entre 1,65 m et 1,75 m. Un cas rare de taille \u00ab officialis\u00e9e \u00bb par la star en personne.\n  <\/div>\n<\/aside>\n<figure style=\"margin:32px 0;font-family:-apple-system,BlinkMacSystemFont,'Segoe UI',Roboto,sans-serif;\">\n<div style=\"overflow-x:auto;border:1px solid #e5e5e0;border-radius:8px;\">\n<table style=\"width:100%;border-collapse:collapse;font-size:14px;color:#2a2a2a;min-width:500px;\">\n<thead>\n<tr style=\"background:#1a1a1a;color:#fff;\">\n<th style=\"text-align:left;padding:14px 18px;font-weight:700;font-size:12px;text-transform:uppercase;letter-spacing:1.5px;\">Fiche mensurations<\/th>\n<th style=\"text-align:left;padding:14px 18px;font-weight:700;font-size:12px;text-transform:uppercase;letter-spacing:1.5px;\">D\u00e9tail<\/th>\n<\/tr>\n<\/thead>\n<tbody>\n<tr style=\"background:#fff;border-bottom:1px solid #f0ede5;\">\n<td style=\"padding:14px 18px;font-weight:600;\">Nom complet<\/td>\n<td style=\"padding:14px 18px;color:#4a4a4a;\">Miguel Mattioli, dit Michou<\/td>\n<\/tr>\n<tr style=\"background:#fafaf7;border-bottom:1px solid #f0ede5;\">\n<td style=\"padding:14px 18px;font-weight:600;\">Naissance<\/td>\n<td style=\"padding:14px 18px;color:#4a4a4a;\">20 septembre 2001, dans le Nord de la France<\/td>\n<\/tr>\n<tr style=\"background:#fff;border-bottom:1px solid #f0ede5;\">\n<td style=\"padding:14px 18px;font-weight:600;\">Taille<\/td>\n<td style=\"padding:14px 18px;color:#4a4a4a;\"><strong>1,66 m<\/strong> (confirm\u00e9 par Michou lui-m\u00eame sur Twitter)<\/td>\n<\/tr>\n<tr style=\"background:#fafaf7;border-bottom:1px solid #f0ede5;\">\n<td style=\"padding:14px 18px;font-weight:600;\">Poids<\/td>\n<td style=\"padding:14px 18px;color:#4a4a4a;\">non communiqu\u00e9 (estimations non confirm\u00e9es autour de 60 kg)<\/td>\n<\/tr>\n<tr style=\"background:#fff;border-bottom:1px solid #f0ede5;\">\n<td style=\"padding:14px 18px;font-weight:600;\">Nationalit\u00e9<\/td>\n<td style=\"padding:14px 18px;color:#4a4a4a;\">Fran\u00e7aise<\/td>\n<\/tr>\n<tr style=\"background:#fafaf7;\">\n<td style=\"padding:14px 18px;font-weight:600;\">M\u00e9tier<\/td>\n<td style=\"padding:14px 18px;color:#4a4a4a;\">Vid\u00e9aste YouTube (10M+ abonn\u00e9s), membre de la Team Cro\u00fbton<\/td>\n<\/tr>\n<\/tbody>\n<\/table><\/div>\n<\/figure>\n<h2>1,66 m : la taille tweet\u00e9e par Michou lui-m\u00eame<\/h2>\n<p>Face aux sp\u00e9culations de ses fans \u2014 les sites lui pr\u00eataient de 1,65 m \u00e0 1,75 m \u2014, Michou a r\u00e9gl\u00e9 la question \u00e0 sa mani\u00e8re : un tweet \u00ab 1m66 &#128077; \u00bb. C\u2019est donc l\u2019une des rares tailles de c\u00e9l\u00e9brit\u00e9 fran\u00e7aise <strong>confirm\u00e9e \u00e0 la premi\u00e8re personne<\/strong>, ce qui en fait la valeur de r\u00e9f\u00e9rence, m\u00eame si aucune toise n\u2019a \u00e9videmment \u00e9t\u00e9 produite.<\/p>\n<p>Dans le YouTube game fran\u00e7ais, Michou est ainsi le petit gabarit assum\u00e9 du trio de t\u00eate : 4 cm de moins qu\u2019<a href=\"https:\/\/starstory.fr\/blog\/celebrites-et-influence-en-france\/taille-des-stars\/quelle-taille-fait-inoxtag\/\">Inoxtag (environ 1,70 m)<\/a>, son partenaire de vid\u00e9os et de d\u00e9fis, et 7 cm de moins que <a href=\"https:\/\/starstory.fr\/blog\/celebrites-et-influence-en-france\/taille-des-stars\/quelle-taille-fait-squeezie\/\">Squeezie (environ 1,73 m)<\/a>, la r\u00e9f\u00e9rence absolue de la plateforme.<\/p>\n<p>Ce tweet a d\u2019ailleurs une vertu p\u00e9dagogique : il montre l\u2019ampleur de l\u2019\u00e9cart entre les tailles estim\u00e9es par les sites sp\u00e9cialis\u00e9s (jusqu\u2019\u00e0 1,75 m, soit 9 cm d\u2019erreur) et la r\u00e9alit\u00e9 assum\u00e9e par l\u2019int\u00e9ress\u00e9. Une bonne raison de se m\u00e9fier de toutes les tailles \u00ab de c\u00e9l\u00e9brit\u00e9s \u00bb non sourc\u00e9es qui circulent en ligne \u2014 et de privil\u00e9gier les confirmations directes.<\/p>\n<h2>Signes distinctifs<\/h2>\n<p>Le signe distinctif de Michou tient en deux mots : cheveux violets. Cette couleur, entretenue depuis des ann\u00e9es, est devenue sa marque visuelle au point d\u2019\u00eatre associ\u00e9e \u00e0 son nom dans les recherches Google. S\u2019y ajoutent un sourire permanent face cam\u00e9ra, une \u00e9nergie de gamin survolt\u00e9 et une garde-robe streetwear color\u00e9e assortie \u00e0 sa coiffure. En 2024, le grand public l\u2019a aussi d\u00e9couvert en danseur appliqu\u00e9 sur le parquet de Danse avec les stars.<\/p>\n<aside style=\"background:#FBEAF2;border-left:4px solid #B11E6A;padding:14px 18px;margin:18px 0;border-radius:0 4px 4px 0;font-family:-apple-system,BlinkMacSystemFont,'Segoe UI',Roboto,sans-serif;\">\n  <strong style=\"display:inline-block;color:#8a1450;font-size:12px;text-transform:uppercase;letter-spacing:1.5px;margin-right:8px;\">&#128161; Bon \u00e0 savoir<\/strong><br \/>\n  <span style=\"font-size:14.5px;line-height:1.55;color:#3a3a3a;\">Michou a lanc\u00e9 sa cha\u00eene YouTube \u00e0 14 ans depuis sa chambre, dans un village du Nord \u2014 moins de dix ans plus tard, il d\u00e9passe les 10 millions d\u2019abonn\u00e9s.<\/span><br \/>\n<\/aside>\n<h2>Traits de caract\u00e8re<\/h2>\n<p>Son autod\u00e9rision est document\u00e9e par le fameux tweet sur sa taille lui-m\u00eame : plut\u00f4t que d\u2019esquiver, il plaisante r\u00e9guli\u00e8rement sur son gabarit dans ses vid\u00e9os. Ceux qui travaillent avec lui, de la Team Cro\u00fbton \u00e0 ses partenaires t\u00e9l\u00e9, le d\u00e9crivent en interview comme un bosseur pr\u00e9coce et enthousiaste, qui a construit son audience vid\u00e9o apr\u00e8s vid\u00e9o depuis l\u2019adolescence.<\/p>\n<p>Pour situer Michou face aux autres c\u00e9l\u00e9brit\u00e9s, consultez notre <a href=\"https:\/\/starstory.fr\/blog\/celebrites-et-influence-en-france\/taille-des-stars\/quelle-taille-font-les-stars\/\">guide complet des tailles des stars<\/a>, qui r\u00e9capitule les mensurations v\u00e9rifi\u00e9es de dizaines de personnalit\u00e9s.<\/p>\n<h2>Questions fr\u00e9quentes<\/h2>\n<h3>Quelle est la taille exacte de Michou ?<\/h3>\n<p>Michou mesure <strong>1,66 m<\/strong> : il a confirm\u00e9 lui-m\u00eame ce chiffre sur Twitter, mettant fin aux estimations contradictoires (1,65 \u00e0 1,75 m) qui circulaient.<\/p>\n<h3>Combien p\u00e8se Michou ?<\/h3>\n<p>Son poids n\u2019est <strong>pas communiqu\u00e9<\/strong> officiellement : les estimations qui circulent (environ 60 kg) n\u2019ont jamais \u00e9t\u00e9 confirm\u00e9es.<\/p>\n<h3>Michou est-il plus petit que Squeezie ?<\/h3>\n<p>Oui : avec 1,66 m confirm\u00e9s, Michou mesure environ <strong>7 cm de moins<\/strong> que Squeezie, cr\u00e9dit\u00e9 d\u2019environ 1,73 m par les estimations.<\/p>\n<p style=\"font-size:13px;color:#6a6a6a;margin-top:28px;\">Sources : tweet de Michou confirmant \u00ab 1m66 \u00bb, estimations des sites sp\u00e9cialis\u00e9s (minutenews.fr, legit.ng).<\/p>\n<p><script type=\"application\/ld+json\">{\"@context\": \"https:\/\/schema.org\", \"@type\": \"FAQPage\", \"mainEntity\": [{\"@type\": \"Question\", \"name\": \"Quelle est la taille exacte de Michou ?\", \"acceptedAnswer\": {\"@type\": \"Answer\", \"text\": \"Michou mesure 1,66 m : il a confirm\u00e9 lui-m\u00eame ce chiffre sur Twitter, mettant fin aux estimations contradictoires (1,65 \u00e0 1,75 m) qui circulaient.\"}}, {\"@type\": \"Question\", \"name\": \"Combien p\u00e8se Michou ?\", \"acceptedAnswer\": {\"@type\": \"Answer\", \"text\": \"Son poids n\u2019est pas communiqu\u00e9 officiellement : les estimations qui circulent (environ 60 kg) n\u2019ont jamais \u00e9t\u00e9 confirm\u00e9es.\"}}, {\"@type\": \"Question\", \"name\": \"Michou est-il plus petit que Squeezie ?\", \"acceptedAnswer\": {\"@type\": \"Answer\", \"text\": \"Oui : avec 1,66 m confirm\u00e9s, Michou mesure environ 7 cm de moins que Squeezie, cr\u00e9dit\u00e9 d\u2019environ 1,73 m par les estimations.\"}}]}<\/script><\/p>\n","protected":false},"excerpt":{"rendered":"","protected":false},"author":40,"featured_media":999999999,"comment_status":"open","ping_status":"open","sticky":false,"template":"","format":"standard","meta":{"_acf_changed":false,"manual_indexmenow":false,"indexmenow_id_project":0,"footnotes":""},"categories":[4839],"tags":[],"class_list":["post-8184","post","type-post","status-publish","format-standard","has-post-thumbnail","hentry","category-taille-des-stars","generate-columns","tablet-grid-50","mobile-grid-100","grid-parent","grid-25"],"acf":[],"yoast_head":"<!-- This site is optimized with the Yoast SEO Premium plugin v21.3 (Yoast SEO v26.5) - https:\/\/yoast.com\/wordpress\/plugins\/seo\/ -->\n<title>Quelle taille fait Michou ? La taille confirm\u00e9e du youtubeur<\/title>\n<meta name=\"description\" content=\"Michou mesure 1,66 m \u2014 un chiffre confirm\u00e9 par le youtubeur lui-m\u00eame sur Twitter. Taille, cheveux violets, parcours : la fiche v\u00e9rifi\u00e9e.\" \/>\n<meta name=\"robots\" content=\"index, follow, max-snippet:-1, max-image-preview:large, max-video-preview:-1\" \/>\n<link rel=\"canonical\" href=\"https:\/\/starstory.fr\/blog\/celebrites-et-influence-en-france\/taille-des-stars\/quelle-taille-fait-michou\/\" \/>\n<meta property=\"og:locale\" content=\"fr_FR\" \/>\n<meta property=\"og:type\" content=\"article\" \/>\n<meta property=\"og:title\" content=\"Quelle taille fait Michou ? La taille confirm\u00e9e du youtubeur\" \/>\n<meta property=\"og:description\" content=\"Michou mesure 1,66 m \u2014 un chiffre confirm\u00e9 par le youtubeur lui-m\u00eame sur Twitter. Taille, cheveux violets, parcours : la fiche v\u00e9rifi\u00e9e.\" \/>\n<meta property=\"og:url\" content=\"https:\/\/starstory.fr\/blog\/celebrites-et-influence-en-france\/taille-des-stars\/quelle-taille-fait-michou\/\" \/>\n<meta property=\"og:site_name\" content=\"starstory\" \/>\n<meta property=\"og:image\" content=\"https:\/\/images.pexels.com\/photos\/33050962\/pexels-photo-33050962.jpeg?auto=compress&cs=tinysrgb&fit=crop&h=627&w=1200\" \/>\n<meta name=\"author\" content=\"Julien Vaillant\" \/>\n<meta name=\"twitter:card\" content=\"summary_large_image\" \/>\n<script type=\"application\/ld+json\" class=\"yoast-schema-graph\">{\"@context\":\"https:\/\/schema.org\",\"@graph\":[{\"@type\":\"NewsArticle\",\"@id\":\"https:\/\/starstory.fr\/blog\/celebrites-et-influence-en-france\/taille-des-stars\/quelle-taille-fait-michou\/#article\",\"isPartOf\":{\"@id\":\"https:\/\/starstory.fr\/blog\/celebrites-et-influence-en-france\/taille-des-stars\/quelle-taille-fait-michou\/\"},\"author\":{\"name\":\"Julien Vaillant\",\"@id\":\"https:\/\/starstory.fr\/blog\/#\/schema\/person\/62af054f7df7ce17580aee7a5c41b89c\"},\"headline\":\"Quelle taille fait Michou ?\",\"datePublished\":\"2026-07-12T16:42:57+00:00\",\"mainEntityOfPage\":{\"@id\":\"https:\/\/starstory.fr\/blog\/celebrites-et-influence-en-france\/taille-des-stars\/quelle-taille-fait-michou\/\"},\"wordCount\":615,\"commentCount\":0,\"publisher\":{\"@id\":\"https:\/\/starstory.fr\/blog\/#organization\"},\"image\":{\"@id\":\"https:\/\/starstory.fr\/blog\/celebrites-et-influence-en-france\/taille-des-stars\/quelle-taille-fait-michou\/#primaryimage\"},\"thumbnailUrl\":\"https:\/\/images.pexels.com\/photos\/33050962\/pexels-photo-33050962.jpeg?auto=compress&cs=tinysrgb&fit=crop&h=627&w=1200\",\"articleSection\":[\"Taille et mensurations des stars\"],\"inLanguage\":\"fr-FR\",\"potentialAction\":[{\"@type\":\"CommentAction\",\"name\":\"Comment\",\"target\":[\"https:\/\/starstory.fr\/blog\/celebrites-et-influence-en-france\/taille-des-stars\/quelle-taille-fait-michou\/#respond\"]}]},{\"@type\":\"WebPage\",\"@id\":\"https:\/\/starstory.fr\/blog\/celebrites-et-influence-en-france\/taille-des-stars\/quelle-taille-fait-michou\/\",\"url\":\"https:\/\/starstory.fr\/blog\/celebrites-et-influence-en-france\/taille-des-stars\/quelle-taille-fait-michou\/\",\"name\":\"Quelle taille fait Michou ? La taille confirm\u00e9e du youtubeur\",\"isPartOf\":{\"@id\":\"https:\/\/starstory.fr\/blog\/#website\"},\"primaryImageOfPage\":{\"@id\":\"https:\/\/starstory.fr\/blog\/celebrites-et-influence-en-france\/taille-des-stars\/quelle-taille-fait-michou\/#primaryimage\"},\"image\":{\"@id\":\"https:\/\/starstory.fr\/blog\/celebrites-et-influence-en-france\/taille-des-stars\/quelle-taille-fait-michou\/#primaryimage\"},\"thumbnailUrl\":\"https:\/\/images.pexels.com\/photos\/33050962\/pexels-photo-33050962.jpeg?auto=compress&cs=tinysrgb&fit=crop&h=627&w=1200\",\"datePublished\":\"2026-07-12T16:42:57+00:00\",\"description\":\"Michou mesure 1,66 m \u2014 un chiffre confirm\u00e9 par le youtubeur lui-m\u00eame sur Twitter. Taille, cheveux violets, parcours : la fiche v\u00e9rifi\u00e9e.\",\"inLanguage\":\"fr-FR\",\"potentialAction\":[{\"@type\":\"ReadAction\",\"target\":[\"https:\/\/starstory.fr\/blog\/celebrites-et-influence-en-france\/taille-des-stars\/quelle-taille-fait-michou\/\"]}]},{\"@type\":\"ImageObject\",\"inLanguage\":\"fr-FR\",\"@id\":\"https:\/\/starstory.fr\/blog\/celebrites-et-influence-en-france\/taille-des-stars\/quelle-taille-fait-michou\/#primaryimage\",\"url\":\"https:\/\/images.pexels.com\/photos\/33050962\/pexels-photo-33050962.jpeg?auto=compress&cs=tinysrgb&fit=crop&h=627&w=1200\",\"contentUrl\":\"https:\/\/images.pexels.com\/photos\/33050962\/pexels-photo-33050962.jpeg?auto=compress&cs=tinysrgb&fit=crop&h=627&w=1200\"},{\"@type\":\"WebSite\",\"@id\":\"https:\/\/starstory.fr\/blog\/#website\",\"url\":\"https:\/\/starstory.fr\/blog\/\",\"name\":\"StarStory\",\"description\":\"StarStory, les \u00e9toiles racontent leur histoire\",\"publisher\":{\"@id\":\"https:\/\/starstory.fr\/blog\/#organization\"},\"alternateName\":\"StarStory, les \u00e9toiles racontent leur histoire\",\"potentialAction\":[{\"@type\":\"SearchAction\",\"target\":{\"@type\":\"EntryPoint\",\"urlTemplate\":\"https:\/\/starstory.fr\/blog\/?s={search_term_string}\"},\"query-input\":{\"@type\":\"PropertyValueSpecification\",\"valueRequired\":true,\"valueName\":\"search_term_string\"}}],\"inLanguage\":\"fr-FR\"},{\"@type\":\"Organization\",\"@id\":\"https:\/\/starstory.fr\/blog\/#organization\",\"name\":\"StarStory\",\"alternateName\":\"StarStory.fr\",\"url\":\"https:\/\/starstory.fr\/blog\/\",\"logo\":{\"@type\":\"ImageObject\",\"inLanguage\":\"fr-FR\",\"@id\":\"https:\/\/starstory.fr\/blog\/#\/schema\/logo\/image\/\",\"url\":\"https:\/\/starstory.fr\/blog\/wp-content\/uploads\/2024\/12\/38.png\",\"contentUrl\":\"https:\/\/starstory.fr\/blog\/wp-content\/uploads\/2024\/12\/38.png\",\"width\":500,\"height\":500,\"caption\":\"StarStory\"},\"image\":{\"@id\":\"https:\/\/starstory.fr\/blog\/#\/schema\/logo\/image\/\"}},{\"@type\":\"Person\",\"@id\":\"https:\/\/starstory.fr\/blog\/#\/schema\/person\/62af054f7df7ce17580aee7a5c41b89c\",\"name\":\"Julien Vaillant\",\"image\":{\"@type\":\"ImageObject\",\"inLanguage\":\"fr-FR\",\"@id\":\"https:\/\/starstory.fr\/blog\/#\/schema\/person\/image\/\",\"url\":\"https:\/\/secure.gravatar.com\/avatar\/?s=96&d=mm&r=g\",\"contentUrl\":\"https:\/\/secure.gravatar.com\/avatar\/?s=96&d=mm&r=g\",\"caption\":\"Julien Vaillant\"},\"description\":\"Julien met en lumi\u00e8re les acteurs, r\u00e9alisateurs et r\u00f4les embl\u00e9matiques qui ont marqu\u00e9 les \u00e9poques.\",\"url\":\"https:\/\/starstory.fr\/blog\/auteur\/julien-bernard\/\"}]}<\/script>\n<!-- \/ Yoast SEO Premium plugin. -->","yoast_head_json":{"title":"Quelle taille fait Michou ? La taille confirm\u00e9e du youtubeur","description":"Michou mesure 1,66 m \u2014 un chiffre confirm\u00e9 par le youtubeur lui-m\u00eame sur Twitter. Taille, cheveux violets, parcours : la fiche v\u00e9rifi\u00e9e.","robots":{"index":"index","follow":"follow","max-snippet":"max-snippet:-1","max-image-preview":"max-image-preview:large","max-video-preview":"max-video-preview:-1"},"canonical":"https:\/\/starstory.fr\/blog\/celebrites-et-influence-en-france\/taille-des-stars\/quelle-taille-fait-michou\/","og_locale":"fr_FR","og_type":"article","og_title":"Quelle taille fait Michou ? La taille confirm\u00e9e du youtubeur","og_description":"Michou mesure 1,66 m \u2014 un chiffre confirm\u00e9 par le youtubeur lui-m\u00eame sur Twitter. Taille, cheveux violets, parcours : la fiche v\u00e9rifi\u00e9e.","og_url":"https:\/\/starstory.fr\/blog\/celebrites-et-influence-en-france\/taille-des-stars\/quelle-taille-fait-michou\/","og_site_name":"starstory","og_image":[{"url":"https:\/\/images.pexels.com\/photos\/33050962\/pexels-photo-33050962.jpeg?auto=compress&cs=tinysrgb&fit=crop&h=627&w=1200","type":"","width":"","height":""}],"author":"Julien Vaillant","twitter_card":"summary_large_image","schema":{"@context":"https:\/\/schema.org","@graph":[{"@type":"NewsArticle","@id":"https:\/\/starstory.fr\/blog\/celebrites-et-influence-en-france\/taille-des-stars\/quelle-taille-fait-michou\/#article","isPartOf":{"@id":"https:\/\/starstory.fr\/blog\/celebrites-et-influence-en-france\/taille-des-stars\/quelle-taille-fait-michou\/"},"author":{"name":"Julien Vaillant","@id":"https:\/\/starstory.fr\/blog\/#\/schema\/person\/62af054f7df7ce17580aee7a5c41b89c"},"headline":"Quelle taille fait Michou ?","datePublished":"2026-07-12T16:42:57+00:00","mainEntityOfPage":{"@id":"https:\/\/starstory.fr\/blog\/celebrites-et-influence-en-france\/taille-des-stars\/quelle-taille-fait-michou\/"},"wordCount":615,"commentCount":0,"publisher":{"@id":"https:\/\/starstory.fr\/blog\/#organization"},"image":{"@id":"https:\/\/starstory.fr\/blog\/celebrites-et-influence-en-france\/taille-des-stars\/quelle-taille-fait-michou\/#primaryimage"},"thumbnailUrl":"https:\/\/images.pexels.com\/photos\/33050962\/pexels-photo-33050962.jpeg?auto=compress&cs=tinysrgb&fit=crop&h=627&w=1200","articleSection":["Taille et mensurations des stars"],"inLanguage":"fr-FR","potentialAction":[{"@type":"CommentAction","name":"Comment","target":["https:\/\/starstory.fr\/blog\/celebrites-et-influence-en-france\/taille-des-stars\/quelle-taille-fait-michou\/#respond"]}]},{"@type":"WebPage","@id":"https:\/\/starstory.fr\/blog\/celebrites-et-influence-en-france\/taille-des-stars\/quelle-taille-fait-michou\/","url":"https:\/\/starstory.fr\/blog\/celebrites-et-influence-en-france\/taille-des-stars\/quelle-taille-fait-michou\/","name":"Quelle taille fait Michou ? La taille confirm\u00e9e du youtubeur","isPartOf":{"@id":"https:\/\/starstory.fr\/blog\/#website"},"primaryImageOfPage":{"@id":"https:\/\/starstory.fr\/blog\/celebrites-et-influence-en-france\/taille-des-stars\/quelle-taille-fait-michou\/#primaryimage"},"image":{"@id":"https:\/\/starstory.fr\/blog\/celebrites-et-influence-en-france\/taille-des-stars\/quelle-taille-fait-michou\/#primaryimage"},"thumbnailUrl":"https:\/\/images.pexels.com\/photos\/33050962\/pexels-photo-33050962.jpeg?auto=compress&cs=tinysrgb&fit=crop&h=627&w=1200","datePublished":"2026-07-12T16:42:57+00:00","description":"Michou mesure 1,66 m \u2014 un chiffre confirm\u00e9 par le youtubeur lui-m\u00eame sur Twitter. Taille, cheveux violets, parcours : la fiche v\u00e9rifi\u00e9e.","inLanguage":"fr-FR","potentialAction":[{"@type":"ReadAction","target":["https:\/\/starstory.fr\/blog\/celebrites-et-influence-en-france\/taille-des-stars\/quelle-taille-fait-michou\/"]}]},{"@type":"ImageObject","inLanguage":"fr-FR","@id":"https:\/\/starstory.fr\/blog\/celebrites-et-influence-en-france\/taille-des-stars\/quelle-taille-fait-michou\/#primaryimage","url":"https:\/\/images.pexels.com\/photos\/33050962\/pexels-photo-33050962.jpeg?auto=compress&cs=tinysrgb&fit=crop&h=627&w=1200","contentUrl":"https:\/\/images.pexels.com\/photos\/33050962\/pexels-photo-33050962.jpeg?auto=compress&cs=tinysrgb&fit=crop&h=627&w=1200"},{"@type":"WebSite","@id":"https:\/\/starstory.fr\/blog\/#website","url":"https:\/\/starstory.fr\/blog\/","name":"StarStory","description":"StarStory, les \u00e9toiles racontent leur histoire","publisher":{"@id":"https:\/\/starstory.fr\/blog\/#organization"},"alternateName":"StarStory, les \u00e9toiles racontent leur histoire","potentialAction":[{"@type":"SearchAction","target":{"@type":"EntryPoint","urlTemplate":"https:\/\/starstory.fr\/blog\/?s={search_term_string}"},"query-input":{"@type":"PropertyValueSpecification","valueRequired":true,"valueName":"search_term_string"}}],"inLanguage":"fr-FR"},{"@type":"Organization","@id":"https:\/\/starstory.fr\/blog\/#organization","name":"StarStory","alternateName":"StarStory.fr","url":"https:\/\/starstory.fr\/blog\/","logo":{"@type":"ImageObject","inLanguage":"fr-FR","@id":"https:\/\/starstory.fr\/blog\/#\/schema\/logo\/image\/","url":"https:\/\/starstory.fr\/blog\/wp-content\/uploads\/2024\/12\/38.png","contentUrl":"https:\/\/starstory.fr\/blog\/wp-content\/uploads\/2024\/12\/38.png","width":500,"height":500,"caption":"StarStory"},"image":{"@id":"https:\/\/starstory.fr\/blog\/#\/schema\/logo\/image\/"}},{"@type":"Person","@id":"https:\/\/starstory.fr\/blog\/#\/schema\/person\/62af054f7df7ce17580aee7a5c41b89c","name":"Julien Vaillant","image":{"@type":"ImageObject","inLanguage":"fr-FR","@id":"https:\/\/starstory.fr\/blog\/#\/schema\/person\/image\/","url":"https:\/\/secure.gravatar.com\/avatar\/?s=96&d=mm&r=g","contentUrl":"https:\/\/secure.gravatar.com\/avatar\/?s=96&d=mm&r=g","caption":"Julien Vaillant"},"description":"Julien met en lumi\u00e8re les acteurs, r\u00e9alisateurs et r\u00f4les embl\u00e9matiques qui ont marqu\u00e9 les \u00e9poques.","url":"https:\/\/starstory.fr\/blog\/auteur\/julien-bernard\/"}]}},"_links":{"self":[{"href":"https:\/\/starstory.fr\/blog\/wp-json\/wp\/v2\/posts\/8184","targetHints":{"allow":["GET"]}}],"collection":[{"href":"https:\/\/starstory.fr\/blog\/wp-json\/wp\/v2\/posts"}],"about":[{"href":"https:\/\/starstory.fr\/blog\/wp-json\/wp\/v2\/types\/post"}],"author":[{"embeddable":true,"href":"https:\/\/starstory.fr\/blog\/wp-json\/wp\/v2\/users\/40"}],"replies":[{"embeddable":true,"href":"https:\/\/starstory.fr\/blog\/wp-json\/wp\/v2\/comments?post=8184"}],"version-history":[{"count":0,"href":"https:\/\/starstory.fr\/blog\/wp-json\/wp\/v2\/posts\/8184\/revisions"}],"wp:attachment":[{"href":"https:\/\/starstory.fr\/blog\/wp-json\/wp\/v2\/media?parent=8184"}],"wp:term":[{"taxonomy":"category","embeddable":true,"href":"https:\/\/starstory.fr\/blog\/wp-json\/wp\/v2\/categories?post=8184"},{"taxonomy":"post_tag","embeddable":true,"href":"https:\/\/starstory.fr\/blog\/wp-json\/wp\/v2\/tags?post=8184"}],"curies":[{"name":"wp","href":"https:\/\/api.w.org\/{rel}","templated":true}]}}