{"id":8179,"date":"2026-07-12T18:42:49","date_gmt":"2026-07-12T16:42:49","guid":{"rendered":"https:\/\/starstory.fr\/blog\/celebrites-et-influence-en-france\/taille-des-stars\/quelle-taille-fait-jean-dujardin\/"},"modified":"2026-07-12T18:45:00","modified_gmt":"2026-07-12T16:45:00","slug":"quelle-taille-fait-jean-dujardin","status":"publish","type":"post","link":"https:\/\/starstory.fr\/blog\/celebrites-et-influence-en-france\/taille-des-stars\/quelle-taille-fait-jean-dujardin\/","title":{"rendered":"Quelle taille fait Jean Dujardin ? (taille, poids, mensurations)"},"content":{"rendered":"<aside style=\"background:#FBEAF2;border-left:5px solid #B11E6A;padding:22px 28px;margin:24px 0;font-family:-apple-system,BlinkMacSystemFont,'Segoe UI',Roboto,sans-serif;\">\n<div style=\"margin:0;font-size:19px;line-height:1.55;color:#2a2a2a;font-weight:500;letter-spacing:-0.005em;\">\n    Jean Dujardin mesure <strong>1,82 m<\/strong> selon la plupart des fiches sp\u00e9cialis\u00e9es \u2014 l\u2019acteur lui-m\u00eame a \u00e9voqu\u00e9 1,81 m, un \u00e9cart insignifiant. Une taille au-dessus de la moyenne fran\u00e7aise, qui a servi aussi bien OSS 117 que The Artist.\n  <\/div>\n<\/aside>\n<figure style=\"margin:32px 0;font-family:-apple-system,BlinkMacSystemFont,'Segoe UI',Roboto,sans-serif;\">\n<div style=\"overflow-x:auto;border:1px solid #e5e5e0;border-radius:8px;\">\n<table style=\"width:100%;border-collapse:collapse;font-size:14px;color:#2a2a2a;min-width:500px;\">\n<thead>\n<tr style=\"background:#1a1a1a;color:#fff;\">\n<th style=\"text-align:left;padding:14px 18px;font-weight:700;font-size:12px;text-transform:uppercase;letter-spacing:1.5px;\">Fiche mensurations<\/th>\n<th style=\"text-align:left;padding:14px 18px;font-weight:700;font-size:12px;text-transform:uppercase;letter-spacing:1.5px;\">D\u00e9tail<\/th>\n<\/tr>\n<\/thead>\n<tbody>\n<tr style=\"background:#fff;border-bottom:1px solid #f0ede5;\">\n<td style=\"padding:14px 18px;font-weight:600;\">Nom complet<\/td>\n<td style=\"padding:14px 18px;color:#4a4a4a;\">Jean \u00c9douard Dujardin<\/td>\n<\/tr>\n<tr style=\"background:#fafaf7;border-bottom:1px solid #f0ede5;\">\n<td style=\"padding:14px 18px;font-weight:600;\">Naissance<\/td>\n<td style=\"padding:14px 18px;color:#4a4a4a;\">19 juin 1972, Rueil-Malmaison (Hauts-de-Seine)<\/td>\n<\/tr>\n<tr style=\"background:#fff;border-bottom:1px solid #f0ede5;\">\n<td style=\"padding:14px 18px;font-weight:600;\">Taille<\/td>\n<td style=\"padding:14px 18px;color:#4a4a4a;\"><strong>1,82 m<\/strong> (1,81 m selon ses propres d\u00e9clarations)<\/td>\n<\/tr>\n<tr style=\"background:#fafaf7;border-bottom:1px solid #f0ede5;\">\n<td style=\"padding:14px 18px;font-weight:600;\">Poids<\/td>\n<td style=\"padding:14px 18px;color:#4a4a4a;\">Non communiqu\u00e9 officiellement<\/td>\n<\/tr>\n<tr style=\"background:#fff;border-bottom:1px solid #f0ede5;\">\n<td style=\"padding:14px 18px;font-weight:600;\">Nationalit\u00e9<\/td>\n<td style=\"padding:14px 18px;color:#4a4a4a;\">Fran\u00e7aise<\/td>\n<\/tr>\n<tr style=\"background:#fafaf7;\">\n<td style=\"padding:14px 18px;font-weight:600;\">Profession<\/td>\n<td style=\"padding:14px 18px;color:#4a4a4a;\">Acteur, producteur \u2014 Oscar du meilleur acteur 2012 (The Artist)<\/td>\n<\/tr>\n<\/tbody>\n<\/table><\/div>\n<\/figure>\n<h2>1,82 m : une taille qui ne fait pas d\u00e9bat<\/h2>\n<p>Les bases de tailles fran\u00e7aises cr\u00e9ditent Jean Dujardin de <strong>1,82 m<\/strong>, et l\u2019int\u00e9ress\u00e9 a lui-m\u00eame mentionn\u00e9 1,81 m \u2014 une convergence rare dans le monde des c\u00e9l\u00e9brit\u00e9s, o\u00f9 les \u00e9carts d\u00e9passent souvent 5 cm d\u2019un site \u00e0 l\u2019autre. On peut donc retenir la fourchette tr\u00e8s resserr\u00e9e de <strong>1,81 \u00e0 1,82 m<\/strong>.<\/p>\n<p>\u00c0 l\u2019\u00e9cran, cette stature le place nettement au-dessus de la moyenne masculine fran\u00e7aise (environ 1,75 m). Face \u00e0 <a href=\"https:\/\/starstory.fr\/blog\/celebrites-et-influence-en-france\/taille-des-stars\/quelle-taille-fait-marion-cotillard\/\">Marion Cotillard (environ 1,68 m)<\/a>, sa partenaire dans Un homme id\u00e9al au panth\u00e9on du cin\u00e9ma fran\u00e7ais, l\u2019\u00e9cart avoisine les 14 cm. Et il domine aussi <a href=\"https:\/\/starstory.fr\/blog\/celebrites-et-influence-en-france\/taille-des-stars\/quelle-taille-fait-gerard-depardieu\/\">G\u00e9rard Depardieu<\/a>, cr\u00e9dit\u00e9 de 1,78 \u00e0 1,80 m \u00e0 son pic.<\/p>\n<h2>Signes distinctifs<\/h2>\n<p>M\u00e2choire carr\u00e9e, sourire ultra-brite h\u00e9rit\u00e9 d\u2019OSS 117 et brushing impeccable en smoking : Jean Dujardin a construit une image de s\u00e9ducteur r\u00e9tro que The Artist a fig\u00e9e en noir et blanc. Sa silhouette longiligne et sa moustache \u2014 qu\u2019il porte ou rase selon les r\u00f4les, de Hubert Bonisseur de La Bath \u00e0 George Valentin \u2014 sont devenues des marqueurs imm\u00e9diatement reconnaissables.<\/p>\n<aside style=\"background:#FBEAF2;border-left:4px solid #B11E6A;padding:14px 18px;margin:18px 0;border-radius:0 4px 4px 0;font-family:-apple-system,BlinkMacSystemFont,'Segoe UI',Roboto,sans-serif;\">\n  <strong style=\"display:inline-block;color:#8a1450;font-size:12px;text-transform:uppercase;letter-spacing:1.5px;margin-right:8px;\">&#128161; Bon \u00e0 savoir<\/strong><br \/>\n  <span style=\"font-size:14.5px;line-height:1.55;color:#3a3a3a;\">Aux c\u00f4t\u00e9s de <a href=\"https:\/\/starstory.fr\/blog\/celebrites-et-influence-en-france\/taille-des-stars\/quelle-taille-fait-brad-pitt\/\">Brad Pitt (1,80 m)<\/a>, crois\u00e9 sur les tapis rouges hollywoodiens lors de la saison des Oscars 2012, Dujardin faisait quasiment jeu \u00e9gal au centim\u00e8tre pr\u00e8s.<\/span><br \/>\n<\/aside>\n<h2>Traits de caract\u00e8re<\/h2>\n<p>Les portraits de presse le d\u00e9crivent invariablement comme un adepte de l\u2019<strong>autod\u00e9rision<\/strong> : l\u2019acteur a r\u00e9p\u00e9t\u00e9 en interview qu\u2019il ne se prenait pas au s\u00e9rieux, refusant longtemps le statut de star que son Oscar lui avait offert. Ses apparitions t\u00e9l\u00e9vis\u00e9es, o\u00f9 il glisse volontiers dans ses personnages comiques (Brice de Nice, OSS 117), entretiennent cette image de grand enfant du cin\u00e9ma fran\u00e7ais.<\/p>\n<p>Autre trait document\u00e9 : la <strong>discr\u00e9tion<\/strong>. Install\u00e9 loin de Paris, rare dans les \u00e9missions people, il explique r\u00e9guli\u00e8rement pr\u00e9f\u00e9rer \u00ab la campagne et les copains \u00bb aux mondanit\u00e9s \u2014 une r\u00e9serve soulign\u00e9e par la presse \u00e0 chacune de ses sorties de films.<\/p>\n<p>Pour situer Jean Dujardin face aux stars du sport, de la musique et de Hollywood, notre <a href=\"https:\/\/starstory.fr\/blog\/celebrites-et-influence-en-france\/taille-des-stars\/quelle-taille-font-les-stars\/\">guide complet des tailles des stars<\/a> compile toutes les mensurations v\u00e9rifi\u00e9es, fiche par fiche.<\/p>\n<h2>Questions fr\u00e9quentes<\/h2>\n<h3>Quelle est la taille exacte de Jean Dujardin ?<\/h3>\n<p><strong>1,82 m<\/strong> selon la plupart des sources ; l\u2019acteur a lui-m\u00eame \u00e9voqu\u00e9 1,81 m. La fourchette fiable est donc 1,81\u20131,82 m.<\/p>\n<h3>Combien p\u00e8se Jean Dujardin ?<\/h3>\n<p>Son poids n\u2019est pas communiqu\u00e9 officiellement et varie selon les r\u00f4les : nous ne reprenons pas les chiffres inv\u00e9rifiables qui circulent.<\/p>\n<h3>Jean Dujardin est-il plus grand que Marion Cotillard ?<\/h3>\n<p>Oui, d\u2019environ <strong>14 cm<\/strong> : il mesure 1,82 m contre environ 1,68 m pour l\u2019actrice oscaris\u00e9e.<\/p>\n<p style=\"font-size:13px;color:#6a6a6a;margin-top:28px;\">Sources : bases de tailles fran\u00e7aises (quelletaille.fr, la-bonne-taille), d\u00e9clarations de l\u2019acteur reprises par la presse \u2014 chiffres concordants 1,81\u20131,82 m.<\/p>\n<p><script type=\"application\/ld+json\">{\"@context\": \"https:\/\/schema.org\", \"@type\": \"FAQPage\", \"mainEntity\": [{\"@type\": \"Question\", \"name\": \"Quelle est la taille exacte de Jean Dujardin ?\", \"acceptedAnswer\": {\"@type\": \"Answer\", \"text\": \"1,82 m selon la plupart des sources ; l'acteur a lui-m\u00eame \u00e9voqu\u00e9 1,81 m. La fourchette fiable est donc 1,81\u20131,82 m.\"}}, {\"@type\": \"Question\", \"name\": \"Combien p\u00e8se Jean Dujardin ?\", \"acceptedAnswer\": {\"@type\": \"Answer\", \"text\": \"Son poids n'est pas communiqu\u00e9 officiellement et varie selon les r\u00f4les : nous ne reprenons pas les chiffres inv\u00e9rifiables qui circulent.\"}}, {\"@type\": \"Question\", \"name\": \"Jean Dujardin est-il plus grand que Marion Cotillard ?\", \"acceptedAnswer\": {\"@type\": \"Answer\", \"text\": \"Oui, d'environ 14 cm : il mesure 1,82 m contre environ 1,68 m pour l'actrice oscaris\u00e9e.\"}}]}<\/script><\/p>\n","protected":false},"excerpt":{"rendered":"","protected":false},"author":34,"featured_media":999999999,"comment_status":"open","ping_status":"open","sticky":false,"template":"","format":"standard","meta":{"_acf_changed":false,"manual_indexmenow":false,"indexmenow_id_project":0,"footnotes":""},"categories":[4839],"tags":[],"class_list":["post-8179","post","type-post","status-publish","format-standard","has-post-thumbnail","hentry","category-taille-des-stars","generate-columns","tablet-grid-50","mobile-grid-100","grid-parent","grid-25"],"acf":[],"yoast_head":"<!-- This site is optimized with the Yoast SEO Premium plugin v21.3 (Yoast SEO v26.5) - https:\/\/yoast.com\/wordpress\/plugins\/seo\/ -->\n<title>Quelle taille fait Jean Dujardin ? Taille et poids<\/title>\n<meta name=\"description\" content=\"Jean Dujardin mesure 1,82 m (1,81 m selon lui). Taille, signes distinctifs, caract\u00e8re : la fiche v\u00e9rifi\u00e9e de l&#039;acteur oscaris\u00e9 de The Artist.\" \/>\n<meta name=\"robots\" content=\"index, follow, max-snippet:-1, max-image-preview:large, max-video-preview:-1\" \/>\n<link rel=\"canonical\" href=\"https:\/\/starstory.fr\/blog\/celebrites-et-influence-en-france\/taille-des-stars\/quelle-taille-fait-jean-dujardin\/\" \/>\n<meta property=\"og:locale\" content=\"fr_FR\" \/>\n<meta property=\"og:type\" content=\"article\" \/>\n<meta property=\"og:title\" content=\"Quelle taille fait Jean Dujardin ? Taille et poids\" \/>\n<meta property=\"og:description\" content=\"Jean Dujardin mesure 1,82 m (1,81 m selon lui). Taille, signes distinctifs, caract\u00e8re : la fiche v\u00e9rifi\u00e9e de l&#039;acteur oscaris\u00e9 de The Artist.\" \/>\n<meta property=\"og:url\" content=\"https:\/\/starstory.fr\/blog\/celebrites-et-influence-en-france\/taille-des-stars\/quelle-taille-fait-jean-dujardin\/\" \/>\n<meta property=\"og:site_name\" content=\"starstory\" \/>\n<meta property=\"og:image\" content=\"https:\/\/images.pexels.com\/photos\/29508640\/pexels-photo-29508640.jpeg?auto=compress&cs=tinysrgb&fit=crop&h=627&w=1200\" \/>\n<meta name=\"author\" content=\"Rapha\u00ebl D.\" \/>\n<meta name=\"twitter:card\" content=\"summary_large_image\" \/>\n<script type=\"application\/ld+json\" class=\"yoast-schema-graph\">{\"@context\":\"https:\/\/schema.org\",\"@graph\":[{\"@type\":\"NewsArticle\",\"@id\":\"https:\/\/starstory.fr\/blog\/celebrites-et-influence-en-france\/taille-des-stars\/quelle-taille-fait-jean-dujardin\/#article\",\"isPartOf\":{\"@id\":\"https:\/\/starstory.fr\/blog\/celebrites-et-influence-en-france\/taille-des-stars\/quelle-taille-fait-jean-dujardin\/\"},\"author\":{\"name\":\"Rapha\u00ebl D.\",\"@id\":\"https:\/\/starstory.fr\/blog\/#\/schema\/person\/3c864cdc320801e3db34b663e7e3f816\"},\"headline\":\"Quelle taille fait Jean Dujardin ? (taille, poids, mensurations)\",\"datePublished\":\"2026-07-12T16:42:49+00:00\",\"dateModified\":\"2026-07-12T16:45:00+00:00\",\"mainEntityOfPage\":{\"@id\":\"https:\/\/starstory.fr\/blog\/celebrites-et-influence-en-france\/taille-des-stars\/quelle-taille-fait-jean-dujardin\/\"},\"wordCount\":559,\"commentCount\":0,\"publisher\":{\"@id\":\"https:\/\/starstory.fr\/blog\/#organization\"},\"image\":{\"@id\":\"https:\/\/starstory.fr\/blog\/celebrites-et-influence-en-france\/taille-des-stars\/quelle-taille-fait-jean-dujardin\/#primaryimage\"},\"thumbnailUrl\":\"https:\/\/images.pexels.com\/photos\/29508640\/pexels-photo-29508640.jpeg?auto=compress&cs=tinysrgb&fit=crop&h=627&w=1200\",\"articleSection\":[\"Taille et mensurations des stars\"],\"inLanguage\":\"fr-FR\",\"potentialAction\":[{\"@type\":\"CommentAction\",\"name\":\"Comment\",\"target\":[\"https:\/\/starstory.fr\/blog\/celebrites-et-influence-en-france\/taille-des-stars\/quelle-taille-fait-jean-dujardin\/#respond\"]}]},{\"@type\":\"WebPage\",\"@id\":\"https:\/\/starstory.fr\/blog\/celebrites-et-influence-en-france\/taille-des-stars\/quelle-taille-fait-jean-dujardin\/\",\"url\":\"https:\/\/starstory.fr\/blog\/celebrites-et-influence-en-france\/taille-des-stars\/quelle-taille-fait-jean-dujardin\/\",\"name\":\"Quelle taille fait Jean Dujardin ? Taille et poids\",\"isPartOf\":{\"@id\":\"https:\/\/starstory.fr\/blog\/#website\"},\"primaryImageOfPage\":{\"@id\":\"https:\/\/starstory.fr\/blog\/celebrites-et-influence-en-france\/taille-des-stars\/quelle-taille-fait-jean-dujardin\/#primaryimage\"},\"image\":{\"@id\":\"https:\/\/starstory.fr\/blog\/celebrites-et-influence-en-france\/taille-des-stars\/quelle-taille-fait-jean-dujardin\/#primaryimage\"},\"thumbnailUrl\":\"https:\/\/images.pexels.com\/photos\/29508640\/pexels-photo-29508640.jpeg?auto=compress&cs=tinysrgb&fit=crop&h=627&w=1200\",\"datePublished\":\"2026-07-12T16:42:49+00:00\",\"dateModified\":\"2026-07-12T16:45:00+00:00\",\"description\":\"Jean Dujardin mesure 1,82 m (1,81 m selon lui). Taille, signes distinctifs, caract\u00e8re : la fiche v\u00e9rifi\u00e9e de l'acteur oscaris\u00e9 de The Artist.\",\"inLanguage\":\"fr-FR\",\"potentialAction\":[{\"@type\":\"ReadAction\",\"target\":[\"https:\/\/starstory.fr\/blog\/celebrites-et-influence-en-france\/taille-des-stars\/quelle-taille-fait-jean-dujardin\/\"]}]},{\"@type\":\"ImageObject\",\"inLanguage\":\"fr-FR\",\"@id\":\"https:\/\/starstory.fr\/blog\/celebrites-et-influence-en-france\/taille-des-stars\/quelle-taille-fait-jean-dujardin\/#primaryimage\",\"url\":\"https:\/\/images.pexels.com\/photos\/29508640\/pexels-photo-29508640.jpeg?auto=compress&cs=tinysrgb&fit=crop&h=627&w=1200\",\"contentUrl\":\"https:\/\/images.pexels.com\/photos\/29508640\/pexels-photo-29508640.jpeg?auto=compress&cs=tinysrgb&fit=crop&h=627&w=1200\"},{\"@type\":\"WebSite\",\"@id\":\"https:\/\/starstory.fr\/blog\/#website\",\"url\":\"https:\/\/starstory.fr\/blog\/\",\"name\":\"StarStory\",\"description\":\"StarStory, les \u00e9toiles racontent leur histoire\",\"publisher\":{\"@id\":\"https:\/\/starstory.fr\/blog\/#organization\"},\"alternateName\":\"StarStory, les \u00e9toiles racontent leur histoire\",\"potentialAction\":[{\"@type\":\"SearchAction\",\"target\":{\"@type\":\"EntryPoint\",\"urlTemplate\":\"https:\/\/starstory.fr\/blog\/?s={search_term_string}\"},\"query-input\":{\"@type\":\"PropertyValueSpecification\",\"valueRequired\":true,\"valueName\":\"search_term_string\"}}],\"inLanguage\":\"fr-FR\"},{\"@type\":\"Organization\",\"@id\":\"https:\/\/starstory.fr\/blog\/#organization\",\"name\":\"StarStory\",\"alternateName\":\"StarStory.fr\",\"url\":\"https:\/\/starstory.fr\/blog\/\",\"logo\":{\"@type\":\"ImageObject\",\"inLanguage\":\"fr-FR\",\"@id\":\"https:\/\/starstory.fr\/blog\/#\/schema\/logo\/image\/\",\"url\":\"https:\/\/starstory.fr\/blog\/wp-content\/uploads\/2024\/12\/38.png\",\"contentUrl\":\"https:\/\/starstory.fr\/blog\/wp-content\/uploads\/2024\/12\/38.png\",\"width\":500,\"height\":500,\"caption\":\"StarStory\"},\"image\":{\"@id\":\"https:\/\/starstory.fr\/blog\/#\/schema\/logo\/image\/\"}},{\"@type\":\"Person\",\"@id\":\"https:\/\/starstory.fr\/blog\/#\/schema\/person\/3c864cdc320801e3db34b663e7e3f816\",\"name\":\"Rapha\u00ebl D.\",\"image\":{\"@type\":\"ImageObject\",\"inLanguage\":\"fr-FR\",\"@id\":\"https:\/\/starstory.fr\/blog\/#\/schema\/person\/image\/\",\"url\":\"https:\/\/starstory.fr\/blog\/wp-content\/uploads\/2026\/06\/persona_raphael-d-96x96.jpg\",\"contentUrl\":\"https:\/\/starstory.fr\/blog\/wp-content\/uploads\/2026\/06\/persona_raphael-d-96x96.jpg\",\"caption\":\"Rapha\u00ebl D.\"},\"description\":\"La culture est mon terrain de jeu depuis une dizaine d'ann\u00e9es : arts visuels, s\u00e9ries, cr\u00e9ation et tout ce qui nourrit l'imaginaire. J'\u00e9cris aussi bien sur l'actualit\u00e9 des \u0153uvres que sur les coulisses de la cr\u00e9ation, avec l'envie de relier l'amateur curieux \u00e0 des univers parfois jug\u00e9s intimidants. J'aime analyser une s\u00e9rie ou une d\u00e9marche artistique sans p\u00e9dantisme, replacer une \u0153uvre dans son contexte et donner des cl\u00e9s de lecture accessibles. Avant de publier, je v\u00e9rifie mes r\u00e9f\u00e9rences, je recoupe les sources et je distingue clairement le fait de mon interpr\u00e9tation subjective. Je crois qu'une critique vaut surtout par les arguments qu'elle expose, pas par la sentence qu'elle rend. Mon angle : transmettre l'envie de d\u00e9couvrir, de regarder autrement et de se forger son propre go\u00fbt. La culture n'appartient pas qu'aux initi\u00e9s, et c'est tout l'enjeu de mon \u00e9criture.\",\"url\":\"https:\/\/starstory.fr\/blog\/auteur\/noname\/\",\"jobTitle\":\"R\u00e9dacteur en chef \u00b7 Culture & Cr\u00e9ation\",\"knowsAbout\":[\"Culture\",\"Cr\u00e9ation\"],\"email\":\"raphael.d@a-l-asso-de-l-art.fr\"}]}<\/script>\n<!-- \/ Yoast SEO Premium plugin. -->","yoast_head_json":{"title":"Quelle taille fait Jean Dujardin ? Taille et poids","description":"Jean Dujardin mesure 1,82 m (1,81 m selon lui). Taille, signes distinctifs, caract\u00e8re : la fiche v\u00e9rifi\u00e9e de l'acteur oscaris\u00e9 de The Artist.","robots":{"index":"index","follow":"follow","max-snippet":"max-snippet:-1","max-image-preview":"max-image-preview:large","max-video-preview":"max-video-preview:-1"},"canonical":"https:\/\/starstory.fr\/blog\/celebrites-et-influence-en-france\/taille-des-stars\/quelle-taille-fait-jean-dujardin\/","og_locale":"fr_FR","og_type":"article","og_title":"Quelle taille fait Jean Dujardin ? Taille et poids","og_description":"Jean Dujardin mesure 1,82 m (1,81 m selon lui). Taille, signes distinctifs, caract\u00e8re : la fiche v\u00e9rifi\u00e9e de l'acteur oscaris\u00e9 de The Artist.","og_url":"https:\/\/starstory.fr\/blog\/celebrites-et-influence-en-france\/taille-des-stars\/quelle-taille-fait-jean-dujardin\/","og_site_name":"starstory","og_image":[{"url":"https:\/\/images.pexels.com\/photos\/29508640\/pexels-photo-29508640.jpeg?auto=compress&cs=tinysrgb&fit=crop&h=627&w=1200","type":"","width":"","height":""}],"author":"Rapha\u00ebl D.","twitter_card":"summary_large_image","schema":{"@context":"https:\/\/schema.org","@graph":[{"@type":"NewsArticle","@id":"https:\/\/starstory.fr\/blog\/celebrites-et-influence-en-france\/taille-des-stars\/quelle-taille-fait-jean-dujardin\/#article","isPartOf":{"@id":"https:\/\/starstory.fr\/blog\/celebrites-et-influence-en-france\/taille-des-stars\/quelle-taille-fait-jean-dujardin\/"},"author":{"name":"Rapha\u00ebl D.","@id":"https:\/\/starstory.fr\/blog\/#\/schema\/person\/3c864cdc320801e3db34b663e7e3f816"},"headline":"Quelle taille fait Jean Dujardin ? (taille, poids, mensurations)","datePublished":"2026-07-12T16:42:49+00:00","dateModified":"2026-07-12T16:45:00+00:00","mainEntityOfPage":{"@id":"https:\/\/starstory.fr\/blog\/celebrites-et-influence-en-france\/taille-des-stars\/quelle-taille-fait-jean-dujardin\/"},"wordCount":559,"commentCount":0,"publisher":{"@id":"https:\/\/starstory.fr\/blog\/#organization"},"image":{"@id":"https:\/\/starstory.fr\/blog\/celebrites-et-influence-en-france\/taille-des-stars\/quelle-taille-fait-jean-dujardin\/#primaryimage"},"thumbnailUrl":"https:\/\/images.pexels.com\/photos\/29508640\/pexels-photo-29508640.jpeg?auto=compress&cs=tinysrgb&fit=crop&h=627&w=1200","articleSection":["Taille et mensurations des stars"],"inLanguage":"fr-FR","potentialAction":[{"@type":"CommentAction","name":"Comment","target":["https:\/\/starstory.fr\/blog\/celebrites-et-influence-en-france\/taille-des-stars\/quelle-taille-fait-jean-dujardin\/#respond"]}]},{"@type":"WebPage","@id":"https:\/\/starstory.fr\/blog\/celebrites-et-influence-en-france\/taille-des-stars\/quelle-taille-fait-jean-dujardin\/","url":"https:\/\/starstory.fr\/blog\/celebrites-et-influence-en-france\/taille-des-stars\/quelle-taille-fait-jean-dujardin\/","name":"Quelle taille fait Jean Dujardin ? Taille et poids","isPartOf":{"@id":"https:\/\/starstory.fr\/blog\/#website"},"primaryImageOfPage":{"@id":"https:\/\/starstory.fr\/blog\/celebrites-et-influence-en-france\/taille-des-stars\/quelle-taille-fait-jean-dujardin\/#primaryimage"},"image":{"@id":"https:\/\/starstory.fr\/blog\/celebrites-et-influence-en-france\/taille-des-stars\/quelle-taille-fait-jean-dujardin\/#primaryimage"},"thumbnailUrl":"https:\/\/images.pexels.com\/photos\/29508640\/pexels-photo-29508640.jpeg?auto=compress&cs=tinysrgb&fit=crop&h=627&w=1200","datePublished":"2026-07-12T16:42:49+00:00","dateModified":"2026-07-12T16:45:00+00:00","description":"Jean Dujardin mesure 1,82 m (1,81 m selon lui). Taille, signes distinctifs, caract\u00e8re : la fiche v\u00e9rifi\u00e9e de l'acteur oscaris\u00e9 de The Artist.","inLanguage":"fr-FR","potentialAction":[{"@type":"ReadAction","target":["https:\/\/starstory.fr\/blog\/celebrites-et-influence-en-france\/taille-des-stars\/quelle-taille-fait-jean-dujardin\/"]}]},{"@type":"ImageObject","inLanguage":"fr-FR","@id":"https:\/\/starstory.fr\/blog\/celebrites-et-influence-en-france\/taille-des-stars\/quelle-taille-fait-jean-dujardin\/#primaryimage","url":"https:\/\/images.pexels.com\/photos\/29508640\/pexels-photo-29508640.jpeg?auto=compress&cs=tinysrgb&fit=crop&h=627&w=1200","contentUrl":"https:\/\/images.pexels.com\/photos\/29508640\/pexels-photo-29508640.jpeg?auto=compress&cs=tinysrgb&fit=crop&h=627&w=1200"},{"@type":"WebSite","@id":"https:\/\/starstory.fr\/blog\/#website","url":"https:\/\/starstory.fr\/blog\/","name":"StarStory","description":"StarStory, les \u00e9toiles racontent leur histoire","publisher":{"@id":"https:\/\/starstory.fr\/blog\/#organization"},"alternateName":"StarStory, les \u00e9toiles racontent leur histoire","potentialAction":[{"@type":"SearchAction","target":{"@type":"EntryPoint","urlTemplate":"https:\/\/starstory.fr\/blog\/?s={search_term_string}"},"query-input":{"@type":"PropertyValueSpecification","valueRequired":true,"valueName":"search_term_string"}}],"inLanguage":"fr-FR"},{"@type":"Organization","@id":"https:\/\/starstory.fr\/blog\/#organization","name":"StarStory","alternateName":"StarStory.fr","url":"https:\/\/starstory.fr\/blog\/","logo":{"@type":"ImageObject","inLanguage":"fr-FR","@id":"https:\/\/starstory.fr\/blog\/#\/schema\/logo\/image\/","url":"https:\/\/starstory.fr\/blog\/wp-content\/uploads\/2024\/12\/38.png","contentUrl":"https:\/\/starstory.fr\/blog\/wp-content\/uploads\/2024\/12\/38.png","width":500,"height":500,"caption":"StarStory"},"image":{"@id":"https:\/\/starstory.fr\/blog\/#\/schema\/logo\/image\/"}},{"@type":"Person","@id":"https:\/\/starstory.fr\/blog\/#\/schema\/person\/3c864cdc320801e3db34b663e7e3f816","name":"Rapha\u00ebl D.","image":{"@type":"ImageObject","inLanguage":"fr-FR","@id":"https:\/\/starstory.fr\/blog\/#\/schema\/person\/image\/","url":"https:\/\/starstory.fr\/blog\/wp-content\/uploads\/2026\/06\/persona_raphael-d-96x96.jpg","contentUrl":"https:\/\/starstory.fr\/blog\/wp-content\/uploads\/2026\/06\/persona_raphael-d-96x96.jpg","caption":"Rapha\u00ebl D."},"description":"La culture est mon terrain de jeu depuis une dizaine d'ann\u00e9es : arts visuels, s\u00e9ries, cr\u00e9ation et tout ce qui nourrit l'imaginaire. J'\u00e9cris aussi bien sur l'actualit\u00e9 des \u0153uvres que sur les coulisses de la cr\u00e9ation, avec l'envie de relier l'amateur curieux \u00e0 des univers parfois jug\u00e9s intimidants. J'aime analyser une s\u00e9rie ou une d\u00e9marche artistique sans p\u00e9dantisme, replacer une \u0153uvre dans son contexte et donner des cl\u00e9s de lecture accessibles. Avant de publier, je v\u00e9rifie mes r\u00e9f\u00e9rences, je recoupe les sources et je distingue clairement le fait de mon interpr\u00e9tation subjective. Je crois qu'une critique vaut surtout par les arguments qu'elle expose, pas par la sentence qu'elle rend. Mon angle : transmettre l'envie de d\u00e9couvrir, de regarder autrement et de se forger son propre go\u00fbt. La culture n'appartient pas qu'aux initi\u00e9s, et c'est tout l'enjeu de mon \u00e9criture.","url":"https:\/\/starstory.fr\/blog\/auteur\/noname\/","jobTitle":"R\u00e9dacteur en chef \u00b7 Culture & Cr\u00e9ation","knowsAbout":["Culture","Cr\u00e9ation"],"email":"raphael.d@a-l-asso-de-l-art.fr"}]}},"_links":{"self":[{"href":"https:\/\/starstory.fr\/blog\/wp-json\/wp\/v2\/posts\/8179","targetHints":{"allow":["GET"]}}],"collection":[{"href":"https:\/\/starstory.fr\/blog\/wp-json\/wp\/v2\/posts"}],"about":[{"href":"https:\/\/starstory.fr\/blog\/wp-json\/wp\/v2\/types\/post"}],"author":[{"embeddable":true,"href":"https:\/\/starstory.fr\/blog\/wp-json\/wp\/v2\/users\/34"}],"replies":[{"embeddable":true,"href":"https:\/\/starstory.fr\/blog\/wp-json\/wp\/v2\/comments?post=8179"}],"version-history":[{"count":1,"href":"https:\/\/starstory.fr\/blog\/wp-json\/wp\/v2\/posts\/8179\/revisions"}],"predecessor-version":[{"id":8197,"href":"https:\/\/starstory.fr\/blog\/wp-json\/wp\/v2\/posts\/8179\/revisions\/8197"}],"wp:attachment":[{"href":"https:\/\/starstory.fr\/blog\/wp-json\/wp\/v2\/media?parent=8179"}],"wp:term":[{"taxonomy":"category","embeddable":true,"href":"https:\/\/starstory.fr\/blog\/wp-json\/wp\/v2\/categories?post=8179"},{"taxonomy":"post_tag","embeddable":true,"href":"https:\/\/starstory.fr\/blog\/wp-json\/wp\/v2\/tags?post=8179"}],"curies":[{"name":"wp","href":"https:\/\/api.w.org\/{rel}","templated":true}]}}