{"id":8174,"date":"2026-07-12T18:42:30","date_gmt":"2026-07-12T16:42:30","guid":{"rendered":"https:\/\/starstory.fr\/blog\/celebrites-et-influence-en-france\/taille-des-stars\/quelle-taille-fait-ngolo-kante\/"},"modified":"2026-07-12T18:42:30","modified_gmt":"2026-07-12T16:42:30","slug":"quelle-taille-fait-ngolo-kante","status":"publish","type":"post","link":"https:\/\/starstory.fr\/blog\/celebrites-et-influence-en-france\/taille-des-stars\/quelle-taille-fait-ngolo-kante\/","title":{"rendered":"Quelle taille fait N\u2019Golo Kant\u00e9 ?"},"content":{"rendered":"<aside style=\"background:#FBEAF2;border-left:5px solid #B11E6A;padding:22px 28px;margin:24px 0;font-family:-apple-system,BlinkMacSystemFont,'Segoe UI',Roboto,sans-serif;\">\n<div style=\"margin:0;font-size:19px;line-height:1.55;color:#2a2a2a;font-weight:500;letter-spacing:-0.005em;\">\n    N\u2019Golo Kant\u00e9 mesure <strong>1,68 m<\/strong>, pour un poids de <strong>68 kg<\/strong> selon les fiches officielles (FFF, Transfermarkt). Le plus petit gabarit du milieu de terrain des Bleus champions du monde 2018 \u2014 et l\u2019un des plus grands joueurs de sa g\u00e9n\u00e9ration.\n  <\/div>\n<\/aside>\n<figure style=\"margin:32px 0;font-family:-apple-system,BlinkMacSystemFont,'Segoe UI',Roboto,sans-serif;\">\n<div style=\"overflow-x:auto;border:1px solid #e5e5e0;border-radius:8px;\">\n<table style=\"width:100%;border-collapse:collapse;font-size:14px;color:#2a2a2a;min-width:500px;\">\n<thead>\n<tr style=\"background:#1a1a1a;color:#fff;\">\n<th style=\"text-align:left;padding:14px 18px;font-weight:700;font-size:12px;text-transform:uppercase;letter-spacing:1.5px;\">Fiche mensurations<\/th>\n<th style=\"text-align:left;padding:14px 18px;font-weight:700;font-size:12px;text-transform:uppercase;letter-spacing:1.5px;\">D\u00e9tail<\/th>\n<\/tr>\n<\/thead>\n<tbody>\n<tr style=\"background:#fff;border-bottom:1px solid #f0ede5;\">\n<td style=\"padding:14px 18px;font-weight:600;\">Nom complet<\/td>\n<td style=\"padding:14px 18px;color:#4a4a4a;\">N\u2019Golo Kant\u00e9<\/td>\n<\/tr>\n<tr style=\"background:#fafaf7;border-bottom:1px solid #f0ede5;\">\n<td style=\"padding:14px 18px;font-weight:600;\">Naissance<\/td>\n<td style=\"padding:14px 18px;color:#4a4a4a;\">29 mars 1991, Paris<\/td>\n<\/tr>\n<tr style=\"background:#fff;border-bottom:1px solid #f0ede5;\">\n<td style=\"padding:14px 18px;font-weight:600;\">Taille<\/td>\n<td style=\"padding:14px 18px;color:#4a4a4a;\"><strong>1,68 m<\/strong> (fiches FFF \/ Transfermarkt)<\/td>\n<\/tr>\n<tr style=\"background:#fafaf7;border-bottom:1px solid #f0ede5;\">\n<td style=\"padding:14px 18px;font-weight:600;\">Poids<\/td>\n<td style=\"padding:14px 18px;color:#4a4a4a;\">68 kg selon les fiches officielles<\/td>\n<\/tr>\n<tr style=\"background:#fff;border-bottom:1px solid #f0ede5;\">\n<td style=\"padding:14px 18px;font-weight:600;\">Nationalit\u00e9<\/td>\n<td style=\"padding:14px 18px;color:#4a4a4a;\">Fran\u00e7aise<\/td>\n<\/tr>\n<tr style=\"background:#fafaf7;\">\n<td style=\"padding:14px 18px;font-weight:600;\">Poste<\/td>\n<td style=\"padding:14px 18px;color:#4a4a4a;\">Milieu d\u00e9fensif (champion du monde 2018, ex-Leicester et Chelsea)<\/td>\n<\/tr>\n<\/tbody>\n<\/table><\/div>\n<\/figure>\n<h2>1,68 m : la preuve que le milieu de terrain n\u2019est pas une affaire de centim\u00e8tres<\/h2>\n<p>Sa fiche de la F\u00e9d\u00e9ration Fran\u00e7aise de Football et Transfermarkt affichent le m\u00eame chiffre : <strong>1,68 m<\/strong> pour 68 kg. Kant\u00e9 est ainsi l\u2019un des plus petits milieux d\u00e9fensifs de l\u2019histoire r\u00e9cente du poste \u2014 un poste traditionnellement r\u00e9serv\u00e9 aux gabarits d\u20191,85 m et plus.<\/p>\n<p>Cela ne l\u2019a pas emp\u00each\u00e9 de gagner deux Premier League, une Ligue des champions et une Coupe du monde en quadrillant le terrain comme personne. Dans l\u2019entrejeu des Bleus, il rendait 17 cm \u00e0 <a href=\"https:\/\/starstory.fr\/blog\/celebrites-et-influence-en-france\/taille-des-stars\/quelle-taille-fait-zinedine-zidane\/\">Zin\u00e9dine Zidane (1,85 m)<\/a> \u2014 autre l\u00e9gende du milieu fran\u00e7ais, autre morphologie \u2014 et 8 cm \u00e0 son partenaire d\u2019attaque <a href=\"https:\/\/starstory.fr\/blog\/celebrites-et-influence-en-france\/taille-des-stars\/quelle-taille-fait-antoine-griezmann\/\">Antoine Griezmann (1,76 m)<\/a>.<\/p>\n<p>Sa petite taille est m\u00eame devenue un argument tactique \u00e9tudi\u00e9 : centre de gravit\u00e9 tr\u00e8s bas, rayon de braquage minimal, capacit\u00e9 \u00e0 sortir le ballon dans les jambes des g\u00e9ants adverses. Claudio Ranieri, son entra\u00eeneur \u00e0 Leicester lors du titre miraculeux de 2016, plaisantait en conf\u00e9rence de presse sur son radar : \u00ab je pensais qu\u2019on avait recrut\u00e9 deux joueurs \u00bb.<\/p>\n<h2>Signes distinctifs<\/h2>\n<p>Le signe distinctif de Kant\u00e9, c\u2019est pr\u00e9cis\u00e9ment sa discr\u00e9tion : sourire timide devenu l\u00e9gendaire dans les vestiaires de Premier League, tenues sobres, et une Mini Cooper d\u2019occasion conserv\u00e9e des ann\u00e9es durant alors qu\u2019il \u00e9tait l\u2019un des joueurs les mieux pay\u00e9s d\u2019Angleterre \u2014 un d\u00e9tail abondamment document\u00e9 par la presse britannique.<\/p>\n<aside style=\"background:#FBEAF2;border-left:4px solid #B11E6A;padding:14px 18px;margin:18px 0;border-radius:0 4px 4px 0;font-family:-apple-system,BlinkMacSystemFont,'Segoe UI',Roboto,sans-serif;\">\n  <strong style=\"display:inline-block;color:#8a1450;font-size:12px;text-transform:uppercase;letter-spacing:1.5px;margin-right:8px;\">&#128161; Bon \u00e0 savoir<\/strong><br \/>\n  <span style=\"font-size:14.5px;line-height:1.55;color:#3a3a3a;\">En 2018, apr\u00e8s avoir rat\u00e9 son Eurostar, Kant\u00e9 a fini la soir\u00e9e \u00e0 d\u00eener chez des supporters crois\u00e9s dans une mosqu\u00e9e de Londres \u2014 l\u2019anecdote, racont\u00e9e par les int\u00e9ress\u00e9s, est devenue le symbole de son humilit\u00e9.<\/span><br \/>\n<\/aside>\n<h2>Traits de caract\u00e8re<\/h2>\n<p>Didier Deschamps l\u2019a d\u00e9crit comme \u00ab le joueur que tout entra\u00eeneur r\u00eave d\u2019avoir \u00bb, et ses co\u00e9quipiers de Chelsea comme des Bleus l\u2019ont r\u00e9guli\u00e8rement pr\u00e9sent\u00e9 en interview comme le plus gentil et le plus humble du vestiaire. Les portraits de presse convergent : travailleur silencieux, allergique aux projecteurs, n\u2019\u00e9levant jamais la voix.<\/p>\n<p>Pour situer N\u2019Golo Kant\u00e9 face aux autres c\u00e9l\u00e9brit\u00e9s, consultez notre <a href=\"https:\/\/starstory.fr\/blog\/celebrites-et-influence-en-france\/taille-des-stars\/quelle-taille-font-les-stars\/\">guide complet des tailles des stars<\/a>, qui r\u00e9capitule les mensurations v\u00e9rifi\u00e9es de dizaines de personnalit\u00e9s.<\/p>\n<h2>Questions fr\u00e9quentes<\/h2>\n<h3>Quelle est la taille exacte de N\u2019Golo Kant\u00e9 ?<\/h3>\n<p>N\u2019Golo Kant\u00e9 mesure <strong>1,68 m<\/strong>. Le chiffre est identique sur sa fiche FFF et sur Transfermarkt.<\/p>\n<h3>Combien p\u00e8se N\u2019Golo Kant\u00e9 ?<\/h3>\n<p>Son poids officiel est de <strong>68 kg<\/strong>, un gabarit tr\u00e8s l\u00e9ger pour un milieu d\u00e9fensif de niveau international.<\/p>\n<h3>Kant\u00e9 est-il le plus petit des champions du monde 2018 ?<\/h3>\n<p>Avec 1,68 m, Kant\u00e9 \u00e9tait effectivement <strong>l\u2019un des plus petits joueurs<\/strong> de l\u2019\u00e9quipe de France sacr\u00e9e en 2018, dans un effectif domin\u00e9 par des gabarits d\u20191,80 m et plus.<\/p>\n<p style=\"font-size:13px;color:#6a6a6a;margin-top:28px;\">Sources : fiche joueur FFF (fff.fr), fiche Transfermarkt.<\/p>\n<p><script type=\"application\/ld+json\">{\"@context\": \"https:\/\/schema.org\", \"@type\": \"FAQPage\", \"mainEntity\": [{\"@type\": \"Question\", \"name\": \"Quelle est la taille exacte de N\u2019Golo Kant\u00e9 ?\", \"acceptedAnswer\": {\"@type\": \"Answer\", \"text\": \"N\u2019Golo Kant\u00e9 mesure 1,68 m. Le chiffre est identique sur sa fiche FFF et sur Transfermarkt.\"}}, {\"@type\": \"Question\", \"name\": \"Combien p\u00e8se N\u2019Golo Kant\u00e9 ?\", \"acceptedAnswer\": {\"@type\": \"Answer\", \"text\": \"Son poids officiel est de 68 kg, un gabarit tr\u00e8s l\u00e9ger pour un milieu d\u00e9fensif de niveau international.\"}}, {\"@type\": \"Question\", \"name\": \"Kant\u00e9 est-il le plus petit des champions du monde 2018 ?\", \"acceptedAnswer\": {\"@type\": \"Answer\", \"text\": \"Avec 1,68 m, Kant\u00e9 \u00e9tait effectivement l\u2019un des plus petits joueurs de l\u2019\u00e9quipe de France sacr\u00e9e en 2018, dans un effectif domin\u00e9 par des gabarits d\u20191,80 m et plus.\"}}]}<\/script><\/p>\n","protected":false},"excerpt":{"rendered":"","protected":false},"author":39,"featured_media":999999999,"comment_status":"open","ping_status":"open","sticky":false,"template":"","format":"standard","meta":{"_acf_changed":false,"manual_indexmenow":false,"indexmenow_id_project":0,"footnotes":""},"categories":[4839],"tags":[],"class_list":["post-8174","post","type-post","status-publish","format-standard","has-post-thumbnail","hentry","category-taille-des-stars","generate-columns","tablet-grid-50","mobile-grid-100","grid-parent","grid-25"],"acf":[],"yoast_head":"<!-- This site is optimized with the Yoast SEO Premium plugin v21.3 (Yoast SEO v26.5) - https:\/\/yoast.com\/wordpress\/plugins\/seo\/ -->\n<title>Quelle taille fait N\u2019Golo Kant\u00e9 ? Taille, poids, fiche<\/title>\n<meta name=\"description\" content=\"N\u2019Golo Kant\u00e9 mesure 1,68 m pour 68 kg selon les fiches officielles (FFF, Transfermarkt). Taille, poids, humilit\u00e9 l\u00e9gendaire : la fiche v\u00e9rifi\u00e9e.\" \/>\n<meta name=\"robots\" content=\"index, follow, max-snippet:-1, max-image-preview:large, max-video-preview:-1\" \/>\n<link rel=\"canonical\" href=\"https:\/\/starstory.fr\/blog\/celebrites-et-influence-en-france\/taille-des-stars\/quelle-taille-fait-ngolo-kante\/\" \/>\n<meta property=\"og:locale\" content=\"fr_FR\" \/>\n<meta property=\"og:type\" content=\"article\" \/>\n<meta property=\"og:title\" content=\"Quelle taille fait N\u2019Golo Kant\u00e9 ? Taille, poids, fiche\" \/>\n<meta property=\"og:description\" content=\"N\u2019Golo Kant\u00e9 mesure 1,68 m pour 68 kg selon les fiches officielles (FFF, Transfermarkt). Taille, poids, humilit\u00e9 l\u00e9gendaire : la fiche v\u00e9rifi\u00e9e.\" \/>\n<meta property=\"og:url\" content=\"https:\/\/starstory.fr\/blog\/celebrites-et-influence-en-france\/taille-des-stars\/quelle-taille-fait-ngolo-kante\/\" \/>\n<meta property=\"og:site_name\" content=\"starstory\" \/>\n<meta property=\"og:image\" content=\"https:\/\/images.pexels.com\/photos\/274506\/pexels-photo-274506.jpeg?auto=compress&cs=tinysrgb&fit=crop&h=627&w=1200\" \/>\n<meta name=\"author\" content=\"Claire Lefevre\" \/>\n<meta name=\"twitter:card\" content=\"summary_large_image\" \/>\n<script type=\"application\/ld+json\" class=\"yoast-schema-graph\">{\"@context\":\"https:\/\/schema.org\",\"@graph\":[{\"@type\":\"NewsArticle\",\"@id\":\"https:\/\/starstory.fr\/blog\/celebrites-et-influence-en-france\/taille-des-stars\/quelle-taille-fait-ngolo-kante\/#article\",\"isPartOf\":{\"@id\":\"https:\/\/starstory.fr\/blog\/celebrites-et-influence-en-france\/taille-des-stars\/quelle-taille-fait-ngolo-kante\/\"},\"author\":{\"name\":\"Claire Lefevre\",\"@id\":\"https:\/\/starstory.fr\/blog\/#\/schema\/person\/432b46949d2a452f85568b160103039e\"},\"headline\":\"Quelle taille fait N\u2019Golo Kant\u00e9 ?\",\"datePublished\":\"2026-07-12T16:42:30+00:00\",\"mainEntityOfPage\":{\"@id\":\"https:\/\/starstory.fr\/blog\/celebrites-et-influence-en-france\/taille-des-stars\/quelle-taille-fait-ngolo-kante\/\"},\"wordCount\":571,\"commentCount\":0,\"publisher\":{\"@id\":\"https:\/\/starstory.fr\/blog\/#organization\"},\"image\":{\"@id\":\"https:\/\/starstory.fr\/blog\/celebrites-et-influence-en-france\/taille-des-stars\/quelle-taille-fait-ngolo-kante\/#primaryimage\"},\"thumbnailUrl\":\"https:\/\/images.pexels.com\/photos\/274506\/pexels-photo-274506.jpeg?auto=compress&cs=tinysrgb&fit=crop&h=627&w=1200\",\"articleSection\":[\"Taille et mensurations des stars\"],\"inLanguage\":\"fr-FR\",\"potentialAction\":[{\"@type\":\"CommentAction\",\"name\":\"Comment\",\"target\":[\"https:\/\/starstory.fr\/blog\/celebrites-et-influence-en-france\/taille-des-stars\/quelle-taille-fait-ngolo-kante\/#respond\"]}]},{\"@type\":\"WebPage\",\"@id\":\"https:\/\/starstory.fr\/blog\/celebrites-et-influence-en-france\/taille-des-stars\/quelle-taille-fait-ngolo-kante\/\",\"url\":\"https:\/\/starstory.fr\/blog\/celebrites-et-influence-en-france\/taille-des-stars\/quelle-taille-fait-ngolo-kante\/\",\"name\":\"Quelle taille fait N\u2019Golo Kant\u00e9 ? Taille, poids, fiche\",\"isPartOf\":{\"@id\":\"https:\/\/starstory.fr\/blog\/#website\"},\"primaryImageOfPage\":{\"@id\":\"https:\/\/starstory.fr\/blog\/celebrites-et-influence-en-france\/taille-des-stars\/quelle-taille-fait-ngolo-kante\/#primaryimage\"},\"image\":{\"@id\":\"https:\/\/starstory.fr\/blog\/celebrites-et-influence-en-france\/taille-des-stars\/quelle-taille-fait-ngolo-kante\/#primaryimage\"},\"thumbnailUrl\":\"https:\/\/images.pexels.com\/photos\/274506\/pexels-photo-274506.jpeg?auto=compress&cs=tinysrgb&fit=crop&h=627&w=1200\",\"datePublished\":\"2026-07-12T16:42:30+00:00\",\"description\":\"N\u2019Golo Kant\u00e9 mesure 1,68 m pour 68 kg selon les fiches officielles (FFF, Transfermarkt). Taille, poids, humilit\u00e9 l\u00e9gendaire : la fiche v\u00e9rifi\u00e9e.\",\"inLanguage\":\"fr-FR\",\"potentialAction\":[{\"@type\":\"ReadAction\",\"target\":[\"https:\/\/starstory.fr\/blog\/celebrites-et-influence-en-france\/taille-des-stars\/quelle-taille-fait-ngolo-kante\/\"]}]},{\"@type\":\"ImageObject\",\"inLanguage\":\"fr-FR\",\"@id\":\"https:\/\/starstory.fr\/blog\/celebrites-et-influence-en-france\/taille-des-stars\/quelle-taille-fait-ngolo-kante\/#primaryimage\",\"url\":\"https:\/\/images.pexels.com\/photos\/274506\/pexels-photo-274506.jpeg?auto=compress&cs=tinysrgb&fit=crop&h=627&w=1200\",\"contentUrl\":\"https:\/\/images.pexels.com\/photos\/274506\/pexels-photo-274506.jpeg?auto=compress&cs=tinysrgb&fit=crop&h=627&w=1200\"},{\"@type\":\"WebSite\",\"@id\":\"https:\/\/starstory.fr\/blog\/#website\",\"url\":\"https:\/\/starstory.fr\/blog\/\",\"name\":\"StarStory\",\"description\":\"StarStory, les \u00e9toiles racontent leur histoire\",\"publisher\":{\"@id\":\"https:\/\/starstory.fr\/blog\/#organization\"},\"alternateName\":\"StarStory, les \u00e9toiles racontent leur histoire\",\"potentialAction\":[{\"@type\":\"SearchAction\",\"target\":{\"@type\":\"EntryPoint\",\"urlTemplate\":\"https:\/\/starstory.fr\/blog\/?s={search_term_string}\"},\"query-input\":{\"@type\":\"PropertyValueSpecification\",\"valueRequired\":true,\"valueName\":\"search_term_string\"}}],\"inLanguage\":\"fr-FR\"},{\"@type\":\"Organization\",\"@id\":\"https:\/\/starstory.fr\/blog\/#organization\",\"name\":\"StarStory\",\"alternateName\":\"StarStory.fr\",\"url\":\"https:\/\/starstory.fr\/blog\/\",\"logo\":{\"@type\":\"ImageObject\",\"inLanguage\":\"fr-FR\",\"@id\":\"https:\/\/starstory.fr\/blog\/#\/schema\/logo\/image\/\",\"url\":\"https:\/\/starstory.fr\/blog\/wp-content\/uploads\/2024\/12\/38.png\",\"contentUrl\":\"https:\/\/starstory.fr\/blog\/wp-content\/uploads\/2024\/12\/38.png\",\"width\":500,\"height\":500,\"caption\":\"StarStory\"},\"image\":{\"@id\":\"https:\/\/starstory.fr\/blog\/#\/schema\/logo\/image\/\"}},{\"@type\":\"Person\",\"@id\":\"https:\/\/starstory.fr\/blog\/#\/schema\/person\/432b46949d2a452f85568b160103039e\",\"name\":\"Claire Lefevre\",\"image\":{\"@type\":\"ImageObject\",\"inLanguage\":\"fr-FR\",\"@id\":\"https:\/\/starstory.fr\/blog\/#\/schema\/person\/image\/\",\"url\":\"https:\/\/secure.gravatar.com\/avatar\/?s=96&d=mm&r=g\",\"contentUrl\":\"https:\/\/secure.gravatar.com\/avatar\/?s=96&d=mm&r=g\",\"caption\":\"Claire Lefevre\"},\"description\":\"Claire raconte l\u2019\u00e9volution des c\u00e9l\u00e9brit\u00e9s et leur influence socioculturelle \u00e0 travers les d\u00e9cennies.\",\"url\":\"https:\/\/starstory.fr\/blog\/auteur\/claire-lefevre\/\",\"jobTitle\":\"Contributrice mutuelle sant\u00e9\",\"email\":\"claire.lefevre@starstory.fr\"}]}<\/script>\n<!-- \/ Yoast SEO Premium plugin. -->","yoast_head_json":{"title":"Quelle taille fait N\u2019Golo Kant\u00e9 ? Taille, poids, fiche","description":"N\u2019Golo Kant\u00e9 mesure 1,68 m pour 68 kg selon les fiches officielles (FFF, Transfermarkt). Taille, poids, humilit\u00e9 l\u00e9gendaire : la fiche v\u00e9rifi\u00e9e.","robots":{"index":"index","follow":"follow","max-snippet":"max-snippet:-1","max-image-preview":"max-image-preview:large","max-video-preview":"max-video-preview:-1"},"canonical":"https:\/\/starstory.fr\/blog\/celebrites-et-influence-en-france\/taille-des-stars\/quelle-taille-fait-ngolo-kante\/","og_locale":"fr_FR","og_type":"article","og_title":"Quelle taille fait N\u2019Golo Kant\u00e9 ? Taille, poids, fiche","og_description":"N\u2019Golo Kant\u00e9 mesure 1,68 m pour 68 kg selon les fiches officielles (FFF, Transfermarkt). Taille, poids, humilit\u00e9 l\u00e9gendaire : la fiche v\u00e9rifi\u00e9e.","og_url":"https:\/\/starstory.fr\/blog\/celebrites-et-influence-en-france\/taille-des-stars\/quelle-taille-fait-ngolo-kante\/","og_site_name":"starstory","og_image":[{"url":"https:\/\/images.pexels.com\/photos\/274506\/pexels-photo-274506.jpeg?auto=compress&cs=tinysrgb&fit=crop&h=627&w=1200","type":"","width":"","height":""}],"author":"Claire Lefevre","twitter_card":"summary_large_image","schema":{"@context":"https:\/\/schema.org","@graph":[{"@type":"NewsArticle","@id":"https:\/\/starstory.fr\/blog\/celebrites-et-influence-en-france\/taille-des-stars\/quelle-taille-fait-ngolo-kante\/#article","isPartOf":{"@id":"https:\/\/starstory.fr\/blog\/celebrites-et-influence-en-france\/taille-des-stars\/quelle-taille-fait-ngolo-kante\/"},"author":{"name":"Claire Lefevre","@id":"https:\/\/starstory.fr\/blog\/#\/schema\/person\/432b46949d2a452f85568b160103039e"},"headline":"Quelle taille fait N\u2019Golo Kant\u00e9 ?","datePublished":"2026-07-12T16:42:30+00:00","mainEntityOfPage":{"@id":"https:\/\/starstory.fr\/blog\/celebrites-et-influence-en-france\/taille-des-stars\/quelle-taille-fait-ngolo-kante\/"},"wordCount":571,"commentCount":0,"publisher":{"@id":"https:\/\/starstory.fr\/blog\/#organization"},"image":{"@id":"https:\/\/starstory.fr\/blog\/celebrites-et-influence-en-france\/taille-des-stars\/quelle-taille-fait-ngolo-kante\/#primaryimage"},"thumbnailUrl":"https:\/\/images.pexels.com\/photos\/274506\/pexels-photo-274506.jpeg?auto=compress&cs=tinysrgb&fit=crop&h=627&w=1200","articleSection":["Taille et mensurations des stars"],"inLanguage":"fr-FR","potentialAction":[{"@type":"CommentAction","name":"Comment","target":["https:\/\/starstory.fr\/blog\/celebrites-et-influence-en-france\/taille-des-stars\/quelle-taille-fait-ngolo-kante\/#respond"]}]},{"@type":"WebPage","@id":"https:\/\/starstory.fr\/blog\/celebrites-et-influence-en-france\/taille-des-stars\/quelle-taille-fait-ngolo-kante\/","url":"https:\/\/starstory.fr\/blog\/celebrites-et-influence-en-france\/taille-des-stars\/quelle-taille-fait-ngolo-kante\/","name":"Quelle taille fait N\u2019Golo Kant\u00e9 ? Taille, poids, fiche","isPartOf":{"@id":"https:\/\/starstory.fr\/blog\/#website"},"primaryImageOfPage":{"@id":"https:\/\/starstory.fr\/blog\/celebrites-et-influence-en-france\/taille-des-stars\/quelle-taille-fait-ngolo-kante\/#primaryimage"},"image":{"@id":"https:\/\/starstory.fr\/blog\/celebrites-et-influence-en-france\/taille-des-stars\/quelle-taille-fait-ngolo-kante\/#primaryimage"},"thumbnailUrl":"https:\/\/images.pexels.com\/photos\/274506\/pexels-photo-274506.jpeg?auto=compress&cs=tinysrgb&fit=crop&h=627&w=1200","datePublished":"2026-07-12T16:42:30+00:00","description":"N\u2019Golo Kant\u00e9 mesure 1,68 m pour 68 kg selon les fiches officielles (FFF, Transfermarkt). Taille, poids, humilit\u00e9 l\u00e9gendaire : la fiche v\u00e9rifi\u00e9e.","inLanguage":"fr-FR","potentialAction":[{"@type":"ReadAction","target":["https:\/\/starstory.fr\/blog\/celebrites-et-influence-en-france\/taille-des-stars\/quelle-taille-fait-ngolo-kante\/"]}]},{"@type":"ImageObject","inLanguage":"fr-FR","@id":"https:\/\/starstory.fr\/blog\/celebrites-et-influence-en-france\/taille-des-stars\/quelle-taille-fait-ngolo-kante\/#primaryimage","url":"https:\/\/images.pexels.com\/photos\/274506\/pexels-photo-274506.jpeg?auto=compress&cs=tinysrgb&fit=crop&h=627&w=1200","contentUrl":"https:\/\/images.pexels.com\/photos\/274506\/pexels-photo-274506.jpeg?auto=compress&cs=tinysrgb&fit=crop&h=627&w=1200"},{"@type":"WebSite","@id":"https:\/\/starstory.fr\/blog\/#website","url":"https:\/\/starstory.fr\/blog\/","name":"StarStory","description":"StarStory, les \u00e9toiles racontent leur histoire","publisher":{"@id":"https:\/\/starstory.fr\/blog\/#organization"},"alternateName":"StarStory, les \u00e9toiles racontent leur histoire","potentialAction":[{"@type":"SearchAction","target":{"@type":"EntryPoint","urlTemplate":"https:\/\/starstory.fr\/blog\/?s={search_term_string}"},"query-input":{"@type":"PropertyValueSpecification","valueRequired":true,"valueName":"search_term_string"}}],"inLanguage":"fr-FR"},{"@type":"Organization","@id":"https:\/\/starstory.fr\/blog\/#organization","name":"StarStory","alternateName":"StarStory.fr","url":"https:\/\/starstory.fr\/blog\/","logo":{"@type":"ImageObject","inLanguage":"fr-FR","@id":"https:\/\/starstory.fr\/blog\/#\/schema\/logo\/image\/","url":"https:\/\/starstory.fr\/blog\/wp-content\/uploads\/2024\/12\/38.png","contentUrl":"https:\/\/starstory.fr\/blog\/wp-content\/uploads\/2024\/12\/38.png","width":500,"height":500,"caption":"StarStory"},"image":{"@id":"https:\/\/starstory.fr\/blog\/#\/schema\/logo\/image\/"}},{"@type":"Person","@id":"https:\/\/starstory.fr\/blog\/#\/schema\/person\/432b46949d2a452f85568b160103039e","name":"Claire Lefevre","image":{"@type":"ImageObject","inLanguage":"fr-FR","@id":"https:\/\/starstory.fr\/blog\/#\/schema\/person\/image\/","url":"https:\/\/secure.gravatar.com\/avatar\/?s=96&d=mm&r=g","contentUrl":"https:\/\/secure.gravatar.com\/avatar\/?s=96&d=mm&r=g","caption":"Claire Lefevre"},"description":"Claire raconte l\u2019\u00e9volution des c\u00e9l\u00e9brit\u00e9s et leur influence socioculturelle \u00e0 travers les d\u00e9cennies.","url":"https:\/\/starstory.fr\/blog\/auteur\/claire-lefevre\/","jobTitle":"Contributrice mutuelle sant\u00e9","email":"claire.lefevre@starstory.fr"}]}},"_links":{"self":[{"href":"https:\/\/starstory.fr\/blog\/wp-json\/wp\/v2\/posts\/8174","targetHints":{"allow":["GET"]}}],"collection":[{"href":"https:\/\/starstory.fr\/blog\/wp-json\/wp\/v2\/posts"}],"about":[{"href":"https:\/\/starstory.fr\/blog\/wp-json\/wp\/v2\/types\/post"}],"author":[{"embeddable":true,"href":"https:\/\/starstory.fr\/blog\/wp-json\/wp\/v2\/users\/39"}],"replies":[{"embeddable":true,"href":"https:\/\/starstory.fr\/blog\/wp-json\/wp\/v2\/comments?post=8174"}],"version-history":[{"count":0,"href":"https:\/\/starstory.fr\/blog\/wp-json\/wp\/v2\/posts\/8174\/revisions"}],"wp:attachment":[{"href":"https:\/\/starstory.fr\/blog\/wp-json\/wp\/v2\/media?parent=8174"}],"wp:term":[{"taxonomy":"category","embeddable":true,"href":"https:\/\/starstory.fr\/blog\/wp-json\/wp\/v2\/categories?post=8174"},{"taxonomy":"post_tag","embeddable":true,"href":"https:\/\/starstory.fr\/blog\/wp-json\/wp\/v2\/tags?post=8174"}],"curies":[{"name":"wp","href":"https:\/\/api.w.org\/{rel}","templated":true}]}}