{"id":8170,"date":"2026-07-12T18:42:15","date_gmt":"2026-07-12T16:42:15","guid":{"rendered":"https:\/\/starstory.fr\/blog\/celebrites-et-influence-en-france\/taille-des-stars\/quelle-taille-fait-lamine-yamal\/"},"modified":"2026-07-12T18:42:15","modified_gmt":"2026-07-12T16:42:15","slug":"quelle-taille-fait-lamine-yamal","status":"publish","type":"post","link":"https:\/\/starstory.fr\/blog\/celebrites-et-influence-en-france\/taille-des-stars\/quelle-taille-fait-lamine-yamal\/","title":{"rendered":"Quelle taille fait Lamine Yamal ?"},"content":{"rendered":"<aside style=\"background:#FBEAF2;border-left:5px solid #B11E6A;padding:22px 28px;margin:24px 0;font-family:-apple-system,BlinkMacSystemFont,'Segoe UI',Roboto,sans-serif;\">\n<div style=\"margin:0;font-size:19px;line-height:1.55;color:#2a2a2a;font-weight:500;letter-spacing:-0.005em;\">\n    Lamine Yamal mesure <strong>1,80 m<\/strong> selon Transfermarkt et la plupart des bases r\u00e9centes \u2014 la biographie officielle du FC Barcelone l\u2019a longtemps cr\u00e9dit\u00e9 de 1,78 m, un \u00e9cart normal pour un joueur qui a grandi sous contrat pro. Son poids n\u2019est pas communiqu\u00e9 de fa\u00e7on stable.\n  <\/div>\n<\/aside>\n<figure style=\"margin:32px 0;font-family:-apple-system,BlinkMacSystemFont,'Segoe UI',Roboto,sans-serif;\">\n<div style=\"overflow-x:auto;border:1px solid #e5e5e0;border-radius:8px;\">\n<table style=\"width:100%;border-collapse:collapse;font-size:14px;color:#2a2a2a;min-width:500px;\">\n<thead>\n<tr style=\"background:#1a1a1a;color:#fff;\">\n<th style=\"text-align:left;padding:14px 18px;font-weight:700;font-size:12px;text-transform:uppercase;letter-spacing:1.5px;\">Fiche mensurations<\/th>\n<th style=\"text-align:left;padding:14px 18px;font-weight:700;font-size:12px;text-transform:uppercase;letter-spacing:1.5px;\">D\u00e9tail<\/th>\n<\/tr>\n<\/thead>\n<tbody>\n<tr style=\"background:#fff;border-bottom:1px solid #f0ede5;\">\n<td style=\"padding:14px 18px;font-weight:600;\">Nom complet<\/td>\n<td style=\"padding:14px 18px;color:#4a4a4a;\">Lamine Yamal Nasraoui Ebana<\/td>\n<\/tr>\n<tr style=\"background:#fafaf7;border-bottom:1px solid #f0ede5;\">\n<td style=\"padding:14px 18px;font-weight:600;\">Naissance<\/td>\n<td style=\"padding:14px 18px;color:#4a4a4a;\">13 juillet 2007, Esplugues de Llobregat (Espagne)<\/td>\n<\/tr>\n<tr style=\"background:#fff;border-bottom:1px solid #f0ede5;\">\n<td style=\"padding:14px 18px;font-weight:600;\">Taille<\/td>\n<td style=\"padding:14px 18px;color:#4a4a4a;\"><strong>1,80 m<\/strong> (1,78 m sur la bio officielle du Bar\u00e7a)<\/td>\n<\/tr>\n<tr style=\"background:#fafaf7;border-bottom:1px solid #f0ede5;\">\n<td style=\"padding:14px 18px;font-weight:600;\">Poids<\/td>\n<td style=\"padding:14px 18px;color:#4a4a4a;\">non communiqu\u00e9 de fa\u00e7on fiable (les bases divergent)<\/td>\n<\/tr>\n<tr style=\"background:#fff;border-bottom:1px solid #f0ede5;\">\n<td style=\"padding:14px 18px;font-weight:600;\">Nationalit\u00e9<\/td>\n<td style=\"padding:14px 18px;color:#4a4a4a;\">Espagnole<\/td>\n<\/tr>\n<tr style=\"background:#fafaf7;\">\n<td style=\"padding:14px 18px;font-weight:600;\">Poste<\/td>\n<td style=\"padding:14px 18px;color:#4a4a4a;\">Ailier droit (FC Barcelone, n\u00b010, champion d\u2019Europe 2024)<\/td>\n<\/tr>\n<\/tbody>\n<\/table><\/div>\n<\/figure>\n<h2>1,78 ou 1,80 m : la taille d\u2019un ado qui a grandi en pleine carri\u00e8re<\/h2>\n<p>Cas rare : Lamine Yamal a \u00e9t\u00e9 mesur\u00e9 publiquement avant d\u2019avoir fini de grandir. La biographie du FC Barcelone a affich\u00e9 <strong>1,78 m<\/strong>, tandis que Transfermarkt et la majorit\u00e9 des bases r\u00e9centes retiennent <strong>1,80 m<\/strong> \u2014 les deux chiffres sont donc \u00ab vrais \u00bb, \u00e0 deux ans d\u2019\u00e9cart. Le poids, lui, varie trop selon les sources (66 \u00e0 76 kg) pour \u00eatre retenu s\u00e9rieusement.<\/p>\n<p>Le prodige n\u00e9 en 2007 d\u00e9passe ainsi de 10 cm son mod\u00e8le <a href=\"https:\/\/starstory.fr\/blog\/celebrites-et-influence-en-france\/taille-des-stars\/quelle-taille-fait-lionel-messi\/\">Lionel Messi (1,70 m)<\/a>, dont il a h\u00e9rit\u00e9 le flanc droit puis le n\u00b010 du Bar\u00e7a. Il rend en revanche 2 cm \u00e0 <a href=\"https:\/\/starstory.fr\/blog\/celebrites-et-influence-en-france\/taille-des-stars\/quelle-taille-fait-kylian-mbappe\/\">Kylian Mbapp\u00e9 (1,78 m)<\/a>\u2026 ou les lui prend, selon la fiche consult\u00e9e.<\/p>\n<p>Sa morphologie a d\u2019ailleurs chang\u00e9 \u00e0 vue d\u2019\u0153il : arriv\u00e9 en \u00e9quipe premi\u00e8re fluet, presque juv\u00e9nile, Yamal s\u2019est nettement \u00e9toff\u00e9 physiquement au fil des saisons, comme le montrent les comparaisons photo entre ses d\u00e9buts de 2023 et aujourd\u2019hui. Un ph\u00e9nom\u00e8ne banal pour un joueur pass\u00e9 professionnel avant sa majorit\u00e9, mais rarissime \u00e0 ce niveau d\u2019exposition m\u00e9diatique.<\/p>\n<h2>Signes distinctifs<\/h2>\n<p>Sa c\u00e9l\u00e9bration est d\u00e9j\u00e0 une signature : les doigts formant \u00ab 304 \u00bb, le code postal de Rocafonda, son quartier de Matar\u00f3. Yamal s\u2019est aussi fait remarquer par ses cheveux d\u00e9color\u00e9s en blond platine \u00e0 l\u2019\u00e9t\u00e9 2024 et par son jeune visage \u2014 il est apparu en Liga \u00e0 15 ans, ce qui reste imm\u00e9diatement perceptible face \u00e0 ses adversaires trentenaires.<\/p>\n<aside style=\"background:#FBEAF2;border-left:4px solid #B11E6A;padding:14px 18px;margin:18px 0;border-radius:0 4px 4px 0;font-family:-apple-system,BlinkMacSystemFont,'Segoe UI',Roboto,sans-serif;\">\n  <strong style=\"display:inline-block;color:#8a1450;font-size:12px;text-transform:uppercase;letter-spacing:1.5px;margin-right:8px;\">&#128161; Bon \u00e0 savoir<\/strong><br \/>\n  <span style=\"font-size:14.5px;line-height:1.55;color:#3a3a3a;\">\u00c0 l\u2019Euro 2024, Yamal est devenu le plus jeune buteur de l\u2019histoire du championnat d\u2019Europe, \u00e0 16 ans \u2014 il a f\u00eat\u00e9 ses 17 ans la veille de la finale gagn\u00e9e par l\u2019Espagne.<\/span><br \/>\n<\/aside>\n<h2>Traits de caract\u00e8re<\/h2>\n<p>Ses entra\u00eeneurs successifs, de Xavi \u00e0 Hansi Flick, ont salu\u00e9 en conf\u00e9rence de presse une \u00ab insouciance \u00bb et une confiance en lui exceptionnelles pour son \u00e2ge \u2014 Xavi l\u2019a compar\u00e9 publiquement \u00e0 Messi d\u00e8s ses d\u00e9buts. La presse espagnole souligne aussi son attachement revendiqu\u00e9 \u00e0 Rocafonda, quartier populaire qu\u2019il met en avant \u00e0 chaque but.<\/p>\n<p>Pour situer Lamine Yamal face aux autres c\u00e9l\u00e9brit\u00e9s, consultez notre <a href=\"https:\/\/starstory.fr\/blog\/celebrites-et-influence-en-france\/taille-des-stars\/quelle-taille-font-les-stars\/\">guide complet des tailles des stars<\/a>, qui r\u00e9capitule les mensurations v\u00e9rifi\u00e9es de dizaines de personnalit\u00e9s.<\/p>\n<h2>Questions fr\u00e9quentes<\/h2>\n<h3>Quelle est la taille exacte de Lamine Yamal ?<\/h3>\n<p>Lamine Yamal mesure <strong>1,80 m<\/strong> selon Transfermarkt et la plupart des bases r\u00e9centes ; la biographie officielle du Bar\u00e7a l\u2019a longtemps cr\u00e9dit\u00e9 de 1,78 m.<\/p>\n<h3>Combien p\u00e8se Lamine Yamal ?<\/h3>\n<p>Son poids n\u2019est <strong>pas communiqu\u00e9 de fa\u00e7on fiable<\/strong> : les bases sp\u00e9cialis\u00e9es affichent des chiffres trop divergents (de 66 \u00e0 76 kg) pour \u00eatre retenus.<\/p>\n<h3>Lamine Yamal est-il plus grand que Messi ?<\/h3>\n<p>Oui, nettement : avec 1,80 m, Yamal mesure <strong>10 cm de plus<\/strong> que Lionel Messi (1,70 m), son pr\u00e9d\u00e9cesseur au n\u00b010 du Bar\u00e7a.<\/p>\n<p style=\"font-size:13px;color:#6a6a6a;margin-top:28px;\">Sources : fiche Transfermarkt, biographie officielle FC Barcelone (fcbarcelona.com), Wikip\u00e9dia.<\/p>\n<p><script type=\"application\/ld+json\">{\"@context\": \"https:\/\/schema.org\", \"@type\": \"FAQPage\", \"mainEntity\": [{\"@type\": \"Question\", \"name\": \"Quelle est la taille exacte de Lamine Yamal ?\", \"acceptedAnswer\": {\"@type\": \"Answer\", \"text\": \"Lamine Yamal mesure 1,80 m selon Transfermarkt et la plupart des bases r\u00e9centes ; la biographie officielle du Bar\u00e7a l\u2019a longtemps cr\u00e9dit\u00e9 de 1,78 m.\"}}, {\"@type\": \"Question\", \"name\": \"Combien p\u00e8se Lamine Yamal ?\", \"acceptedAnswer\": {\"@type\": \"Answer\", \"text\": \"Son poids n\u2019est pas communiqu\u00e9 de fa\u00e7on fiable : les bases sp\u00e9cialis\u00e9es affichent des chiffres trop divergents (de 66 \u00e0 76 kg) pour \u00eatre retenus.\"}}, {\"@type\": \"Question\", \"name\": \"Lamine Yamal est-il plus grand que Messi ?\", \"acceptedAnswer\": {\"@type\": \"Answer\", \"text\": \"Oui, nettement : avec 1,80 m, Yamal mesure 10 cm de plus que Lionel Messi (1,70 m), son pr\u00e9d\u00e9cesseur au n\u00b010 du Bar\u00e7a.\"}}]}<\/script><\/p>\n","protected":false},"excerpt":{"rendered":"","protected":false},"author":41,"featured_media":999999999,"comment_status":"open","ping_status":"open","sticky":false,"template":"","format":"standard","meta":{"_acf_changed":false,"manual_indexmenow":false,"indexmenow_id_project":0,"footnotes":""},"categories":[4839],"tags":[],"class_list":["post-8170","post","type-post","status-publish","format-standard","has-post-thumbnail","hentry","category-taille-des-stars","generate-columns","tablet-grid-50","mobile-grid-100","grid-parent","grid-25"],"acf":[],"yoast_head":"<!-- This site is optimized with the Yoast SEO Premium plugin v21.3 (Yoast SEO v26.5) - https:\/\/yoast.com\/wordpress\/plugins\/seo\/ -->\n<title>Quelle taille fait Lamine Yamal ? Taille, poids, fiche<\/title>\n<meta name=\"description\" content=\"Lamine Yamal mesure 1,80 m selon Transfermarkt (1,78 m sur la bio du Bar\u00e7a). Taille, poids, comparaison avec Messi : la fiche v\u00e9rifi\u00e9e du prodige.\" \/>\n<meta name=\"robots\" content=\"index, follow, max-snippet:-1, max-image-preview:large, max-video-preview:-1\" \/>\n<link rel=\"canonical\" href=\"https:\/\/starstory.fr\/blog\/celebrites-et-influence-en-france\/taille-des-stars\/quelle-taille-fait-lamine-yamal\/\" \/>\n<meta property=\"og:locale\" content=\"fr_FR\" \/>\n<meta property=\"og:type\" content=\"article\" \/>\n<meta property=\"og:title\" content=\"Quelle taille fait Lamine Yamal ? Taille, poids, fiche\" \/>\n<meta property=\"og:description\" content=\"Lamine Yamal mesure 1,80 m selon Transfermarkt (1,78 m sur la bio du Bar\u00e7a). Taille, poids, comparaison avec Messi : la fiche v\u00e9rifi\u00e9e du prodige.\" \/>\n<meta property=\"og:url\" content=\"https:\/\/starstory.fr\/blog\/celebrites-et-influence-en-france\/taille-des-stars\/quelle-taille-fait-lamine-yamal\/\" \/>\n<meta property=\"og:site_name\" content=\"starstory\" \/>\n<meta property=\"og:image\" content=\"https:\/\/images.pexels.com\/photos\/27669822\/pexels-photo-27669822.jpeg?auto=compress&cs=tinysrgb&fit=crop&h=627&w=1200\" \/>\n<meta name=\"author\" content=\"Sophie Moreau\" \/>\n<meta name=\"twitter:card\" content=\"summary_large_image\" \/>\n<script type=\"application\/ld+json\" class=\"yoast-schema-graph\">{\"@context\":\"https:\/\/schema.org\",\"@graph\":[{\"@type\":\"NewsArticle\",\"@id\":\"https:\/\/starstory.fr\/blog\/celebrites-et-influence-en-france\/taille-des-stars\/quelle-taille-fait-lamine-yamal\/#article\",\"isPartOf\":{\"@id\":\"https:\/\/starstory.fr\/blog\/celebrites-et-influence-en-france\/taille-des-stars\/quelle-taille-fait-lamine-yamal\/\"},\"author\":{\"name\":\"Sophie Moreau\",\"@id\":\"https:\/\/starstory.fr\/blog\/#\/schema\/person\/2cb6361ad79e679e2b744281310c1e3b\"},\"headline\":\"Quelle taille fait Lamine Yamal ?\",\"datePublished\":\"2026-07-12T16:42:15+00:00\",\"mainEntityOfPage\":{\"@id\":\"https:\/\/starstory.fr\/blog\/celebrites-et-influence-en-france\/taille-des-stars\/quelle-taille-fait-lamine-yamal\/\"},\"wordCount\":575,\"commentCount\":0,\"publisher\":{\"@id\":\"https:\/\/starstory.fr\/blog\/#organization\"},\"image\":{\"@id\":\"https:\/\/starstory.fr\/blog\/celebrites-et-influence-en-france\/taille-des-stars\/quelle-taille-fait-lamine-yamal\/#primaryimage\"},\"thumbnailUrl\":\"https:\/\/images.pexels.com\/photos\/27669822\/pexels-photo-27669822.jpeg?auto=compress&cs=tinysrgb&fit=crop&h=627&w=1200\",\"articleSection\":[\"Taille et mensurations des stars\"],\"inLanguage\":\"fr-FR\",\"potentialAction\":[{\"@type\":\"CommentAction\",\"name\":\"Comment\",\"target\":[\"https:\/\/starstory.fr\/blog\/celebrites-et-influence-en-france\/taille-des-stars\/quelle-taille-fait-lamine-yamal\/#respond\"]}]},{\"@type\":\"WebPage\",\"@id\":\"https:\/\/starstory.fr\/blog\/celebrites-et-influence-en-france\/taille-des-stars\/quelle-taille-fait-lamine-yamal\/\",\"url\":\"https:\/\/starstory.fr\/blog\/celebrites-et-influence-en-france\/taille-des-stars\/quelle-taille-fait-lamine-yamal\/\",\"name\":\"Quelle taille fait Lamine Yamal ? Taille, poids, fiche\",\"isPartOf\":{\"@id\":\"https:\/\/starstory.fr\/blog\/#website\"},\"primaryImageOfPage\":{\"@id\":\"https:\/\/starstory.fr\/blog\/celebrites-et-influence-en-france\/taille-des-stars\/quelle-taille-fait-lamine-yamal\/#primaryimage\"},\"image\":{\"@id\":\"https:\/\/starstory.fr\/blog\/celebrites-et-influence-en-france\/taille-des-stars\/quelle-taille-fait-lamine-yamal\/#primaryimage\"},\"thumbnailUrl\":\"https:\/\/images.pexels.com\/photos\/27669822\/pexels-photo-27669822.jpeg?auto=compress&cs=tinysrgb&fit=crop&h=627&w=1200\",\"datePublished\":\"2026-07-12T16:42:15+00:00\",\"description\":\"Lamine Yamal mesure 1,80 m selon Transfermarkt (1,78 m sur la bio du Bar\u00e7a). Taille, poids, comparaison avec Messi : la fiche v\u00e9rifi\u00e9e du prodige.\",\"inLanguage\":\"fr-FR\",\"potentialAction\":[{\"@type\":\"ReadAction\",\"target\":[\"https:\/\/starstory.fr\/blog\/celebrites-et-influence-en-france\/taille-des-stars\/quelle-taille-fait-lamine-yamal\/\"]}]},{\"@type\":\"ImageObject\",\"inLanguage\":\"fr-FR\",\"@id\":\"https:\/\/starstory.fr\/blog\/celebrites-et-influence-en-france\/taille-des-stars\/quelle-taille-fait-lamine-yamal\/#primaryimage\",\"url\":\"https:\/\/images.pexels.com\/photos\/27669822\/pexels-photo-27669822.jpeg?auto=compress&cs=tinysrgb&fit=crop&h=627&w=1200\",\"contentUrl\":\"https:\/\/images.pexels.com\/photos\/27669822\/pexels-photo-27669822.jpeg?auto=compress&cs=tinysrgb&fit=crop&h=627&w=1200\"},{\"@type\":\"WebSite\",\"@id\":\"https:\/\/starstory.fr\/blog\/#website\",\"url\":\"https:\/\/starstory.fr\/blog\/\",\"name\":\"StarStory\",\"description\":\"StarStory, les \u00e9toiles racontent leur histoire\",\"publisher\":{\"@id\":\"https:\/\/starstory.fr\/blog\/#organization\"},\"alternateName\":\"StarStory, les \u00e9toiles racontent leur histoire\",\"potentialAction\":[{\"@type\":\"SearchAction\",\"target\":{\"@type\":\"EntryPoint\",\"urlTemplate\":\"https:\/\/starstory.fr\/blog\/?s={search_term_string}\"},\"query-input\":{\"@type\":\"PropertyValueSpecification\",\"valueRequired\":true,\"valueName\":\"search_term_string\"}}],\"inLanguage\":\"fr-FR\"},{\"@type\":\"Organization\",\"@id\":\"https:\/\/starstory.fr\/blog\/#organization\",\"name\":\"StarStory\",\"alternateName\":\"StarStory.fr\",\"url\":\"https:\/\/starstory.fr\/blog\/\",\"logo\":{\"@type\":\"ImageObject\",\"inLanguage\":\"fr-FR\",\"@id\":\"https:\/\/starstory.fr\/blog\/#\/schema\/logo\/image\/\",\"url\":\"https:\/\/starstory.fr\/blog\/wp-content\/uploads\/2024\/12\/38.png\",\"contentUrl\":\"https:\/\/starstory.fr\/blog\/wp-content\/uploads\/2024\/12\/38.png\",\"width\":500,\"height\":500,\"caption\":\"StarStory\"},\"image\":{\"@id\":\"https:\/\/starstory.fr\/blog\/#\/schema\/logo\/image\/\"}},{\"@type\":\"Person\",\"@id\":\"https:\/\/starstory.fr\/blog\/#\/schema\/person\/2cb6361ad79e679e2b744281310c1e3b\",\"name\":\"Sophie Moreau\",\"image\":{\"@type\":\"ImageObject\",\"inLanguage\":\"fr-FR\",\"@id\":\"https:\/\/starstory.fr\/blog\/#\/schema\/person\/image\/\",\"url\":\"https:\/\/secure.gravatar.com\/avatar\/?s=96&d=mm&r=g\",\"contentUrl\":\"https:\/\/secure.gravatar.com\/avatar\/?s=96&d=mm&r=g\",\"caption\":\"Sophie Moreau\"},\"description\":\"Sophie partage des articles sur les stars musicales de chaque d\u00e9cennie et leur impact sur la sc\u00e8ne fran\u00e7aise et internationale.\",\"url\":\"https:\/\/starstory.fr\/blog\/auteur\/sophie-moreau\/\",\"jobTitle\":\"Contributrice maison & d\u00e9co\",\"email\":\"sophie.moreau@starstory.fr\"}]}<\/script>\n<!-- \/ Yoast SEO Premium plugin. -->","yoast_head_json":{"title":"Quelle taille fait Lamine Yamal ? Taille, poids, fiche","description":"Lamine Yamal mesure 1,80 m selon Transfermarkt (1,78 m sur la bio du Bar\u00e7a). Taille, poids, comparaison avec Messi : la fiche v\u00e9rifi\u00e9e du prodige.","robots":{"index":"index","follow":"follow","max-snippet":"max-snippet:-1","max-image-preview":"max-image-preview:large","max-video-preview":"max-video-preview:-1"},"canonical":"https:\/\/starstory.fr\/blog\/celebrites-et-influence-en-france\/taille-des-stars\/quelle-taille-fait-lamine-yamal\/","og_locale":"fr_FR","og_type":"article","og_title":"Quelle taille fait Lamine Yamal ? Taille, poids, fiche","og_description":"Lamine Yamal mesure 1,80 m selon Transfermarkt (1,78 m sur la bio du Bar\u00e7a). Taille, poids, comparaison avec Messi : la fiche v\u00e9rifi\u00e9e du prodige.","og_url":"https:\/\/starstory.fr\/blog\/celebrites-et-influence-en-france\/taille-des-stars\/quelle-taille-fait-lamine-yamal\/","og_site_name":"starstory","og_image":[{"url":"https:\/\/images.pexels.com\/photos\/27669822\/pexels-photo-27669822.jpeg?auto=compress&cs=tinysrgb&fit=crop&h=627&w=1200","type":"","width":"","height":""}],"author":"Sophie Moreau","twitter_card":"summary_large_image","schema":{"@context":"https:\/\/schema.org","@graph":[{"@type":"NewsArticle","@id":"https:\/\/starstory.fr\/blog\/celebrites-et-influence-en-france\/taille-des-stars\/quelle-taille-fait-lamine-yamal\/#article","isPartOf":{"@id":"https:\/\/starstory.fr\/blog\/celebrites-et-influence-en-france\/taille-des-stars\/quelle-taille-fait-lamine-yamal\/"},"author":{"name":"Sophie Moreau","@id":"https:\/\/starstory.fr\/blog\/#\/schema\/person\/2cb6361ad79e679e2b744281310c1e3b"},"headline":"Quelle taille fait Lamine Yamal ?","datePublished":"2026-07-12T16:42:15+00:00","mainEntityOfPage":{"@id":"https:\/\/starstory.fr\/blog\/celebrites-et-influence-en-france\/taille-des-stars\/quelle-taille-fait-lamine-yamal\/"},"wordCount":575,"commentCount":0,"publisher":{"@id":"https:\/\/starstory.fr\/blog\/#organization"},"image":{"@id":"https:\/\/starstory.fr\/blog\/celebrites-et-influence-en-france\/taille-des-stars\/quelle-taille-fait-lamine-yamal\/#primaryimage"},"thumbnailUrl":"https:\/\/images.pexels.com\/photos\/27669822\/pexels-photo-27669822.jpeg?auto=compress&cs=tinysrgb&fit=crop&h=627&w=1200","articleSection":["Taille et mensurations des stars"],"inLanguage":"fr-FR","potentialAction":[{"@type":"CommentAction","name":"Comment","target":["https:\/\/starstory.fr\/blog\/celebrites-et-influence-en-france\/taille-des-stars\/quelle-taille-fait-lamine-yamal\/#respond"]}]},{"@type":"WebPage","@id":"https:\/\/starstory.fr\/blog\/celebrites-et-influence-en-france\/taille-des-stars\/quelle-taille-fait-lamine-yamal\/","url":"https:\/\/starstory.fr\/blog\/celebrites-et-influence-en-france\/taille-des-stars\/quelle-taille-fait-lamine-yamal\/","name":"Quelle taille fait Lamine Yamal ? Taille, poids, fiche","isPartOf":{"@id":"https:\/\/starstory.fr\/blog\/#website"},"primaryImageOfPage":{"@id":"https:\/\/starstory.fr\/blog\/celebrites-et-influence-en-france\/taille-des-stars\/quelle-taille-fait-lamine-yamal\/#primaryimage"},"image":{"@id":"https:\/\/starstory.fr\/blog\/celebrites-et-influence-en-france\/taille-des-stars\/quelle-taille-fait-lamine-yamal\/#primaryimage"},"thumbnailUrl":"https:\/\/images.pexels.com\/photos\/27669822\/pexels-photo-27669822.jpeg?auto=compress&cs=tinysrgb&fit=crop&h=627&w=1200","datePublished":"2026-07-12T16:42:15+00:00","description":"Lamine Yamal mesure 1,80 m selon Transfermarkt (1,78 m sur la bio du Bar\u00e7a). Taille, poids, comparaison avec Messi : la fiche v\u00e9rifi\u00e9e du prodige.","inLanguage":"fr-FR","potentialAction":[{"@type":"ReadAction","target":["https:\/\/starstory.fr\/blog\/celebrites-et-influence-en-france\/taille-des-stars\/quelle-taille-fait-lamine-yamal\/"]}]},{"@type":"ImageObject","inLanguage":"fr-FR","@id":"https:\/\/starstory.fr\/blog\/celebrites-et-influence-en-france\/taille-des-stars\/quelle-taille-fait-lamine-yamal\/#primaryimage","url":"https:\/\/images.pexels.com\/photos\/27669822\/pexels-photo-27669822.jpeg?auto=compress&cs=tinysrgb&fit=crop&h=627&w=1200","contentUrl":"https:\/\/images.pexels.com\/photos\/27669822\/pexels-photo-27669822.jpeg?auto=compress&cs=tinysrgb&fit=crop&h=627&w=1200"},{"@type":"WebSite","@id":"https:\/\/starstory.fr\/blog\/#website","url":"https:\/\/starstory.fr\/blog\/","name":"StarStory","description":"StarStory, les \u00e9toiles racontent leur histoire","publisher":{"@id":"https:\/\/starstory.fr\/blog\/#organization"},"alternateName":"StarStory, les \u00e9toiles racontent leur histoire","potentialAction":[{"@type":"SearchAction","target":{"@type":"EntryPoint","urlTemplate":"https:\/\/starstory.fr\/blog\/?s={search_term_string}"},"query-input":{"@type":"PropertyValueSpecification","valueRequired":true,"valueName":"search_term_string"}}],"inLanguage":"fr-FR"},{"@type":"Organization","@id":"https:\/\/starstory.fr\/blog\/#organization","name":"StarStory","alternateName":"StarStory.fr","url":"https:\/\/starstory.fr\/blog\/","logo":{"@type":"ImageObject","inLanguage":"fr-FR","@id":"https:\/\/starstory.fr\/blog\/#\/schema\/logo\/image\/","url":"https:\/\/starstory.fr\/blog\/wp-content\/uploads\/2024\/12\/38.png","contentUrl":"https:\/\/starstory.fr\/blog\/wp-content\/uploads\/2024\/12\/38.png","width":500,"height":500,"caption":"StarStory"},"image":{"@id":"https:\/\/starstory.fr\/blog\/#\/schema\/logo\/image\/"}},{"@type":"Person","@id":"https:\/\/starstory.fr\/blog\/#\/schema\/person\/2cb6361ad79e679e2b744281310c1e3b","name":"Sophie Moreau","image":{"@type":"ImageObject","inLanguage":"fr-FR","@id":"https:\/\/starstory.fr\/blog\/#\/schema\/person\/image\/","url":"https:\/\/secure.gravatar.com\/avatar\/?s=96&d=mm&r=g","contentUrl":"https:\/\/secure.gravatar.com\/avatar\/?s=96&d=mm&r=g","caption":"Sophie Moreau"},"description":"Sophie partage des articles sur les stars musicales de chaque d\u00e9cennie et leur impact sur la sc\u00e8ne fran\u00e7aise et internationale.","url":"https:\/\/starstory.fr\/blog\/auteur\/sophie-moreau\/","jobTitle":"Contributrice maison & d\u00e9co","email":"sophie.moreau@starstory.fr"}]}},"_links":{"self":[{"href":"https:\/\/starstory.fr\/blog\/wp-json\/wp\/v2\/posts\/8170","targetHints":{"allow":["GET"]}}],"collection":[{"href":"https:\/\/starstory.fr\/blog\/wp-json\/wp\/v2\/posts"}],"about":[{"href":"https:\/\/starstory.fr\/blog\/wp-json\/wp\/v2\/types\/post"}],"author":[{"embeddable":true,"href":"https:\/\/starstory.fr\/blog\/wp-json\/wp\/v2\/users\/41"}],"replies":[{"embeddable":true,"href":"https:\/\/starstory.fr\/blog\/wp-json\/wp\/v2\/comments?post=8170"}],"version-history":[{"count":0,"href":"https:\/\/starstory.fr\/blog\/wp-json\/wp\/v2\/posts\/8170\/revisions"}],"wp:attachment":[{"href":"https:\/\/starstory.fr\/blog\/wp-json\/wp\/v2\/media?parent=8170"}],"wp:term":[{"taxonomy":"category","embeddable":true,"href":"https:\/\/starstory.fr\/blog\/wp-json\/wp\/v2\/categories?post=8170"},{"taxonomy":"post_tag","embeddable":true,"href":"https:\/\/starstory.fr\/blog\/wp-json\/wp\/v2\/tags?post=8170"}],"curies":[{"name":"wp","href":"https:\/\/api.w.org\/{rel}","templated":true}]}}