{"id":8169,"date":"2026-07-12T18:42:12","date_gmt":"2026-07-12T16:42:12","guid":{"rendered":"https:\/\/starstory.fr\/blog\/celebrites-et-influence-en-france\/taille-des-stars\/quelle-taille-fait-ousmane-dembele\/"},"modified":"2026-07-12T18:42:12","modified_gmt":"2026-07-12T16:42:12","slug":"quelle-taille-fait-ousmane-dembele","status":"publish","type":"post","link":"https:\/\/starstory.fr\/blog\/celebrites-et-influence-en-france\/taille-des-stars\/quelle-taille-fait-ousmane-dembele\/","title":{"rendered":"Quelle taille fait Ousmane Demb\u00e9l\u00e9 ?"},"content":{"rendered":"<aside style=\"background:#FBEAF2;border-left:5px solid #B11E6A;padding:22px 28px;margin:24px 0;font-family:-apple-system,BlinkMacSystemFont,'Segoe UI',Roboto,sans-serif;\">\n<div style=\"margin:0;font-size:19px;line-height:1.55;color:#2a2a2a;font-weight:500;letter-spacing:-0.005em;\">\n    Ousmane Demb\u00e9l\u00e9 mesure <strong>1,78 m<\/strong>, pour un poids d\u2019environ <strong>67 kg<\/strong> selon les fiches du PSG et de Transfermarkt. Un gabarit l\u00e9ger et \u00e9lastique, au service du Ballon d\u2019Or 2025.\n  <\/div>\n<\/aside>\n<figure style=\"margin:32px 0;font-family:-apple-system,BlinkMacSystemFont,'Segoe UI',Roboto,sans-serif;\">\n<div style=\"overflow-x:auto;border:1px solid #e5e5e0;border-radius:8px;\">\n<table style=\"width:100%;border-collapse:collapse;font-size:14px;color:#2a2a2a;min-width:500px;\">\n<thead>\n<tr style=\"background:#1a1a1a;color:#fff;\">\n<th style=\"text-align:left;padding:14px 18px;font-weight:700;font-size:12px;text-transform:uppercase;letter-spacing:1.5px;\">Fiche mensurations<\/th>\n<th style=\"text-align:left;padding:14px 18px;font-weight:700;font-size:12px;text-transform:uppercase;letter-spacing:1.5px;\">D\u00e9tail<\/th>\n<\/tr>\n<\/thead>\n<tbody>\n<tr style=\"background:#fff;border-bottom:1px solid #f0ede5;\">\n<td style=\"padding:14px 18px;font-weight:600;\">Nom complet<\/td>\n<td style=\"padding:14px 18px;color:#4a4a4a;\">Ousmane Demb\u00e9l\u00e9<\/td>\n<\/tr>\n<tr style=\"background:#fafaf7;border-bottom:1px solid #f0ede5;\">\n<td style=\"padding:14px 18px;font-weight:600;\">Naissance<\/td>\n<td style=\"padding:14px 18px;color:#4a4a4a;\">15 mai 1997, Vernon (Eure)<\/td>\n<\/tr>\n<tr style=\"background:#fff;border-bottom:1px solid #f0ede5;\">\n<td style=\"padding:14px 18px;font-weight:600;\">Taille<\/td>\n<td style=\"padding:14px 18px;color:#4a4a4a;\"><strong>1,78 m<\/strong> (fiches PSG \/ Transfermarkt)<\/td>\n<\/tr>\n<tr style=\"background:#fafaf7;border-bottom:1px solid #f0ede5;\">\n<td style=\"padding:14px 18px;font-weight:600;\">Poids<\/td>\n<td style=\"padding:14px 18px;color:#4a4a4a;\">environ 67 kg selon les fiches sp\u00e9cialis\u00e9es<\/td>\n<\/tr>\n<tr style=\"background:#fff;border-bottom:1px solid #f0ede5;\">\n<td style=\"padding:14px 18px;font-weight:600;\">Nationalit\u00e9<\/td>\n<td style=\"padding:14px 18px;color:#4a4a4a;\">Fran\u00e7aise<\/td>\n<\/tr>\n<tr style=\"background:#fafaf7;\">\n<td style=\"padding:14px 18px;font-weight:600;\">Poste<\/td>\n<td style=\"padding:14px 18px;color:#4a4a4a;\">Attaquant (Paris Saint-Germain, Ballon d\u2019Or 2025)<\/td>\n<\/tr>\n<\/tbody>\n<\/table><\/div>\n<\/figure>\n<h2>1,78 m : exactement la taille de Mbapp\u00e9<\/h2>\n<p>Les fiches du Paris Saint-Germain et de Transfermarkt convergent : Ousmane Demb\u00e9l\u00e9 mesure <strong>1,78 m<\/strong>, pour environ 67 kg. Ce format tr\u00e8s l\u00e9ger favorise ses changements de direction et ses acc\u00e9l\u00e9rations dans les petits espaces, sa marque de fabrique depuis Rennes et Dortmund.<\/p>\n<p>Amusant hasard : 1,78 m, c\u2019est exactement la taille de <a href=\"https:\/\/starstory.fr\/blog\/celebrites-et-influence-en-france\/taille-des-stars\/quelle-taille-fait-kylian-mbappe\/\">Kylian Mbapp\u00e9<\/a>, son ancien partenaire d\u2019attaque au PSG et chez les Bleus. Demb\u00e9l\u00e9 rend en revanche 2 cm de plus que <a href=\"https:\/\/starstory.fr\/blog\/celebrites-et-influence-en-france\/taille-des-stars\/quelle-taille-fait-antoine-griezmann\/\">Antoine Griezmann (1,76 m)<\/a>, avec qui il a partag\u00e9 le front de l\u2019attaque fran\u00e7aise au Mondial 2022.<\/p>\n<p>Ce gabarit l\u00e9ger a longtemps \u00e9t\u00e9 sa fragilit\u00e9 : les blessures musculaires \u00e0 r\u00e9p\u00e9tition de ses ann\u00e9es barcelonaises ont souvent \u00e9t\u00e9 mises sur le compte d\u2019une musculature fine et d\u2019une hygi\u00e8ne de vie alors perfectible. Sa m\u00e9tamorphose physique au PSG \u2014 suivie d\u2019une saison 2024-2025 quasiment sans p\u00e9pin \u2014 a accompagn\u00e9 son explosion statistique jusqu\u2019au Ballon d\u2019Or. La preuve qu\u2019\u00e0 morphologie constante, c\u2019est la pr\u00e9paration qui fait la diff\u00e9rence : ni sa taille ni son poids n\u2019ont chang\u00e9, mais le corps, lui, tient enfin la cadence d\u2019une saison compl\u00e8te.<\/p>\n<h2>Signes distinctifs<\/h2>\n<p>Le signe distinctif de Demb\u00e9l\u00e9 ne se voit pas sur une toise : il est r\u00e9ellement ambidextre, capable de frapper, centrer et tirer les coups de pied arr\u00eat\u00e9s des deux pieds avec la m\u00eame aisance \u2014 une raret\u00e9 document\u00e9e \u00e0 tous les niveaux du football professionnel. Physiquement, on le reconna\u00eet \u00e0 sa silhouette fine, ses cheveux coup\u00e9s court et son sourire discret en zone mixte.<\/p>\n<aside style=\"background:#FBEAF2;border-left:4px solid #B11E6A;padding:14px 18px;margin:18px 0;border-radius:0 4px 4px 0;font-family:-apple-system,BlinkMacSystemFont,'Segoe UI',Roboto,sans-serif;\">\n  <strong style=\"display:inline-block;color:#8a1450;font-size:12px;text-transform:uppercase;letter-spacing:1.5px;margin-right:8px;\">&#128161; Bon \u00e0 savoir<\/strong><br \/>\n  <span style=\"font-size:14.5px;line-height:1.55;color:#3a3a3a;\">En septembre 2025, Demb\u00e9l\u00e9 est devenu le sixi\u00e8me Fran\u00e7ais \u00e0 remporter le Ballon d\u2019Or, au terme d\u2019une saison de quadrupl\u00e9 avec le PSG couronn\u00e9e par la Ligue des champions.<\/span><br \/>\n<\/aside>\n<h2>Traits de caract\u00e8re<\/h2>\n<p>Longtemps d\u00e9crit par ses co\u00e9quipiers de Barcelone comme timide et discret en public, Demb\u00e9l\u00e9 est aussi un passionn\u00e9 de jeux vid\u00e9o assum\u00e9, un go\u00fbt qu\u2019il a racont\u00e9 lui-m\u00eame en interview. Luis Enrique, son entra\u00eeneur au PSG, a publiquement salu\u00e9 sa transformation : travail d\u00e9fensif, r\u00e9gularit\u00e9 et maturit\u00e9 \u2014 le portrait d\u2019un joueur m\u00e9tamorphos\u00e9 par rapport \u00e0 ses jeunes ann\u00e9es catalanes.<\/p>\n<p>Pour situer Ousmane Demb\u00e9l\u00e9 face aux autres c\u00e9l\u00e9brit\u00e9s, consultez notre <a href=\"https:\/\/starstory.fr\/blog\/celebrites-et-influence-en-france\/taille-des-stars\/quelle-taille-font-les-stars\/\">guide complet des tailles des stars<\/a>, qui r\u00e9capitule les mensurations v\u00e9rifi\u00e9es de dizaines de personnalit\u00e9s.<\/p>\n<h2>Questions fr\u00e9quentes<\/h2>\n<h3>Quelle est la taille exacte d\u2019Ousmane Demb\u00e9l\u00e9 ?<\/h3>\n<p>Ousmane Demb\u00e9l\u00e9 mesure <strong>1,78 m<\/strong> selon les fiches du Paris Saint-Germain et de Transfermarkt.<\/p>\n<h3>Combien p\u00e8se Ousmane Demb\u00e9l\u00e9 ?<\/h3>\n<p>Son poids annonc\u00e9 est d\u2019environ <strong>67 kg<\/strong>, l\u2019un des plus l\u00e9gers parmi les attaquants de tr\u00e8s haut niveau.<\/p>\n<h3>Demb\u00e9l\u00e9 fait-il la m\u00eame taille que Mbapp\u00e9 ?<\/h3>\n<p>Oui : tous les deux sont cr\u00e9dit\u00e9s de <strong>1,78 m<\/strong> sur leurs fiches officielles respectives.<\/p>\n<p style=\"font-size:13px;color:#6a6a6a;margin-top:28px;\">Sources : fiche joueur PSG (psg.fr), fiche Transfermarkt.<\/p>\n<p><script type=\"application\/ld+json\">{\"@context\": \"https:\/\/schema.org\", \"@type\": \"FAQPage\", \"mainEntity\": [{\"@type\": \"Question\", \"name\": \"Quelle est la taille exacte d\u2019Ousmane Demb\u00e9l\u00e9 ?\", \"acceptedAnswer\": {\"@type\": \"Answer\", \"text\": \"Ousmane Demb\u00e9l\u00e9 mesure 1,78 m selon les fiches du Paris Saint-Germain et de Transfermarkt.\"}}, {\"@type\": \"Question\", \"name\": \"Combien p\u00e8se Ousmane Demb\u00e9l\u00e9 ?\", \"acceptedAnswer\": {\"@type\": \"Answer\", \"text\": \"Son poids annonc\u00e9 est d\u2019environ 67 kg, l\u2019un des plus l\u00e9gers parmi les attaquants de tr\u00e8s haut niveau.\"}}, {\"@type\": \"Question\", \"name\": \"Demb\u00e9l\u00e9 fait-il la m\u00eame taille que Mbapp\u00e9 ?\", \"acceptedAnswer\": {\"@type\": \"Answer\", \"text\": \"Oui : tous les deux sont cr\u00e9dit\u00e9s de 1,78 m sur leurs fiches officielles respectives.\"}}]}<\/script><\/p>\n","protected":false},"excerpt":{"rendered":"","protected":false},"author":40,"featured_media":999999999,"comment_status":"open","ping_status":"open","sticky":false,"template":"","format":"standard","meta":{"_acf_changed":false,"manual_indexmenow":false,"indexmenow_id_project":0,"footnotes":""},"categories":[4839],"tags":[],"class_list":["post-8169","post","type-post","status-publish","format-standard","has-post-thumbnail","hentry","category-taille-des-stars","generate-columns","tablet-grid-50","mobile-grid-100","grid-parent","grid-25"],"acf":[],"yoast_head":"<!-- This site is optimized with the Yoast SEO Premium plugin v21.3 (Yoast SEO v26.5) - https:\/\/yoast.com\/wordpress\/plugins\/seo\/ -->\n<title>Quelle taille fait Ousmane Demb\u00e9l\u00e9 ? Taille et poids<\/title>\n<meta name=\"description\" content=\"Ousmane Demb\u00e9l\u00e9 mesure 1,78 m pour environ 67 kg selon les fiches du PSG et de Transfermarkt. Taille, poids, Ballon d\u2019Or : la fiche v\u00e9rifi\u00e9e.\" \/>\n<meta name=\"robots\" content=\"index, follow, max-snippet:-1, max-image-preview:large, max-video-preview:-1\" \/>\n<link rel=\"canonical\" href=\"https:\/\/starstory.fr\/blog\/celebrites-et-influence-en-france\/taille-des-stars\/quelle-taille-fait-ousmane-dembele\/\" \/>\n<meta property=\"og:locale\" content=\"fr_FR\" \/>\n<meta property=\"og:type\" content=\"article\" \/>\n<meta property=\"og:title\" content=\"Quelle taille fait Ousmane Demb\u00e9l\u00e9 ? Taille et poids\" \/>\n<meta property=\"og:description\" content=\"Ousmane Demb\u00e9l\u00e9 mesure 1,78 m pour environ 67 kg selon les fiches du PSG et de Transfermarkt. Taille, poids, Ballon d\u2019Or : la fiche v\u00e9rifi\u00e9e.\" \/>\n<meta property=\"og:url\" content=\"https:\/\/starstory.fr\/blog\/celebrites-et-influence-en-france\/taille-des-stars\/quelle-taille-fait-ousmane-dembele\/\" \/>\n<meta property=\"og:site_name\" content=\"starstory\" \/>\n<meta property=\"og:image\" content=\"https:\/\/images.pexels.com\/photos\/30689708\/pexels-photo-30689708.jpeg?auto=compress&cs=tinysrgb&fit=crop&h=627&w=1200\" \/>\n<meta name=\"author\" content=\"Julien Vaillant\" \/>\n<meta name=\"twitter:card\" content=\"summary_large_image\" \/>\n<script type=\"application\/ld+json\" class=\"yoast-schema-graph\">{\"@context\":\"https:\/\/schema.org\",\"@graph\":[{\"@type\":\"NewsArticle\",\"@id\":\"https:\/\/starstory.fr\/blog\/celebrites-et-influence-en-france\/taille-des-stars\/quelle-taille-fait-ousmane-dembele\/#article\",\"isPartOf\":{\"@id\":\"https:\/\/starstory.fr\/blog\/celebrites-et-influence-en-france\/taille-des-stars\/quelle-taille-fait-ousmane-dembele\/\"},\"author\":{\"name\":\"Julien Vaillant\",\"@id\":\"https:\/\/starstory.fr\/blog\/#\/schema\/person\/62af054f7df7ce17580aee7a5c41b89c\"},\"headline\":\"Quelle taille fait Ousmane Demb\u00e9l\u00e9 ?\",\"datePublished\":\"2026-07-12T16:42:12+00:00\",\"mainEntityOfPage\":{\"@id\":\"https:\/\/starstory.fr\/blog\/celebrites-et-influence-en-france\/taille-des-stars\/quelle-taille-fait-ousmane-dembele\/\"},\"wordCount\":573,\"commentCount\":0,\"publisher\":{\"@id\":\"https:\/\/starstory.fr\/blog\/#organization\"},\"image\":{\"@id\":\"https:\/\/starstory.fr\/blog\/celebrites-et-influence-en-france\/taille-des-stars\/quelle-taille-fait-ousmane-dembele\/#primaryimage\"},\"thumbnailUrl\":\"https:\/\/images.pexels.com\/photos\/30689708\/pexels-photo-30689708.jpeg?auto=compress&cs=tinysrgb&fit=crop&h=627&w=1200\",\"articleSection\":[\"Taille et mensurations des stars\"],\"inLanguage\":\"fr-FR\",\"potentialAction\":[{\"@type\":\"CommentAction\",\"name\":\"Comment\",\"target\":[\"https:\/\/starstory.fr\/blog\/celebrites-et-influence-en-france\/taille-des-stars\/quelle-taille-fait-ousmane-dembele\/#respond\"]}]},{\"@type\":\"WebPage\",\"@id\":\"https:\/\/starstory.fr\/blog\/celebrites-et-influence-en-france\/taille-des-stars\/quelle-taille-fait-ousmane-dembele\/\",\"url\":\"https:\/\/starstory.fr\/blog\/celebrites-et-influence-en-france\/taille-des-stars\/quelle-taille-fait-ousmane-dembele\/\",\"name\":\"Quelle taille fait Ousmane Demb\u00e9l\u00e9 ? Taille et poids\",\"isPartOf\":{\"@id\":\"https:\/\/starstory.fr\/blog\/#website\"},\"primaryImageOfPage\":{\"@id\":\"https:\/\/starstory.fr\/blog\/celebrites-et-influence-en-france\/taille-des-stars\/quelle-taille-fait-ousmane-dembele\/#primaryimage\"},\"image\":{\"@id\":\"https:\/\/starstory.fr\/blog\/celebrites-et-influence-en-france\/taille-des-stars\/quelle-taille-fait-ousmane-dembele\/#primaryimage\"},\"thumbnailUrl\":\"https:\/\/images.pexels.com\/photos\/30689708\/pexels-photo-30689708.jpeg?auto=compress&cs=tinysrgb&fit=crop&h=627&w=1200\",\"datePublished\":\"2026-07-12T16:42:12+00:00\",\"description\":\"Ousmane Demb\u00e9l\u00e9 mesure 1,78 m pour environ 67 kg selon les fiches du PSG et de Transfermarkt. Taille, poids, Ballon d\u2019Or : la fiche v\u00e9rifi\u00e9e.\",\"inLanguage\":\"fr-FR\",\"potentialAction\":[{\"@type\":\"ReadAction\",\"target\":[\"https:\/\/starstory.fr\/blog\/celebrites-et-influence-en-france\/taille-des-stars\/quelle-taille-fait-ousmane-dembele\/\"]}]},{\"@type\":\"ImageObject\",\"inLanguage\":\"fr-FR\",\"@id\":\"https:\/\/starstory.fr\/blog\/celebrites-et-influence-en-france\/taille-des-stars\/quelle-taille-fait-ousmane-dembele\/#primaryimage\",\"url\":\"https:\/\/images.pexels.com\/photos\/30689708\/pexels-photo-30689708.jpeg?auto=compress&cs=tinysrgb&fit=crop&h=627&w=1200\",\"contentUrl\":\"https:\/\/images.pexels.com\/photos\/30689708\/pexels-photo-30689708.jpeg?auto=compress&cs=tinysrgb&fit=crop&h=627&w=1200\"},{\"@type\":\"WebSite\",\"@id\":\"https:\/\/starstory.fr\/blog\/#website\",\"url\":\"https:\/\/starstory.fr\/blog\/\",\"name\":\"StarStory\",\"description\":\"StarStory, les \u00e9toiles racontent leur histoire\",\"publisher\":{\"@id\":\"https:\/\/starstory.fr\/blog\/#organization\"},\"alternateName\":\"StarStory, les \u00e9toiles racontent leur histoire\",\"potentialAction\":[{\"@type\":\"SearchAction\",\"target\":{\"@type\":\"EntryPoint\",\"urlTemplate\":\"https:\/\/starstory.fr\/blog\/?s={search_term_string}\"},\"query-input\":{\"@type\":\"PropertyValueSpecification\",\"valueRequired\":true,\"valueName\":\"search_term_string\"}}],\"inLanguage\":\"fr-FR\"},{\"@type\":\"Organization\",\"@id\":\"https:\/\/starstory.fr\/blog\/#organization\",\"name\":\"StarStory\",\"alternateName\":\"StarStory.fr\",\"url\":\"https:\/\/starstory.fr\/blog\/\",\"logo\":{\"@type\":\"ImageObject\",\"inLanguage\":\"fr-FR\",\"@id\":\"https:\/\/starstory.fr\/blog\/#\/schema\/logo\/image\/\",\"url\":\"https:\/\/starstory.fr\/blog\/wp-content\/uploads\/2024\/12\/38.png\",\"contentUrl\":\"https:\/\/starstory.fr\/blog\/wp-content\/uploads\/2024\/12\/38.png\",\"width\":500,\"height\":500,\"caption\":\"StarStory\"},\"image\":{\"@id\":\"https:\/\/starstory.fr\/blog\/#\/schema\/logo\/image\/\"}},{\"@type\":\"Person\",\"@id\":\"https:\/\/starstory.fr\/blog\/#\/schema\/person\/62af054f7df7ce17580aee7a5c41b89c\",\"name\":\"Julien Vaillant\",\"image\":{\"@type\":\"ImageObject\",\"inLanguage\":\"fr-FR\",\"@id\":\"https:\/\/starstory.fr\/blog\/#\/schema\/person\/image\/\",\"url\":\"https:\/\/secure.gravatar.com\/avatar\/?s=96&d=mm&r=g\",\"contentUrl\":\"https:\/\/secure.gravatar.com\/avatar\/?s=96&d=mm&r=g\",\"caption\":\"Julien Vaillant\"},\"description\":\"Julien met en lumi\u00e8re les acteurs, r\u00e9alisateurs et r\u00f4les embl\u00e9matiques qui ont marqu\u00e9 les \u00e9poques.\",\"url\":\"https:\/\/starstory.fr\/blog\/auteur\/julien-bernard\/\"}]}<\/script>\n<!-- \/ Yoast SEO Premium plugin. -->","yoast_head_json":{"title":"Quelle taille fait Ousmane Demb\u00e9l\u00e9 ? Taille et poids","description":"Ousmane Demb\u00e9l\u00e9 mesure 1,78 m pour environ 67 kg selon les fiches du PSG et de Transfermarkt. Taille, poids, Ballon d\u2019Or : la fiche v\u00e9rifi\u00e9e.","robots":{"index":"index","follow":"follow","max-snippet":"max-snippet:-1","max-image-preview":"max-image-preview:large","max-video-preview":"max-video-preview:-1"},"canonical":"https:\/\/starstory.fr\/blog\/celebrites-et-influence-en-france\/taille-des-stars\/quelle-taille-fait-ousmane-dembele\/","og_locale":"fr_FR","og_type":"article","og_title":"Quelle taille fait Ousmane Demb\u00e9l\u00e9 ? Taille et poids","og_description":"Ousmane Demb\u00e9l\u00e9 mesure 1,78 m pour environ 67 kg selon les fiches du PSG et de Transfermarkt. Taille, poids, Ballon d\u2019Or : la fiche v\u00e9rifi\u00e9e.","og_url":"https:\/\/starstory.fr\/blog\/celebrites-et-influence-en-france\/taille-des-stars\/quelle-taille-fait-ousmane-dembele\/","og_site_name":"starstory","og_image":[{"url":"https:\/\/images.pexels.com\/photos\/30689708\/pexels-photo-30689708.jpeg?auto=compress&cs=tinysrgb&fit=crop&h=627&w=1200","type":"","width":"","height":""}],"author":"Julien Vaillant","twitter_card":"summary_large_image","schema":{"@context":"https:\/\/schema.org","@graph":[{"@type":"NewsArticle","@id":"https:\/\/starstory.fr\/blog\/celebrites-et-influence-en-france\/taille-des-stars\/quelle-taille-fait-ousmane-dembele\/#article","isPartOf":{"@id":"https:\/\/starstory.fr\/blog\/celebrites-et-influence-en-france\/taille-des-stars\/quelle-taille-fait-ousmane-dembele\/"},"author":{"name":"Julien Vaillant","@id":"https:\/\/starstory.fr\/blog\/#\/schema\/person\/62af054f7df7ce17580aee7a5c41b89c"},"headline":"Quelle taille fait Ousmane Demb\u00e9l\u00e9 ?","datePublished":"2026-07-12T16:42:12+00:00","mainEntityOfPage":{"@id":"https:\/\/starstory.fr\/blog\/celebrites-et-influence-en-france\/taille-des-stars\/quelle-taille-fait-ousmane-dembele\/"},"wordCount":573,"commentCount":0,"publisher":{"@id":"https:\/\/starstory.fr\/blog\/#organization"},"image":{"@id":"https:\/\/starstory.fr\/blog\/celebrites-et-influence-en-france\/taille-des-stars\/quelle-taille-fait-ousmane-dembele\/#primaryimage"},"thumbnailUrl":"https:\/\/images.pexels.com\/photos\/30689708\/pexels-photo-30689708.jpeg?auto=compress&cs=tinysrgb&fit=crop&h=627&w=1200","articleSection":["Taille et mensurations des stars"],"inLanguage":"fr-FR","potentialAction":[{"@type":"CommentAction","name":"Comment","target":["https:\/\/starstory.fr\/blog\/celebrites-et-influence-en-france\/taille-des-stars\/quelle-taille-fait-ousmane-dembele\/#respond"]}]},{"@type":"WebPage","@id":"https:\/\/starstory.fr\/blog\/celebrites-et-influence-en-france\/taille-des-stars\/quelle-taille-fait-ousmane-dembele\/","url":"https:\/\/starstory.fr\/blog\/celebrites-et-influence-en-france\/taille-des-stars\/quelle-taille-fait-ousmane-dembele\/","name":"Quelle taille fait Ousmane Demb\u00e9l\u00e9 ? Taille et poids","isPartOf":{"@id":"https:\/\/starstory.fr\/blog\/#website"},"primaryImageOfPage":{"@id":"https:\/\/starstory.fr\/blog\/celebrites-et-influence-en-france\/taille-des-stars\/quelle-taille-fait-ousmane-dembele\/#primaryimage"},"image":{"@id":"https:\/\/starstory.fr\/blog\/celebrites-et-influence-en-france\/taille-des-stars\/quelle-taille-fait-ousmane-dembele\/#primaryimage"},"thumbnailUrl":"https:\/\/images.pexels.com\/photos\/30689708\/pexels-photo-30689708.jpeg?auto=compress&cs=tinysrgb&fit=crop&h=627&w=1200","datePublished":"2026-07-12T16:42:12+00:00","description":"Ousmane Demb\u00e9l\u00e9 mesure 1,78 m pour environ 67 kg selon les fiches du PSG et de Transfermarkt. Taille, poids, Ballon d\u2019Or : la fiche v\u00e9rifi\u00e9e.","inLanguage":"fr-FR","potentialAction":[{"@type":"ReadAction","target":["https:\/\/starstory.fr\/blog\/celebrites-et-influence-en-france\/taille-des-stars\/quelle-taille-fait-ousmane-dembele\/"]}]},{"@type":"ImageObject","inLanguage":"fr-FR","@id":"https:\/\/starstory.fr\/blog\/celebrites-et-influence-en-france\/taille-des-stars\/quelle-taille-fait-ousmane-dembele\/#primaryimage","url":"https:\/\/images.pexels.com\/photos\/30689708\/pexels-photo-30689708.jpeg?auto=compress&cs=tinysrgb&fit=crop&h=627&w=1200","contentUrl":"https:\/\/images.pexels.com\/photos\/30689708\/pexels-photo-30689708.jpeg?auto=compress&cs=tinysrgb&fit=crop&h=627&w=1200"},{"@type":"WebSite","@id":"https:\/\/starstory.fr\/blog\/#website","url":"https:\/\/starstory.fr\/blog\/","name":"StarStory","description":"StarStory, les \u00e9toiles racontent leur histoire","publisher":{"@id":"https:\/\/starstory.fr\/blog\/#organization"},"alternateName":"StarStory, les \u00e9toiles racontent leur histoire","potentialAction":[{"@type":"SearchAction","target":{"@type":"EntryPoint","urlTemplate":"https:\/\/starstory.fr\/blog\/?s={search_term_string}"},"query-input":{"@type":"PropertyValueSpecification","valueRequired":true,"valueName":"search_term_string"}}],"inLanguage":"fr-FR"},{"@type":"Organization","@id":"https:\/\/starstory.fr\/blog\/#organization","name":"StarStory","alternateName":"StarStory.fr","url":"https:\/\/starstory.fr\/blog\/","logo":{"@type":"ImageObject","inLanguage":"fr-FR","@id":"https:\/\/starstory.fr\/blog\/#\/schema\/logo\/image\/","url":"https:\/\/starstory.fr\/blog\/wp-content\/uploads\/2024\/12\/38.png","contentUrl":"https:\/\/starstory.fr\/blog\/wp-content\/uploads\/2024\/12\/38.png","width":500,"height":500,"caption":"StarStory"},"image":{"@id":"https:\/\/starstory.fr\/blog\/#\/schema\/logo\/image\/"}},{"@type":"Person","@id":"https:\/\/starstory.fr\/blog\/#\/schema\/person\/62af054f7df7ce17580aee7a5c41b89c","name":"Julien Vaillant","image":{"@type":"ImageObject","inLanguage":"fr-FR","@id":"https:\/\/starstory.fr\/blog\/#\/schema\/person\/image\/","url":"https:\/\/secure.gravatar.com\/avatar\/?s=96&d=mm&r=g","contentUrl":"https:\/\/secure.gravatar.com\/avatar\/?s=96&d=mm&r=g","caption":"Julien Vaillant"},"description":"Julien met en lumi\u00e8re les acteurs, r\u00e9alisateurs et r\u00f4les embl\u00e9matiques qui ont marqu\u00e9 les \u00e9poques.","url":"https:\/\/starstory.fr\/blog\/auteur\/julien-bernard\/"}]}},"_links":{"self":[{"href":"https:\/\/starstory.fr\/blog\/wp-json\/wp\/v2\/posts\/8169","targetHints":{"allow":["GET"]}}],"collection":[{"href":"https:\/\/starstory.fr\/blog\/wp-json\/wp\/v2\/posts"}],"about":[{"href":"https:\/\/starstory.fr\/blog\/wp-json\/wp\/v2\/types\/post"}],"author":[{"embeddable":true,"href":"https:\/\/starstory.fr\/blog\/wp-json\/wp\/v2\/users\/40"}],"replies":[{"embeddable":true,"href":"https:\/\/starstory.fr\/blog\/wp-json\/wp\/v2\/comments?post=8169"}],"version-history":[{"count":0,"href":"https:\/\/starstory.fr\/blog\/wp-json\/wp\/v2\/posts\/8169\/revisions"}],"wp:attachment":[{"href":"https:\/\/starstory.fr\/blog\/wp-json\/wp\/v2\/media?parent=8169"}],"wp:term":[{"taxonomy":"category","embeddable":true,"href":"https:\/\/starstory.fr\/blog\/wp-json\/wp\/v2\/categories?post=8169"},{"taxonomy":"post_tag","embeddable":true,"href":"https:\/\/starstory.fr\/blog\/wp-json\/wp\/v2\/tags?post=8169"}],"curies":[{"name":"wp","href":"https:\/\/api.w.org\/{rel}","templated":true}]}}