{"id":8167,"date":"2026-07-12T18:42:04","date_gmt":"2026-07-12T16:42:04","guid":{"rendered":"https:\/\/starstory.fr\/blog\/celebrites-et-influence-en-france\/taille-des-stars\/quelle-taille-fait-youcef-atal\/"},"modified":"2026-07-12T18:42:04","modified_gmt":"2026-07-12T16:42:04","slug":"quelle-taille-fait-youcef-atal","status":"publish","type":"post","link":"https:\/\/starstory.fr\/blog\/celebrites-et-influence-en-france\/taille-des-stars\/quelle-taille-fait-youcef-atal\/","title":{"rendered":"Quelle taille fait Youcef Atal ?"},"content":{"rendered":"<aside style=\"background:#FBEAF2;border-left:5px solid #B11E6A;padding:22px 28px;margin:24px 0;font-family:-apple-system,BlinkMacSystemFont,'Segoe UI',Roboto,sans-serif;\">\n<div style=\"margin:0;font-size:19px;line-height:1.55;color:#2a2a2a;font-weight:500;letter-spacing:-0.005em;\">\n    Youcef Atal mesure <strong>1,76 m<\/strong> (certaines bases retiennent 1,75 m), pour un poids d\u2019environ <strong>64 kg<\/strong> selon les fiches sp\u00e9cialis\u00e9es. Un gabarit l\u00e9ger et explosif, taill\u00e9 pour les mont\u00e9es de balle du couloir droit.\n  <\/div>\n<\/aside>\n<figure style=\"margin:32px 0;font-family:-apple-system,BlinkMacSystemFont,'Segoe UI',Roboto,sans-serif;\">\n<div style=\"overflow-x:auto;border:1px solid #e5e5e0;border-radius:8px;\">\n<table style=\"width:100%;border-collapse:collapse;font-size:14px;color:#2a2a2a;min-width:500px;\">\n<thead>\n<tr style=\"background:#1a1a1a;color:#fff;\">\n<th style=\"text-align:left;padding:14px 18px;font-weight:700;font-size:12px;text-transform:uppercase;letter-spacing:1.5px;\">Fiche mensurations<\/th>\n<th style=\"text-align:left;padding:14px 18px;font-weight:700;font-size:12px;text-transform:uppercase;letter-spacing:1.5px;\">D\u00e9tail<\/th>\n<\/tr>\n<\/thead>\n<tbody>\n<tr style=\"background:#fff;border-bottom:1px solid #f0ede5;\">\n<td style=\"padding:14px 18px;font-weight:600;\">Nom complet<\/td>\n<td style=\"padding:14px 18px;color:#4a4a4a;\">Youcef Atal<\/td>\n<\/tr>\n<tr style=\"background:#fafaf7;border-bottom:1px solid #f0ede5;\">\n<td style=\"padding:14px 18px;font-weight:600;\">Naissance<\/td>\n<td style=\"padding:14px 18px;color:#4a4a4a;\">17 mai 1996, Boghni (Alg\u00e9rie)<\/td>\n<\/tr>\n<tr style=\"background:#fff;border-bottom:1px solid #f0ede5;\">\n<td style=\"padding:14px 18px;font-weight:600;\">Taille<\/td>\n<td style=\"padding:14px 18px;color:#4a4a4a;\"><strong>1,76 m<\/strong> (1,75 m sur certaines fiches)<\/td>\n<\/tr>\n<tr style=\"background:#fafaf7;border-bottom:1px solid #f0ede5;\">\n<td style=\"padding:14px 18px;font-weight:600;\">Poids<\/td>\n<td style=\"padding:14px 18px;color:#4a4a4a;\">environ 64 kg (jusqu\u2019\u00e0 69 kg selon les bases)<\/td>\n<\/tr>\n<tr style=\"background:#fff;border-bottom:1px solid #f0ede5;\">\n<td style=\"padding:14px 18px;font-weight:600;\">Nationalit\u00e9<\/td>\n<td style=\"padding:14px 18px;color:#4a4a4a;\">Alg\u00e9rienne<\/td>\n<\/tr>\n<tr style=\"background:#fafaf7;\">\n<td style=\"padding:14px 18px;font-weight:600;\">Poste<\/td>\n<td style=\"padding:14px 18px;color:#4a4a4a;\">Lat\u00e9ral droit (Al-Sadd, international alg\u00e9rien, ex-OGC Nice)<\/td>\n<\/tr>\n<\/tbody>\n<\/table><\/div>\n<\/figure>\n<h2>1,76 m : le gabarit fin d\u2019un lat\u00e9ral de percussion<\/h2>\n<p>Les fiches sp\u00e9cialis\u00e9es (Footmercato, Match en direct, Le Ballon Rond) s\u2019accordent sur <strong>1,76 m<\/strong>, \u00e0 un centim\u00e8tre pr\u00e8s : quelques bases affichent 1,75 m, un \u00e9cart classique entre mesures en crampons et pieds nus. Le poids annonc\u00e9 varie de 64 \u00e0 69 kg selon les sources, ce qui en fait l\u2019un des d\u00e9fenseurs les plus l\u00e9gers de sa g\u00e9n\u00e9ration.<\/p>\n<p>Ce physique sec explique son style : r\u00e9v\u00e9l\u00e9 \u00e0 l\u2019OGC Nice \u00e0 partir de 2018 avant de rejoindre Al-Sadd au Qatar, Atal est un lat\u00e9ral qui d\u00e9borde comme un ailier. Il partage d\u2019ailleurs son couloir droit de pr\u00e9dilection avec <a href=\"https:\/\/starstory.fr\/blog\/celebrites-et-influence-en-france\/taille-des-stars\/quelle-taille-fait-achraf-hakimi\/\">Achraf Hakimi (1,81 m)<\/a>, son homologue marocain, plus grand de 5 cm. Et avec ses 1,76 m, il rend exactement 2 cm \u00e0 <a href=\"https:\/\/starstory.fr\/blog\/celebrites-et-influence-en-france\/taille-des-stars\/quelle-taille-fait-kylian-mbappe\/\">Kylian Mbapp\u00e9 (1,78 m)<\/a>, autre pur produit de l\u2019explosivit\u00e9.<\/p>\n<p>Pourquoi cette question revient-elle si souvent ? Parce qu\u2019\u00e0 l\u2019\u00e9cran, Atal para\u00eet tant\u00f4t fr\u00eale au milieu des d\u00e9fenseurs centraux, tant\u00f4t immense quand il avale son couloir. C\u2019est l\u2019effet d\u2019optique classique du football : la t\u00e9l\u00e9vision \u00e9crase les diff\u00e9rences, et seuls les chiffres des fiches officielles permettent de trancher \u2014 1,76 m, ni petit ni grand, mais parfaitement calibr\u00e9 pour son poste.<\/p>\n<h2>Signes distinctifs<\/h2>\n<p>Silhouette fine et jambes de sprinteur, cheveux coup\u00e9s court, sourire franc en interview : Youcef Atal se reconna\u00eet d\u2019abord \u00e0 sa conduite de balle pench\u00e9e vers l\u2019avant, \u00e9paules basses, typique des dribbleurs de couloir. Sur le terrain, il a longtemps \u00e9t\u00e9 associ\u00e9 au num\u00e9ro 20 de l\u2019OGC Nice, son maillot f\u00e9tiche pendant cinq saisons.<\/p>\n<aside style=\"background:#FBEAF2;border-left:4px solid #B11E6A;padding:14px 18px;margin:18px 0;border-radius:0 4px 4px 0;font-family:-apple-system,BlinkMacSystemFont,'Segoe UI',Roboto,sans-serif;\">\n  <strong style=\"display:inline-block;color:#8a1450;font-size:12px;text-transform:uppercase;letter-spacing:1.5px;margin-right:8px;\">&#128161; Bon \u00e0 savoir<\/strong><br \/>\n  <span style=\"font-size:14.5px;line-height:1.55;color:#3a3a3a;\">Avec ses 64 kg annonc\u00e9s, Atal p\u00e8se une quinzaine de kilos de moins que la plupart des lat\u00e9raux internationaux \u2014 un rapport poids-puissance qui explique ses acc\u00e9l\u00e9rations foudroyantes.<\/span><br \/>\n<\/aside>\n<h2>Traits de caract\u00e8re<\/h2>\n<p>La presse sportive fran\u00e7aise l\u2019a souvent d\u00e9crit, du temps de Nice, comme un joueur instinctif et spontan\u00e9, qui joue \u00ab comme au quartier \u00bb selon les mots r\u00e9p\u00e9t\u00e9s dans les portraits de L\u2019\u00c9quipe. Ses entra\u00eeneurs successifs ont salu\u00e9 sa g\u00e9n\u00e9rosit\u00e9 dans l\u2019effort offensif, tout en soulignant un temp\u00e9rament r\u00e9serv\u00e9 hors des terrains, loin des projecteurs.<\/p>\n<p>Pour situer Youcef Atal face aux autres c\u00e9l\u00e9brit\u00e9s, consultez notre <a href=\"https:\/\/starstory.fr\/blog\/celebrites-et-influence-en-france\/taille-des-stars\/quelle-taille-font-les-stars\/\">guide complet des tailles des stars<\/a>, qui r\u00e9capitule les mensurations v\u00e9rifi\u00e9es de dizaines de personnalit\u00e9s.<\/p>\n<h2>Questions fr\u00e9quentes<\/h2>\n<h3>Quelle est la taille exacte de Youcef Atal ?<\/h3>\n<p>Youcef Atal mesure <strong>1,76 m<\/strong> selon la majorit\u00e9 des fiches sp\u00e9cialis\u00e9es (Footmercato, Match en direct) ; quelques bases retiennent 1,75 m.<\/p>\n<h3>Combien p\u00e8se Youcef Atal ?<\/h3>\n<p>Son poids annonc\u00e9 est d\u2019environ <strong>64 kg<\/strong>, certaines bases montant jusqu\u2019\u00e0 69 kg selon les p\u00e9riodes de la saison.<\/p>\n<h3>Youcef Atal est-il plus grand qu\u2019Achraf Hakimi ?<\/h3>\n<p>Non : avec 1,76 m, Atal mesure environ <strong>5 cm de moins<\/strong> qu\u2019Achraf Hakimi (1,81 m), l\u2019autre grand lat\u00e9ral droit du football maghr\u00e9bin.<\/p>\n<p style=\"font-size:13px;color:#6a6a6a;margin-top:28px;\">Sources : fiches joueur Footmercato, Match en direct et Le Ballon Rond (2026).<\/p>\n<p><script type=\"application\/ld+json\">{\"@context\": \"https:\/\/schema.org\", \"@type\": \"FAQPage\", \"mainEntity\": [{\"@type\": \"Question\", \"name\": \"Quelle est la taille exacte de Youcef Atal ?\", \"acceptedAnswer\": {\"@type\": \"Answer\", \"text\": \"Youcef Atal mesure 1,76 m selon la majorit\u00e9 des fiches sp\u00e9cialis\u00e9es (Footmercato, Match en direct) ; quelques bases retiennent 1,75 m.\"}}, {\"@type\": \"Question\", \"name\": \"Combien p\u00e8se Youcef Atal ?\", \"acceptedAnswer\": {\"@type\": \"Answer\", \"text\": \"Son poids annonc\u00e9 est d\u2019environ 64 kg, certaines bases montant jusqu\u2019\u00e0 69 kg selon les p\u00e9riodes de la saison.\"}}, {\"@type\": \"Question\", \"name\": \"Youcef Atal est-il plus grand qu\u2019Achraf Hakimi ?\", \"acceptedAnswer\": {\"@type\": \"Answer\", \"text\": \"Non : avec 1,76 m, Atal mesure environ 5 cm de moins qu\u2019Achraf Hakimi (1,81 m), l\u2019autre grand lat\u00e9ral droit du football maghr\u00e9bin.\"}}]}<\/script><\/p>\n","protected":false},"excerpt":{"rendered":"","protected":false},"author":34,"featured_media":999999999,"comment_status":"open","ping_status":"open","sticky":false,"template":"","format":"standard","meta":{"_acf_changed":false,"manual_indexmenow":false,"indexmenow_id_project":0,"footnotes":""},"categories":[4839],"tags":[],"class_list":["post-8167","post","type-post","status-publish","format-standard","has-post-thumbnail","hentry","category-taille-des-stars","generate-columns","tablet-grid-50","mobile-grid-100","grid-parent","grid-25"],"acf":[],"yoast_head":"<!-- This site is optimized with the Yoast SEO Premium plugin v21.3 (Yoast SEO v26.5) - https:\/\/yoast.com\/wordpress\/plugins\/seo\/ -->\n<title>Quelle taille fait Youcef Atal ? Taille, poids, fiche<\/title>\n<meta name=\"description\" content=\"Youcef Atal mesure 1,76 m pour environ 64 kg selon les fiches sp\u00e9cialis\u00e9es. Taille, poids, parcours : la fiche v\u00e9rifi\u00e9e du lat\u00e9ral alg\u00e9rien.\" \/>\n<meta name=\"robots\" content=\"index, follow, max-snippet:-1, max-image-preview:large, max-video-preview:-1\" \/>\n<link rel=\"canonical\" href=\"https:\/\/starstory.fr\/blog\/celebrites-et-influence-en-france\/taille-des-stars\/quelle-taille-fait-youcef-atal\/\" \/>\n<meta property=\"og:locale\" content=\"fr_FR\" \/>\n<meta property=\"og:type\" content=\"article\" \/>\n<meta property=\"og:title\" content=\"Quelle taille fait Youcef Atal ? Taille, poids, fiche\" \/>\n<meta property=\"og:description\" content=\"Youcef Atal mesure 1,76 m pour environ 64 kg selon les fiches sp\u00e9cialis\u00e9es. Taille, poids, parcours : la fiche v\u00e9rifi\u00e9e du lat\u00e9ral alg\u00e9rien.\" \/>\n<meta property=\"og:url\" content=\"https:\/\/starstory.fr\/blog\/celebrites-et-influence-en-france\/taille-des-stars\/quelle-taille-fait-youcef-atal\/\" \/>\n<meta property=\"og:site_name\" content=\"starstory\" \/>\n<meta property=\"og:image\" content=\"https:\/\/images.pexels.com\/photos\/24916533\/pexels-photo-24916533.jpeg?auto=compress&cs=tinysrgb&fit=crop&h=627&w=1200\" \/>\n<meta name=\"author\" content=\"Rapha\u00ebl D.\" \/>\n<meta name=\"twitter:card\" content=\"summary_large_image\" \/>\n<script type=\"application\/ld+json\" class=\"yoast-schema-graph\">{\"@context\":\"https:\/\/schema.org\",\"@graph\":[{\"@type\":\"NewsArticle\",\"@id\":\"https:\/\/starstory.fr\/blog\/celebrites-et-influence-en-france\/taille-des-stars\/quelle-taille-fait-youcef-atal\/#article\",\"isPartOf\":{\"@id\":\"https:\/\/starstory.fr\/blog\/celebrites-et-influence-en-france\/taille-des-stars\/quelle-taille-fait-youcef-atal\/\"},\"author\":{\"name\":\"Rapha\u00ebl D.\",\"@id\":\"https:\/\/starstory.fr\/blog\/#\/schema\/person\/3c864cdc320801e3db34b663e7e3f816\"},\"headline\":\"Quelle taille fait Youcef Atal ?\",\"datePublished\":\"2026-07-12T16:42:04+00:00\",\"mainEntityOfPage\":{\"@id\":\"https:\/\/starstory.fr\/blog\/celebrites-et-influence-en-france\/taille-des-stars\/quelle-taille-fait-youcef-atal\/\"},\"wordCount\":584,\"commentCount\":0,\"publisher\":{\"@id\":\"https:\/\/starstory.fr\/blog\/#organization\"},\"image\":{\"@id\":\"https:\/\/starstory.fr\/blog\/celebrites-et-influence-en-france\/taille-des-stars\/quelle-taille-fait-youcef-atal\/#primaryimage\"},\"thumbnailUrl\":\"https:\/\/images.pexels.com\/photos\/24916533\/pexels-photo-24916533.jpeg?auto=compress&cs=tinysrgb&fit=crop&h=627&w=1200\",\"articleSection\":[\"Taille et mensurations des stars\"],\"inLanguage\":\"fr-FR\",\"potentialAction\":[{\"@type\":\"CommentAction\",\"name\":\"Comment\",\"target\":[\"https:\/\/starstory.fr\/blog\/celebrites-et-influence-en-france\/taille-des-stars\/quelle-taille-fait-youcef-atal\/#respond\"]}]},{\"@type\":\"WebPage\",\"@id\":\"https:\/\/starstory.fr\/blog\/celebrites-et-influence-en-france\/taille-des-stars\/quelle-taille-fait-youcef-atal\/\",\"url\":\"https:\/\/starstory.fr\/blog\/celebrites-et-influence-en-france\/taille-des-stars\/quelle-taille-fait-youcef-atal\/\",\"name\":\"Quelle taille fait Youcef Atal ? Taille, poids, fiche\",\"isPartOf\":{\"@id\":\"https:\/\/starstory.fr\/blog\/#website\"},\"primaryImageOfPage\":{\"@id\":\"https:\/\/starstory.fr\/blog\/celebrites-et-influence-en-france\/taille-des-stars\/quelle-taille-fait-youcef-atal\/#primaryimage\"},\"image\":{\"@id\":\"https:\/\/starstory.fr\/blog\/celebrites-et-influence-en-france\/taille-des-stars\/quelle-taille-fait-youcef-atal\/#primaryimage\"},\"thumbnailUrl\":\"https:\/\/images.pexels.com\/photos\/24916533\/pexels-photo-24916533.jpeg?auto=compress&cs=tinysrgb&fit=crop&h=627&w=1200\",\"datePublished\":\"2026-07-12T16:42:04+00:00\",\"description\":\"Youcef Atal mesure 1,76 m pour environ 64 kg selon les fiches sp\u00e9cialis\u00e9es. Taille, poids, parcours : la fiche v\u00e9rifi\u00e9e du lat\u00e9ral alg\u00e9rien.\",\"inLanguage\":\"fr-FR\",\"potentialAction\":[{\"@type\":\"ReadAction\",\"target\":[\"https:\/\/starstory.fr\/blog\/celebrites-et-influence-en-france\/taille-des-stars\/quelle-taille-fait-youcef-atal\/\"]}]},{\"@type\":\"ImageObject\",\"inLanguage\":\"fr-FR\",\"@id\":\"https:\/\/starstory.fr\/blog\/celebrites-et-influence-en-france\/taille-des-stars\/quelle-taille-fait-youcef-atal\/#primaryimage\",\"url\":\"https:\/\/images.pexels.com\/photos\/24916533\/pexels-photo-24916533.jpeg?auto=compress&cs=tinysrgb&fit=crop&h=627&w=1200\",\"contentUrl\":\"https:\/\/images.pexels.com\/photos\/24916533\/pexels-photo-24916533.jpeg?auto=compress&cs=tinysrgb&fit=crop&h=627&w=1200\"},{\"@type\":\"WebSite\",\"@id\":\"https:\/\/starstory.fr\/blog\/#website\",\"url\":\"https:\/\/starstory.fr\/blog\/\",\"name\":\"StarStory\",\"description\":\"StarStory, les \u00e9toiles racontent leur histoire\",\"publisher\":{\"@id\":\"https:\/\/starstory.fr\/blog\/#organization\"},\"alternateName\":\"StarStory, les \u00e9toiles racontent leur histoire\",\"potentialAction\":[{\"@type\":\"SearchAction\",\"target\":{\"@type\":\"EntryPoint\",\"urlTemplate\":\"https:\/\/starstory.fr\/blog\/?s={search_term_string}\"},\"query-input\":{\"@type\":\"PropertyValueSpecification\",\"valueRequired\":true,\"valueName\":\"search_term_string\"}}],\"inLanguage\":\"fr-FR\"},{\"@type\":\"Organization\",\"@id\":\"https:\/\/starstory.fr\/blog\/#organization\",\"name\":\"StarStory\",\"alternateName\":\"StarStory.fr\",\"url\":\"https:\/\/starstory.fr\/blog\/\",\"logo\":{\"@type\":\"ImageObject\",\"inLanguage\":\"fr-FR\",\"@id\":\"https:\/\/starstory.fr\/blog\/#\/schema\/logo\/image\/\",\"url\":\"https:\/\/starstory.fr\/blog\/wp-content\/uploads\/2024\/12\/38.png\",\"contentUrl\":\"https:\/\/starstory.fr\/blog\/wp-content\/uploads\/2024\/12\/38.png\",\"width\":500,\"height\":500,\"caption\":\"StarStory\"},\"image\":{\"@id\":\"https:\/\/starstory.fr\/blog\/#\/schema\/logo\/image\/\"}},{\"@type\":\"Person\",\"@id\":\"https:\/\/starstory.fr\/blog\/#\/schema\/person\/3c864cdc320801e3db34b663e7e3f816\",\"name\":\"Rapha\u00ebl D.\",\"image\":{\"@type\":\"ImageObject\",\"inLanguage\":\"fr-FR\",\"@id\":\"https:\/\/starstory.fr\/blog\/#\/schema\/person\/image\/\",\"url\":\"https:\/\/starstory.fr\/blog\/wp-content\/uploads\/2026\/06\/persona_raphael-d-96x96.jpg\",\"contentUrl\":\"https:\/\/starstory.fr\/blog\/wp-content\/uploads\/2026\/06\/persona_raphael-d-96x96.jpg\",\"caption\":\"Rapha\u00ebl D.\"},\"description\":\"La culture est mon terrain de jeu depuis une dizaine d'ann\u00e9es : arts visuels, s\u00e9ries, cr\u00e9ation et tout ce qui nourrit l'imaginaire. J'\u00e9cris aussi bien sur l'actualit\u00e9 des \u0153uvres que sur les coulisses de la cr\u00e9ation, avec l'envie de relier l'amateur curieux \u00e0 des univers parfois jug\u00e9s intimidants. J'aime analyser une s\u00e9rie ou une d\u00e9marche artistique sans p\u00e9dantisme, replacer une \u0153uvre dans son contexte et donner des cl\u00e9s de lecture accessibles. Avant de publier, je v\u00e9rifie mes r\u00e9f\u00e9rences, je recoupe les sources et je distingue clairement le fait de mon interpr\u00e9tation subjective. Je crois qu'une critique vaut surtout par les arguments qu'elle expose, pas par la sentence qu'elle rend. Mon angle : transmettre l'envie de d\u00e9couvrir, de regarder autrement et de se forger son propre go\u00fbt. La culture n'appartient pas qu'aux initi\u00e9s, et c'est tout l'enjeu de mon \u00e9criture.\",\"url\":\"https:\/\/starstory.fr\/blog\/auteur\/noname\/\",\"jobTitle\":\"R\u00e9dacteur en chef \u00b7 Culture & Cr\u00e9ation\",\"knowsAbout\":[\"Culture\",\"Cr\u00e9ation\"],\"email\":\"raphael.d@a-l-asso-de-l-art.fr\"}]}<\/script>\n<!-- \/ Yoast SEO Premium plugin. -->","yoast_head_json":{"title":"Quelle taille fait Youcef Atal ? Taille, poids, fiche","description":"Youcef Atal mesure 1,76 m pour environ 64 kg selon les fiches sp\u00e9cialis\u00e9es. Taille, poids, parcours : la fiche v\u00e9rifi\u00e9e du lat\u00e9ral alg\u00e9rien.","robots":{"index":"index","follow":"follow","max-snippet":"max-snippet:-1","max-image-preview":"max-image-preview:large","max-video-preview":"max-video-preview:-1"},"canonical":"https:\/\/starstory.fr\/blog\/celebrites-et-influence-en-france\/taille-des-stars\/quelle-taille-fait-youcef-atal\/","og_locale":"fr_FR","og_type":"article","og_title":"Quelle taille fait Youcef Atal ? Taille, poids, fiche","og_description":"Youcef Atal mesure 1,76 m pour environ 64 kg selon les fiches sp\u00e9cialis\u00e9es. Taille, poids, parcours : la fiche v\u00e9rifi\u00e9e du lat\u00e9ral alg\u00e9rien.","og_url":"https:\/\/starstory.fr\/blog\/celebrites-et-influence-en-france\/taille-des-stars\/quelle-taille-fait-youcef-atal\/","og_site_name":"starstory","og_image":[{"url":"https:\/\/images.pexels.com\/photos\/24916533\/pexels-photo-24916533.jpeg?auto=compress&cs=tinysrgb&fit=crop&h=627&w=1200","type":"","width":"","height":""}],"author":"Rapha\u00ebl D.","twitter_card":"summary_large_image","schema":{"@context":"https:\/\/schema.org","@graph":[{"@type":"NewsArticle","@id":"https:\/\/starstory.fr\/blog\/celebrites-et-influence-en-france\/taille-des-stars\/quelle-taille-fait-youcef-atal\/#article","isPartOf":{"@id":"https:\/\/starstory.fr\/blog\/celebrites-et-influence-en-france\/taille-des-stars\/quelle-taille-fait-youcef-atal\/"},"author":{"name":"Rapha\u00ebl D.","@id":"https:\/\/starstory.fr\/blog\/#\/schema\/person\/3c864cdc320801e3db34b663e7e3f816"},"headline":"Quelle taille fait Youcef Atal ?","datePublished":"2026-07-12T16:42:04+00:00","mainEntityOfPage":{"@id":"https:\/\/starstory.fr\/blog\/celebrites-et-influence-en-france\/taille-des-stars\/quelle-taille-fait-youcef-atal\/"},"wordCount":584,"commentCount":0,"publisher":{"@id":"https:\/\/starstory.fr\/blog\/#organization"},"image":{"@id":"https:\/\/starstory.fr\/blog\/celebrites-et-influence-en-france\/taille-des-stars\/quelle-taille-fait-youcef-atal\/#primaryimage"},"thumbnailUrl":"https:\/\/images.pexels.com\/photos\/24916533\/pexels-photo-24916533.jpeg?auto=compress&cs=tinysrgb&fit=crop&h=627&w=1200","articleSection":["Taille et mensurations des stars"],"inLanguage":"fr-FR","potentialAction":[{"@type":"CommentAction","name":"Comment","target":["https:\/\/starstory.fr\/blog\/celebrites-et-influence-en-france\/taille-des-stars\/quelle-taille-fait-youcef-atal\/#respond"]}]},{"@type":"WebPage","@id":"https:\/\/starstory.fr\/blog\/celebrites-et-influence-en-france\/taille-des-stars\/quelle-taille-fait-youcef-atal\/","url":"https:\/\/starstory.fr\/blog\/celebrites-et-influence-en-france\/taille-des-stars\/quelle-taille-fait-youcef-atal\/","name":"Quelle taille fait Youcef Atal ? Taille, poids, fiche","isPartOf":{"@id":"https:\/\/starstory.fr\/blog\/#website"},"primaryImageOfPage":{"@id":"https:\/\/starstory.fr\/blog\/celebrites-et-influence-en-france\/taille-des-stars\/quelle-taille-fait-youcef-atal\/#primaryimage"},"image":{"@id":"https:\/\/starstory.fr\/blog\/celebrites-et-influence-en-france\/taille-des-stars\/quelle-taille-fait-youcef-atal\/#primaryimage"},"thumbnailUrl":"https:\/\/images.pexels.com\/photos\/24916533\/pexels-photo-24916533.jpeg?auto=compress&cs=tinysrgb&fit=crop&h=627&w=1200","datePublished":"2026-07-12T16:42:04+00:00","description":"Youcef Atal mesure 1,76 m pour environ 64 kg selon les fiches sp\u00e9cialis\u00e9es. Taille, poids, parcours : la fiche v\u00e9rifi\u00e9e du lat\u00e9ral alg\u00e9rien.","inLanguage":"fr-FR","potentialAction":[{"@type":"ReadAction","target":["https:\/\/starstory.fr\/blog\/celebrites-et-influence-en-france\/taille-des-stars\/quelle-taille-fait-youcef-atal\/"]}]},{"@type":"ImageObject","inLanguage":"fr-FR","@id":"https:\/\/starstory.fr\/blog\/celebrites-et-influence-en-france\/taille-des-stars\/quelle-taille-fait-youcef-atal\/#primaryimage","url":"https:\/\/images.pexels.com\/photos\/24916533\/pexels-photo-24916533.jpeg?auto=compress&cs=tinysrgb&fit=crop&h=627&w=1200","contentUrl":"https:\/\/images.pexels.com\/photos\/24916533\/pexels-photo-24916533.jpeg?auto=compress&cs=tinysrgb&fit=crop&h=627&w=1200"},{"@type":"WebSite","@id":"https:\/\/starstory.fr\/blog\/#website","url":"https:\/\/starstory.fr\/blog\/","name":"StarStory","description":"StarStory, les \u00e9toiles racontent leur histoire","publisher":{"@id":"https:\/\/starstory.fr\/blog\/#organization"},"alternateName":"StarStory, les \u00e9toiles racontent leur histoire","potentialAction":[{"@type":"SearchAction","target":{"@type":"EntryPoint","urlTemplate":"https:\/\/starstory.fr\/blog\/?s={search_term_string}"},"query-input":{"@type":"PropertyValueSpecification","valueRequired":true,"valueName":"search_term_string"}}],"inLanguage":"fr-FR"},{"@type":"Organization","@id":"https:\/\/starstory.fr\/blog\/#organization","name":"StarStory","alternateName":"StarStory.fr","url":"https:\/\/starstory.fr\/blog\/","logo":{"@type":"ImageObject","inLanguage":"fr-FR","@id":"https:\/\/starstory.fr\/blog\/#\/schema\/logo\/image\/","url":"https:\/\/starstory.fr\/blog\/wp-content\/uploads\/2024\/12\/38.png","contentUrl":"https:\/\/starstory.fr\/blog\/wp-content\/uploads\/2024\/12\/38.png","width":500,"height":500,"caption":"StarStory"},"image":{"@id":"https:\/\/starstory.fr\/blog\/#\/schema\/logo\/image\/"}},{"@type":"Person","@id":"https:\/\/starstory.fr\/blog\/#\/schema\/person\/3c864cdc320801e3db34b663e7e3f816","name":"Rapha\u00ebl D.","image":{"@type":"ImageObject","inLanguage":"fr-FR","@id":"https:\/\/starstory.fr\/blog\/#\/schema\/person\/image\/","url":"https:\/\/starstory.fr\/blog\/wp-content\/uploads\/2026\/06\/persona_raphael-d-96x96.jpg","contentUrl":"https:\/\/starstory.fr\/blog\/wp-content\/uploads\/2026\/06\/persona_raphael-d-96x96.jpg","caption":"Rapha\u00ebl D."},"description":"La culture est mon terrain de jeu depuis une dizaine d'ann\u00e9es : arts visuels, s\u00e9ries, cr\u00e9ation et tout ce qui nourrit l'imaginaire. J'\u00e9cris aussi bien sur l'actualit\u00e9 des \u0153uvres que sur les coulisses de la cr\u00e9ation, avec l'envie de relier l'amateur curieux \u00e0 des univers parfois jug\u00e9s intimidants. J'aime analyser une s\u00e9rie ou une d\u00e9marche artistique sans p\u00e9dantisme, replacer une \u0153uvre dans son contexte et donner des cl\u00e9s de lecture accessibles. Avant de publier, je v\u00e9rifie mes r\u00e9f\u00e9rences, je recoupe les sources et je distingue clairement le fait de mon interpr\u00e9tation subjective. Je crois qu'une critique vaut surtout par les arguments qu'elle expose, pas par la sentence qu'elle rend. Mon angle : transmettre l'envie de d\u00e9couvrir, de regarder autrement et de se forger son propre go\u00fbt. La culture n'appartient pas qu'aux initi\u00e9s, et c'est tout l'enjeu de mon \u00e9criture.","url":"https:\/\/starstory.fr\/blog\/auteur\/noname\/","jobTitle":"R\u00e9dacteur en chef \u00b7 Culture & Cr\u00e9ation","knowsAbout":["Culture","Cr\u00e9ation"],"email":"raphael.d@a-l-asso-de-l-art.fr"}]}},"_links":{"self":[{"href":"https:\/\/starstory.fr\/blog\/wp-json\/wp\/v2\/posts\/8167","targetHints":{"allow":["GET"]}}],"collection":[{"href":"https:\/\/starstory.fr\/blog\/wp-json\/wp\/v2\/posts"}],"about":[{"href":"https:\/\/starstory.fr\/blog\/wp-json\/wp\/v2\/types\/post"}],"author":[{"embeddable":true,"href":"https:\/\/starstory.fr\/blog\/wp-json\/wp\/v2\/users\/34"}],"replies":[{"embeddable":true,"href":"https:\/\/starstory.fr\/blog\/wp-json\/wp\/v2\/comments?post=8167"}],"version-history":[{"count":0,"href":"https:\/\/starstory.fr\/blog\/wp-json\/wp\/v2\/posts\/8167\/revisions"}],"wp:attachment":[{"href":"https:\/\/starstory.fr\/blog\/wp-json\/wp\/v2\/media?parent=8167"}],"wp:term":[{"taxonomy":"category","embeddable":true,"href":"https:\/\/starstory.fr\/blog\/wp-json\/wp\/v2\/categories?post=8167"},{"taxonomy":"post_tag","embeddable":true,"href":"https:\/\/starstory.fr\/blog\/wp-json\/wp\/v2\/tags?post=8167"}],"curies":[{"name":"wp","href":"https:\/\/api.w.org\/{rel}","templated":true}]}}