{"id":8044,"date":"2026-06-06T13:19:07","date_gmt":"2026-06-06T11:19:07","guid":{"rendered":"https:\/\/starstory.fr\/blog\/celebrites-et-influence-en-france\/star-academy-que-sont-devenus-les-anciens-eleves-les-plus-marquants\/"},"modified":"2026-06-06T13:19:07","modified_gmt":"2026-06-06T11:19:07","slug":"star-academy-que-sont-devenus-les-anciens-eleves-les-plus-marquants","status":"publish","type":"post","link":"https:\/\/starstory.fr\/blog\/celebrites-et-influence-en-france\/star-academy-que-sont-devenus-les-anciens-eleves-les-plus-marquants\/","title":{"rendered":"Star Academy : que sont devenus les anciens \u00e9l\u00e8ves les plus marquants ?"},"content":{"rendered":"<aside style=\"background:#FBEAF2;border-left:5px solid #B11E6A;padding:22px 28px;margin:24px 0;font-family:-apple-system,BlinkMacSystemFont,'Segoe UI',Roboto,sans-serif;\">\n<div style=\"margin:0;font-size:19px;line-height:1.55;color:#2a2a2a;font-weight:500;letter-spacing:-0.005em;\">\n    Lanc\u00e9e par TF1 \u00e0 l&rsquo;automne 2001, la Star Academy a fabriqu\u00e9 en deux d\u00e9cennies une galerie de visages devenus familiers : certains tr\u00f4nent toujours au sommet des charts, d&rsquo;autres ont chang\u00e9 de m\u00e9tier, un seul nous a quitt\u00e9s trop t\u00f4t. Tour d&rsquo;horizon factuel de quatorze anciens \u00e9l\u00e8ves marquants, du premier prime de 2001 \u00e0 la victoire d&rsquo;Ambre en f\u00e9vrier 2026.\n  <\/div>\n<\/aside>\n<aside style=\"background:#fafaf7;border:1px solid #e5e5e0;border-radius:8px;padding:24px 26px 26px;margin:28px 0;font-family:-apple-system,BlinkMacSystemFont,'Segoe UI',Roboto,sans-serif;\">\n<div style=\"margin:0 0 18px 0;font-size:11px;font-weight:700;text-transform:uppercase;letter-spacing:2.2px;color:#B11E6A;\">\u00c0 retenir<\/div>\n<div style=\"display:grid;grid-template-columns:repeat(auto-fit,minmax(240px,1fr));gap:10px;\">\n<div style=\"display:flex;gap:12px;background:#fff;border:1px solid #ebebe5;padding:12px 14px;border-radius:6px;align-items:flex-start;\">\n      <span style=\"flex:0 0 26px;width:26px;height:26px;background:#B11E6A;color:#fff;border-radius:50%;display:inline-flex;align-items:center;justify-content:center;font-size:12px;font-weight:700;font-family:-apple-system,sans-serif;\">1<\/span><br \/>\n      <span style=\"font-size:14px;line-height:1.5;color:#2a2a2a;\">Jenifer, premi\u00e8re gagnante en 2002, reste l&rsquo;une des chanteuses fran\u00e7aises les plus install\u00e9es, avec une carri\u00e8re de jury \u00e0 <em>The Voice<\/em>.<\/span>\n    <\/div>\n<div style=\"display:flex;gap:12px;background:#fff;border:1px solid #ebebe5;padding:12px 14px;border-radius:6px;align-items:flex-start;\">\n      <span style=\"flex:0 0 26px;width:26px;height:26px;background:#B11E6A;color:#fff;border-radius:50%;display:inline-flex;align-items:center;justify-content:center;font-size:12px;font-weight:700;font-family:-apple-system,sans-serif;\">2<\/span><br \/>\n      <span style=\"font-size:14px;line-height:1.5;color:#2a2a2a;\">Nolwenn Leroy a transform\u00e9 son sacre de 2002 en une longue carri\u00e8re, port\u00e9e par son virage vers le r\u00e9pertoire celtique et breton.<\/span>\n    <\/div>\n<div style=\"display:flex;gap:12px;background:#fff;border:1px solid #ebebe5;padding:12px 14px;border-radius:6px;align-items:flex-start;\">\n      <span style=\"flex:0 0 26px;width:26px;height:26px;background:#B11E6A;color:#fff;border-radius:50%;display:inline-flex;align-items:center;justify-content:center;font-size:12px;font-weight:700;font-family:-apple-system,sans-serif;\">3<\/span><br \/>\n      <span style=\"font-size:14px;line-height:1.5;color:#2a2a2a;\">Gr\u00e9gory Lemarchal, gagnant en 2004, est d\u00e9c\u00e9d\u00e9 le 30 avril 2007 d&rsquo;une mucoviscidose ; une fondation porte aujourd&rsquo;hui son nom.<\/span>\n    <\/div>\n<div style=\"display:flex;gap:12px;background:#fff;border:1px solid #ebebe5;padding:12px 14px;border-radius:6px;align-items:flex-start;\">\n      <span style=\"flex:0 0 26px;width:26px;height:26px;background:#B11E6A;color:#fff;border-radius:50%;display:inline-flex;align-items:center;justify-content:center;font-size:12px;font-weight:700;font-family:-apple-system,sans-serif;\">4<\/span><br \/>\n      <span style=\"font-size:14px;line-height:1.5;color:#2a2a2a;\">La relance de 2022 a relanc\u00e9 la machine : Pierre Garnier et Marine ont d\u00e9croch\u00e9 des disques de diamant et de platine.<\/span>\n    <\/div>\n<div style=\"display:flex;gap:12px;background:#fff;border:1px solid #ebebe5;padding:12px 14px;border-radius:6px;align-items:flex-start;\">\n      <span style=\"flex:0 0 26px;width:26px;height:26px;background:#B11E6A;color:#fff;border-radius:50%;display:inline-flex;align-items:center;justify-content:center;font-size:12px;font-weight:700;font-family:-apple-system,sans-serif;\">5<\/span><br \/>\n      <span style=\"font-size:14px;line-height:1.5;color:#2a2a2a;\">Tous les anciens n&rsquo;ont pas poursuivi en studio : certains sont devenus DJ, agents d&rsquo;artistes ou se sont \u00e9loign\u00e9s des plateaux.<\/span>\n    <\/div>\n<\/p><\/div>\n<\/aside>\n<h2 style=\"font-family:-apple-system,BlinkMacSystemFont,'Segoe UI',Roboto,sans-serif;font-size:26px;font-weight:800;letter-spacing:-0.01em;color:#1a1a1a;margin:48px 0 8px;\">Les pionniers des premi\u00e8res saisons (2001-2005)<\/h2>\n<p>Au d\u00e9but des ann\u00e9es 2000, le \u00ab ch\u00e2teau \u00bb de Dammarie-les-Lys fait entrer chaque automne dix-huit inconnus dans les foyers fran\u00e7ais. Les premi\u00e8res promotions ont produit les visages les plus durablement install\u00e9s du paysage musical hexagonal.<\/p>\n<div style=\"display:grid;grid-template-columns:repeat(auto-fit,minmax(260px,1fr));gap:14px;margin:28px 0;font-family:-apple-system,BlinkMacSystemFont,'Segoe UI',Roboto,sans-serif;\">\n<article style=\"background:#fff;border:1px solid #e5e5e0;border-top:3px solid #B11E6A;border-radius:6px;padding:18px 18px 16px;\">\n<div style=\"margin:0 0 10px 0;font-size:11px;font-weight:700;text-transform:uppercase;letter-spacing:1.5px;color:#B11E6A;\">Saison 1 \u2014 gagnante (2002)<\/div>\n<h3 style=\"margin:0 0 6px 0;font-size:17px;font-weight:700;color:#1a1a1a;letter-spacing:-0.01em;\">Jenifer<\/h3>\n<div style=\"margin:0;font-size:13.5px;line-height:1.55;color:#4a4a4a;\">Jenifer Bartoli remporte la toute premi\u00e8re saison le 12 janvier 2002 devant plus de onze millions de t\u00e9l\u00e9spectateurs. Vingt ans plus tard, elle compte huit albums studio, des tubes durables (\u00ab Au soleil \u00bb), un parcours d&rsquo;actrice et un fauteuil de coach dans <em>The Voice<\/em>. Elle reste l&rsquo;une des artistes les plus populaires issues du programme.<\/div>\n<\/article>\n<article style=\"background:#fff;border:1px solid #e5e5e0;border-top:3px solid #B11E6A;border-radius:6px;padding:18px 18px 16px;\">\n<div style=\"margin:0 0 10px 0;font-size:11px;font-weight:700;text-transform:uppercase;letter-spacing:1.5px;color:#B11E6A;\">Saison 1 \u2014 finaliste<\/div>\n<h3 style=\"margin:0 0 6px 0;font-size:17px;font-weight:700;color:#1a1a1a;letter-spacing:-0.01em;\">Mario Barravecchia<\/h3>\n<div style=\"margin:0;font-size:13.5px;line-height:1.55;color:#4a4a4a;\">Finaliste face \u00e0 Jenifer lors de cette premi\u00e8re \u00e9dition, Mario Barravecchia a poursuivi la musique avant de se r\u00e9orienter, notamment vers la restauration et l&rsquo;entrepreneuriat. Il reste une figure attach\u00e9e \u00e0 la m\u00e9moire de la promotion 2001.<\/div>\n<\/article>\n<article style=\"background:#fff;border:1px solid #e5e5e0;border-top:3px solid #B11E6A;border-radius:6px;padding:18px 18px 16px;\">\n<div style=\"margin:0 0 10px 0;font-size:11px;font-weight:700;text-transform:uppercase;letter-spacing:1.5px;color:#B11E6A;\">Saison 2 \u2014 gagnante (2002)<\/div>\n<h3 style=\"margin:0 0 6px 0;font-size:17px;font-weight:700;color:#1a1a1a;letter-spacing:-0.01em;\">Nolwenn Leroy<\/h3>\n<div style=\"margin:0;font-size:13.5px;line-height:1.55;color:#4a4a4a;\">Sacr\u00e9e le 21 d\u00e9cembre 2002, la Bretonne de Saint-Renan a vendu plus de trois millions d&rsquo;albums. Son grand tournant intervient en 2010 avec un r\u00e9pertoire celtique et breton qui rencontre un immense succ\u00e8s. Autrice-compositrice reconnue, elle partage sa vie avec l&rsquo;ancien tennisman Arnaud Cl\u00e9ment.<\/div>\n<\/article>\n<article style=\"background:#fff;border:1px solid #e5e5e0;border-top:3px solid #B11E6A;border-radius:6px;padding:18px 18px 16px;\">\n<div style=\"margin:0 0 10px 0;font-size:11px;font-weight:700;text-transform:uppercase;letter-spacing:1.5px;color:#B11E6A;\">Saison 2 \u2014 demi-finaliste<\/div>\n<h3 style=\"margin:0 0 6px 0;font-size:17px;font-weight:700;color:#1a1a1a;letter-spacing:-0.01em;\">Emma Daumas<\/h3>\n<div style=\"margin:0;font-size:13.5px;line-height:1.55;color:#4a4a4a;\">\u00c9limin\u00e9e en demi-finale par Nolwenn Leroy, Emma Daumas sort d\u00e8s 2003 l&rsquo;album <em>Le Saut de l&rsquo;ange<\/em>, certifi\u00e9 disque d&rsquo;or. Apr\u00e8s des ann\u00e9es personnelles \u00e9prouvantes qu&rsquo;elle a \u00e9voqu\u00e9es publiquement, elle est revenue \u00e0 la sc\u00e8ne et continue de cr\u00e9er, en participant notamment \u00e0 des tourn\u00e9es hommage aux ann\u00e9es 2000.<\/div>\n<\/article>\n<article style=\"background:#fff;border:1px solid #e5e5e0;border-top:3px solid #B11E6A;border-radius:6px;padding:18px 18px 16px;\">\n<div style=\"margin:0 0 10px 0;font-size:11px;font-weight:700;text-transform:uppercase;letter-spacing:1.5px;color:#B11E6A;\">Saison 3 \u2014 gagnante (2003)<\/div>\n<h3 style=\"margin:0 0 6px 0;font-size:17px;font-weight:700;color:#1a1a1a;letter-spacing:-0.01em;\">\u00c9lodie Fr\u00e9g\u00e9<\/h3>\n<div style=\"margin:0;font-size:13.5px;line-height:1.55;color:#4a4a4a;\">Gagnante le 20 d\u00e9cembre 2003, elle a publi\u00e9 quatre albums et explor\u00e9 la sc\u00e8ne, le jury (<em>Nouvelle Star<\/em>) et le cin\u00e9ma, avec un r\u00f4le remarqu\u00e9 dans <em>Potiche<\/em> de Fran\u00e7ois Ozon. Plus r\u00e9cemment, elle a poursuivi une carri\u00e8re d&rsquo;actrice \u00e0 la t\u00e9l\u00e9vision fran\u00e7aise.<\/div>\n<\/article>\n<article style=\"background:#fff;border:1px solid #e5e5e0;border-top:3px solid #B11E6A;border-radius:6px;padding:18px 18px 16px;\">\n<div style=\"margin:0 0 10px 0;font-size:11px;font-weight:700;text-transform:uppercase;letter-spacing:1.5px;color:#B11E6A;\">Saison 5 \u2014 gagnante (2005)<\/div>\n<h3 style=\"margin:0 0 6px 0;font-size:17px;font-weight:700;color:#1a1a1a;letter-spacing:-0.01em;\">Magalie Va\u00e9<\/h3>\n<div style=\"margin:0;font-size:13.5px;line-height:1.55;color:#4a4a4a;\">Victorieuse \u00e0 18 ans le 16 d\u00e9cembre 2005, elle n&rsquo;a jamais abandonn\u00e9 le chant. Install\u00e9e dans le Loir-et-Cher, elle alterne tourn\u00e9es estivales et concerts plus intimistes, et a sorti l&rsquo;album <em>MV<\/em> en 2023. Elle dit aujourd&rsquo;hui se sentir \u00ab totalement \u00bb \u00e0 sa place.<\/div>\n<\/article>\n<\/div>\n<figure style=\"margin:38px auto;padding:28px 24px;text-align:center;border-top:1px solid #2a2a2a;border-bottom:1px solid #2a2a2a;max-width:640px;position:relative;font-family:Georgia,'Hoefler Text',serif;\">\n<div style=\"position:absolute;top:-20px;left:50%;transform:translateX(-50%);background:#ffffff;padding:0 14px;font-size:48px;line-height:1;color:#B11E6A;font-family:Georgia,serif;\">&laquo;<\/div>\n<blockquote style=\"margin:0;padding:0;font-size:24px;line-height:1.45;font-style:italic;color:#1a1a1a;letter-spacing:-0.005em;\"><p>\n    Quand j&rsquo;ai compris \u00e7a, je me suis dit : \u00ab En fait, tu as tout r\u00e9ussi. \u00bb<br \/>\n  <\/blockquote><figcaption style=\"margin-top:14px;font-size:12px;text-transform:uppercase;letter-spacing:2px;color:#6a6a6a;font-family:-apple-system,sans-serif;font-style:normal;\">\u2014 Magalie Va\u00e9, gagnante de la saison 5<\/figcaption><\/figure>\n<h2 style=\"font-family:-apple-system,BlinkMacSystemFont,'Segoe UI',Roboto,sans-serif;font-size:26px;font-weight:800;letter-spacing:-0.01em;color:#1a1a1a;margin:48px 0 8px;\">Saison 4 : une promotion marqu\u00e9e \u00e0 jamais<\/h2>\n<p>La quatri\u00e8me saison, diffus\u00e9e \u00e0 l&rsquo;automne 2004, reste la plus charg\u00e9e d&rsquo;\u00e9motion. Elle r\u00e9v\u00e8le un talent vocal d&rsquo;exception, dont le destin tragique a profond\u00e9ment marqu\u00e9 le public fran\u00e7ais.<\/p>\n<aside style=\"background:#FBEAF2;border-left:4px solid #B11E6A;padding:14px 18px;margin:18px 0;border-radius:0 4px 4px 0;font-family:-apple-system,BlinkMacSystemFont,'Segoe UI',Roboto,sans-serif;\">\n  <strong style=\"display:inline-block;color:#7a1448;font-size:12px;text-transform:uppercase;letter-spacing:1.5px;margin-right:8px;\">&#10022; Hommage<\/strong><br \/>\n  <span style=\"font-size:14.5px;line-height:1.55;color:#3a3a3a;\">Gr\u00e9gory Lemarchal a \u00e9t\u00e9 diagnostiqu\u00e9 d&rsquo;une mucoviscidose \u00e0 l&rsquo;\u00e2ge de vingt mois. Sa voix et son courage ont durablement sensibilis\u00e9 le grand public \u00e0 cette maladie g\u00e9n\u00e9tique.<\/span><br \/>\n<\/aside>\n<div style=\"display:grid;grid-template-columns:repeat(auto-fit,minmax(260px,1fr));gap:14px;margin:28px 0;font-family:-apple-system,BlinkMacSystemFont,'Segoe UI',Roboto,sans-serif;\">\n<article style=\"background:#fff;border:1px solid #e5e5e0;border-top:3px solid #B11E6A;border-radius:6px;padding:18px 18px 16px;\">\n<div style=\"margin:0 0 10px 0;font-size:11px;font-weight:700;text-transform:uppercase;letter-spacing:1.5px;color:#B11E6A;\">Saison 4 \u2014 gagnant (2004)<\/div>\n<h3 style=\"margin:0 0 6px 0;font-size:17px;font-weight:700;color:#1a1a1a;letter-spacing:-0.01em;\">Gr\u00e9gory Lemarchal<\/h3>\n<div style=\"margin:0;font-size:13.5px;line-height:1.55;color:#4a4a4a;\">Premier homme \u00e0 remporter le t\u00e9l\u00e9-crochet, sacr\u00e9 le 22 d\u00e9cembre 2004 avec environ 80&nbsp;% des votes, il s&rsquo;est \u00e9teint le 30 avril 2007, \u00e0 23 ans, alors qu&rsquo;il attendait une greffe des poumons. Plus de cinq mille personnes lui ont rendu hommage \u00e0 Chamb\u00e9ry. L&rsquo;Association Gr\u00e9gory Lemarchal poursuit son combat contre la mucoviscidose et pour le don d&rsquo;organes.<\/div>\n<\/article>\n<article style=\"background:#fff;border:1px solid #e5e5e0;border-top:3px solid #B11E6A;border-radius:6px;padding:18px 18px 16px;\">\n<div style=\"margin:0 0 10px 0;font-size:11px;font-weight:700;text-transform:uppercase;letter-spacing:1.5px;color:#B11E6A;\">Saison 4 \u2014 demi-finaliste<\/div>\n<h3 style=\"margin:0 0 6px 0;font-size:17px;font-weight:700;color:#1a1a1a;letter-spacing:-0.01em;\">Mathieu Johann<\/h3>\n<div style=\"margin:0;font-size:13.5px;line-height:1.55;color:#4a4a4a;\">Demi-finaliste de la saison 4, o\u00f9 il s&rsquo;incline face \u00e0 Gr\u00e9gory Lemarchal, Mathieu Johann (de son vrai nom Mathieu Lepresle) a chant\u00e9 avant de passer de l&rsquo;autre c\u00f4t\u00e9 du m\u00e9tier. Il s&rsquo;est consacr\u00e9 \u00e0 une carri\u00e8re d&rsquo;agent et de manager d&rsquo;artistes, fondant sa propre agence.<\/div>\n<\/article>\n<article style=\"background:#fff;border:1px solid #e5e5e0;border-top:3px solid #B11E6A;border-radius:6px;padding:18px 18px 16px;\">\n<div style=\"margin:0 0 10px 0;font-size:11px;font-weight:700;text-transform:uppercase;letter-spacing:1.5px;color:#B11E6A;\">Saison 4 \u2014 \u00e9l\u00e8ve<\/div>\n<h3 style=\"margin:0 0 6px 0;font-size:17px;font-weight:700;color:#1a1a1a;letter-spacing:-0.01em;\">Sofiane<\/h3>\n<div style=\"margin:0;font-size:13.5px;line-height:1.55;color:#4a4a4a;\">Sofiane Tadjine-Lambert s&rsquo;est fait conna\u00eetre dans la saison 4, sans la remporter, avant de participer \u00e0 la tourn\u00e9e du programme. Son plus gros succ\u00e8s reste \u00ab Briser mes cha\u00eenes \u00bb, titre de l&rsquo;adaptation fran\u00e7aise de <em>High School Musical<\/em>, entr\u00e9 dans le Top 10 des ventes en France en 2006.<\/div>\n<\/article>\n<\/div>\n<h2 style=\"font-family:-apple-system,BlinkMacSystemFont,'Segoe UI',Roboto,sans-serif;font-size:26px;font-weight:800;letter-spacing:-0.01em;color:#1a1a1a;margin:48px 0 8px;\">Du DJ-set aux disques de diamant : la nouvelle g\u00e9n\u00e9ration<\/h2>\n<p>Apr\u00e8s une longue interruption, TF1 ressuscite l&rsquo;\u00e9mission en 2022. La machine retrouve aussit\u00f4t son pouvoir de fabrique \u00e0 tubes \u2014 mais l&rsquo;une des trajectoires les plus surprenantes vient d&rsquo;un gagnant plus ancien, devenu DJ international.<\/p>\n<div style=\"display:grid;grid-template-columns:repeat(auto-fit,minmax(260px,1fr));gap:14px;margin:28px 0;font-family:-apple-system,BlinkMacSystemFont,'Segoe UI',Roboto,sans-serif;\">\n<article style=\"background:#fff;border:1px solid #e5e5e0;border-top:3px solid #B11E6A;border-radius:6px;padding:18px 18px 16px;\">\n<div style=\"margin:0 0 10px 0;font-size:11px;font-weight:700;text-transform:uppercase;letter-spacing:1.5px;color:#B11E6A;\">Saison 7 \u2014 gagnant (2007)<\/div>\n<h3 style=\"margin:0 0 6px 0;font-size:17px;font-weight:700;color:#1a1a1a;letter-spacing:-0.01em;\">Quentin Mosimann<\/h3>\n<div style=\"margin:0;font-size:13.5px;line-height:1.55;color:#4a4a4a;\">Gagnant de la saison 7, le Franco-Suisse a op\u00e9r\u00e9 un virage radical vers la musique \u00e9lectronique. Devenu DJ et producteur, il a \u00e9t\u00e9 class\u00e9 pendant quatre ann\u00e9es cons\u00e9cutives dans le Top 100 du magazine sp\u00e9cialis\u00e9 <em>DJ Mag<\/em> et se produit dans des clubs \u00e0 travers le monde.<\/div>\n<\/article>\n<article style=\"background:#fff;border:1px solid #e5e5e0;border-top:3px solid #B11E6A;border-radius:6px;padding:18px 18px 16px;\">\n<div style=\"margin:0 0 10px 0;font-size:11px;font-weight:700;text-transform:uppercase;letter-spacing:1.5px;color:#B11E6A;\">\u00c9dition 2022 \u2014 gagnante<\/div>\n<h3 style=\"margin:0 0 6px 0;font-size:17px;font-weight:700;color:#1a1a1a;letter-spacing:-0.01em;\">Anisha<\/h3>\n<div style=\"margin:0;font-size:13.5px;line-height:1.55;color:#4a4a4a;\">Sacr\u00e9e en novembre 2022 lors de la premi\u00e8re saison de la relance, Anisha Jo a sorti l&rsquo;album <em>Lumi\u00e8re<\/em> fin 2023. L&rsquo;accueil commercial plus discret l&rsquo;a conduite \u00e0 de nouveaux choix artistiques, dont un single en malgache rendant hommage \u00e0 son pays natal.<\/div>\n<\/article>\n<article style=\"background:#fff;border:1px solid #e5e5e0;border-top:3px solid #B11E6A;border-radius:6px;padding:18px 18px 16px;\">\n<div style=\"margin:0 0 10px 0;font-size:11px;font-weight:700;text-transform:uppercase;letter-spacing:1.5px;color:#B11E6A;\">\u00c9dition 2023 \u2014 gagnant<\/div>\n<h3 style=\"margin:0 0 6px 0;font-size:17px;font-weight:700;color:#1a1a1a;letter-spacing:-0.01em;\">Pierre Garnier<\/h3>\n<div style=\"margin:0;font-size:13.5px;line-height:1.55;color:#4a4a4a;\">Vainqueur le 3 f\u00e9vrier 2024, l&rsquo;auteur-compositeur normand a explos\u00e9 avec \u00ab Ceux qu&rsquo;on \u00e9tait \u00bb, num\u00e9ro 1 des ventes en moins de 24 heures et certifi\u00e9 single de diamant en mai 2024. Il a remport\u00e9 deux NRJ Music Awards la m\u00eame ann\u00e9e \u2014 l&rsquo;un des plus gros succ\u00e8s de l&rsquo;\u00e8re moderne du programme.<\/div>\n<\/article>\n<article style=\"background:#fff;border:1px solid #e5e5e0;border-top:3px solid #B11E6A;border-radius:6px;padding:18px 18px 16px;\">\n<div style=\"margin:0 0 10px 0;font-size:11px;font-weight:700;text-transform:uppercase;letter-spacing:1.5px;color:#B11E6A;\">Saison 12 \u2014 gagnante (2025)<\/div>\n<h3 style=\"margin:0 0 6px 0;font-size:17px;font-weight:700;color:#1a1a1a;letter-spacing:-0.01em;\">Marine<\/h3>\n<div style=\"margin:0;font-size:13.5px;line-height:1.55;color:#4a4a4a;\">Marine Delplace, originaire d&rsquo;Arras, remporte la saison 12 le 25 janvier 2025 avec 65&nbsp;% des votes. Son premier album <em>C\u0153ur maladroit<\/em>, sorti en juin 2025 (collaborations avec Eddy de Pretto et Joseph Kamel), a \u00e9t\u00e9 certifi\u00e9 disque de platine d\u00e9but 2026.<\/div>\n<\/article>\n<article style=\"background:#fff;border:1px solid #e5e5e0;border-top:3px solid #B11E6A;border-radius:6px;padding:18px 18px 16px;\">\n<div style=\"margin:0 0 10px 0;font-size:11px;font-weight:700;text-transform:uppercase;letter-spacing:1.5px;color:#B11E6A;\">Saison 13 \u2014 gagnante (2026)<\/div>\n<h3 style=\"margin:0 0 6px 0;font-size:17px;font-weight:700;color:#1a1a1a;letter-spacing:-0.01em;\">Ambre<\/h3>\n<div style=\"margin:0;font-size:13.5px;line-height:1.55;color:#4a4a4a;\">Derni\u00e8re laur\u00e9ate en date, Ambre a remport\u00e9 la finale de la saison 13 le 7 f\u00e9vrier 2026 avec 59&nbsp;% des voix, face \u00e0 L\u00e9a. Elle a succ\u00e9d\u00e9 \u00e0 Marine et d\u00e9croche, comme ses pr\u00e9d\u00e9cesseurs r\u00e9cents, un contrat avec Sony Music France pour produire son premier album.<\/div>\n<\/article>\n<\/div>\n<aside style=\"background:#fff7e0;border-left:4px solid #d4a017;padding:14px 18px;margin:18px 0;border-radius:0 4px 4px 0;font-family:-apple-system,BlinkMacSystemFont,'Segoe UI',Roboto,sans-serif;\">\n  <strong style=\"display:inline-block;color:#7a5e00;font-size:12px;text-transform:uppercase;letter-spacing:1.5px;margin-right:8px;\">&#128161; Bon \u00e0 savoir<\/strong><br \/>\n  <span style=\"font-size:14.5px;line-height:1.55;color:#3a3a3a;\">Depuis la relance de 2022, chaque gagnant signe avec Sony Music France et b\u00e9n\u00e9ficie d&rsquo;une avance de 100&nbsp;000&nbsp;euros pour financer un premier album studio.<\/span><br \/>\n<\/aside>\n<h2 style=\"font-family:-apple-system,BlinkMacSystemFont,'Segoe UI',Roboto,sans-serif;font-size:26px;font-weight:800;letter-spacing:-0.01em;color:#1a1a1a;margin:48px 0 8px;\">R\u00e9capitulatif : saison par saison<\/h2>\n<p>Pour s&rsquo;y retrouver d&rsquo;un coup d&rsquo;\u0153il, voici le devenir r\u00e9sum\u00e9 des quatorze anciens \u00e9l\u00e8ves \u00e9voqu\u00e9s, class\u00e9s par ordre chronologique de leur passage dans l&rsquo;\u00e9mission.<\/p>\n<figure style=\"margin:32px 0;font-family:-apple-system,BlinkMacSystemFont,'Segoe UI',Roboto,sans-serif;\">\n<div style=\"overflow-x:auto;border:1px solid #e5e5e0;border-radius:8px;\">\n<table style=\"width:100%;border-collapse:collapse;font-size:14px;color:#2a2a2a;min-width:560px;\">\n<thead>\n<tr style=\"background:#1a1a1a;color:#fff;\">\n<th style=\"text-align:left;padding:14px 18px;font-weight:700;font-size:12px;text-transform:uppercase;letter-spacing:1.5px;\">Artiste<\/th>\n<th style=\"text-align:left;padding:14px 18px;font-weight:700;font-size:12px;text-transform:uppercase;letter-spacing:1.5px;\">Saison<\/th>\n<th style=\"text-align:left;padding:14px 18px;font-weight:700;font-size:12px;text-transform:uppercase;letter-spacing:1.5px;\">Aujourd&rsquo;hui<\/th>\n<\/tr>\n<\/thead>\n<tbody>\n<tr style=\"background:#fff;border-bottom:1px solid #f0ede5;\">\n<td style=\"padding:14px 18px;font-weight:600;\">Jenifer<\/td>\n<td style=\"padding:14px 18px;color:#4a4a4a;\">S1 \u2014 gagnante (2002)<\/td>\n<td style=\"padding:14px 18px;color:#4a4a4a;\">Chanteuse star, actrice, coach <em>The Voice<\/em><\/td>\n<\/tr>\n<tr style=\"background:#fafaf7;border-bottom:1px solid #f0ede5;\">\n<td style=\"padding:14px 18px;font-weight:600;\">Mario Barravecchia<\/td>\n<td style=\"padding:14px 18px;color:#4a4a4a;\">S1 \u2014 finaliste<\/td>\n<td style=\"padding:14px 18px;color:#4a4a4a;\">Reconversion (musique puis entrepreneuriat)<\/td>\n<\/tr>\n<tr style=\"background:#fff;border-bottom:1px solid #f0ede5;\">\n<td style=\"padding:14px 18px;font-weight:600;\">Nolwenn Leroy<\/td>\n<td style=\"padding:14px 18px;color:#4a4a4a;\">S2 \u2014 gagnante (2002)<\/td>\n<td style=\"padding:14px 18px;color:#4a4a4a;\">Autrice-compositrice, r\u00e9pertoire celtique<\/td>\n<\/tr>\n<tr style=\"background:#fafaf7;border-bottom:1px solid #f0ede5;\">\n<td style=\"padding:14px 18px;font-weight:600;\">Emma Daumas<\/td>\n<td style=\"padding:14px 18px;color:#4a4a4a;\">S2 \u2014 demi-finaliste<\/td>\n<td style=\"padding:14px 18px;color:#4a4a4a;\">Retour \u00e0 la sc\u00e8ne et \u00e0 la cr\u00e9ation<\/td>\n<\/tr>\n<tr style=\"background:#fff;border-bottom:1px solid #f0ede5;\">\n<td style=\"padding:14px 18px;font-weight:600;\">\u00c9lodie Fr\u00e9g\u00e9<\/td>\n<td style=\"padding:14px 18px;color:#4a4a4a;\">S3 \u2014 gagnante (2003)<\/td>\n<td style=\"padding:14px 18px;color:#4a4a4a;\">Chanteuse et actrice (cin\u00e9ma, s\u00e9ries)<\/td>\n<\/tr>\n<tr style=\"background:#fafaf7;border-bottom:1px solid #f0ede5;\">\n<td style=\"padding:14px 18px;font-weight:600;\">Gr\u00e9gory Lemarchal<\/td>\n<td style=\"padding:14px 18px;color:#4a4a4a;\">S4 \u2014 gagnant (2004)<\/td>\n<td style=\"padding:14px 18px;color:#4a4a4a;\">D\u00e9c\u00e9d\u00e9 le 30 avril 2007 ; fondation \u00e0 son nom<\/td>\n<\/tr>\n<tr style=\"background:#fff;border-bottom:1px solid #f0ede5;\">\n<td style=\"padding:14px 18px;font-weight:600;\">Mathieu Johann<\/td>\n<td style=\"padding:14px 18px;color:#4a4a4a;\">S4 \u2014 demi-finaliste<\/td>\n<td style=\"padding:14px 18px;color:#4a4a4a;\">Agent et manager d&rsquo;artistes<\/td>\n<\/tr>\n<tr style=\"background:#fafaf7;border-bottom:1px solid #f0ede5;\">\n<td style=\"padding:14px 18px;font-weight:600;\">Sofiane<\/td>\n<td style=\"padding:14px 18px;color:#4a4a4a;\">S4 \u2014 \u00e9l\u00e8ve<\/td>\n<td style=\"padding:14px 18px;color:#4a4a4a;\">Tube \u00ab Briser mes cha\u00eenes \u00bb (<em>High School Musical<\/em>)<\/td>\n<\/tr>\n<tr style=\"background:#fff;border-bottom:1px solid #f0ede5;\">\n<td style=\"padding:14px 18px;font-weight:600;\">Magalie Va\u00e9<\/td>\n<td style=\"padding:14px 18px;color:#4a4a4a;\">S5 \u2014 gagnante (2005)<\/td>\n<td style=\"padding:14px 18px;color:#4a4a4a;\">Chanteuse en tourn\u00e9e, album <em>MV<\/em> (2023)<\/td>\n<\/tr>\n<tr style=\"background:#fafaf7;border-bottom:1px solid #f0ede5;\">\n<td style=\"padding:14px 18px;font-weight:600;\">Quentin Mosimann<\/td>\n<td style=\"padding:14px 18px;color:#4a4a4a;\">S7 \u2014 gagnant (2007)<\/td>\n<td style=\"padding:14px 18px;color:#4a4a4a;\">DJ et producteur international<\/td>\n<\/tr>\n<tr style=\"background:#fff;border-bottom:1px solid #f0ede5;\">\n<td style=\"padding:14px 18px;font-weight:600;\">Anisha<\/td>\n<td style=\"padding:14px 18px;color:#4a4a4a;\">2022 \u2014 gagnante<\/td>\n<td style=\"padding:14px 18px;color:#4a4a4a;\">Album <em>Lumi\u00e8re<\/em>, nouveaux projets<\/td>\n<\/tr>\n<tr style=\"background:#fafaf7;border-bottom:1px solid #f0ede5;\">\n<td style=\"padding:14px 18px;font-weight:600;\">Pierre Garnier<\/td>\n<td style=\"padding:14px 18px;color:#4a4a4a;\">2023 \u2014 gagnant<\/td>\n<td style=\"padding:14px 18px;color:#4a4a4a;\">\u00ab Ceux qu&rsquo;on \u00e9tait \u00bb diamant, 2 NRJ Awards<\/td>\n<\/tr>\n<tr style=\"background:#fff;border-bottom:1px solid #f0ede5;\">\n<td style=\"padding:14px 18px;font-weight:600;\">Marine<\/td>\n<td style=\"padding:14px 18px;color:#4a4a4a;\">S12 \u2014 gagnante (2025)<\/td>\n<td style=\"padding:14px 18px;color:#4a4a4a;\">Album <em>C\u0153ur maladroit<\/em> certifi\u00e9 platine<\/td>\n<\/tr>\n<tr style=\"background:#fafaf7;\">\n<td style=\"padding:14px 18px;font-weight:600;\">Ambre<\/td>\n<td style=\"padding:14px 18px;color:#4a4a4a;\">S13 \u2014 gagnante (2026)<\/td>\n<td style=\"padding:14px 18px;color:#4a4a4a;\">Premier album en pr\u00e9paration (Sony Music)<\/td>\n<\/tr>\n<\/tbody>\n<\/table><\/div>\n<\/figure>\n<aside style=\"background:#FBEAF2;border-left:4px solid #B11E6A;padding:14px 18px;margin:18px 0;border-radius:0 4px 4px 0;font-family:-apple-system,BlinkMacSystemFont,'Segoe UI',Roboto,sans-serif;\">\n  <strong style=\"display:inline-block;color:#7a1448;font-size:12px;text-transform:uppercase;letter-spacing:1.5px;margin-right:8px;\">&#10022; \u00c0 noter<\/strong><br \/>\n  <span style=\"font-size:14.5px;line-height:1.55;color:#3a3a3a;\">Tous les visages marquants ne sont pas des gagnants : Emma Daumas, Mathieu Johann ou Sofiane ont parfois laiss\u00e9 une empreinte plus forte que certains laur\u00e9ats de leur propre saison.<\/span><br \/>\n<\/aside>\n<section style=\"margin:32px 0;font-family:-apple-system,BlinkMacSystemFont,'Segoe UI',Roboto,sans-serif;\">\n<h2 style=\"margin:0 0 18px 0;font-size:22px;font-weight:800;color:#1a1a1a;letter-spacing:-0.01em;\">Questions fr\u00e9quentes<\/h2>\n<div style=\"border-top:1px solid #d4cfc4;\">\n<details style=\"border-bottom:1px solid #d4cfc4;padding:0;\">\n<summary style=\"cursor:pointer;padding:16px 0;font-size:17px;font-weight:700;color:#1a1a1a;list-style:none;display:flex;justify-content:space-between;align-items:center;gap:14px;\">\n        <span>Qui a gagn\u00e9 la toute premi\u00e8re saison de la Star Academy ?<\/span><br \/>\n        <span style=\"font-size:22px;font-weight:300;color:#B11E6A;line-height:1;\">+<\/span><br \/>\n      <\/summary>\n<div style=\"padding:0 0 16px 0;font-size:15px;line-height:1.7;color:#4a4a4a;\">C&rsquo;est Jenifer Bartoli qui a remport\u00e9 la premi\u00e8re saison, lors de la finale diffus\u00e9e le 12 janvier 2002 sur TF1, face \u00e0 Mario Barravecchia. Elle est aujourd&rsquo;hui l&rsquo;une des chanteuses les plus install\u00e9es issues du programme.<\/div>\n<\/details>\n<details style=\"border-bottom:1px solid #d4cfc4;padding:0;\">\n<summary style=\"cursor:pointer;padding:16px 0;font-size:17px;font-weight:700;color:#1a1a1a;list-style:none;display:flex;justify-content:space-between;align-items:center;gap:14px;\">\n        <span>Comment est mort Gr\u00e9gory Lemarchal ?<\/span><br \/>\n        <span style=\"font-size:22px;font-weight:300;color:#B11E6A;line-height:1;\">+<\/span><br \/>\n      <\/summary>\n<div style=\"padding:0 0 16px 0;font-size:15px;line-height:1.7;color:#4a4a4a;\">Gr\u00e9gory Lemarchal, gagnant de la saison 4 en 2004, souffrait de mucoviscidose depuis l&rsquo;\u00e2ge de vingt mois. Il est d\u00e9c\u00e9d\u00e9 le 30 avril 2007, \u00e0 23 ans, alors qu&rsquo;il \u00e9tait hospitalis\u00e9 en attente d&rsquo;une greffe des poumons. Une association portant son nom poursuit son combat pour le don d&rsquo;organes.<\/div>\n<\/details>\n<details style=\"border-bottom:1px solid #d4cfc4;padding:0;\">\n<summary style=\"cursor:pointer;padding:16px 0;font-size:17px;font-weight:700;color:#1a1a1a;list-style:none;display:flex;justify-content:space-between;align-items:center;gap:14px;\">\n        <span>Quel ancien \u00e9l\u00e8ve a connu le plus grand succ\u00e8s r\u00e9cent ?<\/span><br \/>\n        <span style=\"font-size:22px;font-weight:300;color:#B11E6A;line-height:1;\">+<\/span><br \/>\n      <\/summary>\n<div style=\"padding:0 0 16px 0;font-size:15px;line-height:1.7;color:#4a4a4a;\">Depuis la relance de 2022, Pierre Garnier (gagnant 2023) signe le plus gros succ\u00e8s avec son single \u00ab Ceux qu&rsquo;on \u00e9tait \u00bb, num\u00e9ro 1 des ventes et certifi\u00e9 single de diamant en 2024. Marine, gagnante de la saison 12, a suivi avec un album certifi\u00e9 platine.<\/div>\n<\/details>\n<details style=\"border-bottom:1px solid #d4cfc4;padding:0;\">\n<summary style=\"cursor:pointer;padding:16px 0;font-size:17px;font-weight:700;color:#1a1a1a;list-style:none;display:flex;justify-content:space-between;align-items:center;gap:14px;\">\n        <span>Tous les anciens \u00e9l\u00e8ves sont-ils rest\u00e9s chanteurs ?<\/span><br \/>\n        <span style=\"font-size:22px;font-weight:300;color:#B11E6A;line-height:1;\">+<\/span><br \/>\n      <\/summary>\n<div style=\"padding:0 0 16px 0;font-size:15px;line-height:1.7;color:#4a4a4a;\">Non. Certains ont chang\u00e9 de voie : Quentin Mosimann est devenu DJ et producteur international, Mathieu Johann s&rsquo;est tourn\u00e9 vers le m\u00e9tier d&rsquo;agent et de manager d&rsquo;artistes, tandis que d&rsquo;autres se sont \u00e9loign\u00e9s des plateaux ou ont men\u00e9 une carri\u00e8re plus discr\u00e8te.<\/div>\n<\/details>\n<details style=\"border-bottom:1px solid #d4cfc4;padding:0;\">\n<summary style=\"cursor:pointer;padding:16px 0;font-size:17px;font-weight:700;color:#1a1a1a;list-style:none;display:flex;justify-content:space-between;align-items:center;gap:14px;\">\n        <span>Qui est la derni\u00e8re gagnante de la Star Academy ?<\/span><br \/>\n        <span style=\"font-size:22px;font-weight:300;color:#B11E6A;line-height:1;\">+<\/span><br \/>\n      <\/summary>\n<div style=\"padding:0 0 16px 0;font-size:15px;line-height:1.7;color:#4a4a4a;\">La derni\u00e8re laur\u00e9ate en date est Ambre, victorieuse de la saison 13 lors de la finale du 7 f\u00e9vrier 2026 avec 59&nbsp;% des voix, face \u00e0 L\u00e9a. Comme les gagnants r\u00e9cents, elle a d\u00e9croch\u00e9 un contrat avec Sony Music France pour produire son premier album.<\/div>\n<\/details><\/div>\n<\/section>\n<p style=\"font-size:13px;color:#6a6a6a;margin-top:32px;\">Sources : Wikip\u00e9dia et donn\u00e9es publiques. Article mis \u00e0 jour r\u00e9guli\u00e8rement.<\/p>\n","protected":false},"excerpt":{"rendered":"","protected":false},"author":40,"featured_media":8089,"comment_status":"open","ping_status":"open","sticky":false,"template":"","format":"standard","meta":{"_acf_changed":false,"manual_indexmenow":false,"indexmenow_id_project":0,"footnotes":""},"categories":[4524],"tags":[],"class_list":["post-8044","post","type-post","status-publish","format-standard","has-post-thumbnail","hentry","category-celebrites-et-influence-en-france","generate-columns","tablet-grid-50","mobile-grid-100","grid-parent","grid-25"],"acf":[],"yoast_head":"<!-- This site is optimized with the Yoast SEO Premium plugin v21.3 (Yoast SEO v26.5) - https:\/\/yoast.com\/wordpress\/plugins\/seo\/ -->\n<title>Star Academy : que sont devenus les anciens \u00e9l\u00e8ves les plus marquants ?<\/title>\n<meta name=\"description\" content=\"Au d\u00e9but des ann\u00e9es 2000, le \u00ab ch\u00e2teau \u00bb de Dammarie-les-Lys fait entrer chaque automne dix-huit inconnus dans les foyers fran\u00e7ais\" \/>\n<meta name=\"robots\" content=\"index, follow, max-snippet:-1, max-image-preview:large, max-video-preview:-1\" \/>\n<link rel=\"canonical\" href=\"https:\/\/starstory.fr\/blog\/celebrites-et-influence-en-france\/star-academy-que-sont-devenus-les-anciens-eleves-les-plus-marquants\/\" \/>\n<meta property=\"og:locale\" content=\"fr_FR\" \/>\n<meta property=\"og:type\" content=\"article\" \/>\n<meta property=\"og:title\" content=\"Star Academy : que sont devenus les anciens \u00e9l\u00e8ves les plus marquants ?\" \/>\n<meta property=\"og:description\" content=\"Au d\u00e9but des ann\u00e9es 2000, le \u00ab ch\u00e2teau \u00bb de Dammarie-les-Lys fait entrer chaque automne dix-huit inconnus dans les foyers fran\u00e7ais\" \/>\n<meta property=\"og:url\" content=\"https:\/\/starstory.fr\/blog\/celebrites-et-influence-en-france\/star-academy-que-sont-devenus-les-anciens-eleves-les-plus-marquants\/\" \/>\n<meta property=\"og:site_name\" content=\"starstory\" \/>\n<meta property=\"og:image\" content=\"https:\/\/starstory.fr\/blog\/wp-content\/uploads\/2026\/06\/sdxl-37975321f67ff1a4d2bd8645c3b5cb5c-scaled.png\" \/>\n\t<meta property=\"og:image:width\" content=\"1200\" \/>\n\t<meta property=\"og:image:height\" content=\"500\" \/>\n\t<meta property=\"og:image:type\" content=\"image\/png\" \/>\n<meta name=\"author\" content=\"Julien Vaillant\" \/>\n<meta name=\"twitter:card\" content=\"summary_large_image\" \/>\n<script type=\"application\/ld+json\" class=\"yoast-schema-graph\">{\"@context\":\"https:\/\/schema.org\",\"@graph\":[{\"@type\":\"NewsArticle\",\"@id\":\"https:\/\/starstory.fr\/blog\/celebrites-et-influence-en-france\/star-academy-que-sont-devenus-les-anciens-eleves-les-plus-marquants\/#article\",\"isPartOf\":{\"@id\":\"https:\/\/starstory.fr\/blog\/celebrites-et-influence-en-france\/star-academy-que-sont-devenus-les-anciens-eleves-les-plus-marquants\/\"},\"author\":{\"name\":\"Julien Vaillant\",\"@id\":\"https:\/\/starstory.fr\/blog\/#\/schema\/person\/62af054f7df7ce17580aee7a5c41b89c\"},\"headline\":\"Star Academy : que sont devenus les anciens \u00e9l\u00e8ves les plus marquants ?\",\"datePublished\":\"2026-06-06T11:19:07+00:00\",\"mainEntityOfPage\":{\"@id\":\"https:\/\/starstory.fr\/blog\/celebrites-et-influence-en-france\/star-academy-que-sont-devenus-les-anciens-eleves-les-plus-marquants\/\"},\"wordCount\":1656,\"commentCount\":0,\"publisher\":{\"@id\":\"https:\/\/starstory.fr\/blog\/#organization\"},\"image\":{\"@id\":\"https:\/\/starstory.fr\/blog\/celebrites-et-influence-en-france\/star-academy-que-sont-devenus-les-anciens-eleves-les-plus-marquants\/#primaryimage\"},\"thumbnailUrl\":\"https:\/\/starstory.fr\/blog\/wp-content\/uploads\/2026\/06\/sdxl-37975321f67ff1a4d2bd8645c3b5cb5c-scaled.png\",\"articleSection\":[\"C\u00e9l\u00e9brit\u00e9s et Influence en France\"],\"inLanguage\":\"fr-FR\",\"potentialAction\":[{\"@type\":\"CommentAction\",\"name\":\"Comment\",\"target\":[\"https:\/\/starstory.fr\/blog\/celebrites-et-influence-en-france\/star-academy-que-sont-devenus-les-anciens-eleves-les-plus-marquants\/#respond\"]}]},{\"@type\":\"WebPage\",\"@id\":\"https:\/\/starstory.fr\/blog\/celebrites-et-influence-en-france\/star-academy-que-sont-devenus-les-anciens-eleves-les-plus-marquants\/\",\"url\":\"https:\/\/starstory.fr\/blog\/celebrites-et-influence-en-france\/star-academy-que-sont-devenus-les-anciens-eleves-les-plus-marquants\/\",\"name\":\"Star Academy : que sont devenus les anciens \u00e9l\u00e8ves les plus marquants ?\",\"isPartOf\":{\"@id\":\"https:\/\/starstory.fr\/blog\/#website\"},\"primaryImageOfPage\":{\"@id\":\"https:\/\/starstory.fr\/blog\/celebrites-et-influence-en-france\/star-academy-que-sont-devenus-les-anciens-eleves-les-plus-marquants\/#primaryimage\"},\"image\":{\"@id\":\"https:\/\/starstory.fr\/blog\/celebrites-et-influence-en-france\/star-academy-que-sont-devenus-les-anciens-eleves-les-plus-marquants\/#primaryimage\"},\"thumbnailUrl\":\"https:\/\/starstory.fr\/blog\/wp-content\/uploads\/2026\/06\/sdxl-37975321f67ff1a4d2bd8645c3b5cb5c-scaled.png\",\"datePublished\":\"2026-06-06T11:19:07+00:00\",\"description\":\"Au d\u00e9but des ann\u00e9es 2000, le \u00ab ch\u00e2teau \u00bb de Dammarie-les-Lys fait entrer chaque automne dix-huit inconnus dans les foyers fran\u00e7ais\",\"inLanguage\":\"fr-FR\",\"potentialAction\":[{\"@type\":\"ReadAction\",\"target\":[\"https:\/\/starstory.fr\/blog\/celebrites-et-influence-en-france\/star-academy-que-sont-devenus-les-anciens-eleves-les-plus-marquants\/\"]}]},{\"@type\":\"ImageObject\",\"inLanguage\":\"fr-FR\",\"@id\":\"https:\/\/starstory.fr\/blog\/celebrites-et-influence-en-france\/star-academy-que-sont-devenus-les-anciens-eleves-les-plus-marquants\/#primaryimage\",\"url\":\"https:\/\/starstory.fr\/blog\/wp-content\/uploads\/2026\/06\/sdxl-37975321f67ff1a4d2bd8645c3b5cb5c-scaled.png\",\"contentUrl\":\"https:\/\/starstory.fr\/blog\/wp-content\/uploads\/2026\/06\/sdxl-37975321f67ff1a4d2bd8645c3b5cb5c-scaled.png\",\"width\":1200,\"height\":500},{\"@type\":\"WebSite\",\"@id\":\"https:\/\/starstory.fr\/blog\/#website\",\"url\":\"https:\/\/starstory.fr\/blog\/\",\"name\":\"StarStory\",\"description\":\"StarStory, les \u00e9toiles racontent leur histoire\",\"publisher\":{\"@id\":\"https:\/\/starstory.fr\/blog\/#organization\"},\"alternateName\":\"StarStory, les \u00e9toiles racontent leur histoire\",\"potentialAction\":[{\"@type\":\"SearchAction\",\"target\":{\"@type\":\"EntryPoint\",\"urlTemplate\":\"https:\/\/starstory.fr\/blog\/?s={search_term_string}\"},\"query-input\":{\"@type\":\"PropertyValueSpecification\",\"valueRequired\":true,\"valueName\":\"search_term_string\"}}],\"inLanguage\":\"fr-FR\"},{\"@type\":\"Organization\",\"@id\":\"https:\/\/starstory.fr\/blog\/#organization\",\"name\":\"StarStory\",\"alternateName\":\"StarStory.fr\",\"url\":\"https:\/\/starstory.fr\/blog\/\",\"logo\":{\"@type\":\"ImageObject\",\"inLanguage\":\"fr-FR\",\"@id\":\"https:\/\/starstory.fr\/blog\/#\/schema\/logo\/image\/\",\"url\":\"https:\/\/starstory.fr\/blog\/wp-content\/uploads\/2024\/12\/38.png\",\"contentUrl\":\"https:\/\/starstory.fr\/blog\/wp-content\/uploads\/2024\/12\/38.png\",\"width\":500,\"height\":500,\"caption\":\"StarStory\"},\"image\":{\"@id\":\"https:\/\/starstory.fr\/blog\/#\/schema\/logo\/image\/\"}},{\"@type\":\"Person\",\"@id\":\"https:\/\/starstory.fr\/blog\/#\/schema\/person\/62af054f7df7ce17580aee7a5c41b89c\",\"name\":\"Julien Vaillant\",\"image\":{\"@type\":\"ImageObject\",\"inLanguage\":\"fr-FR\",\"@id\":\"https:\/\/starstory.fr\/blog\/#\/schema\/person\/image\/\",\"url\":\"https:\/\/secure.gravatar.com\/avatar\/?s=96&d=mm&r=g\",\"contentUrl\":\"https:\/\/secure.gravatar.com\/avatar\/?s=96&d=mm&r=g\",\"caption\":\"Julien Vaillant\"},\"description\":\"Julien met en lumi\u00e8re les acteurs, r\u00e9alisateurs et r\u00f4les embl\u00e9matiques qui ont marqu\u00e9 les \u00e9poques.\",\"url\":\"https:\/\/starstory.fr\/blog\/auteur\/julien-bernard\/\"}]}<\/script>\n<!-- \/ Yoast SEO Premium plugin. -->","yoast_head_json":{"title":"Star Academy : que sont devenus les anciens \u00e9l\u00e8ves les plus marquants ?","description":"Au d\u00e9but des ann\u00e9es 2000, le \u00ab ch\u00e2teau \u00bb de Dammarie-les-Lys fait entrer chaque automne dix-huit inconnus dans les foyers fran\u00e7ais","robots":{"index":"index","follow":"follow","max-snippet":"max-snippet:-1","max-image-preview":"max-image-preview:large","max-video-preview":"max-video-preview:-1"},"canonical":"https:\/\/starstory.fr\/blog\/celebrites-et-influence-en-france\/star-academy-que-sont-devenus-les-anciens-eleves-les-plus-marquants\/","og_locale":"fr_FR","og_type":"article","og_title":"Star Academy : que sont devenus les anciens \u00e9l\u00e8ves les plus marquants ?","og_description":"Au d\u00e9but des ann\u00e9es 2000, le \u00ab ch\u00e2teau \u00bb de Dammarie-les-Lys fait entrer chaque automne dix-huit inconnus dans les foyers fran\u00e7ais","og_url":"https:\/\/starstory.fr\/blog\/celebrites-et-influence-en-france\/star-academy-que-sont-devenus-les-anciens-eleves-les-plus-marquants\/","og_site_name":"starstory","og_image":[{"width":1200,"height":500,"url":"https:\/\/starstory.fr\/blog\/wp-content\/uploads\/2026\/06\/sdxl-37975321f67ff1a4d2bd8645c3b5cb5c-scaled.png","type":"image\/png"}],"author":"Julien Vaillant","twitter_card":"summary_large_image","schema":{"@context":"https:\/\/schema.org","@graph":[{"@type":"NewsArticle","@id":"https:\/\/starstory.fr\/blog\/celebrites-et-influence-en-france\/star-academy-que-sont-devenus-les-anciens-eleves-les-plus-marquants\/#article","isPartOf":{"@id":"https:\/\/starstory.fr\/blog\/celebrites-et-influence-en-france\/star-academy-que-sont-devenus-les-anciens-eleves-les-plus-marquants\/"},"author":{"name":"Julien Vaillant","@id":"https:\/\/starstory.fr\/blog\/#\/schema\/person\/62af054f7df7ce17580aee7a5c41b89c"},"headline":"Star Academy : que sont devenus les anciens \u00e9l\u00e8ves les plus marquants ?","datePublished":"2026-06-06T11:19:07+00:00","mainEntityOfPage":{"@id":"https:\/\/starstory.fr\/blog\/celebrites-et-influence-en-france\/star-academy-que-sont-devenus-les-anciens-eleves-les-plus-marquants\/"},"wordCount":1656,"commentCount":0,"publisher":{"@id":"https:\/\/starstory.fr\/blog\/#organization"},"image":{"@id":"https:\/\/starstory.fr\/blog\/celebrites-et-influence-en-france\/star-academy-que-sont-devenus-les-anciens-eleves-les-plus-marquants\/#primaryimage"},"thumbnailUrl":"https:\/\/starstory.fr\/blog\/wp-content\/uploads\/2026\/06\/sdxl-37975321f67ff1a4d2bd8645c3b5cb5c-scaled.png","articleSection":["C\u00e9l\u00e9brit\u00e9s et Influence en France"],"inLanguage":"fr-FR","potentialAction":[{"@type":"CommentAction","name":"Comment","target":["https:\/\/starstory.fr\/blog\/celebrites-et-influence-en-france\/star-academy-que-sont-devenus-les-anciens-eleves-les-plus-marquants\/#respond"]}]},{"@type":"WebPage","@id":"https:\/\/starstory.fr\/blog\/celebrites-et-influence-en-france\/star-academy-que-sont-devenus-les-anciens-eleves-les-plus-marquants\/","url":"https:\/\/starstory.fr\/blog\/celebrites-et-influence-en-france\/star-academy-que-sont-devenus-les-anciens-eleves-les-plus-marquants\/","name":"Star Academy : que sont devenus les anciens \u00e9l\u00e8ves les plus marquants ?","isPartOf":{"@id":"https:\/\/starstory.fr\/blog\/#website"},"primaryImageOfPage":{"@id":"https:\/\/starstory.fr\/blog\/celebrites-et-influence-en-france\/star-academy-que-sont-devenus-les-anciens-eleves-les-plus-marquants\/#primaryimage"},"image":{"@id":"https:\/\/starstory.fr\/blog\/celebrites-et-influence-en-france\/star-academy-que-sont-devenus-les-anciens-eleves-les-plus-marquants\/#primaryimage"},"thumbnailUrl":"https:\/\/starstory.fr\/blog\/wp-content\/uploads\/2026\/06\/sdxl-37975321f67ff1a4d2bd8645c3b5cb5c-scaled.png","datePublished":"2026-06-06T11:19:07+00:00","description":"Au d\u00e9but des ann\u00e9es 2000, le \u00ab ch\u00e2teau \u00bb de Dammarie-les-Lys fait entrer chaque automne dix-huit inconnus dans les foyers fran\u00e7ais","inLanguage":"fr-FR","potentialAction":[{"@type":"ReadAction","target":["https:\/\/starstory.fr\/blog\/celebrites-et-influence-en-france\/star-academy-que-sont-devenus-les-anciens-eleves-les-plus-marquants\/"]}]},{"@type":"ImageObject","inLanguage":"fr-FR","@id":"https:\/\/starstory.fr\/blog\/celebrites-et-influence-en-france\/star-academy-que-sont-devenus-les-anciens-eleves-les-plus-marquants\/#primaryimage","url":"https:\/\/starstory.fr\/blog\/wp-content\/uploads\/2026\/06\/sdxl-37975321f67ff1a4d2bd8645c3b5cb5c-scaled.png","contentUrl":"https:\/\/starstory.fr\/blog\/wp-content\/uploads\/2026\/06\/sdxl-37975321f67ff1a4d2bd8645c3b5cb5c-scaled.png","width":1200,"height":500},{"@type":"WebSite","@id":"https:\/\/starstory.fr\/blog\/#website","url":"https:\/\/starstory.fr\/blog\/","name":"StarStory","description":"StarStory, les \u00e9toiles racontent leur histoire","publisher":{"@id":"https:\/\/starstory.fr\/blog\/#organization"},"alternateName":"StarStory, les \u00e9toiles racontent leur histoire","potentialAction":[{"@type":"SearchAction","target":{"@type":"EntryPoint","urlTemplate":"https:\/\/starstory.fr\/blog\/?s={search_term_string}"},"query-input":{"@type":"PropertyValueSpecification","valueRequired":true,"valueName":"search_term_string"}}],"inLanguage":"fr-FR"},{"@type":"Organization","@id":"https:\/\/starstory.fr\/blog\/#organization","name":"StarStory","alternateName":"StarStory.fr","url":"https:\/\/starstory.fr\/blog\/","logo":{"@type":"ImageObject","inLanguage":"fr-FR","@id":"https:\/\/starstory.fr\/blog\/#\/schema\/logo\/image\/","url":"https:\/\/starstory.fr\/blog\/wp-content\/uploads\/2024\/12\/38.png","contentUrl":"https:\/\/starstory.fr\/blog\/wp-content\/uploads\/2024\/12\/38.png","width":500,"height":500,"caption":"StarStory"},"image":{"@id":"https:\/\/starstory.fr\/blog\/#\/schema\/logo\/image\/"}},{"@type":"Person","@id":"https:\/\/starstory.fr\/blog\/#\/schema\/person\/62af054f7df7ce17580aee7a5c41b89c","name":"Julien Vaillant","image":{"@type":"ImageObject","inLanguage":"fr-FR","@id":"https:\/\/starstory.fr\/blog\/#\/schema\/person\/image\/","url":"https:\/\/secure.gravatar.com\/avatar\/?s=96&d=mm&r=g","contentUrl":"https:\/\/secure.gravatar.com\/avatar\/?s=96&d=mm&r=g","caption":"Julien Vaillant"},"description":"Julien met en lumi\u00e8re les acteurs, r\u00e9alisateurs et r\u00f4les embl\u00e9matiques qui ont marqu\u00e9 les \u00e9poques.","url":"https:\/\/starstory.fr\/blog\/auteur\/julien-bernard\/"}]}},"_links":{"self":[{"href":"https:\/\/starstory.fr\/blog\/wp-json\/wp\/v2\/posts\/8044","targetHints":{"allow":["GET"]}}],"collection":[{"href":"https:\/\/starstory.fr\/blog\/wp-json\/wp\/v2\/posts"}],"about":[{"href":"https:\/\/starstory.fr\/blog\/wp-json\/wp\/v2\/types\/post"}],"author":[{"embeddable":true,"href":"https:\/\/starstory.fr\/blog\/wp-json\/wp\/v2\/users\/40"}],"replies":[{"embeddable":true,"href":"https:\/\/starstory.fr\/blog\/wp-json\/wp\/v2\/comments?post=8044"}],"version-history":[{"count":0,"href":"https:\/\/starstory.fr\/blog\/wp-json\/wp\/v2\/posts\/8044\/revisions"}],"wp:featuredmedia":[{"embeddable":true,"href":"https:\/\/starstory.fr\/blog\/wp-json\/wp\/v2\/media\/8089"}],"wp:attachment":[{"href":"https:\/\/starstory.fr\/blog\/wp-json\/wp\/v2\/media?parent=8044"}],"wp:term":[{"taxonomy":"category","embeddable":true,"href":"https:\/\/starstory.fr\/blog\/wp-json\/wp\/v2\/categories?post=8044"},{"taxonomy":"post_tag","embeddable":true,"href":"https:\/\/starstory.fr\/blog\/wp-json\/wp\/v2\/tags?post=8044"}],"curies":[{"name":"wp","href":"https:\/\/api.w.org\/{rel}","templated":true}]}}