{"id":8041,"date":"2026-06-06T13:18:25","date_gmt":"2026-06-06T11:18:25","guid":{"rendered":"https:\/\/starstory.fr\/blog\/celebrites-et-influence-en-france\/les-miss-france-devenues-celebres-ces-reines-de-beaute-au-destin-media\/"},"modified":"2026-06-06T13:18:25","modified_gmt":"2026-06-06T11:18:25","slug":"les-miss-france-devenues-celebres-ces-reines-de-beaute-au-destin-media","status":"publish","type":"post","link":"https:\/\/starstory.fr\/blog\/celebrites-et-influence-en-france\/les-miss-france-devenues-celebres-ces-reines-de-beaute-au-destin-media\/","title":{"rendered":"Les Miss France devenues c\u00e9l\u00e8bres : ces reines de beaut\u00e9 au destin m\u00e9diatique"},"content":{"rendered":"<aside style=\"background:#FBEAF2;border-left:5px solid #B11E6A;padding:22px 28px;margin:24px 0;font-family:-apple-system,BlinkMacSystemFont,'Segoe UI',Roboto,sans-serif;\">\n<div style=\"margin:0;font-size:19px;line-height:1.55;color:#2a2a2a;font-weight:500;letter-spacing:-0.005em;\">\n    Le titre de Miss France n&rsquo;est jamais une fin en soi : pour beaucoup de laur\u00e9ates, l&rsquo;\u00e9charpe a servi de tremplin. De Sonia Rolland devenue actrice et r\u00e9alisatrice \u00e0 Marine Lorphelin aujourd&rsquo;hui m\u00e9decin g\u00e9n\u00e9raliste, en passant par Iris Mittenaere couronn\u00e9e Miss Univers, voici douze figures du concours dont le destin m\u00e9diatique a largement d\u00e9bord\u00e9 le cadre du podium.\n  <\/div>\n<\/aside>\n<p>Depuis sa cr\u00e9ation, le concours Miss France a sacr\u00e9 des dizaines de jeunes femmes, mais toutes n&rsquo;ont pas connu le m\u00eame destin apr\u00e8s la fin de leur r\u00e8gne. Certaines sont devenues animatrices de t\u00e9l\u00e9vision, d&rsquo;autres chanteuses, actrices, m\u00e9decins, ou encore dirigeantes de l&rsquo;organisation elle-m\u00eame. Ce qui r\u00e9unit les reines de beaut\u00e9 pr\u00e9sent\u00e9es ici, c&rsquo;est cette capacit\u00e9 \u00e0 transformer une notori\u00e9t\u00e9 \u00e9ph\u00e9m\u00e8re en carri\u00e8re durable. Voici un tour d&rsquo;horizon factuel de douze Miss France (et figures embl\u00e9matiques du concours) au parcours marquant.<\/p>\n<h2 style=\"font-family:-apple-system,BlinkMacSystemFont,'Segoe UI',Roboto,sans-serif;font-size:27px;font-weight:800;color:#1a1a1a;letter-spacing:-0.01em;margin:48px 0 8px;\">Les Miss France au destin m\u00e9diatique<\/h2>\n<p>Chaque fiche ci-dessous indique l&rsquo;ann\u00e9e du titre et le parcours suivi apr\u00e8s le concours. Les informations sont issues de sources publiques et de Wikip\u00e9dia.<\/p>\n<p><!-- GRID CARDS --><\/p>\n<div style=\"display:grid;grid-template-columns:repeat(auto-fit,minmax(260px,1fr));gap:14px;margin:28px 0;font-family:-apple-system,BlinkMacSystemFont,'Segoe UI',Roboto,sans-serif;\">\n<article style=\"background:#fff;border:1px solid #e5e5e0;border-top:3px solid #B11E6A;border-radius:6px;padding:18px 18px 16px;\">\n<div style=\"display:inline-block;background:#FBEAF2;color:#B11E6A;font-size:11px;font-weight:700;letter-spacing:1.5px;text-transform:uppercase;padding:4px 9px;border-radius:20px;margin-bottom:10px;\">Miss France 2016<\/div>\n<h3 style=\"margin:0 0 6px 0;font-size:17px;font-weight:700;color:#1a1a1a;letter-spacing:-0.01em;\">Iris Mittenaere<\/h3>\n<div style=\"margin:0;font-size:13.5px;line-height:1.55;color:#4a4a4a;\">\u00c9lue Miss France 2016, elle devient en janvier 2017 la premi\u00e8re Fran\u00e7aise couronn\u00e9e Miss Univers depuis Christiane Martel en 1953. Devenue animatrice t\u00e9l\u00e9 (Ninja Warrior sur TF1) et radio, finaliste de Danse avec les stars.<\/div>\n<\/article>\n<article style=\"background:#fff;border:1px solid #e5e5e0;border-top:3px solid #B11E6A;border-radius:6px;padding:18px 18px 16px;\">\n<div style=\"display:inline-block;background:#FBEAF2;color:#B11E6A;font-size:11px;font-weight:700;letter-spacing:1.5px;text-transform:uppercase;padding:4px 9px;border-radius:20px;margin-bottom:10px;\">Miss France 2013<\/div>\n<h3 style=\"margin:0 0 6px 0;font-size:17px;font-weight:700;color:#1a1a1a;letter-spacing:-0.01em;\">Marine Lorphelin<\/h3>\n<div style=\"margin:0;font-size:13.5px;line-height:1.55;color:#4a4a4a;\">Couronn\u00e9e fin 2012 pour la Bourgogne, 1re dauphine de Miss Monde 2013. Elle a men\u00e9 ses \u00e9tudes de m\u00e9decine \u00e0 Lyon puis Paris et est aujourd&rsquo;hui m\u00e9decin g\u00e9n\u00e9raliste, pr\u00e9sente \u00e0 la t\u00e9l\u00e9vision sur les sujets de sant\u00e9 et pr\u00e9vention.<\/div>\n<\/article>\n<article style=\"background:#fff;border:1px solid #e5e5e0;border-top:3px solid #B11E6A;border-radius:6px;padding:18px 18px 16px;\">\n<div style=\"display:inline-block;background:#FBEAF2;color:#B11E6A;font-size:11px;font-weight:700;letter-spacing:1.5px;text-transform:uppercase;padding:4px 9px;border-radius:20px;margin-bottom:10px;\">Miss France 2002<\/div>\n<h3 style=\"margin:0 0 6px 0;font-size:17px;font-weight:700;color:#1a1a1a;letter-spacing:-0.01em;\">Sylvie Tellier<\/h3>\n<div style=\"margin:0;font-size:13.5px;line-height:1.55;color:#4a4a4a;\">Miss France 2002, elle rejoint la soci\u00e9t\u00e9 Miss France en 2005 et en devient directrice g\u00e9n\u00e9rale de 2007 \u00e0 2022. Pendant quinze ans, elle a \u00e9t\u00e9 le visage de l&rsquo;organisation, avant de c\u00e9der sa place \u00e0 Cindy Fabre.<\/div>\n<\/article>\n<article style=\"background:#fff;border:1px solid #e5e5e0;border-top:3px solid #B11E6A;border-radius:6px;padding:18px 18px 16px;\">\n<div style=\"display:inline-block;background:#FBEAF2;color:#B11E6A;font-size:11px;font-weight:700;letter-spacing:1.5px;text-transform:uppercase;padding:4px 9px;border-radius:20px;margin-bottom:10px;\">Miss France 2015<\/div>\n<h3 style=\"margin:0 0 6px 0;font-size:17px;font-weight:700;color:#1a1a1a;letter-spacing:-0.01em;\">Camille Cerf<\/h3>\n<div style=\"margin:0;font-size:13.5px;line-height:1.55;color:#4a4a4a;\">Miss Nord-Pas-de-Calais puis Miss France 2015. Devenue animatrice, chroniqueuse et cr\u00e9atrice de lingerie, elle a co-anim\u00e9 sur Fun Radio et particip\u00e9 \u00e0 de nombreuses \u00e9missions de t\u00e9l\u00e9vision.<\/div>\n<\/article>\n<article style=\"background:#fff;border:1px solid #e5e5e0;border-top:3px solid #B11E6A;border-radius:6px;padding:18px 18px 16px;\">\n<div style=\"display:inline-block;background:#FBEAF2;color:#B11E6A;font-size:11px;font-weight:700;letter-spacing:1.5px;text-transform:uppercase;padding:4px 9px;border-radius:20px;margin-bottom:10px;\">Miss France 2014<\/div>\n<h3 style=\"margin:0 0 6px 0;font-size:17px;font-weight:700;color:#1a1a1a;letter-spacing:-0.01em;\">Flora Coquerel<\/h3>\n<div style=\"margin:0;font-size:13.5px;line-height:1.55;color:#4a4a4a;\">\u00c9lue Miss France 2014 \u00e0 19 ans, d&rsquo;origine franco-b\u00e9ninoise. Pr\u00e9sentatrice (notamment pour la cha\u00eene am\u00e9ricaine BET), elle a fond\u00e9 l&rsquo;association Kelina en 2014 au B\u00e9nin, concr\u00e9tisant un projet de maternit\u00e9 dans le village de sa grand-m\u00e8re.<\/div>\n<\/article>\n<article style=\"background:#fff;border:1px solid #e5e5e0;border-top:3px solid #B11E6A;border-radius:6px;padding:18px 18px 16px;\">\n<div style=\"display:inline-block;background:#FBEAF2;color:#B11E6A;font-size:11px;font-weight:700;letter-spacing:1.5px;text-transform:uppercase;padding:4px 9px;border-radius:20px;margin-bottom:10px;\">Miss France 2010<\/div>\n<h3 style=\"margin:0 0 6px 0;font-size:17px;font-weight:700;color:#1a1a1a;letter-spacing:-0.01em;\">Malika M\u00e9nard<\/h3>\n<div style=\"margin:0;font-size:13.5px;line-height:1.55;color:#4a4a4a;\">Miss France 2010, n\u00e9e \u00e0 Rennes. Apr\u00e8s son r\u00e8gne, elle se forme au journalisme (CFPJ) et encha\u00eene les postes d&rsquo;animatrice et journaliste \u00e0 la t\u00e9l\u00e9vision et \u00e0 la radio, notamment sur France 3, L&rsquo;\u00c9quipe 21 et SQOOL TV.<\/div>\n<\/article>\n<article style=\"background:#fff;border:1px solid #e5e5e0;border-top:3px solid #B11E6A;border-radius:6px;padding:18px 18px 16px;\">\n<div style=\"display:inline-block;background:#FBEAF2;color:#B11E6A;font-size:11px;font-weight:700;letter-spacing:1.5px;text-transform:uppercase;padding:4px 9px;border-radius:20px;margin-bottom:10px;\">Figure historique<\/div>\n<h3 style=\"margin:0 0 6px 0;font-size:17px;font-weight:700;color:#1a1a1a;letter-spacing:-0.01em;\">Genevi\u00e8ve de Fontenay<\/h3>\n<div style=\"margin:0;font-size:13.5px;line-height:1.55;color:#4a4a4a;\">Pr\u00e9sidente du comit\u00e9 Miss France de 1981 \u00e0 2007, surnomm\u00e9e \u00ab la dame au chapeau \u00bb pour son \u00e9ternel panama noir et blanc. Figure historique et embl\u00e9matique du concours, elle s&rsquo;est \u00e9teinte le 1er ao\u00fbt 2023 \u00e0 l&rsquo;\u00e2ge de 90 ans.<\/div>\n<\/article>\n<article style=\"background:#fff;border:1px solid #e5e5e0;border-top:3px solid #B11E6A;border-radius:6px;padding:18px 18px 16px;\">\n<div style=\"display:inline-block;background:#FBEAF2;color:#B11E6A;font-size:11px;font-weight:700;letter-spacing:1.5px;text-transform:uppercase;padding:4px 9px;border-radius:20px;margin-bottom:10px;\">Miss France 1999<\/div>\n<h3 style=\"margin:0 0 6px 0;font-size:17px;font-weight:700;color:#1a1a1a;letter-spacing:-0.01em;\">Mareva Galanter<\/h3>\n<div style=\"margin:0;font-size:13.5px;line-height:1.55;color:#4a4a4a;\">N\u00e9e \u00e0 Papeete (Tahiti), Miss Tahiti puis Miss France 1999. Devenue pr\u00e9sentatrice de t\u00e9l\u00e9vision sur TF1, puis chanteuse (album Ukuy\u00e9y\u00e9 en 2006) et actrice, avec des apparitions au cin\u00e9ma.<\/div>\n<\/article>\n<article style=\"background:#fff;border:1px solid #e5e5e0;border-top:3px solid #B11E6A;border-radius:6px;padding:18px 18px 16px;\">\n<div style=\"display:inline-block;background:#FBEAF2;color:#B11E6A;font-size:11px;font-weight:700;letter-spacing:1.5px;text-transform:uppercase;padding:4px 9px;border-radius:20px;margin-bottom:10px;\">Miss France 2000<\/div>\n<h3 style=\"margin:0 0 6px 0;font-size:17px;font-weight:700;color:#1a1a1a;letter-spacing:-0.01em;\">Sonia Rolland<\/h3>\n<div style=\"margin:0;font-size:13.5px;line-height:1.55;color:#4a4a4a;\">N\u00e9e \u00e0 Kigali (Rwanda), Miss France 2000. Devenue actrice (s\u00e9rie L\u00e9a Parker, cin\u00e9ma) puis r\u00e9alisatrice, prim\u00e9e meilleure r\u00e9alisation au Festival de la fiction de La Rochelle en 2023. Engag\u00e9e pour le Rwanda via l&rsquo;association Ma\u00efsha Africa.<\/div>\n<\/article>\n<article style=\"background:#fff;border:1px solid #e5e5e0;border-top:3px solid #B11E6A;border-radius:6px;padding:18px 18px 16px;\">\n<div style=\"display:inline-block;background:#FBEAF2;color:#B11E6A;font-size:11px;font-weight:700;letter-spacing:1.5px;text-transform:uppercase;padding:4px 9px;border-radius:20px;margin-bottom:10px;\">Miss France 2019<\/div>\n<h3 style=\"margin:0 0 6px 0;font-size:17px;font-weight:700;color:#1a1a1a;letter-spacing:-0.01em;\">Vaimalama Chaves<\/h3>\n<div style=\"margin:0;font-size:13.5px;line-height:1.55;color:#4a4a4a;\">Miss Tahiti 2018 puis Miss France 2019. Lanc\u00e9e dans la chanson pendant son r\u00e8gne, elle sort l&rsquo;album Good Va\u00efbes en 2020 et publie une autobiographie, \u00ab O Vai \u00bb, consacr\u00e9e \u00e0 son histoire et \u00e0 la Polyn\u00e9sie.<\/div>\n<\/article>\n<article style=\"background:#fff;border:1px solid #e5e5e0;border-top:3px solid #B11E6A;border-radius:6px;padding:18px 18px 16px;\">\n<div style=\"display:inline-block;background:#FBEAF2;color:#B11E6A;font-size:11px;font-weight:700;letter-spacing:1.5px;text-transform:uppercase;padding:4px 9px;border-radius:20px;margin-bottom:10px;\">Miss France 1992<\/div>\n<h3 style=\"margin:0 0 6px 0;font-size:17px;font-weight:700;color:#1a1a1a;letter-spacing:-0.01em;\">Linda Hardy<\/h3>\n<div style=\"margin:0;font-size:13.5px;line-height:1.55;color:#4a4a4a;\">N\u00e9e \u00e0 Nantes, Miss Pays de Loire 1991 puis Miss France 1992. Elle s&rsquo;impose ensuite comme actrice au cin\u00e9ma et \u00e0 la t\u00e9l\u00e9vision, notamment dans le film de science-fiction Immortel (ad vitam) en 2004.<\/div>\n<\/article>\n<article style=\"background:#fff;border:1px solid #e5e5e0;border-top:3px solid #B11E6A;border-radius:6px;padding:18px 18px 16px;\">\n<div style=\"display:inline-block;background:#FBEAF2;color:#B11E6A;font-size:11px;font-weight:700;letter-spacing:1.5px;text-transform:uppercase;padding:4px 9px;border-radius:20px;margin-bottom:10px;\">Miss France 2005<\/div>\n<h3 style=\"margin:0 0 6px 0;font-size:17px;font-weight:700;color:#1a1a1a;letter-spacing:-0.01em;\">Cindy Fabre<\/h3>\n<div style=\"margin:0;font-size:13.5px;line-height:1.55;color:#4a4a4a;\">Miss Normandie puis Miss France 2005. En ao\u00fbt 2022, elle succ\u00e8de \u00e0 Sylvie Tellier comme directrice g\u00e9n\u00e9rale de la soci\u00e9t\u00e9 Miss France, fonction qu&rsquo;elle quitte d\u00e9but 2025. Elle dirige aussi une soci\u00e9t\u00e9 d&rsquo;\u00e9v\u00e9nementiel.<\/div>\n<\/article>\n<\/div>\n<aside style=\"background:#FBEAF2;border-left:4px solid #B11E6A;padding:14px 18px;margin:18px 0;border-radius:0 4px 4px 0;font-family:-apple-system,BlinkMacSystemFont,'Segoe UI',Roboto,sans-serif;\">\n  <strong style=\"display:inline-block;color:#B11E6A;font-size:12px;text-transform:uppercase;letter-spacing:1.5px;margin-right:8px;\">&#128161; Bon \u00e0 savoir<\/strong><br \/>\n  <span style=\"font-size:14.5px;line-height:1.55;color:#3a3a3a;\">Trois Miss France de cette s\u00e9lection sont originaires de Polyn\u00e9sie ou des outre-mer (Mareva Galanter, Vaimalama Chaves, et Sonia Rolland n\u00e9e au Rwanda), preuve de la diversit\u00e9 des trajectoires au sein du concours.<\/span><br \/>\n<\/aside>\n<h2 style=\"font-family:-apple-system,BlinkMacSystemFont,'Segoe UI',Roboto,sans-serif;font-size:27px;font-weight:800;color:#1a1a1a;letter-spacing:-0.01em;margin:48px 0 8px;\">Tableau r\u00e9capitulatif des reines de beaut\u00e9<\/h2>\n<p>Un r\u00e9capitulatif rapide de l&rsquo;ann\u00e9e de couronnement et de la reconversion principale de chacune.<\/p>\n<p><!-- TABLE --><\/p>\n<figure style=\"margin:32px 0;font-family:-apple-system,BlinkMacSystemFont,'Segoe UI',Roboto,sans-serif;\">\n<div style=\"overflow-x:auto;border:1px solid #e5e5e0;border-radius:8px;\">\n<table style=\"width:100%;border-collapse:collapse;font-size:14px;color:#2a2a2a;min-width:520px;\">\n<thead>\n<tr style=\"background:#B11E6A;color:#fff;\">\n<th style=\"text-align:left;padding:14px 18px;font-weight:700;font-size:12px;text-transform:uppercase;letter-spacing:1.5px;\">Miss<\/th>\n<th style=\"text-align:center;padding:14px 18px;font-weight:700;font-size:12px;text-transform:uppercase;letter-spacing:1.5px;\">Ann\u00e9e<\/th>\n<th style=\"text-align:left;padding:14px 18px;font-weight:700;font-size:12px;text-transform:uppercase;letter-spacing:1.5px;\">Reconversion principale<\/th>\n<\/tr>\n<\/thead>\n<tbody>\n<tr style=\"background:#fff;border-bottom:1px solid #f7e3ee;\">\n<td style=\"padding:13px 18px;font-weight:600;\">Iris Mittenaere<\/td>\n<td style=\"padding:13px 18px;text-align:center;color:#6a6a6a;\">2016<\/td>\n<td style=\"padding:13px 18px;color:#4a4a4a;\">Miss Univers 2016, animatrice TV et radio<\/td>\n<\/tr>\n<tr style=\"background:#FBEAF2;border-bottom:1px solid #f7e3ee;\">\n<td style=\"padding:13px 18px;font-weight:600;\">Marine Lorphelin<\/td>\n<td style=\"padding:13px 18px;text-align:center;color:#6a6a6a;\">2013<\/td>\n<td style=\"padding:13px 18px;color:#4a4a4a;\">M\u00e9decin g\u00e9n\u00e9raliste, intervenante sant\u00e9<\/td>\n<\/tr>\n<tr style=\"background:#fff;border-bottom:1px solid #f7e3ee;\">\n<td style=\"padding:13px 18px;font-weight:600;\">Sylvie Tellier<\/td>\n<td style=\"padding:13px 18px;text-align:center;color:#6a6a6a;\">2002<\/td>\n<td style=\"padding:13px 18px;color:#4a4a4a;\">Directrice g\u00e9n\u00e9rale Miss France (2007-2022)<\/td>\n<\/tr>\n<tr style=\"background:#FBEAF2;border-bottom:1px solid #f7e3ee;\">\n<td style=\"padding:13px 18px;font-weight:600;\">Camille Cerf<\/td>\n<td style=\"padding:13px 18px;text-align:center;color:#6a6a6a;\">2015<\/td>\n<td style=\"padding:13px 18px;color:#4a4a4a;\">Animatrice, chroniqueuse, cr\u00e9atrice de lingerie<\/td>\n<\/tr>\n<tr style=\"background:#fff;border-bottom:1px solid #f7e3ee;\">\n<td style=\"padding:13px 18px;font-weight:600;\">Flora Coquerel<\/td>\n<td style=\"padding:13px 18px;text-align:center;color:#6a6a6a;\">2014<\/td>\n<td style=\"padding:13px 18px;color:#4a4a4a;\">Pr\u00e9sentatrice, fondatrice de l&rsquo;association Kelina<\/td>\n<\/tr>\n<tr style=\"background:#FBEAF2;border-bottom:1px solid #f7e3ee;\">\n<td style=\"padding:13px 18px;font-weight:600;\">Malika M\u00e9nard<\/td>\n<td style=\"padding:13px 18px;text-align:center;color:#6a6a6a;\">2010<\/td>\n<td style=\"padding:13px 18px;color:#4a4a4a;\">Journaliste et animatrice TV\/radio<\/td>\n<\/tr>\n<tr style=\"background:#fff;border-bottom:1px solid #f7e3ee;\">\n<td style=\"padding:13px 18px;font-weight:600;\">Genevi\u00e8ve de Fontenay<\/td>\n<td style=\"padding:13px 18px;text-align:center;color:#6a6a6a;\">\u2014<\/td>\n<td style=\"padding:13px 18px;color:#4a4a4a;\">Pr\u00e9sidente du comit\u00e9 Miss France (1981-2007)<\/td>\n<\/tr>\n<tr style=\"background:#FBEAF2;border-bottom:1px solid #f7e3ee;\">\n<td style=\"padding:13px 18px;font-weight:600;\">Mareva Galanter<\/td>\n<td style=\"padding:13px 18px;text-align:center;color:#6a6a6a;\">1999<\/td>\n<td style=\"padding:13px 18px;color:#4a4a4a;\">Pr\u00e9sentatrice TV, chanteuse, actrice<\/td>\n<\/tr>\n<tr style=\"background:#fff;border-bottom:1px solid #f7e3ee;\">\n<td style=\"padding:13px 18px;font-weight:600;\">Sonia Rolland<\/td>\n<td style=\"padding:13px 18px;text-align:center;color:#6a6a6a;\">2000<\/td>\n<td style=\"padding:13px 18px;color:#4a4a4a;\">Actrice et r\u00e9alisatrice, engag\u00e9e pour le Rwanda<\/td>\n<\/tr>\n<tr style=\"background:#FBEAF2;border-bottom:1px solid #f7e3ee;\">\n<td style=\"padding:13px 18px;font-weight:600;\">Vaimalama Chaves<\/td>\n<td style=\"padding:13px 18px;text-align:center;color:#6a6a6a;\">2019<\/td>\n<td style=\"padding:13px 18px;color:#4a4a4a;\">Chanteuse et autrice<\/td>\n<\/tr>\n<tr style=\"background:#fff;border-bottom:1px solid #f7e3ee;\">\n<td style=\"padding:13px 18px;font-weight:600;\">Linda Hardy<\/td>\n<td style=\"padding:13px 18px;text-align:center;color:#6a6a6a;\">1992<\/td>\n<td style=\"padding:13px 18px;color:#4a4a4a;\">Actrice de cin\u00e9ma et de t\u00e9l\u00e9vision<\/td>\n<\/tr>\n<tr style=\"background:#FBEAF2;\">\n<td style=\"padding:13px 18px;font-weight:600;\">Cindy Fabre<\/td>\n<td style=\"padding:13px 18px;text-align:center;color:#6a6a6a;\">2005<\/td>\n<td style=\"padding:13px 18px;color:#4a4a4a;\">Directrice g\u00e9n\u00e9rale Miss France (2022-2025)<\/td>\n<\/tr>\n<\/tbody>\n<\/table><\/div><figcaption style=\"font-size:11px;color:#7a7a7a;margin-top:8px;text-align:right;letter-spacing:0.3px;\">Donn\u00e9es publiques \u2014 voir sources en fin d&rsquo;article.<\/figcaption><\/figure>\n<h2 style=\"font-family:-apple-system,BlinkMacSystemFont,'Segoe UI',Roboto,sans-serif;font-size:27px;font-weight:800;color:#1a1a1a;letter-spacing:-0.01em;margin:48px 0 8px;\">Des reconversions tr\u00e8s vari\u00e9es<\/h2>\n<p>Ce qui frappe dans ces parcours, c&rsquo;est l&rsquo;extr\u00eame diversit\u00e9 des voies emprunt\u00e9es. La t\u00e9l\u00e9vision reste la destination la plus naturelle : Iris Mittenaere, Camille Cerf, Malika M\u00e9nard et Mareva Galanter ont toutes troqu\u00e9 l&rsquo;\u00e9charpe pour le micro et le plateau. Mais le concours a aussi produit des trajectoires inattendues. Marine Lorphelin a poursuivi de longues \u00e9tudes de m\u00e9decine jusqu&rsquo;\u00e0 devenir m\u00e9decin g\u00e9n\u00e9raliste, prouvant qu&rsquo;\u00e9charpe et blouse blanche ne sont pas incompatibles. Sonia Rolland, elle, s&rsquo;est impos\u00e9e comme actrice puis comme r\u00e9alisatrice prim\u00e9e.<\/p>\n<p>D&rsquo;autres ont fait de l&rsquo;organisation Miss France leur m\u00e9tier. Sylvie Tellier, Miss France 2002, en a \u00e9t\u00e9 la directrice g\u00e9n\u00e9rale pendant quinze ans, avant que Cindy Fabre, Miss France 2005, ne lui succ\u00e8de en 2022. Au-dessus de toutes ces g\u00e9n\u00e9rations plane la figure de Genevi\u00e8ve de Fontenay, \u00ab la dame au chapeau \u00bb, qui a pr\u00e9sid\u00e9 le comit\u00e9 pendant plus d&rsquo;un quart de si\u00e8cle.<\/p>\n<figure style=\"margin:38px auto;padding:28px 24px;text-align:center;border-top:1px solid #2a2a2a;border-bottom:1px solid #2a2a2a;max-width:640px;position:relative;font-family:Georgia,'Hoefler Text',serif;\">\n<div style=\"position:absolute;top:-20px;left:50%;transform:translateX(-50%);background:#ffffff;padding:0 14px;font-size:48px;line-height:1;color:#B11E6A;font-family:Georgia,serif;\">&laquo;<\/div>\n<blockquote style=\"margin:0;padding:0;font-size:24px;line-height:1.45;font-style:italic;color:#1a1a1a;letter-spacing:-0.005em;\"><p>\n    Le titre de Miss France ouvre des portes, mais c&rsquo;est la suite du parcours qui d\u00e9cide si l&rsquo;on devient une \u00e9toile filante ou une figure durable.<br \/>\n  <\/blockquote><figcaption style=\"margin-top:14px;font-size:12px;text-transform:uppercase;letter-spacing:2px;color:#6a6a6a;font-family:-apple-system,sans-serif;font-style:normal;\">\u2014 Regard sur le concours<\/figcaption><\/figure>\n<h2 style=\"font-family:-apple-system,BlinkMacSystemFont,'Segoe UI',Roboto,sans-serif;font-size:27px;font-weight:800;color:#1a1a1a;letter-spacing:-0.01em;margin:48px 0 8px;\">L&rsquo;engagement, fil rouge de plusieurs parcours<\/h2>\n<p>Au-del\u00e0 des projecteurs, plusieurs laur\u00e9ates ont mis leur notori\u00e9t\u00e9 au service de causes concr\u00e8tes. Flora Coquerel a fond\u00e9 d\u00e8s 2014 l&rsquo;association Kelina, active au B\u00e9nin dans l&rsquo;\u00e9ducation et la sant\u00e9, jusqu&rsquo;\u00e0 concr\u00e9tiser un projet de maternit\u00e9 dans le village de sa grand-m\u00e8re. Sonia Rolland a cr\u00e9\u00e9 avec sa m\u00e8re l&rsquo;association Ma\u00efsha Africa pour venir en aide aux orphelins du g\u00e9nocide des Tutsi au Rwanda. Marine Lorphelin, de son c\u00f4t\u00e9, fait de la pr\u00e9vention sant\u00e9 un v\u00e9ritable engagement professionnel et m\u00e9diatique.<\/p>\n<aside style=\"background:#fafaf7;border:1px solid #e5e5e0;border-radius:8px;padding:24px 26px 26px;margin:28px 0;font-family:-apple-system,BlinkMacSystemFont,'Segoe UI',Roboto,sans-serif;\">\n<div style=\"margin:0 0 18px 0;font-size:11px;font-weight:700;text-transform:uppercase;letter-spacing:2.2px;color:#B11E6A;\">\u00c0 retenir<\/div>\n<div style=\"display:grid;grid-template-columns:repeat(auto-fit,minmax(240px,1fr));gap:10px;\">\n<div style=\"display:flex;gap:12px;background:#fff;border:1px solid #ebebe5;padding:12px 14px;border-radius:6px;align-items:flex-start;\">\n      <span style=\"flex:0 0 26px;width:26px;height:26px;background:#B11E6A;color:#fff;border-radius:50%;display:inline-flex;align-items:center;justify-content:center;font-size:12px;font-weight:700;\">1<\/span><br \/>\n      <span style=\"font-size:14px;line-height:1.5;color:#2a2a2a;\">Iris Mittenaere est la seule de cette liste \u00e0 avoir aussi remport\u00e9 Miss Univers (2016).<\/span>\n    <\/div>\n<div style=\"display:flex;gap:12px;background:#fff;border:1px solid #ebebe5;padding:12px 14px;border-radius:6px;align-items:flex-start;\">\n      <span style=\"flex:0 0 26px;width:26px;height:26px;background:#B11E6A;color:#fff;border-radius:50%;display:inline-flex;align-items:center;justify-content:center;font-size:12px;font-weight:700;\">2<\/span><br \/>\n      <span style=\"font-size:14px;line-height:1.5;color:#2a2a2a;\">Marine Lorphelin est devenue m\u00e9decin g\u00e9n\u00e9raliste, la reconversion la plus atypique.<\/span>\n    <\/div>\n<div style=\"display:flex;gap:12px;background:#fff;border:1px solid #ebebe5;padding:12px 14px;border-radius:6px;align-items:flex-start;\">\n      <span style=\"flex:0 0 26px;width:26px;height:26px;background:#B11E6A;color:#fff;border-radius:50%;display:inline-flex;align-items:center;justify-content:center;font-size:12px;font-weight:700;\">3<\/span><br \/>\n      <span style=\"font-size:14px;line-height:1.5;color:#2a2a2a;\">Sylvie Tellier puis Cindy Fabre, deux anciennes Miss, ont dirig\u00e9 la soci\u00e9t\u00e9 Miss France.<\/span>\n    <\/div>\n<div style=\"display:flex;gap:12px;background:#fff;border:1px solid #ebebe5;padding:12px 14px;border-radius:6px;align-items:flex-start;\">\n      <span style=\"flex:0 0 26px;width:26px;height:26px;background:#B11E6A;color:#fff;border-radius:50%;display:inline-flex;align-items:center;justify-content:center;font-size:12px;font-weight:700;\">4<\/span><br \/>\n      <span style=\"font-size:14px;line-height:1.5;color:#2a2a2a;\">Genevi\u00e8ve de Fontenay, \u00ab la dame au chapeau \u00bb, reste la figure historique du concours.<\/span>\n    <\/div>\n<div style=\"display:flex;gap:12px;background:#fff;border:1px solid #ebebe5;padding:12px 14px;border-radius:6px;align-items:flex-start;\">\n      <span style=\"flex:0 0 26px;width:26px;height:26px;background:#B11E6A;color:#fff;border-radius:50%;display:inline-flex;align-items:center;justify-content:center;font-size:12px;font-weight:700;\">5<\/span><br \/>\n      <span style=\"font-size:14px;line-height:1.5;color:#2a2a2a;\">T\u00e9l\u00e9vision, m\u00e9decine, chanson, cin\u00e9ma, engagement humanitaire : le concours m\u00e8ne \u00e0 tout.<\/span>\n    <\/div>\n<\/p><\/div>\n<\/aside>\n<h2 style=\"font-family:-apple-system,BlinkMacSystemFont,'Segoe UI',Roboto,sans-serif;font-size:27px;font-weight:800;color:#1a1a1a;letter-spacing:-0.01em;margin:48px 0 8px;\">Tahiti et les outre-mer, terre de Miss<\/h2>\n<p>Plusieurs laur\u00e9ates embl\u00e9matiques sont li\u00e9es \u00e0 la Polyn\u00e9sie. Mareva Galanter, Miss Tahiti devenue Miss France 1999, a ouvert la voie ; vingt ans plus tard, Vaimalama Chaves, \u00e9galement Miss Tahiti, d\u00e9crochait le titre 2019 avant de se lancer dans la chanson et l&rsquo;\u00e9criture. Sonia Rolland, n\u00e9e \u00e0 Kigali au Rwanda, fut quant \u00e0 elle la premi\u00e8re Miss France issue du continent africain, en 2000. Ces trajectoires rappellent que le concours, souvent caricatur\u00e9, a aussi \u00e9t\u00e9 un vecteur de repr\u00e9sentation et de diversit\u00e9 dans le paysage m\u00e9diatique fran\u00e7ais.<\/p>\n<aside style=\"background:#fff7e0;border-left:4px solid #d4a017;padding:14px 18px;margin:18px 0;border-radius:0 4px 4px 0;font-family:-apple-system,BlinkMacSystemFont,'Segoe UI',Roboto,sans-serif;\">\n  <strong style=\"display:inline-block;color:#7a5e00;font-size:12px;text-transform:uppercase;letter-spacing:1.5px;margin-right:8px;\">&#10022; \u00c0 noter<\/strong><br \/>\n  <span style=\"font-size:14.5px;line-height:1.55;color:#3a3a3a;\">Iris Mittenaere est devenue, en 2017, la premi\u00e8re Fran\u00e7aise couronn\u00e9e Miss Univers depuis Christiane Martel en 1953 : un intervalle de 64 ans entre les deux sacres.<\/span><br \/>\n<\/aside>\n<section style=\"margin:48px 0 32px;font-family:-apple-system,BlinkMacSystemFont,'Segoe UI',Roboto,sans-serif;\">\n<h2 style=\"margin:0 0 18px 0;font-size:27px;font-weight:800;color:#1a1a1a;letter-spacing:-0.01em;\">Questions fr\u00e9quentes<\/h2>\n<div style=\"border-top:1px solid #d4cfc4;\">\n<details style=\"border-bottom:1px solid #d4cfc4;padding:0;\">\n<summary style=\"cursor:pointer;padding:16px 0;font-size:17px;font-weight:700;color:#1a1a1a;list-style:none;display:flex;justify-content:space-between;align-items:center;gap:14px;\">\n        <span>Quelle Miss France est aussi devenue Miss Univers ?<\/span><br \/>\n        <span style=\"font-size:22px;font-weight:300;color:#B11E6A;line-height:1;\">+<\/span><br \/>\n      <\/summary>\n<div style=\"padding:0 0 16px 0;font-size:15px;line-height:1.7;color:#4a4a4a;\">Iris Mittenaere, Miss France 2016, a remport\u00e9 le titre de Miss Univers en janvier 2017 aux Philippines. Elle est la premi\u00e8re Fran\u00e7aise \u00e0 d\u00e9crocher cette couronne depuis Christiane Martel en 1953.<\/div>\n<\/details>\n<details style=\"border-bottom:1px solid #d4cfc4;padding:0;\">\n<summary style=\"cursor:pointer;padding:16px 0;font-size:17px;font-weight:700;color:#1a1a1a;list-style:none;display:flex;justify-content:space-between;align-items:center;gap:14px;\">\n        <span>Quelle Miss France est devenue m\u00e9decin ?<\/span><br \/>\n        <span style=\"font-size:22px;font-weight:300;color:#B11E6A;line-height:1;\">+<\/span><br \/>\n      <\/summary>\n<div style=\"padding:0 0 16px 0;font-size:15px;line-height:1.7;color:#4a4a4a;\">Marine Lorphelin, Miss France 2013, a poursuivi ses \u00e9tudes de m\u00e9decine apr\u00e8s son r\u00e8gne et est aujourd&rsquo;hui m\u00e9decin g\u00e9n\u00e9raliste. Elle intervient r\u00e9guli\u00e8rement \u00e0 la t\u00e9l\u00e9vision sur des sujets de sant\u00e9 et de pr\u00e9vention.<\/div>\n<\/details>\n<details style=\"border-bottom:1px solid #d4cfc4;padding:0;\">\n<summary style=\"cursor:pointer;padding:16px 0;font-size:17px;font-weight:700;color:#1a1a1a;list-style:none;display:flex;justify-content:space-between;align-items:center;gap:14px;\">\n        <span>Qui \u00e9tait Genevi\u00e8ve de Fontenay ?<\/span><br \/>\n        <span style=\"font-size:22px;font-weight:300;color:#B11E6A;line-height:1;\">+<\/span><br \/>\n      <\/summary>\n<div style=\"padding:0 0 16px 0;font-size:15px;line-height:1.7;color:#4a4a4a;\">Surnomm\u00e9e \u00ab la dame au chapeau \u00bb, Genevi\u00e8ve de Fontenay a pr\u00e9sid\u00e9 le comit\u00e9 Miss France de 1981 \u00e0 2007. Figure incontournable du concours, reconnaissable \u00e0 son panama noir et blanc, elle est d\u00e9c\u00e9d\u00e9e le 1er ao\u00fbt 2023 \u00e0 90 ans.<\/div>\n<\/details>\n<details style=\"border-bottom:1px solid #d4cfc4;padding:0;\">\n<summary style=\"cursor:pointer;padding:16px 0;font-size:17px;font-weight:700;color:#1a1a1a;list-style:none;display:flex;justify-content:space-between;align-items:center;gap:14px;\">\n        <span>Quelles Miss France ont dirig\u00e9 l&rsquo;organisation ?<\/span><br \/>\n        <span style=\"font-size:22px;font-weight:300;color:#B11E6A;line-height:1;\">+<\/span><br \/>\n      <\/summary>\n<div style=\"padding:0 0 16px 0;font-size:15px;line-height:1.7;color:#4a4a4a;\">Sylvie Tellier, Miss France 2002, a \u00e9t\u00e9 directrice g\u00e9n\u00e9rale de la soci\u00e9t\u00e9 Miss France de 2007 \u00e0 2022. Elle a \u00e9t\u00e9 remplac\u00e9e par Cindy Fabre, Miss France 2005, qui a occup\u00e9 le poste jusqu&rsquo;au d\u00e9but 2025.<\/div>\n<\/details>\n<details style=\"padding:0;\">\n<summary style=\"cursor:pointer;padding:16px 0;font-size:17px;font-weight:700;color:#1a1a1a;list-style:none;display:flex;justify-content:space-between;align-items:center;gap:14px;\">\n        <span>Quelles Miss France sont devenues actrices ?<\/span><br \/>\n        <span style=\"font-size:22px;font-weight:300;color:#B11E6A;line-height:1;\">+<\/span><br \/>\n      <\/summary>\n<div style=\"padding:0 0 16px 0;font-size:15px;line-height:1.7;color:#4a4a4a;\">Sonia Rolland, Miss France 2000, est devenue actrice puis r\u00e9alisatrice prim\u00e9e. Linda Hardy, Miss France 1992, a men\u00e9 une carri\u00e8re au cin\u00e9ma et \u00e0 la t\u00e9l\u00e9vision, notamment dans le film Immortel (ad vitam). Mareva Galanter a aussi tourn\u00e9 au cin\u00e9ma en parall\u00e8le de sa carri\u00e8re musicale.<\/div>\n<\/details><\/div>\n<\/section>\n<p style=\"font-size:13px;color:#6a6a6a;margin-top:32px;\">Sources : Wikip\u00e9dia et donn\u00e9es publiques. Article mis \u00e0 jour r\u00e9guli\u00e8rement.<\/p>\n","protected":false},"excerpt":{"rendered":"","protected":false},"author":43,"featured_media":999999999,"comment_status":"open","ping_status":"open","sticky":false,"template":"","format":"standard","meta":{"_acf_changed":false,"manual_indexmenow":false,"indexmenow_id_project":0,"footnotes":""},"categories":[4524],"tags":[],"class_list":["post-8041","post","type-post","status-publish","format-standard","has-post-thumbnail","hentry","category-celebrites-et-influence-en-france","generate-columns","tablet-grid-50","mobile-grid-100","grid-parent","grid-25"],"acf":[],"yoast_head":"<!-- This site is optimized with the Yoast SEO Premium plugin v21.3 (Yoast SEO v26.5) - https:\/\/yoast.com\/wordpress\/plugins\/seo\/ -->\n<title>Les Miss France devenues c\u00e9l\u00e8bres<\/title>\n<meta name=\"description\" content=\"Depuis sa cr\u00e9ation, le concours Miss France a sacr\u00e9 des dizaines de jeunes femmes, mais toutes n&#039;ont pas connu le m\u00eame destin apr\u00e8s la fin de leur r\u00e8gne\" \/>\n<meta name=\"robots\" content=\"index, follow, max-snippet:-1, max-image-preview:large, max-video-preview:-1\" \/>\n<link rel=\"canonical\" href=\"https:\/\/starstory.fr\/blog\/celebrites-et-influence-en-france\/les-miss-france-devenues-celebres-ces-reines-de-beaute-au-destin-media\/\" \/>\n<meta property=\"og:locale\" content=\"fr_FR\" \/>\n<meta property=\"og:type\" content=\"article\" \/>\n<meta property=\"og:title\" content=\"Les Miss France devenues c\u00e9l\u00e8bres\" \/>\n<meta property=\"og:description\" content=\"Depuis sa cr\u00e9ation, le concours Miss France a sacr\u00e9 des dizaines de jeunes femmes, mais toutes n&#039;ont pas connu le m\u00eame destin apr\u00e8s la fin de leur r\u00e8gne\" \/>\n<meta property=\"og:url\" content=\"https:\/\/starstory.fr\/blog\/celebrites-et-influence-en-france\/les-miss-france-devenues-celebres-ces-reines-de-beaute-au-destin-media\/\" \/>\n<meta property=\"og:site_name\" content=\"starstory\" \/>\n<meta name=\"author\" content=\"Lucas Martin\" \/>\n<meta name=\"twitter:card\" content=\"summary_large_image\" \/>\n<script type=\"application\/ld+json\" class=\"yoast-schema-graph\">{\"@context\":\"https:\/\/schema.org\",\"@graph\":[{\"@type\":\"NewsArticle\",\"@id\":\"https:\/\/starstory.fr\/blog\/celebrites-et-influence-en-france\/les-miss-france-devenues-celebres-ces-reines-de-beaute-au-destin-media\/#article\",\"isPartOf\":{\"@id\":\"https:\/\/starstory.fr\/blog\/celebrites-et-influence-en-france\/les-miss-france-devenues-celebres-ces-reines-de-beaute-au-destin-media\/\"},\"author\":{\"name\":\"Lucas Martin\",\"@id\":\"https:\/\/starstory.fr\/blog\/#\/schema\/person\/7460f07f6b55c3d1c9b0d5788b27d15e\"},\"headline\":\"Les Miss France devenues c\u00e9l\u00e8bres : ces reines de beaut\u00e9 au destin m\u00e9diatique\",\"datePublished\":\"2026-06-06T11:18:25+00:00\",\"mainEntityOfPage\":{\"@id\":\"https:\/\/starstory.fr\/blog\/celebrites-et-influence-en-france\/les-miss-france-devenues-celebres-ces-reines-de-beaute-au-destin-media\/\"},\"wordCount\":1659,\"commentCount\":0,\"publisher\":{\"@id\":\"https:\/\/starstory.fr\/blog\/#organization\"},\"image\":{\"@id\":\"https:\/\/starstory.fr\/blog\/celebrites-et-influence-en-france\/les-miss-france-devenues-celebres-ces-reines-de-beaute-au-destin-media\/#primaryimage\"},\"thumbnailUrl\":\"https:\/\/images.pexels.com\/photos\/31594599\/pexels-photo-31594599.jpeg?auto=compress&cs=tinysrgb&fit=crop&h=627&w=1200\",\"articleSection\":[\"C\u00e9l\u00e9brit\u00e9s et Influence en France\"],\"inLanguage\":\"fr-FR\",\"potentialAction\":[{\"@type\":\"CommentAction\",\"name\":\"Comment\",\"target\":[\"https:\/\/starstory.fr\/blog\/celebrites-et-influence-en-france\/les-miss-france-devenues-celebres-ces-reines-de-beaute-au-destin-media\/#respond\"]}]},{\"@type\":\"WebPage\",\"@id\":\"https:\/\/starstory.fr\/blog\/celebrites-et-influence-en-france\/les-miss-france-devenues-celebres-ces-reines-de-beaute-au-destin-media\/\",\"url\":\"https:\/\/starstory.fr\/blog\/celebrites-et-influence-en-france\/les-miss-france-devenues-celebres-ces-reines-de-beaute-au-destin-media\/\",\"name\":\"Les Miss France devenues c\u00e9l\u00e8bres\",\"isPartOf\":{\"@id\":\"https:\/\/starstory.fr\/blog\/#website\"},\"primaryImageOfPage\":{\"@id\":\"https:\/\/starstory.fr\/blog\/celebrites-et-influence-en-france\/les-miss-france-devenues-celebres-ces-reines-de-beaute-au-destin-media\/#primaryimage\"},\"image\":{\"@id\":\"https:\/\/starstory.fr\/blog\/celebrites-et-influence-en-france\/les-miss-france-devenues-celebres-ces-reines-de-beaute-au-destin-media\/#primaryimage\"},\"thumbnailUrl\":\"https:\/\/images.pexels.com\/photos\/31594599\/pexels-photo-31594599.jpeg?auto=compress&cs=tinysrgb&fit=crop&h=627&w=1200\",\"datePublished\":\"2026-06-06T11:18:25+00:00\",\"description\":\"Depuis sa cr\u00e9ation, le concours Miss France a sacr\u00e9 des dizaines de jeunes femmes, mais toutes n'ont pas connu le m\u00eame destin apr\u00e8s la fin de leur r\u00e8gne\",\"inLanguage\":\"fr-FR\",\"potentialAction\":[{\"@type\":\"ReadAction\",\"target\":[\"https:\/\/starstory.fr\/blog\/celebrites-et-influence-en-france\/les-miss-france-devenues-celebres-ces-reines-de-beaute-au-destin-media\/\"]}]},{\"@type\":\"ImageObject\",\"inLanguage\":\"fr-FR\",\"@id\":\"https:\/\/starstory.fr\/blog\/celebrites-et-influence-en-france\/les-miss-france-devenues-celebres-ces-reines-de-beaute-au-destin-media\/#primaryimage\",\"url\":\"https:\/\/images.pexels.com\/photos\/31594599\/pexels-photo-31594599.jpeg?auto=compress&cs=tinysrgb&fit=crop&h=627&w=1200\",\"contentUrl\":\"https:\/\/images.pexels.com\/photos\/31594599\/pexels-photo-31594599.jpeg?auto=compress&cs=tinysrgb&fit=crop&h=627&w=1200\"},{\"@type\":\"WebSite\",\"@id\":\"https:\/\/starstory.fr\/blog\/#website\",\"url\":\"https:\/\/starstory.fr\/blog\/\",\"name\":\"StarStory\",\"description\":\"StarStory, les \u00e9toiles racontent leur histoire\",\"publisher\":{\"@id\":\"https:\/\/starstory.fr\/blog\/#organization\"},\"alternateName\":\"StarStory, les \u00e9toiles racontent leur histoire\",\"potentialAction\":[{\"@type\":\"SearchAction\",\"target\":{\"@type\":\"EntryPoint\",\"urlTemplate\":\"https:\/\/starstory.fr\/blog\/?s={search_term_string}\"},\"query-input\":{\"@type\":\"PropertyValueSpecification\",\"valueRequired\":true,\"valueName\":\"search_term_string\"}}],\"inLanguage\":\"fr-FR\"},{\"@type\":\"Organization\",\"@id\":\"https:\/\/starstory.fr\/blog\/#organization\",\"name\":\"StarStory\",\"alternateName\":\"StarStory.fr\",\"url\":\"https:\/\/starstory.fr\/blog\/\",\"logo\":{\"@type\":\"ImageObject\",\"inLanguage\":\"fr-FR\",\"@id\":\"https:\/\/starstory.fr\/blog\/#\/schema\/logo\/image\/\",\"url\":\"https:\/\/starstory.fr\/blog\/wp-content\/uploads\/2024\/12\/38.png\",\"contentUrl\":\"https:\/\/starstory.fr\/blog\/wp-content\/uploads\/2024\/12\/38.png\",\"width\":500,\"height\":500,\"caption\":\"StarStory\"},\"image\":{\"@id\":\"https:\/\/starstory.fr\/blog\/#\/schema\/logo\/image\/\"}},{\"@type\":\"Person\",\"@id\":\"https:\/\/starstory.fr\/blog\/#\/schema\/person\/7460f07f6b55c3d1c9b0d5788b27d15e\",\"name\":\"Lucas Martin\",\"image\":{\"@type\":\"ImageObject\",\"inLanguage\":\"fr-FR\",\"@id\":\"https:\/\/starstory.fr\/blog\/#\/schema\/person\/image\/\",\"url\":\"https:\/\/secure.gravatar.com\/avatar\/?s=96&d=mm&r=g\",\"contentUrl\":\"https:\/\/secure.gravatar.com\/avatar\/?s=96&d=mm&r=g\",\"caption\":\"Lucas Martin\"},\"description\":\"Lucas dresse le portrait des stars sportives qui ont marqu\u00e9 les diff\u00e9rentes \u00e9poques.\",\"url\":\"https:\/\/starstory.fr\/blog\/auteur\/lucas-martin\/\",\"jobTitle\":\"Contributeur high-tech\",\"email\":\"lucas.martin@lemacenligne.com\"}]}<\/script>\n<!-- \/ Yoast SEO Premium plugin. -->","yoast_head_json":{"title":"Les Miss France devenues c\u00e9l\u00e8bres","description":"Depuis sa cr\u00e9ation, le concours Miss France a sacr\u00e9 des dizaines de jeunes femmes, mais toutes n'ont pas connu le m\u00eame destin apr\u00e8s la fin de leur r\u00e8gne","robots":{"index":"index","follow":"follow","max-snippet":"max-snippet:-1","max-image-preview":"max-image-preview:large","max-video-preview":"max-video-preview:-1"},"canonical":"https:\/\/starstory.fr\/blog\/celebrites-et-influence-en-france\/les-miss-france-devenues-celebres-ces-reines-de-beaute-au-destin-media\/","og_locale":"fr_FR","og_type":"article","og_title":"Les Miss France devenues c\u00e9l\u00e8bres","og_description":"Depuis sa cr\u00e9ation, le concours Miss France a sacr\u00e9 des dizaines de jeunes femmes, mais toutes n'ont pas connu le m\u00eame destin apr\u00e8s la fin de leur r\u00e8gne","og_url":"https:\/\/starstory.fr\/blog\/celebrites-et-influence-en-france\/les-miss-france-devenues-celebres-ces-reines-de-beaute-au-destin-media\/","og_site_name":"starstory","author":"Lucas Martin","twitter_card":"summary_large_image","schema":{"@context":"https:\/\/schema.org","@graph":[{"@type":"NewsArticle","@id":"https:\/\/starstory.fr\/blog\/celebrites-et-influence-en-france\/les-miss-france-devenues-celebres-ces-reines-de-beaute-au-destin-media\/#article","isPartOf":{"@id":"https:\/\/starstory.fr\/blog\/celebrites-et-influence-en-france\/les-miss-france-devenues-celebres-ces-reines-de-beaute-au-destin-media\/"},"author":{"name":"Lucas Martin","@id":"https:\/\/starstory.fr\/blog\/#\/schema\/person\/7460f07f6b55c3d1c9b0d5788b27d15e"},"headline":"Les Miss France devenues c\u00e9l\u00e8bres : ces reines de beaut\u00e9 au destin m\u00e9diatique","datePublished":"2026-06-06T11:18:25+00:00","mainEntityOfPage":{"@id":"https:\/\/starstory.fr\/blog\/celebrites-et-influence-en-france\/les-miss-france-devenues-celebres-ces-reines-de-beaute-au-destin-media\/"},"wordCount":1659,"commentCount":0,"publisher":{"@id":"https:\/\/starstory.fr\/blog\/#organization"},"image":{"@id":"https:\/\/starstory.fr\/blog\/celebrites-et-influence-en-france\/les-miss-france-devenues-celebres-ces-reines-de-beaute-au-destin-media\/#primaryimage"},"thumbnailUrl":"https:\/\/images.pexels.com\/photos\/31594599\/pexels-photo-31594599.jpeg?auto=compress&cs=tinysrgb&fit=crop&h=627&w=1200","articleSection":["C\u00e9l\u00e9brit\u00e9s et Influence en France"],"inLanguage":"fr-FR","potentialAction":[{"@type":"CommentAction","name":"Comment","target":["https:\/\/starstory.fr\/blog\/celebrites-et-influence-en-france\/les-miss-france-devenues-celebres-ces-reines-de-beaute-au-destin-media\/#respond"]}]},{"@type":"WebPage","@id":"https:\/\/starstory.fr\/blog\/celebrites-et-influence-en-france\/les-miss-france-devenues-celebres-ces-reines-de-beaute-au-destin-media\/","url":"https:\/\/starstory.fr\/blog\/celebrites-et-influence-en-france\/les-miss-france-devenues-celebres-ces-reines-de-beaute-au-destin-media\/","name":"Les Miss France devenues c\u00e9l\u00e8bres","isPartOf":{"@id":"https:\/\/starstory.fr\/blog\/#website"},"primaryImageOfPage":{"@id":"https:\/\/starstory.fr\/blog\/celebrites-et-influence-en-france\/les-miss-france-devenues-celebres-ces-reines-de-beaute-au-destin-media\/#primaryimage"},"image":{"@id":"https:\/\/starstory.fr\/blog\/celebrites-et-influence-en-france\/les-miss-france-devenues-celebres-ces-reines-de-beaute-au-destin-media\/#primaryimage"},"thumbnailUrl":"https:\/\/images.pexels.com\/photos\/31594599\/pexels-photo-31594599.jpeg?auto=compress&cs=tinysrgb&fit=crop&h=627&w=1200","datePublished":"2026-06-06T11:18:25+00:00","description":"Depuis sa cr\u00e9ation, le concours Miss France a sacr\u00e9 des dizaines de jeunes femmes, mais toutes n'ont pas connu le m\u00eame destin apr\u00e8s la fin de leur r\u00e8gne","inLanguage":"fr-FR","potentialAction":[{"@type":"ReadAction","target":["https:\/\/starstory.fr\/blog\/celebrites-et-influence-en-france\/les-miss-france-devenues-celebres-ces-reines-de-beaute-au-destin-media\/"]}]},{"@type":"ImageObject","inLanguage":"fr-FR","@id":"https:\/\/starstory.fr\/blog\/celebrites-et-influence-en-france\/les-miss-france-devenues-celebres-ces-reines-de-beaute-au-destin-media\/#primaryimage","url":"https:\/\/images.pexels.com\/photos\/31594599\/pexels-photo-31594599.jpeg?auto=compress&cs=tinysrgb&fit=crop&h=627&w=1200","contentUrl":"https:\/\/images.pexels.com\/photos\/31594599\/pexels-photo-31594599.jpeg?auto=compress&cs=tinysrgb&fit=crop&h=627&w=1200"},{"@type":"WebSite","@id":"https:\/\/starstory.fr\/blog\/#website","url":"https:\/\/starstory.fr\/blog\/","name":"StarStory","description":"StarStory, les \u00e9toiles racontent leur histoire","publisher":{"@id":"https:\/\/starstory.fr\/blog\/#organization"},"alternateName":"StarStory, les \u00e9toiles racontent leur histoire","potentialAction":[{"@type":"SearchAction","target":{"@type":"EntryPoint","urlTemplate":"https:\/\/starstory.fr\/blog\/?s={search_term_string}"},"query-input":{"@type":"PropertyValueSpecification","valueRequired":true,"valueName":"search_term_string"}}],"inLanguage":"fr-FR"},{"@type":"Organization","@id":"https:\/\/starstory.fr\/blog\/#organization","name":"StarStory","alternateName":"StarStory.fr","url":"https:\/\/starstory.fr\/blog\/","logo":{"@type":"ImageObject","inLanguage":"fr-FR","@id":"https:\/\/starstory.fr\/blog\/#\/schema\/logo\/image\/","url":"https:\/\/starstory.fr\/blog\/wp-content\/uploads\/2024\/12\/38.png","contentUrl":"https:\/\/starstory.fr\/blog\/wp-content\/uploads\/2024\/12\/38.png","width":500,"height":500,"caption":"StarStory"},"image":{"@id":"https:\/\/starstory.fr\/blog\/#\/schema\/logo\/image\/"}},{"@type":"Person","@id":"https:\/\/starstory.fr\/blog\/#\/schema\/person\/7460f07f6b55c3d1c9b0d5788b27d15e","name":"Lucas Martin","image":{"@type":"ImageObject","inLanguage":"fr-FR","@id":"https:\/\/starstory.fr\/blog\/#\/schema\/person\/image\/","url":"https:\/\/secure.gravatar.com\/avatar\/?s=96&d=mm&r=g","contentUrl":"https:\/\/secure.gravatar.com\/avatar\/?s=96&d=mm&r=g","caption":"Lucas Martin"},"description":"Lucas dresse le portrait des stars sportives qui ont marqu\u00e9 les diff\u00e9rentes \u00e9poques.","url":"https:\/\/starstory.fr\/blog\/auteur\/lucas-martin\/","jobTitle":"Contributeur high-tech","email":"lucas.martin@lemacenligne.com"}]}},"_links":{"self":[{"href":"https:\/\/starstory.fr\/blog\/wp-json\/wp\/v2\/posts\/8041","targetHints":{"allow":["GET"]}}],"collection":[{"href":"https:\/\/starstory.fr\/blog\/wp-json\/wp\/v2\/posts"}],"about":[{"href":"https:\/\/starstory.fr\/blog\/wp-json\/wp\/v2\/types\/post"}],"author":[{"embeddable":true,"href":"https:\/\/starstory.fr\/blog\/wp-json\/wp\/v2\/users\/43"}],"replies":[{"embeddable":true,"href":"https:\/\/starstory.fr\/blog\/wp-json\/wp\/v2\/comments?post=8041"}],"version-history":[{"count":0,"href":"https:\/\/starstory.fr\/blog\/wp-json\/wp\/v2\/posts\/8041\/revisions"}],"wp:attachment":[{"href":"https:\/\/starstory.fr\/blog\/wp-json\/wp\/v2\/media?parent=8041"}],"wp:term":[{"taxonomy":"category","embeddable":true,"href":"https:\/\/starstory.fr\/blog\/wp-json\/wp\/v2\/categories?post=8041"},{"taxonomy":"post_tag","embeddable":true,"href":"https:\/\/starstory.fr\/blog\/wp-json\/wp\/v2\/tags?post=8041"}],"curies":[{"name":"wp","href":"https:\/\/api.w.org\/{rel}","templated":true}]}}