{"id":8037,"date":"2026-06-06T13:10:19","date_gmt":"2026-06-06T11:10:19","guid":{"rendered":"https:\/\/starstory.fr\/blog\/celebrites-et-influence-en-france\/jenifer-taille-age-vrai-nom-couple-et-fortune-la-fiche-complete\/"},"modified":"2026-06-06T13:10:19","modified_gmt":"2026-06-06T11:10:19","slug":"jenifer-taille-age-vrai-nom-couple-et-fortune-la-fiche-complete","status":"publish","type":"post","link":"https:\/\/starstory.fr\/blog\/celebrites-et-influence-en-france\/jenifer-taille-age-vrai-nom-couple-et-fortune-la-fiche-complete\/","title":{"rendered":"Jenifer : taille, \u00e2ge, vrai nom, couple et fortune \u2014 la fiche compl\u00e8te"},"content":{"rendered":"<aside style=\"background:#FBEAF2;border-left:5px solid #B11E6A;padding:22px 28px;margin:24px 0;font-family:-apple-system,BlinkMacSystemFont,'Segoe UI',Roboto,sans-serif;\">\n<div style=\"margin:0;font-size:19px;line-height:1.55;color:#2a2a2a;font-weight:500;letter-spacing:-0.005em;\">\n    R\u00e9v\u00e9l\u00e9e \u00e0 19 ans en remportant la toute premi\u00e8re Star Academy, Jenifer Bartoli est devenue l&rsquo;une des chanteuses fran\u00e7aises les plus populaires des ann\u00e9es 2000. Vrai nom, \u00e2ge, taille, vie de famille en Corse, fortune : voici la fiche compl\u00e8te et v\u00e9rifi\u00e9e d&rsquo;une artiste qui a su durer l\u00e0 o\u00f9 tant d&rsquo;autres ont disparu.\n  <\/div>\n<\/aside>\n<p>Difficile de r\u00e9sumer en quelques lignes une carri\u00e8re entam\u00e9e \u00e0 l&rsquo;hiver 2001 et toujours active plus de vingt ans plus tard. Premi\u00e8re gagnante de la Star Academy, autrice de neuf albums studio, coach embl\u00e9matique de <em>The Voice Kids<\/em> puis jur\u00e9e de <em>The Voice<\/em>, Jenifer a travers\u00e9 deux d\u00e9cennies de vari\u00e9t\u00e9 fran\u00e7aise sans jamais vraiment quitter le devant de la sc\u00e8ne. Derri\u00e8re le pr\u00e9nom devenu marque, il y a une Ni\u00e7oise aux racines corses et italiennes, m\u00e8re de trois gar\u00e7ons, install\u00e9e loin du tumulte parisien. On fait le point, fait par fait.<\/p>\n<figure style=\"margin:32px 0;font-family:-apple-system,BlinkMacSystemFont,'Segoe UI',Roboto,sans-serif;\">\n<div style=\"overflow-x:auto;border:1px solid #e5e5e0;border-radius:8px;\">\n<table style=\"width:100%;border-collapse:collapse;font-size:14px;color:#2a2a2a;min-width:500px;\">\n<thead>\n<tr style=\"background:#1a1a1a;color:#fff;\">\n<th style=\"text-align:left;padding:14px 18px;font-weight:700;font-size:12px;text-transform:uppercase;letter-spacing:1.5px;\">Carte d&rsquo;identit\u00e9<\/th>\n<th style=\"text-align:left;padding:14px 18px;font-weight:700;font-size:12px;text-transform:uppercase;letter-spacing:1.5px;\">Information<\/th>\n<\/tr>\n<\/thead>\n<tbody>\n<tr style=\"background:#fff;border-bottom:1px solid #f0ede5;\">\n<td style=\"padding:14px 18px;font-weight:600;\">Nom complet<\/td>\n<td style=\"padding:14px 18px;color:#4a4a4a;\">Jenifer Ya\u00ebl Dadouche Bartoli<\/td>\n<\/tr>\n<tr style=\"background:#fafaf7;border-bottom:1px solid #f0ede5;\">\n<td style=\"padding:14px 18px;font-weight:600;\">Naissance<\/td>\n<td style=\"padding:14px 18px;color:#4a4a4a;\">15 novembre 1982, \u00e0 Nice (Alpes-Maritimes)<\/td>\n<\/tr>\n<tr style=\"background:#fff;border-bottom:1px solid #f0ede5;\">\n<td style=\"padding:14px 18px;font-weight:600;\">\u00c2ge<\/td>\n<td style=\"padding:14px 18px;color:#4a4a4a;\">43 ans (en 2026)<\/td>\n<\/tr>\n<tr style=\"background:#fafaf7;border-bottom:1px solid #f0ede5;\">\n<td style=\"padding:14px 18px;font-weight:600;\">Taille<\/td>\n<td style=\"padding:14px 18px;color:#4a4a4a;\">Environ 1,60 m (estim\u00e9e, non officielle)<\/td>\n<\/tr>\n<tr style=\"background:#fff;border-bottom:1px solid #f0ede5;\">\n<td style=\"padding:14px 18px;font-weight:600;\">Nationalit\u00e9<\/td>\n<td style=\"padding:14px 18px;color:#4a4a4a;\">Fran\u00e7aise<\/td>\n<\/tr>\n<tr style=\"background:#fafaf7;border-bottom:1px solid #f0ede5;\">\n<td style=\"padding:14px 18px;font-weight:600;\">Origines<\/td>\n<td style=\"padding:14px 18px;color:#4a4a4a;\">Corses et italiennes (par sa m\u00e8re), avec des racines familiales diverses<\/td>\n<\/tr>\n<tr style=\"background:#fff;\">\n<td style=\"padding:14px 18px;font-weight:600;\">Profession<\/td>\n<td style=\"padding:14px 18px;color:#4a4a4a;\">Chanteuse, autrice-interpr\u00e8te, coach et jur\u00e9e t\u00e9l\u00e9<\/td>\n<\/tr>\n<\/tbody>\n<\/table><\/div>\n<\/figure>\n<h2>Biographie : de Nice \u00e0 la premi\u00e8re Star Academy<\/h2>\n<p>Jenifer Ya\u00ebl Dadouche Bartoli na\u00eet le 15 novembre 1982 \u00e0 Nice. Passionn\u00e9e de chant d\u00e8s l&rsquo;enfance, elle se fait d&rsquo;abord remarquer dans des concours locaux et des soir\u00e9es karaok\u00e9 de la C\u00f4te d&rsquo;Azur avant de tenter sa chance \u00e0 un casting qui va tout changer. En 2001, elle est s\u00e9lectionn\u00e9e pour la premi\u00e8re saison de la <strong>Star Academy<\/strong>, le t\u00e9l\u00e9-crochet phare de TF1 produit par Endemol.<\/p>\n<p>Le concept, in\u00e9dit \u00e0 l&rsquo;\u00e9poque en France, m\u00eale cours de chant, de danse et de com\u00e9die \u00e0 une comp\u00e9tition diffus\u00e9e chaque semaine en prime time. Jenifer s&rsquo;y impose comme l&rsquo;une des favorites du public et remporte la finale d\u00e9but 2002. Cette victoire lui ouvre imm\u00e9diatement les portes d&rsquo;une carri\u00e8re musicale, avec un contrat \u00e0 la cl\u00e9 et un premier album tr\u00e8s attendu.<\/p>\n<p>Ce parcours fait d&rsquo;elle une pionni\u00e8re d&rsquo;un format t\u00e9l\u00e9visuel qui allait marquer toute une g\u00e9n\u00e9ration. L\u00e0 o\u00f9 beaucoup de candidats issus des t\u00e9l\u00e9-crochets peinent \u00e0 transformer l&rsquo;essai une fois les projecteurs \u00e9teints, Jenifer parvient \u00e0 imposer une v\u00e9ritable identit\u00e9 d&rsquo;artiste. Sa voix, son temp\u00e9rament et un r\u00e9pertoire taill\u00e9 pour la radio lui permettent de s&rsquo;extraire rapidement de l&rsquo;\u00e9tiquette \u00ab gagnante de t\u00e9l\u00e9-r\u00e9alit\u00e9 \u00bb pour devenir une chanteuse \u00e0 part enti\u00e8re, prise au s\u00e9rieux par le public comme par l&rsquo;industrie.<\/p>\n<aside style=\"background:#FBEAF2;border-left:4px solid #B11E6A;padding:14px 18px;margin:18px 0;border-radius:0 4px 4px 0;font-family:-apple-system,BlinkMacSystemFont,'Segoe UI',Roboto,sans-serif;\">\n  <strong style=\"display:inline-block;color:#7a1248;font-size:12px;text-transform:uppercase;letter-spacing:1.5px;margin-right:8px;\">Bon \u00e0 savoir<\/strong><br \/>\n  <span style=\"font-size:14.5px;line-height:1.55;color:#3a3a3a;\">La premi\u00e8re Star Academy a \u00e9t\u00e9 un ph\u00e9nom\u00e8ne t\u00e9l\u00e9visuel : Jenifer fait partie des tr\u00e8s rares gagnants de t\u00e9l\u00e9-crochet fran\u00e7ais \u00e0 avoir construit une carri\u00e8re durable sur plus de vingt ans.<\/span><br \/>\n<\/aside>\n<h2>Carri\u00e8re et tubes : neuf albums et des refrains cultes<\/h2>\n<p>Sorti dans la foul\u00e9e de sa victoire, son premier album \u00e9ponyme <em>Jenifer<\/em> rencontre un \u00e9norme succ\u00e8s commercial. Il contient plusieurs titres devenus embl\u00e9matiques des ann\u00e9es 2000, parmi lesquels <strong>\u00ab J&rsquo;attends l&rsquo;amour \u00bb<\/strong>, <strong>\u00ab Au soleil \u00bb<\/strong> et <strong>\u00ab Donne-moi le temps \u00bb<\/strong>. La jeune chanteuse s&rsquo;impose alors comme une v\u00e9ritable t\u00eate d&rsquo;affiche de la vari\u00e9t\u00e9 pop fran\u00e7aise.<\/p>\n<p>Loin de se contenter de son statut d&rsquo;ex-acad\u00e9micienne, elle encha\u00eene les disques : <em>Le Passage<\/em> (2004), <em>Lunatique<\/em> (2007), <em>Appelle-moi Jen<\/em>, puis <em>L&rsquo;Amour &amp; moi<\/em> (2012), <em>Ma d\u00e9claration<\/em> (2013), <em>Paradis secret<\/em> (2016) et <em>Nouvelle Page<\/em> (2018). En 2022, elle publie son neuvi\u00e8me album studio, <em>N\u00b09<\/em>, avant de revisiter ses classiques dans un best-of intitul\u00e9 <em>Jukebox<\/em>, sorti fin 2024, o\u00f9 ses tubes de 2002 \u00e0 2012 sont r\u00e9orchestr\u00e9s.<\/p>\n<p>Au fil des albums, l&rsquo;artiste a \u00e9largi sa palette : la pop solaire de ses d\u00e9buts a laiss\u00e9 place \u00e0 des textes plus intimes et \u00e0 des arrangements plus travaill\u00e9s, t\u00e9moignant d&rsquo;une volont\u00e9 constante de se renouveler. Chaque sortie s&rsquo;accompagne g\u00e9n\u00e9ralement de tourn\u00e9es qui la ram\u00e8nent sur sc\u00e8ne, l\u00e0 o\u00f9 le contact avec le public reste, de son propre aveu, le moteur de sa carri\u00e8re. Cette r\u00e9gularit\u00e9 \u2014 un album tous les deux \u00e0 trois ans en moyenne sur deux d\u00e9cennies \u2014 explique en grande partie sa long\u00e9vit\u00e9 dans un paysage musical o\u00f9 les carri\u00e8res s&rsquo;essoufflent souvent vite.<\/p>\n<div style=\"display:grid;grid-template-columns:repeat(auto-fit,minmax(220px,1fr));gap:14px;margin:28px 0;font-family:-apple-system,BlinkMacSystemFont,'Segoe UI',Roboto,sans-serif;\">\n<article style=\"background:#fff;border:1px solid #e5e5e0;border-top:3px solid #B11E6A;border-radius:6px;padding:18px 18px 16px;\">\n<div style=\"width:36px;height:36px;background:#FBEAF2;border-radius:50%;display:inline-flex;align-items:center;justify-content:center;margin-bottom:12px;\">\n      <span style=\"font-size:18px;color:#B11E6A;font-weight:900;font-family:Georgia,serif;\">01<\/span>\n    <\/div>\n<h3 style=\"margin:0 0 6px 0;font-size:16px;font-weight:700;color:#1a1a1a;letter-spacing:-0.01em;\">2002 \u2014 Le premier album<\/h3>\n<div style=\"margin:0;font-size:13.5px;line-height:1.55;color:#4a4a4a;\">L&rsquo;album <em>Jenifer<\/em> cartonne avec \u00ab J&rsquo;attends l&rsquo;amour \u00bb, \u00ab Au soleil \u00bb et \u00ab Donne-moi le temps \u00bb.<\/div>\n<\/article>\n<article style=\"background:#fff;border:1px solid #e5e5e0;border-top:3px solid #B11E6A;border-radius:6px;padding:18px 18px 16px;\">\n<div style=\"width:36px;height:36px;background:#FBEAF2;border-radius:50%;display:inline-flex;align-items:center;justify-content:center;margin-bottom:12px;\">\n      <span style=\"font-size:18px;color:#B11E6A;font-weight:900;font-family:Georgia,serif;\">02<\/span>\n    <\/div>\n<h3 style=\"margin:0 0 6px 0;font-size:16px;font-weight:700;color:#1a1a1a;letter-spacing:-0.01em;\">2004-2018 \u2014 La maturit\u00e9<\/h3>\n<div style=\"margin:0;font-size:13.5px;line-height:1.55;color:#4a4a4a;\">De <em>Le Passage<\/em> \u00e0 <em>Nouvelle Page<\/em>, elle affirme un r\u00e9pertoire pop plus personnel et adulte.<\/div>\n<\/article>\n<article style=\"background:#fff;border:1px solid #e5e5e0;border-top:3px solid #B11E6A;border-radius:6px;padding:18px 18px 16px;\">\n<div style=\"width:36px;height:36px;background:#FBEAF2;border-radius:50%;display:inline-flex;align-items:center;justify-content:center;margin-bottom:12px;\">\n      <span style=\"font-size:18px;color:#B11E6A;font-weight:900;font-family:Georgia,serif;\">03<\/span>\n    <\/div>\n<h3 style=\"margin:0 0 6px 0;font-size:16px;font-weight:700;color:#1a1a1a;letter-spacing:-0.01em;\">2022-2024 \u2014 N\u00b09 et Jukebox<\/h3>\n<div style=\"margin:0;font-size:13.5px;line-height:1.55;color:#4a4a4a;\">Son neuvi\u00e8me album puis un best-of r\u00e9orchestr\u00e9 confirment sa long\u00e9vit\u00e9 dans le paysage musical.<\/div>\n<\/article>\n<\/div>\n<p>Au-del\u00e0 du studio, Jenifer s&rsquo;est impos\u00e9e \u00e0 la t\u00e9l\u00e9vision comme figure du coaching musical. De 2014 \u00e0 2020, elle est <strong>coach de <em>The Voice Kids<\/em><\/strong>, l&rsquo;\u00e9dition junior du t\u00e9l\u00e9-crochet de TF1, o\u00f9 elle accompagne de jeunes talents. Elle si\u00e8ge \u00e9galement comme <strong>jur\u00e9e dans <em>The Voice<\/em><\/strong>, prolongeant ainsi son lien avec le format qui l&rsquo;a r\u00e9v\u00e9l\u00e9e, cette fois de l&rsquo;autre c\u00f4t\u00e9 du pupitre.<\/p>\n<figure style=\"margin:38px auto;padding:28px 24px;text-align:center;border-top:1px solid #2a2a2a;border-bottom:1px solid #2a2a2a;max-width:640px;position:relative;font-family:Georgia,'Hoefler Text',serif;\">\n<div style=\"position:absolute;top:-20px;left:50%;transform:translateX(-50%);background:#ffffff;padding:0 14px;font-size:48px;line-height:1;color:#B11E6A;font-family:Georgia,serif;\">&laquo;<\/div>\n<blockquote style=\"margin:0;padding:0;font-size:24px;line-height:1.45;font-style:italic;color:#1a1a1a;letter-spacing:-0.005em;\"><p>\n    Devenir coach apr\u00e8s avoir \u00e9t\u00e9 r\u00e9v\u00e9l\u00e9e par un t\u00e9l\u00e9-crochet, c&rsquo;est boucler la boucle : transmettre ce que la sc\u00e8ne m&rsquo;a appris.<br \/>\n  <\/blockquote><figcaption style=\"margin-top:14px;font-size:12px;text-transform:uppercase;letter-spacing:2px;color:#6a6a6a;font-family:-apple-system,sans-serif;font-style:normal;\">\u2014 Esprit des propos r\u00e9guli\u00e8rement tenus par Jenifer en interview<\/figcaption><\/figure>\n<h2>Taille, \u00e2ge et physique<\/h2>\n<p>N\u00e9e le 15 novembre 1982, Jenifer a <strong>43 ans en 2026<\/strong>. C\u00f4t\u00e9 physique, sa <strong>taille tourne autour de 1,60 m<\/strong> : il s&rsquo;agit d&rsquo;une estimation, car la chanteuse n&rsquo;a jamais communiqu\u00e9 officiellement ses mensurations et les sources non officielles oscillent entre 1,58 m et 1,60 m. Silhouette menue, longue chevelure brune et regard expressif font partie de son image depuis ses d\u00e9buts, m\u00eame si son look a beaucoup \u00e9volu\u00e9 au fil des albums.<\/p>\n<aside style=\"background:#fff7e0;border-left:4px solid #d4a017;padding:14px 18px;margin:18px 0;border-radius:0 4px 4px 0;font-family:-apple-system,BlinkMacSystemFont,'Segoe UI',Roboto,sans-serif;\">\n  <strong style=\"display:inline-block;color:#7a5e00;font-size:12px;text-transform:uppercase;letter-spacing:1.5px;margin-right:8px;\">Attention<\/strong><br \/>\n  <span style=\"font-size:14.5px;line-height:1.55;color:#3a3a3a;\">Les chiffres de taille qui circulent sur le web ne sont pas officiels. La valeur \u00ab environ 1,60 m \u00bb doit donc \u00eatre consid\u00e9r\u00e9e comme indicative.<\/span><br \/>\n<\/aside>\n<h2>Vie priv\u00e9e et enfants : la Corse au c\u0153ur<\/h2>\n<p>Tr\u00e8s attach\u00e9e \u00e0 la Corse, terre d&rsquo;origine d&rsquo;une partie de sa famille, Jenifer y a construit sa vie de famille loin des projecteurs parisiens. Elle est <strong>m\u00e8re de trois gar\u00e7ons<\/strong>, n\u00e9s de trois relations diff\u00e9rentes.<\/p>\n<p>Son premier fils, <strong>Aaron<\/strong>, est n\u00e9 en 2003 de sa relation avec le musicien et producteur Maxim Nucci (alias Yodelice), avec qui elle a partag\u00e9 plusieurs ann\u00e9es de vie commune et de collaboration artistique. Son deuxi\u00e8me fils, <strong>Joseph<\/strong>, est n\u00e9 en 2014 de son union avec l&rsquo;acteur Thierry Neuvic, dont elle s&rsquo;est s\u00e9par\u00e9e par la suite. Depuis 2016, elle partage sa vie avec l&rsquo;entrepreneur corse <strong>Ambroise Fieschi<\/strong>, qu&rsquo;elle a \u00e9pous\u00e9 en Corse en 2019 ; de cette union est n\u00e9 son troisi\u00e8me enfant.<\/p>\n<div style=\"display:grid;grid-template-columns:repeat(auto-fit,minmax(260px,1fr));gap:14px;margin:28px 0;font-family:-apple-system,BlinkMacSystemFont,'Segoe UI',Roboto,sans-serif;\">\n<div style=\"background:#FBEAF2;border:1px solid #f0c8dc;border-radius:6px;padding:20px 22px;\">\n<div style=\"display:flex;align-items:center;gap:10px;margin-bottom:14px;padding-bottom:10px;border-bottom:1px solid #f0c8dc;\">\n      <span style=\"width:32px;height:32px;background:#B11E6A;color:#fff;border-radius:50%;display:inline-flex;align-items:center;justify-content:center;font-size:16px;font-weight:700;\">&#9835;<\/span><\/p>\n<h3 style=\"margin:0;font-size:16px;font-weight:700;color:#7a1248;letter-spacing:-0.01em;\">Relations pass\u00e9es<\/h3>\n<\/p><\/div>\n<ul style=\"margin:0;padding-left:18px;font-size:14px;line-height:1.7;color:#3a3a3a;\">\n<li>Maxim Nucci (Yodelice), musicien \u2014 p\u00e8re d&rsquo;Aaron<\/li>\n<li>Thierry Neuvic, acteur \u2014 p\u00e8re de Joseph<\/li>\n<\/ul><\/div>\n<div style=\"background:#FBEAF2;border:1px solid #f0c8dc;border-radius:6px;padding:20px 22px;\">\n<div style=\"display:flex;align-items:center;gap:10px;margin-bottom:14px;padding-bottom:10px;border-bottom:1px solid #f0c8dc;\">\n      <span style=\"width:32px;height:32px;background:#B11E6A;color:#fff;border-radius:50%;display:inline-flex;align-items:center;justify-content:center;font-size:16px;font-weight:700;\">&#10084;<\/span><\/p>\n<h3 style=\"margin:0;font-size:16px;font-weight:700;color:#7a1248;letter-spacing:-0.01em;\">Vie actuelle<\/h3>\n<\/p><\/div>\n<ul style=\"margin:0;padding-left:18px;font-size:14px;line-height:1.7;color:#3a3a3a;\">\n<li>Mari\u00e9e \u00e0 Ambroise Fieschi (entrepreneur corse) depuis 2019<\/li>\n<li>M\u00e8re de trois gar\u00e7ons, install\u00e9e en Corse<\/li>\n<\/ul><\/div>\n<\/div>\n<p>Discr\u00e8te sur sa vie sentimentale, Jenifer \u00e9voque n\u00e9anmoins r\u00e9guli\u00e8rement l&rsquo;\u00e9quilibre qu&rsquo;elle a trouv\u00e9 entre sa carri\u00e8re et sa vie de m\u00e8re. Elle revendique un quotidien volontairement simple, \u00e0 l&rsquo;\u00e9cart du star-system, partag\u00e9 entre la musique et l&rsquo;\u00e9ducation de ses enfants. Loin de l&rsquo;image lisse parfois associ\u00e9e aux vedettes de la chanson, elle assume une vie de famille ordinaire, o\u00f9 elle s&rsquo;occupe elle-m\u00eame de son foyer entre deux projets professionnels.<\/p>\n<p>Ses origines corses et italiennes, qu&rsquo;elle a souvent mises en avant, occupent une place importante dans la mani\u00e8re dont elle se d\u00e9finit. La Corse n&rsquo;est pas seulement un d\u00e9cor de vacances : c&rsquo;est l&rsquo;ancrage familial o\u00f9 elle a choisi de poser durablement ses valises et de fonder son foyer aux c\u00f4t\u00e9s d&rsquo;Ambroise Fieschi. Cet attachement territorial fort participe \u00e0 l&rsquo;image d&rsquo;une artiste fid\u00e8le \u00e0 ses racines, rest\u00e9e \u00e0 distance des codes parfois clinquants du show-business parisien.<\/p>\n<h2>Fortune estim\u00e9e<\/h2>\n<p>La fortune exacte de Jenifer n&rsquo;a jamais \u00e9t\u00e9 rendue publique, et la chanteuse n&rsquo;a jamais communiqu\u00e9 de chiffre officiel. Les estimations qui circulent sur internet sont tr\u00e8s variables et souvent inv\u00e9rifiables : certains sites avancent des montants spectaculaires qu&rsquo;aucune source fiable ne confirme. Il convient donc de rester prudent.<\/p>\n<p>Ce que l&rsquo;on peut dire avec certitude, c&rsquo;est que ses revenus reposent sur plusieurs piliers : les ventes de neuf albums studio (dont plusieurs disques d&rsquo;or et de platine), les tourn\u00e9es et concerts, les droits d&rsquo;auteur, ainsi que ses cachets t\u00e9l\u00e9vis\u00e9s comme coach de <em>The Voice Kids<\/em> et jur\u00e9e de <em>The Voice<\/em> \u2014 des fonctions r\u00e9put\u00e9es bien r\u00e9mun\u00e9r\u00e9es sur les grandes cha\u00eenes. \u00c0 cela s&rsquo;ajoutent des collaborations ponctuelles et des partenariats de marque.<\/p>\n<figure style=\"margin:32px 0;padding:0;font-family:-apple-system,BlinkMacSystemFont,'Segoe UI',Roboto,sans-serif;\">\n<div style=\"display:grid;grid-template-columns:repeat(auto-fit,minmax(140px,1fr));background:#1a1a1a;border-radius:6px;overflow:hidden;\">\n<div style=\"padding:22px 16px;text-align:center;border-right:1px solid #2f2f2f;\">\n<div style=\"font-size:36px;font-weight:900;color:#fff;letter-spacing:-0.04em;font-feature-settings:'tnum';line-height:1;\">9<\/div>\n<div style=\"font-size:11px;text-transform:uppercase;letter-spacing:1.5px;color:#9a9a9a;margin-top:8px;\">albums studio<\/div>\n<\/p><\/div>\n<div style=\"padding:22px 16px;text-align:center;border-right:1px solid #2f2f2f;\">\n<div style=\"font-size:36px;font-weight:900;color:#fff;letter-spacing:-0.04em;font-feature-settings:'tnum';line-height:1;\">2002<\/div>\n<div style=\"font-size:11px;text-transform:uppercase;letter-spacing:1.5px;color:#9a9a9a;margin-top:8px;\">victoire Star Academy<\/div>\n<\/p><\/div>\n<div style=\"padding:22px 16px;text-align:center;\">\n<div style=\"font-size:36px;font-weight:900;color:#f2a3c8;letter-spacing:-0.04em;font-feature-settings:'tnum';line-height:1;\">20+<\/div>\n<div style=\"font-size:11px;text-transform:uppercase;letter-spacing:1.5px;color:#9a9a9a;margin-top:8px;\">ans de carri\u00e8re<\/div>\n<\/p><\/div>\n<\/p><\/div><figcaption style=\"font-size:11px;color:#7a7a7a;margin-top:8px;text-align:right;letter-spacing:0.3px;\">Donn\u00e9es indicatives \u2014 voir sources en fin d&rsquo;article.<\/figcaption><\/figure>\n<h2>Anecdotes<\/h2>\n<aside style=\"background:#fafaf7;border:1px solid #e5e5e0;border-radius:8px;padding:24px 26px 26px;margin:28px 0;font-family:-apple-system,BlinkMacSystemFont,'Segoe UI',Roboto,sans-serif;\">\n<div style=\"margin:0 0 18px 0;font-size:11px;font-weight:700;text-transform:uppercase;letter-spacing:2.2px;color:#B11E6A;\">\u00c0 retenir<\/div>\n<div style=\"display:grid;grid-template-columns:repeat(auto-fit,minmax(240px,1fr));gap:10px;\">\n<div style=\"display:flex;gap:12px;background:#fff;border:1px solid #ebebe5;padding:12px 14px;border-radius:6px;align-items:flex-start;\">\n      <span style=\"flex:0 0 26px;width:26px;height:26px;background:#B11E6A;color:#fff;border-radius:50%;display:inline-flex;align-items:center;justify-content:center;font-size:12px;font-weight:700;font-family:-apple-system,sans-serif;\">1<\/span><br \/>\n      <span style=\"font-size:14px;line-height:1.5;color:#2a2a2a;\">Elle est la toute premi\u00e8re gagnante de la Star Academy fran\u00e7aise, un titre fondateur de sa notori\u00e9t\u00e9.<\/span>\n    <\/div>\n<div style=\"display:flex;gap:12px;background:#fff;border:1px solid #ebebe5;padding:12px 14px;border-radius:6px;align-items:flex-start;\">\n      <span style=\"flex:0 0 26px;width:26px;height:26px;background:#B11E6A;color:#fff;border-radius:50%;display:inline-flex;align-items:center;justify-content:center;font-size:12px;font-weight:700;font-family:-apple-system,sans-serif;\">2<\/span><br \/>\n      <span style=\"font-size:14px;line-height:1.5;color:#2a2a2a;\">Son pr\u00e9nom de sc\u00e8ne, \u00ab Jenifer \u00bb, s&rsquo;\u00e9crit avec un seul \u00ab n \u00bb et un seul \u00ab f \u00bb.<\/span>\n    <\/div>\n<div style=\"display:flex;gap:12px;background:#fff;border:1px solid #ebebe5;padding:12px 14px;border-radius:6px;align-items:flex-start;\">\n      <span style=\"flex:0 0 26px;width:26px;height:26px;background:#B11E6A;color:#fff;border-radius:50%;display:inline-flex;align-items:center;justify-content:center;font-size:12px;font-weight:700;font-family:-apple-system,sans-serif;\">3<\/span><br \/>\n      <span style=\"font-size:14px;line-height:1.5;color:#2a2a2a;\">Elle a longtemps collabor\u00e9 artistiquement avec Maxim Nucci (Yodelice), p\u00e8re de son a\u00een\u00e9.<\/span>\n    <\/div>\n<div style=\"display:flex;gap:12px;background:#fff;border:1px solid #ebebe5;padding:12px 14px;border-radius:6px;align-items:flex-start;\">\n      <span style=\"flex:0 0 26px;width:26px;height:26px;background:#B11E6A;color:#fff;border-radius:50%;display:inline-flex;align-items:center;justify-content:center;font-size:12px;font-weight:700;font-family:-apple-system,sans-serif;\">4<\/span><br \/>\n      <span style=\"font-size:14px;line-height:1.5;color:#2a2a2a;\">Profond\u00e9ment attach\u00e9e \u00e0 la Corse, elle s&rsquo;y est mari\u00e9e et y a pos\u00e9 ses valises en famille.<\/span>\n    <\/div>\n<\/p><\/div>\n<\/aside>\n<section style=\"margin:32px 0;font-family:-apple-system,BlinkMacSystemFont,'Segoe UI',Roboto,sans-serif;\">\n<h2 style=\"margin:0 0 18px 0;font-size:22px;font-weight:800;color:#1a1a1a;letter-spacing:-0.01em;\">Questions fr\u00e9quentes<\/h2>\n<div style=\"border-top:1px solid #d4cfc4;\">\n<details style=\"border-bottom:1px solid #d4cfc4;padding:0;\">\n<summary style=\"cursor:pointer;padding:16px 0;font-size:17px;font-weight:700;color:#1a1a1a;list-style:none;display:flex;justify-content:space-between;align-items:center;gap:14px;\">\n        <span>Quelle est la taille de Jenifer ?<\/span><br \/>\n        <span style=\"font-size:22px;font-weight:300;color:#B11E6A;line-height:1;\">+<\/span><br \/>\n      <\/summary>\n<div style=\"padding:0 0 16px 0;font-size:15px;line-height:1.7;color:#4a4a4a;\">Jenifer mesure environ 1,60 m. Cette taille est une estimation : la chanteuse n&rsquo;a jamais communiqu\u00e9 officiellement ses mensurations, et les sources non officielles oscillent entre 1,58 m et 1,60 m.<\/div>\n<\/details>\n<details style=\"border-bottom:1px solid #d4cfc4;padding:0;\">\n<summary style=\"cursor:pointer;padding:16px 0;font-size:17px;font-weight:700;color:#1a1a1a;list-style:none;display:flex;justify-content:space-between;align-items:center;gap:14px;\">\n        <span>Quel \u00e2ge a Jenifer ?<\/span><br \/>\n        <span style=\"font-size:22px;font-weight:300;color:#B11E6A;line-height:1;\">+<\/span><br \/>\n      <\/summary>\n<div style=\"padding:0 0 16px 0;font-size:15px;line-height:1.7;color:#4a4a4a;\">N\u00e9e le 15 novembre 1982 \u00e0 Nice, Jenifer a 43 ans en 2026.<\/div>\n<\/details>\n<details style=\"border-bottom:1px solid #d4cfc4;padding:0;\">\n<summary style=\"cursor:pointer;padding:16px 0;font-size:17px;font-weight:700;color:#1a1a1a;list-style:none;display:flex;justify-content:space-between;align-items:center;gap:14px;\">\n        <span>Quel est le vrai nom de Jenifer ?<\/span><br \/>\n        <span style=\"font-size:22px;font-weight:300;color:#B11E6A;line-height:1;\">+<\/span><br \/>\n      <\/summary>\n<div style=\"padding:0 0 16px 0;font-size:15px;line-height:1.7;color:#4a4a4a;\">Son nom complet est Jenifer Ya\u00ebl Dadouche Bartoli. Elle se produit simplement sous son pr\u00e9nom, \u00ab Jenifer \u00bb, depuis sa victoire \u00e0 la Star Academy.<\/div>\n<\/details>\n<details style=\"border-bottom:1px solid #d4cfc4;padding:0;\">\n<summary style=\"cursor:pointer;padding:16px 0;font-size:17px;font-weight:700;color:#1a1a1a;list-style:none;display:flex;justify-content:space-between;align-items:center;gap:14px;\">\n        <span>Qui est le mari de Jenifer ?<\/span><br \/>\n        <span style=\"font-size:22px;font-weight:300;color:#B11E6A;line-height:1;\">+<\/span><br \/>\n      <\/summary>\n<div style=\"padding:0 0 16px 0;font-size:15px;line-height:1.7;color:#4a4a4a;\">Depuis 2016, Jenifer partage sa vie avec l&rsquo;entrepreneur corse Ambroise Fieschi, qu&rsquo;elle a \u00e9pous\u00e9 en Corse en 2019. Elle a auparavant \u00e9t\u00e9 en couple avec le musicien Maxim Nucci (Yodelice), puis avec l&rsquo;acteur Thierry Neuvic.<\/div>\n<\/details>\n<details style=\"border-bottom:1px solid #d4cfc4;padding:0;\">\n<summary style=\"cursor:pointer;padding:16px 0;font-size:17px;font-weight:700;color:#1a1a1a;list-style:none;display:flex;justify-content:space-between;align-items:center;gap:14px;\">\n        <span>Quelle est la fortune de Jenifer ?<\/span><br \/>\n        <span style=\"font-size:22px;font-weight:300;color:#B11E6A;line-height:1;\">+<\/span><br \/>\n      <\/summary>\n<div style=\"padding:0 0 16px 0;font-size:15px;line-height:1.7;color:#4a4a4a;\">La fortune de Jenifer n&rsquo;a jamais \u00e9t\u00e9 rendue publique et aucun chiffre officiel n&rsquo;existe. Les estimations qui circulent sont tr\u00e8s variables et inv\u00e9rifiables. Ses revenus proviennent de neuf albums, de tourn\u00e9es, de droits d&rsquo;auteur et de ses cachets t\u00e9l\u00e9vis\u00e9s comme coach et jur\u00e9e de <em>The Voice<\/em> \/ <em>The Voice Kids<\/em>.<\/div>\n<\/details><\/div>\n<\/section>\n<p style=\"font-size:13px;color:#6a6a6a;margin-top:32px;\">Sources : Wikip\u00e9dia et donn\u00e9es publiques. Article mis \u00e0 jour r\u00e9guli\u00e8rement.<\/p>\n","protected":false},"excerpt":{"rendered":"","protected":false},"author":42,"featured_media":999999999,"comment_status":"open","ping_status":"open","sticky":false,"template":"","format":"standard","meta":{"_acf_changed":false,"manual_indexmenow":false,"indexmenow_id_project":0,"footnotes":""},"categories":[4524],"tags":[],"class_list":["post-8037","post","type-post","status-publish","format-standard","has-post-thumbnail","hentry","category-celebrites-et-influence-en-france","generate-columns","tablet-grid-50","mobile-grid-100","grid-parent","grid-25"],"acf":[],"yoast_head":"<!-- This site is optimized with the Yoast SEO Premium plugin v21.3 (Yoast SEO v26.5) - https:\/\/yoast.com\/wordpress\/plugins\/seo\/ -->\n<title>Jenifer : taille, \u00e2ge, vrai nom, couple et fortune<\/title>\n<meta name=\"description\" content=\"Difficile de r\u00e9sumer en quelques lignes une carri\u00e8re entam\u00e9e \u00e0 l&#039;hiver 2001 et toujours active plus de vingt ans plus tard\" \/>\n<meta name=\"robots\" content=\"index, follow, max-snippet:-1, max-image-preview:large, max-video-preview:-1\" \/>\n<link rel=\"canonical\" href=\"https:\/\/starstory.fr\/blog\/celebrites-et-influence-en-france\/jenifer-taille-age-vrai-nom-couple-et-fortune-la-fiche-complete\/\" \/>\n<meta property=\"og:locale\" content=\"fr_FR\" \/>\n<meta property=\"og:type\" content=\"article\" \/>\n<meta property=\"og:title\" content=\"Jenifer : taille, \u00e2ge, vrai nom, couple et fortune\" \/>\n<meta property=\"og:description\" content=\"Difficile de r\u00e9sumer en quelques lignes une carri\u00e8re entam\u00e9e \u00e0 l&#039;hiver 2001 et toujours active plus de vingt ans plus tard\" \/>\n<meta property=\"og:url\" content=\"https:\/\/starstory.fr\/blog\/celebrites-et-influence-en-france\/jenifer-taille-age-vrai-nom-couple-et-fortune-la-fiche-complete\/\" \/>\n<meta property=\"og:site_name\" content=\"starstory\" \/>\n<meta name=\"author\" content=\"Antoine Ferrand\" \/>\n<meta name=\"twitter:card\" content=\"summary_large_image\" \/>\n<script type=\"application\/ld+json\" class=\"yoast-schema-graph\">{\"@context\":\"https:\/\/schema.org\",\"@graph\":[{\"@type\":\"NewsArticle\",\"@id\":\"https:\/\/starstory.fr\/blog\/celebrites-et-influence-en-france\/jenifer-taille-age-vrai-nom-couple-et-fortune-la-fiche-complete\/#article\",\"isPartOf\":{\"@id\":\"https:\/\/starstory.fr\/blog\/celebrites-et-influence-en-france\/jenifer-taille-age-vrai-nom-couple-et-fortune-la-fiche-complete\/\"},\"author\":{\"name\":\"Antoine Ferrand\",\"@id\":\"https:\/\/starstory.fr\/blog\/#\/schema\/person\/2d9dd3a73cf4dcbc428e866589dd5882\"},\"headline\":\"Jenifer : taille, \u00e2ge, vrai nom, couple et fortune \u2014 la fiche compl\u00e8te\",\"datePublished\":\"2026-06-06T11:10:19+00:00\",\"mainEntityOfPage\":{\"@id\":\"https:\/\/starstory.fr\/blog\/celebrites-et-influence-en-france\/jenifer-taille-age-vrai-nom-couple-et-fortune-la-fiche-complete\/\"},\"wordCount\":1817,\"commentCount\":0,\"publisher\":{\"@id\":\"https:\/\/starstory.fr\/blog\/#organization\"},\"image\":{\"@id\":\"https:\/\/starstory.fr\/blog\/celebrites-et-influence-en-france\/jenifer-taille-age-vrai-nom-couple-et-fortune-la-fiche-complete\/#primaryimage\"},\"thumbnailUrl\":\"https:\/\/images.pexels.com\/photos\/8043841\/pexels-photo-8043841.jpeg?auto=compress&cs=tinysrgb&fit=crop&h=627&w=1200\",\"articleSection\":[\"C\u00e9l\u00e9brit\u00e9s et Influence en France\"],\"inLanguage\":\"fr-FR\",\"potentialAction\":[{\"@type\":\"CommentAction\",\"name\":\"Comment\",\"target\":[\"https:\/\/starstory.fr\/blog\/celebrites-et-influence-en-france\/jenifer-taille-age-vrai-nom-couple-et-fortune-la-fiche-complete\/#respond\"]}]},{\"@type\":\"WebPage\",\"@id\":\"https:\/\/starstory.fr\/blog\/celebrites-et-influence-en-france\/jenifer-taille-age-vrai-nom-couple-et-fortune-la-fiche-complete\/\",\"url\":\"https:\/\/starstory.fr\/blog\/celebrites-et-influence-en-france\/jenifer-taille-age-vrai-nom-couple-et-fortune-la-fiche-complete\/\",\"name\":\"Jenifer : taille, \u00e2ge, vrai nom, couple et fortune\",\"isPartOf\":{\"@id\":\"https:\/\/starstory.fr\/blog\/#website\"},\"primaryImageOfPage\":{\"@id\":\"https:\/\/starstory.fr\/blog\/celebrites-et-influence-en-france\/jenifer-taille-age-vrai-nom-couple-et-fortune-la-fiche-complete\/#primaryimage\"},\"image\":{\"@id\":\"https:\/\/starstory.fr\/blog\/celebrites-et-influence-en-france\/jenifer-taille-age-vrai-nom-couple-et-fortune-la-fiche-complete\/#primaryimage\"},\"thumbnailUrl\":\"https:\/\/images.pexels.com\/photos\/8043841\/pexels-photo-8043841.jpeg?auto=compress&cs=tinysrgb&fit=crop&h=627&w=1200\",\"datePublished\":\"2026-06-06T11:10:19+00:00\",\"description\":\"Difficile de r\u00e9sumer en quelques lignes une carri\u00e8re entam\u00e9e \u00e0 l'hiver 2001 et toujours active plus de vingt ans plus tard\",\"inLanguage\":\"fr-FR\",\"potentialAction\":[{\"@type\":\"ReadAction\",\"target\":[\"https:\/\/starstory.fr\/blog\/celebrites-et-influence-en-france\/jenifer-taille-age-vrai-nom-couple-et-fortune-la-fiche-complete\/\"]}]},{\"@type\":\"ImageObject\",\"inLanguage\":\"fr-FR\",\"@id\":\"https:\/\/starstory.fr\/blog\/celebrites-et-influence-en-france\/jenifer-taille-age-vrai-nom-couple-et-fortune-la-fiche-complete\/#primaryimage\",\"url\":\"https:\/\/images.pexels.com\/photos\/8043841\/pexels-photo-8043841.jpeg?auto=compress&cs=tinysrgb&fit=crop&h=627&w=1200\",\"contentUrl\":\"https:\/\/images.pexels.com\/photos\/8043841\/pexels-photo-8043841.jpeg?auto=compress&cs=tinysrgb&fit=crop&h=627&w=1200\"},{\"@type\":\"WebSite\",\"@id\":\"https:\/\/starstory.fr\/blog\/#website\",\"url\":\"https:\/\/starstory.fr\/blog\/\",\"name\":\"StarStory\",\"description\":\"StarStory, les \u00e9toiles racontent leur histoire\",\"publisher\":{\"@id\":\"https:\/\/starstory.fr\/blog\/#organization\"},\"alternateName\":\"StarStory, les \u00e9toiles racontent leur histoire\",\"potentialAction\":[{\"@type\":\"SearchAction\",\"target\":{\"@type\":\"EntryPoint\",\"urlTemplate\":\"https:\/\/starstory.fr\/blog\/?s={search_term_string}\"},\"query-input\":{\"@type\":\"PropertyValueSpecification\",\"valueRequired\":true,\"valueName\":\"search_term_string\"}}],\"inLanguage\":\"fr-FR\"},{\"@type\":\"Organization\",\"@id\":\"https:\/\/starstory.fr\/blog\/#organization\",\"name\":\"StarStory\",\"alternateName\":\"StarStory.fr\",\"url\":\"https:\/\/starstory.fr\/blog\/\",\"logo\":{\"@type\":\"ImageObject\",\"inLanguage\":\"fr-FR\",\"@id\":\"https:\/\/starstory.fr\/blog\/#\/schema\/logo\/image\/\",\"url\":\"https:\/\/starstory.fr\/blog\/wp-content\/uploads\/2024\/12\/38.png\",\"contentUrl\":\"https:\/\/starstory.fr\/blog\/wp-content\/uploads\/2024\/12\/38.png\",\"width\":500,\"height\":500,\"caption\":\"StarStory\"},\"image\":{\"@id\":\"https:\/\/starstory.fr\/blog\/#\/schema\/logo\/image\/\"}},{\"@type\":\"Person\",\"@id\":\"https:\/\/starstory.fr\/blog\/#\/schema\/person\/2d9dd3a73cf4dcbc428e866589dd5882\",\"name\":\"Antoine Ferrand\",\"image\":{\"@type\":\"ImageObject\",\"inLanguage\":\"fr-FR\",\"@id\":\"https:\/\/starstory.fr\/blog\/#\/schema\/person\/image\/\",\"url\":\"https:\/\/secure.gravatar.com\/avatar\/?s=96&d=mm&r=g\",\"contentUrl\":\"https:\/\/secure.gravatar.com\/avatar\/?s=96&d=mm&r=g\",\"caption\":\"Antoine Ferrand\"},\"description\":\"Antoine analyse les figures politiques et m\u00e9diatiques, ainsi que leur influence en France au fil des ann\u00e9es.\",\"url\":\"https:\/\/starstory.fr\/blog\/auteur\/antoine-dupont\/\"}]}<\/script>\n<!-- \/ Yoast SEO Premium plugin. -->","yoast_head_json":{"title":"Jenifer : taille, \u00e2ge, vrai nom, couple et fortune","description":"Difficile de r\u00e9sumer en quelques lignes une carri\u00e8re entam\u00e9e \u00e0 l'hiver 2001 et toujours active plus de vingt ans plus tard","robots":{"index":"index","follow":"follow","max-snippet":"max-snippet:-1","max-image-preview":"max-image-preview:large","max-video-preview":"max-video-preview:-1"},"canonical":"https:\/\/starstory.fr\/blog\/celebrites-et-influence-en-france\/jenifer-taille-age-vrai-nom-couple-et-fortune-la-fiche-complete\/","og_locale":"fr_FR","og_type":"article","og_title":"Jenifer : taille, \u00e2ge, vrai nom, couple et fortune","og_description":"Difficile de r\u00e9sumer en quelques lignes une carri\u00e8re entam\u00e9e \u00e0 l'hiver 2001 et toujours active plus de vingt ans plus tard","og_url":"https:\/\/starstory.fr\/blog\/celebrites-et-influence-en-france\/jenifer-taille-age-vrai-nom-couple-et-fortune-la-fiche-complete\/","og_site_name":"starstory","author":"Antoine Ferrand","twitter_card":"summary_large_image","schema":{"@context":"https:\/\/schema.org","@graph":[{"@type":"NewsArticle","@id":"https:\/\/starstory.fr\/blog\/celebrites-et-influence-en-france\/jenifer-taille-age-vrai-nom-couple-et-fortune-la-fiche-complete\/#article","isPartOf":{"@id":"https:\/\/starstory.fr\/blog\/celebrites-et-influence-en-france\/jenifer-taille-age-vrai-nom-couple-et-fortune-la-fiche-complete\/"},"author":{"name":"Antoine Ferrand","@id":"https:\/\/starstory.fr\/blog\/#\/schema\/person\/2d9dd3a73cf4dcbc428e866589dd5882"},"headline":"Jenifer : taille, \u00e2ge, vrai nom, couple et fortune \u2014 la fiche compl\u00e8te","datePublished":"2026-06-06T11:10:19+00:00","mainEntityOfPage":{"@id":"https:\/\/starstory.fr\/blog\/celebrites-et-influence-en-france\/jenifer-taille-age-vrai-nom-couple-et-fortune-la-fiche-complete\/"},"wordCount":1817,"commentCount":0,"publisher":{"@id":"https:\/\/starstory.fr\/blog\/#organization"},"image":{"@id":"https:\/\/starstory.fr\/blog\/celebrites-et-influence-en-france\/jenifer-taille-age-vrai-nom-couple-et-fortune-la-fiche-complete\/#primaryimage"},"thumbnailUrl":"https:\/\/images.pexels.com\/photos\/8043841\/pexels-photo-8043841.jpeg?auto=compress&cs=tinysrgb&fit=crop&h=627&w=1200","articleSection":["C\u00e9l\u00e9brit\u00e9s et Influence en France"],"inLanguage":"fr-FR","potentialAction":[{"@type":"CommentAction","name":"Comment","target":["https:\/\/starstory.fr\/blog\/celebrites-et-influence-en-france\/jenifer-taille-age-vrai-nom-couple-et-fortune-la-fiche-complete\/#respond"]}]},{"@type":"WebPage","@id":"https:\/\/starstory.fr\/blog\/celebrites-et-influence-en-france\/jenifer-taille-age-vrai-nom-couple-et-fortune-la-fiche-complete\/","url":"https:\/\/starstory.fr\/blog\/celebrites-et-influence-en-france\/jenifer-taille-age-vrai-nom-couple-et-fortune-la-fiche-complete\/","name":"Jenifer : taille, \u00e2ge, vrai nom, couple et fortune","isPartOf":{"@id":"https:\/\/starstory.fr\/blog\/#website"},"primaryImageOfPage":{"@id":"https:\/\/starstory.fr\/blog\/celebrites-et-influence-en-france\/jenifer-taille-age-vrai-nom-couple-et-fortune-la-fiche-complete\/#primaryimage"},"image":{"@id":"https:\/\/starstory.fr\/blog\/celebrites-et-influence-en-france\/jenifer-taille-age-vrai-nom-couple-et-fortune-la-fiche-complete\/#primaryimage"},"thumbnailUrl":"https:\/\/images.pexels.com\/photos\/8043841\/pexels-photo-8043841.jpeg?auto=compress&cs=tinysrgb&fit=crop&h=627&w=1200","datePublished":"2026-06-06T11:10:19+00:00","description":"Difficile de r\u00e9sumer en quelques lignes une carri\u00e8re entam\u00e9e \u00e0 l'hiver 2001 et toujours active plus de vingt ans plus tard","inLanguage":"fr-FR","potentialAction":[{"@type":"ReadAction","target":["https:\/\/starstory.fr\/blog\/celebrites-et-influence-en-france\/jenifer-taille-age-vrai-nom-couple-et-fortune-la-fiche-complete\/"]}]},{"@type":"ImageObject","inLanguage":"fr-FR","@id":"https:\/\/starstory.fr\/blog\/celebrites-et-influence-en-france\/jenifer-taille-age-vrai-nom-couple-et-fortune-la-fiche-complete\/#primaryimage","url":"https:\/\/images.pexels.com\/photos\/8043841\/pexels-photo-8043841.jpeg?auto=compress&cs=tinysrgb&fit=crop&h=627&w=1200","contentUrl":"https:\/\/images.pexels.com\/photos\/8043841\/pexels-photo-8043841.jpeg?auto=compress&cs=tinysrgb&fit=crop&h=627&w=1200"},{"@type":"WebSite","@id":"https:\/\/starstory.fr\/blog\/#website","url":"https:\/\/starstory.fr\/blog\/","name":"StarStory","description":"StarStory, les \u00e9toiles racontent leur histoire","publisher":{"@id":"https:\/\/starstory.fr\/blog\/#organization"},"alternateName":"StarStory, les \u00e9toiles racontent leur histoire","potentialAction":[{"@type":"SearchAction","target":{"@type":"EntryPoint","urlTemplate":"https:\/\/starstory.fr\/blog\/?s={search_term_string}"},"query-input":{"@type":"PropertyValueSpecification","valueRequired":true,"valueName":"search_term_string"}}],"inLanguage":"fr-FR"},{"@type":"Organization","@id":"https:\/\/starstory.fr\/blog\/#organization","name":"StarStory","alternateName":"StarStory.fr","url":"https:\/\/starstory.fr\/blog\/","logo":{"@type":"ImageObject","inLanguage":"fr-FR","@id":"https:\/\/starstory.fr\/blog\/#\/schema\/logo\/image\/","url":"https:\/\/starstory.fr\/blog\/wp-content\/uploads\/2024\/12\/38.png","contentUrl":"https:\/\/starstory.fr\/blog\/wp-content\/uploads\/2024\/12\/38.png","width":500,"height":500,"caption":"StarStory"},"image":{"@id":"https:\/\/starstory.fr\/blog\/#\/schema\/logo\/image\/"}},{"@type":"Person","@id":"https:\/\/starstory.fr\/blog\/#\/schema\/person\/2d9dd3a73cf4dcbc428e866589dd5882","name":"Antoine Ferrand","image":{"@type":"ImageObject","inLanguage":"fr-FR","@id":"https:\/\/starstory.fr\/blog\/#\/schema\/person\/image\/","url":"https:\/\/secure.gravatar.com\/avatar\/?s=96&d=mm&r=g","contentUrl":"https:\/\/secure.gravatar.com\/avatar\/?s=96&d=mm&r=g","caption":"Antoine Ferrand"},"description":"Antoine analyse les figures politiques et m\u00e9diatiques, ainsi que leur influence en France au fil des ann\u00e9es.","url":"https:\/\/starstory.fr\/blog\/auteur\/antoine-dupont\/"}]}},"_links":{"self":[{"href":"https:\/\/starstory.fr\/blog\/wp-json\/wp\/v2\/posts\/8037","targetHints":{"allow":["GET"]}}],"collection":[{"href":"https:\/\/starstory.fr\/blog\/wp-json\/wp\/v2\/posts"}],"about":[{"href":"https:\/\/starstory.fr\/blog\/wp-json\/wp\/v2\/types\/post"}],"author":[{"embeddable":true,"href":"https:\/\/starstory.fr\/blog\/wp-json\/wp\/v2\/users\/42"}],"replies":[{"embeddable":true,"href":"https:\/\/starstory.fr\/blog\/wp-json\/wp\/v2\/comments?post=8037"}],"version-history":[{"count":0,"href":"https:\/\/starstory.fr\/blog\/wp-json\/wp\/v2\/posts\/8037\/revisions"}],"wp:attachment":[{"href":"https:\/\/starstory.fr\/blog\/wp-json\/wp\/v2\/media?parent=8037"}],"wp:term":[{"taxonomy":"category","embeddable":true,"href":"https:\/\/starstory.fr\/blog\/wp-json\/wp\/v2\/categories?post=8037"},{"taxonomy":"post_tag","embeddable":true,"href":"https:\/\/starstory.fr\/blog\/wp-json\/wp\/v2\/tags?post=8037"}],"curies":[{"name":"wp","href":"https:\/\/api.w.org\/{rel}","templated":true}]}}