{"id":8033,"date":"2026-06-06T13:09:24","date_gmt":"2026-06-06T11:09:24","guid":{"rendered":"https:\/\/starstory.fr\/blog\/musique-et-icones-musicales\/cardi-b-taille-age-vrai-nom-couple-et-fortune-la-fiche-complete\/"},"modified":"2026-06-06T13:09:24","modified_gmt":"2026-06-06T11:09:24","slug":"cardi-b-taille-age-vrai-nom-couple-et-fortune-la-fiche-complete","status":"publish","type":"post","link":"https:\/\/starstory.fr\/blog\/musique-et-icones-musicales\/cardi-b-taille-age-vrai-nom-couple-et-fortune-la-fiche-complete\/","title":{"rendered":"Cardi B : taille, \u00e2ge, vrai nom, couple et fortune \u2014 la fiche compl\u00e8te"},"content":{"rendered":"<h1>Cardi B : taille, \u00e2ge, vrai nom, couple et fortune \u2014 la fiche compl\u00e8te<\/h1>\n<aside style=\"background:#FBEAF2;border-left:5px solid #B11E6A;padding:22px 28px;margin:24px 0;font-family:-apple-system,BlinkMacSystemFont,'Segoe UI',Roboto,sans-serif;\">\n<div style=\"margin:0;font-size:19px;line-height:1.55;color:#2a2a2a;font-weight:500;letter-spacing:-0.005em;\">\n    Cardi B, de son vrai nom Belcalis Marlenis Alm\u00e1nzar, est une rappeuse am\u00e9ricaine n\u00e9e le 11 octobre 1992 \u00e0 New York. Elle mesure environ 1,57 m, revendique des origines dominicaines et trinidadiennes, et s&rsquo;est impos\u00e9e comme l&rsquo;une des artistes les plus influentes du rap des ann\u00e9es 2010-2020. Voici sa fiche d&rsquo;identit\u00e9 compl\u00e8te, v\u00e9rifi\u00e9e et tenue \u00e0 jour.\n  <\/div>\n<\/aside>\n<figure style=\"margin:32px 0;font-family:-apple-system,BlinkMacSystemFont,'Segoe UI',Roboto,sans-serif;\">\n<div style=\"overflow-x:auto;border:1px solid #e5e5e0;border-radius:8px;\">\n<table style=\"width:100%;border-collapse:collapse;font-size:14px;color:#2a2a2a;min-width:500px;\">\n<thead>\n<tr style=\"background:#1a1a1a;color:#fff;\">\n<th style=\"text-align:left;padding:14px 18px;font-weight:700;font-size:12px;text-transform:uppercase;letter-spacing:1.5px;\">Carte d&rsquo;identit\u00e9<\/th>\n<th style=\"text-align:left;padding:14px 18px;font-weight:700;font-size:12px;text-transform:uppercase;letter-spacing:1.5px;\">D\u00e9tail<\/th>\n<\/tr>\n<\/thead>\n<tbody>\n<tr style=\"background:#fff;border-bottom:1px solid #f0ede5;\">\n<td style=\"padding:14px 18px;font-weight:600;\">Nom complet<\/td>\n<td style=\"padding:14px 18px;color:#4a4a4a;\">Belcalis Marlenis Alm\u00e1nzar<\/td>\n<\/tr>\n<tr style=\"background:#FBEAF2;border-bottom:1px solid #f0ede5;\">\n<td style=\"padding:14px 18px;font-weight:600;\">Naissance<\/td>\n<td style=\"padding:14px 18px;color:#4a4a4a;\">11 octobre 1992, New York (Manhattan)<\/td>\n<\/tr>\n<tr style=\"background:#fff;border-bottom:1px solid #f0ede5;\">\n<td style=\"padding:14px 18px;font-weight:600;\">\u00c2ge<\/td>\n<td style=\"padding:14px 18px;color:#4a4a4a;\">33 ans (en 2026)<\/td>\n<\/tr>\n<tr style=\"background:#FBEAF2;border-bottom:1px solid #f0ede5;\">\n<td style=\"padding:14px 18px;font-weight:600;\">Taille<\/td>\n<td style=\"padding:14px 18px;color:#4a4a4a;\">Environ 1,57 m (5&rsquo;3&Prime;)<\/td>\n<\/tr>\n<tr style=\"background:#fff;border-bottom:1px solid #f0ede5;\">\n<td style=\"padding:14px 18px;font-weight:600;\">Nationalit\u00e9<\/td>\n<td style=\"padding:14px 18px;color:#4a4a4a;\">Am\u00e9ricaine<\/td>\n<\/tr>\n<tr style=\"background:#FBEAF2;border-bottom:1px solid #f0ede5;\">\n<td style=\"padding:14px 18px;font-weight:600;\">Origines<\/td>\n<td style=\"padding:14px 18px;color:#4a4a4a;\">Dominicaines (p\u00e8re) et trinidadiennes (m\u00e8re)<\/td>\n<\/tr>\n<tr style=\"background:#fff;\">\n<td style=\"padding:14px 18px;font-weight:600;\">Profession<\/td>\n<td style=\"padding:14px 18px;color:#4a4a4a;\">Rappeuse, auteure-compositrice<\/td>\n<\/tr>\n<\/tbody>\n<\/table><\/div>\n<\/figure>\n<h2>Biographie : de Washington Heights au Bronx<\/h2>\n<p>Belcalis Marlenis Alm\u00e1nzar na\u00eet le 11 octobre 1992 dans le quartier de Washington Heights, \u00e0 Manhattan (New York). Elle grandit ensuite dans le quartier de Highbridge, dans le sud du Bronx, un environnement modeste qui marquera durablement son \u00e9criture et son personnage public.<\/p>\n<p>Son patrimoine culturel est m\u00e9tiss\u00e9 : son p\u00e8re, Carlos, est originaire de la R\u00e9publique dominicaine, tandis que sa m\u00e8re, Clara, est trinidadienne d&rsquo;ascendance multiethnique. Ce double h\u00e9ritage carib\u00e9en revient r\u00e9guli\u00e8rement dans son discours et son identit\u00e9 d&rsquo;artiste. Le surnom \u00ab Cardi B \u00bb est lui-m\u00eame une d\u00e9rivation ludique de \u00ab Bacardi \u00bb, clin d&rsquo;\u0153il que la rappeuse a popularis\u00e9 bien avant sa carri\u00e8re musicale.<\/p>\n<p>Avant de percer dans la musique, elle se fait d&rsquo;abord conna\u00eetre sur les r\u00e9seaux sociaux pour son franc-parler, puis \u00e0 la t\u00e9l\u00e9vision. Cette notori\u00e9t\u00e9 pr\u00e9coce constitue le tremplin de sa reconversion r\u00e9ussie vers le rap.<\/p>\n<aside style=\"background:#FBEAF2;border-left:4px solid #B11E6A;padding:14px 18px;margin:18px 0;border-radius:0 4px 4px 0;font-family:-apple-system,BlinkMacSystemFont,'Segoe UI',Roboto,sans-serif;\">\n  <strong style=\"display:inline-block;color:#7a1148;font-size:12px;text-transform:uppercase;letter-spacing:1.5px;margin-right:8px;\">&#128161; Bon \u00e0 savoir<\/strong><br \/>\n  <span style=\"font-size:14.5px;line-height:1.55;color:#3a3a3a;\">Le nom de sc\u00e8ne \u00ab Cardi B \u00bb vient de \u00ab Bacardi \u00bb, un surnom que sa s\u0153ur, pr\u00e9nomm\u00e9e Hennessy, compl\u00e9tait par sym\u00e9trie. Une anecdote familiale devenue marque mondiale.<\/span><br \/>\n<\/aside>\n<h2>Carri\u00e8re et tubes : de la t\u00e9l\u00e9-r\u00e9alit\u00e9 au Grammy<\/h2>\n<p>Cardi B acc\u00e8de \u00e0 une premi\u00e8re reconnaissance m\u00e9diatique gr\u00e2ce \u00e0 l&rsquo;\u00e9mission de t\u00e9l\u00e9-r\u00e9alit\u00e9 <em>Love &amp; Hip Hop: New York<\/em>, qu&rsquo;elle rejoint en 2015. Cette exposition lui ouvre les portes de l&rsquo;industrie musicale, o\u00f9 elle publie d&rsquo;abord plusieurs mixtapes.<\/p>\n<p>Le tournant arrive en 2017 avec le single \u00ab Bodak Yellow \u00bb. Le titre atteint la premi\u00e8re place du Billboard Hot 100 et fait d&rsquo;elle la premi\u00e8re rappeuse en solo \u00e0 dominer ce classement depuis Lauryn Hill en 1998. Le morceau devient un ph\u00e9nom\u00e8ne culturel et installe Cardi B comme une figure majeure du rap am\u00e9ricain.<\/p>\n<p>En 2018, elle confirme l&rsquo;essai avec son premier album studio, <em>Invasion of Privacy<\/em>. L&rsquo;album se classe num\u00e9ro 1 du Billboard 200 et est salu\u00e9 par la critique comme l&rsquo;un des meilleurs disques de rap f\u00e9minin de son \u00e9poque. En 2019, il lui vaut le Grammy Award du meilleur album de rap : Cardi B devient la premi\u00e8re femme \u00e0 remporter cette r\u00e9compense en solo.<\/p>\n<div style=\"display:grid;grid-template-columns:repeat(auto-fit,minmax(220px,1fr));gap:14px;margin:28px 0;font-family:-apple-system,BlinkMacSystemFont,'Segoe UI',Roboto,sans-serif;\">\n<article style=\"background:#fff;border:1px solid #e5e5e0;border-top:3px solid #B11E6A;border-radius:6px;padding:18px 18px 16px;\">\n<div style=\"width:36px;height:36px;background:#FBEAF2;border-radius:50%;display:inline-flex;align-items:center;justify-content:center;margin-bottom:12px;\">\n      <span style=\"font-size:18px;color:#B11E6A;font-weight:900;font-family:Georgia,serif;\">01<\/span>\n    <\/div>\n<h3 style=\"margin:0 0 6px 0;font-size:16px;font-weight:700;color:#1a1a1a;letter-spacing:-0.01em;\">Love &amp; Hip Hop (2015)<\/h3>\n<div style=\"margin:0;font-size:13.5px;line-height:1.55;color:#4a4a4a;\">Sa participation \u00e0 la t\u00e9l\u00e9-r\u00e9alit\u00e9 new-yorkaise r\u00e9v\u00e8le son charisme et amorce sa carri\u00e8re musicale.<\/div>\n<\/article>\n<article style=\"background:#fff;border:1px solid #e5e5e0;border-top:3px solid #B11E6A;border-radius:6px;padding:18px 18px 16px;\">\n<div style=\"width:36px;height:36px;background:#FBEAF2;border-radius:50%;display:inline-flex;align-items:center;justify-content:center;margin-bottom:12px;\">\n      <span style=\"font-size:18px;color:#B11E6A;font-weight:900;font-family:Georgia,serif;\">02<\/span>\n    <\/div>\n<h3 style=\"margin:0 0 6px 0;font-size:16px;font-weight:700;color:#1a1a1a;letter-spacing:-0.01em;\">Bodak Yellow (2017)<\/h3>\n<div style=\"margin:0;font-size:13.5px;line-height:1.55;color:#4a4a4a;\">Num\u00e9ro 1 du Billboard Hot 100, premi\u00e8re rappeuse solo \u00e0 y parvenir depuis Lauryn Hill en 1998.<\/div>\n<\/article>\n<article style=\"background:#fff;border:1px solid #e5e5e0;border-top:3px solid #B11E6A;border-radius:6px;padding:18px 18px 16px;\">\n<div style=\"width:36px;height:36px;background:#FBEAF2;border-radius:50%;display:inline-flex;align-items:center;justify-content:center;margin-bottom:12px;\">\n      <span style=\"font-size:18px;color:#B11E6A;font-weight:900;font-family:Georgia,serif;\">03<\/span>\n    <\/div>\n<h3 style=\"margin:0 0 6px 0;font-size:16px;font-weight:700;color:#1a1a1a;letter-spacing:-0.01em;\">Invasion of Privacy (2018)<\/h3>\n<div style=\"margin:0;font-size:13.5px;line-height:1.55;color:#4a4a4a;\">Premier album, num\u00e9ro 1 du Billboard 200 et Grammy du meilleur album de rap en 2019.<\/div>\n<\/article>\n<article style=\"background:#fff;border:1px solid #e5e5e0;border-top:3px solid #B11E6A;border-radius:6px;padding:18px 18px 16px;\">\n<div style=\"width:36px;height:36px;background:#FBEAF2;border-radius:50%;display:inline-flex;align-items:center;justify-content:center;margin-bottom:12px;\">\n      <span style=\"font-size:18px;color:#B11E6A;font-weight:900;font-family:Georgia,serif;\">04<\/span>\n    <\/div>\n<h3 style=\"margin:0 0 6px 0;font-size:16px;font-weight:700;color:#1a1a1a;letter-spacing:-0.01em;\">Am I the Drama? (2025)<\/h3>\n<div style=\"margin:0;font-size:13.5px;line-height:1.55;color:#4a4a4a;\">Deuxi\u00e8me album studio, num\u00e9ro 1 du Billboard 200, son premier disque en sept ans.<\/div>\n<\/article>\n<\/div>\n<p>Apr\u00e8s plusieurs tubes interm\u00e9diaires comme \u00ab I Like It \u00bb ou \u00ab WAP \u00bb, Cardi B fait patienter ses fans durant sept ans avant de publier son deuxi\u00e8me album studio. Intitul\u00e9 <em>Am I the Drama?<\/em>, il para\u00eet le 19 septembre 2025 chez Atlantic Records et d\u00e9bute directement \u00e0 la premi\u00e8re place du Billboard 200, avec environ 200 000 unit\u00e9s \u00e9quivalentes lors de sa premi\u00e8re semaine. Une \u00e9dition augment\u00e9e, sous-titr\u00e9e \u00ab Ultimate Edition \u00bb, suit en novembre 2025 avec dix titres suppl\u00e9mentaires.<\/p>\n<figure style=\"margin:32px 0;padding:0;font-family:-apple-system,BlinkMacSystemFont,'Segoe UI',Roboto,sans-serif;\">\n<div style=\"display:grid;grid-template-columns:repeat(auto-fit,minmax(140px,1fr));background:#1a1a1a;border-radius:6px;overflow:hidden;\">\n<div style=\"padding:22px 16px;text-align:center;border-right:1px solid #2f2f2f;\">\n<div style=\"font-size:36px;font-weight:900;color:#fff;letter-spacing:-0.04em;font-feature-settings:'tnum';line-height:1;\">1992<\/div>\n<div style=\"font-size:11px;text-transform:uppercase;letter-spacing:1.5px;color:#9a9a9a;margin-top:8px;\">ann\u00e9e de naissance<\/div>\n<\/p><\/div>\n<div style=\"padding:22px 16px;text-align:center;border-right:1px solid #2f2f2f;\">\n<div style=\"font-size:36px;font-weight:900;color:#fff;letter-spacing:-0.04em;font-feature-settings:'tnum';line-height:1;\">2<\/div>\n<div style=\"font-size:11px;text-transform:uppercase;letter-spacing:1.5px;color:#9a9a9a;margin-top:8px;\">albums studio<\/div>\n<\/p><\/div>\n<div style=\"padding:22px 16px;text-align:center;\">\n<div style=\"font-size:36px;font-weight:900;color:#B11E6A;letter-spacing:-0.04em;font-feature-settings:'tnum';line-height:1;\">1<span style=\"font-size:20px;\">er<\/span><\/div>\n<div style=\"font-size:11px;text-transform:uppercase;letter-spacing:1.5px;color:#9a9a9a;margin-top:8px;\">Grammy album rap (femme solo)<\/div>\n<\/p><\/div>\n<\/p><\/div><figcaption style=\"font-size:11px;color:#7a7a7a;margin-top:8px;text-align:right;letter-spacing:0.3px;\">Donn\u00e9es indicatives \u2014 voir sources en fin d&rsquo;article.<\/figcaption><\/figure>\n<h2>Taille et physique<\/h2>\n<p>Cardi B mesure environ 1,57 m (soit 5 pieds 3 pouces selon les standards am\u00e9ricains), une taille fr\u00e9quemment relay\u00e9e par les sources biographiques anglo-saxonnes. Cette mesure reste une estimation : les chiffres de taille des c\u00e9l\u00e9brit\u00e9s varient l\u00e9g\u00e8rement d&rsquo;une source \u00e0 l&rsquo;autre et ne font pas l&rsquo;objet d&rsquo;une communication officielle pr\u00e9cise.<\/p>\n<p>Sa silhouette, son style vestimentaire affirm\u00e9 et ses choix esth\u00e9tiques font partie int\u00e9grante de son image publique. Elle assume ouvertement ses transformations physiques et son rapport au corps, sujet qu&rsquo;elle \u00e9voque r\u00e9guli\u00e8rement dans ses interviews et ses morceaux.<\/p>\n<aside style=\"background:#FBEAF2;border-left:4px solid #B11E6A;padding:14px 18px;margin:18px 0;border-radius:0 4px 4px 0;font-family:-apple-system,BlinkMacSystemFont,'Segoe UI',Roboto,sans-serif;\">\n  <strong style=\"display:inline-block;color:#7a1148;font-size:12px;text-transform:uppercase;letter-spacing:1.5px;margin-right:8px;\">&#10022; Astuce<\/strong><br \/>\n  <span style=\"font-size:14.5px;line-height:1.55;color:#3a3a3a;\">Les tailles des stars indiqu\u00e9es en pieds\/pouces se convertissent simplement : 5&rsquo;3&Prime; correspond \u00e0 environ 1,57 m, 5&rsquo;5&Prime; \u00e0 environ 1,65 m.<\/span><br \/>\n<\/aside>\n<h2>Vie priv\u00e9e et enfants<\/h2>\n<p>La vie priv\u00e9e de Cardi B a \u00e9t\u00e9 largement m\u00e9diatis\u00e9e, principalement autour de sa relation avec le rappeur Offset, membre du groupe Migos. Le couple se marie en 2017. De cette union naissent plusieurs enfants : une fille, Kulture Kiari, n\u00e9e en 2018, puis un fils, pr\u00e9nomm\u00e9 Wave, n\u00e9 en 2021.<\/p>\n<p>En 2024, Cardi B engage une proc\u00e9dure de divorce. Un troisi\u00e8me enfant, une fille pr\u00e9nomm\u00e9e Blossom, na\u00eet la m\u00eame ann\u00e9e. Plus r\u00e9cemment, la rappeuse a annonc\u00e9 attendre un enfant avec le joueur de football am\u00e9ricain Stefon Diggs, ouvrant un nouveau chapitre de sa vie familiale.<\/p>\n<p>Au-del\u00e0 de ces \u00e9tapes, Cardi B met r\u00e9guli\u00e8rement en avant son r\u00f4le de m\u00e8re et partage des moments avec ses enfants aupr\u00e8s de sa communaut\u00e9. Sa vie personnelle, suivie de pr\u00e8s par les m\u00e9dias, reste indissociable de son image publique.<\/p>\n<aside style=\"background:#fafaf7;border:1px solid #e5e5e0;border-radius:8px;padding:24px 26px 26px;margin:28px 0;font-family:-apple-system,BlinkMacSystemFont,'Segoe UI',Roboto,sans-serif;\">\n<div style=\"margin:0 0 18px 0;font-size:11px;font-weight:700;text-transform:uppercase;letter-spacing:2.2px;color:#B11E6A;\">\u00c0 retenir<\/div>\n<div style=\"display:grid;grid-template-columns:repeat(auto-fit,minmax(240px,1fr));gap:10px;\">\n<div style=\"display:flex;gap:12px;background:#fff;border:1px solid #ebebe5;padding:12px 14px;border-radius:6px;align-items:flex-start;\">\n      <span style=\"flex:0 0 26px;width:26px;height:26px;background:#B11E6A;color:#fff;border-radius:50%;display:inline-flex;align-items:center;justify-content:center;font-size:12px;font-weight:700;font-family:-apple-system,sans-serif;\">1<\/span><br \/>\n      <span style=\"font-size:14px;line-height:1.5;color:#2a2a2a;\">Mariage avec Offset (Migos) en 2017, proc\u00e9dure de divorce engag\u00e9e en 2024.<\/span>\n    <\/div>\n<div style=\"display:flex;gap:12px;background:#fff;border:1px solid #ebebe5;padding:12px 14px;border-radius:6px;align-items:flex-start;\">\n      <span style=\"flex:0 0 26px;width:26px;height:26px;background:#B11E6A;color:#fff;border-radius:50%;display:inline-flex;align-items:center;justify-content:center;font-size:12px;font-weight:700;font-family:-apple-system,sans-serif;\">2<\/span><br \/>\n      <span style=\"font-size:14px;line-height:1.5;color:#2a2a2a;\">Trois enfants avec Offset : Kulture (2018), Wave (2021) et Blossom (2024).<\/span>\n    <\/div>\n<div style=\"display:flex;gap:12px;background:#fff;border:1px solid #ebebe5;padding:12px 14px;border-radius:6px;align-items:flex-start;\">\n      <span style=\"flex:0 0 26px;width:26px;height:26px;background:#B11E6A;color:#fff;border-radius:50%;display:inline-flex;align-items:center;justify-content:center;font-size:12px;font-weight:700;font-family:-apple-system,sans-serif;\">3<\/span><br \/>\n      <span style=\"font-size:14px;line-height:1.5;color:#2a2a2a;\">Elle attend un enfant avec le footballeur am\u00e9ricain Stefon Diggs.<\/span>\n    <\/div>\n<div style=\"display:flex;gap:12px;background:#fff;border:1px solid #ebebe5;padding:12px 14px;border-radius:6px;align-items:flex-start;\">\n      <span style=\"flex:0 0 26px;width:26px;height:26px;background:#B11E6A;color:#fff;border-radius:50%;display:inline-flex;align-items:center;justify-content:center;font-size:12px;font-weight:700;font-family:-apple-system,sans-serif;\">4<\/span><br \/>\n      <span style=\"font-size:14px;line-height:1.5;color:#2a2a2a;\">Sa carri\u00e8re et sa vie familiale sont \u00e9troitement li\u00e9es dans sa communication publique.<\/span>\n    <\/div>\n<\/p><\/div>\n<\/aside>\n<h2>Fortune estim\u00e9e<\/h2>\n<p>La fortune de Cardi B fait l&rsquo;objet d&rsquo;estimations variables selon les sources, et aucun chiffre ne doit \u00eatre consid\u00e9r\u00e9 comme officiel. Les \u00e9valuations publi\u00e9es oscillent g\u00e9n\u00e9ralement entre 40 et 100 millions de dollars, selon la m\u00e9thodologie retenue (revenus confirm\u00e9s et participations document\u00e9es d&rsquo;un c\u00f4t\u00e9, estimations plus larges de l&rsquo;autre).<\/p>\n<p>Ses revenus proviennent de plusieurs sources : ventes et streaming de sa musique, tourn\u00e9es et concerts, contrats publicitaires et partenariats de marque, ainsi que diverses activit\u00e9s entrepreneuriales. Le succ\u00e8s commercial de son deuxi\u00e8me album, <em>Am I the Drama?<\/em>, qui a \u00e9coul\u00e9 plusieurs millions d&rsquo;unit\u00e9s \u00e9quivalentes, a contribu\u00e9 \u00e0 consolider sa position financi\u00e8re.<\/p>\n<figure style=\"margin:38px auto;padding:28px 24px;text-align:center;border-top:1px solid #2a2a2a;border-bottom:1px solid #2a2a2a;max-width:640px;position:relative;font-family:Georgia,'Hoefler Text',serif;\">\n<div style=\"position:absolute;top:-20px;left:50%;transform:translateX(-50%);background:#ffffff;padding:0 14px;font-size:48px;line-height:1;color:#B11E6A;font-family:Georgia,serif;\">&laquo;<\/div>\n<blockquote style=\"margin:0;padding:0;font-size:24px;line-height:1.45;font-style:italic;color:#1a1a1a;letter-spacing:-0.005em;\"><p>\n    Premi\u00e8re femme \u00e0 remporter en solo le Grammy du meilleur album de rap, Cardi B a transform\u00e9 un parcours atypique en empire culturel.<br \/>\n  <\/blockquote><figcaption style=\"margin-top:14px;font-size:12px;text-transform:uppercase;letter-spacing:2px;color:#6a6a6a;font-family:-apple-system,sans-serif;font-style:normal;\">\u2014 Rep\u00e8re \u00e9ditorial<\/figcaption><\/figure>\n<h2>Anecdotes<\/h2>\n<div style=\"display:grid;grid-template-columns:repeat(auto-fit,minmax(220px,1fr));gap:14px;margin:28px 0;font-family:-apple-system,BlinkMacSystemFont,'Segoe UI',Roboto,sans-serif;\">\n<article style=\"background:#fff;border:1px solid #e5e5e0;border-top:3px solid #B11E6A;border-radius:6px;padding:18px 18px 16px;\">\n<div style=\"width:36px;height:36px;background:#FBEAF2;border-radius:50%;display:inline-flex;align-items:center;justify-content:center;margin-bottom:12px;\">\n      <span style=\"font-size:18px;color:#B11E6A;font-weight:900;font-family:Georgia,serif;\">A<\/span>\n    <\/div>\n<h3 style=\"margin:0 0 6px 0;font-size:16px;font-weight:700;color:#1a1a1a;letter-spacing:-0.01em;\">Un surnom de cocktail<\/h3>\n<div style=\"margin:0;font-size:13.5px;line-height:1.55;color:#4a4a4a;\">\u00ab Cardi B \u00bb d\u00e9rive de \u00ab Bacardi \u00bb, en \u00e9cho au pr\u00e9nom de sa s\u0153ur Hennessy.<\/div>\n<\/article>\n<article style=\"background:#fff;border:1px solid #e5e5e0;border-top:3px solid #B11E6A;border-radius:6px;padding:18px 18px 16px;\">\n<div style=\"width:36px;height:36px;background:#FBEAF2;border-radius:50%;display:inline-flex;align-items:center;justify-content:center;margin-bottom:12px;\">\n      <span style=\"font-size:18px;color:#B11E6A;font-weight:900;font-family:Georgia,serif;\">B<\/span>\n    <\/div>\n<h3 style=\"margin:0 0 6px 0;font-size:16px;font-weight:700;color:#1a1a1a;letter-spacing:-0.01em;\">Un record sign\u00e9 Lauryn Hill<\/h3>\n<div style=\"margin:0;font-size:13.5px;line-height:1.55;color:#4a4a4a;\">Avec \u00ab Bodak Yellow \u00bb, elle \u00e9gale un exploit in\u00e9dit depuis Lauryn Hill en 1998.<\/div>\n<\/article>\n<article style=\"background:#fff;border:1px solid #e5e5e0;border-top:3px solid #B11E6A;border-radius:6px;padding:18px 18px 16px;\">\n<div style=\"width:36px;height:36px;background:#FBEAF2;border-radius:50%;display:inline-flex;align-items:center;justify-content:center;margin-bottom:12px;\">\n      <span style=\"font-size:18px;color:#B11E6A;font-weight:900;font-family:Georgia,serif;\">C<\/span>\n    <\/div>\n<h3 style=\"margin:0 0 6px 0;font-size:16px;font-weight:700;color:#1a1a1a;letter-spacing:-0.01em;\">Sept ans d&rsquo;attente<\/h3>\n<div style=\"margin:0;font-size:13.5px;line-height:1.55;color:#4a4a4a;\">Entre son premier et son deuxi\u00e8me album studio, ses fans ont patient\u00e9 sept ann\u00e9es.<\/div>\n<\/article>\n<\/div>\n<p>Personnalit\u00e9 au franc-parler revendiqu\u00e9, Cardi B doit aussi sa notori\u00e9t\u00e9 \u00e0 sa pr\u00e9sence sur les r\u00e9seaux sociaux, o\u00f9 elle a b\u00e2ti une partie de sa communaut\u00e9 avant m\u00eame de devenir une artiste reconnue. Son double h\u00e9ritage carib\u00e9en, dominicain et trinidadien, nourrit r\u00e9guli\u00e8rement son identit\u00e9 publique et son rapport \u00e0 ses racines.<\/p>\n<section style=\"margin:32px 0;font-family:-apple-system,BlinkMacSystemFont,'Segoe UI',Roboto,sans-serif;\">\n<h2 style=\"margin:0 0 18px 0;font-size:22px;font-weight:800;color:#1a1a1a;letter-spacing:-0.01em;\">Questions fr\u00e9quentes<\/h2>\n<div style=\"border-top:1px solid #d4cfc4;\">\n<details style=\"border-bottom:1px solid #d4cfc4;padding:0;\">\n<summary style=\"cursor:pointer;padding:16px 0;font-size:17px;font-weight:700;color:#1a1a1a;list-style:none;display:flex;justify-content:space-between;align-items:center;gap:14px;\">\n        <span>Quelle est la taille de Cardi B ?<\/span><br \/>\n        <span style=\"font-size:22px;font-weight:300;color:#B11E6A;line-height:1;\">+<\/span><br \/>\n      <\/summary>\n<div style=\"padding:0 0 16px 0;font-size:15px;line-height:1.7;color:#4a4a4a;\">Cardi B mesure environ 1,57 m (5&rsquo;3&Prime;). Cette taille est une estimation relay\u00e9e par les sources biographiques et ne fait pas l&rsquo;objet d&rsquo;une communication officielle pr\u00e9cise.<\/div>\n<\/details>\n<details style=\"border-bottom:1px solid #d4cfc4;padding:0;\">\n<summary style=\"cursor:pointer;padding:16px 0;font-size:17px;font-weight:700;color:#1a1a1a;list-style:none;display:flex;justify-content:space-between;align-items:center;gap:14px;\">\n        <span>Quel \u00e2ge a Cardi B ?<\/span><br \/>\n        <span style=\"font-size:22px;font-weight:300;color:#B11E6A;line-height:1;\">+<\/span><br \/>\n      <\/summary>\n<div style=\"padding:0 0 16px 0;font-size:15px;line-height:1.7;color:#4a4a4a;\">N\u00e9e le 11 octobre 1992 \u00e0 New York, Cardi B a 33 ans en 2026.<\/div>\n<\/details>\n<details style=\"border-bottom:1px solid #d4cfc4;padding:0;\">\n<summary style=\"cursor:pointer;padding:16px 0;font-size:17px;font-weight:700;color:#1a1a1a;list-style:none;display:flex;justify-content:space-between;align-items:center;gap:14px;\">\n        <span>Quel est le vrai nom de Cardi B ?<\/span><br \/>\n        <span style=\"font-size:22px;font-weight:300;color:#B11E6A;line-height:1;\">+<\/span><br \/>\n      <\/summary>\n<div style=\"padding:0 0 16px 0;font-size:15px;line-height:1.7;color:#4a4a4a;\">Son vrai nom est Belcalis Marlenis Alm\u00e1nzar. Le nom de sc\u00e8ne \u00ab Cardi B \u00bb d\u00e9rive du surnom \u00ab Bacardi \u00bb.<\/div>\n<\/details>\n<details style=\"border-bottom:1px solid #d4cfc4;padding:0;\">\n<summary style=\"cursor:pointer;padding:16px 0;font-size:17px;font-weight:700;color:#1a1a1a;list-style:none;display:flex;justify-content:space-between;align-items:center;gap:14px;\">\n        <span>Qui est le compagnon de Cardi B et combien a-t-elle d&rsquo;enfants ?<\/span><br \/>\n        <span style=\"font-size:22px;font-weight:300;color:#B11E6A;line-height:1;\">+<\/span><br \/>\n      <\/summary>\n<div style=\"padding:0 0 16px 0;font-size:15px;line-height:1.7;color:#4a4a4a;\">Cardi B a \u00e9t\u00e9 mari\u00e9e au rappeur Offset (Migos) de 2017 \u00e0 une proc\u00e9dure de divorce engag\u00e9e en 2024 ; ils ont trois enfants (Kulture, Wave et Blossom). Elle attend d\u00e9sormais un enfant avec le footballeur am\u00e9ricain Stefon Diggs.<\/div>\n<\/details>\n<details style=\"padding:0;\">\n<summary style=\"cursor:pointer;padding:16px 0;font-size:17px;font-weight:700;color:#1a1a1a;list-style:none;display:flex;justify-content:space-between;align-items:center;gap:14px;\">\n        <span>Quelle est la fortune de Cardi B ?<\/span><br \/>\n        <span style=\"font-size:22px;font-weight:300;color:#B11E6A;line-height:1;\">+<\/span><br \/>\n      <\/summary>\n<div style=\"padding:0 0 16px 0;font-size:15px;line-height:1.7;color:#4a4a4a;\">Sa fortune est estim\u00e9e, selon les sources et les m\u00e9thodes de calcul, dans une fourchette d&rsquo;environ 40 \u00e0 100 millions de dollars. Aucun de ces chiffres n&rsquo;est officiel.<\/div>\n<\/details><\/div>\n<\/section>\n<p style=\"font-size:13px;color:#6a6a6a;margin-top:32px;\">Sources : Wikip\u00e9dia et donn\u00e9es publiques. Article mis \u00e0 jour r\u00e9guli\u00e8rement.<\/p>\n","protected":false},"excerpt":{"rendered":"","protected":false},"author":41,"featured_media":999999999,"comment_status":"open","ping_status":"open","sticky":false,"template":"","format":"standard","meta":{"_acf_changed":false,"manual_indexmenow":false,"indexmenow_id_project":0,"footnotes":""},"categories":[4522],"tags":[],"class_list":["post-8033","post","type-post","status-publish","format-standard","has-post-thumbnail","hentry","category-musique-et-icones-musicales","generate-columns","tablet-grid-50","mobile-grid-100","grid-parent","grid-25"],"acf":[],"yoast_head":"<!-- This site is optimized with the Yoast SEO Premium plugin v21.3 (Yoast SEO v26.5) - https:\/\/yoast.com\/wordpress\/plugins\/seo\/ -->\n<title>Cardi B : taille, \u00e2ge, vrai nom, couple et fortune<\/title>\n<meta name=\"description\" content=\"Belcalis Marlenis Alm\u00e1nzar na\u00eet le 11 octobre 1992 dans le quartier de Washington Heights, \u00e0 Manhattan (New York)\" \/>\n<meta name=\"robots\" content=\"index, follow, max-snippet:-1, max-image-preview:large, max-video-preview:-1\" \/>\n<link rel=\"canonical\" href=\"https:\/\/starstory.fr\/blog\/musique-et-icones-musicales\/cardi-b-taille-age-vrai-nom-couple-et-fortune-la-fiche-complete\/\" \/>\n<meta property=\"og:locale\" content=\"fr_FR\" \/>\n<meta property=\"og:type\" content=\"article\" \/>\n<meta property=\"og:title\" content=\"Cardi B : taille, \u00e2ge, vrai nom, couple et fortune\" \/>\n<meta property=\"og:description\" content=\"Belcalis Marlenis Alm\u00e1nzar na\u00eet le 11 octobre 1992 dans le quartier de Washington Heights, \u00e0 Manhattan (New York)\" \/>\n<meta property=\"og:url\" content=\"https:\/\/starstory.fr\/blog\/musique-et-icones-musicales\/cardi-b-taille-age-vrai-nom-couple-et-fortune-la-fiche-complete\/\" \/>\n<meta property=\"og:site_name\" content=\"starstory\" \/>\n<meta name=\"author\" content=\"Sophie Moreau\" \/>\n<meta name=\"twitter:card\" content=\"summary_large_image\" \/>\n<script type=\"application\/ld+json\" class=\"yoast-schema-graph\">{\"@context\":\"https:\/\/schema.org\",\"@graph\":[{\"@type\":\"NewsArticle\",\"@id\":\"https:\/\/starstory.fr\/blog\/musique-et-icones-musicales\/cardi-b-taille-age-vrai-nom-couple-et-fortune-la-fiche-complete\/#article\",\"isPartOf\":{\"@id\":\"https:\/\/starstory.fr\/blog\/musique-et-icones-musicales\/cardi-b-taille-age-vrai-nom-couple-et-fortune-la-fiche-complete\/\"},\"author\":{\"name\":\"Sophie Moreau\",\"@id\":\"https:\/\/starstory.fr\/blog\/#\/schema\/person\/2cb6361ad79e679e2b744281310c1e3b\"},\"headline\":\"Cardi B : taille, \u00e2ge, vrai nom, couple et fortune \u2014 la fiche compl\u00e8te\",\"datePublished\":\"2026-06-06T11:09:24+00:00\",\"mainEntityOfPage\":{\"@id\":\"https:\/\/starstory.fr\/blog\/musique-et-icones-musicales\/cardi-b-taille-age-vrai-nom-couple-et-fortune-la-fiche-complete\/\"},\"wordCount\":1451,\"commentCount\":0,\"publisher\":{\"@id\":\"https:\/\/starstory.fr\/blog\/#organization\"},\"image\":{\"@id\":\"https:\/\/starstory.fr\/blog\/musique-et-icones-musicales\/cardi-b-taille-age-vrai-nom-couple-et-fortune-la-fiche-complete\/#primaryimage\"},\"thumbnailUrl\":\"https:\/\/images.pexels.com\/photos\/9009607\/pexels-photo-9009607.jpeg?auto=compress&cs=tinysrgb&fit=crop&h=627&w=1200\",\"articleSection\":[\"Musique et Ic\u00f4nes Musicales\"],\"inLanguage\":\"fr-FR\",\"potentialAction\":[{\"@type\":\"CommentAction\",\"name\":\"Comment\",\"target\":[\"https:\/\/starstory.fr\/blog\/musique-et-icones-musicales\/cardi-b-taille-age-vrai-nom-couple-et-fortune-la-fiche-complete\/#respond\"]}]},{\"@type\":\"WebPage\",\"@id\":\"https:\/\/starstory.fr\/blog\/musique-et-icones-musicales\/cardi-b-taille-age-vrai-nom-couple-et-fortune-la-fiche-complete\/\",\"url\":\"https:\/\/starstory.fr\/blog\/musique-et-icones-musicales\/cardi-b-taille-age-vrai-nom-couple-et-fortune-la-fiche-complete\/\",\"name\":\"Cardi B : taille, \u00e2ge, vrai nom, couple et fortune\",\"isPartOf\":{\"@id\":\"https:\/\/starstory.fr\/blog\/#website\"},\"primaryImageOfPage\":{\"@id\":\"https:\/\/starstory.fr\/blog\/musique-et-icones-musicales\/cardi-b-taille-age-vrai-nom-couple-et-fortune-la-fiche-complete\/#primaryimage\"},\"image\":{\"@id\":\"https:\/\/starstory.fr\/blog\/musique-et-icones-musicales\/cardi-b-taille-age-vrai-nom-couple-et-fortune-la-fiche-complete\/#primaryimage\"},\"thumbnailUrl\":\"https:\/\/images.pexels.com\/photos\/9009607\/pexels-photo-9009607.jpeg?auto=compress&cs=tinysrgb&fit=crop&h=627&w=1200\",\"datePublished\":\"2026-06-06T11:09:24+00:00\",\"description\":\"Belcalis Marlenis Alm\u00e1nzar na\u00eet le 11 octobre 1992 dans le quartier de Washington Heights, \u00e0 Manhattan (New York)\",\"inLanguage\":\"fr-FR\",\"potentialAction\":[{\"@type\":\"ReadAction\",\"target\":[\"https:\/\/starstory.fr\/blog\/musique-et-icones-musicales\/cardi-b-taille-age-vrai-nom-couple-et-fortune-la-fiche-complete\/\"]}]},{\"@type\":\"ImageObject\",\"inLanguage\":\"fr-FR\",\"@id\":\"https:\/\/starstory.fr\/blog\/musique-et-icones-musicales\/cardi-b-taille-age-vrai-nom-couple-et-fortune-la-fiche-complete\/#primaryimage\",\"url\":\"https:\/\/images.pexels.com\/photos\/9009607\/pexels-photo-9009607.jpeg?auto=compress&cs=tinysrgb&fit=crop&h=627&w=1200\",\"contentUrl\":\"https:\/\/images.pexels.com\/photos\/9009607\/pexels-photo-9009607.jpeg?auto=compress&cs=tinysrgb&fit=crop&h=627&w=1200\"},{\"@type\":\"WebSite\",\"@id\":\"https:\/\/starstory.fr\/blog\/#website\",\"url\":\"https:\/\/starstory.fr\/blog\/\",\"name\":\"StarStory\",\"description\":\"StarStory, les \u00e9toiles racontent leur histoire\",\"publisher\":{\"@id\":\"https:\/\/starstory.fr\/blog\/#organization\"},\"alternateName\":\"StarStory, les \u00e9toiles racontent leur histoire\",\"potentialAction\":[{\"@type\":\"SearchAction\",\"target\":{\"@type\":\"EntryPoint\",\"urlTemplate\":\"https:\/\/starstory.fr\/blog\/?s={search_term_string}\"},\"query-input\":{\"@type\":\"PropertyValueSpecification\",\"valueRequired\":true,\"valueName\":\"search_term_string\"}}],\"inLanguage\":\"fr-FR\"},{\"@type\":\"Organization\",\"@id\":\"https:\/\/starstory.fr\/blog\/#organization\",\"name\":\"StarStory\",\"alternateName\":\"StarStory.fr\",\"url\":\"https:\/\/starstory.fr\/blog\/\",\"logo\":{\"@type\":\"ImageObject\",\"inLanguage\":\"fr-FR\",\"@id\":\"https:\/\/starstory.fr\/blog\/#\/schema\/logo\/image\/\",\"url\":\"https:\/\/starstory.fr\/blog\/wp-content\/uploads\/2024\/12\/38.png\",\"contentUrl\":\"https:\/\/starstory.fr\/blog\/wp-content\/uploads\/2024\/12\/38.png\",\"width\":500,\"height\":500,\"caption\":\"StarStory\"},\"image\":{\"@id\":\"https:\/\/starstory.fr\/blog\/#\/schema\/logo\/image\/\"}},{\"@type\":\"Person\",\"@id\":\"https:\/\/starstory.fr\/blog\/#\/schema\/person\/2cb6361ad79e679e2b744281310c1e3b\",\"name\":\"Sophie Moreau\",\"image\":{\"@type\":\"ImageObject\",\"inLanguage\":\"fr-FR\",\"@id\":\"https:\/\/starstory.fr\/blog\/#\/schema\/person\/image\/\",\"url\":\"https:\/\/secure.gravatar.com\/avatar\/?s=96&d=mm&r=g\",\"contentUrl\":\"https:\/\/secure.gravatar.com\/avatar\/?s=96&d=mm&r=g\",\"caption\":\"Sophie Moreau\"},\"description\":\"Sophie partage des articles sur les stars musicales de chaque d\u00e9cennie et leur impact sur la sc\u00e8ne fran\u00e7aise et internationale.\",\"url\":\"https:\/\/starstory.fr\/blog\/auteur\/sophie-moreau\/\",\"jobTitle\":\"Contributrice maison & d\u00e9co\",\"email\":\"sophie.moreau@starstory.fr\"}]}<\/script>\n<!-- \/ Yoast SEO Premium plugin. -->","yoast_head_json":{"title":"Cardi B : taille, \u00e2ge, vrai nom, couple et fortune","description":"Belcalis Marlenis Alm\u00e1nzar na\u00eet le 11 octobre 1992 dans le quartier de Washington Heights, \u00e0 Manhattan (New York)","robots":{"index":"index","follow":"follow","max-snippet":"max-snippet:-1","max-image-preview":"max-image-preview:large","max-video-preview":"max-video-preview:-1"},"canonical":"https:\/\/starstory.fr\/blog\/musique-et-icones-musicales\/cardi-b-taille-age-vrai-nom-couple-et-fortune-la-fiche-complete\/","og_locale":"fr_FR","og_type":"article","og_title":"Cardi B : taille, \u00e2ge, vrai nom, couple et fortune","og_description":"Belcalis Marlenis Alm\u00e1nzar na\u00eet le 11 octobre 1992 dans le quartier de Washington Heights, \u00e0 Manhattan (New York)","og_url":"https:\/\/starstory.fr\/blog\/musique-et-icones-musicales\/cardi-b-taille-age-vrai-nom-couple-et-fortune-la-fiche-complete\/","og_site_name":"starstory","author":"Sophie Moreau","twitter_card":"summary_large_image","schema":{"@context":"https:\/\/schema.org","@graph":[{"@type":"NewsArticle","@id":"https:\/\/starstory.fr\/blog\/musique-et-icones-musicales\/cardi-b-taille-age-vrai-nom-couple-et-fortune-la-fiche-complete\/#article","isPartOf":{"@id":"https:\/\/starstory.fr\/blog\/musique-et-icones-musicales\/cardi-b-taille-age-vrai-nom-couple-et-fortune-la-fiche-complete\/"},"author":{"name":"Sophie Moreau","@id":"https:\/\/starstory.fr\/blog\/#\/schema\/person\/2cb6361ad79e679e2b744281310c1e3b"},"headline":"Cardi B : taille, \u00e2ge, vrai nom, couple et fortune \u2014 la fiche compl\u00e8te","datePublished":"2026-06-06T11:09:24+00:00","mainEntityOfPage":{"@id":"https:\/\/starstory.fr\/blog\/musique-et-icones-musicales\/cardi-b-taille-age-vrai-nom-couple-et-fortune-la-fiche-complete\/"},"wordCount":1451,"commentCount":0,"publisher":{"@id":"https:\/\/starstory.fr\/blog\/#organization"},"image":{"@id":"https:\/\/starstory.fr\/blog\/musique-et-icones-musicales\/cardi-b-taille-age-vrai-nom-couple-et-fortune-la-fiche-complete\/#primaryimage"},"thumbnailUrl":"https:\/\/images.pexels.com\/photos\/9009607\/pexels-photo-9009607.jpeg?auto=compress&cs=tinysrgb&fit=crop&h=627&w=1200","articleSection":["Musique et Ic\u00f4nes Musicales"],"inLanguage":"fr-FR","potentialAction":[{"@type":"CommentAction","name":"Comment","target":["https:\/\/starstory.fr\/blog\/musique-et-icones-musicales\/cardi-b-taille-age-vrai-nom-couple-et-fortune-la-fiche-complete\/#respond"]}]},{"@type":"WebPage","@id":"https:\/\/starstory.fr\/blog\/musique-et-icones-musicales\/cardi-b-taille-age-vrai-nom-couple-et-fortune-la-fiche-complete\/","url":"https:\/\/starstory.fr\/blog\/musique-et-icones-musicales\/cardi-b-taille-age-vrai-nom-couple-et-fortune-la-fiche-complete\/","name":"Cardi B : taille, \u00e2ge, vrai nom, couple et fortune","isPartOf":{"@id":"https:\/\/starstory.fr\/blog\/#website"},"primaryImageOfPage":{"@id":"https:\/\/starstory.fr\/blog\/musique-et-icones-musicales\/cardi-b-taille-age-vrai-nom-couple-et-fortune-la-fiche-complete\/#primaryimage"},"image":{"@id":"https:\/\/starstory.fr\/blog\/musique-et-icones-musicales\/cardi-b-taille-age-vrai-nom-couple-et-fortune-la-fiche-complete\/#primaryimage"},"thumbnailUrl":"https:\/\/images.pexels.com\/photos\/9009607\/pexels-photo-9009607.jpeg?auto=compress&cs=tinysrgb&fit=crop&h=627&w=1200","datePublished":"2026-06-06T11:09:24+00:00","description":"Belcalis Marlenis Alm\u00e1nzar na\u00eet le 11 octobre 1992 dans le quartier de Washington Heights, \u00e0 Manhattan (New York)","inLanguage":"fr-FR","potentialAction":[{"@type":"ReadAction","target":["https:\/\/starstory.fr\/blog\/musique-et-icones-musicales\/cardi-b-taille-age-vrai-nom-couple-et-fortune-la-fiche-complete\/"]}]},{"@type":"ImageObject","inLanguage":"fr-FR","@id":"https:\/\/starstory.fr\/blog\/musique-et-icones-musicales\/cardi-b-taille-age-vrai-nom-couple-et-fortune-la-fiche-complete\/#primaryimage","url":"https:\/\/images.pexels.com\/photos\/9009607\/pexels-photo-9009607.jpeg?auto=compress&cs=tinysrgb&fit=crop&h=627&w=1200","contentUrl":"https:\/\/images.pexels.com\/photos\/9009607\/pexels-photo-9009607.jpeg?auto=compress&cs=tinysrgb&fit=crop&h=627&w=1200"},{"@type":"WebSite","@id":"https:\/\/starstory.fr\/blog\/#website","url":"https:\/\/starstory.fr\/blog\/","name":"StarStory","description":"StarStory, les \u00e9toiles racontent leur histoire","publisher":{"@id":"https:\/\/starstory.fr\/blog\/#organization"},"alternateName":"StarStory, les \u00e9toiles racontent leur histoire","potentialAction":[{"@type":"SearchAction","target":{"@type":"EntryPoint","urlTemplate":"https:\/\/starstory.fr\/blog\/?s={search_term_string}"},"query-input":{"@type":"PropertyValueSpecification","valueRequired":true,"valueName":"search_term_string"}}],"inLanguage":"fr-FR"},{"@type":"Organization","@id":"https:\/\/starstory.fr\/blog\/#organization","name":"StarStory","alternateName":"StarStory.fr","url":"https:\/\/starstory.fr\/blog\/","logo":{"@type":"ImageObject","inLanguage":"fr-FR","@id":"https:\/\/starstory.fr\/blog\/#\/schema\/logo\/image\/","url":"https:\/\/starstory.fr\/blog\/wp-content\/uploads\/2024\/12\/38.png","contentUrl":"https:\/\/starstory.fr\/blog\/wp-content\/uploads\/2024\/12\/38.png","width":500,"height":500,"caption":"StarStory"},"image":{"@id":"https:\/\/starstory.fr\/blog\/#\/schema\/logo\/image\/"}},{"@type":"Person","@id":"https:\/\/starstory.fr\/blog\/#\/schema\/person\/2cb6361ad79e679e2b744281310c1e3b","name":"Sophie Moreau","image":{"@type":"ImageObject","inLanguage":"fr-FR","@id":"https:\/\/starstory.fr\/blog\/#\/schema\/person\/image\/","url":"https:\/\/secure.gravatar.com\/avatar\/?s=96&d=mm&r=g","contentUrl":"https:\/\/secure.gravatar.com\/avatar\/?s=96&d=mm&r=g","caption":"Sophie Moreau"},"description":"Sophie partage des articles sur les stars musicales de chaque d\u00e9cennie et leur impact sur la sc\u00e8ne fran\u00e7aise et internationale.","url":"https:\/\/starstory.fr\/blog\/auteur\/sophie-moreau\/","jobTitle":"Contributrice maison & d\u00e9co","email":"sophie.moreau@starstory.fr"}]}},"_links":{"self":[{"href":"https:\/\/starstory.fr\/blog\/wp-json\/wp\/v2\/posts\/8033","targetHints":{"allow":["GET"]}}],"collection":[{"href":"https:\/\/starstory.fr\/blog\/wp-json\/wp\/v2\/posts"}],"about":[{"href":"https:\/\/starstory.fr\/blog\/wp-json\/wp\/v2\/types\/post"}],"author":[{"embeddable":true,"href":"https:\/\/starstory.fr\/blog\/wp-json\/wp\/v2\/users\/41"}],"replies":[{"embeddable":true,"href":"https:\/\/starstory.fr\/blog\/wp-json\/wp\/v2\/comments?post=8033"}],"version-history":[{"count":0,"href":"https:\/\/starstory.fr\/blog\/wp-json\/wp\/v2\/posts\/8033\/revisions"}],"wp:attachment":[{"href":"https:\/\/starstory.fr\/blog\/wp-json\/wp\/v2\/media?parent=8033"}],"wp:term":[{"taxonomy":"category","embeddable":true,"href":"https:\/\/starstory.fr\/blog\/wp-json\/wp\/v2\/categories?post=8033"},{"taxonomy":"post_tag","embeddable":true,"href":"https:\/\/starstory.fr\/blog\/wp-json\/wp\/v2\/tags?post=8033"}],"curies":[{"name":"wp","href":"https:\/\/api.w.org\/{rel}","templated":true}]}}