{"id":8029,"date":"2026-06-06T13:00:33","date_gmt":"2026-06-06T11:00:33","guid":{"rendered":"https:\/\/starstory.fr\/blog\/celebrites-et-influence-en-france\/fauve-hautot-enceinte-a-40-ans-la-danseuse-de-dals-attend-son-premier\/"},"modified":"2026-06-06T13:00:33","modified_gmt":"2026-06-06T11:00:33","slug":"fauve-hautot-enceinte-a-40-ans-la-danseuse-de-dals-attend-son-premier","status":"publish","type":"post","link":"https:\/\/starstory.fr\/blog\/celebrites-et-influence-en-france\/fauve-hautot-enceinte-a-40-ans-la-danseuse-de-dals-attend-son-premier\/","title":{"rendered":"Fauve Hautot enceinte \u00e0 40 ans : la danseuse de DALS attend son premier enfant"},"content":{"rendered":"<aside style=\"background:#FBEAF2;border-left:5px solid #B11E6A;padding:22px 28px;margin:24px 0;font-family:-apple-system,BlinkMacSystemFont,'Segoe UI',Roboto,sans-serif;\">\n<div style=\"margin:0;font-size:19px;line-height:1.55;color:#2a2a2a;font-weight:500;letter-spacing:-0.005em;\">\n    Oui, c&rsquo;est officiel : \u00e0 40 ans, Fauve Hautot attend son premier enfant. La danseuse et jur\u00e9e de <em>Danse avec les stars<\/em> a confirm\u00e9 sa grossesse lors d&rsquo;une conf\u00e9rence de presse de TF1 le 3 juin 2026, apr\u00e8s une \u00ab annonce sans annonce \u00bb rest\u00e9e discr\u00e8te depuis le printemps. Un baby ventre rond aper\u00e7u sur sc\u00e8ne, quelques mots tendres, et beaucoup de pudeur : retour sur une nouvelle qui r\u00e9jouit ses fans.\n  <\/div>\n<\/aside>\n<p>Depuis quinze ans, Fauve Hautot fait partie des visages les plus aim\u00e9s de <em>Danse avec les stars<\/em>. Danseuse professionnelle devenue jur\u00e9e, quadruple gagnante du programme, elle a toujours prot\u00e9g\u00e9 sa vie priv\u00e9e avec soin. C&rsquo;est donc tout en finesse qu&rsquo;elle a laiss\u00e9 deviner, puis confirm\u00e9, l&rsquo;arriv\u00e9e de son premier enfant. \u00c0 40 ans, la Normande franchit une \u00e9tape qu&rsquo;elle disait esp\u00e9rer depuis quelque temps. Voici ce que l&rsquo;on sait, dans le respect de son intimit\u00e9.<\/p>\n<h2 style=\"font-size:27px;font-weight:800;color:#1a1a1a;letter-spacing:-0.01em;margin:44px 0 14px;\">L&rsquo;heureuse nouvelle<\/h2>\n<p>La confirmation est venue le 3 juin 2026, \u00e0 l&rsquo;occasion d&rsquo;une conf\u00e9rence de presse organis\u00e9e par TF1 autour de la nouvelle saison de <em>Danse avec les stars<\/em>. Fauve Hautot y a officialis\u00e9 sa grossesse : elle attend son premier enfant, avec son compagnon Romain Guillermic. Une annonce attendue par beaucoup, tant les indices s&rsquo;\u00e9taient accumul\u00e9s au fil des semaines.<\/p>\n<p>Car la danseuse avait choisi une mani\u00e8re bien \u00e0 elle de partager la nouvelle. D\u00e9but avril 2026, lors d&rsquo;une prestation sc\u00e9nique avec sa compagnie de danse, c&rsquo;est son ventre joliment arrondi qui avait attir\u00e9 tous les regards. Pas de communiqu\u00e9, pas de mise en sc\u00e8ne : juste une silhouette qui parlait d&rsquo;elle-m\u00eame. Une approche qu&rsquo;elle a elle-m\u00eame r\u00e9sum\u00e9e par la formule \u00ab une annonce sans annonce \u00bb.<\/p>\n<aside style=\"background:#FBEAF2;border-left:4px solid #B11E6A;padding:14px 18px;margin:18px 0;border-radius:0 4px 4px 0;font-family:-apple-system,BlinkMacSystemFont,'Segoe UI',Roboto,sans-serif;\">\n  <strong style=\"display:inline-block;color:#B11E6A;font-size:12px;text-transform:uppercase;letter-spacing:1.5px;margin-right:8px;\">&#10022; \u00c0 retenir<\/strong><br \/>\n  <span style=\"font-size:14.5px;line-height:1.55;color:#3a3a3a;\">Aucune date d&rsquo;accouchement ni d\u00e9tail m\u00e9dical n&rsquo;a \u00e9t\u00e9 communiqu\u00e9 publiquement. Fauve Hautot a tenu \u00e0 garder ces \u00e9l\u00e9ments pour elle, et nous respectons ce choix.<\/span><br \/>\n<\/aside>\n<p>Interrog\u00e9e sur sa discr\u00e9tion, la danseuse a expliqu\u00e9 avec sinc\u00e9rit\u00e9 : \u00ab Je suis tr\u00e8s pudique sur tout et je garde \u00e7a tr\u00e8s pr\u00e9cieusement. Les choses sont arriv\u00e9es comme \u00e7a, de mani\u00e8re assez naturelle. \u00bb Une phrase qui r\u00e9sume bien sa personnalit\u00e9, \u00e0 la fois solaire en sc\u00e8ne et r\u00e9serv\u00e9e sur sa vie priv\u00e9e.<\/p>\n<aside style=\"background:#fafaf7;border:1px solid #e5e5e0;border-radius:8px;padding:24px 26px 26px;margin:28px 0;font-family:-apple-system,BlinkMacSystemFont,'Segoe UI',Roboto,sans-serif;\">\n<div style=\"margin:0 0 18px 0;font-size:11px;font-weight:700;text-transform:uppercase;letter-spacing:2.2px;color:#B11E6A;\">Ce qu&rsquo;il faut retenir<\/div>\n<div style=\"display:grid;grid-template-columns:repeat(auto-fit,minmax(240px,1fr));gap:10px;\">\n<div style=\"display:flex;gap:12px;background:#fff;border:1px solid #ebebe5;padding:12px 14px;border-radius:6px;align-items:flex-start;\">\n      <span style=\"flex:0 0 26px;width:26px;height:26px;background:#B11E6A;color:#fff;border-radius:50%;display:inline-flex;align-items:center;justify-content:center;font-size:12px;font-weight:700;font-family:-apple-system,sans-serif;\">1<\/span><br \/>\n      <span style=\"font-size:14px;line-height:1.5;color:#2a2a2a;\">Fauve Hautot, 40 ans, attend son premier enfant.<\/span>\n    <\/div>\n<div style=\"display:flex;gap:12px;background:#fff;border:1px solid #ebebe5;padding:12px 14px;border-radius:6px;align-items:flex-start;\">\n      <span style=\"flex:0 0 26px;width:26px;height:26px;background:#B11E6A;color:#fff;border-radius:50%;display:inline-flex;align-items:center;justify-content:center;font-size:12px;font-weight:700;font-family:-apple-system,sans-serif;\">2<\/span><br \/>\n      <span style=\"font-size:14px;line-height:1.5;color:#2a2a2a;\">Grossesse confirm\u00e9e le 3 juin 2026 lors d&rsquo;une conf\u00e9rence de presse TF1.<\/span>\n    <\/div>\n<div style=\"display:flex;gap:12px;background:#fff;border:1px solid #ebebe5;padding:12px 14px;border-radius:6px;align-items:flex-start;\">\n      <span style=\"flex:0 0 26px;width:26px;height:26px;background:#B11E6A;color:#fff;border-radius:50%;display:inline-flex;align-items:center;justify-content:center;font-size:12px;font-weight:700;font-family:-apple-system,sans-serif;\">3<\/span><br \/>\n      <span style=\"font-size:14px;line-height:1.5;color:#2a2a2a;\">Son compagnon est le danseur Romain Guillermic.<\/span>\n    <\/div>\n<div style=\"display:flex;gap:12px;background:#fff;border:1px solid #ebebe5;padding:12px 14px;border-radius:6px;align-items:flex-start;\">\n      <span style=\"flex:0 0 26px;width:26px;height:26px;background:#B11E6A;color:#fff;border-radius:50%;display:inline-flex;align-items:center;justify-content:center;font-size:12px;font-weight:700;font-family:-apple-system,sans-serif;\">4<\/span><br \/>\n      <span style=\"font-size:14px;line-height:1.5;color:#2a2a2a;\">Une \u00ab annonce sans annonce \u00bb r\u00e9v\u00e9l\u00e9e par un ventre rond sur sc\u00e8ne en avril.<\/span>\n    <\/div>\n<div style=\"display:flex;gap:12px;background:#fff;border:1px solid #ebebe5;padding:12px 14px;border-radius:6px;align-items:flex-start;\">\n      <span style=\"flex:0 0 26px;width:26px;height:26px;background:#B11E6A;color:#fff;border-radius:50%;display:inline-flex;align-items:center;justify-content:center;font-size:12px;font-weight:700;font-family:-apple-system,sans-serif;\">5<\/span><br \/>\n      <span style=\"font-size:14px;line-height:1.5;color:#2a2a2a;\">Elle reste jur\u00e9e de la saison en cours de Danse avec les stars.<\/span>\n    <\/div>\n<\/p><\/div>\n<\/aside>\n<h2 style=\"font-size:27px;font-weight:800;color:#1a1a1a;letter-spacing:-0.01em;margin:44px 0 14px;\">Qui est Fauve Hautot ?<\/h2>\n<p>N\u00e9e le 1er mars 1986 \u00e0 Rouen, Fauve Hautot est une danseuse, chor\u00e9graphe et personnalit\u00e9 de la t\u00e9l\u00e9vision fran\u00e7aise. Form\u00e9e \u00e0 la danse d\u00e8s le plus jeune \u00e2ge, elle se r\u00e9v\u00e8le au grand public gr\u00e2ce \u00e0 <em>Danse avec les stars<\/em>, l&rsquo;\u00e9mission de TF1 dont elle est devenue l&rsquo;une des figures embl\u00e9matiques. Sa technique, son \u00e9nergie et sa bienveillance \u00e0 l&rsquo;\u00e9cran lui ont valu une affection durable du public.<\/p>\n<p>Au-del\u00e0 du parquet, Fauve Hautot a \u00e9largi son terrain de jeu : t\u00e9l\u00e9vision, sc\u00e8ne, et m\u00eame com\u00e9die, avec des apparitions dans des s\u00e9ries comme <em>Astrid et Rapha\u00eblle<\/em>. Avec son compagnon, elle co-dirige une compagnie de danse, prolongeant en spectacle vivant ce qui l&rsquo;anime depuis toujours. Une carri\u00e8re compl\u00e8te, construite \u00e9tape par \u00e9tape.<\/p>\n<figure style=\"margin:38px auto;padding:28px 24px;text-align:center;border-top:1px solid #2a2a2a;border-bottom:1px solid #2a2a2a;max-width:640px;position:relative;font-family:Georgia,'Hoefler Text',serif;\">\n<div style=\"position:absolute;top:-20px;left:50%;transform:translateX(-50%);background:#ffffff;padding:0 14px;font-size:48px;line-height:1;color:#B11E6A;font-family:Georgia,serif;\">&laquo;<\/div>\n<blockquote style=\"margin:0;padding:0;font-size:24px;line-height:1.45;font-style:italic;color:#1a1a1a;letter-spacing:-0.005em;\"><p>\n    Je suis tr\u00e8s pudique sur tout et je garde \u00e7a tr\u00e8s pr\u00e9cieusement. Les choses sont arriv\u00e9es comme \u00e7a, de mani\u00e8re assez naturelle.<br \/>\n  <\/blockquote><figcaption style=\"margin-top:14px;font-size:12px;text-transform:uppercase;letter-spacing:2px;color:#6a6a6a;font-family:-apple-system,sans-serif;font-style:normal;\">\u2014 Fauve Hautot<\/figcaption><\/figure>\n<h2 style=\"font-size:27px;font-weight:800;color:#1a1a1a;letter-spacing:-0.01em;margin:44px 0 14px;\">Son parcours \u00e0 Danse avec les stars<\/h2>\n<p>L&rsquo;histoire de Fauve Hautot avec <em>Danse avec les stars<\/em> commence en 2011. Elle rejoint alors la troupe des danseurs professionnels et se distingue rapidement par sa pr\u00e9cision et sa pr\u00e9sence. D\u00e8s 2012, elle d\u00e9croche son premier troph\u00e9e aux c\u00f4t\u00e9s du chanteur Emmanuel Moire. Le ton est donn\u00e9 : Fauve sait gagner.<\/p>\n<p>Entre 2015 et 2017, elle change de casquette et devient jur\u00e9e, apportant un regard \u00e0 la fois technique et p\u00e9dagogue. Puis elle revient danser, et encha\u00eene les victoires : avec le nageur Sami El Gueddari, avec le chanteur Tayc, puis avec Billy Crawford. Quadruple gagnante de l&rsquo;\u00e9mission, elle partage le record de victoires du programme. Aujourd&rsquo;hui, elle si\u00e8ge \u00e0 nouveau au sein du jury, un r\u00f4le qui lui permet de transmettre son exp\u00e9rience tout en restant au c\u0153ur de l&rsquo;aventure.<\/p>\n<figure style=\"margin:32px 0;font-family:-apple-system,BlinkMacSystemFont,'Segoe UI',Roboto,sans-serif;\">\n<div style=\"overflow-x:auto;border:1px solid #e5e5e0;border-radius:8px;\">\n<table style=\"width:100%;border-collapse:collapse;font-size:14px;color:#2a2a2a;min-width:520px;\">\n<thead>\n<tr style=\"background:#B11E6A;color:#fff;\">\n<th style=\"text-align:left;padding:14px 18px;font-weight:700;font-size:12px;text-transform:uppercase;letter-spacing:1.5px;\">Rep\u00e8re<\/th>\n<th style=\"text-align:left;padding:14px 18px;font-weight:700;font-size:12px;text-transform:uppercase;letter-spacing:1.5px;\">D\u00e9tail<\/th>\n<\/tr>\n<\/thead>\n<tbody>\n<tr style=\"background:#fff;border-bottom:1px solid #f0ede5;\">\n<td style=\"padding:14px 18px;font-weight:600;\">Nom<\/td>\n<td style=\"padding:14px 18px;color:#4a4a4a;\">Fauve Hautot<\/td>\n<\/tr>\n<tr style=\"background:#fafaf7;border-bottom:1px solid #f0ede5;\">\n<td style=\"padding:14px 18px;font-weight:600;\">\u00c2ge<\/td>\n<td style=\"padding:14px 18px;color:#4a4a4a;\">40 ans (n\u00e9e le 1er mars 1986 \u00e0 Rouen)<\/td>\n<\/tr>\n<tr style=\"background:#fff;border-bottom:1px solid #f0ede5;\">\n<td style=\"padding:14px 18px;font-weight:600;\">M\u00e9tier<\/td>\n<td style=\"padding:14px 18px;color:#4a4a4a;\">Danseuse, chor\u00e9graphe, jur\u00e9e TV<\/td>\n<\/tr>\n<tr style=\"background:#fafaf7;border-bottom:1px solid #f0ede5;\">\n<td style=\"padding:14px 18px;font-weight:600;\">\u00c9mission phare<\/td>\n<td style=\"padding:14px 18px;color:#4a4a4a;\">Danse avec les stars (TF1), depuis 2011<\/td>\n<\/tr>\n<tr style=\"background:#fff;border-bottom:1px solid #f0ede5;\">\n<td style=\"padding:14px 18px;font-weight:600;\">Palmar\u00e8s<\/td>\n<td style=\"padding:14px 18px;color:#4a4a4a;\">Quadruple gagnante (Moire, El Gueddari, Tayc, Crawford)<\/td>\n<\/tr>\n<tr style=\"background:#fafaf7;border-bottom:1px solid #f0ede5;\">\n<td style=\"padding:14px 18px;font-weight:600;\">Compagnon<\/td>\n<td style=\"padding:14px 18px;color:#4a4a4a;\">Romain Guillermic, danseur<\/td>\n<\/tr>\n<tr style=\"background:#fff;\">\n<td style=\"padding:14px 18px;font-weight:600;\">\u00c9v\u00e9nement 2026<\/td>\n<td style=\"padding:14px 18px;color:#4a4a4a;\">Premier enfant, grossesse confirm\u00e9e le 3 juin<\/td>\n<\/tr>\n<\/tbody>\n<\/table><\/div><figcaption style=\"font-size:11px;color:#7a7a7a;margin-top:8px;text-align:right;letter-spacing:0.3px;\">Rep\u00e8res publics \u2014 voir sources en fin d&rsquo;article.<\/figcaption><\/figure>\n<figure style=\"margin:32px 0;padding:0;font-family:-apple-system,BlinkMacSystemFont,'Segoe UI',Roboto,sans-serif;\">\n<div style=\"display:grid;grid-template-columns:repeat(auto-fit,minmax(140px,1fr));background:#1a1a1a;border-radius:6px;overflow:hidden;\">\n<div style=\"padding:22px 16px;text-align:center;border-right:1px solid #2f2f2f;\">\n<div style=\"font-size:36px;font-weight:900;color:#fff;letter-spacing:-0.04em;line-height:1;\">2011<\/div>\n<div style=\"font-size:11px;text-transform:uppercase;letter-spacing:1.5px;color:#9a9a9a;margin-top:8px;\">arriv\u00e9e dans DALS<\/div>\n<\/p><\/div>\n<div style=\"padding:22px 16px;text-align:center;border-right:1px solid #2f2f2f;\">\n<div style=\"font-size:36px;font-weight:900;color:#fff;letter-spacing:-0.04em;line-height:1;\">4<\/div>\n<div style=\"font-size:11px;text-transform:uppercase;letter-spacing:1.5px;color:#9a9a9a;margin-top:8px;\">troph\u00e9es remport\u00e9s<\/div>\n<\/p><\/div>\n<div style=\"padding:22px 16px;text-align:center;\">\n<div style=\"font-size:36px;font-weight:900;color:#E87FB0;letter-spacing:-0.04em;line-height:1;\">1<sup style=\"font-size:16px;\">er<\/sup><\/div>\n<div style=\"font-size:11px;text-transform:uppercase;letter-spacing:1.5px;color:#9a9a9a;margin-top:8px;\">enfant en 2026<\/div>\n<\/p><\/div>\n<\/p><\/div><figcaption style=\"font-size:11px;color:#7a7a7a;margin-top:8px;text-align:right;letter-spacing:0.3px;\">Donn\u00e9es indicatives \u2014 voir sources en fin d&rsquo;article.<\/figcaption><\/figure>\n<div style=\"display:grid;grid-template-columns:repeat(auto-fit,minmax(220px,1fr));gap:14px;margin:28px 0;font-family:-apple-system,BlinkMacSystemFont,'Segoe UI',Roboto,sans-serif;\">\n<article style=\"background:#fff;border:1px solid #e5e5e0;border-top:3px solid #B11E6A;border-radius:6px;padding:18px 18px 16px;\">\n<div style=\"width:36px;height:36px;background:#FBEAF2;border-radius:50%;display:inline-flex;align-items:center;justify-content:center;margin-bottom:12px;\">\n      <span style=\"font-size:18px;color:#B11E6A;font-weight:900;font-family:Georgia,serif;\">01<\/span>\n    <\/div>\n<h3 style=\"margin:0 0 6px 0;font-size:16px;font-weight:700;color:#1a1a1a;letter-spacing:-0.01em;\">Danseuse pro<\/h3>\n<div style=\"margin:0;font-size:13.5px;line-height:1.55;color:#4a4a4a;\">De 2011 \u00e0 ses derni\u00e8res saisons en comp\u00e9tition, elle marque l&rsquo;\u00e9mission par sa technique et son charisme.<\/div>\n<\/article>\n<article style=\"background:#fff;border:1px solid #e5e5e0;border-top:3px solid #B11E6A;border-radius:6px;padding:18px 18px 16px;\">\n<div style=\"width:36px;height:36px;background:#FBEAF2;border-radius:50%;display:inline-flex;align-items:center;justify-content:center;margin-bottom:12px;\">\n      <span style=\"font-size:18px;color:#B11E6A;font-weight:900;font-family:Georgia,serif;\">02<\/span>\n    <\/div>\n<h3 style=\"margin:0 0 6px 0;font-size:16px;font-weight:700;color:#1a1a1a;letter-spacing:-0.01em;\">Jur\u00e9e respect\u00e9e<\/h3>\n<div style=\"margin:0;font-size:13.5px;line-height:1.55;color:#4a4a4a;\">Depuis 2015, elle alterne jury et danse, apportant un \u0153il exigeant et bienveillant aux candidats.<\/div>\n<\/article>\n<article style=\"background:#fff;border:1px solid #e5e5e0;border-top:3px solid #B11E6A;border-radius:6px;padding:18px 18px 16px;\">\n<div style=\"width:36px;height:36px;background:#FBEAF2;border-radius:50%;display:inline-flex;align-items:center;justify-content:center;margin-bottom:12px;\">\n      <span style=\"font-size:18px;color:#B11E6A;font-weight:900;font-family:Georgia,serif;\">03<\/span>\n    <\/div>\n<h3 style=\"margin:0 0 6px 0;font-size:16px;font-weight:700;color:#1a1a1a;letter-spacing:-0.01em;\">Artiste compl\u00e8te<\/h3>\n<div style=\"margin:0;font-size:13.5px;line-height:1.55;color:#4a4a4a;\">Sc\u00e8ne, t\u00e9l\u00e9vision, com\u00e9die : Fauve Hautot multiplie les projets bien au-del\u00e0 du parquet de danse.<\/div>\n<\/article>\n<\/div>\n<h2 style=\"font-size:27px;font-weight:800;color:#1a1a1a;letter-spacing:-0.01em;margin:44px 0 14px;\">Sa vie aujourd&rsquo;hui<\/h2>\n<p>En couple avec le danseur Romain Guillermic depuis plus de deux ans, Fauve Hautot construit un quotidien o\u00f9 vie professionnelle et vie personnelle se rejoignent souvent. Le couple partage la m\u00eame passion : la danse. Ensemble, ils ont fond\u00e9 une compagnie et continuent de cr\u00e9er des spectacles, prolongeant sur sc\u00e8ne l&rsquo;\u00e9nergie qui les unit.<\/p>\n<p>L&rsquo;arriv\u00e9e de ce premier enfant ouvre un nouveau chapitre. Fauve Hautot n&rsquo;a pas souhait\u00e9 s&rsquo;\u00e9tendre sur les d\u00e9tails \u2014 accouchement, pr\u00e9nom, projets d&rsquo;organisation restent priv\u00e9s \u2014, et c&rsquo;est pr\u00e9cis\u00e9ment cette pudeur qui caract\u00e9rise sa mani\u00e8re d&rsquo;aborder l&rsquo;\u00e9v\u00e9nement. Elle a n\u00e9anmoins laiss\u00e9 transpara\u00eetre une joie sinc\u00e8re, expliquant combien il \u00e9tait \u00ab formidable de pouvoir tout lier \u00bb : sa vie d&rsquo;artiste, sa vie de couple et, d\u00e9sormais, sa vie de future maman.<\/p>\n<aside style=\"background:#FBEAF2;border-left:4px solid #B11E6A;padding:14px 18px;margin:18px 0;border-radius:0 4px 4px 0;font-family:-apple-system,BlinkMacSystemFont,'Segoe UI',Roboto,sans-serif;\">\n  <strong style=\"display:inline-block;color:#B11E6A;font-size:12px;text-transform:uppercase;letter-spacing:1.5px;margin-right:8px;\">&#128161; Bon \u00e0 savoir<\/strong><br \/>\n  <span style=\"font-size:14.5px;line-height:1.55;color:#3a3a3a;\">Malgr\u00e9 la grossesse, Fauve Hautot reste pr\u00e9sente sur le plateau de Danse avec les stars en tant que jur\u00e9e, et ses projets sc\u00e9niques avec sa compagnie se poursuivent.<\/span><br \/>\n<\/aside>\n<div style=\"display:grid;grid-template-columns:repeat(auto-fit,minmax(260px,1fr));gap:14px;margin:28px 0;font-family:-apple-system,BlinkMacSystemFont,'Segoe UI',Roboto,sans-serif;\">\n<div style=\"background:#FBEAF2;border:1px solid #f0cfe0;border-radius:6px;padding:20px 22px;\">\n<div style=\"display:flex;align-items:center;gap:10px;margin-bottom:14px;padding-bottom:10px;border-bottom:1px solid #f0cfe0;\">\n      <span style=\"width:32px;height:32px;background:#B11E6A;color:#fff;border-radius:50%;display:inline-flex;align-items:center;justify-content:center;font-size:18px;font-weight:700;\">&#9733;<\/span><\/p>\n<h3 style=\"margin:0;font-size:16px;font-weight:700;color:#7a134a;letter-spacing:-0.01em;\">Ce que l&rsquo;on sait<\/h3>\n<\/p><\/div>\n<ul style=\"margin:0;padding-left:18px;font-size:14px;line-height:1.7;color:#3a3a3a;\">\n<li>Premier enfant, \u00e0 40 ans<\/li>\n<li>Compagnon : Romain Guillermic<\/li>\n<li>Annonce officialis\u00e9e le 3 juin 2026<\/li>\n<\/ul><\/div>\n<div style=\"background:#fafaf7;border:1px solid #e5e5e0;border-radius:6px;padding:20px 22px;\">\n<div style=\"display:flex;align-items:center;gap:10px;margin-bottom:14px;padding-bottom:10px;border-bottom:1px solid #e5e5e0;\">\n      <span style=\"width:32px;height:32px;background:#6a6a6a;color:#fff;border-radius:50%;display:inline-flex;align-items:center;justify-content:center;font-size:18px;font-weight:700;\">&#9788;<\/span><\/p>\n<h3 style=\"margin:0;font-size:16px;font-weight:700;color:#4a4a4a;letter-spacing:-0.01em;\">Ce qui reste priv\u00e9<\/h3>\n<\/p><\/div>\n<ul style=\"margin:0;padding-left:18px;font-size:14px;line-height:1.7;color:#3a3a3a;\">\n<li>Date pr\u00e9vue de l&rsquo;accouchement<\/li>\n<li>Pr\u00e9nom et sexe de l&rsquo;enfant<\/li>\n<li>D\u00e9tails m\u00e9dicaux et organisation familiale<\/li>\n<\/ul><\/div>\n<\/div>\n<section style=\"margin:32px 0;font-family:-apple-system,BlinkMacSystemFont,'Segoe UI',Roboto,sans-serif;\">\n<h2 style=\"margin:0 0 18px 0;font-size:22px;font-weight:800;color:#1a1a1a;letter-spacing:-0.01em;\">Questions fr\u00e9quentes<\/h2>\n<div style=\"border-top:1px solid #d4cfc4;\">\n<details style=\"border-bottom:1px solid #d4cfc4;padding:0;\">\n<summary style=\"cursor:pointer;padding:16px 0;font-size:17px;font-weight:700;color:#1a1a1a;list-style:none;display:flex;justify-content:space-between;align-items:center;gap:14px;\">\n        <span>Fauve Hautot est-elle vraiment enceinte ?<\/span><br \/>\n        <span style=\"font-size:22px;font-weight:300;color:#B11E6A;line-height:1;\">+<\/span><br \/>\n      <\/summary>\n<div style=\"padding:0 0 16px 0;font-size:15px;line-height:1.7;color:#4a4a4a;\">Oui. La danseuse a confirm\u00e9 sa grossesse lors d&rsquo;une conf\u00e9rence de presse de TF1 le 3 juin 2026. Elle attend son premier enfant.<\/div>\n<\/details>\n<details style=\"border-bottom:1px solid #d4cfc4;padding:0;\">\n<summary style=\"cursor:pointer;padding:16px 0;font-size:17px;font-weight:700;color:#1a1a1a;list-style:none;display:flex;justify-content:space-between;align-items:center;gap:14px;\">\n        <span>Quel \u00e2ge a Fauve Hautot ?<\/span><br \/>\n        <span style=\"font-size:22px;font-weight:300;color:#B11E6A;line-height:1;\">+<\/span><br \/>\n      <\/summary>\n<div style=\"padding:0 0 16px 0;font-size:15px;line-height:1.7;color:#4a4a4a;\">N\u00e9e le 1er mars 1986 \u00e0 Rouen, Fauve Hautot a 40 ans. C&rsquo;est son premier enfant.<\/div>\n<\/details>\n<details style=\"border-bottom:1px solid #d4cfc4;padding:0;\">\n<summary style=\"cursor:pointer;padding:16px 0;font-size:17px;font-weight:700;color:#1a1a1a;list-style:none;display:flex;justify-content:space-between;align-items:center;gap:14px;\">\n        <span>Qui est le compagnon de Fauve Hautot ?<\/span><br \/>\n        <span style=\"font-size:22px;font-weight:300;color:#B11E6A;line-height:1;\">+<\/span><br \/>\n      <\/summary>\n<div style=\"padding:0 0 16px 0;font-size:15px;line-height:1.7;color:#4a4a4a;\">Son compagnon est le danseur Romain Guillermic. Le couple, ensemble depuis plus de deux ans, partage la passion de la danse et dirige une compagnie commune.<\/div>\n<\/details>\n<details style=\"border-bottom:1px solid #d4cfc4;padding:0;\">\n<summary style=\"cursor:pointer;padding:16px 0;font-size:17px;font-weight:700;color:#1a1a1a;list-style:none;display:flex;justify-content:space-between;align-items:center;gap:14px;\">\n        <span>Comment a-t-elle annonc\u00e9 sa grossesse ?<\/span><br \/>\n        <span style=\"font-size:22px;font-weight:300;color:#B11E6A;line-height:1;\">+<\/span><br \/>\n      <\/summary>\n<div style=\"padding:0 0 16px 0;font-size:15px;line-height:1.7;color:#4a4a4a;\">Par une \u00ab annonce sans annonce \u00bb : en avril 2026, son ventre arrondi est apparu lors d&rsquo;une prestation sc\u00e9nique, sans communiqu\u00e9. La confirmation officielle est venue plus tard, en juin.<\/div>\n<\/details>\n<details style=\"border-bottom:1px solid #d4cfc4;padding:0;\">\n<summary style=\"cursor:pointer;padding:16px 0;font-size:17px;font-weight:700;color:#1a1a1a;list-style:none;display:flex;justify-content:space-between;align-items:center;gap:14px;\">\n        <span>Restera-t-elle dans Danse avec les stars ?<\/span><br \/>\n        <span style=\"font-size:22px;font-weight:300;color:#B11E6A;line-height:1;\">+<\/span><br \/>\n      <\/summary>\n<div style=\"padding:0 0 16px 0;font-size:15px;line-height:1.7;color:#4a4a4a;\">Oui. Fauve Hautot continue d&rsquo;officier comme jur\u00e9e du programme, et ses projets sc\u00e9niques se poursuivent en parall\u00e8le de sa grossesse.<\/div>\n<\/details><\/div>\n<\/section>\n<p>\u00c0 40 ans, Fauve Hautot vit donc l&rsquo;une des plus belles aventures de sa vie, fid\u00e8le \u00e0 elle-m\u00eame : avec discr\u00e9tion, sinc\u00e9rit\u00e9 et beaucoup de classe. Ses fans, eux, n&rsquo;ont qu&rsquo;une envie : lui adresser leurs plus tendres f\u00e9licitations. Et continuer \u00e0 la voir briller, sur le parquet comme dans le jury de <em>Danse avec les stars<\/em>.<\/p>\n<p style=\"font-size:13px;color:#6a6a6a;margin-top:32px;\">Sources : presse people et donn\u00e9es publiques. Article mis \u00e0 jour r\u00e9guli\u00e8rement.<\/p>\n","protected":false},"excerpt":{"rendered":"","protected":false},"author":42,"featured_media":999999999,"comment_status":"open","ping_status":"open","sticky":false,"template":"","format":"standard","meta":{"_acf_changed":false,"manual_indexmenow":false,"indexmenow_id_project":0,"footnotes":""},"categories":[4524],"tags":[],"class_list":["post-8029","post","type-post","status-publish","format-standard","has-post-thumbnail","hentry","category-celebrites-et-influence-en-france","generate-columns","tablet-grid-50","mobile-grid-100","grid-parent","grid-25"],"acf":[],"yoast_head":"<!-- This site is optimized with the Yoast SEO Premium plugin v21.3 (Yoast SEO v26.5) - https:\/\/yoast.com\/wordpress\/plugins\/seo\/ -->\n<title>Fauve Hautot enceinte \u00e0 40 ans<\/title>\n<meta name=\"description\" content=\"Depuis quinze ans, Fauve Hautot fait partie des visages les plus aim\u00e9s de Danse avec les stars. Danseuse professionnelle devenue jur\u00e9e, quadruple\" \/>\n<meta name=\"robots\" content=\"index, follow, max-snippet:-1, max-image-preview:large, max-video-preview:-1\" \/>\n<link rel=\"canonical\" href=\"https:\/\/starstory.fr\/blog\/celebrites-et-influence-en-france\/fauve-hautot-enceinte-a-40-ans-la-danseuse-de-dals-attend-son-premier\/\" \/>\n<meta property=\"og:locale\" content=\"fr_FR\" \/>\n<meta property=\"og:type\" content=\"article\" \/>\n<meta property=\"og:title\" content=\"Fauve Hautot enceinte \u00e0 40 ans\" \/>\n<meta property=\"og:description\" content=\"Depuis quinze ans, Fauve Hautot fait partie des visages les plus aim\u00e9s de Danse avec les stars. Danseuse professionnelle devenue jur\u00e9e, quadruple\" \/>\n<meta property=\"og:url\" content=\"https:\/\/starstory.fr\/blog\/celebrites-et-influence-en-france\/fauve-hautot-enceinte-a-40-ans-la-danseuse-de-dals-attend-son-premier\/\" \/>\n<meta property=\"og:site_name\" content=\"starstory\" \/>\n<meta name=\"author\" content=\"Antoine Ferrand\" \/>\n<meta name=\"twitter:card\" content=\"summary_large_image\" \/>\n<script type=\"application\/ld+json\" class=\"yoast-schema-graph\">{\"@context\":\"https:\/\/schema.org\",\"@graph\":[{\"@type\":\"NewsArticle\",\"@id\":\"https:\/\/starstory.fr\/blog\/celebrites-et-influence-en-france\/fauve-hautot-enceinte-a-40-ans-la-danseuse-de-dals-attend-son-premier\/#article\",\"isPartOf\":{\"@id\":\"https:\/\/starstory.fr\/blog\/celebrites-et-influence-en-france\/fauve-hautot-enceinte-a-40-ans-la-danseuse-de-dals-attend-son-premier\/\"},\"author\":{\"name\":\"Antoine Ferrand\",\"@id\":\"https:\/\/starstory.fr\/blog\/#\/schema\/person\/2d9dd3a73cf4dcbc428e866589dd5882\"},\"headline\":\"Fauve Hautot enceinte \u00e0 40 ans : la danseuse de DALS attend son premier enfant\",\"datePublished\":\"2026-06-06T11:00:33+00:00\",\"mainEntityOfPage\":{\"@id\":\"https:\/\/starstory.fr\/blog\/celebrites-et-influence-en-france\/fauve-hautot-enceinte-a-40-ans-la-danseuse-de-dals-attend-son-premier\/\"},\"wordCount\":1365,\"commentCount\":0,\"publisher\":{\"@id\":\"https:\/\/starstory.fr\/blog\/#organization\"},\"image\":{\"@id\":\"https:\/\/starstory.fr\/blog\/celebrites-et-influence-en-france\/fauve-hautot-enceinte-a-40-ans-la-danseuse-de-dals-attend-son-premier\/#primaryimage\"},\"thumbnailUrl\":\"https:\/\/images.pexels.com\/photos\/31337079\/pexels-photo-31337079.jpeg?auto=compress&cs=tinysrgb&fit=crop&h=627&w=1200\",\"articleSection\":[\"C\u00e9l\u00e9brit\u00e9s et Influence en France\"],\"inLanguage\":\"fr-FR\",\"potentialAction\":[{\"@type\":\"CommentAction\",\"name\":\"Comment\",\"target\":[\"https:\/\/starstory.fr\/blog\/celebrites-et-influence-en-france\/fauve-hautot-enceinte-a-40-ans-la-danseuse-de-dals-attend-son-premier\/#respond\"]}]},{\"@type\":\"WebPage\",\"@id\":\"https:\/\/starstory.fr\/blog\/celebrites-et-influence-en-france\/fauve-hautot-enceinte-a-40-ans-la-danseuse-de-dals-attend-son-premier\/\",\"url\":\"https:\/\/starstory.fr\/blog\/celebrites-et-influence-en-france\/fauve-hautot-enceinte-a-40-ans-la-danseuse-de-dals-attend-son-premier\/\",\"name\":\"Fauve Hautot enceinte \u00e0 40 ans\",\"isPartOf\":{\"@id\":\"https:\/\/starstory.fr\/blog\/#website\"},\"primaryImageOfPage\":{\"@id\":\"https:\/\/starstory.fr\/blog\/celebrites-et-influence-en-france\/fauve-hautot-enceinte-a-40-ans-la-danseuse-de-dals-attend-son-premier\/#primaryimage\"},\"image\":{\"@id\":\"https:\/\/starstory.fr\/blog\/celebrites-et-influence-en-france\/fauve-hautot-enceinte-a-40-ans-la-danseuse-de-dals-attend-son-premier\/#primaryimage\"},\"thumbnailUrl\":\"https:\/\/images.pexels.com\/photos\/31337079\/pexels-photo-31337079.jpeg?auto=compress&cs=tinysrgb&fit=crop&h=627&w=1200\",\"datePublished\":\"2026-06-06T11:00:33+00:00\",\"description\":\"Depuis quinze ans, Fauve Hautot fait partie des visages les plus aim\u00e9s de Danse avec les stars. Danseuse professionnelle devenue jur\u00e9e, quadruple\",\"inLanguage\":\"fr-FR\",\"potentialAction\":[{\"@type\":\"ReadAction\",\"target\":[\"https:\/\/starstory.fr\/blog\/celebrites-et-influence-en-france\/fauve-hautot-enceinte-a-40-ans-la-danseuse-de-dals-attend-son-premier\/\"]}]},{\"@type\":\"ImageObject\",\"inLanguage\":\"fr-FR\",\"@id\":\"https:\/\/starstory.fr\/blog\/celebrites-et-influence-en-france\/fauve-hautot-enceinte-a-40-ans-la-danseuse-de-dals-attend-son-premier\/#primaryimage\",\"url\":\"https:\/\/images.pexels.com\/photos\/31337079\/pexels-photo-31337079.jpeg?auto=compress&cs=tinysrgb&fit=crop&h=627&w=1200\",\"contentUrl\":\"https:\/\/images.pexels.com\/photos\/31337079\/pexels-photo-31337079.jpeg?auto=compress&cs=tinysrgb&fit=crop&h=627&w=1200\"},{\"@type\":\"WebSite\",\"@id\":\"https:\/\/starstory.fr\/blog\/#website\",\"url\":\"https:\/\/starstory.fr\/blog\/\",\"name\":\"StarStory\",\"description\":\"StarStory, les \u00e9toiles racontent leur histoire\",\"publisher\":{\"@id\":\"https:\/\/starstory.fr\/blog\/#organization\"},\"alternateName\":\"StarStory, les \u00e9toiles racontent leur histoire\",\"potentialAction\":[{\"@type\":\"SearchAction\",\"target\":{\"@type\":\"EntryPoint\",\"urlTemplate\":\"https:\/\/starstory.fr\/blog\/?s={search_term_string}\"},\"query-input\":{\"@type\":\"PropertyValueSpecification\",\"valueRequired\":true,\"valueName\":\"search_term_string\"}}],\"inLanguage\":\"fr-FR\"},{\"@type\":\"Organization\",\"@id\":\"https:\/\/starstory.fr\/blog\/#organization\",\"name\":\"StarStory\",\"alternateName\":\"StarStory.fr\",\"url\":\"https:\/\/starstory.fr\/blog\/\",\"logo\":{\"@type\":\"ImageObject\",\"inLanguage\":\"fr-FR\",\"@id\":\"https:\/\/starstory.fr\/blog\/#\/schema\/logo\/image\/\",\"url\":\"https:\/\/starstory.fr\/blog\/wp-content\/uploads\/2024\/12\/38.png\",\"contentUrl\":\"https:\/\/starstory.fr\/blog\/wp-content\/uploads\/2024\/12\/38.png\",\"width\":500,\"height\":500,\"caption\":\"StarStory\"},\"image\":{\"@id\":\"https:\/\/starstory.fr\/blog\/#\/schema\/logo\/image\/\"}},{\"@type\":\"Person\",\"@id\":\"https:\/\/starstory.fr\/blog\/#\/schema\/person\/2d9dd3a73cf4dcbc428e866589dd5882\",\"name\":\"Antoine Ferrand\",\"image\":{\"@type\":\"ImageObject\",\"inLanguage\":\"fr-FR\",\"@id\":\"https:\/\/starstory.fr\/blog\/#\/schema\/person\/image\/\",\"url\":\"https:\/\/secure.gravatar.com\/avatar\/?s=96&d=mm&r=g\",\"contentUrl\":\"https:\/\/secure.gravatar.com\/avatar\/?s=96&d=mm&r=g\",\"caption\":\"Antoine Ferrand\"},\"description\":\"Antoine analyse les figures politiques et m\u00e9diatiques, ainsi que leur influence en France au fil des ann\u00e9es.\",\"url\":\"https:\/\/starstory.fr\/blog\/auteur\/antoine-dupont\/\"}]}<\/script>\n<!-- \/ Yoast SEO Premium plugin. -->","yoast_head_json":{"title":"Fauve Hautot enceinte \u00e0 40 ans","description":"Depuis quinze ans, Fauve Hautot fait partie des visages les plus aim\u00e9s de Danse avec les stars. Danseuse professionnelle devenue jur\u00e9e, quadruple","robots":{"index":"index","follow":"follow","max-snippet":"max-snippet:-1","max-image-preview":"max-image-preview:large","max-video-preview":"max-video-preview:-1"},"canonical":"https:\/\/starstory.fr\/blog\/celebrites-et-influence-en-france\/fauve-hautot-enceinte-a-40-ans-la-danseuse-de-dals-attend-son-premier\/","og_locale":"fr_FR","og_type":"article","og_title":"Fauve Hautot enceinte \u00e0 40 ans","og_description":"Depuis quinze ans, Fauve Hautot fait partie des visages les plus aim\u00e9s de Danse avec les stars. Danseuse professionnelle devenue jur\u00e9e, quadruple","og_url":"https:\/\/starstory.fr\/blog\/celebrites-et-influence-en-france\/fauve-hautot-enceinte-a-40-ans-la-danseuse-de-dals-attend-son-premier\/","og_site_name":"starstory","author":"Antoine Ferrand","twitter_card":"summary_large_image","schema":{"@context":"https:\/\/schema.org","@graph":[{"@type":"NewsArticle","@id":"https:\/\/starstory.fr\/blog\/celebrites-et-influence-en-france\/fauve-hautot-enceinte-a-40-ans-la-danseuse-de-dals-attend-son-premier\/#article","isPartOf":{"@id":"https:\/\/starstory.fr\/blog\/celebrites-et-influence-en-france\/fauve-hautot-enceinte-a-40-ans-la-danseuse-de-dals-attend-son-premier\/"},"author":{"name":"Antoine Ferrand","@id":"https:\/\/starstory.fr\/blog\/#\/schema\/person\/2d9dd3a73cf4dcbc428e866589dd5882"},"headline":"Fauve Hautot enceinte \u00e0 40 ans : la danseuse de DALS attend son premier enfant","datePublished":"2026-06-06T11:00:33+00:00","mainEntityOfPage":{"@id":"https:\/\/starstory.fr\/blog\/celebrites-et-influence-en-france\/fauve-hautot-enceinte-a-40-ans-la-danseuse-de-dals-attend-son-premier\/"},"wordCount":1365,"commentCount":0,"publisher":{"@id":"https:\/\/starstory.fr\/blog\/#organization"},"image":{"@id":"https:\/\/starstory.fr\/blog\/celebrites-et-influence-en-france\/fauve-hautot-enceinte-a-40-ans-la-danseuse-de-dals-attend-son-premier\/#primaryimage"},"thumbnailUrl":"https:\/\/images.pexels.com\/photos\/31337079\/pexels-photo-31337079.jpeg?auto=compress&cs=tinysrgb&fit=crop&h=627&w=1200","articleSection":["C\u00e9l\u00e9brit\u00e9s et Influence en France"],"inLanguage":"fr-FR","potentialAction":[{"@type":"CommentAction","name":"Comment","target":["https:\/\/starstory.fr\/blog\/celebrites-et-influence-en-france\/fauve-hautot-enceinte-a-40-ans-la-danseuse-de-dals-attend-son-premier\/#respond"]}]},{"@type":"WebPage","@id":"https:\/\/starstory.fr\/blog\/celebrites-et-influence-en-france\/fauve-hautot-enceinte-a-40-ans-la-danseuse-de-dals-attend-son-premier\/","url":"https:\/\/starstory.fr\/blog\/celebrites-et-influence-en-france\/fauve-hautot-enceinte-a-40-ans-la-danseuse-de-dals-attend-son-premier\/","name":"Fauve Hautot enceinte \u00e0 40 ans","isPartOf":{"@id":"https:\/\/starstory.fr\/blog\/#website"},"primaryImageOfPage":{"@id":"https:\/\/starstory.fr\/blog\/celebrites-et-influence-en-france\/fauve-hautot-enceinte-a-40-ans-la-danseuse-de-dals-attend-son-premier\/#primaryimage"},"image":{"@id":"https:\/\/starstory.fr\/blog\/celebrites-et-influence-en-france\/fauve-hautot-enceinte-a-40-ans-la-danseuse-de-dals-attend-son-premier\/#primaryimage"},"thumbnailUrl":"https:\/\/images.pexels.com\/photos\/31337079\/pexels-photo-31337079.jpeg?auto=compress&cs=tinysrgb&fit=crop&h=627&w=1200","datePublished":"2026-06-06T11:00:33+00:00","description":"Depuis quinze ans, Fauve Hautot fait partie des visages les plus aim\u00e9s de Danse avec les stars. Danseuse professionnelle devenue jur\u00e9e, quadruple","inLanguage":"fr-FR","potentialAction":[{"@type":"ReadAction","target":["https:\/\/starstory.fr\/blog\/celebrites-et-influence-en-france\/fauve-hautot-enceinte-a-40-ans-la-danseuse-de-dals-attend-son-premier\/"]}]},{"@type":"ImageObject","inLanguage":"fr-FR","@id":"https:\/\/starstory.fr\/blog\/celebrites-et-influence-en-france\/fauve-hautot-enceinte-a-40-ans-la-danseuse-de-dals-attend-son-premier\/#primaryimage","url":"https:\/\/images.pexels.com\/photos\/31337079\/pexels-photo-31337079.jpeg?auto=compress&cs=tinysrgb&fit=crop&h=627&w=1200","contentUrl":"https:\/\/images.pexels.com\/photos\/31337079\/pexels-photo-31337079.jpeg?auto=compress&cs=tinysrgb&fit=crop&h=627&w=1200"},{"@type":"WebSite","@id":"https:\/\/starstory.fr\/blog\/#website","url":"https:\/\/starstory.fr\/blog\/","name":"StarStory","description":"StarStory, les \u00e9toiles racontent leur histoire","publisher":{"@id":"https:\/\/starstory.fr\/blog\/#organization"},"alternateName":"StarStory, les \u00e9toiles racontent leur histoire","potentialAction":[{"@type":"SearchAction","target":{"@type":"EntryPoint","urlTemplate":"https:\/\/starstory.fr\/blog\/?s={search_term_string}"},"query-input":{"@type":"PropertyValueSpecification","valueRequired":true,"valueName":"search_term_string"}}],"inLanguage":"fr-FR"},{"@type":"Organization","@id":"https:\/\/starstory.fr\/blog\/#organization","name":"StarStory","alternateName":"StarStory.fr","url":"https:\/\/starstory.fr\/blog\/","logo":{"@type":"ImageObject","inLanguage":"fr-FR","@id":"https:\/\/starstory.fr\/blog\/#\/schema\/logo\/image\/","url":"https:\/\/starstory.fr\/blog\/wp-content\/uploads\/2024\/12\/38.png","contentUrl":"https:\/\/starstory.fr\/blog\/wp-content\/uploads\/2024\/12\/38.png","width":500,"height":500,"caption":"StarStory"},"image":{"@id":"https:\/\/starstory.fr\/blog\/#\/schema\/logo\/image\/"}},{"@type":"Person","@id":"https:\/\/starstory.fr\/blog\/#\/schema\/person\/2d9dd3a73cf4dcbc428e866589dd5882","name":"Antoine Ferrand","image":{"@type":"ImageObject","inLanguage":"fr-FR","@id":"https:\/\/starstory.fr\/blog\/#\/schema\/person\/image\/","url":"https:\/\/secure.gravatar.com\/avatar\/?s=96&d=mm&r=g","contentUrl":"https:\/\/secure.gravatar.com\/avatar\/?s=96&d=mm&r=g","caption":"Antoine Ferrand"},"description":"Antoine analyse les figures politiques et m\u00e9diatiques, ainsi que leur influence en France au fil des ann\u00e9es.","url":"https:\/\/starstory.fr\/blog\/auteur\/antoine-dupont\/"}]}},"_links":{"self":[{"href":"https:\/\/starstory.fr\/blog\/wp-json\/wp\/v2\/posts\/8029","targetHints":{"allow":["GET"]}}],"collection":[{"href":"https:\/\/starstory.fr\/blog\/wp-json\/wp\/v2\/posts"}],"about":[{"href":"https:\/\/starstory.fr\/blog\/wp-json\/wp\/v2\/types\/post"}],"author":[{"embeddable":true,"href":"https:\/\/starstory.fr\/blog\/wp-json\/wp\/v2\/users\/42"}],"replies":[{"embeddable":true,"href":"https:\/\/starstory.fr\/blog\/wp-json\/wp\/v2\/comments?post=8029"}],"version-history":[{"count":0,"href":"https:\/\/starstory.fr\/blog\/wp-json\/wp\/v2\/posts\/8029\/revisions"}],"wp:attachment":[{"href":"https:\/\/starstory.fr\/blog\/wp-json\/wp\/v2\/media?parent=8029"}],"wp:term":[{"taxonomy":"category","embeddable":true,"href":"https:\/\/starstory.fr\/blog\/wp-json\/wp\/v2\/categories?post=8029"},{"taxonomy":"post_tag","embeddable":true,"href":"https:\/\/starstory.fr\/blog\/wp-json\/wp\/v2\/tags?post=8029"}],"curies":[{"name":"wp","href":"https:\/\/api.w.org\/{rel}","templated":true}]}}