{"id":8022,"date":"2026-06-06T12:45:31","date_gmt":"2026-06-06T10:45:31","guid":{"rendered":"https:\/\/starstory.fr\/blog\/musique-et-icones-musicales\/les-chanteuses-francaises-des-annees-80-icones-et-tubes-inoubliables\/"},"modified":"2026-06-06T12:45:31","modified_gmt":"2026-06-06T10:45:31","slug":"les-chanteuses-francaises-des-annees-80-icones-et-tubes-inoubliables","status":"publish","type":"post","link":"https:\/\/starstory.fr\/blog\/musique-et-icones-musicales\/les-chanteuses-francaises-des-annees-80-icones-et-tubes-inoubliables\/","title":{"rendered":"Les chanteuses fran\u00e7aises des ann\u00e9es 80 : ic\u00f4nes et tubes inoubliables"},"content":{"rendered":"<aside style=\"background:#FBEAF2;border-left:5px solid #B11E6A;padding:22px 28px;margin:24px 0;font-family:-apple-system,BlinkMacSystemFont,'Segoe UI',Roboto,sans-serif;\">\n<div style=\"margin:0;font-size:19px;line-height:1.55;color:#2a2a2a;font-weight:500;letter-spacing:-0.005em;\">\n    Les ann\u00e9es 80 ont propuls\u00e9 une g\u00e9n\u00e9ration enti\u00e8re de voix f\u00e9minines au sommet du Top 50 : France Gall, Myl\u00e8ne Farmer, Jeanne Mas, Desireless, Lio, Vanessa Paradis, Patricia Kaas\u2026 De \u00ab Voyage voyage \u00bb \u00e0 \u00ab Ella, elle l&rsquo;a \u00bb, voici douze chanteuses fran\u00e7aises (et francophones) embl\u00e9matiques de la d\u00e9cennie, leur tube phare et ce qu&rsquo;elles sont devenues.\n  <\/div>\n<\/aside>\n<p>La d\u00e9cennie 1980 marque un tournant pour la chanson fran\u00e7aise au f\u00e9minin. L&rsquo;arriv\u00e9e du <strong>Top 50<\/strong> en 1984, l&rsquo;explosion du clip vid\u00e9o et la d\u00e9ferlante de la pop synth\u00e9tique ouvrent grand les portes \u00e0 des artistes qui vont marquer durablement la culture populaire. Certaines \u00e9taient d\u00e9j\u00e0 install\u00e9es, comme France Gall ou Catherine Lara&nbsp;; d&rsquo;autres, \u00e0 peine adolescentes, ont connu un succ\u00e8s foudroyant \u2014 Elsa, Vanessa Paradis ou Sandra Kim.<\/p>\n<p>Ce tour d&rsquo;horizon r\u00e9unit douze figures incontournables, des ic\u00f4nes mondiales aux \u00e9toiles d&rsquo;un seul tube plan\u00e9taire. Chacune a laiss\u00e9 une chanson grav\u00e9e dans la m\u00e9moire collective. Voici leur histoire, v\u00e9rifi\u00e9e, et ce qu&rsquo;il est advenu de leur parcours.<\/p>\n<h2 style=\"font-size:27px;font-weight:800;color:#1a1a1a;letter-spacing:-0.01em;margin:46px 0 8px;\">Douze ic\u00f4nes, douze tubes : le panorama<\/h2>\n<div style=\"display:grid;grid-template-columns:repeat(auto-fit,minmax(250px,1fr));gap:14px;margin:28px 0;font-family:-apple-system,BlinkMacSystemFont,'Segoe UI',Roboto,sans-serif;\">\n<article style=\"background:#fff;border:1px solid #e5e5e0;border-top:3px solid #B11E6A;border-radius:6px;padding:18px 18px 16px;\">\n<h3 style=\"margin:0 0 6px 0;font-size:17px;font-weight:700;color:#1a1a1a;letter-spacing:-0.01em;\">France Gall<\/h3>\n<div style=\"margin:0 0 8px 0;font-size:12px;font-weight:700;text-transform:uppercase;letter-spacing:1.2px;color:#B11E6A;\">Ella, elle l&rsquo;a (1987)<\/div>\n<div style=\"margin:0;font-size:13.5px;line-height:1.55;color:#4a4a4a;\">Star d\u00e8s les ann\u00e9es 60, elle triomphe \u00e0 nouveau gr\u00e2ce aux chansons de Michel Berger (\u00ab R\u00e9siste \u00bb, \u00ab Babacar \u00bb). D\u00e9c\u00e9d\u00e9e en janvier 2018 \u00e0 70 ans.<\/div>\n<\/article>\n<article style=\"background:#fff;border:1px solid #e5e5e0;border-top:3px solid #B11E6A;border-radius:6px;padding:18px 18px 16px;\">\n<h3 style=\"margin:0 0 6px 0;font-size:17px;font-weight:700;color:#1a1a1a;letter-spacing:-0.01em;\">Myl\u00e8ne Farmer<\/h3>\n<div style=\"margin:0 0 8px 0;font-size:12px;font-weight:700;text-transform:uppercase;letter-spacing:1.2px;color:#B11E6A;\">Libertine (1986)<\/div>\n<div style=\"margin:0;font-size:13.5px;line-height:1.55;color:#4a4a4a;\">R\u00e9v\u00e9l\u00e9e par \u00ab Maman a tort \u00bb (1984), elle b\u00e2tit un univers \u00e0 part. Devenue l&rsquo;artiste qui vend le plus de disques en France depuis plus de 30 ans.<\/div>\n<\/article>\n<article style=\"background:#fff;border:1px solid #e5e5e0;border-top:3px solid #B11E6A;border-radius:6px;padding:18px 18px 16px;\">\n<h3 style=\"margin:0 0 6px 0;font-size:17px;font-weight:700;color:#1a1a1a;letter-spacing:-0.01em;\">Jeanne Mas<\/h3>\n<div style=\"margin:0 0 8px 0;font-size:12px;font-weight:700;text-transform:uppercase;letter-spacing:1.2px;color:#B11E6A;\">En rouge et noir (1986)<\/div>\n<div style=\"margin:0;font-size:13.5px;line-height:1.55;color:#4a4a4a;\">R\u00e9v\u00e9l\u00e9e par \u00ab Toute premi\u00e8re fois \u00bb (1984), elle encha\u00eene les n\u00b01. Elle s&rsquo;est ensuite install\u00e9e aux \u00c9tats-Unis pour produire musique et cin\u00e9ma.<\/div>\n<\/article>\n<article style=\"background:#fff;border:1px solid #e5e5e0;border-top:3px solid #B11E6A;border-radius:6px;padding:18px 18px 16px;\">\n<h3 style=\"margin:0 0 6px 0;font-size:17px;font-weight:700;color:#1a1a1a;letter-spacing:-0.01em;\">Desireless<\/h3>\n<div style=\"margin:0 0 8px 0;font-size:12px;font-weight:700;text-transform:uppercase;letter-spacing:1.2px;color:#B11E6A;\">Voyage, voyage (1986)<\/div>\n<div style=\"margin:0;font-size:13.5px;line-height:1.55;color:#4a4a4a;\">Un tube plan\u00e9taire n\u00b01 dans une dizaine de pays, chant\u00e9 en fran\u00e7ais. Elle continue \u00e0 se produire et est devenue autrice.<\/div>\n<\/article>\n<article style=\"background:#fff;border:1px solid #e5e5e0;border-top:3px solid #B11E6A;border-radius:6px;padding:18px 18px 16px;\">\n<h3 style=\"margin:0 0 6px 0;font-size:17px;font-weight:700;color:#1a1a1a;letter-spacing:-0.01em;\">Lio<\/h3>\n<div style=\"margin:0 0 8px 0;font-size:12px;font-weight:700;text-transform:uppercase;letter-spacing:1.2px;color:#B11E6A;\">Le Banana Split (1979)<\/div>\n<div style=\"margin:0;font-size:13.5px;line-height:1.55;color:#4a4a4a;\">Ic\u00f4ne pop belgo-portugaise r\u00e9v\u00e9l\u00e9e \u00e0 17 ans, elle encha\u00eene \u00ab Amoureux solitaires \u00bb (1980). Devenue aussi actrice et personnalit\u00e9 t\u00e9l\u00e9.<\/div>\n<\/article>\n<article style=\"background:#fff;border:1px solid #e5e5e0;border-top:3px solid #B11E6A;border-radius:6px;padding:18px 18px 16px;\">\n<h3 style=\"margin:0 0 6px 0;font-size:17px;font-weight:700;color:#1a1a1a;letter-spacing:-0.01em;\">Elsa Lunghini<\/h3>\n<div style=\"margin:0 0 8px 0;font-size:12px;font-weight:700;text-transform:uppercase;letter-spacing:1.2px;color:#B11E6A;\">T&rsquo;en va pas (1986)<\/div>\n<div style=\"margin:0;font-size:13.5px;line-height:1.55;color:#4a4a4a;\">\u00c0 13 ans, plus jeune artiste n\u00b01 du Top 50 fran\u00e7ais de l&rsquo;\u00e9poque. Elle a poursuivi une carri\u00e8re de chanteuse et d&rsquo;actrice.<\/div>\n<\/article>\n<article style=\"background:#fff;border:1px solid #e5e5e0;border-top:3px solid #B11E6A;border-radius:6px;padding:18px 18px 16px;\">\n<h3 style=\"margin:0 0 6px 0;font-size:17px;font-weight:700;color:#1a1a1a;letter-spacing:-0.01em;\">Vanessa Paradis<\/h3>\n<div style=\"margin:0 0 8px 0;font-size:12px;font-weight:700;text-transform:uppercase;letter-spacing:1.2px;color:#B11E6A;\">Joe le taxi (1987)<\/div>\n<div style=\"margin:0;font-size:13.5px;line-height:1.55;color:#4a4a4a;\">\u00c0 14 ans, n\u00b01 onze semaines et un succ\u00e8s jusqu&rsquo;au Royaume-Uni. Devenue chanteuse, actrice (C\u00e9sar) et \u00e9g\u00e9rie Chanel.<\/div>\n<\/article>\n<article style=\"background:#fff;border:1px solid #e5e5e0;border-top:3px solid #B11E6A;border-radius:6px;padding:18px 18px 16px;\">\n<h3 style=\"margin:0 0 6px 0;font-size:17px;font-weight:700;color:#1a1a1a;letter-spacing:-0.01em;\">Patricia Kaas<\/h3>\n<div style=\"margin:0 0 8px 0;font-size:12px;font-weight:700;text-transform:uppercase;letter-spacing:1.2px;color:#B11E6A;\">Mademoiselle chante le blues (1987)<\/div>\n<div style=\"margin:0;font-size:13.5px;line-height:1.55;color:#4a4a4a;\">Sa voix grave et son r\u00e9pertoire jazz-vari\u00e9t\u00e9 en font une star \u00e0 l&rsquo;international. Elle reste une artiste majeure de la sc\u00e8ne fran\u00e7aise.<\/div>\n<\/article>\n<article style=\"background:#fff;border:1px solid #e5e5e0;border-top:3px solid #B11E6A;border-radius:6px;padding:18px 18px 16px;\">\n<h3 style=\"margin:0 0 6px 0;font-size:17px;font-weight:700;color:#1a1a1a;letter-spacing:-0.01em;\">Sabine Paturel<\/h3>\n<div style=\"margin:0 0 8px 0;font-size:12px;font-weight:700;text-transform:uppercase;letter-spacing:1.2px;color:#B11E6A;\">Les B\u00eatises (1985)<\/div>\n<div style=\"margin:0;font-size:13.5px;line-height:1.55;color:#4a4a4a;\">Tube espi\u00e8gle qui passe 30 semaines au Top 50, jusqu&rsquo;\u00e0 la 2e place. Com\u00e9dienne, elle a poursuivi th\u00e9\u00e2tre et t\u00e9l\u00e9vision.<\/div>\n<\/article>\n<article style=\"background:#fff;border:1px solid #e5e5e0;border-top:3px solid #B11E6A;border-radius:6px;padding:18px 18px 16px;\">\n<h3 style=\"margin:0 0 6px 0;font-size:17px;font-weight:700;color:#1a1a1a;letter-spacing:-0.01em;\">Catherine Lara<\/h3>\n<div style=\"margin:0 0 8px 0;font-size:12px;font-weight:700;text-transform:uppercase;letter-spacing:1.2px;color:#B11E6A;\">Nuit magique (1986)<\/div>\n<div style=\"margin:0;font-size:13.5px;line-height:1.55;color:#4a4a4a;\">Violoniste virtuose pass\u00e9e au rock-vari\u00e9t\u00e9, elle d\u00e9croche une Victoire de la musique en 1986. Compositrice respect\u00e9e, toujours active.<\/div>\n<\/article>\n<article style=\"background:#fff;border:1px solid #e5e5e0;border-top:3px solid #B11E6A;border-radius:6px;padding:18px 18px 16px;\">\n<h3 style=\"margin:0 0 6px 0;font-size:17px;font-weight:700;color:#1a1a1a;letter-spacing:-0.01em;\">St\u00e9phanie de Monaco<\/h3>\n<div style=\"margin:0 0 8px 0;font-size:12px;font-weight:700;text-transform:uppercase;letter-spacing:1.2px;color:#B11E6A;\">Ouragan (1986)<\/div>\n<div style=\"margin:0;font-size:13.5px;line-height:1.55;color:#4a4a4a;\">La princesse signe un n\u00b01 pendant pr\u00e8s de trois mois, aussi d\u00e9clin\u00e9 en anglais (\u00ab Irresistible \u00bb). Elle a depuis quitt\u00e9 la chanson.<\/div>\n<\/article>\n<article style=\"background:#fff;border:1px solid #e5e5e0;border-top:3px solid #B11E6A;border-radius:6px;padding:18px 18px 16px;\">\n<h3 style=\"margin:0 0 6px 0;font-size:17px;font-weight:700;color:#1a1a1a;letter-spacing:-0.01em;\">Sandra Kim<\/h3>\n<div style=\"margin:0 0 8px 0;font-size:12px;font-weight:700;text-transform:uppercase;letter-spacing:1.2px;color:#B11E6A;\">J&rsquo;aime la vie (1986)<\/div>\n<div style=\"margin:0;font-size:13.5px;line-height:1.55;color:#4a4a4a;\">\u00c0 13 ans, plus jeune gagnante de l&rsquo;Eurovision (pour la Belgique). Elle poursuit aujourd&rsquo;hui une carri\u00e8re sur sc\u00e8ne et \u00e0 la t\u00e9l\u00e9vision.<\/div>\n<\/article>\n<\/div>\n<h2 style=\"font-size:27px;font-weight:800;color:#1a1a1a;letter-spacing:-0.01em;margin:46px 0 8px;\">Les pionni\u00e8res devenues l\u00e9gendes : France Gall et Catherine Lara<\/h2>\n<p><strong>France Gall<\/strong> incarne la continuit\u00e9 entre deux \u00e9poques. Star du y\u00e9-y\u00e9 dans les ann\u00e9es 60, elle vit une seconde carri\u00e8re \u00e9clatante gr\u00e2ce \u00e0 sa collaboration \u2014 et son mariage en 1976 \u2014 avec l&rsquo;auteur-compositeur <strong>Michel Berger<\/strong>. Les ann\u00e9es 80 lui offrent des titres devenus des classiques absolus&nbsp;: \u00ab Il jouait du piano debout \u00bb, \u00ab R\u00e9siste \u00bb, \u00ab Babacar \u00bb (1987, inspir\u00e9e d&rsquo;un enfant rencontr\u00e9 au S\u00e9n\u00e9gal) et surtout \u00ab Ella, elle l&rsquo;a \u00bb (1987), hommage \u00e0 Ella Fitzgerald, en t\u00eate des ventes dans plusieurs pays. France Gall s&rsquo;est \u00e9teinte le 7 janvier 2018, \u00e0 l&rsquo;\u00e2ge de 70 ans, des suites d&rsquo;une infection.<\/p>\n<p><strong>Catherine Lara<\/strong>, n\u00e9e en 1945, suit un chemin singulier. Violoniste de formation classique, elle glisse vers une vari\u00e9t\u00e9 rac\u00e9e puis vers un rock \u00e9nergique qui fera sa r\u00e9putation \u2014 \u00ab La Rockeuse de diamants \u00bb (1983). En 1986, \u00ab Nuit magique \u00bb, \u00e9crite par Luc Plamondon, devient son plus grand succ\u00e8s et lui vaut la Victoire de la musique de l&rsquo;artiste f\u00e9minine de l&rsquo;ann\u00e9e.<\/p>\n<aside style=\"background:#FBEAF2;border-left:4px solid #B11E6A;padding:14px 18px;margin:18px 0;border-radius:0 4px 4px 0;font-family:-apple-system,BlinkMacSystemFont,'Segoe UI',Roboto,sans-serif;\">\n  <strong style=\"display:inline-block;color:#7a1148;font-size:12px;text-transform:uppercase;letter-spacing:1.5px;margin-right:8px;\">&#128161; Bon \u00e0 savoir<\/strong><br \/>\n  <span style=\"font-size:14.5px;line-height:1.55;color:#3a3a3a;\">Le Top 50, premier classement officiel des ventes de singles en France, est lanc\u00e9 en novembre 1984. Il devient le barom\u00e8tre de toute la d\u00e9cennie.<\/span><br \/>\n<\/aside>\n<h2 style=\"font-size:27px;font-weight:800;color:#1a1a1a;letter-spacing:-0.01em;margin:46px 0 8px;\">La d\u00e9ferlante pop : Myl\u00e8ne Farmer, Jeanne Mas et Desireless<\/h2>\n<p><strong>Myl\u00e8ne Farmer<\/strong> d\u00e9bute en 1984 avec \u00ab Maman a tort \u00bb, apr\u00e8s un casting pass\u00e9 pour le r\u00e9alisateur Laurent Boutonnat. Son premier album, <em>Cendres de lune<\/em> (1986), contient \u00ab Libertine \u00bb, dont le clip \u2014 o\u00f9 elle appara\u00eet rousse pour la premi\u00e8re fois \u2014 fait scandale et marque les esprits. \u00ab Sans contrefa\u00e7on \u00bb suit en 1987. Elle deviendra l&rsquo;artiste qui vend le plus de disques en France depuis plus de trois d\u00e9cennies.<\/p>\n<p><strong>Jeanne Mas<\/strong>, r\u00e9v\u00e9l\u00e9e par \u00ab Toute premi\u00e8re fois \u00bb (1984) puis \u00ab Johnny, Johnny \u00bb (1985), confirme son statut en 1986 avec \u00ab En rouge et noir \u00bb, n\u00b01 des ventes et chanson signature de l&rsquo;artiste. Elle s&rsquo;installera plus tard aux \u00c9tats-Unis pour se consacrer \u00e0 la production.<\/p>\n<p><strong>Desireless<\/strong> (Claudie Fritsch-Mentrop) conna\u00eet une trajectoire fulgurante avec un seul titre&nbsp;: \u00ab Voyage, voyage \u00bb (1986). Enti\u00e8rement chant\u00e9 en fran\u00e7ais, le morceau devient un ph\u00e9nom\u00e8ne europ\u00e9en et asiatique, atteignant la premi\u00e8re place dans une dizaine de pays. Le clip est sign\u00e9 par la photographe Bettina Rheims.<\/p>\n<figure style=\"margin:38px auto;padding:28px 24px;text-align:center;border-top:1px solid #2a2a2a;border-bottom:1px solid #2a2a2a;max-width:640px;position:relative;font-family:Georgia,'Hoefler Text',serif;\">\n<div style=\"position:absolute;top:-20px;left:50%;transform:translateX(-50%);background:#ffffff;padding:0 14px;font-size:48px;line-height:1;color:#B11E6A;font-family:Georgia,serif;\">&laquo;<\/div>\n<blockquote style=\"margin:0;padding:0;font-size:24px;line-height:1.45;font-style:italic;color:#1a1a1a;letter-spacing:-0.005em;\"><p>\n    Une chanson en fran\u00e7ais, n\u00b01 de l&rsquo;Allemagne \u00e0 la Tha\u00eflande : \u00ab Voyage, voyage \u00bb a prouv\u00e9 que la pop hexagonale pouvait conqu\u00e9rir le monde sans changer de langue.<br \/>\n  <\/blockquote><figcaption style=\"margin-top:14px;font-size:12px;text-transform:uppercase;letter-spacing:2px;color:#6a6a6a;font-family:-apple-system,sans-serif;font-style:normal;\">\u2014 Le ph\u00e9nom\u00e8ne Desireless, 1986-1988<\/figcaption><\/figure>\n<h2 style=\"font-size:27px;font-weight:800;color:#1a1a1a;letter-spacing:-0.01em;margin:46px 0 8px;\">Les tr\u00e8s jeunes prodiges : Elsa, Vanessa Paradis et Sandra Kim<\/h2>\n<p>La d\u00e9cennie a aussi consacr\u00e9 des adolescentes au sommet des charts. <strong>Elsa Lunghini<\/strong>, n\u00e9e en 1973, n&rsquo;a que 13 ans lorsque \u00ab T&rsquo;en va pas \u00bb (1986), tir\u00e9e du film <em>La Femme de ma vie<\/em>, reste huit semaines en t\u00eate des ventes \u2014 faisant d&rsquo;elle la plus jeune artiste n\u00b01 du Top 50 fran\u00e7ais de l&rsquo;\u00e9poque. Son album <em>Elsa<\/em> contient d&rsquo;autres succ\u00e8s comme \u00ab Quelque chose dans mon c\u0153ur \u00bb.<\/p>\n<p><strong>Vanessa Paradis<\/strong>, 14 ans, explose en 1987 avec \u00ab Joe le taxi \u00bb, \u00e9crit par Franck Langolff et \u00c9tienne Roda-Gil. Le titre reste onze semaines n\u00b01 en France et s&rsquo;exporte jusqu&rsquo;au Royaume-Uni, o\u00f9 il atteint la 3e place. Devenue chanteuse, actrice (C\u00e9sar du meilleur espoir f\u00e9minin) et \u00e9g\u00e9rie Chanel depuis 1991, elle figure parmi les personnalit\u00e9s fran\u00e7aises les plus reconnues.<\/p>\n<p><strong>Sandra Kim<\/strong>, n\u00e9e Sandra Caldarone en 1972 pr\u00e8s de Li\u00e8ge, remporte le Concours Eurovision 1986 pour la Belgique avec \u00ab J&rsquo;aime la vie \u00bb, \u00e0 seulement 13 ans \u2014 un record de pr\u00e9cocit\u00e9 jamais battu. Apr\u00e8s cette victoire, le r\u00e8glement fut modifi\u00e9 pour imposer un \u00e2ge minimum de 16 ans aux participants.<\/p>\n<aside style=\"background:#FBEAF2;border-left:4px solid #B11E6A;padding:14px 18px;margin:18px 0;border-radius:0 4px 4px 0;font-family:-apple-system,BlinkMacSystemFont,'Segoe UI',Roboto,sans-serif;\">\n  <strong style=\"display:inline-block;color:#7a1148;font-size:12px;text-transform:uppercase;letter-spacing:1.5px;margin-right:8px;\">&#10022; \u00c0 noter<\/strong><br \/>\n  <span style=\"font-size:14.5px;line-height:1.55;color:#3a3a3a;\">Le compositeur italien Romano Musumarra est un fil rouge de la d\u00e9cennie : il a sign\u00e9 \u00ab T&rsquo;en va pas \u00bb d&rsquo;Elsa, \u00ab Ouragan \u00bb de St\u00e9phanie de Monaco et plusieurs tubes de Jeanne Mas.<\/span><br \/>\n<\/aside>\n<h2 style=\"font-size:27px;font-weight:800;color:#1a1a1a;letter-spacing:-0.01em;margin:46px 0 8px;\">Tubes d&rsquo;un \u00e9t\u00e9, voix d&rsquo;exception : Lio, Sabine Paturel, Patricia Kaas et St\u00e9phanie de Monaco<\/h2>\n<p><strong>Lio<\/strong> ouvre la d\u00e9cennie en ic\u00f4ne pop. Belgo-portugaise (de son vrai nom Vanda Vasconcelos), elle cartonne d\u00e8s 17 ans avec \u00ab Le Banana Split \u00bb (1979), vendu \u00e0 plus de deux millions d&rsquo;exemplaires, puis \u00ab Amoureux solitaires \u00bb (1980), n\u00b01 en France et en Italie. Elle deviendra aussi actrice et figure de la t\u00e9l\u00e9vision.<\/p>\n<p><strong>Sabine Paturel<\/strong>, com\u00e9dienne rep\u00e9r\u00e9e au th\u00e9\u00e2tre, conna\u00eet un succ\u00e8s inattendu avec \u00ab Les B\u00eatises \u00bb (1985), qui passe 30 semaines au Top 50 et grimpe jusqu&rsquo;\u00e0 la 2e place. <strong>St\u00e9phanie de Monaco<\/strong>, elle, surprend tout le monde en 1986 avec \u00ab Ouragan \u00bb, enregistr\u00e9 en secret&nbsp;: le single reste n\u00b01 pr\u00e8s de trois mois et existe aussi en version anglaise, \u00ab Irresistible \u00bb.<\/p>\n<p>Enfin, <strong>Patricia Kaas<\/strong> referme la d\u00e9cennie en s&rsquo;imposant d&rsquo;un autre registre. \u00ab Mademoiselle chante le blues \u00bb (single de 1987, album de 1988) r\u00e9v\u00e8le une voix grave, un univers jazz-vari\u00e9t\u00e9 qui la distingue de la pop ambiante. Elle reste, des d\u00e9cennies plus tard, l&rsquo;une des artistes essentielles de la chanson fran\u00e7aise \u00e0 l&rsquo;international.<\/p>\n<h2 style=\"font-size:27px;font-weight:800;color:#1a1a1a;letter-spacing:-0.01em;margin:46px 0 8px;\">Tableau r\u00e9capitulatif : artiste, tube phare, ann\u00e9e<\/h2>\n<figure style=\"margin:32px 0;font-family:-apple-system,BlinkMacSystemFont,'Segoe UI',Roboto,sans-serif;\">\n<div style=\"overflow-x:auto;border:1px solid #e5e5e0;border-radius:8px;\">\n<table style=\"width:100%;border-collapse:collapse;font-size:14px;color:#2a2a2a;min-width:500px;\">\n<thead>\n<tr style=\"background:#B11E6A;color:#fff;\">\n<th style=\"text-align:left;padding:14px 18px;font-weight:700;font-size:12px;text-transform:uppercase;letter-spacing:1.5px;\">Artiste<\/th>\n<th style=\"text-align:left;padding:14px 18px;font-weight:700;font-size:12px;text-transform:uppercase;letter-spacing:1.5px;\">Tube phare des ann\u00e9es 80<\/th>\n<th style=\"text-align:center;padding:14px 18px;font-weight:700;font-size:12px;text-transform:uppercase;letter-spacing:1.5px;\">Ann\u00e9e<\/th>\n<\/tr>\n<\/thead>\n<tbody>\n<tr style=\"background:#fff;border-bottom:1px solid #f7e2ee;\">\n<td style=\"padding:14px 18px;font-weight:600;\">France Gall<\/td>\n<td style=\"padding:14px 18px;color:#4a4a4a;\">Ella, elle l&rsquo;a<\/td>\n<td style=\"padding:14px 18px;text-align:center;color:#6a6a6a;\">1987<\/td>\n<\/tr>\n<tr style=\"background:#fdf5f9;border-bottom:1px solid #f7e2ee;\">\n<td style=\"padding:14px 18px;font-weight:600;\">Myl\u00e8ne Farmer<\/td>\n<td style=\"padding:14px 18px;color:#4a4a4a;\">Libertine<\/td>\n<td style=\"padding:14px 18px;text-align:center;color:#6a6a6a;\">1986<\/td>\n<\/tr>\n<tr style=\"background:#fff;border-bottom:1px solid #f7e2ee;\">\n<td style=\"padding:14px 18px;font-weight:600;\">Jeanne Mas<\/td>\n<td style=\"padding:14px 18px;color:#4a4a4a;\">En rouge et noir<\/td>\n<td style=\"padding:14px 18px;text-align:center;color:#6a6a6a;\">1986<\/td>\n<\/tr>\n<tr style=\"background:#fdf5f9;border-bottom:1px solid #f7e2ee;\">\n<td style=\"padding:14px 18px;font-weight:600;\">Desireless<\/td>\n<td style=\"padding:14px 18px;color:#4a4a4a;\">Voyage, voyage<\/td>\n<td style=\"padding:14px 18px;text-align:center;color:#6a6a6a;\">1986<\/td>\n<\/tr>\n<tr style=\"background:#fff;border-bottom:1px solid #f7e2ee;\">\n<td style=\"padding:14px 18px;font-weight:600;\">Lio<\/td>\n<td style=\"padding:14px 18px;color:#4a4a4a;\">Le Banana Split<\/td>\n<td style=\"padding:14px 18px;text-align:center;color:#6a6a6a;\">1979<\/td>\n<\/tr>\n<tr style=\"background:#fdf5f9;border-bottom:1px solid #f7e2ee;\">\n<td style=\"padding:14px 18px;font-weight:600;\">Elsa Lunghini<\/td>\n<td style=\"padding:14px 18px;color:#4a4a4a;\">T&rsquo;en va pas<\/td>\n<td style=\"padding:14px 18px;text-align:center;color:#6a6a6a;\">1986<\/td>\n<\/tr>\n<tr style=\"background:#fff;border-bottom:1px solid #f7e2ee;\">\n<td style=\"padding:14px 18px;font-weight:600;\">Vanessa Paradis<\/td>\n<td style=\"padding:14px 18px;color:#4a4a4a;\">Joe le taxi<\/td>\n<td style=\"padding:14px 18px;text-align:center;color:#6a6a6a;\">1987<\/td>\n<\/tr>\n<tr style=\"background:#fdf5f9;border-bottom:1px solid #f7e2ee;\">\n<td style=\"padding:14px 18px;font-weight:600;\">Patricia Kaas<\/td>\n<td style=\"padding:14px 18px;color:#4a4a4a;\">Mademoiselle chante le blues<\/td>\n<td style=\"padding:14px 18px;text-align:center;color:#6a6a6a;\">1987<\/td>\n<\/tr>\n<tr style=\"background:#fff;border-bottom:1px solid #f7e2ee;\">\n<td style=\"padding:14px 18px;font-weight:600;\">Sabine Paturel<\/td>\n<td style=\"padding:14px 18px;color:#4a4a4a;\">Les B\u00eatises<\/td>\n<td style=\"padding:14px 18px;text-align:center;color:#6a6a6a;\">1985<\/td>\n<\/tr>\n<tr style=\"background:#fdf5f9;border-bottom:1px solid #f7e2ee;\">\n<td style=\"padding:14px 18px;font-weight:600;\">Catherine Lara<\/td>\n<td style=\"padding:14px 18px;color:#4a4a4a;\">Nuit magique<\/td>\n<td style=\"padding:14px 18px;text-align:center;color:#6a6a6a;\">1986<\/td>\n<\/tr>\n<tr style=\"background:#fff;border-bottom:1px solid #f7e2ee;\">\n<td style=\"padding:14px 18px;font-weight:600;\">St\u00e9phanie de Monaco<\/td>\n<td style=\"padding:14px 18px;color:#4a4a4a;\">Ouragan<\/td>\n<td style=\"padding:14px 18px;text-align:center;color:#6a6a6a;\">1986<\/td>\n<\/tr>\n<tr style=\"background:#fdf5f9;\">\n<td style=\"padding:14px 18px;font-weight:600;\">Sandra Kim<\/td>\n<td style=\"padding:14px 18px;color:#4a4a4a;\">J&rsquo;aime la vie<\/td>\n<td style=\"padding:14px 18px;text-align:center;color:#6a6a6a;\">1986<\/td>\n<\/tr>\n<\/tbody>\n<\/table><\/div><figcaption style=\"font-size:11px;color:#7a7a7a;margin-top:8px;text-align:right;letter-spacing:0.3px;\">Ann\u00e9es de sortie des singles \u2014 voir sources en fin d&rsquo;article.<\/figcaption><\/figure>\n<aside style=\"background:#fafaf7;border:1px solid #e5e5e0;border-radius:8px;padding:24px 26px 26px;margin:28px 0;font-family:-apple-system,BlinkMacSystemFont,'Segoe UI',Roboto,sans-serif;\">\n<div style=\"margin:0 0 18px 0;font-size:11px;font-weight:700;text-transform:uppercase;letter-spacing:2.2px;color:#B11E6A;\">\u00c0 retenir<\/div>\n<div style=\"display:grid;grid-template-columns:repeat(auto-fit,minmax(240px,1fr));gap:10px;\">\n<div style=\"display:flex;gap:12px;background:#fff;border:1px solid #ebebe5;padding:12px 14px;border-radius:6px;align-items:flex-start;\">\n      <span style=\"flex:0 0 26px;width:26px;height:26px;background:#B11E6A;color:#fff;border-radius:50%;display:inline-flex;align-items:center;justify-content:center;font-size:12px;font-weight:700;\">1<\/span><br \/>\n      <span style=\"font-size:14px;line-height:1.5;color:#2a2a2a;\">1986 est l&rsquo;ann\u00e9e charni\u00e8re : Farmer, Mas, Desireless, Elsa, Lara, St\u00e9phanie et Sandra Kim y sortent leur tube cl\u00e9.<\/span>\n    <\/div>\n<div style=\"display:flex;gap:12px;background:#fff;border:1px solid #ebebe5;padding:12px 14px;border-radius:6px;align-items:flex-start;\">\n      <span style=\"flex:0 0 26px;width:26px;height:26px;background:#B11E6A;color:#fff;border-radius:50%;display:inline-flex;align-items:center;justify-content:center;font-size:12px;font-weight:700;\">2<\/span><br \/>\n      <span style=\"font-size:14px;line-height:1.5;color:#2a2a2a;\">Plusieurs prodiges adolescents : Elsa, Vanessa Paradis et Sandra Kim n&rsquo;avaient que 13-14 ans.<\/span>\n    <\/div>\n<div style=\"display:flex;gap:12px;background:#fff;border:1px solid #ebebe5;padding:12px 14px;border-radius:6px;align-items:flex-start;\">\n      <span style=\"flex:0 0 26px;width:26px;height:26px;background:#B11E6A;color:#fff;border-radius:50%;display:inline-flex;align-items:center;justify-content:center;font-size:12px;font-weight:700;\">3<\/span><br \/>\n      <span style=\"font-size:14px;line-height:1.5;color:#2a2a2a;\">Myl\u00e8ne Farmer et Patricia Kaas ont transform\u00e9 leur succ\u00e8s 80 en carri\u00e8re majeure encore active.<\/span>\n    <\/div>\n<div style=\"display:flex;gap:12px;background:#fff;border:1px solid #ebebe5;padding:12px 14px;border-radius:6px;align-items:flex-start;\">\n      <span style=\"flex:0 0 26px;width:26px;height:26px;background:#B11E6A;color:#fff;border-radius:50%;display:inline-flex;align-items:center;justify-content:center;font-size:12px;font-weight:700;\">4<\/span><br \/>\n      <span style=\"font-size:14px;line-height:1.5;color:#2a2a2a;\">\u00ab Voyage, voyage \u00bb et \u00ab Joe le taxi \u00bb se sont export\u00e9s \u00e0 l&rsquo;international, en fran\u00e7ais.<\/span>\n    <\/div>\n<div style=\"display:flex;gap:12px;background:#fff;border:1px solid #ebebe5;padding:12px 14px;border-radius:6px;align-items:flex-start;\">\n      <span style=\"flex:0 0 26px;width:26px;height:26px;background:#B11E6A;color:#fff;border-radius:50%;display:inline-flex;align-items:center;justify-content:center;font-size:12px;font-weight:700;\">5<\/span><br \/>\n      <span style=\"font-size:14px;line-height:1.5;color:#2a2a2a;\">France Gall, disparue en 2018, reste la grande figure de continuit\u00e9 entre les ann\u00e9es 60 et 80.<\/span>\n    <\/div>\n<\/p><\/div>\n<\/aside>\n<section style=\"margin:32px 0;font-family:-apple-system,BlinkMacSystemFont,'Segoe UI',Roboto,sans-serif;\">\n<h2 style=\"margin:0 0 18px 0;font-size:24px;font-weight:800;color:#1a1a1a;letter-spacing:-0.01em;\">Questions fr\u00e9quentes<\/h2>\n<div style=\"border-top:1px solid #f0d6e4;\">\n<details style=\"border-bottom:1px solid #f0d6e4;padding:0;\">\n<summary style=\"cursor:pointer;padding:16px 0;font-size:17px;font-weight:700;color:#1a1a1a;list-style:none;display:flex;justify-content:space-between;align-items:center;gap:14px;\">\n        <span>Quelle est la chanteuse fran\u00e7aise la plus embl\u00e9matique des ann\u00e9es 80 ?<\/span><br \/>\n        <span style=\"font-size:22px;font-weight:300;color:#B11E6A;line-height:1;\">+<\/span><br \/>\n      <\/summary>\n<div style=\"padding:0 0 16px 0;font-size:15px;line-height:1.7;color:#4a4a4a;\">Aucune ne fait l&rsquo;unanimit\u00e9, mais Myl\u00e8ne Farmer s&rsquo;est impos\u00e9e dans la dur\u00e9e comme l&rsquo;artiste qui vend le plus de disques en France depuis plus de 30 ans. France Gall, par sa long\u00e9vit\u00e9, et Desireless, par l&rsquo;impact mondial de \u00ab Voyage, voyage \u00bb, sont aussi des r\u00e9f\u00e9rences incontournables de la d\u00e9cennie.<\/div>\n<\/details>\n<details style=\"border-bottom:1px solid #f0d6e4;padding:0;\">\n<summary style=\"cursor:pointer;padding:16px 0;font-size:17px;font-weight:700;color:#1a1a1a;list-style:none;display:flex;justify-content:space-between;align-items:center;gap:14px;\">\n        <span>Qui \u00e9tait la plus jeune chanteuse \u00e0 succ\u00e8s des ann\u00e9es 80 ?<\/span><br \/>\n        <span style=\"font-size:22px;font-weight:300;color:#B11E6A;line-height:1;\">+<\/span><br \/>\n      <\/summary>\n<div style=\"padding:0 0 16px 0;font-size:15px;line-height:1.7;color:#4a4a4a;\">Elsa Lunghini et Sandra Kim avaient toutes deux 13 ans en 1986. Elsa fut alors la plus jeune artiste n\u00b01 du Top 50 fran\u00e7ais avec \u00ab T&rsquo;en va pas \u00bb, tandis que Sandra Kim devenait, la m\u00eame ann\u00e9e, la plus jeune gagnante de l&rsquo;Eurovision avec \u00ab J&rsquo;aime la vie \u00bb.<\/div>\n<\/details>\n<details style=\"border-bottom:1px solid #f0d6e4;padding:0;\">\n<summary style=\"cursor:pointer;padding:16px 0;font-size:17px;font-weight:700;color:#1a1a1a;list-style:none;display:flex;justify-content:space-between;align-items:center;gap:14px;\">\n        <span>\u00ab Voyage, voyage \u00bb de Desireless est-il sorti en plusieurs langues ?<\/span><br \/>\n        <span style=\"font-size:22px;font-weight:300;color:#B11E6A;line-height:1;\">+<\/span><br \/>\n      <\/summary>\n<div style=\"padding:0 0 16px 0;font-size:15px;line-height:1.7;color:#4a4a4a;\">Non : la version qui a triomph\u00e9 dans toute l&rsquo;Europe et en Asie (n\u00b01 en Allemagne, Autriche, Belgique, Espagne, Gr\u00e8ce, etc.) est chant\u00e9e enti\u00e8rement en fran\u00e7ais. C&rsquo;est pr\u00e9cis\u00e9ment ce qui a rendu son succ\u00e8s international d&rsquo;autant plus remarquable.<\/div>\n<\/details>\n<details style=\"border-bottom:1px solid #f0d6e4;padding:0;\">\n<summary style=\"cursor:pointer;padding:16px 0;font-size:17px;font-weight:700;color:#1a1a1a;list-style:none;display:flex;justify-content:space-between;align-items:center;gap:14px;\">\n        <span>France Gall est-elle toujours en vie ?<\/span><br \/>\n        <span style=\"font-size:22px;font-weight:300;color:#B11E6A;line-height:1;\">+<\/span><br \/>\n      <\/summary>\n<div style=\"padding:0 0 16px 0;font-size:15px;line-height:1.7;color:#4a4a4a;\">Non. France Gall est d\u00e9c\u00e9d\u00e9e le 7 janvier 2018, \u00e0 l&rsquo;\u00e2ge de 70 ans, des suites d&rsquo;une infection. Elle laisse derri\u00e8re elle un r\u00e9pertoire majeur, notamment les chansons \u00e9crites par Michel Berger dans les ann\u00e9es 80.<\/div>\n<\/details>\n<details style=\"border-bottom:1px solid #f0d6e4;padding:0;\">\n<summary style=\"cursor:pointer;padding:16px 0;font-size:17px;font-weight:700;color:#1a1a1a;list-style:none;display:flex;justify-content:space-between;align-items:center;gap:14px;\">\n        <span>Quel lien entre les chanteuses des ann\u00e9es 80 et des ann\u00e9es 90 ?<\/span><br \/>\n        <span style=\"font-size:22px;font-weight:300;color:#B11E6A;line-height:1;\">+<\/span><br \/>\n      <\/summary>\n<div style=\"padding:0 0 16px 0;font-size:15px;line-height:1.7;color:#4a4a4a;\">Plusieurs artistes r\u00e9v\u00e9l\u00e9es dans les ann\u00e9es 80 ont prolong\u00e9 leur succ\u00e8s la d\u00e9cennie suivante : Myl\u00e8ne Farmer, Vanessa Paradis, Patricia Kaas ou Elsa ont continu\u00e9 \u00e0 dominer les charts dans les ann\u00e9es 90, faisant le pont entre les deux \u00e9poques de la pop fran\u00e7aise au f\u00e9minin.<\/div>\n<\/details><\/div>\n<\/section>\n<p>Des prodiges de 13 ans aux artistes install\u00e9es, des tubes d&rsquo;un seul \u00e9t\u00e9 aux carri\u00e8res devenues monuments, les chanteuses fran\u00e7aises des ann\u00e9es 80 ont fa\u00e7onn\u00e9 une bande-son que des g\u00e9n\u00e9rations enti\u00e8res fredonnent encore. Leur point commun&nbsp;: une chanson, une voix, un visage qui ont travers\u00e9 les d\u00e9cennies sans prendre une ride.<\/p>\n<p style=\"font-size:13px;color:#6a6a6a;margin-top:32px;\">Sources : Wikip\u00e9dia et donn\u00e9es publiques. Article mis \u00e0 jour r\u00e9guli\u00e8rement.<\/p>\n","protected":false},"excerpt":{"rendered":"","protected":false},"author":43,"featured_media":999999999,"comment_status":"open","ping_status":"open","sticky":false,"template":"","format":"standard","meta":{"_acf_changed":false,"manual_indexmenow":false,"indexmenow_id_project":0,"footnotes":""},"categories":[4522],"tags":[],"class_list":["post-8022","post","type-post","status-publish","format-standard","has-post-thumbnail","hentry","category-musique-et-icones-musicales","generate-columns","tablet-grid-50","mobile-grid-100","grid-parent","grid-25"],"acf":[],"yoast_head":"<!-- This site is optimized with the Yoast SEO Premium plugin v21.3 (Yoast SEO v26.5) - https:\/\/yoast.com\/wordpress\/plugins\/seo\/ -->\n<title>Les chanteuses fran\u00e7aises des ann\u00e9es 80<\/title>\n<meta name=\"description\" content=\"La d\u00e9cennie 1980 marque un tournant pour la chanson fran\u00e7aise au f\u00e9minin. L&#039;arriv\u00e9e du Top 50 en 1984, l&#039;explosion du clip vid\u00e9o et la d\u00e9ferlante\" \/>\n<meta name=\"robots\" content=\"index, follow, max-snippet:-1, max-image-preview:large, max-video-preview:-1\" \/>\n<link rel=\"canonical\" href=\"https:\/\/starstory.fr\/blog\/musique-et-icones-musicales\/les-chanteuses-francaises-des-annees-80-icones-et-tubes-inoubliables\/\" \/>\n<meta property=\"og:locale\" content=\"fr_FR\" \/>\n<meta property=\"og:type\" content=\"article\" \/>\n<meta property=\"og:title\" content=\"Les chanteuses fran\u00e7aises des ann\u00e9es 80\" \/>\n<meta property=\"og:description\" content=\"La d\u00e9cennie 1980 marque un tournant pour la chanson fran\u00e7aise au f\u00e9minin. L&#039;arriv\u00e9e du Top 50 en 1984, l&#039;explosion du clip vid\u00e9o et la d\u00e9ferlante\" \/>\n<meta property=\"og:url\" content=\"https:\/\/starstory.fr\/blog\/musique-et-icones-musicales\/les-chanteuses-francaises-des-annees-80-icones-et-tubes-inoubliables\/\" \/>\n<meta property=\"og:site_name\" content=\"starstory\" \/>\n<meta name=\"author\" content=\"Lucas Martin\" \/>\n<meta name=\"twitter:card\" content=\"summary_large_image\" \/>\n<script type=\"application\/ld+json\" class=\"yoast-schema-graph\">{\"@context\":\"https:\/\/schema.org\",\"@graph\":[{\"@type\":\"NewsArticle\",\"@id\":\"https:\/\/starstory.fr\/blog\/musique-et-icones-musicales\/les-chanteuses-francaises-des-annees-80-icones-et-tubes-inoubliables\/#article\",\"isPartOf\":{\"@id\":\"https:\/\/starstory.fr\/blog\/musique-et-icones-musicales\/les-chanteuses-francaises-des-annees-80-icones-et-tubes-inoubliables\/\"},\"author\":{\"name\":\"Lucas Martin\",\"@id\":\"https:\/\/starstory.fr\/blog\/#\/schema\/person\/7460f07f6b55c3d1c9b0d5788b27d15e\"},\"headline\":\"Les chanteuses fran\u00e7aises des ann\u00e9es 80 : ic\u00f4nes et tubes inoubliables\",\"datePublished\":\"2026-06-06T10:45:31+00:00\",\"mainEntityOfPage\":{\"@id\":\"https:\/\/starstory.fr\/blog\/musique-et-icones-musicales\/les-chanteuses-francaises-des-annees-80-icones-et-tubes-inoubliables\/\"},\"wordCount\":1932,\"commentCount\":0,\"publisher\":{\"@id\":\"https:\/\/starstory.fr\/blog\/#organization\"},\"image\":{\"@id\":\"https:\/\/starstory.fr\/blog\/musique-et-icones-musicales\/les-chanteuses-francaises-des-annees-80-icones-et-tubes-inoubliables\/#primaryimage\"},\"thumbnailUrl\":\"https:\/\/images.pexels.com\/photos\/9008830\/pexels-photo-9008830.jpeg?auto=compress&cs=tinysrgb&fit=crop&h=627&w=1200\",\"articleSection\":[\"Musique et Ic\u00f4nes Musicales\"],\"inLanguage\":\"fr-FR\",\"potentialAction\":[{\"@type\":\"CommentAction\",\"name\":\"Comment\",\"target\":[\"https:\/\/starstory.fr\/blog\/musique-et-icones-musicales\/les-chanteuses-francaises-des-annees-80-icones-et-tubes-inoubliables\/#respond\"]}]},{\"@type\":\"WebPage\",\"@id\":\"https:\/\/starstory.fr\/blog\/musique-et-icones-musicales\/les-chanteuses-francaises-des-annees-80-icones-et-tubes-inoubliables\/\",\"url\":\"https:\/\/starstory.fr\/blog\/musique-et-icones-musicales\/les-chanteuses-francaises-des-annees-80-icones-et-tubes-inoubliables\/\",\"name\":\"Les chanteuses fran\u00e7aises des ann\u00e9es 80\",\"isPartOf\":{\"@id\":\"https:\/\/starstory.fr\/blog\/#website\"},\"primaryImageOfPage\":{\"@id\":\"https:\/\/starstory.fr\/blog\/musique-et-icones-musicales\/les-chanteuses-francaises-des-annees-80-icones-et-tubes-inoubliables\/#primaryimage\"},\"image\":{\"@id\":\"https:\/\/starstory.fr\/blog\/musique-et-icones-musicales\/les-chanteuses-francaises-des-annees-80-icones-et-tubes-inoubliables\/#primaryimage\"},\"thumbnailUrl\":\"https:\/\/images.pexels.com\/photos\/9008830\/pexels-photo-9008830.jpeg?auto=compress&cs=tinysrgb&fit=crop&h=627&w=1200\",\"datePublished\":\"2026-06-06T10:45:31+00:00\",\"description\":\"La d\u00e9cennie 1980 marque un tournant pour la chanson fran\u00e7aise au f\u00e9minin. L'arriv\u00e9e du Top 50 en 1984, l'explosion du clip vid\u00e9o et la d\u00e9ferlante\",\"inLanguage\":\"fr-FR\",\"potentialAction\":[{\"@type\":\"ReadAction\",\"target\":[\"https:\/\/starstory.fr\/blog\/musique-et-icones-musicales\/les-chanteuses-francaises-des-annees-80-icones-et-tubes-inoubliables\/\"]}]},{\"@type\":\"ImageObject\",\"inLanguage\":\"fr-FR\",\"@id\":\"https:\/\/starstory.fr\/blog\/musique-et-icones-musicales\/les-chanteuses-francaises-des-annees-80-icones-et-tubes-inoubliables\/#primaryimage\",\"url\":\"https:\/\/images.pexels.com\/photos\/9008830\/pexels-photo-9008830.jpeg?auto=compress&cs=tinysrgb&fit=crop&h=627&w=1200\",\"contentUrl\":\"https:\/\/images.pexels.com\/photos\/9008830\/pexels-photo-9008830.jpeg?auto=compress&cs=tinysrgb&fit=crop&h=627&w=1200\"},{\"@type\":\"WebSite\",\"@id\":\"https:\/\/starstory.fr\/blog\/#website\",\"url\":\"https:\/\/starstory.fr\/blog\/\",\"name\":\"StarStory\",\"description\":\"StarStory, les \u00e9toiles racontent leur histoire\",\"publisher\":{\"@id\":\"https:\/\/starstory.fr\/blog\/#organization\"},\"alternateName\":\"StarStory, les \u00e9toiles racontent leur histoire\",\"potentialAction\":[{\"@type\":\"SearchAction\",\"target\":{\"@type\":\"EntryPoint\",\"urlTemplate\":\"https:\/\/starstory.fr\/blog\/?s={search_term_string}\"},\"query-input\":{\"@type\":\"PropertyValueSpecification\",\"valueRequired\":true,\"valueName\":\"search_term_string\"}}],\"inLanguage\":\"fr-FR\"},{\"@type\":\"Organization\",\"@id\":\"https:\/\/starstory.fr\/blog\/#organization\",\"name\":\"StarStory\",\"alternateName\":\"StarStory.fr\",\"url\":\"https:\/\/starstory.fr\/blog\/\",\"logo\":{\"@type\":\"ImageObject\",\"inLanguage\":\"fr-FR\",\"@id\":\"https:\/\/starstory.fr\/blog\/#\/schema\/logo\/image\/\",\"url\":\"https:\/\/starstory.fr\/blog\/wp-content\/uploads\/2024\/12\/38.png\",\"contentUrl\":\"https:\/\/starstory.fr\/blog\/wp-content\/uploads\/2024\/12\/38.png\",\"width\":500,\"height\":500,\"caption\":\"StarStory\"},\"image\":{\"@id\":\"https:\/\/starstory.fr\/blog\/#\/schema\/logo\/image\/\"}},{\"@type\":\"Person\",\"@id\":\"https:\/\/starstory.fr\/blog\/#\/schema\/person\/7460f07f6b55c3d1c9b0d5788b27d15e\",\"name\":\"Lucas Martin\",\"image\":{\"@type\":\"ImageObject\",\"inLanguage\":\"fr-FR\",\"@id\":\"https:\/\/starstory.fr\/blog\/#\/schema\/person\/image\/\",\"url\":\"https:\/\/secure.gravatar.com\/avatar\/?s=96&d=mm&r=g\",\"contentUrl\":\"https:\/\/secure.gravatar.com\/avatar\/?s=96&d=mm&r=g\",\"caption\":\"Lucas Martin\"},\"description\":\"Lucas dresse le portrait des stars sportives qui ont marqu\u00e9 les diff\u00e9rentes \u00e9poques.\",\"url\":\"https:\/\/starstory.fr\/blog\/auteur\/lucas-martin\/\",\"jobTitle\":\"Contributeur high-tech\",\"email\":\"lucas.martin@lemacenligne.com\"}]}<\/script>\n<!-- \/ Yoast SEO Premium plugin. -->","yoast_head_json":{"title":"Les chanteuses fran\u00e7aises des ann\u00e9es 80","description":"La d\u00e9cennie 1980 marque un tournant pour la chanson fran\u00e7aise au f\u00e9minin. L'arriv\u00e9e du Top 50 en 1984, l'explosion du clip vid\u00e9o et la d\u00e9ferlante","robots":{"index":"index","follow":"follow","max-snippet":"max-snippet:-1","max-image-preview":"max-image-preview:large","max-video-preview":"max-video-preview:-1"},"canonical":"https:\/\/starstory.fr\/blog\/musique-et-icones-musicales\/les-chanteuses-francaises-des-annees-80-icones-et-tubes-inoubliables\/","og_locale":"fr_FR","og_type":"article","og_title":"Les chanteuses fran\u00e7aises des ann\u00e9es 80","og_description":"La d\u00e9cennie 1980 marque un tournant pour la chanson fran\u00e7aise au f\u00e9minin. L'arriv\u00e9e du Top 50 en 1984, l'explosion du clip vid\u00e9o et la d\u00e9ferlante","og_url":"https:\/\/starstory.fr\/blog\/musique-et-icones-musicales\/les-chanteuses-francaises-des-annees-80-icones-et-tubes-inoubliables\/","og_site_name":"starstory","author":"Lucas Martin","twitter_card":"summary_large_image","schema":{"@context":"https:\/\/schema.org","@graph":[{"@type":"NewsArticle","@id":"https:\/\/starstory.fr\/blog\/musique-et-icones-musicales\/les-chanteuses-francaises-des-annees-80-icones-et-tubes-inoubliables\/#article","isPartOf":{"@id":"https:\/\/starstory.fr\/blog\/musique-et-icones-musicales\/les-chanteuses-francaises-des-annees-80-icones-et-tubes-inoubliables\/"},"author":{"name":"Lucas Martin","@id":"https:\/\/starstory.fr\/blog\/#\/schema\/person\/7460f07f6b55c3d1c9b0d5788b27d15e"},"headline":"Les chanteuses fran\u00e7aises des ann\u00e9es 80 : ic\u00f4nes et tubes inoubliables","datePublished":"2026-06-06T10:45:31+00:00","mainEntityOfPage":{"@id":"https:\/\/starstory.fr\/blog\/musique-et-icones-musicales\/les-chanteuses-francaises-des-annees-80-icones-et-tubes-inoubliables\/"},"wordCount":1932,"commentCount":0,"publisher":{"@id":"https:\/\/starstory.fr\/blog\/#organization"},"image":{"@id":"https:\/\/starstory.fr\/blog\/musique-et-icones-musicales\/les-chanteuses-francaises-des-annees-80-icones-et-tubes-inoubliables\/#primaryimage"},"thumbnailUrl":"https:\/\/images.pexels.com\/photos\/9008830\/pexels-photo-9008830.jpeg?auto=compress&cs=tinysrgb&fit=crop&h=627&w=1200","articleSection":["Musique et Ic\u00f4nes Musicales"],"inLanguage":"fr-FR","potentialAction":[{"@type":"CommentAction","name":"Comment","target":["https:\/\/starstory.fr\/blog\/musique-et-icones-musicales\/les-chanteuses-francaises-des-annees-80-icones-et-tubes-inoubliables\/#respond"]}]},{"@type":"WebPage","@id":"https:\/\/starstory.fr\/blog\/musique-et-icones-musicales\/les-chanteuses-francaises-des-annees-80-icones-et-tubes-inoubliables\/","url":"https:\/\/starstory.fr\/blog\/musique-et-icones-musicales\/les-chanteuses-francaises-des-annees-80-icones-et-tubes-inoubliables\/","name":"Les chanteuses fran\u00e7aises des ann\u00e9es 80","isPartOf":{"@id":"https:\/\/starstory.fr\/blog\/#website"},"primaryImageOfPage":{"@id":"https:\/\/starstory.fr\/blog\/musique-et-icones-musicales\/les-chanteuses-francaises-des-annees-80-icones-et-tubes-inoubliables\/#primaryimage"},"image":{"@id":"https:\/\/starstory.fr\/blog\/musique-et-icones-musicales\/les-chanteuses-francaises-des-annees-80-icones-et-tubes-inoubliables\/#primaryimage"},"thumbnailUrl":"https:\/\/images.pexels.com\/photos\/9008830\/pexels-photo-9008830.jpeg?auto=compress&cs=tinysrgb&fit=crop&h=627&w=1200","datePublished":"2026-06-06T10:45:31+00:00","description":"La d\u00e9cennie 1980 marque un tournant pour la chanson fran\u00e7aise au f\u00e9minin. L'arriv\u00e9e du Top 50 en 1984, l'explosion du clip vid\u00e9o et la d\u00e9ferlante","inLanguage":"fr-FR","potentialAction":[{"@type":"ReadAction","target":["https:\/\/starstory.fr\/blog\/musique-et-icones-musicales\/les-chanteuses-francaises-des-annees-80-icones-et-tubes-inoubliables\/"]}]},{"@type":"ImageObject","inLanguage":"fr-FR","@id":"https:\/\/starstory.fr\/blog\/musique-et-icones-musicales\/les-chanteuses-francaises-des-annees-80-icones-et-tubes-inoubliables\/#primaryimage","url":"https:\/\/images.pexels.com\/photos\/9008830\/pexels-photo-9008830.jpeg?auto=compress&cs=tinysrgb&fit=crop&h=627&w=1200","contentUrl":"https:\/\/images.pexels.com\/photos\/9008830\/pexels-photo-9008830.jpeg?auto=compress&cs=tinysrgb&fit=crop&h=627&w=1200"},{"@type":"WebSite","@id":"https:\/\/starstory.fr\/blog\/#website","url":"https:\/\/starstory.fr\/blog\/","name":"StarStory","description":"StarStory, les \u00e9toiles racontent leur histoire","publisher":{"@id":"https:\/\/starstory.fr\/blog\/#organization"},"alternateName":"StarStory, les \u00e9toiles racontent leur histoire","potentialAction":[{"@type":"SearchAction","target":{"@type":"EntryPoint","urlTemplate":"https:\/\/starstory.fr\/blog\/?s={search_term_string}"},"query-input":{"@type":"PropertyValueSpecification","valueRequired":true,"valueName":"search_term_string"}}],"inLanguage":"fr-FR"},{"@type":"Organization","@id":"https:\/\/starstory.fr\/blog\/#organization","name":"StarStory","alternateName":"StarStory.fr","url":"https:\/\/starstory.fr\/blog\/","logo":{"@type":"ImageObject","inLanguage":"fr-FR","@id":"https:\/\/starstory.fr\/blog\/#\/schema\/logo\/image\/","url":"https:\/\/starstory.fr\/blog\/wp-content\/uploads\/2024\/12\/38.png","contentUrl":"https:\/\/starstory.fr\/blog\/wp-content\/uploads\/2024\/12\/38.png","width":500,"height":500,"caption":"StarStory"},"image":{"@id":"https:\/\/starstory.fr\/blog\/#\/schema\/logo\/image\/"}},{"@type":"Person","@id":"https:\/\/starstory.fr\/blog\/#\/schema\/person\/7460f07f6b55c3d1c9b0d5788b27d15e","name":"Lucas Martin","image":{"@type":"ImageObject","inLanguage":"fr-FR","@id":"https:\/\/starstory.fr\/blog\/#\/schema\/person\/image\/","url":"https:\/\/secure.gravatar.com\/avatar\/?s=96&d=mm&r=g","contentUrl":"https:\/\/secure.gravatar.com\/avatar\/?s=96&d=mm&r=g","caption":"Lucas Martin"},"description":"Lucas dresse le portrait des stars sportives qui ont marqu\u00e9 les diff\u00e9rentes \u00e9poques.","url":"https:\/\/starstory.fr\/blog\/auteur\/lucas-martin\/","jobTitle":"Contributeur high-tech","email":"lucas.martin@lemacenligne.com"}]}},"_links":{"self":[{"href":"https:\/\/starstory.fr\/blog\/wp-json\/wp\/v2\/posts\/8022","targetHints":{"allow":["GET"]}}],"collection":[{"href":"https:\/\/starstory.fr\/blog\/wp-json\/wp\/v2\/posts"}],"about":[{"href":"https:\/\/starstory.fr\/blog\/wp-json\/wp\/v2\/types\/post"}],"author":[{"embeddable":true,"href":"https:\/\/starstory.fr\/blog\/wp-json\/wp\/v2\/users\/43"}],"replies":[{"embeddable":true,"href":"https:\/\/starstory.fr\/blog\/wp-json\/wp\/v2\/comments?post=8022"}],"version-history":[{"count":0,"href":"https:\/\/starstory.fr\/blog\/wp-json\/wp\/v2\/posts\/8022\/revisions"}],"wp:attachment":[{"href":"https:\/\/starstory.fr\/blog\/wp-json\/wp\/v2\/media?parent=8022"}],"wp:term":[{"taxonomy":"category","embeddable":true,"href":"https:\/\/starstory.fr\/blog\/wp-json\/wp\/v2\/categories?post=8022"},{"taxonomy":"post_tag","embeddable":true,"href":"https:\/\/starstory.fr\/blog\/wp-json\/wp\/v2\/tags?post=8022"}],"curies":[{"name":"wp","href":"https:\/\/api.w.org\/{rel}","templated":true}]}}