{"id":8019,"date":"2026-06-06T12:43:39","date_gmt":"2026-06-06T10:43:39","guid":{"rendered":"https:\/\/starstory.fr\/blog\/cinema-et-television\/pedro-pascal-taille-age-origines-couple-et-fortune-la-fiche-complete\/"},"modified":"2026-06-06T12:43:39","modified_gmt":"2026-06-06T10:43:39","slug":"pedro-pascal-taille-age-origines-couple-et-fortune-la-fiche-complete","status":"publish","type":"post","link":"https:\/\/starstory.fr\/blog\/cinema-et-television\/pedro-pascal-taille-age-origines-couple-et-fortune-la-fiche-complete\/","title":{"rendered":"Pedro Pascal : taille, \u00e2ge, origines, couple et fortune \u2014 la fiche compl\u00e8te"},"content":{"rendered":"<aside style=\"background:#FBEAF2;border-left:5px solid #B11E6A;padding:22px 28px;margin:24px 0;font-family:-apple-system,BlinkMacSystemFont,'Segoe UI',Roboto,sans-serif;\">\n<div style=\"margin:0;font-size:19px;line-height:1.55;color:#2a2a2a;font-weight:500;letter-spacing:-0.005em;\">\n    N\u00e9 \u00e0 Santiago du Chili le 2 avril 1975, <strong>Pedro Pascal<\/strong> mesure environ <strong>1,79 m<\/strong> et a 51 ans. Acteur chilien-am\u00e9ricain r\u00e9v\u00e9l\u00e9 sur le tard, il est devenu en une d\u00e9cennie l&rsquo;un des visages les plus aim\u00e9s d&rsquo;Hollywood : Oberyn dans <em>Game of Thrones<\/em>, le chasseur de primes de <em>The Mandalorian<\/em>, Joel dans <em>The Last of Us<\/em>, puis Mister Fantastic chez Marvel. Voici sa fiche compl\u00e8te, v\u00e9rifi\u00e9e.\n  <\/div>\n<\/aside>\n<p>Difficile d&rsquo;imaginer aujourd&rsquo;hui qu&rsquo;avant 2014, Pedro Pascal encha\u00eenait les petits r\u00f4les et les castings sans lendemain. Pourtant, c&rsquo;est bien apr\u00e8s quarante ans que l&rsquo;acteur a connu la cons\u00e9cration, devenant l&rsquo;une des figures les plus rassurantes et populaires du cin\u00e9ma et de la t\u00e9l\u00e9vision contemporains. Son parcours, marqu\u00e9 par l&rsquo;exil familial et une longue patience, est aussi singulier que sa filmographie est d\u00e9sormais impressionnante.<\/p>\n<p>Dans cette fiche, on fait le point sur l&rsquo;essentiel : son \u00e2ge, sa taille, ses origines chiliennes, sa carri\u00e8re, sa vie priv\u00e9e tenue \u00e0 distance des projecteurs et sa fortune estim\u00e9e. Toutes les donn\u00e9es factuelles s&rsquo;appuient sur les sources publiques disponibles.<\/p>\n<figure style=\"margin:32px 0;font-family:-apple-system,BlinkMacSystemFont,'Segoe UI',Roboto,sans-serif;\">\n<div style=\"overflow-x:auto;border:1px solid #e5e5e0;border-radius:8px;\">\n<table style=\"width:100%;border-collapse:collapse;font-size:14px;color:#2a2a2a;min-width:500px;\">\n<thead>\n<tr style=\"background:#1a1a1a;color:#fff;\">\n<th style=\"text-align:left;padding:14px 18px;font-weight:700;font-size:12px;text-transform:uppercase;letter-spacing:1.5px;\">Carte d&rsquo;identit\u00e9<\/th>\n<th style=\"text-align:left;padding:14px 18px;font-weight:700;font-size:12px;text-transform:uppercase;letter-spacing:1.5px;\">D\u00e9tail<\/th>\n<\/tr>\n<\/thead>\n<tbody>\n<tr style=\"background:#fff;border-bottom:1px solid #f0ede5;\">\n<td style=\"padding:14px 18px;font-weight:600;\">Nom complet<\/td>\n<td style=\"padding:14px 18px;color:#4a4a4a;\">Jos\u00e9 Pedro Balmaceda Pascal<\/td>\n<\/tr>\n<tr style=\"background:#fafaf7;border-bottom:1px solid #f0ede5;\">\n<td style=\"padding:14px 18px;font-weight:600;\">Naissance<\/td>\n<td style=\"padding:14px 18px;color:#4a4a4a;\">2 avril 1975, Santiago (Chili)<\/td>\n<\/tr>\n<tr style=\"background:#fff;border-bottom:1px solid #f0ede5;\">\n<td style=\"padding:14px 18px;font-weight:600;\">\u00c2ge<\/td>\n<td style=\"padding:14px 18px;color:#4a4a4a;\">51 ans<\/td>\n<\/tr>\n<tr style=\"background:#fafaf7;border-bottom:1px solid #f0ede5;\">\n<td style=\"padding:14px 18px;font-weight:600;\">Taille<\/td>\n<td style=\"padding:14px 18px;color:#4a4a4a;\">Environ 1,79 m<\/td>\n<\/tr>\n<tr style=\"background:#fff;border-bottom:1px solid #f0ede5;\">\n<td style=\"padding:14px 18px;font-weight:600;\">Nationalit\u00e9<\/td>\n<td style=\"padding:14px 18px;color:#4a4a4a;\">Chilienne et am\u00e9ricaine<\/td>\n<\/tr>\n<tr style=\"background:#fafaf7;border-bottom:1px solid #f0ede5;\">\n<td style=\"padding:14px 18px;font-weight:600;\">Origines<\/td>\n<td style=\"padding:14px 18px;color:#4a4a4a;\">Chiliennes (famille exil\u00e9e apr\u00e8s le coup d&rsquo;\u00c9tat de 1973)<\/td>\n<\/tr>\n<tr style=\"background:#fff;\">\n<td style=\"padding:14px 18px;font-weight:600;\">Profession<\/td>\n<td style=\"padding:14px 18px;color:#4a4a4a;\">Acteur<\/td>\n<\/tr>\n<\/tbody>\n<\/table><\/div>\n<\/figure>\n<h2>Biographie et origines : un enfant de l&rsquo;exil chilien<\/h2>\n<p>Jos\u00e9 Pedro Balmaceda Pascal voit le jour le 2 avril 1975 \u00e0 Santiago, capitale du Chili. Sa naissance survient dans un pays en plein bouleversement politique : depuis le coup d&rsquo;\u00c9tat de septembre 1973 qui a renvers\u00e9 Salvador Allende, le r\u00e9gime militaire d&rsquo;Augusto Pinochet r\u00e9prime durement l&rsquo;opposition. La famille Pascal-Balmaceda y est directement expos\u00e9e.<\/p>\n<p>Sa m\u00e8re, Ver\u00f3nica Pascal Ureta, psychologue pour enfants, \u00e9tait apparent\u00e9e \u00e0 Andr\u00e9s Pascal Allende, neveu de Salvador Allende et figure du mouvement r\u00e9volutionnaire de l&rsquo;\u00e9poque. Son p\u00e8re, Jos\u00e9 Balmaceda Riera, \u00e9tait m\u00e9decin sp\u00e9cialiste de la fertilit\u00e9. Engag\u00e9s et menac\u00e9s, les parents de Pedro doivent fuir le pays alors que l&rsquo;acteur n&rsquo;a que neuf mois. La famille se r\u00e9fugie d&rsquo;abord pendant plusieurs mois \u00e0 l&rsquo;ambassade du Venezuela, avant d&rsquo;obtenir l&rsquo;asile politique au Danemark.<\/p>\n<p>C&rsquo;est finalement aux \u00c9tats-Unis que la famille pose ses valises. Pedro grandit d&rsquo;abord \u00e0 San Antonio, au Texas, puis d\u00e9m\u00e9nage \u00e0 l&rsquo;\u00e2ge de onze ans en Californie, dans le comt\u00e9 d&rsquo;Orange. Cette double culture \u2014 racines chiliennes et \u00e9ducation am\u00e9ricaine \u2014 fa\u00e7onne durablement l&rsquo;acteur, qui revendique fi\u00e8rement ses origines latino-am\u00e9ricaines tout au long de sa carri\u00e8re. Il adopte le nom de sc\u00e8ne \u00ab Pedro Pascal \u00bb, reprenant le patronyme maternel.<\/p>\n<aside style=\"background:#FBEAF2;border-left:4px solid #B11E6A;padding:14px 18px;margin:18px 0;border-radius:0 4px 4px 0;font-family:-apple-system,BlinkMacSystemFont,'Segoe UI',Roboto,sans-serif;\">\n  <strong style=\"display:inline-block;color:#7a1145;font-size:12px;text-transform:uppercase;letter-spacing:1.5px;margin-right:8px;\">&#10022; Bon \u00e0 savoir<\/strong><br \/>\n  <span style=\"font-size:14.5px;line-height:1.55;color:#3a3a3a;\">Pedro Pascal a perdu sa m\u00e8re, Ver\u00f3nica, d\u00e9c\u00e9d\u00e9e en 2000. Il a souvent \u00e9voqu\u00e9 publiquement combien elle l&rsquo;avait soutenu dans son d\u00e9sir de devenir acteur.<\/span><br \/>\n<\/aside>\n<h2>Carri\u00e8re : les r\u00f4les cl\u00e9s d&rsquo;une ascension tardive<\/h2>\n<p>Form\u00e9 \u00e0 la prestigieuse Tisch School of the Arts de l&rsquo;universit\u00e9 de New York, Pedro Pascal d\u00e9bute par de longues ann\u00e9es de petits r\u00f4les \u00e0 la t\u00e9l\u00e9vision am\u00e9ricaine et au th\u00e9\u00e2tre. Apparitions dans <em>Buffy contre les vampires<\/em>, <em>The Good Wife<\/em>, <em>Graceland<\/em> ou encore <em>Les Experts<\/em> : pendant pr\u00e8s de deux d\u00e9cennies, il reste un acteur de second plan, multipliant les cachets modestes.<\/p>\n<p>Le tournant arrive en 2014 avec <strong>Game of Thrones<\/strong>. Dans la quatri\u00e8me saison, il incarne Oberyn Martell, le \u00ab Vip\u00e8re Rouge \u00bb de Dorne, un prince charismatique et vengeur. Son duel judiciaire contre la Montagne devient l&rsquo;une des s\u00e9quences les plus marquantes de la s\u00e9rie \u2014 et propulse l&rsquo;acteur sur le devant de la sc\u00e8ne internationale.<\/p>\n<p>La cons\u00e9cration se confirme avec <strong>Narcos<\/strong> (2015-2017), o\u00f9 il joue l&rsquo;agent de la DEA Javier Pe\u00f1a face au cartel de Pablo Escobar. Puis vient le r\u00f4le qui change tout : en 2019, il devient Din Djarin, le h\u00e9ros masqu\u00e9 de <strong>The Mandalorian<\/strong>, premi\u00e8re s\u00e9rie en prises de vues r\u00e9elles de l&rsquo;univers <em>Star Wars<\/em> sur Disney+. Le personnage et son compagnon Grogu (\u00ab Baby Yoda \u00bb) deviennent un ph\u00e9nom\u00e8ne culturel mondial.<\/p>\n<p>En 2023, Pedro Pascal touche un public encore plus large avec <strong>The Last of Us<\/strong>, l&rsquo;adaptation HBO du jeu vid\u00e9o culte, dans laquelle il incarne Joel, un survivant bourru charg\u00e9 de prot\u00e9ger une adolescente dans une Am\u00e9rique post-apocalyptique. La performance lui vaut une reconnaissance critique majeure. Il encha\u00eene ensuite les superproductions : un r\u00f4le dans <strong>Gladiator II<\/strong> de Ridley Scott (2024), puis celui de Reed Richards \/ Mister Fantastic dans <strong>The Fantastic Four: First Steps<\/strong> (2025), son entr\u00e9e officielle dans l&rsquo;univers Marvel.<\/p>\n<figure style=\"margin:32px 0;font-family:-apple-system,BlinkMacSystemFont,'Segoe UI',Roboto,sans-serif;\">\n<div style=\"overflow-x:auto;border:1px solid #e5e5e0;border-radius:8px;\">\n<table style=\"width:100%;border-collapse:collapse;font-size:14px;color:#2a2a2a;min-width:500px;\">\n<thead>\n<tr style=\"background:#1a1a1a;color:#fff;\">\n<th style=\"text-align:left;padding:14px 18px;font-weight:700;font-size:12px;text-transform:uppercase;letter-spacing:1.5px;\">Ann\u00e9e<\/th>\n<th style=\"text-align:left;padding:14px 18px;font-weight:700;font-size:12px;text-transform:uppercase;letter-spacing:1.5px;\">Production<\/th>\n<th style=\"text-align:left;padding:14px 18px;font-weight:700;font-size:12px;text-transform:uppercase;letter-spacing:1.5px;\">R\u00f4le<\/th>\n<\/tr>\n<\/thead>\n<tbody>\n<tr style=\"background:#fff;border-bottom:1px solid #f0ede5;\">\n<td style=\"padding:14px 18px;font-weight:600;\">2014<\/td>\n<td style=\"padding:14px 18px;color:#4a4a4a;\">Game of Thrones<\/td>\n<td style=\"padding:14px 18px;color:#6a6a6a;\">Oberyn Martell<\/td>\n<\/tr>\n<tr style=\"background:#fafaf7;border-bottom:1px solid #f0ede5;\">\n<td style=\"padding:14px 18px;font-weight:600;\">2015-2017<\/td>\n<td style=\"padding:14px 18px;color:#4a4a4a;\">Narcos<\/td>\n<td style=\"padding:14px 18px;color:#6a6a6a;\">Javier Pe\u00f1a<\/td>\n<\/tr>\n<tr style=\"background:#fff;border-bottom:1px solid #f0ede5;\">\n<td style=\"padding:14px 18px;font-weight:600;\">2019-2023<\/td>\n<td style=\"padding:14px 18px;color:#4a4a4a;\">The Mandalorian<\/td>\n<td style=\"padding:14px 18px;color:#6a6a6a;\">Din Djarin<\/td>\n<\/tr>\n<tr style=\"background:#fafaf7;border-bottom:1px solid #f0ede5;\">\n<td style=\"padding:14px 18px;font-weight:600;\">2023-<\/td>\n<td style=\"padding:14px 18px;color:#4a4a4a;\">The Last of Us<\/td>\n<td style=\"padding:14px 18px;color:#6a6a6a;\">Joel Miller<\/td>\n<\/tr>\n<tr style=\"background:#fff;border-bottom:1px solid #f0ede5;\">\n<td style=\"padding:14px 18px;font-weight:600;\">2024<\/td>\n<td style=\"padding:14px 18px;color:#4a4a4a;\">Gladiator II<\/td>\n<td style=\"padding:14px 18px;color:#6a6a6a;\">Marcus Acacius<\/td>\n<\/tr>\n<tr style=\"background:#fafaf7;\">\n<td style=\"padding:14px 18px;font-weight:600;\">2025<\/td>\n<td style=\"padding:14px 18px;color:#4a4a4a;\">The Fantastic Four: First Steps<\/td>\n<td style=\"padding:14px 18px;color:#6a6a6a;\">Reed Richards \/ Mister Fantastic<\/td>\n<\/tr>\n<\/tbody>\n<\/table><\/div>\n<\/figure>\n<h2>Taille et physique<\/h2>\n<p>Pedro Pascal mesure environ <strong>1,79 m<\/strong> (soit 5 pieds 10,5 pouces selon les bases de donn\u00e9es sp\u00e9cialis\u00e9es). Une stature dans la moyenne haute, loin des silhouettes tr\u00e8s \u00e9lanc\u00e9es de certains acteurs d&rsquo;action, mais qui sert sa polyvalence : il passe avec aisance du chasseur de primes masqu\u00e9 au p\u00e8re de famille apocalyptique, du prince de Dorne au scientifique de Marvel.<\/p>\n<p>Son allure se distingue surtout par une moustache devenue signature, un sourire chaleureux et une pr\u00e9sence \u00e0 l&rsquo;\u00e9cran que public comme critiques d\u00e9crivent volontiers comme rassurante et magn\u00e9tique. \u00c0 plus de cinquante ans, l&rsquo;acteur cultive une image d&rsquo;\u00ab internet&rsquo;s daddy \u00bb, surnom affectueux que lui ont attribu\u00e9 ses fans.<\/p>\n<figure style=\"margin:32px 0;padding:0;font-family:-apple-system,BlinkMacSystemFont,'Segoe UI',Roboto,sans-serif;\">\n<div style=\"display:grid;grid-template-columns:repeat(auto-fit,minmax(140px,1fr));background:#1a1a1a;border-radius:6px;overflow:hidden;\">\n<div style=\"padding:22px 16px;text-align:center;border-right:1px solid #2f2f2f;\">\n<div style=\"font-size:36px;font-weight:900;color:#fff;letter-spacing:-0.04em;line-height:1;\">1975<\/div>\n<div style=\"font-size:11px;text-transform:uppercase;letter-spacing:1.5px;color:#9a9a9a;margin-top:8px;\">ann\u00e9e de naissance<\/div>\n<\/p><\/div>\n<div style=\"padding:22px 16px;text-align:center;border-right:1px solid #2f2f2f;\">\n<div style=\"font-size:36px;font-weight:900;color:#fff;letter-spacing:-0.04em;line-height:1;\">~1,79 m<\/div>\n<div style=\"font-size:11px;text-transform:uppercase;letter-spacing:1.5px;color:#9a9a9a;margin-top:8px;\">taille<\/div>\n<\/p><\/div>\n<div style=\"padding:22px 16px;text-align:center;\">\n<div style=\"font-size:36px;font-weight:900;color:#B11E6A;letter-spacing:-0.04em;line-height:1;\">2014<\/div>\n<div style=\"font-size:11px;text-transform:uppercase;letter-spacing:1.5px;color:#9a9a9a;margin-top:8px;\">r\u00e9v\u00e9lation (Game of Thrones)<\/div>\n<\/p><\/div>\n<\/p><\/div><figcaption style=\"font-size:11px;color:#7a7a7a;margin-top:8px;text-align:right;letter-spacing:0.3px;\">Taille indicative \u2014 voir sources en fin d&rsquo;article.<\/figcaption><\/figure>\n<h2>Vie priv\u00e9e : la discr\u00e9tion comme r\u00e8gle<\/h2>\n<p>S&rsquo;il est devenu une star plan\u00e9taire, Pedro Pascal n&rsquo;en demeure pas moins extr\u00eamement discret sur sa vie sentimentale. L&rsquo;acteur n&rsquo;a publiquement confirm\u00e9 aucune relation amoureuse et pr\u00e9f\u00e8re garder ce pan de son existence \u00e0 l&rsquo;\u00e9cart des m\u00e9dias, expliquant que les relations personnelles rel\u00e8vent pour lui d&rsquo;une intimit\u00e9 complexe qu&rsquo;il ne souhaite pas exposer.<\/p>\n<p>En revanche, il met volontiers en avant ses liens familiaux, particuli\u00e8rement forts. Il est le deuxi\u00e8me d&rsquo;une fratrie de quatre : sa s\u0153ur a\u00een\u00e9e <strong>Javiera Balmaceda<\/strong> est productrice, son fr\u00e8re <strong>Nicol\u00e1s<\/strong> est m\u00e9decin, et sa s\u0153ur cadette <strong>Lux Pascal<\/strong> est actrice. Lux, qui a fait son coming out en tant que femme transgenre en 2021, a partag\u00e9 l&rsquo;affiche de la troisi\u00e8me saison de <em>Narcos<\/em> avec son fr\u00e8re. Pedro Pascal s&rsquo;est publiquement affich\u00e9 en soutien de sa s\u0153ur et est devenu, au fil des ann\u00e9es, une voix engag\u00e9e en faveur des droits des personnes LGBTQ+.<\/p>\n<aside style=\"background:#FBEAF2;border-left:4px solid #B11E6A;padding:14px 18px;margin:18px 0;border-radius:0 4px 4px 0;font-family:-apple-system,BlinkMacSystemFont,'Segoe UI',Roboto,sans-serif;\">\n  <strong style=\"display:inline-block;color:#7a1145;font-size:12px;text-transform:uppercase;letter-spacing:1.5px;margin-right:8px;\">&#10022; \u00c0 noter<\/strong><br \/>\n  <span style=\"font-size:14.5px;line-height:1.55;color:#3a3a3a;\">Pedro et sa s\u0153ur Lux ont jou\u00e9 ensemble dans <em>Narcos<\/em> : un moment fort de leur parcours, deux ans avant le coming out public de Lux.<\/span><br \/>\n<\/aside>\n<h2>Fortune estim\u00e9e<\/h2>\n<p>Longtemps acteur aux cachets modestes, Pedro Pascal a vu sa situation financi\u00e8re se transformer radicalement avec ses succ\u00e8s r\u00e9cents. Sa fortune est aujourd&rsquo;hui <strong>estim\u00e9e \u00e0 environ 22 millions de dollars<\/strong> selon le site sp\u00e9cialis\u00e9 Celebrity Net Worth \u2014 un chiffre indicatif qui a plus que doubl\u00e9 en l&rsquo;espace d&rsquo;un an, signe de son explosion commerciale.<\/p>\n<p>Cette progression s&rsquo;explique par des r\u00f4les tr\u00e8s bien r\u00e9mun\u00e9r\u00e9s : ses prestations dans <em>The Mandalorian<\/em> et <em>The Last of Us<\/em>, des cachets cons\u00e9quents pour <em>Gladiator II<\/em> et, surtout, son arriv\u00e9e dans la franchise Marvel avec <em>The Fantastic Four: First Steps<\/em>. Comme toujours pour les c\u00e9l\u00e9brit\u00e9s, ces montants restent des estimations issues de sources externes et non de d\u00e9clarations officielles de l&rsquo;acteur.<\/p>\n<div style=\"display:grid;grid-template-columns:repeat(auto-fit,minmax(220px,1fr));gap:14px;margin:28px 0;font-family:-apple-system,BlinkMacSystemFont,'Segoe UI',Roboto,sans-serif;\">\n<article style=\"background:#fff;border:1px solid #e5e5e0;border-top:3px solid #B11E6A;border-radius:6px;padding:18px 18px 16px;\">\n<div style=\"width:36px;height:36px;background:#FBEAF2;border-radius:50%;display:inline-flex;align-items:center;justify-content:center;margin-bottom:12px;\">\n      <span style=\"font-size:18px;color:#B11E6A;font-weight:900;font-family:Georgia,serif;\">01<\/span>\n    <\/div>\n<h3 style=\"margin:0 0 6px 0;font-size:16px;font-weight:700;color:#1a1a1a;letter-spacing:-0.01em;\">Un pr\u00e9nom de sc\u00e8ne<\/h3>\n<div style=\"margin:0;font-size:13.5px;line-height:1.55;color:#4a4a4a;\">N\u00e9 Balmaceda Pascal, il choisit \u00ab Pascal \u00bb, le nom de sa m\u00e8re, pour sa carri\u00e8re.<\/div>\n<\/article>\n<article style=\"background:#fff;border:1px solid #e5e5e0;border-top:3px solid #B11E6A;border-radius:6px;padding:18px 18px 16px;\">\n<div style=\"width:36px;height:36px;background:#FBEAF2;border-radius:50%;display:inline-flex;align-items:center;justify-content:center;margin-bottom:12px;\">\n      <span style=\"font-size:18px;color:#B11E6A;font-weight:900;font-family:Georgia,serif;\">02<\/span>\n    <\/div>\n<h3 style=\"margin:0 0 6px 0;font-size:16px;font-weight:700;color:#1a1a1a;letter-spacing:-0.01em;\">Star apr\u00e8s 40 ans<\/h3>\n<div style=\"margin:0;font-size:13.5px;line-height:1.55;color:#4a4a4a;\">Sa r\u00e9v\u00e9lation dans Game of Thrones arrive alors qu&rsquo;il a d\u00e9j\u00e0 pr\u00e8s de 39 ans.<\/div>\n<\/article>\n<article style=\"background:#fff;border:1px solid #e5e5e0;border-top:3px solid #B11E6A;border-radius:6px;padding:18px 18px 16px;\">\n<div style=\"width:36px;height:36px;background:#FBEAF2;border-radius:50%;display:inline-flex;align-items:center;justify-content:center;margin-bottom:12px;\">\n      <span style=\"font-size:18px;color:#B11E6A;font-weight:900;font-family:Georgia,serif;\">03<\/span>\n    <\/div>\n<h3 style=\"margin:0 0 6px 0;font-size:16px;font-weight:700;color:#1a1a1a;letter-spacing:-0.01em;\">Masqu\u00e9, mais star<\/h3>\n<div style=\"margin:0;font-size:13.5px;line-height:1.55;color:#4a4a4a;\">Dans The Mandalorian, son visage reste cach\u00e9 presque tout du long \u2014 un d\u00e9fi de jeu.<\/div>\n<\/article>\n<article style=\"background:#fff;border:1px solid #e5e5e0;border-top:3px solid #B11E6A;border-radius:6px;padding:18px 18px 16px;\">\n<div style=\"width:36px;height:36px;background:#FBEAF2;border-radius:50%;display:inline-flex;align-items:center;justify-content:center;margin-bottom:12px;\">\n      <span style=\"font-size:18px;color:#B11E6A;font-weight:900;font-family:Georgia,serif;\">04<\/span>\n    <\/div>\n<h3 style=\"margin:0 0 6px 0;font-size:16px;font-weight:700;color:#1a1a1a;letter-spacing:-0.01em;\">Du jeu \u00e0 l&rsquo;\u00e9cran<\/h3>\n<div style=\"margin:0;font-size:13.5px;line-height:1.55;color:#4a4a4a;\">The Last of Us l&rsquo;a fait passer du jeu vid\u00e9o culte \u00e0 un triomphe critique HBO.<\/div>\n<\/article>\n<\/div>\n<h2>Anecdotes<\/h2>\n<p>Au-del\u00e0 de sa filmographie, Pedro Pascal s&rsquo;est impos\u00e9 comme une personnalit\u00e9 particuli\u00e8rement appr\u00e9ci\u00e9e pour son humour, sa bienveillance et sa proximit\u00e9 avec ses fans. Ses interviews et ses passages sur les tapis rouges, souvent teint\u00e9s d&rsquo;autod\u00e9rision, ont largement nourri sa popularit\u00e9 sur les r\u00e9seaux sociaux.<\/p>\n<figure style=\"margin:38px auto;padding:28px 24px;text-align:center;border-top:1px solid #2a2a2a;border-bottom:1px solid #2a2a2a;max-width:640px;position:relative;font-family:Georgia,'Hoefler Text',serif;\">\n<div style=\"position:absolute;top:-20px;left:50%;transform:translateX(-50%);background:#ffffff;padding:0 14px;font-size:48px;line-height:1;color:#B11E6A;font-family:Georgia,serif;\">&laquo;<\/div>\n<blockquote style=\"margin:0;padding:0;font-size:24px;line-height:1.45;font-style:italic;color:#1a1a1a;letter-spacing:-0.005em;\"><p>\n    Sa patience est devenue une le\u00e7on : il a fallu pr\u00e8s de vingt ans de seconds r\u00f4les avant que le monde entier ne connaisse son nom.<br \/>\n  <\/blockquote><figcaption style=\"margin-top:14px;font-size:12px;text-transform:uppercase;letter-spacing:2px;color:#6a6a6a;font-family:-apple-system,sans-serif;font-style:normal;\">\u2014 Parcours de Pedro Pascal<\/figcaption><\/figure>\n<p>On retient aussi son attachement \u00e0 ses racines : l&rsquo;acteur \u00e9voque r\u00e9guli\u00e8rement le Chili, l&rsquo;histoire de l&rsquo;exil de sa famille et l&rsquo;importance de la m\u00e9moire politique. Devenu citoyen am\u00e9ricain, il n&rsquo;a jamais reni\u00e9 sa double appartenance, qu&rsquo;il porte comme une fiert\u00e9 autant qu&rsquo;un h\u00e9ritage.<\/p>\n<section style=\"margin:32px 0;font-family:-apple-system,BlinkMacSystemFont,'Segoe UI',Roboto,sans-serif;\">\n<h2 style=\"margin:0 0 18px 0;font-size:22px;font-weight:800;color:#1a1a1a;letter-spacing:-0.01em;\">Questions fr\u00e9quentes<\/h2>\n<div style=\"border-top:1px solid #d4cfc4;\">\n<details style=\"border-bottom:1px solid #d4cfc4;padding:0;\">\n<summary style=\"cursor:pointer;padding:16px 0;font-size:17px;font-weight:700;color:#1a1a1a;list-style:none;display:flex;justify-content:space-between;align-items:center;gap:14px;\">\n        <span>Quelle est la taille de Pedro Pascal ?<\/span><br \/>\n        <span style=\"font-size:22px;font-weight:300;color:#B11E6A;line-height:1;\">+<\/span><br \/>\n      <\/summary>\n<div style=\"padding:0 0 16px 0;font-size:15px;line-height:1.7;color:#4a4a4a;\">Pedro Pascal mesure environ 1,79 m, soit environ 5 pieds 10,5 pouces selon les bases de donn\u00e9es sp\u00e9cialis\u00e9es. Il s&rsquo;agit d&rsquo;une estimation, l&rsquo;acteur n&rsquo;ayant pas officialis\u00e9 sa taille au centim\u00e8tre pr\u00e8s.<\/div>\n<\/details>\n<details style=\"border-bottom:1px solid #d4cfc4;padding:0;\">\n<summary style=\"cursor:pointer;padding:16px 0;font-size:17px;font-weight:700;color:#1a1a1a;list-style:none;display:flex;justify-content:space-between;align-items:center;gap:14px;\">\n        <span>Quel \u00e2ge a Pedro Pascal ?<\/span><br \/>\n        <span style=\"font-size:22px;font-weight:300;color:#B11E6A;line-height:1;\">+<\/span><br \/>\n      <\/summary>\n<div style=\"padding:0 0 16px 0;font-size:15px;line-height:1.7;color:#4a4a4a;\">N\u00e9 le 2 avril 1975 \u00e0 Santiago du Chili, Pedro Pascal a 51 ans. Il a connu la c\u00e9l\u00e9brit\u00e9 internationale relativement tard, apr\u00e8s ses 38 ans, avec son r\u00f4le dans Game of Thrones.<\/div>\n<\/details>\n<details style=\"border-bottom:1px solid #d4cfc4;padding:0;\">\n<summary style=\"cursor:pointer;padding:16px 0;font-size:17px;font-weight:700;color:#1a1a1a;list-style:none;display:flex;justify-content:space-between;align-items:center;gap:14px;\">\n        <span>Quelles sont les origines de Pedro Pascal ?<\/span><br \/>\n        <span style=\"font-size:22px;font-weight:300;color:#B11E6A;line-height:1;\">+<\/span><br \/>\n      <\/summary>\n<div style=\"padding:0 0 16px 0;font-size:15px;line-height:1.7;color:#4a4a4a;\">Pedro Pascal est d&rsquo;origine chilienne. N\u00e9 \u00e0 Santiago, il a quitt\u00e9 le Chili avec ses parents alors qu&rsquo;il avait neuf mois, sa famille \u00e9tant contrainte \u00e0 l&rsquo;exil apr\u00e8s le coup d&rsquo;\u00c9tat de 1973. Apr\u00e8s un asile au Danemark, elle s&rsquo;est install\u00e9e aux \u00c9tats-Unis. Il poss\u00e8de la double nationalit\u00e9 chilienne et am\u00e9ricaine.<\/div>\n<\/details>\n<details style=\"border-bottom:1px solid #d4cfc4;padding:0;\">\n<summary style=\"cursor:pointer;padding:16px 0;font-size:17px;font-weight:700;color:#1a1a1a;list-style:none;display:flex;justify-content:space-between;align-items:center;gap:14px;\">\n        <span>Pedro Pascal est-il en couple ?<\/span><br \/>\n        <span style=\"font-size:22px;font-weight:300;color:#B11E6A;line-height:1;\">+<\/span><br \/>\n      <\/summary>\n<div style=\"padding:0 0 16px 0;font-size:15px;line-height:1.7;color:#4a4a4a;\">L&rsquo;acteur garde sa vie sentimentale strictement priv\u00e9e et n&rsquo;a confirm\u00e9 publiquement aucune relation amoureuse. Il \u00e9voque rarement ce sujet, pr\u00e9f\u00e9rant pr\u00e9server son intimit\u00e9 loin des m\u00e9dias.<\/div>\n<\/details>\n<details style=\"padding:0;\">\n<summary style=\"cursor:pointer;padding:16px 0;font-size:17px;font-weight:700;color:#1a1a1a;list-style:none;display:flex;justify-content:space-between;align-items:center;gap:14px;\">\n        <span>Quelle est la fortune de Pedro Pascal ?<\/span><br \/>\n        <span style=\"font-size:22px;font-weight:300;color:#B11E6A;line-height:1;\">+<\/span><br \/>\n      <\/summary>\n<div style=\"padding:0 0 16px 0;font-size:15px;line-height:1.7;color:#4a4a4a;\">Sa fortune est estim\u00e9e \u00e0 environ 22 millions de dollars selon le site Celebrity Net Worth. Ce chiffre, en forte progression, reste une estimation externe et non une donn\u00e9e officielle communiqu\u00e9e par l&rsquo;acteur.<\/div>\n<\/details><\/div>\n<\/section>\n<p style=\"font-size:13px;color:#6a6a6a;margin-top:32px;\">Sources : Wikip\u00e9dia et donn\u00e9es publiques. Article mis \u00e0 jour r\u00e9guli\u00e8rement.<\/p>\n","protected":false},"excerpt":{"rendered":"","protected":false},"author":42,"featured_media":999999999,"comment_status":"open","ping_status":"open","sticky":false,"template":"","format":"standard","meta":{"_acf_changed":false,"manual_indexmenow":false,"indexmenow_id_project":0,"footnotes":""},"categories":[4521],"tags":[],"class_list":["post-8019","post","type-post","status-publish","format-standard","has-post-thumbnail","hentry","category-cinema-et-television","generate-columns","tablet-grid-50","mobile-grid-100","grid-parent","grid-25"],"acf":[],"yoast_head":"<!-- This site is optimized with the Yoast SEO Premium plugin v21.3 (Yoast SEO v26.5) - https:\/\/yoast.com\/wordpress\/plugins\/seo\/ -->\n<title>Pedro Pascal : taille, \u00e2ge, origines, couple et fortune<\/title>\n<meta name=\"description\" content=\"Difficile d&#039;imaginer aujourd&#039;hui qu&#039;avant 2014, Pedro Pascal encha\u00eenait les petits r\u00f4les et les castings sans lendemain\" \/>\n<meta name=\"robots\" content=\"index, follow, max-snippet:-1, max-image-preview:large, max-video-preview:-1\" \/>\n<link rel=\"canonical\" href=\"https:\/\/starstory.fr\/blog\/cinema-et-television\/pedro-pascal-taille-age-origines-couple-et-fortune-la-fiche-complete\/\" \/>\n<meta property=\"og:locale\" content=\"fr_FR\" \/>\n<meta property=\"og:type\" content=\"article\" \/>\n<meta property=\"og:title\" content=\"Pedro Pascal : taille, \u00e2ge, origines, couple et fortune\" \/>\n<meta property=\"og:description\" content=\"Difficile d&#039;imaginer aujourd&#039;hui qu&#039;avant 2014, Pedro Pascal encha\u00eenait les petits r\u00f4les et les castings sans lendemain\" \/>\n<meta property=\"og:url\" content=\"https:\/\/starstory.fr\/blog\/cinema-et-television\/pedro-pascal-taille-age-origines-couple-et-fortune-la-fiche-complete\/\" \/>\n<meta property=\"og:site_name\" content=\"starstory\" \/>\n<meta name=\"author\" content=\"Antoine Ferrand\" \/>\n<meta name=\"twitter:card\" content=\"summary_large_image\" \/>\n<script type=\"application\/ld+json\" class=\"yoast-schema-graph\">{\"@context\":\"https:\/\/schema.org\",\"@graph\":[{\"@type\":\"NewsArticle\",\"@id\":\"https:\/\/starstory.fr\/blog\/cinema-et-television\/pedro-pascal-taille-age-origines-couple-et-fortune-la-fiche-complete\/#article\",\"isPartOf\":{\"@id\":\"https:\/\/starstory.fr\/blog\/cinema-et-television\/pedro-pascal-taille-age-origines-couple-et-fortune-la-fiche-complete\/\"},\"author\":{\"name\":\"Antoine Ferrand\",\"@id\":\"https:\/\/starstory.fr\/blog\/#\/schema\/person\/2d9dd3a73cf4dcbc428e866589dd5882\"},\"headline\":\"Pedro Pascal : taille, \u00e2ge, origines, couple et fortune \u2014 la fiche compl\u00e8te\",\"datePublished\":\"2026-06-06T10:43:39+00:00\",\"mainEntityOfPage\":{\"@id\":\"https:\/\/starstory.fr\/blog\/cinema-et-television\/pedro-pascal-taille-age-origines-couple-et-fortune-la-fiche-complete\/\"},\"wordCount\":1799,\"commentCount\":0,\"publisher\":{\"@id\":\"https:\/\/starstory.fr\/blog\/#organization\"},\"image\":{\"@id\":\"https:\/\/starstory.fr\/blog\/cinema-et-television\/pedro-pascal-taille-age-origines-couple-et-fortune-la-fiche-complete\/#primaryimage\"},\"thumbnailUrl\":\"https:\/\/images.pexels.com\/photos\/1858512\/pexels-photo-1858512.jpeg?auto=compress&cs=tinysrgb&fit=crop&h=627&w=1200\",\"articleSection\":[\"Cin\u00e9ma et T\u00e9l\u00e9vision\"],\"inLanguage\":\"fr-FR\",\"potentialAction\":[{\"@type\":\"CommentAction\",\"name\":\"Comment\",\"target\":[\"https:\/\/starstory.fr\/blog\/cinema-et-television\/pedro-pascal-taille-age-origines-couple-et-fortune-la-fiche-complete\/#respond\"]}]},{\"@type\":\"WebPage\",\"@id\":\"https:\/\/starstory.fr\/blog\/cinema-et-television\/pedro-pascal-taille-age-origines-couple-et-fortune-la-fiche-complete\/\",\"url\":\"https:\/\/starstory.fr\/blog\/cinema-et-television\/pedro-pascal-taille-age-origines-couple-et-fortune-la-fiche-complete\/\",\"name\":\"Pedro Pascal : taille, \u00e2ge, origines, couple et fortune\",\"isPartOf\":{\"@id\":\"https:\/\/starstory.fr\/blog\/#website\"},\"primaryImageOfPage\":{\"@id\":\"https:\/\/starstory.fr\/blog\/cinema-et-television\/pedro-pascal-taille-age-origines-couple-et-fortune-la-fiche-complete\/#primaryimage\"},\"image\":{\"@id\":\"https:\/\/starstory.fr\/blog\/cinema-et-television\/pedro-pascal-taille-age-origines-couple-et-fortune-la-fiche-complete\/#primaryimage\"},\"thumbnailUrl\":\"https:\/\/images.pexels.com\/photos\/1858512\/pexels-photo-1858512.jpeg?auto=compress&cs=tinysrgb&fit=crop&h=627&w=1200\",\"datePublished\":\"2026-06-06T10:43:39+00:00\",\"description\":\"Difficile d'imaginer aujourd'hui qu'avant 2014, Pedro Pascal encha\u00eenait les petits r\u00f4les et les castings sans lendemain\",\"inLanguage\":\"fr-FR\",\"potentialAction\":[{\"@type\":\"ReadAction\",\"target\":[\"https:\/\/starstory.fr\/blog\/cinema-et-television\/pedro-pascal-taille-age-origines-couple-et-fortune-la-fiche-complete\/\"]}]},{\"@type\":\"ImageObject\",\"inLanguage\":\"fr-FR\",\"@id\":\"https:\/\/starstory.fr\/blog\/cinema-et-television\/pedro-pascal-taille-age-origines-couple-et-fortune-la-fiche-complete\/#primaryimage\",\"url\":\"https:\/\/images.pexels.com\/photos\/1858512\/pexels-photo-1858512.jpeg?auto=compress&cs=tinysrgb&fit=crop&h=627&w=1200\",\"contentUrl\":\"https:\/\/images.pexels.com\/photos\/1858512\/pexels-photo-1858512.jpeg?auto=compress&cs=tinysrgb&fit=crop&h=627&w=1200\"},{\"@type\":\"WebSite\",\"@id\":\"https:\/\/starstory.fr\/blog\/#website\",\"url\":\"https:\/\/starstory.fr\/blog\/\",\"name\":\"StarStory\",\"description\":\"StarStory, les \u00e9toiles racontent leur histoire\",\"publisher\":{\"@id\":\"https:\/\/starstory.fr\/blog\/#organization\"},\"alternateName\":\"StarStory, les \u00e9toiles racontent leur histoire\",\"potentialAction\":[{\"@type\":\"SearchAction\",\"target\":{\"@type\":\"EntryPoint\",\"urlTemplate\":\"https:\/\/starstory.fr\/blog\/?s={search_term_string}\"},\"query-input\":{\"@type\":\"PropertyValueSpecification\",\"valueRequired\":true,\"valueName\":\"search_term_string\"}}],\"inLanguage\":\"fr-FR\"},{\"@type\":\"Organization\",\"@id\":\"https:\/\/starstory.fr\/blog\/#organization\",\"name\":\"StarStory\",\"alternateName\":\"StarStory.fr\",\"url\":\"https:\/\/starstory.fr\/blog\/\",\"logo\":{\"@type\":\"ImageObject\",\"inLanguage\":\"fr-FR\",\"@id\":\"https:\/\/starstory.fr\/blog\/#\/schema\/logo\/image\/\",\"url\":\"https:\/\/starstory.fr\/blog\/wp-content\/uploads\/2024\/12\/38.png\",\"contentUrl\":\"https:\/\/starstory.fr\/blog\/wp-content\/uploads\/2024\/12\/38.png\",\"width\":500,\"height\":500,\"caption\":\"StarStory\"},\"image\":{\"@id\":\"https:\/\/starstory.fr\/blog\/#\/schema\/logo\/image\/\"}},{\"@type\":\"Person\",\"@id\":\"https:\/\/starstory.fr\/blog\/#\/schema\/person\/2d9dd3a73cf4dcbc428e866589dd5882\",\"name\":\"Antoine Ferrand\",\"image\":{\"@type\":\"ImageObject\",\"inLanguage\":\"fr-FR\",\"@id\":\"https:\/\/starstory.fr\/blog\/#\/schema\/person\/image\/\",\"url\":\"https:\/\/secure.gravatar.com\/avatar\/?s=96&d=mm&r=g\",\"contentUrl\":\"https:\/\/secure.gravatar.com\/avatar\/?s=96&d=mm&r=g\",\"caption\":\"Antoine Ferrand\"},\"description\":\"Antoine analyse les figures politiques et m\u00e9diatiques, ainsi que leur influence en France au fil des ann\u00e9es.\",\"url\":\"https:\/\/starstory.fr\/blog\/auteur\/antoine-dupont\/\"}]}<\/script>\n<!-- \/ Yoast SEO Premium plugin. -->","yoast_head_json":{"title":"Pedro Pascal : taille, \u00e2ge, origines, couple et fortune","description":"Difficile d'imaginer aujourd'hui qu'avant 2014, Pedro Pascal encha\u00eenait les petits r\u00f4les et les castings sans lendemain","robots":{"index":"index","follow":"follow","max-snippet":"max-snippet:-1","max-image-preview":"max-image-preview:large","max-video-preview":"max-video-preview:-1"},"canonical":"https:\/\/starstory.fr\/blog\/cinema-et-television\/pedro-pascal-taille-age-origines-couple-et-fortune-la-fiche-complete\/","og_locale":"fr_FR","og_type":"article","og_title":"Pedro Pascal : taille, \u00e2ge, origines, couple et fortune","og_description":"Difficile d'imaginer aujourd'hui qu'avant 2014, Pedro Pascal encha\u00eenait les petits r\u00f4les et les castings sans lendemain","og_url":"https:\/\/starstory.fr\/blog\/cinema-et-television\/pedro-pascal-taille-age-origines-couple-et-fortune-la-fiche-complete\/","og_site_name":"starstory","author":"Antoine Ferrand","twitter_card":"summary_large_image","schema":{"@context":"https:\/\/schema.org","@graph":[{"@type":"NewsArticle","@id":"https:\/\/starstory.fr\/blog\/cinema-et-television\/pedro-pascal-taille-age-origines-couple-et-fortune-la-fiche-complete\/#article","isPartOf":{"@id":"https:\/\/starstory.fr\/blog\/cinema-et-television\/pedro-pascal-taille-age-origines-couple-et-fortune-la-fiche-complete\/"},"author":{"name":"Antoine Ferrand","@id":"https:\/\/starstory.fr\/blog\/#\/schema\/person\/2d9dd3a73cf4dcbc428e866589dd5882"},"headline":"Pedro Pascal : taille, \u00e2ge, origines, couple et fortune \u2014 la fiche compl\u00e8te","datePublished":"2026-06-06T10:43:39+00:00","mainEntityOfPage":{"@id":"https:\/\/starstory.fr\/blog\/cinema-et-television\/pedro-pascal-taille-age-origines-couple-et-fortune-la-fiche-complete\/"},"wordCount":1799,"commentCount":0,"publisher":{"@id":"https:\/\/starstory.fr\/blog\/#organization"},"image":{"@id":"https:\/\/starstory.fr\/blog\/cinema-et-television\/pedro-pascal-taille-age-origines-couple-et-fortune-la-fiche-complete\/#primaryimage"},"thumbnailUrl":"https:\/\/images.pexels.com\/photos\/1858512\/pexels-photo-1858512.jpeg?auto=compress&cs=tinysrgb&fit=crop&h=627&w=1200","articleSection":["Cin\u00e9ma et T\u00e9l\u00e9vision"],"inLanguage":"fr-FR","potentialAction":[{"@type":"CommentAction","name":"Comment","target":["https:\/\/starstory.fr\/blog\/cinema-et-television\/pedro-pascal-taille-age-origines-couple-et-fortune-la-fiche-complete\/#respond"]}]},{"@type":"WebPage","@id":"https:\/\/starstory.fr\/blog\/cinema-et-television\/pedro-pascal-taille-age-origines-couple-et-fortune-la-fiche-complete\/","url":"https:\/\/starstory.fr\/blog\/cinema-et-television\/pedro-pascal-taille-age-origines-couple-et-fortune-la-fiche-complete\/","name":"Pedro Pascal : taille, \u00e2ge, origines, couple et fortune","isPartOf":{"@id":"https:\/\/starstory.fr\/blog\/#website"},"primaryImageOfPage":{"@id":"https:\/\/starstory.fr\/blog\/cinema-et-television\/pedro-pascal-taille-age-origines-couple-et-fortune-la-fiche-complete\/#primaryimage"},"image":{"@id":"https:\/\/starstory.fr\/blog\/cinema-et-television\/pedro-pascal-taille-age-origines-couple-et-fortune-la-fiche-complete\/#primaryimage"},"thumbnailUrl":"https:\/\/images.pexels.com\/photos\/1858512\/pexels-photo-1858512.jpeg?auto=compress&cs=tinysrgb&fit=crop&h=627&w=1200","datePublished":"2026-06-06T10:43:39+00:00","description":"Difficile d'imaginer aujourd'hui qu'avant 2014, Pedro Pascal encha\u00eenait les petits r\u00f4les et les castings sans lendemain","inLanguage":"fr-FR","potentialAction":[{"@type":"ReadAction","target":["https:\/\/starstory.fr\/blog\/cinema-et-television\/pedro-pascal-taille-age-origines-couple-et-fortune-la-fiche-complete\/"]}]},{"@type":"ImageObject","inLanguage":"fr-FR","@id":"https:\/\/starstory.fr\/blog\/cinema-et-television\/pedro-pascal-taille-age-origines-couple-et-fortune-la-fiche-complete\/#primaryimage","url":"https:\/\/images.pexels.com\/photos\/1858512\/pexels-photo-1858512.jpeg?auto=compress&cs=tinysrgb&fit=crop&h=627&w=1200","contentUrl":"https:\/\/images.pexels.com\/photos\/1858512\/pexels-photo-1858512.jpeg?auto=compress&cs=tinysrgb&fit=crop&h=627&w=1200"},{"@type":"WebSite","@id":"https:\/\/starstory.fr\/blog\/#website","url":"https:\/\/starstory.fr\/blog\/","name":"StarStory","description":"StarStory, les \u00e9toiles racontent leur histoire","publisher":{"@id":"https:\/\/starstory.fr\/blog\/#organization"},"alternateName":"StarStory, les \u00e9toiles racontent leur histoire","potentialAction":[{"@type":"SearchAction","target":{"@type":"EntryPoint","urlTemplate":"https:\/\/starstory.fr\/blog\/?s={search_term_string}"},"query-input":{"@type":"PropertyValueSpecification","valueRequired":true,"valueName":"search_term_string"}}],"inLanguage":"fr-FR"},{"@type":"Organization","@id":"https:\/\/starstory.fr\/blog\/#organization","name":"StarStory","alternateName":"StarStory.fr","url":"https:\/\/starstory.fr\/blog\/","logo":{"@type":"ImageObject","inLanguage":"fr-FR","@id":"https:\/\/starstory.fr\/blog\/#\/schema\/logo\/image\/","url":"https:\/\/starstory.fr\/blog\/wp-content\/uploads\/2024\/12\/38.png","contentUrl":"https:\/\/starstory.fr\/blog\/wp-content\/uploads\/2024\/12\/38.png","width":500,"height":500,"caption":"StarStory"},"image":{"@id":"https:\/\/starstory.fr\/blog\/#\/schema\/logo\/image\/"}},{"@type":"Person","@id":"https:\/\/starstory.fr\/blog\/#\/schema\/person\/2d9dd3a73cf4dcbc428e866589dd5882","name":"Antoine Ferrand","image":{"@type":"ImageObject","inLanguage":"fr-FR","@id":"https:\/\/starstory.fr\/blog\/#\/schema\/person\/image\/","url":"https:\/\/secure.gravatar.com\/avatar\/?s=96&d=mm&r=g","contentUrl":"https:\/\/secure.gravatar.com\/avatar\/?s=96&d=mm&r=g","caption":"Antoine Ferrand"},"description":"Antoine analyse les figures politiques et m\u00e9diatiques, ainsi que leur influence en France au fil des ann\u00e9es.","url":"https:\/\/starstory.fr\/blog\/auteur\/antoine-dupont\/"}]}},"_links":{"self":[{"href":"https:\/\/starstory.fr\/blog\/wp-json\/wp\/v2\/posts\/8019","targetHints":{"allow":["GET"]}}],"collection":[{"href":"https:\/\/starstory.fr\/blog\/wp-json\/wp\/v2\/posts"}],"about":[{"href":"https:\/\/starstory.fr\/blog\/wp-json\/wp\/v2\/types\/post"}],"author":[{"embeddable":true,"href":"https:\/\/starstory.fr\/blog\/wp-json\/wp\/v2\/users\/42"}],"replies":[{"embeddable":true,"href":"https:\/\/starstory.fr\/blog\/wp-json\/wp\/v2\/comments?post=8019"}],"version-history":[{"count":0,"href":"https:\/\/starstory.fr\/blog\/wp-json\/wp\/v2\/posts\/8019\/revisions"}],"wp:attachment":[{"href":"https:\/\/starstory.fr\/blog\/wp-json\/wp\/v2\/media?parent=8019"}],"wp:term":[{"taxonomy":"category","embeddable":true,"href":"https:\/\/starstory.fr\/blog\/wp-json\/wp\/v2\/categories?post=8019"},{"taxonomy":"post_tag","embeddable":true,"href":"https:\/\/starstory.fr\/blog\/wp-json\/wp\/v2\/tags?post=8019"}],"curies":[{"name":"wp","href":"https:\/\/api.w.org\/{rel}","templated":true}]}}