{"id":8016,"date":"2026-06-06T12:36:08","date_gmt":"2026-06-06T10:36:08","guid":{"rendered":"https:\/\/starstory.fr\/blog\/musique-et-icones-musicales\/les-grands-festivals-de-musique-de-l-ete-2026-en-france-dates-et-tetes\/"},"modified":"2026-06-06T12:36:08","modified_gmt":"2026-06-06T10:36:08","slug":"les-grands-festivals-de-musique-de-l-ete-2026-en-france-dates-et-tetes","status":"publish","type":"post","link":"https:\/\/starstory.fr\/blog\/musique-et-icones-musicales\/les-grands-festivals-de-musique-de-l-ete-2026-en-france-dates-et-tetes\/","title":{"rendered":"Les grands festivals de musique de l&rsquo;\u00e9t\u00e9 2026 en France : dates et t\u00eates d&rsquo;affiche"},"content":{"rendered":"<aside style=\"background:#FBEAF2;border-left:5px solid #B11E6A;padding:22px 28px;margin:24px 0;font-family:-apple-system,BlinkMacSystemFont,'Segoe UI',Roboto,sans-serif;\">\n<div style=\"margin:0;font-size:19px;line-height:1.55;color:#2a2a2a;font-weight:500;letter-spacing:-0.005em;\">\n    De Clisson \u00e0 Aix-les-Bains, l&rsquo;\u00e9t\u00e9 2026 aligne ses grandes messes musicales : Iron Maiden au Hellfest mi-juin, Orelsan en tourn\u00e9e des sc\u00e8nes (il joue dans presque tous les festivals cette ann\u00e9e), Katy Perry en t\u00eate d&rsquo;affiche de trois rendez-vous majeurs, et un mois de juillet satur\u00e9 de t\u00eates d&rsquo;affiche. Voici dix festivals incontournables, leurs dates confirm\u00e9es et les artistes d\u00e9j\u00e0 annonc\u00e9s.\n  <\/div>\n<\/aside>\n<p>Chaque ann\u00e9e, la France revendique l&rsquo;un des calendriers de festivals les plus denses d&rsquo;Europe. L&rsquo;\u00e9t\u00e9 2026 ne fait pas exception : entre rock, m\u00e9tal, rap, pop internationale, \u00e9lectro et chanson fran\u00e7aise, les affiches s&rsquo;\u00e9talent de la mi-juin \u00e0 la mi-juillet, du Finist\u00e8re \u00e0 la C\u00f4te d&rsquo;Azur. Pour vous aider \u00e0 planifier vos week-ends, nous avons r\u00e9uni dix grands festivals fran\u00e7ais, v\u00e9rifi\u00e9 leurs dates et list\u00e9 les t\u00eates d&rsquo;affiche officiellement confirm\u00e9es au moment de la r\u00e9daction.<\/p>\n<p>Un constat domine cette \u00e9dition 2026 : la circulation des m\u00eames artistes phares. <strong>Orelsan<\/strong>, <strong>Katy Perry<\/strong>, <strong>Gims<\/strong>, <strong>Bigflo &amp; Oli<\/strong> ou <strong>Aya Nakamura<\/strong> reviennent sur plusieurs affiches, signe d&rsquo;une saison o\u00f9 les t\u00eates d&rsquo;affiche se partagent entre les plus grosses sc\u00e8nes du pays.<\/p>\n<aside style=\"background:#fafaf7;border:1px solid #e5e5e0;border-radius:8px;padding:24px 26px 26px;margin:28px 0;font-family:-apple-system,BlinkMacSystemFont,'Segoe UI',Roboto,sans-serif;\">\n<div style=\"margin:0 0 18px 0;font-size:11px;font-weight:700;text-transform:uppercase;letter-spacing:2.2px;color:#B11E6A;\">\u00c0 retenir<\/div>\n<div style=\"display:grid;grid-template-columns:repeat(auto-fit,minmax(240px,1fr));gap:10px;\">\n<div style=\"display:flex;gap:12px;background:#fff;border:1px solid #ebebe5;padding:12px 14px;border-radius:6px;align-items:flex-start;\">\n      <span style=\"flex:0 0 26px;width:26px;height:26px;background:#B11E6A;color:#fff;border-radius:50%;display:inline-flex;align-items:center;justify-content:center;font-size:12px;font-weight:700;font-family:-apple-system,sans-serif;\">1<\/span><br \/>\n      <span style=\"font-size:14px;line-height:1.5;color:#2a2a2a;\">Le Hellfest ouvre le bal du 18 au 21 juin \u00e0 Clisson, avec Iron Maiden et The Offspring.<\/span>\n    <\/div>\n<div style=\"display:flex;gap:12px;background:#fff;border:1px solid #ebebe5;padding:12px 14px;border-radius:6px;align-items:flex-start;\">\n      <span style=\"flex:0 0 26px;width:26px;height:26px;background:#B11E6A;color:#fff;border-radius:50%;display:inline-flex;align-items:center;justify-content:center;font-size:12px;font-weight:700;font-family:-apple-system,sans-serif;\">2<\/span><br \/>\n      <span style=\"font-size:14px;line-height:1.5;color:#2a2a2a;\">Juillet concentre la majorit\u00e9 des grands rendez-vous, des Eurock\u00e9ennes aux Vieilles Charrues.<\/span>\n    <\/div>\n<div style=\"display:flex;gap:12px;background:#fff;border:1px solid #ebebe5;padding:12px 14px;border-radius:6px;align-items:flex-start;\">\n      <span style=\"flex:0 0 26px;width:26px;height:26px;background:#B11E6A;color:#fff;border-radius:50%;display:inline-flex;align-items:center;justify-content:center;font-size:12px;font-weight:700;font-family:-apple-system,sans-serif;\">3<\/span><br \/>\n      <span style=\"font-size:14px;line-height:1.5;color:#2a2a2a;\">Plusieurs \u00e9ditions affichent d\u00e9j\u00e0 complet : r\u00e9servez t\u00f4t si une affiche vous tente.<\/span>\n    <\/div>\n<div style=\"display:flex;gap:12px;background:#fff;border:1px solid #ebebe5;padding:12px 14px;border-radius:6px;align-items:flex-start;\">\n      <span style=\"flex:0 0 26px;width:26px;height:26px;background:#B11E6A;color:#fff;border-radius:50%;display:inline-flex;align-items:center;justify-content:center;font-size:12px;font-weight:700;font-family:-apple-system,sans-serif;\">4<\/span><br \/>\n      <span style=\"font-size:14px;line-height:1.5;color:#2a2a2a;\">Lollapalooza Paris fait une pause en 2026 et ne reviendra qu&rsquo;en 2027.<\/span>\n    <\/div>\n<div style=\"display:flex;gap:12px;background:#fff;border:1px solid #ebebe5;padding:12px 14px;border-radius:6px;align-items:flex-start;\">\n      <span style=\"flex:0 0 26px;width:26px;height:26px;background:#B11E6A;color:#fff;border-radius:50%;display:inline-flex;align-items:center;justify-content:center;font-size:12px;font-weight:700;font-family:-apple-system,sans-serif;\">5<\/span><br \/>\n      <span style=\"font-size:14px;line-height:1.5;color:#2a2a2a;\">Les programmations restent indicatives et peuvent \u00e9voluer jusqu&rsquo;au jour J.<\/span>\n    <\/div>\n<\/p><\/div>\n<\/aside>\n<h2>Le calendrier complet des festivals de l&rsquo;\u00e9t\u00e9 2026<\/h2>\n<p>Voici, en un coup d&rsquo;\u0153il, les dix festivals couverts dans cet article, avec leur ville, leurs dates confirm\u00e9es et quelques t\u00eates d&rsquo;affiche annonc\u00e9es. Le tableau est tri\u00e9 par ordre chronologique.<\/p>\n<figure style=\"margin:32px 0;font-family:-apple-system,BlinkMacSystemFont,'Segoe UI',Roboto,sans-serif;\">\n<div style=\"overflow-x:auto;border:1px solid #e5e5e0;border-radius:8px;\">\n<table style=\"width:100%;border-collapse:collapse;font-size:14px;color:#2a2a2a;min-width:560px;\">\n<thead>\n<tr style=\"background:#1a1a1a;color:#fff;\">\n<th style=\"text-align:left;padding:14px 18px;font-weight:700;font-size:12px;text-transform:uppercase;letter-spacing:1.5px;\">Festival<\/th>\n<th style=\"text-align:left;padding:14px 18px;font-weight:700;font-size:12px;text-transform:uppercase;letter-spacing:1.5px;\">Ville<\/th>\n<th style=\"text-align:left;padding:14px 18px;font-weight:700;font-size:12px;text-transform:uppercase;letter-spacing:1.5px;\">Dates 2026<\/th>\n<th style=\"text-align:left;padding:14px 18px;font-weight:700;font-size:12px;text-transform:uppercase;letter-spacing:1.5px;\">Quelques t\u00eates d&rsquo;affiche<\/th>\n<\/tr>\n<\/thead>\n<tbody>\n<tr style=\"background:#fff;border-bottom:1px solid #f5e3ec;\">\n<td style=\"padding:14px 18px;font-weight:600;\">Hellfest<\/td>\n<td style=\"padding:14px 18px;color:#4a4a4a;\">Clisson (44)<\/td>\n<td style=\"padding:14px 18px;color:#4a4a4a;\">18 &ndash; 21 juin<\/td>\n<td style=\"padding:14px 18px;color:#4a4a4a;\">Iron Maiden, Bring Me The Horizon, Limp Bizkit, The Offspring<\/td>\n<\/tr>\n<tr style=\"background:#FBEAF2;border-bottom:1px solid #f5e3ec;\">\n<td style=\"padding:14px 18px;font-weight:600;\">Garorock<\/td>\n<td style=\"padding:14px 18px;color:#4a4a4a;\">Marmande (47)<\/td>\n<td style=\"padding:14px 18px;color:#4a4a4a;\">26 &ndash; 28 juin<\/td>\n<td style=\"padding:14px 18px;color:#4a4a4a;\">Gims, Bigflo &amp; Oli, Major Lazer, Tom Odell, PLK<\/td>\n<\/tr>\n<tr style=\"background:#fff;border-bottom:1px solid #f5e3ec;\">\n<td style=\"padding:14px 18px;font-weight:600;\">Solidays<\/td>\n<td style=\"padding:14px 18px;color:#4a4a4a;\">Paris (75)<\/td>\n<td style=\"padding:14px 18px;color:#4a4a4a;\">26 &ndash; 28 juin<\/td>\n<td style=\"padding:14px 18px;color:#4a4a4a;\">Gims, Orelsan, Zara Larsson, Bigflo &amp; Oli, Major Lazer<\/td>\n<\/tr>\n<tr style=\"background:#FBEAF2;border-bottom:1px solid #f5e3ec;\">\n<td style=\"padding:14px 18px;font-weight:600;\">Festival Beauregard<\/td>\n<td style=\"padding:14px 18px;color:#4a4a4a;\">H\u00e9rouville-Saint-Clair (14)<\/td>\n<td style=\"padding:14px 18px;color:#4a4a4a;\">1<sup>er<\/sup> &ndash; 5 juillet<\/td>\n<td style=\"padding:14px 18px;color:#4a4a4a;\">Orelsan, Pixies, Pulp, Armin van Buuren, Vanessa Paradis<\/td>\n<\/tr>\n<tr style=\"background:#fff;border-bottom:1px solid #f5e3ec;\">\n<td style=\"padding:14px 18px;font-weight:600;\">Les Eurock\u00e9ennes<\/td>\n<td style=\"padding:14px 18px;color:#4a4a4a;\">Belfort (90)<\/td>\n<td style=\"padding:14px 18px;color:#4a4a4a;\">2 &ndash; 5 juillet<\/td>\n<td style=\"padding:14px 18px;color:#4a4a4a;\">The Offspring, Orelsan, Aya Nakamura, Pulp, Ben Harper<\/td>\n<\/tr>\n<tr style=\"background:#FBEAF2;border-bottom:1px solid #f5e3ec;\">\n<td style=\"padding:14px 18px;font-weight:600;\">Main Square Festival<\/td>\n<td style=\"padding:14px 18px;color:#4a4a4a;\">Arras (62)<\/td>\n<td style=\"padding:14px 18px;color:#4a4a4a;\">3 &ndash; 5 juillet<\/td>\n<td style=\"padding:14px 18px;color:#4a4a4a;\">Katy Perry, Orelsan, Twenty One Pilots, Marshmello<\/td>\n<\/tr>\n<tr style=\"background:#fff;border-bottom:1px solid #f5e3ec;\">\n<td style=\"padding:14px 18px;font-weight:600;\">Jazz \u00e0 Juan<\/td>\n<td style=\"padding:14px 18px;color:#4a4a4a;\">Juan-les-Pins (06)<\/td>\n<td style=\"padding:14px 18px;color:#4a4a4a;\">9 &ndash; 19 juillet<\/td>\n<td style=\"padding:14px 18px;color:#4a4a4a;\">Tom Jones, Seal, Marcus Miller, Thomas Dutronc<\/td>\n<\/tr>\n<tr style=\"background:#FBEAF2;border-bottom:1px solid #f5e3ec;\">\n<td style=\"padding:14px 18px;font-weight:600;\">Musilac<\/td>\n<td style=\"padding:14px 18px;color:#4a4a4a;\">Aix-les-Bains (73)<\/td>\n<td style=\"padding:14px 18px;color:#4a4a4a;\">9 &ndash; 12 juillet<\/td>\n<td style=\"padding:14px 18px;color:#4a4a4a;\">Katy Perry, Orelsan, Gorillaz, Jamiroquai, Bigflo &amp; Oli<\/td>\n<\/tr>\n<tr style=\"background:#fff;border-bottom:1px solid #f5e3ec;\">\n<td style=\"padding:14px 18px;font-weight:600;\">Les Francofolies<\/td>\n<td style=\"padding:14px 18px;color:#4a4a4a;\">La Rochelle (17)<\/td>\n<td style=\"padding:14px 18px;color:#4a4a4a;\">10 &ndash; 14 juillet<\/td>\n<td style=\"padding:14px 18px;color:#4a4a4a;\">Gims, Niska, Orelsan, Aya Nakamura, Mika<\/td>\n<\/tr>\n<tr style=\"background:#FBEAF2;\">\n<td style=\"padding:14px 18px;font-weight:600;\">Les Vieilles Charrues<\/td>\n<td style=\"padding:14px 18px;color:#4a4a4a;\">Carhaix (29)<\/td>\n<td style=\"padding:14px 18px;color:#4a4a4a;\">16 &ndash; 19 juillet<\/td>\n<td style=\"padding:14px 18px;color:#4a4a4a;\">Nick Cave, Katy Perry, Mika, Orelsan, Gims<\/td>\n<\/tr>\n<\/tbody>\n<\/table><\/div><figcaption style=\"font-size:11px;color:#7a7a7a;margin-top:8px;text-align:right;letter-spacing:0.3px;\">Dates et affiches confirm\u00e9es par les organisateurs &mdash; programmations indicatives.<\/figcaption><\/figure>\n<h2>Les festivals rock et m\u00e9tal<\/h2>\n<p>Pour les amateurs de guitares satur\u00e9es et de riffs puissants, deux rendez-vous dominent l&rsquo;\u00e9t\u00e9 : le Hellfest, temple europ\u00e9en du m\u00e9tal, et les Eurock\u00e9ennes, qui m\u00ealent rock international et sc\u00e8ne fran\u00e7aise. Le Festival Beauregard, plus \u00e9clectique, r\u00e9serve aussi une belle place aux guitares.<\/p>\n<div style=\"display:grid;grid-template-columns:repeat(auto-fit,minmax(220px,1fr));gap:14px;margin:28px 0;font-family:-apple-system,BlinkMacSystemFont,'Segoe UI',Roboto,sans-serif;\">\n<article style=\"background:#fff;border:1px solid #e5e5e0;border-top:3px solid #B11E6A;border-radius:6px;padding:18px 18px 16px;\">\n<div style=\"width:36px;height:36px;background:#FBEAF2;border-radius:50%;display:inline-flex;align-items:center;justify-content:center;margin-bottom:12px;\">\n      <span style=\"font-size:18px;color:#B11E6A;font-weight:900;font-family:Georgia,serif;\">01<\/span>\n    <\/div>\n<h3 style=\"margin:0 0 6px 0;font-size:16px;font-weight:700;color:#1a1a1a;letter-spacing:-0.01em;\">Hellfest &middot; Clisson<\/h3>\n<div style=\"margin:0;font-size:13.5px;line-height:1.55;color:#4a4a4a;\">Du 18 au 21 juin, 183 groupes sur quatre jours. En t\u00eates d&rsquo;affiche : Bring Me The Horizon (jeudi), Iron Maiden (vendredi), Limp Bizkit (samedi) et The Offspring (dimanche), aux c\u00f4t\u00e9s d&rsquo;Alice Cooper, Deep Purple, Megadeth ou Mastodon.<\/div>\n<\/article>\n<article style=\"background:#fff;border:1px solid #e5e5e0;border-top:3px solid #B11E6A;border-radius:6px;padding:18px 18px 16px;\">\n<div style=\"width:36px;height:36px;background:#FBEAF2;border-radius:50%;display:inline-flex;align-items:center;justify-content:center;margin-bottom:12px;\">\n      <span style=\"font-size:18px;color:#B11E6A;font-weight:900;font-family:Georgia,serif;\">02<\/span>\n    <\/div>\n<h3 style=\"margin:0 0 6px 0;font-size:16px;font-weight:700;color:#1a1a1a;letter-spacing:-0.01em;\">Les Eurock\u00e9ennes &middot; Belfort<\/h3>\n<div style=\"margin:0;font-size:13.5px;line-height:1.55;color:#4a4a4a;\">Du 2 au 5 juillet sur la presqu&rsquo;\u00eele du Malsaucy, pour cette 36<sup>e<\/sup> \u00e9dition. The Offspring (jeudi), Orelsan, Pulp, The Lumineers, Aya Nakamura et Ben Harper figurent parmi plus de 50 artistes annonc\u00e9s.<\/div>\n<\/article>\n<article style=\"background:#fff;border:1px solid #e5e5e0;border-top:3px solid #B11E6A;border-radius:6px;padding:18px 18px 16px;\">\n<div style=\"width:36px;height:36px;background:#FBEAF2;border-radius:50%;display:inline-flex;align-items:center;justify-content:center;margin-bottom:12px;\">\n      <span style=\"font-size:18px;color:#B11E6A;font-weight:900;font-family:Georgia,serif;\">03<\/span>\n    <\/div>\n<h3 style=\"margin:0 0 6px 0;font-size:16px;font-weight:700;color:#1a1a1a;letter-spacing:-0.01em;\">Festival Beauregard &middot; H\u00e9rouville<\/h3>\n<div style=\"margin:0;font-size:13.5px;line-height:1.55;color:#4a4a4a;\">Du 1<sup>er<\/sup> au 5 juillet au Ch\u00e2teau de Beauregard, en Normandie. Pixies, Pulp, Franz Ferdinand, The Hives et Dropkick Murphys c\u00f4toient Orelsan, Charlotte Cardin et Vanessa Paradis sur une affiche tr\u00e8s large.<\/div>\n<\/article>\n<\/div>\n<aside style=\"background:#FBEAF2;border-left:4px solid #B11E6A;padding:14px 18px;margin:18px 0;border-radius:0 4px 4px 0;font-family:-apple-system,BlinkMacSystemFont,'Segoe UI',Roboto,sans-serif;\">\n  <strong style=\"display:inline-block;color:#7a1248;font-size:12px;text-transform:uppercase;letter-spacing:1.5px;margin-right:8px;\">&#10022; Astuce<\/strong><br \/>\n  <span style=\"font-size:14.5px;line-height:1.55;color:#3a3a3a;\">Le Hellfest 2026 a vu ses pass quatre jours partir en quelques minutes. Pour les festivals de cette envergure, surveillez l&rsquo;ouverture des billets \u00ab 1 jour \u00bb, souvent mis en vente plus tard.<\/span><br \/>\n<\/aside>\n<h2>Pop, rap et \u00e9lectro : les grandes affiches g\u00e9n\u00e9ralistes<\/h2>\n<p>C&rsquo;est sans doute la cat\u00e9gorie la plus dense de l&rsquo;\u00e9t\u00e9. Du Solidays caritatif au Main Square d&rsquo;Arras, en passant par Garorock et Musilac, ces festivals brassent pop internationale, rap fran\u00e7ais et sets \u00e9lectro jusqu&rsquo;au bout de la nuit. Plusieurs partagent d&rsquo;ailleurs leurs t\u00eates d&rsquo;affiche.<\/p>\n<figure style=\"margin:38px auto;padding:28px 24px;text-align:center;border-top:1px solid #2a2a2a;border-bottom:1px solid #2a2a2a;max-width:640px;position:relative;font-family:Georgia,'Hoefler Text',serif;\">\n<div style=\"position:absolute;top:-20px;left:50%;transform:translateX(-50%);background:#ffffff;padding:0 14px;font-size:48px;line-height:1;color:#B11E6A;font-family:Georgia,serif;\">&laquo;<\/div>\n<blockquote style=\"margin:0;padding:0;font-size:24px;line-height:1.45;font-style:italic;color:#1a1a1a;letter-spacing:-0.005em;\"><p>\n    En 2026, Orelsan et Katy Perry sont presque partout : le premier encha\u00eene les sc\u00e8nes fran\u00e7aises, la seconde ouvre ou cl\u00f4ture trois festivals majeurs.<br \/>\n  <\/blockquote><figcaption style=\"margin-top:14px;font-size:12px;text-transform:uppercase;letter-spacing:2px;color:#6a6a6a;font-family:-apple-system,sans-serif;font-style:normal;\">&mdash; Le fil rouge de la saison<\/figcaption><\/figure>\n<div style=\"display:grid;grid-template-columns:repeat(auto-fit,minmax(220px,1fr));gap:14px;margin:28px 0;font-family:-apple-system,BlinkMacSystemFont,'Segoe UI',Roboto,sans-serif;\">\n<article style=\"background:#fff;border:1px solid #e5e5e0;border-top:3px solid #B11E6A;border-radius:6px;padding:18px 18px 16px;\">\n<div style=\"width:36px;height:36px;background:#FBEAF2;border-radius:50%;display:inline-flex;align-items:center;justify-content:center;margin-bottom:12px;\">\n      <span style=\"font-size:18px;color:#B11E6A;font-weight:900;font-family:Georgia,serif;\">04<\/span>\n    <\/div>\n<h3 style=\"margin:0 0 6px 0;font-size:16px;font-weight:700;color:#1a1a1a;letter-spacing:-0.01em;\">Solidays &middot; Paris<\/h3>\n<div style=\"margin:0;font-size:13.5px;line-height:1.55;color:#4a4a4a;\">Du 26 au 28 juin \u00e0 l&rsquo;Hippodrome ParisLongchamp, pour cette 29<sup>e<\/sup> \u00e9dition solidaire. Gims (vendredi), Bigflo &amp; Oli, Zara Larsson, Major Lazer (samedi) et Orelsan (dimanche) m\u00e8nent plus de 80 concerts sur 9 sc\u00e8nes.<\/div>\n<\/article>\n<article style=\"background:#fff;border:1px solid #e5e5e0;border-top:3px solid #B11E6A;border-radius:6px;padding:18px 18px 16px;\">\n<div style=\"width:36px;height:36px;background:#FBEAF2;border-radius:50%;display:inline-flex;align-items:center;justify-content:center;margin-bottom:12px;\">\n      <span style=\"font-size:18px;color:#B11E6A;font-weight:900;font-family:Georgia,serif;\">05<\/span>\n    <\/div>\n<h3 style=\"margin:0 0 6px 0;font-size:16px;font-weight:700;color:#1a1a1a;letter-spacing:-0.01em;\">Garorock &middot; Marmande<\/h3>\n<div style=\"margin:0;font-size:13.5px;line-height:1.55;color:#4a4a4a;\">Du 26 au 28 juin sur la plaine de la Filhole, avec une soir\u00e9e warm-up le 25. Pour cette 30<sup>e<\/sup> \u00e9dition : Bigflo &amp; Oli, Major Lazer, PLK, Tom Odell et Gims, qui cl\u00f4ture le dimanche.<\/div>\n<\/article>\n<article style=\"background:#fff;border:1px solid #e5e5e0;border-top:3px solid #B11E6A;border-radius:6px;padding:18px 18px 16px;\">\n<div style=\"width:36px;height:36px;background:#FBEAF2;border-radius:50%;display:inline-flex;align-items:center;justify-content:center;margin-bottom:12px;\">\n      <span style=\"font-size:18px;color:#B11E6A;font-weight:900;font-family:Georgia,serif;\">06<\/span>\n    <\/div>\n<h3 style=\"margin:0 0 6px 0;font-size:16px;font-weight:700;color:#1a1a1a;letter-spacing:-0.01em;\">Main Square Festival &middot; Arras<\/h3>\n<div style=\"margin:0;font-size:13.5px;line-height:1.55;color:#4a4a4a;\">Du 3 au 5 juillet \u00e0 la Citadelle d&rsquo;Arras, site class\u00e9 \u00e0 l&rsquo;UNESCO. Katy Perry (vendredi), Orelsan (samedi) et Twenty One Pilots (dimanche, seule date fran\u00e7aise) dominent une affiche d\u00e9j\u00e0 compl\u00e8te.<\/div>\n<\/article>\n<article style=\"background:#fff;border:1px solid #e5e5e0;border-top:3px solid #B11E6A;border-radius:6px;padding:18px 18px 16px;\">\n<div style=\"width:36px;height:36px;background:#FBEAF2;border-radius:50%;display:inline-flex;align-items:center;justify-content:center;margin-bottom:12px;\">\n      <span style=\"font-size:18px;color:#B11E6A;font-weight:900;font-family:Georgia,serif;\">07<\/span>\n    <\/div>\n<h3 style=\"margin:0 0 6px 0;font-size:16px;font-weight:700;color:#1a1a1a;letter-spacing:-0.01em;\">Musilac &middot; Aix-les-Bains<\/h3>\n<div style=\"margin:0;font-size:13.5px;line-height:1.55;color:#4a4a4a;\">Du 9 au 12 juillet sur l&rsquo;esplanade du lac, en Savoie. Katy Perry, Orelsan, Gorillaz, Jamiroquai et Bigflo &amp; Oli m\u00e8nent une dizaine de concerts par jour sur trois sc\u00e8nes.<\/div>\n<\/article>\n<\/div>\n<aside style=\"background:#fff7e0;border-left:4px solid #d4a017;padding:14px 18px;margin:18px 0;border-radius:0 4px 4px 0;font-family:-apple-system,BlinkMacSystemFont,'Segoe UI',Roboto,sans-serif;\">\n  <strong style=\"display:inline-block;color:#7a5e00;font-size:12px;text-transform:uppercase;letter-spacing:1.5px;margin-right:8px;\">&#128161; Bon \u00e0 savoir<\/strong><br \/>\n  <span style=\"font-size:14.5px;line-height:1.55;color:#3a3a3a;\">Solidays et Garorock se d\u00e9roulent exactement aux m\u00eames dates (26 au 28 juin) : impossible de cumuler les deux. Choisissez selon l&rsquo;affiche et la distance.<\/span><br \/>\n<\/aside>\n<h2>Les incontournables r\u00e9gionaux et patrimoniaux<\/h2>\n<p>Au-del\u00e0 des grosses machines pop-rock, certains festivals tirent leur force de leur ancrage local et de leur identit\u00e9 musicale forte. Les Vieilles Charrues en Bretagne, les Francofolies de La Rochelle pour la chanson fran\u00e7aise et Jazz \u00e0 Juan sur la C\u00f4te d&rsquo;Azur figurent parmi les plus anciens et les plus embl\u00e9matiques du pays.<\/p>\n<div style=\"display:grid;grid-template-columns:repeat(auto-fit,minmax(220px,1fr));gap:14px;margin:28px 0;font-family:-apple-system,BlinkMacSystemFont,'Segoe UI',Roboto,sans-serif;\">\n<article style=\"background:#fff;border:1px solid #e5e5e0;border-top:3px solid #B11E6A;border-radius:6px;padding:18px 18px 16px;\">\n<div style=\"width:36px;height:36px;background:#FBEAF2;border-radius:50%;display:inline-flex;align-items:center;justify-content:center;margin-bottom:12px;\">\n      <span style=\"font-size:18px;color:#B11E6A;font-weight:900;font-family:Georgia,serif;\">08<\/span>\n    <\/div>\n<h3 style=\"margin:0 0 6px 0;font-size:16px;font-weight:700;color:#1a1a1a;letter-spacing:-0.01em;\">Les Vieilles Charrues &middot; Carhaix<\/h3>\n<div style=\"margin:0;font-size:13.5px;line-height:1.55;color:#4a4a4a;\">Du 16 au 19 juillet sur le site de Kerampuilh, pour cette 34<sup>e<\/sup> \u00e9dition. Nick Cave &amp; The Bad Seeds, Katy Perry, Mika, Orelsan, Gims et Aya Nakamura figurent parmi plus de 60 artistes.<\/div>\n<\/article>\n<article style=\"background:#fff;border:1px solid #e5e5e0;border-top:3px solid #B11E6A;border-radius:6px;padding:18px 18px 16px;\">\n<div style=\"width:36px;height:36px;background:#FBEAF2;border-radius:50%;display:inline-flex;align-items:center;justify-content:center;margin-bottom:12px;\">\n      <span style=\"font-size:18px;color:#B11E6A;font-weight:900;font-family:Georgia,serif;\">09<\/span>\n    <\/div>\n<h3 style=\"margin:0 0 6px 0;font-size:16px;font-weight:700;color:#1a1a1a;letter-spacing:-0.01em;\">Les Francofolies &middot; La Rochelle<\/h3>\n<div style=\"margin:0;font-size:13.5px;line-height:1.55;color:#4a4a4a;\">Du 10 au 14 juillet sur l&rsquo;esplanade Saint-Jean-d&rsquo;Acre, 42<sup>e<\/sup> \u00e9dition. La grande sc\u00e8ne accueille Gims, Niska, Orelsan, Aya Nakamura puis Mika en cl\u00f4ture, avec Julien Clerc et Hugues Aufray en int\u00e9rieur.<\/div>\n<\/article>\n<article style=\"background:#fff;border:1px solid #e5e5e0;border-top:3px solid #B11E6A;border-radius:6px;padding:18px 18px 16px;\">\n<div style=\"width:36px;height:36px;background:#FBEAF2;border-radius:50%;display:inline-flex;align-items:center;justify-content:center;margin-bottom:12px;\">\n      <span style=\"font-size:18px;color:#B11E6A;font-weight:900;font-family:Georgia,serif;\">10<\/span>\n    <\/div>\n<h3 style=\"margin:0 0 6px 0;font-size:16px;font-weight:700;color:#1a1a1a;letter-spacing:-0.01em;\">Jazz \u00e0 Juan &middot; Juan-les-Pins<\/h3>\n<div style=\"margin:0;font-size:13.5px;line-height:1.55;color:#4a4a4a;\">Du 9 au 19 juillet \u00e0 la Pin\u00e8de Gould, 65<sup>e<\/sup> \u00e9dition de ce festival mythique. Tom Jones, Seal, Marcus Miller, Thomas Dutronc et Samara Joy comptent parmi les t\u00eates d&rsquo;affiche.<\/div>\n<\/article>\n<\/div>\n<p>\u00c0 noter pour les amateurs de pop internationale : <strong>Lollapalooza Paris<\/strong>, habitu\u00e9 de l&rsquo;Hippodrome ParisLongchamp en juillet, ne se tiendra pas en 2026. Les organisateurs ont annonc\u00e9 en octobre 2025 une ann\u00e9e de pause, avec un retour pr\u00e9vu \u00e0 l&rsquo;\u00e9t\u00e9 2027.<\/p>\n<aside style=\"background:#fff7e0;border-left:4px solid #d4a017;padding:14px 18px;margin:18px 0;border-radius:0 4px 4px 0;font-family:-apple-system,BlinkMacSystemFont,'Segoe UI',Roboto,sans-serif;\">\n  <strong style=\"display:inline-block;color:#7a5e00;font-size:12px;text-transform:uppercase;letter-spacing:1.5px;margin-right:8px;\">&#128161; Bon \u00e0 savoir<\/strong><br \/>\n  <span style=\"font-size:14.5px;line-height:1.55;color:#3a3a3a;\">Jazz \u00e0 Juan s&rsquo;\u00e9tale sur onze jours (9 au 19 juillet) : c&rsquo;est l&rsquo;un des rares grands festivals o\u00f9 l&rsquo;on peut composer son s\u00e9jour \u00e0 la carte, soir par soir.<\/span><br \/>\n<\/aside>\n<h2>Comment bien pr\u00e9parer son festival 2026 ?<\/h2>\n<p>Quelques r\u00e9flexes simples permettent d&rsquo;\u00e9viter les mauvaises surprises, surtout lorsque les affiches affichent complet plusieurs mois \u00e0 l&rsquo;avance. Voici un r\u00e9capitulatif chiffr\u00e9 de cette saison estivale.<\/p>\n<figure style=\"margin:32px 0;padding:0;font-family:-apple-system,BlinkMacSystemFont,'Segoe UI',Roboto,sans-serif;\">\n<div style=\"display:grid;grid-template-columns:repeat(auto-fit,minmax(140px,1fr));background:#1a1a1a;border-radius:6px;overflow:hidden;\">\n<div style=\"padding:22px 16px;text-align:center;border-right:1px solid #2f2f2f;\">\n<div style=\"font-size:36px;font-weight:900;color:#fff;letter-spacing:-0.04em;line-height:1;\">10<\/div>\n<div style=\"font-size:11px;text-transform:uppercase;letter-spacing:1.5px;color:#9a9a9a;margin-top:8px;\">festivals couverts<\/div>\n<\/p><\/div>\n<div style=\"padding:22px 16px;text-align:center;border-right:1px solid #2f2f2f;\">\n<div style=\"font-size:36px;font-weight:900;color:#fff;letter-spacing:-0.04em;line-height:1;\">183<\/div>\n<div style=\"font-size:11px;text-transform:uppercase;letter-spacing:1.5px;color:#9a9a9a;margin-top:8px;\">groupes au Hellfest<\/div>\n<\/p><\/div>\n<div style=\"padding:22px 16px;text-align:center;\">\n<div style=\"font-size:36px;font-weight:900;color:#E8A8C8;letter-spacing:-0.04em;line-height:1;\">1<sup style=\"font-size:18px;\">er<\/sup><\/div>\n<div style=\"font-size:11px;text-transform:uppercase;letter-spacing:1.5px;color:#9a9a9a;margin-top:8px;\">festival : Hellfest, 18 juin<\/div>\n<\/p><\/div>\n<\/p><\/div><figcaption style=\"font-size:11px;color:#7a7a7a;margin-top:8px;text-align:right;letter-spacing:0.3px;\">Donn\u00e9es issues des annonces officielles des festivals.<\/figcaption><\/figure>\n<aside style=\"background:#fdecec;border-left:4px solid #c54848;padding:14px 18px;margin:18px 0;border-radius:0 4px 4px 0;font-family:-apple-system,BlinkMacSystemFont,'Segoe UI',Roboto,sans-serif;\">\n  <strong style=\"display:inline-block;color:#8a2020;font-size:12px;text-transform:uppercase;letter-spacing:1.5px;margin-right:8px;\">&#9888;&#65039; Attention<\/strong><br \/>\n  <span style=\"font-size:14.5px;line-height:1.55;color:#3a3a3a;\">Plusieurs festivals (Hellfest, Main Square, certaines soir\u00e9es des Francofolies) affichaient d\u00e9j\u00e0 complet au moment de la r\u00e9daction. N&rsquo;achetez vos billets que sur les billetteries officielles pour \u00e9viter les arnaques \u00e0 la revente.<\/span><br \/>\n<\/aside>\n<section style=\"margin:32px 0;font-family:-apple-system,BlinkMacSystemFont,'Segoe UI',Roboto,sans-serif;\">\n<h2 style=\"margin:0 0 18px 0;font-size:22px;font-weight:800;color:#1a1a1a;letter-spacing:-0.01em;\">Questions fr\u00e9quentes<\/h2>\n<div style=\"border-top:1px solid #d4cfc4;\">\n<details style=\"border-bottom:1px solid #d4cfc4;padding:0;\">\n<summary style=\"cursor:pointer;padding:16px 0;font-size:17px;font-weight:700;color:#1a1a1a;list-style:none;display:flex;justify-content:space-between;align-items:center;gap:14px;\">\n        <span>Quel est le premier grand festival de l&rsquo;\u00e9t\u00e9 2026 ?<\/span><br \/>\n        <span style=\"font-size:22px;font-weight:300;color:#B11E6A;line-height:1;\">+<\/span><br \/>\n      <\/summary>\n<div style=\"padding:0 0 16px 0;font-size:15px;line-height:1.7;color:#4a4a4a;\">Le Hellfest ouvre la saison du 18 au 21 juin \u00e0 Clisson, en Loire-Atlantique, avec Iron Maiden, Bring Me The Horizon, Limp Bizkit et The Offspring en t\u00eates d&rsquo;affiche.<\/div>\n<\/details>\n<details style=\"border-bottom:1px solid #d4cfc4;padding:0;\">\n<summary style=\"cursor:pointer;padding:16px 0;font-size:17px;font-weight:700;color:#1a1a1a;list-style:none;display:flex;justify-content:space-between;align-items:center;gap:14px;\">\n        <span>Quels artistes reviennent le plus souvent sur les affiches 2026 ?<\/span><br \/>\n        <span style=\"font-size:22px;font-weight:300;color:#B11E6A;line-height:1;\">+<\/span><br \/>\n      <\/summary>\n<div style=\"padding:0 0 16px 0;font-size:15px;line-height:1.7;color:#4a4a4a;\">Orelsan figure sur de nombreuses affiches (Solidays, Eurock\u00e9ennes, Main Square, Musilac, Francofolies, Vieilles Charrues, Beauregard). Katy Perry est t\u00eate d&rsquo;affiche au Main Square, \u00e0 Musilac et aux Vieilles Charrues. Gims et Bigflo &amp; Oli sont \u00e9galement tr\u00e8s pr\u00e9sents.<\/div>\n<\/details>\n<details style=\"border-bottom:1px solid #d4cfc4;padding:0;\">\n<summary style=\"cursor:pointer;padding:16px 0;font-size:17px;font-weight:700;color:#1a1a1a;list-style:none;display:flex;justify-content:space-between;align-items:center;gap:14px;\">\n        <span>Lollapalooza Paris a-t-il lieu en 2026 ?<\/span><br \/>\n        <span style=\"font-size:22px;font-weight:300;color:#B11E6A;line-height:1;\">+<\/span><br \/>\n      <\/summary>\n<div style=\"padding:0 0 16px 0;font-size:15px;line-height:1.7;color:#4a4a4a;\">Non. Les organisateurs ont annonc\u00e9 en octobre 2025 que l&rsquo;\u00e9dition 2026 n&rsquo;aurait pas lieu. Le festival fait une pause d&rsquo;un an et doit revenir \u00e0 l&rsquo;Hippodrome ParisLongchamp \u00e0 l&rsquo;\u00e9t\u00e9 2027.<\/div>\n<\/details>\n<details style=\"border-bottom:1px solid #d4cfc4;padding:0;\">\n<summary style=\"cursor:pointer;padding:16px 0;font-size:17px;font-weight:700;color:#1a1a1a;list-style:none;display:flex;justify-content:space-between;align-items:center;gap:14px;\">\n        <span>O\u00f9 voir Katy Perry en festival cet \u00e9t\u00e9 ?<\/span><br \/>\n        <span style=\"font-size:22px;font-weight:300;color:#B11E6A;line-height:1;\">+<\/span><br \/>\n      <\/summary>\n<div style=\"padding:0 0 16px 0;font-size:15px;line-height:1.7;color:#4a4a4a;\">Katy Perry est annonc\u00e9e comme t\u00eate d&rsquo;affiche du Main Square Festival d&rsquo;Arras (vendredi 3 juillet), du Musilac \u00e0 Aix-les-Bains (9 au 12 juillet) et des Vieilles Charrues \u00e0 Carhaix (16 au 19 juillet).<\/div>\n<\/details>\n<details style=\"padding:0;\">\n<summary style=\"cursor:pointer;padding:16px 0;font-size:17px;font-weight:700;color:#1a1a1a;list-style:none;display:flex;justify-content:space-between;align-items:center;gap:14px;\">\n        <span>Les programmations annonc\u00e9es sont-elles d\u00e9finitives ?<\/span><br \/>\n        <span style=\"font-size:22px;font-weight:300;color:#B11E6A;line-height:1;\">+<\/span><br \/>\n      <\/summary>\n<div style=\"padding:0 0 16px 0;font-size:15px;line-height:1.7;color:#4a4a4a;\">Non. Les affiches restent indicatives jusqu&rsquo;au jour J : des artistes peuvent s&rsquo;ajouter, et des annulations de derni\u00e8re minute sont toujours possibles. V\u00e9rifiez les sites officiels des festivals avant de r\u00e9server vos d\u00e9placements.<\/div>\n<\/details><\/div>\n<\/section>\n<p>L&rsquo;\u00e9t\u00e9 2026 confirme la vitalit\u00e9 des festivals fran\u00e7ais : une dizaine de grands rendez-vous, des affiches m\u00ealant l\u00e9gendes (Iron Maiden, Nick Cave, Tom Jones) et stars actuelles (Katy Perry, Orelsan, Aya Nakamura), r\u00e9partis sur tout le territoire entre la mi-juin et la mi-juillet. Quelle que soit votre couleur musicale, il y a un festival fait pour vous &mdash; \u00e0 condition de r\u00e9server \u00e0 temps.<\/p>\n<p style=\"font-size:13px;color:#6a6a6a;margin-top:32px;\">Sources : sites officiels des festivals et presse. Programmations indicatives, article mis \u00e0 jour r\u00e9guli\u00e8rement.<\/p>\n","protected":false},"excerpt":{"rendered":"","protected":false},"author":40,"featured_media":999999999,"comment_status":"open","ping_status":"open","sticky":false,"template":"","format":"standard","meta":{"_acf_changed":false,"manual_indexmenow":false,"indexmenow_id_project":0,"footnotes":""},"categories":[4522],"tags":[],"class_list":["post-8016","post","type-post","status-publish","format-standard","has-post-thumbnail","hentry","category-musique-et-icones-musicales","generate-columns","tablet-grid-50","mobile-grid-100","grid-parent","grid-25"],"acf":[],"yoast_head":"<!-- This site is optimized with the Yoast SEO Premium plugin v21.3 (Yoast SEO v26.5) - https:\/\/yoast.com\/wordpress\/plugins\/seo\/ -->\n<title>Les grands festivals de musique de l&#039;\u00e9t\u00e9 2026 en France<\/title>\n<meta name=\"description\" content=\"Chaque ann\u00e9e, la France revendique l&#039;un des calendriers de festivals les plus denses d&#039;Europe. L&#039;\u00e9t\u00e9 2026 ne fait pas exception : entre rock, m\u00e9tal, rap\" \/>\n<meta name=\"robots\" content=\"index, follow, max-snippet:-1, max-image-preview:large, max-video-preview:-1\" \/>\n<link rel=\"canonical\" href=\"https:\/\/starstory.fr\/blog\/musique-et-icones-musicales\/les-grands-festivals-de-musique-de-l-ete-2026-en-france-dates-et-tetes\/\" \/>\n<meta property=\"og:locale\" content=\"fr_FR\" \/>\n<meta property=\"og:type\" content=\"article\" \/>\n<meta property=\"og:title\" content=\"Les grands festivals de musique de l&#039;\u00e9t\u00e9 2026 en France\" \/>\n<meta property=\"og:description\" content=\"Chaque ann\u00e9e, la France revendique l&#039;un des calendriers de festivals les plus denses d&#039;Europe. L&#039;\u00e9t\u00e9 2026 ne fait pas exception : entre rock, m\u00e9tal, rap\" \/>\n<meta property=\"og:url\" content=\"https:\/\/starstory.fr\/blog\/musique-et-icones-musicales\/les-grands-festivals-de-musique-de-l-ete-2026-en-france-dates-et-tetes\/\" \/>\n<meta property=\"og:site_name\" content=\"starstory\" \/>\n<meta name=\"author\" content=\"Julien Vaillant\" \/>\n<meta name=\"twitter:card\" content=\"summary_large_image\" \/>\n<script type=\"application\/ld+json\" class=\"yoast-schema-graph\">{\"@context\":\"https:\/\/schema.org\",\"@graph\":[{\"@type\":\"NewsArticle\",\"@id\":\"https:\/\/starstory.fr\/blog\/musique-et-icones-musicales\/les-grands-festivals-de-musique-de-l-ete-2026-en-france-dates-et-tetes\/#article\",\"isPartOf\":{\"@id\":\"https:\/\/starstory.fr\/blog\/musique-et-icones-musicales\/les-grands-festivals-de-musique-de-l-ete-2026-en-france-dates-et-tetes\/\"},\"author\":{\"name\":\"Julien Vaillant\",\"@id\":\"https:\/\/starstory.fr\/blog\/#\/schema\/person\/62af054f7df7ce17580aee7a5c41b89c\"},\"headline\":\"Les grands festivals de musique de l&rsquo;\u00e9t\u00e9 2026 en France : dates et t\u00eates d&rsquo;affiche\",\"datePublished\":\"2026-06-06T10:36:08+00:00\",\"mainEntityOfPage\":{\"@id\":\"https:\/\/starstory.fr\/blog\/musique-et-icones-musicales\/les-grands-festivals-de-musique-de-l-ete-2026-en-france-dates-et-tetes\/\"},\"wordCount\":1570,\"commentCount\":0,\"publisher\":{\"@id\":\"https:\/\/starstory.fr\/blog\/#organization\"},\"image\":{\"@id\":\"https:\/\/starstory.fr\/blog\/musique-et-icones-musicales\/les-grands-festivals-de-musique-de-l-ete-2026-en-france-dates-et-tetes\/#primaryimage\"},\"thumbnailUrl\":\"https:\/\/images.pexels.com\/photos\/19943363\/pexels-photo-19943363.jpeg?auto=compress&cs=tinysrgb&fit=crop&h=627&w=1200\",\"articleSection\":[\"Musique et Ic\u00f4nes Musicales\"],\"inLanguage\":\"fr-FR\",\"potentialAction\":[{\"@type\":\"CommentAction\",\"name\":\"Comment\",\"target\":[\"https:\/\/starstory.fr\/blog\/musique-et-icones-musicales\/les-grands-festivals-de-musique-de-l-ete-2026-en-france-dates-et-tetes\/#respond\"]}]},{\"@type\":\"WebPage\",\"@id\":\"https:\/\/starstory.fr\/blog\/musique-et-icones-musicales\/les-grands-festivals-de-musique-de-l-ete-2026-en-france-dates-et-tetes\/\",\"url\":\"https:\/\/starstory.fr\/blog\/musique-et-icones-musicales\/les-grands-festivals-de-musique-de-l-ete-2026-en-france-dates-et-tetes\/\",\"name\":\"Les grands festivals de musique de l'\u00e9t\u00e9 2026 en France\",\"isPartOf\":{\"@id\":\"https:\/\/starstory.fr\/blog\/#website\"},\"primaryImageOfPage\":{\"@id\":\"https:\/\/starstory.fr\/blog\/musique-et-icones-musicales\/les-grands-festivals-de-musique-de-l-ete-2026-en-france-dates-et-tetes\/#primaryimage\"},\"image\":{\"@id\":\"https:\/\/starstory.fr\/blog\/musique-et-icones-musicales\/les-grands-festivals-de-musique-de-l-ete-2026-en-france-dates-et-tetes\/#primaryimage\"},\"thumbnailUrl\":\"https:\/\/images.pexels.com\/photos\/19943363\/pexels-photo-19943363.jpeg?auto=compress&cs=tinysrgb&fit=crop&h=627&w=1200\",\"datePublished\":\"2026-06-06T10:36:08+00:00\",\"description\":\"Chaque ann\u00e9e, la France revendique l'un des calendriers de festivals les plus denses d'Europe. L'\u00e9t\u00e9 2026 ne fait pas exception : entre rock, m\u00e9tal, rap\",\"inLanguage\":\"fr-FR\",\"potentialAction\":[{\"@type\":\"ReadAction\",\"target\":[\"https:\/\/starstory.fr\/blog\/musique-et-icones-musicales\/les-grands-festivals-de-musique-de-l-ete-2026-en-france-dates-et-tetes\/\"]}]},{\"@type\":\"ImageObject\",\"inLanguage\":\"fr-FR\",\"@id\":\"https:\/\/starstory.fr\/blog\/musique-et-icones-musicales\/les-grands-festivals-de-musique-de-l-ete-2026-en-france-dates-et-tetes\/#primaryimage\",\"url\":\"https:\/\/images.pexels.com\/photos\/19943363\/pexels-photo-19943363.jpeg?auto=compress&cs=tinysrgb&fit=crop&h=627&w=1200\",\"contentUrl\":\"https:\/\/images.pexels.com\/photos\/19943363\/pexels-photo-19943363.jpeg?auto=compress&cs=tinysrgb&fit=crop&h=627&w=1200\"},{\"@type\":\"WebSite\",\"@id\":\"https:\/\/starstory.fr\/blog\/#website\",\"url\":\"https:\/\/starstory.fr\/blog\/\",\"name\":\"StarStory\",\"description\":\"StarStory, les \u00e9toiles racontent leur histoire\",\"publisher\":{\"@id\":\"https:\/\/starstory.fr\/blog\/#organization\"},\"alternateName\":\"StarStory, les \u00e9toiles racontent leur histoire\",\"potentialAction\":[{\"@type\":\"SearchAction\",\"target\":{\"@type\":\"EntryPoint\",\"urlTemplate\":\"https:\/\/starstory.fr\/blog\/?s={search_term_string}\"},\"query-input\":{\"@type\":\"PropertyValueSpecification\",\"valueRequired\":true,\"valueName\":\"search_term_string\"}}],\"inLanguage\":\"fr-FR\"},{\"@type\":\"Organization\",\"@id\":\"https:\/\/starstory.fr\/blog\/#organization\",\"name\":\"StarStory\",\"alternateName\":\"StarStory.fr\",\"url\":\"https:\/\/starstory.fr\/blog\/\",\"logo\":{\"@type\":\"ImageObject\",\"inLanguage\":\"fr-FR\",\"@id\":\"https:\/\/starstory.fr\/blog\/#\/schema\/logo\/image\/\",\"url\":\"https:\/\/starstory.fr\/blog\/wp-content\/uploads\/2024\/12\/38.png\",\"contentUrl\":\"https:\/\/starstory.fr\/blog\/wp-content\/uploads\/2024\/12\/38.png\",\"width\":500,\"height\":500,\"caption\":\"StarStory\"},\"image\":{\"@id\":\"https:\/\/starstory.fr\/blog\/#\/schema\/logo\/image\/\"}},{\"@type\":\"Person\",\"@id\":\"https:\/\/starstory.fr\/blog\/#\/schema\/person\/62af054f7df7ce17580aee7a5c41b89c\",\"name\":\"Julien Vaillant\",\"image\":{\"@type\":\"ImageObject\",\"inLanguage\":\"fr-FR\",\"@id\":\"https:\/\/starstory.fr\/blog\/#\/schema\/person\/image\/\",\"url\":\"https:\/\/secure.gravatar.com\/avatar\/?s=96&d=mm&r=g\",\"contentUrl\":\"https:\/\/secure.gravatar.com\/avatar\/?s=96&d=mm&r=g\",\"caption\":\"Julien Vaillant\"},\"description\":\"Julien met en lumi\u00e8re les acteurs, r\u00e9alisateurs et r\u00f4les embl\u00e9matiques qui ont marqu\u00e9 les \u00e9poques.\",\"url\":\"https:\/\/starstory.fr\/blog\/auteur\/julien-bernard\/\"}]}<\/script>\n<!-- \/ Yoast SEO Premium plugin. -->","yoast_head_json":{"title":"Les grands festivals de musique de l'\u00e9t\u00e9 2026 en France","description":"Chaque ann\u00e9e, la France revendique l'un des calendriers de festivals les plus denses d'Europe. L'\u00e9t\u00e9 2026 ne fait pas exception : entre rock, m\u00e9tal, rap","robots":{"index":"index","follow":"follow","max-snippet":"max-snippet:-1","max-image-preview":"max-image-preview:large","max-video-preview":"max-video-preview:-1"},"canonical":"https:\/\/starstory.fr\/blog\/musique-et-icones-musicales\/les-grands-festivals-de-musique-de-l-ete-2026-en-france-dates-et-tetes\/","og_locale":"fr_FR","og_type":"article","og_title":"Les grands festivals de musique de l'\u00e9t\u00e9 2026 en France","og_description":"Chaque ann\u00e9e, la France revendique l'un des calendriers de festivals les plus denses d'Europe. L'\u00e9t\u00e9 2026 ne fait pas exception : entre rock, m\u00e9tal, rap","og_url":"https:\/\/starstory.fr\/blog\/musique-et-icones-musicales\/les-grands-festivals-de-musique-de-l-ete-2026-en-france-dates-et-tetes\/","og_site_name":"starstory","author":"Julien Vaillant","twitter_card":"summary_large_image","schema":{"@context":"https:\/\/schema.org","@graph":[{"@type":"NewsArticle","@id":"https:\/\/starstory.fr\/blog\/musique-et-icones-musicales\/les-grands-festivals-de-musique-de-l-ete-2026-en-france-dates-et-tetes\/#article","isPartOf":{"@id":"https:\/\/starstory.fr\/blog\/musique-et-icones-musicales\/les-grands-festivals-de-musique-de-l-ete-2026-en-france-dates-et-tetes\/"},"author":{"name":"Julien Vaillant","@id":"https:\/\/starstory.fr\/blog\/#\/schema\/person\/62af054f7df7ce17580aee7a5c41b89c"},"headline":"Les grands festivals de musique de l&rsquo;\u00e9t\u00e9 2026 en France : dates et t\u00eates d&rsquo;affiche","datePublished":"2026-06-06T10:36:08+00:00","mainEntityOfPage":{"@id":"https:\/\/starstory.fr\/blog\/musique-et-icones-musicales\/les-grands-festivals-de-musique-de-l-ete-2026-en-france-dates-et-tetes\/"},"wordCount":1570,"commentCount":0,"publisher":{"@id":"https:\/\/starstory.fr\/blog\/#organization"},"image":{"@id":"https:\/\/starstory.fr\/blog\/musique-et-icones-musicales\/les-grands-festivals-de-musique-de-l-ete-2026-en-france-dates-et-tetes\/#primaryimage"},"thumbnailUrl":"https:\/\/images.pexels.com\/photos\/19943363\/pexels-photo-19943363.jpeg?auto=compress&cs=tinysrgb&fit=crop&h=627&w=1200","articleSection":["Musique et Ic\u00f4nes Musicales"],"inLanguage":"fr-FR","potentialAction":[{"@type":"CommentAction","name":"Comment","target":["https:\/\/starstory.fr\/blog\/musique-et-icones-musicales\/les-grands-festivals-de-musique-de-l-ete-2026-en-france-dates-et-tetes\/#respond"]}]},{"@type":"WebPage","@id":"https:\/\/starstory.fr\/blog\/musique-et-icones-musicales\/les-grands-festivals-de-musique-de-l-ete-2026-en-france-dates-et-tetes\/","url":"https:\/\/starstory.fr\/blog\/musique-et-icones-musicales\/les-grands-festivals-de-musique-de-l-ete-2026-en-france-dates-et-tetes\/","name":"Les grands festivals de musique de l'\u00e9t\u00e9 2026 en France","isPartOf":{"@id":"https:\/\/starstory.fr\/blog\/#website"},"primaryImageOfPage":{"@id":"https:\/\/starstory.fr\/blog\/musique-et-icones-musicales\/les-grands-festivals-de-musique-de-l-ete-2026-en-france-dates-et-tetes\/#primaryimage"},"image":{"@id":"https:\/\/starstory.fr\/blog\/musique-et-icones-musicales\/les-grands-festivals-de-musique-de-l-ete-2026-en-france-dates-et-tetes\/#primaryimage"},"thumbnailUrl":"https:\/\/images.pexels.com\/photos\/19943363\/pexels-photo-19943363.jpeg?auto=compress&cs=tinysrgb&fit=crop&h=627&w=1200","datePublished":"2026-06-06T10:36:08+00:00","description":"Chaque ann\u00e9e, la France revendique l'un des calendriers de festivals les plus denses d'Europe. L'\u00e9t\u00e9 2026 ne fait pas exception : entre rock, m\u00e9tal, rap","inLanguage":"fr-FR","potentialAction":[{"@type":"ReadAction","target":["https:\/\/starstory.fr\/blog\/musique-et-icones-musicales\/les-grands-festivals-de-musique-de-l-ete-2026-en-france-dates-et-tetes\/"]}]},{"@type":"ImageObject","inLanguage":"fr-FR","@id":"https:\/\/starstory.fr\/blog\/musique-et-icones-musicales\/les-grands-festivals-de-musique-de-l-ete-2026-en-france-dates-et-tetes\/#primaryimage","url":"https:\/\/images.pexels.com\/photos\/19943363\/pexels-photo-19943363.jpeg?auto=compress&cs=tinysrgb&fit=crop&h=627&w=1200","contentUrl":"https:\/\/images.pexels.com\/photos\/19943363\/pexels-photo-19943363.jpeg?auto=compress&cs=tinysrgb&fit=crop&h=627&w=1200"},{"@type":"WebSite","@id":"https:\/\/starstory.fr\/blog\/#website","url":"https:\/\/starstory.fr\/blog\/","name":"StarStory","description":"StarStory, les \u00e9toiles racontent leur histoire","publisher":{"@id":"https:\/\/starstory.fr\/blog\/#organization"},"alternateName":"StarStory, les \u00e9toiles racontent leur histoire","potentialAction":[{"@type":"SearchAction","target":{"@type":"EntryPoint","urlTemplate":"https:\/\/starstory.fr\/blog\/?s={search_term_string}"},"query-input":{"@type":"PropertyValueSpecification","valueRequired":true,"valueName":"search_term_string"}}],"inLanguage":"fr-FR"},{"@type":"Organization","@id":"https:\/\/starstory.fr\/blog\/#organization","name":"StarStory","alternateName":"StarStory.fr","url":"https:\/\/starstory.fr\/blog\/","logo":{"@type":"ImageObject","inLanguage":"fr-FR","@id":"https:\/\/starstory.fr\/blog\/#\/schema\/logo\/image\/","url":"https:\/\/starstory.fr\/blog\/wp-content\/uploads\/2024\/12\/38.png","contentUrl":"https:\/\/starstory.fr\/blog\/wp-content\/uploads\/2024\/12\/38.png","width":500,"height":500,"caption":"StarStory"},"image":{"@id":"https:\/\/starstory.fr\/blog\/#\/schema\/logo\/image\/"}},{"@type":"Person","@id":"https:\/\/starstory.fr\/blog\/#\/schema\/person\/62af054f7df7ce17580aee7a5c41b89c","name":"Julien Vaillant","image":{"@type":"ImageObject","inLanguage":"fr-FR","@id":"https:\/\/starstory.fr\/blog\/#\/schema\/person\/image\/","url":"https:\/\/secure.gravatar.com\/avatar\/?s=96&d=mm&r=g","contentUrl":"https:\/\/secure.gravatar.com\/avatar\/?s=96&d=mm&r=g","caption":"Julien Vaillant"},"description":"Julien met en lumi\u00e8re les acteurs, r\u00e9alisateurs et r\u00f4les embl\u00e9matiques qui ont marqu\u00e9 les \u00e9poques.","url":"https:\/\/starstory.fr\/blog\/auteur\/julien-bernard\/"}]}},"_links":{"self":[{"href":"https:\/\/starstory.fr\/blog\/wp-json\/wp\/v2\/posts\/8016","targetHints":{"allow":["GET"]}}],"collection":[{"href":"https:\/\/starstory.fr\/blog\/wp-json\/wp\/v2\/posts"}],"about":[{"href":"https:\/\/starstory.fr\/blog\/wp-json\/wp\/v2\/types\/post"}],"author":[{"embeddable":true,"href":"https:\/\/starstory.fr\/blog\/wp-json\/wp\/v2\/users\/40"}],"replies":[{"embeddable":true,"href":"https:\/\/starstory.fr\/blog\/wp-json\/wp\/v2\/comments?post=8016"}],"version-history":[{"count":0,"href":"https:\/\/starstory.fr\/blog\/wp-json\/wp\/v2\/posts\/8016\/revisions"}],"wp:attachment":[{"href":"https:\/\/starstory.fr\/blog\/wp-json\/wp\/v2\/media?parent=8016"}],"wp:term":[{"taxonomy":"category","embeddable":true,"href":"https:\/\/starstory.fr\/blog\/wp-json\/wp\/v2\/categories?post=8016"},{"taxonomy":"post_tag","embeddable":true,"href":"https:\/\/starstory.fr\/blog\/wp-json\/wp\/v2\/tags?post=8016"}],"curies":[{"name":"wp","href":"https:\/\/api.w.org\/{rel}","templated":true}]}}