{"id":8015,"date":"2026-06-06T12:35:53","date_gmt":"2026-06-06T10:35:53","guid":{"rendered":"https:\/\/starstory.fr\/blog\/cinema-et-television\/cinema-les-films-les-plus-attendus-de-l-ete-2026\/"},"modified":"2026-08-07T22:55:30","modified_gmt":"2026-08-07T20:55:30","slug":"cinema-les-films-les-plus-attendus-de-l-ete-2026","status":"publish","type":"post","link":"https:\/\/starstory.fr\/blog\/cinema-et-television\/cinema-les-films-les-plus-attendus-de-l-ete-2026\/","title":{"rendered":"Cin\u00e9ma : les films les plus attendus de l&rsquo;\u00e9t\u00e9 2026"},"content":{"rendered":"<aside style=\"background:#eef6ee;border-left:5px solid #2e7d32;padding:16px 20px;margin:20px 0;font-family:-apple-system,BlinkMacSystemFont,'Segoe UI',Roboto,sans-serif;\"><strong style=\"display:block;font-size:11px;text-transform:uppercase;letter-spacing:1.6px;color:#2e7d32;margin-bottom:6px;\">Mise &agrave; jour du 7 ao&ucirc;t 2026<\/strong><span style=\"font-size:14.5px;line-height:1.6;color:#2a2a2a;\">Dix des onze films de ce panorama sont d&eacute;sormais sortis&#8239;: seul <em>The Dog Stars<\/em> de Ridley Scott (28 ao&ucirc;t) reste &agrave; venir. Nous ajoutons ci-dessous une sortie fran&ccedil;aise du 12 ao&ucirc;t qui ne figurait pas dans la s&eacute;lection initiale.<\/span><\/aside>\n<aside style=\"background:#FBEAF2;border-left:5px solid #B11E6A;padding:22px 28px;margin:24px 0;font-family:-apple-system,BlinkMacSystemFont,'Segoe UI',Roboto,sans-serif;\">\n<div style=\"margin:0;font-size:19px;line-height:1.55;color:#2a2a2a;font-weight:500;letter-spacing:-0.005em;\">\n    L&rsquo;\u00e9t\u00e9 2026 aligne l&rsquo;un des calendriers les plus denses de la d\u00e9cennie : un nouveau Spielberg en IMAX, le retour de Pixar avec <em>Toy Story 5<\/em>, l&rsquo;<em>Odyss\u00e9e<\/em> de Christopher Nolan tourn\u00e9e int\u00e9gralement en pellicule 70 mm, le Moana live-action et un Spider-Man qui cl\u00f4t la saison. Voici les 10 films r\u00e9ellement attendus en salles entre juin et ao\u00fbt, avec dates et castings v\u00e9rifi\u00e9s.\n  <\/div>\n<\/aside>\n<aside style=\"background:#fafaf7;border:1px solid #e5e5e0;border-radius:8px;padding:24px 26px 26px;margin:28px 0;font-family:-apple-system,BlinkMacSystemFont,'Segoe UI',Roboto,sans-serif;\">\n<div style=\"margin:0 0 18px 0;font-size:11px;font-weight:700;text-transform:uppercase;letter-spacing:2.2px;color:#B11E6A;\">\u00c0 retenir<\/div>\n<div style=\"display:grid;grid-template-columns:repeat(auto-fit,minmax(240px,1fr));gap:10px;\">\n<div style=\"display:flex;gap:12px;background:#fff;border:1px solid #ebebe5;padding:12px 14px;border-radius:6px;align-items:flex-start;\">\n      <span style=\"flex:0 0 26px;width:26px;height:26px;background:#B11E6A;color:#fff;border-radius:50%;display:inline-flex;align-items:center;justify-content:center;font-size:12px;font-weight:700;font-family:-apple-system,sans-serif;\">1<\/span><br \/>\n      <span style=\"font-size:14px;line-height:1.5;color:#2a2a2a;\">Trois mastodontes d&rsquo;auteur : Spielberg (<em>Disclosure Day<\/em>), Nolan (<em>L&rsquo;Odyss\u00e9e<\/em>) et Ridley Scott (<em>The Dog Stars<\/em>).<\/span>\n    <\/div>\n<div style=\"display:flex;gap:12px;background:#fff;border:1px solid #ebebe5;padding:12px 14px;border-radius:6px;align-items:flex-start;\">\n      <span style=\"flex:0 0 26px;width:26px;height:26px;background:#B11E6A;color:#fff;border-radius:50%;display:inline-flex;align-items:center;justify-content:center;font-size:12px;font-weight:700;font-family:-apple-system,sans-serif;\">2<\/span><br \/>\n      <span style=\"font-size:14px;line-height:1.5;color:#2a2a2a;\">Disney mise gros : <em>Toy Story 5<\/em> et le <em>Moana<\/em> live-action, dix ans apr\u00e8s l&rsquo;original.<\/span>\n    <\/div>\n<div style=\"display:flex;gap:12px;background:#fff;border:1px solid #ebebe5;padding:12px 14px;border-radius:6px;align-items:flex-start;\">\n      <span style=\"flex:0 0 26px;width:26px;height:26px;background:#B11E6A;color:#fff;border-radius:50%;display:inline-flex;align-items:center;justify-content:center;font-size:12px;font-weight:700;font-family:-apple-system,sans-serif;\">3<\/span><br \/>\n      <span style=\"font-size:14px;line-height:1.5;color:#2a2a2a;\">Super-h\u00e9ros en force : <em>Supergirl<\/em> (DCU) et <em>Spider-Man: Brand New Day<\/em> (Marvel).<\/span>\n    <\/div>\n<div style=\"display:flex;gap:12px;background:#fff;border:1px solid #ebebe5;padding:12px 14px;border-radius:6px;align-items:flex-start;\">\n      <span style=\"flex:0 0 26px;width:26px;height:26px;background:#B11E6A;color:#fff;border-radius:50%;display:inline-flex;align-items:center;justify-content:center;font-size:12px;font-weight:700;font-family:-apple-system,sans-serif;\">4<\/span><br \/>\n      <span style=\"font-size:14px;line-height:1.5;color:#2a2a2a;\">Une touche fran\u00e7aise et horrifique : <em>Evil Dead Burn<\/em>, r\u00e9alis\u00e9 par S\u00e9bastien Vani\u010dek avec Souheila Yacoub.<\/span>\n    <\/div>\n<\/p><\/div>\n<\/aside>\n<p>Apr\u00e8s un printemps d\u00e9j\u00e0 charg\u00e9 \u2014 <em>Le Diable s&rsquo;habille en Prada 2<\/em> est sorti d\u00e8s le 1er mai 2026, signant l&rsquo;un des plus gros succ\u00e8s de l&rsquo;ann\u00e9e avec Meryl Streep, Anne Hathaway et Emily Blunt de retour \u2014 l&rsquo;\u00e9t\u00e9 promet un d\u00e9ferlement de poids lourds. Animation, super-h\u00e9ros, science-fiction d&rsquo;auteur, horreur : tous les genres sont repr\u00e9sent\u00e9s entre le mois de juin et la fin ao\u00fbt. Tour d&rsquo;horizon des sorties confirm\u00e9es, class\u00e9es par mois.<\/p>\n<h2>Les films les plus attendus de l&rsquo;\u00e9t\u00e9 2026<\/h2>\n<p>Les dates ci-dessous sont confirm\u00e9es par les distributeurs. Lorsque la date fran\u00e7aise pr\u00e9cise n&rsquo;est pas encore arr\u00eat\u00e9e, nous l&rsquo;indiquons au conditionnel \u00e0 partir de la sortie internationale connue.<\/p>\n<div style=\"display:grid;grid-template-columns:repeat(auto-fit,minmax(260px,1fr));gap:14px;margin:28px 0;font-family:-apple-system,BlinkMacSystemFont,'Segoe UI',Roboto,sans-serif;\">\n<article style=\"background:#fff;border:1px solid #e5e5e0;border-top:3px solid #B11E6A;border-radius:6px;padding:18px 18px 16px;\">\n<div style=\"width:36px;height:36px;background:#FBEAF2;border-radius:50%;display:inline-flex;align-items:center;justify-content:center;margin-bottom:12px;\">\n      <span style=\"font-size:18px;color:#B11E6A;font-weight:900;font-family:Georgia,serif;\">01<\/span>\n    <\/div>\n<h3 style=\"margin:0 0 6px 0;font-size:16px;font-weight:700;color:#1a1a1a;letter-spacing:-0.01em;\">Masters of the Universe<\/h3>\n<div style=\"margin:0 0 8px 0;font-size:12px;font-weight:700;color:#B11E6A;text-transform:uppercase;letter-spacing:1px;\">Sortie US : 5 juin 2026<\/div>\n<div style=\"margin:0 0 8px 0;font-size:13px;color:#4a4a4a;\"><strong>Casting :<\/strong> Nicholas Galitzine (Prince Adam \/ Musclor), Jared Leto (Skeletor). R\u00e9alis\u00e9 par Travis Knight.<\/div>\n<div style=\"margin:0;font-size:13.5px;line-height:1.55;color:#4a4a4a;\">L&rsquo;adaptation live-action du dessin anim\u00e9 culte des ann\u00e9es 80, port\u00e9e par Sony. Un blockbuster fantasy qui lance la saison estivale d\u00e8s le d\u00e9but juin.<\/div>\n<\/article>\n<article style=\"background:#fff;border:1px solid #e5e5e0;border-top:3px solid #B11E6A;border-radius:6px;padding:18px 18px 16px;\">\n<div style=\"width:36px;height:36px;background:#FBEAF2;border-radius:50%;display:inline-flex;align-items:center;justify-content:center;margin-bottom:12px;\">\n      <span style=\"font-size:18px;color:#B11E6A;font-weight:900;font-family:Georgia,serif;\">02<\/span>\n    <\/div>\n<h3 style=\"margin:0 0 6px 0;font-size:16px;font-weight:700;color:#1a1a1a;letter-spacing:-0.01em;\">Disclosure Day<\/h3>\n<div style=\"margin:0 0 8px 0;font-size:12px;font-weight:700;color:#B11E6A;text-transform:uppercase;letter-spacing:1px;\">Sortie US (IMAX) : 12 juin 2026<\/div>\n<div style=\"margin:0 0 8px 0;font-size:13px;color:#4a4a4a;\"><strong>Casting :<\/strong> Emily Blunt, Josh O&rsquo;Connor, Colin Firth, Colman Domingo, Eve Hewson. R\u00e9alis\u00e9 par Steven Spielberg.<\/div>\n<div style=\"margin:0;font-size:13.5px;line-height:1.55;color:#4a4a4a;\">Le retour de Spielberg \u00e0 la science-fiction extraterrestre, son terrain de jeu historique. Les premi\u00e8res r\u00e9actions saluent \u00ab son meilleur film en 20 ans \u00bb et la performance d&rsquo;Emily Blunt.<\/div>\n<\/article>\n<article style=\"background:#fff;border:1px solid #e5e5e0;border-top:3px solid #B11E6A;border-radius:6px;padding:18px 18px 16px;\">\n<div style=\"width:36px;height:36px;background:#FBEAF2;border-radius:50%;display:inline-flex;align-items:center;justify-content:center;margin-bottom:12px;\">\n      <span style=\"font-size:18px;color:#B11E6A;font-weight:900;font-family:Georgia,serif;\">03<\/span>\n    <\/div>\n<h3 style=\"margin:0 0 6px 0;font-size:16px;font-weight:700;color:#1a1a1a;letter-spacing:-0.01em;\">Toy Story 5<\/h3>\n<div style=\"margin:0 0 8px 0;font-size:12px;font-weight:700;color:#B11E6A;text-transform:uppercase;letter-spacing:1px;\">Sortie US : 19 juin 2026<\/div>\n<div style=\"margin:0 0 8px 0;font-size:13px;color:#4a4a4a;\"><strong>Casting (voix) :<\/strong> Tom Hanks (Woody), Tim Allen (Buzz), Joan Cusack (Jessie), Greta Lee, Conan O&rsquo;Brien. Musique de Randy Newman.<\/div>\n<div style=\"margin:0;font-size:13.5px;line-height:1.55;color:#4a4a4a;\">Pixar relance sa saga phare : la bande affronte Lilypad, une tablette dot\u00e9e de ses propres id\u00e9es sur l&rsquo;\u00e9ducation de l&rsquo;enfant. Une chanson de Taylor Swift figure sur la BO.<\/div>\n<\/article>\n<article style=\"background:#fff;border:1px solid #e5e5e0;border-top:3px solid #B11E6A;border-radius:6px;padding:18px 18px 16px;\">\n<div style=\"width:36px;height:36px;background:#FBEAF2;border-radius:50%;display:inline-flex;align-items:center;justify-content:center;margin-bottom:12px;\">\n      <span style=\"font-size:18px;color:#B11E6A;font-weight:900;font-family:Georgia,serif;\">04<\/span>\n    <\/div>\n<h3 style=\"margin:0 0 6px 0;font-size:16px;font-weight:700;color:#1a1a1a;letter-spacing:-0.01em;\">Minions &amp; Monsters (Minions 3)<\/h3>\n<div style=\"margin:0 0 8px 0;font-size:12px;font-weight:700;color:#B11E6A;text-transform:uppercase;letter-spacing:1px;\">Sortie : 1er juillet 2026<\/div>\n<div style=\"margin:0 0 8px 0;font-size:13px;color:#4a4a4a;\"><strong>Casting (voix VO) :<\/strong> Pierre Coffin (les Minions), Allison Janney, Christoph Waltz, Jeff Bridges. R\u00e9alis\u00e9 par Pierre Coffin.<\/div>\n<div style=\"margin:0;font-size:13.5px;line-height:1.55;color:#4a4a4a;\">Septi\u00e8me volet de l&rsquo;univers <em>Moi, moche et m\u00e9chant<\/em>, avanc\u00e9 d&rsquo;un an par Universal. Les Minions tournent leur propre film de monstres dans le vieux Hollywood.<\/div>\n<\/article>\n<article style=\"background:#fff;border:1px solid #e5e5e0;border-top:3px solid #B11E6A;border-radius:6px;padding:18px 18px 16px;\">\n<div style=\"width:36px;height:36px;background:#FBEAF2;border-radius:50%;display:inline-flex;align-items:center;justify-content:center;margin-bottom:12px;\">\n      <span style=\"font-size:18px;color:#B11E6A;font-weight:900;font-family:Georgia,serif;\">05<\/span>\n    <\/div>\n<h3 style=\"margin:0 0 6px 0;font-size:16px;font-weight:700;color:#1a1a1a;letter-spacing:-0.01em;\">Supergirl<\/h3>\n<div style=\"margin:0 0 8px 0;font-size:12px;font-weight:700;color:#B11E6A;text-transform:uppercase;letter-spacing:1px;\">Sortie France : 1er juillet 2026<\/div>\n<div style=\"margin:0 0 8px 0;font-size:13px;color:#4a4a4a;\"><strong>Casting :<\/strong> Milly Alcock (Kara \/ Supergirl), Jason Momoa (Lobo). R\u00e9alis\u00e9 par Craig Gillespie.<\/div>\n<div style=\"margin:0;font-size:13.5px;line-height:1.55;color:#4a4a4a;\">Premi\u00e8re sortie majeure du nouveau DCU centr\u00e9e sur Supergirl, introduite \u00e0 la fin de <em>Superman<\/em>. Date fran\u00e7aise d\u00e9cal\u00e9e du 24 juin au 1er juillet.<\/div>\n<\/article>\n<article style=\"background:#fff;border:1px solid #e5e5e0;border-top:3px solid #B11E6A;border-radius:6px;padding:18px 18px 16px;\">\n<div style=\"width:36px;height:36px;background:#FBEAF2;border-radius:50%;display:inline-flex;align-items:center;justify-content:center;margin-bottom:12px;\">\n      <span style=\"font-size:18px;color:#B11E6A;font-weight:900;font-family:Georgia,serif;\">06<\/span>\n    <\/div>\n<h3 style=\"margin:0 0 6px 0;font-size:16px;font-weight:700;color:#1a1a1a;letter-spacing:-0.01em;\">Evil Dead Burn<\/h3>\n<div style=\"margin:0 0 8px 0;font-size:12px;font-weight:700;color:#B11E6A;text-transform:uppercase;letter-spacing:1px;\">Sortie France : 8 juillet 2026<\/div>\n<div style=\"margin:0 0 8px 0;font-size:13px;color:#4a4a4a;\"><strong>Casting :<\/strong> Souheila Yacoub, Tandi Wright, Hunter Doohan, Luciane Buchanan. R\u00e9alis\u00e9 par S\u00e9bastien Vani\u010dek.<\/div>\n<div style=\"margin:0;font-size:13.5px;line-height:1.55;color:#4a4a4a;\">Sixi\u00e8me opus de la franchise <em>Evil Dead<\/em>, produit par Sam Raimi et confi\u00e9 au r\u00e9alisateur fran\u00e7ais S\u00e9bastien Vani\u010dek, avec la r\u00e9v\u00e9lation Souheila Yacoub (<em>Dune : Deuxi\u00e8me Partie<\/em>) en t\u00eate d&rsquo;affiche.<\/div>\n<\/article>\n<article style=\"background:#fff;border:1px solid #e5e5e0;border-top:3px solid #B11E6A;border-radius:6px;padding:18px 18px 16px;\">\n<div style=\"width:36px;height:36px;background:#FBEAF2;border-radius:50%;display:inline-flex;align-items:center;justify-content:center;margin-bottom:12px;\">\n      <span style=\"font-size:18px;color:#B11E6A;font-weight:900;font-family:Georgia,serif;\">07<\/span>\n    <\/div>\n<h3 style=\"margin:0 0 6px 0;font-size:16px;font-weight:700;color:#1a1a1a;letter-spacing:-0.01em;\">Moana (live-action)<\/h3>\n<div style=\"margin:0 0 8px 0;font-size:12px;font-weight:700;color:#B11E6A;text-transform:uppercase;letter-spacing:1px;\">Sortie US : 10 juillet 2026<\/div>\n<div style=\"margin:0 0 8px 0;font-size:13px;color:#4a4a4a;\"><strong>Casting :<\/strong> Catherine Laga&rsquo;aia (Vaiana), Dwayne Johnson (Maui), Rena Owen, John Tui. R\u00e9alis\u00e9 par Thomas Kail.<\/div>\n<div style=\"margin:0;font-size:13.5px;line-height:1.55;color:#4a4a4a;\">L&rsquo;adaptation en prises de vue r\u00e9elles du dessin anim\u00e9, cal\u00e9e sur les dix ans de l&rsquo;original. Dwayne Johnson reprend Maui ; Lin-Manuel Miranda produit.<\/div>\n<\/article>\n<article style=\"background:#fff;border:1px solid #e5e5e0;border-top:3px solid #B11E6A;border-radius:6px;padding:18px 18px 16px;\">\n<div style=\"width:36px;height:36px;background:#FBEAF2;border-radius:50%;display:inline-flex;align-items:center;justify-content:center;margin-bottom:12px;\">\n      <span style=\"font-size:18px;color:#B11E6A;font-weight:900;font-family:Georgia,serif;\">08<\/span>\n    <\/div>\n<h3 style=\"margin:0 0 6px 0;font-size:16px;font-weight:700;color:#1a1a1a;letter-spacing:-0.01em;\">L&rsquo;Odyss\u00e9e<\/h3>\n<div style=\"margin:0 0 8px 0;font-size:12px;font-weight:700;color:#B11E6A;text-transform:uppercase;letter-spacing:1px;\">Sortie France : 15 juillet 2026<\/div>\n<div style=\"margin:0 0 8px 0;font-size:13px;color:#4a4a4a;\"><strong>Casting :<\/strong> Matt Damon (Ulysse), Anne Hathaway (P\u00e9n\u00e9lope), Tom Holland, Robert Pattinson, Zendaya. R\u00e9alis\u00e9 par Christopher Nolan.<\/div>\n<div style=\"margin:0;font-size:13.5px;line-height:1.55;color:#4a4a4a;\">L&rsquo;\u00e9v\u00e9nement de l&rsquo;\u00e9t\u00e9 : l&rsquo;\u00e9pop\u00e9e grecque revisit\u00e9e par Nolan, premier film tourn\u00e9 int\u00e9gralement aux cam\u00e9ras IMAX 70 mm, pour un budget estim\u00e9 \u00e0 250 millions de dollars.<\/div>\n<\/article>\n<article style=\"background:#fff;border:1px solid #e5e5e0;border-top:3px solid #B11E6A;border-radius:6px;padding:18px 18px 16px;\">\n<div style=\"width:36px;height:36px;background:#FBEAF2;border-radius:50%;display:inline-flex;align-items:center;justify-content:center;margin-bottom:12px;\">\n      <span style=\"font-size:18px;color:#B11E6A;font-weight:900;font-family:Georgia,serif;\">09<\/span>\n    <\/div>\n<h3 style=\"margin:0 0 6px 0;font-size:16px;font-weight:700;color:#1a1a1a;letter-spacing:-0.01em;\">Spider-Man: Brand New Day<\/h3>\n<div style=\"margin:0 0 8px 0;font-size:12px;font-weight:700;color:#B11E6A;text-transform:uppercase;letter-spacing:1px;\">Sortie US : 31 juillet 2026 (FR fin juillet, \u00e0 confirmer)<\/div>\n<div style=\"margin:0 0 8px 0;font-size:13px;color:#4a4a4a;\"><strong>Casting :<\/strong> Tom Holland, Zendaya, Sadie Sink, Jacob Batalon, Jon Bernthal, Mark Ruffalo. R\u00e9alis\u00e9 par Destin Daniel Cretton.<\/div>\n<div style=\"margin:0;font-size:13.5px;line-height:1.55;color:#4a4a4a;\">Quatri\u00e8me solo de Tom Holland en Peter Parker et premier film Marvel de l&rsquo;ann\u00e9e. Spider-Man prot\u00e8ge anonymement New York face \u00e0 une nouvelle menace, ses pouvoirs \u00e9voluant dangereusement.<\/div>\n<\/article>\n<article style=\"background:#fff;border:1px solid #e5e5e0;border-top:3px solid #B11E6A;border-radius:6px;padding:18px 18px 16px;\">\n<div style=\"width:36px;height:36px;background:#FBEAF2;border-radius:50%;display:inline-flex;align-items:center;justify-content:center;margin-bottom:12px;\">\n      <span style=\"font-size:18px;color:#B11E6A;font-weight:900;font-family:Georgia,serif;\">10<\/span>\n    <\/div>\n<h3 style=\"margin:0 0 6px 0;font-size:16px;font-weight:700;color:#1a1a1a;letter-spacing:-0.01em;\">The Dog Stars<\/h3>\n<div style=\"margin:0 0 8px 0;font-size:12px;font-weight:700;color:#B11E6A;text-transform:uppercase;letter-spacing:1px;\">Sortie US : 28 ao\u00fbt 2026<\/div>\n<div style=\"margin:0 0 8px 0;font-size:13px;color:#4a4a4a;\"><strong>Casting :<\/strong> Jacob Elordi, Josh Brolin, Margaret Qualley, Allison Janney, Guy Pearce. R\u00e9alis\u00e9 par Ridley Scott.<\/div>\n<div style=\"margin:0;font-size:13.5px;line-height:1.55;color:#4a4a4a;\">Science-fiction post-apocalyptique sign\u00e9e Ridley Scott, adapt\u00e9e du roman de Peter Heller. Deux survivants d&rsquo;une pand\u00e9mie traquent l&rsquo;origine d&rsquo;une myst\u00e9rieuse transmission radio.<\/div>\n<\/article>\n<\/div>\n<aside style=\"background:#FBEAF2;border-left:4px solid #B11E6A;padding:14px 18px;margin:18px 0;border-radius:0 4px 4px 0;font-family:-apple-system,BlinkMacSystemFont,'Segoe UI',Roboto,sans-serif;\">\n  <strong style=\"display:inline-block;color:#7a1248;font-size:12px;text-transform:uppercase;letter-spacing:1.5px;margin-right:8px;\">&#10022; \u00c0 noter<\/strong><br \/>\n  <span style=\"font-size:14.5px;line-height:1.55;color:#3a3a3a;\">C\u00f4t\u00e9 production fran\u00e7aise, l&rsquo;\u00e9t\u00e9 s&rsquo;ouvre aussi sur la com\u00e9die <em>Un R\u00eave Corse<\/em> d&rsquo;\u00c9ric Fraticelli (avec Kad Merad et Patrick Timsit), sortie le 1er juillet 2026 \u2014 une alternative grand public aux blockbusters am\u00e9ricains.<\/span><br \/>\n<\/aside>\n<h2>Le calendrier des sorties, mois par mois<\/h2>\n<p>Pour s&rsquo;y retrouver entre les sorties fran\u00e7aises et internationales, voici le r\u00e9capitulatif chronologique. Les dates marqu\u00e9es \u00ab US \u00bb correspondent \u00e0 la sortie am\u00e9ricaine lorsque la date fran\u00e7aise n&rsquo;est pas encore officialis\u00e9e.<\/p>\n<figure style=\"margin:32px 0;font-family:-apple-system,BlinkMacSystemFont,'Segoe UI',Roboto,sans-serif;\">\n<div style=\"overflow-x:auto;border:1px solid #e5e5e0;border-radius:8px;\">\n<table style=\"width:100%;border-collapse:collapse;font-size:14px;color:#2a2a2a;min-width:560px;\">\n<thead>\n<tr style=\"background:#1a1a1a;color:#fff;\">\n<th style=\"text-align:left;padding:14px 18px;font-weight:700;font-size:12px;text-transform:uppercase;letter-spacing:1.5px;\">Date<\/th>\n<th style=\"text-align:left;padding:14px 18px;font-weight:700;font-size:12px;text-transform:uppercase;letter-spacing:1.5px;\">Film<\/th>\n<th style=\"text-align:left;padding:14px 18px;font-weight:700;font-size:12px;text-transform:uppercase;letter-spacing:1.5px;\">Genre<\/th>\n<th style=\"text-align:center;padding:14px 18px;font-weight:700;font-size:12px;text-transform:uppercase;letter-spacing:1.5px;\">March\u00e9<\/th>\n<\/tr>\n<\/thead>\n<tbody>\n<tr style=\"background:#fff;border-bottom:1px solid #f0ede5;\">\n<td style=\"padding:14px 18px;font-weight:600;\">5 juin<\/td>\n<td style=\"padding:14px 18px;color:#4a4a4a;\">Masters of the Universe<\/td>\n<td style=\"padding:14px 18px;color:#4a4a4a;\">Fantasy \/ Action<\/td>\n<td style=\"padding:14px 18px;text-align:center;color:#6a6a6a;\">US<\/td>\n<\/tr>\n<tr style=\"background:#fafaf7;border-bottom:1px solid #f0ede5;\">\n<td style=\"padding:14px 18px;font-weight:600;\">12 juin<\/td>\n<td style=\"padding:14px 18px;color:#4a4a4a;\">Disclosure Day<\/td>\n<td style=\"padding:14px 18px;color:#4a4a4a;\">Science-fiction<\/td>\n<td style=\"padding:14px 18px;text-align:center;color:#6a6a6a;\">US<\/td>\n<\/tr>\n<tr style=\"background:#fff;border-bottom:1px solid #f0ede5;\">\n<td style=\"padding:14px 18px;font-weight:600;\">19 juin<\/td>\n<td style=\"padding:14px 18px;color:#4a4a4a;\">Toy Story 5<\/td>\n<td style=\"padding:14px 18px;color:#4a4a4a;\">Animation<\/td>\n<td style=\"padding:14px 18px;text-align:center;color:#6a6a6a;\">US<\/td>\n<\/tr>\n<tr style=\"background:#fafaf7;border-bottom:1px solid #f0ede5;\">\n<td style=\"padding:14px 18px;font-weight:600;\">1er juillet<\/td>\n<td style=\"padding:14px 18px;color:#4a4a4a;\">Minions &amp; Monsters<\/td>\n<td style=\"padding:14px 18px;color:#4a4a4a;\">Animation<\/td>\n<td style=\"padding:14px 18px;text-align:center;color:#6a6a6a;\">Int.<\/td>\n<\/tr>\n<tr style=\"background:#fff;border-bottom:1px solid #f0ede5;\">\n<td style=\"padding:14px 18px;font-weight:600;\">1er juillet<\/td>\n<td style=\"padding:14px 18px;color:#4a4a4a;\">Supergirl<\/td>\n<td style=\"padding:14px 18px;color:#4a4a4a;\">Super-h\u00e9ros<\/td>\n<td style=\"padding:14px 18px;text-align:center;color:#6a6a6a;\">France<\/td>\n<\/tr>\n<tr style=\"background:#fafaf7;border-bottom:1px solid #f0ede5;\">\n<td style=\"padding:14px 18px;font-weight:600;\">1er juillet<\/td>\n<td style=\"padding:14px 18px;color:#4a4a4a;\">Un R\u00eave Corse<\/td>\n<td style=\"padding:14px 18px;color:#4a4a4a;\">Com\u00e9die (FR)<\/td>\n<td style=\"padding:14px 18px;text-align:center;color:#6a6a6a;\">France<\/td>\n<\/tr>\n<tr style=\"background:#fff;border-bottom:1px solid #f0ede5;\">\n<td style=\"padding:14px 18px;font-weight:600;\">8 juillet<\/td>\n<td style=\"padding:14px 18px;color:#4a4a4a;\">Evil Dead Burn<\/td>\n<td style=\"padding:14px 18px;color:#4a4a4a;\">Horreur<\/td>\n<td style=\"padding:14px 18px;text-align:center;color:#6a6a6a;\">France<\/td>\n<\/tr>\n<tr style=\"background:#fafaf7;border-bottom:1px solid #f0ede5;\">\n<td style=\"padding:14px 18px;font-weight:600;\">10 juillet<\/td>\n<td style=\"padding:14px 18px;color:#4a4a4a;\">Moana (live-action)<\/td>\n<td style=\"padding:14px 18px;color:#4a4a4a;\">Aventure \/ Familial<\/td>\n<td style=\"padding:14px 18px;text-align:center;color:#6a6a6a;\">US<\/td>\n<\/tr>\n<tr style=\"background:#fff;border-bottom:1px solid #f0ede5;\">\n<td style=\"padding:14px 18px;font-weight:600;\">15 juillet<\/td>\n<td style=\"padding:14px 18px;color:#4a4a4a;\">L&rsquo;Odyss\u00e9e<\/td>\n<td style=\"padding:14px 18px;color:#4a4a4a;\">\u00c9pop\u00e9e \/ Aventure<\/td>\n<td style=\"padding:14px 18px;text-align:center;color:#6a6a6a;\">France<\/td>\n<\/tr>\n<tr style=\"background:#fafaf7;border-bottom:1px solid #f0ede5;\">\n<td style=\"padding:14px 18px;font-weight:600;\">31 juillet<\/td>\n<td style=\"padding:14px 18px;color:#4a4a4a;\">Spider-Man: Brand New Day<\/td>\n<td style=\"padding:14px 18px;color:#4a4a4a;\">Super-h\u00e9ros<\/td>\n<td style=\"padding:14px 18px;text-align:center;color:#6a6a6a;\">US<\/td>\n<\/tr>\n<tr style=\"background:#fff;\">\n<td style=\"padding:14px 18px;font-weight:600;\">28 ao\u00fbt<\/td>\n<td style=\"padding:14px 18px;color:#4a4a4a;\">The Dog Stars<\/td>\n<td style=\"padding:14px 18px;color:#4a4a4a;\">Science-fiction<\/td>\n<td style=\"padding:14px 18px;text-align:center;color:#6a6a6a;\">US<\/td>\n<\/tr>\n<\/tbody>\n<\/table><\/div><figcaption style=\"font-size:11px;color:#7a7a7a;margin-top:8px;text-align:right;letter-spacing:0.3px;\">Dates susceptibles d&rsquo;\u00e9voluer \u2014 v\u00e9rifier aupr\u00e8s des distributeurs et des salles.<\/figcaption><\/figure>\n<h2>Trois affrontements \u00e0 surveiller<\/h2>\n<p>Au-del\u00e0 des dates, l&rsquo;\u00e9t\u00e9 2026 va se jouer sur quelques rivalit\u00e9s de calendrier qui rythmeront le box-office.<\/p>\n<div style=\"display:grid;grid-template-columns:repeat(auto-fit,minmax(260px,1fr));gap:14px;margin:28px 0;font-family:-apple-system,BlinkMacSystemFont,'Segoe UI',Roboto,sans-serif;\">\n<div style=\"background:#FBEAF2;border:1px solid #f3cccc;border-radius:6px;padding:20px 22px;\">\n<div style=\"display:flex;align-items:center;gap:10px;margin-bottom:14px;padding-bottom:10px;border-bottom:1px solid #f3cccc;\">\n      <span style=\"width:32px;height:32px;background:#B11E6A;color:#fff;border-radius:50%;display:inline-flex;align-items:center;justify-content:center;font-size:16px;font-weight:700;\">1<\/span><\/p>\n<h3 style=\"margin:0;font-size:16px;font-weight:700;color:#7a1248;letter-spacing:-0.01em;\">Famille vs. famille<\/h3>\n<\/p><\/div>\n<ul style=\"margin:0;padding-left:18px;font-size:14px;line-height:1.7;color:#3a3a3a;\">\n<li><em>Toy Story 5<\/em> (Pixar, 19 juin)<\/li>\n<li><em>Minions &amp; Monsters<\/em> (Illumination, 1er juillet)<\/li>\n<li><em>Moana<\/em> live-action (Disney, 10 juillet)<\/li>\n<\/ul><\/div>\n<div style=\"background:#fff;border:1px solid #e5e5e0;border-radius:6px;padding:20px 22px;\">\n<div style=\"display:flex;align-items:center;gap:10px;margin-bottom:14px;padding-bottom:10px;border-bottom:1px solid #e5e5e0;\">\n      <span style=\"width:32px;height:32px;background:#B11E6A;color:#fff;border-radius:50%;display:inline-flex;align-items:center;justify-content:center;font-size:16px;font-weight:700;\">2<\/span><\/p>\n<h3 style=\"margin:0;font-size:16px;font-weight:700;color:#1a1a1a;letter-spacing:-0.01em;\">DC vs. Marvel<\/h3>\n<\/p><\/div>\n<ul style=\"margin:0;padding-left:18px;font-size:14px;line-height:1.7;color:#3a3a3a;\">\n<li><em>Supergirl<\/em> ouvre la saison super-h\u00e9ros d\u00e9but juillet<\/li>\n<li><em>Spider-Man: Brand New Day<\/em> la referme fin juillet<\/li>\n<li>Un mois d&rsquo;\u00e9cart pour deux mondes rivaux<\/li>\n<\/ul><\/div>\n<div style=\"background:#fff;border:1px solid #e5e5e0;border-radius:6px;padding:20px 22px;\">\n<div style=\"display:flex;align-items:center;gap:10px;margin-bottom:14px;padding-bottom:10px;border-bottom:1px solid #e5e5e0;\">\n      <span style=\"width:32px;height:32px;background:#B11E6A;color:#fff;border-radius:50%;display:inline-flex;align-items:center;justify-content:center;font-size:16px;font-weight:700;\">3<\/span><\/p>\n<h3 style=\"margin:0;font-size:16px;font-weight:700;color:#1a1a1a;letter-spacing:-0.01em;\">Le choc des auteurs<\/h3>\n<\/p><\/div>\n<ul style=\"margin:0;padding-left:18px;font-size:14px;line-height:1.7;color:#3a3a3a;\">\n<li>Spielberg (<em>Disclosure Day<\/em>, 12 juin)<\/li>\n<li>Nolan (<em>L&rsquo;Odyss\u00e9e<\/em>, 15 juillet)<\/li>\n<li>Ridley Scott (<em>The Dog Stars<\/em>, 28 ao\u00fbt)<\/li>\n<\/ul><\/div>\n<\/div>\n<figure style=\"margin:38px auto;padding:28px 24px;text-align:center;border-top:1px solid #2a2a2a;border-bottom:1px solid #2a2a2a;max-width:640px;position:relative;font-family:Georgia,'Hoefler Text',serif;\">\n<div style=\"position:absolute;top:-20px;left:50%;transform:translateX(-50%);background:#ffffff;padding:0 14px;font-size:48px;line-height:1;color:#B11E6A;font-family:Georgia,serif;\">&laquo;<\/div>\n<blockquote style=\"margin:0;padding:0;font-size:24px;line-height:1.45;font-style:italic;color:#1a1a1a;letter-spacing:-0.005em;\"><p>\n    Entre l&rsquo;IMAX 70 mm de Nolan et le retour de Spielberg \u00e0 l&rsquo;extraterrestre, l&rsquo;\u00e9t\u00e9 2026 ressemble \u00e0 une d\u00e9claration d&rsquo;amour \u00e0 la salle de cin\u00e9ma.<br \/>\n  <\/blockquote><figcaption style=\"margin-top:14px;font-size:12px;text-transform:uppercase;letter-spacing:2px;color:#6a6a6a;font-family:-apple-system,sans-serif;font-style:normal;\">\u2014 La r\u00e9daction<\/figcaption><\/figure>\n<h2>Sortie du 12 ao&ucirc;t&#8239;: Tomb&eacute; du ciel<\/h2>\n<p>Une sortie fran&ccedil;aise s&#8217;ajoute &agrave; ce calendrier estival&#8239;: <em>Tomb&eacute; du ciel<\/em>, com&eacute;die de <strong>Mohamed Hamidi<\/strong> distribu&eacute;e par <strong>SND<\/strong>, arrive en salles le <strong>mercredi 12 ao&ucirc;t 2026<\/strong>, pour une dur&eacute;e de <strong>1h32<\/strong>. <strong>Ilyes Djadel<\/strong>, r&eacute;v&eacute;l&eacute; au Marrakech du rire 2022, y tient le premier r&ocirc;le aux c&ocirc;t&eacute;s de <strong>Josiane Balasko<\/strong>, <strong>Fred Testot<\/strong> et <strong>Antoine Dul&eacute;ry<\/strong>.<\/p>\n<p>Le film suit un lyc&eacute;en de la banlieue de Roubaix accus&eacute; d&#8217;avoir d&eacute;clench&eacute; un incendie pendant son bac blanc&#8239;: exclu de son &eacute;tablissement, il atterrit dans un pensionnat catholique de Bourgogne. &Agrave; noter, une divergence entre les fiches&#8239;: le distributeur SND mentionne <strong>Jamel Debbouze<\/strong> au casting, l&agrave; o&ugrave; AlloCin&eacute; ne le liste pas parmi les r&ocirc;les principaux nomm&eacute;s.<\/p>\n<p>&#10148; &Agrave; lire&#8239;: <a href=\"https:\/\/starstory.fr\/blog\/cinema-et-television\/ilyes-djadel-qui-est-lhumoriste-de-tombe-du-ciel\/\">Ilyes Djadel&#8239;: qui est l&#8217;humoriste de &laquo;&#8239;Tomb&eacute; du ciel&#8239;&raquo;&#8239;?<\/a><\/p>\n<h2>Questions fr\u00e9quentes<\/h2>\n<section style=\"margin:32px 0;font-family:-apple-system,BlinkMacSystemFont,'Segoe UI',Roboto,sans-serif;\">\n<div style=\"border-top:1px solid #d4cfc4;\">\n<details style=\"border-bottom:1px solid #d4cfc4;padding:0;\">\n<summary style=\"cursor:pointer;padding:16px 0;font-size:17px;font-weight:700;color:#1a1a1a;list-style:none;display:flex;justify-content:space-between;align-items:center;gap:14px;\">\n        <span>Quel est le film le plus attendu de l&rsquo;\u00e9t\u00e9 2026 ?<\/span><br \/>\n        <span style=\"font-size:22px;font-weight:300;color:#B11E6A;line-height:1;\">+<\/span><br \/>\n      <\/summary>\n<div style=\"padding:0 0 16px 0;font-size:15px;line-height:1.7;color:#4a4a4a;\">Deux titres se d\u00e9tachent : <em>L&rsquo;Odyss\u00e9e<\/em> de Christopher Nolan (15 juillet en France), premier long-m\u00e9trage tourn\u00e9 enti\u00e8rement aux cam\u00e9ras IMAX 70 mm, et <em>Spider-Man: Brand New Day<\/em> (31 juillet aux \u00c9tats-Unis), qui affiche le plus fort niveau d&rsquo;attente c\u00f4t\u00e9 Marvel. <em>Disclosure Day<\/em> de Spielberg compl\u00e8te ce trio de t\u00eate.<\/div>\n<\/details>\n<details style=\"border-bottom:1px solid #d4cfc4;padding:0;\">\n<summary style=\"cursor:pointer;padding:16px 0;font-size:17px;font-weight:700;color:#1a1a1a;list-style:none;display:flex;justify-content:space-between;align-items:center;gap:14px;\">\n        <span>Toy Story 5 sort-il vraiment en 2026 ?<\/span><br \/>\n        <span style=\"font-size:22px;font-weight:300;color:#B11E6A;line-height:1;\">+<\/span><br \/>\n      <\/summary>\n<div style=\"padding:0 0 16px 0;font-size:15px;line-height:1.7;color:#4a4a4a;\">Oui. <em>Toy Story 5<\/em> est confirm\u00e9 pour une sortie am\u00e9ricaine le 19 juin 2026, avec une avant-premi\u00e8re mondiale \u00e0 Los Angeles le 9 juin. Tom Hanks et Tim Allen reprennent Woody et Buzz, rejoints par de nouvelles voix dont Greta Lee et Conan O&rsquo;Brien.<\/div>\n<\/details>\n<details style=\"border-bottom:1px solid #d4cfc4;padding:0;\">\n<summary style=\"cursor:pointer;padding:16px 0;font-size:17px;font-weight:700;color:#1a1a1a;list-style:none;display:flex;justify-content:space-between;align-items:center;gap:14px;\">\n        <span>Le Diable s&rsquo;habille en Prada 2 fait-il partie des sorties de l&rsquo;\u00e9t\u00e9 ?<\/span><br \/>\n        <span style=\"font-size:22px;font-weight:300;color:#B11E6A;line-height:1;\">+<\/span><br \/>\n      <\/summary>\n<div style=\"padding:0 0 16px 0;font-size:15px;line-height:1.7;color:#4a4a4a;\">Pas tout \u00e0 fait : <em>Le Diable s&rsquo;habille en Prada 2<\/em> est sorti d\u00e8s le 1er mai 2026 aux \u00c9tats-Unis, donc avant la saison estivale. Le film, avec Meryl Streep, Anne Hathaway, Emily Blunt et Stanley Tucci, s&rsquo;est impos\u00e9 comme l&rsquo;un des plus gros succ\u00e8s de l&rsquo;ann\u00e9e et restera \u00e0 l&rsquo;affiche au d\u00e9but de l&rsquo;\u00e9t\u00e9.<\/div>\n<\/details>\n<details style=\"border-bottom:1px solid #d4cfc4;padding:0;\">\n<summary style=\"cursor:pointer;padding:16px 0;font-size:17px;font-weight:700;color:#1a1a1a;list-style:none;display:flex;justify-content:space-between;align-items:center;gap:14px;\">\n        <span>Y a-t-il un film fran\u00e7ais marquant cet \u00e9t\u00e9 ?<\/span><br \/>\n        <span style=\"font-size:22px;font-weight:300;color:#B11E6A;line-height:1;\">+<\/span><br \/>\n      <\/summary>\n<div style=\"padding:0 0 16px 0;font-size:15px;line-height:1.7;color:#4a4a4a;\">C\u00f4t\u00e9 production hexagonale, la com\u00e9die <em>Un R\u00eave Corse<\/em> d&rsquo;\u00c9ric Fraticelli (avec Kad Merad et Patrick Timsit) est sortie le 1er juillet. \u00c0 noter aussi qu&rsquo;<em>Evil Dead Burn<\/em>, bien que franchise am\u00e9ricaine, est r\u00e9alis\u00e9 par le Fran\u00e7ais S\u00e9bastien Vani\u010dek et port\u00e9 par l&rsquo;actrice fran\u00e7aise Souheila Yacoub.<\/div>\n<\/details>\n<details style=\"border-bottom:1px solid #d4cfc4;padding:0;\">\n<summary style=\"cursor:pointer;padding:16px 0;font-size:17px;font-weight:700;color:#1a1a1a;list-style:none;display:flex;justify-content:space-between;align-items:center;gap:14px;\">\n        <span>Les dates de sortie fran\u00e7aises et am\u00e9ricaines sont-elles identiques ?<\/span><br \/>\n        <span style=\"font-size:22px;font-weight:300;color:#B11E6A;line-height:1;\">+<\/span><br \/>\n      <\/summary>\n<div style=\"padding:0 0 16px 0;font-size:15px;line-height:1.7;color:#4a4a4a;\">Pas toujours. Certains films arrivent m\u00eame plus t\u00f4t en France : <em>L&rsquo;Odyss\u00e9e<\/em> sort le 15 juillet dans l&rsquo;Hexagone, deux jours avant les \u00c9tats-Unis (17 juillet). \u00c0 l&rsquo;inverse, plusieurs blockbusters n&rsquo;ont encore qu&rsquo;une date am\u00e9ricaine officielle ; leur sortie fran\u00e7aise est alors attendue dans la m\u00eame fen\u00eatre, \u00e0 confirmer par les distributeurs.<\/div>\n<\/details><\/div>\n<\/section>\n<p>Avec une telle concentration de mastodontes \u2014 animation, super-h\u00e9ros, science-fiction d&rsquo;auteur et horreur \u2014 l&rsquo;\u00e9t\u00e9 2026 s&rsquo;annonce comme l&rsquo;un des plus riches depuis longtemps en salles. Reste \u00e0 voir lesquels de ces films transformeront l&rsquo;attente en triomphe au box-office. Une chose est s\u00fbre : du 5 juin au 28 ao\u00fbt, le grand \u00e9cran ne d\u00e9semplira pas.<\/p>\n<p style=\"font-size:13px;color:#6a6a6a;margin-top:32px;\">Sources : presse et donn\u00e9es publiques. Article mis \u00e0 jour r\u00e9guli\u00e8rement.<\/p>\n","protected":false},"excerpt":{"rendered":"","protected":false},"author":42,"featured_media":999999999,"comment_status":"open","ping_status":"open","sticky":false,"template":"","format":"standard","meta":{"_acf_changed":false,"manual_indexmenow":false,"indexmenow_id_project":0,"footnotes":""},"categories":[4521],"tags":[],"class_list":["post-8015","post","type-post","status-publish","format-standard","has-post-thumbnail","hentry","category-cinema-et-television","generate-columns","tablet-grid-50","mobile-grid-100","grid-parent","grid-25"],"acf":[],"yoast_head":"<!-- This site is optimized with the Yoast SEO Premium plugin v21.3 (Yoast SEO v26.5) - https:\/\/yoast.com\/wordpress\/plugins\/seo\/ -->\n<title>Cin\u00e9ma : les films les plus attendus de l&#039;\u00e9t\u00e9 2026<\/title>\n<meta name=\"description\" content=\"Apr\u00e8s un printemps d\u00e9j\u00e0 charg\u00e9 \u2014 Le Diable s&#039;habille en Prada 2 est sorti d\u00e8s le 1er mai 2026, signant l&#039;un des plus gros succ\u00e8s de l&#039;ann\u00e9e avec Meryl\" \/>\n<meta name=\"robots\" content=\"index, follow, max-snippet:-1, max-image-preview:large, max-video-preview:-1\" \/>\n<link rel=\"canonical\" href=\"https:\/\/starstory.fr\/blog\/cinema-et-television\/cinema-les-films-les-plus-attendus-de-l-ete-2026\/\" \/>\n<meta property=\"og:locale\" content=\"fr_FR\" \/>\n<meta property=\"og:type\" content=\"article\" \/>\n<meta property=\"og:title\" content=\"Cin\u00e9ma : les films les plus attendus de l&#039;\u00e9t\u00e9 2026\" \/>\n<meta property=\"og:description\" content=\"Apr\u00e8s un printemps d\u00e9j\u00e0 charg\u00e9 \u2014 Le Diable s&#039;habille en Prada 2 est sorti d\u00e8s le 1er mai 2026, signant l&#039;un des plus gros succ\u00e8s de l&#039;ann\u00e9e avec Meryl\" \/>\n<meta property=\"og:url\" content=\"https:\/\/starstory.fr\/blog\/cinema-et-television\/cinema-les-films-les-plus-attendus-de-l-ete-2026\/\" \/>\n<meta property=\"og:site_name\" content=\"starstory\" \/>\n<meta name=\"author\" content=\"Antoine Ferrand\" \/>\n<meta name=\"twitter:card\" content=\"summary_large_image\" \/>\n<script type=\"application\/ld+json\" class=\"yoast-schema-graph\">{\"@context\":\"https:\/\/schema.org\",\"@graph\":[{\"@type\":\"NewsArticle\",\"@id\":\"https:\/\/starstory.fr\/blog\/cinema-et-television\/cinema-les-films-les-plus-attendus-de-l-ete-2026\/#article\",\"isPartOf\":{\"@id\":\"https:\/\/starstory.fr\/blog\/cinema-et-television\/cinema-les-films-les-plus-attendus-de-l-ete-2026\/\"},\"author\":{\"name\":\"Antoine Ferrand\",\"@id\":\"https:\/\/starstory.fr\/blog\/#\/schema\/person\/2d9dd3a73cf4dcbc428e866589dd5882\"},\"headline\":\"Cin\u00e9ma : les films les plus attendus de l&rsquo;\u00e9t\u00e9 2026\",\"datePublished\":\"2026-06-06T10:35:53+00:00\",\"dateModified\":\"2026-08-07T20:55:30+00:00\",\"mainEntityOfPage\":{\"@id\":\"https:\/\/starstory.fr\/blog\/cinema-et-television\/cinema-les-films-les-plus-attendus-de-l-ete-2026\/\"},\"wordCount\":1718,\"commentCount\":0,\"publisher\":{\"@id\":\"https:\/\/starstory.fr\/blog\/#organization\"},\"image\":{\"@id\":\"https:\/\/starstory.fr\/blog\/cinema-et-television\/cinema-les-films-les-plus-attendus-de-l-ete-2026\/#primaryimage\"},\"thumbnailUrl\":\"https:\/\/images.pexels.com\/photos\/7991477\/pexels-photo-7991477.jpeg?auto=compress&cs=tinysrgb&fit=crop&h=627&w=1200\",\"articleSection\":[\"Cin\u00e9ma et T\u00e9l\u00e9vision\"],\"inLanguage\":\"fr-FR\",\"potentialAction\":[{\"@type\":\"CommentAction\",\"name\":\"Comment\",\"target\":[\"https:\/\/starstory.fr\/blog\/cinema-et-television\/cinema-les-films-les-plus-attendus-de-l-ete-2026\/#respond\"]}]},{\"@type\":\"WebPage\",\"@id\":\"https:\/\/starstory.fr\/blog\/cinema-et-television\/cinema-les-films-les-plus-attendus-de-l-ete-2026\/\",\"url\":\"https:\/\/starstory.fr\/blog\/cinema-et-television\/cinema-les-films-les-plus-attendus-de-l-ete-2026\/\",\"name\":\"Cin\u00e9ma : les films les plus attendus de l'\u00e9t\u00e9 2026\",\"isPartOf\":{\"@id\":\"https:\/\/starstory.fr\/blog\/#website\"},\"primaryImageOfPage\":{\"@id\":\"https:\/\/starstory.fr\/blog\/cinema-et-television\/cinema-les-films-les-plus-attendus-de-l-ete-2026\/#primaryimage\"},\"image\":{\"@id\":\"https:\/\/starstory.fr\/blog\/cinema-et-television\/cinema-les-films-les-plus-attendus-de-l-ete-2026\/#primaryimage\"},\"thumbnailUrl\":\"https:\/\/images.pexels.com\/photos\/7991477\/pexels-photo-7991477.jpeg?auto=compress&cs=tinysrgb&fit=crop&h=627&w=1200\",\"datePublished\":\"2026-06-06T10:35:53+00:00\",\"dateModified\":\"2026-08-07T20:55:30+00:00\",\"description\":\"Apr\u00e8s un printemps d\u00e9j\u00e0 charg\u00e9 \u2014 Le Diable s'habille en Prada 2 est sorti d\u00e8s le 1er mai 2026, signant l'un des plus gros succ\u00e8s de l'ann\u00e9e avec Meryl\",\"inLanguage\":\"fr-FR\",\"potentialAction\":[{\"@type\":\"ReadAction\",\"target\":[\"https:\/\/starstory.fr\/blog\/cinema-et-television\/cinema-les-films-les-plus-attendus-de-l-ete-2026\/\"]}]},{\"@type\":\"ImageObject\",\"inLanguage\":\"fr-FR\",\"@id\":\"https:\/\/starstory.fr\/blog\/cinema-et-television\/cinema-les-films-les-plus-attendus-de-l-ete-2026\/#primaryimage\",\"url\":\"https:\/\/images.pexels.com\/photos\/7991477\/pexels-photo-7991477.jpeg?auto=compress&cs=tinysrgb&fit=crop&h=627&w=1200\",\"contentUrl\":\"https:\/\/images.pexels.com\/photos\/7991477\/pexels-photo-7991477.jpeg?auto=compress&cs=tinysrgb&fit=crop&h=627&w=1200\"},{\"@type\":\"WebSite\",\"@id\":\"https:\/\/starstory.fr\/blog\/#website\",\"url\":\"https:\/\/starstory.fr\/blog\/\",\"name\":\"StarStory\",\"description\":\"StarStory, les \u00e9toiles racontent leur histoire\",\"publisher\":{\"@id\":\"https:\/\/starstory.fr\/blog\/#organization\"},\"alternateName\":\"StarStory, les \u00e9toiles racontent leur histoire\",\"potentialAction\":[{\"@type\":\"SearchAction\",\"target\":{\"@type\":\"EntryPoint\",\"urlTemplate\":\"https:\/\/starstory.fr\/blog\/?s={search_term_string}\"},\"query-input\":{\"@type\":\"PropertyValueSpecification\",\"valueRequired\":true,\"valueName\":\"search_term_string\"}}],\"inLanguage\":\"fr-FR\"},{\"@type\":\"Organization\",\"@id\":\"https:\/\/starstory.fr\/blog\/#organization\",\"name\":\"StarStory\",\"alternateName\":\"StarStory.fr\",\"url\":\"https:\/\/starstory.fr\/blog\/\",\"logo\":{\"@type\":\"ImageObject\",\"inLanguage\":\"fr-FR\",\"@id\":\"https:\/\/starstory.fr\/blog\/#\/schema\/logo\/image\/\",\"url\":\"https:\/\/starstory.fr\/blog\/wp-content\/uploads\/2024\/12\/38.png\",\"contentUrl\":\"https:\/\/starstory.fr\/blog\/wp-content\/uploads\/2024\/12\/38.png\",\"width\":500,\"height\":500,\"caption\":\"StarStory\"},\"image\":{\"@id\":\"https:\/\/starstory.fr\/blog\/#\/schema\/logo\/image\/\"}},{\"@type\":\"Person\",\"@id\":\"https:\/\/starstory.fr\/blog\/#\/schema\/person\/2d9dd3a73cf4dcbc428e866589dd5882\",\"name\":\"Antoine Ferrand\",\"image\":{\"@type\":\"ImageObject\",\"inLanguage\":\"fr-FR\",\"@id\":\"https:\/\/starstory.fr\/blog\/#\/schema\/person\/image\/\",\"url\":\"https:\/\/secure.gravatar.com\/avatar\/?s=96&d=mm&r=g\",\"contentUrl\":\"https:\/\/secure.gravatar.com\/avatar\/?s=96&d=mm&r=g\",\"caption\":\"Antoine Ferrand\"},\"description\":\"Antoine analyse les figures politiques et m\u00e9diatiques, ainsi que leur influence en France au fil des ann\u00e9es.\",\"url\":\"https:\/\/starstory.fr\/blog\/auteur\/antoine-dupont\/\"}]}<\/script>\n<!-- \/ Yoast SEO Premium plugin. -->","yoast_head_json":{"title":"Cin\u00e9ma : les films les plus attendus de l'\u00e9t\u00e9 2026","description":"Apr\u00e8s un printemps d\u00e9j\u00e0 charg\u00e9 \u2014 Le Diable s'habille en Prada 2 est sorti d\u00e8s le 1er mai 2026, signant l'un des plus gros succ\u00e8s de l'ann\u00e9e avec Meryl","robots":{"index":"index","follow":"follow","max-snippet":"max-snippet:-1","max-image-preview":"max-image-preview:large","max-video-preview":"max-video-preview:-1"},"canonical":"https:\/\/starstory.fr\/blog\/cinema-et-television\/cinema-les-films-les-plus-attendus-de-l-ete-2026\/","og_locale":"fr_FR","og_type":"article","og_title":"Cin\u00e9ma : les films les plus attendus de l'\u00e9t\u00e9 2026","og_description":"Apr\u00e8s un printemps d\u00e9j\u00e0 charg\u00e9 \u2014 Le Diable s'habille en Prada 2 est sorti d\u00e8s le 1er mai 2026, signant l'un des plus gros succ\u00e8s de l'ann\u00e9e avec Meryl","og_url":"https:\/\/starstory.fr\/blog\/cinema-et-television\/cinema-les-films-les-plus-attendus-de-l-ete-2026\/","og_site_name":"starstory","author":"Antoine Ferrand","twitter_card":"summary_large_image","schema":{"@context":"https:\/\/schema.org","@graph":[{"@type":"NewsArticle","@id":"https:\/\/starstory.fr\/blog\/cinema-et-television\/cinema-les-films-les-plus-attendus-de-l-ete-2026\/#article","isPartOf":{"@id":"https:\/\/starstory.fr\/blog\/cinema-et-television\/cinema-les-films-les-plus-attendus-de-l-ete-2026\/"},"author":{"name":"Antoine Ferrand","@id":"https:\/\/starstory.fr\/blog\/#\/schema\/person\/2d9dd3a73cf4dcbc428e866589dd5882"},"headline":"Cin\u00e9ma : les films les plus attendus de l&rsquo;\u00e9t\u00e9 2026","datePublished":"2026-06-06T10:35:53+00:00","dateModified":"2026-08-07T20:55:30+00:00","mainEntityOfPage":{"@id":"https:\/\/starstory.fr\/blog\/cinema-et-television\/cinema-les-films-les-plus-attendus-de-l-ete-2026\/"},"wordCount":1718,"commentCount":0,"publisher":{"@id":"https:\/\/starstory.fr\/blog\/#organization"},"image":{"@id":"https:\/\/starstory.fr\/blog\/cinema-et-television\/cinema-les-films-les-plus-attendus-de-l-ete-2026\/#primaryimage"},"thumbnailUrl":"https:\/\/images.pexels.com\/photos\/7991477\/pexels-photo-7991477.jpeg?auto=compress&cs=tinysrgb&fit=crop&h=627&w=1200","articleSection":["Cin\u00e9ma et T\u00e9l\u00e9vision"],"inLanguage":"fr-FR","potentialAction":[{"@type":"CommentAction","name":"Comment","target":["https:\/\/starstory.fr\/blog\/cinema-et-television\/cinema-les-films-les-plus-attendus-de-l-ete-2026\/#respond"]}]},{"@type":"WebPage","@id":"https:\/\/starstory.fr\/blog\/cinema-et-television\/cinema-les-films-les-plus-attendus-de-l-ete-2026\/","url":"https:\/\/starstory.fr\/blog\/cinema-et-television\/cinema-les-films-les-plus-attendus-de-l-ete-2026\/","name":"Cin\u00e9ma : les films les plus attendus de l'\u00e9t\u00e9 2026","isPartOf":{"@id":"https:\/\/starstory.fr\/blog\/#website"},"primaryImageOfPage":{"@id":"https:\/\/starstory.fr\/blog\/cinema-et-television\/cinema-les-films-les-plus-attendus-de-l-ete-2026\/#primaryimage"},"image":{"@id":"https:\/\/starstory.fr\/blog\/cinema-et-television\/cinema-les-films-les-plus-attendus-de-l-ete-2026\/#primaryimage"},"thumbnailUrl":"https:\/\/images.pexels.com\/photos\/7991477\/pexels-photo-7991477.jpeg?auto=compress&cs=tinysrgb&fit=crop&h=627&w=1200","datePublished":"2026-06-06T10:35:53+00:00","dateModified":"2026-08-07T20:55:30+00:00","description":"Apr\u00e8s un printemps d\u00e9j\u00e0 charg\u00e9 \u2014 Le Diable s'habille en Prada 2 est sorti d\u00e8s le 1er mai 2026, signant l'un des plus gros succ\u00e8s de l'ann\u00e9e avec Meryl","inLanguage":"fr-FR","potentialAction":[{"@type":"ReadAction","target":["https:\/\/starstory.fr\/blog\/cinema-et-television\/cinema-les-films-les-plus-attendus-de-l-ete-2026\/"]}]},{"@type":"ImageObject","inLanguage":"fr-FR","@id":"https:\/\/starstory.fr\/blog\/cinema-et-television\/cinema-les-films-les-plus-attendus-de-l-ete-2026\/#primaryimage","url":"https:\/\/images.pexels.com\/photos\/7991477\/pexels-photo-7991477.jpeg?auto=compress&cs=tinysrgb&fit=crop&h=627&w=1200","contentUrl":"https:\/\/images.pexels.com\/photos\/7991477\/pexels-photo-7991477.jpeg?auto=compress&cs=tinysrgb&fit=crop&h=627&w=1200"},{"@type":"WebSite","@id":"https:\/\/starstory.fr\/blog\/#website","url":"https:\/\/starstory.fr\/blog\/","name":"StarStory","description":"StarStory, les \u00e9toiles racontent leur histoire","publisher":{"@id":"https:\/\/starstory.fr\/blog\/#organization"},"alternateName":"StarStory, les \u00e9toiles racontent leur histoire","potentialAction":[{"@type":"SearchAction","target":{"@type":"EntryPoint","urlTemplate":"https:\/\/starstory.fr\/blog\/?s={search_term_string}"},"query-input":{"@type":"PropertyValueSpecification","valueRequired":true,"valueName":"search_term_string"}}],"inLanguage":"fr-FR"},{"@type":"Organization","@id":"https:\/\/starstory.fr\/blog\/#organization","name":"StarStory","alternateName":"StarStory.fr","url":"https:\/\/starstory.fr\/blog\/","logo":{"@type":"ImageObject","inLanguage":"fr-FR","@id":"https:\/\/starstory.fr\/blog\/#\/schema\/logo\/image\/","url":"https:\/\/starstory.fr\/blog\/wp-content\/uploads\/2024\/12\/38.png","contentUrl":"https:\/\/starstory.fr\/blog\/wp-content\/uploads\/2024\/12\/38.png","width":500,"height":500,"caption":"StarStory"},"image":{"@id":"https:\/\/starstory.fr\/blog\/#\/schema\/logo\/image\/"}},{"@type":"Person","@id":"https:\/\/starstory.fr\/blog\/#\/schema\/person\/2d9dd3a73cf4dcbc428e866589dd5882","name":"Antoine Ferrand","image":{"@type":"ImageObject","inLanguage":"fr-FR","@id":"https:\/\/starstory.fr\/blog\/#\/schema\/person\/image\/","url":"https:\/\/secure.gravatar.com\/avatar\/?s=96&d=mm&r=g","contentUrl":"https:\/\/secure.gravatar.com\/avatar\/?s=96&d=mm&r=g","caption":"Antoine Ferrand"},"description":"Antoine analyse les figures politiques et m\u00e9diatiques, ainsi que leur influence en France au fil des ann\u00e9es.","url":"https:\/\/starstory.fr\/blog\/auteur\/antoine-dupont\/"}]}},"_links":{"self":[{"href":"https:\/\/starstory.fr\/blog\/wp-json\/wp\/v2\/posts\/8015","targetHints":{"allow":["GET"]}}],"collection":[{"href":"https:\/\/starstory.fr\/blog\/wp-json\/wp\/v2\/posts"}],"about":[{"href":"https:\/\/starstory.fr\/blog\/wp-json\/wp\/v2\/types\/post"}],"author":[{"embeddable":true,"href":"https:\/\/starstory.fr\/blog\/wp-json\/wp\/v2\/users\/42"}],"replies":[{"embeddable":true,"href":"https:\/\/starstory.fr\/blog\/wp-json\/wp\/v2\/comments?post=8015"}],"version-history":[{"count":3,"href":"https:\/\/starstory.fr\/blog\/wp-json\/wp\/v2\/posts\/8015\/revisions"}],"predecessor-version":[{"id":8338,"href":"https:\/\/starstory.fr\/blog\/wp-json\/wp\/v2\/posts\/8015\/revisions\/8338"}],"wp:attachment":[{"href":"https:\/\/starstory.fr\/blog\/wp-json\/wp\/v2\/media?parent=8015"}],"wp:term":[{"taxonomy":"category","embeddable":true,"href":"https:\/\/starstory.fr\/blog\/wp-json\/wp\/v2\/categories?post=8015"},{"taxonomy":"post_tag","embeddable":true,"href":"https:\/\/starstory.fr\/blog\/wp-json\/wp\/v2\/tags?post=8015"}],"curies":[{"name":"wp","href":"https:\/\/api.w.org\/{rel}","templated":true}]}}