{"id":8014,"date":"2026-06-06T12:34:53","date_gmt":"2026-06-06T10:34:53","guid":{"rendered":"https:\/\/starstory.fr\/blog\/musique-et-icones-musicales\/fete-de-la-musique-2026-date-programme-et-tout-ce-qu-il-faut-savoir\/"},"modified":"2026-06-06T12:34:53","modified_gmt":"2026-06-06T10:34:53","slug":"fete-de-la-musique-2026-date-programme-et-tout-ce-qu-il-faut-savoir","status":"publish","type":"post","link":"https:\/\/starstory.fr\/blog\/musique-et-icones-musicales\/fete-de-la-musique-2026-date-programme-et-tout-ce-qu-il-faut-savoir\/","title":{"rendered":"F\u00eate de la Musique 2026 : date, programme et tout ce qu&rsquo;il faut savoir"},"content":{"rendered":"<aside style=\"background:#FBEAF2;border-left:5px solid #B11E6A;padding:22px 28px;margin:24px 0;font-family:-apple-system,BlinkMacSystemFont,'Segoe UI',Roboto,sans-serif;\">\n<div style=\"margin:0;font-size:19px;line-height:1.55;color:#2a2a2a;font-weight:500;letter-spacing:-0.005em;\">\n    La F\u00eate de la Musique 2026 aura lieu le <strong>dimanche 21 juin<\/strong>, jour du solstice d&rsquo;\u00e9t\u00e9. Gratuite, ouverte \u00e0 tous, sans billet ni r\u00e9servation : voici la date, le principe, l&rsquo;histoire et les premiers grands concerts annonc\u00e9s pour cette nouvelle \u00e9dition en France et dans plus de 120 pays.\n  <\/div>\n<\/aside>\n<p>Chaque ann\u00e9e, le 21 juin transforme les rues, les places et les parcs en sc\u00e8nes \u00e0 ciel ouvert. Amateurs et professionnels, fanfares de quartier et t\u00eates d&rsquo;affiche internationales se partagent l&rsquo;espace public le temps d&rsquo;une soir\u00e9e. En 2026, le rendez-vous tombe un dimanche, et les premi\u00e8res programmations confirm\u00e9es laissent entrevoir une \u00e9dition particuli\u00e8rement riche, de l&rsquo;Olympia \u00e0 Paris aux boulevards de Lyon. Tour d&rsquo;horizon de tout ce qu&rsquo;il faut savoir.<\/p>\n<h2>La F\u00eate de la Musique 2026 en bref<\/h2>\n<p>Le principe n&rsquo;a pas chang\u00e9 depuis sa cr\u00e9ation : la musique est partout, et le concert nulle part en particulier. Le 21 juin, n&rsquo;importe qui peut jouer n&rsquo;importe o\u00f9, et n&rsquo;importe qui peut \u00e9couter n&rsquo;importe quoi. L&rsquo;\u00e9v\u00e9nement est <strong>enti\u00e8rement gratuit<\/strong>, sans ticket, sans r\u00e9servation et sans code vestimentaire. Cette logique d&rsquo;acc\u00e8s libre est le c\u0153ur de l&rsquo;identit\u00e9 de la manifestation depuis 1982.<\/p>\n<aside style=\"background:#fafaf7;border:1px solid #e5e5e0;border-radius:8px;padding:24px 26px 26px;margin:28px 0;font-family:-apple-system,BlinkMacSystemFont,'Segoe UI',Roboto,sans-serif;\">\n<div style=\"margin:0 0 18px 0;font-size:11px;font-weight:700;text-transform:uppercase;letter-spacing:2.2px;color:#B11E6A;\">\u00c0 retenir<\/div>\n<div style=\"display:grid;grid-template-columns:repeat(auto-fit,minmax(240px,1fr));gap:10px;\">\n<div style=\"display:flex;gap:12px;background:#fff;border:1px solid #ebebe5;padding:12px 14px;border-radius:6px;align-items:flex-start;\">\n      <span style=\"flex:0 0 26px;width:26px;height:26px;background:#B11E6A;color:#fff;border-radius:50%;display:inline-flex;align-items:center;justify-content:center;font-size:12px;font-weight:700;font-family:-apple-system,sans-serif;\">1<\/span><br \/>\n      <span style=\"font-size:14px;line-height:1.5;color:#2a2a2a;\">Date : dimanche 21 juin 2026, jour du solstice d&rsquo;\u00e9t\u00e9.<\/span>\n    <\/div>\n<div style=\"display:flex;gap:12px;background:#fff;border:1px solid #ebebe5;padding:12px 14px;border-radius:6px;align-items:flex-start;\">\n      <span style=\"flex:0 0 26px;width:26px;height:26px;background:#B11E6A;color:#fff;border-radius:50%;display:inline-flex;align-items:center;justify-content:center;font-size:12px;font-weight:700;font-family:-apple-system,sans-serif;\">2<\/span><br \/>\n      <span style=\"font-size:14px;line-height:1.5;color:#2a2a2a;\">Gratuit, sans billet, sans r\u00e9servation : tout le monde peut jouer et \u00e9couter.<\/span>\n    <\/div>\n<div style=\"display:flex;gap:12px;background:#fff;border:1px solid #ebebe5;padding:12px 14px;border-radius:6px;align-items:flex-start;\">\n      <span style=\"flex:0 0 26px;width:26px;height:26px;background:#B11E6A;color:#fff;border-radius:50%;display:inline-flex;align-items:center;justify-content:center;font-size:12px;font-weight:700;font-family:-apple-system,sans-serif;\">3<\/span><br \/>\n      <span style=\"font-size:14px;line-height:1.5;color:#2a2a2a;\">Cr\u00e9\u00e9e en 1982 par le minist\u00e8re de la Culture, sous Jack Lang.<\/span>\n    <\/div>\n<div style=\"display:flex;gap:12px;background:#fff;border:1px solid #ebebe5;padding:12px 14px;border-radius:6px;align-items:flex-start;\">\n      <span style=\"flex:0 0 26px;width:26px;height:26px;background:#B11E6A;color:#fff;border-radius:50%;display:inline-flex;align-items:center;justify-content:center;font-size:12px;font-weight:700;font-family:-apple-system,sans-serif;\">4<\/span><br \/>\n      <span style=\"font-size:14px;line-height:1.5;color:#2a2a2a;\">C\u00e9l\u00e9br\u00e9e dans plus de 120 pays et 700 villes \u00e0 travers le monde.<\/span>\n    <\/div>\n<div style=\"display:flex;gap:12px;background:#fff;border:1px solid #ebebe5;padding:12px 14px;border-radius:6px;align-items:flex-start;\">\n      <span style=\"flex:0 0 26px;width:26px;height:26px;background:#B11E6A;color:#fff;border-radius:50%;display:inline-flex;align-items:center;justify-content:center;font-size:12px;font-weight:700;font-family:-apple-system,sans-serif;\">5<\/span><br \/>\n      <span style=\"font-size:14px;line-height:1.5;color:#2a2a2a;\">Tous les genres, sans hi\u00e9rarchie : du classique au rap, en passant par le rock.<\/span>\n    <\/div>\n<\/p><\/div>\n<\/aside>\n<p>Concr\u00e8tement, la programmation est <strong>d\u00e9centralis\u00e9e<\/strong>. Le minist\u00e8re de la Culture coordonne et impulse l&rsquo;\u00e9v\u00e9nement au niveau national, mais l&rsquo;essentiel se joue \u00e0 l&rsquo;\u00e9chelle locale : ce sont les mairies, les offices de tourisme, les associations et les musiciens eux-m\u00eames qui organisent les sc\u00e8nes de quartier. Chaque commune publie g\u00e9n\u00e9ralement son programme d\u00e9finitif dans les jours qui pr\u00e9c\u00e8dent le 21 juin.<\/p>\n<aside style=\"background:#fff7e0;border-left:4px solid #d4a017;padding:14px 18px;margin:18px 0;border-radius:0 4px 4px 0;font-family:-apple-system,BlinkMacSystemFont,'Segoe UI',Roboto,sans-serif;\">\n  <strong style=\"display:inline-block;color:#7a5e00;font-size:12px;text-transform:uppercase;letter-spacing:1.5px;margin-right:8px;\">&#128161; Bon \u00e0 savoir<\/strong><br \/>\n  <span style=\"font-size:14.5px;line-height:1.55;color:#3a3a3a;\">Les programmes locaux \u00e9tant publi\u00e9s tardivement, le r\u00e9flexe le plus s\u00fbr est de consulter le site de votre mairie ou de l&rsquo;office de tourisme dans les deux semaines pr\u00e9c\u00e9dant le 21 juin.<\/span><br \/>\n<\/aside>\n<h2>L&rsquo;histoire de l&rsquo;\u00e9v\u00e9nement<\/h2>\n<p>L&rsquo;id\u00e9e na\u00eet au d\u00e9but des ann\u00e9es 1980. En octobre 1981, Jack Lang, alors ministre de la Culture, nomme <strong>Maurice Fleuret<\/strong> directeur de la musique et de la danse. Fleuret, critique musical et passionn\u00e9 de pratiques amateurs, r\u00e9sume sa vision par une formule rest\u00e9e c\u00e9l\u00e8bre : \u00ab La musique partout et le concert nulle part \u00bb.<\/p>\n<p>Le d\u00e9clic vient d&rsquo;une \u00e9tude men\u00e9e en 1982 sur les pratiques culturelles des Fran\u00e7ais. Elle r\u00e9v\u00e8le un chiffre frappant : cinq millions de personnes, soit un jeune sur deux, jouaient d&rsquo;un instrument de musique. Or les \u00e9v\u00e9nements musicaux organis\u00e9s jusque-l\u00e0 ne concernaient qu&rsquo;une minorit\u00e9 du public. De ce constat na\u00eet l&rsquo;id\u00e9e d&rsquo;une grande f\u00eate populaire permettant \u00e0 tous les musiciens de s&rsquo;exprimer et de se faire conna\u00eetre.<\/p>\n<figure style=\"margin:38px auto;padding:28px 24px;text-align:center;border-top:1px solid #2a2a2a;border-bottom:1px solid #2a2a2a;max-width:640px;position:relative;font-family:Georgia,'Hoefler Text',serif;\">\n<div style=\"position:absolute;top:-20px;left:50%;transform:translateX(-50%);background:#ffffff;padding:0 14px;font-size:48px;line-height:1;color:#B11E6A;font-family:Georgia,serif;\">&laquo;<\/div>\n<blockquote style=\"margin:0;padding:0;font-size:24px;line-height:1.45;font-style:italic;color:#1a1a1a;letter-spacing:-0.005em;\"><p>\n    La musique sera partout et le concert nulle part.<br \/>\n  <\/blockquote><figcaption style=\"margin-top:14px;font-size:12px;text-transform:uppercase;letter-spacing:2px;color:#6a6a6a;font-family:-apple-system,sans-serif;font-style:normal;\">\u2014 Maurice Fleuret, directeur de la musique et de la danse<\/figcaption><\/figure>\n<p>La premi\u00e8re F\u00eate de la Musique est lanc\u00e9e le <strong>21 juin 1982<\/strong>, date choisie pour sa valeur symbolique : le solstice d&rsquo;\u00e9t\u00e9, jour le plus long de l&rsquo;ann\u00e9e dans l&rsquo;h\u00e9misph\u00e8re nord. D\u00e8s l&rsquo;origine, la manifestation est con\u00e7ue comme gratuite, ouverte \u00e0 tous et \u00e0 toutes les musiques, \u00ab sans hi\u00e9rarchie des genres et des pratiques \u00bb. Maurice Fleuret y voyait une forme de \u00ab lib\u00e9ration sonore \u00bb, une rencontre entre toutes les expressions musicales sans distinction d&rsquo;origine ni de genre.<\/p>\n<p>Le succ\u00e8s est imm\u00e9diat, et le format essaime rapidement. Plus de quarante ans plus tard, la F\u00eate de la Musique est c\u00e9l\u00e9br\u00e9e sur les cinq continents. Les instituts fran\u00e7ais \u00e0 l&rsquo;\u00e9tranger organisent d\u00e9sormais des \u00e9v\u00e9nements dans la plupart des grandes capitales du monde, faisant de cette initiative culturelle fran\u00e7aise un rendez-vous v\u00e9ritablement plan\u00e9taire.<\/p>\n<aside style=\"background:#FBEAF2;border-left:4px solid #B11E6A;padding:14px 18px;margin:18px 0;border-radius:0 4px 4px 0;font-family:-apple-system,BlinkMacSystemFont,'Segoe UI',Roboto,sans-serif;\">\n  <strong style=\"display:inline-block;color:#7a1145;font-size:12px;text-transform:uppercase;letter-spacing:1.5px;margin-right:8px;\">&#10022; \u00c0 noter<\/strong><br \/>\n  <span style=\"font-size:14.5px;line-height:1.55;color:#3a3a3a;\">Le solstice d&rsquo;\u00e9t\u00e9 n&rsquo;a pas \u00e9t\u00e9 choisi au hasard : il offre les soir\u00e9es les plus longues de l&rsquo;ann\u00e9e, id\u00e9ales pour faire vivre la musique dans l&rsquo;espace public jusque tard dans la nuit.<\/span><br \/>\n<\/aside>\n<h2>Le programme et les concerts 2026<\/h2>\n<p>Comme chaque ann\u00e9e, la programmation 2026 se construit progressivement, ville par ville. Plusieurs rendez-vous majeurs sont toutefois d\u00e9j\u00e0 confirm\u00e9s, notamment \u00e0 Paris o\u00f9 certaines sc\u00e8nes embl\u00e9matiques ont annonc\u00e9 leurs t\u00eates d&rsquo;affiche.<\/p>\n<div style=\"display:grid;grid-template-columns:repeat(auto-fit,minmax(220px,1fr));gap:14px;margin:28px 0;font-family:-apple-system,BlinkMacSystemFont,'Segoe UI',Roboto,sans-serif;\">\n<article style=\"background:#fff;border:1px solid #e5e5e0;border-top:3px solid #B11E6A;border-radius:6px;padding:18px 18px 16px;\">\n<div style=\"width:36px;height:36px;background:#FBEAF2;border-radius:50%;display:inline-flex;align-items:center;justify-content:center;margin-bottom:12px;\">\n      <span style=\"font-size:18px;color:#B11E6A;font-weight:900;font-family:Georgia,serif;\">01<\/span>\n    <\/div>\n<h3 style=\"margin:0 0 6px 0;font-size:16px;font-weight:700;color:#1a1a1a;letter-spacing:-0.01em;\">Olympia, Paris<\/h3>\n<div style=\"margin:0;font-size:13.5px;line-height:1.55;color:#4a4a4a;\">Concerts gratuits pr\u00e9sent\u00e9s par France Inter, avec Chilly Gonzales, Ino Casablanca et Makala annonc\u00e9s \u00e0 l&rsquo;affiche.<\/div>\n<\/article>\n<article style=\"background:#fff;border:1px solid #e5e5e0;border-top:3px solid #B11E6A;border-radius:6px;padding:18px 18px 16px;\">\n<div style=\"width:36px;height:36px;background:#FBEAF2;border-radius:50%;display:inline-flex;align-items:center;justify-content:center;margin-bottom:12px;\">\n      <span style=\"font-size:18px;color:#B11E6A;font-weight:900;font-family:Georgia,serif;\">02<\/span>\n    <\/div>\n<h3 style=\"margin:0 0 6px 0;font-size:16px;font-weight:700;color:#1a1a1a;letter-spacing:-0.01em;\">Jardins du Palais-Royal<\/h3>\n<div style=\"margin:0;font-size:13.5px;line-height:1.55;color:#4a4a4a;\">Une soir\u00e9e jazz organis\u00e9e par le minist\u00e8re de la Culture, dans un cadre patrimonial au c\u0153ur de Paris.<\/div>\n<\/article>\n<article style=\"background:#fff;border:1px solid #e5e5e0;border-top:3px solid #B11E6A;border-radius:6px;padding:18px 18px 16px;\">\n<div style=\"width:36px;height:36px;background:#FBEAF2;border-radius:50%;display:inline-flex;align-items:center;justify-content:center;margin-bottom:12px;\">\n      <span style=\"font-size:18px;color:#B11E6A;font-weight:900;font-family:Georgia,serif;\">03<\/span>\n    <\/div>\n<h3 style=\"margin:0 0 6px 0;font-size:16px;font-weight:700;color:#1a1a1a;letter-spacing:-0.01em;\">Croix-Rousse, Lyon<\/h3>\n<div style=\"margin:0;font-size:13.5px;line-height:1.55;color:#4a4a4a;\">Le boulevard accueille six espaces de sc\u00e8ne de 18h \u00e0 minuit : rock, punk, jazz, pop et vari\u00e9t\u00e9 se succ\u00e8dent.<\/div>\n<\/article>\n<article style=\"background:#fff;border:1px solid #e5e5e0;border-top:3px solid #B11E6A;border-radius:6px;padding:18px 18px 16px;\">\n<div style=\"width:36px;height:36px;background:#FBEAF2;border-radius:50%;display:inline-flex;align-items:center;justify-content:center;margin-bottom:12px;\">\n      <span style=\"font-size:18px;color:#B11E6A;font-weight:900;font-family:Georgia,serif;\">04<\/span>\n    <\/div>\n<h3 style=\"margin:0 0 6px 0;font-size:16px;font-weight:700;color:#1a1a1a;letter-spacing:-0.01em;\">Partout en France<\/h3>\n<div style=\"margin:0;font-size:13.5px;line-height:1.55;color:#4a4a4a;\">Des milliers de sc\u00e8nes locales, de la fanfare de quartier au concert d&rsquo;\u00e9glise, compl\u00e8tent l&rsquo;affiche dans chaque commune.<\/div>\n<\/article>\n<\/div>\n<p>\u00c0 Lyon, les organisateurs ont confirm\u00e9 que le boulevard de la Croix-Rousse accueillera six espaces distincts de 18h \u00e0 minuit, avec le groupe Moins le Quart en ouverture \u00e0 18h. \u00c0 Paris, au-del\u00e0 de l&rsquo;Olympia et du Palais-Royal, des concerts plus confidentiels sont \u00e9galement pr\u00e9vus, comme un programme choral autour de <em>Carmina Burana<\/em> \u00e0 la cath\u00e9drale Sainte-Croix des Arm\u00e9niens, port\u00e9 par les ch\u0153urs Navigavoce et On Avait Dit.<\/p>\n<aside style=\"background:#fff7e0;border-left:4px solid #d4a017;padding:14px 18px;margin:18px 0;border-radius:0 4px 4px 0;font-family:-apple-system,BlinkMacSystemFont,'Segoe UI',Roboto,sans-serif;\">\n  <strong style=\"display:inline-block;color:#7a5e00;font-size:12px;text-transform:uppercase;letter-spacing:1.5px;margin-right:8px;\">&#9888;&#65039; Attention<\/strong><br \/>\n  <span style=\"font-size:14.5px;line-height:1.55;color:#3a3a3a;\">Les affiches d\u00e9taill\u00e9es des grandes sc\u00e8nes peuvent encore \u00e9voluer d&rsquo;ici juin. Les t\u00eates d&rsquo;affiche cit\u00e9es correspondent aux annonces officielles connues \u00e0 ce jour ; v\u00e9rifiez les programmes d\u00e9finitifs \u00e0 l&rsquo;approche de la date.<\/span><br \/>\n<\/aside>\n<h2>Rep\u00e8res pratiques<\/h2>\n<figure style=\"margin:32px 0;font-family:-apple-system,BlinkMacSystemFont,'Segoe UI',Roboto,sans-serif;\">\n<div style=\"overflow-x:auto;border:1px solid #e5e5e0;border-radius:8px;\">\n<table style=\"width:100%;border-collapse:collapse;font-size:14px;color:#2a2a2a;min-width:500px;\">\n<thead>\n<tr style=\"background:#1a1a1a;color:#fff;\">\n<th style=\"text-align:left;padding:14px 18px;font-weight:700;font-size:12px;text-transform:uppercase;letter-spacing:1.5px;\">Rep\u00e8re<\/th>\n<th style=\"text-align:left;padding:14px 18px;font-weight:700;font-size:12px;text-transform:uppercase;letter-spacing:1.5px;\">D\u00e9tail<\/th>\n<\/tr>\n<\/thead>\n<tbody>\n<tr style=\"background:#fff;border-bottom:1px solid #f0ede5;\">\n<td style=\"padding:14px 18px;font-weight:600;\">Date 2026<\/td>\n<td style=\"padding:14px 18px;color:#4a4a4a;\">Dimanche 21 juin (solstice d&rsquo;\u00e9t\u00e9)<\/td>\n<\/tr>\n<tr style=\"background:#fafaf7;border-bottom:1px solid #f0ede5;\">\n<td style=\"padding:14px 18px;font-weight:600;\">Cr\u00e9ation<\/td>\n<td style=\"padding:14px 18px;color:#4a4a4a;\">1982, minist\u00e8re de la Culture (Jack Lang \/ Maurice Fleuret)<\/td>\n<\/tr>\n<tr style=\"background:#fff;border-bottom:1px solid #f0ede5;\">\n<td style=\"padding:14px 18px;font-weight:600;\">Acc\u00e8s<\/td>\n<td style=\"padding:14px 18px;color:#4a4a4a;\">Gratuit, sans billet ni r\u00e9servation<\/td>\n<\/tr>\n<tr style=\"background:#fafaf7;border-bottom:1px solid #f0ede5;\">\n<td style=\"padding:14px 18px;font-weight:600;\">Genres<\/td>\n<td style=\"padding:14px 18px;color:#4a4a4a;\">Tous, sans hi\u00e9rarchie (classique, rock, rap, jazz, vari\u00e9t\u00e9\u2026)<\/td>\n<\/tr>\n<tr style=\"background:#fff;border-bottom:1px solid #f0ede5;\">\n<td style=\"padding:14px 18px;font-weight:600;\">Port\u00e9e<\/td>\n<td style=\"padding:14px 18px;color:#4a4a4a;\">Plus de 120 pays et 700 villes dans le monde<\/td>\n<\/tr>\n<tr style=\"background:#fafaf7;\">\n<td style=\"padding:14px 18px;font-weight:600;\">O\u00f9 s&rsquo;informer<\/td>\n<td style=\"padding:14px 18px;color:#4a4a4a;\">Mairies, offices de tourisme, site du minist\u00e8re de la Culture<\/td>\n<\/tr>\n<\/tbody>\n<\/table><\/div>\n<\/figure>\n<h2>Conseils pour en profiter<\/h2>\n<p>Quelques r\u00e9flexes simples permettent de tirer le meilleur de la soir\u00e9e, que vous soyez spectateur ou musicien.<\/p>\n<div style=\"display:grid;grid-template-columns:repeat(auto-fit,minmax(220px,1fr));gap:14px;margin:28px 0;font-family:-apple-system,BlinkMacSystemFont,'Segoe UI',Roboto,sans-serif;\">\n<article style=\"background:#fff;border:1px solid #e5e5e0;border-top:3px solid #B11E6A;border-radius:6px;padding:18px 18px 16px;\">\n<div style=\"width:36px;height:36px;background:#FBEAF2;border-radius:50%;display:inline-flex;align-items:center;justify-content:center;margin-bottom:12px;\">\n      <span style=\"font-size:18px;color:#B11E6A;font-weight:900;font-family:Georgia,serif;\">01<\/span>\n    <\/div>\n<h3 style=\"margin:0 0 6px 0;font-size:16px;font-weight:700;color:#1a1a1a;letter-spacing:-0.01em;\">Rep\u00e9rez le programme \u00e0 l&rsquo;avance<\/h3>\n<div style=\"margin:0;font-size:13.5px;line-height:1.55;color:#4a4a4a;\">Consultez le site de votre ville quelques jours avant : les sc\u00e8nes officielles affichent leurs horaires et leurs lieux.<\/div>\n<\/article>\n<article style=\"background:#fff;border:1px solid #e5e5e0;border-top:3px solid #B11E6A;border-radius:6px;padding:18px 18px 16px;\">\n<div style=\"width:36px;height:36px;background:#FBEAF2;border-radius:50%;display:inline-flex;align-items:center;justify-content:center;margin-bottom:12px;\">\n      <span style=\"font-size:18px;color:#B11E6A;font-weight:900;font-family:Georgia,serif;\">02<\/span>\n    <\/div>\n<h3 style=\"margin:0 0 6px 0;font-size:16px;font-weight:700;color:#1a1a1a;letter-spacing:-0.01em;\">Privil\u00e9giez les transports en commun<\/h3>\n<div style=\"margin:0;font-size:13.5px;line-height:1.55;color:#4a4a4a;\">Les centres-villes sont satur\u00e9s et souvent ferm\u00e9s \u00e0 la circulation : m\u00e9tro, tram et v\u00e9lo restent les plus simples.<\/div>\n<\/article>\n<article style=\"background:#fff;border:1px solid #e5e5e0;border-top:3px solid #B11E6A;border-radius:6px;padding:18px 18px 16px;\">\n<div style=\"width:36px;height:36px;background:#FBEAF2;border-radius:50%;display:inline-flex;align-items:center;justify-content:center;margin-bottom:12px;\">\n      <span style=\"font-size:18px;color:#B11E6A;font-weight:900;font-family:Georgia,serif;\">03<\/span>\n    <\/div>\n<h3 style=\"margin:0 0 6px 0;font-size:16px;font-weight:700;color:#1a1a1a;letter-spacing:-0.01em;\">Laissez-vous surprendre<\/h3>\n<div style=\"margin:0;font-size:13.5px;line-height:1.55;color:#4a4a4a;\">La force de la F\u00eate, ce sont les sc\u00e8nes spontan\u00e9es : fl\u00e2nez d&rsquo;une rue \u00e0 l&rsquo;autre pour d\u00e9couvrir des genres inattendus.<\/div>\n<\/article>\n<article style=\"background:#fff;border:1px solid #e5e5e0;border-top:3px solid #B11E6A;border-radius:6px;padding:18px 18px 16px;\">\n<div style=\"width:36px;height:36px;background:#FBEAF2;border-radius:50%;display:inline-flex;align-items:center;justify-content:center;margin-bottom:12px;\">\n      <span style=\"font-size:18px;color:#B11E6A;font-weight:900;font-family:Georgia,serif;\">04<\/span>\n    <\/div>\n<h3 style=\"margin:0 0 6px 0;font-size:16px;font-weight:700;color:#1a1a1a;letter-spacing:-0.01em;\">Musiciens : d\u00e9clarez votre sc\u00e8ne<\/h3>\n<div style=\"margin:0;font-size:13.5px;line-height:1.55;color:#4a4a4a;\">Pour jouer dans l&rsquo;espace public, un signalement en mairie est souvent demand\u00e9. Renseignez-vous t\u00f4t pour r\u00e9server un cr\u00e9neau.<\/div>\n<\/article>\n<\/div>\n<aside style=\"background:#FBEAF2;border-left:4px solid #B11E6A;padding:14px 18px;margin:18px 0;border-radius:0 4px 4px 0;font-family:-apple-system,BlinkMacSystemFont,'Segoe UI',Roboto,sans-serif;\">\n  <strong style=\"display:inline-block;color:#7a1145;font-size:12px;text-transform:uppercase;letter-spacing:1.5px;margin-right:8px;\">&#10022; Astuce<\/strong><br \/>\n  <span style=\"font-size:14.5px;line-height:1.55;color:#3a3a3a;\">Le 21 juin tombant un dimanche en 2026, l&rsquo;affluence sera importante d\u00e8s la fin d&rsquo;apr\u00e8s-midi : arriver t\u00f4t sur les grandes sc\u00e8nes gratuites comme l&rsquo;Olympia reste le meilleur moyen d&rsquo;\u00e9viter la file.<\/span><br \/>\n<\/aside>\n<p>Au fond, la F\u00eate de la Musique n&rsquo;a pas d&rsquo;autre r\u00e8gle que celle de son cr\u00e9ateur : faire de la musique un bien commun, partag\u00e9 librement le temps d&rsquo;une soir\u00e9e. Que l&rsquo;on vienne pour une t\u00eate d&rsquo;affiche ou pour la fanfare du coin de la rue, l&rsquo;essentiel reste le m\u00eame depuis 1982 : \u00e9couter, jouer, et profiter de la plus longue nuit musicale de l&rsquo;ann\u00e9e.<\/p>\n<section style=\"margin:32px 0;font-family:-apple-system,BlinkMacSystemFont,'Segoe UI',Roboto,sans-serif;\">\n<h2 style=\"margin:0 0 18px 0;font-size:22px;font-weight:800;color:#1a1a1a;letter-spacing:-0.01em;\">Questions fr\u00e9quentes<\/h2>\n<div style=\"border-top:1px solid #d4cfc4;\">\n<details style=\"border-bottom:1px solid #d4cfc4;padding:0;\">\n<summary style=\"cursor:pointer;padding:16px 0;font-size:17px;font-weight:700;color:#1a1a1a;list-style:none;display:flex;justify-content:space-between;align-items:center;gap:14px;\">\n        <span>Quelle est la date de la F\u00eate de la Musique 2026 ?<\/span><br \/>\n        <span style=\"font-size:22px;font-weight:300;color:#B11E6A;line-height:1;\">+<\/span><br \/>\n      <\/summary>\n<div style=\"padding:0 0 16px 0;font-size:15px;line-height:1.7;color:#4a4a4a;\">Elle se tient le dimanche 21 juin 2026. La date est fixe : la F\u00eate de la Musique a toujours lieu le 21 juin, jour du solstice d&rsquo;\u00e9t\u00e9 dans l&rsquo;h\u00e9misph\u00e8re nord.<\/div>\n<\/details>\n<details style=\"border-bottom:1px solid #d4cfc4;padding:0;\">\n<summary style=\"cursor:pointer;padding:16px 0;font-size:17px;font-weight:700;color:#1a1a1a;list-style:none;display:flex;justify-content:space-between;align-items:center;gap:14px;\">\n        <span>La F\u00eate de la Musique est-elle gratuite ?<\/span><br \/>\n        <span style=\"font-size:22px;font-weight:300;color:#B11E6A;line-height:1;\">+<\/span><br \/>\n      <\/summary>\n<div style=\"padding:0 0 16px 0;font-size:15px;line-height:1.7;color:#4a4a4a;\">Oui. L&rsquo;\u00e9v\u00e9nement est enti\u00e8rement gratuit, sans billet ni r\u00e9servation. C&rsquo;est un principe fondateur depuis 1982 : tout le monde peut jouer, et tout le monde peut \u00e9couter.<\/div>\n<\/details>\n<details style=\"border-bottom:1px solid #d4cfc4;padding:0;\">\n<summary style=\"cursor:pointer;padding:16px 0;font-size:17px;font-weight:700;color:#1a1a1a;list-style:none;display:flex;justify-content:space-between;align-items:center;gap:14px;\">\n        <span>Qui a cr\u00e9\u00e9 la F\u00eate de la Musique ?<\/span><br \/>\n        <span style=\"font-size:22px;font-weight:300;color:#B11E6A;line-height:1;\">+<\/span><br \/>\n      <\/summary>\n<div style=\"padding:0 0 16px 0;font-size:15px;line-height:1.7;color:#4a4a4a;\">Elle a \u00e9t\u00e9 lanc\u00e9e en 1982 par le minist\u00e8re de la Culture, alors dirig\u00e9 par Jack Lang. Le projet a \u00e9t\u00e9 port\u00e9 par Maurice Fleuret, directeur de la musique et de la danse, \u00e0 l&rsquo;origine du concept.<\/div>\n<\/details>\n<details style=\"border-bottom:1px solid #d4cfc4;padding:0;\">\n<summary style=\"cursor:pointer;padding:16px 0;font-size:17px;font-weight:700;color:#1a1a1a;list-style:none;display:flex;justify-content:space-between;align-items:center;gap:14px;\">\n        <span>O\u00f9 trouver le programme de ma ville ?<\/span><br \/>\n        <span style=\"font-size:22px;font-weight:300;color:#B11E6A;line-height:1;\">+<\/span><br \/>\n      <\/summary>\n<div style=\"padding:0 0 16px 0;font-size:15px;line-height:1.7;color:#4a4a4a;\">Les programmes d\u00e9finitifs sont publi\u00e9s par les mairies et les offices de tourisme, g\u00e9n\u00e9ralement dans les deux semaines pr\u00e9c\u00e9dant le 21 juin. Le site du minist\u00e8re de la Culture recense aussi de nombreux \u00e9v\u00e9nements.<\/div>\n<\/details>\n<details style=\"padding:0;\">\n<summary style=\"cursor:pointer;padding:16px 0;font-size:17px;font-weight:700;color:#1a1a1a;list-style:none;display:flex;justify-content:space-between;align-items:center;gap:14px;\">\n        <span>La F\u00eate de la Musique existe-t-elle hors de France ?<\/span><br \/>\n        <span style=\"font-size:22px;font-weight:300;color:#B11E6A;line-height:1;\">+<\/span><br \/>\n      <\/summary>\n<div style=\"padding:0 0 16px 0;font-size:15px;line-height:1.7;color:#4a4a4a;\">Oui, largement. N\u00e9e en France, elle est aujourd&rsquo;hui c\u00e9l\u00e9br\u00e9e dans plus de 120 pays et 700 villes sur les cinq continents, souvent relay\u00e9e par les instituts fran\u00e7ais \u00e0 l&rsquo;\u00e9tranger.<\/div>\n<\/details><\/div>\n<\/section>\n<p style=\"font-size:13px;color:#6a6a6a;margin-top:32px;\">Sources : presse et donn\u00e9es publiques. Article mis \u00e0 jour r\u00e9guli\u00e8rement.<\/p>\n","protected":false},"excerpt":{"rendered":"","protected":false},"author":39,"featured_media":999999999,"comment_status":"open","ping_status":"open","sticky":false,"template":"","format":"standard","meta":{"_acf_changed":false,"manual_indexmenow":false,"indexmenow_id_project":0,"footnotes":""},"categories":[4522],"tags":[],"class_list":["post-8014","post","type-post","status-publish","format-standard","has-post-thumbnail","hentry","category-musique-et-icones-musicales","generate-columns","tablet-grid-50","mobile-grid-100","grid-parent","grid-25"],"acf":[],"yoast_head":"<!-- This site is optimized with the Yoast SEO Premium plugin v21.3 (Yoast SEO v26.5) - https:\/\/yoast.com\/wordpress\/plugins\/seo\/ -->\n<title>F\u00eate de la Musique 2026 : date, programme et tout ce qu&#039;il faut savoir<\/title>\n<meta name=\"description\" content=\"Chaque ann\u00e9e, le 21 juin transforme les rues, les places et les parcs en sc\u00e8nes \u00e0 ciel ouvert. Amateurs et professionnels, fanfares de quartier et t\u00eates\" \/>\n<meta name=\"robots\" content=\"index, follow, max-snippet:-1, max-image-preview:large, max-video-preview:-1\" \/>\n<link rel=\"canonical\" href=\"https:\/\/starstory.fr\/blog\/musique-et-icones-musicales\/fete-de-la-musique-2026-date-programme-et-tout-ce-qu-il-faut-savoir\/\" \/>\n<meta property=\"og:locale\" content=\"fr_FR\" \/>\n<meta property=\"og:type\" content=\"article\" \/>\n<meta property=\"og:title\" content=\"F\u00eate de la Musique 2026 : date, programme et tout ce qu&#039;il faut savoir\" \/>\n<meta property=\"og:description\" content=\"Chaque ann\u00e9e, le 21 juin transforme les rues, les places et les parcs en sc\u00e8nes \u00e0 ciel ouvert. Amateurs et professionnels, fanfares de quartier et t\u00eates\" \/>\n<meta property=\"og:url\" content=\"https:\/\/starstory.fr\/blog\/musique-et-icones-musicales\/fete-de-la-musique-2026-date-programme-et-tout-ce-qu-il-faut-savoir\/\" \/>\n<meta property=\"og:site_name\" content=\"starstory\" \/>\n<meta name=\"author\" content=\"Claire Lefevre\" \/>\n<meta name=\"twitter:card\" content=\"summary_large_image\" \/>\n<script type=\"application\/ld+json\" class=\"yoast-schema-graph\">{\"@context\":\"https:\/\/schema.org\",\"@graph\":[{\"@type\":\"NewsArticle\",\"@id\":\"https:\/\/starstory.fr\/blog\/musique-et-icones-musicales\/fete-de-la-musique-2026-date-programme-et-tout-ce-qu-il-faut-savoir\/#article\",\"isPartOf\":{\"@id\":\"https:\/\/starstory.fr\/blog\/musique-et-icones-musicales\/fete-de-la-musique-2026-date-programme-et-tout-ce-qu-il-faut-savoir\/\"},\"author\":{\"name\":\"Claire Lefevre\",\"@id\":\"https:\/\/starstory.fr\/blog\/#\/schema\/person\/432b46949d2a452f85568b160103039e\"},\"headline\":\"F\u00eate de la Musique 2026 : date, programme et tout ce qu&rsquo;il faut savoir\",\"datePublished\":\"2026-06-06T10:34:53+00:00\",\"mainEntityOfPage\":{\"@id\":\"https:\/\/starstory.fr\/blog\/musique-et-icones-musicales\/fete-de-la-musique-2026-date-programme-et-tout-ce-qu-il-faut-savoir\/\"},\"wordCount\":1545,\"commentCount\":0,\"publisher\":{\"@id\":\"https:\/\/starstory.fr\/blog\/#organization\"},\"image\":{\"@id\":\"https:\/\/starstory.fr\/blog\/musique-et-icones-musicales\/fete-de-la-musique-2026-date-programme-et-tout-ce-qu-il-faut-savoir\/#primaryimage\"},\"thumbnailUrl\":\"https:\/\/images.pexels.com\/photos\/30638134\/pexels-photo-30638134.jpeg?auto=compress&cs=tinysrgb&fit=crop&h=627&w=1200\",\"articleSection\":[\"Musique et Ic\u00f4nes Musicales\"],\"inLanguage\":\"fr-FR\",\"potentialAction\":[{\"@type\":\"CommentAction\",\"name\":\"Comment\",\"target\":[\"https:\/\/starstory.fr\/blog\/musique-et-icones-musicales\/fete-de-la-musique-2026-date-programme-et-tout-ce-qu-il-faut-savoir\/#respond\"]}]},{\"@type\":\"WebPage\",\"@id\":\"https:\/\/starstory.fr\/blog\/musique-et-icones-musicales\/fete-de-la-musique-2026-date-programme-et-tout-ce-qu-il-faut-savoir\/\",\"url\":\"https:\/\/starstory.fr\/blog\/musique-et-icones-musicales\/fete-de-la-musique-2026-date-programme-et-tout-ce-qu-il-faut-savoir\/\",\"name\":\"F\u00eate de la Musique 2026 : date, programme et tout ce qu'il faut savoir\",\"isPartOf\":{\"@id\":\"https:\/\/starstory.fr\/blog\/#website\"},\"primaryImageOfPage\":{\"@id\":\"https:\/\/starstory.fr\/blog\/musique-et-icones-musicales\/fete-de-la-musique-2026-date-programme-et-tout-ce-qu-il-faut-savoir\/#primaryimage\"},\"image\":{\"@id\":\"https:\/\/starstory.fr\/blog\/musique-et-icones-musicales\/fete-de-la-musique-2026-date-programme-et-tout-ce-qu-il-faut-savoir\/#primaryimage\"},\"thumbnailUrl\":\"https:\/\/images.pexels.com\/photos\/30638134\/pexels-photo-30638134.jpeg?auto=compress&cs=tinysrgb&fit=crop&h=627&w=1200\",\"datePublished\":\"2026-06-06T10:34:53+00:00\",\"description\":\"Chaque ann\u00e9e, le 21 juin transforme les rues, les places et les parcs en sc\u00e8nes \u00e0 ciel ouvert. Amateurs et professionnels, fanfares de quartier et t\u00eates\",\"inLanguage\":\"fr-FR\",\"potentialAction\":[{\"@type\":\"ReadAction\",\"target\":[\"https:\/\/starstory.fr\/blog\/musique-et-icones-musicales\/fete-de-la-musique-2026-date-programme-et-tout-ce-qu-il-faut-savoir\/\"]}]},{\"@type\":\"ImageObject\",\"inLanguage\":\"fr-FR\",\"@id\":\"https:\/\/starstory.fr\/blog\/musique-et-icones-musicales\/fete-de-la-musique-2026-date-programme-et-tout-ce-qu-il-faut-savoir\/#primaryimage\",\"url\":\"https:\/\/images.pexels.com\/photos\/30638134\/pexels-photo-30638134.jpeg?auto=compress&cs=tinysrgb&fit=crop&h=627&w=1200\",\"contentUrl\":\"https:\/\/images.pexels.com\/photos\/30638134\/pexels-photo-30638134.jpeg?auto=compress&cs=tinysrgb&fit=crop&h=627&w=1200\"},{\"@type\":\"WebSite\",\"@id\":\"https:\/\/starstory.fr\/blog\/#website\",\"url\":\"https:\/\/starstory.fr\/blog\/\",\"name\":\"StarStory\",\"description\":\"StarStory, les \u00e9toiles racontent leur histoire\",\"publisher\":{\"@id\":\"https:\/\/starstory.fr\/blog\/#organization\"},\"alternateName\":\"StarStory, les \u00e9toiles racontent leur histoire\",\"potentialAction\":[{\"@type\":\"SearchAction\",\"target\":{\"@type\":\"EntryPoint\",\"urlTemplate\":\"https:\/\/starstory.fr\/blog\/?s={search_term_string}\"},\"query-input\":{\"@type\":\"PropertyValueSpecification\",\"valueRequired\":true,\"valueName\":\"search_term_string\"}}],\"inLanguage\":\"fr-FR\"},{\"@type\":\"Organization\",\"@id\":\"https:\/\/starstory.fr\/blog\/#organization\",\"name\":\"StarStory\",\"alternateName\":\"StarStory.fr\",\"url\":\"https:\/\/starstory.fr\/blog\/\",\"logo\":{\"@type\":\"ImageObject\",\"inLanguage\":\"fr-FR\",\"@id\":\"https:\/\/starstory.fr\/blog\/#\/schema\/logo\/image\/\",\"url\":\"https:\/\/starstory.fr\/blog\/wp-content\/uploads\/2024\/12\/38.png\",\"contentUrl\":\"https:\/\/starstory.fr\/blog\/wp-content\/uploads\/2024\/12\/38.png\",\"width\":500,\"height\":500,\"caption\":\"StarStory\"},\"image\":{\"@id\":\"https:\/\/starstory.fr\/blog\/#\/schema\/logo\/image\/\"}},{\"@type\":\"Person\",\"@id\":\"https:\/\/starstory.fr\/blog\/#\/schema\/person\/432b46949d2a452f85568b160103039e\",\"name\":\"Claire Lefevre\",\"image\":{\"@type\":\"ImageObject\",\"inLanguage\":\"fr-FR\",\"@id\":\"https:\/\/starstory.fr\/blog\/#\/schema\/person\/image\/\",\"url\":\"https:\/\/secure.gravatar.com\/avatar\/?s=96&d=mm&r=g\",\"contentUrl\":\"https:\/\/secure.gravatar.com\/avatar\/?s=96&d=mm&r=g\",\"caption\":\"Claire Lefevre\"},\"description\":\"Claire raconte l\u2019\u00e9volution des c\u00e9l\u00e9brit\u00e9s et leur influence socioculturelle \u00e0 travers les d\u00e9cennies.\",\"url\":\"https:\/\/starstory.fr\/blog\/auteur\/claire-lefevre\/\",\"jobTitle\":\"Contributrice mutuelle sant\u00e9\",\"email\":\"claire.lefevre@starstory.fr\"}]}<\/script>\n<!-- \/ Yoast SEO Premium plugin. -->","yoast_head_json":{"title":"F\u00eate de la Musique 2026 : date, programme et tout ce qu'il faut savoir","description":"Chaque ann\u00e9e, le 21 juin transforme les rues, les places et les parcs en sc\u00e8nes \u00e0 ciel ouvert. Amateurs et professionnels, fanfares de quartier et t\u00eates","robots":{"index":"index","follow":"follow","max-snippet":"max-snippet:-1","max-image-preview":"max-image-preview:large","max-video-preview":"max-video-preview:-1"},"canonical":"https:\/\/starstory.fr\/blog\/musique-et-icones-musicales\/fete-de-la-musique-2026-date-programme-et-tout-ce-qu-il-faut-savoir\/","og_locale":"fr_FR","og_type":"article","og_title":"F\u00eate de la Musique 2026 : date, programme et tout ce qu'il faut savoir","og_description":"Chaque ann\u00e9e, le 21 juin transforme les rues, les places et les parcs en sc\u00e8nes \u00e0 ciel ouvert. Amateurs et professionnels, fanfares de quartier et t\u00eates","og_url":"https:\/\/starstory.fr\/blog\/musique-et-icones-musicales\/fete-de-la-musique-2026-date-programme-et-tout-ce-qu-il-faut-savoir\/","og_site_name":"starstory","author":"Claire Lefevre","twitter_card":"summary_large_image","schema":{"@context":"https:\/\/schema.org","@graph":[{"@type":"NewsArticle","@id":"https:\/\/starstory.fr\/blog\/musique-et-icones-musicales\/fete-de-la-musique-2026-date-programme-et-tout-ce-qu-il-faut-savoir\/#article","isPartOf":{"@id":"https:\/\/starstory.fr\/blog\/musique-et-icones-musicales\/fete-de-la-musique-2026-date-programme-et-tout-ce-qu-il-faut-savoir\/"},"author":{"name":"Claire Lefevre","@id":"https:\/\/starstory.fr\/blog\/#\/schema\/person\/432b46949d2a452f85568b160103039e"},"headline":"F\u00eate de la Musique 2026 : date, programme et tout ce qu&rsquo;il faut savoir","datePublished":"2026-06-06T10:34:53+00:00","mainEntityOfPage":{"@id":"https:\/\/starstory.fr\/blog\/musique-et-icones-musicales\/fete-de-la-musique-2026-date-programme-et-tout-ce-qu-il-faut-savoir\/"},"wordCount":1545,"commentCount":0,"publisher":{"@id":"https:\/\/starstory.fr\/blog\/#organization"},"image":{"@id":"https:\/\/starstory.fr\/blog\/musique-et-icones-musicales\/fete-de-la-musique-2026-date-programme-et-tout-ce-qu-il-faut-savoir\/#primaryimage"},"thumbnailUrl":"https:\/\/images.pexels.com\/photos\/30638134\/pexels-photo-30638134.jpeg?auto=compress&cs=tinysrgb&fit=crop&h=627&w=1200","articleSection":["Musique et Ic\u00f4nes Musicales"],"inLanguage":"fr-FR","potentialAction":[{"@type":"CommentAction","name":"Comment","target":["https:\/\/starstory.fr\/blog\/musique-et-icones-musicales\/fete-de-la-musique-2026-date-programme-et-tout-ce-qu-il-faut-savoir\/#respond"]}]},{"@type":"WebPage","@id":"https:\/\/starstory.fr\/blog\/musique-et-icones-musicales\/fete-de-la-musique-2026-date-programme-et-tout-ce-qu-il-faut-savoir\/","url":"https:\/\/starstory.fr\/blog\/musique-et-icones-musicales\/fete-de-la-musique-2026-date-programme-et-tout-ce-qu-il-faut-savoir\/","name":"F\u00eate de la Musique 2026 : date, programme et tout ce qu'il faut savoir","isPartOf":{"@id":"https:\/\/starstory.fr\/blog\/#website"},"primaryImageOfPage":{"@id":"https:\/\/starstory.fr\/blog\/musique-et-icones-musicales\/fete-de-la-musique-2026-date-programme-et-tout-ce-qu-il-faut-savoir\/#primaryimage"},"image":{"@id":"https:\/\/starstory.fr\/blog\/musique-et-icones-musicales\/fete-de-la-musique-2026-date-programme-et-tout-ce-qu-il-faut-savoir\/#primaryimage"},"thumbnailUrl":"https:\/\/images.pexels.com\/photos\/30638134\/pexels-photo-30638134.jpeg?auto=compress&cs=tinysrgb&fit=crop&h=627&w=1200","datePublished":"2026-06-06T10:34:53+00:00","description":"Chaque ann\u00e9e, le 21 juin transforme les rues, les places et les parcs en sc\u00e8nes \u00e0 ciel ouvert. Amateurs et professionnels, fanfares de quartier et t\u00eates","inLanguage":"fr-FR","potentialAction":[{"@type":"ReadAction","target":["https:\/\/starstory.fr\/blog\/musique-et-icones-musicales\/fete-de-la-musique-2026-date-programme-et-tout-ce-qu-il-faut-savoir\/"]}]},{"@type":"ImageObject","inLanguage":"fr-FR","@id":"https:\/\/starstory.fr\/blog\/musique-et-icones-musicales\/fete-de-la-musique-2026-date-programme-et-tout-ce-qu-il-faut-savoir\/#primaryimage","url":"https:\/\/images.pexels.com\/photos\/30638134\/pexels-photo-30638134.jpeg?auto=compress&cs=tinysrgb&fit=crop&h=627&w=1200","contentUrl":"https:\/\/images.pexels.com\/photos\/30638134\/pexels-photo-30638134.jpeg?auto=compress&cs=tinysrgb&fit=crop&h=627&w=1200"},{"@type":"WebSite","@id":"https:\/\/starstory.fr\/blog\/#website","url":"https:\/\/starstory.fr\/blog\/","name":"StarStory","description":"StarStory, les \u00e9toiles racontent leur histoire","publisher":{"@id":"https:\/\/starstory.fr\/blog\/#organization"},"alternateName":"StarStory, les \u00e9toiles racontent leur histoire","potentialAction":[{"@type":"SearchAction","target":{"@type":"EntryPoint","urlTemplate":"https:\/\/starstory.fr\/blog\/?s={search_term_string}"},"query-input":{"@type":"PropertyValueSpecification","valueRequired":true,"valueName":"search_term_string"}}],"inLanguage":"fr-FR"},{"@type":"Organization","@id":"https:\/\/starstory.fr\/blog\/#organization","name":"StarStory","alternateName":"StarStory.fr","url":"https:\/\/starstory.fr\/blog\/","logo":{"@type":"ImageObject","inLanguage":"fr-FR","@id":"https:\/\/starstory.fr\/blog\/#\/schema\/logo\/image\/","url":"https:\/\/starstory.fr\/blog\/wp-content\/uploads\/2024\/12\/38.png","contentUrl":"https:\/\/starstory.fr\/blog\/wp-content\/uploads\/2024\/12\/38.png","width":500,"height":500,"caption":"StarStory"},"image":{"@id":"https:\/\/starstory.fr\/blog\/#\/schema\/logo\/image\/"}},{"@type":"Person","@id":"https:\/\/starstory.fr\/blog\/#\/schema\/person\/432b46949d2a452f85568b160103039e","name":"Claire Lefevre","image":{"@type":"ImageObject","inLanguage":"fr-FR","@id":"https:\/\/starstory.fr\/blog\/#\/schema\/person\/image\/","url":"https:\/\/secure.gravatar.com\/avatar\/?s=96&d=mm&r=g","contentUrl":"https:\/\/secure.gravatar.com\/avatar\/?s=96&d=mm&r=g","caption":"Claire Lefevre"},"description":"Claire raconte l\u2019\u00e9volution des c\u00e9l\u00e9brit\u00e9s et leur influence socioculturelle \u00e0 travers les d\u00e9cennies.","url":"https:\/\/starstory.fr\/blog\/auteur\/claire-lefevre\/","jobTitle":"Contributrice mutuelle sant\u00e9","email":"claire.lefevre@starstory.fr"}]}},"_links":{"self":[{"href":"https:\/\/starstory.fr\/blog\/wp-json\/wp\/v2\/posts\/8014","targetHints":{"allow":["GET"]}}],"collection":[{"href":"https:\/\/starstory.fr\/blog\/wp-json\/wp\/v2\/posts"}],"about":[{"href":"https:\/\/starstory.fr\/blog\/wp-json\/wp\/v2\/types\/post"}],"author":[{"embeddable":true,"href":"https:\/\/starstory.fr\/blog\/wp-json\/wp\/v2\/users\/39"}],"replies":[{"embeddable":true,"href":"https:\/\/starstory.fr\/blog\/wp-json\/wp\/v2\/comments?post=8014"}],"version-history":[{"count":0,"href":"https:\/\/starstory.fr\/blog\/wp-json\/wp\/v2\/posts\/8014\/revisions"}],"wp:attachment":[{"href":"https:\/\/starstory.fr\/blog\/wp-json\/wp\/v2\/media?parent=8014"}],"wp:term":[{"taxonomy":"category","embeddable":true,"href":"https:\/\/starstory.fr\/blog\/wp-json\/wp\/v2\/categories?post=8014"},{"taxonomy":"post_tag","embeddable":true,"href":"https:\/\/starstory.fr\/blog\/wp-json\/wp\/v2\/tags?post=8014"}],"curies":[{"name":"wp","href":"https:\/\/api.w.org\/{rel}","templated":true}]}}