{"id":8013,"date":"2026-06-06T12:34:33","date_gmt":"2026-06-06T10:34:33","guid":{"rendered":"https:\/\/starstory.fr\/blog\/cinema-et-television\/le-diable-s-habille-en-prada-2-meryl-streep-et-anne-hathaway-de-retour\/"},"modified":"2026-06-06T12:34:33","modified_gmt":"2026-06-06T10:34:33","slug":"le-diable-s-habille-en-prada-2-meryl-streep-et-anne-hathaway-de-retour","status":"publish","type":"post","link":"https:\/\/starstory.fr\/blog\/cinema-et-television\/le-diable-s-habille-en-prada-2-meryl-streep-et-anne-hathaway-de-retour\/","title":{"rendered":"Le Diable s&rsquo;habille en Prada 2 : Meryl Streep et Anne Hathaway de retour"},"content":{"rendered":"<aside style=\"background:#FBEAF2;border-left:5px solid #B11E6A;padding:22px 28px;margin:24px 0;font-family:-apple-system,BlinkMacSystemFont,'Segoe UI',Roboto,sans-serif;\">\n<div style=\"margin:0;font-size:19px;line-height:1.55;color:#2a2a2a;font-weight:500;letter-spacing:-0.005em;\">\n    Vingt ans apr\u00e8s la premi\u00e8re fois qu&rsquo;Andy a pos\u00e9 un caf\u00e9 br\u00fblant sur le bureau de Miranda Priestly, le tandem le plus gla\u00e7ant de la mode revient. <strong>Le Diable s&rsquo;habille en Prada 2<\/strong> est bien r\u00e9el : Meryl Streep et Anne Hathaway ont retrouv\u00e9 Runway pour une suite sortie au printemps 2026, avec David Frankel toujours \u00e0 la r\u00e9alisation.\n  <\/div>\n<\/aside>\n<p>L&rsquo;attente aura \u00e9t\u00e9 longue, mais la confirmation est tomb\u00e9e et elle est officielle : la suite du film culte de 2006 a vu le jour. <strong>Le Diable s&rsquo;habille en Prada 2<\/strong> (<em>The Devil Wears Prada 2<\/em>) marque le grand retour de Meryl Streep dans le r\u00f4le de la redoutable r\u00e9dactrice en chef Miranda Priestly, et d&rsquo;Anne Hathaway en Andrea \u00ab Andy \u00bb Sachs, son ancienne assistante devenue journaliste accomplie. Distribu\u00e9 par 20th Century Studios (groupe Disney), le film est sorti dans les salles fran\u00e7aises fin avril 2026 selon plusieurs sources concordantes. Voici tout ce qui est confirm\u00e9 \u00e0 ce jour, et ce qui rel\u00e8ve encore de l&rsquo;attente.<\/p>\n<aside style=\"background:#FBEAF2;border-left:4px solid #B11E6A;padding:14px 18px;margin:18px 0;border-radius:0 4px 4px 0;font-family:-apple-system,BlinkMacSystemFont,'Segoe UI',Roboto,sans-serif;\">\n  <strong style=\"display:inline-block;color:#8a1450;font-size:12px;text-transform:uppercase;letter-spacing:1.5px;margin-right:8px;\">&#10022; \u00c0 retenir<\/strong><br \/>\n  <span style=\"font-size:14.5px;line-height:1.55;color:#3a3a3a;\">La suite existe, elle est sortie en 2026 et r\u00e9unit le quatuor d&rsquo;origine : Meryl Streep, Anne Hathaway, Emily Blunt et Stanley Tucci. L&rsquo;action se d\u00e9roule deux d\u00e9cennies apr\u00e8s le premier opus.<\/span><br \/>\n<\/aside>\n<h2>La suite tant attendue<\/h2>\n<p>Pendant pr\u00e8s de vingt ans, l&rsquo;id\u00e9e d&rsquo;une suite au <em>Diable s&rsquo;habille en Prada<\/em> a circul\u00e9 sous forme de rumeur r\u00e9currente. Le projet s&rsquo;est concr\u00e9tis\u00e9 sous la banni\u00e8re de 20th Century Studios, avec un retour aux commandes de <strong>David Frankel<\/strong>, d\u00e9j\u00e0 r\u00e9alisateur du premier film. Le sc\u00e9nario est sign\u00e9 <strong>Aline Brosh McKenna<\/strong>, sc\u00e9nariste de l&rsquo;opus de 2006, ce qui assure une continuit\u00e9 d&rsquo;\u00e9criture rare pour une suite arrivant si longtemps apr\u00e8s.<\/p>\n<p>Selon plusieurs m\u00e9dias, l&rsquo;intrigue s&rsquo;inspire en partie du roman <em>Vengeance en Prada : Le Retour du diable<\/em> (<em>Revenge Wears Prada<\/em>), publi\u00e9 par Lauren Weisberger en 2013, soit la suite litt\u00e9raire du livre original. L&rsquo;histoire se d\u00e9roulerait une vingtaine d&rsquo;ann\u00e9es apr\u00e8s les \u00e9v\u00e9nements du premier film. Andy Sachs, devenue une journaliste respect\u00e9e \u00e0 New York, verrait sa r\u00e9daction frapp\u00e9e de plein fouet par la crise de la presse \u00e9crite. De son c\u00f4t\u00e9, Miranda Priestly affronterait le d\u00e9clin du print et la chute des revenus publicitaires, tout en se rapprochant de l&rsquo;heure de la retraite \u2014 un contexte qui pousserait les deux femmes \u00e0 se recroiser.<\/p>\n<aside style=\"background:#fff7e0;border-left:4px solid #d4a017;padding:14px 18px;margin:18px 0;border-radius:0 4px 4px 0;font-family:-apple-system,BlinkMacSystemFont,'Segoe UI',Roboto,sans-serif;\">\n  <strong style=\"display:inline-block;color:#7a5e00;font-size:12px;text-transform:uppercase;letter-spacing:1.5px;margin-right:8px;\">&#128161; Bon \u00e0 savoir<\/strong><br \/>\n  <span style=\"font-size:14.5px;line-height:1.55;color:#3a3a3a;\">La date de sortie a l\u00e9g\u00e8rement vari\u00e9 d&rsquo;un pays \u00e0 l&rsquo;autre : avant-premi\u00e8re \u00e0 New York autour du 20 avril 2026, sortie fran\u00e7aise fin avril et sortie nord-am\u00e9ricaine au tout d\u00e9but mai 2026 selon les sources.<\/span><br \/>\n<\/aside>\n<p>Le ton resterait fid\u00e8le \u00e0 l&rsquo;original : com\u00e9die ac\u00e9r\u00e9e sur fond de monde de la mode, satire des rapports de pouvoir et portrait d&rsquo;une industrie en pleine mutation. La grande nouveaut\u00e9 tient au contexte : l\u00e0 o\u00f9 le premier film racontait l&rsquo;arriv\u00e9e d&rsquo;une jeune dipl\u00f4m\u00e9e dans un univers impitoyable, la suite s&rsquo;attaque \u00e0 la d\u00e9cadence d&rsquo;un secteur \u2014 la presse magazine \u2014 bouscul\u00e9 par le num\u00e9rique.<\/p>\n<h2>Le casting de retour<\/h2>\n<p>C&rsquo;est l&rsquo;argument num\u00e9ro un du film : le quatuor embl\u00e9matique de 2006 est de nouveau r\u00e9uni. <strong>Meryl Streep<\/strong> reprend le r\u00f4le qui lui a valu une nomination \u00e0 l&rsquo;Oscar, celui de Miranda Priestly. <strong>Anne Hathaway<\/strong> retrouve Andy Sachs. \u00c0 leurs c\u00f4t\u00e9s, <strong>Emily Blunt<\/strong> rejoue Emily Charlton, l&rsquo;assistante britannique au caract\u00e8re bien tremp\u00e9, et <strong>Stanley Tucci<\/strong> revient en Nigel, le directeur artistique au regard aff\u00fbt\u00e9 et au verbe tendre.<\/p>\n<p>Plusieurs nouveaux visages compl\u00e8tent la distribution. Parmi les noms cit\u00e9s par la presse figurent <strong>Kenneth Branagh<\/strong>, <strong>Lady Gaga<\/strong>, <strong>Simone Ashley<\/strong>, <strong>Pauline Chalamet<\/strong>, <strong>Lucy Liu<\/strong> et <strong>Justin Theroux<\/strong>. Des seconds r\u00f4les historiques, comme Tracie Thoms, seraient \u00e9galement de la partie.<\/p>\n<div style=\"display:grid;grid-template-columns:repeat(auto-fit,minmax(220px,1fr));gap:14px;margin:28px 0;font-family:-apple-system,BlinkMacSystemFont,'Segoe UI',Roboto,sans-serif;\">\n<article style=\"background:#fff;border:1px solid #e5e5e0;border-top:3px solid #B11E6A;border-radius:6px;padding:18px 18px 16px;\">\n<div style=\"width:36px;height:36px;background:#FBEAF2;border-radius:50%;display:inline-flex;align-items:center;justify-content:center;margin-bottom:12px;\">\n      <span style=\"font-size:18px;color:#B11E6A;font-weight:900;font-family:Georgia,serif;\">01<\/span>\n    <\/div>\n<h3 style=\"margin:0 0 6px 0;font-size:16px;font-weight:700;color:#1a1a1a;letter-spacing:-0.01em;\">Meryl Streep<\/h3>\n<div style=\"margin:0;font-size:13.5px;line-height:1.55;color:#4a4a4a;\">De retour en Miranda Priestly, r\u00f4le culte qui lui valut une nomination \u00e0 l&rsquo;Oscar en 2007.<\/div>\n<\/article>\n<article style=\"background:#fff;border:1px solid #e5e5e0;border-top:3px solid #B11E6A;border-radius:6px;padding:18px 18px 16px;\">\n<div style=\"width:36px;height:36px;background:#FBEAF2;border-radius:50%;display:inline-flex;align-items:center;justify-content:center;margin-bottom:12px;\">\n      <span style=\"font-size:18px;color:#B11E6A;font-weight:900;font-family:Georgia,serif;\">02<\/span>\n    <\/div>\n<h3 style=\"margin:0 0 6px 0;font-size:16px;font-weight:700;color:#1a1a1a;letter-spacing:-0.01em;\">Anne Hathaway<\/h3>\n<div style=\"margin:0;font-size:13.5px;line-height:1.55;color:#4a4a4a;\">Reprend Andy Sachs, d\u00e9sormais journaliste confirm\u00e9e \u00e0 New York, vingt ans plus tard.<\/div>\n<\/article>\n<article style=\"background:#fff;border:1px solid #e5e5e0;border-top:3px solid #B11E6A;border-radius:6px;padding:18px 18px 16px;\">\n<div style=\"width:36px;height:36px;background:#FBEAF2;border-radius:50%;display:inline-flex;align-items:center;justify-content:center;margin-bottom:12px;\">\n      <span style=\"font-size:18px;color:#B11E6A;font-weight:900;font-family:Georgia,serif;\">03<\/span>\n    <\/div>\n<h3 style=\"margin:0 0 6px 0;font-size:16px;font-weight:700;color:#1a1a1a;letter-spacing:-0.01em;\">Emily Blunt<\/h3>\n<div style=\"margin:0;font-size:13.5px;line-height:1.55;color:#4a4a4a;\">Rejoue Emily Charlton, l&rsquo;ancienne assistante britannique, dans un r\u00f4le r\u00e9\u00e9valu\u00e9.<\/div>\n<\/article>\n<article style=\"background:#fff;border:1px solid #e5e5e0;border-top:3px solid #B11E6A;border-radius:6px;padding:18px 18px 16px;\">\n<div style=\"width:36px;height:36px;background:#FBEAF2;border-radius:50%;display:inline-flex;align-items:center;justify-content:center;margin-bottom:12px;\">\n      <span style=\"font-size:18px;color:#B11E6A;font-weight:900;font-family:Georgia,serif;\">04<\/span>\n    <\/div>\n<h3 style=\"margin:0 0 6px 0;font-size:16px;font-weight:700;color:#1a1a1a;letter-spacing:-0.01em;\">Stanley Tucci<\/h3>\n<div style=\"margin:0;font-size:13.5px;line-height:1.55;color:#4a4a4a;\">Revient en Nigel, directeur artistique au regard aff\u00fbt\u00e9 et aux conseils pr\u00e9cieux.<\/div>\n<\/article>\n<\/div>\n<aside style=\"background:#FBEAF2;border:1px solid #f1c6dc;border-radius:8px;padding:24px 26px 26px;margin:28px 0;font-family:-apple-system,BlinkMacSystemFont,'Segoe UI',Roboto,sans-serif;\">\n<div style=\"margin:0 0 18px 0;font-size:11px;font-weight:700;text-transform:uppercase;letter-spacing:2.2px;color:#B11E6A;\">Ce qui rend ce retour exceptionnel<\/div>\n<div style=\"display:grid;grid-template-columns:repeat(auto-fit,minmax(240px,1fr));gap:10px;\">\n<div style=\"display:flex;gap:12px;background:#fff;border:1px solid #f1c6dc;padding:12px 14px;border-radius:6px;align-items:flex-start;\">\n      <span style=\"flex:0 0 26px;width:26px;height:26px;background:#B11E6A;color:#fff;border-radius:50%;display:inline-flex;align-items:center;justify-content:center;font-size:12px;font-weight:700;font-family:-apple-system,sans-serif;\">1<\/span><br \/>\n      <span style=\"font-size:14px;line-height:1.5;color:#2a2a2a;\">Le quatuor d&rsquo;origine au complet, chose rare pour une suite arrivant deux d\u00e9cennies plus tard.<\/span>\n    <\/div>\n<div style=\"display:flex;gap:12px;background:#fff;border:1px solid #f1c6dc;padding:12px 14px;border-radius:6px;align-items:flex-start;\">\n      <span style=\"flex:0 0 26px;width:26px;height:26px;background:#B11E6A;color:#fff;border-radius:50%;display:inline-flex;align-items:center;justify-content:center;font-size:12px;font-weight:700;font-family:-apple-system,sans-serif;\">2<\/span><br \/>\n      <span style=\"font-size:14px;line-height:1.5;color:#2a2a2a;\">Le m\u00eame duo r\u00e9alisateur-sc\u00e9nariste qu&rsquo;en 2006 (David Frankel et Aline Brosh McKenna).<\/span>\n    <\/div>\n<div style=\"display:flex;gap:12px;background:#fff;border:1px solid #f1c6dc;padding:12px 14px;border-radius:6px;align-items:flex-start;\">\n      <span style=\"flex:0 0 26px;width:26px;height:26px;background:#B11E6A;color:#fff;border-radius:50%;display:inline-flex;align-items:center;justify-content:center;font-size:12px;font-weight:700;font-family:-apple-system,sans-serif;\">3<\/span><br \/>\n      <span style=\"font-size:14px;line-height:1.5;color:#2a2a2a;\">Un casting \u00e9largi avec des noms forts : Kenneth Branagh, Lady Gaga, Simone Ashley\u2026<\/span>\n    <\/div>\n<div style=\"display:flex;gap:12px;background:#fff;border:1px solid #f1c6dc;padding:12px 14px;border-radius:6px;align-items:flex-start;\">\n      <span style=\"flex:0 0 26px;width:26px;height:26px;background:#B11E6A;color:#fff;border-radius:50%;display:inline-flex;align-items:center;justify-content:center;font-size:12px;font-weight:700;font-family:-apple-system,sans-serif;\">4<\/span><br \/>\n      <span style=\"font-size:14px;line-height:1.5;color:#2a2a2a;\">Un sujet d&rsquo;actualit\u00e9 : la mode et la presse magazine face \u00e0 la r\u00e9volution num\u00e9rique.<\/span>\n    <\/div>\n<\/p><\/div>\n<\/aside>\n<h2>Le premier film culte (2006)<\/h2>\n<p>Pour comprendre l&rsquo;engouement autour de cette suite, il faut se souvenir de l&rsquo;onde de choc qu&rsquo;a repr\u00e9sent\u00e9 le premier film. Sorti en 2006 et r\u00e9alis\u00e9 par David Frankel, <em>Le Diable s&rsquo;habille en Prada<\/em> adaptait le roman \u00e9ponyme de Lauren Weisberger, publi\u00e9 en 2003. Le pitch est devenu mythique : Andrea Sachs, jeune dipl\u00f4m\u00e9e id\u00e9aliste, d\u00e9croche par hasard un poste d&rsquo;assistante aupr\u00e8s de Miranda Priestly, la tyrannique r\u00e9dactrice en chef du magazine de mode Runway.<\/p>\n<p>Le film a triomph\u00e9 au box-office mondial, d\u00e9passant les 326 millions de dollars de recettes, et s&rsquo;est durablement install\u00e9 dans la culture populaire. Les tenues, les r\u00e9pliques cinglantes (\u00ab C&rsquo;est tout \u00bb, le fameux monologue sur le pull bleu c\u00e9rul\u00e9en) et surtout la performance de <strong>Meryl Streep<\/strong> ont marqu\u00e9 les esprits. L&rsquo;actrice a transform\u00e9 un personnage qui aurait pu n&rsquo;\u00eatre qu&rsquo;une caricature en une figure complexe, magn\u00e9tique et finalement humaine \u2014 une prestation salu\u00e9e par une nomination \u00e0 l&rsquo;Oscar de la meilleure actrice.<\/p>\n<figure style=\"margin:38px auto;padding:28px 24px;text-align:center;border-top:1px solid #2a2a2a;border-bottom:1px solid #2a2a2a;max-width:640px;position:relative;font-family:Georgia,'Hoefler Text',serif;\">\n<div style=\"position:absolute;top:-20px;left:50%;transform:translateX(-50%);background:#ffffff;padding:0 14px;font-size:48px;line-height:1;color:#B11E6A;font-family:Georgia,serif;\">&laquo;<\/div>\n<blockquote style=\"margin:0;padding:0;font-size:24px;line-height:1.45;font-style:italic;color:#1a1a1a;letter-spacing:-0.005em;\"><p>\n    Le g\u00e9nie du premier film fut de rendre la cruaut\u00e9 de Miranda Priestly si \u00e9l\u00e9gante qu&rsquo;on finissait par l&rsquo;admirer.<br \/>\n  <\/blockquote><figcaption style=\"margin-top:14px;font-size:12px;text-transform:uppercase;letter-spacing:2px;color:#6a6a6a;font-family:-apple-system,sans-serif;font-style:normal;\">\u2014 Sur l&rsquo;h\u00e9ritage du film de 2006<\/figcaption><\/figure>\n<p>Au-del\u00e0 du divertissement, le long-m\u00e9trage a aussi nourri d&rsquo;innombrables d\u00e9bats sur l&rsquo;ambition, le sacrifice professionnel et la place des femmes dans des milieux ultra-comp\u00e9titifs. C&rsquo;est pr\u00e9cis\u00e9ment cet ancrage culturel qui explique pourquoi le retour des personnages, vingt ans plus tard, suscite autant d&rsquo;attente : il ne s&rsquo;agit pas seulement d&rsquo;une suite, mais d&rsquo;une r\u00e9union avec des figures devenues famili\u00e8res.<\/p>\n<h2>Ce que l&rsquo;on attend<\/h2>\n<p>Si l&rsquo;existence du film, sa date de sortie 2026 et le casting principal sont confirm\u00e9s par plusieurs sources, certains \u00e9l\u00e9ments de l&rsquo;intrigue restent \u00e0 d\u00e9couvrir en salle. La grande question demeure la dynamique entre Miranda et Andy apr\u00e8s deux d\u00e9cennies : amiti\u00e9, rivalit\u00e9, transmission ? La presse \u00e9voque un affrontement autour des enjeux de la mode et du m\u00e9dia, mais le d\u00e9tail des relations rel\u00e8ve encore largement de l&rsquo;attendu.<\/p>\n<p>On guettera aussi la fa\u00e7on dont le film int\u00e8gre ses nouvelles recrues. La pr\u00e9sence de <strong>Lady Gaga<\/strong> et de <strong>Kenneth Branagh<\/strong> laisse pr\u00e9sager des r\u00f4les \u00e0 fort impact, tandis que des actrices comme Simone Ashley ou Pauline Chalamet incarnent une nouvelle g\u00e9n\u00e9ration face aux figures historiques. Le pari d&rsquo;un tel film est d\u00e9licat : satisfaire la nostalgie sans se reposer uniquement dessus.<\/p>\n<aside style=\"background:#e7f5ec;border-left:4px solid #2a5f3f;padding:14px 18px;margin:18px 0;border-radius:0 4px 4px 0;font-family:-apple-system,BlinkMacSystemFont,'Segoe UI',Roboto,sans-serif;\">\n  <strong style=\"display:inline-block;color:#1d4a30;font-size:12px;text-transform:uppercase;letter-spacing:1.5px;margin-right:8px;\">&#10022; Astuce<\/strong><br \/>\n  <span style=\"font-size:14.5px;line-height:1.55;color:#3a3a3a;\">Avant de voir la suite, un revisionnage du film de 2006 permet de saisir toutes les \u00e9volutions de personnages. Vingt ans s\u00e9parent les deux r\u00e9cits : les d\u00e9tails comptent.<\/span><br \/>\n<\/aside>\n<p>Enfin, l&rsquo;enjeu th\u00e9matique est moderne et pertinent : la suite place ses h\u00e9ro\u00efnes au c\u0153ur d&rsquo;une industrie de la presse magazine en crise, confront\u00e9e \u00e0 la baisse des revenus publicitaires et \u00e0 la bascule vers le num\u00e9rique. Un terrain fertile pour la satire, qui pourrait donner au film une r\u00e9sonance bien diff\u00e9rente de celle de 2006 \u2014 moins centr\u00e9e sur l&rsquo;apprentissage d&rsquo;une d\u00e9butante, davantage sur la survie de figures \u00e9tablies.<\/p>\n<figure style=\"margin:32px 0;font-family:-apple-system,BlinkMacSystemFont,'Segoe UI',Roboto,sans-serif;\">\n<div style=\"overflow-x:auto;border:1px solid #e5e5e0;border-radius:8px;\">\n<table style=\"width:100%;border-collapse:collapse;font-size:14px;color:#2a2a2a;min-width:500px;\">\n<thead>\n<tr style=\"background:#1a1a1a;color:#fff;\">\n<th style=\"text-align:left;padding:14px 18px;font-weight:700;font-size:12px;text-transform:uppercase;letter-spacing:1.5px;\">Rep\u00e8re<\/th>\n<th style=\"text-align:left;padding:14px 18px;font-weight:700;font-size:12px;text-transform:uppercase;letter-spacing:1.5px;\">D\u00e9tail confirm\u00e9<\/th>\n<\/tr>\n<\/thead>\n<tbody>\n<tr style=\"background:#fff;border-bottom:1px solid #f0ede5;\">\n<td style=\"padding:14px 18px;font-weight:600;\">Titre<\/td>\n<td style=\"padding:14px 18px;color:#4a4a4a;\">Le Diable s&rsquo;habille en Prada 2 (The Devil Wears Prada 2)<\/td>\n<\/tr>\n<tr style=\"background:#fafaf7;border-bottom:1px solid #f0ede5;\">\n<td style=\"padding:14px 18px;font-weight:600;\">Sortie<\/td>\n<td style=\"padding:14px 18px;color:#4a4a4a;\">Printemps 2026 (fin avril en France, d\u00e9but mai en Am\u00e9rique du Nord)<\/td>\n<\/tr>\n<tr style=\"background:#fff;border-bottom:1px solid #f0ede5;\">\n<td style=\"padding:14px 18px;font-weight:600;\">R\u00e9alisateur<\/td>\n<td style=\"padding:14px 18px;color:#4a4a4a;\">David Frankel (d\u00e9j\u00e0 aux commandes en 2006)<\/td>\n<\/tr>\n<tr style=\"background:#fafaf7;border-bottom:1px solid #f0ede5;\">\n<td style=\"padding:14px 18px;font-weight:600;\">Sc\u00e9nario<\/td>\n<td style=\"padding:14px 18px;color:#4a4a4a;\">Aline Brosh McKenna<\/td>\n<\/tr>\n<tr style=\"background:#fff;border-bottom:1px solid #f0ede5;\">\n<td style=\"padding:14px 18px;font-weight:600;\">Casting de retour<\/td>\n<td style=\"padding:14px 18px;color:#4a4a4a;\">Meryl Streep, Anne Hathaway, Emily Blunt, Stanley Tucci<\/td>\n<\/tr>\n<tr style=\"background:#fafaf7;border-bottom:1px solid #f0ede5;\">\n<td style=\"padding:14px 18px;font-weight:600;\">Nouveaux venus<\/td>\n<td style=\"padding:14px 18px;color:#4a4a4a;\">Kenneth Branagh, Lady Gaga, Simone Ashley, Lucy Liu\u2026<\/td>\n<\/tr>\n<tr style=\"background:#fff;\">\n<td style=\"padding:14px 18px;font-weight:600;\">Studio<\/td>\n<td style=\"padding:14px 18px;color:#4a4a4a;\">20th Century Studios (Disney)<\/td>\n<\/tr>\n<\/tbody>\n<\/table><\/div><figcaption style=\"font-size:11px;color:#7a7a7a;margin-top:8px;text-align:right;letter-spacing:0.3px;\">Donn\u00e9es confirm\u00e9es par plusieurs sources presse \u2014 voir fin d&rsquo;article.<\/figcaption><\/figure>\n<section style=\"margin:32px 0;font-family:-apple-system,BlinkMacSystemFont,'Segoe UI',Roboto,sans-serif;\">\n<h2 style=\"margin:0 0 18px 0;font-size:22px;font-weight:800;color:#1a1a1a;letter-spacing:-0.01em;\">Questions fr\u00e9quentes<\/h2>\n<div style=\"border-top:1px solid #d4cfc4;\">\n<details style=\"border-bottom:1px solid #d4cfc4;padding:0;\">\n<summary style=\"cursor:pointer;padding:16px 0;font-size:17px;font-weight:700;color:#1a1a1a;list-style:none;display:flex;justify-content:space-between;align-items:center;gap:14px;\">\n        <span>Le Diable s&rsquo;habille en Prada 2 existe-t-il vraiment ?<\/span><br \/>\n        <span style=\"font-size:22px;font-weight:300;color:#B11E6A;line-height:1;\">+<\/span><br \/>\n      <\/summary>\n<div style=\"padding:0 0 16px 0;font-size:15px;line-height:1.7;color:#4a4a4a;\">Oui. La suite est confirm\u00e9e par plusieurs sources et est sortie en 2026, distribu\u00e9e par 20th Century Studios. Elle r\u00e9unit le casting principal du premier film et est r\u00e9alis\u00e9e par David Frankel.<\/div>\n<\/details>\n<details style=\"border-bottom:1px solid #d4cfc4;padding:0;\">\n<summary style=\"cursor:pointer;padding:16px 0;font-size:17px;font-weight:700;color:#1a1a1a;list-style:none;display:flex;justify-content:space-between;align-items:center;gap:14px;\">\n        <span>Meryl Streep et Anne Hathaway sont-elles de retour ?<\/span><br \/>\n        <span style=\"font-size:22px;font-weight:300;color:#B11E6A;line-height:1;\">+<\/span><br \/>\n      <\/summary>\n<div style=\"padding:0 0 16px 0;font-size:15px;line-height:1.7;color:#4a4a4a;\">Oui, les deux actrices reprennent leurs r\u00f4les : Meryl Streep en Miranda Priestly et Anne Hathaway en Andy Sachs. Emily Blunt et Stanley Tucci font \u00e9galement leur retour.<\/div>\n<\/details>\n<details style=\"border-bottom:1px solid #d4cfc4;padding:0;\">\n<summary style=\"cursor:pointer;padding:16px 0;font-size:17px;font-weight:700;color:#1a1a1a;list-style:none;display:flex;justify-content:space-between;align-items:center;gap:14px;\">\n        <span>Quand le film est-il sorti ?<\/span><br \/>\n        <span style=\"font-size:22px;font-weight:300;color:#B11E6A;line-height:1;\">+<\/span><br \/>\n      <\/summary>\n<div style=\"padding:0 0 16px 0;font-size:15px;line-height:1.7;color:#4a4a4a;\">Le film est sorti au printemps 2026. Selon les sources, la sortie fran\u00e7aise se situe fin avril, avec une avant-premi\u00e8re new-yorkaise vers le 20 avril et une sortie nord-am\u00e9ricaine au tout d\u00e9but mai.<\/div>\n<\/details>\n<details style=\"border-bottom:1px solid #d4cfc4;padding:0;\">\n<summary style=\"cursor:pointer;padding:16px 0;font-size:17px;font-weight:700;color:#1a1a1a;list-style:none;display:flex;justify-content:space-between;align-items:center;gap:14px;\">\n        <span>De quoi parle la suite ?<\/span><br \/>\n        <span style=\"font-size:22px;font-weight:300;color:#B11E6A;line-height:1;\">+<\/span><br \/>\n      <\/summary>\n<div style=\"padding:0 0 16px 0;font-size:15px;line-height:1.7;color:#4a4a4a;\">L&rsquo;intrigue, inspir\u00e9e en partie du roman \u00ab Vengeance en Prada \u00bb de Lauren Weisberger, se d\u00e9roule une vingtaine d&rsquo;ann\u00e9es apr\u00e8s le premier film. Elle place ses personnages face au d\u00e9clin de la presse magazine et \u00e0 la chute des revenus publicitaires.<\/div>\n<\/details>\n<details style=\"padding:0;\">\n<summary style=\"cursor:pointer;padding:16px 0;font-size:17px;font-weight:700;color:#1a1a1a;list-style:none;display:flex;justify-content:space-between;align-items:center;gap:14px;\">\n        <span>Qui sont les nouveaux acteurs du casting ?<\/span><br \/>\n        <span style=\"font-size:22px;font-weight:300;color:#B11E6A;line-height:1;\">+<\/span><br \/>\n      <\/summary>\n<div style=\"padding:0 0 16px 0;font-size:15px;line-height:1.7;color:#4a4a4a;\">Parmi les noms cit\u00e9s par la presse figurent Kenneth Branagh, Lady Gaga, Simone Ashley, Pauline Chalamet, Lucy Liu et Justin Theroux, qui rejoignent le quatuor historique.<\/div>\n<\/details><\/div>\n<\/section>\n<p style=\"font-size:13px;color:#6a6a6a;margin-top:32px;\">Sources : presse et donn\u00e9es publiques. Article mis \u00e0 jour r\u00e9guli\u00e8rement.<\/p>\n","protected":false},"excerpt":{"rendered":"","protected":false},"author":41,"featured_media":999999999,"comment_status":"open","ping_status":"open","sticky":false,"template":"","format":"standard","meta":{"_acf_changed":false,"manual_indexmenow":false,"indexmenow_id_project":0,"footnotes":""},"categories":[4521],"tags":[],"class_list":["post-8013","post","type-post","status-publish","format-standard","has-post-thumbnail","hentry","category-cinema-et-television","generate-columns","tablet-grid-50","mobile-grid-100","grid-parent","grid-25"],"acf":[],"yoast_head":"<!-- This site is optimized with the Yoast SEO Premium plugin v21.3 (Yoast SEO v26.5) - https:\/\/yoast.com\/wordpress\/plugins\/seo\/ -->\n<title>Le Diable s&#039;habille en Prada 2<\/title>\n<meta name=\"description\" content=\"L&#039;attente aura \u00e9t\u00e9 longue, mais la confirmation est tomb\u00e9e et elle est officielle : la suite du film culte de 2006 a vu le jour\" \/>\n<meta name=\"robots\" content=\"index, follow, max-snippet:-1, max-image-preview:large, max-video-preview:-1\" \/>\n<link rel=\"canonical\" href=\"https:\/\/starstory.fr\/blog\/cinema-et-television\/le-diable-s-habille-en-prada-2-meryl-streep-et-anne-hathaway-de-retour\/\" \/>\n<meta property=\"og:locale\" content=\"fr_FR\" \/>\n<meta property=\"og:type\" content=\"article\" \/>\n<meta property=\"og:title\" content=\"Le Diable s&#039;habille en Prada 2\" \/>\n<meta property=\"og:description\" content=\"L&#039;attente aura \u00e9t\u00e9 longue, mais la confirmation est tomb\u00e9e et elle est officielle : la suite du film culte de 2006 a vu le jour\" \/>\n<meta property=\"og:url\" content=\"https:\/\/starstory.fr\/blog\/cinema-et-television\/le-diable-s-habille-en-prada-2-meryl-streep-et-anne-hathaway-de-retour\/\" \/>\n<meta property=\"og:site_name\" content=\"starstory\" \/>\n<meta name=\"author\" content=\"Sophie Moreau\" \/>\n<meta name=\"twitter:card\" content=\"summary_large_image\" \/>\n<script type=\"application\/ld+json\" class=\"yoast-schema-graph\">{\"@context\":\"https:\/\/schema.org\",\"@graph\":[{\"@type\":\"NewsArticle\",\"@id\":\"https:\/\/starstory.fr\/blog\/cinema-et-television\/le-diable-s-habille-en-prada-2-meryl-streep-et-anne-hathaway-de-retour\/#article\",\"isPartOf\":{\"@id\":\"https:\/\/starstory.fr\/blog\/cinema-et-television\/le-diable-s-habille-en-prada-2-meryl-streep-et-anne-hathaway-de-retour\/\"},\"author\":{\"name\":\"Sophie Moreau\",\"@id\":\"https:\/\/starstory.fr\/blog\/#\/schema\/person\/2cb6361ad79e679e2b744281310c1e3b\"},\"headline\":\"Le Diable s&rsquo;habille en Prada 2 : Meryl Streep et Anne Hathaway de retour\",\"datePublished\":\"2026-06-06T10:34:33+00:00\",\"mainEntityOfPage\":{\"@id\":\"https:\/\/starstory.fr\/blog\/cinema-et-television\/le-diable-s-habille-en-prada-2-meryl-streep-et-anne-hathaway-de-retour\/\"},\"wordCount\":1636,\"commentCount\":0,\"publisher\":{\"@id\":\"https:\/\/starstory.fr\/blog\/#organization\"},\"image\":{\"@id\":\"https:\/\/starstory.fr\/blog\/cinema-et-television\/le-diable-s-habille-en-prada-2-meryl-streep-et-anne-hathaway-de-retour\/#primaryimage\"},\"thumbnailUrl\":\"https:\/\/images.pexels.com\/photos\/16791444\/pexels-photo-16791444.jpeg?auto=compress&cs=tinysrgb&fit=crop&h=627&w=1200\",\"articleSection\":[\"Cin\u00e9ma et T\u00e9l\u00e9vision\"],\"inLanguage\":\"fr-FR\",\"potentialAction\":[{\"@type\":\"CommentAction\",\"name\":\"Comment\",\"target\":[\"https:\/\/starstory.fr\/blog\/cinema-et-television\/le-diable-s-habille-en-prada-2-meryl-streep-et-anne-hathaway-de-retour\/#respond\"]}]},{\"@type\":\"WebPage\",\"@id\":\"https:\/\/starstory.fr\/blog\/cinema-et-television\/le-diable-s-habille-en-prada-2-meryl-streep-et-anne-hathaway-de-retour\/\",\"url\":\"https:\/\/starstory.fr\/blog\/cinema-et-television\/le-diable-s-habille-en-prada-2-meryl-streep-et-anne-hathaway-de-retour\/\",\"name\":\"Le Diable s'habille en Prada 2\",\"isPartOf\":{\"@id\":\"https:\/\/starstory.fr\/blog\/#website\"},\"primaryImageOfPage\":{\"@id\":\"https:\/\/starstory.fr\/blog\/cinema-et-television\/le-diable-s-habille-en-prada-2-meryl-streep-et-anne-hathaway-de-retour\/#primaryimage\"},\"image\":{\"@id\":\"https:\/\/starstory.fr\/blog\/cinema-et-television\/le-diable-s-habille-en-prada-2-meryl-streep-et-anne-hathaway-de-retour\/#primaryimage\"},\"thumbnailUrl\":\"https:\/\/images.pexels.com\/photos\/16791444\/pexels-photo-16791444.jpeg?auto=compress&cs=tinysrgb&fit=crop&h=627&w=1200\",\"datePublished\":\"2026-06-06T10:34:33+00:00\",\"description\":\"L'attente aura \u00e9t\u00e9 longue, mais la confirmation est tomb\u00e9e et elle est officielle : la suite du film culte de 2006 a vu le jour\",\"inLanguage\":\"fr-FR\",\"potentialAction\":[{\"@type\":\"ReadAction\",\"target\":[\"https:\/\/starstory.fr\/blog\/cinema-et-television\/le-diable-s-habille-en-prada-2-meryl-streep-et-anne-hathaway-de-retour\/\"]}]},{\"@type\":\"ImageObject\",\"inLanguage\":\"fr-FR\",\"@id\":\"https:\/\/starstory.fr\/blog\/cinema-et-television\/le-diable-s-habille-en-prada-2-meryl-streep-et-anne-hathaway-de-retour\/#primaryimage\",\"url\":\"https:\/\/images.pexels.com\/photos\/16791444\/pexels-photo-16791444.jpeg?auto=compress&cs=tinysrgb&fit=crop&h=627&w=1200\",\"contentUrl\":\"https:\/\/images.pexels.com\/photos\/16791444\/pexels-photo-16791444.jpeg?auto=compress&cs=tinysrgb&fit=crop&h=627&w=1200\"},{\"@type\":\"WebSite\",\"@id\":\"https:\/\/starstory.fr\/blog\/#website\",\"url\":\"https:\/\/starstory.fr\/blog\/\",\"name\":\"StarStory\",\"description\":\"StarStory, les \u00e9toiles racontent leur histoire\",\"publisher\":{\"@id\":\"https:\/\/starstory.fr\/blog\/#organization\"},\"alternateName\":\"StarStory, les \u00e9toiles racontent leur histoire\",\"potentialAction\":[{\"@type\":\"SearchAction\",\"target\":{\"@type\":\"EntryPoint\",\"urlTemplate\":\"https:\/\/starstory.fr\/blog\/?s={search_term_string}\"},\"query-input\":{\"@type\":\"PropertyValueSpecification\",\"valueRequired\":true,\"valueName\":\"search_term_string\"}}],\"inLanguage\":\"fr-FR\"},{\"@type\":\"Organization\",\"@id\":\"https:\/\/starstory.fr\/blog\/#organization\",\"name\":\"StarStory\",\"alternateName\":\"StarStory.fr\",\"url\":\"https:\/\/starstory.fr\/blog\/\",\"logo\":{\"@type\":\"ImageObject\",\"inLanguage\":\"fr-FR\",\"@id\":\"https:\/\/starstory.fr\/blog\/#\/schema\/logo\/image\/\",\"url\":\"https:\/\/starstory.fr\/blog\/wp-content\/uploads\/2024\/12\/38.png\",\"contentUrl\":\"https:\/\/starstory.fr\/blog\/wp-content\/uploads\/2024\/12\/38.png\",\"width\":500,\"height\":500,\"caption\":\"StarStory\"},\"image\":{\"@id\":\"https:\/\/starstory.fr\/blog\/#\/schema\/logo\/image\/\"}},{\"@type\":\"Person\",\"@id\":\"https:\/\/starstory.fr\/blog\/#\/schema\/person\/2cb6361ad79e679e2b744281310c1e3b\",\"name\":\"Sophie Moreau\",\"image\":{\"@type\":\"ImageObject\",\"inLanguage\":\"fr-FR\",\"@id\":\"https:\/\/starstory.fr\/blog\/#\/schema\/person\/image\/\",\"url\":\"https:\/\/secure.gravatar.com\/avatar\/?s=96&d=mm&r=g\",\"contentUrl\":\"https:\/\/secure.gravatar.com\/avatar\/?s=96&d=mm&r=g\",\"caption\":\"Sophie Moreau\"},\"description\":\"Sophie partage des articles sur les stars musicales de chaque d\u00e9cennie et leur impact sur la sc\u00e8ne fran\u00e7aise et internationale.\",\"url\":\"https:\/\/starstory.fr\/blog\/auteur\/sophie-moreau\/\",\"jobTitle\":\"Contributrice maison & d\u00e9co\",\"email\":\"sophie.moreau@starstory.fr\"}]}<\/script>\n<!-- \/ Yoast SEO Premium plugin. -->","yoast_head_json":{"title":"Le Diable s'habille en Prada 2","description":"L'attente aura \u00e9t\u00e9 longue, mais la confirmation est tomb\u00e9e et elle est officielle : la suite du film culte de 2006 a vu le jour","robots":{"index":"index","follow":"follow","max-snippet":"max-snippet:-1","max-image-preview":"max-image-preview:large","max-video-preview":"max-video-preview:-1"},"canonical":"https:\/\/starstory.fr\/blog\/cinema-et-television\/le-diable-s-habille-en-prada-2-meryl-streep-et-anne-hathaway-de-retour\/","og_locale":"fr_FR","og_type":"article","og_title":"Le Diable s'habille en Prada 2","og_description":"L'attente aura \u00e9t\u00e9 longue, mais la confirmation est tomb\u00e9e et elle est officielle : la suite du film culte de 2006 a vu le jour","og_url":"https:\/\/starstory.fr\/blog\/cinema-et-television\/le-diable-s-habille-en-prada-2-meryl-streep-et-anne-hathaway-de-retour\/","og_site_name":"starstory","author":"Sophie Moreau","twitter_card":"summary_large_image","schema":{"@context":"https:\/\/schema.org","@graph":[{"@type":"NewsArticle","@id":"https:\/\/starstory.fr\/blog\/cinema-et-television\/le-diable-s-habille-en-prada-2-meryl-streep-et-anne-hathaway-de-retour\/#article","isPartOf":{"@id":"https:\/\/starstory.fr\/blog\/cinema-et-television\/le-diable-s-habille-en-prada-2-meryl-streep-et-anne-hathaway-de-retour\/"},"author":{"name":"Sophie Moreau","@id":"https:\/\/starstory.fr\/blog\/#\/schema\/person\/2cb6361ad79e679e2b744281310c1e3b"},"headline":"Le Diable s&rsquo;habille en Prada 2 : Meryl Streep et Anne Hathaway de retour","datePublished":"2026-06-06T10:34:33+00:00","mainEntityOfPage":{"@id":"https:\/\/starstory.fr\/blog\/cinema-et-television\/le-diable-s-habille-en-prada-2-meryl-streep-et-anne-hathaway-de-retour\/"},"wordCount":1636,"commentCount":0,"publisher":{"@id":"https:\/\/starstory.fr\/blog\/#organization"},"image":{"@id":"https:\/\/starstory.fr\/blog\/cinema-et-television\/le-diable-s-habille-en-prada-2-meryl-streep-et-anne-hathaway-de-retour\/#primaryimage"},"thumbnailUrl":"https:\/\/images.pexels.com\/photos\/16791444\/pexels-photo-16791444.jpeg?auto=compress&cs=tinysrgb&fit=crop&h=627&w=1200","articleSection":["Cin\u00e9ma et T\u00e9l\u00e9vision"],"inLanguage":"fr-FR","potentialAction":[{"@type":"CommentAction","name":"Comment","target":["https:\/\/starstory.fr\/blog\/cinema-et-television\/le-diable-s-habille-en-prada-2-meryl-streep-et-anne-hathaway-de-retour\/#respond"]}]},{"@type":"WebPage","@id":"https:\/\/starstory.fr\/blog\/cinema-et-television\/le-diable-s-habille-en-prada-2-meryl-streep-et-anne-hathaway-de-retour\/","url":"https:\/\/starstory.fr\/blog\/cinema-et-television\/le-diable-s-habille-en-prada-2-meryl-streep-et-anne-hathaway-de-retour\/","name":"Le Diable s'habille en Prada 2","isPartOf":{"@id":"https:\/\/starstory.fr\/blog\/#website"},"primaryImageOfPage":{"@id":"https:\/\/starstory.fr\/blog\/cinema-et-television\/le-diable-s-habille-en-prada-2-meryl-streep-et-anne-hathaway-de-retour\/#primaryimage"},"image":{"@id":"https:\/\/starstory.fr\/blog\/cinema-et-television\/le-diable-s-habille-en-prada-2-meryl-streep-et-anne-hathaway-de-retour\/#primaryimage"},"thumbnailUrl":"https:\/\/images.pexels.com\/photos\/16791444\/pexels-photo-16791444.jpeg?auto=compress&cs=tinysrgb&fit=crop&h=627&w=1200","datePublished":"2026-06-06T10:34:33+00:00","description":"L'attente aura \u00e9t\u00e9 longue, mais la confirmation est tomb\u00e9e et elle est officielle : la suite du film culte de 2006 a vu le jour","inLanguage":"fr-FR","potentialAction":[{"@type":"ReadAction","target":["https:\/\/starstory.fr\/blog\/cinema-et-television\/le-diable-s-habille-en-prada-2-meryl-streep-et-anne-hathaway-de-retour\/"]}]},{"@type":"ImageObject","inLanguage":"fr-FR","@id":"https:\/\/starstory.fr\/blog\/cinema-et-television\/le-diable-s-habille-en-prada-2-meryl-streep-et-anne-hathaway-de-retour\/#primaryimage","url":"https:\/\/images.pexels.com\/photos\/16791444\/pexels-photo-16791444.jpeg?auto=compress&cs=tinysrgb&fit=crop&h=627&w=1200","contentUrl":"https:\/\/images.pexels.com\/photos\/16791444\/pexels-photo-16791444.jpeg?auto=compress&cs=tinysrgb&fit=crop&h=627&w=1200"},{"@type":"WebSite","@id":"https:\/\/starstory.fr\/blog\/#website","url":"https:\/\/starstory.fr\/blog\/","name":"StarStory","description":"StarStory, les \u00e9toiles racontent leur histoire","publisher":{"@id":"https:\/\/starstory.fr\/blog\/#organization"},"alternateName":"StarStory, les \u00e9toiles racontent leur histoire","potentialAction":[{"@type":"SearchAction","target":{"@type":"EntryPoint","urlTemplate":"https:\/\/starstory.fr\/blog\/?s={search_term_string}"},"query-input":{"@type":"PropertyValueSpecification","valueRequired":true,"valueName":"search_term_string"}}],"inLanguage":"fr-FR"},{"@type":"Organization","@id":"https:\/\/starstory.fr\/blog\/#organization","name":"StarStory","alternateName":"StarStory.fr","url":"https:\/\/starstory.fr\/blog\/","logo":{"@type":"ImageObject","inLanguage":"fr-FR","@id":"https:\/\/starstory.fr\/blog\/#\/schema\/logo\/image\/","url":"https:\/\/starstory.fr\/blog\/wp-content\/uploads\/2024\/12\/38.png","contentUrl":"https:\/\/starstory.fr\/blog\/wp-content\/uploads\/2024\/12\/38.png","width":500,"height":500,"caption":"StarStory"},"image":{"@id":"https:\/\/starstory.fr\/blog\/#\/schema\/logo\/image\/"}},{"@type":"Person","@id":"https:\/\/starstory.fr\/blog\/#\/schema\/person\/2cb6361ad79e679e2b744281310c1e3b","name":"Sophie Moreau","image":{"@type":"ImageObject","inLanguage":"fr-FR","@id":"https:\/\/starstory.fr\/blog\/#\/schema\/person\/image\/","url":"https:\/\/secure.gravatar.com\/avatar\/?s=96&d=mm&r=g","contentUrl":"https:\/\/secure.gravatar.com\/avatar\/?s=96&d=mm&r=g","caption":"Sophie Moreau"},"description":"Sophie partage des articles sur les stars musicales de chaque d\u00e9cennie et leur impact sur la sc\u00e8ne fran\u00e7aise et internationale.","url":"https:\/\/starstory.fr\/blog\/auteur\/sophie-moreau\/","jobTitle":"Contributrice maison & d\u00e9co","email":"sophie.moreau@starstory.fr"}]}},"_links":{"self":[{"href":"https:\/\/starstory.fr\/blog\/wp-json\/wp\/v2\/posts\/8013","targetHints":{"allow":["GET"]}}],"collection":[{"href":"https:\/\/starstory.fr\/blog\/wp-json\/wp\/v2\/posts"}],"about":[{"href":"https:\/\/starstory.fr\/blog\/wp-json\/wp\/v2\/types\/post"}],"author":[{"embeddable":true,"href":"https:\/\/starstory.fr\/blog\/wp-json\/wp\/v2\/users\/41"}],"replies":[{"embeddable":true,"href":"https:\/\/starstory.fr\/blog\/wp-json\/wp\/v2\/comments?post=8013"}],"version-history":[{"count":0,"href":"https:\/\/starstory.fr\/blog\/wp-json\/wp\/v2\/posts\/8013\/revisions"}],"wp:attachment":[{"href":"https:\/\/starstory.fr\/blog\/wp-json\/wp\/v2\/media?parent=8013"}],"wp:term":[{"taxonomy":"category","embeddable":true,"href":"https:\/\/starstory.fr\/blog\/wp-json\/wp\/v2\/categories?post=8013"},{"taxonomy":"post_tag","embeddable":true,"href":"https:\/\/starstory.fr\/blog\/wp-json\/wp\/v2\/tags?post=8013"}],"curies":[{"name":"wp","href":"https:\/\/api.w.org\/{rel}","templated":true}]}}